{"id":284378,"date":"2022-07-01T05:40:52","date_gmt":"2022-07-01T03:40:52","guid":{"rendered":"https:\/\/www.radiopiu.net\/wordpress\/?p=284378"},"modified":"2022-07-01T07:40:34","modified_gmt":"2022-07-01T05:40:34","slug":"giornale-radiopiu-01-luglio-2022-direttore-mirko-mezzacasa","status":"publish","type":"post","link":"https:\/\/www.radiopiu.net\/wordpress\/giornale-radiopiu-01-luglio-2022-direttore-mirko-mezzacasa\/","title":{"rendered":"GIORNALE RADIOPIU 01 LUGLIO 2022 DIRETTORE MIRKO MEZZACASA"},"content":{"rendered":"<h3 class=\"kvgmc6g5 cxmmr5t8 oygrvhab hcukyx3x c1et5uql\"><span style=\"color: #0000ff;\"><strong>RADIO PIU INFORMAZIONE il canale su TELEGRAM informazione di prima\u00a0 <\/strong><\/span><span style=\"color: #0000ff;\"><strong>mano e in tempo reale. iscriviti ed aiutaci a farlo conoscere\u00a0<\/strong><\/span><\/h3>\n<p>&nbsp;<\/p>\n<hr \/>\n<p>&nbsp;<\/p>\n<blockquote>\n<h2>I GIORNI DEL SILENZIO, L&#8217;ULTIMO SALUTO E GLI ANEDDOTI<\/h2>\n<\/blockquote>\n<p><strong>AGORDO CITTA&#8217; IN LUTTO<\/strong><\/p>\n<p><strong>di GIANNI SANTOMASO\u00a0<\/strong><\/p>\n<audio class=\"wp-audio-shortcode\" id=\"audio-284378-1\" preload=\"none\" style=\"width: 100%;\" controls=\"controls\"><source type=\"audio\/mpeg\" src=\"https:\/\/www.radiopiu.net\/wordpress\/wp-content\/uploads\/2022\/07\/gianni-agordo-in-lutto.mp3?_=1\" \/><a href=\"https:\/\/www.radiopiu.net\/wordpress\/wp-content\/uploads\/2022\/07\/gianni-agordo-in-lutto.mp3\">https:\/\/www.radiopiu.net\/wordpress\/wp-content\/uploads\/2022\/07\/gianni-agordo-in-lutto.mp3<\/a><\/audio>\n\n\t\t\t<style type='text\/css'>\n\t\t\t\t#gallery-1 {\n\t\t\t\t\tmargin: auto;\n\t\t\t\t}\n\t\t\t\t#gallery-1 .gallery-item {\n\t\t\t\t\tfloat: left;\n\t\t\t\t\tmargin-top: 10px;\n\t\t\t\t\ttext-align: center;\n\t\t\t\t\twidth: 50%;\n\t\t\t\t}\n\t\t\t\t#gallery-1 img {\n\t\t\t\t\tborder: 2px solid #cfcfcf;\n\t\t\t\t}\n\t\t\t\t#gallery-1 .gallery-caption {\n\t\t\t\t\tmargin-left: 0;\n\t\t\t\t}\n\t\t\t\t\/* see gallery_shortcode() in wp-includes\/media.php *\/\n\t\t\t<\/style>\n\t\t<div id='gallery-1' class='dt-gallery-container gallery galleryid-284378 gallery-columns-2 gallery-size-thumbnail'><dl class='gallery-item'>\n\t\t\t\t<dt class='gallery-icon landscape'>\n\t\t\t\t\t<a class=\"rollover rollover-zoom dt-pswp-item\" title=\"73d533df-b032-4720-99a6-bf2088643af1\" data-dt-img-description=\"\" data-large_image_width=\"1599\" data-large_image_height=\"1200\"href='https:\/\/www.radiopiu.net\/wordpress\/wp-content\/uploads\/2022\/07\/73d533df-b032-4720-99a6-bf2088643af1.jpg'><img loading=\"lazy\" decoding=\"async\" width=\"150\" height=\"150\" src=\"https:\/\/www.radiopiu.net\/wordpress\/wp-content\/uploads\/2022\/07\/73d533df-b032-4720-99a6-bf2088643af1-150x150.jpg\" class=\"attachment-thumbnail size-thumbnail\" alt=\"\" \/><\/a>\n\t\t\t\t<\/dt><\/dl><dl class='gallery-item'>\n\t\t\t\t<dt class='gallery-icon landscape'>\n\t\t\t\t\t<a class=\"rollover rollover-zoom dt-pswp-item\" title=\"16e50dfd-bd0c-42a3-92b2-ebc1a8a05469\" data-dt-img-description=\"\" data-large_image_width=\"1599\" data-large_image_height=\"1200\"href='https:\/\/www.radiopiu.net\/wordpress\/wp-content\/uploads\/2022\/07\/16e50dfd-bd0c-42a3-92b2-ebc1a8a05469.jpg'><img loading=\"lazy\" decoding=\"async\" width=\"150\" height=\"150\" src=\"https:\/\/www.radiopiu.net\/wordpress\/wp-content\/uploads\/2022\/07\/16e50dfd-bd0c-42a3-92b2-ebc1a8a05469-150x150.jpg\" class=\"attachment-thumbnail size-thumbnail\" alt=\"\" \/><\/a>\n\t\t\t\t<\/dt><\/dl><br style=\"clear: both\" \/>\n\t\t\t<\/div>\n\n<blockquote>\n<h3><\/h3>\n<h3>GLI ANEDOTI CONDIVISI<\/h3>\n<\/blockquote>\n<audio class=\"wp-audio-shortcode\" id=\"audio-284378-2\" preload=\"none\" style=\"width: 100%;\" controls=\"controls\"><source type=\"audio\/mpeg\" src=\"https:\/\/www.radiopiu.net\/wordpress\/wp-content\/uploads\/2022\/07\/gianni-anedoti.mp3?_=2\" \/><a href=\"https:\/\/www.radiopiu.net\/wordpress\/wp-content\/uploads\/2022\/07\/gianni-anedoti.mp3\">https:\/\/www.radiopiu.net\/wordpress\/wp-content\/uploads\/2022\/07\/gianni-anedoti.mp3<\/a><\/audio>\n<p>&nbsp;<\/p>\n\n\t\t\t<style type='text\/css'>\n\t\t\t\t#gallery-2 {\n\t\t\t\t\tmargin: auto;\n\t\t\t\t}\n\t\t\t\t#gallery-2 .gallery-item {\n\t\t\t\t\tfloat: left;\n\t\t\t\t\tmargin-top: 10px;\n\t\t\t\t\ttext-align: center;\n\t\t\t\t\twidth: 33%;\n\t\t\t\t}\n\t\t\t\t#gallery-2 img {\n\t\t\t\t\tborder: 2px solid #cfcfcf;\n\t\t\t\t}\n\t\t\t\t#gallery-2 .gallery-caption {\n\t\t\t\t\tmargin-left: 0;\n\t\t\t\t}\n\t\t\t\t\/* see gallery_shortcode() in wp-includes\/media.php *\/\n\t\t\t<\/style>\n\t\t<div id='gallery-2' class='dt-gallery-container gallery galleryid-284378 gallery-columns-3 gallery-size-thumbnail'><dl class='gallery-item'>\n\t\t\t\t<dt class='gallery-icon landscape'>\n\t\t\t\t\t<a class=\"rollover rollover-zoom dt-pswp-item\" title=\"8b0a899b-d5c5-45f3-94b0-86390b06a934\" data-dt-img-description=\"\" data-large_image_width=\"2048\" data-large_image_height=\"1154\"href='https:\/\/www.radiopiu.net\/wordpress\/wp-content\/uploads\/2022\/06\/8b0a899b-d5c5-45f3-94b0-86390b06a934.jpg'><img loading=\"lazy\" decoding=\"async\" width=\"150\" height=\"150\" src=\"https:\/\/www.radiopiu.net\/wordpress\/wp-content\/uploads\/2022\/06\/8b0a899b-d5c5-45f3-94b0-86390b06a934-150x150.jpg\" class=\"attachment-thumbnail size-thumbnail\" alt=\"\" aria-describedby=\"gallery-2-284579\" \/><\/a>\n\t\t\t\t<\/dt>\n\t\t\t\t\t<dd class='wp-caption-text gallery-caption' id='gallery-2-284579'>\n\t\t\t\t\tRICCARDO FONTANIVE e  ROBERTO CENTELEGHE\n\t\t\t\t\t<\/dd><\/dl><dl class='gallery-item'>\n\t\t\t\t<dt class='gallery-icon landscape'>\n\t\t\t\t\t<a class=\"rollover rollover-zoom dt-pswp-item\" title=\"0c0bc442-e4d4-4a89-89b3-b755e0dccade\" data-dt-img-description=\"\" data-large_image_width=\"1600\" data-large_image_height=\"901\"href='https:\/\/www.radiopiu.net\/wordpress\/wp-content\/uploads\/2022\/06\/0c0bc442-e4d4-4a89-89b3-b755e0dccade.jpg'><img loading=\"lazy\" decoding=\"async\" width=\"150\" height=\"150\" src=\"https:\/\/www.radiopiu.net\/wordpress\/wp-content\/uploads\/2022\/06\/0c0bc442-e4d4-4a89-89b3-b755e0dccade-150x150.jpg\" class=\"attachment-thumbnail size-thumbnail\" alt=\"\" aria-describedby=\"gallery-2-284581\" \/><\/a>\n\t\t\t\t<\/dt>\n\t\t\t\t\t<dd class='wp-caption-text gallery-caption' id='gallery-2-284581'>\n\t\t\t\t\tMarina Miana \n\t\t\t\t\t<\/dd><\/dl><dl class='gallery-item'>\n\t\t\t\t<dt class='gallery-icon landscape'>\n\t\t\t\t\t<a class=\"rollover rollover-zoom dt-pswp-item\" title=\"3119b56c-a833-4c68-81c4-26e72a1d6b8e\" data-dt-img-description=\"\" data-large_image_width=\"1600\" data-large_image_height=\"901\"href='https:\/\/www.radiopiu.net\/wordpress\/wp-content\/uploads\/2022\/06\/3119b56c-a833-4c68-81c4-26e72a1d6b8e.jpg'><img loading=\"lazy\" decoding=\"async\" width=\"150\" height=\"150\" src=\"https:\/\/www.radiopiu.net\/wordpress\/wp-content\/uploads\/2022\/06\/3119b56c-a833-4c68-81c4-26e72a1d6b8e-150x150.jpg\" class=\"attachment-thumbnail size-thumbnail\" alt=\"\" aria-describedby=\"gallery-2-284580\" \/><\/a>\n\t\t\t\t<\/dt>\n\t\t\t\t\t<dd class='wp-caption-text gallery-caption' id='gallery-2-284580'>\n\t\t\t\t\toperai che raccontano della gita a Firenze dei primi annin70\n\t\t\t\t\t<\/dd><\/dl><br style=\"clear: both\" \/>\n\t\t\t<\/div>\n\n<blockquote><p><a class=\"dt-pswp-item\" href=\"https:\/\/www.radiopiu.net\/wordpress\/wp-content\/uploads\/2022\/06\/492352b0-eff5-4cdc-8d4a-665c921b8476.jpg\" data-dt-img-description=\"VALERIO TRENTO\" data-large_image_width=\"1600\" data-large_image_height=\"901\"><img loading=\"lazy\" decoding=\"async\" class=\"alignleft wp-image-284578\" src=\"https:\/\/www.radiopiu.net\/wordpress\/wp-content\/uploads\/2022\/06\/492352b0-eff5-4cdc-8d4a-665c921b8476-150x150.jpg\" alt=\"\" width=\"96\" height=\"96\" \/><\/a><\/p>\n<h3>L&#8217;IMPRENDITORE VALERIO TRENTO<\/h3>\n<\/blockquote>\n<audio class=\"wp-audio-shortcode\" id=\"audio-284378-3\" preload=\"none\" style=\"width: 100%;\" controls=\"controls\"><source type=\"audio\/mpeg\" src=\"https:\/\/www.radiopiu.net\/wordpress\/wp-content\/uploads\/2022\/07\/gianni-trento.mp3?_=3\" \/><a href=\"https:\/\/www.radiopiu.net\/wordpress\/wp-content\/uploads\/2022\/07\/gianni-trento.mp3\">https:\/\/www.radiopiu.net\/wordpress\/wp-content\/uploads\/2022\/07\/gianni-trento.mp3<\/a><\/audio>\n<p>&nbsp;<\/p>\n<p>&nbsp;<\/p>\n<hr \/>\n<p>&nbsp;<\/p>\n<blockquote>\n<h3>GLI INTERVENTI DEI FAMIGLIARI DI LEONARDO DEL VECCHIO PRIMA DEL FUNERALE E LE ULTIME PAROLE DEL CAVALIERE AL FIGLIO CLAUDIO<\/h3>\n<\/blockquote>\n<p><strong><a class=\"dt-pswp-item\" href=\"https:\/\/www.radiopiu.net\/wordpress\/wp-content\/uploads\/2022\/06\/Schermata-2022-06-30-alle-15.33.46.png\" data-dt-img-description=\"\" data-large_image_width=\"1012\" data-large_image_height=\"590\"><img loading=\"lazy\" decoding=\"async\" class=\"size-thumbnail wp-image-284461 alignleft\" src=\"https:\/\/www.radiopiu.net\/wordpress\/wp-content\/uploads\/2022\/06\/Schermata-2022-06-30-alle-15.33.46-150x150.png\" alt=\"\" width=\"150\" height=\"150\" \/><\/a>REDAZIONE<\/strong> Tra i momenti pi\u00f9 toccanti del funerale di Leonardo Del Vecchio sicuramente le parole dei famigliari che hanno preso parola prima del rito funebre.<\/p>\n<p>&nbsp;<\/p>\n<p>&nbsp;<\/p>\n<p>&nbsp;<\/p>\n<p><strong>NICOLETTA ZAMPILLO, MOGLIE DI LEONARDO DEL VECCHIO<\/strong><\/p>\n<audio class=\"wp-audio-shortcode\" id=\"audio-284378-4\" preload=\"none\" style=\"width: 100%;\" controls=\"controls\"><source type=\"audio\/mpeg\" src=\"https:\/\/www.radiopiu.net\/wordpress\/wp-content\/uploads\/2022\/06\/NICOLETTA-ZAMPILLO-MOGLIE-DEL-VECCHIO.mp3?_=4\" \/><a href=\"https:\/\/www.radiopiu.net\/wordpress\/wp-content\/uploads\/2022\/06\/NICOLETTA-ZAMPILLO-MOGLIE-DEL-VECCHIO.mp3\">https:\/\/www.radiopiu.net\/wordpress\/wp-content\/uploads\/2022\/06\/NICOLETTA-ZAMPILLO-MOGLIE-DEL-VECCHIO.mp3<\/a><\/audio>\n<p>&nbsp;<\/p>\n<p><strong>CLAUDIO DEL VECCHIO<\/strong><\/p>\n<audio class=\"wp-audio-shortcode\" id=\"audio-284378-5\" preload=\"none\" style=\"width: 100%;\" controls=\"controls\"><source type=\"audio\/mpeg\" src=\"https:\/\/www.radiopiu.net\/wordpress\/wp-content\/uploads\/2022\/06\/CLAUDIO-DEL-VECCHIO.mp3?_=5\" \/><a href=\"https:\/\/www.radiopiu.net\/wordpress\/wp-content\/uploads\/2022\/06\/CLAUDIO-DEL-VECCHIO.mp3\">https:\/\/www.radiopiu.net\/wordpress\/wp-content\/uploads\/2022\/06\/CLAUDIO-DEL-VECCHIO.mp3<\/a><\/audio>\n<p>&nbsp;<\/p>\n<p><strong>ROCCO BASILICO, FIGLIO DI NICOLETTA ZAMPILLO<\/strong><\/p>\n<audio class=\"wp-audio-shortcode\" id=\"audio-284378-6\" preload=\"none\" style=\"width: 100%;\" controls=\"controls\"><source type=\"audio\/mpeg\" src=\"https:\/\/www.radiopiu.net\/wordpress\/wp-content\/uploads\/2022\/06\/ROCCO-BASILICO.mp3?_=6\" \/><a href=\"https:\/\/www.radiopiu.net\/wordpress\/wp-content\/uploads\/2022\/06\/ROCCO-BASILICO.mp3\">https:\/\/www.radiopiu.net\/wordpress\/wp-content\/uploads\/2022\/06\/ROCCO-BASILICO.mp3<\/a><\/audio>\n<p>&nbsp;<\/p>\n<p><strong>CLEMENTE DEL VECCHIO<\/strong><\/p>\n<audio class=\"wp-audio-shortcode\" id=\"audio-284378-7\" preload=\"none\" style=\"width: 100%;\" controls=\"controls\"><source type=\"audio\/mpeg\" src=\"https:\/\/www.radiopiu.net\/wordpress\/wp-content\/uploads\/2022\/06\/CLEMENTE-DEL-VECCHIO.mp3?_=7\" \/><a href=\"https:\/\/www.radiopiu.net\/wordpress\/wp-content\/uploads\/2022\/06\/CLEMENTE-DEL-VECCHIO.mp3\">https:\/\/www.radiopiu.net\/wordpress\/wp-content\/uploads\/2022\/06\/CLEMENTE-DEL-VECCHIO.mp3<\/a><\/audio>\n<p>&nbsp;<\/p>\n<p><strong>LEONARDO MARIA DEL VECCHIO<\/strong><\/p>\n<audio class=\"wp-audio-shortcode\" id=\"audio-284378-8\" preload=\"none\" style=\"width: 100%;\" controls=\"controls\"><source type=\"audio\/mpeg\" src=\"https:\/\/www.radiopiu.net\/wordpress\/wp-content\/uploads\/2022\/06\/LEONARDO-MARIA-DEL-VECCHIO.mp3?_=8\" \/><a href=\"https:\/\/www.radiopiu.net\/wordpress\/wp-content\/uploads\/2022\/06\/LEONARDO-MARIA-DEL-VECCHIO.mp3\">https:\/\/www.radiopiu.net\/wordpress\/wp-content\/uploads\/2022\/06\/LEONARDO-MARIA-DEL-VECCHIO.mp3<\/a><\/audio>\n<p>&nbsp;<\/p>\n<hr \/>\n<p>&nbsp;<\/p>\n<p><strong>I FUNERALI IN DIRETTA PARTE 1<\/strong><\/p>\n<p>https:\/\/www.facebook.com\/marco.baghy.1\/videos\/387102713271699<\/p>\n<p><strong>I FUNERALI IN DIRETTA PARTE 2\u00a0<\/strong><\/p>\n<p>https:\/\/www.facebook.com\/marco.baghy.1\/videos\/1842738589450978<\/p>\n<p>&nbsp;<\/p>\n<p>&nbsp;<\/p>\n<hr \/>\n<p>&nbsp;<\/p>\n<blockquote>\n<h3>LA LETTERA A LEONARDO DEL VECCHIO DEL VICEPRESIDENTE DELL&#8217;UNIONE MONTANA AGORDINA PAOLO FRENA<\/h3>\n<\/blockquote>\n<p><strong><a class=\"dt-pswp-item\" href=\"https:\/\/www.radiopiu.net\/wordpress\/wp-content\/uploads\/2022\/06\/3e4170bd-d6f8-4d0b-98f3-68cc496b3503.jpg\" data-dt-img-description=\"\" data-large_image_width=\"2048\" data-large_image_height=\"1536\"><img loading=\"lazy\" decoding=\"async\" class=\"size-thumbnail wp-image-284384 alignleft\" src=\"https:\/\/www.radiopiu.net\/wordpress\/wp-content\/uploads\/2022\/06\/3e4170bd-d6f8-4d0b-98f3-68cc496b3503-150x150.jpg\" alt=\"\" width=\"150\" height=\"150\" \/><\/a>REDAZIONE<\/strong> Riceviamo e pubblichiamo una lettera scritta da Paolo Frena, vicepresidente dell&#8217;Unione Montana Agordina.<\/p>\n<blockquote><p><strong>LA LETTERA<\/strong><\/p>\n<p>In veste di Vice Presidente dell\u2019UMA e a nome di tutte le Amministrazioni Comunali del territorio agordino, esprimo le pi\u00f9 sentite condoglianze alla famiglia, ai tanti amici e collaboratori e anche alla comunit\u00e0 delle maestranze particolarmente legati ed affezionati al Cavaliere Leonardo Del vecchio. Questa improvvisa scomparsa, come da molti evidenziato, lascia in tutti noi tristezza e sgomento e inoltre tanta comprensibile ed umana preoccupazione. Tristezza e sgomento, in quanto \u00e8 la notizia alla quale tutti noi eravamo impreparati o meglio ancora, \u00e8 la notizia che speravamo di sentire pi\u00f9 in l\u00e0 nel tempo possibile. Preoccupazione inoltre, per gli effetti che provocher\u00e0 questa dipartita, per il colosso EssilorLuxottica e in particolare per le entit\u00e0 produttive del territorio Agordino. Territorio Agordino dove Leonardo Del Vecchio \u00e8 giunto tanti anni fa in punta di piedi, con una piccola borsa carica di sogni e soprattutto tanto coraggio, lungimiranza e voglia di affermazione. Territorio Agordino che ha: <strong>rappresentato con capacita e passione<\/strong>, avendo assunto anche incarichi presso il Comune di Agordo e presso l\u2019allora Comunit\u00e0 Montana Agordina<strong>; <\/strong><strong>saputo valorizzare<\/strong>, in uno degli aspetti pi\u00f9 intrinsechi\u00a0\u00a0 e caratterizzanti, cio\u00e8 il proverbiale \u00a0legame con il territorio di coloro che lo abitano stabilmente; <strong>saputo difendere<\/strong>, dalla sua autorevole posizione, senza esitazione di sorta, anche quando emergevano oggettive difficolt\u00e0 logistiche ed organizzative per la sua azienda; ma soprattutto un territorio che ha <strong>saputo amare<\/strong> profondamente unitamente alla sua gente. La partecipazione, cos\u00ec composta e numerosa, prima in piazza per accogliere il feretro, poi alla camera ardente ed infine alle esequie, \u00e8 la dimostrazione tangibile del grande senso di gratitudine che prevale nei nostri sentimenti e inoltre uno spontaneo e doveroso riconoscimento di quanto Il Cav. Leonardo del Vecchio, ha amorevolmente fatto per questa terra, in silenzio e con tanta discrezione e che ha infine voluto onorarci della sua presenza per un commosso e \u00a0difficile ultimo saluto. Un ringraziamento accorato al Cav. Leonardo Del Vecchio anche da parte delle Amministrazioni Comunali di questo territorio, che da oggi si sentono pi\u00f9 povere e disorientate. Un Grazie per quanto amorevolmente elargito in questi anni, per sostenere iniziative nei settori pi\u00f9 disparati della pubblica amministrazione, con lo scopo di aiutare noi amministratori a garantire servizi sempre pi\u00f9 di qualit\u00e0, e contrastare concretamente lo spopolamento delle nostre comunit\u00e0. Ora alzando gli occhi e guardando avanti, siamo certi che avr\u00e0 pensato con lungimiranza anche al futuro di questa sua creatura. A chi spetter\u00e0 il difficile compito di successore, unitamente ai rispettivi collaboratori, avr\u00e0 certamente lasciato in eredit\u00e0, questo prezioso patrimonio di valori di attaccamento al territorio e alla sua gente, che sono alla base del successo di questo colosso industriale.<\/p>\n<p>Vicepresidente UMA<\/p>\n<p>Paolo Frena<\/p><\/blockquote>\n<p>&nbsp;<\/p>\n<p>&nbsp;<\/p>\n<hr \/>\n<p>&nbsp;<\/p>\n<blockquote>\n<h3>LEONARDO DEL VECCHIO: IL RICORDO DI ROMANO BORTOLINI<\/h3>\n<\/blockquote>\n<p><strong><a class=\"dt-pswp-item\" href=\"https:\/\/www.radiopiu.net\/wordpress\/wp-content\/uploads\/2022\/06\/DSCF1001.jpg\" data-dt-img-description=\"\" data-large_image_width=\"1280\" data-large_image_height=\"960\"><img loading=\"lazy\" decoding=\"async\" class=\"size-thumbnail wp-image-283933 alignleft\" src=\"https:\/\/www.radiopiu.net\/wordpress\/wp-content\/uploads\/2022\/06\/DSCF1001-150x150.jpg\" alt=\"\" width=\"150\" height=\"150\" \/><\/a>AGORDO<\/strong><\/p>\n<p>di Gianni Santomaso<\/p>\n<audio class=\"wp-audio-shortcode\" id=\"audio-284378-9\" preload=\"none\" style=\"width: 100%;\" controls=\"controls\"><source type=\"audio\/mpeg\" src=\"https:\/\/www.radiopiu.net\/wordpress\/wp-content\/uploads\/2022\/06\/GIANNI-IL-RICORDO-DI-ROMANO-BORTOLINI.mp3?_=9\" \/><a href=\"https:\/\/www.radiopiu.net\/wordpress\/wp-content\/uploads\/2022\/06\/GIANNI-IL-RICORDO-DI-ROMANO-BORTOLINI.mp3\">https:\/\/www.radiopiu.net\/wordpress\/wp-content\/uploads\/2022\/06\/GIANNI-IL-RICORDO-DI-ROMANO-BORTOLINI.mp3<\/a><\/audio>\n<p>&nbsp;<\/p>\n<hr \/>\n<p>&nbsp;<\/p>\n<blockquote>\n<h3>ANNULLATE LE ASSEMBLEE FILCTEM CGIL IN VISTA DELLE ELEZIONI RSU NEGLI STABILIMENTI LUXOTTICA<\/h3>\n<\/blockquote>\n<p><strong>AGORDO<\/strong> I delegati Filctem Cgil della Luxottica di Agordo e la Filctem di Belluno, in un momento tanto doloroso che ha colpito l&#8217;insieme dell&#8217;azienda e l&#8217;intera comunita\u0300 bellunese, nel rispetto del silenzio che tutto questo merita, comunicano di rinunciare all\u2019assemblea di organizzazione nonostante le elezioni per il rinnovo della Rsu fissate per il 5\/6\/7 luglio prossimi. Cio\u0300 in coerenza con la stessa scelta dell&#8217;azienda di proseguire con tutte le attivita\u0300 in omaggio alla storia, alla memoria e all&#8217;impegno del proprio fondatore.<\/p>\n<p>&nbsp;<\/p>\n<p>&nbsp;<\/p>\n<hr \/>\n<p>&nbsp;<\/p>\n<blockquote>\n<h3>IL SALUTO DEL CENTRO ESTIVO DI AGORDO AL CAVALIER LEONARDO DEL VECCHIO<\/h3>\n<\/blockquote>\n<p><strong>REDAZIONE<\/strong> Anche il Centro Estivo di Agordo ha voluto rendere omaggio a Leonardo Del Vecchio e lo ha fatto con un video dove i bambini hanno voluto dare l&#8217;ultimo saluto al Cavaliere.<\/p>\n<div style=\"width: 848px;\" class=\"wp-video\"><video class=\"wp-video-shortcode\" id=\"video-284378-1\" width=\"848\" height=\"480\" preload=\"metadata\" controls=\"controls\"><source type=\"video\/mp4\" src=\"https:\/\/www.radiopiu.net\/wordpress\/wp-content\/uploads\/2022\/06\/WhatsApp-Video-2022-06-30-at-14.30.40.mp4?_=1\" \/><a href=\"https:\/\/www.radiopiu.net\/wordpress\/wp-content\/uploads\/2022\/06\/WhatsApp-Video-2022-06-30-at-14.30.40.mp4\">https:\/\/www.radiopiu.net\/wordpress\/wp-content\/uploads\/2022\/06\/WhatsApp-Video-2022-06-30-at-14.30.40.mp4<\/a><\/video><\/div>\n<p>&nbsp;<\/p>\n<hr \/>\n<p>&nbsp;<\/p>\n<blockquote>\n<h3>VENTENNE ARRESTATO A CONEGLIANO, IL BELLUNESE AI DOMICILIARI<\/h3>\n<\/blockquote>\n<p><strong>OGGI SUL CORRIERE DELLE ALPI<\/strong><\/p>\n<p><strong>DI GIGI SOSSO<\/strong><\/p>\n<p><strong><img loading=\"lazy\" decoding=\"async\" class=\"alignleft\" src=\"https:\/\/www.radiopiu.net\/wordpress\/wp-content\/uploads\/2021\/10\/d114a40e-bd5d-4ed4-969a-c1cfff9b1497.jpg\" width=\"188\" height=\"141\" \/>BELLUNO<\/strong> Rapina in trasferta, a Conegliano: arrestato a Belluno. G. C. 20 anni, originario dell&#8217;Albania, ma da tempo residente in citt\u00e0 con la famiglia \u00e8 ristretto da un paio di giorni agli arresti domiciliari, in esecuzione di un&#8217;ordinanza di custodia cautelare, emessa dal giudice per le indagini preliminari di Treviso. Dovevano essere i carabinieri coneglianesi a eseguirla, in realt\u00e0 \u00e8 toccato ai colleghi di montagna. L&#8217;indagato, per l&#8217;ipotesi di reato di rapina impropria, non \u00e8 passato n\u00e9 per il carcere trevigiano di Santa Bona n\u00e9 per quello cittadino di Baldenich. \u00c8 stato portato direttamente a casa e da l\u00ec non potr\u00e0 muoversi n\u00e9 comunicare con l&#8217;esterno, salvo autorizzazioni da parte della magistratura.. ei giorni scorsi il giovane si trovava a Conegliano ed \u00e8 in quella citt\u00e0 che ha deciso di rapinare un passante, privandolo dei valori che aveva con s\u00e9, probabilmente con l&#8217;aiuto di un complice. Un furto con strappo, prima della fuga, del quale non \u00e8 stato quantificato con precisione il bottino.<\/p>\n<p>&nbsp;<\/p>\n<hr \/>\n<p>&nbsp;<\/p>\n<blockquote>\n<h3>LA ULSS1 HA LICENZIATO IL DOTTOR LUCA FAVERO<\/h3>\n<\/blockquote>\n<p><img loading=\"lazy\" decoding=\"async\" class=\"alignleft\" src=\"https:\/\/www.radiopiu.net\/wordpress\/wp-content\/uploads\/2022\/06\/FAVERO-1.jpg\" width=\"116\" height=\"138\" \/><strong>LIVINALLONGO<\/strong> La storia \u00e8 nota e pi\u00f9 volte ricordata, il dottor Luca Favero non si era vaccinato entro i termini previsti dalla norma, ma poi aveva cambiato idea. Quindi\u00a0 le sospensioni dall&#8217;Ordine dei medici e dal servizio di medicina convenzionata nell&#8217;Agordino, provvedimenti che il medico non ha per\u00f2 rispettato continuando a volgere la propria professione.\u00a0 L&#8217;Ulss 1 Dolomiti ha deciso infatti di licenziare il medico di famiglia Luca Favero. Il professionista opera nell&#8217;ambito dei Comuni di Alleghe, Colle Santa Lucia, Livinallongo del Col di Lana, Rocca Pietore, Selva di Cadore, Canale d&#8217;Agordo, Cencenighe Agordino, Falcade, San Tomaso Agordino e Vallada Agordina. <em>\u00abVista la sospensione\u00bb, dicono dall&#8217;Ulss, \u00abil medico non era abilitato a svolgere mansioni che implicassero contatti interpersonali o che comportassero il rischio di diffusione del contagio da Covid, precludendo di fatto lo svolgimento del suo lavoro\u00bb.Di fronte a questo comportamento, l&#8217;azienda sanitaria bellunese ha aperto un procedimento disciplinare nei confronti del medico che ha portato al suo licenziamento.<\/em><\/p>\n<p>&nbsp;<\/p>\n<hr \/>\n<blockquote>\n<h3><\/h3>\n<h3>CAMBIO MEDICO IN VALLE DEL BIOIS E VAL CORDEVOLE<\/h3>\n<\/blockquote>\n<p><strong><a class=\"dt-pswp-item\" href=\"https:\/\/www.radiopiu.net\/wordpress\/wp-content\/uploads\/2021\/06\/MEDICO.jpg\" data-dt-img-description=\"\" data-large_image_width=\"1920\" data-large_image_height=\"1440\"><img loading=\"lazy\" decoding=\"async\" class=\"size-thumbnail wp-image-216887 alignleft\" src=\"https:\/\/www.radiopiu.net\/wordpress\/wp-content\/uploads\/2021\/06\/MEDICO-150x150.jpg\" alt=\"\" width=\"150\" height=\"150\" \/><\/a>BELLUNO<\/strong> Da oggi cesser\u00e0 il servizio come Medico di Medicina Generale il dottor Luca Favero, operante nell\u2019ambito dei Comuni di Alleghe, Colle Santa Lucia, Livinallongo del Col di Lana, Rocca Pietore, Selva di Cadore, Canale d\u2019Agordo, Cencenighe Agordino, Falcade, San Tomaso Agordino e Vallada Agordina. In sostituzione del dr. Favero, dal 15 Luglio 2022, verr\u00e0 inserita nell\u2019ambito territoriale la dr.ssa Arcangioli Letizia a cui saranno assegnati d\u2019ufficio gli assistiti. Non sar\u00e0 pertanto necessario recarsi presso gli sportelli anagrafe della ULSS per effettuare la scelta del nuovo medico. Dal 1\u00b0 al 14 Luglio p.v. saranno disponibili a garantire l\u2019assistenza ai pazienti del dr. Favero, presso i propri ambulatori, i medici operanti nell\u2019ambito territoriale in questione: Dr. Barone Paolo &#8211; 331 2409870, Dr. Magra Giovanni &#8211; 368 3278142, Dr. Allegro Claudio &#8211; 338 3312357, Dr.ssa Semenzato Camilla &#8211; 379 1091502. Per eventuali informazioni, \u00e8 possibile contattare gli uffici Anagrafe Sanitaria di Belluno al numero 0437 516757 dal luned\u00ec al venerd\u00ec dalle ore 12.00 alle ore 13.00.<\/p>\n<p>&nbsp;<\/p>\n<p>&nbsp;<\/p>\n<p>&nbsp;<\/p>\n<hr \/>\n<blockquote>\n<h3><\/h3>\n<h3>MALORE AL RIFUGIO FANES<\/h3>\n<\/blockquote>\n<p><strong><a class=\"dt-pswp-item\" href=\"https:\/\/www.radiopiu.net\/wordpress\/wp-content\/uploads\/2022\/04\/soccorso-alpino-1024x602-1.jpg\" data-dt-img-description=\"\" data-large_image_width=\"1024\" data-large_image_height=\"602\"><img loading=\"lazy\" decoding=\"async\" class=\" wp-image-270917 alignleft\" src=\"https:\/\/www.radiopiu.net\/wordpress\/wp-content\/uploads\/2022\/04\/soccorso-alpino-1024x602-1-150x150.jpg\" alt=\"\" width=\"56\" height=\"56\" \/><\/a>CORTINA<\/strong> Alle 11.50 circa di ieri una squadra del Soccorso alpino di Cortina \u00e8 stata attivata, per recarsi al Rifugio Fanes poich\u00e9 un&#8217;escursionista era stata colta da malore. La 48enne di San Vito di Cadore (BL) \u00e8 stata raggiunta in fuoristrada, caricata a bordo e trasportata fino al parcheggio, da dove si \u00e8 allontanata con i propri mezzi.<\/p>\n<p>&nbsp;<\/p>\n<p>&nbsp;<\/p>\n<hr \/>\n<p>&nbsp;<\/p>\n<blockquote>\n<h3>ESCURSIONISTA CADE E SI FA MALE NEI PRESSI DEL RIFUGIO NUVOLAU<\/h3>\n<\/blockquote>\n<p><strong>CORTINA<\/strong> Ieri attorno alle 14.45 l&#8217;elicottero del Suem di Pieve di Cadore \u00e8 stato inviato al Rifugio Nuvolau, su richiesta del gestore, in quanto era arrivata un&#8217;escursionista 80enne di Santa Cristina Valgardena (BZ), che non era pi\u00f9 in grado di camminare a seguito di una caduta e di forti dolori al torace. Atterrato in piazzola, una volta prestata prima assistenza alla donna, che aveva riportato una sospetta frattura alle costole, i soccorritori la hanno imbarcata e accompagnata all&#8217;ospedale di Belluno.<\/p>\n<p>&nbsp;<\/p>\n<p>&nbsp;<\/p>\n<hr \/>\n<p>&nbsp;<\/p>\n<blockquote>\n<h3>SCIVOLA SUL SENTIERO SOTTO IL RIFUGIO GIUSSANI<\/h3>\n<\/blockquote>\n<p><strong><a class=\"dt-pswp-item\" href=\"https:\/\/www.radiopiu.net\/wordpress\/wp-content\/uploads\/2018\/08\/soccorsoalpino.jpg\" data-dt-img-description=\"\" data-large_image_width=\"1200\" data-large_image_height=\"1200\"><img loading=\"lazy\" decoding=\"async\" class=\" wp-image-59164 alignleft\" src=\"https:\/\/www.radiopiu.net\/wordpress\/wp-content\/uploads\/2018\/08\/soccorsoalpino-150x150.jpg\" alt=\"\" width=\"107\" height=\"107\" srcset=\"https:\/\/www.radiopiu.net\/wordpress\/wp-content\/uploads\/2018\/08\/soccorsoalpino-150x150.jpg 150w, https:\/\/www.radiopiu.net\/wordpress\/wp-content\/uploads\/2018\/08\/soccorsoalpino-300x300.jpg 300w, https:\/\/www.radiopiu.net\/wordpress\/wp-content\/uploads\/2018\/08\/soccorsoalpino-768x768.jpg 768w, https:\/\/www.radiopiu.net\/wordpress\/wp-content\/uploads\/2018\/08\/soccorsoalpino-1024x1024.jpg 1024w, https:\/\/www.radiopiu.net\/wordpress\/wp-content\/uploads\/2018\/08\/soccorsoalpino.jpg 1200w\" sizes=\"auto, (max-width: 107px) 100vw, 107px\" \/><\/a>CORTINA<\/strong> Attorno alle 16 di ieri una squadra del Soccorso alpino della Guardia di finanza Cortina \u00e8 intervenuta lungo il sentiero numero 403, che porta al Rifugio Giussani, a seguito dell&#8217;infortunio di un&#8217;escursionista 38enne tedesca, scivolata poco sotto la struttura riportando un sospetto trauma alla caviglia. La donna, che era in compagnia e si trovava prima dei tornantini che scendono dall&#8217;edificio, \u00e8 stata raggiunta dai soccorritori, che l&#8217;hanno trasportata fino al fuoristrada e da l\u00ec al Rifugio Dibona, da dove si \u00e8 allontanata con i propri mezzi.<\/p>\n<p>&nbsp;<\/p>\n<p>&nbsp;<\/p>\n<hr \/>\n<p>&nbsp;<\/p>\n<blockquote>\n<h3>BRUTTE NOTIZIE PER LA PROVINCIA DI BELLUNO. UN BILANCIO CHE PIU&#8217; MAGRO NON SI PUO&#8217;<\/h3>\n<\/blockquote>\n<p><strong><a class=\"dt-pswp-item\" href=\"https:\/\/www.radiopiu.net\/wordpress\/wp-content\/uploads\/2020\/05\/PADRIN-1-scaled.jpg\" data-dt-img-description=\"\" data-large_image_width=\"2560\" data-large_image_height=\"1920\"><img loading=\"lazy\" decoding=\"async\" class=\"size-thumbnail wp-image-138417 alignleft\" src=\"https:\/\/www.radiopiu.net\/wordpress\/wp-content\/uploads\/2020\/05\/PADRIN-1-150x150.jpg\" alt=\"\" width=\"150\" height=\"150\" \/><\/a>BELLUNO<\/strong><\/p>\n<p>di Moreno Gioli<\/p>\n<audio class=\"wp-audio-shortcode\" id=\"audio-284378-10\" preload=\"none\" style=\"width: 100%;\" controls=\"controls\"><source type=\"audio\/mpeg\" src=\"https:\/\/www.radiopiu.net\/wordpress\/wp-content\/uploads\/2022\/06\/GIOLI-BRUTTE-NOTIZIE-PER-LA-PROVINCIA.mp3?_=10\" \/><a href=\"https:\/\/www.radiopiu.net\/wordpress\/wp-content\/uploads\/2022\/06\/GIOLI-BRUTTE-NOTIZIE-PER-LA-PROVINCIA.mp3\">https:\/\/www.radiopiu.net\/wordpress\/wp-content\/uploads\/2022\/06\/GIOLI-BRUTTE-NOTIZIE-PER-LA-PROVINCIA.mp3<\/a><\/audio>\n<p>&nbsp;<\/p>\n<hr \/>\n<p>&nbsp;<\/p>\n<blockquote>\n<h3 class=\"entry-title\">IN VENETO TEMPO INSTABILE, SOPRATTUTTO SULLE ZONE CENTRO SETTENTRIONALI<\/h3>\n<\/blockquote>\n<p><strong>VENEZIA\u00a0<\/strong>Il Centro Funzionale Decentrato della Protezione Civile della Regione del Veneto ha emesso un avviso in cui si prevede, nella giornata di oggi un rapido passaggio di un impulso perturbato sulla regione che porter\u00e0 ad una fase di instabilit\u00e0. Nello specifico, tra la tarda mattinata e la serata di oggi saranno possibili rovesci e temporali locali\/sparsi, un po\u2019 pi\u00f9 probabili sulle zone centro settentrionali. Non si escludono fenomeni localmente intensi (forti rovesci, grandinate, forti raffiche). <strong>Si prevede criticit\u00e0 idrogeologica, con particolare riferimento alla rete idraulica secondaria, stabilendo dalle 10.00 fino alle 21.00 di oggi, lo stato di Attenzione (allerta gialla)<\/strong><\/p>\n<p class=\"photoswipe-wrapper\"><a class=\"dt-pswp-item pspw-wrap-ready\" href=\"https:\/\/www.radiopiu.net\/wordpress\/wp-content\/uploads\/2022\/06\/Schermata-2022-06-30-alle-14.42.31.png\" data-dt-img-description=\"\" data-large_image_width=\"1294\" data-large_image_height=\"424\"><img loading=\"lazy\" decoding=\"async\" class=\"alignnone wp-image-284446 size-large\" src=\"https:\/\/www.radiopiu.net\/wordpress\/wp-content\/uploads\/2022\/06\/Schermata-2022-06-30-alle-14.42.31-1024x336.png\" sizes=\"auto, (max-width: 1024px) 100vw, 1024px\" srcset=\"https:\/\/www.radiopiu.net\/wordpress\/wp-content\/uploads\/2022\/06\/Schermata-2022-06-30-alle-14.42.31-1024x336.png 1024w, https:\/\/www.radiopiu.net\/wordpress\/wp-content\/uploads\/2022\/06\/Schermata-2022-06-30-alle-14.42.31-300x98.png 300w, https:\/\/www.radiopiu.net\/wordpress\/wp-content\/uploads\/2022\/06\/Schermata-2022-06-30-alle-14.42.31-768x252.png 768w, https:\/\/www.radiopiu.net\/wordpress\/wp-content\/uploads\/2022\/06\/Schermata-2022-06-30-alle-14.42.31.png 1294w\" alt=\"\" width=\"1024\" height=\"336\" \/><\/a><\/p>\n<p>&nbsp;<\/p>\n<p>Il possibile verificarsi di rovesci o temporali localmente anche intensi, potrebbe creare disagi al sistema fognario e di drenaggio urbano e lungo la rete idrografica minore. Si segnala la possibilit\u00e0 d\u2019innesco di fenomeni franosi superficiali sui versanti e la possibilit\u00e0 di innesco di colate rapide specie nelle zone di allertamento di Vene-A, Vene-H, Vene-B e Vene-C<\/p>\n<p>&nbsp;<\/p>\n<hr \/>\n<p>&nbsp;<\/p>\n<blockquote>\n<h3>IERI SERA IL CONSIGLIO COMUNALE DI AGORDO, VERSO UNA SOLUZIONE BONARIA PER L&#8217;ALLARGAMENTO DI VIA POLONI.<\/h3>\n<\/blockquote>\n<p><span style=\"color: #ff0000;\"><strong>LA DIRETTA\u00a0<\/strong><\/span><\/p>\n<p><a href=\"https:\/\/www.facebook.com\/marco.baghy.1\/videos\/720969692308855\">https:\/\/www.facebook.com\/marco.baghy.1\/videos\/720969692308855<\/a><\/p>\n<p>&nbsp;<\/p>\n<hr \/>\n<p>&nbsp;<\/p>\n<blockquote>\n<h3>QUATTORDICESIMA E BONUS BOLLETTE, NELLA PENSIONE DI LUGLIO QUASI 700 EURO IN PIU&#8217;<\/h3>\n<\/blockquote>\n<p><strong><a class=\"dt-pswp-item\" href=\"https:\/\/www.radiopiu.net\/wordpress\/wp-content\/uploads\/2020\/06\/vista-frontale-dei-soldi-della-holding-della-persona_23-2148547912.jpg\" data-dt-img-description=\"\" data-large_image_width=\"626\" data-large_image_height=\"469\"><img loading=\"lazy\" decoding=\"async\" class=\"size-thumbnail wp-image-146655 alignleft\" src=\"https:\/\/www.radiopiu.net\/wordpress\/wp-content\/uploads\/2020\/06\/vista-frontale-dei-soldi-della-holding-della-persona_23-2148547912-150x150.jpg\" alt=\"\" width=\"150\" height=\"150\" \/><\/a>BELLUNO <\/strong>Mentre l\u2019inflazione galoppa a ritmi da anni 80, per circa 11 mila ultra64enni bellunesi, quelli con assegni previdenziali inferiori ai 1.048,70 euro lordi mensili (due volte la \u201cminima\u201d), \u00e8 in arrivo a luglio una boccata d\u2019ossigeno che si traduce in una pensione pi\u00f9 ricca, grazie alla 14esima mensilit\u00e0 e al bonus bollette, riservato comunque al 93% degli anziani residenti in provincia. In media i pensionati pi\u00f9 poveri potranno godere di circa 700 euro in pi\u00f9, soldi per\u00f2 insufficienti per mantenere intatto il proprio potere d\u2019acquisto, minato da un caro vita a dir poco irrefrenabile. In tale contesto, lo studio del sindacato dei pensionati della Cgil di Belluno rileva anche le grandi differenze di reddito esistenti fra i diversi comuni del territorio che evidenziano la necessit\u00e0 di intervenire in modo pi\u00f9 radicale nelle zone pi\u00f9 povere. Clamoroso, sotto questo profilo, il divario fra il comune con le pensioni pi\u00f9 alte, Soverzane, dove l\u2019assegno previdenziale medio \u00e8 di 1.169,05 euro, e quello con le pensioni pi\u00f9 basse, Zopp\u00e8 di Cadore, 463,80 euro. Una differenza di 705,25 euro, in pratica una volta e mezzo la \u201cminima\u201d.\u00a0 Ma partiamo dall\u2019inizio. Lo studio dello Spi di Belluno ha preso in esame le pensioni del settore privato (non i pensionati i quali percepiscono mediamente 1,3 pensioni a testa), che sono circa 67.600 (quelle pubbliche sono 9.300) evidenziando come in provincia l\u2019assegno medio sia di 996,56 euro (il territorio pi\u00f9 povero del Veneto dopo Rovigo). Il divario di genere, come sempre, \u00e8 notevole: la pensione media degli uomini \u00e8 di 1.352,22 euro quella delle donne si ferma a 723,15 euro. Il gap maschio-femmina \u00e8 ancora pi\u00f9 rilevante prendendo in esame le pensioni inferiori ai 750 euro. In questa platea rientra la met\u00e0 delle pensioni bellunesi: 9.083 assegni previdenziali appannaggio degli uomini (il 27% del totale) e 25.439 delle donne (il 73%). Per quanto riguarda i comuni (vedi tabella) i divari sono come detto notevoli e dipendono ovviamente dalle caratteristiche economiche del territorio. \u201cDi solito dove si trovano industrie e dove \u00e8 prevalente il lavoro dipendente le pensioni sono pi\u00f9 alte &#8211; conferma Maria Rita Gentilin, segretaria generale dello Spi Cgil Belluno -. Dove invece sono prevalenti attivit\u00e0 pi\u00f9 legate all\u2019agricoltura o all\u2019artigianato o al commercio ci sono assegni pi\u00f9 alti figli di una discontinuit\u00e0 contributiva pi\u00f9 marcata\u201d. Il capoluogo in questa classifica si trova all\u2019ottavo posto con 1072,35 euro di pensione media lorda mensile. Ora la 14esima mensilit\u00e0 e il bonus 200 euro daranno una boccata d\u2019ossigeno soprattutto ai pensionati pi\u00f9 poveri anche se tutto ci\u00f2 non sar\u00e0 sufficiente. \u201cL\u2019inflazione sta dilapidando le risorse dei nostri anziani \u2013 prosegue Gentilin \u2013 per questo riteniamo insufficiente il bonus perch\u00e9 non \u00e8 una misura strutturale e riteniamo necessario anche l\u2019innalzamento della 14esima e l\u2019ampliamento della platea dei beneficiari, come chiediamo da tempo. Il caro-vita e in particolare il caro bollette stanno mettendo in ginocchio gran parte dei pensionati bellunesi\u201d. Proprio riguardo la 14esima, lo Spi ricorda che la stessa viene accreditata direttamente dall\u2019Inps sulla pensione degli ultra64enni con pensioni inferiori a circa 1.000 euro lordi mensili. E\u2019 gi\u00e0 successo per\u00f2 che qualche anziano non l\u2019abbia ricevuta pur avendone i requisiti. In quel caso \u201cinvitiamo il soggetto coinvolto a contattare le nostre sedi attraverso le quali andremo a richiedere quanto dovuto all\u2019Inps. I nostri operatori dopo aver controllato la relativa documentazione invieranno la domanda all\u2019Ente previdenziale\u201d.<\/p>\n<p>&nbsp;<\/p>\n<p>&nbsp;<\/p>\n<hr \/>\n<p>&nbsp;<\/p>\n<blockquote class=\"wp-embedded-content\" data-secret=\"dpHpYYnobL\"><p><a href=\"https:\/\/www.radiopiu.net\/wordpress\/aggnazionalegiugno30\/\">CORONAVIRUS: AGGIORNAMENTO NAZIONALE 30 GIUGNO 2022<\/a><\/p><\/blockquote>\n<p><iframe loading=\"lazy\" class=\"wp-embedded-content\" sandbox=\"allow-scripts\" security=\"restricted\" style=\"position: absolute; clip: rect(1px, 1px, 1px, 1px);\" title=\"&#8220;CORONAVIRUS: AGGIORNAMENTO NAZIONALE 30 GIUGNO 2022&#8221; &#8212; Radio Pi\u00f9\" src=\"https:\/\/www.radiopiu.net\/wordpress\/aggnazionalegiugno30\/embed\/#?secret=QHXMJratgl#?secret=dpHpYYnobL\" data-secret=\"dpHpYYnobL\" width=\"600\" height=\"338\" frameborder=\"0\" marginwidth=\"0\" marginheight=\"0\" scrolling=\"no\"><\/iframe><\/p>\n<p>&nbsp;<\/p>\n<blockquote class=\"wp-embedded-content\" data-secret=\"RvJj6cmoow\"><p><a href=\"https:\/\/www.radiopiu.net\/wordpress\/aggazzerogiugnoo30\/\">PIU&#8217; DI 8500 NUOVI POSITIVI IN VENETO. TRE DECESSI IN 24 ORE E AUMENTO SENSIBILE DEI DECESSI<\/a><\/p><\/blockquote>\n<p><iframe loading=\"lazy\" class=\"wp-embedded-content\" sandbox=\"allow-scripts\" security=\"restricted\" style=\"position: absolute; clip: rect(1px, 1px, 1px, 1px);\" title=\"&#8220;PIU&#8217; DI 8500 NUOVI POSITIVI IN VENETO. TRE DECESSI IN 24 ORE E AUMENTO SENSIBILE DEI DECESSI&#8221; &#8212; Radio Pi\u00f9\" src=\"https:\/\/www.radiopiu.net\/wordpress\/aggazzerogiugnoo30\/embed\/#?secret=uvhA592cM9#?secret=RvJj6cmoow\" data-secret=\"RvJj6cmoow\" width=\"600\" height=\"338\" frameborder=\"0\" marginwidth=\"0\" marginheight=\"0\" scrolling=\"no\"><\/iframe><\/p>\n<p>&nbsp;<\/p>\n<h2>I GRAFICI DI TIZIANO DE COL<\/h2>\n\n\t\t\t<style type='text\/css'>\n\t\t\t\t#gallery-3 {\n\t\t\t\t\tmargin: auto;\n\t\t\t\t}\n\t\t\t\t#gallery-3 .gallery-item {\n\t\t\t\t\tfloat: left;\n\t\t\t\t\tmargin-top: 10px;\n\t\t\t\t\ttext-align: center;\n\t\t\t\t\twidth: 33%;\n\t\t\t\t}\n\t\t\t\t#gallery-3 img {\n\t\t\t\t\tborder: 2px solid #cfcfcf;\n\t\t\t\t}\n\t\t\t\t#gallery-3 .gallery-caption {\n\t\t\t\t\tmargin-left: 0;\n\t\t\t\t}\n\t\t\t\t\/* see gallery_shortcode() in wp-includes\/media.php *\/\n\t\t\t<\/style>\n\t\t<div id='gallery-3' class='dt-gallery-container gallery galleryid-284378 gallery-columns-3 gallery-size-thumbnail'><dl class='gallery-item'>\n\t\t\t\t<dt class='gallery-icon landscape'>\n\t\t\t\t\t<a class=\"rollover rollover-zoom dt-pswp-item\" title=\"3aaa5ac1-6598-4273-a932-1458451aeb04\" data-dt-img-description=\"\" data-large_image_width=\"593\" data-large_image_height=\"366\"href='https:\/\/www.radiopiu.net\/wordpress\/wp-content\/uploads\/2022\/06\/3aaa5ac1-6598-4273-a932-1458451aeb04.jpg'><img loading=\"lazy\" decoding=\"async\" width=\"150\" height=\"150\" src=\"https:\/\/www.radiopiu.net\/wordpress\/wp-content\/uploads\/2022\/06\/3aaa5ac1-6598-4273-a932-1458451aeb04-150x150.jpg\" class=\"attachment-thumbnail size-thumbnail\" alt=\"\" \/><\/a>\n\t\t\t\t<\/dt><\/dl><dl class='gallery-item'>\n\t\t\t\t<dt class='gallery-icon landscape'>\n\t\t\t\t\t<a class=\"rollover rollover-zoom dt-pswp-item\" title=\"9d75e788-2d4e-418a-abb3-f030b59dbfaf\" data-dt-img-description=\"\" data-large_image_width=\"615\" data-large_image_height=\"363\"href='https:\/\/www.radiopiu.net\/wordpress\/wp-content\/uploads\/2022\/06\/9d75e788-2d4e-418a-abb3-f030b59dbfaf.jpg'><img loading=\"lazy\" decoding=\"async\" width=\"150\" height=\"150\" src=\"https:\/\/www.radiopiu.net\/wordpress\/wp-content\/uploads\/2022\/06\/9d75e788-2d4e-418a-abb3-f030b59dbfaf-150x150.jpg\" class=\"attachment-thumbnail size-thumbnail\" alt=\"\" \/><\/a>\n\t\t\t\t<\/dt><\/dl><dl class='gallery-item'>\n\t\t\t\t<dt class='gallery-icon landscape'>\n\t\t\t\t\t<a class=\"rollover rollover-zoom dt-pswp-item\" title=\"88b06d58-fdf1-4c3d-a1ba-bc65bab005e1\" data-dt-img-description=\"\" data-large_image_width=\"612\" data-large_image_height=\"361\"href='https:\/\/www.radiopiu.net\/wordpress\/wp-content\/uploads\/2022\/06\/88b06d58-fdf1-4c3d-a1ba-bc65bab005e1.jpg'><img loading=\"lazy\" decoding=\"async\" width=\"150\" height=\"150\" src=\"https:\/\/www.radiopiu.net\/wordpress\/wp-content\/uploads\/2022\/06\/88b06d58-fdf1-4c3d-a1ba-bc65bab005e1-150x150.jpg\" class=\"attachment-thumbnail size-thumbnail\" alt=\"\" \/><\/a>\n\t\t\t\t<\/dt><\/dl><br style=\"clear: both\" \/><dl class='gallery-item'>\n\t\t\t\t<dt class='gallery-icon landscape'>\n\t\t\t\t\t<a class=\"rollover rollover-zoom dt-pswp-item\" title=\"d932e8a6-ecf6-46a9-ab8a-d5c403dbfa99\" data-dt-img-description=\"\" data-large_image_width=\"610\" data-large_image_height=\"353\"href='https:\/\/www.radiopiu.net\/wordpress\/wp-content\/uploads\/2022\/06\/d932e8a6-ecf6-46a9-ab8a-d5c403dbfa99.jpg'><img loading=\"lazy\" decoding=\"async\" width=\"150\" height=\"150\" src=\"https:\/\/www.radiopiu.net\/wordpress\/wp-content\/uploads\/2022\/06\/d932e8a6-ecf6-46a9-ab8a-d5c403dbfa99-150x150.jpg\" class=\"attachment-thumbnail size-thumbnail\" alt=\"\" \/><\/a>\n\t\t\t\t<\/dt><\/dl><dl class='gallery-item'>\n\t\t\t\t<dt class='gallery-icon landscape'>\n\t\t\t\t\t<a class=\"rollover rollover-zoom dt-pswp-item\" title=\"9b3a5de1-1327-4984-9ea8-30522fe99122\" data-dt-img-description=\"\" data-large_image_width=\"618\" data-large_image_height=\"367\"href='https:\/\/www.radiopiu.net\/wordpress\/wp-content\/uploads\/2022\/06\/9b3a5de1-1327-4984-9ea8-30522fe99122.jpg'><img loading=\"lazy\" decoding=\"async\" width=\"150\" height=\"150\" src=\"https:\/\/www.radiopiu.net\/wordpress\/wp-content\/uploads\/2022\/06\/9b3a5de1-1327-4984-9ea8-30522fe99122-150x150.jpg\" class=\"attachment-thumbnail size-thumbnail\" alt=\"\" \/><\/a>\n\t\t\t\t<\/dt><\/dl><dl class='gallery-item'>\n\t\t\t\t<dt class='gallery-icon landscape'>\n\t\t\t\t\t<a class=\"rollover rollover-zoom dt-pswp-item\" title=\"5e21de87-3556-470a-8bf4-ff773febbb8f\" data-dt-img-description=\"\" data-large_image_width=\"606\" data-large_image_height=\"362\"href='https:\/\/www.radiopiu.net\/wordpress\/wp-content\/uploads\/2022\/06\/5e21de87-3556-470a-8bf4-ff773febbb8f.jpg'><img loading=\"lazy\" decoding=\"async\" width=\"150\" height=\"150\" src=\"https:\/\/www.radiopiu.net\/wordpress\/wp-content\/uploads\/2022\/06\/5e21de87-3556-470a-8bf4-ff773febbb8f-150x150.jpg\" class=\"attachment-thumbnail size-thumbnail\" alt=\"\" \/><\/a>\n\t\t\t\t<\/dt><\/dl><br style=\"clear: both\" \/>\n\t\t\t<\/div>\n\n<p>&nbsp;<\/p>\n<p>&nbsp;<\/p>\n<p>&nbsp;<\/p>\n<hr \/>\n<p>&nbsp;<\/p>\n<blockquote>\n<h3>DILLO A RADIO PIU&#8217;&#8230;LA TRUFFA DEI PRODOTTI PER LA CASA<\/h3>\n<\/blockquote>\n<p><strong><a class=\"dt-pswp-item\" href=\"https:\/\/www.radiopiu.net\/wordpress\/wp-content\/uploads\/2022\/06\/truffa-contratto.png\" data-dt-img-description=\"\" data-large_image_width=\"1366\" data-large_image_height=\"964\"><img loading=\"lazy\" decoding=\"async\" class=\"size-thumbnail wp-image-284518 alignleft\" src=\"https:\/\/www.radiopiu.net\/wordpress\/wp-content\/uploads\/2022\/06\/truffa-contratto-150x150.png\" alt=\"\" width=\"150\" height=\"150\" \/><\/a>REDAZIONE<\/strong> Una nostra ascoltatrice ci ha segnalato una truffa avvenuta gli scorsi giorni. Dopo essere stata contattata da un call center che promuoveva prodotti per la casa ha accettato che un incaricato si presentasse a casa per illustrare il catalogo dell&#8217;azienda. Dopo aver accettato, nei giorni successivi, una ragazza si \u00e8 presentata consegnando una chiavetta USB con all&#8217;interno il catalogo e facendo firmare una carta che dava diritto ad una scontistica sui prodotti illustrati grazie ad una card che veniva portata da un&#8217;altra persona nei giorni successivi. In realt\u00e0 la carta firmata era un vero e proprio contratto che impegnava ad acquistare prodotti per 3600 euro all&#8217;anno per 4 anni. All&#8217;arrivo dell&#8217;incaricato che doveva consegnare la Card, dopo i 14 giorni per diritto di recesso, la nostra ascoltatrice comunica che non voleva assolutamente la scontistica e l&#8217;uomo ha incominciato ad intimorire la donna spiegando che sarebbe incappata in problemi legali per la firma. La storia ha un lieto fine perch\u00e8 la donna non si \u00e8 persa d&#8217;animo ed ha scritto all&#8217;azienda in questione chiedendo l&#8217;annullamento del contratto immediato altrimenti avrebbe sporto denuncia ai Carabinieri e il contratto \u00e8 stato subito annullato. Il consiglio \u00e8 quello di non far arrivare incaricati a casa per promuovere prodotti e soprattutto quello di non firmare senza prima leggere tutte le clausole.<\/p>\n<p>&nbsp;<\/p>\n<p>&nbsp;<\/p>\n<hr \/>\n<p>&nbsp;<\/p>\n<blockquote>\n<h3>PARCHEGGI E VIA POLONI NEL CONSIGLIO COMUNALE DI AGORDO<\/h3>\n<\/blockquote>\n<p><strong>AGORDO<\/strong> Nel consiglio comunale convocato dal sindaco Roberto Chissal\u00e8 saranno presentati cinque interventi per parcheggi e viabilit\u00e0 nel territorio comunale, nonch\u00e9 l\u2019allargamento di via Poloni con l\u2019esame delle controdeduzioni. All\u2019ordine del giorno anche le variazioni al programma triennale delle opere pubbliche e l\u2019approvazione della modifica allo statuto dell\u2019azienda consortile agordina.<\/p>\n<p><strong>LA DIRETTA RADIO PIU&#8217;<\/strong><\/p>\n<p>https:\/\/www.facebook.com\/marco.baghy.1\/videos\/720969692308855<\/p>\n<p>&nbsp;<\/p>\n<hr \/>\n<p>&nbsp;<\/p>\n<blockquote>\n<h3>INAUGURATA LA MOSTRA SU AUGUSTO MURER AL FULCIS<\/h3>\n<\/blockquote>\n<p><strong>BELLUNO<\/strong><\/p>\n<p>di Moreno Gioli<\/p>\n<audio class=\"wp-audio-shortcode\" id=\"audio-284378-11\" preload=\"none\" style=\"width: 100%;\" controls=\"controls\"><source type=\"audio\/mpeg\" src=\"https:\/\/www.radiopiu.net\/wordpress\/wp-content\/uploads\/2022\/06\/GIOLI-MOSTRA-MURER-FULCIS.mp3?_=11\" \/><a href=\"https:\/\/www.radiopiu.net\/wordpress\/wp-content\/uploads\/2022\/06\/GIOLI-MOSTRA-MURER-FULCIS.mp3\">https:\/\/www.radiopiu.net\/wordpress\/wp-content\/uploads\/2022\/06\/GIOLI-MOSTRA-MURER-FULCIS.mp3<\/a><\/audio>\n<p>&nbsp;<\/p>\n\n\t\t\t<style type='text\/css'>\n\t\t\t\t#gallery-4 {\n\t\t\t\t\tmargin: auto;\n\t\t\t\t}\n\t\t\t\t#gallery-4 .gallery-item {\n\t\t\t\t\tfloat: left;\n\t\t\t\t\tmargin-top: 10px;\n\t\t\t\t\ttext-align: center;\n\t\t\t\t\twidth: 33%;\n\t\t\t\t}\n\t\t\t\t#gallery-4 img {\n\t\t\t\t\tborder: 2px solid #cfcfcf;\n\t\t\t\t}\n\t\t\t\t#gallery-4 .gallery-caption {\n\t\t\t\t\tmargin-left: 0;\n\t\t\t\t}\n\t\t\t\t\/* see gallery_shortcode() in wp-includes\/media.php *\/\n\t\t\t<\/style>\n\t\t<div id='gallery-4' class='dt-gallery-container gallery galleryid-284378 gallery-columns-3 gallery-size-thumbnail'><dl class='gallery-item'>\n\t\t\t\t<dt class='gallery-icon landscape'>\n\t\t\t\t\t<a class=\"rollover rollover-zoom dt-pswp-item\" title=\"d374b6be-5ca3-46b5-97d9-9d5bf14b990a\" data-dt-img-description=\"\" data-large_image_width=\"1600\" data-large_image_height=\"1066\"href='https:\/\/www.radiopiu.net\/wordpress\/wp-content\/uploads\/2022\/06\/d374b6be-5ca3-46b5-97d9-9d5bf14b990a.jpg'><img loading=\"lazy\" decoding=\"async\" width=\"150\" height=\"150\" src=\"https:\/\/www.radiopiu.net\/wordpress\/wp-content\/uploads\/2022\/06\/d374b6be-5ca3-46b5-97d9-9d5bf14b990a-150x150.jpg\" class=\"attachment-thumbnail size-thumbnail\" alt=\"\" \/><\/a>\n\t\t\t\t<\/dt><\/dl><dl class='gallery-item'>\n\t\t\t\t<dt class='gallery-icon landscape'>\n\t\t\t\t\t<a class=\"rollover rollover-zoom dt-pswp-item\" title=\"4ce86187-0c94-4846-b2fc-b86789a1cea8\" data-dt-img-description=\"\" data-large_image_width=\"1600\" data-large_image_height=\"1066\"href='https:\/\/www.radiopiu.net\/wordpress\/wp-content\/uploads\/2022\/06\/4ce86187-0c94-4846-b2fc-b86789a1cea8.jpg'><img loading=\"lazy\" decoding=\"async\" width=\"150\" height=\"150\" src=\"https:\/\/www.radiopiu.net\/wordpress\/wp-content\/uploads\/2022\/06\/4ce86187-0c94-4846-b2fc-b86789a1cea8-150x150.jpg\" class=\"attachment-thumbnail size-thumbnail\" alt=\"\" \/><\/a>\n\t\t\t\t<\/dt><\/dl><dl class='gallery-item'>\n\t\t\t\t<dt class='gallery-icon landscape'>\n\t\t\t\t\t<a class=\"rollover rollover-zoom dt-pswp-item\" title=\"7f5ccdf2-da45-4c6e-901f-fa424feeae76\" data-dt-img-description=\"\" data-large_image_width=\"1600\" data-large_image_height=\"1066\"href='https:\/\/www.radiopiu.net\/wordpress\/wp-content\/uploads\/2022\/06\/7f5ccdf2-da45-4c6e-901f-fa424feeae76.jpg'><img loading=\"lazy\" decoding=\"async\" width=\"150\" height=\"150\" src=\"https:\/\/www.radiopiu.net\/wordpress\/wp-content\/uploads\/2022\/06\/7f5ccdf2-da45-4c6e-901f-fa424feeae76-150x150.jpg\" class=\"attachment-thumbnail size-thumbnail\" alt=\"\" \/><\/a>\n\t\t\t\t<\/dt><\/dl><br style=\"clear: both\" \/>\n\t\t\t<\/div>\n\n<p>&nbsp;<\/p>\n<hr \/>\n<p>&nbsp;<\/p>\n<blockquote>\n<h3>LA NUOVA FAGGETA NEL BORGO DI SOTTOGUDA<\/h3>\n<\/blockquote>\n<p><strong>ROCCA PIETORE<\/strong> Un nuovo sentiero e a tante sorprese nella nuova faggeta del Borgo di Sottoguda. L&#8217;Associazione Borgo di Sottoguda si \u00e8 rimboccata le maniche e il lavoro svolto ha dato i suoi frutti<\/p>\n<div style=\"width: 848px;\" class=\"wp-video\"><video class=\"wp-video-shortcode\" id=\"video-284378-2\" width=\"848\" height=\"480\" preload=\"metadata\" controls=\"controls\"><source type=\"video\/mp4\" src=\"https:\/\/www.radiopiu.net\/wordpress\/wp-content\/uploads\/2022\/06\/WhatsApp-Video-2022-06-30-at-15.48.20.mp4?_=2\" \/><a href=\"https:\/\/www.radiopiu.net\/wordpress\/wp-content\/uploads\/2022\/06\/WhatsApp-Video-2022-06-30-at-15.48.20.mp4\">https:\/\/www.radiopiu.net\/wordpress\/wp-content\/uploads\/2022\/06\/WhatsApp-Video-2022-06-30-at-15.48.20.mp4<\/a><\/video><\/div>\n<p>&nbsp;<\/p>\n<hr \/>\n<p>&nbsp;<\/p>\n<blockquote>\n<h3>LA FAMIGLIA DI TIZIANO \u201cTORNA A CASA\u201d<\/h3>\n<\/blockquote>\n<p><strong><a class=\"dt-pswp-item\" href=\"https:\/\/www.radiopiu.net\/wordpress\/wp-content\/uploads\/2022\/06\/20220630_110343.jpg\" data-dt-img-description=\"\" data-large_image_width=\"1008\" data-large_image_height=\"1309\"><img loading=\"lazy\" decoding=\"async\" class=\"size-thumbnail wp-image-284498 alignleft\" src=\"https:\/\/www.radiopiu.net\/wordpress\/wp-content\/uploads\/2022\/06\/20220630_110343-150x150.jpg\" alt=\"\" width=\"150\" height=\"150\" \/><\/a>PIEVE DI CADORE <\/strong>\u201c<em>Siamo andati a Casa di Tiziano ma lui non c\u2019era<\/em>\u201d: \u00e8 stato il \u201cpensierino\u201d di un bambino, all\u2019indomani della gita scolastica alla Casa natale di Tiziano a Pieve di Cadore (Belluno), ad ispirare la nuova mostra dossier che celebra i cento anni della dichiarazione di monumento nazionale dell\u2019edificio quattrocentesco che da domani a sabato 18 settembre 2022 ospiter\u00e0 <em>La Madonna dei Vecellio<\/em>, organizzata dalla Magnifica Comunit\u00e0 di Cadore e sviluppata attorno al dipinto \u201cLa Madonna della Misericordia\u201d (1573), commissionato a Tiziano ma ritenuto dalla critica di realizzazione di Tiziano e bottega e ottenuto in prestito dalla Galleria degli Uffizi di Firenze. Il quadro, con le altre opere e testimonianze esposte, tratteggiano una sorta di \u201cdiapositiva di famiglia\u201d dei Vecellio, riportando nella loro casa alcuni tra i pi\u00f9 celebri componenti (Gregorio, padre di Tiziano, Francesco, fratello di Tiziano, Orazio e Lavinia, figli di Tiziano, Marco, nipote di Tiziano ecc.), riconoscibili ai piedi della Madonna. Con la presenza del dipinto originale e del con\u00adtesto espositivo, la casa di Tiziano oggi rivive l\u2019at\u00admosfera della fine del XVI secolo e pare quasi di sentir riecheggiare voci antiche di un affettuoso, saldo vincolo famigliare.<\/p>\n<p>&nbsp;<\/p>\n<p>&nbsp;<\/p>\n<hr \/>\n<p>&nbsp;<\/p>\n<blockquote>\n<h3>MUSEO ETNOGRAFICO DI TAIBON, L&#8217;ESPERIENZA NEL PASSATO<\/h3>\n<\/blockquote>\n<p><strong><img loading=\"lazy\" decoding=\"async\" class=\"alignleft\" src=\"https:\/\/www.radiopiu.net\/wordpress\/wp-content\/uploads\/2022\/06\/xtaibon-1024x766-1.jpg\" width=\"193\" height=\"144\" \/>REDAZIONE<\/strong><\/p>\n<p><strong>AUDIO<\/strong><\/p>\n<audio class=\"wp-audio-shortcode\" id=\"audio-284378-12\" preload=\"none\" style=\"width: 100%;\" controls=\"controls\"><source type=\"audio\/mpeg\" src=\"https:\/\/www.radiopiu.net\/wordpress\/wp-content\/uploads\/2022\/06\/SPECIALE-SCUOLA-MATERNA-MUSEO-TAIBON-PER-VENERDI.mp3?_=12\" \/><a href=\"https:\/\/www.radiopiu.net\/wordpress\/wp-content\/uploads\/2022\/06\/SPECIALE-SCUOLA-MATERNA-MUSEO-TAIBON-PER-VENERDI.mp3\">https:\/\/www.radiopiu.net\/wordpress\/wp-content\/uploads\/2022\/06\/SPECIALE-SCUOLA-MATERNA-MUSEO-TAIBON-PER-VENERDI.mp3<\/a><\/audio>\n<p>&nbsp;<\/p>\n<p><strong>ARCHIVIO RADIOPIU<\/strong><\/p>\n<p>&nbsp;<\/p>\n<p><strong><a href=\"https:\/\/www.radiopiu.net\/wordpress\/lunedi-riapre-lasilo-girotondo-di-cencenighe\/mani-bambini\/\" rel=\"attachment wp-att-164891\"><img loading=\"lazy\" decoding=\"async\" class=\" wp-image-164891 alignleft\" src=\"https:\/\/www.radiopiu.net\/wordpress\/wp-content\/uploads\/2020\/10\/mani-bambini-300x200.jpg\" alt=\"\" width=\"173\" height=\"115\" srcset=\"https:\/\/www.radiopiu.net\/wordpress\/wp-content\/uploads\/2020\/10\/mani-bambini-300x200.jpg 300w, https:\/\/www.radiopiu.net\/wordpress\/wp-content\/uploads\/2020\/10\/mani-bambini-1024x683.jpg 1024w, https:\/\/www.radiopiu.net\/wordpress\/wp-content\/uploads\/2020\/10\/mani-bambini-768x512.jpg 768w, https:\/\/www.radiopiu.net\/wordpress\/wp-content\/uploads\/2020\/10\/mani-bambini-1536x1024.jpg 1536w, https:\/\/www.radiopiu.net\/wordpress\/wp-content\/uploads\/2020\/10\/mani-bambini.jpg 1920w\" sizes=\"auto, (max-width: 173px) 100vw, 173px\" \/><\/a>TAIBON <\/strong>A Ottobre, su gentile invito da parte del gruppo che ha riaperto il museo, tutte le classi della scuola primaria di Taibon hanno visitato questa struttura, dimostrando curiosit\u00e0 ed interesse verso il passato. La classe terza, in particolare, ha vissuto quest\u2019esperienza con passione e grande coinvolgimento tanto che, una volta rientrati in classe, si sono dedicati per lunghe settimane allo studio dei testi\u00a0 e alla rielaborazione di quanto avevano visto. Il prodotto finale \u00e8 un vocale con le voci\u00a0 di tutti i 16 bambini della classe, realizzato grazie al lavoro di squadra delle maestre Armanda, Maria Giovanna e Vanessa.<\/p>\n<p>&nbsp;<\/p>\n<hr \/>\n<p>&nbsp;<\/p>\n<blockquote>\n<h3>ACQUA INQUINATA<\/h3>\n<\/blockquote>\n<p><strong><a class=\"dt-pswp-item\" href=\"https:\/\/www.radiopiu.net\/wordpress\/wp-content\/uploads\/2018\/08\/ACQUA.jpeg\" data-dt-img-description=\"\" data-large_image_width=\"1280\" data-large_image_height=\"768\"><img loading=\"lazy\" decoding=\"async\" class=\"alignleft wp-image-57052 \" src=\"https:\/\/www.radiopiu.net\/wordpress\/wp-content\/uploads\/2018\/08\/ACQUA-300x180.jpeg\" alt=\"\" width=\"153\" height=\"92\" srcset=\"https:\/\/www.radiopiu.net\/wordpress\/wp-content\/uploads\/2018\/08\/ACQUA-300x180.jpeg 300w, https:\/\/www.radiopiu.net\/wordpress\/wp-content\/uploads\/2018\/08\/ACQUA-768x461.jpeg 768w, https:\/\/www.radiopiu.net\/wordpress\/wp-content\/uploads\/2018\/08\/ACQUA-1024x614.jpeg 1024w, https:\/\/www.radiopiu.net\/wordpress\/wp-content\/uploads\/2018\/08\/ACQUA.jpeg 1280w\" sizes=\"auto, (max-width: 153px) 100vw, 153px\" \/><\/a>SAN TOMASO<\/strong> Gestione Servizi Pubblici informa che a SAN TOMASO AGORDINO in localit\u00e0 PIANEZZE l&#8217;acqua \u00e8 di nuovo potabile. Ancora inquinata nelle altre frazioni: CELAT,CHIEA,TOCOL, FONTANELLE E COL ZARESE.<\/p>\n<p><strong>GOSALDO<\/strong> Gestione Servizi Pubblici informa che in TUTTO il Comune di GOSALDO l&#8217;acqua erogata dall&#8217;acquedotto \u00e8 di nuovo potabile e pu\u00f2 essere usata, quindi, per scopi alimentari.<\/p>\n<p><strong>LIVINALLONGO<\/strong> Gestione Servizi Pubblici informa che a LIVINALLONGO DEL COL DI LANA nelle localit\u00e0 AL FAURO, CREPAZ, RENAZ, RUAZ, PEZZEI, S. GIOVANNI e FOSSAL l&#8217;acqua erogata dall&#8217;acquedotto non \u00e8 potabile e pu\u00f2 essere usata per scopi alimentari SOLO PREVIA bollitura. GSP ha, comunque, gi\u00e0 adottato le necessarie misure per la disinfezione dell&#8217;acqua presente nei serbatoi e nella rete idrica con l&#8217;aggiunta di cloro.<\/p>\n<p><strong>VAL DI ZOLDO<\/strong> Acqua non potabile in localit\u00e0 Chiesa, Molin e via Scuole<\/p>\n<p><strong>OSPITALE DI CADORE<\/strong> Acqua non potabile in localit\u00e0 Termine<\/p>\n<p>&nbsp;<\/p>\n<p>&nbsp;<\/p>\n<hr \/>\n<p>&nbsp;<\/p>\n<blockquote>\n<h3>PROROGATA LA CHIUSURA DELLA STRADA TRA CROSTOLIN E LE RONCHE<\/h3>\n<\/blockquote>\n<p><strong>LA VALLE AGORDINA<\/strong>\u00a0 Sul Ponte \u201cDel Felice\u201d tra Crostolin e Le Ronche: chiusura della strada\u00a0 fino al 8 luglio per consentire alla ditta incaricata di effettuare le opere,\u00a0 interdizione totale al transito veicolare e pedonale. La Ditta che sta eseguendo i lavori ha comunicato che serve ancora un periodo di chiusura . Al riguardo \u00e8 stata prorogata fino all&#8217;8 luglio l&#8217;ordinanza che dispone la chiusura della strada.<\/p>\n<h3><\/h3>\n<p>&nbsp;<\/p>\n<hr \/>\n<p>&nbsp;<\/p>\n<blockquote>\n<h3>RIAPERTA VIA ALZAIA A BELLUNO, MA CON INVERSIONE DI MARCIA<\/h3>\n<\/blockquote>\n<p><strong><a class=\"dt-pswp-item\" href=\"https:\/\/www.radiopiu.net\/wordpress\/wp-content\/uploads\/2018\/07\/ponte-bailey.jpg\" data-dt-img-description=\"\" data-large_image_width=\"300\" data-large_image_height=\"227\"><img loading=\"lazy\" decoding=\"async\" class=\"size-thumbnail wp-image-53317 alignleft\" src=\"https:\/\/www.radiopiu.net\/wordpress\/wp-content\/uploads\/2018\/07\/ponte-bailey-150x150.jpg\" alt=\"\" width=\"150\" height=\"150\" \/><\/a>BELLUNO<\/strong> In riferimento ai lavori di manutenzione da effettuare sul ponte Bailey, che prevedeva l&#8217;istituzione del senso unico di circolazione sul ponte e del divieto di transito in via Alzaia, valutate le condizioni di sicurezza con la ditta esecutrice dei lavori, si e\u0300 convenuto di poter aprire al traffico la via Alzaia, invertendone anche il normale senso di marcia, dando la possibilita\u0300 di transitare con direzione da Borgo Piave a Lambioi. Si rendera\u0300, cosi\u0300, piu\u0300 breve il transito dei veicoli in entrata a Belluno dal Ponte della Vittoria e diretto verso il parcheggio di Lambioi, con benefici influssi anche sulla fluidita\u0300 del traffico che cosi\u0300 non gravera\u0300 sull\u2019abitato di Borgo Piave. Viene, quindi, modificata la precedente ordinanza, limitatamente alla riapertura al traffico di via Alzaia, con la contestuale inversione del normale senso unico di marcia, prevedendolo nell\u2019unica direzione da Borgo Piave a Lambioi, temporaneamente, dal 29 giugno al 15 luglio, o comunque fino al termine dei lavori sul ponte Bailey.<\/p>\n<p>&nbsp;<\/p>\n<p>&nbsp;<\/p>\n<hr \/>\n<p>&nbsp;<\/p>\n<blockquote>\n<h3>DUE MOSTRE SU AUGUSTO MURER<\/h3>\n<\/blockquote>\n<p><strong><a class=\"dt-pswp-item\" href=\"https:\/\/www.radiopiu.net\/wordpress\/wp-content\/uploads\/2022\/05\/13.-Murer-alla-Biennale-di-Venezia-1984-scaled.jpg\" data-dt-img-description=\"\" data-large_image_width=\"1910\" data-large_image_height=\"2560\"><img loading=\"lazy\" decoding=\"async\" class=\"size-thumbnail wp-image-276772 alignleft\" src=\"https:\/\/www.radiopiu.net\/wordpress\/wp-content\/uploads\/2022\/05\/13.-Murer-alla-Biennale-di-Venezia-1984-150x150.jpg\" alt=\"\" width=\"150\" height=\"150\" \/><\/a>CANALE D&#8217;AGORDO <\/strong>Due mostre\u00a0per omaggiare e ricordare un celebre rappresentante del territorio nel centenario della nascita, lo\u00a0scultore Augusto Murer\u00a0nato a Falcade (BL) nel 1922. Il\u00a0Musal \u2013 Museo Albino Luciani\u00a0(<a href=\"http:\/\/www.musal.it\/\">www.musal.it<\/a>), il\u00a0Museo Augusto Murer\u00a0(<a href=\"http:\/\/www.museomurer.it\/\">www.museomurer.it<\/a>) e la Fondazione Papa Luciani Onlus hanno organizzato per oggi, alle ore 17.30, presso il Museo Albino Luciani le inaugurazioni delle due mostre dedicate all&#8217;artista falcadino. La prima, ospitata al Museo Albino Luciani (piazza papa Luciani, 4, Canale d&#8217;Agordo) \u00e8 di tema sacro e si intitola \u201cI grandi silenzi. La Crocifissione di Cristo attraverso gli occhi, le mani e il cuore di Augusto Murer\u201d. La seconda, invece, sar\u00e0 visitabile presso la storica Casa delle Regole e si intitola \u201cAnna Rech, anche le donne emigravano&#8230; L&#8217;emigrazione in Brasile attraverso gli occhi, le mani e il cuore di Augusto Murer\u201d. Due mostre in due edifici storici importanti che, come sottolinea Loris Serafini, direttore del Musal, \u00absi fregeranno di opere di straordinaria unicit\u00e0 e bellezza, nello stile inconfondibile di un grande maestro e artista conosciuto in tutto il mondo\u00bb.<\/p>\n<p>&nbsp;<\/p>\n<p>&nbsp;<\/p>\n<hr \/>\n<p>&nbsp;<\/p>\n<blockquote>\n<h3>GLI ALPINI DI CENCENIGHE IN TRASFERTA AD ASIAGO<\/h3>\n<\/blockquote>\n<p><strong>CENCENIGHE<\/strong> \u00c8 in programma per domenica 10 luglio una trasferta ad Asiago per gli alpini di Cencenighe per partecipare al Raduno Triveneto. Soci e simpatizzanti possono aderire alla trasferta scrivendo una mail a segreteria@anacencenighe.it o contattando il 349 9551910 o il 338 9871535. La quota di partecipazione \u00e8 di 30 euro. Il programma: ritrovo al Nof Fil\u00f2 alle 6:20 e partenza alle 6:30, arrivo verso le 9 ad Asiago e rientro in tarda serata.<\/p>\n<p>&nbsp;<\/p>\n<p>&nbsp;<\/p>\n<hr \/>\n<p>&nbsp;<\/p>\n<p>&nbsp;<\/p>\n<blockquote>\n<h3><strong><a class=\"dt-pswp-item\" href=\"https:\/\/www.radiopiu.net\/wordpress\/wp-content\/uploads\/2022\/06\/Schola-dei-Battuti-presso-San-Simon-Vallada-Agordina.jpg\" data-dt-img-description=\"\" data-large_image_width=\"1600\" data-large_image_height=\"1200\"><img loading=\"lazy\" decoding=\"async\" class=\"size-thumbnail wp-image-280948 alignleft\" src=\"https:\/\/www.radiopiu.net\/wordpress\/wp-content\/uploads\/2022\/06\/Schola-dei-Battuti-presso-San-Simon-Vallada-Agordina-150x150.jpg\" alt=\"\" width=\"150\" height=\"150\" \/><\/a><\/strong>DOMANI L&#8217;INAUGURAZIONE DELLA SCHOLA DEI BATTUTI A VALLADA<\/h3>\n<\/blockquote>\n<p><strong>DI GIANNI SANTOMASO<\/strong><\/p>\n<audio class=\"wp-audio-shortcode\" id=\"audio-284378-13\" preload=\"none\" style=\"width: 100%;\" controls=\"controls\"><source type=\"audio\/mpeg\" src=\"https:\/\/www.radiopiu.net\/wordpress\/wp-content\/uploads\/2022\/06\/GIANNI-SCHOLA-DEI-BATTUTI.mp3?_=13\" \/><a href=\"https:\/\/www.radiopiu.net\/wordpress\/wp-content\/uploads\/2022\/06\/GIANNI-SCHOLA-DEI-BATTUTI.mp3\">https:\/\/www.radiopiu.net\/wordpress\/wp-content\/uploads\/2022\/06\/GIANNI-SCHOLA-DEI-BATTUTI.mp3<\/a><\/audio>\n<p>&nbsp;<\/p>\n<hr \/>\n<p>&nbsp;<\/p>\n<blockquote>\n<h3>IL FESTIVAL INTERNAZIONALE DELLA FISARMONICA<\/h3>\n<\/blockquote>\n<p><strong><a class=\"dt-pswp-item\" href=\"https:\/\/www.radiopiu.net\/wordpress\/wp-content\/uploads\/2022\/06\/sa.jpg\" data-dt-img-description=\"\" data-large_image_width=\"473\" data-large_image_height=\"151\"><img loading=\"lazy\" decoding=\"async\" class=\"wp-image-280606 alignleft\" src=\"https:\/\/www.radiopiu.net\/wordpress\/wp-content\/uploads\/2022\/06\/sa.jpg\" alt=\"\" width=\"229\" height=\"73\" srcset=\"https:\/\/www.radiopiu.net\/wordpress\/wp-content\/uploads\/2022\/06\/sa.jpg 473w, https:\/\/www.radiopiu.net\/wordpress\/wp-content\/uploads\/2022\/06\/sa-300x96.jpg 300w\" sizes=\"auto, (max-width: 229px) 100vw, 229px\" \/><\/a>REDAZIONE<\/strong> Il Festival internazionale della Fisarmonica, Dolomiti 2022 ritorna in presenza con tre appuntamenti, dall&#8217;Agordino al Cadore. Prima serata oggi alle 20.45 al Nof Fil\u00f2 di Cencenighe, domani all&#8217;Auditorium dell&#8217;Istituto Canossiano di Feltre, domenica 3 luglio all&#8217;Auditorium Comunale di San Vito di Cadore. Ospiti della serata i pi\u00f9 noti concertisti del panorama musicale internazionale. E&#8217; un&#8217;iniziativa dell&#8217;Associazione Filarmonica, Fisorchestra G. Rossini di Santa Giustina. La Fisorchestra Rossini, diretta dal maestro Ernesto Bellus e la Fisorchestra Armonia, diretta dal maestro Mirko Satto si esibiranno nel repertorio classico e moderno; il Koa Quintett diretto dal maestro Nicola Bettiol suoner\u00e0 un repertorio oberkrainer. Informazioni negli uffici turistici di Cencenighe e Feltre. Presenta Michela Da Canal.<\/p>\n<p>&nbsp;<\/p>\n<p>&nbsp;<\/p>\n<hr \/>\n<p>&nbsp;<\/p>\n<blockquote>\n<h3>RITORNA LA FIERA DEL NEVEGAL<\/h3>\n<\/blockquote>\n<p><strong>BELLUNO<\/strong> Torna anche per l\u2019estate 2022 il tradizionale appuntamento con le Fiere del Nevega\u0300l, programmate ogni prima domenica dei mesi estivi, da luglio a settembre. La prima data da segnare e\u0300 il prossimo 3 luglio, quando le bancarelle popoleranno il Piazzale del Colle del Nevega\u0300l: la manifestazione verra\u0300 poi replicata il 7 agosto e il 4 settembre. Dalle 8.00 alle 20.00 sara\u0300 possibile trovare prodotti agricoli e dell\u2019artigianato locali, alimentari, giocattoli e vestiario, capaci di incontrare gli interessi piu\u0300 diversi. Non mancheranno punti di somministrazione di cibo e bevande. Sempre a partire da domenica 3, sul piazzale, dalle 9 alle 17, sara\u0300 operativo anche l&#8217;Infopoint, per offrire a visitatori e turisti utili spunti per vivere al meglio le opportunita\u0300 offerte dal Colle. L&#8217;Infopoint sara\u0300 poi aperto con i seguenti orari, fatti salvi eventuali aggiustamenti nel corso dell&#8217;estate, che verranno prontamente comunicati: nelle domeniche del 3, 10, 17 e 24 luglio, dalle 9 alle 17; dal 31 luglio al 4 agosto, dalle 9 alle 13 e dal 5 al 28 agosto, dalle 9 alle 17.<\/p>\n<p>&nbsp;<\/p>\n<p>&nbsp;<\/p>\n<hr \/>\n<p>&nbsp;<\/p>\n<blockquote>\n<h3>IL CONCERTO CON GLI AMICI DEL NEVEGAL<\/h3>\n<\/blockquote>\n<p><strong>BELLUNO<\/strong> L&#8217;Associazione Amici del Nevegal,\u00a0 che lo scorso anno ha celebrato i 50 anni organizza un altro importante appuntamento: il concerto presso il Santuario di Maria Immacolata sempre in Nevegal sabato 9 luglio alle 20.30 con la Filarmonica di Belluno, che peraltro quest\u2019anno celebra il suo 155\u00b0 compleanno.<\/p>\n<p>&nbsp;<\/p>\n<p>&nbsp;<\/p>\n<hr \/>\n<p>&nbsp;<\/p>\n<blockquote>\n<h3>GLI APPUNTAMENTI AL CASTELLO DI ANDRAZ<\/h3>\n<\/blockquote>\n<p><strong>LIVINALLONGO<\/strong> Questi gli appuntamenti al Castello di Andraz per i prossimi giorni. Domenica 3 luglio alle 15:30 concerto nel borgo di Castello per la rassegna Musica nell\u2019Agordino \u201cLe 8 Stagioni\u201d (musiche di A. Vivaldi e A.Piazzolla). Mercoled\u00ec 6 luglio la prima uscita con le guide naturalistiche di Tramedistoria, con passeggiata ed attivit\u00e0 didattiche e venerd\u00ec 8 luglio alle ore 16:00 \u201cGli dei dell\u2019Olimpo\u201d, spettacolo itinerante con Ana-Thema Teatro (UD).<\/p>\n<p>&nbsp;<\/p>\n<p>&nbsp;<\/p>\n<hr \/>\n<p>&nbsp;<\/p>\n<blockquote>\n<h3>EL CANAL DE AGORT<\/h3>\n<\/blockquote>\n<p><strong>AGORDO<\/strong> Presso il museo in via 5 maggio ad Agordo si pu\u00f2 visitare la mostra &#8220;El Canal De Agort&#8221; storia ed archeologia da San Gottardo alla Conca Agordina. La mostra \u00e8 visitabile dal gioved\u00ec alla domenica dalle 9:30 alle 12:30 e dall 16 alle 19 fino al 4 settembre.<\/p>\n<p>&nbsp;<\/p>\n<p>&nbsp;<\/p>\n<hr \/>\n<p>&nbsp;<\/p>\n<blockquote>\n<h3>AD ALLEGHE LA PRESENTAZIONE DEL NUOVO LIBRO DI LAURA DALLA TORRE<\/h3>\n<\/blockquote>\n<p><strong>ALLEGHE<\/strong> Sabato 9 luglio a partire dalle 18 in sala Stoppani delle scuole elementari ad Alleghe verr\u00e0 presentato il nuovo libro di Laura Dalla Torre dal titolo &#8220;La vita con il pelmo &#8211; Agn pasai auna co l pelf&#8221;. Presenter\u00e0 la serata Celestino Vallazza<\/p>\n<p>&nbsp;<\/p>\n<p>&nbsp;<\/p>\n<hr \/>\n<p>&nbsp;<\/p>\n<blockquote>\n<h3>ECHI DI CORI A MALGA CIAPELA<\/h3>\n<\/blockquote>\n<p><strong>ROCCA PIETORE<\/strong> Sabato 16 luglio a Malga Gran PIan in localit\u00e0 Malga Ciapela e a Sottoguda, il Coro Luned\u00ec di Roma sar\u00e0 in concerto per &#8220;Echi di Cori&#8221;. Alle 11 appuntamento a Malga Ciapela mentre alle 16 la location sar\u00e0 il Borgo di Sottoguda. Entrata a offerta libera.<\/p>\n<p>&nbsp;<\/p>\n<p>&nbsp;<\/p>\n<hr \/>\n<p>&nbsp;<\/p>\n<blockquote>\n<h3>RIAPRONO GLI UFFICI DELLA PRO LOCO A CANALE D&#8217;AGORDO<\/h3>\n<\/blockquote>\n<p><strong>CANALE D&#8217;AGORDO <\/strong>Riapriranno nuovamente al pubblico tutti i giorni gli uffici di Pro Loco e Fondazione Papa Luciani, in particolare i siti museali del paese saranno visitabili nei seguenti orari: <b>MUSEO\/ PRO LOCO<\/b>: dalle 9.00 alle 13.00 e dalle 15.00 alle 19.00 <b>CASA NATALE<\/b>: dalle 10.00 alle 13.00 e dalle 15.00 alle 18.00 <b>CASA DELLE REGOLE<\/b>: dalle 10.30 alle 12.30 e dalle 16.30 alle 18.30<\/p>\n<p>&nbsp;<\/p>\n<p>&nbsp;<\/p>\n<hr \/>\n<p>&nbsp;<\/p>\n<blockquote>\n<h3>CON IL CAI DI AGORDO IN VAL DI SAN MARTINO<\/h3>\n<\/blockquote>\n<p><strong>AGORDO<\/strong> Domenica escursione con il Cai di Agordo in Val di San Martino. Suggestiva camminata nel Parco Nazionale Dolomiti Bellunesi in una delle valli pi\u00f9 affascinanti del feltrino. Ai piedi delle Vette Feltrine questo itinerario permette di visitare gli antichi insediamenti malghivi del Pian dei Violini, oggi perlopi\u00f9 mura diroccate, all\u2019interno dell\u2019affascinante bosco che la leggenda vuole popolato di folletti. Nel silenzio pi\u00f9 assoluto regna lo scorrere rasserenante del torrente Sti\u00e9n che proprio in quest\u2019area inizia il suo corso e offre lo spettacolo delle caratteristiche \u201cmarmitte\u201d con cascate e giochi d\u2019acqua spettacolari. Nel rientro si attraversa il suggestivo borgo di Las\u00e9n.<br \/>\nEscursione \u00a0classificata<strong> E<\/strong><\/p>\n<p>&nbsp;<\/p>\n<p>&nbsp;<\/p>\n<hr \/>\n<p>&nbsp;<\/p>\n<blockquote>\n<h3>COPERTINA E SERVIZIO DI LE DOLOMITI BELLUNESI PER IL CENTENARIO DELLA SEZIONE CAI DI FELTRE<\/h3>\n<\/blockquote>\n<p><strong>di RENATO BONA<\/strong><\/p>\n<p>Il \u201cSass de Mura con la finestra\u201d (giusto omaggio alla Sezione di Feltre nel centesimo anniversario della fondazione), nella foto di Marco Cassol, per la copertina della rassegna \u201cLe Dolomiti Bellunesi dalla Piave in su\u201d delle Sezioni bellunesi del Club Alpino Italiano (Agordo, Alpago, Auronzo, Belluno, Calalzo, Caprile, Cortina d\u2019Ampezzo, Domegge, Feltre, Livinallongo, Longarone, Lorenzago, Lozzo, Pieve di Cadore, San Vito, Sappada, Val Comelico, Val di Zoldo, Vigo) diretta da Ernesto Majoni, responsabile Silvano Cavallet. Doveroso anche dedicare il primo servizio &#8211; dopo l\u2019editoriale di Cavallet: \u201cIdee per un futuro sostenibile\u201d che riferisce dell\u2019intervento del Cai in Commissione Attivit\u00e0 produttive della Camera dei deputati \u2013 e del quale scrive Patrizio De Cian nell\u2019ottimo servizio intitolato: \u201c1922: nasce il Cai Feltre\u201d nel quale l\u2019autore, socio del Gism (Gruppo italiano scrittori di montagna), esordisce ricordando che: \u201cErano gli anni immediatamente successivi alla fine della prima guerra mondiale; un dopoguerra in cui lentamente si rimarginavano le ferite morali e materiali del conflitto, si cercava di archiviare il doloroso passato, si guardava alla montagna in una luce nuova, non pi\u00f9 di morte e sofferenza, ma di vita e libert\u00e0, e riaffiorava il desiderio di riunirsi insieme, di coltivare con altre persone gli stessi ideali e la comune passione di \u2018andar per monti\u2019\u201d. Ed \u00e8 cos\u00ec che \u201cNell\u2019estate del 1920 uno sparuto gruppo di giovani feltrini appassionati di montagna, in una riunione al Caff\u00e8 Teatro di Piazza Vittorio Emanuele costitu\u00ec con modeste pretese, cos\u00ec ricordava il giornale locale, il Gruppo alpinistico Feltrese, in seguito rinominato Club Alpinisti Feltrini\u201d. Seguono i servizi: \u201cAddio a Giorgio Redaelli il \u2018re del Civetta\u2019\u201d, firmato da Loris Santomaso della Sezione Agordina; \u201c\u201dFacili Vette intorno al Passo Vall\u00e9s\u201d di Sandro Caldini della Sezione di San Vito di Cadore; \u201cSentieri di guerra sulla Croda del Val\u00f3n Bianco\u201d di Fabio Cammelli delle Sezioni Rho e Vipiteno; \u201cAccadimenti sul Monte Peron. Sulle tracce di una linea difensiva austro-ungarica della 1. Guerra mondiale sotto il Peron\u201d, di Giuliano Dal Mas della Sezione di Belluno; \u201cSanto De Toni (1849-1926)\u201d di Giorgio Fontanive della Sezione Agordina; \u201cAiguille Dibona, la freccia di granito\u201d di Giuseppe Gervasio; \u201cDentro le Dolomiti. Storia di un\u2019esplorazione fortunata\u201d di Gianni Lovato della Sezione Agordina e del Club speleologico Proteo di Vicenza; \u201cLe campagne dolomitiche di L.S. Amery\u201d di Enzo Maestripieri della Sezione di Prato. Ancora: \u201c1872-2022: il \u2018mio\u2019 Becco di Mezzod\u00ec. Una lunga storia sull\u2019onda dei ricordi\u201d di Ernesto Majoni; \u201cLa direttissima dell\u2019Antelao. Roger Petrucci Smith e Italo Da Col, 1942\u201d, di Marcello Mason della Sezione di Mestre (fotoarchivio dello stesso e dei Ragni di Pieve di Cadore); \u201cCarlo Balelli, obiettivo speciale sulle Dolomiti in guerra\u201d di Walter Musizza; \u201cLa montagna della piccola Heidi. Montagna-terapia dai bimbi agli adulti\u201d di Lara Pilotto della Sezione di Feltre; \u201cEsplorazioni in Val di Landro e in Val Popena\u201d di Roberto Vecellio, sezione di Cortina d\u2019Ampezzo; \u201cTrekking al Campo base del K2. Dalla conquista alla conoscenza\u201d, di Giancarlo Zonta, Sezione Valcomelico. In chiusura, la pregevole pubblicazione propone: \u201cL\u2019angolo del Gism (Ci vuole lentezza in Montagna, ci vuole lentezza con la bellezza)\u201d di Antonella Fornari socio accademico del Gism; quindi: \u201cRaponzolo di roccia. Le rondini piovute dal cielo\u201d di Daniela Zangrando; \u201cSenza barriere\u201d; il Notiziario e le Cronache sezionali.<\/p>\n\n\t\t\t<style type='text\/css'>\n\t\t\t\t#gallery-5 {\n\t\t\t\t\tmargin: auto;\n\t\t\t\t}\n\t\t\t\t#gallery-5 .gallery-item {\n\t\t\t\t\tfloat: left;\n\t\t\t\t\tmargin-top: 10px;\n\t\t\t\t\ttext-align: center;\n\t\t\t\t\twidth: 16%;\n\t\t\t\t}\n\t\t\t\t#gallery-5 img {\n\t\t\t\t\tborder: 2px solid #cfcfcf;\n\t\t\t\t}\n\t\t\t\t#gallery-5 .gallery-caption {\n\t\t\t\t\tmargin-left: 0;\n\t\t\t\t}\n\t\t\t\t\/* see gallery_shortcode() in wp-includes\/media.php *\/\n\t\t\t<\/style>\n\t\t<div id='gallery-5' class='dt-gallery-container gallery galleryid-284378 gallery-columns-6 gallery-size-thumbnail'><dl class='gallery-item'>\n\t\t\t\t<dt class='gallery-icon portrait'>\n\t\t\t\t\t<a class=\"rollover rollover-zoom dt-pswp-item\" title=\"290724729_1119817421904767_2004246112318097385_n\" data-dt-img-description=\"\" data-large_image_width=\"160\" data-large_image_height=\"225\"href='https:\/\/www.radiopiu.net\/wordpress\/wp-content\/uploads\/2022\/06\/290724729_1119817421904767_2004246112318097385_n.jpg'><img loading=\"lazy\" decoding=\"async\" width=\"150\" height=\"150\" src=\"https:\/\/www.radiopiu.net\/wordpress\/wp-content\/uploads\/2022\/06\/290724729_1119817421904767_2004246112318097385_n-150x150.jpg\" class=\"attachment-thumbnail size-thumbnail\" alt=\"\" \/><\/a>\n\t\t\t\t<\/dt><\/dl><dl class='gallery-item'>\n\t\t\t\t<dt class='gallery-icon landscape'>\n\t\t\t\t\t<a class=\"rollover rollover-zoom dt-pswp-item\" title=\"290511741_701561624278789_2752288017108286881_n\" data-dt-img-description=\"\" data-large_image_width=\"280\" data-large_image_height=\"200\"href='https:\/\/www.radiopiu.net\/wordpress\/wp-content\/uploads\/2022\/06\/290511741_701561624278789_2752288017108286881_n.jpg'><img loading=\"lazy\" decoding=\"async\" width=\"150\" height=\"150\" src=\"https:\/\/www.radiopiu.net\/wordpress\/wp-content\/uploads\/2022\/06\/290511741_701561624278789_2752288017108286881_n-150x150.jpg\" class=\"attachment-thumbnail size-thumbnail\" alt=\"\" \/><\/a>\n\t\t\t\t<\/dt><\/dl><dl class='gallery-item'>\n\t\t\t\t<dt class='gallery-icon landscape'>\n\t\t\t\t\t<a class=\"rollover rollover-zoom dt-pswp-item\" title=\"290311170_612224976660022_3923133524028478922_n\" data-dt-img-description=\"\" data-large_image_width=\"296\" data-large_image_height=\"204\"href='https:\/\/www.radiopiu.net\/wordpress\/wp-content\/uploads\/2022\/06\/290311170_612224976660022_3923133524028478922_n.jpg'><img loading=\"lazy\" decoding=\"async\" width=\"150\" height=\"150\" src=\"https:\/\/www.radiopiu.net\/wordpress\/wp-content\/uploads\/2022\/06\/290311170_612224976660022_3923133524028478922_n-150x150.jpg\" class=\"attachment-thumbnail size-thumbnail\" alt=\"\" \/><\/a>\n\t\t\t\t<\/dt><\/dl><dl class='gallery-item'>\n\t\t\t\t<dt class='gallery-icon landscape'>\n\t\t\t\t\t<a class=\"rollover rollover-zoom dt-pswp-item\" title=\"290531820_730602188174169_2583035544738644633_n\" data-dt-img-description=\"\" data-large_image_width=\"261\" data-large_image_height=\"206\"href='https:\/\/www.radiopiu.net\/wordpress\/wp-content\/uploads\/2022\/06\/290531820_730602188174169_2583035544738644633_n.jpg'><img loading=\"lazy\" decoding=\"async\" width=\"150\" height=\"150\" src=\"https:\/\/www.radiopiu.net\/wordpress\/wp-content\/uploads\/2022\/06\/290531820_730602188174169_2583035544738644633_n-150x150.jpg\" class=\"attachment-thumbnail size-thumbnail\" alt=\"\" \/><\/a>\n\t\t\t\t<\/dt><\/dl><dl class='gallery-item'>\n\t\t\t\t<dt class='gallery-icon landscape'>\n\t\t\t\t\t<a class=\"rollover rollover-zoom dt-pswp-item\" title=\"290365998_929986727852509_8445676580920376633_n\" data-dt-img-description=\"\" data-large_image_width=\"315\" data-large_image_height=\"206\"href='https:\/\/www.radiopiu.net\/wordpress\/wp-content\/uploads\/2022\/06\/290365998_929986727852509_8445676580920376633_n.jpg'><img loading=\"lazy\" decoding=\"async\" width=\"150\" height=\"150\" src=\"https:\/\/www.radiopiu.net\/wordpress\/wp-content\/uploads\/2022\/06\/290365998_929986727852509_8445676580920376633_n-150x150.jpg\" class=\"attachment-thumbnail size-thumbnail\" alt=\"\" \/><\/a>\n\t\t\t\t<\/dt><\/dl><dl class='gallery-item'>\n\t\t\t\t<dt class='gallery-icon landscape'>\n\t\t\t\t\t<a class=\"rollover rollover-zoom dt-pswp-item\" title=\"290568470_1167976253775310_6366225595944057844_n\" data-dt-img-description=\"\" data-large_image_width=\"309\" data-large_image_height=\"206\"href='https:\/\/www.radiopiu.net\/wordpress\/wp-content\/uploads\/2022\/06\/290568470_1167976253775310_6366225595944057844_n.jpg'><img loading=\"lazy\" decoding=\"async\" width=\"150\" height=\"150\" src=\"https:\/\/www.radiopiu.net\/wordpress\/wp-content\/uploads\/2022\/06\/290568470_1167976253775310_6366225595944057844_n-150x150.jpg\" class=\"attachment-thumbnail size-thumbnail\" alt=\"\" \/><\/a>\n\t\t\t\t<\/dt><\/dl><br style=\"clear: both\" \/><dl class='gallery-item'>\n\t\t\t\t<dt class='gallery-icon portrait'>\n\t\t\t\t\t<a class=\"rollover rollover-zoom dt-pswp-item\" title=\"290476364_1484970351958233_8289283101483124105_n\" data-dt-img-description=\"\" data-large_image_width=\"153\" data-large_image_height=\"247\"href='https:\/\/www.radiopiu.net\/wordpress\/wp-content\/uploads\/2022\/06\/290476364_1484970351958233_8289283101483124105_n.jpg'><img loading=\"lazy\" decoding=\"async\" width=\"150\" height=\"150\" src=\"https:\/\/www.radiopiu.net\/wordpress\/wp-content\/uploads\/2022\/06\/290476364_1484970351958233_8289283101483124105_n-150x150.jpg\" class=\"attachment-thumbnail size-thumbnail\" alt=\"\" \/><\/a>\n\t\t\t\t<\/dt><\/dl><dl class='gallery-item'>\n\t\t\t\t<dt class='gallery-icon landscape'>\n\t\t\t\t\t<a class=\"rollover rollover-zoom dt-pswp-item\" title=\"291308610_303856908545326_4251609610731164183_n\" data-dt-img-description=\"\" data-large_image_width=\"320\" data-large_image_height=\"206\"href='https:\/\/www.radiopiu.net\/wordpress\/wp-content\/uploads\/2022\/06\/291308610_303856908545326_4251609610731164183_n.jpg'><img loading=\"lazy\" decoding=\"async\" width=\"150\" height=\"150\" src=\"https:\/\/www.radiopiu.net\/wordpress\/wp-content\/uploads\/2022\/06\/291308610_303856908545326_4251609610731164183_n-150x150.jpg\" class=\"attachment-thumbnail size-thumbnail\" alt=\"\" \/><\/a>\n\t\t\t\t<\/dt><\/dl><dl class='gallery-item'>\n\t\t\t\t<dt class='gallery-icon landscape'>\n\t\t\t\t\t<a class=\"rollover rollover-zoom dt-pswp-item\" title=\"290824578_573597110812378_1300712153348551674_n\" data-dt-img-description=\"\" data-large_image_width=\"280\" data-large_image_height=\"199\"href='https:\/\/www.radiopiu.net\/wordpress\/wp-content\/uploads\/2022\/06\/290824578_573597110812378_1300712153348551674_n.jpg'><img loading=\"lazy\" decoding=\"async\" width=\"150\" height=\"150\" src=\"https:\/\/www.radiopiu.net\/wordpress\/wp-content\/uploads\/2022\/06\/290824578_573597110812378_1300712153348551674_n-150x150.jpg\" class=\"attachment-thumbnail size-thumbnail\" alt=\"\" \/><\/a>\n\t\t\t\t<\/dt><\/dl><dl class='gallery-item'>\n\t\t\t\t<dt class='gallery-icon portrait'>\n\t\t\t\t\t<a class=\"rollover rollover-zoom dt-pswp-item\" title=\"290588603_1072702933376347_1484392700666803059_n\" data-dt-img-description=\"\" data-large_image_width=\"150\" data-large_image_height=\"280\"href='https:\/\/www.radiopiu.net\/wordpress\/wp-content\/uploads\/2022\/06\/290588603_1072702933376347_1484392700666803059_n.jpg'><img loading=\"lazy\" decoding=\"async\" width=\"150\" height=\"150\" src=\"https:\/\/www.radiopiu.net\/wordpress\/wp-content\/uploads\/2022\/06\/290588603_1072702933376347_1484392700666803059_n-150x150.jpg\" class=\"attachment-thumbnail size-thumbnail\" alt=\"\" \/><\/a>\n\t\t\t\t<\/dt><\/dl><dl class='gallery-item'>\n\t\t\t\t<dt class='gallery-icon landscape'>\n\t\t\t\t\t<a class=\"rollover rollover-zoom dt-pswp-item\" title=\"290385742_428980309226909_27006351778061325_n\" data-dt-img-description=\"\" data-large_image_width=\"253\" data-large_image_height=\"206\"href='https:\/\/www.radiopiu.net\/wordpress\/wp-content\/uploads\/2022\/06\/290385742_428980309226909_27006351778061325_n.jpg'><img loading=\"lazy\" decoding=\"async\" width=\"150\" height=\"150\" src=\"https:\/\/www.radiopiu.net\/wordpress\/wp-content\/uploads\/2022\/06\/290385742_428980309226909_27006351778061325_n-150x150.jpg\" class=\"attachment-thumbnail size-thumbnail\" alt=\"\" \/><\/a>\n\t\t\t\t<\/dt><\/dl><dl class='gallery-item'>\n\t\t\t\t<dt class='gallery-icon landscape'>\n\t\t\t\t\t<a class=\"rollover rollover-zoom dt-pswp-item\" title=\"290528251_738575024009089_5791268784132802627_n\" data-dt-img-description=\"\" data-large_image_width=\"316\" data-large_image_height=\"206\"href='https:\/\/www.radiopiu.net\/wordpress\/wp-content\/uploads\/2022\/06\/290528251_738575024009089_5791268784132802627_n.jpg'><img loading=\"lazy\" decoding=\"async\" width=\"150\" height=\"150\" src=\"https:\/\/www.radiopiu.net\/wordpress\/wp-content\/uploads\/2022\/06\/290528251_738575024009089_5791268784132802627_n-150x150.jpg\" class=\"attachment-thumbnail size-thumbnail\" alt=\"\" \/><\/a>\n\t\t\t\t<\/dt><\/dl><br style=\"clear: both\" \/><dl class='gallery-item'>\n\t\t\t\t<dt class='gallery-icon landscape'>\n\t\t\t\t\t<a class=\"rollover rollover-zoom dt-pswp-item\" title=\"290691805_1240397233367233_6026223657512969681_n\" data-dt-img-description=\"\" data-large_image_width=\"296\" data-large_image_height=\"199\"href='https:\/\/www.radiopiu.net\/wordpress\/wp-content\/uploads\/2022\/06\/290691805_1240397233367233_6026223657512969681_n.jpg'><img loading=\"lazy\" decoding=\"async\" width=\"150\" height=\"150\" src=\"https:\/\/www.radiopiu.net\/wordpress\/wp-content\/uploads\/2022\/06\/290691805_1240397233367233_6026223657512969681_n-150x150.jpg\" class=\"attachment-thumbnail size-thumbnail\" alt=\"\" \/><\/a>\n\t\t\t\t<\/dt><\/dl><dl class='gallery-item'>\n\t\t\t\t<dt class='gallery-icon portrait'>\n\t\t\t\t\t<a class=\"rollover rollover-zoom dt-pswp-item\" title=\"291295268_1012484799461266_7570031950605132092_n\" data-dt-img-description=\"\" data-large_image_width=\"158\" data-large_image_height=\"206\"href='https:\/\/www.radiopiu.net\/wordpress\/wp-content\/uploads\/2022\/06\/291295268_1012484799461266_7570031950605132092_n.jpg'><img loading=\"lazy\" decoding=\"async\" width=\"150\" height=\"150\" src=\"https:\/\/www.radiopiu.net\/wordpress\/wp-content\/uploads\/2022\/06\/291295268_1012484799461266_7570031950605132092_n-150x150.jpg\" class=\"attachment-thumbnail size-thumbnail\" alt=\"\" \/><\/a>\n\t\t\t\t<\/dt><\/dl><dl class='gallery-item'>\n\t\t\t\t<dt class='gallery-icon landscape'>\n\t\t\t\t\t<a class=\"rollover rollover-zoom dt-pswp-item\" title=\"290647898_440131331452825_2714143916104281963_n\" data-dt-img-description=\"\" data-large_image_width=\"318\" data-large_image_height=\"206\"href='https:\/\/www.radiopiu.net\/wordpress\/wp-content\/uploads\/2022\/06\/290647898_440131331452825_2714143916104281963_n.jpg'><img loading=\"lazy\" decoding=\"async\" width=\"150\" height=\"150\" src=\"https:\/\/www.radiopiu.net\/wordpress\/wp-content\/uploads\/2022\/06\/290647898_440131331452825_2714143916104281963_n-150x150.jpg\" class=\"attachment-thumbnail size-thumbnail\" alt=\"\" \/><\/a>\n\t\t\t\t<\/dt><\/dl><dl class='gallery-item'>\n\t\t\t\t<dt class='gallery-icon landscape'>\n\t\t\t\t\t<a class=\"rollover rollover-zoom dt-pswp-item\" title=\"290403889_1062039298077822_3480489434341380631_n\" data-dt-img-description=\"\" data-large_image_width=\"279\" data-large_image_height=\"206\"href='https:\/\/www.radiopiu.net\/wordpress\/wp-content\/uploads\/2022\/06\/290403889_1062039298077822_3480489434341380631_n.jpg'><img loading=\"lazy\" decoding=\"async\" width=\"150\" height=\"150\" src=\"https:\/\/www.radiopiu.net\/wordpress\/wp-content\/uploads\/2022\/06\/290403889_1062039298077822_3480489434341380631_n-150x150.jpg\" class=\"attachment-thumbnail size-thumbnail\" alt=\"\" \/><\/a>\n\t\t\t\t<\/dt><\/dl>\n\t\t\t\t<br style='clear: both' \/>\n\t\t\t<\/div>\n\n<p>NELLE FOTO (riproduzioni da \u201cLe Dolomiti Bellunesi\u201d): la copertina della prestigiosa pubblicazione; 11-12 giugno 1922 festa per l\u2019inaugurazione della sezione di Feltre sulla Rosetta nelle Pale di San Martino; Valle di San Lucano 28 agosto 2009 Redaelli, Bonafede, Sorgato con Loris Santomaso (primo a sinistra) e Bepi Pellegrinon (ultimo a destra) in occasione della serata dedicata ai grandi protagonisti della mitica prima invernale della Solleder del 1963; Cima Caladora e Venegiota dalla Cima Venegia; Croda del Val\u00f3n Bianco dalla Cengia Paolina in Tofana; il Monte Peron si riflette nel lago di Vedana; Santo De Toni al tempo delle sue epiche imprese nel primo decennio del \u2018900; l\u2019Alguille Dibona; Pozzo El Cenoter, estate 1999 (foto Gianni Lovato); Leopold Stennett Amery; Santo Siorpaes Salvador e, a destra: Arcangelo Siorpaes de Valbona e Beatrice Tomasson alla base del Becco di Mezzod\u00ec; il tracciato della via Petrucci Smith-Da Col (archivio Marcello Masoni) e Arturo Fornasier (archivio Gruppo Ragni di Pieve di Cadore); Baelli, osservatorio Staunies, ottobre 1916; disegno di Heidi; il lago Malga di Mezzo 2222 metri; Campo di Urdukas e Campo Gore con Mashebrum del K2.<\/p>\n<p>&nbsp;<\/p>\n<p>&nbsp;<\/p>\n<hr \/>\n<p>&nbsp;<\/p>\n<h2><span style=\"color: #ff0000;\">IERI ALLA RADIO<\/span><\/h2>\n<h2><strong><a class=\"dt-pswp-item\" href=\"https:\/\/www.radiopiu.net\/wordpress\/wp-content\/uploads\/2022\/06\/DOLOMITI-HIKE-BIKE.png\" data-dt-img-description=\"\" data-large_image_width=\"392\" data-large_image_height=\"478\"><img loading=\"lazy\" decoding=\"async\" class=\"alignleft wp-image-283128 \" src=\"https:\/\/www.radiopiu.net\/wordpress\/wp-content\/uploads\/2022\/06\/DOLOMITI-HIKE-BIKE-246x300.png\" alt=\"\" width=\"123\" height=\"150\" srcset=\"https:\/\/www.radiopiu.net\/wordpress\/wp-content\/uploads\/2022\/06\/DOLOMITI-HIKE-BIKE-246x300.png 246w, https:\/\/www.radiopiu.net\/wordpress\/wp-content\/uploads\/2022\/06\/DOLOMITI-HIKE-BIKE.png 392w\" sizes=\"auto, (max-width: 123px) 100vw, 123px\" \/><\/a><\/strong><span style=\"color: #008000;\">DOLOMITI HIKE &amp; BIKE, L&#8217;EVENTO A SAN TOMASO<\/span><\/h2>\n<p><strong>di Claudio Fontanive<\/strong><\/p>\n<p>OSPITI: Moreno De Val (Sindaco di San Tomaso), Thomas Soppera e Moreno Geremetta<\/p>\n<audio class=\"wp-audio-shortcode\" id=\"audio-284378-14\" preload=\"none\" style=\"width: 100%;\" controls=\"controls\"><source type=\"audio\/mpeg\" src=\"https:\/\/www.radiopiu.net\/wordpress\/wp-content\/uploads\/2022\/06\/dolomiti-hike-e-bike-23-giugno.mp3?_=14\" \/><a href=\"https:\/\/www.radiopiu.net\/wordpress\/wp-content\/uploads\/2022\/06\/dolomiti-hike-e-bike-23-giugno.mp3\">https:\/\/www.radiopiu.net\/wordpress\/wp-content\/uploads\/2022\/06\/dolomiti-hike-e-bike-23-giugno.mp3<\/a><\/audio>\n<p>&nbsp;<\/p>\n<hr \/>\n<p>&nbsp;<\/p>\n<h2><strong><a class=\"dt-pswp-item\" href=\"https:\/\/www.radiopiu.net\/wordpress\/wp-content\/uploads\/2019\/02\/Logo_Spi-CGIL-800x445.jpg\" data-dt-img-description=\"\" data-large_image_width=\"800\" data-large_image_height=\"445\"><img loading=\"lazy\" decoding=\"async\" class=\"alignleft wp-image-75538 \" src=\"https:\/\/www.radiopiu.net\/wordpress\/wp-content\/uploads\/2019\/02\/Logo_Spi-CGIL-800x445-300x167.jpg\" alt=\"\" width=\"167\" height=\"93\" srcset=\"https:\/\/www.radiopiu.net\/wordpress\/wp-content\/uploads\/2019\/02\/Logo_Spi-CGIL-800x445-300x167.jpg 300w, https:\/\/www.radiopiu.net\/wordpress\/wp-content\/uploads\/2019\/02\/Logo_Spi-CGIL-800x445-768x427.jpg 768w, https:\/\/www.radiopiu.net\/wordpress\/wp-content\/uploads\/2019\/02\/Logo_Spi-CGIL-800x445.jpg 800w\" sizes=\"auto, (max-width: 167px) 100vw, 167px\" \/><\/a><span style=\"color: #ff0000;\">SPECIALE SPI CGIL &#8211; 30 GIUGNO 2022<\/span><\/strong><\/h2>\n<p><strong>di Claudio Fontanive<\/strong><\/p>\n<p>OSPITE: Maria Rita Gentilin<\/p>\n<audio class=\"wp-audio-shortcode\" id=\"audio-284378-15\" preload=\"none\" style=\"width: 100%;\" controls=\"controls\"><source type=\"audio\/mpeg\" src=\"https:\/\/www.radiopiu.net\/wordpress\/wp-content\/uploads\/2022\/06\/spi-genilin-30-giugno-1.mp3?_=15\" \/><a href=\"https:\/\/www.radiopiu.net\/wordpress\/wp-content\/uploads\/2022\/06\/spi-genilin-30-giugno-1.mp3\">https:\/\/www.radiopiu.net\/wordpress\/wp-content\/uploads\/2022\/06\/spi-genilin-30-giugno-1.mp3<\/a><\/audio>\n<p>&nbsp;<\/p>\n<hr \/>\n<p>&nbsp;<\/p>\n<p>&nbsp;<\/p>\n<h2><span style=\"color: #008080;\">I PRIMI APPUNTAMENTI DI AGORDO MUSICA. IN VALLE DI SAN LUCANO E AL CASTELLO DI ANDRAZ<\/span><\/h2>\n<p><strong><a class=\"dt-pswp-item\" href=\"https:\/\/www.radiopiu.net\/wordpress\/wp-content\/uploads\/2022\/06\/289344580_1356341784859322_3257643499431544439_n.jpg\" data-dt-img-description=\"\" data-large_image_width=\"2048\" data-large_image_height=\"1151\"><img loading=\"lazy\" decoding=\"async\" class=\"alignleft wp-image-284309 \" src=\"https:\/\/www.radiopiu.net\/wordpress\/wp-content\/uploads\/2022\/06\/289344580_1356341784859322_3257643499431544439_n-300x169.jpg\" alt=\"\" width=\"190\" height=\"107\" srcset=\"https:\/\/www.radiopiu.net\/wordpress\/wp-content\/uploads\/2022\/06\/289344580_1356341784859322_3257643499431544439_n-300x169.jpg 300w, https:\/\/www.radiopiu.net\/wordpress\/wp-content\/uploads\/2022\/06\/289344580_1356341784859322_3257643499431544439_n-1024x576.jpg 1024w, https:\/\/www.radiopiu.net\/wordpress\/wp-content\/uploads\/2022\/06\/289344580_1356341784859322_3257643499431544439_n-768x432.jpg 768w, https:\/\/www.radiopiu.net\/wordpress\/wp-content\/uploads\/2022\/06\/289344580_1356341784859322_3257643499431544439_n-1536x863.jpg 1536w, https:\/\/www.radiopiu.net\/wordpress\/wp-content\/uploads\/2022\/06\/289344580_1356341784859322_3257643499431544439_n.jpg 2048w\" sizes=\"auto, (max-width: 190px) 100vw, 190px\" \/><\/a>REDAZIONE<\/strong> Due appuntamenti in due giorni organizzati da Agordo Musica. Oggi in Valle di San Lucano a Taibon Agordino e domani al Catello di Andraz a Livinallongo con &#8220;Le 8 Stagioni&#8221;. Alla fisarmonica Luca Piovesan e al Violino Francesco Comisso.<\/p>\n<p><strong>L&#8217;INTERVISTA A LUCA PIOVASAN<\/strong><\/p>\n<audio class=\"wp-audio-shortcode\" id=\"audio-284378-16\" preload=\"none\" style=\"width: 100%;\" controls=\"controls\"><source type=\"audio\/mpeg\" src=\"https:\/\/www.radiopiu.net\/wordpress\/wp-content\/uploads\/2022\/06\/Intervista-Piovesan.mp3?_=16\" \/><a href=\"https:\/\/www.radiopiu.net\/wordpress\/wp-content\/uploads\/2022\/06\/Intervista-Piovesan.mp3\">https:\/\/www.radiopiu.net\/wordpress\/wp-content\/uploads\/2022\/06\/Intervista-Piovesan.mp3<\/a><\/audio>\n<p>&nbsp;<\/p>\n<p>&nbsp;<\/p>\n<hr \/>\n<p>&nbsp;<\/p>\n<h3 class=\"kvgmc6g5 cxmmr5t8 oygrvhab hcukyx3x c1et5uql\"><span style=\"color: #0000ff;\"><strong>INFORMAZIONE il canale su TELEGRAM informazione di prima mano e in tempo reale. iscriviti ed aiutaci a farlo conoscere\u00a0 \u00a0<\/strong><\/span><\/h3>\n<p>&nbsp;<\/p>\n<hr \/>\n<p>&nbsp;<\/p>\n<blockquote>\n<h2><span style=\"color: #800080;\">STORIE A QUATTROCCHI<br \/>\nOGGI ALLE 9 E ALLE 18 LA NUOVA PUNTATA CON ELENA E STEFANIA<\/span><\/h2>\n<\/blockquote>\n<p>&nbsp;<\/p>\n<p><strong>LA RACCOLTA COMPLETA\u00a0<\/strong><\/p>\n<blockquote class=\"wp-embedded-content\" data-secret=\"9qUU5rTaDC\"><p><a href=\"https:\/\/www.radiopiu.net\/wordpress\/storie-a-quattrocchi\/\">Storie a quattrocchi<\/a><\/p><\/blockquote>\n<p><iframe loading=\"lazy\" class=\"wp-embedded-content\" sandbox=\"allow-scripts\" security=\"restricted\" style=\"position: absolute; clip: rect(1px, 1px, 1px, 1px);\" title=\"&#8220;Storie a quattrocchi&#8221; &#8212; Radio Pi\u00f9\" src=\"https:\/\/www.radiopiu.net\/wordpress\/storie-a-quattrocchi\/embed\/#?secret=a674OTgcaK#?secret=9qUU5rTaDC\" data-secret=\"9qUU5rTaDC\" width=\"600\" height=\"338\" frameborder=\"0\" marginwidth=\"0\" marginheight=\"0\" scrolling=\"no\"><\/iframe><\/p>\n<p>&nbsp;<\/p>\n<hr \/>\n<p>&nbsp;<\/p>\n<h2><\/h2>\n<h2><span style=\"color: #008080;\">&#8220;DINTORN E FORA VIA&#8221; A CURA DEL MUSLA, IL NUOVO PROGRAMMA\u00a0 \u00a0<\/span><\/h2>\n<p><strong><a class=\"dt-pswp-item\" href=\"https:\/\/www.radiopiu.net\/wordpress\/wp-content\/uploads\/2022\/05\/51fe5cab-a7bf-4347-b03c-ebdb0d3bcbcb.jpg\" data-dt-img-description=\"\" data-large_image_width=\"566\" data-large_image_height=\"309\"><img loading=\"lazy\" decoding=\"async\" class=\"alignleft wp-image-276220 \" src=\"https:\/\/www.radiopiu.net\/wordpress\/wp-content\/uploads\/2022\/05\/51fe5cab-a7bf-4347-b03c-ebdb0d3bcbcb-300x164.jpg\" alt=\"\" width=\"176\" height=\"96\" srcset=\"https:\/\/www.radiopiu.net\/wordpress\/wp-content\/uploads\/2022\/05\/51fe5cab-a7bf-4347-b03c-ebdb0d3bcbcb-300x164.jpg 300w, https:\/\/www.radiopiu.net\/wordpress\/wp-content\/uploads\/2022\/05\/51fe5cab-a7bf-4347-b03c-ebdb0d3bcbcb.jpg 566w\" sizes=\"auto, (max-width: 176px) 100vw, 176px\" \/><\/a>PUNTATA DEL 28 GIUGNO 2022-\u00a0 ELEONORA TROI<\/strong><\/p>\n<audio class=\"wp-audio-shortcode\" id=\"audio-284378-17\" preload=\"none\" style=\"width: 100%;\" controls=\"controls\"><source type=\"audio\/mpeg\" src=\"https:\/\/www.radiopiu.net\/wordpress\/wp-content\/uploads\/2022\/06\/MUSLA-3.mp3?_=17\" \/><a href=\"https:\/\/www.radiopiu.net\/wordpress\/wp-content\/uploads\/2022\/06\/MUSLA-3.mp3\">https:\/\/www.radiopiu.net\/wordpress\/wp-content\/uploads\/2022\/06\/MUSLA-3.mp3<\/a><\/audio>\n<p>&nbsp;<\/p>\n<p>&nbsp;<\/p>\n<hr \/>\n<p>&nbsp;<\/p>\n<p><strong>LA RACCOLTA COMPLETA<\/strong><\/p>\n<blockquote class=\"wp-embedded-content\" data-secret=\"a9bQJJZSZz\"><p><a href=\"https:\/\/www.radiopiu.net\/wordpress\/musla\/\">MUSLA<\/a><\/p><\/blockquote>\n<p><iframe loading=\"lazy\" class=\"wp-embedded-content\" sandbox=\"allow-scripts\" security=\"restricted\" style=\"position: absolute; clip: rect(1px, 1px, 1px, 1px);\" title=\"&#8220;MUSLA&#8221; &#8212; Radio Pi\u00f9\" src=\"https:\/\/www.radiopiu.net\/wordpress\/musla\/embed\/#?secret=JfCnkQInhN#?secret=a9bQJJZSZz\" data-secret=\"a9bQJJZSZz\" width=\"600\" height=\"338\" frameborder=\"0\" marginwidth=\"0\" marginheight=\"0\" scrolling=\"no\"><\/iframe><\/p>\n<h3><\/h3>\n<p>&nbsp;<\/p>\n<hr \/>\n<p>&nbsp;<\/p>\n<p>&nbsp;<\/p>\n<p>&nbsp;<\/p>\n<div>\n<div class=\"b654a4as d2edcug0\">\n<div class=\"rq0escxv hkbzh7o3 jwdofwj8 n8tt0mok r8blr3vg hyh9befq\">\n<p><a class=\"dt-pswp-item\" href=\"https:\/\/www.radiopiu.net\/wordpress\/wp-content\/uploads\/2020\/10\/pp.jpg\" data-dt-img-description=\"\" data-large_image_width=\"640\" data-large_image_height=\"640\"><img loading=\"lazy\" decoding=\"async\" class=\"wp-image-163678 alignleft\" src=\"https:\/\/www.radiopiu.net\/wordpress\/wp-content\/uploads\/2020\/10\/pp-300x300.jpg\" alt=\"\" width=\"106\" height=\"106\" srcset=\"https:\/\/www.radiopiu.net\/wordpress\/wp-content\/uploads\/2020\/10\/pp-300x300.jpg 300w, https:\/\/www.radiopiu.net\/wordpress\/wp-content\/uploads\/2020\/10\/pp-150x150.jpg 150w, https:\/\/www.radiopiu.net\/wordpress\/wp-content\/uploads\/2020\/10\/pp-125x125.jpg 125w, https:\/\/www.radiopiu.net\/wordpress\/wp-content\/uploads\/2020\/10\/pp-200x200.jpg 200w, https:\/\/www.radiopiu.net\/wordpress\/wp-content\/uploads\/2020\/10\/pp-80x80.jpg 80w, https:\/\/www.radiopiu.net\/wordpress\/wp-content\/uploads\/2020\/10\/pp-480x480.jpg 480w, https:\/\/www.radiopiu.net\/wordpress\/wp-content\/uploads\/2020\/10\/pp.jpg 640w\" sizes=\"auto, (max-width: 106px) 100vw, 106px\" \/><\/a><\/p>\n<\/div>\n<\/div>\n<\/div>\n<div>\n<div class=\"page-title-head hgroup\">\n<div class=\"page-title-head hgroup\">\n<div class=\"b654a4as d2edcug0\">\n<div class=\"j83agx80 btwxx1t3 lhclo0ds hop8lmos nkwizq5d scwd0bx6 roh60bw9\">\n<div class=\"rq0escxv hkbzh7o3 jwdofwj8 n8tt0mok r8blr3vg hyh9befq\">\n<div class=\"do00u71z l9j0dhe7 k4urcfbm\">\n<h2><span style=\"color: #000080;\">DON CESARE, IL PENSIERO DEL GIORNO. ALLA RADIO ALLE 7 DEL MATTINO E ALLE 19.30 DELLA SERA.\u00a0<\/span><\/h2>\n<\/div>\n<audio class=\"wp-audio-shortcode\" id=\"audio-284378-18\" preload=\"none\" style=\"width: 100%;\" controls=\"controls\"><source type=\"audio\/mpeg\" src=\"https:\/\/www.radiopiu.net\/wordpress\/wp-content\/uploads\/2022\/07\/CESARE.mp3?_=18\" \/><a href=\"https:\/\/www.radiopiu.net\/wordpress\/wp-content\/uploads\/2022\/07\/CESARE.mp3\">https:\/\/www.radiopiu.net\/wordpress\/wp-content\/uploads\/2022\/07\/CESARE.mp3<\/a><\/audio>\n<\/div>\n<\/div>\n<\/div>\n<\/div>\n<\/div>\n<\/div>\n<p>&nbsp;<\/p>\n<hr \/>\n<p>&nbsp;<\/p>\n<div class=\"do00u71z l9j0dhe7 k4urcfbm\">\n<div class=\"page-title-head hgroup\">\n<div class=\"page-title-head hgroup\">\n<div class=\"b654a4as d2edcug0\">\n<div class=\"j83agx80 btwxx1t3 lhclo0ds hop8lmos nkwizq5d scwd0bx6 roh60bw9\">\n<div class=\"rq0escxv hkbzh7o3 jwdofwj8 n8tt0mok r8blr3vg hyh9befq\">\n<div class=\"do00u71z l9j0dhe7 k4urcfbm\">\n<div class=\"page-title-head hgroup\">\n<div class=\"page-title-head hgroup\">\n<div class=\"b654a4as d2edcug0\">\n<div class=\"j83agx80 btwxx1t3 lhclo0ds hop8lmos nkwizq5d scwd0bx6 roh60bw9\">\n<div class=\"rq0escxv hkbzh7o3 jwdofwj8 n8tt0mok r8blr3vg hyh9befq\">\n<div class=\"do00u71z l9j0dhe7 k4urcfbm\">\n<div class=\"ecm0bbzt e5nlhep0 a8c37x1j\">\n<div class=\"kvgmc6g5 cxmmr5t8 oygrvhab hcukyx3x c1et5uql\">\n<div class=\"gmail-kvgmc6g5 gmail-cxmmr5t8 gmail-oygrvhab gmail-hcukyx3x gmail-c1et5uql gmail-ii04i59q\">\n<div class=\"page-title-head hgroup\">\n<div class=\"page-title-head hgroup\">\n<div class=\"b654a4as d2edcug0\">\n<div class=\"j83agx80 btwxx1t3 lhclo0ds hop8lmos nkwizq5d scwd0bx6 roh60bw9\">\n<div class=\"rq0escxv hkbzh7o3 jwdofwj8 n8tt0mok r8blr3vg hyh9befq\">\n<div class=\"do00u71z l9j0dhe7 k4urcfbm\">\n<div class=\"page-title-head hgroup\">\n<div class=\"page-title-head hgroup\">\n<div class=\"b654a4as d2edcug0\">\n<div class=\"j83agx80 btwxx1t3 lhclo0ds hop8lmos nkwizq5d scwd0bx6 roh60bw9\">\n<div class=\"rq0escxv hkbzh7o3 jwdofwj8 n8tt0mok r8blr3vg hyh9befq\">\n<div class=\"do00u71z l9j0dhe7 k4urcfbm\">\n<div class=\"page-title-head hgroup\">\n<div class=\"page-title-head hgroup\">\n<div class=\"b654a4as d2edcug0\">\n<div class=\"j83agx80 btwxx1t3 lhclo0ds hop8lmos nkwizq5d scwd0bx6 roh60bw9\">\n<div class=\"rq0escxv hkbzh7o3 jwdofwj8 n8tt0mok r8blr3vg hyh9befq\">\n<div class=\"do00u71z l9j0dhe7 k4urcfbm\">\n<div class=\"ecm0bbzt e5nlhep0 a8c37x1j\">\n<div class=\"kvgmc6g5 cxmmr5t8 oygrvhab hcukyx3x c1et5uql\">\n<div class=\"gmail-kvgmc6g5 gmail-cxmmr5t8 gmail-oygrvhab gmail-hcukyx3x gmail-c1et5uql gmail-ii04i59q\">\n<div class=\"page-title-head hgroup\">\n<div class=\"page-title-head hgroup\">\n<div class=\"b654a4as d2edcug0\">\n<div class=\"j83agx80 btwxx1t3 lhclo0ds hop8lmos nkwizq5d scwd0bx6 roh60bw9\">\n<div class=\"rq0escxv hkbzh7o3 jwdofwj8 n8tt0mok r8blr3vg hyh9befq\">\n<div class=\"do00u71z l9j0dhe7 k4urcfbm\">\n<blockquote>\n<h3><span style=\"color: #ff0000;\">IN VIVO VERSO,\u00a0 RIASCOLTIAMOLE DAL LUNEDI AL VENERDI ALLE 7.10, 10.10, 18 50<\/span><\/h3>\n<h3>RIASCOLTIAMOLE, STAGIONE2019_2020 MARIANO GROSSI &#8220;UN OMO CON LE PALLE&#8221;<\/h3>\n<\/blockquote>\n<p><strong>AUDIO<\/strong><\/p>\n<audio class=\"wp-audio-shortcode\" id=\"audio-284378-19\" preload=\"none\" style=\"width: 100%;\" controls=\"controls\"><source type=\"audio\/mpeg\" src=\"https:\/\/www.radiopiu.net\/wordpress\/wp-content\/uploads\/2022\/06\/04-LUNEDI-MARIANO-GROSSI-UN-OMO-CON-LE-PALLE.mp3?_=19\" \/><a href=\"https:\/\/www.radiopiu.net\/wordpress\/wp-content\/uploads\/2022\/06\/04-LUNEDI-MARIANO-GROSSI-UN-OMO-CON-LE-PALLE.mp3\">https:\/\/www.radiopiu.net\/wordpress\/wp-content\/uploads\/2022\/06\/04-LUNEDI-MARIANO-GROSSI-UN-OMO-CON-LE-PALLE.mp3<\/a><\/audio>\n<p><strong><img loading=\"lazy\" decoding=\"async\" class=\"alignnone\" src=\"https:\/\/www.radiopiu.net\/wordpress\/wp-content\/uploads\/2022\/04\/foto-mariano-grossi-225x300-1.jpg\" width=\"101\" height=\"96\" \/><\/strong><\/p>\n<h3><strong style=\"font-size: 14px;\">LA RACCOLTA COMPLETA<\/strong><\/h3>\n<blockquote class=\"wp-embedded-content\" data-secret=\"sTfehaAGof\"><p><a href=\"https:\/\/www.radiopiu.net\/wordpress\/in-vivo-verso\/\">In Vivo Verso<\/a><\/p><\/blockquote>\n<p><iframe loading=\"lazy\" class=\"wp-embedded-content\" sandbox=\"allow-scripts\" security=\"restricted\" style=\"position: absolute; clip: rect(1px, 1px, 1px, 1px);\" title=\"&#8220;In Vivo Verso&#8221; &#8212; Radio Pi\u00f9\" src=\"https:\/\/www.radiopiu.net\/wordpress\/in-vivo-verso\/embed\/#?secret=xiSlgne8fT#?secret=sTfehaAGof\" data-secret=\"sTfehaAGof\" width=\"600\" height=\"338\" frameborder=\"0\" marginwidth=\"0\" marginheight=\"0\" scrolling=\"no\"><\/iframe><\/p>\n<p>&nbsp;<\/p>\n<hr \/>\n<p>&nbsp;<\/p>\n<p><span style=\"color: #0000ff;\">MUSICA PIU&#8217;\u00a0<\/span><\/p>\n<p><a href=\"https:\/\/www.radiopiu.net\/wordpress\/giornale-radiopiu-20-settembre-2021-direttore-mirko-mezzacasa\/pp-79\/\" rel=\"attachment wp-att-232921\"><img loading=\"lazy\" decoding=\"async\" class=\"wp-image-232921 alignleft\" src=\"https:\/\/www.radiopiu.net\/wordpress\/wp-content\/uploads\/2021\/09\/pp-1-300x300.jpg\" alt=\"\" width=\"135\" height=\"135\" srcset=\"https:\/\/www.radiopiu.net\/wordpress\/wp-content\/uploads\/2021\/09\/pp-1-300x300.jpg 300w, https:\/\/www.radiopiu.net\/wordpress\/wp-content\/uploads\/2021\/09\/pp-1-150x150.jpg 150w, https:\/\/www.radiopiu.net\/wordpress\/wp-content\/uploads\/2021\/09\/pp-1.jpg 640w\" sizes=\"auto, (max-width: 135px) 100vw, 135px\" \/><\/a><\/p>\n<div class=\"mkdf-post-text\">\n<div class=\"mkdf-post-text-inner\">\n<div class=\"mkdf-post-text-main\">\n<div class=\"mkdf-post-text\">\n<div class=\"mkdf-post-text-inner\">\n<div class=\"mkdf-post-text-main\">\n<div class=\"mkdf-post-text\">\n<div class=\"mkdf-post-text-inner\">\n<div class=\"mkdf-post-text-main\">\n<div class=\"page-title-head hgroup\">\n<div class=\"page-title-head hgroup\">\n<div class=\"mkdf-post-text\">\n<div class=\"mkdf-post-text-inner\">\n<div class=\"mkdf-post-text-main\">\n<div class=\"mkdf-post-text\">\n<div class=\"mkdf-post-text-inner\">\n<div class=\"mkdf-post-text-main\">\n<div class=\"page-title-head hgroup\">\n<div class=\"page-title-head hgroup\">\n<div class=\"page-title-head hgroup\">\n<div class=\"page-title-head hgroup\">\n<div class=\"b654a4as d2edcug0\">\n<div class=\"page-title-head hgroup\">\n<div class=\"page-title-head hgroup\">\n<div class=\"page-title-head hgroup\">\n<div class=\"page-title-head hgroup\">\n<div class=\"b654a4as d2edcug0\">\n<div class=\"page-title-head hgroup\">\n<div class=\"page-title-head hgroup\">\n<div class=\"page-title-head hgroup\">\n<div class=\"page-title-head hgroup\">\n<div class=\"b654a4as d2edcug0\">\n<div class=\"mkdf-post-text\">\n<div class=\"mkdf-post-text-inner\">\n<div class=\"mkdf-post-text-main\">\n<div class=\"mkdf-post-text\">\n<div class=\"mkdf-post-text-inner\">\n<div class=\"mkdf-post-text-main\">\n<div class=\"mkdf-post-text\">\n<div class=\"mkdf-post-text-inner\">\n<div class=\"mkdf-post-text-main\">\n<div class=\"page-title-head hgroup\">\n<div class=\"page-title-head hgroup\">\n<div class=\"mkdf-post-text\">\n<div class=\"mkdf-post-text-inner\">\n<div class=\"mkdf-post-text-main\">\n<div class=\"mkdf-post-text\">\n<div class=\"mkdf-post-text-inner\">\n<div class=\"mkdf-post-text-main\">\n<div class=\"page-title-head hgroup\">\n<div class=\"page-title-head hgroup\">\n<div class=\"page-title-head hgroup\">\n<div class=\"page-title-head hgroup\">\n<div class=\"b654a4as d2edcug0\">\n<div class=\"page-title-head hgroup\">\n<div class=\"page-title-head hgroup\">\n<div class=\"page-title-head hgroup\">\n<div class=\"page-title-head hgroup\">\n<div class=\"b654a4as d2edcug0\">\n<div class=\"page-title-head hgroup\">\n<div class=\"page-title-head hgroup\">\n<div class=\"page-title-head hgroup\">\n<div class=\"page-title-head hgroup\">\n<div class=\"b654a4as d2edcug0\">\n<div><\/div>\n<div><\/div>\n<div>\n<p><strong>MUSICA ALLA RADIO, IL PROGRAMMA DI LORIS SCUSSEL &#8220;COLLAGE OPERAZIONE NOSTALGIA&#8221; DAL LUNEDI AL VENERDI ALLE 16.00\u00a0 E ALLE 23\u00a0<\/strong><\/p>\n<p>&nbsp;<\/p>\n<p><strong>LE REPLICHE<\/strong><\/p>\n<p><strong>PUNTATA 367<\/strong><\/p>\n<\/div>\n<\/div>\n<audio class=\"wp-audio-shortcode\" id=\"audio-284378-20\" preload=\"none\" style=\"width: 100%;\" controls=\"controls\"><source type=\"audio\/mpeg\" src=\"https:\/\/www.radiopiu.net\/wordpress\/wp-content\/uploads\/2022\/06\/Collage-367.mp3?_=20\" \/><a href=\"https:\/\/www.radiopiu.net\/wordpress\/wp-content\/uploads\/2022\/06\/Collage-367.mp3\">https:\/\/www.radiopiu.net\/wordpress\/wp-content\/uploads\/2022\/06\/Collage-367.mp3<\/a><\/audio>\n<p>&nbsp;<\/p>\n<p><strong>PUNTATA 368<\/strong><\/p>\n<audio class=\"wp-audio-shortcode\" id=\"audio-284378-21\" preload=\"none\" style=\"width: 100%;\" controls=\"controls\"><source type=\"audio\/mpeg\" src=\"https:\/\/www.radiopiu.net\/wordpress\/wp-content\/uploads\/2022\/06\/Collage-368.mp3?_=21\" \/><a href=\"https:\/\/www.radiopiu.net\/wordpress\/wp-content\/uploads\/2022\/06\/Collage-368.mp3\">https:\/\/www.radiopiu.net\/wordpress\/wp-content\/uploads\/2022\/06\/Collage-368.mp3<\/a><\/audio>\n<p>&nbsp;<\/p>\n<p><strong><a class=\"dt-pswp-item\" href=\"https:\/\/www.radiopiu.net\/wordpress\/wp-content\/uploads\/2022\/06\/New-Trolls.jpg\" data-dt-img-description=\"\" data-large_image_width=\"267\" data-large_image_height=\"189\"><img loading=\"lazy\" decoding=\"async\" class=\"alignleft wp-image-283538 \" src=\"https:\/\/www.radiopiu.net\/wordpress\/wp-content\/uploads\/2022\/06\/New-Trolls.jpg\" alt=\"\" width=\"213\" height=\"151\" \/><\/a>di Loris Scussel<\/strong><\/p>\n<p>Continua la programmazione estiva di Collage che ogni giorno ripropone due diverse puntate che vi invitiamo ad ascoltare insieme a noi. Questa settimana troveremo tra l\u2019altro una trasmissione dedicata al rock progressive italiano dei primi anni 70, una al Juke Box poi sar\u00e0 la volta delle voci femminili straniere, dei cantautori di casa nostra e di tante altre canzoni pi\u00f9 o meno famose che, musicalmente parlando, ci riporteranno indietro nel tempo. Collage va in onda dal luned\u00ec al venerd\u00ec alle 16,00 e alle 23,00 naturalmente su Radio Pi\u00f9.<\/p>\n<p>&nbsp;<\/p>\n<p>&nbsp;<\/p>\n<div class=\"b654a4as d2edcug0\">\n<hr \/>\n<\/div>\n<\/div>\n<\/div>\n<\/div>\n<\/div>\n<\/div>\n<\/div>\n<\/div>\n<\/div>\n<\/div>\n<\/div>\n<\/div>\n<\/div>\n<\/div>\n<\/div>\n<\/div>\n<\/div>\n<\/div>\n<\/div>\n<\/div>\n<\/div>\n<\/div>\n<\/div>\n<\/div>\n<\/div>\n<\/div>\n<\/div>\n<\/div>\n<\/div>\n<\/div>\n<\/div>\n<\/div>\n<\/div>\n<\/div>\n<\/div>\n<\/div>\n<\/div>\n<\/div>\n<\/div>\n<\/div>\n<\/div>\n<\/div>\n<\/div>\n<\/div>\n<\/div>\n<\/div>\n<\/div>\n<\/div>\n<\/div>\n<\/div>\n<\/div>\n<\/div>\n<\/div>\n<\/div>\n<\/div>\n<\/div>\n<\/div>\n<\/div>\n<\/div>\n<\/div>\n<\/div>\n<\/div>\n<\/div>\n<\/div>\n<p>&nbsp;<\/p>\n<blockquote>\n<h3><span style=\"color: #0000ff;\">RADIO PIU INFORMAZIONE il canale su TELEGRAM informazione di prima mano e in tempo reale. iscriviti ed aiutaci a farlo conoscere\u00a0\u00a0<\/span><\/h3>\n<\/blockquote>\n<div>\n<div class=\"page-title-head hgroup\">\n<div class=\"page-title-head hgroup\">\n<div class=\"page-title-head hgroup\">\n<div class=\"page-title-head hgroup\">\n<div class=\"b654a4as d2edcug0\">\n<div class=\"page-title-head hgroup\">\n<div class=\"page-title-head hgroup\">\n<div class=\"page-title-head hgroup\">\n<div class=\"page-title-head hgroup\">\n<div class=\"b654a4as d2edcug0\">\n<div class=\"page-title-head hgroup\">\n<div class=\"page-title-head hgroup\">\n<div class=\"page-title-head hgroup\">\n<div class=\"page-title-head hgroup\">\n<div class=\"page-title-head hgroup\">\n<div class=\"page-title-head hgroup\">\n<div class=\"page-title-head hgroup\">\n<div class=\"page-title-head hgroup\">\n<div class=\"page-title-head hgroup\">\n<div class=\"b654a4as d2edcug0\">\n<div class=\"page-title-head hgroup\">\n<div class=\"page-title-head hgroup\">\n<div class=\"page-title-head hgroup\">\n<div class=\"page-title-head hgroup\">\n<div class=\"b654a4as d2edcug0\">\n<div><\/div>\n<div>\n<div class=\"page-title-head hgroup\">\n<div class=\"page-title-head hgroup\">\n<div class=\"page-title-head hgroup\">\n<div class=\"page-title-head hgroup\">\n<div class=\"page-title-head hgroup\">\n<div class=\"mkdf-post-text\">\n<div class=\"mkdf-post-text-inner\">\n<div class=\"mkdf-post-text-main\">\n<div class=\"mkdf-post-text\">\n<div class=\"mkdf-post-text-inner\">\n<div class=\"mkdf-post-text-main\">\n<div class=\"mkdf-post-text\">\n<div class=\"mkdf-post-text-inner\">\n<div class=\"mkdf-post-text-main\">\n<div class=\"page-title-head hgroup\">\n<div class=\"page-title-head hgroup\">\n<div class=\"mkdf-post-text\">\n<div class=\"mkdf-post-text-inner\">\n<div class=\"mkdf-post-text-main\">\n<div class=\"mkdf-post-text\">\n<div class=\"mkdf-post-text-inner\">\n<div class=\"mkdf-post-text-main\">\n<div class=\"page-title-head hgroup\">\n<div class=\"page-title-head hgroup\">\n<div class=\"page-title-head hgroup\">\n<div class=\"page-title-head hgroup\">\n<div class=\"b654a4as d2edcug0\">\n<div class=\"page-title-head hgroup\">\n<div class=\"page-title-head hgroup\">\n<div class=\"page-title-head hgroup\">\n<div class=\"page-title-head hgroup\">\n<div class=\"b654a4as d2edcug0\">\n<div class=\"page-title-head hgroup\">\n<div class=\"page-title-head hgroup\">\n<div class=\"page-title-head hgroup\">\n<p>&nbsp;<\/p>\n<div>\n<div class=\"page-title-head hgroup\">\n<div class=\"page-title-head hgroup\">\n<div class=\"b654a4as d2edcug0\">\n<div class=\"j83agx80 btwxx1t3 lhclo0ds hop8lmos nkwizq5d scwd0bx6 roh60bw9\">\n<div class=\"rq0escxv hkbzh7o3 jwdofwj8 n8tt0mok r8blr3vg hyh9befq\">\n<div class=\"do00u71z l9j0dhe7 k4urcfbm\">\n<div class=\"page-title-head hgroup\">\n<div class=\"page-title-head hgroup\">\n<div class=\"b654a4as d2edcug0\">\n<div class=\"j83agx80 btwxx1t3 lhclo0ds hop8lmos nkwizq5d scwd0bx6 roh60bw9\">\n<div class=\"rq0escxv hkbzh7o3 jwdofwj8 n8tt0mok r8blr3vg hyh9befq\">\n<div class=\"do00u71z l9j0dhe7 k4urcfbm\">\n<div class=\"ecm0bbzt e5nlhep0 a8c37x1j\">\n<div class=\"kvgmc6g5 cxmmr5t8 oygrvhab hcukyx3x c1et5uql\">\n<div class=\"gmail-kvgmc6g5 gmail-cxmmr5t8 gmail-oygrvhab gmail-hcukyx3x gmail-c1et5uql gmail-ii04i59q\">\n<div class=\"page-title-head hgroup\">\n<div class=\"page-title-head hgroup\">\n<div class=\"b654a4as d2edcug0\">\n<div class=\"j83agx80 btwxx1t3 lhclo0ds hop8lmos nkwizq5d scwd0bx6 roh60bw9\">\n<div class=\"rq0escxv hkbzh7o3 jwdofwj8 n8tt0mok r8blr3vg hyh9befq\">\n<div class=\"do00u71z l9j0dhe7 k4urcfbm\">\n<div class=\"page-title-head hgroup\">\n<div class=\"page-title-head hgroup\">\n<div class=\"b654a4as d2edcug0\">\n<div class=\"j83agx80 btwxx1t3 lhclo0ds hop8lmos nkwizq5d scwd0bx6 roh60bw9\">\n<div class=\"rq0escxv hkbzh7o3 jwdofwj8 n8tt0mok r8blr3vg hyh9befq\">\n<div class=\"do00u71z l9j0dhe7 k4urcfbm\">\n<div class=\"page-title-head hgroup\">\n<div class=\"page-title-head hgroup\">\n<div class=\"b654a4as d2edcug0\">\n<div class=\"j83agx80 btwxx1t3 lhclo0ds hop8lmos nkwizq5d scwd0bx6 roh60bw9\">\n<div class=\"rq0escxv hkbzh7o3 jwdofwj8 n8tt0mok r8blr3vg hyh9befq\">\n<div class=\"do00u71z l9j0dhe7 k4urcfbm\">\n<div class=\"ecm0bbzt e5nlhep0 a8c37x1j\">\n<div class=\"kvgmc6g5 cxmmr5t8 oygrvhab hcukyx3x c1et5uql\">\n<div class=\"gmail-kvgmc6g5 gmail-cxmmr5t8 gmail-oygrvhab gmail-hcukyx3x gmail-c1et5uql gmail-ii04i59q\">\n<div class=\"page-title-head hgroup\">\n<div class=\"page-title-head hgroup\">\n<div class=\"b654a4as d2edcug0\">\n<div class=\"j83agx80 btwxx1t3 lhclo0ds hop8lmos nkwizq5d scwd0bx6 roh60bw9\">\n<div class=\"rq0escxv hkbzh7o3 jwdofwj8 n8tt0mok r8blr3vg hyh9befq\">\n<div class=\"do00u71z l9j0dhe7 k4urcfbm\">\n<div class=\"page-title-head hgroup\">\n<div class=\"page-title-head hgroup\">\n<div class=\"page-title-head hgroup\">\n<div class=\"page-title-head hgroup\">\n<div class=\"b654a4as d2edcug0\">\n<div class=\"page-title-head hgroup\">\n<div class=\"page-title-head hgroup\">\n<div class=\"page-title-head hgroup\">\n<div class=\"page-title-head hgroup\">\n<div class=\"b654a4as d2edcug0\">\n<div class=\"page-title-head hgroup\">\n<div class=\"page-title-head hgroup\">\n<div class=\"page-title-head hgroup\">\n<div class=\"page-title-head hgroup\">\n<div class=\"page-title-head hgroup\">\n<div class=\"page-title-head hgroup\">\n<div class=\"page-title-head hgroup\">\n<div class=\"page-title-head hgroup\">\n<div class=\"page-title-head hgroup\">\n<div class=\"b654a4as d2edcug0\">\n<div class=\"page-title-head hgroup\">\n<div class=\"page-title-head hgroup\">\n<div class=\"page-title-head hgroup\">\n<div class=\"page-title-head hgroup\">\n<div class=\"b654a4as d2edcug0\">\n<div class=\"page-title-head hgroup\">\n<div class=\"page-title-head hgroup\">\n<div class=\"page-title-head hgroup\">\n<div class=\"page-title-head hgroup\">\n<div class=\"page-title-head hgroup\">\n<div class=\"mkdf-post-text\">\n<div class=\"mkdf-post-text-inner\">\n<div class=\"mkdf-post-text-main\">\n<div class=\"mkdf-post-text\">\n<div class=\"mkdf-post-text-inner\">\n<div class=\"mkdf-post-text-main\">\n<div class=\"mkdf-post-text\">\n<div class=\"mkdf-post-text-inner\">\n<div class=\"mkdf-post-text-main\">\n<div class=\"page-title-head hgroup\">\n<div class=\"page-title-head hgroup\">\n<div class=\"mkdf-post-text\">\n<div class=\"mkdf-post-text-inner\">\n<div class=\"mkdf-post-text-main\">\n<div class=\"mkdf-post-text\">\n<div class=\"mkdf-post-text-inner\">\n<div class=\"mkdf-post-text-main\">\n<div class=\"page-title-head hgroup\">\n<div class=\"page-title-head hgroup\">\n<div class=\"page-title-head hgroup\">\n<div class=\"page-title-head hgroup\">\n<div class=\"b654a4as d2edcug0\">\n<div class=\"page-title-head hgroup\">\n<div class=\"page-title-head hgroup\">\n<div class=\"page-title-head hgroup\">\n<div class=\"page-title-head hgroup\">\n<div class=\"b654a4as d2edcug0\">\n<div class=\"page-title-head hgroup\">\n<div class=\"page-title-head hgroup\">\n<div class=\"page-title-head hgroup\">\n<div class=\"page-title-head hgroup\">\n<div class=\"b654a4as d2edcug0\">\n<div class=\"ecm0bbzt e5nlhep0 a8c37x1j\">\n<div class=\"kvgmc6g5 cxmmr5t8 oygrvhab hcukyx3x c1et5uql\">\n<div class=\"gmail-kvgmc6g5 gmail-cxmmr5t8 gmail-oygrvhab gmail-hcukyx3x gmail-c1et5uql gmail-ii04i59q\">\n<div class=\"page-title-head hgroup\">\n<div class=\"page-title-head hgroup\">\n<div class=\"b654a4as d2edcug0\">\n<div class=\"j83agx80 btwxx1t3 lhclo0ds hop8lmos nkwizq5d scwd0bx6 roh60bw9\">\n<div class=\"rq0escxv hkbzh7o3 jwdofwj8 n8tt0mok r8blr3vg hyh9befq\">\n<div class=\"do00u71z l9j0dhe7 k4urcfbm\">\n<div class=\"page-title-head hgroup\">\n<div class=\"page-title-head hgroup\">\n<div class=\"page-title-head hgroup\">\n<div class=\"page-title-head hgroup\">\n<div class=\"b654a4as d2edcug0\">\n<div class=\"page-title-head hgroup\">\n<div class=\"page-title-head hgroup\">\n<div class=\"page-title-head hgroup\">\n<div class=\"page-title-head hgroup\">\n<div class=\"b654a4as d2edcug0\">\n<div class=\"page-title-head hgroup\">\n<div class=\"page-title-head hgroup\">\n<div class=\"page-title-head hgroup\">\n<div class=\"page-title-head hgroup\">\n<div class=\"page-title-head hgroup\">\n<div class=\"page-title-head hgroup\">\n<div class=\"page-title-head hgroup\">\n<div class=\"page-title-head hgroup\">\n<div class=\"page-title-head hgroup\">\n<div class=\"b654a4as d2edcug0\">\n<div class=\"page-title-head hgroup\">\n<div class=\"page-title-head hgroup\">\n<div class=\"page-title-head hgroup\">\n<div class=\"page-title-head hgroup\">\n<div class=\"b654a4as d2edcug0\">\n<div class=\"page-title-head hgroup\">\n<div class=\"page-title-head hgroup\">\n<div class=\"page-title-head hgroup\">\n<div class=\"page-title-head hgroup\">\n<div class=\"page-title-head hgroup\">\n<div class=\"mkdf-post-text\">\n<div class=\"mkdf-post-text-inner\">\n<div class=\"mkdf-post-text-main\">\n<div class=\"mkdf-post-text\">\n<div class=\"mkdf-post-text-inner\">\n<div class=\"mkdf-post-text-main\">\n<div class=\"mkdf-post-text\">\n<div class=\"mkdf-post-text-inner\">\n<div class=\"mkdf-post-text-main\">\n<div class=\"page-title-head hgroup\">\n<div class=\"page-title-head hgroup\">\n<div class=\"mkdf-post-text\">\n<div class=\"mkdf-post-text-inner\">\n<div class=\"mkdf-post-text-main\">\n<div class=\"mkdf-post-text\">\n<div class=\"mkdf-post-text-inner\">\n<div class=\"mkdf-post-text-main\">\n<div class=\"page-title-head hgroup\">\n<div class=\"page-title-head hgroup\">\n<div class=\"page-title-head hgroup\">\n<div class=\"page-title-head hgroup\">\n<div class=\"b654a4as d2edcug0\">\n<div class=\"page-title-head hgroup\">\n<div class=\"page-title-head hgroup\">\n<div class=\"page-title-head hgroup\">\n<div class=\"page-title-head hgroup\">\n<div class=\"b654a4as d2edcug0\">\n<div class=\"page-title-head hgroup\">\n<div class=\"page-title-head hgroup\">\n<div class=\"page-title-head hgroup\">\n<div class=\"page-title-head hgroup\">\n<div class=\"b654a4as d2edcug0\">\n<hr \/>\n<p>&nbsp;<\/p>\n<div>\n<p><strong>DUE MINUTI UN LIBRO, TUTTI I GIORNI ALLA RADIO ALLE 9.40 E ALLE 17.50\u00a0\u00a0<\/strong><\/p>\n<div>\n<div>\n<p><strong>LA RACCOLTA COMPLETA\u00a0\u00a0<\/strong><\/p>\n<\/div>\n<\/div>\n<\/div>\n<div class=\"mkdf-post-text\">\n<div class=\"mkdf-post-text-inner\">\n<div class=\"mkdf-post-text-main\">\n<div class=\"mkdf-post-text\">\n<div class=\"mkdf-post-text-inner\">\n<div class=\"mkdf-post-text-main\">\n<div class=\"mkdf-post-text\">\n<div class=\"mkdf-post-text-inner\">\n<div class=\"mkdf-post-text-main\">\n<div class=\"page-title-head hgroup\">\n<div class=\"page-title-head hgroup\">\n<div class=\"mkdf-post-text\">\n<div class=\"mkdf-post-text-inner\">\n<div class=\"mkdf-post-text-main\">\n<div class=\"mkdf-post-text\">\n<div class=\"mkdf-post-text-inner\">\n<div class=\"mkdf-post-text-main\">\n<div class=\"page-title-head hgroup\">\n<div class=\"page-title-head hgroup\">\n<div class=\"page-title-head hgroup\">\n<div class=\"page-title-head hgroup\">\n<div class=\"b654a4as d2edcug0\">\n<div class=\"page-title-head hgroup\">\n<div class=\"page-title-head hgroup\">\n<div class=\"page-title-head hgroup\">\n<div class=\"page-title-head hgroup\">\n<div class=\"b654a4as d2edcug0\">\n<div class=\"page-title-head hgroup\">\n<div class=\"page-title-head hgroup\">\n<div class=\"page-title-head hgroup\">\n<div class=\"page-title-head hgroup\">\n<div class=\"b654a4as d2edcug0\">\n<div>\n<blockquote class=\"wp-embedded-content\" data-secret=\"hnXsusnVcq\"><p><a href=\"https:\/\/www.radiopiu.net\/wordpress\/due-minuti-un-libro\/\">Due minuti un libro<\/a><\/p><\/blockquote>\n<p><iframe loading=\"lazy\" class=\"wp-embedded-content\" sandbox=\"allow-scripts\" security=\"restricted\" style=\"position: absolute; clip: rect(1px, 1px, 1px, 1px);\" title=\"&#8220;Due minuti un libro&#8221; &#8212; Radio Pi\u00f9\" src=\"https:\/\/www.radiopiu.net\/wordpress\/due-minuti-un-libro\/embed\/#?secret=Gmz6Icz6Xt#?secret=hnXsusnVcq\" data-secret=\"hnXsusnVcq\" width=\"600\" height=\"338\" frameborder=\"0\" marginwidth=\"0\" marginheight=\"0\" scrolling=\"no\"><\/iframe><\/p>\n<p>&nbsp;<\/p>\n<\/div>\n<div>\n<hr \/>\n<p>&nbsp;<\/p>\n<\/div>\n<h2><span style=\"color: #808000;\">L&#8217;ALMANACCO LADINO\u00a0<\/span><strong>\u00a0<\/strong><\/h2>\n<p><strong>LA RACCOLTA<\/strong><\/p>\n<blockquote class=\"wp-embedded-content\" data-secret=\"FltqKYQTu6\"><p><a href=\"https:\/\/www.radiopiu.net\/wordpress\/almanacco-ladino\/\">Almanacco Ladino<\/a><\/p><\/blockquote>\n<p><iframe loading=\"lazy\" class=\"wp-embedded-content\" sandbox=\"allow-scripts\" security=\"restricted\" style=\"position: absolute; clip: rect(1px, 1px, 1px, 1px);\" title=\"&#8220;Almanacco Ladino&#8221; &#8212; Radio Pi\u00f9\" src=\"https:\/\/www.radiopiu.net\/wordpress\/almanacco-ladino\/embed\/#?secret=tTDczdpS96#?secret=FltqKYQTu6\" data-secret=\"FltqKYQTu6\" width=\"600\" height=\"338\" frameborder=\"0\" marginwidth=\"0\" marginheight=\"0\" scrolling=\"no\"><\/iframe><\/p>\n<p>&nbsp;<\/p>\n<hr \/>\n<p><span style=\"color: #33cccc;\">\u00a0<span style=\"color: #000000;\">\u00a0<\/span><\/span><\/p>\n<h2><span style=\"color: #800000;\">GIROVAGANDO IN E-BIKE 2022<\/span><\/h2>\n<p><strong>LA RACCOLTA<\/strong><\/p>\n<blockquote class=\"wp-embedded-content\" data-secret=\"TSTnstHM3n\"><p><a href=\"https:\/\/www.radiopiu.net\/wordpress\/girovagando-in-e-bike-tra-le-dolomiti\/\">GIROVAGANDO IN E BIKE TRA LE DOLOMITI<\/a><\/p><\/blockquote>\n<p><iframe loading=\"lazy\" class=\"wp-embedded-content\" sandbox=\"allow-scripts\" security=\"restricted\" style=\"position: absolute; clip: rect(1px, 1px, 1px, 1px);\" title=\"&#8220;GIROVAGANDO IN E BIKE TRA LE DOLOMITI&#8221; &#8212; Radio Pi\u00f9\" src=\"https:\/\/www.radiopiu.net\/wordpress\/girovagando-in-e-bike-tra-le-dolomiti\/embed\/#?secret=YnqqePsg9f#?secret=TSTnstHM3n\" data-secret=\"TSTnstHM3n\" width=\"600\" height=\"338\" frameborder=\"0\" marginwidth=\"0\" marginheight=\"0\" scrolling=\"no\"><\/iframe><\/p>\n<p>&nbsp;<\/p>\n<hr \/>\n<p>&nbsp;<\/p>\n<h2><span style=\"color: #33cccc;\">LA RASSEGNA STAMPA DA L&#8217;AMICO DEL POPOLO<\/span><\/h2>\n<p><strong><a class=\"dt-pswp-item\" href=\"https:\/\/www.radiopiu.net\/wordpress\/wp-content\/uploads\/2022\/06\/2ac13a8e-daad-4b01-9c5c-34a2a132a31f.jpg\" data-dt-img-description=\"\" data-large_image_width=\"1125\" data-large_image_height=\"740\"><img loading=\"lazy\" decoding=\"async\" class=\"size-thumbnail wp-image-281088 alignleft\" src=\"https:\/\/www.radiopiu.net\/wordpress\/wp-content\/uploads\/2022\/06\/2ac13a8e-daad-4b01-9c5c-34a2a132a31f-150x150.jpg\" alt=\"\" width=\"150\" height=\"150\" \/><\/a>DI GIANNI SANTOMASO<\/strong><\/p>\n<p>OSPITE: Giulia Schena<\/p>\n<audio class=\"wp-audio-shortcode\" id=\"audio-284378-22\" preload=\"none\" style=\"width: 100%;\" controls=\"controls\"><source type=\"audio\/mpeg\" src=\"https:\/\/www.radiopiu.net\/wordpress\/wp-content\/uploads\/2022\/06\/RASSEGNA-GIANNI-3.mp3?_=22\" \/><a href=\"https:\/\/www.radiopiu.net\/wordpress\/wp-content\/uploads\/2022\/06\/RASSEGNA-GIANNI-3.mp3\">https:\/\/www.radiopiu.net\/wordpress\/wp-content\/uploads\/2022\/06\/RASSEGNA-GIANNI-3.mp3<\/a><\/audio>\n<p>&nbsp;<\/p>\n<p><strong>LA RACCOLTA COMPLETA<\/strong><\/p>\n<blockquote class=\"wp-embedded-content\" data-secret=\"pRPp6BH9eN\"><p><a href=\"https:\/\/www.radiopiu.net\/wordpress\/rassegna-stampa-di-gianni-santomaso\/\">Rassegna stampa da l&#8217;amico del popolo &#8211; di Gianni Santomaso<\/a><\/p><\/blockquote>\n<p><iframe loading=\"lazy\" class=\"wp-embedded-content\" sandbox=\"allow-scripts\" security=\"restricted\" style=\"position: absolute; clip: rect(1px, 1px, 1px, 1px);\" title=\"&#8220;Rassegna stampa da l&#8217;amico del popolo &#8211; di Gianni Santomaso&#8221; &#8212; Radio Pi\u00f9\" src=\"https:\/\/www.radiopiu.net\/wordpress\/rassegna-stampa-di-gianni-santomaso\/embed\/#?secret=R8MJ9DVW52#?secret=pRPp6BH9eN\" data-secret=\"pRPp6BH9eN\" width=\"600\" height=\"338\" frameborder=\"0\" marginwidth=\"0\" marginheight=\"0\" scrolling=\"no\"><\/iframe><\/p>\n<p>&nbsp;<\/p>\n<hr \/>\n<p>&nbsp;<\/p>\n<div>\n<div class=\"page-title-head hgroup\">\n<div class=\"page-title-head hgroup\">\n<div class=\"b654a4as d2edcug0\">\n<div class=\"j83agx80 btwxx1t3 lhclo0ds hop8lmos nkwizq5d scwd0bx6 roh60bw9\">\n<div class=\"rq0escxv hkbzh7o3 jwdofwj8 n8tt0mok r8blr3vg hyh9befq\">\n<div class=\"do00u71z l9j0dhe7 k4urcfbm\">\n<div class=\"ecm0bbzt e5nlhep0 a8c37x1j\">\n<div class=\"kvgmc6g5 cxmmr5t8 oygrvhab hcukyx3x c1et5uql\">\n<div class=\"gmail-kvgmc6g5 gmail-cxmmr5t8 gmail-oygrvhab gmail-hcukyx3x gmail-c1et5uql gmail-ii04i59q\">\n<div class=\"page-title-head hgroup\">\n<div class=\"page-title-head hgroup\">\n<div class=\"b654a4as d2edcug0\">\n<div class=\"j83agx80 btwxx1t3 lhclo0ds hop8lmos nkwizq5d scwd0bx6 roh60bw9\">\n<div class=\"rq0escxv hkbzh7o3 jwdofwj8 n8tt0mok r8blr3vg hyh9befq\">\n<div class=\"do00u71z l9j0dhe7 k4urcfbm\">\n<div class=\"page-title-head hgroup\">\n<div class=\"page-title-head hgroup\">\n<div class=\"page-title-head hgroup\">\n<div class=\"page-title-head hgroup\">\n<div class=\"b654a4as d2edcug0\">\n<div class=\"page-title-head hgroup\">\n<div class=\"page-title-head hgroup\">\n<div class=\"page-title-head hgroup\">\n<div class=\"page-title-head hgroup\">\n<div class=\"b654a4as d2edcug0\">\n<div class=\"page-title-head hgroup\">\n<div class=\"page-title-head hgroup\">\n<div class=\"page-title-head hgroup\">\n<div class=\"page-title-head hgroup\">\n<div class=\"page-title-head hgroup\">\n<div class=\"page-title-head hgroup\">\n<div class=\"page-title-head hgroup\">\n<div class=\"page-title-head hgroup\">\n<div class=\"page-title-head hgroup\">\n<div class=\"b654a4as d2edcug0\">\n<div class=\"page-title-head hgroup\">\n<div class=\"page-title-head hgroup\">\n<div class=\"page-title-head hgroup\">\n<div class=\"page-title-head hgroup\">\n<div class=\"b654a4as d2edcug0\">\n<div class=\"page-title-head hgroup\">\n<div class=\"page-title-head hgroup\">\n<div class=\"page-title-head hgroup\">\n<div class=\"page-title-head hgroup\">\n<div class=\"page-title-head hgroup\">\n<div class=\"mkdf-post-text\">\n<div class=\"mkdf-post-text-inner\">\n<div class=\"mkdf-post-text-main\">\n<div class=\"mkdf-post-text\">\n<div class=\"mkdf-post-text-inner\">\n<div class=\"mkdf-post-text-main\">\n<div class=\"mkdf-post-text\">\n<div class=\"mkdf-post-text-inner\">\n<div class=\"mkdf-post-text-main\">\n<div class=\"page-title-head hgroup\">\n<div class=\"page-title-head hgroup\">\n<div class=\"mkdf-post-text\">\n<div class=\"mkdf-post-text-inner\">\n<div class=\"mkdf-post-text-main\">\n<div class=\"mkdf-post-text\">\n<div class=\"mkdf-post-text-inner\">\n<div class=\"mkdf-post-text-main\">\n<div class=\"page-title-head hgroup\">\n<div class=\"page-title-head hgroup\">\n<div class=\"page-title-head hgroup\">\n<div class=\"page-title-head hgroup\">\n<div class=\"b654a4as d2edcug0\">\n<div class=\"page-title-head hgroup\">\n<div class=\"page-title-head hgroup\">\n<div class=\"page-title-head hgroup\">\n<div class=\"page-title-head hgroup\">\n<div class=\"b654a4as d2edcug0\">\n<div class=\"page-title-head hgroup\">\n<div class=\"page-title-head hgroup\">\n<div class=\"page-title-head hgroup\">\n<div class=\"page-title-head hgroup\">\n<div class=\"b654a4as d2edcug0\">\n<h2><span style=\"color: #800080;\">I RACCONTI DI PAOLO SOPPELSA\u00a0<\/span><\/h2>\n<p><strong>LA RACCOLTA COMPLETA<\/strong><\/p>\n<blockquote class=\"wp-embedded-content\" data-secret=\"mprs0P7FH9\"><p><a href=\"https:\/\/www.radiopiu.net\/wordpress\/i-racconti-di-paolo-soppelsa\/\">I racconti di Paolo Soppelsa<\/a><\/p><\/blockquote>\n<p><iframe loading=\"lazy\" class=\"wp-embedded-content\" sandbox=\"allow-scripts\" security=\"restricted\" style=\"position: absolute; clip: rect(1px, 1px, 1px, 1px);\" title=\"&#8220;I racconti di Paolo Soppelsa&#8221; &#8212; Radio Pi\u00f9\" src=\"https:\/\/www.radiopiu.net\/wordpress\/i-racconti-di-paolo-soppelsa\/embed\/#?secret=Ysg81rnOc4#?secret=mprs0P7FH9\" data-secret=\"mprs0P7FH9\" width=\"600\" height=\"338\" frameborder=\"0\" marginwidth=\"0\" marginheight=\"0\" scrolling=\"no\"><\/iframe><\/p>\n<p>&nbsp;<\/p>\n<hr \/>\n<p>&nbsp;<\/p>\n<\/div>\n<\/div>\n<\/div>\n<\/div>\n<\/div>\n<\/div>\n<\/div>\n<\/div>\n<\/div>\n<\/div>\n<\/div>\n<\/div>\n<\/div>\n<\/div>\n<\/div>\n<\/div>\n<\/div>\n<\/div>\n<\/div>\n<\/div>\n<\/div>\n<\/div>\n<\/div>\n<\/div>\n<\/div>\n<\/div>\n<\/div>\n<\/div>\n<\/div>\n<\/div>\n<\/div>\n<\/div>\n<\/div>\n<\/div>\n<\/div>\n<\/div>\n<\/div>\n<\/div>\n<\/div>\n<\/div>\n<\/div>\n<\/div>\n<\/div>\n<\/div>\n<\/div>\n<\/div>\n<\/div>\n<\/div>\n<\/div>\n<\/div>\n<\/div>\n<\/div>\n<\/div>\n<\/div>\n<\/div>\n<\/div>\n<\/div>\n<\/div>\n<\/div>\n<\/div>\n<\/div>\n<\/div>\n<\/div>\n<\/div>\n<\/div>\n<\/div>\n<\/div>\n<\/div>\n<\/div>\n<\/div>\n<\/div>\n<\/div>\n<\/div>\n<\/div>\n<\/div>\n<\/div>\n<\/div>\n<\/div>\n<\/div>\n<\/div>\n<\/div>\n<\/div>\n<\/div>\n<\/div>\n<\/div>\n<\/div>\n<\/div>\n<\/div>\n<\/div>\n<\/div>\n<\/div>\n<\/div>\n<\/div>\n<\/div>\n<\/div>\n<\/div>\n<\/div>\n<\/div>\n<\/div>\n<\/div>\n<\/div>\n<\/div>\n<\/div>\n<\/div>\n<\/div>\n<\/div>\n<\/div>\n<\/div>\n<\/div>\n<\/div>\n<\/div>\n<div class=\"b654a4as d2edcug0\">\n<div class=\"ecm0bbzt e5nlhep0 a8c37x1j\">\n<div class=\"kvgmc6g5 cxmmr5t8 oygrvhab hcukyx3x c1et5uql\">\n<div class=\"gmail-kvgmc6g5 gmail-cxmmr5t8 gmail-oygrvhab gmail-hcukyx3x gmail-c1et5uql gmail-ii04i59q\">\n<div>\n<div class=\"page-title-head hgroup\">\n<div class=\"page-title-head hgroup\">\n<div class=\"b654a4as d2edcug0\">\n<div class=\"j83agx80 btwxx1t3 lhclo0ds hop8lmos nkwizq5d scwd0bx6 roh60bw9\">\n<div class=\"rq0escxv hkbzh7o3 jwdofwj8 n8tt0mok r8blr3vg hyh9befq\">\n<div class=\"do00u71z l9j0dhe7 k4urcfbm\">\n<div>\n<div class=\"page-title-head hgroup\">\n<div class=\"page-title-head hgroup\">\n<div class=\"page-title-head hgroup\">\n<div class=\"page-title-head hgroup\">\n<div class=\"b654a4as d2edcug0\">\n<div class=\"page-title-head hgroup\">\n<div class=\"page-title-head hgroup\">\n<div class=\"page-title-head hgroup\">\n<div class=\"page-title-head hgroup\">\n<div class=\"b654a4as d2edcug0\">\n<div class=\"page-title-head hgroup\">\n<div class=\"page-title-head hgroup\">\n<div class=\"page-title-head hgroup\">\n<div class=\"page-title-head hgroup\">\n<div class=\"page-title-head hgroup\">\n<div class=\"mkdf-post-text\">\n<div class=\"mkdf-post-text-inner\">\n<div class=\"mkdf-post-text-main\">\n<div class=\"mkdf-post-text\">\n<div class=\"mkdf-post-text-inner\">\n<div class=\"mkdf-post-text-main\">\n<div class=\"mkdf-post-text\">\n<div class=\"mkdf-post-text-inner\">\n<div class=\"mkdf-post-text-main\">\n<div class=\"page-title-head hgroup\">\n<div class=\"page-title-head hgroup\">\n<div class=\"mkdf-post-text\">\n<div class=\"mkdf-post-text-inner\">\n<div class=\"mkdf-post-text-main\">\n<div class=\"mkdf-post-text\">\n<div class=\"mkdf-post-text-inner\">\n<div class=\"mkdf-post-text-main\">\n<div>\n<div class=\"page-title-head hgroup\">\n<div class=\"page-title-head hgroup\">\n<div>\n<div class=\"page-title-head hgroup\">\n<div class=\"page-title-head hgroup\">\n<div class=\"b654a4as d2edcug0\">\n<div>\n<div class=\"page-title-head hgroup\" style=\"text-align: left;\">\n<div class=\"page-title-head hgroup\">\n<div dir=\"auto\">\n<p><a class=\"dt-pswp-item pspw-wrap-ready\" href=\"https:\/\/i0.wp.com\/www.radiopiu.net\/wordpress\/wp-content\/uploads\/2018\/09\/WhatsApp-Image-2018-09-20-at-16.04.06.jpeg?ssl=1\" data-dt-img-description=\"\" data-large_image_width=\"800\" data-large_image_height=\"100\"><img loading=\"lazy\" decoding=\"async\" class=\"aligncenter wp-image-61378 size-full jetpack-lazy-image jetpack-lazy-image--handled\" src=\"https:\/\/i0.wp.com\/www.radiopiu.net\/wordpress\/wp-content\/uploads\/2018\/09\/WhatsApp-Image-2018-09-20-at-16.04.06.jpeg?resize=800%2C100&amp;ssl=1\" sizes=\"auto, (max-width: 800px) 100vw, 800px\" srcset=\"https:\/\/i0.wp.com\/www.radiopiu.net\/wordpress\/wp-content\/uploads\/2018\/09\/WhatsApp-Image-2018-09-20-at-16.04.06.jpeg?w=800&amp;ssl=1 800w, https:\/\/i0.wp.com\/www.radiopiu.net\/wordpress\/wp-content\/uploads\/2018\/09\/WhatsApp-Image-2018-09-20-at-16.04.06.jpeg?resize=300%2C38&amp;ssl=1 300w, https:\/\/i0.wp.com\/www.radiopiu.net\/wordpress\/wp-content\/uploads\/2018\/09\/WhatsApp-Image-2018-09-20-at-16.04.06.jpeg?resize=768%2C96&amp;ssl=1 768w\" alt=\"\" width=\"800\" height=\"100\" data-lazy-loaded=\"1\" \/><\/a><\/p>\n<\/div>\n<\/div>\n<\/div>\n<\/div>\n<\/div>\n<\/div>\n<\/div>\n<\/div>\n<\/div>\n<\/div>\n<\/div>\n<\/div>\n<\/div>\n<\/div>\n<\/div>\n<\/div>\n<\/div>\n<\/div>\n<\/div>\n<\/div>\n<\/div>\n<\/div>\n<\/div>\n<\/div>\n<\/div>\n<\/div>\n<\/div>\n<\/div>\n<\/div>\n<\/div>\n<\/div>\n<\/div>\n<\/div>\n<\/div>\n<\/div>\n<\/div>\n<\/div>\n<\/div>\n<\/div>\n<\/div>\n<\/div>\n<\/div>\n<\/div>\n<\/div>\n<\/div>\n<\/div>\n<\/div>\n<\/div>\n<\/div>\n<\/div>\n<\/div>\n<\/div>\n<\/div>\n<\/div>\n<\/div>\n<\/div>\n<\/div>\n<\/div>\n<\/div>\n<\/div>\n<\/div>\n<\/div>\n<\/div>\n<\/div>\n<\/div>\n<\/div>\n<\/div>\n<\/div>\n<\/div>\n<\/div>\n<\/div>\n<\/div>\n<\/div>\n<\/div>\n<\/div>\n<\/div>\n<\/div>\n<\/div>\n<\/div>\n<\/div>\n<\/div>\n<\/div>\n<\/div>\n<\/div>\n<\/div>\n<\/div>\n<\/div>\n<\/div>\n<\/div>\n<\/div>\n<\/div>\n<\/div>\n<\/div>\n<\/div>\n<\/div>\n<\/div>\n<\/div>\n<\/div>\n<\/div>\n<\/div>\n<\/div>\n<\/div>\n<\/div>\n<\/div>\n<\/div>\n<\/div>\n<\/div>\n<\/div>\n<\/div>\n<\/div>\n<\/div>\n<\/div>\n<\/div>\n<\/div>\n<\/div>\n<\/div>\n<\/div>\n<\/div>\n<\/div>\n<\/div>\n<\/div>\n<\/div>\n<\/div>\n<\/div>\n<\/div>\n<\/div>\n<\/div>\n<\/div>\n<\/div>\n<\/div>\n<\/div>\n<\/div>\n<\/div>\n<\/div>\n<\/div>\n<\/div>\n<\/div>\n<\/div>\n<\/div>\n<\/div>\n<\/div>\n<\/div>\n<\/div>\n<\/div>\n<\/div>\n<\/div>\n<\/div>\n<\/div>\n<\/div>\n<\/div>\n<\/div>\n<\/div>\n<\/div>\n<\/div>\n<\/div>\n<\/div>\n<\/div>\n<\/div>\n<\/div>\n<\/div>\n<\/div>\n<\/div>\n<\/div>\n<\/div>\n<\/div>\n<\/div>\n<\/div>\n<\/div>\n<\/div>\n<\/div>\n<\/div>\n<\/div>\n<\/div>\n<\/div>\n<\/div>\n<\/div>\n<\/div>\n<\/div>\n<\/div>\n<\/div>\n<\/div>\n<\/div>\n<\/div>\n<\/div>\n<\/div>\n<\/div>\n<\/div>\n<\/div>\n<\/div>\n<\/div>\n<\/div>\n<\/div>\n<\/div>\n<\/div>\n<\/div>\n<\/div>\n<\/div>\n<\/div>\n<\/div>\n<\/div>\n<\/div>\n<\/div>\n<\/div>\n<\/div>\n<\/div>\n<\/div>\n<\/div>\n<\/div>\n<\/div>\n<\/div>\n<\/div>\n<\/div>\n<\/div>\n<\/div>\n<\/div>\n<\/div>\n<\/div>\n<\/div>\n<\/div>\n<\/div>\n<\/div>\n<\/div>\n<\/div>\n<\/div>\n<\/div>\n<\/div>\n<\/div>\n<\/div>\n<\/div>\n<\/div>\n<div style=\"text-align: left;\">\n<p><strong>\u00a0\u00a0<\/strong><\/p>\n<p><center><b>Venerdi 1<\/b><\/center><b>Tempo atteso: <\/b>Condizioni meteo simili a gioved\u00ec con sole al mattino e riduzione del soleggiamento al pomeriggio per attivit\u00e0 cumuliforme irregolare associata a fenomeni sparsi. Il contesto termico rimarr\u00e0 estivo con locali variazioni legate al verificarsi o meno dei fenomeni d&#8217;instabilit\u00e0.<br \/>\n<b>Precipitazioni: <\/b>Al mattino generalmente assenti (10%). Nel corso del pomeriggio probabilit\u00e0 media per rovesci e temporali sparsi (40-60%); non si escludono locali forti temporali e fenomeni grandinigeni. In serata fenomeni di nuovo assenti. Previsti da 2 a 10 mm, localmente 15-30 mm.<br \/>\n<b>Temperature: <\/b>Senza notevoli variazioni di rilievo rispetto a gioved\u00ec. Su Prealpi a 1500 m min 14\u00b0C max 18\u00b0C, a 2000 m min 11\u00b0C max 15\u00b0C. Su Dolomiti a 2000 m min 10\u00b0C max 16\u00b0C, a 3000 m min 4\u00b0C max 7\u00b0C.<br \/>\n<b>Venti: <\/b>Nelle valli perlopi\u00f9 deboli a regime di brezza, localmente e a tratti moderati; non esclusi rinforzi per raffiche in caso di temporale. In quota moderati\/tesi da sud-ovest al mattino, in attenuazione da ovest da met\u00e0 pomeriggio in poi, a 10-20 km\/h a 2000 m e 25-45 km\/h a 3000 m.<\/p>\n<hr \/>\n<p><center><b>Sabato 2<\/b><\/center><b>Tempo atteso: <\/b>Tempo stupendo, ben soleggiato con cielo sereno e presenza di lieve caligine per l&#8217;avvezione di aria di origine africana; al pomeriggio eventuali rari cumuli a ridosso delle cime. Contesto termico anormalmente caldo per il periodo nelle valli e la mitezza interesser\u00e0 anche le cime pi\u00f9 alte, compreso la vetta della Marmolada, dove saranno toccati o superati i 10\u00b0C.<br \/>\n<b>Precipitazioni: <\/b>Assenti (0%).<br \/>\n<b>Temperature: <\/b>In generale aumento, pi\u00f9 sensibile per le massime. Previste punte di 32\/33\u00b0C nei fondovalle prealpini e di 28\/30\u00b0C a 1000\/1200 m. Su Prealpi a 1500 m min 16\u00b0C max 23\u00b0C, a 2000 m min 13\u00b0C max 19\u00b0C. Su Dolomiti a 2000 m min 12\u00b0C max 20\u00b0C, a 3000 m min 8\u00b0C max 11\u00b0C.<br \/>\n<b>Venti: <\/b>Nelle valli perlopi\u00f9 deboli a regime di brezza, localmente e a tratti moderati; in quota deboli da ovest sud-ovest, a tratti moderati per rinforzi erratici sulle cime, a 5-10 km\/h a 2000 m e 10-20 km\/h a 3000 m.<\/p>\n<hr \/>\n<p><center><b>Domenica 3<\/b><\/center>Al mattino ben soleggiato con cielo sereno e presenza di lieve caligine; maggiore attivit\u00e0 cumuliforme durante le ore pi\u00f9 calde, localmente associata a qualche occasionale temporale da met\u00e0 pomeriggio in poi, specie sulle Dolomiti. Temperature sempre elevate per il periodo, in ulteriore lieve aumento nelle valli e in leggera flessione in alta quota. Venti deboli da nord-ovest in quota, a tratti moderati per rinforzi erratici; nelle valli perlopi\u00f9 deboli per brezze, localmente e a tratti moderati, senza dimenticare eventuali raffiche temporalesche.<\/p>\n<hr \/>\n<p><center><b>Lunedi 4<\/b><\/center>Situazione simile a domenica con mattinata soleggiata e calda, mentre l&#8217;attivit\u00e0 cumuliforme si svilupper\u00e0 al pomeriggio con addensamenti associati a locali rovesci o temporali, specie a ridosso del Trentino e dell&#8217;Alto Adige. Temperature pressoch\u00e9 stazionarie. In quota venti deboli\/moderati occidentali; nelle valli perlopi\u00f9 deboli per brezze, localmente e a tratti moderati, senza dimenticare eventuali raffiche temporalesche. Previsore: R.L.Th.<\/p>\n<p>&nbsp;<\/p>\n<\/div>\n<hr \/>\n<p>&nbsp;<\/p>\n<p>&nbsp;<\/p>\n<p><a href=\"https:\/\/www.radiopiu.net\/wordpress\/giornale-radiopiu-26-settembre-2018-direttore-mirko-mezzacasa\/viabilita-2\/\" rel=\"attachment wp-att-61954\"><img loading=\"lazy\" decoding=\"async\" class=\"aligncenter wp-image-61954 size-full\" src=\"https:\/\/www.radiopiu.net\/wordpress\/wp-content\/uploads\/2018\/09\/viabilita.jpeg\" sizes=\"auto, (max-width: 800px) 100vw, 800px\" srcset=\"https:\/\/www.radiopiu.net\/wordpress\/wp-content\/uploads\/2018\/09\/viabilita.jpeg 800w, https:\/\/www.radiopiu.net\/wordpress\/wp-content\/uploads\/2018\/09\/viabilita-300x38.jpeg 300w, https:\/\/www.radiopiu.net\/wordpress\/wp-content\/uploads\/2018\/09\/viabilita-768x96.jpeg 768w\" alt=\"\" width=\"800\" height=\"100\" \/><\/a><\/p>\n<p>&nbsp;<\/p>\n<blockquote class=\"wp-embedded-content\" data-secret=\"8WDtpuwKP1\"><p><a href=\"https:\/\/www.radiopiu.net\/wordpress\/viabilita\/\">viabilita<\/a><\/p><\/blockquote>\n<p><iframe loading=\"lazy\" class=\"wp-embedded-content\" sandbox=\"allow-scripts\" security=\"restricted\" style=\"position: absolute; clip: rect(1px, 1px, 1px, 1px);\" title=\"&#8220;viabilita&#8221; &#8212; Radio Pi\u00f9\" src=\"https:\/\/www.radiopiu.net\/wordpress\/viabilita\/embed\/#?secret=HiUpuvglTh#?secret=8WDtpuwKP1\" data-secret=\"8WDtpuwKP1\" width=\"600\" height=\"338\" frameborder=\"0\" marginwidth=\"0\" marginheight=\"0\" scrolling=\"no\"><\/iframe><\/p>\n<p>&nbsp;<\/p>\n<hr \/>\n<p>&nbsp;<\/p>\n<p>&nbsp;<\/p>\n<p><img loading=\"lazy\" decoding=\"async\" class=\"wp-image-60761 size-full aligncenter\" src=\"https:\/\/www.radiopiu.net\/wordpress\/wp-content\/uploads\/2018\/09\/sport.jpg\" alt=\"\" width=\"800\" height=\"100\" srcset=\"https:\/\/www.radiopiu.net\/wordpress\/wp-content\/uploads\/2018\/09\/sport.jpg 800w, https:\/\/www.radiopiu.net\/wordpress\/wp-content\/uploads\/2018\/09\/sport-300x38.jpg 300w, https:\/\/www.radiopiu.net\/wordpress\/wp-content\/uploads\/2018\/09\/sport-768x96.jpg 768w\" sizes=\"auto, (max-width: 800px) 100vw, 800px\" \/><\/p>\n<p>&nbsp;<\/p>\n<p><span style=\"color: #0000ff;\"><strong>CALCIO<\/strong><\/span><\/p>\n<blockquote>\n<h3>GIOCATI I RECUPERI DEL CAMPIONATO AGORDINO GIOVANILE<\/h3>\n<\/blockquote>\n<p><strong><a class=\"dt-pswp-item\" href=\"https:\/\/www.radiopiu.net\/wordpress\/wp-content\/uploads\/2021\/09\/PALLONE-CALCIO-CSI.jpg\" data-dt-img-description=\"\" data-large_image_width=\"956\" data-large_image_height=\"637\"><img loading=\"lazy\" decoding=\"async\" class=\"size-thumbnail wp-image-233126 alignleft\" src=\"https:\/\/www.radiopiu.net\/wordpress\/wp-content\/uploads\/2021\/09\/PALLONE-CALCIO-CSI-150x150.jpg\" alt=\"\" width=\"150\" height=\"150\" \/><\/a>REDAZIONE<\/strong> Nella serata di luned\u00ec si sono recuperate due partite del Campionato Agordino under 14. Nel recupero della prima giornata il Canale ha rifilato una manita al Le Ville. 5 a 0 il risultato finale della gara giocata al Maracanal con la squadra allenata da Cristian De Luca che conquista i 3 punti con la doppietta di Martino Ganz e la tripletta di Simone Allegro. Vittoria anche per il La Valle che all&#8217;esordio contro il Taibon vince e convince. I lavallesi vanno a segno con Cristian Fattor, doppietta di Cristian Roni e tripletta di Patrick Lena. Il Taibon di Broglio si deve accontentare di due marcature a firma di Domenico Ferrara e Manuel Soccol.<\/p>\n<p><strong>I RISULTATI DEI RECUPERI\u00a0<\/strong>Canale &#8211; Le Ville 5-0, La Valle &#8211; Taibon 6-2<\/p>\n<p><strong>LA CLASSIFICA<\/strong> Canale 6, Caprile 4, Cencenighe e La Valle 3, Fodom 1, Le Ville e Taibon 0<\/p>\n<p><strong>IL PROSSIMO TURNO<\/strong> Sabato alle 16 Caprile \u2013 Le Ville, Taibon \u2013 Cencenighe e Fodom \u2013 La Valle. Riposa il Canale<\/p>\n<p>&nbsp;<\/p>\n<h2><span style=\"color: #008000;\"><a class=\"dt-pswp-item\" href=\"https:\/\/www.radiopiu.net\/wordpress\/wp-content\/uploads\/2019\/01\/CALCIO-FALLO.jpeg\" data-dt-img-description=\"\" data-large_image_width=\"1600\" data-large_image_height=\"848\"><img loading=\"lazy\" decoding=\"async\" class=\" wp-image-71538 alignleft\" src=\"https:\/\/www.radiopiu.net\/wordpress\/wp-content\/uploads\/2019\/01\/CALCIO-FALLO-150x150.jpeg\" alt=\"\" width=\"74\" height=\"74\" \/><\/a>SPECIALE CAMPIONATO AGORDINO<\/span><\/h2>\n<p><strong>\u00a0<\/strong><\/p>\n<p><strong>\u00a0<\/strong><\/p>\n<p><strong>RIASCOLTA OTTANTESIMO MINUTO &#8211; TERZA PUNTATA<\/strong><\/p>\n<audio class=\"wp-audio-shortcode\" id=\"audio-284378-23\" preload=\"none\" style=\"width: 100%;\" controls=\"controls\"><source type=\"audio\/mpeg\" src=\"https:\/\/www.radiopiu.net\/wordpress\/wp-content\/uploads\/2022\/06\/80MIN-1.mp3?_=23\" \/><a href=\"https:\/\/www.radiopiu.net\/wordpress\/wp-content\/uploads\/2022\/06\/80MIN-1.mp3\">https:\/\/www.radiopiu.net\/wordpress\/wp-content\/uploads\/2022\/06\/80MIN-1.mp3<\/a><\/audio>\n<p>&nbsp;<\/p>\n<p><strong>RIASCOLTA CAMPIONATO AGORDINO SHOW &#8211; TERZA PUNTATA (LA SINTESI)<\/strong><\/p>\n<audio class=\"wp-audio-shortcode\" id=\"audio-284378-24\" preload=\"none\" style=\"width: 100%;\" controls=\"controls\"><source type=\"audio\/mpeg\" src=\"https:\/\/www.radiopiu.net\/wordpress\/wp-content\/uploads\/2022\/06\/AGOS-1.mp3?_=24\" \/><a href=\"https:\/\/www.radiopiu.net\/wordpress\/wp-content\/uploads\/2022\/06\/AGOS-1.mp3\">https:\/\/www.radiopiu.net\/wordpress\/wp-content\/uploads\/2022\/06\/AGOS-1.mp3<\/a><\/audio>\n<p>&nbsp;<\/p>\n<\/div>\n<\/div>\n<\/div>\n<\/div>\n<\/div>\n<\/div>\n<\/div>\n<\/div>\n<\/div>\n<\/div>\n<\/div>\n<\/div>\n<\/div>\n<\/div>\n<\/div>\n<\/div>\n<\/div>\n<\/div>\n<\/div>\n<\/div>\n<\/div>\n<\/div>\n<\/div>\n<\/div>\n<\/div>\n<\/div>\n<\/div>\n<\/div>\n<\/div>\n<\/div>\n<\/div>\n<\/div>\n<\/div>\n<\/div>\n<\/div>\n<\/div>\n<\/div>\n<\/div>\n<\/div>\n<\/div>\n<\/div>\n<\/div>\n<\/div>\n<\/div>\n<\/div>\n<\/div>\n<\/div>\n<\/div>\n<\/div>\n<\/div>\n<\/div>\n<\/div>\n<\/div>\n<\/div>\n<\/div>\n<\/div>\n<\/div>\n<\/div>\n<\/div>\n<\/div>\n<\/div>\n<\/div>\n<\/div>\n<\/div>\n<\/div>\n<\/div>\n<\/div>\n<\/div>\n<\/div>\n<\/div>\n<\/div>\n<\/div>\n<\/div>\n<\/div>\n<\/div>\n<\/div>\n<\/div>\n<\/div>\n<\/div>\n<\/div>\n<\/div>\n<\/div>\n<\/div>\n<\/div>\n<\/div>\n<\/div>\n<\/div>\n<\/div>\n<\/div>\n<\/div>\n<\/div>\n<\/div>\n<\/div>\n<\/div>\n<\/div>\n<\/div>\n<\/div>\n<\/div>\n<\/div>\n<\/div>\n<\/div>\n<\/div>\n<\/div>\n<\/div>\n<\/div>\n","protected":false},"excerpt":{"rendered":"<p>RADIO PIU INFORMAZIONE il canale su TELEGRAM informazione di prima\u00a0 mano e in tempo reale. iscriviti ed aiutaci a farlo conoscere\u00a0 &nbsp; &nbsp; I GIORNI DEL SILENZIO, L&#8217;ULTIMO SALUTO E GLI ANEDDOTI AGORDO CITTA&#8217; IN LUTTO di GIANNI SANTOMASO\u00a0 GLI ANEDOTI CONDIVISI &nbsp; L&#8217;IMPRENDITORE VALERIO TRENTO &nbsp; &nbsp; &nbsp; GLI INTERVENTI DEI FAMIGLIARI DI LEONARDO&hellip;<\/p>\n","protected":false},"author":4,"featured_media":284586,"comment_status":"closed","ping_status":"closed","sticky":false,"template":"","format":"standard","meta":{"_monsterinsights_skip_tracking":false,"_monsterinsights_sitenote_active":false,"_monsterinsights_sitenote_note":"","_monsterinsights_sitenote_category":0,"footnotes":""},"categories":[51,86,49],"tags":[],"class_list":["post-284378","post","type-post","status-publish","format-standard","has-post-thumbnail","hentry","category-evidenza-top","category-gr","category-news-18","category-51","category-86","category-49","description-off"],"img_url":"https:\/\/www.radiopiu.net\/wordpress\/wp-content\/uploads\/2022\/07\/00110e76-cb72-4ebf-ba4a-4026d7bb2d27.jpg","_links":{"self":[{"href":"https:\/\/www.radiopiu.net\/wordpress\/wp-json\/wp\/v2\/posts\/284378","targetHints":{"allow":["GET"]}}],"collection":[{"href":"https:\/\/www.radiopiu.net\/wordpress\/wp-json\/wp\/v2\/posts"}],"about":[{"href":"https:\/\/www.radiopiu.net\/wordpress\/wp-json\/wp\/v2\/types\/post"}],"author":[{"embeddable":true,"href":"https:\/\/www.radiopiu.net\/wordpress\/wp-json\/wp\/v2\/users\/4"}],"replies":[{"embeddable":true,"href":"https:\/\/www.radiopiu.net\/wordpress\/wp-json\/wp\/v2\/comments?post=284378"}],"version-history":[{"count":0,"href":"https:\/\/www.radiopiu.net\/wordpress\/wp-json\/wp\/v2\/posts\/284378\/revisions"}],"wp:featuredmedia":[{"embeddable":true,"href":"https:\/\/www.radiopiu.net\/wordpress\/wp-json\/wp\/v2\/media\/284586"}],"wp:attachment":[{"href":"https:\/\/www.radiopiu.net\/wordpress\/wp-json\/wp\/v2\/media?parent=284378"}],"wp:term":[{"taxonomy":"category","embeddable":true,"href":"https:\/\/www.radiopiu.net\/wordpress\/wp-json\/wp\/v2\/categories?post=284378"},{"taxonomy":"post_tag","embeddable":true,"href":"https:\/\/www.radiopiu.net\/wordpress\/wp-json\/wp\/v2\/tags?post=284378"}],"curies":[{"name":"wp","href":"https:\/\/api.w.org\/{rel}","templated":true}]}}