{"id":284393,"date":"2022-06-30T05:37:14","date_gmt":"2022-06-30T03:37:14","guid":{"rendered":"https:\/\/www.radiopiu.net\/wordpress\/?p=284393"},"modified":"2022-06-30T05:40:54","modified_gmt":"2022-06-30T03:40:54","slug":"domani-alle-16-30-i-funerali-di-alessia","status":"publish","type":"post","link":"https:\/\/www.radiopiu.net\/wordpress\/domani-alle-16-30-i-funerali-di-alessia\/","title":{"rendered":"DOMANI ALLE 16.30 I FUNERALI DI ALESSIA \u00a0\u00a0"},"content":{"rendered":"<blockquote>\n<h3><\/h3>\n<p><em>Alessia aveva appena concluso il quarto anno dell&#8217;indirizzo biotecnologie sanitarie dell&#8217;istituto Negrelli di Feltre con successo. Il suo sogno era quello di diventare farmacista<\/em><\/p><\/blockquote>\n<p><strong><a class=\"dt-pswp-item\" href=\"https:\/\/www.radiopiu.net\/wordpress\/wp-content\/uploads\/2022\/06\/aaa-13.jpg\" data-dt-img-description=\"\" data-large_image_width=\"171\" data-large_image_height=\"149\"><img loading=\"lazy\" decoding=\"async\" class=\"size-thumbnail wp-image-284392 alignleft\" src=\"https:\/\/www.radiopiu.net\/wordpress\/wp-content\/uploads\/2022\/06\/aaa-13-150x149.jpg\" alt=\"\" width=\"150\" height=\"149\" \/><\/a>PEDAVENA<\/strong> I funerali di Alessia De Nadai saranno celebrati domani alle 16.30 nella chiesa arcipretale di Pedavena. L&#8217;omelia \u00e8 stata affidata al parroco don Alberto Ganz che ieri ha accolto i genitori della ragazza condividendone il dolore e cercando di portare loro conforto. In previsione della grandissima affluenza per l&#8217;ultimo saluto tenuto conto della normativa anti-Covid, sar\u00e0 messo a disposizione e allestito con altoparlanti l&#8217;intero sagrato della chiesa.<\/p>\n<p>Una morte improvvisa che ha sconvolto la famiglia, mamma Annamaria Bof e pap\u00e0 Antonio. La giovane \u00e8 deceduta a Treviso, luned\u00ec, dopo un&#8217;encefalite fulminante.<\/p>\n","protected":false},"excerpt":{"rendered":"<p>Alessia aveva appena concluso il quarto anno dell&#8217;indirizzo biotecnologie sanitarie dell&#8217;istituto Negrelli di Feltre con successo. Il suo sogno era quello di diventare farmacista PEDAVENA I funerali di Alessia De Nadai saranno celebrati domani alle 16.30 nella chiesa arcipretale di Pedavena. L&#8217;omelia \u00e8 stata affidata al parroco don Alberto Ganz che ieri ha accolto i&hellip;<\/p>\n","protected":false},"author":4,"featured_media":284392,"comment_status":"closed","ping_status":"closed","sticky":false,"template":"","format":"standard","meta":{"_monsterinsights_skip_tracking":false,"_monsterinsights_sitenote_active":false,"_monsterinsights_sitenote_note":"","_monsterinsights_sitenote_category":0,"footnotes":""},"categories":[51,49],"tags":[],"class_list":["post-284393","post","type-post","status-publish","format-standard","has-post-thumbnail","hentry","category-evidenza-top","category-news-18","category-51","category-49","description-off"],"img_url":"https:\/\/www.radiopiu.net\/wordpress\/wp-content\/uploads\/2022\/06\/aaa-13.jpg","_links":{"self":[{"href":"https:\/\/www.radiopiu.net\/wordpress\/wp-json\/wp\/v2\/posts\/284393","targetHints":{"allow":["GET"]}}],"collection":[{"href":"https:\/\/www.radiopiu.net\/wordpress\/wp-json\/wp\/v2\/posts"}],"about":[{"href":"https:\/\/www.radiopiu.net\/wordpress\/wp-json\/wp\/v2\/types\/post"}],"author":[{"embeddable":true,"href":"https:\/\/www.radiopiu.net\/wordpress\/wp-json\/wp\/v2\/users\/4"}],"replies":[{"embeddable":true,"href":"https:\/\/www.radiopiu.net\/wordpress\/wp-json\/wp\/v2\/comments?post=284393"}],"version-history":[{"count":0,"href":"https:\/\/www.radiopiu.net\/wordpress\/wp-json\/wp\/v2\/posts\/284393\/revisions"}],"wp:featuredmedia":[{"embeddable":true,"href":"https:\/\/www.radiopiu.net\/wordpress\/wp-json\/wp\/v2\/media\/284392"}],"wp:attachment":[{"href":"https:\/\/www.radiopiu.net\/wordpress\/wp-json\/wp\/v2\/media?parent=284393"}],"wp:term":[{"taxonomy":"category","embeddable":true,"href":"https:\/\/www.radiopiu.net\/wordpress\/wp-json\/wp\/v2\/categories?post=284393"},{"taxonomy":"post_tag","embeddable":true,"href":"https:\/\/www.radiopiu.net\/wordpress\/wp-json\/wp\/v2\/tags?post=284393"}],"curies":[{"name":"wp","href":"https:\/\/api.w.org\/{rel}","templated":true}]}}