{"id":284433,"date":"2022-06-30T14:26:30","date_gmt":"2022-06-30T12:26:30","guid":{"rendered":"https:\/\/www.radiopiu.net\/wordpress\/?p=284433"},"modified":"2022-06-30T14:26:30","modified_gmt":"2022-06-30T12:26:30","slug":"la-lettera-a-leonardo-del-vecchio-del-vicepresidente-dellunione-montana-agordina-paolo-frena","status":"publish","type":"post","link":"https:\/\/www.radiopiu.net\/wordpress\/la-lettera-a-leonardo-del-vecchio-del-vicepresidente-dellunione-montana-agordina-paolo-frena\/","title":{"rendered":"LA LETTERA A LEONARDO DEL VECCHIO DEL VICEPRESIDENTE DELL&#8217;UNIONE MONTANA AGORDINA PAOLO FRENA"},"content":{"rendered":"<p><strong><a class=\"dt-pswp-item\" href=\"https:\/\/www.radiopiu.net\/wordpress\/wp-content\/uploads\/2022\/06\/3e4170bd-d6f8-4d0b-98f3-68cc496b3503.jpg\" data-dt-img-description=\"\" data-large_image_width=\"2048\" data-large_image_height=\"1536\"><img loading=\"lazy\" decoding=\"async\" class=\"size-thumbnail wp-image-284384 alignleft\" src=\"https:\/\/www.radiopiu.net\/wordpress\/wp-content\/uploads\/2022\/06\/3e4170bd-d6f8-4d0b-98f3-68cc496b3503-150x150.jpg\" alt=\"\" width=\"150\" height=\"150\" \/><\/a>REDAZIONE<\/strong> Riceviamo e pubblichiamo una lettera scritta da Paolo Frena, vicepresidente dell&#8217;Unione Montana Agordina.<\/p>\n<blockquote><p><strong>LA LETTERA<\/strong><\/p>\n<p>In veste di Vice Presidente dell\u2019UMA e a nome di tutte le Amministrazioni Comunali del territorio agordino, esprimo le pi\u00f9 sentite condoglianze alla famiglia, ai tanti amici e collaboratori e anche alla comunit\u00e0 delle maestranze particolarmente legati ed affezionati al Cavaliere Leonardo Del vecchio. Questa improvvisa scomparsa, come da molti evidenziato, lascia in tutti noi tristezza e sgomento e inoltre tanta comprensibile ed umana preoccupazione. Tristezza e sgomento, in quanto \u00e8 la notizia alla quale tutti noi eravamo impreparati o meglio ancora, \u00e8 la notizia che speravamo di sentire pi\u00f9 in l\u00e0 nel tempo possibile. Preoccupazione inoltre, per gli effetti che provocher\u00e0 questa dipartita, per il colosso EssilorLuxottica e in particolare per le entit\u00e0 produttive del territorio Agordino. Territorio Agordino dove Leonardo Del Vecchio \u00e8 giunto tanti anni fa in punta di piedi, con una piccola borsa carica di sogni e soprattutto tanto coraggio, lungimiranza e voglia di affermazione. Territorio Agordino che ha: <strong>rappresentato con capacita e passione<\/strong>, avendo assunto anche incarichi presso il Comune di Agordo e presso l\u2019allora Comunit\u00e0 Montana Agordina<strong>; <\/strong><strong>saputo valorizzare<\/strong>, in uno degli aspetti pi\u00f9 intrinsechi\u00a0\u00a0 e caratterizzanti, cio\u00e8 il proverbiale \u00a0legame con il territorio di coloro che lo abitano stabilmente; <strong>saputo difendere<\/strong>, dalla sua autorevole posizione, senza esitazione di sorta, anche quando emergevano oggettive difficolt\u00e0 logistiche ed organizzative per la sua azienda; ma soprattutto un territorio che ha <strong>saputo amare<\/strong> profondamente unitamente alla sua gente. La partecipazione, cos\u00ec composta e numerosa, prima in piazza per accogliere il feretro, poi alla camera ardente ed infine alle esequie, \u00e8 la dimostrazione tangibile del grande senso di gratitudine che prevale nei nostri sentimenti e inoltre uno spontaneo e doveroso riconoscimento di quanto Il Cav. Leonardo del Vecchio, ha amorevolmente fatto per questa terra, in silenzio e con tanta discrezione e che ha infine voluto onorarci della sua presenza per un commosso e \u00a0difficile ultimo saluto. Un ringraziamento accorato al Cav. Leonardo Del Vecchio anche da parte delle Amministrazioni Comunali di questo territorio, che da oggi si sentono pi\u00f9 povere e disorientate. Un Grazie per quanto amorevolmente elargito in questi anni, per sostenere iniziative nei settori pi\u00f9 disparati della pubblica amministrazione, con lo scopo di aiutare noi amministratori a garantire servizi sempre pi\u00f9 di qualit\u00e0, e contrastare concretamente lo spopolamento delle nostre comunit\u00e0. Ora alzando gli occhi e guardando avanti, siamo certi che avr\u00e0 pensato con lungimiranza anche al futuro di questa sua creatura. A chi spetter\u00e0 il difficile compito di successore, unitamente ai rispettivi collaboratori, avr\u00e0 certamente lasciato in eredit\u00e0, questo prezioso patrimonio di valori di attaccamento al territorio e alla sua gente, che sono alla base del successo di questo colosso industriale.<\/p>\n<p>Vicepresidente UMA<\/p>\n<p>Paolo Frena<\/p><\/blockquote>\n<p>&nbsp;<\/p>\n<p>&nbsp;<\/p>\n<p>*****<\/p>\n","protected":false},"excerpt":{"rendered":"<p>REDAZIONE Riceviamo e pubblichiamo una lettera scritta da Paolo Frena, vicepresidente dell&#8217;Unione Montana Agordina. LA LETTERA In veste di Vice Presidente dell\u2019UMA e a nome di tutte le Amministrazioni Comunali del territorio agordino, esprimo le pi\u00f9 sentite condoglianze alla famiglia, ai tanti amici e collaboratori e anche alla comunit\u00e0 delle maestranze particolarmente legati ed affezionati&hellip;<\/p>\n","protected":false},"author":4,"featured_media":284384,"comment_status":"closed","ping_status":"closed","sticky":false,"template":"","format":"standard","meta":{"_monsterinsights_skip_tracking":false,"_monsterinsights_sitenote_active":false,"_monsterinsights_sitenote_note":"","_monsterinsights_sitenote_category":0,"footnotes":""},"categories":[49],"tags":[],"class_list":["post-284433","post","type-post","status-publish","format-standard","has-post-thumbnail","hentry","category-news-18","category-49","description-off"],"img_url":"https:\/\/www.radiopiu.net\/wordpress\/wp-content\/uploads\/2022\/06\/3e4170bd-d6f8-4d0b-98f3-68cc496b3503.jpg","_links":{"self":[{"href":"https:\/\/www.radiopiu.net\/wordpress\/wp-json\/wp\/v2\/posts\/284433","targetHints":{"allow":["GET"]}}],"collection":[{"href":"https:\/\/www.radiopiu.net\/wordpress\/wp-json\/wp\/v2\/posts"}],"about":[{"href":"https:\/\/www.radiopiu.net\/wordpress\/wp-json\/wp\/v2\/types\/post"}],"author":[{"embeddable":true,"href":"https:\/\/www.radiopiu.net\/wordpress\/wp-json\/wp\/v2\/users\/4"}],"replies":[{"embeddable":true,"href":"https:\/\/www.radiopiu.net\/wordpress\/wp-json\/wp\/v2\/comments?post=284433"}],"version-history":[{"count":0,"href":"https:\/\/www.radiopiu.net\/wordpress\/wp-json\/wp\/v2\/posts\/284433\/revisions"}],"wp:featuredmedia":[{"embeddable":true,"href":"https:\/\/www.radiopiu.net\/wordpress\/wp-json\/wp\/v2\/media\/284384"}],"wp:attachment":[{"href":"https:\/\/www.radiopiu.net\/wordpress\/wp-json\/wp\/v2\/media?parent=284433"}],"wp:term":[{"taxonomy":"category","embeddable":true,"href":"https:\/\/www.radiopiu.net\/wordpress\/wp-json\/wp\/v2\/categories?post=284433"},{"taxonomy":"post_tag","embeddable":true,"href":"https:\/\/www.radiopiu.net\/wordpress\/wp-json\/wp\/v2\/tags?post=284433"}],"curies":[{"name":"wp","href":"https:\/\/api.w.org\/{rel}","templated":true}]}}