{"id":284445,"date":"2022-06-30T14:49:05","date_gmt":"2022-06-30T12:49:05","guid":{"rendered":"https:\/\/www.radiopiu.net\/wordpress\/?p=284445"},"modified":"2022-06-30T14:49:05","modified_gmt":"2022-06-30T12:49:05","slug":"domani-in-veneto-tempo-instabile-soprattutto-sulle-zone-centro-settentrionali","status":"publish","type":"post","link":"https:\/\/www.radiopiu.net\/wordpress\/domani-in-veneto-tempo-instabile-soprattutto-sulle-zone-centro-settentrionali\/","title":{"rendered":"DOMANI IN VENETO TEMPO INSTABILE, SOPRATTUTTO SULLE ZONE CENTRO SETTENTRIONALI"},"content":{"rendered":"<p><strong>VENEZIA <\/strong>Il Centro Funzionale Decentrato della Protezione Civile della Regione del Veneto ha emesso oggi un avviso in cui si prevede, nella giornata di domani, venerd\u00ec 1 luglio, un rapido passaggio di un impulso perturbato sulla regione che porter\u00e0 ad una fase di instabilit\u00e0. Nello specifico, tra la tarda mattinata e la serata di domani saranno possibili rovesci e temporali locali\/sparsi, un po&#8217; pi\u00f9 probabili sulle zone centro settentrionali. Non si escludono fenomeni localmente intensi (forti rovesci, grandinate, forti raffiche). <strong>Si prevede criticit\u00e0 idrogeologica, con particolare riferimento alla rete idraulica secondaria, stabilendo dalle 10.00 fino alle 21.00 di domani, lo stato di Attenzione (allerta gialla)<\/strong><\/p>\n<p><a class=\"dt-pswp-item\" href=\"https:\/\/www.radiopiu.net\/wordpress\/wp-content\/uploads\/2022\/06\/Schermata-2022-06-30-alle-14.42.31.png\" data-dt-img-description=\"\" data-large_image_width=\"1294\" data-large_image_height=\"424\"><img loading=\"lazy\" decoding=\"async\" class=\"alignnone wp-image-284446 size-large\" src=\"https:\/\/www.radiopiu.net\/wordpress\/wp-content\/uploads\/2022\/06\/Schermata-2022-06-30-alle-14.42.31-1024x336.png\" alt=\"\" width=\"1024\" height=\"336\" srcset=\"https:\/\/www.radiopiu.net\/wordpress\/wp-content\/uploads\/2022\/06\/Schermata-2022-06-30-alle-14.42.31-1024x336.png 1024w, https:\/\/www.radiopiu.net\/wordpress\/wp-content\/uploads\/2022\/06\/Schermata-2022-06-30-alle-14.42.31-300x98.png 300w, https:\/\/www.radiopiu.net\/wordpress\/wp-content\/uploads\/2022\/06\/Schermata-2022-06-30-alle-14.42.31-768x252.png 768w, https:\/\/www.radiopiu.net\/wordpress\/wp-content\/uploads\/2022\/06\/Schermata-2022-06-30-alle-14.42.31.png 1294w\" sizes=\"auto, (max-width: 1024px) 100vw, 1024px\" \/><\/a><\/p>\n<p>&nbsp;<\/p>\n<p>Il possibile verificarsi di rovesci o temporali localmente anche intensi, potrebbe creare disagi al sistema fognario e di drenaggio urbano e lungo la rete idrografica minore. Si segnala la possibilit\u00e0 d&#8217;innesco di fenomeni franosi superficiali sui versanti e la possibilit\u00e0 di innesco di colate rapide specie nelle zone di allertamento di Vene-A, Vene-H, Vene-B e Vene-C<\/p>\n<p>&nbsp;<\/p>\n<p>&nbsp;<\/p>\n<p>*****<\/p>\n","protected":false},"excerpt":{"rendered":"<p>VENEZIA Il Centro Funzionale Decentrato della Protezione Civile della Regione del Veneto ha emesso oggi un avviso in cui si prevede, nella giornata di domani, venerd\u00ec 1 luglio, un rapido passaggio di un impulso perturbato sulla regione che porter\u00e0 ad una fase di instabilit\u00e0. Nello specifico, tra la tarda mattinata e la serata di domani&hellip;<\/p>\n","protected":false},"author":4,"featured_media":144264,"comment_status":"closed","ping_status":"closed","sticky":false,"template":"","format":"standard","meta":{"_monsterinsights_skip_tracking":false,"_monsterinsights_sitenote_active":false,"_monsterinsights_sitenote_note":"","_monsterinsights_sitenote_category":0,"footnotes":""},"categories":[49],"tags":[],"class_list":["post-284445","post","type-post","status-publish","format-standard","has-post-thumbnail","hentry","category-news-18","category-49","description-off"],"img_url":"https:\/\/www.radiopiu.net\/wordpress\/wp-content\/uploads\/2020\/06\/PIOGGIA.jpg","_links":{"self":[{"href":"https:\/\/www.radiopiu.net\/wordpress\/wp-json\/wp\/v2\/posts\/284445","targetHints":{"allow":["GET"]}}],"collection":[{"href":"https:\/\/www.radiopiu.net\/wordpress\/wp-json\/wp\/v2\/posts"}],"about":[{"href":"https:\/\/www.radiopiu.net\/wordpress\/wp-json\/wp\/v2\/types\/post"}],"author":[{"embeddable":true,"href":"https:\/\/www.radiopiu.net\/wordpress\/wp-json\/wp\/v2\/users\/4"}],"replies":[{"embeddable":true,"href":"https:\/\/www.radiopiu.net\/wordpress\/wp-json\/wp\/v2\/comments?post=284445"}],"version-history":[{"count":0,"href":"https:\/\/www.radiopiu.net\/wordpress\/wp-json\/wp\/v2\/posts\/284445\/revisions"}],"wp:featuredmedia":[{"embeddable":true,"href":"https:\/\/www.radiopiu.net\/wordpress\/wp-json\/wp\/v2\/media\/144264"}],"wp:attachment":[{"href":"https:\/\/www.radiopiu.net\/wordpress\/wp-json\/wp\/v2\/media?parent=284445"}],"wp:term":[{"taxonomy":"category","embeddable":true,"href":"https:\/\/www.radiopiu.net\/wordpress\/wp-json\/wp\/v2\/categories?post=284445"},{"taxonomy":"post_tag","embeddable":true,"href":"https:\/\/www.radiopiu.net\/wordpress\/wp-json\/wp\/v2\/tags?post=284445"}],"curies":[{"name":"wp","href":"https:\/\/api.w.org\/{rel}","templated":true}]}}