{"id":284496,"date":"2022-07-01T05:33:43","date_gmt":"2022-07-01T03:33:43","guid":{"rendered":"https:\/\/www.radiopiu.net\/wordpress\/?p=284496"},"modified":"2022-07-01T05:56:34","modified_gmt":"2022-07-01T03:56:34","slug":"malore-al-rifugio-fanes","status":"publish","type":"post","link":"https:\/\/www.radiopiu.net\/wordpress\/malore-al-rifugio-fanes\/","title":{"rendered":"MALORE AL RIFUGIO FANES"},"content":{"rendered":"<p><strong><a class=\"dt-pswp-item\" href=\"https:\/\/www.radiopiu.net\/wordpress\/wp-content\/uploads\/2022\/04\/soccorso-alpino-1024x602-1.jpg\" data-dt-img-description=\"\" data-large_image_width=\"1024\" data-large_image_height=\"602\"><img loading=\"lazy\" decoding=\"async\" class=\" wp-image-270917 alignleft\" src=\"https:\/\/www.radiopiu.net\/wordpress\/wp-content\/uploads\/2022\/04\/soccorso-alpino-1024x602-1-150x150.jpg\" alt=\"\" width=\"56\" height=\"56\" \/><\/a>CORTINA<\/strong> Alle 11.50 circa una squadra del Soccorso alpino di Cortina \u00e8 stata attivata, per recarsi al Rifugio Fanes poich\u00e9 un&#8217;escursionista era stata colta da malore. La 48enne di San Vito di Cadore (BL) \u00e8 stata raggiunta in fuoristrada, caricata a bordo e trasportata fino al parcheggio, da dove si \u00e8 allontanata con i propri mezzi.<\/p>\n<p>&nbsp;<\/p>\n<p>&nbsp;<\/p>\n<p>*****<\/p>\n","protected":false},"excerpt":{"rendered":"<p>CORTINA Alle 11.50 circa una squadra del Soccorso alpino di Cortina \u00e8 stata attivata, per recarsi al Rifugio Fanes poich\u00e9 un&#8217;escursionista era stata colta da malore. La 48enne di San Vito di Cadore (BL) \u00e8 stata raggiunta in fuoristrada, caricata a bordo e trasportata fino al parcheggio, da dove si \u00e8 allontanata con i propri&hellip;<\/p>\n","protected":false},"author":4,"featured_media":270917,"comment_status":"closed","ping_status":"closed","sticky":false,"template":"","format":"standard","meta":{"_monsterinsights_skip_tracking":false,"_monsterinsights_sitenote_active":false,"_monsterinsights_sitenote_note":"","_monsterinsights_sitenote_category":0,"footnotes":""},"categories":[51,49],"tags":[],"class_list":["post-284496","post","type-post","status-publish","format-standard","has-post-thumbnail","hentry","category-evidenza-top","category-news-18","category-51","category-49","description-off"],"img_url":"https:\/\/www.radiopiu.net\/wordpress\/wp-content\/uploads\/2022\/04\/soccorso-alpino-1024x602-1.jpg","_links":{"self":[{"href":"https:\/\/www.radiopiu.net\/wordpress\/wp-json\/wp\/v2\/posts\/284496","targetHints":{"allow":["GET"]}}],"collection":[{"href":"https:\/\/www.radiopiu.net\/wordpress\/wp-json\/wp\/v2\/posts"}],"about":[{"href":"https:\/\/www.radiopiu.net\/wordpress\/wp-json\/wp\/v2\/types\/post"}],"author":[{"embeddable":true,"href":"https:\/\/www.radiopiu.net\/wordpress\/wp-json\/wp\/v2\/users\/4"}],"replies":[{"embeddable":true,"href":"https:\/\/www.radiopiu.net\/wordpress\/wp-json\/wp\/v2\/comments?post=284496"}],"version-history":[{"count":0,"href":"https:\/\/www.radiopiu.net\/wordpress\/wp-json\/wp\/v2\/posts\/284496\/revisions"}],"wp:featuredmedia":[{"embeddable":true,"href":"https:\/\/www.radiopiu.net\/wordpress\/wp-json\/wp\/v2\/media\/270917"}],"wp:attachment":[{"href":"https:\/\/www.radiopiu.net\/wordpress\/wp-json\/wp\/v2\/media?parent=284496"}],"wp:term":[{"taxonomy":"category","embeddable":true,"href":"https:\/\/www.radiopiu.net\/wordpress\/wp-json\/wp\/v2\/categories?post=284496"},{"taxonomy":"post_tag","embeddable":true,"href":"https:\/\/www.radiopiu.net\/wordpress\/wp-json\/wp\/v2\/tags?post=284496"}],"curies":[{"name":"wp","href":"https:\/\/api.w.org\/{rel}","templated":true}]}}