{"id":284522,"date":"2022-06-30T17:34:11","date_gmt":"2022-06-30T15:34:11","guid":{"rendered":"https:\/\/www.radiopiu.net\/wordpress\/?p=284522"},"modified":"2022-06-30T17:34:11","modified_gmt":"2022-06-30T15:34:11","slug":"quattordicesima-e-bonus-bollette-nella-pensione-di-luglio-quasi-700-euro-in-piu","status":"publish","type":"post","link":"https:\/\/www.radiopiu.net\/wordpress\/quattordicesima-e-bonus-bollette-nella-pensione-di-luglio-quasi-700-euro-in-piu\/","title":{"rendered":"QUATTORDICESIMA E BONUS BOLLETTE, NELLA PENSIONE DI LUGLIO QUASI 700 EURO IN PIU&#8217;"},"content":{"rendered":"<p><strong><a class=\"dt-pswp-item\" href=\"https:\/\/www.radiopiu.net\/wordpress\/wp-content\/uploads\/2020\/06\/vista-frontale-dei-soldi-della-holding-della-persona_23-2148547912.jpg\" data-dt-img-description=\"\" data-large_image_width=\"626\" data-large_image_height=\"469\"><img loading=\"lazy\" decoding=\"async\" class=\"size-thumbnail wp-image-146655 alignleft\" src=\"https:\/\/www.radiopiu.net\/wordpress\/wp-content\/uploads\/2020\/06\/vista-frontale-dei-soldi-della-holding-della-persona_23-2148547912-150x150.jpg\" alt=\"\" width=\"150\" height=\"150\" \/><\/a>BELLUNO <\/strong>Mentre l\u2019inflazione galoppa a ritmi da anni 80, per circa 11 mila ultra64enni bellunesi, quelli con assegni previdenziali inferiori ai 1.048,70 euro lordi mensili (due volte la \u201cminima\u201d), \u00e8 in arrivo a luglio una boccata d\u2019ossigeno che si traduce in una pensione pi\u00f9 ricca, grazie alla 14esima mensilit\u00e0 e al bonus bollette, riservato comunque al 93% degli anziani residenti in provincia. In media i pensionati pi\u00f9 poveri potranno godere di circa 700 euro in pi\u00f9, soldi per\u00f2 insufficienti per mantenere intatto il proprio potere d\u2019acquisto, minato da un caro vita a dir poco irrefrenabile. In tale contesto, lo studio del sindacato dei pensionati della Cgil di Belluno rileva anche le grandi differenze di reddito esistenti fra i diversi comuni del territorio che evidenziano la necessit\u00e0 di intervenire in modo pi\u00f9 radicale nelle zone pi\u00f9 povere. Clamoroso, sotto questo profilo, il divario fra il comune con le pensioni pi\u00f9 alte, Soverzane, dove l\u2019assegno previdenziale medio \u00e8 di 1.169,05 euro, e quello con le pensioni pi\u00f9 basse, Zopp\u00e8 di Cadore, 463,80 euro. Una differenza di 705,25 euro, in pratica una volta e mezzo la \u201cminima\u201d.\u00a0 Ma partiamo dall\u2019inizio. Lo studio dello Spi di Belluno ha preso in esame le pensioni del settore privato (non i pensionati i quali percepiscono mediamente 1,3 pensioni a testa), che sono circa 67.600 (quelle pubbliche sono 9.300) evidenziando come in provincia l\u2019assegno medio sia di 996,56 euro (il territorio pi\u00f9 povero del Veneto dopo Rovigo). Il divario di genere, come sempre, \u00e8 notevole: la pensione media degli uomini \u00e8 di 1.352,22 euro quella delle donne si ferma a 723,15 euro. Il gap maschio-femmina \u00e8 ancora pi\u00f9 rilevante prendendo in esame le pensioni inferiori ai 750 euro. In questa platea rientra la met\u00e0 delle pensioni bellunesi: 9.083 assegni previdenziali appannaggio degli uomini (il 27% del totale) e 25.439 delle donne (il 73%). Per quanto riguarda i comuni (vedi tabella) i divari sono come detto notevoli e dipendono ovviamente dalle caratteristiche economiche del territorio. \u201cDi solito dove si trovano industrie e dove \u00e8 prevalente il lavoro dipendente le pensioni sono pi\u00f9 alte &#8211; conferma Maria Rita Gentilin, segretaria generale dello Spi Cgil Belluno -. Dove invece sono prevalenti attivit\u00e0 pi\u00f9 legate all\u2019agricoltura o all\u2019artigianato o al commercio ci sono assegni pi\u00f9 alti figli di una discontinuit\u00e0 contributiva pi\u00f9 marcata\u201d. Il capoluogo in questa classifica si trova all\u2019ottavo posto con 1072,35 euro di pensione media lorda mensile. Ora la 14esima mensilit\u00e0 e il bonus 200 euro daranno una boccata d\u2019ossigeno soprattutto ai pensionati pi\u00f9 poveri anche se tutto ci\u00f2 non sar\u00e0 sufficiente. \u201cL\u2019inflazione sta dilapidando le risorse dei nostri anziani \u2013 prosegue Gentilin \u2013 per questo riteniamo insufficiente il bonus perch\u00e9 non \u00e8 una misura strutturale e riteniamo necessario anche l\u2019innalzamento della 14esima e l\u2019ampliamento della platea dei beneficiari, come chiediamo da tempo. Il caro-vita e in particolare il caro bollette stanno mettendo in ginocchio gran parte dei pensionati bellunesi\u201d. Proprio riguardo la 14esima, lo Spi ricorda che la stessa viene accreditata direttamente dall\u2019Inps sulla pensione degli ultra64enni con pensioni inferiori a circa 1.000 euro lordi mensili. E\u2019 gi\u00e0 successo per\u00f2 che qualche anziano non l\u2019abbia ricevuta pur avendone i requisiti. In quel caso \u201cinvitiamo il soggetto coinvolto a contattare le nostre sedi attraverso le quali andremo a richiedere quanto dovuto all\u2019Inps. I nostri operatori dopo aver controllato la relativa documentazione invieranno la domanda all\u2019Ente previdenziale\u201d.<\/p>\n<p>&nbsp;<\/p>\n<p>&nbsp;<\/p>\n<p>*****<\/p>\n","protected":false},"excerpt":{"rendered":"<p>BELLUNO Mentre l\u2019inflazione galoppa a ritmi da anni 80, per circa 11 mila ultra64enni bellunesi, quelli con assegni previdenziali inferiori ai 1.048,70 euro lordi mensili (due volte la \u201cminima\u201d), \u00e8 in arrivo a luglio una boccata d\u2019ossigeno che si traduce in una pensione pi\u00f9 ricca, grazie alla 14esima mensilit\u00e0 e al bonus bollette, riservato comunque&hellip;<\/p>\n","protected":false},"author":4,"featured_media":146655,"comment_status":"closed","ping_status":"closed","sticky":false,"template":"","format":"standard","meta":{"_monsterinsights_skip_tracking":false,"_monsterinsights_sitenote_active":false,"_monsterinsights_sitenote_note":"","_monsterinsights_sitenote_category":0,"footnotes":""},"categories":[49],"tags":[],"class_list":["post-284522","post","type-post","status-publish","format-standard","has-post-thumbnail","hentry","category-news-18","category-49","description-off"],"img_url":"https:\/\/www.radiopiu.net\/wordpress\/wp-content\/uploads\/2020\/06\/vista-frontale-dei-soldi-della-holding-della-persona_23-2148547912.jpg","_links":{"self":[{"href":"https:\/\/www.radiopiu.net\/wordpress\/wp-json\/wp\/v2\/posts\/284522","targetHints":{"allow":["GET"]}}],"collection":[{"href":"https:\/\/www.radiopiu.net\/wordpress\/wp-json\/wp\/v2\/posts"}],"about":[{"href":"https:\/\/www.radiopiu.net\/wordpress\/wp-json\/wp\/v2\/types\/post"}],"author":[{"embeddable":true,"href":"https:\/\/www.radiopiu.net\/wordpress\/wp-json\/wp\/v2\/users\/4"}],"replies":[{"embeddable":true,"href":"https:\/\/www.radiopiu.net\/wordpress\/wp-json\/wp\/v2\/comments?post=284522"}],"version-history":[{"count":0,"href":"https:\/\/www.radiopiu.net\/wordpress\/wp-json\/wp\/v2\/posts\/284522\/revisions"}],"wp:featuredmedia":[{"embeddable":true,"href":"https:\/\/www.radiopiu.net\/wordpress\/wp-json\/wp\/v2\/media\/146655"}],"wp:attachment":[{"href":"https:\/\/www.radiopiu.net\/wordpress\/wp-json\/wp\/v2\/media?parent=284522"}],"wp:term":[{"taxonomy":"category","embeddable":true,"href":"https:\/\/www.radiopiu.net\/wordpress\/wp-json\/wp\/v2\/categories?post=284522"},{"taxonomy":"post_tag","embeddable":true,"href":"https:\/\/www.radiopiu.net\/wordpress\/wp-json\/wp\/v2\/tags?post=284522"}],"curies":[{"name":"wp","href":"https:\/\/api.w.org\/{rel}","templated":true}]}}