{"id":284537,"date":"2022-07-01T05:38:13","date_gmt":"2022-07-01T03:38:13","guid":{"rendered":"https:\/\/www.radiopiu.net\/wordpress\/?p=284537"},"modified":"2022-07-01T05:54:14","modified_gmt":"2022-07-01T03:54:14","slug":"cambio-medico-in-valle-del-biois-e-val-cordevole","status":"publish","type":"post","link":"https:\/\/www.radiopiu.net\/wordpress\/cambio-medico-in-valle-del-biois-e-val-cordevole\/","title":{"rendered":"CAMBIO MEDICO IN VALLE DEL BIOIS E VAL CORDEVOLE"},"content":{"rendered":"<p><strong><a class=\"dt-pswp-item\" href=\"https:\/\/www.radiopiu.net\/wordpress\/wp-content\/uploads\/2021\/06\/MEDICO.jpg\" data-dt-img-description=\"\" data-large_image_width=\"1920\" data-large_image_height=\"1440\"><img loading=\"lazy\" decoding=\"async\" class=\"size-thumbnail wp-image-216887 alignleft\" src=\"https:\/\/www.radiopiu.net\/wordpress\/wp-content\/uploads\/2021\/06\/MEDICO-150x150.jpg\" alt=\"\" width=\"150\" height=\"150\" \/><\/a>BELLUNO<\/strong> Da domani cesser\u00e0 il servizio come Medico di Medicina Generale il dottor Luca Favero, operante nell\u2019ambito dei Comuni di Alleghe, Colle Santa Lucia, Livinallongo del Col di Lana, Rocca Pietore, Selva di Cadore, Canale d\u2019Agordo, Cencenighe Agordino, Falcade, San Tomaso Agordino e Vallada Agordina. In sostituzione del dr. Favero, dal 15 Luglio 2022, verr\u00e0 inserita nell\u2019ambito territoriale la dr.ssa Arcangioli Letizia a cui saranno assegnati d\u2019ufficio gli assistiti. Non sar\u00e0 pertanto necessario recarsi presso gli sportelli anagrafe della ULSS per effettuare la scelta del nuovo medico. Dal 1\u00b0 al 14 Luglio p.v. saranno disponibili a garantire l\u2019assistenza ai pazienti del dr. Favero, presso i propri ambulatori, i medici operanti nell\u2019ambito territoriale in questione: Dr. Barone Paolo &#8211; 331 2409870, Dr. Magra Giovanni &#8211; 368 3278142, Dr. Allegro Claudio &#8211; 338 3312357, Dr.ssa Semenzato Camilla &#8211; 379 1091502. Per eventuali informazioni, \u00e8 possibile contattare gli uffici Anagrafe Sanitaria di Belluno al numero 0437 516757 dal luned\u00ec al venerd\u00ec dalle ore 12.00 alle ore 13.00.<\/p>\n<p>&nbsp;<\/p>\n<p>&nbsp;<\/p>\n<p>*****<\/p>\n","protected":false},"excerpt":{"rendered":"<p>BELLUNO Da domani cesser\u00e0 il servizio come Medico di Medicina Generale il dottor Luca Favero, operante nell\u2019ambito dei Comuni di Alleghe, Colle Santa Lucia, Livinallongo del Col di Lana, Rocca Pietore, Selva di Cadore, Canale d\u2019Agordo, Cencenighe Agordino, Falcade, San Tomaso Agordino e Vallada Agordina. In sostituzione del dr. Favero, dal 15 Luglio 2022, verr\u00e0&hellip;<\/p>\n","protected":false},"author":4,"featured_media":216887,"comment_status":"closed","ping_status":"closed","sticky":false,"template":"","format":"standard","meta":{"_monsterinsights_skip_tracking":false,"_monsterinsights_sitenote_active":false,"_monsterinsights_sitenote_note":"","_monsterinsights_sitenote_category":0,"footnotes":""},"categories":[51,49],"tags":[],"class_list":["post-284537","post","type-post","status-publish","format-standard","has-post-thumbnail","hentry","category-evidenza-top","category-news-18","category-51","category-49","description-off"],"img_url":"https:\/\/www.radiopiu.net\/wordpress\/wp-content\/uploads\/2021\/06\/MEDICO.jpg","_links":{"self":[{"href":"https:\/\/www.radiopiu.net\/wordpress\/wp-json\/wp\/v2\/posts\/284537","targetHints":{"allow":["GET"]}}],"collection":[{"href":"https:\/\/www.radiopiu.net\/wordpress\/wp-json\/wp\/v2\/posts"}],"about":[{"href":"https:\/\/www.radiopiu.net\/wordpress\/wp-json\/wp\/v2\/types\/post"}],"author":[{"embeddable":true,"href":"https:\/\/www.radiopiu.net\/wordpress\/wp-json\/wp\/v2\/users\/4"}],"replies":[{"embeddable":true,"href":"https:\/\/www.radiopiu.net\/wordpress\/wp-json\/wp\/v2\/comments?post=284537"}],"version-history":[{"count":0,"href":"https:\/\/www.radiopiu.net\/wordpress\/wp-json\/wp\/v2\/posts\/284537\/revisions"}],"wp:featuredmedia":[{"embeddable":true,"href":"https:\/\/www.radiopiu.net\/wordpress\/wp-json\/wp\/v2\/media\/216887"}],"wp:attachment":[{"href":"https:\/\/www.radiopiu.net\/wordpress\/wp-json\/wp\/v2\/media?parent=284537"}],"wp:term":[{"taxonomy":"category","embeddable":true,"href":"https:\/\/www.radiopiu.net\/wordpress\/wp-json\/wp\/v2\/categories?post=284537"},{"taxonomy":"post_tag","embeddable":true,"href":"https:\/\/www.radiopiu.net\/wordpress\/wp-json\/wp\/v2\/tags?post=284537"}],"curies":[{"name":"wp","href":"https:\/\/api.w.org\/{rel}","templated":true}]}}