{"id":284543,"date":"2022-07-01T05:37:42","date_gmt":"2022-07-01T03:37:42","guid":{"rendered":"https:\/\/www.radiopiu.net\/wordpress\/?p=284543"},"modified":"2022-07-01T05:55:02","modified_gmt":"2022-07-01T03:55:02","slug":"scivola-sul-sentiero-sotto-il-rifugio-giussani","status":"publish","type":"post","link":"https:\/\/www.radiopiu.net\/wordpress\/scivola-sul-sentiero-sotto-il-rifugio-giussani\/","title":{"rendered":"SCIVOLA SUL SENTIERO SOTTO IL RIFUGIO GIUSSANI"},"content":{"rendered":"<p><strong><a class=\"dt-pswp-item\" href=\"https:\/\/www.radiopiu.net\/wordpress\/wp-content\/uploads\/2018\/08\/soccorsoalpino.jpg\" data-dt-img-description=\"\" data-large_image_width=\"1200\" data-large_image_height=\"1200\"><img loading=\"lazy\" decoding=\"async\" class=\" wp-image-59164 alignleft\" src=\"https:\/\/www.radiopiu.net\/wordpress\/wp-content\/uploads\/2018\/08\/soccorsoalpino-150x150.jpg\" alt=\"\" width=\"107\" height=\"107\" srcset=\"https:\/\/www.radiopiu.net\/wordpress\/wp-content\/uploads\/2018\/08\/soccorsoalpino-150x150.jpg 150w, https:\/\/www.radiopiu.net\/wordpress\/wp-content\/uploads\/2018\/08\/soccorsoalpino-300x300.jpg 300w, https:\/\/www.radiopiu.net\/wordpress\/wp-content\/uploads\/2018\/08\/soccorsoalpino-768x768.jpg 768w, https:\/\/www.radiopiu.net\/wordpress\/wp-content\/uploads\/2018\/08\/soccorsoalpino-1024x1024.jpg 1024w, https:\/\/www.radiopiu.net\/wordpress\/wp-content\/uploads\/2018\/08\/soccorsoalpino.jpg 1200w\" sizes=\"auto, (max-width: 107px) 100vw, 107px\" \/><\/a>CORTINA<\/strong> Attorno alle 16 una squadra del Soccorso alpino della Guardia di finanza Cortina \u00e8 intervenuta lungo il sentiero numero 403, che porta al Rifugio Giussani, a seguito dell&#8217;infortunio di un&#8217;escursionista 38enne tedesca, scivolata poco sotto la struttura riportando un sospetto trauma alla caviglia. La donna, che era in compagnia e si trovava prima dei tornantini che scendono dall&#8217;edificio, \u00e8 stata raggiunta dai soccorritori, che l&#8217;hanno trasportata fino al fuoristrada e da l\u00ec al Rifugio Dibona, da dove si \u00e8 allontanata con i propri mezzi.<\/p>\n<p>&nbsp;<\/p>\n<p>&nbsp;<\/p>\n<p>&nbsp;<\/p>\n<p>****<\/p>\n","protected":false},"excerpt":{"rendered":"<p>CORTINA Attorno alle 16 una squadra del Soccorso alpino della Guardia di finanza Cortina \u00e8 intervenuta lungo il sentiero numero 403, che porta al Rifugio Giussani, a seguito dell&#8217;infortunio di un&#8217;escursionista 38enne tedesca, scivolata poco sotto la struttura riportando un sospetto trauma alla caviglia. La donna, che era in compagnia e si trovava prima dei&hellip;<\/p>\n","protected":false},"author":4,"featured_media":59164,"comment_status":"closed","ping_status":"closed","sticky":false,"template":"","format":"standard","meta":{"_monsterinsights_skip_tracking":false,"_monsterinsights_sitenote_active":false,"_monsterinsights_sitenote_note":"","_monsterinsights_sitenote_category":0,"footnotes":""},"categories":[51,49],"tags":[],"class_list":["post-284543","post","type-post","status-publish","format-standard","has-post-thumbnail","hentry","category-evidenza-top","category-news-18","category-51","category-49","description-off"],"img_url":"https:\/\/www.radiopiu.net\/wordpress\/wp-content\/uploads\/2018\/08\/soccorsoalpino.jpg","_links":{"self":[{"href":"https:\/\/www.radiopiu.net\/wordpress\/wp-json\/wp\/v2\/posts\/284543","targetHints":{"allow":["GET"]}}],"collection":[{"href":"https:\/\/www.radiopiu.net\/wordpress\/wp-json\/wp\/v2\/posts"}],"about":[{"href":"https:\/\/www.radiopiu.net\/wordpress\/wp-json\/wp\/v2\/types\/post"}],"author":[{"embeddable":true,"href":"https:\/\/www.radiopiu.net\/wordpress\/wp-json\/wp\/v2\/users\/4"}],"replies":[{"embeddable":true,"href":"https:\/\/www.radiopiu.net\/wordpress\/wp-json\/wp\/v2\/comments?post=284543"}],"version-history":[{"count":0,"href":"https:\/\/www.radiopiu.net\/wordpress\/wp-json\/wp\/v2\/posts\/284543\/revisions"}],"wp:featuredmedia":[{"embeddable":true,"href":"https:\/\/www.radiopiu.net\/wordpress\/wp-json\/wp\/v2\/media\/59164"}],"wp:attachment":[{"href":"https:\/\/www.radiopiu.net\/wordpress\/wp-json\/wp\/v2\/media?parent=284543"}],"wp:term":[{"taxonomy":"category","embeddable":true,"href":"https:\/\/www.radiopiu.net\/wordpress\/wp-json\/wp\/v2\/categories?post=284543"},{"taxonomy":"post_tag","embeddable":true,"href":"https:\/\/www.radiopiu.net\/wordpress\/wp-json\/wp\/v2\/tags?post=284543"}],"curies":[{"name":"wp","href":"https:\/\/api.w.org\/{rel}","templated":true}]}}