{"id":284553,"date":"2022-07-02T05:45:28","date_gmt":"2022-07-02T03:45:28","guid":{"rendered":"https:\/\/www.radiopiu.net\/wordpress\/?p=284553"},"modified":"2022-07-02T07:42:05","modified_gmt":"2022-07-02T05:42:05","slug":"giornale-radiopiu-02-luglio-2022-direttore-mirko-mezzacasa","status":"publish","type":"post","link":"https:\/\/www.radiopiu.net\/wordpress\/giornale-radiopiu-02-luglio-2022-direttore-mirko-mezzacasa\/","title":{"rendered":"GIORNALE RADIOPIU 02 LUGLIO 2022 DIRETTORE MIRKO MEZZACASA"},"content":{"rendered":"<h3 class=\"kvgmc6g5 cxmmr5t8 oygrvhab hcukyx3x c1et5uql\"><span style=\"color: #0000ff;\"><strong>RADIO PIU INFORMAZIONE il canale su TELEGRAM informazione di prima\u00a0 <\/strong><\/span><span style=\"color: #0000ff;\"><strong>mano e in tempo reale. iscriviti ed aiutaci a farlo conoscere\u00a0<\/strong><\/span><\/h3>\n<hr \/>\n<p>&nbsp;<\/p>\n<h1 style=\"text-align: center;\"><span style=\"color: #ff9900;\">L&#8217;ARCOBALENO DI AGORDO<\/span><\/h1>\n\n\t\t\t<style type='text\/css'>\n\t\t\t\t#gallery-1 {\n\t\t\t\t\tmargin: auto;\n\t\t\t\t}\n\t\t\t\t#gallery-1 .gallery-item {\n\t\t\t\t\tfloat: left;\n\t\t\t\t\tmargin-top: 10px;\n\t\t\t\t\ttext-align: center;\n\t\t\t\t\twidth: 25%;\n\t\t\t\t}\n\t\t\t\t#gallery-1 img {\n\t\t\t\t\tborder: 2px solid #cfcfcf;\n\t\t\t\t}\n\t\t\t\t#gallery-1 .gallery-caption {\n\t\t\t\t\tmargin-left: 0;\n\t\t\t\t}\n\t\t\t\t\/* see gallery_shortcode() in wp-includes\/media.php *\/\n\t\t\t<\/style>\n\t\t<div id='gallery-1' class='dt-gallery-container gallery galleryid-284553 gallery-columns-4 gallery-size-thumbnail'><dl class='gallery-item'>\n\t\t\t\t<dt class='gallery-icon landscape'>\n\t\t\t\t\t<a class=\"rollover rollover-zoom dt-pswp-item\" title=\"59c99e86-552b-475e-bc5c-21624cb14a04\" data-dt-img-description=\"\" data-large_image_width=\"2048\" data-large_image_height=\"923\"href='https:\/\/www.radiopiu.net\/wordpress\/wp-content\/uploads\/2022\/07\/59c99e86-552b-475e-bc5c-21624cb14a04.jpg'><img loading=\"lazy\" decoding=\"async\" width=\"150\" height=\"150\" src=\"https:\/\/www.radiopiu.net\/wordpress\/wp-content\/uploads\/2022\/07\/59c99e86-552b-475e-bc5c-21624cb14a04-150x150.jpg\" class=\"attachment-thumbnail size-thumbnail\" alt=\"\" \/><\/a>\n\t\t\t\t<\/dt><\/dl><dl class='gallery-item'>\n\t\t\t\t<dt class='gallery-icon portrait'>\n\t\t\t\t\t<a class=\"rollover rollover-zoom dt-pswp-item\" title=\"c74a4077-6f31-4a3f-a160-a03c65dbb321\" data-dt-img-description=\"\" data-large_image_width=\"1116\" data-large_image_height=\"1489\"href='https:\/\/www.radiopiu.net\/wordpress\/wp-content\/uploads\/2022\/07\/c74a4077-6f31-4a3f-a160-a03c65dbb321.jpg'><img loading=\"lazy\" decoding=\"async\" width=\"150\" height=\"150\" src=\"https:\/\/www.radiopiu.net\/wordpress\/wp-content\/uploads\/2022\/07\/c74a4077-6f31-4a3f-a160-a03c65dbb321-150x150.jpg\" class=\"attachment-thumbnail size-thumbnail\" alt=\"\" \/><\/a>\n\t\t\t\t<\/dt><\/dl><dl class='gallery-item'>\n\t\t\t\t<dt class='gallery-icon portrait'>\n\t\t\t\t\t<a class=\"rollover rollover-zoom dt-pswp-item\" title=\"Schermata 2022-07-01 alle 20.08.13\" data-dt-img-description=\"\" data-large_image_width=\"694\" data-large_image_height=\"782\"href='https:\/\/www.radiopiu.net\/wordpress\/wp-content\/uploads\/2022\/07\/Schermata-2022-07-01-alle-20.08.13.png'><img loading=\"lazy\" decoding=\"async\" width=\"150\" height=\"150\" src=\"https:\/\/www.radiopiu.net\/wordpress\/wp-content\/uploads\/2022\/07\/Schermata-2022-07-01-alle-20.08.13-150x150.png\" class=\"attachment-thumbnail size-thumbnail\" alt=\"\" \/><\/a>\n\t\t\t\t<\/dt><\/dl><dl class='gallery-item'>\n\t\t\t\t<dt class='gallery-icon portrait'>\n\t\t\t\t\t<a class=\"rollover rollover-zoom dt-pswp-item\" title=\"3f1b89e4-e7a7-4143-9fef-8c7d6ccc4113\" data-dt-img-description=\"\" data-large_image_width=\"1512\" data-large_image_height=\"2016\"href='https:\/\/www.radiopiu.net\/wordpress\/wp-content\/uploads\/2022\/07\/3f1b89e4-e7a7-4143-9fef-8c7d6ccc4113.jpg'><img loading=\"lazy\" decoding=\"async\" width=\"150\" height=\"150\" src=\"https:\/\/www.radiopiu.net\/wordpress\/wp-content\/uploads\/2022\/07\/3f1b89e4-e7a7-4143-9fef-8c7d6ccc4113-150x150.jpg\" class=\"attachment-thumbnail size-thumbnail\" alt=\"\" \/><\/a>\n\t\t\t\t<\/dt><\/dl><br style=\"clear: both\" \/>\n\t\t\t<\/div>\n\n<p>&nbsp;<\/p>\n<p><span style=\"color: #ff0000;\"><strong>IL VIDEO DI STEFANIA<\/strong><\/span><\/p>\n<div style=\"width: 640px;\" class=\"wp-video\"><video class=\"wp-video-shortcode\" id=\"video-284553-1\" width=\"640\" height=\"352\" preload=\"metadata\" controls=\"controls\"><source type=\"video\/mp4\" src=\"https:\/\/www.radiopiu.net\/wordpress\/wp-content\/uploads\/2022\/07\/WhatsApp-Video-2022-07-01-at-19.21.32.mp4?_=1\" \/><a href=\"https:\/\/www.radiopiu.net\/wordpress\/wp-content\/uploads\/2022\/07\/WhatsApp-Video-2022-07-01-at-19.21.32.mp4\">https:\/\/www.radiopiu.net\/wordpress\/wp-content\/uploads\/2022\/07\/WhatsApp-Video-2022-07-01-at-19.21.32.mp4<\/a><\/video><\/div>\n<hr \/>\n<p>&nbsp;<\/p>\n<p><strong>PUNTO TAMPONI STRAORDINARIO DOMENICA A PALUDI <\/strong>Domani dalle 8.30 alle 12.30, per persone con sintomatologia covid, ad accesso libero. Sar\u00e0 presente un medico per un triage all\u2019ingresso e l\u2019eventuale prescrizione.<\/p>\n<p>&nbsp;<\/p>\n<hr \/>\n<p>&nbsp;<\/p>\n<blockquote>\n<h3>MARATONA DLES DOLOMITES, GLI ORARI DELLA CHIUSURA DELLE STRADE<\/h3>\n<\/blockquote>\n<p><strong>REDAZIONE <\/strong>Domani \u00e8 in programma la 35\u00aa Maratona Dles Dolomites ed interesser\u00e0 anche alcune strade del bellunese. Tra queste Arabba, Passo Pordoi, Selva di Cadore, Passo Giau, Passo Falzarego, Valparola. Di seguito gli orari di chiusura delle strade e gli orari di presunta riapertura.<\/p>\n<p><a class=\"dt-pswp-item\" href=\"https:\/\/www.radiopiu.net\/wordpress\/wp-content\/uploads\/2022\/07\/Schermata-2022-07-01-alle-19.06.02.png\" data-dt-img-description=\"\" data-large_image_width=\"1298\" data-large_image_height=\"1358\"><img loading=\"lazy\" decoding=\"async\" class=\"wp-image-284734 aligncenter\" src=\"https:\/\/www.radiopiu.net\/wordpress\/wp-content\/uploads\/2022\/07\/Schermata-2022-07-01-alle-19.06.02-287x300.png\" alt=\"\" width=\"459\" height=\"480\" srcset=\"https:\/\/www.radiopiu.net\/wordpress\/wp-content\/uploads\/2022\/07\/Schermata-2022-07-01-alle-19.06.02-287x300.png 287w, https:\/\/www.radiopiu.net\/wordpress\/wp-content\/uploads\/2022\/07\/Schermata-2022-07-01-alle-19.06.02-979x1024.png 979w, https:\/\/www.radiopiu.net\/wordpress\/wp-content\/uploads\/2022\/07\/Schermata-2022-07-01-alle-19.06.02-768x804.png 768w, https:\/\/www.radiopiu.net\/wordpress\/wp-content\/uploads\/2022\/07\/Schermata-2022-07-01-alle-19.06.02.png 1298w\" sizes=\"auto, (max-width: 459px) 100vw, 459px\" \/><\/a><\/p>\n<p>&nbsp;<\/p>\n<p>&nbsp;<\/p>\n<hr \/>\n<p>&nbsp;<\/p>\n<blockquote>\n<h3><img loading=\"lazy\" decoding=\"async\" class=\"alignleft\" src=\"https:\/\/www.radiopiu.net\/wordpress\/wp-content\/uploads\/2021\/04\/Poco-oltre-il-secondo-tornante-salendo-da-Agordo-Rivamonte-2.jpg\" width=\"184\" height=\"104\" \/>GONA DI CONEDERA, IL 4 LUGLIO BLOCCO TOTALE PER UN&#8217;ORA<\/h3>\n<\/blockquote>\n<p><strong>RIVAMONTE<\/strong> Con ampio anticipo Veneto Strade comunica che lunedi dalle 8.30 alle 9.30 sar\u00e0 chiusa totalmente la strada Agordo-Rivamonte in localit\u00e0 Gona di Conedera. Sono infatti necessari lavori di lettura inclinometro che obbligano alla chiusura totale della strada. Inoltre da lunedi a mercoledi brevi interruzioni fino a 10 minuti dalle 8 alle 17.30, durante le aperture senso unico alternato.<\/p>\n<p><strong>VAL DI ZOLDO<\/strong> In localit\u00e0 Pian della Sega ha ceduto il piano viabile. Sono gi\u00e0 in corso i lavori ma per il fine settimana (sabato e domenica) \u00e8 necessario il senso unico alternato regolato da semaforo. L&#8217;invito a procedere con cautela. L&#8217;inghippo lungo la provinciale 251 Val di Zoldo e Cellina.<\/p>\n<p>&nbsp;<\/p>\n<p>&nbsp;<\/p>\n<hr \/>\n<p>&nbsp;<\/p>\n<blockquote>\n<h3>AGORDO IL GIORNO DOPO I FUNERALI DI DEL VECCHIO<\/h3>\n<\/blockquote>\n<p><strong><a class=\"dt-pswp-item\" href=\"https:\/\/www.radiopiu.net\/wordpress\/wp-content\/uploads\/2022\/07\/ec45342d-4c8e-4964-95d9-f605af461fe7.jpg\" data-dt-img-description=\"\" data-large_image_width=\"1600\" data-large_image_height=\"1200\"><img loading=\"lazy\" decoding=\"async\" class=\"size-thumbnail wp-image-284590 alignleft\" src=\"https:\/\/www.radiopiu.net\/wordpress\/wp-content\/uploads\/2022\/07\/ec45342d-4c8e-4964-95d9-f605af461fe7-150x150.jpg\" alt=\"\" width=\"150\" height=\"150\" \/><\/a>AGORDO<\/strong><\/p>\n<p>di Gianni Santomaso<\/p>\n<audio class=\"wp-audio-shortcode\" id=\"audio-284553-1\" preload=\"none\" style=\"width: 100%;\" controls=\"controls\"><source type=\"audio\/mpeg\" src=\"https:\/\/www.radiopiu.net\/wordpress\/wp-content\/uploads\/2022\/07\/GIANNI-AGORDO-IL-GIORNO-DOPO-I-FUNERALI-DI-DEL-VECCHIO.mp3?_=1\" \/><a href=\"https:\/\/www.radiopiu.net\/wordpress\/wp-content\/uploads\/2022\/07\/GIANNI-AGORDO-IL-GIORNO-DOPO-I-FUNERALI-DI-DEL-VECCHIO.mp3\">https:\/\/www.radiopiu.net\/wordpress\/wp-content\/uploads\/2022\/07\/GIANNI-AGORDO-IL-GIORNO-DOPO-I-FUNERALI-DI-DEL-VECCHIO.mp3<\/a><\/audio>\n<p>&nbsp;<\/p>\n<p>&nbsp;<\/p>\n<blockquote>\n<h3>LUXOTTICA. FRANCAVILLA: &#8220;RESTEREMO AD AGORDO PER ALTRI TRE SECOLI&#8221;<\/h3>\n<\/blockquote>\n<p><strong>REDAZIONE<\/strong> Subito dopo il funerale di Leonardo Del Vecchio, Luigi Francavilla si \u00e8 fermato con i giornalisti per qualche dichiarazione. Nel video l&#8217;intervista di Cristian Arboit di Antenna Tre.<\/p>\n<div style=\"width: 1200px;\" class=\"wp-video\"><video class=\"wp-video-shortcode\" id=\"video-284553-2\" width=\"1200\" height=\"675\" preload=\"metadata\" controls=\"controls\"><source type=\"video\/mp4\" src=\"https:\/\/www.radiopiu.net\/wordpress\/wp-content\/uploads\/2022\/07\/FRANCAVILLA-ANTENNA-3.mp4?_=2\" \/><a href=\"https:\/\/www.radiopiu.net\/wordpress\/wp-content\/uploads\/2022\/07\/FRANCAVILLA-ANTENNA-3.mp4\">https:\/\/www.radiopiu.net\/wordpress\/wp-content\/uploads\/2022\/07\/FRANCAVILLA-ANTENNA-3.mp4<\/a><\/video><\/div>\n<p>&nbsp;<\/p>\n<hr \/>\n<p>&nbsp;<\/p>\n<blockquote>\n<h3>ESPLOSIVO NEL RUSTICO, OPERAZIONE DI BRILLAMENTO A FORCELLA FRANCHE<\/h3>\n<\/blockquote>\n<p><strong>RIVAMONTE<\/strong> Tritolo e miccia detonante destinata ad operazioni di taglio o innesco a distanza, una Santa Barbara custodita alla meno peggio all&#8217;interno di un immobile rurale disabitato da tempo. Peraltro merce pericolosa perch\u00e9 mal conservata, risale agli anni Cinquanta ed \u00e8 particolarmente sensibile ad attivazione per cause esterne. Ad accorgersi dell&#8217;esplosivo colui che ha ereditato l&#8217;immobile che non ha esitato a chiedere la collaborazione dei Carabinieri della Stazione di Gosaldo, supportati dai Carabinieri Artificieri di Padova. Una volta in sicurezza l&#8217;esplosivo \u00e8 stata traslato dagli artificieri fino alla vicina cava di Forcella Franche (Gosaldo) per il brillamento.<\/p>\n\n\t\t\t<style type='text\/css'>\n\t\t\t\t#gallery-2 {\n\t\t\t\t\tmargin: auto;\n\t\t\t\t}\n\t\t\t\t#gallery-2 .gallery-item {\n\t\t\t\t\tfloat: left;\n\t\t\t\t\tmargin-top: 10px;\n\t\t\t\t\ttext-align: center;\n\t\t\t\t\twidth: 33%;\n\t\t\t\t}\n\t\t\t\t#gallery-2 img {\n\t\t\t\t\tborder: 2px solid #cfcfcf;\n\t\t\t\t}\n\t\t\t\t#gallery-2 .gallery-caption {\n\t\t\t\t\tmargin-left: 0;\n\t\t\t\t}\n\t\t\t\t\/* see gallery_shortcode() in wp-includes\/media.php *\/\n\t\t\t<\/style>\n\t\t<div id='gallery-2' class='dt-gallery-container gallery galleryid-284553 gallery-columns-3 gallery-size-thumbnail'><dl class='gallery-item'>\n\t\t\t\t<dt class='gallery-icon landscape'>\n\t\t\t\t\t<a class=\"rollover rollover-zoom dt-pswp-item\" title=\"be7706df-7ba6-4abe-b33a-88b4ca6cc272\" data-dt-img-description=\"\" data-large_image_width=\"1024\" data-large_image_height=\"768\"href='https:\/\/www.radiopiu.net\/wordpress\/wp-content\/uploads\/2022\/07\/be7706df-7ba6-4abe-b33a-88b4ca6cc272.jpg'><img loading=\"lazy\" decoding=\"async\" width=\"150\" height=\"150\" src=\"https:\/\/www.radiopiu.net\/wordpress\/wp-content\/uploads\/2022\/07\/be7706df-7ba6-4abe-b33a-88b4ca6cc272-150x150.jpg\" class=\"attachment-thumbnail size-thumbnail\" alt=\"\" \/><\/a>\n\t\t\t\t<\/dt><\/dl><dl class='gallery-item'>\n\t\t\t\t<dt class='gallery-icon portrait'>\n\t\t\t\t\t<a class=\"rollover rollover-zoom dt-pswp-item\" title=\"6e76fb8e-f2cb-4a38-b4d0-9d98c5d09251\" data-dt-img-description=\"\" data-large_image_width=\"768\" data-large_image_height=\"1024\"href='https:\/\/www.radiopiu.net\/wordpress\/wp-content\/uploads\/2022\/07\/6e76fb8e-f2cb-4a38-b4d0-9d98c5d09251.jpg'><img loading=\"lazy\" decoding=\"async\" width=\"150\" height=\"150\" src=\"https:\/\/www.radiopiu.net\/wordpress\/wp-content\/uploads\/2022\/07\/6e76fb8e-f2cb-4a38-b4d0-9d98c5d09251-150x150.jpg\" class=\"attachment-thumbnail size-thumbnail\" alt=\"\" \/><\/a>\n\t\t\t\t<\/dt><\/dl><dl class='gallery-item'>\n\t\t\t\t<dt class='gallery-icon landscape'>\n\t\t\t\t\t<a class=\"rollover rollover-zoom dt-pswp-item\" title=\"546eb4d6-3614-49ab-8ba0-02175cc5c4d6\" data-dt-img-description=\"\" data-large_image_width=\"750\" data-large_image_height=\"419\"href='https:\/\/www.radiopiu.net\/wordpress\/wp-content\/uploads\/2022\/07\/546eb4d6-3614-49ab-8ba0-02175cc5c4d6.jpg'><img loading=\"lazy\" decoding=\"async\" width=\"150\" height=\"150\" src=\"https:\/\/www.radiopiu.net\/wordpress\/wp-content\/uploads\/2022\/07\/546eb4d6-3614-49ab-8ba0-02175cc5c4d6-150x150.jpg\" class=\"attachment-thumbnail size-thumbnail\" alt=\"\" \/><\/a>\n\t\t\t\t<\/dt><\/dl><br style=\"clear: both\" \/>\n\t\t\t<\/div>\n\n<p>&nbsp;<\/p>\n<hr \/>\n<p>&nbsp;<\/p>\n<blockquote>\n<h3>FIAMME A MEANO, BRUCIA IL DIVANO<\/h3>\n<\/blockquote>\n<p><strong>SANTA GIUSTINA<\/strong> Gioved\u00ec sera\u00a0 alle 22.40\u00a0 i vigili del fuoco sono intervenuti in via Testolini a\u00a0 Meano per l&#8217;incendio di un&#8217;abitazione: nessuna persona \u00e8 rimasta ferita. I pompieri arrivati dalla sede centrale con un\u2019autopompa, un\u2019autobotte e 7 operatori, hanno circoscritto \u00e8 spento le fiamme divampate al piano terra di una casa al momento non abitata. Le fiamme hanno interessato un divano, una poltrona e il rivestimento della stanza soggiorno. Le cause dell&#8217;incendio sono al vaglio della squadra intervenuta. Le operazioni di soccorso dei vigili del fuoco sono terminate dopo circa due ore con l\u2019aereazione dei locali.<\/p>\n<p>&nbsp;<\/p>\n\n\t\t\t<style type='text\/css'>\n\t\t\t\t#gallery-3 {\n\t\t\t\t\tmargin: auto;\n\t\t\t\t}\n\t\t\t\t#gallery-3 .gallery-item {\n\t\t\t\t\tfloat: left;\n\t\t\t\t\tmargin-top: 10px;\n\t\t\t\t\ttext-align: center;\n\t\t\t\t\twidth: 33%;\n\t\t\t\t}\n\t\t\t\t#gallery-3 img {\n\t\t\t\t\tborder: 2px solid #cfcfcf;\n\t\t\t\t}\n\t\t\t\t#gallery-3 .gallery-caption {\n\t\t\t\t\tmargin-left: 0;\n\t\t\t\t}\n\t\t\t\t\/* see gallery_shortcode() in wp-includes\/media.php *\/\n\t\t\t<\/style>\n\t\t<div id='gallery-3' class='dt-gallery-container gallery galleryid-284553 gallery-columns-3 gallery-size-thumbnail'><dl class='gallery-item'>\n\t\t\t\t<dt class='gallery-icon portrait'>\n\t\t\t\t\t<a class=\"rollover rollover-zoom dt-pswp-item\" title=\"ade20508-2335-4515-a065-cca0df95ed2d\" data-dt-img-description=\"\" data-large_image_width=\"576\" data-large_image_height=\"840\"href='https:\/\/www.radiopiu.net\/wordpress\/wp-content\/uploads\/2022\/07\/ade20508-2335-4515-a065-cca0df95ed2d.jpg'><img loading=\"lazy\" decoding=\"async\" width=\"150\" height=\"150\" src=\"https:\/\/www.radiopiu.net\/wordpress\/wp-content\/uploads\/2022\/07\/ade20508-2335-4515-a065-cca0df95ed2d-150x150.jpg\" class=\"attachment-thumbnail size-thumbnail\" alt=\"\" \/><\/a>\n\t\t\t\t<\/dt><\/dl><dl class='gallery-item'>\n\t\t\t\t<dt class='gallery-icon landscape'>\n\t\t\t\t\t<a class=\"rollover rollover-zoom dt-pswp-item\" title=\"b61c9986-3727-4141-9f81-29fe64068c76\" data-dt-img-description=\"\" data-large_image_width=\"1034\" data-large_image_height=\"576\"href='https:\/\/www.radiopiu.net\/wordpress\/wp-content\/uploads\/2022\/07\/b61c9986-3727-4141-9f81-29fe64068c76.jpg'><img loading=\"lazy\" decoding=\"async\" width=\"150\" height=\"150\" src=\"https:\/\/www.radiopiu.net\/wordpress\/wp-content\/uploads\/2022\/07\/b61c9986-3727-4141-9f81-29fe64068c76-150x150.jpg\" class=\"attachment-thumbnail size-thumbnail\" alt=\"\" \/><\/a>\n\t\t\t\t<\/dt><\/dl><dl class='gallery-item'>\n\t\t\t\t<dt class='gallery-icon landscape'>\n\t\t\t\t\t<a class=\"rollover rollover-zoom dt-pswp-item\" title=\"cab1a3c1-b034-40eb-ada9-c38e47b31e07\" data-dt-img-description=\"\" data-large_image_width=\"747\" data-large_image_height=\"468\"href='https:\/\/www.radiopiu.net\/wordpress\/wp-content\/uploads\/2022\/07\/cab1a3c1-b034-40eb-ada9-c38e47b31e07.jpg'><img loading=\"lazy\" decoding=\"async\" width=\"150\" height=\"150\" src=\"https:\/\/www.radiopiu.net\/wordpress\/wp-content\/uploads\/2022\/07\/cab1a3c1-b034-40eb-ada9-c38e47b31e07-150x150.jpg\" class=\"attachment-thumbnail size-thumbnail\" alt=\"\" \/><\/a>\n\t\t\t\t<\/dt><\/dl><br style=\"clear: both\" \/>\n\t\t\t<\/div>\n\n<p>&nbsp;<\/p>\n<hr \/>\n<h3><\/h3>\n<blockquote>\n<h3>SI SENTE MALE DOPO LA PUNTURA DI UN INSETTO<\/h3>\n<\/blockquote>\n<p><strong><a class=\"dt-pswp-item\" href=\"https:\/\/www.radiopiu.net\/wordpress\/wp-content\/uploads\/2018\/08\/soccorsoalpino.jpg\" data-dt-img-description=\"\" data-large_image_width=\"1200\" data-large_image_height=\"1200\"><img loading=\"lazy\" decoding=\"async\" class=\" wp-image-59164 alignleft\" src=\"https:\/\/www.radiopiu.net\/wordpress\/wp-content\/uploads\/2018\/08\/soccorsoalpino-150x150.jpg\" alt=\"\" width=\"81\" height=\"81\" srcset=\"https:\/\/www.radiopiu.net\/wordpress\/wp-content\/uploads\/2018\/08\/soccorsoalpino-150x150.jpg 150w, https:\/\/www.radiopiu.net\/wordpress\/wp-content\/uploads\/2018\/08\/soccorsoalpino-300x300.jpg 300w, https:\/\/www.radiopiu.net\/wordpress\/wp-content\/uploads\/2018\/08\/soccorsoalpino-768x768.jpg 768w, https:\/\/www.radiopiu.net\/wordpress\/wp-content\/uploads\/2018\/08\/soccorsoalpino-1024x1024.jpg 1024w, https:\/\/www.radiopiu.net\/wordpress\/wp-content\/uploads\/2018\/08\/soccorsoalpino.jpg 1200w\" sizes=\"auto, (max-width: 81px) 100vw, 81px\" \/><\/a>VAL DI ZOLDO<\/strong> Ieri mattina l&#8217;elicottero del Suem di Pieve di Cadore \u00e8 intervenuto alle pendici del Castelaz dove un&#8217;escursionista si era sentita male a seguito della puntura di un insetto. Non senza difficolt\u00e0 nell&#8217;individuazione in mezzo al bosco, B.F., 65 anni, di Casier (TV), \u00e8 stata individuata, anche grazie alle indicazioni di un volontario del Soccorso alpino della Val di Zoldo sul posto, imbarcata e trasportata all&#8217;ospedale di Belluno.<\/p>\n<p>&nbsp;<\/p>\n<p>&nbsp;<\/p>\n<hr \/>\n<p>&nbsp;<\/p>\n<blockquote>\n<h3>INFORTUNIO A MALGA OMBRETTA<\/h3>\n<\/blockquote>\n<p><strong><a class=\"dt-pswp-item\" href=\"https:\/\/www.radiopiu.net\/wordpress\/wp-content\/uploads\/2021\/12\/salt-suem.jpg\" data-dt-img-description=\"\" data-large_image_width=\"1440\" data-large_image_height=\"1080\"><img loading=\"lazy\" decoding=\"async\" class=\" wp-image-247613 alignleft\" src=\"https:\/\/www.radiopiu.net\/wordpress\/wp-content\/uploads\/2021\/12\/salt-suem-150x150.jpg\" alt=\"\" width=\"94\" height=\"94\" \/><\/a>ROCCA<\/strong> <strong>PIETORE<\/strong> Primo intervento per l&#8217;elicottero di Dolomiti Emergency a Fiames, a seguito della richiesta di aiuto per la gestrice di Malga Ombretta, 65 anni, di Rocca Pietore (BL), che a seguito di una caduta lamentava dolori alla schiena. Atterrati a Pian Ombretta, personale medico e tecnico di elisoccorso hanno valutato le condizioni della donna e, dopo averla caricata a bordo, la hanno accompagnata all&#8217;ospedale di Agordo per gli accertamenti del caso.<\/p>\n<p>&nbsp;<\/p>\n<p>&nbsp;<\/p>\n<hr \/>\n<p>&nbsp;<\/p>\n<blockquote>\n<h3>IL FURGONE IN RETROMARCIA URTA IL PEDONE<\/h3>\n<\/blockquote>\n<p><strong>PONTE NELLE ALPI\u00a0<\/strong> \u00a0Un furgone, che stava effettuando una manovra in retromarcia, ha urtato una donna che battendo la testa ha riportando un trauma cranico. L&#8217;incidente ieri mattina\u00a0 alle 11.30 sul piazzale del municipio. La donna \u00e8 stata\u00a0 presa in cura dai sanitari e portata all&#8217;ospedale di Belluno per gli accertamenti del caso.<\/p>\n<p>&nbsp;<\/p>\n<hr \/>\n<p>&nbsp;<\/p>\n<blockquote>\n<h3>L&#8217;INCENDIO DI PUGNAI, IERI ANCORA EMERGENZA<\/h3>\n<\/blockquote>\n<p><em>nessun danno alle persone o alle borgate vicine, il rogo sembrava sotto controllo gi\u00e0 gioved\u00ec ma\u00a0 il vento ci ha messo del suo<\/em><\/p>\n<p><strong><a class=\"dt-pswp-item\" href=\"https:\/\/www.radiopiu.net\/wordpress\/wp-content\/uploads\/2022\/07\/14612f96-e42b-4afd-a92d-488b1d8620c3.jpg\" data-dt-img-description=\"\" data-large_image_width=\"1599\" data-large_image_height=\"738\"><img loading=\"lazy\" decoding=\"async\" class=\"size-thumbnail wp-image-284783 alignleft\" src=\"https:\/\/www.radiopiu.net\/wordpress\/wp-content\/uploads\/2022\/07\/14612f96-e42b-4afd-a92d-488b1d8620c3-150x150.jpg\" alt=\"\" width=\"150\" height=\"150\" \/><\/a>LAMON<\/strong> Un&#8217;altra intera giornata di interventi con canadair ed elicottero della protezione civile regionale per spegnere il fuoco sopra la borgata di Pugnai. Il rogo interessa la zona da\u00a0 gioved\u00ec pomeriggio, innescato probabilmente da un fulmine. Ieri\u00a0 si \u00e8 sviluppato nuovamente il fumo e \u00e8 scattato il nuovo allarme. L&#8217;assessore alla protezione civile regionale, Gianpaolo Bottacin lo ha comunicato ieri mattina\u00a0<em> \u00abSul luogo stanno operando con elicottero e si sta valutando richiesta canadair\u00bb.<\/em> Impossibile il rifornimento dal lago del Mis causa siccit\u00e0, quindi\u00a0 rifornimento al lago di Santa Croce.<\/p>\n<p>&nbsp;<\/p>\n<hr \/>\n<p>&nbsp;<\/p>\n<blockquote>\n<h3>BUON VIAGGIO AMICA MIA. DON ALBERTO &#8220;ALESSIA HA RAGGIUNTO UN PORTO SICURO&#8221;<\/h3>\n<\/blockquote>\n<p>&nbsp;<\/p>\n<p><strong><a class=\"dt-pswp-item\" href=\"https:\/\/www.radiopiu.net\/wordpress\/wp-content\/uploads\/2022\/07\/aaaaaaaa.jpg\" data-dt-img-description=\"\" data-large_image_width=\"295\" data-large_image_height=\"166\"><img loading=\"lazy\" decoding=\"async\" class=\"size-thumbnail wp-image-284786 alignleft\" src=\"https:\/\/www.radiopiu.net\/wordpress\/wp-content\/uploads\/2022\/07\/aaaaaaaa-150x150.jpg\" alt=\"\" width=\"150\" height=\"150\" \/><\/a>PEDAVENA<\/strong> Un dolore terribile, incommensurabile tra tante lacrime\u00a0 di un&#8217;intera comunit\u00e0 rimasta senza fiato alla notizia della morte di Alessia De Nadai, la ragazza di Pedavena di 17 anni morta all&#8217;ospedale di Treviso per un evento cerebrale. Don Alberto Ganz, nella sua omelia ha ricordato\u00a0 lo smarrimento degli Apostoli invitati ad <a class=\"dt-pswp-item\" href=\"https:\/\/www.radiopiu.net\/wordpress\/wp-content\/uploads\/2022\/06\/aaa-13.jpg\" data-dt-img-description=\"\" data-large_image_width=\"171\" data-large_image_height=\"149\"><img loading=\"lazy\" decoding=\"async\" class=\"size-thumbnail wp-image-284392 alignright\" src=\"https:\/\/www.radiopiu.net\/wordpress\/wp-content\/uploads\/2022\/06\/aaa-13-150x149.jpg\" alt=\"\" width=\"150\" height=\"149\" \/><\/a>&#8220;avere fede&#8221;. \u00abQuesta volta la tempesta ci ha portato via anche troppo &#8211; ha detto Don Alberto &#8211;\u00a0 adesso abbiamo bisogno di bonaccia e di coraggio nella fede per andare avanti. Ci deve consolare il fatto che Alessia ora ha raggiunto il porto sicuro\u00bb.\u00a0 Prima della benedizione della terra, si sono susseguiti i saluti strazianti degli insegnanti di Alessia, degli amici pi\u00f9 cari e dei familiari.<\/p>\n<blockquote><p><em> \u00abPiango la tua assenza ma non riesco a sentirti distante, ti sento vicina e voglio continuare a parlarti. Ti ricorder\u00f2 per sempre come una persona speciale, solare, determinata, ti ricorder\u00f2 per l&#8217;amore che hai donato nella nostra vita. Non resta che augurarti buon viaggio, amica mia&#8221;\u00a0<\/em><\/p><\/blockquote>\n<p>&nbsp;<\/p>\n<p>&nbsp;<\/p>\n<hr \/>\n<p>&nbsp;<\/p>\n<blockquote>\n<h3>DELTA ECHO E&#8217; IL SECONDO ELICOTTERO DEL SUEM<\/h3>\n<\/blockquote>\n<p><strong><a class=\"dt-pswp-item\" href=\"https:\/\/www.radiopiu.net\/wordpress\/wp-content\/uploads\/2022\/07\/IMG-20220701-WA0020.jpg\" data-dt-img-description=\"\" data-large_image_width=\"2048\" data-large_image_height=\"1536\"><img loading=\"lazy\" decoding=\"async\" class=\"size-thumbnail wp-image-284720 alignleft\" src=\"https:\/\/www.radiopiu.net\/wordpress\/wp-content\/uploads\/2022\/07\/IMG-20220701-WA0020-150x150.jpg\" alt=\"\" width=\"150\" height=\"150\" \/><\/a>BELLUNO <\/strong>\u00c8 decollato ieri mattina, dall&#8217;elisuperficie di Fiames a Cortina, il secondo elicottero a servizio della Centrale SUEM 118 per i mesi di luglio e agosto per interventi di Emergenza-Urgenza in Ulss Dolomiti. Un servizio in pi\u00f9 per i residenti e i turisti, nei mesi di maggior afflusso in montagna. Si chiama Delta Echo ed \u00e8 un airbus 145 a 5 pale, che garantisce un ottimo comfort per pazienti e soccorritori. Far\u00e0 base a Fiames a Cortina.\u00a0 Sar\u00e0 in servizio 7 giorni su 7, per 12 ore al giorno, attivato in caso di necessit\u00e0 dalla Centrale operativa SUEM 118, che ha la regia dei soccorsi via terra e via aria. Il progetto sperimentale nasce da un&#8217;idea di Dolomiti Emergency, che ne garantisce la sostenibilit\u00e0 economica insieme alla Regione Veneto. L&#8217;idea si \u00e8 concretizzata grazie alla sinergia con il Centro Regionale Emergenza Urgenza, l&#8217;Ulss Dolomiti e il Soccorso Alpino Dolomiti Bellunesi &#8211; CNSAS . \u00c8 stata firmata una convenzione per la disciplina dei rapporti tra i vari enti che contribuisco a rendere operativa questa sperimentazione. Ieri \u00e8 stato dato l&#8217;avvio ufficiale della attivit\u00e0 alla presenza dei vertici di CREU, Ulss Dolomiti, Dolomiti Emergency e Soccorso Alpino e dei rappresentanti del Comune di Cortina.\u00a0 Da tutti un appello alla prudenza per chi sceglie di vivere le vacanze nelle nostre montagne, per non mettere a repentaglio se stessi e i soccorritori.\u00a0 Non appena finita la piccola cerimonia, Delta Echo \u00e8 subito decollato per la sua prima missione.<\/p>\n<p>&nbsp;<\/p>\n<p>&nbsp;<\/p>\n<hr \/>\n<p>&nbsp;<\/p>\n<blockquote>\n<h3>MEDIASET SPEGNE I RIPETITORI TV SUI TERRITORI. BUSSONE &#8220;GRAVISSIMO. INTERVENGA GOVERNO&#8221;<\/h3>\n<\/blockquote>\n<p><strong><img loading=\"lazy\" decoding=\"async\" class=\"alignleft\" src=\"https:\/\/www.radiopiu.net\/wordpress\/wp-content\/uploads\/2022\/07\/th-1.jpg\" width=\"228\" height=\"106\" \/>ROMA\u00a0<\/strong> &#8220;\u00c8 Gravissimo, inammissibile lo spegnimento dei ripetitori Mediaset, della societ\u00e0 EITowers, sui territori montani italiani e nelle zone dei piccoli Comuni. Gi\u00e0 lo spegnimento dei ripetitori di propriet\u00e0 degli Enti locali montani, per il cambio di frequenze, era stato gravissimo, a inizio 2022. Ora una situazione nuova e grave. A danni delle comunit\u00e0 locali. I Sindaci sono arrabbiati e pronti alla mobilitazione. Anche nei confronti di chi, con il cambio di frequenze, sta facendo niente. Imponendo parabole e altri sistemi di accesso alla tv a carico dei cittadini. Il digital divide \u00e8 gravissimo e pericoloso. Aumenta di ora in ora. Intervenga subito il Governo, il Mise in particolare, per individuare urgenti soluzioni tecniche vere e durature. Costringa Mediaset a riparare questo enorme danno,. Perch\u00e9 se anche di Maria De Filippi e Barbara D&#8217;Urso, o di Paolo Bonolis, a chi vive territori interessa ben poco, l&#8217;affronto alle aree interne e montane del Paese \u00e8 gravissimo. Obbligare tutti ad acquistare e installare, con la spesa media di 300 euro, una parabola, divide i cittadini. Non \u00e8 costituzionale. Non siamo dunque tutti uguali. Forse questo a Mediaset ed EITowers interessa poco, non lo sanno. Ma a Uncem e ai Comuni si. Spegnere i ripetitori che servono bassi numeri di &#8216;utenti&#8217;, come li chiamano loro, \u00e8 indegno di un Paese moderno e di un moderno sistema delle telecomunicazioni, europeo ed italiano, al quale Mediaset e EITowers dicono di voler contribuire&#8221;.<\/p>\n<p>&nbsp;<\/p>\n<hr \/>\n<p>&nbsp;<\/p>\n<blockquote>\n<h3>PICCOLE DERIVAZIONI, BENE PREZIOSO PER LA MONTAGNA<\/h3>\n<\/blockquote>\n<p><strong><img loading=\"lazy\" decoding=\"async\" class=\"alignleft\" src=\"https:\/\/www.radiopiu.net\/wordpress\/wp-content\/uploads\/2022\/07\/th-2.jpg\" width=\"162\" height=\"121\" \/>SEREN DEL GRAPPA<\/strong> Nella nuova legge regionale stralciata dal testo &#8220;le piccole derivazioni a scopo idroelettrico\u201d con importanti ricadute per\u00a0 i territori montani bellunesi. Lo sa bene Dario\u00a0 Scopel,\u00a0 sindaco di un piccolo Comune come Seren De Grappa,\u00a0 intervenuto\u00a0 al Consiglio delle Autonomie Locali, rimarcando la necessit\u00e0 di chiedere una modifica al testo originario della nuova normativa. L\u2019auspicio \u00e8 che ora il testo possa procedere spedito verso la sua approvazione finale anche per rispetto di chi vive la montagna che si spopola e dove l\u2019acqua\u00a0 \u00e8 uno dei beni,<em> &#8220;Per questo &#8211; dice Scopel &#8211;\u00a0 non dobbiamo cedere alcun margine in termini di gestione e di autodeterminazione&#8221;.<\/em><\/p>\n<p><strong>DARIO SCOPEL ALLA RADIO\u00a0<\/strong><\/p>\n<audio class=\"wp-audio-shortcode\" id=\"audio-284553-2\" preload=\"none\" style=\"width: 100%;\" controls=\"controls\"><source type=\"audio\/mpeg\" src=\"https:\/\/www.radiopiu.net\/wordpress\/wp-content\/uploads\/2022\/07\/scopel.mp3?_=2\" \/><a href=\"https:\/\/www.radiopiu.net\/wordpress\/wp-content\/uploads\/2022\/07\/scopel.mp3\">https:\/\/www.radiopiu.net\/wordpress\/wp-content\/uploads\/2022\/07\/scopel.mp3<\/a><\/audio>\n<p>&nbsp;<\/p>\n<p>&nbsp;<\/p>\n<hr \/>\n<h3><\/h3>\n<blockquote>\n<h3>IL COMUNE DI AGORDO DEVE METTERE MANO AL BILANCIO<\/h3>\n<\/blockquote>\n<p><strong><a class=\"dt-pswp-item\" href=\"https:\/\/www.radiopiu.net\/wordpress\/wp-content\/uploads\/2020\/03\/CONSIGLIO-AGORDO.jpg\" data-dt-img-description=\"\" data-large_image_width=\"1477\" data-large_image_height=\"832\"><img loading=\"lazy\" decoding=\"async\" class=\"size-thumbnail wp-image-122996 alignleft\" src=\"https:\/\/www.radiopiu.net\/wordpress\/wp-content\/uploads\/2020\/03\/CONSIGLIO-AGORDO-150x150.jpg\" alt=\"\" width=\"150\" height=\"150\" \/><\/a>AGORDO<\/strong><\/p>\n<p>di Gianni Santomaso<\/p>\n<audio class=\"wp-audio-shortcode\" id=\"audio-284553-3\" preload=\"none\" style=\"width: 100%;\" controls=\"controls\"><source type=\"audio\/mpeg\" src=\"https:\/\/www.radiopiu.net\/wordpress\/wp-content\/uploads\/2022\/07\/GIANNI-AGORDO-DEVE-METTERE-MANO-AL-BILANCIO.mp3?_=3\" \/><a href=\"https:\/\/www.radiopiu.net\/wordpress\/wp-content\/uploads\/2022\/07\/GIANNI-AGORDO-DEVE-METTERE-MANO-AL-BILANCIO.mp3\">https:\/\/www.radiopiu.net\/wordpress\/wp-content\/uploads\/2022\/07\/GIANNI-AGORDO-DEVE-METTERE-MANO-AL-BILANCIO.mp3<\/a><\/audio>\n<p>&nbsp;<\/p>\n<hr \/>\n<p>&nbsp;<\/p>\n<h3>CON I FONDI DI CONFINE IL CAMPO DI CALCIO SINTETICO, BIEN &#8220;NESSUN AMPLIAMENTO&#8221;<\/h3>\n<p><strong><img loading=\"lazy\" decoding=\"async\" class=\"alignleft\" src=\"https:\/\/www.radiopiu.net\/wordpress\/wp-content\/uploads\/2022\/06\/CAMPO-IVANO-DORIGO-300x169-1.jpg\" width=\"185\" height=\"104\" \/>DAL GIORNALE RADIO EDIZIONE DELLE 18.30<\/strong><\/p>\n<p><strong>AUDIO<\/strong><\/p>\n<audio class=\"wp-audio-shortcode\" id=\"audio-284553-4\" preload=\"none\" style=\"width: 100%;\" controls=\"controls\"><source type=\"audio\/mpeg\" src=\"https:\/\/www.radiopiu.net\/wordpress\/wp-content\/uploads\/2022\/07\/CRISTINA-AGORDO.mp3?_=4\" \/><a href=\"https:\/\/www.radiopiu.net\/wordpress\/wp-content\/uploads\/2022\/07\/CRISTINA-AGORDO.mp3\">https:\/\/www.radiopiu.net\/wordpress\/wp-content\/uploads\/2022\/07\/CRISTINA-AGORDO.mp3<\/a><\/audio>\n<p>&nbsp;<\/p>\n<blockquote>\n<h3>IL CONSIGLIO COMUNALE, REGISTRAZIONE INTEGRALE<\/h3>\n<\/blockquote>\n<p><a href=\"https:\/\/www.facebook.com\/marco.baghy.1\/videos\/720969692308855\">https:\/\/www.facebook.com\/marco.baghy.1\/videos\/720969692308855<\/a><\/p>\n<p>&nbsp;<\/p>\n<hr \/>\n<blockquote>\n<h3>INNESTO POLONI-203 AGORDINA, DA ESPROPRIO AD ACCORDO BONARIO<\/h3>\n<\/blockquote>\n<p>&nbsp;<\/p>\n<p><strong><img loading=\"lazy\" decoding=\"async\" class=\"alignleft\" src=\"https:\/\/www.radiopiu.net\/wordpress\/wp-content\/uploads\/2022\/07\/e5d15856-d2cd-440a-89b9-b9bece5f7e99-300x169-1.jpg\" width=\"167\" height=\"94\" \/>DAL GIORNALE RADIO EDIZIONE PRINCIPALE DELLE\u00a0 12.30\u00a0<\/strong><\/p>\n<p>&nbsp;<\/p>\n<p>AUDIO<\/p>\n<audio class=\"wp-audio-shortcode\" id=\"audio-284553-5\" preload=\"none\" style=\"width: 100%;\" controls=\"controls\"><source type=\"audio\/mpeg\" src=\"https:\/\/www.radiopiu.net\/wordpress\/wp-content\/uploads\/2022\/07\/VIA-POLONI.mp3?_=5\" \/><a href=\"https:\/\/www.radiopiu.net\/wordpress\/wp-content\/uploads\/2022\/07\/VIA-POLONI.mp3\">https:\/\/www.radiopiu.net\/wordpress\/wp-content\/uploads\/2022\/07\/VIA-POLONI.mp3<\/a><\/audio>\n<p>&nbsp;<\/p>\n<p>&nbsp;<\/p>\n<p><strong>ARCHIVIO RADIOPIU<\/strong><br \/>\n<strong>PRECEDENTE CONSIGLIO COMUNALE\u00a0<\/strong><\/p>\n<blockquote class=\"wp-embedded-content\" data-secret=\"6Jrs87T0OU\"><p><a href=\"https:\/\/www.radiopiu.net\/wordpress\/intersezione-con-la-comunale-piero-poloni-progetti-ed-espropri\/\">INTERSEZIONE CON LA COMUNALE PIERO POLONI, PROGETTI ED ESPROPRI<\/a><\/p><\/blockquote>\n<p><iframe loading=\"lazy\" class=\"wp-embedded-content\" sandbox=\"allow-scripts\" security=\"restricted\" style=\"position: absolute; clip: rect(1px, 1px, 1px, 1px);\" title=\"&#8220;INTERSEZIONE CON LA COMUNALE PIERO POLONI, PROGETTI ED ESPROPRI&#8221; &#8212; Radio Pi\u00f9\" src=\"https:\/\/www.radiopiu.net\/wordpress\/intersezione-con-la-comunale-piero-poloni-progetti-ed-espropri\/embed\/#?secret=1ZPQBXlIAT#?secret=6Jrs87T0OU\" data-secret=\"6Jrs87T0OU\" width=\"600\" height=\"338\" frameborder=\"0\" marginwidth=\"0\" marginheight=\"0\" scrolling=\"no\"><\/iframe><\/p>\n<p>&nbsp;<\/p>\n<hr \/>\n<p>&nbsp;<\/p>\n<blockquote>\n<h3>IL PRIMO CONSIGLIO COMUNALE DELL&#8217;ERA DE PELLEGRIN<\/h3>\n<\/blockquote>\n<p><strong>BELLUNO<\/strong><\/p>\n<p>di Moreno Gioli<\/p>\n<audio class=\"wp-audio-shortcode\" id=\"audio-284553-6\" preload=\"none\" style=\"width: 100%;\" controls=\"controls\"><source type=\"audio\/mpeg\" src=\"https:\/\/www.radiopiu.net\/wordpress\/wp-content\/uploads\/2022\/07\/GIOLI-CONSIGLIO-COMUNALE-BELLUNO.mp3?_=6\" \/><a href=\"https:\/\/www.radiopiu.net\/wordpress\/wp-content\/uploads\/2022\/07\/GIOLI-CONSIGLIO-COMUNALE-BELLUNO.mp3\">https:\/\/www.radiopiu.net\/wordpress\/wp-content\/uploads\/2022\/07\/GIOLI-CONSIGLIO-COMUNALE-BELLUNO.mp3<\/a><\/audio>\n\n\t\t\t<style type='text\/css'>\n\t\t\t\t#gallery-4 {\n\t\t\t\t\tmargin: auto;\n\t\t\t\t}\n\t\t\t\t#gallery-4 .gallery-item {\n\t\t\t\t\tfloat: left;\n\t\t\t\t\tmargin-top: 10px;\n\t\t\t\t\ttext-align: center;\n\t\t\t\t\twidth: 33%;\n\t\t\t\t}\n\t\t\t\t#gallery-4 img {\n\t\t\t\t\tborder: 2px solid #cfcfcf;\n\t\t\t\t}\n\t\t\t\t#gallery-4 .gallery-caption {\n\t\t\t\t\tmargin-left: 0;\n\t\t\t\t}\n\t\t\t\t\/* see gallery_shortcode() in wp-includes\/media.php *\/\n\t\t\t<\/style>\n\t\t<div id='gallery-4' class='dt-gallery-container gallery galleryid-284553 gallery-columns-3 gallery-size-thumbnail'><dl class='gallery-item'>\n\t\t\t\t<dt class='gallery-icon landscape'>\n\t\t\t\t\t<a class=\"rollover rollover-zoom dt-pswp-item\" title=\"a3c61c96-ce90-44c8-b70d-9cb32a023d22\" data-dt-img-description=\"\" data-large_image_width=\"2000\" data-large_image_height=\"1128\"href='https:\/\/www.radiopiu.net\/wordpress\/wp-content\/uploads\/2022\/07\/a3c61c96-ce90-44c8-b70d-9cb32a023d22.jpg'><img loading=\"lazy\" decoding=\"async\" width=\"150\" height=\"150\" src=\"https:\/\/www.radiopiu.net\/wordpress\/wp-content\/uploads\/2022\/07\/a3c61c96-ce90-44c8-b70d-9cb32a023d22-150x150.jpg\" class=\"attachment-thumbnail size-thumbnail\" alt=\"\" \/><\/a>\n\t\t\t\t<\/dt><\/dl><dl class='gallery-item'>\n\t\t\t\t<dt class='gallery-icon landscape'>\n\t\t\t\t\t<a class=\"rollover rollover-zoom dt-pswp-item\" title=\"244ae21f-eed4-4364-8c12-c9b2c018f7c9\" data-dt-img-description=\"\" data-large_image_width=\"2048\" data-large_image_height=\"1154\"href='https:\/\/www.radiopiu.net\/wordpress\/wp-content\/uploads\/2022\/07\/244ae21f-eed4-4364-8c12-c9b2c018f7c9.jpg'><img loading=\"lazy\" decoding=\"async\" width=\"150\" height=\"150\" src=\"https:\/\/www.radiopiu.net\/wordpress\/wp-content\/uploads\/2022\/07\/244ae21f-eed4-4364-8c12-c9b2c018f7c9-150x150.jpg\" class=\"attachment-thumbnail size-thumbnail\" alt=\"\" \/><\/a>\n\t\t\t\t<\/dt><\/dl><dl class='gallery-item'>\n\t\t\t\t<dt class='gallery-icon landscape'>\n\t\t\t\t\t<a class=\"rollover rollover-zoom dt-pswp-item\" title=\"3878ed10-4846-4dfa-81c3-265c4f8c923b\" data-dt-img-description=\"\" data-large_image_width=\"2048\" data-large_image_height=\"1154\"href='https:\/\/www.radiopiu.net\/wordpress\/wp-content\/uploads\/2022\/07\/3878ed10-4846-4dfa-81c3-265c4f8c923b.jpg'><img loading=\"lazy\" decoding=\"async\" width=\"150\" height=\"150\" src=\"https:\/\/www.radiopiu.net\/wordpress\/wp-content\/uploads\/2022\/07\/3878ed10-4846-4dfa-81c3-265c4f8c923b-150x150.jpg\" class=\"attachment-thumbnail size-thumbnail\" alt=\"\" \/><\/a>\n\t\t\t\t<\/dt><\/dl><br style=\"clear: both\" \/>\n\t\t\t<\/div>\n\n<p>&nbsp;<\/p>\n<hr \/>\n<p>&nbsp;<\/p>\n<blockquote>\n<h3>PNRR, 1,5 MILIARDI PER IL PIANO CONTRO LA DISPERSIONE SCOLASTICA. 26 MILIONI AL VENETO<\/h3>\n<\/blockquote>\n<p><strong>ROMA<\/strong> Un Piano da 1,5 miliardi contro la dispersione scolastica e le povert\u00e0 educative e per superare i divari territoriali. \u00c8 quanto prevede il Piano Nazionale di Ripresa e Resilienza per l\u2019Istruzione che, dopo una prima fase dedicata all\u2019edilizia scolastica e agli Avvisi per gli Enti locali, entra ora nella seconda, quella dedicata alle scuole, con fondi che arriveranno direttamente agli Istituti scolastici per migliorare i risultati negli apprendimenti di studentesse e studenti.La prima tranche di risorse assegnata al <strong>Veneto<\/strong> ammonta a 26.063.096,48 euro, stanziati per 193 istituti della regione. Sono 11 gli istituti bellunesi che riceveranno le risorse, ad Agordo assegnati 90.991 euro all&#8217;Istituto Follador.<\/p>\n<p><a class=\"dt-pswp-item\" href=\"https:\/\/www.radiopiu.net\/wordpress\/wp-content\/uploads\/2022\/07\/Schermata-2022-07-01-alle-18.07.28.png\" data-dt-img-description=\"\" data-large_image_width=\"1670\" data-large_image_height=\"406\"><img loading=\"lazy\" decoding=\"async\" class=\"alignnone wp-image-284743 size-large\" src=\"https:\/\/www.radiopiu.net\/wordpress\/wp-content\/uploads\/2022\/07\/Schermata-2022-07-01-alle-18.07.28-1024x249.png\" alt=\"\" width=\"1024\" height=\"249\" srcset=\"https:\/\/www.radiopiu.net\/wordpress\/wp-content\/uploads\/2022\/07\/Schermata-2022-07-01-alle-18.07.28-1024x249.png 1024w, https:\/\/www.radiopiu.net\/wordpress\/wp-content\/uploads\/2022\/07\/Schermata-2022-07-01-alle-18.07.28-300x73.png 300w, https:\/\/www.radiopiu.net\/wordpress\/wp-content\/uploads\/2022\/07\/Schermata-2022-07-01-alle-18.07.28-768x187.png 768w, https:\/\/www.radiopiu.net\/wordpress\/wp-content\/uploads\/2022\/07\/Schermata-2022-07-01-alle-18.07.28-1536x373.png 1536w, https:\/\/www.radiopiu.net\/wordpress\/wp-content\/uploads\/2022\/07\/Schermata-2022-07-01-alle-18.07.28.png 1670w\" sizes=\"auto, (max-width: 1024px) 100vw, 1024px\" \/><\/a><\/p>\n<p>&nbsp;<\/p>\n<hr \/>\n<p>&nbsp;<\/p>\n<blockquote>\n<h3>PROGETTO DELLA STAZIONE, UN NUOVO RICORSO AL TAR<\/h3>\n<\/blockquote>\n<p><strong><a class=\"dt-pswp-item\" href=\"https:\/\/www.radiopiu.net\/wordpress\/wp-content\/uploads\/2022\/07\/SADSAD.jpg\" data-dt-img-description=\"\" data-large_image_width=\"455\" data-large_image_height=\"230\"><img loading=\"lazy\" decoding=\"async\" class=\"size-thumbnail wp-image-284649 alignleft\" src=\"https:\/\/www.radiopiu.net\/wordpress\/wp-content\/uploads\/2022\/07\/SADSAD-150x150.jpg\" alt=\"\" width=\"150\" height=\"150\" \/><\/a>CORTINA\u00a0<\/strong> Forti dell\u2019ampio consenso popolare e del risultato della raccolta fondi per sostenere le spese legali, il Comitato Civico Cortina, Italia Nostra e il Condominio Cantore hanno presentato\u00a0 un secondo ricorso al Tribunale Amministrativo Regionale del Veneto,\u00a0 contro il Comune di Cortina d\u2019Ampezzo e la Regione Veneto, notificando inoltre la Pool Engineering srl e coinvolgendo la Provincia di Belluno e la Soprintendenza. L\u2019atto completa il precedente ricorso gi\u00e0 presentato un mese fa contro la Provincia di Belluno che ha deciso \u00a0di non assoggettare alla procedura di V.I.A. Viene chiesto l\u2019annullamento delle delibere del Consiglio comunale che approvano e adottano la variante urbanistica al PRG, nonch\u00e9 il parere della Commissione VAS della Regione del Veneto relativo alla medesima variante.<\/p>\n<blockquote><p><em>\u00abQuesto ricorso aggiuntivo ha fatto emergere il perch\u00e9 questo progetto non sia mai stato reso pubblico\u00bb afferma Marina Menardi, presidente del Comitato Civico Cortina. \u00abSappiamo che \u00e8 una lotta di Davide contro Golia, visti gli interessi in campo. Ma grazie all\u2019appoggio popolare ci siamo sentiti in dovere di intervenire per vie legali, visto il muro che ci siamo trovati davanti con l\u2019ex amministrazione comunale\u00bb.<\/em><\/p><\/blockquote>\n<p>&nbsp;<\/p>\n<hr \/>\n<p>&nbsp;<\/p>\n<blockquote>\n<h3>DILLO A RADIO PIU.. QUATTRO ASSENZE TRA MIGLIAIA DI CUORI PALPITANTI<\/h3>\n<\/blockquote>\n<p><strong>Riceviamo e volentieri pubblichiamo la riflessione di Riccardo Nicoletti<\/strong><\/p>\n<blockquote><p><em><img loading=\"lazy\" decoding=\"async\" class=\"alignleft\" src=\"https:\/\/www.radiopiu.net\/wordpress\/wp-content\/uploads\/2022\/06\/6adc53a4-8d27-4bc3-bcfd-2ed561c6d583.jpg\" width=\"176\" height=\"132\" \/>Egregi signori delle istituzioni, consentitemi questo sfogo, al funerale del Cavaliere Leonardo Del Vecchio (il pi\u00f9 grande Imprenditore che \u013eItalia abbia mai avuto fin&#8217;ora), non ho visto quattro persone che,\u00a0 per me, avrebbero dovuto esserci &#8221; TASSATIVAMENTE &#8220;, presidente di Regione, Presidente del Consiglio, Presidente della Repubblica e Ministro delle Finanze (bellunese per altro), quest&#8217;ultimo, proprio, non ha scuse, ma nemmeno gli altri. Se dobbiamo essere franchi, ci si aspettava almeno un rappresentante Politico per ogni paese dove c&#8217;\u00e8 una sede Luxottica, un&#8217;azienda che da lavoro pi\u00f9 che dignitoso con un welfare che altri sognano, un&#8217;azienda che non ha delocalizzato, come tanti altri hanno fatto, lasciando a piedi i lavoratori ma che ha continuato a investire in quei lavoratori. Io non lavoro in quest&#8217;azienda e non sono nemmeno di Agordo ma conosco bene tutto quello che il Cavaliere ha fatto.\u00a0 Ieri mi sono vergognato di esserlo di essere Veneto e di essere Italiano, D&#8217;inc\u00e0 era troppo poco per questo territorio (il Veneto ), che voi continuate a sfruttare senza mai dare nulla, nemmeno un&#8217;ultimo saluto al pi\u00f9 grande contribuente dell&#8217;Italia.<\/em><\/p><\/blockquote>\n<p><strong>di Annalisa Dal Mas<\/strong><\/p>\n<p>Mi aggrego ad una lettera a Radio Pi\u00f9 Emittente Agordina in cui un cittadino fa notare la pesante assenza del \u201dGovernatore\u201d del Veneto Luca Zaia al funerale e alla camera ardente del Cavaliere Leonardo Del Vecchio.<br \/>\nAmmesso che la critica politica e la libert\u00e0 di Parola sono diritti imprescindibili della Costituzione Italiana, da fervente attivista politica mi sento anche io in dovere di rimproverare al Presidente di Regione la sua assenza. Un omaggio al pi\u00f9 grande imprenditore Veneto, a colui che ha fatto in modo di uscire dalla povert\u00e0 un\u2019intera provincia era DOVEROSO. Aldil\u00e0 della sua neutralit\u00e0 partitica ma per la sua grandezza d\u2019animo. La pi\u00f9 alta carica regionale non doveva essere assente e doveva trovare alcuni minuti per omaggiarlo e rendergli il giusto commiato per quanto fatto per tutto il territorio provinciale. Non mi vergogno di criticare questa assenza, pesante, vergognosa. Che non meritava deleghe di sorta. Proprio perch\u00e9 la figura del Presidente in campagna elettorale era sempre sul pezzo. Evidentemente il commiato al pi\u00f9 grande imprenditore veneto non gli avrebbe portato popolarit\u00e0?<\/p>\n<p>&nbsp;<\/p>\n<hr \/>\n<p>&nbsp;<\/p>\n<blockquote>\n<h3>QUASI UN MILIONE DI EURO AI CONSORZI DI PROMOZIONE<\/h3>\n<\/blockquote>\n<div>\n<p><strong><a class=\"dt-pswp-item\" href=\"https:\/\/www.radiopiu.net\/wordpress\/wp-content\/uploads\/2019\/05\/ALLEGHE-DANILO-DE-TONI.jpeg\" data-dt-img-description=\"\" data-large_image_width=\"1373\" data-large_image_height=\"1600\"><img loading=\"lazy\" decoding=\"async\" class=\"size-thumbnail wp-image-86463 alignleft\" src=\"https:\/\/www.radiopiu.net\/wordpress\/wp-content\/uploads\/2019\/05\/ALLEGHE-DANILO-DE-TONI-150x150.jpeg\" alt=\"\" width=\"150\" height=\"150\" \/><\/a>BELLUNO\u00a0<\/strong> Per la precisione 975mila euro, a tanto ammontano le risorse assegnate dalla Provincia di Belluno ai consorzi per la promozione del territorio e del prodotto turistico.\u00a0Il bando propone la concessione di contributi a fondo perduto a sostegno di attivit\u00e0 di informazione e promozione dell\u2019offerta turistica. E prevede un finanziamento a fondo perduto dell\u201980 per cento dei progetti presentati. Sono stati tredici i progetti presentati e ammessi a contributo. <em>\u00abTutti i consorzi, pi\u00f9 la Pro loco Val Fiorentina che lavora come un consorzio, hanno lavorato per presentare progetti validi e in linea con le finalit\u00e0 del bando. Che era orientato alla promozione del turismo\u00bb sottolinea il consigliere provinciale delegato al turismo, Danilo De Toni. \u00abIn molti casi, pi\u00f9 della met\u00e0, sono stati presentati progetti che sono frutto della collaborazione tra consorzi&#8221;<\/em>.\u00a0 I progetti finanziati agiscono su vari fronti: dal cicloturismo alla cultura, dall\u2019escursionismo al trekking, dalla neve allo sport, passando per la promozione di itinerari legati alle fiction tv. Anche con la creazione di pacchetti da mettere a disposizione dei tour operator. La prossima settimana saranno pubblicate le graduatorie.<\/p>\n<\/div>\n<p>&nbsp;<\/p>\n<hr \/>\n<p>&nbsp;<\/p>\n<blockquote>\n<h3>LA CAG RADDOPPIA IL FATTURATO, SARA&#8217; UNA STAGIONE DA RECORD<\/h3>\n<\/blockquote>\n<p><a class=\"dt-pswp-item\" href=\"https:\/\/www.radiopiu.net\/wordpress\/wp-content\/uploads\/2022\/07\/foto-ALL02-CS-CAG.jpg\" data-dt-img-description=\"\" data-large_image_width=\"640\" data-large_image_height=\"480\"><img loading=\"lazy\" decoding=\"async\" class=\"size-thumbnail wp-image-284656 alignleft\" src=\"https:\/\/www.radiopiu.net\/wordpress\/wp-content\/uploads\/2022\/07\/foto-ALL02-CS-CAG-150x150.jpg\" alt=\"\" width=\"150\" height=\"150\" \/><\/a><strong>BELLUNO<\/strong> Fatturato raddoppiato in tre anni nonostante la pandemia. La CAG Tecnologie Meccaniche di Borgo Valbelluna \u00e8 pronta ad un\u2019estate da record e si <a class=\"dt-pswp-item\" href=\"https:\/\/www.radiopiu.net\/wordpress\/wp-content\/uploads\/2022\/07\/foto-ALL-CS-CAG.jpg\" data-dt-img-description=\"\" data-large_image_width=\"559\" data-large_image_height=\"1024\"><img loading=\"lazy\" decoding=\"async\" class=\"wp-image-284657 alignright\" src=\"https:\/\/www.radiopiu.net\/wordpress\/wp-content\/uploads\/2022\/07\/foto-ALL-CS-CAG.jpg\" alt=\"\" width=\"186\" height=\"342\" \/><\/a>prepara al grande evento in programma per marted\u00ec 5 luglio alle 18,30 nel contesto di Villa Alpago Novello, sar\u00e0 presentata la moto del team vicentino SpeedUp che disputer\u00e0 il mondiale in classe Moto2 e che la stessa azienda bellunese ha contribuito a realizzare alcuni dei suoi componenti. CAG si occupa di lavorazioni meccaniche proprie e per conto terzi, e della realizzazione di macchinari e automazioni altamente personalizzati. \u201c<em>Siamo nati con l\u2019occhialeria- dice Antonio Castellan fondatore di CAG &#8211;\u00a0 che resta uno dei nostri asset strategici, ma con il tempo ci siamo lanciati nell\u2019automazione e nell\u2019offshore. \u00c8 stata una evoluzione programmata, che abbiamo seguito passo dopo passo investendo sulle competenze dei nostri collaboratori \u2013 con formazione continua &#8211; e su nuovi capannoni moderni e funzionali\u201d. Non a caso, l\u2019azienda \u00e8 riuscita a crescere anche negli anni della pandemia: \u201cAbbiamo cercato di cambiare il nostro modo di guardare al mercato, studiandolo, comprendendolo e andando ad anticiparlo. In pochi anni il nostro fatturato \u00e8 raddoppiato. L\u2019obiettivo principale rimane il fatto di consolidarci e crescere gradualmente\u201d <\/em><strong>FOTO da destra verso sinistra: Antonio Castellan fondatore di CAG, Luca Boscoscuro \u2013 manager di SpeedUp, team motociclistico di Moto2 e due tecnici CAG (sempre da destra verso sinistra: Stefano Bonetta e Maicol Pellizzari).<\/strong><\/p>\n<p>&nbsp;<\/p>\n<hr \/>\n<p>&nbsp;<\/p>\n<blockquote>\n<h3>LA SEGNALAZIONE DAL COL DI FOGLIA<\/h3>\n<\/blockquote>\n\n\t\t\t<style type='text\/css'>\n\t\t\t\t#gallery-5 {\n\t\t\t\t\tmargin: auto;\n\t\t\t\t}\n\t\t\t\t#gallery-5 .gallery-item {\n\t\t\t\t\tfloat: left;\n\t\t\t\t\tmargin-top: 10px;\n\t\t\t\t\ttext-align: center;\n\t\t\t\t\twidth: 50%;\n\t\t\t\t}\n\t\t\t\t#gallery-5 img {\n\t\t\t\t\tborder: 2px solid #cfcfcf;\n\t\t\t\t}\n\t\t\t\t#gallery-5 .gallery-caption {\n\t\t\t\t\tmargin-left: 0;\n\t\t\t\t}\n\t\t\t\t\/* see gallery_shortcode() in wp-includes\/media.php *\/\n\t\t\t<\/style>\n\t\t<div id='gallery-5' class='dt-gallery-container gallery galleryid-284553 gallery-columns-2 gallery-size-thumbnail'><dl class='gallery-item'>\n\t\t\t\t<dt class='gallery-icon portrait'>\n\t\t\t\t\t<a class=\"rollover rollover-zoom dt-pswp-item\" title=\"25b43397-7e89-486b-b380-9f5c1952614d\" data-dt-img-description=\"\" data-large_image_width=\"899\" data-large_image_height=\"1599\"href='https:\/\/www.radiopiu.net\/wordpress\/wp-content\/uploads\/2022\/07\/25b43397-7e89-486b-b380-9f5c1952614d.jpg'><img loading=\"lazy\" decoding=\"async\" width=\"150\" height=\"150\" src=\"https:\/\/www.radiopiu.net\/wordpress\/wp-content\/uploads\/2022\/07\/25b43397-7e89-486b-b380-9f5c1952614d-150x150.jpg\" class=\"attachment-thumbnail size-thumbnail\" alt=\"\" \/><\/a>\n\t\t\t\t<\/dt><\/dl><dl class='gallery-item'>\n\t\t\t\t<dt class='gallery-icon portrait'>\n\t\t\t\t\t<a class=\"rollover rollover-zoom dt-pswp-item\" title=\"4d423a47-2bef-487c-9bb6-12435de7d8f6\" data-dt-img-description=\"\" data-large_image_width=\"899\" data-large_image_height=\"1599\"href='https:\/\/www.radiopiu.net\/wordpress\/wp-content\/uploads\/2022\/07\/4d423a47-2bef-487c-9bb6-12435de7d8f6.jpg'><img loading=\"lazy\" decoding=\"async\" width=\"150\" height=\"150\" src=\"https:\/\/www.radiopiu.net\/wordpress\/wp-content\/uploads\/2022\/07\/4d423a47-2bef-487c-9bb6-12435de7d8f6-150x150.jpg\" class=\"attachment-thumbnail size-thumbnail\" alt=\"\" \/><\/a>\n\t\t\t\t<\/dt><\/dl><br style=\"clear: both\" \/>\n\t\t\t<\/div>\n\n<p><strong>AGORDO<\/strong> Via Col di Foglia. Le fotografie sono state scattate all&#8217;altezza delle case della cooperativa di Pragrande,\u00a0 a bordo strada. Se fosse bostrico sarebbe da togliere quella pianta per evitare si espanda il parassita. Se non lo fosse sarebbe lo stesso da toglierla per evitare che prima o poi cada sulla strada.<\/p>\n<p>&nbsp;<\/p>\n<p>&nbsp;<\/p>\n<hr \/>\n<p>&nbsp;<\/p>\n<blockquote>\n<h3>UN MANIFESTO D&#8217;INTENTI NEL QUALE CREDERCI<\/h3>\n<\/blockquote>\n<p>&nbsp;<\/p>\n<p><strong><a class=\"dt-pswp-item\" href=\"https:\/\/www.radiopiu.net\/wordpress\/wp-content\/uploads\/2021\/10\/consiglieri019-scaled.jpg\" data-dt-img-description=\"VENEZIA 08-10-2020.FOTOATTUALITA'. PALAZZO FERRO FINI.CONSIGLIO REGIONALE . RITRATTI DEI NUOVI CONSIGLIERI REGIONALI.NELLA FOTO: SILVIA CESTARO\" data-large_image_width=\"1752\" data-large_image_height=\"2560\"><img loading=\"lazy\" decoding=\"async\" class=\"size-thumbnail wp-image-237952 alignleft\" src=\"https:\/\/www.radiopiu.net\/wordpress\/wp-content\/uploads\/2021\/10\/consiglieri019-150x150.jpg\" alt=\"\" width=\"150\" height=\"150\" \/><\/a><\/strong>BELLUNO\u00a0 La Confcommercio si \u00e8 fatta promotrice del convegno \u201cDalla destinazione all\u2019esperienza: la montagna di oggi per il turismo di domani\u201d. <em>\u201cSono emersi tanti spunti che vanno a formare un vero e proprio manifesto d\u2019intenti in cui tutti noi crediamo<\/em>&#8221;\u00a0 lo dice il consigliere regionale\u00a0 Silvia Cestaro.<\/p>\n<p><strong>ALLA RADIO<\/strong><\/p>\n<audio class=\"wp-audio-shortcode\" id=\"audio-284553-7\" preload=\"none\" style=\"width: 100%;\" controls=\"controls\"><source type=\"audio\/mpeg\" src=\"https:\/\/www.radiopiu.net\/wordpress\/wp-content\/uploads\/2022\/07\/CESTARO.mp3?_=7\" \/><a href=\"https:\/\/www.radiopiu.net\/wordpress\/wp-content\/uploads\/2022\/07\/CESTARO.mp3\">https:\/\/www.radiopiu.net\/wordpress\/wp-content\/uploads\/2022\/07\/CESTARO.mp3<\/a><\/audio>\n<p>&nbsp;<\/p>\n<p>&nbsp;<\/p>\n<hr \/>\n<p>&nbsp;<\/p>\n<blockquote>\n<h3><a class=\"dt-pswp-item\" href=\"https:\/\/www.radiopiu.net\/wordpress\/wp-content\/uploads\/2022\/02\/Paglini-relazione.jpeg\" data-dt-img-description=\"\" data-large_image_width=\"1368\" data-large_image_height=\"912\"><img loading=\"lazy\" decoding=\"async\" class=\" wp-image-258793 alignleft\" src=\"https:\/\/www.radiopiu.net\/wordpress\/wp-content\/uploads\/2022\/02\/Paglini-relazione-150x150.jpeg\" alt=\"\" width=\"135\" height=\"135\" \/><\/a>\u00a0CONSIGLIO GENERALE DELLA CISL<\/h3>\n<p>IL SEGRETARIO MASSIMILIANO PAGLINI<\/p><\/blockquote>\n<audio class=\"wp-audio-shortcode\" id=\"audio-284553-8\" preload=\"none\" style=\"width: 100%;\" controls=\"controls\"><source type=\"audio\/mpeg\" src=\"https:\/\/www.radiopiu.net\/wordpress\/wp-content\/uploads\/2022\/07\/OAGLINIu.mp3?_=8\" \/><a href=\"https:\/\/www.radiopiu.net\/wordpress\/wp-content\/uploads\/2022\/07\/OAGLINIu.mp3\">https:\/\/www.radiopiu.net\/wordpress\/wp-content\/uploads\/2022\/07\/OAGLINIu.mp3<\/a><\/audio>\n<p>&nbsp;<\/p>\n<p>&nbsp;<\/p>\n<hr \/>\n<p>&nbsp;<\/p>\n<blockquote class=\"wp-embedded-content\" data-secret=\"8qj2XfS2YF\"><p><a href=\"https:\/\/www.radiopiu.net\/wordpress\/aggnazionaleluglio01\/\">CORONAVIRUS: AGGIORNAMENTO NAZIONALE 30 GIUGNO 2022<\/a><\/p><\/blockquote>\n<p><iframe loading=\"lazy\" class=\"wp-embedded-content\" sandbox=\"allow-scripts\" security=\"restricted\" style=\"position: absolute; clip: rect(1px, 1px, 1px, 1px);\" title=\"&#8220;CORONAVIRUS: AGGIORNAMENTO NAZIONALE 30 GIUGNO 2022&#8221; &#8212; Radio Pi\u00f9\" src=\"https:\/\/www.radiopiu.net\/wordpress\/aggnazionaleluglio01\/embed\/#?secret=7sFKEZ7MBz#?secret=8qj2XfS2YF\" data-secret=\"8qj2XfS2YF\" width=\"600\" height=\"338\" frameborder=\"0\" marginwidth=\"0\" marginheight=\"0\" scrolling=\"no\"><\/iframe><\/p>\n<p>&nbsp;<\/p>\n<blockquote class=\"wp-embedded-content\" data-secret=\"hEwbdnXrha\"><p><a href=\"https:\/\/www.radiopiu.net\/wordpress\/aggazzeroluglio01\/\">RICOVERI STABILI, 5 DECESSI NELLE 24 ORE E ANCHE IERI 8000 NUOVI CASI<\/a><\/p><\/blockquote>\n<p><iframe loading=\"lazy\" class=\"wp-embedded-content\" sandbox=\"allow-scripts\" security=\"restricted\" style=\"position: absolute; clip: rect(1px, 1px, 1px, 1px);\" title=\"&#8220;RICOVERI STABILI, 5 DECESSI NELLE 24 ORE E ANCHE IERI 8000 NUOVI CASI&#8221; &#8212; Radio Pi\u00f9\" src=\"https:\/\/www.radiopiu.net\/wordpress\/aggazzeroluglio01\/embed\/#?secret=Ck9MtAtrUa#?secret=hEwbdnXrha\" data-secret=\"hEwbdnXrha\" width=\"600\" height=\"338\" frameborder=\"0\" marginwidth=\"0\" marginheight=\"0\" scrolling=\"no\"><\/iframe><\/p>\n<p>&nbsp;<\/p>\n<h2>I GRAFICI DI TIZIANO DE COL<\/h2>\n\n\t\t\t<style type='text\/css'>\n\t\t\t\t#gallery-6 {\n\t\t\t\t\tmargin: auto;\n\t\t\t\t}\n\t\t\t\t#gallery-6 .gallery-item {\n\t\t\t\t\tfloat: left;\n\t\t\t\t\tmargin-top: 10px;\n\t\t\t\t\ttext-align: center;\n\t\t\t\t\twidth: 33%;\n\t\t\t\t}\n\t\t\t\t#gallery-6 img {\n\t\t\t\t\tborder: 2px solid #cfcfcf;\n\t\t\t\t}\n\t\t\t\t#gallery-6 .gallery-caption {\n\t\t\t\t\tmargin-left: 0;\n\t\t\t\t}\n\t\t\t\t\/* see gallery_shortcode() in wp-includes\/media.php *\/\n\t\t\t<\/style>\n\t\t<div id='gallery-6' class='dt-gallery-container gallery galleryid-284553 gallery-columns-3 gallery-size-thumbnail'><dl class='gallery-item'>\n\t\t\t\t<dt class='gallery-icon landscape'>\n\t\t\t\t\t<a class=\"rollover rollover-zoom dt-pswp-item\" title=\"12a34199-01c1-4e90-ae31-90ec33d55b57\" data-dt-img-description=\"\" data-large_image_width=\"592\" data-large_image_height=\"363\"href='https:\/\/www.radiopiu.net\/wordpress\/wp-content\/uploads\/2022\/07\/12a34199-01c1-4e90-ae31-90ec33d55b57.jpg'><img loading=\"lazy\" decoding=\"async\" width=\"150\" height=\"150\" src=\"https:\/\/www.radiopiu.net\/wordpress\/wp-content\/uploads\/2022\/07\/12a34199-01c1-4e90-ae31-90ec33d55b57-150x150.jpg\" class=\"attachment-thumbnail size-thumbnail\" alt=\"\" \/><\/a>\n\t\t\t\t<\/dt><\/dl><dl class='gallery-item'>\n\t\t\t\t<dt class='gallery-icon landscape'>\n\t\t\t\t\t<a class=\"rollover rollover-zoom dt-pswp-item\" title=\"ef6ed024-5b67-4cfb-986d-89a203c57090\" data-dt-img-description=\"\" data-large_image_width=\"587\" data-large_image_height=\"364\"href='https:\/\/www.radiopiu.net\/wordpress\/wp-content\/uploads\/2022\/07\/ef6ed024-5b67-4cfb-986d-89a203c57090.jpg'><img loading=\"lazy\" decoding=\"async\" width=\"150\" height=\"150\" src=\"https:\/\/www.radiopiu.net\/wordpress\/wp-content\/uploads\/2022\/07\/ef6ed024-5b67-4cfb-986d-89a203c57090-150x150.jpg\" class=\"attachment-thumbnail size-thumbnail\" alt=\"\" \/><\/a>\n\t\t\t\t<\/dt><\/dl><dl class='gallery-item'>\n\t\t\t\t<dt class='gallery-icon landscape'>\n\t\t\t\t\t<a class=\"rollover rollover-zoom dt-pswp-item\" title=\"76a0bc88-1931-4c08-9a09-475a6b511dda\" data-dt-img-description=\"\" data-large_image_width=\"614\" data-large_image_height=\"365\"href='https:\/\/www.radiopiu.net\/wordpress\/wp-content\/uploads\/2022\/07\/76a0bc88-1931-4c08-9a09-475a6b511dda.jpg'><img loading=\"lazy\" decoding=\"async\" width=\"150\" height=\"150\" src=\"https:\/\/www.radiopiu.net\/wordpress\/wp-content\/uploads\/2022\/07\/76a0bc88-1931-4c08-9a09-475a6b511dda-150x150.jpg\" class=\"attachment-thumbnail size-thumbnail\" alt=\"\" \/><\/a>\n\t\t\t\t<\/dt><\/dl><br style=\"clear: both\" \/><dl class='gallery-item'>\n\t\t\t\t<dt class='gallery-icon landscape'>\n\t\t\t\t\t<a class=\"rollover rollover-zoom dt-pswp-item\" title=\"7ee5ec96-9aa3-49ec-9771-47f7afbe544c\" data-dt-img-description=\"\" data-large_image_width=\"610\" data-large_image_height=\"356\"href='https:\/\/www.radiopiu.net\/wordpress\/wp-content\/uploads\/2022\/07\/7ee5ec96-9aa3-49ec-9771-47f7afbe544c.jpg'><img loading=\"lazy\" decoding=\"async\" width=\"150\" height=\"150\" src=\"https:\/\/www.radiopiu.net\/wordpress\/wp-content\/uploads\/2022\/07\/7ee5ec96-9aa3-49ec-9771-47f7afbe544c-150x150.jpg\" class=\"attachment-thumbnail size-thumbnail\" alt=\"\" \/><\/a>\n\t\t\t\t<\/dt><\/dl><dl class='gallery-item'>\n\t\t\t\t<dt class='gallery-icon landscape'>\n\t\t\t\t\t<a class=\"rollover rollover-zoom dt-pswp-item\" title=\"3a5df808-5719-4806-865f-eeca1a0062b8\" data-dt-img-description=\"\" data-large_image_width=\"606\" data-large_image_height=\"371\"href='https:\/\/www.radiopiu.net\/wordpress\/wp-content\/uploads\/2022\/07\/3a5df808-5719-4806-865f-eeca1a0062b8.jpg'><img loading=\"lazy\" decoding=\"async\" width=\"150\" height=\"150\" src=\"https:\/\/www.radiopiu.net\/wordpress\/wp-content\/uploads\/2022\/07\/3a5df808-5719-4806-865f-eeca1a0062b8-150x150.jpg\" class=\"attachment-thumbnail size-thumbnail\" alt=\"\" \/><\/a>\n\t\t\t\t<\/dt><\/dl><dl class='gallery-item'>\n\t\t\t\t<dt class='gallery-icon landscape'>\n\t\t\t\t\t<a class=\"rollover rollover-zoom dt-pswp-item\" title=\"39d24e56-607c-4b2a-90c7-143ebb8db904\" data-dt-img-description=\"\" data-large_image_width=\"608\" data-large_image_height=\"360\"href='https:\/\/www.radiopiu.net\/wordpress\/wp-content\/uploads\/2022\/07\/39d24e56-607c-4b2a-90c7-143ebb8db904.jpg'><img loading=\"lazy\" decoding=\"async\" width=\"150\" height=\"150\" src=\"https:\/\/www.radiopiu.net\/wordpress\/wp-content\/uploads\/2022\/07\/39d24e56-607c-4b2a-90c7-143ebb8db904-150x150.jpg\" class=\"attachment-thumbnail size-thumbnail\" alt=\"\" \/><\/a>\n\t\t\t\t<\/dt><\/dl><br style=\"clear: both\" \/>\n\t\t\t<\/div>\n\n<p>&nbsp;<\/p>\n<hr \/>\n<p>&nbsp;<\/p>\n<blockquote>\n<h3>ACQUA INQUINATA<\/h3>\n<\/blockquote>\n<p><strong><a class=\"dt-pswp-item\" href=\"https:\/\/www.radiopiu.net\/wordpress\/wp-content\/uploads\/2018\/08\/ACQUA.jpeg\" data-dt-img-description=\"\" data-large_image_width=\"1280\" data-large_image_height=\"768\"><img loading=\"lazy\" decoding=\"async\" class=\"alignleft wp-image-57052 \" src=\"https:\/\/www.radiopiu.net\/wordpress\/wp-content\/uploads\/2018\/08\/ACQUA-300x180.jpeg\" alt=\"\" width=\"153\" height=\"92\" srcset=\"https:\/\/www.radiopiu.net\/wordpress\/wp-content\/uploads\/2018\/08\/ACQUA-300x180.jpeg 300w, https:\/\/www.radiopiu.net\/wordpress\/wp-content\/uploads\/2018\/08\/ACQUA-768x461.jpeg 768w, https:\/\/www.radiopiu.net\/wordpress\/wp-content\/uploads\/2018\/08\/ACQUA-1024x614.jpeg 1024w, https:\/\/www.radiopiu.net\/wordpress\/wp-content\/uploads\/2018\/08\/ACQUA.jpeg 1280w\" sizes=\"auto, (max-width: 153px) 100vw, 153px\" \/><\/a>SAN TOMASO<\/strong> Gestione Servizi Pubblici informa che a SAN TOMASO AGORDINO in localit\u00e0 PIANEZZE l&#8217;acqua \u00e8 di nuovo potabile. Ancora inquinata nelle altre frazioni: CELAT,CHIEA,TOCOL, FONTANELLE E COL ZARESE.<\/p>\n<p><strong>GOSALDO<\/strong> Gestione Servizi Pubblici informa che in TUTTO il Comune di GOSALDO l&#8217;acqua erogata dall&#8217;acquedotto \u00e8 di nuovo potabile e pu\u00f2 essere usata, quindi, per scopi alimentari.<\/p>\n<p><strong>LIVINALLONGO<\/strong> Gestione Servizi Pubblici informa che a LIVINALLONGO DEL COL DI LANA nelle localit\u00e0 AL FAURO, CREPAZ, RENAZ, RUAZ, PEZZEI, S. GIOVANNI e FOSSAL l&#8217;acqua erogata dall&#8217;acquedotto non \u00e8 potabile e pu\u00f2 essere usata per scopi alimentari SOLO PREVIA bollitura. GSP ha, comunque, gi\u00e0 adottato le necessarie misure per la disinfezione dell&#8217;acqua presente nei serbatoi e nella rete idrica con l&#8217;aggiunta di cloro.<\/p>\n<p>&nbsp;<\/p>\n<p>&nbsp;<\/p>\n<hr \/>\n<p>&nbsp;<\/p>\n<blockquote>\n<h3>PROROGATA LA CHIUSURA DELLA STRADA TRA CROSTOLIN E LE RONCHE<\/h3>\n<\/blockquote>\n<p><strong>LA VALLE AGORDINA<\/strong>\u00a0 Sul Ponte \u201cDel Felice\u201d tra Crostolin e Le Ronche: chiusura della strada\u00a0 fino al 8 luglio per consentire alla ditta incaricata di effettuare le opere,\u00a0 interdizione totale al transito veicolare e pedonale. La Ditta che sta eseguendo i lavori ha comunicato che serve ancora un periodo di chiusura . Al riguardo \u00e8 stata prorogata fino all&#8217;8 luglio l&#8217;ordinanza che dispone la chiusura della strada.<\/p>\n<h3><\/h3>\n<p>&nbsp;<\/p>\n<hr \/>\n<p>&nbsp;<\/p>\n<blockquote>\n<h3>RIAPERTA VIA ALZAIA A BELLUNO, MA CON INVERSIONE DI MARCIA<\/h3>\n<\/blockquote>\n<p><strong><a class=\"dt-pswp-item\" href=\"https:\/\/www.radiopiu.net\/wordpress\/wp-content\/uploads\/2018\/07\/ponte-bailey.jpg\" data-dt-img-description=\"\" data-large_image_width=\"300\" data-large_image_height=\"227\"><img loading=\"lazy\" decoding=\"async\" class=\"size-thumbnail wp-image-53317 alignleft\" src=\"https:\/\/www.radiopiu.net\/wordpress\/wp-content\/uploads\/2018\/07\/ponte-bailey-150x150.jpg\" alt=\"\" width=\"150\" height=\"150\" \/><\/a>BELLUNO<\/strong> In riferimento ai lavori di manutenzione da effettuare sul ponte Bailey, che prevedeva l&#8217;istituzione del senso unico di circolazione sul ponte e del divieto di transito in via Alzaia, valutate le condizioni di sicurezza con la ditta esecutrice dei lavori, si e\u0300 convenuto di poter aprire al traffico la via Alzaia, invertendone anche il normale senso di marcia, dando la possibilita\u0300 di transitare con direzione da Borgo Piave a Lambioi. Si rendera\u0300, cosi\u0300, piu\u0300 breve il transito dei veicoli in entrata a Belluno dal Ponte della Vittoria e diretto verso il parcheggio di Lambioi, con benefici influssi anche sulla fluidita\u0300 del traffico che cosi\u0300 non gravera\u0300 sull\u2019abitato di Borgo Piave. Viene, quindi, modificata la precedente ordinanza, limitatamente alla riapertura al traffico di via Alzaia, con la contestuale inversione del normale senso unico di marcia, prevedendolo nell\u2019unica direzione da Borgo Piave a Lambioi, temporaneamente, dal 29 giugno al 15 luglio, o comunque fino al termine dei lavori sul ponte Bailey.<\/p>\n<p>&nbsp;<\/p>\n<p>&nbsp;<\/p>\n<hr \/>\n<p>&nbsp;<\/p>\n<blockquote>\n<h3>DOMENICA 17 LUGLIO LE COMMEMORAZIONI DEL SACRIFICIO DEI PARTIGIANI<\/h3>\n<\/blockquote>\n<p><strong><a class=\"dt-pswp-item\" href=\"https:\/\/www.radiopiu.net\/wordpress\/wp-content\/uploads\/2022\/07\/partigiani-San-Felice.jpg\" data-dt-img-description=\"\" data-large_image_width=\"768\" data-large_image_height=\"375\"><img loading=\"lazy\" decoding=\"async\" class=\"size-thumbnail wp-image-284766 alignleft\" src=\"https:\/\/www.radiopiu.net\/wordpress\/wp-content\/uploads\/2022\/07\/partigiani-San-Felice-150x150.jpg\" alt=\"\" width=\"150\" height=\"150\" \/><\/a>SEDICO\/BORGO VALBELLUNA<\/strong><\/p>\n<p>di Roberto Bona<\/p>\n<audio class=\"wp-audio-shortcode\" id=\"audio-284553-9\" preload=\"none\" style=\"width: 100%;\" controls=\"controls\"><source type=\"audio\/mpeg\" src=\"https:\/\/www.radiopiu.net\/wordpress\/wp-content\/uploads\/2022\/07\/BONA-LE-COMMEMORAZIONE-DEL-SACRIFICIO-DEI-PARTIGIANI.mp3?_=9\" \/><a href=\"https:\/\/www.radiopiu.net\/wordpress\/wp-content\/uploads\/2022\/07\/BONA-LE-COMMEMORAZIONE-DEL-SACRIFICIO-DEI-PARTIGIANI.mp3\">https:\/\/www.radiopiu.net\/wordpress\/wp-content\/uploads\/2022\/07\/BONA-LE-COMMEMORAZIONE-DEL-SACRIFICIO-DEI-PARTIGIANI.mp3<\/a><\/audio>\n<p>&nbsp;<\/p>\n<hr \/>\n<p>&nbsp;<\/p>\n<blockquote>\n<h3>IL LIBRO DI MARIA PIA FASSARI, IN DIRETTA ALLA RADIO<\/h3>\n<p><a class=\"dt-pswp-item\" href=\"https:\/\/www.radiopiu.net\/wordpress\/wp-content\/uploads\/2022\/07\/1.7.22-scaled.jpg\" data-dt-img-description=\"\" data-large_image_width=\"2560\" data-large_image_height=\"1701\"><img loading=\"lazy\" decoding=\"async\" class=\"alignnone wp-image-284780 size-full\" src=\"https:\/\/www.radiopiu.net\/wordpress\/wp-content\/uploads\/2022\/07\/1.7.22-scaled.jpg\" alt=\"\" width=\"2560\" height=\"1701\" srcset=\"https:\/\/www.radiopiu.net\/wordpress\/wp-content\/uploads\/2022\/07\/1.7.22-scaled.jpg 2560w, https:\/\/www.radiopiu.net\/wordpress\/wp-content\/uploads\/2022\/07\/1.7.22-300x199.jpg 300w, https:\/\/www.radiopiu.net\/wordpress\/wp-content\/uploads\/2022\/07\/1.7.22-1024x680.jpg 1024w, https:\/\/www.radiopiu.net\/wordpress\/wp-content\/uploads\/2022\/07\/1.7.22-768x510.jpg 768w, https:\/\/www.radiopiu.net\/wordpress\/wp-content\/uploads\/2022\/07\/1.7.22-1536x1020.jpg 1536w, https:\/\/www.radiopiu.net\/wordpress\/wp-content\/uploads\/2022\/07\/1.7.22-2048x1361.jpg 2048w\" sizes=\"auto, (max-width: 2560px) 100vw, 2560px\" \/><\/a><\/p><\/blockquote>\n<p>DALLA BIBLIOTECA CIVICA DI AGORDO, LA PRESENTAZIONE DEL LIBRO DI MARIA PIA FASSARI. NEL RICORDO DEL\u00a0 Maresciallo Marcello Cappelletti (85 anni), gi\u00e0 comandante della stazione dei carabinieri di Agordo.<\/p>\n<p>&nbsp;<\/p>\n<h1><strong>VIDEO <span style=\"color: #0000ff;\"><a style=\"color: #0000ff;\" href=\"https:\/\/www.facebook.com\/marco.baghy.1\/videos\/338310805145991\">CLICCA QUI\u00a0<\/a><\/span><\/strong><\/h1>\n<p>&nbsp;<\/p>\n<p>&nbsp;<\/p>\n<hr \/>\n<p>&nbsp;<\/p>\n<blockquote>\n<h3>GLI ALPINI DI CENCENIGHE IN TRASFERTA AD ASIAGO<\/h3>\n<\/blockquote>\n<p><strong>CENCENIGHE<\/strong> \u00c8 in programma per domenica 10 luglio una trasferta ad Asiago per gli alpini di Cencenighe per partecipare al Raduno Triveneto. Soci e simpatizzanti possono aderire alla trasferta scrivendo una mail a segreteria@anacencenighe.it o contattando il 349 9551910 o il 338 9871535. La quota di partecipazione \u00e8 di 30 euro. Il programma: ritrovo al Nof Fil\u00f2 alle 6:20 e partenza alle 6:30, arrivo verso le 9 ad Asiago e rientro in tarda serata.<\/p>\n<p>&nbsp;<\/p>\n<p>&nbsp;<\/p>\n<hr \/>\n<p>&nbsp;<\/p>\n<p>&nbsp;<\/p>\n<blockquote>\n<h3><strong><a class=\"dt-pswp-item\" href=\"https:\/\/www.radiopiu.net\/wordpress\/wp-content\/uploads\/2022\/06\/Schola-dei-Battuti-presso-San-Simon-Vallada-Agordina.jpg\" data-dt-img-description=\"\" data-large_image_width=\"1600\" data-large_image_height=\"1200\"><img loading=\"lazy\" decoding=\"async\" class=\"size-thumbnail wp-image-280948 alignleft\" src=\"https:\/\/www.radiopiu.net\/wordpress\/wp-content\/uploads\/2022\/06\/Schola-dei-Battuti-presso-San-Simon-Vallada-Agordina-150x150.jpg\" alt=\"\" width=\"150\" height=\"150\" \/><\/a><\/strong>OGGI L&#8217;INAUGURAZIONE DELLA SCHOLA DEI BATTUTI A VALLADA<\/h3>\n<\/blockquote>\n<p><strong>DI GIANNI SANTOMASO<\/strong><\/p>\n<audio class=\"wp-audio-shortcode\" id=\"audio-284553-10\" preload=\"none\" style=\"width: 100%;\" controls=\"controls\"><source type=\"audio\/mpeg\" src=\"https:\/\/www.radiopiu.net\/wordpress\/wp-content\/uploads\/2022\/06\/GIANNI-SCHOLA-DEI-BATTUTI.mp3?_=10\" \/><a href=\"https:\/\/www.radiopiu.net\/wordpress\/wp-content\/uploads\/2022\/06\/GIANNI-SCHOLA-DEI-BATTUTI.mp3\">https:\/\/www.radiopiu.net\/wordpress\/wp-content\/uploads\/2022\/06\/GIANNI-SCHOLA-DEI-BATTUTI.mp3<\/a><\/audio>\n<p>&nbsp;<\/p>\n<hr \/>\n<p>&nbsp;<\/p>\n<blockquote>\n<h3>IL FESTIVAL INTERNAZIONALE DELLA FISARMONICA<\/h3>\n<\/blockquote>\n<p><strong><a class=\"dt-pswp-item\" href=\"https:\/\/www.radiopiu.net\/wordpress\/wp-content\/uploads\/2022\/06\/sa.jpg\" data-dt-img-description=\"\" data-large_image_width=\"473\" data-large_image_height=\"151\"><img loading=\"lazy\" decoding=\"async\" class=\"wp-image-280606 alignleft\" src=\"https:\/\/www.radiopiu.net\/wordpress\/wp-content\/uploads\/2022\/06\/sa.jpg\" alt=\"\" width=\"229\" height=\"73\" srcset=\"https:\/\/www.radiopiu.net\/wordpress\/wp-content\/uploads\/2022\/06\/sa.jpg 473w, https:\/\/www.radiopiu.net\/wordpress\/wp-content\/uploads\/2022\/06\/sa-300x96.jpg 300w\" sizes=\"auto, (max-width: 229px) 100vw, 229px\" \/><\/a>REDAZIONE<\/strong> Il Festival internazionale della Fisarmonica, Dolomiti 2022 ritorna in presenza . Oggi alle 20.45 all&#8217;Auditorium dell&#8217;Istituto Canossiano di Feltre, domani all&#8217;Auditorium Comunale di San Vito di Cadore. Ospiti della serata i pi\u00f9 noti concertisti del panorama musicale internazionale. E&#8217; un&#8217;iniziativa dell&#8217;Associazione Filarmonica, Fisorchestra G. Rossini di Santa Giustina. La Fisorchestra Rossini, diretta dal maestro Ernesto Bellus e la Fisorchestra Armonia, diretta dal maestro Mirko Satto si esibiranno nel repertorio classico e moderno; il Koa Quintett diretto dal maestro Nicola Bettiol suoner\u00e0 un repertorio oberkrainer. Informazioni negli uffici turistici di Cencenighe e Feltre. Presenta Michela Da Canal.<\/p>\n<p>&nbsp;<\/p>\n<p>&nbsp;<\/p>\n<hr \/>\n<p>&nbsp;<\/p>\n<blockquote>\n<h3><a class=\"dt-pswp-item\" href=\"https:\/\/www.radiopiu.net\/wordpress\/wp-content\/uploads\/2022\/07\/291419494_1433717973722946_3952287628779114212_n.jpg\" data-dt-img-description=\"\" data-large_image_width=\"525\" data-large_image_height=\"274\"><img loading=\"lazy\" decoding=\"async\" class=\" wp-image-284692 alignleft\" src=\"https:\/\/www.radiopiu.net\/wordpress\/wp-content\/uploads\/2022\/07\/291419494_1433717973722946_3952287628779114212_n-150x150.jpg\" alt=\"\" width=\"140\" height=\"140\" \/><\/a>CON I POMPIERI VOLONTARI IN TOUR GASTRONOMICO<\/h3>\n<\/blockquote>\n<p><strong>ROCCA PIETORE<\/strong> Domenica 24 luglio i Pompieri Volontari di Caprile organizzano un tour gastronomico delle caratteristiche baite alpine della Mont da Laste.\u00a0 Partenza prevista per le 11 in localit\u00e0 la Leda appena sopra Laste e poi i partecipanti verranno coccolati con deliziose pietanze lungo tutto il percorso che si snoda attraverso uno dei territori montani pi\u00f9 caratteristici del Comune di Rocca Pietore alla quota di oltre 1700 m.s.l.m. PAGINA FACEBOOK POMPIERI VOLONTARI CAPRILE <span style=\"color: #0000ff;\"><strong><a style=\"color: #0000ff;\" href=\"https:\/\/www.facebook.com\/Pompieri-Volontari-Caprile-632379683856783\">CLICCA QUI<\/a><\/strong><\/span><\/p>\n<p>&nbsp;<\/p>\n<p>&nbsp;<\/p>\n<hr \/>\n<p>&nbsp;<\/p>\n<blockquote>\n<h3>MUSEO ETNOGRAFICO DI TAIBON, L&#8217;ESPERIENZA NEL PASSATO<\/h3>\n<\/blockquote>\n<p><strong><img loading=\"lazy\" decoding=\"async\" class=\"alignleft\" src=\"https:\/\/www.radiopiu.net\/wordpress\/wp-content\/uploads\/2022\/06\/xtaibon-1024x766-1.jpg\" width=\"193\" height=\"144\" \/>REDAZIONE<\/strong><\/p>\n<p><strong>AUDIO<\/strong><\/p>\n<audio class=\"wp-audio-shortcode\" id=\"audio-284553-11\" preload=\"none\" style=\"width: 100%;\" controls=\"controls\"><source type=\"audio\/mpeg\" src=\"https:\/\/www.radiopiu.net\/wordpress\/wp-content\/uploads\/2022\/06\/SPECIALE-SCUOLA-MATERNA-MUSEO-TAIBON-PER-VENERDI.mp3?_=11\" \/><a href=\"https:\/\/www.radiopiu.net\/wordpress\/wp-content\/uploads\/2022\/06\/SPECIALE-SCUOLA-MATERNA-MUSEO-TAIBON-PER-VENERDI.mp3\">https:\/\/www.radiopiu.net\/wordpress\/wp-content\/uploads\/2022\/06\/SPECIALE-SCUOLA-MATERNA-MUSEO-TAIBON-PER-VENERDI.mp3<\/a><\/audio>\n<p>&nbsp;<\/p>\n<p>&nbsp;<\/p>\n<hr \/>\n<p>&nbsp;<\/p>\n<blockquote>\n<h3>GLI APPUNTAMENTI AL CASTELLO DI ANDRAZ<\/h3>\n<\/blockquote>\n<p><strong>LIVINALLONGO<\/strong> Questi gli appuntamenti al Castello di Andraz per i prossimi giorni. Domani alle 15:30 concerto nel borgo di Castello per la rassegna Musica nell\u2019Agordino \u201cLe 8 Stagioni\u201d (musiche di A. Vivaldi e A.Piazzolla). Mercoled\u00ec 6 luglio la prima uscita con le guide naturalistiche di Tramedistoria, con passeggiata ed attivit\u00e0 didattiche e venerd\u00ec 8 luglio alle ore 16:00 \u201cGli dei dell\u2019Olimpo\u201d, spettacolo itinerante con Ana-Thema Teatro (UD).<\/p>\n<p>&nbsp;<\/p>\n<p>&nbsp;<\/p>\n<hr \/>\n<p>&nbsp;<\/p>\n<blockquote>\n<h3>EL CANAL DE AGORT<\/h3>\n<\/blockquote>\n<p><strong>AGORDO<\/strong> Presso il museo in via 5 maggio ad Agordo si pu\u00f2 visitare la mostra &#8220;El Canal De Agort&#8221; storia ed archeologia da San Gottardo alla Conca Agordina. La mostra \u00e8 visitabile dal gioved\u00ec alla domenica dalle 9:30 alle 12:30 e dall 16 alle 19 fino al 4 settembre.<\/p>\n<p>&nbsp;<\/p>\n<p>&nbsp;<\/p>\n<hr \/>\n<p>&nbsp;<\/p>\n<blockquote>\n<h3>AD ALLEGHE LA PRESENTAZIONE DEL NUOVO LIBRO DI LAURA DALLA TORRE<\/h3>\n<\/blockquote>\n<p><strong>ALLEGHE<\/strong> Sabato 9 luglio a partire dalle 18 in sala Stoppani delle scuole elementari ad Alleghe verr\u00e0 presentato il nuovo libro di Laura Dalla Torre dal titolo &#8220;La vita con il pelmo &#8211; Agn pasai auna co l pelf&#8221;. Presenter\u00e0 la serata Celestino Vallazza<\/p>\n<p>&nbsp;<\/p>\n<p>&nbsp;<\/p>\n<hr \/>\n<p>&nbsp;<\/p>\n<blockquote>\n<h3>ECHI DI CORI A MALGA CIAPELA<\/h3>\n<\/blockquote>\n<p><strong>ROCCA PIETORE<\/strong> Sabato 16 luglio a Malga Gran PIan in localit\u00e0 Malga Ciapela e a Sottoguda, il Coro Luned\u00ec di Roma sar\u00e0 in concerto per &#8220;Echi di Cori&#8221;. Alle 11 appuntamento a Malga Ciapela mentre alle 16 la location sar\u00e0 il Borgo di Sottoguda. Entrata a offerta libera.<\/p>\n<p>&nbsp;<\/p>\n<p>&nbsp;<\/p>\n<hr \/>\n<p>&nbsp;<\/p>\n<p>&nbsp;<\/p>\n<h2><\/h2>\n<h2><strong><a class=\"dt-pswp-item\" href=\"https:\/\/www.radiopiu.net\/wordpress\/wp-content\/uploads\/2022\/06\/DOLOMITI-HIKE-BIKE.png\" data-dt-img-description=\"\" data-large_image_width=\"392\" data-large_image_height=\"478\"><img loading=\"lazy\" decoding=\"async\" class=\"alignleft wp-image-283128 \" src=\"https:\/\/www.radiopiu.net\/wordpress\/wp-content\/uploads\/2022\/06\/DOLOMITI-HIKE-BIKE-246x300.png\" alt=\"\" width=\"123\" height=\"150\" srcset=\"https:\/\/www.radiopiu.net\/wordpress\/wp-content\/uploads\/2022\/06\/DOLOMITI-HIKE-BIKE-246x300.png 246w, https:\/\/www.radiopiu.net\/wordpress\/wp-content\/uploads\/2022\/06\/DOLOMITI-HIKE-BIKE.png 392w\" sizes=\"auto, (max-width: 123px) 100vw, 123px\" \/><\/a><\/strong><span style=\"color: #008000;\">DOLOMITI HIKE &amp; BIKE, L&#8217;EVENTO A SAN TOMASO<\/span><\/h2>\n<p><strong>di Claudio Fontanive<\/strong><\/p>\n<p>OSPITI: Moreno De Val (Sindaco di San Tomaso), Thomas Soppera e Moreno Geremetta<\/p>\n<audio class=\"wp-audio-shortcode\" id=\"audio-284553-12\" preload=\"none\" style=\"width: 100%;\" controls=\"controls\"><source type=\"audio\/mpeg\" src=\"https:\/\/www.radiopiu.net\/wordpress\/wp-content\/uploads\/2022\/06\/dolomiti-hike-e-bike-23-giugno.mp3?_=12\" \/><a href=\"https:\/\/www.radiopiu.net\/wordpress\/wp-content\/uploads\/2022\/06\/dolomiti-hike-e-bike-23-giugno.mp3\">https:\/\/www.radiopiu.net\/wordpress\/wp-content\/uploads\/2022\/06\/dolomiti-hike-e-bike-23-giugno.mp3<\/a><\/audio>\n<p>&nbsp;<\/p>\n<p>&nbsp;<\/p>\n<p>&nbsp;<\/p>\n<hr \/>\n<p>&nbsp;<\/p>\n<blockquote>\n<h3>CON IL CAI DI AGORDO IN VAL DI SAN MARTINO<\/h3>\n<\/blockquote>\n<p><strong>AGORDO<\/strong> Domani escursione con il Cai di Agordo in Val di San Martino. Suggestiva camminata nel Parco Nazionale Dolomiti Bellunesi in una delle valli pi\u00f9 affascinanti del feltrino. Ai piedi delle Vette Feltrine questo itinerario permette di visitare gli antichi insediamenti malghivi del Pian dei Violini, oggi perlopi\u00f9 mura diroccate, all\u2019interno dell\u2019affascinante bosco che la leggenda vuole popolato di folletti. Nel silenzio pi\u00f9 assoluto regna lo scorrere rasserenante del torrente Sti\u00e9n che proprio in quest\u2019area inizia il suo corso e offre lo spettacolo delle caratteristiche \u201cmarmitte\u201d con cascate e giochi d\u2019acqua spettacolari. Nel rientro si attraversa il suggestivo borgo di Las\u00e9n.<br \/>\nEscursione \u00a0classificata<strong> E<\/strong><\/p>\n<p>&nbsp;<\/p>\n<p>&nbsp;<\/p>\n<hr \/>\n<p>&nbsp;<\/p>\n<h2><span style=\"color: #ff0000;\">IERI ALLA RADIO<\/span><\/h2>\n<blockquote>\n<h3>UN NUOVO NOTAIO DA ROMA AD AGORDO. &#8220;DOVE LA VITA MI PIACE MOLTO E NON RIMPIANGO LA CAPITALE&#8221;<\/h3>\n<\/blockquote>\n<p>&nbsp;<\/p>\n<p><strong><img loading=\"lazy\" decoding=\"async\" class=\"alignleft\" src=\"https:\/\/www.radiopiu.net\/wordpress\/wp-content\/uploads\/2022\/07\/th.jpg\" width=\"183\" height=\"86\" \/>AGORDO<\/strong> Ci sono stati dei periodi, dei lunghi periodi, in cui Agordo e l&#8217;Agordino non potevano contare sul Notaio ad Agordo. Era il post Notaio Osti, molto spesso privati e aziende hanno dovuto ricorrere agli uffici di Belluno o Feltre. Oggi, nel capoluogo di vallata gli studi del Notaio sono due. Il noto Ruggiero Orlando in attivit\u00e0 da diversi anni in via Insurrezione. Da qualche mese si \u00e8 insediato ad Agordo anche un giovane, in via Cesare Battisti.<\/p>\n<p><strong>La presentazione del Notaio Davide Cascioli<\/strong><\/p>\n<p><strong>di Claudio Fontanive\u00a0<\/strong><\/p>\n<audio class=\"wp-audio-shortcode\" id=\"audio-284553-13\" preload=\"none\" style=\"width: 100%;\" controls=\"controls\"><source type=\"audio\/mpeg\" src=\"https:\/\/www.radiopiu.net\/wordpress\/wp-content\/uploads\/2022\/07\/notaio-cascioli-01-luglio.mp3?_=13\" \/><a href=\"https:\/\/www.radiopiu.net\/wordpress\/wp-content\/uploads\/2022\/07\/notaio-cascioli-01-luglio.mp3\">https:\/\/www.radiopiu.net\/wordpress\/wp-content\/uploads\/2022\/07\/notaio-cascioli-01-luglio.mp3<\/a><\/audio>\n<p>&nbsp;<\/p>\n<hr \/>\n<p>&nbsp;<\/p>\n<h2><span style=\"color: #ff0000;\">IERI ALLA RADIO<\/span><\/h2>\n<p>SOLIDARIETA&#8217; VENETO FONDO PENSIONE, OGNI MESE IL PRIMO VENERDI ALLE 10.30 E 1900 ALLA RADIO<br \/>\nLA PUNTATA DI IERI<\/p>\n<audio class=\"wp-audio-shortcode\" id=\"audio-284553-14\" preload=\"none\" style=\"width: 100%;\" controls=\"controls\"><source type=\"audio\/mpeg\" src=\"https:\/\/www.radiopiu.net\/wordpress\/wp-content\/uploads\/2022\/07\/solidarieta-veneto-luglio-2022.mp3?_=14\" \/><a href=\"https:\/\/www.radiopiu.net\/wordpress\/wp-content\/uploads\/2022\/07\/solidarieta-veneto-luglio-2022.mp3\">https:\/\/www.radiopiu.net\/wordpress\/wp-content\/uploads\/2022\/07\/solidarieta-veneto-luglio-2022.mp3<\/a><\/audio>\n<p>&nbsp;<\/p>\n<p>LA RACCOLTA COMPLETA<\/p>\n<blockquote class=\"wp-embedded-content\" data-secret=\"y62tmvQj8q\"><p><a href=\"https:\/\/www.radiopiu.net\/wordpress\/solidarieta-veneto\/\">Solidariet\u00e0 Veneto<\/a><\/p><\/blockquote>\n<p><iframe loading=\"lazy\" class=\"wp-embedded-content\" sandbox=\"allow-scripts\" security=\"restricted\" style=\"position: absolute; clip: rect(1px, 1px, 1px, 1px);\" title=\"&#8220;Solidariet\u00e0 Veneto&#8221; &#8212; Radio Pi\u00f9\" src=\"https:\/\/www.radiopiu.net\/wordpress\/solidarieta-veneto\/embed\/#?secret=BzZw7YilaQ#?secret=y62tmvQj8q\" data-secret=\"y62tmvQj8q\" width=\"600\" height=\"338\" frameborder=\"0\" marginwidth=\"0\" marginheight=\"0\" scrolling=\"no\"><\/iframe><\/p>\n<p>&nbsp;<\/p>\n<p>&nbsp;<\/p>\n<hr \/>\n<p>&nbsp;<\/p>\n<h2>DA SAN LUCANO AD ANDRAZ, IL FINE SETTIMANA DA OTTO STAGIONI. CON AGORDO MUSICA<\/h2>\n<p><strong><a class=\"dt-pswp-item\" href=\"https:\/\/www.radiopiu.net\/wordpress\/wp-content\/uploads\/2022\/06\/289344580_1356341784859322_3257643499431544439_n.jpg\" data-dt-img-description=\"\" data-large_image_width=\"2048\" data-large_image_height=\"1151\"><img loading=\"lazy\" decoding=\"async\" class=\"alignleft wp-image-284309 \" src=\"https:\/\/www.radiopiu.net\/wordpress\/wp-content\/uploads\/2022\/06\/289344580_1356341784859322_3257643499431544439_n-300x169.jpg\" alt=\"\" width=\"190\" height=\"107\" srcset=\"https:\/\/www.radiopiu.net\/wordpress\/wp-content\/uploads\/2022\/06\/289344580_1356341784859322_3257643499431544439_n-300x169.jpg 300w, https:\/\/www.radiopiu.net\/wordpress\/wp-content\/uploads\/2022\/06\/289344580_1356341784859322_3257643499431544439_n-1024x576.jpg 1024w, https:\/\/www.radiopiu.net\/wordpress\/wp-content\/uploads\/2022\/06\/289344580_1356341784859322_3257643499431544439_n-768x432.jpg 768w, https:\/\/www.radiopiu.net\/wordpress\/wp-content\/uploads\/2022\/06\/289344580_1356341784859322_3257643499431544439_n-1536x863.jpg 1536w, https:\/\/www.radiopiu.net\/wordpress\/wp-content\/uploads\/2022\/06\/289344580_1356341784859322_3257643499431544439_n.jpg 2048w\" sizes=\"auto, (max-width: 190px) 100vw, 190px\" \/><\/a>REDAZIONE<\/strong> Due appuntamenti in due giorni organizzati da Agordo Musica. Oggi in Valle di San Lucano a Taibon Agordino e domani al Castello di Andraz a Livinallongo con &#8220;Le 8 Stagioni&#8221;. Alla fisarmonica Luca Piovesan e al Violino Francesco Comisso.<\/p>\n<p>&nbsp;<\/p>\n<p>&nbsp;<\/p>\n<p><strong>L&#8217;INTERVISTA FIORANGELA BELTRAME CONSIGLIERE COMUNALE DI TAIBON AGORDINO con Andrea Bernardi\u00a0<\/strong><\/p>\n<audio class=\"wp-audio-shortcode\" id=\"audio-284553-15\" preload=\"none\" style=\"width: 100%;\" controls=\"controls\"><source type=\"audio\/mpeg\" src=\"https:\/\/www.radiopiu.net\/wordpress\/wp-content\/uploads\/2022\/06\/Intervista-x-col-di-pra-andraz.mp3?_=15\" \/><a href=\"https:\/\/www.radiopiu.net\/wordpress\/wp-content\/uploads\/2022\/06\/Intervista-x-col-di-pra-andraz.mp3\">https:\/\/www.radiopiu.net\/wordpress\/wp-content\/uploads\/2022\/06\/Intervista-x-col-di-pra-andraz.mp3<\/a><\/audio>\n<p>&nbsp;<\/p>\n<p><strong>L&#8217;INTERVISTA A LUCA PIOVESAN con Andrea Bernardi<\/strong><\/p>\n<audio class=\"wp-audio-shortcode\" id=\"audio-284553-16\" preload=\"none\" style=\"width: 100%;\" controls=\"controls\"><source type=\"audio\/mpeg\" src=\"https:\/\/www.radiopiu.net\/wordpress\/wp-content\/uploads\/2022\/06\/Intervista-Piovesan.mp3?_=16\" \/><a href=\"https:\/\/www.radiopiu.net\/wordpress\/wp-content\/uploads\/2022\/06\/Intervista-Piovesan.mp3\">https:\/\/www.radiopiu.net\/wordpress\/wp-content\/uploads\/2022\/06\/Intervista-Piovesan.mp3<\/a><\/audio>\n<p>&nbsp;<\/p>\n<p>&nbsp;<\/p>\n<hr \/>\n<p>&nbsp;<\/p>\n<h3 class=\"kvgmc6g5 cxmmr5t8 oygrvhab hcukyx3x c1et5uql\"><span style=\"color: #0000ff;\"><strong>INFORMAZIONE il canale su TELEGRAM informazione di prima mano e in tempo reale. iscriviti ed aiutaci a farlo conoscere\u00a0 \u00a0<\/strong><\/span><\/h3>\n<p>&nbsp;<\/p>\n<hr \/>\n<p>&nbsp;<\/p>\n<blockquote>\n<h2><span style=\"color: #800080;\">STORIE A QUATTROCCHI<br \/>\nOGGI ALLE 9 E ALLE 18 LA NUOVA PUNTATA CON ELENA E STEFANIA<\/span><\/h2>\n<\/blockquote>\n<p>LA PUNTATA DI MERCOLEDI<\/p>\n<audio class=\"wp-audio-shortcode\" id=\"audio-284553-17\" preload=\"none\" style=\"width: 100%;\" controls=\"controls\"><source type=\"audio\/mpeg\" src=\"https:\/\/www.radiopiu.net\/wordpress\/wp-content\/uploads\/2022\/06\/QOCCHI11.mp3?_=17\" \/><a href=\"https:\/\/www.radiopiu.net\/wordpress\/wp-content\/uploads\/2022\/06\/QOCCHI11.mp3\">https:\/\/www.radiopiu.net\/wordpress\/wp-content\/uploads\/2022\/06\/QOCCHI11.mp3<\/a><\/audio>\n<p><strong>LA RACCOLTA COMPLETA\u00a0<\/strong><\/p>\n<blockquote class=\"wp-embedded-content\" data-secret=\"5WEV1a5U6s\"><p><a href=\"https:\/\/www.radiopiu.net\/wordpress\/storie-a-quattrocchi\/\">Storie a quattrocchi<\/a><\/p><\/blockquote>\n<p><iframe loading=\"lazy\" class=\"wp-embedded-content\" sandbox=\"allow-scripts\" security=\"restricted\" style=\"position: absolute; clip: rect(1px, 1px, 1px, 1px);\" title=\"&#8220;Storie a quattrocchi&#8221; &#8212; Radio Pi\u00f9\" src=\"https:\/\/www.radiopiu.net\/wordpress\/storie-a-quattrocchi\/embed\/#?secret=7izQmtgpgh#?secret=5WEV1a5U6s\" data-secret=\"5WEV1a5U6s\" width=\"600\" height=\"338\" frameborder=\"0\" marginwidth=\"0\" marginheight=\"0\" scrolling=\"no\"><\/iframe><\/p>\n<p>&nbsp;<\/p>\n<hr \/>\n<p>&nbsp;<\/p>\n<h2><\/h2>\n<h2><span style=\"color: #008080;\">&#8220;DINTORN E FORA VIA&#8221; A CURA DEL MUSLA, IL NUOVO PROGRAMMA\u00a0 \u00a0<\/span><\/h2>\n<p><strong><a class=\"dt-pswp-item\" href=\"https:\/\/www.radiopiu.net\/wordpress\/wp-content\/uploads\/2022\/05\/51fe5cab-a7bf-4347-b03c-ebdb0d3bcbcb.jpg\" data-dt-img-description=\"\" data-large_image_width=\"566\" data-large_image_height=\"309\"><img loading=\"lazy\" decoding=\"async\" class=\"alignleft wp-image-276220 \" src=\"https:\/\/www.radiopiu.net\/wordpress\/wp-content\/uploads\/2022\/05\/51fe5cab-a7bf-4347-b03c-ebdb0d3bcbcb-300x164.jpg\" alt=\"\" width=\"176\" height=\"96\" srcset=\"https:\/\/www.radiopiu.net\/wordpress\/wp-content\/uploads\/2022\/05\/51fe5cab-a7bf-4347-b03c-ebdb0d3bcbcb-300x164.jpg 300w, https:\/\/www.radiopiu.net\/wordpress\/wp-content\/uploads\/2022\/05\/51fe5cab-a7bf-4347-b03c-ebdb0d3bcbcb.jpg 566w\" sizes=\"auto, (max-width: 176px) 100vw, 176px\" \/><\/a>PUNTATA DEL 28 GIUGNO 2022-\u00a0 ELEONORA TROI<\/strong><\/p>\n<audio class=\"wp-audio-shortcode\" id=\"audio-284553-18\" preload=\"none\" style=\"width: 100%;\" controls=\"controls\"><source type=\"audio\/mpeg\" src=\"https:\/\/www.radiopiu.net\/wordpress\/wp-content\/uploads\/2022\/06\/MUSLA-3.mp3?_=18\" \/><a href=\"https:\/\/www.radiopiu.net\/wordpress\/wp-content\/uploads\/2022\/06\/MUSLA-3.mp3\">https:\/\/www.radiopiu.net\/wordpress\/wp-content\/uploads\/2022\/06\/MUSLA-3.mp3<\/a><\/audio>\n<p>&nbsp;<\/p>\n<p>&nbsp;<\/p>\n<hr \/>\n<p>&nbsp;<\/p>\n<p><strong>LA RACCOLTA COMPLETA<\/strong><\/p>\n<blockquote class=\"wp-embedded-content\" data-secret=\"iw3tTktzoN\"><p><a href=\"https:\/\/www.radiopiu.net\/wordpress\/musla\/\">MUSLA<\/a><\/p><\/blockquote>\n<p><iframe loading=\"lazy\" class=\"wp-embedded-content\" sandbox=\"allow-scripts\" security=\"restricted\" style=\"position: absolute; clip: rect(1px, 1px, 1px, 1px);\" title=\"&#8220;MUSLA&#8221; &#8212; Radio Pi\u00f9\" src=\"https:\/\/www.radiopiu.net\/wordpress\/musla\/embed\/#?secret=teZF2Xs4zu#?secret=iw3tTktzoN\" data-secret=\"iw3tTktzoN\" width=\"600\" height=\"338\" frameborder=\"0\" marginwidth=\"0\" marginheight=\"0\" scrolling=\"no\"><\/iframe><\/p>\n<h3><\/h3>\n<p>&nbsp;<\/p>\n<hr \/>\n<p>&nbsp;<\/p>\n<p>&nbsp;<\/p>\n<p>&nbsp;<\/p>\n<div>\n<div class=\"b654a4as d2edcug0\">\n<div class=\"rq0escxv hkbzh7o3 jwdofwj8 n8tt0mok r8blr3vg hyh9befq\">\n<p><a class=\"dt-pswp-item\" href=\"https:\/\/www.radiopiu.net\/wordpress\/wp-content\/uploads\/2020\/10\/pp.jpg\" data-dt-img-description=\"\" data-large_image_width=\"640\" data-large_image_height=\"640\"><img loading=\"lazy\" decoding=\"async\" class=\"wp-image-163678 alignleft\" src=\"https:\/\/www.radiopiu.net\/wordpress\/wp-content\/uploads\/2020\/10\/pp-300x300.jpg\" alt=\"\" width=\"106\" height=\"106\" srcset=\"https:\/\/www.radiopiu.net\/wordpress\/wp-content\/uploads\/2020\/10\/pp-300x300.jpg 300w, https:\/\/www.radiopiu.net\/wordpress\/wp-content\/uploads\/2020\/10\/pp-150x150.jpg 150w, https:\/\/www.radiopiu.net\/wordpress\/wp-content\/uploads\/2020\/10\/pp-125x125.jpg 125w, https:\/\/www.radiopiu.net\/wordpress\/wp-content\/uploads\/2020\/10\/pp-200x200.jpg 200w, https:\/\/www.radiopiu.net\/wordpress\/wp-content\/uploads\/2020\/10\/pp-80x80.jpg 80w, https:\/\/www.radiopiu.net\/wordpress\/wp-content\/uploads\/2020\/10\/pp-480x480.jpg 480w, https:\/\/www.radiopiu.net\/wordpress\/wp-content\/uploads\/2020\/10\/pp.jpg 640w\" sizes=\"auto, (max-width: 106px) 100vw, 106px\" \/><\/a><\/p>\n<\/div>\n<\/div>\n<\/div>\n<div>\n<div class=\"page-title-head hgroup\">\n<div class=\"page-title-head hgroup\">\n<div class=\"b654a4as d2edcug0\">\n<div class=\"j83agx80 btwxx1t3 lhclo0ds hop8lmos nkwizq5d scwd0bx6 roh60bw9\">\n<div class=\"rq0escxv hkbzh7o3 jwdofwj8 n8tt0mok r8blr3vg hyh9befq\">\n<div class=\"do00u71z l9j0dhe7 k4urcfbm\">\n<h2><span style=\"color: #000080;\">DON CESARE, IL PENSIERO DEL GIORNO. ALLA RADIO ALLE 7 DEL MATTINO E ALLE 19.30 DELLA SERA.\u00a0<\/span><\/h2>\n<\/div>\n<audio class=\"wp-audio-shortcode\" id=\"audio-284553-19\" preload=\"none\" style=\"width: 100%;\" controls=\"controls\"><source type=\"audio\/mpeg\" src=\"https:\/\/www.radiopiu.net\/wordpress\/wp-content\/uploads\/2022\/07\/CESARE-1.mp3?_=19\" \/><a href=\"https:\/\/www.radiopiu.net\/wordpress\/wp-content\/uploads\/2022\/07\/CESARE-1.mp3\">https:\/\/www.radiopiu.net\/wordpress\/wp-content\/uploads\/2022\/07\/CESARE-1.mp3<\/a><\/audio>\n<\/div>\n<\/div>\n<\/div>\n<\/div>\n<\/div>\n<\/div>\n<p>&nbsp;<\/p>\n<hr \/>\n<p>&nbsp;<\/p>\n<div class=\"do00u71z l9j0dhe7 k4urcfbm\">\n<div class=\"page-title-head hgroup\">\n<div class=\"page-title-head hgroup\">\n<div class=\"b654a4as d2edcug0\">\n<div class=\"j83agx80 btwxx1t3 lhclo0ds hop8lmos nkwizq5d scwd0bx6 roh60bw9\">\n<div class=\"rq0escxv hkbzh7o3 jwdofwj8 n8tt0mok r8blr3vg hyh9befq\">\n<div class=\"do00u71z l9j0dhe7 k4urcfbm\">\n<div class=\"page-title-head hgroup\">\n<div class=\"page-title-head hgroup\">\n<div class=\"b654a4as d2edcug0\">\n<div class=\"j83agx80 btwxx1t3 lhclo0ds hop8lmos nkwizq5d scwd0bx6 roh60bw9\">\n<div class=\"rq0escxv hkbzh7o3 jwdofwj8 n8tt0mok r8blr3vg hyh9befq\">\n<div class=\"do00u71z l9j0dhe7 k4urcfbm\">\n<div class=\"ecm0bbzt e5nlhep0 a8c37x1j\">\n<div class=\"kvgmc6g5 cxmmr5t8 oygrvhab hcukyx3x c1et5uql\">\n<div class=\"gmail-kvgmc6g5 gmail-cxmmr5t8 gmail-oygrvhab gmail-hcukyx3x gmail-c1et5uql gmail-ii04i59q\">\n<div class=\"page-title-head hgroup\">\n<div class=\"page-title-head hgroup\">\n<div class=\"b654a4as d2edcug0\">\n<div class=\"j83agx80 btwxx1t3 lhclo0ds hop8lmos nkwizq5d scwd0bx6 roh60bw9\">\n<div class=\"rq0escxv hkbzh7o3 jwdofwj8 n8tt0mok r8blr3vg hyh9befq\">\n<div class=\"do00u71z l9j0dhe7 k4urcfbm\">\n<div class=\"page-title-head hgroup\">\n<div class=\"page-title-head hgroup\">\n<div class=\"b654a4as d2edcug0\">\n<div class=\"j83agx80 btwxx1t3 lhclo0ds hop8lmos nkwizq5d scwd0bx6 roh60bw9\">\n<div class=\"rq0escxv hkbzh7o3 jwdofwj8 n8tt0mok r8blr3vg hyh9befq\">\n<div class=\"do00u71z l9j0dhe7 k4urcfbm\">\n<div class=\"page-title-head hgroup\">\n<div class=\"page-title-head hgroup\">\n<div class=\"b654a4as d2edcug0\">\n<div class=\"j83agx80 btwxx1t3 lhclo0ds hop8lmos nkwizq5d scwd0bx6 roh60bw9\">\n<div class=\"rq0escxv hkbzh7o3 jwdofwj8 n8tt0mok r8blr3vg hyh9befq\">\n<div class=\"do00u71z l9j0dhe7 k4urcfbm\">\n<div class=\"ecm0bbzt e5nlhep0 a8c37x1j\">\n<div class=\"kvgmc6g5 cxmmr5t8 oygrvhab hcukyx3x c1et5uql\">\n<div class=\"gmail-kvgmc6g5 gmail-cxmmr5t8 gmail-oygrvhab gmail-hcukyx3x gmail-c1et5uql gmail-ii04i59q\">\n<div class=\"page-title-head hgroup\">\n<div class=\"page-title-head hgroup\">\n<div class=\"b654a4as d2edcug0\">\n<div class=\"j83agx80 btwxx1t3 lhclo0ds hop8lmos nkwizq5d scwd0bx6 roh60bw9\">\n<div class=\"rq0escxv hkbzh7o3 jwdofwj8 n8tt0mok r8blr3vg hyh9befq\">\n<div class=\"do00u71z l9j0dhe7 k4urcfbm\">\n<blockquote>\n<h3><span style=\"color: #ff0000;\">IN VIVO VERSO,\u00a0 RIASCOLTIAMOLE DAL LUNEDI AL VENERDI ALLE 7.10, 10.10, 18 50<\/span><\/h3>\n<h3>RIASCOLTIAMOLE, STAGIONE 2019_2020 DOMENICO CASSANO &#8220;RITRATTO DI UN POETA&#8221;<\/h3>\n<\/blockquote>\n<p>AUDIO<\/p>\n<audio class=\"wp-audio-shortcode\" id=\"audio-284553-20\" preload=\"none\" style=\"width: 100%;\" controls=\"controls\"><source type=\"audio\/mpeg\" src=\"https:\/\/www.radiopiu.net\/wordpress\/wp-content\/uploads\/2022\/06\/05-DOMENICO-CASSANO-RITRATTO-DI-UN-POESTA.mp3?_=20\" \/><a href=\"https:\/\/www.radiopiu.net\/wordpress\/wp-content\/uploads\/2022\/06\/05-DOMENICO-CASSANO-RITRATTO-DI-UN-POESTA.mp3\">https:\/\/www.radiopiu.net\/wordpress\/wp-content\/uploads\/2022\/06\/05-DOMENICO-CASSANO-RITRATTO-DI-UN-POESTA.mp3<\/a><\/audio>\n<p><img loading=\"lazy\" decoding=\"async\" class=\"\" src=\"https:\/\/www.radiopiu.net\/wordpress\/wp-content\/uploads\/2021\/04\/3-doenico-cassano-foto-300x300.jpg\" width=\"149\" height=\"149\" \/><\/p>\n<p><strong>LA RACCOLTA COMPLETA<\/strong><\/p>\n<h3><\/h3>\n<blockquote class=\"wp-embedded-content\" data-secret=\"Yst5iKqACl\"><p><a href=\"https:\/\/www.radiopiu.net\/wordpress\/in-vivo-verso\/\">In Vivo Verso<\/a><\/p><\/blockquote>\n<p><iframe loading=\"lazy\" class=\"wp-embedded-content\" sandbox=\"allow-scripts\" security=\"restricted\" style=\"position: absolute; clip: rect(1px, 1px, 1px, 1px);\" title=\"&#8220;In Vivo Verso&#8221; &#8212; Radio Pi\u00f9\" src=\"https:\/\/www.radiopiu.net\/wordpress\/in-vivo-verso\/embed\/#?secret=BUPYUJuUdQ#?secret=Yst5iKqACl\" data-secret=\"Yst5iKqACl\" width=\"600\" height=\"338\" frameborder=\"0\" marginwidth=\"0\" marginheight=\"0\" scrolling=\"no\"><\/iframe><\/p>\n<p>&nbsp;<\/p>\n<hr \/>\n<p>&nbsp;<\/p>\n<p><span style=\"color: #0000ff;\">MUSICA PIU&#8217;\u00a0<\/span><\/p>\n<p><a href=\"https:\/\/www.radiopiu.net\/wordpress\/giornale-radiopiu-20-settembre-2021-direttore-mirko-mezzacasa\/pp-79\/\" rel=\"attachment wp-att-232921\"><img loading=\"lazy\" decoding=\"async\" class=\"wp-image-232921 alignleft\" src=\"https:\/\/www.radiopiu.net\/wordpress\/wp-content\/uploads\/2021\/09\/pp-1-300x300.jpg\" alt=\"\" width=\"135\" height=\"135\" srcset=\"https:\/\/www.radiopiu.net\/wordpress\/wp-content\/uploads\/2021\/09\/pp-1-300x300.jpg 300w, https:\/\/www.radiopiu.net\/wordpress\/wp-content\/uploads\/2021\/09\/pp-1-150x150.jpg 150w, https:\/\/www.radiopiu.net\/wordpress\/wp-content\/uploads\/2021\/09\/pp-1.jpg 640w\" sizes=\"auto, (max-width: 135px) 100vw, 135px\" \/><\/a><\/p>\n<div class=\"mkdf-post-text\">\n<div class=\"mkdf-post-text-inner\">\n<div class=\"mkdf-post-text-main\">\n<div class=\"mkdf-post-text\">\n<div class=\"mkdf-post-text-inner\">\n<div class=\"mkdf-post-text-main\">\n<div class=\"mkdf-post-text\">\n<div class=\"mkdf-post-text-inner\">\n<div class=\"mkdf-post-text-main\">\n<div class=\"page-title-head hgroup\">\n<div class=\"page-title-head hgroup\">\n<div class=\"mkdf-post-text\">\n<div class=\"mkdf-post-text-inner\">\n<div class=\"mkdf-post-text-main\">\n<div class=\"mkdf-post-text\">\n<div class=\"mkdf-post-text-inner\">\n<div class=\"mkdf-post-text-main\">\n<div class=\"page-title-head hgroup\">\n<div class=\"page-title-head hgroup\">\n<div class=\"page-title-head hgroup\">\n<div class=\"page-title-head hgroup\">\n<div class=\"b654a4as d2edcug0\">\n<div class=\"page-title-head hgroup\">\n<div class=\"page-title-head hgroup\">\n<div class=\"page-title-head hgroup\">\n<div class=\"page-title-head hgroup\">\n<div class=\"b654a4as d2edcug0\">\n<div class=\"page-title-head hgroup\">\n<div class=\"page-title-head hgroup\">\n<div class=\"page-title-head hgroup\">\n<div class=\"page-title-head hgroup\">\n<div class=\"b654a4as d2edcug0\">\n<div class=\"mkdf-post-text\">\n<div class=\"mkdf-post-text-inner\">\n<div class=\"mkdf-post-text-main\">\n<div class=\"mkdf-post-text\">\n<div class=\"mkdf-post-text-inner\">\n<div class=\"mkdf-post-text-main\">\n<div class=\"mkdf-post-text\">\n<div class=\"mkdf-post-text-inner\">\n<div class=\"mkdf-post-text-main\">\n<div class=\"page-title-head hgroup\">\n<div class=\"page-title-head hgroup\">\n<div class=\"mkdf-post-text\">\n<div class=\"mkdf-post-text-inner\">\n<div class=\"mkdf-post-text-main\">\n<div class=\"mkdf-post-text\">\n<div class=\"mkdf-post-text-inner\">\n<div class=\"mkdf-post-text-main\">\n<div class=\"page-title-head hgroup\">\n<div class=\"page-title-head hgroup\">\n<div class=\"page-title-head hgroup\">\n<div class=\"page-title-head hgroup\">\n<div class=\"b654a4as d2edcug0\">\n<div class=\"page-title-head hgroup\">\n<div class=\"page-title-head hgroup\">\n<div class=\"page-title-head hgroup\">\n<div class=\"page-title-head hgroup\">\n<div class=\"b654a4as d2edcug0\">\n<div class=\"page-title-head hgroup\">\n<div class=\"page-title-head hgroup\">\n<div class=\"page-title-head hgroup\">\n<div class=\"page-title-head hgroup\">\n<div class=\"b654a4as d2edcug0\">\n<div><\/div>\n<div><\/div>\n<div>\n<p><strong>MUSICA ALLA RADIO, IL PROGRAMMA DI LORIS SCUSSEL &#8220;COLLAGE OPERAZIONE NOSTALGIA&#8221; DAL LUNEDI AL VENERDI ALLE 16.00\u00a0 E ALLE 23\u00a0<\/strong><\/p>\n<p>&nbsp;<\/p>\n<p><strong>LE REPLICHE<\/strong><\/p>\n<p><strong>PUNTATA 369<\/strong><\/p>\n<\/div>\n<\/div>\n<audio class=\"wp-audio-shortcode\" id=\"audio-284553-21\" preload=\"none\" style=\"width: 100%;\" controls=\"controls\"><source type=\"audio\/mpeg\" src=\"https:\/\/www.radiopiu.net\/wordpress\/wp-content\/uploads\/2022\/06\/Collage-369.mp3?_=21\" \/><a href=\"https:\/\/www.radiopiu.net\/wordpress\/wp-content\/uploads\/2022\/06\/Collage-369.mp3\">https:\/\/www.radiopiu.net\/wordpress\/wp-content\/uploads\/2022\/06\/Collage-369.mp3<\/a><\/audio>\n<p>&nbsp;<\/p>\n<p><strong>PUNTATA 370<\/strong><\/p>\n<audio class=\"wp-audio-shortcode\" id=\"audio-284553-22\" preload=\"none\" style=\"width: 100%;\" controls=\"controls\"><source type=\"audio\/mpeg\" src=\"https:\/\/www.radiopiu.net\/wordpress\/wp-content\/uploads\/2022\/06\/Collage-370.mp3?_=22\" \/><a href=\"https:\/\/www.radiopiu.net\/wordpress\/wp-content\/uploads\/2022\/06\/Collage-370.mp3\">https:\/\/www.radiopiu.net\/wordpress\/wp-content\/uploads\/2022\/06\/Collage-370.mp3<\/a><\/audio>\n<p>&nbsp;<\/p>\n<p>&nbsp;<\/p>\n<p>&nbsp;<\/p>\n<p>&nbsp;<\/p>\n<div class=\"b654a4as d2edcug0\">\n<hr \/>\n<\/div>\n<\/div>\n<\/div>\n<\/div>\n<\/div>\n<\/div>\n<\/div>\n<\/div>\n<\/div>\n<\/div>\n<\/div>\n<\/div>\n<\/div>\n<\/div>\n<\/div>\n<\/div>\n<\/div>\n<\/div>\n<\/div>\n<\/div>\n<\/div>\n<\/div>\n<\/div>\n<\/div>\n<\/div>\n<\/div>\n<\/div>\n<\/div>\n<\/div>\n<\/div>\n<\/div>\n<\/div>\n<\/div>\n<\/div>\n<\/div>\n<\/div>\n<\/div>\n<\/div>\n<\/div>\n<\/div>\n<\/div>\n<\/div>\n<\/div>\n<\/div>\n<\/div>\n<\/div>\n<\/div>\n<\/div>\n<\/div>\n<\/div>\n<\/div>\n<\/div>\n<\/div>\n<\/div>\n<\/div>\n<\/div>\n<\/div>\n<\/div>\n<\/div>\n<\/div>\n<\/div>\n<\/div>\n<\/div>\n<\/div>\n<p>&nbsp;<\/p>\n<blockquote>\n<h3><span style=\"color: #0000ff;\">RADIO PIU INFORMAZIONE il canale su TELEGRAM informazione di prima mano e in tempo reale. iscriviti ed aiutaci a farlo conoscere\u00a0\u00a0<\/span><\/h3>\n<\/blockquote>\n<div>\n<div class=\"page-title-head hgroup\">\n<div class=\"page-title-head hgroup\">\n<div class=\"page-title-head hgroup\">\n<div class=\"page-title-head hgroup\">\n<div class=\"b654a4as d2edcug0\">\n<div class=\"page-title-head hgroup\">\n<div class=\"page-title-head hgroup\">\n<div class=\"page-title-head hgroup\">\n<div class=\"page-title-head hgroup\">\n<div class=\"b654a4as d2edcug0\">\n<div class=\"page-title-head hgroup\">\n<div class=\"page-title-head hgroup\">\n<div class=\"page-title-head hgroup\">\n<div class=\"page-title-head hgroup\">\n<div class=\"page-title-head hgroup\">\n<div class=\"page-title-head hgroup\">\n<div class=\"page-title-head hgroup\">\n<div class=\"page-title-head hgroup\">\n<div class=\"page-title-head hgroup\">\n<div class=\"b654a4as d2edcug0\">\n<div class=\"page-title-head hgroup\">\n<div class=\"page-title-head hgroup\">\n<div class=\"page-title-head hgroup\">\n<div class=\"page-title-head hgroup\">\n<div class=\"b654a4as d2edcug0\">\n<div><\/div>\n<div>\n<div class=\"page-title-head hgroup\">\n<div class=\"page-title-head hgroup\">\n<div class=\"page-title-head hgroup\">\n<div class=\"page-title-head hgroup\">\n<div class=\"page-title-head hgroup\">\n<div class=\"mkdf-post-text\">\n<div class=\"mkdf-post-text-inner\">\n<div class=\"mkdf-post-text-main\">\n<div class=\"mkdf-post-text\">\n<div class=\"mkdf-post-text-inner\">\n<div class=\"mkdf-post-text-main\">\n<div class=\"mkdf-post-text\">\n<div class=\"mkdf-post-text-inner\">\n<div class=\"mkdf-post-text-main\">\n<div class=\"page-title-head hgroup\">\n<div class=\"page-title-head hgroup\">\n<div class=\"mkdf-post-text\">\n<div class=\"mkdf-post-text-inner\">\n<div class=\"mkdf-post-text-main\">\n<div class=\"mkdf-post-text\">\n<div class=\"mkdf-post-text-inner\">\n<div class=\"mkdf-post-text-main\">\n<div class=\"page-title-head hgroup\">\n<div class=\"page-title-head hgroup\">\n<div class=\"page-title-head hgroup\">\n<div class=\"page-title-head hgroup\">\n<div class=\"b654a4as d2edcug0\">\n<div class=\"page-title-head hgroup\">\n<div class=\"page-title-head hgroup\">\n<div class=\"page-title-head hgroup\">\n<div class=\"page-title-head hgroup\">\n<div class=\"b654a4as d2edcug0\">\n<div class=\"page-title-head hgroup\">\n<div class=\"page-title-head hgroup\">\n<div class=\"page-title-head hgroup\">\n<p>&nbsp;<\/p>\n<div>\n<div class=\"page-title-head hgroup\">\n<div class=\"page-title-head hgroup\">\n<div class=\"b654a4as d2edcug0\">\n<div class=\"j83agx80 btwxx1t3 lhclo0ds hop8lmos nkwizq5d scwd0bx6 roh60bw9\">\n<div class=\"rq0escxv hkbzh7o3 jwdofwj8 n8tt0mok r8blr3vg hyh9befq\">\n<div class=\"do00u71z l9j0dhe7 k4urcfbm\">\n<div class=\"page-title-head hgroup\">\n<div class=\"page-title-head hgroup\">\n<div class=\"b654a4as d2edcug0\">\n<div class=\"j83agx80 btwxx1t3 lhclo0ds hop8lmos nkwizq5d scwd0bx6 roh60bw9\">\n<div class=\"rq0escxv hkbzh7o3 jwdofwj8 n8tt0mok r8blr3vg hyh9befq\">\n<div class=\"do00u71z l9j0dhe7 k4urcfbm\">\n<div class=\"ecm0bbzt e5nlhep0 a8c37x1j\">\n<div class=\"kvgmc6g5 cxmmr5t8 oygrvhab hcukyx3x c1et5uql\">\n<div class=\"gmail-kvgmc6g5 gmail-cxmmr5t8 gmail-oygrvhab gmail-hcukyx3x gmail-c1et5uql gmail-ii04i59q\">\n<div class=\"page-title-head hgroup\">\n<div class=\"page-title-head hgroup\">\n<div class=\"b654a4as d2edcug0\">\n<div class=\"j83agx80 btwxx1t3 lhclo0ds hop8lmos nkwizq5d scwd0bx6 roh60bw9\">\n<div class=\"rq0escxv hkbzh7o3 jwdofwj8 n8tt0mok r8blr3vg hyh9befq\">\n<div class=\"do00u71z l9j0dhe7 k4urcfbm\">\n<div class=\"page-title-head hgroup\">\n<div class=\"page-title-head hgroup\">\n<div class=\"b654a4as d2edcug0\">\n<div class=\"j83agx80 btwxx1t3 lhclo0ds hop8lmos nkwizq5d scwd0bx6 roh60bw9\">\n<div class=\"rq0escxv hkbzh7o3 jwdofwj8 n8tt0mok r8blr3vg hyh9befq\">\n<div class=\"do00u71z l9j0dhe7 k4urcfbm\">\n<div class=\"page-title-head hgroup\">\n<div class=\"page-title-head hgroup\">\n<div class=\"b654a4as d2edcug0\">\n<div class=\"j83agx80 btwxx1t3 lhclo0ds hop8lmos nkwizq5d scwd0bx6 roh60bw9\">\n<div class=\"rq0escxv hkbzh7o3 jwdofwj8 n8tt0mok r8blr3vg hyh9befq\">\n<div class=\"do00u71z l9j0dhe7 k4urcfbm\">\n<div class=\"ecm0bbzt e5nlhep0 a8c37x1j\">\n<div class=\"kvgmc6g5 cxmmr5t8 oygrvhab hcukyx3x c1et5uql\">\n<div class=\"gmail-kvgmc6g5 gmail-cxmmr5t8 gmail-oygrvhab gmail-hcukyx3x gmail-c1et5uql gmail-ii04i59q\">\n<div class=\"page-title-head hgroup\">\n<div class=\"page-title-head hgroup\">\n<div class=\"b654a4as d2edcug0\">\n<div class=\"j83agx80 btwxx1t3 lhclo0ds hop8lmos nkwizq5d scwd0bx6 roh60bw9\">\n<div class=\"rq0escxv hkbzh7o3 jwdofwj8 n8tt0mok r8blr3vg hyh9befq\">\n<div class=\"do00u71z l9j0dhe7 k4urcfbm\">\n<div class=\"page-title-head hgroup\">\n<div class=\"page-title-head hgroup\">\n<div class=\"page-title-head hgroup\">\n<div class=\"page-title-head hgroup\">\n<div class=\"b654a4as d2edcug0\">\n<div class=\"page-title-head hgroup\">\n<div class=\"page-title-head hgroup\">\n<div class=\"page-title-head hgroup\">\n<div class=\"page-title-head hgroup\">\n<div class=\"b654a4as d2edcug0\">\n<div class=\"page-title-head hgroup\">\n<div class=\"page-title-head hgroup\">\n<div class=\"page-title-head hgroup\">\n<div class=\"page-title-head hgroup\">\n<div class=\"page-title-head hgroup\">\n<div class=\"page-title-head hgroup\">\n<div class=\"page-title-head hgroup\">\n<div class=\"page-title-head hgroup\">\n<div class=\"page-title-head hgroup\">\n<div class=\"b654a4as d2edcug0\">\n<div class=\"page-title-head hgroup\">\n<div class=\"page-title-head hgroup\">\n<div class=\"page-title-head hgroup\">\n<div class=\"page-title-head hgroup\">\n<div class=\"b654a4as d2edcug0\">\n<div class=\"page-title-head hgroup\">\n<div class=\"page-title-head hgroup\">\n<div class=\"page-title-head hgroup\">\n<div class=\"page-title-head hgroup\">\n<div class=\"page-title-head hgroup\">\n<div class=\"mkdf-post-text\">\n<div class=\"mkdf-post-text-inner\">\n<div class=\"mkdf-post-text-main\">\n<div class=\"mkdf-post-text\">\n<div class=\"mkdf-post-text-inner\">\n<div class=\"mkdf-post-text-main\">\n<div class=\"mkdf-post-text\">\n<div class=\"mkdf-post-text-inner\">\n<div class=\"mkdf-post-text-main\">\n<div class=\"page-title-head hgroup\">\n<div class=\"page-title-head hgroup\">\n<div class=\"mkdf-post-text\">\n<div class=\"mkdf-post-text-inner\">\n<div class=\"mkdf-post-text-main\">\n<div class=\"mkdf-post-text\">\n<div class=\"mkdf-post-text-inner\">\n<div class=\"mkdf-post-text-main\">\n<div class=\"page-title-head hgroup\">\n<div class=\"page-title-head hgroup\">\n<div class=\"page-title-head hgroup\">\n<div class=\"page-title-head hgroup\">\n<div class=\"b654a4as d2edcug0\">\n<div class=\"page-title-head hgroup\">\n<div class=\"page-title-head hgroup\">\n<div class=\"page-title-head hgroup\">\n<div class=\"page-title-head hgroup\">\n<div class=\"b654a4as d2edcug0\">\n<div class=\"page-title-head hgroup\">\n<div class=\"page-title-head hgroup\">\n<div class=\"page-title-head hgroup\">\n<div class=\"page-title-head hgroup\">\n<div class=\"b654a4as d2edcug0\">\n<div class=\"ecm0bbzt e5nlhep0 a8c37x1j\">\n<div class=\"kvgmc6g5 cxmmr5t8 oygrvhab hcukyx3x c1et5uql\">\n<div class=\"gmail-kvgmc6g5 gmail-cxmmr5t8 gmail-oygrvhab gmail-hcukyx3x gmail-c1et5uql gmail-ii04i59q\">\n<div class=\"page-title-head hgroup\">\n<div class=\"page-title-head hgroup\">\n<div class=\"b654a4as d2edcug0\">\n<div class=\"j83agx80 btwxx1t3 lhclo0ds hop8lmos nkwizq5d scwd0bx6 roh60bw9\">\n<div class=\"rq0escxv hkbzh7o3 jwdofwj8 n8tt0mok r8blr3vg hyh9befq\">\n<div class=\"do00u71z l9j0dhe7 k4urcfbm\">\n<div class=\"page-title-head hgroup\">\n<div class=\"page-title-head hgroup\">\n<div class=\"page-title-head hgroup\">\n<div class=\"page-title-head hgroup\">\n<div class=\"b654a4as d2edcug0\">\n<div class=\"page-title-head hgroup\">\n<div class=\"page-title-head hgroup\">\n<div class=\"page-title-head hgroup\">\n<div class=\"page-title-head hgroup\">\n<div class=\"b654a4as d2edcug0\">\n<div class=\"page-title-head hgroup\">\n<div class=\"page-title-head hgroup\">\n<div class=\"page-title-head hgroup\">\n<div class=\"page-title-head hgroup\">\n<div class=\"page-title-head hgroup\">\n<div class=\"page-title-head hgroup\">\n<div class=\"page-title-head hgroup\">\n<div class=\"page-title-head hgroup\">\n<div class=\"page-title-head hgroup\">\n<div class=\"b654a4as d2edcug0\">\n<div class=\"page-title-head hgroup\">\n<div class=\"page-title-head hgroup\">\n<div class=\"page-title-head hgroup\">\n<div class=\"page-title-head hgroup\">\n<div class=\"b654a4as d2edcug0\">\n<div class=\"page-title-head hgroup\">\n<div class=\"page-title-head hgroup\">\n<div class=\"page-title-head hgroup\">\n<div class=\"page-title-head hgroup\">\n<div class=\"page-title-head hgroup\">\n<div class=\"mkdf-post-text\">\n<div class=\"mkdf-post-text-inner\">\n<div class=\"mkdf-post-text-main\">\n<div class=\"mkdf-post-text\">\n<div class=\"mkdf-post-text-inner\">\n<div class=\"mkdf-post-text-main\">\n<div class=\"mkdf-post-text\">\n<div class=\"mkdf-post-text-inner\">\n<div class=\"mkdf-post-text-main\">\n<div class=\"page-title-head hgroup\">\n<div class=\"page-title-head hgroup\">\n<div class=\"mkdf-post-text\">\n<div class=\"mkdf-post-text-inner\">\n<div class=\"mkdf-post-text-main\">\n<div class=\"mkdf-post-text\">\n<div class=\"mkdf-post-text-inner\">\n<div class=\"mkdf-post-text-main\">\n<div class=\"page-title-head hgroup\">\n<div class=\"page-title-head hgroup\">\n<div class=\"page-title-head hgroup\">\n<div class=\"page-title-head hgroup\">\n<div class=\"b654a4as d2edcug0\">\n<div class=\"page-title-head hgroup\">\n<div class=\"page-title-head hgroup\">\n<div class=\"page-title-head hgroup\">\n<div class=\"page-title-head hgroup\">\n<div class=\"b654a4as d2edcug0\">\n<div class=\"page-title-head hgroup\">\n<div class=\"page-title-head hgroup\">\n<div class=\"page-title-head hgroup\">\n<div class=\"page-title-head hgroup\">\n<div class=\"b654a4as d2edcug0\">\n<hr \/>\n<p>&nbsp;<\/p>\n<div>\n<p><strong>DUE MINUTI UN LIBRO, TUTTI I GIORNI ALLA RADIO ALLE 9.40 E ALLE 17.50\u00a0\u00a0<\/strong><\/p>\n<div>\n<div>\n<p><strong>LA RACCOLTA COMPLETA\u00a0\u00a0<\/strong><\/p>\n<\/div>\n<\/div>\n<\/div>\n<div class=\"mkdf-post-text\">\n<div class=\"mkdf-post-text-inner\">\n<div class=\"mkdf-post-text-main\">\n<div class=\"mkdf-post-text\">\n<div class=\"mkdf-post-text-inner\">\n<div class=\"mkdf-post-text-main\">\n<div class=\"mkdf-post-text\">\n<div class=\"mkdf-post-text-inner\">\n<div class=\"mkdf-post-text-main\">\n<div class=\"page-title-head hgroup\">\n<div class=\"page-title-head hgroup\">\n<div class=\"mkdf-post-text\">\n<div class=\"mkdf-post-text-inner\">\n<div class=\"mkdf-post-text-main\">\n<div class=\"mkdf-post-text\">\n<div class=\"mkdf-post-text-inner\">\n<div class=\"mkdf-post-text-main\">\n<div class=\"page-title-head hgroup\">\n<div class=\"page-title-head hgroup\">\n<div class=\"page-title-head hgroup\">\n<div class=\"page-title-head hgroup\">\n<div class=\"b654a4as d2edcug0\">\n<div class=\"page-title-head hgroup\">\n<div class=\"page-title-head hgroup\">\n<div class=\"page-title-head hgroup\">\n<div class=\"page-title-head hgroup\">\n<div class=\"b654a4as d2edcug0\">\n<div class=\"page-title-head hgroup\">\n<div class=\"page-title-head hgroup\">\n<div class=\"page-title-head hgroup\">\n<div class=\"page-title-head hgroup\">\n<div class=\"b654a4as d2edcug0\">\n<div>\n<blockquote class=\"wp-embedded-content\" data-secret=\"GRv2kgWcC2\"><p><a href=\"https:\/\/www.radiopiu.net\/wordpress\/due-minuti-un-libro\/\">Due minuti un libro<\/a><\/p><\/blockquote>\n<p><iframe loading=\"lazy\" class=\"wp-embedded-content\" sandbox=\"allow-scripts\" security=\"restricted\" style=\"position: absolute; clip: rect(1px, 1px, 1px, 1px);\" title=\"&#8220;Due minuti un libro&#8221; &#8212; Radio Pi\u00f9\" src=\"https:\/\/www.radiopiu.net\/wordpress\/due-minuti-un-libro\/embed\/#?secret=UbQerIcToW#?secret=GRv2kgWcC2\" data-secret=\"GRv2kgWcC2\" width=\"600\" height=\"338\" frameborder=\"0\" marginwidth=\"0\" marginheight=\"0\" scrolling=\"no\"><\/iframe><\/p>\n<p>&nbsp;<\/p>\n<\/div>\n<div>\n<hr \/>\n<p>&nbsp;<\/p>\n<\/div>\n<h2><span style=\"color: #808000;\">L&#8217;ALMANACCO LADINO\u00a0<\/span><strong>\u00a0<\/strong><\/h2>\n<p><strong>LA RACCOLTA<\/strong><\/p>\n<blockquote class=\"wp-embedded-content\" data-secret=\"Ie1togtYHO\"><p><a href=\"https:\/\/www.radiopiu.net\/wordpress\/almanacco-ladino\/\">Almanacco Ladino<\/a><\/p><\/blockquote>\n<p><iframe loading=\"lazy\" class=\"wp-embedded-content\" sandbox=\"allow-scripts\" security=\"restricted\" style=\"position: absolute; clip: rect(1px, 1px, 1px, 1px);\" title=\"&#8220;Almanacco Ladino&#8221; &#8212; Radio Pi\u00f9\" src=\"https:\/\/www.radiopiu.net\/wordpress\/almanacco-ladino\/embed\/#?secret=f4iCXOKned#?secret=Ie1togtYHO\" data-secret=\"Ie1togtYHO\" width=\"600\" height=\"338\" frameborder=\"0\" marginwidth=\"0\" marginheight=\"0\" scrolling=\"no\"><\/iframe><\/p>\n<p>&nbsp;<\/p>\n<hr \/>\n<p><span style=\"color: #33cccc;\">\u00a0<span style=\"color: #000000;\">\u00a0<\/span><\/span><\/p>\n<h2><span style=\"color: #800000;\">GIROVAGANDO IN E-BIKE 2022<\/span><\/h2>\n<p><strong>LA RACCOLTA<\/strong><\/p>\n<p>&nbsp;<\/p>\n<hr \/>\n<p>&nbsp;<\/p>\n<h2><span style=\"color: #33cccc;\">LA RASSEGNA STAMPA DA L&#8217;AMICO DEL POPOLO<\/span><\/h2>\n<p><strong>LA RACCOLTA COMPLETA<\/strong><\/p>\n<blockquote class=\"wp-embedded-content\" data-secret=\"sPPTxPluak\"><p><a href=\"https:\/\/www.radiopiu.net\/wordpress\/rassegna-stampa-di-gianni-santomaso\/\">Rassegna stampa da l&#8217;amico del popolo &#8211; di Gianni Santomaso<\/a><\/p><\/blockquote>\n<p><iframe loading=\"lazy\" class=\"wp-embedded-content\" sandbox=\"allow-scripts\" security=\"restricted\" style=\"position: absolute; clip: rect(1px, 1px, 1px, 1px);\" title=\"&#8220;Rassegna stampa da l&#8217;amico del popolo &#8211; di Gianni Santomaso&#8221; &#8212; Radio Pi\u00f9\" src=\"https:\/\/www.radiopiu.net\/wordpress\/rassegna-stampa-di-gianni-santomaso\/embed\/#?secret=14VcYxOCpD#?secret=sPPTxPluak\" data-secret=\"sPPTxPluak\" width=\"600\" height=\"338\" frameborder=\"0\" marginwidth=\"0\" marginheight=\"0\" scrolling=\"no\"><\/iframe><\/p>\n<p>&nbsp;<\/p>\n<hr \/>\n<p>&nbsp;<\/p>\n<div>\n<div class=\"page-title-head hgroup\">\n<div class=\"page-title-head hgroup\">\n<div class=\"b654a4as d2edcug0\">\n<div class=\"j83agx80 btwxx1t3 lhclo0ds hop8lmos nkwizq5d scwd0bx6 roh60bw9\">\n<div class=\"rq0escxv hkbzh7o3 jwdofwj8 n8tt0mok r8blr3vg hyh9befq\">\n<div class=\"do00u71z l9j0dhe7 k4urcfbm\">\n<div class=\"ecm0bbzt e5nlhep0 a8c37x1j\">\n<div class=\"kvgmc6g5 cxmmr5t8 oygrvhab hcukyx3x c1et5uql\">\n<div class=\"gmail-kvgmc6g5 gmail-cxmmr5t8 gmail-oygrvhab gmail-hcukyx3x gmail-c1et5uql gmail-ii04i59q\">\n<div class=\"page-title-head hgroup\">\n<div class=\"page-title-head hgroup\">\n<div class=\"b654a4as d2edcug0\">\n<div class=\"j83agx80 btwxx1t3 lhclo0ds hop8lmos nkwizq5d scwd0bx6 roh60bw9\">\n<div class=\"rq0escxv hkbzh7o3 jwdofwj8 n8tt0mok r8blr3vg hyh9befq\">\n<div class=\"do00u71z l9j0dhe7 k4urcfbm\">\n<div class=\"page-title-head hgroup\">\n<div class=\"page-title-head hgroup\">\n<div class=\"page-title-head hgroup\">\n<div class=\"page-title-head hgroup\">\n<div class=\"b654a4as d2edcug0\">\n<div class=\"page-title-head hgroup\">\n<div class=\"page-title-head hgroup\">\n<div class=\"page-title-head hgroup\">\n<div class=\"page-title-head hgroup\">\n<div class=\"b654a4as d2edcug0\">\n<div class=\"page-title-head hgroup\">\n<div class=\"page-title-head hgroup\">\n<div class=\"page-title-head hgroup\">\n<div class=\"page-title-head hgroup\">\n<div class=\"page-title-head hgroup\">\n<div class=\"page-title-head hgroup\">\n<div class=\"page-title-head hgroup\">\n<div class=\"page-title-head hgroup\">\n<div class=\"page-title-head hgroup\">\n<div class=\"b654a4as d2edcug0\">\n<div class=\"page-title-head hgroup\">\n<div class=\"page-title-head hgroup\">\n<div class=\"page-title-head hgroup\">\n<div class=\"page-title-head hgroup\">\n<div class=\"b654a4as d2edcug0\">\n<div class=\"page-title-head hgroup\">\n<div class=\"page-title-head hgroup\">\n<div class=\"page-title-head hgroup\">\n<div class=\"page-title-head hgroup\">\n<div class=\"page-title-head hgroup\">\n<div class=\"mkdf-post-text\">\n<div class=\"mkdf-post-text-inner\">\n<div class=\"mkdf-post-text-main\">\n<div class=\"mkdf-post-text\">\n<div class=\"mkdf-post-text-inner\">\n<div class=\"mkdf-post-text-main\">\n<div class=\"mkdf-post-text\">\n<div class=\"mkdf-post-text-inner\">\n<div class=\"mkdf-post-text-main\">\n<div class=\"page-title-head hgroup\">\n<div class=\"page-title-head hgroup\">\n<div class=\"mkdf-post-text\">\n<div class=\"mkdf-post-text-inner\">\n<div class=\"mkdf-post-text-main\">\n<div class=\"mkdf-post-text\">\n<div class=\"mkdf-post-text-inner\">\n<div class=\"mkdf-post-text-main\">\n<div class=\"page-title-head hgroup\">\n<div class=\"page-title-head hgroup\">\n<div class=\"page-title-head hgroup\">\n<div class=\"page-title-head hgroup\">\n<div class=\"b654a4as d2edcug0\">\n<div class=\"page-title-head hgroup\">\n<div class=\"page-title-head hgroup\">\n<div class=\"page-title-head hgroup\">\n<div class=\"page-title-head hgroup\">\n<div class=\"b654a4as d2edcug0\">\n<div class=\"page-title-head hgroup\">\n<div class=\"page-title-head hgroup\">\n<div class=\"page-title-head hgroup\">\n<div class=\"page-title-head hgroup\">\n<div class=\"b654a4as d2edcug0\">\n<h2><span style=\"color: #800080;\">I RACCONTI DI PAOLO SOPPELSA\u00a0<\/span><\/h2>\n<p><strong>LA RACCOLTA COMPLETA<\/strong><\/p>\n<blockquote class=\"wp-embedded-content\" data-secret=\"34S87d16V8\"><p><a href=\"https:\/\/www.radiopiu.net\/wordpress\/i-racconti-di-paolo-soppelsa\/\">I racconti di Paolo Soppelsa<\/a><\/p><\/blockquote>\n<p><iframe loading=\"lazy\" class=\"wp-embedded-content\" sandbox=\"allow-scripts\" security=\"restricted\" style=\"position: absolute; clip: rect(1px, 1px, 1px, 1px);\" title=\"&#8220;I racconti di Paolo Soppelsa&#8221; &#8212; Radio Pi\u00f9\" src=\"https:\/\/www.radiopiu.net\/wordpress\/i-racconti-di-paolo-soppelsa\/embed\/#?secret=jLD3R8H2nC#?secret=34S87d16V8\" data-secret=\"34S87d16V8\" width=\"600\" height=\"338\" frameborder=\"0\" marginwidth=\"0\" marginheight=\"0\" scrolling=\"no\"><\/iframe><\/p>\n<p>&nbsp;<\/p>\n<hr \/>\n<p>&nbsp;<\/p>\n<\/div>\n<\/div>\n<\/div>\n<\/div>\n<\/div>\n<\/div>\n<\/div>\n<\/div>\n<\/div>\n<\/div>\n<\/div>\n<\/div>\n<\/div>\n<\/div>\n<\/div>\n<\/div>\n<\/div>\n<\/div>\n<\/div>\n<\/div>\n<\/div>\n<\/div>\n<\/div>\n<\/div>\n<\/div>\n<\/div>\n<\/div>\n<\/div>\n<\/div>\n<\/div>\n<\/div>\n<\/div>\n<\/div>\n<\/div>\n<\/div>\n<\/div>\n<\/div>\n<\/div>\n<\/div>\n<\/div>\n<\/div>\n<\/div>\n<\/div>\n<\/div>\n<\/div>\n<\/div>\n<\/div>\n<\/div>\n<\/div>\n<\/div>\n<\/div>\n<\/div>\n<\/div>\n<\/div>\n<\/div>\n<\/div>\n<\/div>\n<\/div>\n<\/div>\n<\/div>\n<\/div>\n<\/div>\n<\/div>\n<\/div>\n<\/div>\n<\/div>\n<\/div>\n<\/div>\n<\/div>\n<\/div>\n<\/div>\n<\/div>\n<\/div>\n<\/div>\n<\/div>\n<\/div>\n<\/div>\n<\/div>\n<\/div>\n<\/div>\n<\/div>\n<\/div>\n<\/div>\n<\/div>\n<\/div>\n<\/div>\n<\/div>\n<\/div>\n<\/div>\n<\/div>\n<\/div>\n<\/div>\n<\/div>\n<\/div>\n<\/div>\n<\/div>\n<\/div>\n<\/div>\n<\/div>\n<\/div>\n<\/div>\n<\/div>\n<\/div>\n<\/div>\n<\/div>\n<\/div>\n<\/div>\n<\/div>\n<\/div>\n<\/div>\n<\/div>\n<div class=\"b654a4as d2edcug0\">\n<div class=\"ecm0bbzt e5nlhep0 a8c37x1j\">\n<div class=\"kvgmc6g5 cxmmr5t8 oygrvhab hcukyx3x c1et5uql\">\n<div class=\"gmail-kvgmc6g5 gmail-cxmmr5t8 gmail-oygrvhab gmail-hcukyx3x gmail-c1et5uql gmail-ii04i59q\">\n<div>\n<div class=\"page-title-head hgroup\">\n<div class=\"page-title-head hgroup\">\n<div class=\"b654a4as d2edcug0\">\n<div class=\"j83agx80 btwxx1t3 lhclo0ds hop8lmos nkwizq5d scwd0bx6 roh60bw9\">\n<div class=\"rq0escxv hkbzh7o3 jwdofwj8 n8tt0mok r8blr3vg hyh9befq\">\n<div class=\"do00u71z l9j0dhe7 k4urcfbm\">\n<div>\n<div class=\"page-title-head hgroup\">\n<div class=\"page-title-head hgroup\">\n<div class=\"page-title-head hgroup\">\n<div class=\"page-title-head hgroup\">\n<div class=\"b654a4as d2edcug0\">\n<div class=\"page-title-head hgroup\">\n<div class=\"page-title-head hgroup\">\n<div class=\"page-title-head hgroup\">\n<div class=\"page-title-head hgroup\">\n<div class=\"b654a4as d2edcug0\">\n<div class=\"page-title-head hgroup\">\n<div class=\"page-title-head hgroup\">\n<div class=\"page-title-head hgroup\">\n<div class=\"page-title-head hgroup\">\n<div class=\"page-title-head hgroup\">\n<div class=\"mkdf-post-text\">\n<div class=\"mkdf-post-text-inner\">\n<div class=\"mkdf-post-text-main\">\n<div class=\"mkdf-post-text\">\n<div class=\"mkdf-post-text-inner\">\n<div class=\"mkdf-post-text-main\">\n<div class=\"mkdf-post-text\">\n<div class=\"mkdf-post-text-inner\">\n<div class=\"mkdf-post-text-main\">\n<div class=\"page-title-head hgroup\">\n<div class=\"page-title-head hgroup\">\n<div class=\"mkdf-post-text\">\n<div class=\"mkdf-post-text-inner\">\n<div class=\"mkdf-post-text-main\">\n<div class=\"mkdf-post-text\">\n<div class=\"mkdf-post-text-inner\">\n<div class=\"mkdf-post-text-main\">\n<div>\n<div class=\"page-title-head hgroup\">\n<div class=\"page-title-head hgroup\">\n<div>\n<div class=\"page-title-head hgroup\">\n<div class=\"page-title-head hgroup\">\n<div class=\"b654a4as d2edcug0\">\n<div>\n<div class=\"page-title-head hgroup\" style=\"text-align: left;\">\n<div class=\"page-title-head hgroup\">\n<div dir=\"auto\">\n<p><a class=\"dt-pswp-item pspw-wrap-ready\" href=\"https:\/\/i0.wp.com\/www.radiopiu.net\/wordpress\/wp-content\/uploads\/2018\/09\/WhatsApp-Image-2018-09-20-at-16.04.06.jpeg?ssl=1\" data-dt-img-description=\"\" data-large_image_width=\"800\" data-large_image_height=\"100\"><img loading=\"lazy\" decoding=\"async\" class=\"aligncenter wp-image-61378 size-full jetpack-lazy-image jetpack-lazy-image--handled\" src=\"https:\/\/i0.wp.com\/www.radiopiu.net\/wordpress\/wp-content\/uploads\/2018\/09\/WhatsApp-Image-2018-09-20-at-16.04.06.jpeg?resize=800%2C100&amp;ssl=1\" sizes=\"auto, (max-width: 800px) 100vw, 800px\" srcset=\"https:\/\/i0.wp.com\/www.radiopiu.net\/wordpress\/wp-content\/uploads\/2018\/09\/WhatsApp-Image-2018-09-20-at-16.04.06.jpeg?w=800&amp;ssl=1 800w, https:\/\/i0.wp.com\/www.radiopiu.net\/wordpress\/wp-content\/uploads\/2018\/09\/WhatsApp-Image-2018-09-20-at-16.04.06.jpeg?resize=300%2C38&amp;ssl=1 300w, https:\/\/i0.wp.com\/www.radiopiu.net\/wordpress\/wp-content\/uploads\/2018\/09\/WhatsApp-Image-2018-09-20-at-16.04.06.jpeg?resize=768%2C96&amp;ssl=1 768w\" alt=\"\" width=\"800\" height=\"100\" data-lazy-loaded=\"1\" \/><\/a><\/p>\n<\/div>\n<\/div>\n<\/div>\n<\/div>\n<\/div>\n<\/div>\n<\/div>\n<\/div>\n<\/div>\n<\/div>\n<\/div>\n<\/div>\n<\/div>\n<\/div>\n<\/div>\n<\/div>\n<\/div>\n<\/div>\n<\/div>\n<\/div>\n<\/div>\n<\/div>\n<\/div>\n<\/div>\n<\/div>\n<\/div>\n<\/div>\n<\/div>\n<\/div>\n<\/div>\n<\/div>\n<\/div>\n<\/div>\n<\/div>\n<\/div>\n<\/div>\n<\/div>\n<\/div>\n<\/div>\n<\/div>\n<\/div>\n<\/div>\n<\/div>\n<\/div>\n<\/div>\n<\/div>\n<\/div>\n<\/div>\n<\/div>\n<\/div>\n<\/div>\n<\/div>\n<\/div>\n<\/div>\n<\/div>\n<\/div>\n<\/div>\n<\/div>\n<\/div>\n<\/div>\n<\/div>\n<\/div>\n<\/div>\n<\/div>\n<\/div>\n<\/div>\n<\/div>\n<\/div>\n<\/div>\n<\/div>\n<\/div>\n<\/div>\n<\/div>\n<\/div>\n<\/div>\n<\/div>\n<\/div>\n<\/div>\n<\/div>\n<\/div>\n<\/div>\n<\/div>\n<\/div>\n<\/div>\n<\/div>\n<\/div>\n<\/div>\n<\/div>\n<\/div>\n<\/div>\n<\/div>\n<\/div>\n<\/div>\n<\/div>\n<\/div>\n<\/div>\n<\/div>\n<\/div>\n<\/div>\n<\/div>\n<\/div>\n<\/div>\n<\/div>\n<\/div>\n<\/div>\n<\/div>\n<\/div>\n<\/div>\n<\/div>\n<\/div>\n<\/div>\n<\/div>\n<\/div>\n<\/div>\n<\/div>\n<\/div>\n<\/div>\n<\/div>\n<\/div>\n<\/div>\n<\/div>\n<\/div>\n<\/div>\n<\/div>\n<\/div>\n<\/div>\n<\/div>\n<\/div>\n<\/div>\n<\/div>\n<\/div>\n<\/div>\n<\/div>\n<\/div>\n<\/div>\n<\/div>\n<\/div>\n<\/div>\n<\/div>\n<\/div>\n<\/div>\n<\/div>\n<\/div>\n<\/div>\n<\/div>\n<\/div>\n<\/div>\n<\/div>\n<\/div>\n<\/div>\n<\/div>\n<\/div>\n<\/div>\n<\/div>\n<\/div>\n<\/div>\n<\/div>\n<\/div>\n<\/div>\n<\/div>\n<\/div>\n<\/div>\n<\/div>\n<\/div>\n<\/div>\n<\/div>\n<\/div>\n<\/div>\n<\/div>\n<\/div>\n<\/div>\n<\/div>\n<\/div>\n<\/div>\n<\/div>\n<\/div>\n<\/div>\n<\/div>\n<\/div>\n<\/div>\n<\/div>\n<\/div>\n<\/div>\n<\/div>\n<\/div>\n<\/div>\n<\/div>\n<\/div>\n<\/div>\n<\/div>\n<\/div>\n<\/div>\n<\/div>\n<\/div>\n<\/div>\n<\/div>\n<\/div>\n<\/div>\n<\/div>\n<\/div>\n<\/div>\n<\/div>\n<\/div>\n<\/div>\n<\/div>\n<\/div>\n<\/div>\n<\/div>\n<\/div>\n<\/div>\n<\/div>\n<\/div>\n<\/div>\n<\/div>\n<\/div>\n<\/div>\n<\/div>\n<\/div>\n<\/div>\n<\/div>\n<\/div>\n<\/div>\n<\/div>\n<\/div>\n<\/div>\n<\/div>\n<\/div>\n<\/div>\n<\/div>\n<\/div>\n<div style=\"text-align: left;\">\n<p><strong>\u00a0\u00a0<\/strong><\/p>\n<p><center><b>Sabato 2<\/b><\/center><b>Tempo atteso: <\/b>Tempo stupendo, ben soleggiato con cielo sereno e presenza di lieve caligine per l&#8217;avvezione di aria di origine africana; al pomeriggio eventuali rari cumuli a ridosso delle cime. Contesto termico anormalmente caldo per il periodo nelle valli e la mitezza interesser\u00e0 anche le cime pi\u00f9 alte, compreso la vetta della Marmolada, dove saranno toccati i 9\/10\u00b0C.<br \/>\n<b>Precipitazioni: <\/b>Assenti (0%).<br \/>\n<b>Temperature: <\/b>Minime in leggero calo e massime in rialzo, anche sensibile. Previste punte di 32\/33\u00b0C nei fondovalle prealpini e di 27\/30\u00b0C a 1000\/1200 m. Su Prealpi a 1500 m min 16\u00b0C max 23\u00b0C, a 2000 m min 13\u00b0C max 19\u00b0C. Su Dolomiti a 2000 m min 12\u00b0C max 20\u00b0C, a 3000 m min 7\u00b0C max 10\u00b0C.<br \/>\n<b>Venti: <\/b>Nelle valli perlopi\u00f9 deboli a regime di brezza, localmente e a tratti moderati; in quota deboli da ovest sud-ovest, a tratti moderati per rinforzi erratici, a 5-10 km\/h a 2000 m e 10-20 km\/h a 3000 m.<\/p>\n<hr \/>\n<p><center><b>Domenica 3<\/b><\/center><b>Tempo atteso: <\/b>Al mattino ben soleggiato con cielo sereno e presenza di lieve caligine. Al pomeriggio prevalenza di sole sulle Prealpi, mentre il soleggiamento sar\u00e0 un po&#8217; pi\u00f9 ridotto sulle Dolomiti, dove qualche occasionale temporale di calore potrebbe verificarsi a ridosso del Trentino e dell&#8217;Alto Adige. Altrove la situazione sar\u00e0 migliore. Persistenza del caldo nei fondovalle e della grande mitezza in quota.<br \/>\n<b>Precipitazioni: <\/b>Fino a met\u00e0 pomeriggio assenti (0%), poi probabilit\u00e0 assai remota (10-20%) di occasionali temporali sulle Dolomiti, specie a ridosso del Trentino e dell&#8217;Alto Adige; altrove la probabilit\u00e0 sar\u00e0 pressoch\u00e9 assente.<br \/>\n<b>Temperature: <\/b>Minime in aumento e sempre elevate per il periodo; massime pressoch\u00e9 stazionarie nelle valli e in leggerissima flessione in alta quota. Su Prealpi a 1500 m min 16\u00b0C max 22\u00b0C, a 2000 m min 13\u00b0C max 18\u00b0C. Su Dolomiti a 2000 m min 12\u00b0C max 19\u00b0C, a 3000 m min 7\u00b0C max 9\u00b0C.<br \/>\n<b>Venti: <\/b>Nelle valli perlopi\u00f9 deboli per brezze, localmente e a tratti moderati, senza dimenticare eventuali forti raffiche temporalesche; in quota deboli da nord-ovest, a tratti moderati per rinforzi erratici sulle cime, a 5-15 km\/h a 2000 m e 15-25 km\/h a 3000 m.<\/p>\n<hr \/>\n<p><center><b>Lunedi 4<\/b><\/center>Sole e cielo sereno o poco nuvoloso al mattino. Riduzione del soleggiamento al pomeriggio per attivit\u00e0 cumuliforme irregolare, localmente intensa e associata a locali rovesci e temporali, pi\u00f9 probabili sulle Dolomiti, ma qua e l\u00e0 anche sulla fascia prealpina. Temperature in leggera flessione, ma sempre di stampo estivo. In quota venti moderati sud-occidentali al mattino, poi deboli occidentali; nelle valli perlopi\u00f9 deboli per brezze, localmente e a tratti moderati, senza dimenticare eventuali raffiche temporalesche.<\/p>\n<hr \/>\n<p><center><b>Martedi 5<\/b><\/center>Stessi ingredienti meteo rispetto a luned\u00ec con sole e poche nubi al mattino, attivit\u00e0 cumuliforme irregolare pomeridiana, meno intensa rispetto a luned\u00ec, con rischio di fenomeni convettivi un po&#8217; pi\u00f9 basso. Temperature senza notevoli variazioni o in ulteriore lieve diminuzione. Venti deboli\/moderati occidentali in quota; perlopi\u00f9 deboli per brezze nelle valli, localmente e a tratti moderati, senza dimenticare eventuali raffiche temporalesche. Previsore: R.L.Th.<\/p>\n<p>&nbsp;<\/p>\n<\/div>\n<hr \/>\n<p>&nbsp;<\/p>\n<p>&nbsp;<\/p>\n<p><a href=\"https:\/\/www.radiopiu.net\/wordpress\/giornale-radiopiu-26-settembre-2018-direttore-mirko-mezzacasa\/viabilita-2\/\" rel=\"attachment wp-att-61954\"><img loading=\"lazy\" decoding=\"async\" class=\"aligncenter wp-image-61954 size-full\" src=\"https:\/\/www.radiopiu.net\/wordpress\/wp-content\/uploads\/2018\/09\/viabilita.jpeg\" sizes=\"auto, (max-width: 800px) 100vw, 800px\" srcset=\"https:\/\/www.radiopiu.net\/wordpress\/wp-content\/uploads\/2018\/09\/viabilita.jpeg 800w, https:\/\/www.radiopiu.net\/wordpress\/wp-content\/uploads\/2018\/09\/viabilita-300x38.jpeg 300w, https:\/\/www.radiopiu.net\/wordpress\/wp-content\/uploads\/2018\/09\/viabilita-768x96.jpeg 768w\" alt=\"\" width=\"800\" height=\"100\" \/><\/a><\/p>\n<p>&nbsp;<\/p>\n<blockquote class=\"wp-embedded-content\" data-secret=\"iKOgh7gIrF\"><p><a href=\"https:\/\/www.radiopiu.net\/wordpress\/viabilita\/\">viabilita<\/a><\/p><\/blockquote>\n<p><iframe loading=\"lazy\" class=\"wp-embedded-content\" sandbox=\"allow-scripts\" security=\"restricted\" style=\"position: absolute; clip: rect(1px, 1px, 1px, 1px);\" title=\"&#8220;viabilita&#8221; &#8212; Radio Pi\u00f9\" src=\"https:\/\/www.radiopiu.net\/wordpress\/viabilita\/embed\/#?secret=w7sopsg41P#?secret=iKOgh7gIrF\" data-secret=\"iKOgh7gIrF\" width=\"600\" height=\"338\" frameborder=\"0\" marginwidth=\"0\" marginheight=\"0\" scrolling=\"no\"><\/iframe><\/p>\n<p>&nbsp;<\/p>\n<hr \/>\n<p>&nbsp;<\/p>\n<p>&nbsp;<\/p>\n<p><img loading=\"lazy\" decoding=\"async\" class=\"wp-image-60761 size-full aligncenter\" src=\"https:\/\/www.radiopiu.net\/wordpress\/wp-content\/uploads\/2018\/09\/sport.jpg\" alt=\"\" width=\"800\" height=\"100\" srcset=\"https:\/\/www.radiopiu.net\/wordpress\/wp-content\/uploads\/2018\/09\/sport.jpg 800w, https:\/\/www.radiopiu.net\/wordpress\/wp-content\/uploads\/2018\/09\/sport-300x38.jpg 300w, https:\/\/www.radiopiu.net\/wordpress\/wp-content\/uploads\/2018\/09\/sport-768x96.jpg 768w\" sizes=\"auto, (max-width: 800px) 100vw, 800px\" \/><\/p>\n<p>&nbsp;<\/p>\n<p><span style=\"color: #0000ff;\"><strong>CALCIO<\/strong><\/span><\/p>\n<blockquote>\n<h3>QUARTO FINE SETTIMANA DEL CAMPIONATO AGORDINO DI CALCIO<\/h3>\n<\/blockquote>\n<p><strong><a class=\"dt-pswp-item\" href=\"https:\/\/www.radiopiu.net\/wordpress\/wp-content\/uploads\/2022\/07\/TAIBON.jpg\" data-dt-img-description=\"\" data-large_image_width=\"1024\" data-large_image_height=\"768\"><img loading=\"lazy\" decoding=\"async\" class=\"alignleft wp-image-284715 \" src=\"https:\/\/www.radiopiu.net\/wordpress\/wp-content\/uploads\/2022\/07\/TAIBON-300x225.jpg\" alt=\"\" width=\"215\" height=\"161\" srcset=\"https:\/\/www.radiopiu.net\/wordpress\/wp-content\/uploads\/2022\/07\/TAIBON-300x225.jpg 300w, https:\/\/www.radiopiu.net\/wordpress\/wp-content\/uploads\/2022\/07\/TAIBON-768x576.jpg 768w, https:\/\/www.radiopiu.net\/wordpress\/wp-content\/uploads\/2022\/07\/TAIBON.jpg 1024w\" sizes=\"auto, (max-width: 215px) 100vw, 215px\" \/><\/a>REDAZIONE<\/strong> Per il quarto fine settimana consecutivo le squadre del Campionato Agordino di Calcio scendono in campo per giocare la quinta giornata del girone A e la terza del girone B. Il fine settimana calcistico inizia questa sera alle 20:30 quando alla Bombonera di Cencenighe i padroni di casa ospitano il Caprile per il big match del girone B. Tutte le altre partite sono in programma domani. I primi a scendere in campo nel pomeriggio di domenica saranno Taibon (foto) ed Agordo 2009 che in riva al Tegnas si sfideranno. I padroni di casa vogliono rialzare la testa dopo la sconfitta di 7 giorni fa con il Gosaldo, Agordo che vuole punti per raggiungere la qualificazione ai quarti. Alle 16 sono 2 le partite in programma. A Vallada arrivano i campioni in carica del Voltago mentre al Maracanal il Canale se la vedr\u00e0 con l&#8217;Alleghe. Alle 17 , a Cernadoi, il Fodom ospita il Rivamonte. A chiudere il programma il posticipo delle 18 che vede di fronte La Valle e Le Ville al campo di Conaggia.<\/p>\n<p><strong>IL PROGRAMMA DEL FINE SETTIMANA<\/strong> GIRONE A: Domani alle 15:30 Taibon &#8211; Agordo 2009, alle 16 Vallada &#8211; Voltago e alle 18 La Valle &#8211; Le Ville. Riposa il Gosaldo. GIRONE B: oggi alle 20:30 Cencenighe \u2013 Caprile, domani alle 16 Canale \u2013 Alleghe e alle 17 Fodom \u2013 Rivamonte.<\/p>\n<p><strong>LA CLASSIFICA <\/strong>GIRONE A: Gosaldo 9, Voltago 7, Taibon 6, Vallada, La Valle* e Agordo 2009* 1 , Le Ville*0 (* una partita in meno). GIRONE B: Caprile, Canale e Fodom 4, Cencenighe 3, Rivamonte 1, Alleghe 0<\/p>\n<p>Nel pomeriggio di oggi in campo anche i giovani del Campionato Agordino Under 14. Queste le partite in programma: alle 16 Caprile \u2013 Le Ville, Taibon \u2013 Cencenighe e Fodom \u2013 La Valle. Riposa il Canale<\/p>\n<p>&nbsp;<\/p>\n<h2><span style=\"color: #008000;\"><a class=\"dt-pswp-item\" href=\"https:\/\/www.radiopiu.net\/wordpress\/wp-content\/uploads\/2019\/01\/CALCIO-FALLO.jpeg\" data-dt-img-description=\"\" data-large_image_width=\"1600\" data-large_image_height=\"848\"><img loading=\"lazy\" decoding=\"async\" class=\" wp-image-71538 alignleft\" src=\"https:\/\/www.radiopiu.net\/wordpress\/wp-content\/uploads\/2019\/01\/CALCIO-FALLO-150x150.jpeg\" alt=\"\" width=\"74\" height=\"74\" \/><\/a>SPECIALE CAMPIONATO AGORDINO<\/span><\/h2>\n<p><strong>\u00a0<\/strong><\/p>\n<p><strong>\u00a0<\/strong><\/p>\n<p><strong>RIASCOLTA OTTANTESIMO MINUTO &#8211; TERZA PUNTATA<\/strong><\/p>\n<audio class=\"wp-audio-shortcode\" id=\"audio-284553-23\" preload=\"none\" style=\"width: 100%;\" controls=\"controls\"><source type=\"audio\/mpeg\" src=\"https:\/\/www.radiopiu.net\/wordpress\/wp-content\/uploads\/2022\/06\/80MIN-1.mp3?_=23\" \/><a href=\"https:\/\/www.radiopiu.net\/wordpress\/wp-content\/uploads\/2022\/06\/80MIN-1.mp3\">https:\/\/www.radiopiu.net\/wordpress\/wp-content\/uploads\/2022\/06\/80MIN-1.mp3<\/a><\/audio>\n<p>&nbsp;<\/p>\n<p><strong>RIASCOLTA CAMPIONATO AGORDINO SHOW &#8211; TERZA PUNTATA (LA SINTESI)<\/strong><\/p>\n<audio class=\"wp-audio-shortcode\" id=\"audio-284553-24\" preload=\"none\" style=\"width: 100%;\" controls=\"controls\"><source type=\"audio\/mpeg\" src=\"https:\/\/www.radiopiu.net\/wordpress\/wp-content\/uploads\/2022\/06\/AGOS-1.mp3?_=24\" \/><a href=\"https:\/\/www.radiopiu.net\/wordpress\/wp-content\/uploads\/2022\/06\/AGOS-1.mp3\">https:\/\/www.radiopiu.net\/wordpress\/wp-content\/uploads\/2022\/06\/AGOS-1.mp3<\/a><\/audio>\n<p>&nbsp;<\/p>\n<\/div>\n<\/div>\n<\/div>\n<\/div>\n<\/div>\n<\/div>\n<\/div>\n<\/div>\n<\/div>\n<\/div>\n<\/div>\n<\/div>\n<\/div>\n<\/div>\n<\/div>\n<\/div>\n<\/div>\n<\/div>\n<\/div>\n<\/div>\n<\/div>\n<\/div>\n<\/div>\n<\/div>\n<\/div>\n<\/div>\n<\/div>\n<\/div>\n<\/div>\n<\/div>\n<\/div>\n<\/div>\n<\/div>\n<\/div>\n<\/div>\n<\/div>\n<\/div>\n<\/div>\n<\/div>\n<\/div>\n<\/div>\n<\/div>\n<\/div>\n<\/div>\n<\/div>\n<\/div>\n<\/div>\n<\/div>\n<\/div>\n<\/div>\n<\/div>\n<\/div>\n<\/div>\n<\/div>\n<\/div>\n<\/div>\n<\/div>\n<\/div>\n<\/div>\n<\/div>\n<\/div>\n<\/div>\n<\/div>\n<\/div>\n<\/div>\n<\/div>\n<\/div>\n<\/div>\n<\/div>\n<\/div>\n<\/div>\n<\/div>\n<\/div>\n<\/div>\n<\/div>\n<\/div>\n<\/div>\n<\/div>\n<\/div>\n<\/div>\n<\/div>\n<\/div>\n<\/div>\n<\/div>\n<\/div>\n<\/div>\n<\/div>\n<\/div>\n<\/div>\n<\/div>\n<\/div>\n<\/div>\n<\/div>\n<\/div>\n<\/div>\n<\/div>\n<\/div>\n<\/div>\n<\/div>\n<\/div>\n<\/div>\n<\/div>\n<\/div>\n<\/div>\n<\/div>\n","protected":false},"excerpt":{"rendered":"<p>RADIO PIU INFORMAZIONE il canale su TELEGRAM informazione di prima\u00a0 mano e in tempo reale. iscriviti ed aiutaci a farlo conoscere\u00a0 &nbsp; L&#8217;ARCOBALENO DI AGORDO &nbsp; IL VIDEO DI STEFANIA &nbsp; PUNTO TAMPONI STRAORDINARIO DOMENICA A PALUDI Domani dalle 8.30 alle 12.30, per persone con sintomatologia covid, ad accesso libero. Sar\u00e0 presente un medico per&hellip;<\/p>\n","protected":false},"author":4,"featured_media":284754,"comment_status":"closed","ping_status":"closed","sticky":false,"template":"","format":"standard","meta":{"_monsterinsights_skip_tracking":false,"_monsterinsights_sitenote_active":false,"_monsterinsights_sitenote_note":"","_monsterinsights_sitenote_category":0,"footnotes":""},"categories":[51,86,49],"tags":[],"class_list":["post-284553","post","type-post","status-publish","format-standard","has-post-thumbnail","hentry","category-evidenza-top","category-gr","category-news-18","category-51","category-86","category-49","description-off"],"img_url":"https:\/\/www.radiopiu.net\/wordpress\/wp-content\/uploads\/2022\/07\/c74a4077-6f31-4a3f-a160-a03c65dbb321.jpg","_links":{"self":[{"href":"https:\/\/www.radiopiu.net\/wordpress\/wp-json\/wp\/v2\/posts\/284553","targetHints":{"allow":["GET"]}}],"collection":[{"href":"https:\/\/www.radiopiu.net\/wordpress\/wp-json\/wp\/v2\/posts"}],"about":[{"href":"https:\/\/www.radiopiu.net\/wordpress\/wp-json\/wp\/v2\/types\/post"}],"author":[{"embeddable":true,"href":"https:\/\/www.radiopiu.net\/wordpress\/wp-json\/wp\/v2\/users\/4"}],"replies":[{"embeddable":true,"href":"https:\/\/www.radiopiu.net\/wordpress\/wp-json\/wp\/v2\/comments?post=284553"}],"version-history":[{"count":0,"href":"https:\/\/www.radiopiu.net\/wordpress\/wp-json\/wp\/v2\/posts\/284553\/revisions"}],"wp:featuredmedia":[{"embeddable":true,"href":"https:\/\/www.radiopiu.net\/wordpress\/wp-json\/wp\/v2\/media\/284754"}],"wp:attachment":[{"href":"https:\/\/www.radiopiu.net\/wordpress\/wp-json\/wp\/v2\/media?parent=284553"}],"wp:term":[{"taxonomy":"category","embeddable":true,"href":"https:\/\/www.radiopiu.net\/wordpress\/wp-json\/wp\/v2\/categories?post=284553"},{"taxonomy":"post_tag","embeddable":true,"href":"https:\/\/www.radiopiu.net\/wordpress\/wp-json\/wp\/v2\/tags?post=284553"}],"curies":[{"name":"wp","href":"https:\/\/api.w.org\/{rel}","templated":true}]}}