{"id":284597,"date":"2022-07-01T06:18:06","date_gmt":"2022-07-01T04:18:06","guid":{"rendered":"https:\/\/www.radiopiu.net\/wordpress\/?p=284597"},"modified":"2022-07-01T06:18:06","modified_gmt":"2022-07-01T04:18:06","slug":"la-ulss1-ha-licenziato-il-dottor-luca-favero","status":"publish","type":"post","link":"https:\/\/www.radiopiu.net\/wordpress\/la-ulss1-ha-licenziato-il-dottor-luca-favero\/","title":{"rendered":"LA ULSS1 HA LICENZIATO IL DOTTOR LUCA FAVERO"},"content":{"rendered":"<p><img loading=\"lazy\" decoding=\"async\" class=\"alignleft\" src=\"https:\/\/www.radiopiu.net\/wordpress\/wp-content\/uploads\/2022\/06\/FAVERO-1.jpg\" width=\"116\" height=\"138\" \/><strong>LIVINALLONGO<\/strong> La storia \u00e8 nota e pi\u00f9 volte ricordata, il dottor Luca Favero non si era vaccinato entro i termini previsti dalla norma, ma poi aveva cambiato idea. Quindi\u00a0 le sospensioni dall&#8217;Ordine dei medici e dal servizio di medicina convenzionata nell&#8217;Agordino, provvedimenti che il medico non ha per\u00f2 rispettato continuando a volgere la propria professione.\u00a0 L&#8217;Ulss 1 Dolomiti ha deciso infatti di licenziare il medico di famiglia Luca Favero. Il professionista opera nell&#8217;ambito dei Comuni di Alleghe, Colle Santa Lucia, Livinallongo del Col di Lana, Rocca Pietore, Selva di Cadore, Canale d&#8217;Agordo, Cencenighe Agordino, Falcade, San Tomaso Agordino e Vallada Agordina. <em>\u00abVista la sospensione\u00bb, dicono dall&#8217;Ulss, \u00abil medico non era abilitato a svolgere mansioni che implicassero contatti interpersonali o che comportassero il rischio di diffusione del contagio da Covid, precludendo di fatto lo svolgimento del suo lavoro\u00bb.Di fronte a questo comportamento, l&#8217;azienda sanitaria bellunese ha aperto un procedimento disciplinare nei confronti del medico che ha portato al suo licenziamento.<\/em><\/p>\n<blockquote>\n<h3>CAMBIO MEDICO IN VALLE DEL BIOIS E VAL CORDEVOLE<\/h3>\n<\/blockquote>\n<p><strong><a class=\"dt-pswp-item\" href=\"https:\/\/www.radiopiu.net\/wordpress\/wp-content\/uploads\/2021\/06\/MEDICO.jpg\" data-dt-img-description=\"\" data-large_image_width=\"1920\" data-large_image_height=\"1440\"><img loading=\"lazy\" decoding=\"async\" class=\"size-thumbnail wp-image-216887 alignleft\" src=\"https:\/\/www.radiopiu.net\/wordpress\/wp-content\/uploads\/2021\/06\/MEDICO-150x150.jpg\" alt=\"\" width=\"150\" height=\"150\" \/><\/a>BELLUNO<\/strong> Da oggi cesser\u00e0 il servizio come Medico di Medicina Generale il dottor Luca Favero, operante nell\u2019ambito dei Comuni di Alleghe, Colle Santa Lucia, Livinallongo del Col di Lana, Rocca Pietore, Selva di Cadore, Canale d\u2019Agordo, Cencenighe Agordino, Falcade, San Tomaso Agordino e Vallada Agordina. In sostituzione del dr. Favero, dal 15 Luglio 2022, verr\u00e0 inserita nell\u2019ambito territoriale la dr.ssa Arcangioli Letizia a cui saranno assegnati d\u2019ufficio gli assistiti. Non sar\u00e0 pertanto necessario recarsi presso gli sportelli anagrafe della ULSS per effettuare la scelta del nuovo medico. Dal 1\u00b0 al 14 Luglio p.v. saranno disponibili a garantire l\u2019assistenza ai pazienti del dr. Favero, presso i propri ambulatori, i medici operanti nell\u2019ambito territoriale in questione: Dr. Barone Paolo &#8211; 331 2409870, Dr. Magra Giovanni &#8211; 368 3278142, Dr. Allegro Claudio &#8211; 338 3312357, Dr.ssa Semenzato Camilla &#8211; 379 1091502. Per eventuali informazioni, \u00e8 possibile contattare gli uffici Anagrafe Sanitaria di Belluno al numero 0437 516757 dal luned\u00ec al venerd\u00ec dalle ore 12.00 alle ore 13.00.<\/p>\n<p>&nbsp;<\/p>\n<p>&nbsp;<\/p>\n","protected":false},"excerpt":{"rendered":"<p>LIVINALLONGO La storia \u00e8 nota e pi\u00f9 volte ricordata, il dottor Luca Favero non si era vaccinato entro i termini previsti dalla norma, ma poi aveva cambiato idea. Quindi\u00a0 le sospensioni dall&#8217;Ordine dei medici e dal servizio di medicina convenzionata nell&#8217;Agordino, provvedimenti che il medico non ha per\u00f2 rispettato continuando a volgere la propria professione.\u00a0&hellip;<\/p>\n","protected":false},"author":4,"featured_media":279591,"comment_status":"closed","ping_status":"closed","sticky":false,"template":"","format":"standard","meta":{"_monsterinsights_skip_tracking":false,"_monsterinsights_sitenote_active":false,"_monsterinsights_sitenote_note":"","_monsterinsights_sitenote_category":0,"footnotes":""},"categories":[104,49],"tags":[],"class_list":["post-284597","post","type-post","status-publish","format-standard","has-post-thumbnail","hentry","category-evidenza_3","category-news-18","category-104","category-49","description-off"],"img_url":"https:\/\/www.radiopiu.net\/wordpress\/wp-content\/uploads\/2022\/06\/FAVERO-1.jpg","_links":{"self":[{"href":"https:\/\/www.radiopiu.net\/wordpress\/wp-json\/wp\/v2\/posts\/284597","targetHints":{"allow":["GET"]}}],"collection":[{"href":"https:\/\/www.radiopiu.net\/wordpress\/wp-json\/wp\/v2\/posts"}],"about":[{"href":"https:\/\/www.radiopiu.net\/wordpress\/wp-json\/wp\/v2\/types\/post"}],"author":[{"embeddable":true,"href":"https:\/\/www.radiopiu.net\/wordpress\/wp-json\/wp\/v2\/users\/4"}],"replies":[{"embeddable":true,"href":"https:\/\/www.radiopiu.net\/wordpress\/wp-json\/wp\/v2\/comments?post=284597"}],"version-history":[{"count":0,"href":"https:\/\/www.radiopiu.net\/wordpress\/wp-json\/wp\/v2\/posts\/284597\/revisions"}],"wp:featuredmedia":[{"embeddable":true,"href":"https:\/\/www.radiopiu.net\/wordpress\/wp-json\/wp\/v2\/media\/279591"}],"wp:attachment":[{"href":"https:\/\/www.radiopiu.net\/wordpress\/wp-json\/wp\/v2\/media?parent=284597"}],"wp:term":[{"taxonomy":"category","embeddable":true,"href":"https:\/\/www.radiopiu.net\/wordpress\/wp-json\/wp\/v2\/categories?post=284597"},{"taxonomy":"post_tag","embeddable":true,"href":"https:\/\/www.radiopiu.net\/wordpress\/wp-json\/wp\/v2\/tags?post=284597"}],"curies":[{"name":"wp","href":"https:\/\/api.w.org\/{rel}","templated":true}]}}