{"id":284652,"date":"2022-07-02T05:33:46","date_gmt":"2022-07-02T03:33:46","guid":{"rendered":"https:\/\/www.radiopiu.net\/wordpress\/?p=284652"},"modified":"2022-07-02T05:48:22","modified_gmt":"2022-07-02T03:48:22","slug":"quattroassenzeass","status":"publish","type":"post","link":"https:\/\/www.radiopiu.net\/wordpress\/quattroassenzeass\/","title":{"rendered":"DILLO A RADIO PIU.. QUATTRO ASSENZE TRA MIGLIAIA DI CUORI PALPITANTI"},"content":{"rendered":"<p><strong>Riceviamo e volentieri pubblichiamo la riflessione di Riccardo N.<\/strong><\/p>\n<p>&nbsp;<\/p>\n<blockquote><p><em><img loading=\"lazy\" decoding=\"async\" class=\"alignleft\" src=\"https:\/\/www.radiopiu.net\/wordpress\/wp-content\/uploads\/2022\/06\/6adc53a4-8d27-4bc3-bcfd-2ed561c6d583.jpg\" width=\"176\" height=\"132\" \/>Egregi signori delle istituzioni, consentitemi questo sfogo, al funerale del Cavaliere Leonardo Del Vecchio (il pi\u00f9 grande Imprenditore che \u013eItalia abbia mai avuto fin&#8217;ora), non ho visto quattro persone che,\u00a0 per me, avrebbero dovuto esserci &#8221; TASSATIVAMENTE &#8220;, presidente di Regione, Presidente del Consiglio, Presidente della Repubblica e Ministro delle Finanze (bellunese per altro), quest&#8217;ultimo, proprio, non ha scuse, ma nemmeno gli altri. Se dobbiamo essere franchi, ci si aspettava almeno un rappresentante Politico per ogni paese dove c&#8217;\u00e8 una sede Luxottica, un&#8217;azienda che da lavoro pi\u00f9 che dignitoso con un welfare che altri sognano, un&#8217;azienda che non ha delocalizzato, come tanti altri hanno fatto, lasciando a piedi i lavoratori ma che ha continuato a investire in quei lavoratori. Io non lavoro in quest&#8217;azienda e non sono nemmeno di Agordo ma conosco bene tutto quello che il Cavaliere ha fatto.\u00a0 Ieri mi sono vergognato di esserlo di essere Veneto e di essere Italiano, D&#8217;inc\u00e0 era troppo poco per questo territorio (il Veneto ), che voi continuate a sfruttare senza mai dare nulla, nemmeno un&#8217;ultimo saluto al pi\u00f9 grande contribuente dell&#8217;Italia.<\/em><\/p><\/blockquote>\n<p>&nbsp;<\/p>\n<p>&nbsp;<\/p>\n<hr \/>\n<p>&nbsp;<\/p>\n<p>&nbsp;<\/p>\n<p><strong>di Annalisa Dal Mas<\/strong><\/p>\n<p>Mi aggrego ad una lettera a Radio Pi\u00f9 Emittente Agordina in cui un cittadino fa notare la pesante assenza del \u201dGovernatore\u201d del Veneto Luca Zaia al funerale e alla camera ardente del Cavaliere Leonardo Del Vecchio.<br \/>\nAmmesso che la critica politica e la libert\u00e0 di Parola sono diritti imprescindibili della Costituzione Italiana, da fervente attivista politica mi sento anche io in dovere di rimproverare al Presidente di Regione la sua assenza. Un omaggio al pi\u00f9 grande imprenditore Veneto, a colui che ha fatto in modo di uscire dalla povert\u00e0 un\u2019intera provincia era DOVEROSO. Aldil\u00e0 della sua neutralit\u00e0 partitica ma per la sua grandezza d\u2019animo. La pi\u00f9 alta carica regionale non doveva essere assente e doveva trovare alcuni minuti per omaggiarlo e rendergli il giusto commiato per quanto fatto per tutto il territorio provinciale. Non mi vergogno di criticare questa assenza, pesante, vergognosa. Che non meritava deleghe di sorta. Proprio perch\u00e9 la figura del Presidente in campagna elettorale era sempre sul pezzo. Evidentemente il commiato al pi\u00f9 grande imprenditore veneto non gli avrebbe portato popolarit\u00e0?<\/p>\n","protected":false},"excerpt":{"rendered":"<p>Riceviamo e volentieri pubblichiamo la riflessione di Riccardo N. &nbsp; Egregi signori delle istituzioni, consentitemi questo sfogo, al funerale del Cavaliere Leonardo Del Vecchio (il pi\u00f9 grande Imprenditore che \u013eItalia abbia mai avuto fin&#8217;ora), non ho visto quattro persone che,\u00a0 per me, avrebbero dovuto esserci &#8221; TASSATIVAMENTE &#8220;, presidente di Regione, Presidente del Consiglio, Presidente&hellip;<\/p>\n","protected":false},"author":4,"featured_media":284410,"comment_status":"closed","ping_status":"closed","sticky":false,"template":"","format":"standard","meta":{"_monsterinsights_skip_tracking":false,"_monsterinsights_sitenote_active":false,"_monsterinsights_sitenote_note":"","_monsterinsights_sitenote_category":0,"footnotes":""},"categories":[51,49],"tags":[],"class_list":["post-284652","post","type-post","status-publish","format-standard","has-post-thumbnail","hentry","category-evidenza-top","category-news-18","category-51","category-49","description-off"],"img_url":"https:\/\/www.radiopiu.net\/wordpress\/wp-content\/uploads\/2022\/06\/6adc53a4-8d27-4bc3-bcfd-2ed561c6d583.jpg","_links":{"self":[{"href":"https:\/\/www.radiopiu.net\/wordpress\/wp-json\/wp\/v2\/posts\/284652","targetHints":{"allow":["GET"]}}],"collection":[{"href":"https:\/\/www.radiopiu.net\/wordpress\/wp-json\/wp\/v2\/posts"}],"about":[{"href":"https:\/\/www.radiopiu.net\/wordpress\/wp-json\/wp\/v2\/types\/post"}],"author":[{"embeddable":true,"href":"https:\/\/www.radiopiu.net\/wordpress\/wp-json\/wp\/v2\/users\/4"}],"replies":[{"embeddable":true,"href":"https:\/\/www.radiopiu.net\/wordpress\/wp-json\/wp\/v2\/comments?post=284652"}],"version-history":[{"count":0,"href":"https:\/\/www.radiopiu.net\/wordpress\/wp-json\/wp\/v2\/posts\/284652\/revisions"}],"wp:featuredmedia":[{"embeddable":true,"href":"https:\/\/www.radiopiu.net\/wordpress\/wp-json\/wp\/v2\/media\/284410"}],"wp:attachment":[{"href":"https:\/\/www.radiopiu.net\/wordpress\/wp-json\/wp\/v2\/media?parent=284652"}],"wp:term":[{"taxonomy":"category","embeddable":true,"href":"https:\/\/www.radiopiu.net\/wordpress\/wp-json\/wp\/v2\/categories?post=284652"},{"taxonomy":"post_tag","embeddable":true,"href":"https:\/\/www.radiopiu.net\/wordpress\/wp-json\/wp\/v2\/tags?post=284652"}],"curies":[{"name":"wp","href":"https:\/\/api.w.org\/{rel}","templated":true}]}}