{"id":284655,"date":"2022-07-01T11:42:17","date_gmt":"2022-07-01T09:42:17","guid":{"rendered":"https:\/\/www.radiopiu.net\/wordpress\/?p=284655"},"modified":"2022-07-01T11:50:16","modified_gmt":"2022-07-01T09:50:16","slug":"la-cag-raddoppia-il-fatturato","status":"publish","type":"post","link":"https:\/\/www.radiopiu.net\/wordpress\/la-cag-raddoppia-il-fatturato\/","title":{"rendered":"LA CAG RADDOPPIA IL FATTURATO, SARA&#8217; UNA STAGIONE DA RECORD"},"content":{"rendered":"<p><a class=\"dt-pswp-item\" href=\"https:\/\/www.radiopiu.net\/wordpress\/wp-content\/uploads\/2022\/07\/foto-ALL02-CS-CAG.jpg\" data-dt-img-description=\"\" data-large_image_width=\"640\" data-large_image_height=\"480\"><img loading=\"lazy\" decoding=\"async\" class=\"size-thumbnail wp-image-284656 alignleft\" src=\"https:\/\/www.radiopiu.net\/wordpress\/wp-content\/uploads\/2022\/07\/foto-ALL02-CS-CAG-150x150.jpg\" alt=\"\" width=\"150\" height=\"150\" \/><\/a><strong>BELLUNO<\/strong> Fatturato raddoppiato in tre anni nonostante la pandemia. La CAG Tecnologie Meccaniche di Borgo Valbelluna \u00e8 pronta ad un\u2019estate da record e si <a class=\"dt-pswp-item\" href=\"https:\/\/www.radiopiu.net\/wordpress\/wp-content\/uploads\/2022\/07\/foto-ALL-CS-CAG.jpg\" data-dt-img-description=\"\" data-large_image_width=\"559\" data-large_image_height=\"1024\"><img loading=\"lazy\" decoding=\"async\" class=\"wp-image-284657 alignright\" src=\"https:\/\/www.radiopiu.net\/wordpress\/wp-content\/uploads\/2022\/07\/foto-ALL-CS-CAG.jpg\" alt=\"\" width=\"186\" height=\"342\" \/><\/a>prepara al grande evento in programma per marted\u00ec 5 luglio alle 18,30 nel contesto di Villa Alpago Novello, sar\u00e0 presentata la moto del team vicentino SpeedUp che disputer\u00e0 il mondiale in classe Moto2 e che la stessa azienda bellunese ha contribuito a realizzare alcuni dei suoi componenti. CAG si occupa di lavorazioni meccaniche proprie e per conto terzi, e della realizzazione di macchinari e automazioni altamente personalizzati. \u201c<em>Siamo nati con l\u2019occhialeria- dice Antonio Castellan fondatore di CAG &#8211;\u00a0 che resta uno dei nostri asset strategici, ma con il tempo ci siamo lanciati nell\u2019automazione e nell\u2019offshore. \u00c8 stata una evoluzione programmata, che abbiamo seguito passo dopo passo investendo sulle competenze dei nostri collaboratori \u2013 con formazione continua &#8211; e su nuovi capannoni moderni e funzionali\u201d. Non a caso, l\u2019azienda \u00e8 riuscita a crescere anche negli anni della pandemia: \u201cAbbiamo cercato di cambiare il nostro modo di guardare al mercato, studiandolo, comprendendolo e andando ad anticiparlo. In pochi anni il nostro fatturato \u00e8 raddoppiato. L\u2019obiettivo principale rimane il fatto di consolidarci e crescere gradualmente\u201d<\/em><\/p>\n<p>&nbsp;<\/p>\n<p><strong>FOTO da destra verso sinistra: Antonio Castellan fondatore di CAG, Luca Boscoscuro \u2013 manager di SpeedUp, team motociclistico di Moto2 e due tecnici CAG (sempre da destra verso sinistra: Stefano Bonetta e Maicol Pellizzari).<\/strong><\/p>\n<p>&nbsp;<\/p>\n<hr \/>\n<p><strong>\u00a0<\/strong><\/p>\n<p>&nbsp;<\/p>\n","protected":false},"excerpt":{"rendered":"<p>BELLUNO Fatturato raddoppiato in tre anni nonostante la pandemia. La CAG Tecnologie Meccaniche di Borgo Valbelluna \u00e8 pronta ad un\u2019estate da record e si prepara al grande evento in programma per marted\u00ec 5 luglio alle 18,30 nel contesto di Villa Alpago Novello, sar\u00e0 presentata la moto del team vicentino SpeedUp che disputer\u00e0 il mondiale in&hellip;<\/p>\n","protected":false},"author":4,"featured_media":284656,"comment_status":"closed","ping_status":"closed","sticky":false,"template":"","format":"standard","meta":{"_monsterinsights_skip_tracking":false,"_monsterinsights_sitenote_active":false,"_monsterinsights_sitenote_note":"","_monsterinsights_sitenote_category":0,"footnotes":""},"categories":[49],"tags":[],"class_list":["post-284655","post","type-post","status-publish","format-standard","has-post-thumbnail","hentry","category-news-18","category-49","description-off"],"img_url":"https:\/\/www.radiopiu.net\/wordpress\/wp-content\/uploads\/2022\/07\/foto-ALL02-CS-CAG.jpg","_links":{"self":[{"href":"https:\/\/www.radiopiu.net\/wordpress\/wp-json\/wp\/v2\/posts\/284655","targetHints":{"allow":["GET"]}}],"collection":[{"href":"https:\/\/www.radiopiu.net\/wordpress\/wp-json\/wp\/v2\/posts"}],"about":[{"href":"https:\/\/www.radiopiu.net\/wordpress\/wp-json\/wp\/v2\/types\/post"}],"author":[{"embeddable":true,"href":"https:\/\/www.radiopiu.net\/wordpress\/wp-json\/wp\/v2\/users\/4"}],"replies":[{"embeddable":true,"href":"https:\/\/www.radiopiu.net\/wordpress\/wp-json\/wp\/v2\/comments?post=284655"}],"version-history":[{"count":0,"href":"https:\/\/www.radiopiu.net\/wordpress\/wp-json\/wp\/v2\/posts\/284655\/revisions"}],"wp:featuredmedia":[{"embeddable":true,"href":"https:\/\/www.radiopiu.net\/wordpress\/wp-json\/wp\/v2\/media\/284656"}],"wp:attachment":[{"href":"https:\/\/www.radiopiu.net\/wordpress\/wp-json\/wp\/v2\/media?parent=284655"}],"wp:term":[{"taxonomy":"category","embeddable":true,"href":"https:\/\/www.radiopiu.net\/wordpress\/wp-json\/wp\/v2\/categories?post=284655"},{"taxonomy":"post_tag","embeddable":true,"href":"https:\/\/www.radiopiu.net\/wordpress\/wp-json\/wp\/v2\/tags?post=284655"}],"curies":[{"name":"wp","href":"https:\/\/api.w.org\/{rel}","templated":true}]}}