{"id":284659,"date":"2022-07-02T05:34:20","date_gmt":"2022-07-02T03:34:20","guid":{"rendered":"https:\/\/www.radiopiu.net\/wordpress\/?p=284659"},"modified":"2022-07-02T05:48:07","modified_gmt":"2022-07-02T03:48:07","slug":"mediaset-spegne-i-ripetitori-tv-sui-territori-bussone-gravissimo-intervenga-governo","status":"publish","type":"post","link":"https:\/\/www.radiopiu.net\/wordpress\/mediaset-spegne-i-ripetitori-tv-sui-territori-bussone-gravissimo-intervenga-governo\/","title":{"rendered":"MEDIASET SPEGNE I RIPETITORI TV SUI TERRITORI. BUSSONE &#8220;GRAVISSIMO. INTERVENGA GOVERNO&#8221;"},"content":{"rendered":"<p><strong>L&#8217;INTERVENTO DI MARCO BUSSONE, PRESIDENTE NAZIONALE UNCEM<\/strong><\/p>\n<p><strong><img loading=\"lazy\" decoding=\"async\" class=\"alignleft\" src=\"https:\/\/www.radiopiu.net\/wordpress\/wp-content\/uploads\/2022\/07\/th-1.jpg\" width=\"228\" height=\"106\" \/>ROMA\u00a0<\/strong> &#8220;\u00c8 Gravissimo, inammissibile lo spegnimento dei ripetitori Mediaset, della societ\u00e0 EITowers, sui territori montani italiani e nelle zone dei piccoli Comuni. Gi\u00e0 lo spegnimento dei ripetitori di propriet\u00e0 degli Enti locali montani, per il cambio di frequenze, era stato gravissimo, a inizio 2022. Ora una situazione nuova e grave. A danni delle comunit\u00e0 locali. I Sindaci sono arrabbiati e pronti alla mobilitazione. Anche nei confronti di chi, con il cambio di frequenze, sta facendo niente. Imponendo parabole e altri sistemi di accesso alla tv a carico dei cittadini. Il digital divide \u00e8 gravissimo e pericoloso. Aumenta di ora in ora. Intervenga subito il Governo, il Mise in particolare, per individuare urgenti soluzioni tecniche vere e durature. Costringa Mediaset a riparare questo enorme danno,. Perch\u00e9 se anche di Maria De Filippi e Barbara D&#8217;Urso, o di Paolo Bonolis, a chi vive territori interessa ben poco, l&#8217;affronto alle aree interne e montane del Paese \u00e8 gravissimo. Obbligare tutti ad acquistare e installare, con la spesa media di 300 euro, una parabola, divide i cittadini. Non \u00e8 costituzionale. Non siamo dunque tutti uguali. Forse questo a Mediaset ed EITowers interessa poco, non lo sanno. Ma a Uncem e ai Comuni si. Spegnere i ripetitori che servono bassi numeri di &#8216;utenti&#8217;, come li chiamano loro, \u00e8 indegno di un Paese moderno e di un moderno sistema delle telecomunicazioni, europeo ed italiano, al quale Mediaset e EITowers dicono di voler contribuire&#8221;.<\/p>\n<p>&nbsp;<\/p>\n<hr \/>\n<p>&nbsp;<\/p>\n","protected":false},"excerpt":{"rendered":"<p>L&#8217;INTERVENTO DI MARCO BUSSONE, PRESIDENTE NAZIONALE UNCEM ROMA\u00a0 &#8220;\u00c8 Gravissimo, inammissibile lo spegnimento dei ripetitori Mediaset, della societ\u00e0 EITowers, sui territori montani italiani e nelle zone dei piccoli Comuni. Gi\u00e0 lo spegnimento dei ripetitori di propriet\u00e0 degli Enti locali montani, per il cambio di frequenze, era stato gravissimo, a inizio 2022. Ora una situazione nuova&hellip;<\/p>\n","protected":false},"author":4,"featured_media":284660,"comment_status":"closed","ping_status":"closed","sticky":false,"template":"","format":"standard","meta":{"_monsterinsights_skip_tracking":false,"_monsterinsights_sitenote_active":false,"_monsterinsights_sitenote_note":"","_monsterinsights_sitenote_category":0,"footnotes":""},"categories":[51,49],"tags":[],"class_list":["post-284659","post","type-post","status-publish","format-standard","has-post-thumbnail","hentry","category-evidenza-top","category-news-18","category-51","category-49","description-off"],"img_url":"https:\/\/www.radiopiu.net\/wordpress\/wp-content\/uploads\/2022\/07\/th-1.jpg","_links":{"self":[{"href":"https:\/\/www.radiopiu.net\/wordpress\/wp-json\/wp\/v2\/posts\/284659","targetHints":{"allow":["GET"]}}],"collection":[{"href":"https:\/\/www.radiopiu.net\/wordpress\/wp-json\/wp\/v2\/posts"}],"about":[{"href":"https:\/\/www.radiopiu.net\/wordpress\/wp-json\/wp\/v2\/types\/post"}],"author":[{"embeddable":true,"href":"https:\/\/www.radiopiu.net\/wordpress\/wp-json\/wp\/v2\/users\/4"}],"replies":[{"embeddable":true,"href":"https:\/\/www.radiopiu.net\/wordpress\/wp-json\/wp\/v2\/comments?post=284659"}],"version-history":[{"count":0,"href":"https:\/\/www.radiopiu.net\/wordpress\/wp-json\/wp\/v2\/posts\/284659\/revisions"}],"wp:featuredmedia":[{"embeddable":true,"href":"https:\/\/www.radiopiu.net\/wordpress\/wp-json\/wp\/v2\/media\/284660"}],"wp:attachment":[{"href":"https:\/\/www.radiopiu.net\/wordpress\/wp-json\/wp\/v2\/media?parent=284659"}],"wp:term":[{"taxonomy":"category","embeddable":true,"href":"https:\/\/www.radiopiu.net\/wordpress\/wp-json\/wp\/v2\/categories?post=284659"},{"taxonomy":"post_tag","embeddable":true,"href":"https:\/\/www.radiopiu.net\/wordpress\/wp-json\/wp\/v2\/tags?post=284659"}],"curies":[{"name":"wp","href":"https:\/\/api.w.org\/{rel}","templated":true}]}}