{"id":284665,"date":"2022-07-02T05:35:30","date_gmt":"2022-07-02T03:35:30","guid":{"rendered":"https:\/\/www.radiopiu.net\/wordpress\/?p=284665"},"modified":"2022-07-02T05:47:49","modified_gmt":"2022-07-02T03:47:49","slug":"pian-della-sega-cede-il-piano-viabile-si-passa-con-cautela","status":"publish","type":"post","link":"https:\/\/www.radiopiu.net\/wordpress\/pian-della-sega-cede-il-piano-viabile-si-passa-con-cautela\/","title":{"rendered":"PIAN DELLA SEGA, CEDE IL PIANO VIABILE. SI PASSA CON CAUTELA"},"content":{"rendered":"<p><strong>VAL DI ZOLDO<\/strong> In localit\u00e0 Pian della Sega ha ceduto il piano viabile. Sono gi\u00e0 in corso i lavori ma per il fine settimana (sabato e domenica) \u00e8 necessario il senso unico alternato regolato da semaforo. L&#8217;invito a procedere con cautela. L&#8217;inghippo lungo la provinciale 251 Val di Zoldo e Cellina.<\/p>\n<p>&nbsp;<\/p>\n<p>___<\/p>\n","protected":false},"excerpt":{"rendered":"<p>VAL DI ZOLDO In localit\u00e0 Pian della Sega ha ceduto il piano viabile. Sono gi\u00e0 in corso i lavori ma per il fine settimana (sabato e domenica) \u00e8 necessario il senso unico alternato regolato da semaforo. L&#8217;invito a procedere con cautela. L&#8217;inghippo lungo la provinciale 251 Val di Zoldo e Cellina. &nbsp; ___<\/p>\n","protected":false},"author":4,"featured_media":135574,"comment_status":"closed","ping_status":"closed","sticky":false,"template":"","format":"standard","meta":{"_monsterinsights_skip_tracking":false,"_monsterinsights_sitenote_active":false,"_monsterinsights_sitenote_note":"","_monsterinsights_sitenote_category":0,"footnotes":""},"categories":[51,49],"tags":[],"class_list":["post-284665","post","type-post","status-publish","format-standard","has-post-thumbnail","hentry","category-evidenza-top","category-news-18","category-51","category-49","description-off"],"img_url":"https:\/\/www.radiopiu.net\/wordpress\/wp-content\/uploads\/2020\/05\/VENETO-STRADE.png","_links":{"self":[{"href":"https:\/\/www.radiopiu.net\/wordpress\/wp-json\/wp\/v2\/posts\/284665","targetHints":{"allow":["GET"]}}],"collection":[{"href":"https:\/\/www.radiopiu.net\/wordpress\/wp-json\/wp\/v2\/posts"}],"about":[{"href":"https:\/\/www.radiopiu.net\/wordpress\/wp-json\/wp\/v2\/types\/post"}],"author":[{"embeddable":true,"href":"https:\/\/www.radiopiu.net\/wordpress\/wp-json\/wp\/v2\/users\/4"}],"replies":[{"embeddable":true,"href":"https:\/\/www.radiopiu.net\/wordpress\/wp-json\/wp\/v2\/comments?post=284665"}],"version-history":[{"count":0,"href":"https:\/\/www.radiopiu.net\/wordpress\/wp-json\/wp\/v2\/posts\/284665\/revisions"}],"wp:featuredmedia":[{"embeddable":true,"href":"https:\/\/www.radiopiu.net\/wordpress\/wp-json\/wp\/v2\/media\/135574"}],"wp:attachment":[{"href":"https:\/\/www.radiopiu.net\/wordpress\/wp-json\/wp\/v2\/media?parent=284665"}],"wp:term":[{"taxonomy":"category","embeddable":true,"href":"https:\/\/www.radiopiu.net\/wordpress\/wp-json\/wp\/v2\/categories?post=284665"},{"taxonomy":"post_tag","embeddable":true,"href":"https:\/\/www.radiopiu.net\/wordpress\/wp-json\/wp\/v2\/tags?post=284665"}],"curies":[{"name":"wp","href":"https:\/\/api.w.org\/{rel}","templated":true}]}}