{"id":284776,"date":"2022-07-04T05:22:14","date_gmt":"2022-07-04T03:22:14","guid":{"rendered":"https:\/\/www.radiopiu.net\/wordpress\/?p=284776"},"modified":"2022-07-04T08:53:55","modified_gmt":"2022-07-04T06:53:55","slug":"giornale-radiopiu-04-luglio-2022-direttore-mirko-mezzacasa","status":"publish","type":"post","link":"https:\/\/www.radiopiu.net\/wordpress\/giornale-radiopiu-04-luglio-2022-direttore-mirko-mezzacasa\/","title":{"rendered":"GIORNALE RADIOPIU 04 LUGLIO 2022 DIRETTORE MIRKO MEZZACASA"},"content":{"rendered":"<h3 class=\"kvgmc6g5 cxmmr5t8 oygrvhab hcukyx3x c1et5uql\"><span style=\"color: #0000ff;\"><strong>RADIO PIU INFORMAZIONE il canale su TELEGRAM informazione di prima\u00a0 <\/strong><\/span><span style=\"color: #0000ff;\"><strong>mano e in tempo reale. iscriviti ed aiutaci a farlo conoscere\u00a0<\/strong><\/span><\/h3>\n<h2><a href=\"https:\/\/www.soccorsoalpinotrentino.it\/news\/aggiornamento-intervento-in-marmolada-attivato-il-numero-0461-495272-per-segnalare-eventuali-mancati-rientri-le-operazioni-di-ricerca-da-parte-della-protezione-civile-proseguono-nella-notte\/\">Aggiornamento intervento in Marmolada<\/a> Domenica 3 luglio 2022<\/h2>\n<p><strong>Attivato il numero 0461.495272 per segnalare eventuali mancati rientri.<\/strong><\/p>\n<p><a class=\"dt-pswp-item\" href=\"https:\/\/www.radiopiu.net\/wordpress\/wp-content\/uploads\/2022\/07\/292096211_1892902157572042_6198876422967347700_n.jpg\" data-dt-img-description=\"\" data-large_image_width=\"720\" data-large_image_height=\"540\"><img loading=\"lazy\" decoding=\"async\" class=\"size-thumbnail wp-image-285183 alignleft\" src=\"https:\/\/www.radiopiu.net\/wordpress\/wp-content\/uploads\/2022\/07\/292096211_1892902157572042_6198876422967347700_n-150x150.jpg\" alt=\"\" width=\"150\" height=\"150\" \/><\/a>Proseguite nella notte, con il supporto dei droni dei Vigili del fuoco e del Soccorso Alpino, i sopralluoghi della Protezione civile sull\u2019area interessata dal distacco del seracco dalla calotta di Punta Rocca sulla Marmolada, ad una quota di 3.200 metri. Le vittime accertate finora sono 6. In corso le operazioni di riconoscimento. Per segnalazioni o richieste di informazioni \u2013 esclusivamente da parte di familiari di eventuali persone disperse \u2013 la Provincia autonoma di Trento ha attivato il numero di telefono 0461 495272 (gli operatori rispondono 24 ore su 24). \u201cQuesta \u00e8 una giornata di lutto per il Trentino. Oggi \u00e8 accaduta una tragedia che nessuno era in grado di prevedere. Ringraziamo gli uomini e le donne della Protezione civile, scesi in campo per le operazioni di ricerca e soccorso impegnati in queste difficile ore. Alla luce dei pericoli legati ad eventuali nuovi distacchi, la nostra priorit\u00e0 \u00e8 tutelare la loro incolumit\u00e0\u201d sono state le parole del presidente della Provincia autonoma di Trento, Maurizio Fugatti, affiancato dal dirigente generale del Dipartimento protezione civile Raffaele De Col, intervenuti in serata nel corso di un incontro con la stampa presso la sala operativa allestita a Canazei presso la caserma dei vigili del fuoco volontari, sede anche del Soccorso alpino.\u00a0 Il presidente Fugatti ha seguito la situazione sul posto sin dai primi momenti, nel primo pomeriggio di oggi, mantenendosi in contatto con il premier Mario Draghi e con il capo della Protezione civile nazionale, Fabrizio Curcio, oltre che con i presidenti della Provincia autonoma di Trento Arno Kompatscher e della Regione Veneto Luca Zaia. I feriti che attualmente sono ricoverati negli ospedali di Trento, Bolzano, Belluno e Treviso sono 8, di cui due versano in gravi condizioni. Sono in corso le verifiche per identificare i proprietari delle 16 auto che attualmente si trovano nei parcheggi situati nei pressi dei sentieri di accesso all\u2019area.<\/p>\n<p><strong><span style=\"color: #ff0000;\">il responsabile del Soccorso Alpino Bellunese, ALEX BARATTIN<\/span><\/strong><\/p>\n<audio class=\"wp-audio-shortcode\" id=\"audio-284776-1\" preload=\"none\" style=\"width: 100%;\" controls=\"controls\"><source type=\"audio\/mpeg\" src=\"https:\/\/www.radiopiu.net\/wordpress\/wp-content\/uploads\/2022\/07\/barattin.mp3?_=1\" \/><a href=\"https:\/\/www.radiopiu.net\/wordpress\/wp-content\/uploads\/2022\/07\/barattin.mp3\">https:\/\/www.radiopiu.net\/wordpress\/wp-content\/uploads\/2022\/07\/barattin.mp3<\/a><\/audio>\n<p>&nbsp;<\/p>\n<p>&nbsp;<\/p>\n<p>&nbsp;<\/p>\n<hr \/>\n<p>&nbsp;<\/p>\n<blockquote>\n<h2><span style=\"color: #3366ff;\">SI STACCA UN SERACCO SULLA MARMOLADA. IL BILANCIO E&#8217; DI 9 FERITI, 6 VITTIME E 15 DISPERSI\u00a0<\/span><\/h2>\n<p>La Provincia di Trento ha istituito il numero 0461 495272, attraverso il quale \u00e8 possibile comunicare chi non \u00e8 rientrato. \u00c8 difficile se non impossibile si possano trovare altre persone in vita, dopo un evento cosi grave. Nel ghiaccio si \u00e8 aperta una bolla, che ha causato il distacco di un&#8217;enorme massa di neve e roccia, che si \u00e8 messa in moto in discesa e ha coinvolto la Normale. C&#8217;erano cordate, sia in salita sia in discesa, che sono state travolte. I morti accertati sono sei e di loro non si conoscono ancora le generalit\u00e0; nove sono i recuperati in vita, dei quali due in condizioni da valutare con attenzione e poi c&#8217;\u00e8 un numero imprecisato di dispersi. Le salme, fino a ieri sera, non avevano ancora un nome.<\/p><\/blockquote>\n<p>Mancano all&#8217;appello due guide alpine italiane (una di Valdagno), non c&#8217;\u00e8 conferma di una bimba, un padovano, un secondo padovano sarebbe fra i dispersi con dei veneti e due trentini.\u00a0 Non ci sarebbero bellunesi tra i cognomi (pochi quelli disponibili e recuperati) che i soccorritori hanno scorso su liste ancora precarie. Al parcheggio si contano le auto rimaste: erano 16 ieri sera. Sei morti: nazionalit\u00e0 straniera, tedeschi e ceki, austriaci, ma anche italiana, probabilmente le guide alpine che accompagnavano gli alpinisti. Quattro salme (i corpi di tre uomini e una donna) sono state trasferite allo stadio del ghiaccio di Canazei, due a Campitello di Fassa.<\/p>\n<p><strong><a class=\"dt-pswp-item\" href=\"https:\/\/www.radiopiu.net\/wordpress\/wp-content\/uploads\/2022\/07\/d03de882-2347-426a-a34b-f8dd62f15f66.jpg\" data-dt-img-description=\"\" data-large_image_width=\"739\" data-large_image_height=\"513\"><img loading=\"lazy\" decoding=\"async\" class=\"size-thumbnail wp-image-285041 alignleft\" src=\"https:\/\/www.radiopiu.net\/wordpress\/wp-content\/uploads\/2022\/07\/d03de882-2347-426a-a34b-f8dd62f15f66-150x150.jpg\" alt=\"\" width=\"150\" height=\"150\" \/><\/a>REDAZIONE<\/strong> Una valanga si \u00e8 staccata dalla Marmolada sul sentiero che porta a Punta Penia. Sul posto i soccorsi hanno estratto 8 feriti ma il bilancio \u00e8 anche di 6 vittime. Sembra siano una quindicina i dispersi. Sono state attivate tutte le unit\u00e0 del Soccorso Alpino della zona. La valanga avrebbe investito due cordate, valanga con un fronte di 300 metri. Dei feriti 2 sono stranieri sui sessent&#8217;anni, tedeschi, i prognosi riservata, e un quarantenne italiano in condizioni disperate.<\/p>\n<p>&nbsp;<\/p>\n<p>&nbsp;<\/p>\n<div>\n<div class=\"ll8tlv6m j83agx80 btwxx1t3 n851cfcs hv4rvrfc dati1w0a pybr56ya\">\n<div class=\"buofh1pr\">\n<div class=\"j83agx80 cbu4d94t ew0dbk1b irj2b8pg\">\n<div class=\"qzhwtbm6 knvmm38d\">\n<h3 id=\"jsc_c_1ly\" class=\"gmql0nx0 l94mrbxd p1ri9a11 lzcic4wl aahdfvyu hzawbc8m\"><span class=\"nc684nl6\"><a class=\"oajrlxb2 g5ia77u1 qu0x051f esr5mh6w e9989ue4 r7d6kgcz rq0escxv nhd2j8a9 nc684nl6 p7hjln8o kvgmc6g5 cxmmr5t8 oygrvhab hcukyx3x jb3vyjys rz4wbd8a qt6c0cv9 a8nywdso i1ao9s8h esuyzwwr f1sip0of lzcic4wl gpro0wi8 oo9gr5id lrazzd5p\" tabindex=\"0\" role=\"link\" href=\"https:\/\/www.facebook.com\/commissioneglaciologicaSAT\/?__cft__[0]=AZVl4MSCnGhMyIHbXebttM-UpQl5DzIqn9FYD2h_RQ8yPbw8v_eMpGmlZA8f42bqSPt9Gr7NOD3OL-zfxwxAXuo_HDkz7cV1WfiR9HSWOIZAC5T-5E2dda2yOkIMptfWX_eo_I2-46ejekXCTarH0ErN&amp;__tn__=-UC%2CP-R\"><strong>Commissione Glaciologica SAT<\/strong><\/a> <\/span>CROLLO SUL GHIACCIAIO DELLA MARMOLADA<\/h3>\n<\/div>\n<\/div>\n<\/div>\n<\/div>\n<\/div>\n<div>\n<div class=\"\" dir=\"auto\">\n<div id=\"jsc_c_1m0\" class=\"ecm0bbzt hv4rvrfc ihqw7lf3 dati1w0a\" data-ad-comet-preview=\"message\" data-ad-preview=\"message\">\n<div class=\"j83agx80 cbu4d94t ew0dbk1b irj2b8pg\">\n<div class=\"qzhwtbm6 knvmm38d\">\n<div class=\"cxmmr5t8 oygrvhab hcukyx3x c1et5uql o9v6fnle ii04i59q\">\n<div dir=\"auto\">\u00c8 di poche ore fa il tragico evento del crollo di un seracco in Marmolada. Proprio ieri pomeriggio eravamo sopra la zona del crollo con il <a class=\"oajrlxb2 g5ia77u1 qu0x051f esr5mh6w e9989ue4 r7d6kgcz rq0escxv nhd2j8a9 nc684nl6 p7hjln8o kvgmc6g5 cxmmr5t8 oygrvhab hcukyx3x jb3vyjys rz4wbd8a qt6c0cv9 a8nywdso i1ao9s8h esuyzwwr f1sip0of lzcic4wl gpro0wi8 q66pz984 b1v8xokw\" tabindex=\"0\" role=\"link\" href=\"https:\/\/www.facebook.com\/CnsasVeneto\/?__cft__[0]=AZVl4MSCnGhMyIHbXebttM-UpQl5DzIqn9FYD2h_RQ8yPbw8v_eMpGmlZA8f42bqSPt9Gr7NOD3OL-zfxwxAXuo_HDkz7cV1WfiR9HSWOIZAC5T-5E2dda2yOkIMptfWX_eo_I2-46ejekXCTarH0ErN&amp;__tn__=kK-R\"><span class=\"nc684nl6\">Soccorso Alpino e Speleologico Veneto &#8211; CNSAS<\/span><\/a> .<\/div>\n<div dir=\"auto\">In Punta Rocca come in tutta la Marmolada ci sono temperature alte da parecchi giorni. Dopo i primi giorni freddi di maggio, dal 10 maggio ad oggi i giorni la cui temperatura media dell&#8217;aria tra giorno e notte \u00e8 andata sotto lo zero sono circa 5-6. Nelle ultime settimane lo zero termico ha ondeggiato tra i 4500 ed i 4900 metri sottoponendo le montagne e le masse glaciali a forti stress termici.<\/div>\n<div dir=\"auto\">Gi\u00e0 ieri erano evidenti i classici fenomeni di ruscellamento a causa della fusione. Non conosciamo le dinamiche del crollo. Spesso le acque di fusione penetrano in profondit\u00e0 nel ghiacciaio e facilitano anche il movimento del ghiacciaio verso valle. L&#8217;acqua di fusione ha una temperatura maggiore a zero gradi e una volta che si infila nei crepacci o negli inghiottitoi porta temperatura maggiore nella profondit\u00e0 del ghiaccio aumentando la fusione anche nelle zone pi\u00f9 fredde o nelle zone di contatto ghiaccio roccia. La gravit\u00e0 purtroppo fa il resto. I seracchi sono un evoluzione di crepacci e movimento del ghiacciaio, tendono a crollare. Dalle immagini allegate di ieri pomeriggio so vede la zona del distacco, purtroppo un fenomeno cosi intenso e tragico non era facilmente prevedibile.<\/div>\n<\/div>\n<\/div>\n<\/div>\n<\/div>\n<\/div>\n<\/div>\n<p>&nbsp;<\/p>\n<p>https:\/\/www.facebook.com\/commissioneglaciologicaSAT\/videos\/559801042287720<\/p>\n<p>&nbsp;<\/p>\n<p>&nbsp;<\/p>\n<p>&nbsp;<\/p>\n<p>&nbsp;<\/p>\n<p>&nbsp;<\/p>\n<p><strong><a class=\"dt-pswp-item\" href=\"https:\/\/www.radiopiu.net\/wordpress\/wp-content\/uploads\/2022\/07\/23dd79d9-332d-4841-ae1d-88889b3865b6.jpg\" data-dt-img-description=\"\" data-large_image_width=\"768\" data-large_image_height=\"768\"><img loading=\"lazy\" decoding=\"async\" class=\" wp-image-285178 alignleft\" src=\"https:\/\/www.radiopiu.net\/wordpress\/wp-content\/uploads\/2022\/07\/23dd79d9-332d-4841-ae1d-88889b3865b6-150x150.jpg\" alt=\"\" width=\"98\" height=\"98\" srcset=\"https:\/\/www.radiopiu.net\/wordpress\/wp-content\/uploads\/2022\/07\/23dd79d9-332d-4841-ae1d-88889b3865b6-150x150.jpg 150w, https:\/\/www.radiopiu.net\/wordpress\/wp-content\/uploads\/2022\/07\/23dd79d9-332d-4841-ae1d-88889b3865b6-300x300.jpg 300w, https:\/\/www.radiopiu.net\/wordpress\/wp-content\/uploads\/2022\/07\/23dd79d9-332d-4841-ae1d-88889b3865b6.jpg 768w\" sizes=\"auto, (max-width: 98px) 100vw, 98px\" \/><\/a><\/strong><\/p>\n<p>&nbsp;<\/p>\n<p>&nbsp;<\/p>\n<p><strong>L&#8217;ASSESSORE REGIONALE GIANPAOLO BOTTACIN<\/strong><\/p>\n<audio class=\"wp-audio-shortcode\" id=\"audio-284776-2\" preload=\"none\" style=\"width: 100%;\" controls=\"controls\"><source type=\"audio\/mpeg\" src=\"https:\/\/www.radiopiu.net\/wordpress\/wp-content\/uploads\/2022\/07\/BOTTACIN-MARMOLADA.mp3?_=2\" \/><a href=\"https:\/\/www.radiopiu.net\/wordpress\/wp-content\/uploads\/2022\/07\/BOTTACIN-MARMOLADA.mp3\">https:\/\/www.radiopiu.net\/wordpress\/wp-content\/uploads\/2022\/07\/BOTTACIN-MARMOLADA.mp3<\/a><\/audio>\n<p>&nbsp;<\/p>\n<p><strong>ROBERTO PADRIN PRESIDENTE DELLA PROVINCIA<\/strong><\/p>\n<audio class=\"wp-audio-shortcode\" id=\"audio-284776-3\" preload=\"none\" style=\"width: 100%;\" controls=\"controls\"><source type=\"audio\/mpeg\" src=\"https:\/\/www.radiopiu.net\/wordpress\/wp-content\/uploads\/2022\/07\/PADRIN-MARMOLADA.mp3?_=3\" \/><a href=\"https:\/\/www.radiopiu.net\/wordpress\/wp-content\/uploads\/2022\/07\/PADRIN-MARMOLADA.mp3\">https:\/\/www.radiopiu.net\/wordpress\/wp-content\/uploads\/2022\/07\/PADRIN-MARMOLADA.mp3<\/a><\/audio>\n<p><strong>\u00a0<\/strong><\/p>\n<p><strong>IL SINDACO DI ROCCA PIETORE ANDREA DE BERNARDIN<\/strong><\/p>\n<audio class=\"wp-audio-shortcode\" id=\"audio-284776-4\" preload=\"none\" style=\"width: 100%;\" controls=\"controls\"><source type=\"audio\/mpeg\" src=\"https:\/\/www.radiopiu.net\/wordpress\/wp-content\/uploads\/2022\/07\/DE-BERNARDIN-MARMOLADA.mp3?_=4\" \/><a href=\"https:\/\/www.radiopiu.net\/wordpress\/wp-content\/uploads\/2022\/07\/DE-BERNARDIN-MARMOLADA.mp3\">https:\/\/www.radiopiu.net\/wordpress\/wp-content\/uploads\/2022\/07\/DE-BERNARDIN-MARMOLADA.mp3<\/a><\/audio>\n<p>&nbsp;<\/p>\n<p><strong>DALL&#8217;ULSS 1 DOLOMITI<\/strong><\/p>\n<p><strong>BELLUNO <\/strong><span style=\"font-family: Calibri, sans-serif;\"><span style=\"font-size: large;\">Nell\u2019ambito dell\u2019operazione di soccorso in Marmolada la Centrale Operativa 118 di Trento, competente per territorio, ha richiesto il supporto delle Centrali operative vicine, tra cui quella di Pieve di Cadore.\u00a0 <\/span><\/span><span style=\"font-family: Calibri, sans-serif;\"><span style=\"font-size: large;\">L\u2019ulss Dolomiti ha inviato sul posto l\u2019elisoccorso Falco da Belluno e Delta Echo, attivo dal 1 luglio, da Cortina, oltre all\u2019ambulanza di Rocca Pietore per i soccorsi via terra, con la regia del Coordinamento Regionale Emergenza Urgenza. <\/span><\/span><span style=\"font-family: Calibri, sans-serif;\"><span style=\"font-size: large;\">Falco ha poi trasportato due feriti in codice giallo (gravi ma non in pericolo di vita) all\u2019ospedale di Belluno. Delta Echo ha elitrasportato un paziente critico in codice rosso all\u2019ospedale di Treviso. <\/span><\/span><span style=\"font-family: Calibri, sans-serif;\"><span style=\"font-size: large;\">Sono in corso gli accertamenti sui due pazienti, un uomo e una donna stranieri, attualmente ricoverati all\u2019ospedale di Belluno. <\/span><\/span><span style=\"font-family: Calibri, sans-serif;\"><span style=\"font-size: large;\">I due elicotteri stanno rientrando alla base.<\/span><\/span><\/p>\n<p><strong>LUCA ZAIA PRESIDENTE DEL VENETO<\/strong><\/p>\n<p class=\"western\">\u201c<span style=\"font-size: medium;\">Quanto \u00e8 successo oggi sulla Marmolada \u00e8 una tragedia che ci tocca tutti e che ci colpisce profondamente. La macchina della Regione Veneto \u00e8 intervenuta con tutti i mezzi, gli operatori e i volontari possibili per portare in salvo i feriti, alcuni dei quali sono stati trasportati e presi in carico dalle nostre strutture ospedaliere. Continuo, soprattutto tramite la Protezione Civile e il Suem 118 regionale (i cui uomini e donne stanno dando il massimo, lavorando senza sosta), a seguire gli sviluppi di un incidente che si fa fatica ad accettare e a comprendere. Siamo vicini ai famigliari delle vittime di questa terribile domenica sulla Regina delle Dolomiti.\u201d<\/span><\/p>\n<p><strong>DARIO BOND<\/strong><\/p>\n<p>\u201cIn casi eccezionali, bisogna delimitare gli accessi alla montagna, a quelle zone gi\u00e0 di per s\u00e9 complesse come sono i ghiacciai alpini. Questi giorni rappresentano proprio l\u2019eccezione, con zero termico quasi a 5.000 metri e condizioni di sicurezza scarsissime per i sentieri nei pressi di un ghiacciaio. Esprimo il mio cordoglio per le vittime e ringrazio i soccorritori che si stanno prodigando per trovare altre persone rimaste sotto la valanga, e per mettere in sicurezza l\u2019area. Ci sono aree in montagna che risultano particolarmente ostiche, difficili, aspre. E come tali vanno approcciate\u201d.<\/p>\n<p><strong>ROGER DE MENECH, DEPUTATO PD<\/strong><\/p>\n<p>\u00abSulla Marmolada si sta consumando una tragedia immane. Ieri \u00e8 stato toccato il record di caldo<span class=\"Apple-converted-space\">\u00a0\u00a0<\/span>(oltre i dieci gradi centigradi) sulla cima pi\u00f9 alta delle Dolomiti. Sto seguendo con crescente apprensione l\u2019evolversi della situazione. Il mio primo pensiero \u00e8 per le famiglie delle vittime. Voglio dare il mio incoraggiamento e plauso al Soccorso Alpino e a tutti i soccorritori che in questa terribile giornata rappresentano il filo di speranza che ci tiene legati alla vita\u00bb.<\/p>\n<p><strong>ALESSANDRA MORETTI, EURODEPUTATA PD<\/strong><\/p>\n<p>\u00abUna tragedia terribile. Seguo in diretta con angoscia le notizie sul crollo della Marmolada che ha causato almeno sei morti. Sono vicina alle famiglie delle vittime in un momento di grande dolore e ringrazio i soccorritori per l\u2019abnegazione e il lavoro senza sosta\u00bb.<\/p>\n<p><strong>MARCO BUSSONE, PRESIDENTE UNCEM<\/strong><\/p>\n<p>&#8220;\u00c8 fragile la montagna. Il cambiamento climatico rende ancor pi\u00f9 fragile quello che era gi\u00f9 un corpo complesso, beni collettivi da proteggere. Lo abbiamo visto oggi ancora una volta oggi nel crollo sulla Marmolada. Sappiamo che frane di roccia e di ghiaccio vi saranno ancora. Gli ecosistemi si stanno infragilendo. Cos\u00ec le rocce anche per effetto della contrazione dei ghiacciai e della riduzione delle precipitazioni. Prevenire \u00e8 complesso. Sbagliato per\u00f2 dire che &#8216;la montagna uccide&#8217;. La crisi ecologica e ambientale che viviamo rende la montagna pi\u00f9 fragile, problema serio di una collettivit\u00e0, del nostro Paese, che non pu\u00f2 passare oltre. Uncem ringrazia soccorritori, volontari, forze dell&#8217;ordine al lavoro sulla Normale della Marmolada, sui versanti, negli ospedali in queste ore. Uncem si unisce alle famiglie delle vittime, con commozione&#8221;.<\/p>\n<p>&nbsp;<\/p>\n<p><strong>VIDEO IN RETE i due alpinisti sfiorati dai blocchi di ghiaccio e sassi. Si sono trovati ad un passo dal dramma, spaventati ma salvi.<\/strong><\/p>\n<div style=\"width: 848px;\" class=\"wp-video\"><video class=\"wp-video-shortcode\" id=\"video-284776-1\" width=\"848\" height=\"480\" preload=\"metadata\" controls=\"controls\"><source type=\"video\/mp4\" src=\"https:\/\/www.radiopiu.net\/wordpress\/wp-content\/uploads\/2022\/07\/WhatsApp-Video-2022-07-03-at-17.25.09.mp4?_=1\" \/><a href=\"https:\/\/www.radiopiu.net\/wordpress\/wp-content\/uploads\/2022\/07\/WhatsApp-Video-2022-07-03-at-17.25.09.mp4\">https:\/\/www.radiopiu.net\/wordpress\/wp-content\/uploads\/2022\/07\/WhatsApp-Video-2022-07-03-at-17.25.09.mp4<\/a><\/video><\/div>\n<p>&nbsp;<\/p>\n\n\t\t\t<style type='text\/css'>\n\t\t\t\t#gallery-1 {\n\t\t\t\t\tmargin: auto;\n\t\t\t\t}\n\t\t\t\t#gallery-1 .gallery-item {\n\t\t\t\t\tfloat: left;\n\t\t\t\t\tmargin-top: 10px;\n\t\t\t\t\ttext-align: center;\n\t\t\t\t\twidth: 25%;\n\t\t\t\t}\n\t\t\t\t#gallery-1 img {\n\t\t\t\t\tborder: 2px solid #cfcfcf;\n\t\t\t\t}\n\t\t\t\t#gallery-1 .gallery-caption {\n\t\t\t\t\tmargin-left: 0;\n\t\t\t\t}\n\t\t\t\t\/* see gallery_shortcode() in wp-includes\/media.php *\/\n\t\t\t<\/style>\n\t\t<div id='gallery-1' class='dt-gallery-container gallery galleryid-284776 gallery-columns-4 gallery-size-thumbnail'><dl class='gallery-item'>\n\t\t\t\t<dt class='gallery-icon landscape'>\n\t\t\t\t\t<a class=\"rollover rollover-zoom dt-pswp-item\" title=\"Foto Soccorso Alpino Marmolada 2\" data-dt-img-description=\"\" data-large_image_width=\"1600\" data-large_image_height=\"1200\"href='https:\/\/www.radiopiu.net\/wordpress\/wp-content\/uploads\/2022\/07\/Foto-Soccorso-Alpino-Marmolada-2.png'><img loading=\"lazy\" decoding=\"async\" width=\"150\" height=\"150\" src=\"https:\/\/www.radiopiu.net\/wordpress\/wp-content\/uploads\/2022\/07\/Foto-Soccorso-Alpino-Marmolada-2-150x150.png\" class=\"attachment-thumbnail size-thumbnail\" alt=\"\" \/><\/a>\n\t\t\t\t<\/dt><\/dl><dl class='gallery-item'>\n\t\t\t\t<dt class='gallery-icon landscape'>\n\t\t\t\t\t<a class=\"rollover rollover-zoom dt-pswp-item\" title=\"Foto Soccorso Alpino Marmolada 3 - Copia\" data-dt-img-description=\"\" data-large_image_width=\"1600\" data-large_image_height=\"1200\"href='https:\/\/www.radiopiu.net\/wordpress\/wp-content\/uploads\/2022\/07\/Foto-Soccorso-Alpino-Marmolada-3-Copia.png'><img loading=\"lazy\" decoding=\"async\" width=\"150\" height=\"150\" src=\"https:\/\/www.radiopiu.net\/wordpress\/wp-content\/uploads\/2022\/07\/Foto-Soccorso-Alpino-Marmolada-3-Copia-150x150.png\" class=\"attachment-thumbnail size-thumbnail\" alt=\"\" \/><\/a>\n\t\t\t\t<\/dt><\/dl><dl class='gallery-item'>\n\t\t\t\t<dt class='gallery-icon landscape'>\n\t\t\t\t\t<a class=\"rollover rollover-zoom dt-pswp-item\" title=\"Foto Soccorso Alpino Marmolada 3\" data-dt-img-description=\"\" data-large_image_width=\"1600\" data-large_image_height=\"1200\"href='https:\/\/www.radiopiu.net\/wordpress\/wp-content\/uploads\/2022\/07\/Foto-Soccorso-Alpino-Marmolada-3.png'><img loading=\"lazy\" decoding=\"async\" width=\"150\" height=\"150\" src=\"https:\/\/www.radiopiu.net\/wordpress\/wp-content\/uploads\/2022\/07\/Foto-Soccorso-Alpino-Marmolada-3-150x150.png\" class=\"attachment-thumbnail size-thumbnail\" alt=\"\" \/><\/a>\n\t\t\t\t<\/dt><\/dl><dl class='gallery-item'>\n\t\t\t\t<dt class='gallery-icon landscape'>\n\t\t\t\t\t<a class=\"rollover rollover-zoom dt-pswp-item\" title=\"Foto Soccorso Alpino Marmolada 4\" data-dt-img-description=\"\" data-large_image_width=\"1600\" data-large_image_height=\"1200\"href='https:\/\/www.radiopiu.net\/wordpress\/wp-content\/uploads\/2022\/07\/Foto-Soccorso-Alpino-Marmolada-4.png'><img loading=\"lazy\" decoding=\"async\" width=\"150\" height=\"150\" src=\"https:\/\/www.radiopiu.net\/wordpress\/wp-content\/uploads\/2022\/07\/Foto-Soccorso-Alpino-Marmolada-4-150x150.png\" class=\"attachment-thumbnail size-thumbnail\" alt=\"\" \/><\/a>\n\t\t\t\t<\/dt><\/dl><br style=\"clear: both\" \/><dl class='gallery-item'>\n\t\t\t\t<dt class='gallery-icon landscape'>\n\t\t\t\t\t<a class=\"rollover rollover-zoom dt-pswp-item\" title=\"Foto Soccorso Alpino Marmolada 5\" data-dt-img-description=\"\" data-large_image_width=\"1600\" data-large_image_height=\"1200\"href='https:\/\/www.radiopiu.net\/wordpress\/wp-content\/uploads\/2022\/07\/Foto-Soccorso-Alpino-Marmolada-5.png'><img loading=\"lazy\" decoding=\"async\" width=\"150\" height=\"150\" src=\"https:\/\/www.radiopiu.net\/wordpress\/wp-content\/uploads\/2022\/07\/Foto-Soccorso-Alpino-Marmolada-5-150x150.png\" class=\"attachment-thumbnail size-thumbnail\" alt=\"\" \/><\/a>\n\t\t\t\t<\/dt><\/dl><dl class='gallery-item'>\n\t\t\t\t<dt class='gallery-icon landscape'>\n\t\t\t\t\t<a class=\"rollover rollover-zoom dt-pswp-item\" title=\"Foto Soccorso Alpino Marmolada 6\" data-dt-img-description=\"\" data-large_image_width=\"1600\" data-large_image_height=\"1200\"href='https:\/\/www.radiopiu.net\/wordpress\/wp-content\/uploads\/2022\/07\/Foto-Soccorso-Alpino-Marmolada-6.png'><img loading=\"lazy\" decoding=\"async\" width=\"150\" height=\"150\" src=\"https:\/\/www.radiopiu.net\/wordpress\/wp-content\/uploads\/2022\/07\/Foto-Soccorso-Alpino-Marmolada-6-150x150.png\" class=\"attachment-thumbnail size-thumbnail\" alt=\"\" \/><\/a>\n\t\t\t\t<\/dt><\/dl><dl class='gallery-item'>\n\t\t\t\t<dt class='gallery-icon landscape'>\n\t\t\t\t\t<a class=\"rollover rollover-zoom dt-pswp-item\" title=\"Foto Soccorso Alpino Marmolada 7\" data-dt-img-description=\"\" data-large_image_width=\"1600\" data-large_image_height=\"1200\"href='https:\/\/www.radiopiu.net\/wordpress\/wp-content\/uploads\/2022\/07\/Foto-Soccorso-Alpino-Marmolada-7.png'><img loading=\"lazy\" decoding=\"async\" width=\"150\" height=\"150\" src=\"https:\/\/www.radiopiu.net\/wordpress\/wp-content\/uploads\/2022\/07\/Foto-Soccorso-Alpino-Marmolada-7-150x150.png\" class=\"attachment-thumbnail size-thumbnail\" alt=\"\" \/><\/a>\n\t\t\t\t<\/dt><\/dl><dl class='gallery-item'>\n\t\t\t\t<dt class='gallery-icon landscape'>\n\t\t\t\t\t<a class=\"rollover rollover-zoom dt-pswp-item\" title=\"Foto Soccorso Alpino Marmolada 1\" data-dt-img-description=\"\" data-large_image_width=\"1600\" data-large_image_height=\"1200\"href='https:\/\/www.radiopiu.net\/wordpress\/wp-content\/uploads\/2022\/07\/Foto-Soccorso-Alpino-Marmolada-1.png'><img loading=\"lazy\" decoding=\"async\" width=\"150\" height=\"150\" src=\"https:\/\/www.radiopiu.net\/wordpress\/wp-content\/uploads\/2022\/07\/Foto-Soccorso-Alpino-Marmolada-1-150x150.png\" class=\"attachment-thumbnail size-thumbnail\" alt=\"\" \/><\/a>\n\t\t\t\t<\/dt><\/dl><br style=\"clear: both\" \/>\n\t\t\t<\/div>\n\n\n\t\t\t<style type='text\/css'>\n\t\t\t\t#gallery-2 {\n\t\t\t\t\tmargin: auto;\n\t\t\t\t}\n\t\t\t\t#gallery-2 .gallery-item {\n\t\t\t\t\tfloat: left;\n\t\t\t\t\tmargin-top: 10px;\n\t\t\t\t\ttext-align: center;\n\t\t\t\t\twidth: 50%;\n\t\t\t\t}\n\t\t\t\t#gallery-2 img {\n\t\t\t\t\tborder: 2px solid #cfcfcf;\n\t\t\t\t}\n\t\t\t\t#gallery-2 .gallery-caption {\n\t\t\t\t\tmargin-left: 0;\n\t\t\t\t}\n\t\t\t\t\/* see gallery_shortcode() in wp-includes\/media.php *\/\n\t\t\t<\/style>\n\t\t<div id='gallery-2' class='dt-gallery-container gallery galleryid-284776 gallery-columns-2 gallery-size-thumbnail'><dl class='gallery-item'>\n\t\t\t\t<dt class='gallery-icon landscape'>\n\t\t\t\t\t<a class=\"rollover rollover-zoom dt-pswp-item\" title=\"734224fb-f7e4-4bba-973d-06d3bcfcc07b\" data-dt-img-description=\"\" data-large_image_width=\"1600\" data-large_image_height=\"922\"href='https:\/\/www.radiopiu.net\/wordpress\/wp-content\/uploads\/2022\/07\/734224fb-f7e4-4bba-973d-06d3bcfcc07b.jpg'><img loading=\"lazy\" decoding=\"async\" width=\"150\" height=\"150\" src=\"https:\/\/www.radiopiu.net\/wordpress\/wp-content\/uploads\/2022\/07\/734224fb-f7e4-4bba-973d-06d3bcfcc07b-150x150.jpg\" class=\"attachment-thumbnail size-thumbnail\" alt=\"\" aria-describedby=\"gallery-2-285035\" \/><\/a>\n\t\t\t\t<\/dt>\n\t\t\t\t\t<dd class='wp-caption-text gallery-caption' id='gallery-2-285035'>\n\t\t\t\t\tPRIMA DELLA VALANGA\n\t\t\t\t\t<\/dd><\/dl><dl class='gallery-item'>\n\t\t\t\t<dt class='gallery-icon landscape'>\n\t\t\t\t\t<a class=\"rollover rollover-zoom dt-pswp-item\" title=\"4b6ae40f-e258-4486-8f43-b23861232f66\" data-dt-img-description=\"\" data-large_image_width=\"1600\" data-large_image_height=\"922\"href='https:\/\/www.radiopiu.net\/wordpress\/wp-content\/uploads\/2022\/07\/4b6ae40f-e258-4486-8f43-b23861232f66.jpg'><img loading=\"lazy\" decoding=\"async\" width=\"150\" height=\"150\" src=\"https:\/\/www.radiopiu.net\/wordpress\/wp-content\/uploads\/2022\/07\/4b6ae40f-e258-4486-8f43-b23861232f66-150x150.jpg\" class=\"attachment-thumbnail size-thumbnail\" alt=\"\" aria-describedby=\"gallery-2-285036\" \/><\/a>\n\t\t\t\t<\/dt>\n\t\t\t\t\t<dd class='wp-caption-text gallery-caption' id='gallery-2-285036'>\n\t\t\t\t\tDOPO LA VALANGA\n\t\t\t\t\t<\/dd><\/dl><br style=\"clear: both\" \/>\n\t\t\t<\/div>\n\n<p>&nbsp;<\/p>\n<hr \/>\n<p>&nbsp;<\/p>\n<h2 style=\"text-align: center;\"><span style=\"color: #ff0000;\">UN FINE SETTIMANA IMPEGNATIVO PER IL SOCCORSO ALPINO<\/span><\/h2>\n<blockquote>\n<h3>PERDE LA TRACCIA E RIMANE INCRODATO, RECUPERATO DAL SOCCORSO ALPINO<\/h3>\n<\/blockquote>\n<p><strong><a class=\"dt-pswp-item\" href=\"https:\/\/www.radiopiu.net\/wordpress\/wp-content\/uploads\/2022\/07\/SALT.png\" data-dt-img-description=\"\" data-large_image_width=\"1432\" data-large_image_height=\"908\"><img loading=\"lazy\" decoding=\"async\" class=\" wp-image-284853 alignleft\" src=\"https:\/\/www.radiopiu.net\/wordpress\/wp-content\/uploads\/2022\/07\/SALT-150x150.png\" alt=\"\" width=\"105\" height=\"105\" \/><\/a>CORTINA<\/strong> Verso le 9.20 di sabato la Centrale del Suem \u00e8 stata allertata da un escursionista che, partito dal Rifugio Giussani per raggiungere la cima della Tofana di Rozes, lungo la normale aveva perso la traccia spostandosi sempre pi\u00f9 verso sinistra, fino a rimanere incrodato, impossibilitato a tornare sui propri passi. In aiuto di A.D.F., 59 anni, di Vodo di Cadore (BL), \u00e8 intervenuto l&#8217;elicottero di Dolomiti Emergency di Cortina. Una volta individuato a circa 3mila metri di quota, il tecnico di elisoccorso lo ha recuperato con un verricello di 30 metri. L&#8217;uomo, che era illeso, \u00e8 stato lasciato al Giussani.<\/p>\n<p>&nbsp;<\/p>\n<blockquote>\n<h3 class=\"entry-title\">MANCATO RIENTRO A CASA PER UN GIOVANE DI VOLTAGO, RITROVATO IN UN TABIA\u2019<\/h3>\n<\/blockquote>\n<p><strong class=\"photoswipe-wrapper\"><a class=\"dt-pswp-item pspw-wrap-ready\" href=\"https:\/\/www.radiopiu.net\/wordpress\/wp-content\/uploads\/2018\/08\/soccorsoalpino.jpg\" data-dt-img-description=\"\" data-large_image_width=\"1200\" data-large_image_height=\"1200\"><img loading=\"lazy\" decoding=\"async\" class=\" wp-image-59164 alignleft\" src=\"https:\/\/www.radiopiu.net\/wordpress\/wp-content\/uploads\/2018\/08\/soccorsoalpino-150x150.jpg\" sizes=\"auto, (max-width: 89px) 100vw, 89px\" srcset=\"https:\/\/www.radiopiu.net\/wordpress\/wp-content\/uploads\/2018\/08\/soccorsoalpino-150x150.jpg 150w, https:\/\/www.radiopiu.net\/wordpress\/wp-content\/uploads\/2018\/08\/soccorsoalpino-300x300.jpg 300w, https:\/\/www.radiopiu.net\/wordpress\/wp-content\/uploads\/2018\/08\/soccorsoalpino-768x768.jpg 768w, https:\/\/www.radiopiu.net\/wordpress\/wp-content\/uploads\/2018\/08\/soccorsoalpino-1024x1024.jpg 1024w, https:\/\/www.radiopiu.net\/wordpress\/wp-content\/uploads\/2018\/08\/soccorsoalpino.jpg 1200w\" alt=\"\" width=\"89\" height=\"89\" \/><\/a>VOLTAGO<\/strong> Sabato mattina alle 9.20 circa la Centrale del 118 ha allertato il Soccorso alpino di Agordo, a seguito della chiamata della sorella di un 22enne di Voltago Agordino (BL), che mancava da casa al momento del risveglio della famiglia. Mentre partiva la ricerca nella zona attorno a Frassen\u00e8, da parte dei soccorritori, dei Carabinieri e dei Vigili del fuoco, fortunatamente un amico lo ha rintracciato poco distante in un tabi\u00e0 e l\u2019allarme \u00e8 rientrato.<\/p>\n<p>&nbsp;<\/p>\n<p>&nbsp;<\/p>\n<blockquote>\n<h3 class=\"entry-title\">CADE E SI FA MALE SUL SENTIERO CHE PORTA AL RIFUGIO SEMENZA<\/h3>\n<\/blockquote>\n<p><strong>TAMBRE\u00a0<\/strong> Alle 11.15 di sabato circa l\u2019elicottero del Suem di Pieve di Cadore \u00e8 stato inviato dalla Centrale del Suem a Tambre, lungo il sentiero numero 926 che sale verso il Rifugio Semenza, in quanto un escursionista trevigiano, G.Z., di 73 anni, era caduto facendosi male, l\u2019allarme lanciato da alcuni passanti che erano poi usciti dal bosco per farsi individuate dall\u2019equipaggio in arrivo. Sbarcati in hovering, equipe medica e tecnico di elisoccorso sono scesi per circa 200 metri e hanno prestato le prime cure all\u2019uomo, per possibili traumi alla spalla e alla colonna. Recuperato con un verricello di 30 metri, l\u2019infortunato \u00e8 stato trasportato all\u2019ospedale di Belluno.<\/p>\n<p>&nbsp;<\/p>\n<blockquote>\n<h3 class=\"entry-title\">COLPITO ALLA GAMBA DA UN SASSO<\/h3>\n<\/blockquote>\n<p><strong>CALALZO<\/strong> \u00a0Nella tarda mattinata di sabato \u00e8 scattato l\u2019allarme per un escursionista colpito alla caviglia da un sasso caduto dall\u2019alto, mentre con due compagni si stava percorrendo il Sentiero degli alpini verso l\u2019attacco della Ferrata del Giau della Tana, sulle Marmarole, nel comune di Calalzo di Cadore. C.P., 51 anni, di San Vito di Cadore (BL), \u00e8 stato raggiunto da medico, infermiere e tecnico di elisoccorso, sbarcati in hovering nelle vicinanze dall\u2019eliambulanza di Dolomiti Emergency. Prestate le prime cure, l\u2019uomo \u00e8 stato issato a bordo con un verricello di 20 metri e accompagnato all\u2019ospedale di Cortina.<\/p>\n<p>&nbsp;<\/p>\n<blockquote>\n<h3 class=\"entry-title\">SHOCK ANAFILATTICO PER UN ESCURSIONISTA PUNTO DA UN INSETTO<\/h3>\n<\/blockquote>\n<p><strong>VENAS DI CADORE<\/strong>\u00a0 Sabato l\u2019elicottero di Cortina \u00e8 stato mandato sopra l\u2019abitato di Venas di Cadore. Mentre stava guidando in compagnia lungo una strada sterrata infatti, un uomo era stato punto da un insetto, iniziando a manifestare sintomi da shock anafilattico e riuscendo a fermare l\u2019auto. Calati con una trentina di metri di verricello, equipe medica e tecnico di elisoccorso lo hanno preso in carico e assistito, per poi caricarlo a bordo e portarlo all\u2019ospedale di Cortina per le verifiche del caso.<\/p>\n<p>&nbsp;<\/p>\n<blockquote>\n<h3>ATTACCO DI PANICO SOPRA AURONZO DI CADORE<\/h3>\n<\/blockquote>\n<p><strong>AURONZO DI CADORE<\/strong> Sabato alle 14.40 circa l&#8217;elicottero del Suem di Pieve di Cadore \u00e8 intervenuto sulle Marmarole, nel territorio di Autonzo di Cadore (BL), precisamente all&#8217;altezza della Forcella del Mescol, dove, in un tratto ripido e scosceso, si trovava un turista tedesco bloccato da una crisi di panico. M.H., di 32 anni, che stava percorrendo da solo il sentiero, non era infatti pi\u00f9 in grado di proseguire, n\u00e9 di tornare sui propri passi nel punto esposto. Sbarcato in hovering nelle vicinanze, il tecnico di elisoccorso lo ha raggiunto e aiutato a spostarsi fino al luogo dell&#8217;imbarco. L&#8217;escursionista \u00e8 stato poi lasciato a Palus San Marco.<\/p>\n<p>&nbsp;<\/p>\n<blockquote>\n<h3>RECUPERATO UN ALPINISTA SOSPESO NEL VUOTO<\/h3>\n<\/blockquote>\n<p><strong>VAL DI ZOLDO<\/strong> L&#8217;elimbulanza \u00e8 stata inviata sabato nel Gruppo del Bosconero, Val di Zoldo, per una cordata in difficolt\u00e0. Durante la calata dalla Via Strobel sulla Rocchetta di Bosconero, un alpinista, P.B., 60 anni, di Mareno di Piave (TV), era rimasto sospeso nel vuoto a circa 50 metri da terra, mentre il compagno era fermo in sosta 60 metri pi\u00f9 sopra. Ci sono voluti 94 metri di verricello per calare il tecnico di elisoccorso all&#8217;altezza dello scalatore, lontano 5 metri dalla parete, che, una volta agganciato, \u00e8 stato svincolato dalle corde e issato a bordo.<\/p>\n\n\t\t\t<style type='text\/css'>\n\t\t\t\t#gallery-3 {\n\t\t\t\t\tmargin: auto;\n\t\t\t\t}\n\t\t\t\t#gallery-3 .gallery-item {\n\t\t\t\t\tfloat: left;\n\t\t\t\t\tmargin-top: 10px;\n\t\t\t\t\ttext-align: center;\n\t\t\t\t\twidth: 50%;\n\t\t\t\t}\n\t\t\t\t#gallery-3 img {\n\t\t\t\t\tborder: 2px solid #cfcfcf;\n\t\t\t\t}\n\t\t\t\t#gallery-3 .gallery-caption {\n\t\t\t\t\tmargin-left: 0;\n\t\t\t\t}\n\t\t\t\t\/* see gallery_shortcode() in wp-includes\/media.php *\/\n\t\t\t<\/style>\n\t\t<div id='gallery-3' class='dt-gallery-container gallery galleryid-284776 gallery-columns-2 gallery-size-thumbnail'><dl class='gallery-item'>\n\t\t\t\t<dt class='gallery-icon portrait'>\n\t\t\t\t\t<a class=\"rollover rollover-zoom dt-pswp-item\" title=\"salt_20220702_181505_049\" data-dt-img-description=\"\" data-large_image_width=\"1773\" data-large_image_height=\"2364\"href='https:\/\/www.radiopiu.net\/wordpress\/wp-content\/uploads\/2022\/07\/salt_20220702_181505_049.jpg'><img loading=\"lazy\" decoding=\"async\" width=\"150\" height=\"150\" src=\"https:\/\/www.radiopiu.net\/wordpress\/wp-content\/uploads\/2022\/07\/salt_20220702_181505_049-150x150.jpg\" class=\"attachment-thumbnail size-thumbnail\" alt=\"\" \/><\/a>\n\t\t\t\t<\/dt><\/dl><dl class='gallery-item'>\n\t\t\t\t<dt class='gallery-icon landscape'>\n\t\t\t\t\t<a class=\"rollover rollover-zoom dt-pswp-item\" title=\"salt_20220702_181321_070\" data-dt-img-description=\"\" data-large_image_width=\"2364\" data-large_image_height=\"1773\"href='https:\/\/www.radiopiu.net\/wordpress\/wp-content\/uploads\/2022\/07\/salt_20220702_181321_070.jpg'><img loading=\"lazy\" decoding=\"async\" width=\"150\" height=\"150\" src=\"https:\/\/www.radiopiu.net\/wordpress\/wp-content\/uploads\/2022\/07\/salt_20220702_181321_070-150x150.jpg\" class=\"attachment-thumbnail size-thumbnail\" alt=\"\" \/><\/a>\n\t\t\t\t<\/dt><\/dl><br style=\"clear: both\" \/>\n\t\t\t<\/div>\n\n<p>&nbsp;<\/p>\n<blockquote>\n<h3>MALORE NEI PRESSI DEL LAGO DI FOSSES<\/h3>\n<\/blockquote>\n<p><strong>CORTINA<\/strong> Alle 15 circa di sabato \u00e8 scattata un&#8217;altra emergenza per una turista tedesca colta da malore nei pressi del Lago Fosses a Cortina. Atterrati poco distante, equipe medica e tecnico di elisoccorso dell&#8217;eliambulanza di Dolomiti Emergency hanno valutato le condizioni della donna, che \u00e8 stata imbarcata e trasportata all&#8217;ospedale di Belluno per i dovuti accertamenti.<\/p>\n<p>&nbsp;<\/p>\n<blockquote>\n<h3>INTERVENTO AL RIFUGIO SONINO AL COLDAI<\/h3>\n<\/blockquote>\n<p><strong>VAL DI ZOLDO<\/strong> Sabato pomeriggio alle 18.40 circa l&#8217;elicottero del Suem di Pieve di Cadore \u00e8 volato al Rifugio Sonino al Coldai, per un&#8217;escursionista che si era sentita male, probabilmente per un colpo di calore. La 55enne di San Fior (TV), \u00e8 stata valutata dal medico, per essere poi imbarcata e trsportata all&#8217;ospedale di Belluno per gli opportuni approfondimenti.<\/p>\n<p>&nbsp;<\/p>\n<blockquote>\n<h3>RECUPERATO UN CICLISTA STRANIERO IN VAL FOGARE&#8217;. ERA PARTITO DA CORTINA CON LA SUA E-BIKE<\/h3>\n<\/blockquote>\n<p><strong>SEDICO<\/strong> Escono per una semplice perdita di orientamento sopra la statale agordina e si trovano a dover affrontare tutt&#8217;altro intervento. Sabato verso le 19 il Soccorso alpino di Belluno \u00e8 stato attivato dalla Centrale del Suem, per un ciclista tedesco illeso, che non sapeva pi\u00f9 dove si trovava ed era bloccato con la sua mountain bike. Dalla posizione ricevuta e passata alla squadra in uscita, risultava essere una cinquantina di metri sopra le case della statale agordina, dopo la grande curva che esce da Peron di Sedico all&#8217;imbocco della valle. I soccorritori hanno quindi preso una vecchia strada romana pensando di incrociarlo dopo poco, ma, una volta sul punto, non lo hanno trovato. Tramite cellulare hanno tentato di capire dove fosse, dopo averlo chiamato a voce senza ricevere risposta. Tra i vari tentativi di risalire a una posizione pi\u00f9 precisa, tramite un messaggio Whatsapp \u00e8 poi risultato che in realt\u00e0 era pi\u00f9 a nord dalla parte opposta della vallata, di fronte alla Stanga, all&#8217;interno della Val Fogar\u00e8. Facendo arrivare altri soccorritori di rinforzo, il fuoristrada \u00e8 tornato indietro per avvicinarsi da San Gottardo sull&#8217;altro versante, trovando la sbarra chiusa sui prati di Salet. Nell&#8217;attesa che venisse aperta, ormai prossimo il buio, dopo aver ricevuto dall&#8217;uomo, un 53enne di Wallersdorf, alcune foto che confermavano la zona nei Monti del Sole, tre soccorritori si sono fatti accompagnare davanti alla Stanga, in un tratto dove le acque del Cordevole sono pi\u00f9 basse, e hanno guadato il torrente. Entrati poi nella Val Fogar\u00e8, la squadra ha salito 200 metri di dislivello lungo tracce incerte e scarsamente segnalate, finch\u00e9 lo ha trovato. A questo punto l&#8217;uomo ha chiesto ai soccorritori di aiutarlo a recuperare la bici e li ha quindi guidati fino in fondo alla valle, lungo una traccia esposta, ripida, in discesa verso il greto. Quando si sono trovati di fronte alla pesante bici elettrica, i soccorritori non hanno potuto far altro che smontare la batteria, caricarsi ognuno una parte e percorrere a ritroso il sentiero. Ritornati sul Cordevole all&#8217;altezza di Candaten, un soccorritore \u00e8 tornati verso Salet a recuperare la jeep, in tre hanno nuovamente attraversato il torrente assieme all&#8217;uomo e alla sua bicicletta. Tornati sulla statale, sono stati caricati a bordo e trasportati fino alla Stanga passate le 23. Ringraziamo i gestori del ristorante rimasto aperto appositamente, che hanno offerto ristoro ai soccorritori. L&#8217;uomo, dopo aver rifiutato di essere accompagnato in ospedale per accertamenti, si \u00e8 fermato alla Stanga. Partito al mattino in bicicletta con l&#8217;intenzione di raggiungere Feltre, dopo essere sceso da Alleghe e aver superato Agordo, aveva deciso di prendere la Strada degli ospizi, uno dei sentieri tematici del Parco, probabilmente pensando a una variante. Dal sentiero per\u00f2, forse seguendo dei segnali rossi e gialli pi\u00f9 evidenti che portano all&#8217;interno, si era perso dentro la Val Fogar\u00e8.<\/p>\n<p>&nbsp;<\/p>\n\n\t\t\t<style type='text\/css'>\n\t\t\t\t#gallery-4 {\n\t\t\t\t\tmargin: auto;\n\t\t\t\t}\n\t\t\t\t#gallery-4 .gallery-item {\n\t\t\t\t\tfloat: left;\n\t\t\t\t\tmargin-top: 10px;\n\t\t\t\t\ttext-align: center;\n\t\t\t\t\twidth: 50%;\n\t\t\t\t}\n\t\t\t\t#gallery-4 img {\n\t\t\t\t\tborder: 2px solid #cfcfcf;\n\t\t\t\t}\n\t\t\t\t#gallery-4 .gallery-caption {\n\t\t\t\t\tmargin-left: 0;\n\t\t\t\t}\n\t\t\t\t\/* see gallery_shortcode() in wp-includes\/media.php *\/\n\t\t\t<\/style>\n\t\t<div id='gallery-4' class='dt-gallery-container gallery galleryid-284776 gallery-columns-2 gallery-size-thumbnail'><dl class='gallery-item'>\n\t\t\t\t<dt class='gallery-icon landscape'>\n\t\t\t\t\t<a class=\"rollover rollover-zoom dt-pswp-item\" title=\"salt_20220703_104530_499\" data-dt-img-description=\"\" data-large_image_width=\"2364\" data-large_image_height=\"1773\"href='https:\/\/www.radiopiu.net\/wordpress\/wp-content\/uploads\/2022\/07\/salt_20220703_104530_499.jpg'><img loading=\"lazy\" decoding=\"async\" width=\"150\" height=\"150\" src=\"https:\/\/www.radiopiu.net\/wordpress\/wp-content\/uploads\/2022\/07\/salt_20220703_104530_499-150x150.jpg\" class=\"attachment-thumbnail size-thumbnail\" alt=\"\" \/><\/a>\n\t\t\t\t<\/dt><\/dl><dl class='gallery-item'>\n\t\t\t\t<dt class='gallery-icon landscape'>\n\t\t\t\t\t<a class=\"rollover rollover-zoom dt-pswp-item\" title=\"salt_20220703_104521_121\" data-dt-img-description=\"\" data-large_image_width=\"2364\" data-large_image_height=\"1773\"href='https:\/\/www.radiopiu.net\/wordpress\/wp-content\/uploads\/2022\/07\/salt_20220703_104521_121.jpg'><img loading=\"lazy\" decoding=\"async\" width=\"150\" height=\"150\" src=\"https:\/\/www.radiopiu.net\/wordpress\/wp-content\/uploads\/2022\/07\/salt_20220703_104521_121-150x150.jpg\" class=\"attachment-thumbnail size-thumbnail\" alt=\"\" \/><\/a>\n\t\t\t\t<\/dt><\/dl><br style=\"clear: both\" \/>\n\t\t\t<\/div>\n\n<p>&nbsp;<\/p>\n<blockquote>\n<h3>SOCCORSO UN PESCATORE SUL CORDEVOLE<\/h3>\n<\/blockquote>\n<p><strong><a class=\"dt-pswp-item\" href=\"https:\/\/www.radiopiu.net\/wordpress\/wp-content\/uploads\/2022\/04\/Gara-pesca-a-spinning-a-squadre-trota-fario.jpg\" data-dt-img-description=\"\" data-large_image_width=\"1599\" data-large_image_height=\"1200\"><img loading=\"lazy\" decoding=\"async\" class=\" wp-image-271818 alignleft\" src=\"https:\/\/www.radiopiu.net\/wordpress\/wp-content\/uploads\/2022\/04\/Gara-pesca-a-spinning-a-squadre-trota-fario-150x150.jpg\" alt=\"\" width=\"113\" height=\"113\" \/><\/a>CENCENIGHE<\/strong> Ieri mattina alle 8.15 la Centrale del Suem ha allertato il Soccorso alpino di Alleghe, per intervenire in supporto all&#8217;ambulanza, a seguito dell&#8217;infortunio di un pescatore, che stava partecipando a una gara di pesca lungo il Cordevole, in localit\u00e0 Saviner. Poich\u00e9 quel tratto del greto \u00e8 fiancheggiato da un&#8217;alta scogliera, dopo aver raggiunto M.C., 62 anni, di Cencenighe (BL), che aveva riportato un probabile trauma alla ginocchio, i soccorriori, dopo avergli prestato le prime cure, lo hanno trasportato dall&#8217;altra parte del torrente in un punto dove \u00e8 potuta arrivare l&#8217;ambulanza, che lo ha caricato a bordo per accompagnarlo all&#8217;ospedale.<\/p>\n<p>&nbsp;<\/p>\n<blockquote>\n<h3 class=\"entry-title\">BIMBA SI INFORTUNA ALL\u2019EREMO DEI ROMITI<\/h3>\n<\/blockquote>\n<p><strong>DOMEGGE DI CADORE<\/strong>\u00a0Attorno alle 13 il Soccorso alpino del Centro Cadore \u00e8 stato attivato per una bimba di 8 anni di Vittorio Veneto (TV), che si era fatta male a un braccio, mentre si trovava nei pressi dall\u2019Eremo dei Romiti. Una squadra \u00e8 salita in fuoristrada e ha provveduto a stabilizzare il braccio della bambina, a seguito di una possibile frattura riportata. La bimba e il pap\u00e0 sono quindi stati accompagnati in localit\u00e0 Navarre, da dove si sono recati autonomamente al pronto soccorso.<\/p>\n<p>&nbsp;<\/p>\n<hr \/>\n<p>&nbsp;<\/p>\n<blockquote>\n<h3>INAUGURATA LA SCHOLA DEI BATTUTI A VALLADA<\/h3>\n<\/blockquote>\n<p><strong>VALLADA<\/strong><\/p>\n<p>Di Gianni Santomaso<\/p>\n<audio class=\"wp-audio-shortcode\" id=\"audio-284776-5\" preload=\"none\" style=\"width: 100%;\" controls=\"controls\"><source type=\"audio\/mpeg\" src=\"https:\/\/www.radiopiu.net\/wordpress\/wp-content\/uploads\/2022\/07\/GIANNI-INAUGURAZIONE-SCHOLA-BATTUTI.mp3?_=5\" \/><a href=\"https:\/\/www.radiopiu.net\/wordpress\/wp-content\/uploads\/2022\/07\/GIANNI-INAUGURAZIONE-SCHOLA-BATTUTI.mp3\">https:\/\/www.radiopiu.net\/wordpress\/wp-content\/uploads\/2022\/07\/GIANNI-INAUGURAZIONE-SCHOLA-BATTUTI.mp3<\/a><\/audio>\n<p>&nbsp;<\/p>\n\n\t\t\t<style type='text\/css'>\n\t\t\t\t#gallery-5 {\n\t\t\t\t\tmargin: auto;\n\t\t\t\t}\n\t\t\t\t#gallery-5 .gallery-item {\n\t\t\t\t\tfloat: left;\n\t\t\t\t\tmargin-top: 10px;\n\t\t\t\t\ttext-align: center;\n\t\t\t\t\twidth: 25%;\n\t\t\t\t}\n\t\t\t\t#gallery-5 img {\n\t\t\t\t\tborder: 2px solid #cfcfcf;\n\t\t\t\t}\n\t\t\t\t#gallery-5 .gallery-caption {\n\t\t\t\t\tmargin-left: 0;\n\t\t\t\t}\n\t\t\t\t\/* see gallery_shortcode() in wp-includes\/media.php *\/\n\t\t\t<\/style>\n\t\t<div id='gallery-5' class='dt-gallery-container gallery galleryid-284776 gallery-columns-4 gallery-size-thumbnail'><dl class='gallery-item'>\n\t\t\t\t<dt class='gallery-icon portrait'>\n\t\t\t\t\t<a class=\"rollover rollover-zoom dt-pswp-item\" title=\"94af5b0f-15b5-4671-8e41-27f2159e9704\" data-dt-img-description=\"\" data-large_image_width=\"901\" data-large_image_height=\"1600\"href='https:\/\/www.radiopiu.net\/wordpress\/wp-content\/uploads\/2022\/07\/94af5b0f-15b5-4671-8e41-27f2159e9704.jpg'><img loading=\"lazy\" decoding=\"async\" width=\"150\" height=\"150\" src=\"https:\/\/www.radiopiu.net\/wordpress\/wp-content\/uploads\/2022\/07\/94af5b0f-15b5-4671-8e41-27f2159e9704-150x150.jpg\" class=\"attachment-thumbnail size-thumbnail\" alt=\"\" \/><\/a>\n\t\t\t\t<\/dt><\/dl><dl class='gallery-item'>\n\t\t\t\t<dt class='gallery-icon landscape'>\n\t\t\t\t\t<a class=\"rollover rollover-zoom dt-pswp-item\" title=\"358b73e0-7cb9-436d-894f-6934315fc18a\" data-dt-img-description=\"\" data-large_image_width=\"2048\" data-large_image_height=\"1154\"href='https:\/\/www.radiopiu.net\/wordpress\/wp-content\/uploads\/2022\/07\/358b73e0-7cb9-436d-894f-6934315fc18a.jpg'><img loading=\"lazy\" decoding=\"async\" width=\"150\" height=\"150\" src=\"https:\/\/www.radiopiu.net\/wordpress\/wp-content\/uploads\/2022\/07\/358b73e0-7cb9-436d-894f-6934315fc18a-150x150.jpg\" class=\"attachment-thumbnail size-thumbnail\" alt=\"\" \/><\/a>\n\t\t\t\t<\/dt><\/dl><dl class='gallery-item'>\n\t\t\t\t<dt class='gallery-icon landscape'>\n\t\t\t\t\t<a class=\"rollover rollover-zoom dt-pswp-item\" title=\"05cede42-11e9-4309-b1ba-c224b282e68f\" data-dt-img-description=\"\" data-large_image_width=\"1600\" data-large_image_height=\"901\"href='https:\/\/www.radiopiu.net\/wordpress\/wp-content\/uploads\/2022\/07\/05cede42-11e9-4309-b1ba-c224b282e68f.jpg'><img loading=\"lazy\" decoding=\"async\" width=\"150\" height=\"150\" src=\"https:\/\/www.radiopiu.net\/wordpress\/wp-content\/uploads\/2022\/07\/05cede42-11e9-4309-b1ba-c224b282e68f-150x150.jpg\" class=\"attachment-thumbnail size-thumbnail\" alt=\"\" \/><\/a>\n\t\t\t\t<\/dt><\/dl><dl class='gallery-item'>\n\t\t\t\t<dt class='gallery-icon landscape'>\n\t\t\t\t\t<a class=\"rollover rollover-zoom dt-pswp-item\" title=\"9fb6b5c6-d8b6-49be-bfa3-0ac99c3d0b6a\" data-dt-img-description=\"\" data-large_image_width=\"1600\" data-large_image_height=\"901\"href='https:\/\/www.radiopiu.net\/wordpress\/wp-content\/uploads\/2022\/07\/9fb6b5c6-d8b6-49be-bfa3-0ac99c3d0b6a.jpg'><img loading=\"lazy\" decoding=\"async\" width=\"150\" height=\"150\" src=\"https:\/\/www.radiopiu.net\/wordpress\/wp-content\/uploads\/2022\/07\/9fb6b5c6-d8b6-49be-bfa3-0ac99c3d0b6a-150x150.jpg\" class=\"attachment-thumbnail size-thumbnail\" alt=\"\" \/><\/a>\n\t\t\t\t<\/dt><\/dl><br style=\"clear: both\" \/><dl class='gallery-item'>\n\t\t\t\t<dt class='gallery-icon landscape'>\n\t\t\t\t\t<a class=\"rollover rollover-zoom dt-pswp-item\" title=\"87c04228-6943-4bd8-9850-91ad219b9f43\" data-dt-img-description=\"\" data-large_image_width=\"2048\" data-large_image_height=\"1154\"href='https:\/\/www.radiopiu.net\/wordpress\/wp-content\/uploads\/2022\/07\/87c04228-6943-4bd8-9850-91ad219b9f43.jpg'><img loading=\"lazy\" decoding=\"async\" width=\"150\" height=\"150\" src=\"https:\/\/www.radiopiu.net\/wordpress\/wp-content\/uploads\/2022\/07\/87c04228-6943-4bd8-9850-91ad219b9f43-150x150.jpg\" class=\"attachment-thumbnail size-thumbnail\" alt=\"\" \/><\/a>\n\t\t\t\t<\/dt><\/dl><dl class='gallery-item'>\n\t\t\t\t<dt class='gallery-icon landscape'>\n\t\t\t\t\t<a class=\"rollover rollover-zoom dt-pswp-item\" title=\"3ab05dde-5eae-4ac6-9205-0559ffc45354\" data-dt-img-description=\"\" data-large_image_width=\"2048\" data-large_image_height=\"1154\"href='https:\/\/www.radiopiu.net\/wordpress\/wp-content\/uploads\/2022\/07\/3ab05dde-5eae-4ac6-9205-0559ffc45354.jpg'><img loading=\"lazy\" decoding=\"async\" width=\"150\" height=\"150\" src=\"https:\/\/www.radiopiu.net\/wordpress\/wp-content\/uploads\/2022\/07\/3ab05dde-5eae-4ac6-9205-0559ffc45354-150x150.jpg\" class=\"attachment-thumbnail size-thumbnail\" alt=\"\" \/><\/a>\n\t\t\t\t<\/dt><\/dl><dl class='gallery-item'>\n\t\t\t\t<dt class='gallery-icon landscape'>\n\t\t\t\t\t<a class=\"rollover rollover-zoom dt-pswp-item\" title=\"f73d9b48-7aef-4871-855b-4788b7326e4e\" data-dt-img-description=\"\" data-large_image_width=\"1600\" data-large_image_height=\"901\"href='https:\/\/www.radiopiu.net\/wordpress\/wp-content\/uploads\/2022\/07\/f73d9b48-7aef-4871-855b-4788b7326e4e.jpg'><img loading=\"lazy\" decoding=\"async\" width=\"150\" height=\"150\" src=\"https:\/\/www.radiopiu.net\/wordpress\/wp-content\/uploads\/2022\/07\/f73d9b48-7aef-4871-855b-4788b7326e4e-150x150.jpg\" class=\"attachment-thumbnail size-thumbnail\" alt=\"\" \/><\/a>\n\t\t\t\t<\/dt><\/dl><dl class='gallery-item'>\n\t\t\t\t<dt class='gallery-icon landscape'>\n\t\t\t\t\t<a class=\"rollover rollover-zoom dt-pswp-item\" title=\"a7456f82-ec4b-4854-9a1c-f795fee8c5d3\" data-dt-img-description=\"\" data-large_image_width=\"1600\" data-large_image_height=\"901\"href='https:\/\/www.radiopiu.net\/wordpress\/wp-content\/uploads\/2022\/07\/a7456f82-ec4b-4854-9a1c-f795fee8c5d3.jpg'><img loading=\"lazy\" decoding=\"async\" width=\"150\" height=\"150\" src=\"https:\/\/www.radiopiu.net\/wordpress\/wp-content\/uploads\/2022\/07\/a7456f82-ec4b-4854-9a1c-f795fee8c5d3-150x150.jpg\" class=\"attachment-thumbnail size-thumbnail\" alt=\"\" \/><\/a>\n\t\t\t\t<\/dt><\/dl><br style=\"clear: both\" \/>\n\t\t\t<\/div>\n\n<p>&nbsp;<\/p>\n\n\t\t\t<style type='text\/css'>\n\t\t\t\t#gallery-6 {\n\t\t\t\t\tmargin: auto;\n\t\t\t\t}\n\t\t\t\t#gallery-6 .gallery-item {\n\t\t\t\t\tfloat: left;\n\t\t\t\t\tmargin-top: 10px;\n\t\t\t\t\ttext-align: center;\n\t\t\t\t\twidth: 25%;\n\t\t\t\t}\n\t\t\t\t#gallery-6 img {\n\t\t\t\t\tborder: 2px solid #cfcfcf;\n\t\t\t\t}\n\t\t\t\t#gallery-6 .gallery-caption {\n\t\t\t\t\tmargin-left: 0;\n\t\t\t\t}\n\t\t\t\t\/* see gallery_shortcode() in wp-includes\/media.php *\/\n\t\t\t<\/style>\n\t\t<div id='gallery-6' class='dt-gallery-container gallery galleryid-284776 gallery-columns-4 gallery-size-thumbnail'><dl class='gallery-item'>\n\t\t\t\t<dt class='gallery-icon landscape'>\n\t\t\t\t\t<a class=\"rollover rollover-zoom dt-pswp-item\" title=\"CESARE ANDRICH\" data-dt-img-description=\"\" data-large_image_width=\"2048\" data-large_image_height=\"1154\"href='https:\/\/www.radiopiu.net\/wordpress\/wp-content\/uploads\/2022\/07\/CESARE-ANDRICH.jpg'><img loading=\"lazy\" decoding=\"async\" width=\"150\" height=\"150\" src=\"https:\/\/www.radiopiu.net\/wordpress\/wp-content\/uploads\/2022\/07\/CESARE-ANDRICH-150x150.jpg\" class=\"attachment-thumbnail size-thumbnail\" alt=\"\" aria-describedby=\"gallery-6-284950\" \/><\/a>\n\t\t\t\t<\/dt>\n\t\t\t\t\t<dd class='wp-caption-text gallery-caption' id='gallery-6-284950'>\n\t\t\t\t\tCESARE ANDRICH\n\t\t\t\t\t<\/dd><\/dl><dl class='gallery-item'>\n\t\t\t\t<dt class='gallery-icon landscape'>\n\t\t\t\t\t<a class=\"rollover rollover-zoom dt-pswp-item\" title=\"LORIS SERAFINI\" data-dt-img-description=\"\" data-large_image_width=\"2048\" data-large_image_height=\"1154\"href='https:\/\/www.radiopiu.net\/wordpress\/wp-content\/uploads\/2022\/07\/LORIS-SERAFINI.jpg'><img loading=\"lazy\" decoding=\"async\" width=\"150\" height=\"150\" src=\"https:\/\/www.radiopiu.net\/wordpress\/wp-content\/uploads\/2022\/07\/LORIS-SERAFINI-150x150.jpg\" class=\"attachment-thumbnail size-thumbnail\" alt=\"\" aria-describedby=\"gallery-6-284951\" \/><\/a>\n\t\t\t\t<\/dt>\n\t\t\t\t\t<dd class='wp-caption-text gallery-caption' id='gallery-6-284951'>\n\t\t\t\t\tLORIS SERAFINI\n\t\t\t\t\t<\/dd><\/dl><dl class='gallery-item'>\n\t\t\t\t<dt class='gallery-icon landscape'>\n\t\t\t\t\t<a class=\"rollover rollover-zoom dt-pswp-item\" title=\"GLORIA MANERA\" data-dt-img-description=\"\" data-large_image_width=\"2048\" data-large_image_height=\"1154\"href='https:\/\/www.radiopiu.net\/wordpress\/wp-content\/uploads\/2022\/07\/GLORIA-MANERA.jpg'><img loading=\"lazy\" decoding=\"async\" width=\"150\" height=\"150\" src=\"https:\/\/www.radiopiu.net\/wordpress\/wp-content\/uploads\/2022\/07\/GLORIA-MANERA-150x150.jpg\" class=\"attachment-thumbnail size-thumbnail\" alt=\"\" aria-describedby=\"gallery-6-284952\" \/><\/a>\n\t\t\t\t<\/dt>\n\t\t\t\t\t<dd class='wp-caption-text gallery-caption' id='gallery-6-284952'>\n\t\t\t\t\tGLORIA MANERA\n\t\t\t\t\t<\/dd><\/dl><dl class='gallery-item'>\n\t\t\t\t<dt class='gallery-icon landscape'>\n\t\t\t\t\t<a class=\"rollover rollover-zoom dt-pswp-item\" title=\"MAURO SOPPELSA\" data-dt-img-description=\"\" data-large_image_width=\"2048\" data-large_image_height=\"1154\"href='https:\/\/www.radiopiu.net\/wordpress\/wp-content\/uploads\/2022\/07\/MAURO-SOPPELSA.jpg'><img loading=\"lazy\" decoding=\"async\" width=\"150\" height=\"150\" src=\"https:\/\/www.radiopiu.net\/wordpress\/wp-content\/uploads\/2022\/07\/MAURO-SOPPELSA-150x150.jpg\" class=\"attachment-thumbnail size-thumbnail\" alt=\"\" aria-describedby=\"gallery-6-284953\" \/><\/a>\n\t\t\t\t<\/dt>\n\t\t\t\t\t<dd class='wp-caption-text gallery-caption' id='gallery-6-284953'>\n\t\t\t\t\tMAURO SOPPELSA\n\t\t\t\t\t<\/dd><\/dl><br style=\"clear: both\" \/><dl class='gallery-item'>\n\t\t\t\t<dt class='gallery-icon landscape'>\n\t\t\t\t\t<a class=\"rollover rollover-zoom dt-pswp-item\" title=\"RENZO POLONI\" data-dt-img-description=\"\" data-large_image_width=\"1600\" data-large_image_height=\"901\"href='https:\/\/www.radiopiu.net\/wordpress\/wp-content\/uploads\/2022\/07\/RENZO-POLONI.jpg'><img loading=\"lazy\" decoding=\"async\" width=\"150\" height=\"150\" src=\"https:\/\/www.radiopiu.net\/wordpress\/wp-content\/uploads\/2022\/07\/RENZO-POLONI-150x150.jpg\" class=\"attachment-thumbnail size-thumbnail\" alt=\"\" aria-describedby=\"gallery-6-284954\" \/><\/a>\n\t\t\t\t<\/dt>\n\t\t\t\t\t<dd class='wp-caption-text gallery-caption' id='gallery-6-284954'>\n\t\t\t\t\tRENZO POLONI\n\t\t\t\t\t<\/dd><\/dl><dl class='gallery-item'>\n\t\t\t\t<dt class='gallery-icon landscape'>\n\t\t\t\t\t<a class=\"rollover rollover-zoom dt-pswp-item\" title=\"IL VESCOVO RENATO MARANGONI\" data-dt-img-description=\"\" data-large_image_width=\"2048\" data-large_image_height=\"1154\"href='https:\/\/www.radiopiu.net\/wordpress\/wp-content\/uploads\/2022\/07\/IL-VESCOVO-RENATO-MARANGONI.jpg'><img loading=\"lazy\" decoding=\"async\" width=\"150\" height=\"150\" src=\"https:\/\/www.radiopiu.net\/wordpress\/wp-content\/uploads\/2022\/07\/IL-VESCOVO-RENATO-MARANGONI-150x150.jpg\" class=\"attachment-thumbnail size-thumbnail\" alt=\"\" aria-describedby=\"gallery-6-284955\" \/><\/a>\n\t\t\t\t<\/dt>\n\t\t\t\t\t<dd class='wp-caption-text gallery-caption' id='gallery-6-284955'>\n\t\t\t\t\tIL VESCOVO RENATO MARANGONI\n\t\t\t\t\t<\/dd><\/dl><dl class='gallery-item'>\n\t\t\t\t<dt class='gallery-icon landscape'>\n\t\t\t\t\t<a class=\"rollover rollover-zoom dt-pswp-item\" title=\"CLAUDIO ANTONIO LUCHETTA\" data-dt-img-description=\"\" data-large_image_width=\"2048\" data-large_image_height=\"1154\"href='https:\/\/www.radiopiu.net\/wordpress\/wp-content\/uploads\/2022\/07\/CLAUDIO-ANTONIO-LUCHETTA.jpg'><img loading=\"lazy\" decoding=\"async\" width=\"150\" height=\"150\" src=\"https:\/\/www.radiopiu.net\/wordpress\/wp-content\/uploads\/2022\/07\/CLAUDIO-ANTONIO-LUCHETTA-150x150.jpg\" class=\"attachment-thumbnail size-thumbnail\" alt=\"\" aria-describedby=\"gallery-6-284956\" \/><\/a>\n\t\t\t\t<\/dt>\n\t\t\t\t\t<dd class='wp-caption-text gallery-caption' id='gallery-6-284956'>\n\t\t\t\t\tCLAUDIO ANTONIO LUCHETTA\n\t\t\t\t\t<\/dd><\/dl><dl class='gallery-item'>\n\t\t\t\t<dt class='gallery-icon landscape'>\n\t\t\t\t\t<a class=\"rollover rollover-zoom dt-pswp-item\" title=\"LUCA LUCHETTA\" data-dt-img-description=\"\" data-large_image_width=\"2048\" data-large_image_height=\"1154\"href='https:\/\/www.radiopiu.net\/wordpress\/wp-content\/uploads\/2022\/07\/LUCA-LUCHETTA.jpg'><img loading=\"lazy\" decoding=\"async\" width=\"150\" height=\"150\" src=\"https:\/\/www.radiopiu.net\/wordpress\/wp-content\/uploads\/2022\/07\/LUCA-LUCHETTA-150x150.jpg\" class=\"attachment-thumbnail size-thumbnail\" alt=\"\" aria-describedby=\"gallery-6-284957\" \/><\/a>\n\t\t\t\t<\/dt>\n\t\t\t\t\t<dd class='wp-caption-text gallery-caption' id='gallery-6-284957'>\n\t\t\t\t\tLUCA LUCHETTA\n\t\t\t\t\t<\/dd><\/dl><br style=\"clear: both\" \/>\n\t\t\t<\/div>\n\n<p>&nbsp;<\/p>\n<hr \/>\n<p>&nbsp;<\/p>\n<blockquote>\n<h3 class=\"entry-title\">RIPARTITO IN PARTI UGUALI TRA MOGLIE E FIGLI L\u2019ASSETTO SOCIETARIO DI DELFIN<\/h3>\n<\/blockquote>\n<p><strong class=\"photoswipe-wrapper\"><a class=\"dt-pswp-item pspw-wrap-ready\" href=\"https:\/\/www.radiopiu.net\/wordpress\/wp-content\/uploads\/2022\/07\/291513159_578682430277556_1662829286174322041_n.jpg\" data-dt-img-description=\"\" data-large_image_width=\"600\" data-large_image_height=\"455\"><img loading=\"lazy\" decoding=\"async\" class=\" wp-image-284791 alignleft\" src=\"https:\/\/www.radiopiu.net\/wordpress\/wp-content\/uploads\/2022\/07\/291513159_578682430277556_1662829286174322041_n-150x150.jpg\" alt=\"\" width=\"74\" height=\"74\" \/><\/a>REDAZIONE<\/strong>\u00a0Sar\u00e0 ripartito in parti uguali l\u2019assetto societari di Delfin. A comunicarlo la stessa societ\u00e0 dopo l\u2019apertura del testamento di Leonardo Del Vecchio. Nicoletta Zampillo, i figli di Leonardo Del Vecchio e Rocco Basilico (figlio di Nicoletta Zampillo) risultano titolari in parti uguali ovvero il 12,5 % della holding di famiglia.<\/p>\n<p>&nbsp;<\/p>\n<p>&nbsp;<\/p>\n<hr \/>\n<p>&nbsp;<\/p>\n<blockquote>\n<h3 class=\"entry-title\">RICORDANDO CHI SE N\u2019E\u2019 ANDATO LASCIANDO IL SEGNO<\/h3>\n<\/blockquote>\n<p><strong class=\"photoswipe-wrapper\"><a class=\"dt-pswp-item pspw-wrap-ready\" href=\"https:\/\/www.radiopiu.net\/wordpress\/wp-content\/uploads\/2022\/07\/b71caf85-d7cd-47a7-81f8-f86aae3b075c.jpg\" data-dt-img-description=\"\" data-large_image_width=\"2048\" data-large_image_height=\"2048\"><img loading=\"lazy\" decoding=\"async\" class=\" wp-image-284839 alignleft\" src=\"https:\/\/www.radiopiu.net\/wordpress\/wp-content\/uploads\/2022\/07\/b71caf85-d7cd-47a7-81f8-f86aae3b075c-150x150.jpg\" sizes=\"auto, (max-width: 150px) 100vw, 150px\" srcset=\"https:\/\/www.radiopiu.net\/wordpress\/wp-content\/uploads\/2022\/07\/b71caf85-d7cd-47a7-81f8-f86aae3b075c-150x150.jpg 150w, https:\/\/www.radiopiu.net\/wordpress\/wp-content\/uploads\/2022\/07\/b71caf85-d7cd-47a7-81f8-f86aae3b075c-300x300.jpg 300w, https:\/\/www.radiopiu.net\/wordpress\/wp-content\/uploads\/2022\/07\/b71caf85-d7cd-47a7-81f8-f86aae3b075c-1024x1024.jpg 1024w, https:\/\/www.radiopiu.net\/wordpress\/wp-content\/uploads\/2022\/07\/b71caf85-d7cd-47a7-81f8-f86aae3b075c-768x768.jpg 768w, https:\/\/www.radiopiu.net\/wordpress\/wp-content\/uploads\/2022\/07\/b71caf85-d7cd-47a7-81f8-f86aae3b075c-1536x1536.jpg 1536w, https:\/\/www.radiopiu.net\/wordpress\/wp-content\/uploads\/2022\/07\/b71caf85-d7cd-47a7-81f8-f86aae3b075c.jpg 2048w\" alt=\"\" width=\"115\" height=\"115\" \/><\/a>REDAZIONE<\/strong>\u00a0Un cavaliere e un maestro del lavoro in pochi giorni hanno lasciato Agordo e l\u2019Agordino. Leonardo Del Vecchio e Maurizio Trevisan. Entrambi amati e rispettati dagli operai di Luxottica per il loro modo di fare con le persone e per il rispetto che avevano con i colleghi di lavoro. Ora i due si sono rincontrati dopo tanto tempo. Trevisan era capo reparto della finitura e molto ha avuto a che fare con il Cavalier Del Vecchio. Nel giro di pochi giorni lo stabilimento Luxottica di Agordo si trovato a piangere due persone importanti, un periodo difficile per le maestranze del gruppo e soprattutto per coloro che hanno lavorato con entrambi durante i tanti anni di Luxottica.<\/p>\n<p>&nbsp;<\/p>\n<p>&nbsp;<\/p>\n<hr \/>\n<p>&nbsp;<\/p>\n<blockquote>\n<h3>PRONTI PER IL VOLO, I FANTASTICI SCATTI DI MARIO DE MARCO<\/h3>\n<\/blockquote>\n<div class=\"ns4p8fja j83agx80 cbu4d94t a6sixzi8 bkfpd7mw d2edcug0 kb5gq1qc nred35xi jy3qco62 dflh9lhu\" role=\"none\">\n<div class=\"pfnyh3mw ciadx1gn mudddibn aovydwv3 j83agx80\" aria-hidden=\"true\">due scatti dal Rifugio Scarpa sotto l&#8217;Agner. Riflessi e nidiata di Verzellini ormai pronti per il volo.<\/div>\n<\/div>\n<div dir=\"auto\" role=\"none\"><\/div>\n<div dir=\"auto\" role=\"none\"><\/div>\n<div dir=\"auto\" role=\"none\">\n\n\t\t\t<style type='text\/css'>\n\t\t\t\t#gallery-7 {\n\t\t\t\t\tmargin: auto;\n\t\t\t\t}\n\t\t\t\t#gallery-7 .gallery-item {\n\t\t\t\t\tfloat: left;\n\t\t\t\t\tmargin-top: 10px;\n\t\t\t\t\ttext-align: center;\n\t\t\t\t\twidth: 50%;\n\t\t\t\t}\n\t\t\t\t#gallery-7 img {\n\t\t\t\t\tborder: 2px solid #cfcfcf;\n\t\t\t\t}\n\t\t\t\t#gallery-7 .gallery-caption {\n\t\t\t\t\tmargin-left: 0;\n\t\t\t\t}\n\t\t\t\t\/* see gallery_shortcode() in wp-includes\/media.php *\/\n\t\t\t<\/style>\n\t\t<div id='gallery-7' class='dt-gallery-container gallery galleryid-284776 gallery-columns-2 gallery-size-thumbnail'><dl class='gallery-item'>\n\t\t\t\t<dt class='gallery-icon portrait'>\n\t\t\t\t\t<a class=\"rollover rollover-zoom dt-pswp-item\" title=\"291525196_579203980490841_2651131906168593428_n\" data-dt-img-description=\"\" data-large_image_width=\"1579\" data-large_image_height=\"1655\"href='https:\/\/www.radiopiu.net\/wordpress\/wp-content\/uploads\/2022\/07\/291525196_579203980490841_2651131906168593428_n-1.jpg'><img loading=\"lazy\" decoding=\"async\" width=\"150\" height=\"150\" src=\"https:\/\/www.radiopiu.net\/wordpress\/wp-content\/uploads\/2022\/07\/291525196_579203980490841_2651131906168593428_n-1-150x150.jpg\" class=\"attachment-thumbnail size-thumbnail\" alt=\"\" \/><\/a>\n\t\t\t\t<\/dt><\/dl><dl class='gallery-item'>\n\t\t\t\t<dt class='gallery-icon landscape'>\n\t\t\t\t\t<a class=\"rollover rollover-zoom dt-pswp-item\" title=\"290809182_354302423340981_646870221472086135_n\" data-dt-img-description=\"\" data-large_image_width=\"1954\" data-large_image_height=\"1954\"href='https:\/\/www.radiopiu.net\/wordpress\/wp-content\/uploads\/2022\/07\/290809182_354302423340981_646870221472086135_n-1.jpg'><img loading=\"lazy\" decoding=\"async\" width=\"150\" height=\"150\" src=\"https:\/\/www.radiopiu.net\/wordpress\/wp-content\/uploads\/2022\/07\/290809182_354302423340981_646870221472086135_n-1-150x150.jpg\" class=\"attachment-thumbnail size-thumbnail\" alt=\"\" srcset=\"https:\/\/www.radiopiu.net\/wordpress\/wp-content\/uploads\/2022\/07\/290809182_354302423340981_646870221472086135_n-1-150x150.jpg 150w, https:\/\/www.radiopiu.net\/wordpress\/wp-content\/uploads\/2022\/07\/290809182_354302423340981_646870221472086135_n-1-300x300.jpg 300w, https:\/\/www.radiopiu.net\/wordpress\/wp-content\/uploads\/2022\/07\/290809182_354302423340981_646870221472086135_n-1-1024x1024.jpg 1024w, https:\/\/www.radiopiu.net\/wordpress\/wp-content\/uploads\/2022\/07\/290809182_354302423340981_646870221472086135_n-1-768x768.jpg 768w, https:\/\/www.radiopiu.net\/wordpress\/wp-content\/uploads\/2022\/07\/290809182_354302423340981_646870221472086135_n-1-1536x1536.jpg 1536w, https:\/\/www.radiopiu.net\/wordpress\/wp-content\/uploads\/2022\/07\/290809182_354302423340981_646870221472086135_n-1.jpg 1954w\" sizes=\"auto, (max-width: 150px) 100vw, 150px\" \/><\/a>\n\t\t\t\t<\/dt><\/dl><br style=\"clear: both\" \/>\n\t\t\t<\/div>\n\n<\/div>\n<div dir=\"auto\" role=\"none\"><\/div>\n<div dir=\"auto\" role=\"none\"><\/div>\n<p>&nbsp;<\/p>\n<hr \/>\n<p>&nbsp;<\/p>\n<blockquote>\n<h3>DILLO A RADIO PIU&#8217;&#8230;SENTIERI POCO CURATI ATTORNO AL LAGO DI ALLEGHE<\/h3>\n<\/blockquote>\n<p><strong>REDAZIONE<\/strong> Riceviamo e pubblichiamo una segnalazione arrivata da un nostro ascoltatore che stamattina ha fatto il giro del lago di Alleghe e sul lato di Rocca Pietore ha notato che la cura dei sentieri lascia a desiderare.<\/p>\n<blockquote><p><em>Stavo facendo il giro del lago di Alleghe con i bimbi e con il passeggino. \u00c8 praticamente impossibile farlo se non facendosi il mazzo per sollevarlo in due persone. Erba altissima e poco poco curato gente con la sedia rotella impossibilit\u00e0 a farlo totalmente. Siamo in piena stagione turistica il paese \u00e8 pieno di gente \u00e8 questo \u00e8 il contorno che si vede intorno al lago. Infine, da una settimana almeno dalla raccolta del materiale dal lago, i rifiuti sono ancora li&#8217;, la gente pensa sia una discarica e lascia altri sacchetti.<\/em><\/p>\n<p><em>Lettera Firmata<\/em><\/p><\/blockquote>\n<p>&nbsp;<\/p>\n\n\t\t\t<style type='text\/css'>\n\t\t\t\t#gallery-8 {\n\t\t\t\t\tmargin: auto;\n\t\t\t\t}\n\t\t\t\t#gallery-8 .gallery-item {\n\t\t\t\t\tfloat: left;\n\t\t\t\t\tmargin-top: 10px;\n\t\t\t\t\ttext-align: center;\n\t\t\t\t\twidth: 25%;\n\t\t\t\t}\n\t\t\t\t#gallery-8 img {\n\t\t\t\t\tborder: 2px solid #cfcfcf;\n\t\t\t\t}\n\t\t\t\t#gallery-8 .gallery-caption {\n\t\t\t\t\tmargin-left: 0;\n\t\t\t\t}\n\t\t\t\t\/* see gallery_shortcode() in wp-includes\/media.php *\/\n\t\t\t<\/style>\n\t\t<div id='gallery-8' class='dt-gallery-container gallery galleryid-284776 gallery-columns-4 gallery-size-thumbnail'><dl class='gallery-item'>\n\t\t\t\t<dt class='gallery-icon landscape'>\n\t\t\t\t\t<a class=\"rollover rollover-zoom dt-pswp-item\" title=\"ee675b2d-c613-4924-a058-d7e2e4c1947c\" data-dt-img-description=\"\" data-large_image_width=\"1600\" data-large_image_height=\"900\"href='https:\/\/www.radiopiu.net\/wordpress\/wp-content\/uploads\/2022\/07\/ee675b2d-c613-4924-a058-d7e2e4c1947c.jpg'><img loading=\"lazy\" decoding=\"async\" width=\"150\" height=\"150\" src=\"https:\/\/www.radiopiu.net\/wordpress\/wp-content\/uploads\/2022\/07\/ee675b2d-c613-4924-a058-d7e2e4c1947c-150x150.jpg\" class=\"attachment-thumbnail size-thumbnail\" alt=\"\" \/><\/a>\n\t\t\t\t<\/dt><\/dl><dl class='gallery-item'>\n\t\t\t\t<dt class='gallery-icon portrait'>\n\t\t\t\t\t<a class=\"rollover rollover-zoom dt-pswp-item\" title=\"c635122a-056a-47d5-8e9c-938632c159e5\" data-dt-img-description=\"\" data-large_image_width=\"1536\" data-large_image_height=\"2048\"href='https:\/\/www.radiopiu.net\/wordpress\/wp-content\/uploads\/2022\/07\/c635122a-056a-47d5-8e9c-938632c159e5.jpg'><img loading=\"lazy\" decoding=\"async\" width=\"150\" height=\"150\" src=\"https:\/\/www.radiopiu.net\/wordpress\/wp-content\/uploads\/2022\/07\/c635122a-056a-47d5-8e9c-938632c159e5-150x150.jpg\" class=\"attachment-thumbnail size-thumbnail\" alt=\"\" \/><\/a>\n\t\t\t\t<\/dt><\/dl><dl class='gallery-item'>\n\t\t\t\t<dt class='gallery-icon portrait'>\n\t\t\t\t\t<a class=\"rollover rollover-zoom dt-pswp-item\" title=\"e294adf7-47d4-4afc-871e-51c5f5e5b492\" data-dt-img-description=\"\" data-large_image_width=\"1536\" data-large_image_height=\"2048\"href='https:\/\/www.radiopiu.net\/wordpress\/wp-content\/uploads\/2022\/07\/e294adf7-47d4-4afc-871e-51c5f5e5b492.jpg'><img loading=\"lazy\" decoding=\"async\" width=\"150\" height=\"150\" src=\"https:\/\/www.radiopiu.net\/wordpress\/wp-content\/uploads\/2022\/07\/e294adf7-47d4-4afc-871e-51c5f5e5b492-150x150.jpg\" class=\"attachment-thumbnail size-thumbnail\" alt=\"\" \/><\/a>\n\t\t\t\t<\/dt><\/dl><dl class='gallery-item'>\n\t\t\t\t<dt class='gallery-icon landscape'>\n\t\t\t\t\t<a class=\"rollover rollover-zoom dt-pswp-item\" title=\"5f7a22a1-e0bf-4a60-bfc2-d8d0acc1e9ae\" data-dt-img-description=\"\" data-large_image_width=\"2048\" data-large_image_height=\"1536\"href='https:\/\/www.radiopiu.net\/wordpress\/wp-content\/uploads\/2022\/07\/5f7a22a1-e0bf-4a60-bfc2-d8d0acc1e9ae.jpg'><img loading=\"lazy\" decoding=\"async\" width=\"150\" height=\"150\" src=\"https:\/\/www.radiopiu.net\/wordpress\/wp-content\/uploads\/2022\/07\/5f7a22a1-e0bf-4a60-bfc2-d8d0acc1e9ae-150x150.jpg\" class=\"attachment-thumbnail size-thumbnail\" alt=\"\" \/><\/a>\n\t\t\t\t<\/dt><\/dl><br style=\"clear: both\" \/>\n\t\t\t<\/div>\n\n<p>&nbsp;<\/p>\n<hr \/>\n<p>&nbsp;<\/p>\n<blockquote>\n<h3>INCENDI LAMON. IL PUNTO CON L&#8217;ASSESSORE REGIONALE GIANPAOLO BOTTACIN<\/h3>\n<\/blockquote>\n<p><strong>LAMON<\/strong> Rientrato il Canadeir a Treviso, ora si monitorano gli incendi a Lamon in localit\u00e0 Pugnai. &#8220;<em>Il Canadair rientra a Treviso, la situazione appare sotto controllo dopo l&#8217;incessante lavoro del mattino, la montagna \u00e8 monitorata. Si vedono brevi fumaioli che spontaneamente si estinguono. Elicottero pronto ad intervenire<\/em>&#8221; dichiara l&#8217;assessore regionale alla Protezione Civile Gianpaolo Bottacin<\/p>\n<div style=\"width: 640px;\" class=\"wp-video\"><video class=\"wp-video-shortcode\" id=\"video-284776-2\" width=\"640\" height=\"352\" preload=\"metadata\" controls=\"controls\"><source type=\"video\/mp4\" src=\"https:\/\/www.radiopiu.net\/wordpress\/wp-content\/uploads\/2022\/07\/WhatsApp-Video-2022-07-03-at-12.57.41.mp4?_=2\" \/><a href=\"https:\/\/www.radiopiu.net\/wordpress\/wp-content\/uploads\/2022\/07\/WhatsApp-Video-2022-07-03-at-12.57.41.mp4\">https:\/\/www.radiopiu.net\/wordpress\/wp-content\/uploads\/2022\/07\/WhatsApp-Video-2022-07-03-at-12.57.41.mp4<\/a><\/video><\/div>\n<p>&nbsp;<\/p>\n<hr \/>\n<p>&nbsp;<\/p>\n<blockquote class=\"wp-embedded-content\" data-secret=\"g0zkJynluk\"><p><a href=\"https:\/\/www.radiopiu.net\/wordpress\/aggnazionaleluglio03\/\">CORONAVIRUS: AGGIORNAMENTO NAZIONALE 03 LUGLIO 2022<\/a><\/p><\/blockquote>\n<p><iframe loading=\"lazy\" class=\"wp-embedded-content\" sandbox=\"allow-scripts\" security=\"restricted\" style=\"position: absolute; clip: rect(1px, 1px, 1px, 1px);\" title=\"&#8220;CORONAVIRUS: AGGIORNAMENTO NAZIONALE 03 LUGLIO 2022&#8221; &#8212; Radio Pi\u00f9\" src=\"https:\/\/www.radiopiu.net\/wordpress\/aggnazionaleluglio03\/embed\/#?secret=Zpy80Inbu2#?secret=g0zkJynluk\" data-secret=\"g0zkJynluk\" width=\"600\" height=\"338\" frameborder=\"0\" marginwidth=\"0\" marginheight=\"0\" scrolling=\"no\"><\/iframe><\/p>\n<p>&nbsp;<\/p>\n<blockquote class=\"wp-embedded-content\" data-secret=\"KmBc2GUioG\"><p><a href=\"https:\/\/www.radiopiu.net\/wordpress\/aggazzeroluglio03\/\">LIEVE AUMENTO DEI RICOVERI, UN DECESSO E 6448 NUOVI POSITIVI IN VENETO NELLE ULTIME 24 ORE<\/a><\/p><\/blockquote>\n<p><iframe loading=\"lazy\" class=\"wp-embedded-content\" sandbox=\"allow-scripts\" security=\"restricted\" style=\"position: absolute; clip: rect(1px, 1px, 1px, 1px);\" title=\"&#8220;LIEVE AUMENTO DEI RICOVERI, UN DECESSO E 6448 NUOVI POSITIVI IN VENETO NELLE ULTIME 24 ORE&#8221; &#8212; Radio Pi\u00f9\" src=\"https:\/\/www.radiopiu.net\/wordpress\/aggazzeroluglio03\/embed\/#?secret=OZ0tbOgTrj#?secret=KmBc2GUioG\" data-secret=\"KmBc2GUioG\" width=\"600\" height=\"338\" frameborder=\"0\" marginwidth=\"0\" marginheight=\"0\" scrolling=\"no\"><\/iframe><\/p>\n<p>&nbsp;<\/p>\n<h2>I GRAFICI DI TIZIANO DE COL<\/h2>\n<p>&nbsp;<\/p>\n<p>&nbsp;<\/p>\n<hr \/>\n<p>&nbsp;<\/p>\n<blockquote>\n<h3>CONCLUSI I LAVORI PER LA RIMOZIONE DELL\u2019AMIANTO AL SAN MARTINO DI BELLUNO<\/h3>\n<\/blockquote>\n<p><strong><a class=\"dt-pswp-item\" href=\"https:\/\/www.radiopiu.net\/wordpress\/wp-content\/uploads\/2020\/06\/dc8d9e01-0412-48a8-91b1-c64ba92a8187.jpg\" data-dt-img-description=\"\" data-large_image_width=\"2048\" data-large_image_height=\"1024\"><img loading=\"lazy\" decoding=\"async\" class=\"size-thumbnail wp-image-144229 alignleft\" src=\"https:\/\/www.radiopiu.net\/wordpress\/wp-content\/uploads\/2020\/06\/dc8d9e01-0412-48a8-91b1-c64ba92a8187-150x150.jpg\" alt=\"\" width=\"150\" height=\"150\" \/><\/a>BELLUNO <\/strong>Si sono conclusi i lavori di rimozione e smaltimento dell\u2019amianto all\u2019Ospedale San Martino di Belluno. Un intervento che ammonta a circa300 mila euro e che \u00e8 stato realizzato grazie al finanziamento della Regione Veneto. L\u2019opera \u00e8 stata articolata in tre progettualit\u00e0 che hanno interessato il blocco A, B e C dell\u2019Ospedale. Nello specifico, nei blocchi A e C sono state bonificate le coperture esistenti realizzate in cemento amianto, mentre nel blocco B sono state bonificate le tubazioni del sottotetto. Nel blocco B l&#8217;intervento di bonifica \u00e8 stato propedeutico alla realizzazione della nuova copertura in lamiera di acciaio zincato. Durante il corso dei lavori sono stati realizzati anche degli interventi strutturali.<\/p>\n<p>&nbsp;<\/p>\n<p>&nbsp;<\/p>\n<hr \/>\n<p>&nbsp;<\/p>\n<blockquote>\n<h3>DA OGGI ACCESSO CON PRENOTAZIONE ONLINE PER IL CENTRO PRELIEVI DI SANTO STEFANO<\/h3>\n<\/blockquote>\n<p><strong>BELLUNO <\/strong>Come gi\u00e0 introdotto per altri centri prelievi dell\u2019Ulss Dolomiti e con l\u2019obiettivo di rendere pi\u00f9 agevole l\u2019accesso ai cittadini, anche per il centro prelievi di Santo Stefano di Cadore le analisi del sangue saranno prenotabili online dal sito <a href=\"http:\/\/www.aulss1.veneto.it\/\">www.aulss1.veneto.it <\/a>Si pu\u00f2 prenotare gi\u00e0 da ora con le prime date disponibili per il prelievo a partire da oggi. La prenotazione telefonica rimarr\u00e0 sempre disponibile chiamando il CUP al numero 800 890 500 dal luned\u00ec al venerd\u00ec dalle 8.00 alle 18.00 e il sabato dalle 8.00 alle 12.00. Si invita la cittadinanza ad utilizzare l\u2019opportunit\u00e0 di prenotare online per facilitare l\u2019accesso e per migliorare anche i tempi di risposta del CUP per le prestazioni non prenotabili online.<\/p>\n<p>&nbsp;<\/p>\n<p>&nbsp;<\/p>\n<hr \/>\n<p>&nbsp;<\/p>\n<blockquote>\n<h3>A CORTINA L&#8217;IMPEGNO DI FEDERICA BRIGNONE PER L&#8217;AMBIENTE<\/h3>\n<\/blockquote>\n<p><strong><a class=\"dt-pswp-item\" href=\"https:\/\/www.radiopiu.net\/wordpress\/wp-content\/uploads\/2022\/07\/Federica-Brignone-a-Cortina-Foto-Luisa-Manfroi.jpg\" data-dt-img-description=\"\" data-large_image_width=\"1918\" data-large_image_height=\"1178\"><img loading=\"lazy\" decoding=\"async\" class=\"size-thumbnail wp-image-285104 alignleft\" src=\"https:\/\/www.radiopiu.net\/wordpress\/wp-content\/uploads\/2022\/07\/Federica-Brignone-a-Cortina-Foto-Luisa-Manfroi-150x150.jpg\" alt=\"\" width=\"150\" height=\"150\" \/><\/a>di Luisa Manfroi<\/strong><\/p>\n<audio class=\"wp-audio-shortcode\" id=\"audio-284776-6\" preload=\"none\" style=\"width: 100%;\" controls=\"controls\"><source type=\"audio\/mpeg\" src=\"https:\/\/www.radiopiu.net\/wordpress\/wp-content\/uploads\/2022\/07\/LUISA-MANFROI-A-Cortina-limpegno-di-Federica-Brignone-per-lambiente.mp3?_=6\" \/><a href=\"https:\/\/www.radiopiu.net\/wordpress\/wp-content\/uploads\/2022\/07\/LUISA-MANFROI-A-Cortina-limpegno-di-Federica-Brignone-per-lambiente.mp3\">https:\/\/www.radiopiu.net\/wordpress\/wp-content\/uploads\/2022\/07\/LUISA-MANFROI-A-Cortina-limpegno-di-Federica-Brignone-per-lambiente.mp3<\/a><\/audio>\n<p>&nbsp;<\/p>\n<hr \/>\n<p>&nbsp;<\/p>\n<blockquote>\n<h3>MOSTRA VECELIO. PER CESTARO CULTURA E AUTENTICITA&#8217; SONO LE CHIAVI SU CUI PUNTARE<\/h3>\n<\/blockquote>\n<p><strong><a class=\"dt-pswp-item\" href=\"https:\/\/www.radiopiu.net\/wordpress\/wp-content\/uploads\/2021\/11\/CESTARO-ORIZZONTALE.png\" data-dt-img-description=\"\" data-large_image_width=\"544\" data-large_image_height=\"406\"><img loading=\"lazy\" decoding=\"async\" class=\"size-thumbnail wp-image-240773 alignleft\" src=\"https:\/\/www.radiopiu.net\/wordpress\/wp-content\/uploads\/2021\/11\/CESTARO-ORIZZONTALE-150x150.png\" alt=\"\" width=\"150\" height=\"150\" \/><\/a>PIEVE DI CADORE<\/strong> \u201cCultura e autenticit\u00e0 sono le chiavi su cui puntare per la valorizzazione del nostro territorio. Il progetto della Magnifica Comunit\u00e0 Cadore, sostenuto anche dalla Regione Veneto e dalla Fondazione Tiziano, ne \u00e8 un esempio\u201d. Sono le parole espresse dalla consigliera regionale della Lega Silvia Cestaro, sabato mattina a Pieve di Cadore per il taglio del nastro alla mostra \u201cLa Madonna dei Vecellio\u201d allestita all\u2019interno della casa natale del grande pittore in occasione del centenario della dichiarazione di monumento nazionale dell&#8217;abitazione.<\/p>\n<p><strong>IL CONSIGLIERE REGIONALE SILVIA CESTARO<\/strong><\/p>\n<audio class=\"wp-audio-shortcode\" id=\"audio-284776-7\" preload=\"none\" style=\"width: 100%;\" controls=\"controls\"><source type=\"audio\/mpeg\" src=\"https:\/\/www.radiopiu.net\/wordpress\/wp-content\/uploads\/2022\/07\/Cestaro-su-mostra-Vecellio.mp3?_=7\" \/><a href=\"https:\/\/www.radiopiu.net\/wordpress\/wp-content\/uploads\/2022\/07\/Cestaro-su-mostra-Vecellio.mp3\">https:\/\/www.radiopiu.net\/wordpress\/wp-content\/uploads\/2022\/07\/Cestaro-su-mostra-Vecellio.mp3<\/a><\/audio>\n<p>&nbsp;<\/p>\n<hr \/>\n<p>&nbsp;<\/p>\n<blockquote>\n<h3>CICLABILE SOVERZENE-PONTE, LA PROVINCIA PROMUOVE LA NUOVA PASSERELLA SUL PIAVE<\/h3>\n<\/blockquote>\n<p><strong><a class=\"dt-pswp-item\" href=\"https:\/\/www.radiopiu.net\/wordpress\/wp-content\/uploads\/2022\/07\/IMG_5053.jpg\" data-dt-img-description=\"\" data-large_image_width=\"2016\" data-large_image_height=\"1512\"><img loading=\"lazy\" decoding=\"async\" class=\"size-thumbnail wp-image-284885 alignleft\" src=\"https:\/\/www.radiopiu.net\/wordpress\/wp-content\/uploads\/2022\/07\/IMG_5053-150x150.jpg\" alt=\"\" width=\"150\" height=\"150\" \/><\/a>BELLUNO<\/strong> \u00ab<em>Le piste ciclabili sono un\u2019infrastruttura importantissima e anche un simbolo. Sono importanti perch\u00e9 aprono il nostro territorio al cicloturismo. E simboleggiano la capacit\u00e0 di fare rete tra Comuni e amministrazioni, perch\u00e9 costruire tratti ciclabili senza interconnetterli non serve a niente<\/em>\u00bb. Lo ha detto questa mattina la vice presidente della Provincia di Belluno, intervenendo all\u2019inaugurazione della ciclabile Ponte nelle Alpi-Soverzene, recuperata dopo i danni da maltempo di Vaia e del 2019, che avevano cancellato parte del tracciato. La pista collega in sinistra orografica i due Comuni e si propone come infrastruttura di grande valenza turistica, per le zone che attraversa e anche perch\u00e9 si inserisce all\u2019interno della ciclovia Monaco-Venezia.\u00a0 \u00ab<em>Per completare il percorso e garantire la massima sicurezza ai ciclisti, serve ora la passerella sul Piave, perch\u00e9 il ponte di Soverzene, a senso unico alternato, non \u00e8 adatto<\/em>\u00bb ha sottolineato la vice presidente Da Rold. \u00ab<em>La Provincia ha stanziato 1 milione di euro per questo intervento, che al momento \u00e8 in fase di progettazione. Un investimento importante che si inserisce da un lato nelle politiche di mobilit\u00e0 alternativa e sostenibile che l\u2019amministrazione pubblica di un territorio di valenza Unesco deve portare avanti; dall\u2019altra va nella direzione di promuovere sempre di pi\u00f9 il cicloturismo, settore in grande espansione che permette di fruire della natura e del paesaggio dei luoghi<\/em>\u00bb.<\/p>\n<p>&nbsp;<\/p>\n<p>&nbsp;<\/p>\n<hr \/>\n<p>&nbsp;<\/p>\n<blockquote>\n<h3>CARTELLO GIRATO E I TURISTI IMBOCCANO LA VECCHIA STRADA<\/h3>\n<\/blockquote>\n<p><strong><a class=\"dt-pswp-item\" href=\"https:\/\/www.radiopiu.net\/wordpress\/wp-content\/uploads\/2022\/07\/b450e54f-7279-46ba-bd0e-d2989677cd56.jpg\" data-dt-img-description=\"\" data-large_image_width=\"1536\" data-large_image_height=\"2048\"><img loading=\"lazy\" decoding=\"async\" class=\"size-thumbnail wp-image-284907 alignleft\" src=\"https:\/\/www.radiopiu.net\/wordpress\/wp-content\/uploads\/2022\/07\/b450e54f-7279-46ba-bd0e-d2989677cd56-150x150.jpg\" alt=\"\" width=\"150\" height=\"150\" \/><\/a> <\/strong><\/p>\n<p><strong>\u00a0<\/strong><\/p>\n<p><strong>REDAZIONE<\/strong> Riceviamo e pubblichiamo una segnalazione arrivata da un nostro ascoltatore che ci fa notare una cosa molto curiosa a Cencenighe, pi\u00f9 precisamente all&#8217;uscita del paese sulla strada che porta verso San Tomaso, ex strada che porta in Valle del Biois. Proprio al bivio \u00e8 stato girato il cartello di divieto di transito e in queste ore qualcuno si avventura con la macchina verso la strada chiusa e quindi verso la vecchia galleria.<\/p>\n<p>&nbsp;<\/p>\n<p>&nbsp;<\/p>\n<p>&nbsp;<\/p>\n<hr \/>\n<p>&nbsp;<\/p>\n<h2><span style=\"color: #ff0000;\"><a class=\"dt-pswp-item\" href=\"https:\/\/www.radiopiu.net\/wordpress\/wp-content\/uploads\/2022\/07\/0.png\" data-dt-img-description=\"\" data-large_image_width=\"1829\" data-large_image_height=\"1926\"><img loading=\"lazy\" decoding=\"async\" class=\"size-thumbnail wp-image-285120 alignleft\" src=\"https:\/\/www.radiopiu.net\/wordpress\/wp-content\/uploads\/2022\/07\/0-150x150.png\" alt=\"\" width=\"150\" height=\"150\" \/><\/a>DAL CORRIERE DELLE ALPI<\/span><\/h2>\n<h3>ELISA DE NARDIN E LA SUA CONSAPEVOLEZZA DI ESSERE UTILE AL TERRITORIO<\/h3>\n<p>Come ogni lunedi Gianni Santomaso dalle pagine del Corriere delle Alpi racconta una storia, un personaggio, un pezzo di vita dell\u2019Agordino \u201cVivere l\u2019Agordino\u201d una raccolta spaccato di vita agordina con le immancabili vignette di Erica Andrich<\/p>\n<p><strong>di Gianni Santomaso<\/strong><\/p>\n<p>&nbsp;<\/p>\n<p>&nbsp;<\/p>\n<hr \/>\n<p>&nbsp;<\/p>\n<blockquote>\n<h3>VA IN ARCHIVIO LA 36ESIMA EDIZIONE DELLA MOSTRA DELL\u2019ARTIGIANATO<\/h3>\n<\/blockquote>\n<p><strong><a class=\"dt-pswp-item\" href=\"https:\/\/www.radiopiu.net\/wordpress\/wp-content\/uploads\/2022\/07\/Premiazioni-Mostra-Artigianato.jpeg\" data-dt-img-description=\"\" data-large_image_width=\"1600\" data-large_image_height=\"1007\"><img loading=\"lazy\" decoding=\"async\" class=\"alignleft wp-image-285094 \" src=\"https:\/\/www.radiopiu.net\/wordpress\/wp-content\/uploads\/2022\/07\/Premiazioni-Mostra-Artigianato-300x189.jpeg\" alt=\"\" width=\"159\" height=\"100\" srcset=\"https:\/\/www.radiopiu.net\/wordpress\/wp-content\/uploads\/2022\/07\/Premiazioni-Mostra-Artigianato-300x189.jpeg 300w, https:\/\/www.radiopiu.net\/wordpress\/wp-content\/uploads\/2022\/07\/Premiazioni-Mostra-Artigianato-1024x644.jpeg 1024w, https:\/\/www.radiopiu.net\/wordpress\/wp-content\/uploads\/2022\/07\/Premiazioni-Mostra-Artigianato-768x483.jpeg 768w, https:\/\/www.radiopiu.net\/wordpress\/wp-content\/uploads\/2022\/07\/Premiazioni-Mostra-Artigianato-1536x967.jpeg 1536w, https:\/\/www.radiopiu.net\/wordpress\/wp-content\/uploads\/2022\/07\/Premiazioni-Mostra-Artigianato.jpeg 1600w\" sizes=\"auto, (max-width: 159px) 100vw, 159px\" \/><\/a>FELTRE <\/strong>Si \u00e8 conclusa ieri, con una giornata caratterizzata, come le precedenti, da un importante afflusso di visitatori, la 36esima edizione della Mostra dell&#8217;Artigianato Artistico e Tradizionale Citt\u00e0 di Feltre. Nel pomeriggio, nella Sala degli Stemmi del Municipio di Feltre, si \u00e8 svolta la tradizionale cerimonia di consegna dei premi del concorso \u201cCarlo Rizzarda\u201d, andato a Diego Imperatore, e del concorso di forgiatura, che ha visto primeggiare Giampaolo Maniero. Il riconoscimento per il miglior espositore della rassegna \u00e8 andato invece a Isacco Szathvary. Tra gli elementi di qualit\u00e0 di questa edizione della Mostra, oltre alla presenza dei maestri artigiani con i loro prodotti e le dimostrazioni al pubblico, l\u2019ampia offerta di eventi culturali, musicali ed espositivi che hanno animato il centro storico della citt\u00e0 durante tutto il fine settimana. Straordinaria, poi, l\u2019ambientazione di Piazza Maggiore con l\u2019illuminazione scenografica delle ristrutturate fontane lombardesche che ha fatto da cornice ideale agli spettacoli serali, in particolar modo quello estremamente suggestivo di sabato sera con le evoluzioni di \u201cSky Piano\u201d.<\/p>\n<p>&nbsp;<\/p>\n<p>&nbsp;<\/p>\n<hr \/>\n<p>&nbsp;<\/p>\n<blockquote>\n<h3 class=\"entry-title\">NEL 2021 LO STATO SI E\u2019 \u201cDIMENTICATO\u201d DI PAGARE 5,2 MILIARDI DI EURO AI FORNITORI<\/h3>\n<\/blockquote>\n<p class=\"photoswipe-wrapper\"><a class=\"dt-pswp-item pspw-wrap-ready\" href=\"https:\/\/www.radiopiu.net\/wordpress\/wp-content\/uploads\/2022\/07\/Schermata-2022-07-02-alle-08.45.32.png\" data-dt-img-description=\"\" data-large_image_width=\"1152\" data-large_image_height=\"504\"><img loading=\"lazy\" decoding=\"async\" class=\"alignleft size-medium wp-image-284810\" src=\"https:\/\/www.radiopiu.net\/wordpress\/wp-content\/uploads\/2022\/07\/Schermata-2022-07-02-alle-08.45.32-300x131.png\" sizes=\"auto, (max-width: 300px) 100vw, 300px\" srcset=\"https:\/\/www.radiopiu.net\/wordpress\/wp-content\/uploads\/2022\/07\/Schermata-2022-07-02-alle-08.45.32-300x131.png 300w, https:\/\/www.radiopiu.net\/wordpress\/wp-content\/uploads\/2022\/07\/Schermata-2022-07-02-alle-08.45.32-1024x448.png 1024w, https:\/\/www.radiopiu.net\/wordpress\/wp-content\/uploads\/2022\/07\/Schermata-2022-07-02-alle-08.45.32-768x336.png 768w, https:\/\/www.radiopiu.net\/wordpress\/wp-content\/uploads\/2022\/07\/Schermata-2022-07-02-alle-08.45.32.png 1152w\" alt=\"\" width=\"300\" height=\"131\" \/><\/a>Nel 2021 l\u2019Amministrazione centrale dello Stato1 ha ricevuto dai propri fornitori 3.657.000 fatture per un importo complessivo pari a 18 miliardi di euro. Ne ha liquidate 2.420.000, corrispondendo a queste imprese 12,8 miliardi, \u201cdimenticandosi\u201d, si fa per dire, di saldarne 1.237.000. Grazie a questo espediente, lo Stato centrale ha \u201crisparmiato\u201d ben 5,2 miliardi. Dei 12,8 miliardi onorati, inoltre, il 28,2 per cento (pari a 3,6 miliardi di euro) \u00e8 stato pagato in ritardo, ovvero non rispettando le disposizioni previste dalla legge in materia di tempi di pagamento2 . Questi numeri sono il risultato di una elaborazione realizzata dall\u2019Ufficio studi CGIA su dati della Corte dei Conti3 (vedi Tab. 1).<\/p>\n<p>Una cosa inaudita, segnalano gli artigiani mestrini, che dimostra come la nostra Pubblica Amministrazione, in questo caso quella centrale, continua a mettere a repentaglio la tenuta finanziaria di tante imprese, soprattutto di piccola dimensione, attraverso una condotta, in materia di pagamenti, a dir poco disdicevole.<\/p>\n<p><strong>Infatti, come ha evidenziato la Corte dei Conti, la nostra Pubblica Amministrazione (PA) sta adottando una prassi sempre pi\u00f9 consolidata; liquida le fatture di importo maggiore entro i termini di legge, mantenendo cos\u00ec il tempo medio di pagamento ponderato entro i limiti previsti dalla norma, ma ritarda intenzionalmente il saldo di quelle con importi minori, penalizzando, in particolar modo, le imprese fornitrici di prestazioni di beni e servizi con volumi bassi; cio\u00e8 le piccole imprese.<\/strong><\/p>\n<p class=\"photoswipe-wrapper\">L\u2019Ufficio studi della CGIA ricorda che i mancati pagamenti appena descritti non includono anche quelli ascrivibili alle regioni, agli enti locali (province, comuni, comunit\u00e0 montane, etc.) e alla sanit\u00e0. Settori, questi ultimi, che da sempre presentano tempi di pagamento (medi e ponderati) e debiti commerciali nettamente superiori a quelli registrati dallo Stato centrale. Pertanto, la denuncia sollevata \u00e8 solo la punta dell\u2019iceberg di un malcostume che, purtroppo, attanaglia tutta la nost<a class=\"dt-pswp-item pspw-wrap-ready\" href=\"https:\/\/www.radiopiu.net\/wordpress\/wp-content\/uploads\/2022\/07\/Schermata-2022-07-02-alle-08.45.48.png\" data-dt-img-description=\"\" data-large_image_width=\"1270\" data-large_image_height=\"836\"><img loading=\"lazy\" decoding=\"async\" class=\"alignleft size-medium wp-image-284812\" src=\"https:\/\/www.radiopiu.net\/wordpress\/wp-content\/uploads\/2022\/07\/Schermata-2022-07-02-alle-08.45.48-300x197.png\" sizes=\"auto, (max-width: 300px) 100vw, 300px\" srcset=\"https:\/\/www.radiopiu.net\/wordpress\/wp-content\/uploads\/2022\/07\/Schermata-2022-07-02-alle-08.45.48-300x197.png 300w, https:\/\/www.radiopiu.net\/wordpress\/wp-content\/uploads\/2022\/07\/Schermata-2022-07-02-alle-08.45.48-1024x674.png 1024w, https:\/\/www.radiopiu.net\/wordpress\/wp-content\/uploads\/2022\/07\/Schermata-2022-07-02-alle-08.45.48-768x506.png 768w, https:\/\/www.radiopiu.net\/wordpress\/wp-content\/uploads\/2022\/07\/Schermata-2022-07-02-alle-08.45.48.png 1270w\" alt=\"\" width=\"300\" height=\"197\" \/><\/a>ra PA.<br \/>\n<strong>Almeno 55,6 miliardi ancora da pagare<\/strong><br \/>\nLo stock dei debiti commerciali di parte corrente dell\u2019intera nostra Pubblica Amministrazione (PA) continua a crescere: nel 2021, ultima rilevazione presentata nei mesi scorsi4 , ha toccato il record di 55,6 miliardi di euro (Graf. 1). Una cifra che rapportata al nostro Pil nazionale \u00e8 pari al 3,1 per cento: nessun altro Paese dell\u2019UE a 27 registra uno score cos\u00ec negativo. Dei nostri principali competitor commerciali, ad esempio, i debiti di parte corrente sul Pil della Spagna sono pari allo 0,8 per cento, nei Paesi Bassi all\u20191,2 per cento, in Francia all\u20191,4 per cento e in Germania all\u20191,6 per cento. Persino la Grecia, che l\u2019anno scorso aveva un rapporto debito pubblico\/Pil che sfiorava il 203 per cento, presenta un\u2019incidenza dei debiti commerciali sul Pil quasi la met\u00e0 della nostra: 1,7 per cento (Graf. 2).<\/p>\n<p class=\"photoswipe-wrapper\"><strong>La Corte di Giustizia europea ci ha gi\u00e0 condannati<\/strong><br \/>\nCon la sentenza pubblicata il 28 gennaio 2020, la Corte di Giustizia Europea ha affermato che l\u2019Italia ha violato l\u2019art. 4 della direttiva UE 2011\/7 sui tempi di pagamento nelle transazioni\u00a0<a class=\"dt-pswp-item pspw-wrap-ready\" href=\"https:\/\/www.radiopiu.net\/wordpress\/wp-content\/uploads\/2022\/07\/Schermata-2022-07-02-alle-08.46.02.png\" data-dt-img-description=\"\" data-large_image_width=\"1270\" data-large_image_height=\"822\"><img loading=\"lazy\" decoding=\"async\" class=\"alignleft size-medium wp-image-284811\" src=\"https:\/\/www.radiopiu.net\/wordpress\/wp-content\/uploads\/2022\/07\/Schermata-2022-07-02-alle-08.46.02-300x194.png\" sizes=\"auto, (max-width: 300px) 100vw, 300px\" srcset=\"https:\/\/www.radiopiu.net\/wordpress\/wp-content\/uploads\/2022\/07\/Schermata-2022-07-02-alle-08.46.02-300x194.png 300w, https:\/\/www.radiopiu.net\/wordpress\/wp-content\/uploads\/2022\/07\/Schermata-2022-07-02-alle-08.46.02-1024x663.png 1024w, https:\/\/www.radiopiu.net\/wordpress\/wp-content\/uploads\/2022\/07\/Schermata-2022-07-02-alle-08.46.02-768x497.png 768w, https:\/\/www.radiopiu.net\/wordpress\/wp-content\/uploads\/2022\/07\/Schermata-2022-07-02-alle-08.46.02.png 1270w\" alt=\"\" width=\"300\" height=\"194\" \/><\/a>commerciali tra amministrazioni pubbliche e imprese private. Sebbene in questi ultimi anni i ritardi medi con cui vengono saldate le fatture in Italia siano in leggero calo, nel 2021 la Commissione europea ha inviato al Governo Draghi una lettera di messa in mora sul mancato rispetto delle disposizioni previste dalla direttiva europea approvata 10 anni fa. Infine, un\u2019altra procedura ancora aperta contro il nostro Paese riguarda il codice dei contratti pubblici che prevede un termine di pagamento di 45 giorni, quando a livello comunitario la scadenza, invece, \u00e8 di 30 giorni.<\/p>\n<p><strong>Le imprese devono compensare i debiti fiscali con crediti commerciali<\/strong><br \/>\nPer risolvere questa annosa questione che sta mettendo a dura prova tantissime Pmi, per l\u2019Ufficio studi della CGIA c\u2019\u00e8 solo una cosa da fare: prevedere per legge la compensazione secca, diretta e universale tra i crediti certi liquidi ed esigibili maturati da una impresa nei confronti della PA e i debiti fiscali e contributivi che la stessa deve onorare all\u2019erario. Grazie a questo automatismo risolveremmo un problema che ci trasciniamo appresso da decenni. E finalmente, pare ci sia qualche segnale che va nella giusta direzione. In sede di conversione in legge del Decreto aiuti, gioved\u00ec scorso le Commissioni Finanze e Bilancio della Camera hanno approvato un emendamento che renderebbe strutturale la proposta richiamata pi\u00f9 sopra. Ora non resta che incrociare le dita e attendere fiduciosi.<\/p>\n<p><em>1 Include solo ministeri e altri organi statali aventi autonomia contabile e finanziaria, come ad esempio, il Parlamento, la Presidenza del Consiglio dei Ministri, la Corte dei Conti, il Consiglio di Stato, le Agenzie fiscali e gli istituti di istruzione di ogni ordine e grado.<\/em><br \/>\n<em>2 Dal 2013, a seguito del recepimento nel nostro ordinamento della normativa europea (Direttiva UE\/2011\/7), i tempi di pagamento nelle transazioni commerciali tra enti pubblici italiani e aziende private non possono superare di norma i 30 giorni (60 per alcune tipologie di forniture, in particolare quelle sanitarie).<\/em><br \/>\n<em>3 Relazione sul rendiconto generale dello Stato 2021, Volume I, I conti dello Stato e delle politiche di bilancio 2021, Tomo I, 24 giugno 2022.<\/em><br \/>\n<em>4 Eurostat, \u201cNote on stock of liabilities of trade credits and advances\u201d, (23 april 2022)<\/em><\/p>\n<p>&nbsp;<\/p>\n<p>&nbsp;<\/p>\n<hr \/>\n<p>&nbsp;<\/p>\n<blockquote>\n<h3>ACQUA INQUINATA<\/h3>\n<\/blockquote>\n<p><strong><a class=\"dt-pswp-item\" href=\"https:\/\/www.radiopiu.net\/wordpress\/wp-content\/uploads\/2018\/08\/ACQUA.jpeg\" data-dt-img-description=\"\" data-large_image_width=\"1280\" data-large_image_height=\"768\"><img loading=\"lazy\" decoding=\"async\" class=\"alignleft wp-image-57052 \" src=\"https:\/\/www.radiopiu.net\/wordpress\/wp-content\/uploads\/2018\/08\/ACQUA-300x180.jpeg\" alt=\"\" width=\"153\" height=\"92\" srcset=\"https:\/\/www.radiopiu.net\/wordpress\/wp-content\/uploads\/2018\/08\/ACQUA-300x180.jpeg 300w, https:\/\/www.radiopiu.net\/wordpress\/wp-content\/uploads\/2018\/08\/ACQUA-768x461.jpeg 768w, https:\/\/www.radiopiu.net\/wordpress\/wp-content\/uploads\/2018\/08\/ACQUA-1024x614.jpeg 1024w, https:\/\/www.radiopiu.net\/wordpress\/wp-content\/uploads\/2018\/08\/ACQUA.jpeg 1280w\" sizes=\"auto, (max-width: 153px) 100vw, 153px\" \/><\/a>SAN TOMASO<\/strong> Gestione Servizi Pubblici informa che a SAN TOMASO AGORDINO in localit\u00e0 PIANEZZE l&#8217;acqua \u00e8 di nuovo potabile. Ancora inquinata nelle altre frazioni: CELAT,CHIEA,TOCOL, FONTANELLE E COL ZARESE.<\/p>\n<p><strong>GOSALDO<\/strong> Gestione Servizi Pubblici informa che in TUTTO il Comune di GOSALDO l&#8217;acqua erogata dall&#8217;acquedotto \u00e8 di nuovo potabile e pu\u00f2 essere usata, quindi, per scopi alimentari.<\/p>\n<p><strong>LIVINALLONGO<\/strong> Gestione Servizi Pubblici informa che a LIVINALLONGO DEL COL DI LANA nelle localit\u00e0 AL FAURO, CREPAZ, RENAZ, RUAZ, PEZZEI, S. GIOVANNI e FOSSAL l&#8217;acqua erogata dall&#8217;acquedotto non \u00e8 potabile e pu\u00f2 essere usata per scopi alimentari SOLO PREVIA bollitura. GSP ha, comunque, gi\u00e0 adottato le necessarie misure per la disinfezione dell&#8217;acqua presente nei serbatoi e nella rete idrica con l&#8217;aggiunta di cloro.<\/p>\n<p>&nbsp;<\/p>\n<p>&nbsp;<\/p>\n<hr \/>\n<p>&nbsp;<\/p>\n<blockquote>\n<h3>PROROGATA LA CHIUSURA DELLA STRADA TRA CROSTOLIN E LE RONCHE<\/h3>\n<\/blockquote>\n<p><strong>LA VALLE AGORDINA<\/strong>\u00a0 Sul Ponte \u201cDel Felice\u201d tra Crostolin e Le Ronche: chiusura della strada\u00a0 fino al 8 luglio per consentire alla ditta incaricata di effettuare le opere,\u00a0 interdizione totale al transito veicolare e pedonale. La Ditta che sta eseguendo i lavori ha comunicato che serve ancora un periodo di chiusura . Al riguardo \u00e8 stata prorogata fino all&#8217;8 luglio l&#8217;ordinanza che dispone la chiusura della strada.<\/p>\n<h3><\/h3>\n<p>&nbsp;<\/p>\n<hr \/>\n<p>&nbsp;<\/p>\n<blockquote>\n<h3>RIAPERTA VIA ALZAIA A BELLUNO, MA CON INVERSIONE DI MARCIA<\/h3>\n<\/blockquote>\n<p><strong><a class=\"dt-pswp-item\" href=\"https:\/\/www.radiopiu.net\/wordpress\/wp-content\/uploads\/2018\/07\/ponte-bailey.jpg\" data-dt-img-description=\"\" data-large_image_width=\"300\" data-large_image_height=\"227\"><img loading=\"lazy\" decoding=\"async\" class=\"size-thumbnail wp-image-53317 alignleft\" src=\"https:\/\/www.radiopiu.net\/wordpress\/wp-content\/uploads\/2018\/07\/ponte-bailey-150x150.jpg\" alt=\"\" width=\"150\" height=\"150\" \/><\/a>BELLUNO<\/strong> In riferimento ai lavori di manutenzione da effettuare sul ponte Bailey, che prevedeva l&#8217;istituzione del senso unico di circolazione sul ponte e del divieto di transito in via Alzaia, valutate le condizioni di sicurezza con la ditta esecutrice dei lavori, si e\u0300 convenuto di poter aprire al traffico la via Alzaia, invertendone anche il normale senso di marcia, dando la possibilita\u0300 di transitare con direzione da Borgo Piave a Lambioi. Si rendera\u0300, cosi\u0300, piu\u0300 breve il transito dei veicoli in entrata a Belluno dal Ponte della Vittoria e diretto verso il parcheggio di Lambioi, con benefici influssi anche sulla fluidita\u0300 del traffico che cosi\u0300 non gravera\u0300 sull\u2019abitato di Borgo Piave. Viene, quindi, modificata la precedente ordinanza, limitatamente alla riapertura al traffico di via Alzaia, con la contestuale inversione del normale senso unico di marcia, prevedendolo nell\u2019unica direzione da Borgo Piave a Lambioi, temporaneamente, dal 29 giugno al 15 luglio, o comunque fino al termine dei lavori sul ponte Bailey.<\/p>\n<p>&nbsp;<\/p>\n<p>&nbsp;<\/p>\n<hr \/>\n<p>&nbsp;<\/p>\n<blockquote>\n<h3>DOMENICA 17 LUGLIO LE COMMEMORAZIONI DEL SACRIFICIO DEI PARTIGIANI<\/h3>\n<\/blockquote>\n<p><strong><a class=\"dt-pswp-item\" href=\"https:\/\/www.radiopiu.net\/wordpress\/wp-content\/uploads\/2022\/07\/partigiani-San-Felice.jpg\" data-dt-img-description=\"\" data-large_image_width=\"768\" data-large_image_height=\"375\"><img loading=\"lazy\" decoding=\"async\" class=\"size-thumbnail wp-image-284766 alignleft\" src=\"https:\/\/www.radiopiu.net\/wordpress\/wp-content\/uploads\/2022\/07\/partigiani-San-Felice-150x150.jpg\" alt=\"\" width=\"150\" height=\"150\" \/><\/a>SEDICO\/BORGO VALBELLUNA<\/strong><\/p>\n<p>di Roberto Bona<\/p>\n<audio class=\"wp-audio-shortcode\" id=\"audio-284776-8\" preload=\"none\" style=\"width: 100%;\" controls=\"controls\"><source type=\"audio\/mpeg\" src=\"https:\/\/www.radiopiu.net\/wordpress\/wp-content\/uploads\/2022\/07\/BONA-LE-COMMEMORAZIONE-DEL-SACRIFICIO-DEI-PARTIGIANI.mp3?_=8\" \/><a href=\"https:\/\/www.radiopiu.net\/wordpress\/wp-content\/uploads\/2022\/07\/BONA-LE-COMMEMORAZIONE-DEL-SACRIFICIO-DEI-PARTIGIANI.mp3\">https:\/\/www.radiopiu.net\/wordpress\/wp-content\/uploads\/2022\/07\/BONA-LE-COMMEMORAZIONE-DEL-SACRIFICIO-DEI-PARTIGIANI.mp3<\/a><\/audio>\n<p>&nbsp;<\/p>\n<hr \/>\n<p>&nbsp;<\/p>\n<blockquote>\n<h3>GLI ALPINI DI CENCENIGHE IN TRASFERTA AD ASIAGO<\/h3>\n<\/blockquote>\n<p><strong>CENCENIGHE<\/strong> \u00c8 in programma per domenica 10 luglio una trasferta ad Asiago per gli alpini di Cencenighe per partecipare al Raduno Triveneto. Soci e simpatizzanti possono aderire alla trasferta scrivendo una mail a segreteria@anacencenighe.it o contattando il 349 9551910 o il 338 9871535. La quota di partecipazione \u00e8 di 30 euro. Il programma: ritrovo al Nof Fil\u00f2 alle 6:20 e partenza alle 6:30, arrivo verso le 9 ad Asiago e rientro in tarda serata.<\/p>\n<p>&nbsp;<\/p>\n<p>&nbsp;<\/p>\n<hr \/>\n<p>&nbsp;<\/p>\n<blockquote>\n<h3><a class=\"dt-pswp-item\" href=\"https:\/\/www.radiopiu.net\/wordpress\/wp-content\/uploads\/2022\/07\/291419494_1433717973722946_3952287628779114212_n.jpg\" data-dt-img-description=\"\" data-large_image_width=\"525\" data-large_image_height=\"274\"><img loading=\"lazy\" decoding=\"async\" class=\" wp-image-284692 alignleft\" src=\"https:\/\/www.radiopiu.net\/wordpress\/wp-content\/uploads\/2022\/07\/291419494_1433717973722946_3952287628779114212_n-150x150.jpg\" alt=\"\" width=\"140\" height=\"140\" \/><\/a>CON I POMPIERI VOLONTARI IN TOUR GASTRONOMICO<\/h3>\n<\/blockquote>\n<p><strong>ROCCA PIETORE<\/strong> Domenica 24 luglio i Pompieri Volontari di Caprile organizzano un tour gastronomico delle caratteristiche baite alpine della Mont da Laste.\u00a0 Partenza prevista per le 11 in localit\u00e0 la Leda appena sopra Laste e poi i partecipanti verranno coccolati con deliziose pietanze lungo tutto il percorso che si snoda attraverso uno dei territori montani pi\u00f9 caratteristici del Comune di Rocca Pietore alla quota di oltre 1700 m.s.l.m. PAGINA FACEBOOK POMPIERI VOLONTARI CAPRILE <span style=\"color: #0000ff;\"><strong><a style=\"color: #0000ff;\" href=\"https:\/\/www.facebook.com\/Pompieri-Volontari-Caprile-632379683856783\">CLICCA QUI<\/a><\/strong><\/span><\/p>\n<p>&nbsp;<\/p>\n<p>&nbsp;<\/p>\n<hr \/>\n<p>&nbsp;<\/p>\n<blockquote>\n<h3>GLI APPUNTAMENTI AL CASTELLO DI ANDRAZ<\/h3>\n<\/blockquote>\n<p><strong>LIVINALLONGO<\/strong> Questi gli appuntamenti al Castello di Andraz per i prossimi giorni. Mercoled\u00ec 6 luglio la prima uscita con le guide naturalistiche di Tramedistoria, con passeggiata ed attivit\u00e0 didattiche e venerd\u00ec 8 luglio alle ore 16:00 \u201cGli dei dell\u2019Olimpo\u201d, spettacolo itinerante con Ana-Thema Teatro (UD).<\/p>\n<p>&nbsp;<\/p>\n<p>&nbsp;<\/p>\n<hr \/>\n<p>&nbsp;<\/p>\n<blockquote>\n<h3>EL CANAL DE AGORT<\/h3>\n<\/blockquote>\n<p><strong>AGORDO<\/strong> Presso il museo in via 5 maggio ad Agordo si pu\u00f2 visitare la mostra &#8220;El Canal De Agort&#8221; storia ed archeologia da San Gottardo alla Conca Agordina. La mostra \u00e8 visitabile dal gioved\u00ec alla domenica dalle 9:30 alle 12:30 e dall 16 alle 19 fino al 4 settembre.<\/p>\n<p>&nbsp;<\/p>\n<p>&nbsp;<\/p>\n<hr \/>\n<p>&nbsp;<\/p>\n<blockquote>\n<h3>AD ALLEGHE LA PRESENTAZIONE DEL NUOVO LIBRO DI LAURA DALLA TORRE<\/h3>\n<\/blockquote>\n<p><strong>ALLEGHE<\/strong> Sabato 9 luglio a partire dalle 18 in sala Stoppani delle scuole elementari ad Alleghe verr\u00e0 presentato il nuovo libro di Laura Dalla Torre dal titolo &#8220;La vita con il pelmo &#8211; Agn pasai auna co l pelf&#8221;. Presenter\u00e0 la serata Celestino Vallazza<\/p>\n<p>&nbsp;<\/p>\n<p>&nbsp;<\/p>\n<hr \/>\n<p>&nbsp;<\/p>\n<blockquote>\n<h3>ECHI DI CORI A MALGA CIAPELA<\/h3>\n<\/blockquote>\n<p><strong>ROCCA PIETORE<\/strong> Sabato 16 luglio a Malga Gran PIan in localit\u00e0 Malga Ciapela e a Sottoguda, il Coro Luned\u00ec di Roma sar\u00e0 in concerto per &#8220;Echi di Cori&#8221;. Alle 11 appuntamento a Malga Ciapela mentre alle 16 la location sar\u00e0 il Borgo di Sottoguda. Entrata a offerta libera.<\/p>\n<p>&nbsp;<\/p>\n<p>&nbsp;<\/p>\n<hr \/>\n<p>&nbsp;<\/p>\n<p>&nbsp;<\/p>\n<hr \/>\n<p>&nbsp;<\/p>\n<h2><span style=\"color: #ff0000;\">IERI ALLA RADIO<\/span><\/h2>\n<h2><strong><a class=\"dt-pswp-item\" href=\"https:\/\/www.radiopiu.net\/wordpress\/wp-content\/uploads\/2020\/12\/DON-GIORGIO-LISE.jpg\" data-dt-img-description=\"\" data-large_image_width=\"1600\" data-large_image_height=\"901\"><img loading=\"lazy\" decoding=\"async\" class=\"size-thumbnail wp-image-177420 alignleft\" src=\"https:\/\/www.radiopiu.net\/wordpress\/wp-content\/uploads\/2020\/12\/DON-GIORGIO-LISE-150x150.jpg\" alt=\"\" width=\"150\" height=\"150\" \/><\/a><\/strong><span style=\"color: #666699;\">DUE MINUTI PER TE<\/span><\/h2>\n<p><strong>APPUNTAMENTO DELLA DOMENICA CON MONSIGNOR GIORGIO LISE<\/strong><\/p>\n<audio class=\"wp-audio-shortcode\" id=\"audio-284776-9\" preload=\"none\" style=\"width: 100%;\" controls=\"controls\"><source type=\"audio\/mpeg\" src=\"https:\/\/www.radiopiu.net\/wordpress\/wp-content\/uploads\/2022\/07\/DON-GIORGIO.mp3?_=9\" \/><a href=\"https:\/\/www.radiopiu.net\/wordpress\/wp-content\/uploads\/2022\/07\/DON-GIORGIO.mp3\">https:\/\/www.radiopiu.net\/wordpress\/wp-content\/uploads\/2022\/07\/DON-GIORGIO.mp3<\/a><\/audio>\n<p>&nbsp;<\/p>\n<hr \/>\n<p>&nbsp;<\/p>\n<blockquote>\n<h2><span style=\"color: #800080;\">STORIE A QUATTROCCHI<br \/>\nOGGI ALLE 9 E ALLE 18 LA NUOVA PUNTATA CON ELENA E STEFANIA<\/span><\/h2>\n<\/blockquote>\n<p>LA PUNTATA DI MERCOLEDI<\/p>\n<audio class=\"wp-audio-shortcode\" id=\"audio-284776-10\" preload=\"none\" style=\"width: 100%;\" controls=\"controls\"><source type=\"audio\/mpeg\" src=\"https:\/\/www.radiopiu.net\/wordpress\/wp-content\/uploads\/2022\/06\/QOCCHI11.mp3?_=10\" \/><a href=\"https:\/\/www.radiopiu.net\/wordpress\/wp-content\/uploads\/2022\/06\/QOCCHI11.mp3\">https:\/\/www.radiopiu.net\/wordpress\/wp-content\/uploads\/2022\/06\/QOCCHI11.mp3<\/a><\/audio>\n<p><strong>LA RACCOLTA COMPLETA\u00a0<\/strong><\/p>\n<blockquote class=\"wp-embedded-content\" data-secret=\"rgd943ZuYz\"><p><a href=\"https:\/\/www.radiopiu.net\/wordpress\/storie-a-quattrocchi\/\">Storie a quattrocchi<\/a><\/p><\/blockquote>\n<p><iframe loading=\"lazy\" class=\"wp-embedded-content\" sandbox=\"allow-scripts\" security=\"restricted\" style=\"position: absolute; clip: rect(1px, 1px, 1px, 1px);\" title=\"&#8220;Storie a quattrocchi&#8221; &#8212; Radio Pi\u00f9\" src=\"https:\/\/www.radiopiu.net\/wordpress\/storie-a-quattrocchi\/embed\/#?secret=lrnAuaaJyn#?secret=rgd943ZuYz\" data-secret=\"rgd943ZuYz\" width=\"600\" height=\"338\" frameborder=\"0\" marginwidth=\"0\" marginheight=\"0\" scrolling=\"no\"><\/iframe><\/p>\n<p>&nbsp;<\/p>\n<hr \/>\n<p>&nbsp;<\/p>\n<h2><\/h2>\n<h2><span style=\"color: #008080;\">&#8220;DINTORN E FORA VIA&#8221; A CURA DEL MUSLA, IL NUOVO PROGRAMMA\u00a0 \u00a0<\/span><\/h2>\n<p><strong><a class=\"dt-pswp-item\" href=\"https:\/\/www.radiopiu.net\/wordpress\/wp-content\/uploads\/2022\/05\/51fe5cab-a7bf-4347-b03c-ebdb0d3bcbcb.jpg\" data-dt-img-description=\"\" data-large_image_width=\"566\" data-large_image_height=\"309\"><img loading=\"lazy\" decoding=\"async\" class=\"alignleft wp-image-276220 \" src=\"https:\/\/www.radiopiu.net\/wordpress\/wp-content\/uploads\/2022\/05\/51fe5cab-a7bf-4347-b03c-ebdb0d3bcbcb-300x164.jpg\" alt=\"\" width=\"176\" height=\"96\" srcset=\"https:\/\/www.radiopiu.net\/wordpress\/wp-content\/uploads\/2022\/05\/51fe5cab-a7bf-4347-b03c-ebdb0d3bcbcb-300x164.jpg 300w, https:\/\/www.radiopiu.net\/wordpress\/wp-content\/uploads\/2022\/05\/51fe5cab-a7bf-4347-b03c-ebdb0d3bcbcb.jpg 566w\" sizes=\"auto, (max-width: 176px) 100vw, 176px\" \/><\/a>PUNTATA DEL 28 GIUGNO 2022-\u00a0 ELEONORA TROI<\/strong><\/p>\n<audio class=\"wp-audio-shortcode\" id=\"audio-284776-11\" preload=\"none\" style=\"width: 100%;\" controls=\"controls\"><source type=\"audio\/mpeg\" src=\"https:\/\/www.radiopiu.net\/wordpress\/wp-content\/uploads\/2022\/06\/MUSLA-3.mp3?_=11\" \/><a href=\"https:\/\/www.radiopiu.net\/wordpress\/wp-content\/uploads\/2022\/06\/MUSLA-3.mp3\">https:\/\/www.radiopiu.net\/wordpress\/wp-content\/uploads\/2022\/06\/MUSLA-3.mp3<\/a><\/audio>\n<p>&nbsp;<\/p>\n<p>&nbsp;<\/p>\n<hr \/>\n<p>&nbsp;<\/p>\n<p><strong>LA RACCOLTA COMPLETA<\/strong><\/p>\n<blockquote class=\"wp-embedded-content\" data-secret=\"yTl4z1VNKa\"><p><a href=\"https:\/\/www.radiopiu.net\/wordpress\/musla\/\">MUSLA<\/a><\/p><\/blockquote>\n<p><iframe loading=\"lazy\" class=\"wp-embedded-content\" sandbox=\"allow-scripts\" security=\"restricted\" style=\"position: absolute; clip: rect(1px, 1px, 1px, 1px);\" title=\"&#8220;MUSLA&#8221; &#8212; Radio Pi\u00f9\" src=\"https:\/\/www.radiopiu.net\/wordpress\/musla\/embed\/#?secret=YWWJRaoVGs#?secret=yTl4z1VNKa\" data-secret=\"yTl4z1VNKa\" width=\"600\" height=\"338\" frameborder=\"0\" marginwidth=\"0\" marginheight=\"0\" scrolling=\"no\"><\/iframe><\/p>\n<h3><\/h3>\n<p>&nbsp;<\/p>\n<hr \/>\n<p>&nbsp;<\/p>\n<blockquote>\n<h3>PREZIOSA ESPLORAZIONE DELLA CONCA ALPAGOTA CON RIFERIMENTO ALLE NUMEROSE OPERE D\u2019ARTE<\/h3>\n<\/blockquote>\n<p>prima puntata<\/p>\n<p><strong>DI RENATO BONA<\/strong><\/p>\n<p>Un notevole contributo al libro \u201cL\u2019Alpago raccontato da Umberto Trame\u201d (edito nel maggio del 1984 dalla Comunit\u00e0 montana all\u2019epoca presieduta da Terzo Lorenzo Barattin, con lo stabilimento tipolitografico \u201cPanfilo Castaldi\u201d di Feltre, per raccontare di un popolo, una civilt\u00e0, un territorio) lo ha sicuramente garantito il prof. Mauro Lucco, autore del capitolo \u201cLe opere d\u2019arte dell\u2019Alpago\u201d (di cui ci occupiamo con questo primo servizio \u2013 ndr.) dopo una \u201cesplorazione della bellissima conca\u201d che nello specifico ha preso il via dal centro del Piano dove sorge il grande albergo San Marco. Lucco ricorda che, nelle vicinanze, fu eretta nel 1769 la chiesetta di Sant\u2019Osvaldo di Northumbria, demolita dopo la seconda guerra mondiale e ricostruita nel 1966 a cura dell\u2019Azienda di Stato per le foreste demaniali. E quanto all\u2019arte scrive: \u201cSi conserva, sulla sinistra guardando l\u2019altare, una bella paletta su tavola, raffigurante il santo titolare; si tratta di un\u2019opera pregevolissima di Giovanni De Min, databile al periodo tardo della sua attivit\u00e0\u2026\u201d. Si sposta quindi a Spert \u201cla cui parrocchiale \u00e8 desolatamente nuda di opere d\u2019arte\u201d e prosegue fino a Valdenogher dove pure la chiesa \u00e8 spoglia con l\u2019eccezione di un dipinto ottocentesco sulla parte sinistra, fatto eseguire da devoti del luogo emigrati a Venezia. Scende quindi a Farra, rilevando che nella parrocchiale \u201csul primo e sul secondo altare a destra, vi sono due dipinti moderni firmati \u2018Soldera\u2019 quindi una tela settecentesca che si dimostra palesemente della stessa mano che dipinse le migliori tra le figure dei dodici Apostoli sulle pareti laterali del Duomo di Belluno, vale a dire il pittore alpagoto (si ritiene nativo di Pieve) Flaminio Grapinelli\u201d. Sulla sinistra del presbiterio di fronte ad un altro dipinto del Soldera, \u00e8 appesa una teletta assai rovinata, raffigurante l\u2019Ultima Cena che risale al XVIII secolo. All\u2019ingresso due statue reggicero, in legno intagliato \u201cche si impongono stilisticamente per opere di Andrea Brustolon\u201d. Altre quattro sono vicine all\u2019altare di sinistra, su cui figura un gruppo ligneo con le tre statue del Crocefisso, della Madonna dolente e di San Giovanni Evangelista di straordinaria qualit\u00e0\u201d. Ancora per Farra, Lucco cita la chiesetta di San Vigilio, una delle pi\u00f9 antiche dell\u2019Alpago (una lastra di pietra nel ripostiglio, \u00e8 decorata a motivi che parrebbero risalire al X-XI secolo. Ancora l\u2019autore: \u201cIl bell\u2019altare, intagliato in legno, reca dietro al tabernacolo la data 1626; \u00e8 accostabile stilisticamente all\u2019altare di Sottoguda e a quello di Pecol di Zoldo ed \u00e8 perci\u00f2 da attribuire all\u2019intagliatore bellunese Giacomo Costantini\u201d. Al suo interno vi \u00e8 una paletta, un po\u2019 naif, del tardo Settecento e di una mano ignota, la stessa dell\u2019altra tela sulla parete sinistra. Sopra la porta di destra la pala con la \u201cMadonna col Bambino, Sant\u2019Antonio e Sant\u2019Osvaldo\u201d che \u201csembrerebbe rivelare i modi di Agostino Ridolfi anche se il giudizio \u00e8 ostacolato dalle vistose ridipinture\u201d. Trasferimento a Puos dove, nella parrocchiale, il primo altare a sinistra propone la figura di Sant\u2019Antonio da Padova del pittore bellunese Francesco Bettio, firmato e datato 1890; ancora: una \u201cMadonna col Bambino fra San Domenico e San Francesco, sul secondo altare di sinistra, pure di Bettio. L\u2019altare maggiore offre la visione di una bella pala di Francesco Frigimelica con la \u201cMadonna col Bambino, San Bartolomeo e San Nicola\u201d, del secondo decennio del Seicento. Assai pi\u00f9 modesto &#8211; per Lucco &#8211; il grado delle opere della chiesa: un Crocefisso intagliato ed una paletta pure del XVIII secolo. Ed eccoci a Cornei dove la chiesetta \u201cpiuttosto spoglia\u201doffre un \u201cCristo Redentore e Santi sull\u2019altare maggiore, opera forse di Antonio Gabrieli, bellunese. Si sale a Palughetto dove la piccolissima chiesa frazionale accoglie un bell\u2019altare in pietra, forse di fine Settecento. A Borsoi la pala dell\u2019altar maggiore reca una scritta: \u201cPaolo Fanello fece far del suo 1680\u201d che farebbe propendere per un lavoro di Agostino Ridolfi, il maggior artista bellunese del Seicento.<\/p>\n\n\t\t\t<style type='text\/css'>\n\t\t\t\t#gallery-9 {\n\t\t\t\t\tmargin: auto;\n\t\t\t\t}\n\t\t\t\t#gallery-9 .gallery-item {\n\t\t\t\t\tfloat: left;\n\t\t\t\t\tmargin-top: 10px;\n\t\t\t\t\ttext-align: center;\n\t\t\t\t\twidth: 25%;\n\t\t\t\t}\n\t\t\t\t#gallery-9 img {\n\t\t\t\t\tborder: 2px solid #cfcfcf;\n\t\t\t\t}\n\t\t\t\t#gallery-9 .gallery-caption {\n\t\t\t\t\tmargin-left: 0;\n\t\t\t\t}\n\t\t\t\t\/* see gallery_shortcode() in wp-includes\/media.php *\/\n\t\t\t<\/style>\n\t\t<div id='gallery-9' class='dt-gallery-container gallery galleryid-284776 gallery-columns-4 gallery-size-thumbnail'><dl class='gallery-item'>\n\t\t\t\t<dt class='gallery-icon portrait'>\n\t\t\t\t\t<a class=\"rollover rollover-zoom dt-pswp-item\" title=\"291607967_1088557522018540_1244099839975667279_n\" data-dt-img-description=\"\" data-large_image_width=\"158\" data-large_image_height=\"280\"href='https:\/\/www.radiopiu.net\/wordpress\/wp-content\/uploads\/2022\/07\/291607967_1088557522018540_1244099839975667279_n.jpg'><img loading=\"lazy\" decoding=\"async\" width=\"150\" height=\"150\" src=\"https:\/\/www.radiopiu.net\/wordpress\/wp-content\/uploads\/2022\/07\/291607967_1088557522018540_1244099839975667279_n-150x150.jpg\" class=\"attachment-thumbnail size-thumbnail\" alt=\"\" \/><\/a>\n\t\t\t\t<\/dt><\/dl><dl class='gallery-item'>\n\t\t\t\t<dt class='gallery-icon portrait'>\n\t\t\t\t\t<a class=\"rollover rollover-zoom dt-pswp-item\" title=\"291425552_396735519098678_5125756891786164360_n\" data-dt-img-description=\"\" data-large_image_width=\"114\" data-large_image_height=\"128\"href='https:\/\/www.radiopiu.net\/wordpress\/wp-content\/uploads\/2022\/07\/291425552_396735519098678_5125756891786164360_n.jpg'><img loading=\"lazy\" decoding=\"async\" width=\"114\" height=\"128\" src=\"https:\/\/www.radiopiu.net\/wordpress\/wp-content\/uploads\/2022\/07\/291425552_396735519098678_5125756891786164360_n.jpg\" class=\"attachment-thumbnail size-thumbnail\" alt=\"\" \/><\/a>\n\t\t\t\t<\/dt><\/dl><dl class='gallery-item'>\n\t\t\t\t<dt class='gallery-icon portrait'>\n\t\t\t\t\t<a class=\"rollover rollover-zoom dt-pswp-item\" title=\"289041192_1089947495209114_5512405073709335049_n\" data-dt-img-description=\"\" data-large_image_width=\"194\" data-large_image_height=\"206\"href='https:\/\/www.radiopiu.net\/wordpress\/wp-content\/uploads\/2022\/07\/289041192_1089947495209114_5512405073709335049_n.jpg'><img loading=\"lazy\" decoding=\"async\" width=\"150\" height=\"150\" src=\"https:\/\/www.radiopiu.net\/wordpress\/wp-content\/uploads\/2022\/07\/289041192_1089947495209114_5512405073709335049_n-150x150.jpg\" class=\"attachment-thumbnail size-thumbnail\" alt=\"\" \/><\/a>\n\t\t\t\t<\/dt><\/dl><dl class='gallery-item'>\n\t\t\t\t<dt class='gallery-icon portrait'>\n\t\t\t\t\t<a class=\"rollover rollover-zoom dt-pswp-item\" title=\"291016511_305539731712444_5106480795204542262_n\" data-dt-img-description=\"\" data-large_image_width=\"70\" data-large_image_height=\"137\"href='https:\/\/www.radiopiu.net\/wordpress\/wp-content\/uploads\/2022\/07\/291016511_305539731712444_5106480795204542262_n.jpg'><img loading=\"lazy\" decoding=\"async\" width=\"70\" height=\"137\" src=\"https:\/\/www.radiopiu.net\/wordpress\/wp-content\/uploads\/2022\/07\/291016511_305539731712444_5106480795204542262_n.jpg\" class=\"attachment-thumbnail size-thumbnail\" alt=\"\" \/><\/a>\n\t\t\t\t<\/dt><\/dl><br style=\"clear: both\" \/><dl class='gallery-item'>\n\t\t\t\t<dt class='gallery-icon portrait'>\n\t\t\t\t\t<a class=\"rollover rollover-zoom dt-pswp-item\" title=\"290801018_1190856385082649_3892928421072252279_n\" data-dt-img-description=\"\" data-large_image_width=\"155\" data-large_image_height=\"206\"href='https:\/\/www.radiopiu.net\/wordpress\/wp-content\/uploads\/2022\/07\/290801018_1190856385082649_3892928421072252279_n.jpg'><img loading=\"lazy\" decoding=\"async\" width=\"150\" height=\"150\" src=\"https:\/\/www.radiopiu.net\/wordpress\/wp-content\/uploads\/2022\/07\/290801018_1190856385082649_3892928421072252279_n-150x150.jpg\" class=\"attachment-thumbnail size-thumbnail\" alt=\"\" \/><\/a>\n\t\t\t\t<\/dt><\/dl><dl class='gallery-item'>\n\t\t\t\t<dt class='gallery-icon landscape'>\n\t\t\t\t\t<a class=\"rollover rollover-zoom dt-pswp-item\" title=\"289614959_597207555300922_1965346913446726655_n\" data-dt-img-description=\"\" data-large_image_width=\"259\" data-large_image_height=\"206\"href='https:\/\/www.radiopiu.net\/wordpress\/wp-content\/uploads\/2022\/07\/289614959_597207555300922_1965346913446726655_n.jpg'><img loading=\"lazy\" decoding=\"async\" width=\"150\" height=\"150\" src=\"https:\/\/www.radiopiu.net\/wordpress\/wp-content\/uploads\/2022\/07\/289614959_597207555300922_1965346913446726655_n-150x150.jpg\" class=\"attachment-thumbnail size-thumbnail\" alt=\"\" \/><\/a>\n\t\t\t\t<\/dt><\/dl><dl class='gallery-item'>\n\t\t\t\t<dt class='gallery-icon portrait'>\n\t\t\t\t\t<a class=\"rollover rollover-zoom dt-pswp-item\" title=\"290267568_3226966354245570_5184178980067069951_n\" data-dt-img-description=\"\" data-large_image_width=\"153\" data-large_image_height=\"260\"href='https:\/\/www.radiopiu.net\/wordpress\/wp-content\/uploads\/2022\/07\/290267568_3226966354245570_5184178980067069951_n.jpg'><img loading=\"lazy\" decoding=\"async\" width=\"150\" height=\"150\" src=\"https:\/\/www.radiopiu.net\/wordpress\/wp-content\/uploads\/2022\/07\/290267568_3226966354245570_5184178980067069951_n-150x150.jpg\" class=\"attachment-thumbnail size-thumbnail\" alt=\"\" \/><\/a>\n\t\t\t\t<\/dt><\/dl><dl class='gallery-item'>\n\t\t\t\t<dt class='gallery-icon landscape'>\n\t\t\t\t\t<a class=\"rollover rollover-zoom dt-pswp-item\" title=\"289086769_379499494068678_7071055982518053139_n\" data-dt-img-description=\"\" data-large_image_width=\"270\" data-large_image_height=\"187\"href='https:\/\/www.radiopiu.net\/wordpress\/wp-content\/uploads\/2022\/07\/289086769_379499494068678_7071055982518053139_n.jpg'><img loading=\"lazy\" decoding=\"async\" width=\"150\" height=\"150\" src=\"https:\/\/www.radiopiu.net\/wordpress\/wp-content\/uploads\/2022\/07\/289086769_379499494068678_7071055982518053139_n-150x150.jpg\" class=\"attachment-thumbnail size-thumbnail\" alt=\"\" \/><\/a>\n\t\t\t\t<\/dt><\/dl><br style=\"clear: both\" \/>\n\t\t\t<\/div>\n\n<p>&nbsp;<\/p>\n<p>NELLE FOTO (riproduzioni dal libro \u201cL\u2019Alpago raccontato da Umberto Trame\u201d e siti: Mapio, Pic.Click; Belluno Press; Wikipedia,): Piano del Cansiglio, chiesetta di Sant\u2019Osvaldo: di Giovanni De Min \u201cSant\u2019Osvaldo da Northumbria\u201d; il prof. Mauro Lucco; la chiesa di Spert; c\u2019\u00e8 un dipinto ottocentesco nella chiesa di Valdenogher, voluto dagli emigranti a Venezia; la parrocchiale di Farra d\u2019Alpago; la chiesetta di San Vigilio; parrocchiale di Puos; la piccola chiesa di Borsoi. (1 &#8211; continua)<\/p>\n<hr \/>\n<p>&nbsp;<\/p>\n<p>&nbsp;<\/p>\n<div>\n<div class=\"b654a4as d2edcug0\">\n<div class=\"rq0escxv hkbzh7o3 jwdofwj8 n8tt0mok r8blr3vg hyh9befq\">\n<p><a class=\"dt-pswp-item\" href=\"https:\/\/www.radiopiu.net\/wordpress\/wp-content\/uploads\/2020\/10\/pp.jpg\" data-dt-img-description=\"\" data-large_image_width=\"640\" data-large_image_height=\"640\"><img loading=\"lazy\" decoding=\"async\" class=\"wp-image-163678 alignleft\" src=\"https:\/\/www.radiopiu.net\/wordpress\/wp-content\/uploads\/2020\/10\/pp-300x300.jpg\" alt=\"\" width=\"106\" height=\"106\" srcset=\"https:\/\/www.radiopiu.net\/wordpress\/wp-content\/uploads\/2020\/10\/pp-300x300.jpg 300w, https:\/\/www.radiopiu.net\/wordpress\/wp-content\/uploads\/2020\/10\/pp-150x150.jpg 150w, https:\/\/www.radiopiu.net\/wordpress\/wp-content\/uploads\/2020\/10\/pp-125x125.jpg 125w, https:\/\/www.radiopiu.net\/wordpress\/wp-content\/uploads\/2020\/10\/pp-200x200.jpg 200w, https:\/\/www.radiopiu.net\/wordpress\/wp-content\/uploads\/2020\/10\/pp-80x80.jpg 80w, https:\/\/www.radiopiu.net\/wordpress\/wp-content\/uploads\/2020\/10\/pp-480x480.jpg 480w, https:\/\/www.radiopiu.net\/wordpress\/wp-content\/uploads\/2020\/10\/pp.jpg 640w\" sizes=\"auto, (max-width: 106px) 100vw, 106px\" \/><\/a><\/p>\n<\/div>\n<\/div>\n<\/div>\n<div>\n<div class=\"page-title-head hgroup\">\n<div class=\"page-title-head hgroup\">\n<div class=\"b654a4as d2edcug0\">\n<div class=\"j83agx80 btwxx1t3 lhclo0ds hop8lmos nkwizq5d scwd0bx6 roh60bw9\">\n<div class=\"rq0escxv hkbzh7o3 jwdofwj8 n8tt0mok r8blr3vg hyh9befq\">\n<div class=\"do00u71z l9j0dhe7 k4urcfbm\">\n<h2><span style=\"color: #000080;\">DON CESARE, IL PENSIERO DEL GIORNO. ALLA RADIO ALLE 7 DEL MATTINO E ALLE 19.30 DELLA SERA.\u00a0<\/span><\/h2>\n<\/div>\n<audio class=\"wp-audio-shortcode\" id=\"audio-284776-12\" preload=\"none\" style=\"width: 100%;\" controls=\"controls\"><source type=\"audio\/mpeg\" src=\"https:\/\/www.radiopiu.net\/wordpress\/wp-content\/uploads\/2022\/07\/cesare.mp3?_=12\" \/><a href=\"https:\/\/www.radiopiu.net\/wordpress\/wp-content\/uploads\/2022\/07\/cesare.mp3\">https:\/\/www.radiopiu.net\/wordpress\/wp-content\/uploads\/2022\/07\/cesare.mp3<\/a><\/audio>\n<\/div>\n<\/div>\n<\/div>\n<\/div>\n<\/div>\n<\/div>\n<p>&nbsp;<\/p>\n<hr \/>\n<p>&nbsp;<\/p>\n<div class=\"do00u71z l9j0dhe7 k4urcfbm\">\n<div class=\"page-title-head hgroup\">\n<div class=\"page-title-head hgroup\">\n<div class=\"b654a4as d2edcug0\">\n<div class=\"j83agx80 btwxx1t3 lhclo0ds hop8lmos nkwizq5d scwd0bx6 roh60bw9\">\n<div class=\"rq0escxv hkbzh7o3 jwdofwj8 n8tt0mok r8blr3vg hyh9befq\">\n<div class=\"do00u71z l9j0dhe7 k4urcfbm\">\n<div class=\"page-title-head hgroup\">\n<div class=\"page-title-head hgroup\">\n<div class=\"b654a4as d2edcug0\">\n<div class=\"j83agx80 btwxx1t3 lhclo0ds hop8lmos nkwizq5d scwd0bx6 roh60bw9\">\n<div class=\"rq0escxv hkbzh7o3 jwdofwj8 n8tt0mok r8blr3vg hyh9befq\">\n<div class=\"do00u71z l9j0dhe7 k4urcfbm\">\n<div class=\"ecm0bbzt e5nlhep0 a8c37x1j\">\n<div class=\"kvgmc6g5 cxmmr5t8 oygrvhab hcukyx3x c1et5uql\">\n<div class=\"gmail-kvgmc6g5 gmail-cxmmr5t8 gmail-oygrvhab gmail-hcukyx3x gmail-c1et5uql gmail-ii04i59q\">\n<div class=\"page-title-head hgroup\">\n<div class=\"page-title-head hgroup\">\n<div class=\"b654a4as d2edcug0\">\n<div class=\"j83agx80 btwxx1t3 lhclo0ds hop8lmos nkwizq5d scwd0bx6 roh60bw9\">\n<div class=\"rq0escxv hkbzh7o3 jwdofwj8 n8tt0mok r8blr3vg hyh9befq\">\n<div class=\"do00u71z l9j0dhe7 k4urcfbm\">\n<div class=\"page-title-head hgroup\">\n<div class=\"page-title-head hgroup\">\n<div class=\"b654a4as d2edcug0\">\n<div class=\"j83agx80 btwxx1t3 lhclo0ds hop8lmos nkwizq5d scwd0bx6 roh60bw9\">\n<div class=\"rq0escxv hkbzh7o3 jwdofwj8 n8tt0mok r8blr3vg hyh9befq\">\n<div class=\"do00u71z l9j0dhe7 k4urcfbm\">\n<div class=\"page-title-head hgroup\">\n<div class=\"page-title-head hgroup\">\n<div class=\"b654a4as d2edcug0\">\n<div class=\"j83agx80 btwxx1t3 lhclo0ds hop8lmos nkwizq5d scwd0bx6 roh60bw9\">\n<div class=\"rq0escxv hkbzh7o3 jwdofwj8 n8tt0mok r8blr3vg hyh9befq\">\n<div class=\"do00u71z l9j0dhe7 k4urcfbm\">\n<div class=\"ecm0bbzt e5nlhep0 a8c37x1j\">\n<div class=\"kvgmc6g5 cxmmr5t8 oygrvhab hcukyx3x c1et5uql\">\n<div class=\"gmail-kvgmc6g5 gmail-cxmmr5t8 gmail-oygrvhab gmail-hcukyx3x gmail-c1et5uql gmail-ii04i59q\">\n<div class=\"page-title-head hgroup\">\n<div class=\"page-title-head hgroup\">\n<div class=\"b654a4as d2edcug0\">\n<div class=\"j83agx80 btwxx1t3 lhclo0ds hop8lmos nkwizq5d scwd0bx6 roh60bw9\">\n<div class=\"rq0escxv hkbzh7o3 jwdofwj8 n8tt0mok r8blr3vg hyh9befq\">\n<div class=\"do00u71z l9j0dhe7 k4urcfbm\">\n<blockquote>\n<h3><span style=\"color: #ff0000;\">IN VIVO VERSO,\u00a0 RIASCOLTIAMOLE DAL LUNEDI AL VENERDI ALLE 7.10, 10.10, 18 50<\/span><\/h3>\n<\/blockquote>\n<p><strong>LA RACCOLTA COMPLETA<\/strong><\/p>\n<h3><\/h3>\n<blockquote class=\"wp-embedded-content\" data-secret=\"0vCddmLvI5\"><p><a href=\"https:\/\/www.radiopiu.net\/wordpress\/in-vivo-verso\/\">In Vivo Verso<\/a><\/p><\/blockquote>\n<p><iframe loading=\"lazy\" class=\"wp-embedded-content\" sandbox=\"allow-scripts\" security=\"restricted\" style=\"position: absolute; clip: rect(1px, 1px, 1px, 1px);\" title=\"&#8220;In Vivo Verso&#8221; &#8212; Radio Pi\u00f9\" src=\"https:\/\/www.radiopiu.net\/wordpress\/in-vivo-verso\/embed\/#?secret=mkYQXSAiXC#?secret=0vCddmLvI5\" data-secret=\"0vCddmLvI5\" width=\"600\" height=\"338\" frameborder=\"0\" marginwidth=\"0\" marginheight=\"0\" scrolling=\"no\"><\/iframe><\/p>\n<p>&nbsp;<\/p>\n<hr \/>\n<p>&nbsp;<\/p>\n<p><span style=\"color: #0000ff;\">MUSICA PIU&#8217;\u00a0<\/span><\/p>\n<p><a href=\"https:\/\/www.radiopiu.net\/wordpress\/giornale-radiopiu-20-settembre-2021-direttore-mirko-mezzacasa\/pp-79\/\" rel=\"attachment wp-att-232921\"><img loading=\"lazy\" decoding=\"async\" class=\"wp-image-232921 alignleft\" src=\"https:\/\/www.radiopiu.net\/wordpress\/wp-content\/uploads\/2021\/09\/pp-1-300x300.jpg\" alt=\"\" width=\"135\" height=\"135\" srcset=\"https:\/\/www.radiopiu.net\/wordpress\/wp-content\/uploads\/2021\/09\/pp-1-300x300.jpg 300w, https:\/\/www.radiopiu.net\/wordpress\/wp-content\/uploads\/2021\/09\/pp-1-150x150.jpg 150w, https:\/\/www.radiopiu.net\/wordpress\/wp-content\/uploads\/2021\/09\/pp-1.jpg 640w\" sizes=\"auto, (max-width: 135px) 100vw, 135px\" \/><\/a><\/p>\n<div class=\"mkdf-post-text\">\n<div class=\"mkdf-post-text-inner\">\n<div class=\"mkdf-post-text-main\">\n<div class=\"mkdf-post-text\">\n<div class=\"mkdf-post-text-inner\">\n<div class=\"mkdf-post-text-main\">\n<div class=\"mkdf-post-text\">\n<div class=\"mkdf-post-text-inner\">\n<div class=\"mkdf-post-text-main\">\n<div class=\"page-title-head hgroup\">\n<div class=\"page-title-head hgroup\">\n<div class=\"mkdf-post-text\">\n<div class=\"mkdf-post-text-inner\">\n<div class=\"mkdf-post-text-main\">\n<div class=\"mkdf-post-text\">\n<div class=\"mkdf-post-text-inner\">\n<div class=\"mkdf-post-text-main\">\n<div class=\"page-title-head hgroup\">\n<div class=\"page-title-head hgroup\">\n<div class=\"page-title-head hgroup\">\n<div class=\"page-title-head hgroup\">\n<div class=\"b654a4as d2edcug0\">\n<div class=\"page-title-head hgroup\">\n<div class=\"page-title-head hgroup\">\n<div class=\"page-title-head hgroup\">\n<div class=\"page-title-head hgroup\">\n<div class=\"b654a4as d2edcug0\">\n<div class=\"page-title-head hgroup\">\n<div class=\"page-title-head hgroup\">\n<div class=\"page-title-head hgroup\">\n<div class=\"page-title-head hgroup\">\n<div class=\"b654a4as d2edcug0\">\n<div class=\"mkdf-post-text\">\n<div class=\"mkdf-post-text-inner\">\n<div class=\"mkdf-post-text-main\">\n<div class=\"mkdf-post-text\">\n<div class=\"mkdf-post-text-inner\">\n<div class=\"mkdf-post-text-main\">\n<div class=\"mkdf-post-text\">\n<div class=\"mkdf-post-text-inner\">\n<div class=\"mkdf-post-text-main\">\n<div class=\"page-title-head hgroup\">\n<div class=\"page-title-head hgroup\">\n<div class=\"mkdf-post-text\">\n<div class=\"mkdf-post-text-inner\">\n<div class=\"mkdf-post-text-main\">\n<div class=\"mkdf-post-text\">\n<div class=\"mkdf-post-text-inner\">\n<div class=\"mkdf-post-text-main\">\n<div class=\"page-title-head hgroup\">\n<div class=\"page-title-head hgroup\">\n<div class=\"page-title-head hgroup\">\n<div class=\"page-title-head hgroup\">\n<div class=\"b654a4as d2edcug0\">\n<div class=\"page-title-head hgroup\">\n<div class=\"page-title-head hgroup\">\n<div class=\"page-title-head hgroup\">\n<div class=\"page-title-head hgroup\">\n<div class=\"b654a4as d2edcug0\">\n<div class=\"page-title-head hgroup\">\n<div class=\"page-title-head hgroup\">\n<div class=\"page-title-head hgroup\">\n<div class=\"page-title-head hgroup\">\n<div class=\"b654a4as d2edcug0\">\n<div><\/div>\n<div><\/div>\n<div>\n<p><strong>MUSICA ALLA RADIO, IL PROGRAMMA DI LORIS SCUSSEL &#8220;COLLAGE OPERAZIONE NOSTALGIA&#8221; DAL LUNEDI AL VENERDI ALLE 16.00\u00a0 E ALLE 23\u00a0<\/strong><\/p>\n<\/div>\n<\/div>\n<p>&nbsp;<\/p>\n<p>&nbsp;<\/p>\n<p>&nbsp;<\/p>\n<p><strong><a class=\"dt-pswp-item\" href=\"https:\/\/www.radiopiu.net\/wordpress\/wp-content\/uploads\/2022\/07\/Nomadi.jpg\" data-dt-img-description=\"\" data-large_image_width=\"400\" data-large_image_height=\"254\"><img loading=\"lazy\" decoding=\"async\" class=\"alignleft wp-image-284969 \" src=\"https:\/\/www.radiopiu.net\/wordpress\/wp-content\/uploads\/2022\/07\/Nomadi-300x191.jpg\" alt=\"\" width=\"195\" height=\"124\" srcset=\"https:\/\/www.radiopiu.net\/wordpress\/wp-content\/uploads\/2022\/07\/Nomadi-300x191.jpg 300w, https:\/\/www.radiopiu.net\/wordpress\/wp-content\/uploads\/2022\/07\/Nomadi.jpg 400w\" sizes=\"auto, (max-width: 195px) 100vw, 195px\" \/><\/a>di Loris Scussel<\/strong><\/p>\n<p>Questa settimana grazie alla programmazione estiva di Collage che ogni giorno ripropone due diverse puntate ascolteremo molti brani di musica italiana in particolare due puntate dedicate ai cantautori, una al rock progressive di casa nostra, una al Juke Box , una ai complessi cosiddetti \u201cbeat\u201d ma non mancheranno gli artisti internazionali come David Bowie, Lou Reed, Genesis, King Krimson, Beatles, Rolling Stones e cos\u00ec via. Collage va in onda dal luned\u00ec al venerd\u00ec alle 16,00 e alle 23,00 naturalmente su Radio Pi\u00f9.<\/p>\n<p>&nbsp;<\/p>\n<p>&nbsp;<\/p>\n<div class=\"b654a4as d2edcug0\">\n<hr \/>\n<\/div>\n<\/div>\n<\/div>\n<\/div>\n<\/div>\n<\/div>\n<\/div>\n<\/div>\n<\/div>\n<\/div>\n<\/div>\n<\/div>\n<\/div>\n<\/div>\n<\/div>\n<\/div>\n<\/div>\n<\/div>\n<\/div>\n<\/div>\n<\/div>\n<\/div>\n<\/div>\n<\/div>\n<\/div>\n<\/div>\n<\/div>\n<\/div>\n<\/div>\n<\/div>\n<\/div>\n<\/div>\n<\/div>\n<\/div>\n<\/div>\n<\/div>\n<\/div>\n<\/div>\n<\/div>\n<\/div>\n<\/div>\n<\/div>\n<\/div>\n<\/div>\n<\/div>\n<\/div>\n<\/div>\n<\/div>\n<\/div>\n<\/div>\n<\/div>\n<\/div>\n<\/div>\n<\/div>\n<\/div>\n<\/div>\n<\/div>\n<\/div>\n<\/div>\n<\/div>\n<\/div>\n<\/div>\n<\/div>\n<\/div>\n<p>&nbsp;<\/p>\n<blockquote>\n<h3><span style=\"color: #0000ff;\">RADIO PIU INFORMAZIONE il canale su TELEGRAM informazione di prima mano e in tempo reale. iscriviti ed aiutaci a farlo conoscere\u00a0\u00a0<\/span><\/h3>\n<\/blockquote>\n<div>\n<div class=\"page-title-head hgroup\">\n<div class=\"page-title-head hgroup\">\n<div class=\"page-title-head hgroup\">\n<div class=\"page-title-head hgroup\">\n<div class=\"b654a4as d2edcug0\">\n<div class=\"page-title-head hgroup\">\n<div class=\"page-title-head hgroup\">\n<div class=\"page-title-head hgroup\">\n<div class=\"page-title-head hgroup\">\n<div class=\"b654a4as d2edcug0\">\n<div class=\"page-title-head hgroup\">\n<div class=\"page-title-head hgroup\">\n<div class=\"page-title-head hgroup\">\n<div class=\"page-title-head hgroup\">\n<div class=\"page-title-head hgroup\">\n<div class=\"page-title-head hgroup\">\n<div class=\"page-title-head hgroup\">\n<div class=\"page-title-head hgroup\">\n<div class=\"page-title-head hgroup\">\n<div class=\"b654a4as d2edcug0\">\n<div class=\"page-title-head hgroup\">\n<div class=\"page-title-head hgroup\">\n<div class=\"page-title-head hgroup\">\n<div class=\"page-title-head hgroup\">\n<div class=\"b654a4as d2edcug0\">\n<div><\/div>\n<div>\n<div class=\"page-title-head hgroup\">\n<div class=\"page-title-head hgroup\">\n<div class=\"page-title-head hgroup\">\n<div class=\"page-title-head hgroup\">\n<div class=\"page-title-head hgroup\">\n<div class=\"mkdf-post-text\">\n<div class=\"mkdf-post-text-inner\">\n<div class=\"mkdf-post-text-main\">\n<div class=\"mkdf-post-text\">\n<div class=\"mkdf-post-text-inner\">\n<div class=\"mkdf-post-text-main\">\n<div class=\"mkdf-post-text\">\n<div class=\"mkdf-post-text-inner\">\n<div class=\"mkdf-post-text-main\">\n<div class=\"page-title-head hgroup\">\n<div class=\"page-title-head hgroup\">\n<div class=\"mkdf-post-text\">\n<div class=\"mkdf-post-text-inner\">\n<div class=\"mkdf-post-text-main\">\n<div class=\"mkdf-post-text\">\n<div class=\"mkdf-post-text-inner\">\n<div class=\"mkdf-post-text-main\">\n<div class=\"page-title-head hgroup\">\n<div class=\"page-title-head hgroup\">\n<div class=\"page-title-head hgroup\">\n<div class=\"page-title-head hgroup\">\n<div class=\"b654a4as d2edcug0\">\n<div class=\"page-title-head hgroup\">\n<div class=\"page-title-head hgroup\">\n<div class=\"page-title-head hgroup\">\n<div class=\"page-title-head hgroup\">\n<div class=\"b654a4as d2edcug0\">\n<div class=\"page-title-head hgroup\">\n<div class=\"page-title-head hgroup\">\n<div class=\"page-title-head hgroup\">\n<p>&nbsp;<\/p>\n<div>\n<div class=\"page-title-head hgroup\">\n<div class=\"page-title-head hgroup\">\n<div class=\"b654a4as d2edcug0\">\n<div class=\"j83agx80 btwxx1t3 lhclo0ds hop8lmos nkwizq5d scwd0bx6 roh60bw9\">\n<div class=\"rq0escxv hkbzh7o3 jwdofwj8 n8tt0mok r8blr3vg hyh9befq\">\n<div class=\"do00u71z l9j0dhe7 k4urcfbm\">\n<div class=\"page-title-head hgroup\">\n<div class=\"page-title-head hgroup\">\n<div class=\"b654a4as d2edcug0\">\n<div class=\"j83agx80 btwxx1t3 lhclo0ds hop8lmos nkwizq5d scwd0bx6 roh60bw9\">\n<div class=\"rq0escxv hkbzh7o3 jwdofwj8 n8tt0mok r8blr3vg hyh9befq\">\n<div class=\"do00u71z l9j0dhe7 k4urcfbm\">\n<div class=\"ecm0bbzt e5nlhep0 a8c37x1j\">\n<div class=\"kvgmc6g5 cxmmr5t8 oygrvhab hcukyx3x c1et5uql\">\n<div class=\"gmail-kvgmc6g5 gmail-cxmmr5t8 gmail-oygrvhab gmail-hcukyx3x gmail-c1et5uql gmail-ii04i59q\">\n<div class=\"page-title-head hgroup\">\n<div class=\"page-title-head hgroup\">\n<div class=\"b654a4as d2edcug0\">\n<div class=\"j83agx80 btwxx1t3 lhclo0ds hop8lmos nkwizq5d scwd0bx6 roh60bw9\">\n<div class=\"rq0escxv hkbzh7o3 jwdofwj8 n8tt0mok r8blr3vg hyh9befq\">\n<div class=\"do00u71z l9j0dhe7 k4urcfbm\">\n<div class=\"page-title-head hgroup\">\n<div class=\"page-title-head hgroup\">\n<div class=\"b654a4as d2edcug0\">\n<div class=\"j83agx80 btwxx1t3 lhclo0ds hop8lmos nkwizq5d scwd0bx6 roh60bw9\">\n<div class=\"rq0escxv hkbzh7o3 jwdofwj8 n8tt0mok r8blr3vg hyh9befq\">\n<div class=\"do00u71z l9j0dhe7 k4urcfbm\">\n<div class=\"page-title-head hgroup\">\n<div class=\"page-title-head hgroup\">\n<div class=\"b654a4as d2edcug0\">\n<div class=\"j83agx80 btwxx1t3 lhclo0ds hop8lmos nkwizq5d scwd0bx6 roh60bw9\">\n<div class=\"rq0escxv hkbzh7o3 jwdofwj8 n8tt0mok r8blr3vg hyh9befq\">\n<div class=\"do00u71z l9j0dhe7 k4urcfbm\">\n<div class=\"ecm0bbzt e5nlhep0 a8c37x1j\">\n<div class=\"kvgmc6g5 cxmmr5t8 oygrvhab hcukyx3x c1et5uql\">\n<div class=\"gmail-kvgmc6g5 gmail-cxmmr5t8 gmail-oygrvhab gmail-hcukyx3x gmail-c1et5uql gmail-ii04i59q\">\n<div class=\"page-title-head hgroup\">\n<div class=\"page-title-head hgroup\">\n<div class=\"b654a4as d2edcug0\">\n<div class=\"j83agx80 btwxx1t3 lhclo0ds hop8lmos nkwizq5d scwd0bx6 roh60bw9\">\n<div class=\"rq0escxv hkbzh7o3 jwdofwj8 n8tt0mok r8blr3vg hyh9befq\">\n<div class=\"do00u71z l9j0dhe7 k4urcfbm\">\n<div class=\"page-title-head hgroup\">\n<div class=\"page-title-head hgroup\">\n<div class=\"page-title-head hgroup\">\n<div class=\"page-title-head hgroup\">\n<div class=\"b654a4as d2edcug0\">\n<div class=\"page-title-head hgroup\">\n<div class=\"page-title-head hgroup\">\n<div class=\"page-title-head hgroup\">\n<div class=\"page-title-head hgroup\">\n<div class=\"b654a4as d2edcug0\">\n<div class=\"page-title-head hgroup\">\n<div class=\"page-title-head hgroup\">\n<div class=\"page-title-head hgroup\">\n<div class=\"page-title-head hgroup\">\n<div class=\"page-title-head hgroup\">\n<div class=\"page-title-head hgroup\">\n<div class=\"page-title-head hgroup\">\n<div class=\"page-title-head hgroup\">\n<div class=\"page-title-head hgroup\">\n<div class=\"b654a4as d2edcug0\">\n<div class=\"page-title-head hgroup\">\n<div class=\"page-title-head hgroup\">\n<div class=\"page-title-head hgroup\">\n<div class=\"page-title-head hgroup\">\n<div class=\"b654a4as d2edcug0\">\n<div class=\"page-title-head hgroup\">\n<div class=\"page-title-head hgroup\">\n<div class=\"page-title-head hgroup\">\n<div class=\"page-title-head hgroup\">\n<div class=\"page-title-head hgroup\">\n<div class=\"mkdf-post-text\">\n<div class=\"mkdf-post-text-inner\">\n<div class=\"mkdf-post-text-main\">\n<div class=\"mkdf-post-text\">\n<div class=\"mkdf-post-text-inner\">\n<div class=\"mkdf-post-text-main\">\n<div class=\"mkdf-post-text\">\n<div class=\"mkdf-post-text-inner\">\n<div class=\"mkdf-post-text-main\">\n<div class=\"page-title-head hgroup\">\n<div class=\"page-title-head hgroup\">\n<div class=\"mkdf-post-text\">\n<div class=\"mkdf-post-text-inner\">\n<div class=\"mkdf-post-text-main\">\n<div class=\"mkdf-post-text\">\n<div class=\"mkdf-post-text-inner\">\n<div class=\"mkdf-post-text-main\">\n<div class=\"page-title-head hgroup\">\n<div class=\"page-title-head hgroup\">\n<div class=\"page-title-head hgroup\">\n<div class=\"page-title-head hgroup\">\n<div class=\"b654a4as d2edcug0\">\n<div class=\"page-title-head hgroup\">\n<div class=\"page-title-head hgroup\">\n<div class=\"page-title-head hgroup\">\n<div class=\"page-title-head hgroup\">\n<div class=\"b654a4as d2edcug0\">\n<div class=\"page-title-head hgroup\">\n<div class=\"page-title-head hgroup\">\n<div class=\"page-title-head hgroup\">\n<div class=\"page-title-head hgroup\">\n<div class=\"b654a4as d2edcug0\">\n<div class=\"ecm0bbzt e5nlhep0 a8c37x1j\">\n<div class=\"kvgmc6g5 cxmmr5t8 oygrvhab hcukyx3x c1et5uql\">\n<div class=\"gmail-kvgmc6g5 gmail-cxmmr5t8 gmail-oygrvhab gmail-hcukyx3x gmail-c1et5uql gmail-ii04i59q\">\n<div class=\"page-title-head hgroup\">\n<div class=\"page-title-head hgroup\">\n<div class=\"b654a4as d2edcug0\">\n<div class=\"j83agx80 btwxx1t3 lhclo0ds hop8lmos nkwizq5d scwd0bx6 roh60bw9\">\n<div class=\"rq0escxv hkbzh7o3 jwdofwj8 n8tt0mok r8blr3vg hyh9befq\">\n<div class=\"do00u71z l9j0dhe7 k4urcfbm\">\n<div class=\"page-title-head hgroup\">\n<div class=\"page-title-head hgroup\">\n<div class=\"page-title-head hgroup\">\n<div class=\"page-title-head hgroup\">\n<div class=\"b654a4as d2edcug0\">\n<div class=\"page-title-head hgroup\">\n<div class=\"page-title-head hgroup\">\n<div class=\"page-title-head hgroup\">\n<div class=\"page-title-head hgroup\">\n<div class=\"b654a4as d2edcug0\">\n<div class=\"page-title-head hgroup\">\n<div class=\"page-title-head hgroup\">\n<div class=\"page-title-head hgroup\">\n<div class=\"page-title-head hgroup\">\n<div class=\"page-title-head hgroup\">\n<div class=\"page-title-head hgroup\">\n<div class=\"page-title-head hgroup\">\n<div class=\"page-title-head hgroup\">\n<div class=\"page-title-head hgroup\">\n<div class=\"b654a4as d2edcug0\">\n<div class=\"page-title-head hgroup\">\n<div class=\"page-title-head hgroup\">\n<div class=\"page-title-head hgroup\">\n<div class=\"page-title-head hgroup\">\n<div class=\"b654a4as d2edcug0\">\n<div class=\"page-title-head hgroup\">\n<div class=\"page-title-head hgroup\">\n<div class=\"page-title-head hgroup\">\n<div class=\"page-title-head hgroup\">\n<div class=\"page-title-head hgroup\">\n<div class=\"mkdf-post-text\">\n<div class=\"mkdf-post-text-inner\">\n<div class=\"mkdf-post-text-main\">\n<div class=\"mkdf-post-text\">\n<div class=\"mkdf-post-text-inner\">\n<div class=\"mkdf-post-text-main\">\n<div class=\"mkdf-post-text\">\n<div class=\"mkdf-post-text-inner\">\n<div class=\"mkdf-post-text-main\">\n<div class=\"page-title-head hgroup\">\n<div class=\"page-title-head hgroup\">\n<div class=\"mkdf-post-text\">\n<div class=\"mkdf-post-text-inner\">\n<div class=\"mkdf-post-text-main\">\n<div class=\"mkdf-post-text\">\n<div class=\"mkdf-post-text-inner\">\n<div class=\"mkdf-post-text-main\">\n<div class=\"page-title-head hgroup\">\n<div class=\"page-title-head hgroup\">\n<div class=\"page-title-head hgroup\">\n<div class=\"page-title-head hgroup\">\n<div class=\"b654a4as d2edcug0\">\n<div class=\"page-title-head hgroup\">\n<div class=\"page-title-head hgroup\">\n<div class=\"page-title-head hgroup\">\n<div class=\"page-title-head hgroup\">\n<div class=\"b654a4as d2edcug0\">\n<div class=\"page-title-head hgroup\">\n<div class=\"page-title-head hgroup\">\n<div class=\"page-title-head hgroup\">\n<div class=\"page-title-head hgroup\">\n<div class=\"b654a4as d2edcug0\">\n<hr \/>\n<p>&nbsp;<\/p>\n<div>\n<p><strong>DUE MINUTI UN LIBRO, TUTTI I GIORNI ALLA RADIO ALLE 9.40 E ALLE 17.50\u00a0\u00a0<\/strong><\/p>\n<div>\n<div>\n<p><strong>LA RACCOLTA COMPLETA\u00a0\u00a0<\/strong><\/p>\n<\/div>\n<\/div>\n<\/div>\n<div class=\"mkdf-post-text\">\n<div class=\"mkdf-post-text-inner\">\n<div class=\"mkdf-post-text-main\">\n<div class=\"mkdf-post-text\">\n<div class=\"mkdf-post-text-inner\">\n<div class=\"mkdf-post-text-main\">\n<div class=\"mkdf-post-text\">\n<div class=\"mkdf-post-text-inner\">\n<div class=\"mkdf-post-text-main\">\n<div class=\"page-title-head hgroup\">\n<div class=\"page-title-head hgroup\">\n<div class=\"mkdf-post-text\">\n<div class=\"mkdf-post-text-inner\">\n<div class=\"mkdf-post-text-main\">\n<div class=\"mkdf-post-text\">\n<div class=\"mkdf-post-text-inner\">\n<div class=\"mkdf-post-text-main\">\n<div class=\"page-title-head hgroup\">\n<div class=\"page-title-head hgroup\">\n<div class=\"page-title-head hgroup\">\n<div class=\"page-title-head hgroup\">\n<div class=\"b654a4as d2edcug0\">\n<div class=\"page-title-head hgroup\">\n<div class=\"page-title-head hgroup\">\n<div class=\"page-title-head hgroup\">\n<div class=\"page-title-head hgroup\">\n<div class=\"b654a4as d2edcug0\">\n<div class=\"page-title-head hgroup\">\n<div class=\"page-title-head hgroup\">\n<div class=\"page-title-head hgroup\">\n<div class=\"page-title-head hgroup\">\n<div class=\"b654a4as d2edcug0\">\n<div>\n<blockquote class=\"wp-embedded-content\" data-secret=\"eTZMhX3Rrw\"><p><a href=\"https:\/\/www.radiopiu.net\/wordpress\/due-minuti-un-libro\/\">Due minuti un libro<\/a><\/p><\/blockquote>\n<p><iframe loading=\"lazy\" class=\"wp-embedded-content\" sandbox=\"allow-scripts\" security=\"restricted\" style=\"position: absolute; clip: rect(1px, 1px, 1px, 1px);\" title=\"&#8220;Due minuti un libro&#8221; &#8212; Radio Pi\u00f9\" src=\"https:\/\/www.radiopiu.net\/wordpress\/due-minuti-un-libro\/embed\/#?secret=XWdo5Ur5lB#?secret=eTZMhX3Rrw\" data-secret=\"eTZMhX3Rrw\" width=\"600\" height=\"338\" frameborder=\"0\" marginwidth=\"0\" marginheight=\"0\" scrolling=\"no\"><\/iframe><\/p>\n<p>&nbsp;<\/p>\n<\/div>\n<div>\n<hr \/>\n<p>&nbsp;<\/p>\n<\/div>\n<h2><span style=\"color: #808000;\">L&#8217;ALMANACCO LADINO\u00a0<\/span><strong>\u00a0<\/strong><\/h2>\n<p><strong>LA RACCOLTA<\/strong><\/p>\n<blockquote class=\"wp-embedded-content\" data-secret=\"KG8hyZ3iBI\"><p><a href=\"https:\/\/www.radiopiu.net\/wordpress\/almanacco-ladino\/\">Almanacco Ladino<\/a><\/p><\/blockquote>\n<p><iframe loading=\"lazy\" class=\"wp-embedded-content\" sandbox=\"allow-scripts\" security=\"restricted\" style=\"position: absolute; clip: rect(1px, 1px, 1px, 1px);\" title=\"&#8220;Almanacco Ladino&#8221; &#8212; Radio Pi\u00f9\" src=\"https:\/\/www.radiopiu.net\/wordpress\/almanacco-ladino\/embed\/#?secret=UtygGShMXu#?secret=KG8hyZ3iBI\" data-secret=\"KG8hyZ3iBI\" width=\"600\" height=\"338\" frameborder=\"0\" marginwidth=\"0\" marginheight=\"0\" scrolling=\"no\"><\/iframe><\/p>\n<p>&nbsp;<\/p>\n<hr \/>\n<p><span style=\"color: #33cccc;\">\u00a0<span style=\"color: #000000;\">\u00a0<\/span><\/span><\/p>\n<h2><span style=\"color: #800000;\">GIROVAGANDO IN E-BIKE 2022<\/span><\/h2>\n<p><strong>LA RACCOLTA<\/strong><\/p>\n<p>&nbsp;<\/p>\n<hr \/>\n<p>&nbsp;<\/p>\n<h2><span style=\"color: #33cccc;\">LA RASSEGNA STAMPA DA L&#8217;AMICO DEL POPOLO<\/span><\/h2>\n<p><strong><a class=\"dt-pswp-item\" href=\"https:\/\/www.radiopiu.net\/wordpress\/wp-content\/uploads\/2022\/07\/EDDY-GASPARI.png\" data-dt-img-description=\"\" data-large_image_width=\"1062\" data-large_image_height=\"868\"><img loading=\"lazy\" decoding=\"async\" class=\"size-thumbnail wp-image-284849 alignleft\" src=\"https:\/\/www.radiopiu.net\/wordpress\/wp-content\/uploads\/2022\/07\/EDDY-GASPARI-150x150.png\" alt=\"\" width=\"150\" height=\"150\" \/><\/a>di Gianni Santomaso<\/strong><\/p>\n<p>OSPITE: Eddy Gaspari, Presidente della Croce Verde Val Biois<\/p>\n<audio class=\"wp-audio-shortcode\" id=\"audio-284776-13\" preload=\"none\" style=\"width: 100%;\" controls=\"controls\"><source type=\"audio\/mpeg\" src=\"https:\/\/www.radiopiu.net\/wordpress\/wp-content\/uploads\/2022\/07\/RASSEGNA-GIANNI.mp3?_=13\" \/><a href=\"https:\/\/www.radiopiu.net\/wordpress\/wp-content\/uploads\/2022\/07\/RASSEGNA-GIANNI.mp3\">https:\/\/www.radiopiu.net\/wordpress\/wp-content\/uploads\/2022\/07\/RASSEGNA-GIANNI.mp3<\/a><\/audio>\n<p>&nbsp;<\/p>\n<p><strong>LA RACCOLTA COMPLETA<\/strong><\/p>\n<blockquote class=\"wp-embedded-content\" data-secret=\"qFJiHkxqsC\"><p><a href=\"https:\/\/www.radiopiu.net\/wordpress\/rassegna-stampa-di-gianni-santomaso\/\">Rassegna stampa da l&#8217;amico del popolo &#8211; di Gianni Santomaso<\/a><\/p><\/blockquote>\n<p><iframe loading=\"lazy\" class=\"wp-embedded-content\" sandbox=\"allow-scripts\" security=\"restricted\" style=\"position: absolute; clip: rect(1px, 1px, 1px, 1px);\" title=\"&#8220;Rassegna stampa da l&#8217;amico del popolo &#8211; di Gianni Santomaso&#8221; &#8212; Radio Pi\u00f9\" src=\"https:\/\/www.radiopiu.net\/wordpress\/rassegna-stampa-di-gianni-santomaso\/embed\/#?secret=nHu9HVOj71#?secret=qFJiHkxqsC\" data-secret=\"qFJiHkxqsC\" width=\"600\" height=\"338\" frameborder=\"0\" marginwidth=\"0\" marginheight=\"0\" scrolling=\"no\"><\/iframe><\/p>\n<p>&nbsp;<\/p>\n<hr \/>\n<p>&nbsp;<\/p>\n<div>\n<div class=\"page-title-head hgroup\">\n<div class=\"page-title-head hgroup\">\n<div class=\"b654a4as d2edcug0\">\n<div class=\"j83agx80 btwxx1t3 lhclo0ds hop8lmos nkwizq5d scwd0bx6 roh60bw9\">\n<div class=\"rq0escxv hkbzh7o3 jwdofwj8 n8tt0mok r8blr3vg hyh9befq\">\n<div class=\"do00u71z l9j0dhe7 k4urcfbm\">\n<div class=\"ecm0bbzt e5nlhep0 a8c37x1j\">\n<div class=\"kvgmc6g5 cxmmr5t8 oygrvhab hcukyx3x c1et5uql\">\n<div class=\"gmail-kvgmc6g5 gmail-cxmmr5t8 gmail-oygrvhab gmail-hcukyx3x gmail-c1et5uql gmail-ii04i59q\">\n<div class=\"page-title-head hgroup\">\n<div class=\"page-title-head hgroup\">\n<div class=\"b654a4as d2edcug0\">\n<div class=\"j83agx80 btwxx1t3 lhclo0ds hop8lmos nkwizq5d scwd0bx6 roh60bw9\">\n<div class=\"rq0escxv hkbzh7o3 jwdofwj8 n8tt0mok r8blr3vg hyh9befq\">\n<div class=\"do00u71z l9j0dhe7 k4urcfbm\">\n<div class=\"page-title-head hgroup\">\n<div class=\"page-title-head hgroup\">\n<div class=\"page-title-head hgroup\">\n<div class=\"page-title-head hgroup\">\n<div class=\"b654a4as d2edcug0\">\n<div class=\"page-title-head hgroup\">\n<div class=\"page-title-head hgroup\">\n<div class=\"page-title-head hgroup\">\n<div class=\"page-title-head hgroup\">\n<div class=\"b654a4as d2edcug0\">\n<div class=\"page-title-head hgroup\">\n<div class=\"page-title-head hgroup\">\n<div class=\"page-title-head hgroup\">\n<div class=\"page-title-head hgroup\">\n<div class=\"page-title-head hgroup\">\n<div class=\"page-title-head hgroup\">\n<div class=\"page-title-head hgroup\">\n<div class=\"page-title-head hgroup\">\n<div class=\"page-title-head hgroup\">\n<div class=\"b654a4as d2edcug0\">\n<div class=\"page-title-head hgroup\">\n<div class=\"page-title-head hgroup\">\n<div class=\"page-title-head hgroup\">\n<div class=\"page-title-head hgroup\">\n<div class=\"b654a4as d2edcug0\">\n<div class=\"page-title-head hgroup\">\n<div class=\"page-title-head hgroup\">\n<div class=\"page-title-head hgroup\">\n<div class=\"page-title-head hgroup\">\n<div class=\"page-title-head hgroup\">\n<div class=\"mkdf-post-text\">\n<div class=\"mkdf-post-text-inner\">\n<div class=\"mkdf-post-text-main\">\n<div class=\"mkdf-post-text\">\n<div class=\"mkdf-post-text-inner\">\n<div class=\"mkdf-post-text-main\">\n<div class=\"mkdf-post-text\">\n<div class=\"mkdf-post-text-inner\">\n<div class=\"mkdf-post-text-main\">\n<div class=\"page-title-head hgroup\">\n<div class=\"page-title-head hgroup\">\n<div class=\"mkdf-post-text\">\n<div class=\"mkdf-post-text-inner\">\n<div class=\"mkdf-post-text-main\">\n<div class=\"mkdf-post-text\">\n<div class=\"mkdf-post-text-inner\">\n<div class=\"mkdf-post-text-main\">\n<div class=\"page-title-head hgroup\">\n<div class=\"page-title-head hgroup\">\n<div class=\"page-title-head hgroup\">\n<div class=\"page-title-head hgroup\">\n<div class=\"b654a4as d2edcug0\">\n<div class=\"page-title-head hgroup\">\n<div class=\"page-title-head hgroup\">\n<div class=\"page-title-head hgroup\">\n<div class=\"page-title-head hgroup\">\n<div class=\"b654a4as d2edcug0\">\n<div class=\"page-title-head hgroup\">\n<div class=\"page-title-head hgroup\">\n<div class=\"page-title-head hgroup\">\n<div class=\"page-title-head hgroup\">\n<div class=\"b654a4as d2edcug0\">\n<h2><span style=\"color: #800080;\">I RACCONTI DI PAOLO SOPPELSA\u00a0<\/span><\/h2>\n<p><strong>LA RACCOLTA COMPLETA<\/strong><\/p>\n<blockquote class=\"wp-embedded-content\" data-secret=\"IzJOvmrhVu\"><p><a href=\"https:\/\/www.radiopiu.net\/wordpress\/i-racconti-di-paolo-soppelsa\/\">I racconti di Paolo Soppelsa<\/a><\/p><\/blockquote>\n<p><iframe loading=\"lazy\" class=\"wp-embedded-content\" sandbox=\"allow-scripts\" security=\"restricted\" style=\"position: absolute; clip: rect(1px, 1px, 1px, 1px);\" title=\"&#8220;I racconti di Paolo Soppelsa&#8221; &#8212; Radio Pi\u00f9\" src=\"https:\/\/www.radiopiu.net\/wordpress\/i-racconti-di-paolo-soppelsa\/embed\/#?secret=4is1VU906U#?secret=IzJOvmrhVu\" data-secret=\"IzJOvmrhVu\" width=\"600\" height=\"338\" frameborder=\"0\" marginwidth=\"0\" marginheight=\"0\" scrolling=\"no\"><\/iframe><\/p>\n<p>&nbsp;<\/p>\n<hr \/>\n<p>&nbsp;<\/p>\n<\/div>\n<\/div>\n<\/div>\n<\/div>\n<\/div>\n<\/div>\n<\/div>\n<\/div>\n<\/div>\n<\/div>\n<\/div>\n<\/div>\n<\/div>\n<\/div>\n<\/div>\n<\/div>\n<\/div>\n<\/div>\n<\/div>\n<\/div>\n<\/div>\n<\/div>\n<\/div>\n<\/div>\n<\/div>\n<\/div>\n<\/div>\n<\/div>\n<\/div>\n<\/div>\n<\/div>\n<\/div>\n<\/div>\n<\/div>\n<\/div>\n<\/div>\n<\/div>\n<\/div>\n<\/div>\n<\/div>\n<\/div>\n<\/div>\n<\/div>\n<\/div>\n<\/div>\n<\/div>\n<\/div>\n<\/div>\n<\/div>\n<\/div>\n<\/div>\n<\/div>\n<\/div>\n<\/div>\n<\/div>\n<\/div>\n<\/div>\n<\/div>\n<\/div>\n<\/div>\n<\/div>\n<\/div>\n<\/div>\n<\/div>\n<\/div>\n<\/div>\n<\/div>\n<\/div>\n<\/div>\n<\/div>\n<\/div>\n<\/div>\n<\/div>\n<\/div>\n<\/div>\n<\/div>\n<\/div>\n<\/div>\n<\/div>\n<\/div>\n<\/div>\n<\/div>\n<\/div>\n<\/div>\n<\/div>\n<\/div>\n<\/div>\n<\/div>\n<\/div>\n<\/div>\n<\/div>\n<\/div>\n<\/div>\n<\/div>\n<\/div>\n<\/div>\n<\/div>\n<\/div>\n<\/div>\n<\/div>\n<\/div>\n<\/div>\n<\/div>\n<\/div>\n<\/div>\n<\/div>\n<\/div>\n<\/div>\n<\/div>\n<\/div>\n<\/div>\n<div class=\"b654a4as d2edcug0\">\n<div class=\"ecm0bbzt e5nlhep0 a8c37x1j\">\n<div class=\"kvgmc6g5 cxmmr5t8 oygrvhab hcukyx3x c1et5uql\">\n<div class=\"gmail-kvgmc6g5 gmail-cxmmr5t8 gmail-oygrvhab gmail-hcukyx3x gmail-c1et5uql gmail-ii04i59q\">\n<div>\n<div class=\"page-title-head hgroup\">\n<div class=\"page-title-head hgroup\">\n<div class=\"b654a4as d2edcug0\">\n<div class=\"j83agx80 btwxx1t3 lhclo0ds hop8lmos nkwizq5d scwd0bx6 roh60bw9\">\n<div class=\"rq0escxv hkbzh7o3 jwdofwj8 n8tt0mok r8blr3vg hyh9befq\">\n<div class=\"do00u71z l9j0dhe7 k4urcfbm\">\n<div>\n<div class=\"page-title-head hgroup\">\n<div class=\"page-title-head hgroup\">\n<div class=\"page-title-head hgroup\">\n<div class=\"page-title-head hgroup\">\n<div class=\"b654a4as d2edcug0\">\n<div class=\"page-title-head hgroup\">\n<div class=\"page-title-head hgroup\">\n<div class=\"page-title-head hgroup\">\n<div class=\"page-title-head hgroup\">\n<div class=\"b654a4as d2edcug0\">\n<div class=\"page-title-head hgroup\">\n<div class=\"page-title-head hgroup\">\n<div class=\"page-title-head hgroup\">\n<div class=\"page-title-head hgroup\">\n<div class=\"page-title-head hgroup\">\n<div class=\"mkdf-post-text\">\n<div class=\"mkdf-post-text-inner\">\n<div class=\"mkdf-post-text-main\">\n<div class=\"mkdf-post-text\">\n<div class=\"mkdf-post-text-inner\">\n<div class=\"mkdf-post-text-main\">\n<div class=\"mkdf-post-text\">\n<div class=\"mkdf-post-text-inner\">\n<div class=\"mkdf-post-text-main\">\n<div class=\"page-title-head hgroup\">\n<div class=\"page-title-head hgroup\">\n<div class=\"mkdf-post-text\">\n<div class=\"mkdf-post-text-inner\">\n<div class=\"mkdf-post-text-main\">\n<div class=\"mkdf-post-text\">\n<div class=\"mkdf-post-text-inner\">\n<div class=\"mkdf-post-text-main\">\n<div>\n<div class=\"page-title-head hgroup\">\n<div class=\"page-title-head hgroup\">\n<div>\n<div class=\"page-title-head hgroup\">\n<div class=\"page-title-head hgroup\">\n<div class=\"b654a4as d2edcug0\">\n<div>\n<div class=\"page-title-head hgroup\" style=\"text-align: left;\">\n<div class=\"page-title-head hgroup\">\n<div dir=\"auto\">\n<p><a class=\"dt-pswp-item pspw-wrap-ready\" href=\"https:\/\/i0.wp.com\/www.radiopiu.net\/wordpress\/wp-content\/uploads\/2018\/09\/WhatsApp-Image-2018-09-20-at-16.04.06.jpeg?ssl=1\" data-dt-img-description=\"\" data-large_image_width=\"800\" data-large_image_height=\"100\"><img loading=\"lazy\" decoding=\"async\" class=\"aligncenter wp-image-61378 size-full jetpack-lazy-image jetpack-lazy-image--handled\" src=\"https:\/\/i0.wp.com\/www.radiopiu.net\/wordpress\/wp-content\/uploads\/2018\/09\/WhatsApp-Image-2018-09-20-at-16.04.06.jpeg?resize=800%2C100&amp;ssl=1\" sizes=\"auto, (max-width: 800px) 100vw, 800px\" srcset=\"https:\/\/i0.wp.com\/www.radiopiu.net\/wordpress\/wp-content\/uploads\/2018\/09\/WhatsApp-Image-2018-09-20-at-16.04.06.jpeg?w=800&amp;ssl=1 800w, https:\/\/i0.wp.com\/www.radiopiu.net\/wordpress\/wp-content\/uploads\/2018\/09\/WhatsApp-Image-2018-09-20-at-16.04.06.jpeg?resize=300%2C38&amp;ssl=1 300w, https:\/\/i0.wp.com\/www.radiopiu.net\/wordpress\/wp-content\/uploads\/2018\/09\/WhatsApp-Image-2018-09-20-at-16.04.06.jpeg?resize=768%2C96&amp;ssl=1 768w\" alt=\"\" width=\"800\" height=\"100\" data-lazy-loaded=\"1\" \/><\/a><\/p>\n<\/div>\n<\/div>\n<\/div>\n<\/div>\n<\/div>\n<\/div>\n<\/div>\n<\/div>\n<\/div>\n<\/div>\n<\/div>\n<\/div>\n<\/div>\n<\/div>\n<\/div>\n<\/div>\n<\/div>\n<\/div>\n<\/div>\n<\/div>\n<\/div>\n<\/div>\n<\/div>\n<\/div>\n<\/div>\n<\/div>\n<\/div>\n<\/div>\n<\/div>\n<\/div>\n<\/div>\n<\/div>\n<\/div>\n<\/div>\n<\/div>\n<\/div>\n<\/div>\n<\/div>\n<\/div>\n<\/div>\n<\/div>\n<\/div>\n<\/div>\n<\/div>\n<\/div>\n<\/div>\n<\/div>\n<\/div>\n<\/div>\n<\/div>\n<\/div>\n<\/div>\n<\/div>\n<\/div>\n<\/div>\n<\/div>\n<\/div>\n<\/div>\n<\/div>\n<\/div>\n<\/div>\n<\/div>\n<\/div>\n<\/div>\n<\/div>\n<\/div>\n<\/div>\n<\/div>\n<\/div>\n<\/div>\n<\/div>\n<\/div>\n<\/div>\n<\/div>\n<\/div>\n<\/div>\n<\/div>\n<\/div>\n<\/div>\n<\/div>\n<\/div>\n<\/div>\n<\/div>\n<\/div>\n<\/div>\n<\/div>\n<\/div>\n<\/div>\n<\/div>\n<\/div>\n<\/div>\n<\/div>\n<\/div>\n<\/div>\n<\/div>\n<\/div>\n<\/div>\n<\/div>\n<\/div>\n<\/div>\n<\/div>\n<\/div>\n<\/div>\n<\/div>\n<\/div>\n<\/div>\n<\/div>\n<\/div>\n<\/div>\n<\/div>\n<\/div>\n<\/div>\n<\/div>\n<\/div>\n<\/div>\n<\/div>\n<\/div>\n<\/div>\n<\/div>\n<\/div>\n<\/div>\n<\/div>\n<\/div>\n<\/div>\n<\/div>\n<\/div>\n<\/div>\n<\/div>\n<\/div>\n<\/div>\n<\/div>\n<\/div>\n<\/div>\n<\/div>\n<\/div>\n<\/div>\n<\/div>\n<\/div>\n<\/div>\n<\/div>\n<\/div>\n<\/div>\n<\/div>\n<\/div>\n<\/div>\n<\/div>\n<\/div>\n<\/div>\n<\/div>\n<\/div>\n<\/div>\n<\/div>\n<\/div>\n<\/div>\n<\/div>\n<\/div>\n<\/div>\n<\/div>\n<\/div>\n<\/div>\n<\/div>\n<\/div>\n<\/div>\n<\/div>\n<\/div>\n<\/div>\n<\/div>\n<\/div>\n<\/div>\n<\/div>\n<\/div>\n<\/div>\n<\/div>\n<\/div>\n<\/div>\n<\/div>\n<\/div>\n<\/div>\n<\/div>\n<\/div>\n<\/div>\n<\/div>\n<\/div>\n<\/div>\n<\/div>\n<\/div>\n<\/div>\n<\/div>\n<\/div>\n<\/div>\n<\/div>\n<\/div>\n<\/div>\n<\/div>\n<\/div>\n<\/div>\n<\/div>\n<\/div>\n<\/div>\n<\/div>\n<\/div>\n<\/div>\n<\/div>\n<\/div>\n<\/div>\n<\/div>\n<\/div>\n<\/div>\n<\/div>\n<\/div>\n<\/div>\n<\/div>\n<\/div>\n<\/div>\n<\/div>\n<\/div>\n<\/div>\n<\/div>\n<\/div>\n<\/div>\n<\/div>\n<\/div>\n<\/div>\n<\/div>\n<\/div>\n<\/div>\n<\/div>\n<\/div>\n<\/div>\n<\/div>\n<div style=\"text-align: left;\">\n<p><strong>\u00a0\u00a0<\/strong><\/p>\n<p><center><b>Lunedi 4<\/b><\/center><b>Tempo atteso: <\/b>Sole e cielo sereno o poco nuvoloso al mattino. Riduzione del soleggiamento al pomeriggio per attivit\u00e0 cumuliforme irregolare, localmente intensa e associata a fenomeni convettivi sparsi. Il caldo persiste, anche se in parte smorzato dall&#8217;instabilit\u00e0 pomeridiana.<br \/>\n<b>Precipitazioni: <\/b>Al mattino assenti (0%). Al pomeriggio probabilit\u00e0 media di rovesci e temporali sulle Dolomiti (40-60%), minore sulla fascia prealpina (20-40%). Visto i livelli di convezione e la maggiore umidit\u00e0, occorrer\u00e0 considerare l&#8217;eventualit\u00e0 di fenomeni localmente intensi e grandinigeni. (apporti irregolari, da 0 a 25\/30 mm).<br \/>\n<b>Temperature: <\/b>Minime stazionarie nelle valli e in lieve diminuzione in quota; massime in leggera flessione, ma sempre di stampo estivo. Previste punte di 31\/32\u00b0C nei fondovalle prealpini e di 25\/27\u00b0C a 1000\/1200 m. Su Prealpi a 1500 m min 15\u00b0C max 21\u00b0C, a 2000 m min 12\u00b0C max 17\u00b0C. Su Dolomiti a 2000 m min 11\u00b0C max 17\u00b0C, a 3000 m min 5\u00b0C max 7\u00b0C.<br \/>\n<b>Venti: <\/b>Nelle valli perlopi\u00f9 deboli per brezze, localmente e a tratti moderati, senza escludere locali forti raffiche temporalesche; in quota deboli occidentali al mattino, poi moderati da sud-ovest, a 5-15 km\/h a 2000 m e 10-25 km\/h a 3000 m.<\/p>\n<hr \/>\n<p><center><b>Martedi 5<\/b><\/center><b>Tempo atteso: <\/b>Tempo instabile tra la notte ed il mattino con cielo da irregolarmente nuvoloso a molto nuvoloso associato a rovesci e temporali, mentre il tempo tender\u00e0 a migliorare con rasserenamenti al pomeriggio. L&#8217;instabilit\u00e0 iniziale ridurr\u00e0 ulteriormente il caldo avvertito nei giorni precedenti.<br \/>\n<b>Precipitazioni: <\/b>Al mattino probabilit\u00e0 media (40-60%). Al pomeriggio esaurimento dei fenomei a partire dalle Dolomiti fino a risultare assenti da met\u00e0 pomeriggio in poi, salvo qualche goccia residua su Prealpi (10-20%).<br \/>\n<b>Temperature: <\/b>In generale lieve diminuzione, ma far\u00e0 ancora piuttosto caldo. Previste punte di 28\/30\u00b0C nei fondovalle prealpini e di 23\/25\u00b0C a 1000\/1200 m. Su Prealpi a 1500 m min 14\u00b0C max 20\u00b0C, a 2000 m min 11\u00b0C max 16\u00b0C. Su Dolomiti a 2000 m min 10\u00b0C max 16\u00b0C, a 3000 m min 4\u00b0C max 6\u00b0C.<br \/>\n<b>Venti: <\/b>Nelle valli perlopi\u00f9 deboli per brezze, localmente e a tratti moderati, senza escludere eventuali locali forti raffiche temporalesche; in quota deboli\/moderati da nord, a 5-10 km\/h a 2000 m e 10-20 km\/h a 3000 m.<\/p>\n<hr \/>\n<p><center><b>Mercoledi 6<\/b><\/center>Maggiore soleggiamento, specie al mattino, in un contesto un po&#8217; meno caldo. La nuvolosit\u00e0 cumuliforme si svilupper\u00e0 soprattutto da met\u00e0 pomeriggio in poi e la probabilit\u00e0 di fenomeni dovrebbe limitarsi al tardo pomeriggio\/sera, scivolando dalle Dolomiti verso le Prealpi. Temperature in generale lieve calo, salvo ripresa delle massime nelle valli. Venti deboli di direzione variabile nelle valli, senza dimenticare l&#8217;insidia raffiche di vento per temporali; in quota deboli moderati da nord-ovest.<\/p>\n<hr \/>\n<p><center><b>Giovedi 7<\/b><\/center>Tratti soleggiati, pi\u00f9 probabili al mattino, e nuvolosit\u00e0 predominante, pi\u00f9 intensa al pomeriggio, con probabili fasi d&#8217;instabilit\u00e0, vale a dire rovesci e temporali sparsi. Temperature in ulteriore calo. Venti deboli di direzione variabile nelle valli, con locali rinforzi per raffiche temporalesche; in quota deboli\/moderati da nord-ovest. Previsore: R.L.Th.<\/p>\n<p>&nbsp;<\/p>\n<\/div>\n<hr \/>\n<p>&nbsp;<\/p>\n<p>&nbsp;<\/p>\n<p><a href=\"https:\/\/www.radiopiu.net\/wordpress\/giornale-radiopiu-26-settembre-2018-direttore-mirko-mezzacasa\/viabilita-2\/\" rel=\"attachment wp-att-61954\"><img loading=\"lazy\" decoding=\"async\" class=\"aligncenter wp-image-61954 size-full\" src=\"https:\/\/www.radiopiu.net\/wordpress\/wp-content\/uploads\/2018\/09\/viabilita.jpeg\" sizes=\"auto, (max-width: 800px) 100vw, 800px\" srcset=\"https:\/\/www.radiopiu.net\/wordpress\/wp-content\/uploads\/2018\/09\/viabilita.jpeg 800w, https:\/\/www.radiopiu.net\/wordpress\/wp-content\/uploads\/2018\/09\/viabilita-300x38.jpeg 300w, https:\/\/www.radiopiu.net\/wordpress\/wp-content\/uploads\/2018\/09\/viabilita-768x96.jpeg 768w\" alt=\"\" width=\"800\" height=\"100\" \/><\/a><\/p>\n<p>&nbsp;<\/p>\n<blockquote class=\"wp-embedded-content\" data-secret=\"mYUHZmhTB5\"><p><a href=\"https:\/\/www.radiopiu.net\/wordpress\/viabilita\/\">viabilita<\/a><\/p><\/blockquote>\n<p><iframe loading=\"lazy\" class=\"wp-embedded-content\" sandbox=\"allow-scripts\" security=\"restricted\" style=\"position: absolute; clip: rect(1px, 1px, 1px, 1px);\" title=\"&#8220;viabilita&#8221; &#8212; Radio Pi\u00f9\" src=\"https:\/\/www.radiopiu.net\/wordpress\/viabilita\/embed\/#?secret=ZCRJmVoOPD#?secret=mYUHZmhTB5\" data-secret=\"mYUHZmhTB5\" width=\"600\" height=\"338\" frameborder=\"0\" marginwidth=\"0\" marginheight=\"0\" scrolling=\"no\"><\/iframe><\/p>\n<p>&nbsp;<\/p>\n<hr \/>\n<p>&nbsp;<\/p>\n<p>&nbsp;<\/p>\n<p><img loading=\"lazy\" decoding=\"async\" class=\"wp-image-60761 size-full aligncenter\" src=\"https:\/\/www.radiopiu.net\/wordpress\/wp-content\/uploads\/2018\/09\/sport.jpg\" alt=\"\" width=\"800\" height=\"100\" srcset=\"https:\/\/www.radiopiu.net\/wordpress\/wp-content\/uploads\/2018\/09\/sport.jpg 800w, https:\/\/www.radiopiu.net\/wordpress\/wp-content\/uploads\/2018\/09\/sport-300x38.jpg 300w, https:\/\/www.radiopiu.net\/wordpress\/wp-content\/uploads\/2018\/09\/sport-768x96.jpg 768w\" sizes=\"auto, (max-width: 800px) 100vw, 800px\" \/><\/p>\n<p>&nbsp;<\/p>\n<p><span style=\"color: #0000ff;\"><strong>CALCIO<\/strong><\/span><\/p>\n<blockquote>\n<h3>VOLTAGO IN TESTA AL GIRONE A, CANALE E FODOM PRIMEGGIANO NEL GIRONE B<\/h3>\n<\/blockquote>\n<p><strong><a class=\"dt-pswp-item\" href=\"https:\/\/www.radiopiu.net\/wordpress\/wp-content\/uploads\/2021\/09\/PALLONE-CALCIO-CSI.jpg\" data-dt-img-description=\"\" data-large_image_width=\"956\" data-large_image_height=\"637\"><img loading=\"lazy\" decoding=\"async\" class=\"size-thumbnail wp-image-233126 alignleft\" src=\"https:\/\/www.radiopiu.net\/wordpress\/wp-content\/uploads\/2021\/09\/PALLONE-CALCIO-CSI-150x150.jpg\" alt=\"\" width=\"150\" height=\"150\" \/><\/a>REDAZIONE <\/strong>Sorprese e conferme nel quarto fine settimana dedicato al Campionato Agordino di Calcio. Nel girone A il Taibon crolla per la seconda volta consecutiva ma questa volta lo fa tra le mura di casa contro un Agordo 2009 che incamera i primi 3 punti stagionali. I campioni in carica del Voltago superano di misura il Vallada superando cos\u00ec il Gosaldo in classifica e conquistando il primo posto del girone. Il Le Ville vince la prima partita del campionato atterrando il La Valle. Sorpresa alla Bombonera di Cencenighe dove i padroni di casa incamerano 3 punti contro il Caprile. Il Canale vince di misura con l\u2019Alleghe ma suda le famose sette camicie. Sono bastati due gol al Fodom per chiudere il match contro il Rivamonte e portarsi in cima alla classifica con il Canale.<\/p>\n<p><strong>I RISULTATI.<\/strong> Girone A: Taibon \u2013 Agordo 2009 1-2, Vallada \u2013 Voltago 0-1, La Valle \u2013 Le Ville 3-5 . Ha riposato il Gosaldo. Girone B: Cencenighe \u2013 Caprile 3-2, Canale \u2013 Alleghe 3-2,\u00a0 Fodom \u2013 Rivamonte 2-0.<\/p>\n<p><strong>LA CLASSIFICA:<\/strong> Girone A: Voltago 10, Gosaldo 9, Taibon 6, Agordo 2009 4,Le Ville 3Vallada e La Valle 1. Girone B: Canale e Fodom 7, Cencenighe 6, Caprile e Fodom 4, Rivamonte 1, Alleghe 0<\/p>\n<p><strong>LE PROSSIME PARTITE.<\/strong> Girone A: Sabato alle 18:30 Taibon \u2013 La Valle, domenica alle 16 Vallada \u2013 Agordo 2009 e Gosaldo \u2013 Le Ville. Riposa il Voltago. Girone B: domenica alle 16 Alleghe \u2013 Rivamonte, Fodom \u2013 Caprile e Canale \u2013 Cencenighe.<\/p>\n<p>&nbsp;<\/p>\n<h3><strong>LA TERZA GIORNATA CAMPIONATO AGORDINO GIOVANILE<\/strong><\/h3>\n<p><strong>REDAZIONE <\/strong>Nella giornata in cui il Canale rispettava il turno di riposo, il La Valle ne approfitta per agganciare la squadra della Valle del Biois in cima alla classifica mentre il Taibon incamera i primi 3 punti. Sabato pomeriggio si sono giocate due delle tre partite in programma per la terza gionata del Campionato Agordino under 14. Rinviata all\u201911 luglio la sfida tra Caprile e Le Ville. Al \u201cCesare Scatena\u201d di Taibon i padroni di casa rifilano una manita al Cencenighe. Per i taiboner a segno Manuel Soccol, una tripletta di Denis Vintila e un autogol. Il Cencenighe si accontenta del gol della bandiera con Angelo Groppa. Il La Valle espugna il campo di Cernadoi rifilando 3 reti al Fodom. Lavallesi a segno con Cristian Roni e una doppietta di Patrick Lena. Per gli orsetti la rete di Philipp Ploner.<\/p>\n<p><strong>I RISULTATI<\/strong> Taibon \u2013 Cencenighe 5-1, Fodom \u2013 La Valle 1-3, Caprile \u2013 Le Ville si gioca l\u201911 luglio. Ha riposato il Canale.<\/p>\n<p><strong>LA CLASSIFICA<\/strong> La Valle e Canale 6, Caprile 4, Cencenighe e Taibon 3, Fodom 1, Le Ville 0.<\/p>\n<p><strong>IL PROSSIMO TURNO<\/strong> Mercoled\u00ec alle 19 Cencenighe \u2013 Fodom, Le Ville \u2013 Taibon e La Valle \u2013 Canale. Riposa il Caprile<\/p>\n<p>&nbsp;<\/p>\n<h2><span style=\"color: #008000;\"><a class=\"dt-pswp-item\" href=\"https:\/\/www.radiopiu.net\/wordpress\/wp-content\/uploads\/2019\/01\/CALCIO-FALLO.jpeg\" data-dt-img-description=\"\" data-large_image_width=\"1600\" data-large_image_height=\"848\"><img loading=\"lazy\" decoding=\"async\" class=\" wp-image-71538 alignleft\" src=\"https:\/\/www.radiopiu.net\/wordpress\/wp-content\/uploads\/2019\/01\/CALCIO-FALLO-150x150.jpeg\" alt=\"\" width=\"74\" height=\"74\" \/><\/a>SPECIALE CAMPIONATO AGORDINO<\/span><\/h2>\n<p><strong>\u00a0<\/strong><\/p>\n<p><strong>\u00a0<\/strong><\/p>\n<p><strong>RIASCOLTA OTTANTESIMO MINUTO &#8211; QUARTA PUNTATA<\/strong><\/p>\n<audio class=\"wp-audio-shortcode\" id=\"audio-284776-14\" preload=\"none\" style=\"width: 100%;\" controls=\"controls\"><source type=\"audio\/mpeg\" src=\"https:\/\/www.radiopiu.net\/wordpress\/wp-content\/uploads\/2022\/07\/80MIN.mp3?_=14\" \/><a href=\"https:\/\/www.radiopiu.net\/wordpress\/wp-content\/uploads\/2022\/07\/80MIN.mp3\">https:\/\/www.radiopiu.net\/wordpress\/wp-content\/uploads\/2022\/07\/80MIN.mp3<\/a><\/audio>\n<p>&nbsp;<\/p>\n<p><strong>RIASCOLTA CAMPIONATO AGORDINO SHOW &#8211; TERZA PUNTATA (LA SINTESI)<\/strong><\/p>\n<audio class=\"wp-audio-shortcode\" id=\"audio-284776-15\" preload=\"none\" style=\"width: 100%;\" controls=\"controls\"><source type=\"audio\/mpeg\" src=\"https:\/\/www.radiopiu.net\/wordpress\/wp-content\/uploads\/2022\/06\/AGOS-1.mp3?_=15\" \/><a href=\"https:\/\/www.radiopiu.net\/wordpress\/wp-content\/uploads\/2022\/06\/AGOS-1.mp3\">https:\/\/www.radiopiu.net\/wordpress\/wp-content\/uploads\/2022\/06\/AGOS-1.mp3<\/a><\/audio>\n<p>&nbsp;<\/p>\n<hr \/>\n<p>&nbsp;<\/p>\n<p><span style=\"color: #0000ff;\"><strong>NUOTO<\/strong><\/span><\/p>\n<blockquote>\n<h3>CAMPIONATI ITALIANI DI RICCIONE: I MASTER BELLUNESI SONO QUARANTESIMI SU 450 SOCIET\u00c0<\/h3>\n<\/blockquote>\n<p><strong>BELLUNO <\/strong>Un\u2019esperienza indimenticabile dal contorno tricolore. La squadra Master della Sportivamente Belluno si ritaglia un ruolo di assoluto rilievo ai Campionati italiani di categoria, andati in scena a Riccione. Quattro giornate di gare, tra impegno e fatica, emozione e condivisione. Ma non basta, perch\u00e9 i nuotatori bellunesi sono anche e soprattutto degli agonisti. E, come tali, interpretano ogni impegno al meglio. A maggior ragione se si tratta della massima competizione in ambito nazionale. Una competizione che la \u201cscatenata dozzina\u201d (in vasca quattro donne e otto uomini, oltre a otto staffette) ha vissuto alla grande, lungo quattro giornate di prove, a contatto con i migliori interpreti delle varie specialit\u00e0 di tutto lo Stivale: isole comprese. Ebbene, in un contesto che definire selettivo \u00e8 perfino eufemistico, la Sportivamente Belluno riesce a piazzarsi al quarantesimo posto nella classifica nazionale: una graduatoria che &#8211; \u00e8 bene specificarlo &#8211; comprende pi\u00f9 di 450 societ\u00e0. Insomma, i bellunesi concludono la trasferta in Riviera romagnola nella fascia pi\u00f9 elevata. E con un bilancio lusinghiero. Nemmeno il caldo opprimente ha impedito agli atleti dolomitici di difendersi tra le corsie dello Stadio del Nuoto di Riccione, teatro di competizioni di altissimo profilo: sia a livello nazionale, sia internazionale. Alla fine, il gruppo non nasconde la sua soddisfazione in termini di risultati personali e per i numerosi record ottenuti in una vetrina di prestigio.<\/p>\n\n\t\t\t<style type='text\/css'>\n\t\t\t\t#gallery-10 {\n\t\t\t\t\tmargin: auto;\n\t\t\t\t}\n\t\t\t\t#gallery-10 .gallery-item {\n\t\t\t\t\tfloat: left;\n\t\t\t\t\tmargin-top: 10px;\n\t\t\t\t\ttext-align: center;\n\t\t\t\t\twidth: 33%;\n\t\t\t\t}\n\t\t\t\t#gallery-10 img {\n\t\t\t\t\tborder: 2px solid #cfcfcf;\n\t\t\t\t}\n\t\t\t\t#gallery-10 .gallery-caption {\n\t\t\t\t\tmargin-left: 0;\n\t\t\t\t}\n\t\t\t\t\/* see gallery_shortcode() in wp-includes\/media.php *\/\n\t\t\t<\/style>\n\t\t<div id='gallery-10' class='dt-gallery-container gallery galleryid-284776 gallery-columns-3 gallery-size-thumbnail'><dl class='gallery-item'>\n\t\t\t\t<dt class='gallery-icon landscape'>\n\t\t\t\t\t<a class=\"rollover rollover-zoom dt-pswp-item\" title=\"Master_1\" data-dt-img-description=\"\" data-large_image_width=\"1532\" data-large_image_height=\"1484\"href='https:\/\/www.radiopiu.net\/wordpress\/wp-content\/uploads\/2022\/07\/Master_1.jpeg'><img loading=\"lazy\" decoding=\"async\" width=\"150\" height=\"150\" src=\"https:\/\/www.radiopiu.net\/wordpress\/wp-content\/uploads\/2022\/07\/Master_1-150x150.jpeg\" class=\"attachment-thumbnail size-thumbnail\" alt=\"\" \/><\/a>\n\t\t\t\t<\/dt><\/dl><dl class='gallery-item'>\n\t\t\t\t<dt class='gallery-icon portrait'>\n\t\t\t\t\t<a class=\"rollover rollover-zoom dt-pswp-item\" title=\"Master_2\" data-dt-img-description=\"\" data-large_image_width=\"768\" data-large_image_height=\"1024\"href='https:\/\/www.radiopiu.net\/wordpress\/wp-content\/uploads\/2022\/07\/Master_2.jpeg'><img loading=\"lazy\" decoding=\"async\" width=\"150\" height=\"150\" src=\"https:\/\/www.radiopiu.net\/wordpress\/wp-content\/uploads\/2022\/07\/Master_2-150x150.jpeg\" class=\"attachment-thumbnail size-thumbnail\" alt=\"\" \/><\/a>\n\t\t\t\t<\/dt><\/dl><dl class='gallery-item'>\n\t\t\t\t<dt class='gallery-icon landscape'>\n\t\t\t\t\t<a class=\"rollover rollover-zoom dt-pswp-item\" title=\"Master_3\" data-dt-img-description=\"\" data-large_image_width=\"1439\" data-large_image_height=\"1270\"href='https:\/\/www.radiopiu.net\/wordpress\/wp-content\/uploads\/2022\/07\/Master_3.jpeg'><img loading=\"lazy\" decoding=\"async\" width=\"150\" height=\"150\" src=\"https:\/\/www.radiopiu.net\/wordpress\/wp-content\/uploads\/2022\/07\/Master_3-150x150.jpeg\" class=\"attachment-thumbnail size-thumbnail\" alt=\"\" \/><\/a>\n\t\t\t\t<\/dt><\/dl><br style=\"clear: both\" \/>\n\t\t\t<\/div>\n\n<p>&nbsp;<\/p>\n<hr \/>\n<p>&nbsp;<\/p>\n<p><span style=\"color: #0000ff;\"><strong>MOTORI<\/strong><\/span><\/p>\n<blockquote>\n<h3>BERNARDI &#8211; SIGNOR DOMINANO IL RALLY DELLA CARNIA<\/h3>\n<\/blockquote>\n<p><strong><a class=\"dt-pswp-item\" href=\"https:\/\/www.radiopiu.net\/wordpress\/wp-content\/uploads\/2022\/07\/b8bb896b-63f4-49da-95b7-c342d851ae02.jpg\" data-dt-img-description=\"\" data-large_image_width=\"526\" data-large_image_height=\"590\"><img loading=\"lazy\" decoding=\"async\" class=\"size-thumbnail wp-image-285112 alignleft\" src=\"https:\/\/www.radiopiu.net\/wordpress\/wp-content\/uploads\/2022\/07\/b8bb896b-63f4-49da-95b7-c342d851ae02-150x150.jpg\" alt=\"\" width=\"150\" height=\"150\" \/><\/a>Di Roberto Bona<\/strong><\/p>\n<audio class=\"wp-audio-shortcode\" id=\"audio-284776-16\" preload=\"none\" style=\"width: 100%;\" controls=\"controls\"><source type=\"audio\/mpeg\" src=\"https:\/\/www.radiopiu.net\/wordpress\/wp-content\/uploads\/2022\/07\/BONA-RALLY-DELLA-CARNIA.mp3?_=16\" \/><a href=\"https:\/\/www.radiopiu.net\/wordpress\/wp-content\/uploads\/2022\/07\/BONA-RALLY-DELLA-CARNIA.mp3\">https:\/\/www.radiopiu.net\/wordpress\/wp-content\/uploads\/2022\/07\/BONA-RALLY-DELLA-CARNIA.mp3<\/a><\/audio>\n<p>&nbsp;<\/p>\n<blockquote>\n<h3>SIMONE FAGGIOLI SI AGGIUDICA LA TRENTO-BONDONE<\/h3>\n<\/blockquote>\n<p><strong><a class=\"dt-pswp-item\" href=\"https:\/\/www.radiopiu.net\/wordpress\/wp-content\/uploads\/2022\/07\/aa.jpg\" data-dt-img-description=\"\" data-large_image_width=\"1500\" data-large_image_height=\"959\"><img loading=\"lazy\" decoding=\"async\" class=\"size-thumbnail wp-image-285115 alignleft\" src=\"https:\/\/www.radiopiu.net\/wordpress\/wp-content\/uploads\/2022\/07\/aa-150x150.jpg\" alt=\"\" width=\"150\" height=\"150\" \/><\/a>Di Roberto Bona<\/strong><\/p>\n<audio class=\"wp-audio-shortcode\" id=\"audio-284776-17\" preload=\"none\" style=\"width: 100%;\" controls=\"controls\"><source type=\"audio\/mpeg\" src=\"https:\/\/www.radiopiu.net\/wordpress\/wp-content\/uploads\/2022\/07\/BONA-TRENTO-BONDONE.mp3?_=17\" \/><a href=\"https:\/\/www.radiopiu.net\/wordpress\/wp-content\/uploads\/2022\/07\/BONA-TRENTO-BONDONE.mp3\">https:\/\/www.radiopiu.net\/wordpress\/wp-content\/uploads\/2022\/07\/BONA-TRENTO-BONDONE.mp3<\/a><\/audio>\n<p>&nbsp;<\/p>\n<hr \/>\n<p>&nbsp;<\/p>\n<p><span style=\"color: #0000ff;\"><strong>PALLAVOLO<\/strong><\/span><\/p>\n<blockquote>\n<h3>IL NUOVO PRESIDENTE DELLA PALLAVOLO BELLUNO<\/h3>\n<\/blockquote>\n<p><strong><a class=\"dt-pswp-item\" href=\"https:\/\/www.radiopiu.net\/wordpress\/wp-content\/uploads\/2022\/07\/Giancarlo_Ingrosso_nuovo_presidente.jpg\" data-dt-img-description=\"\" data-large_image_width=\"2230\" data-large_image_height=\"1470\"><img loading=\"lazy\" decoding=\"async\" class=\"size-thumbnail wp-image-284893 alignleft\" src=\"https:\/\/www.radiopiu.net\/wordpress\/wp-content\/uploads\/2022\/07\/Giancarlo_Ingrosso_nuovo_presidente-150x150.jpg\" alt=\"\" width=\"150\" height=\"150\" \/><\/a>BELLUNO<\/strong> Giancarlo Ingrosso \u00e8 il nuovo presidente del settore femminile legato alla Pallavolo Belluno. Nato a Torino nel 1958, dirigente di Lattebusche (da pochi mesi in pensione), vanta diverse esperienze in ambito amministrativo, tra Comune e Comunit\u00e0 montana. Ma il suo impegno era gi\u00e0 sfociato anche in ambito sportivo: Ingrosso, infatti, ha rivestito il ruolo di vice presidente proprio nella societ\u00e0 pallavolistica del capoluogo e ha guidato il Circolo Tennis Belluno, ai tempi del maestro Giancarlo Palmieri.<span class=\"gmail-Apple-converted-space\">\u00a0<\/span>La Pallavolo Belluno ripartir\u00e0 dalla serie C: \u00ab<em>L\u2019obiettivo \u00e8 quello di tornare al pi\u00f9 presto in una categoria di profilo nazionale &#8211; dice Ingrosso &#8211; ma soprattutto di rafforzare e organizzare una societ\u00e0 che possa competere a livelli elevati<\/em>\u00bb. Un nuovo capitolo \u00e8 pronto per essere scritto: \u00ab<em>Abbiamo gi\u00e0 avviato diversi contatti &#8211; conclude il presidente Ingrosso -. La disponibilit\u00e0 a condividere il progetto non manca<\/em>\u00bb.<span class=\"gmail-Apple-converted-space\">\u00a0<\/span><\/p>\n<\/div>\n<\/div>\n<\/div>\n<\/div>\n<\/div>\n<\/div>\n<\/div>\n<\/div>\n<\/div>\n<\/div>\n<\/div>\n<\/div>\n<\/div>\n<\/div>\n<\/div>\n<\/div>\n<\/div>\n<\/div>\n<\/div>\n<\/div>\n<\/div>\n<\/div>\n<\/div>\n<\/div>\n<\/div>\n<\/div>\n<\/div>\n<\/div>\n<\/div>\n<\/div>\n<\/div>\n<\/div>\n<\/div>\n<\/div>\n<\/div>\n<\/div>\n<\/div>\n<\/div>\n<\/div>\n<\/div>\n<\/div>\n<\/div>\n<\/div>\n<\/div>\n<\/div>\n<\/div>\n<\/div>\n<\/div>\n<\/div>\n<\/div>\n<\/div>\n<\/div>\n<\/div>\n<\/div>\n<\/div>\n<\/div>\n<\/div>\n<\/div>\n<\/div>\n<\/div>\n<\/div>\n<\/div>\n<\/div>\n<\/div>\n<\/div>\n<\/div>\n<\/div>\n<\/div>\n<\/div>\n<\/div>\n<\/div>\n<\/div>\n<\/div>\n<\/div>\n<\/div>\n<\/div>\n<\/div>\n<\/div>\n<\/div>\n<\/div>\n<\/div>\n<\/div>\n<\/div>\n<\/div>\n<\/div>\n<\/div>\n<\/div>\n<\/div>\n<\/div>\n<\/div>\n<\/div>\n<\/div>\n<\/div>\n<\/div>\n<\/div>\n<\/div>\n<\/div>\n<\/div>\n<\/div>\n<\/div>\n<\/div>\n<\/div>\n<\/div>\n<\/div>\n<\/div>\n","protected":false},"excerpt":{"rendered":"<p>RADIO PIU INFORMAZIONE il canale su TELEGRAM informazione di prima\u00a0 mano e in tempo reale. iscriviti ed aiutaci a farlo conoscere\u00a0 Aggiornamento intervento in Marmolada Domenica 3 luglio 2022 Attivato il numero 0461.495272 per segnalare eventuali mancati rientri. Proseguite nella notte, con il supporto dei droni dei Vigili del fuoco e del Soccorso Alpino, i&hellip;<\/p>\n","protected":false},"author":4,"featured_media":285041,"comment_status":"closed","ping_status":"closed","sticky":false,"template":"","format":"standard","meta":{"_monsterinsights_skip_tracking":false,"_monsterinsights_sitenote_active":false,"_monsterinsights_sitenote_note":"","_monsterinsights_sitenote_category":0,"footnotes":""},"categories":[51,86,49],"tags":[],"class_list":["post-284776","post","type-post","status-publish","format-standard","has-post-thumbnail","hentry","category-evidenza-top","category-gr","category-news-18","category-51","category-86","category-49","description-off"],"img_url":"https:\/\/www.radiopiu.net\/wordpress\/wp-content\/uploads\/2022\/07\/d03de882-2347-426a-a34b-f8dd62f15f66.jpg","_links":{"self":[{"href":"https:\/\/www.radiopiu.net\/wordpress\/wp-json\/wp\/v2\/posts\/284776","targetHints":{"allow":["GET"]}}],"collection":[{"href":"https:\/\/www.radiopiu.net\/wordpress\/wp-json\/wp\/v2\/posts"}],"about":[{"href":"https:\/\/www.radiopiu.net\/wordpress\/wp-json\/wp\/v2\/types\/post"}],"author":[{"embeddable":true,"href":"https:\/\/www.radiopiu.net\/wordpress\/wp-json\/wp\/v2\/users\/4"}],"replies":[{"embeddable":true,"href":"https:\/\/www.radiopiu.net\/wordpress\/wp-json\/wp\/v2\/comments?post=284776"}],"version-history":[{"count":0,"href":"https:\/\/www.radiopiu.net\/wordpress\/wp-json\/wp\/v2\/posts\/284776\/revisions"}],"wp:featuredmedia":[{"embeddable":true,"href":"https:\/\/www.radiopiu.net\/wordpress\/wp-json\/wp\/v2\/media\/285041"}],"wp:attachment":[{"href":"https:\/\/www.radiopiu.net\/wordpress\/wp-json\/wp\/v2\/media?parent=284776"}],"wp:term":[{"taxonomy":"category","embeddable":true,"href":"https:\/\/www.radiopiu.net\/wordpress\/wp-json\/wp\/v2\/categories?post=284776"},{"taxonomy":"post_tag","embeddable":true,"href":"https:\/\/www.radiopiu.net\/wordpress\/wp-json\/wp\/v2\/tags?post=284776"}],"curies":[{"name":"wp","href":"https:\/\/api.w.org\/{rel}","templated":true}]}}