{"id":284789,"date":"2022-07-02T05:43:17","date_gmt":"2022-07-02T03:43:17","guid":{"rendered":"https:\/\/www.radiopiu.net\/wordpress\/?p=284789"},"modified":"2022-07-02T05:44:55","modified_gmt":"2022-07-02T03:44:55","slug":"allombra-di-san-piero-di-alessandra-fontana","status":"publish","type":"post","link":"https:\/\/www.radiopiu.net\/wordpress\/allombra-di-san-piero-di-alessandra-fontana\/","title":{"rendered":"ALL&#8217;OMBRA DI SAN PIERO, di ALESSANDRA FONTANA"},"content":{"rendered":"<div class=\"kvgmc6g5 cxmmr5t8 oygrvhab hcukyx3x c1et5uql ii04i59q\">\n<div dir=\"auto\"><\/div>\n<\/div>\n<div class=\"cxmmr5t8 oygrvhab hcukyx3x c1et5uql o9v6fnle ii04i59q\">\n<div dir=\"auto\">Il 30 giugno di 24 anni fa, in una soleggiata giornata di inizio estate, ti abbiamo salutato per l\u2019ultima volta caro nonno. Il 27 ci hai lasciato, all\u2019improvviso, mentre la tua Agordo si vestiva a festa per onorare San Piero.<\/div>\n<div dir=\"auto\">Ricordo la chiesa stracolma di gente, il coro Agordo, il soccorso alpino, le Istituzioni, la commozione di una comunit\u00e0 che si stringeva a ricordare il tuo impegno, la tua persona. Ricordo lacrime trattenute a stento, occhi lucidi, aneddoti e pensieri. Ricordo biglietti da tutta Europa e un abbraccio collettivo a fare compagnia alla nonna, alle nostre mamme, a noi nipoti, soli senza di te. Ventiquattro anni dopo, il 30 giugno, quella stessa vallata si \u00e8 trovata, con una forza cento, mille volte pi\u00f9 forte, a stringersi intorno al suo Imprenditore, al suo simbolo, a chi a quella vallata ha dato molto pi\u00f9 che un\u2019occupazione. I ricordi privati, quelli di famiglia, si intrecciano coi ricordi pubblici, a volte incastrandosi perfettamente, a volte allontanandosi con una narrazione privata. Quando entravi a casa lasciavi fuori dalla porta la politica e non ci hai mai raccontato di quando, a capo di una coalizione progressista sei diventato sindaco, vincendo contro la Dc e Del Vecchio. C\u2019era una legge morale superiore, non detta, che vi guidava: il bene del territorio e della vallata e il rispetto reciproco per i cittadini. E quel rispetto non \u00e8 mai venuto meno. Ho ritrovato le tante foto istituzionali che vi ritraggono assieme, in occasione di inaugurazioni o di cerimonie ufficiali. Ma me ne manca una, la pi\u00f9 bella, la pi\u00f9 rappresentativa. Quella che vi ritraeva mentre sfalciavate, forse nei dintorni del Vazzoler? Non c\u2019erano l\u2019imprenditore di successo e il sindaco gestore del rifugio, non c\u2019erano la Dc e il Partito socialista, non c\u2019erano l\u2019industriale e l\u2019artigiano, c\u2019erano due persone che, anche sfalciando l\u2019erba, si prendevano cura con passione del proprio territorio. Ve ne siete andati lo stesso giorno, all\u2019ombra di San Piero. Io quella foto nonno la trover\u00f2, te la prometto.<\/div>\n<div dir=\"auto\">Alessandra Fontana, nipote di Armando &#8220;Tama&#8221; Da Roit<br \/>\n\n\t\t\t<style type='text\/css'>\n\t\t\t\t#gallery-1 {\n\t\t\t\t\tmargin: auto;\n\t\t\t\t}\n\t\t\t\t#gallery-1 .gallery-item {\n\t\t\t\t\tfloat: left;\n\t\t\t\t\tmargin-top: 10px;\n\t\t\t\t\ttext-align: center;\n\t\t\t\t\twidth: 50%;\n\t\t\t\t}\n\t\t\t\t#gallery-1 img {\n\t\t\t\t\tborder: 2px solid #cfcfcf;\n\t\t\t\t}\n\t\t\t\t#gallery-1 .gallery-caption {\n\t\t\t\t\tmargin-left: 0;\n\t\t\t\t}\n\t\t\t\t\/* see gallery_shortcode() in wp-includes\/media.php *\/\n\t\t\t<\/style>\n\t\t<div id='gallery-1' class='dt-gallery-container gallery galleryid-284789 gallery-columns-2 gallery-size-thumbnail'><dl class='gallery-item'>\n\t\t\t\t<dt class='gallery-icon landscape'>\n\t\t\t\t\t<a class=\"rollover rollover-zoom dt-pswp-item\" title=\"291513159_578682430277556_1662829286174322041_n\" data-dt-img-description=\"\" data-large_image_width=\"600\" data-large_image_height=\"455\"href='https:\/\/www.radiopiu.net\/wordpress\/wp-content\/uploads\/2022\/07\/291513159_578682430277556_1662829286174322041_n.jpg'><img loading=\"lazy\" decoding=\"async\" width=\"150\" height=\"150\" src=\"https:\/\/www.radiopiu.net\/wordpress\/wp-content\/uploads\/2022\/07\/291513159_578682430277556_1662829286174322041_n-150x150.jpg\" class=\"attachment-thumbnail size-thumbnail\" alt=\"\" \/><\/a>\n\t\t\t\t<\/dt><\/dl><dl class='gallery-item'>\n\t\t\t\t<dt class='gallery-icon portrait'>\n\t\t\t\t\t<a class=\"rollover rollover-zoom dt-pswp-item\" title=\"291014261_578682206944245_8907093975667603384_n\" data-dt-img-description=\"\" data-large_image_width=\"452\" data-large_image_height=\"600\"href='https:\/\/www.radiopiu.net\/wordpress\/wp-content\/uploads\/2022\/07\/291014261_578682206944245_8907093975667603384_n.jpg'><img loading=\"lazy\" decoding=\"async\" width=\"150\" height=\"150\" src=\"https:\/\/www.radiopiu.net\/wordpress\/wp-content\/uploads\/2022\/07\/291014261_578682206944245_8907093975667603384_n-150x150.jpg\" class=\"attachment-thumbnail size-thumbnail\" alt=\"\" \/><\/a>\n\t\t\t\t<\/dt><\/dl><br style=\"clear: both\" \/>\n\t\t\t<\/div>\n\n<\/div>\n<div dir=\"auto\">\n<blockquote><p><span class=\"\"><span class=\"nc684nl6\"><a class=\"oajrlxb2 g5ia77u1 qu0x051f esr5mh6w e9989ue4 r7d6kgcz rq0escxv nhd2j8a9 nc684nl6 p7hjln8o kvgmc6g5 cxmmr5t8 oygrvhab hcukyx3x jb3vyjys rz4wbd8a qt6c0cv9 a8nywdso i1ao9s8h esuyzwwr f1sip0of lzcic4wl gmql0nx0 gpro0wi8\" tabindex=\"0\" role=\"link\" href=\"https:\/\/www.facebook.com\/groups\/1420205028223120\/user\/100001303800915\/?__cft__[0]=AZWzUOsdlIqNM0-WYZRANCdnOyJC-NpWztf8rLr1ICNArX7Sr0eeDKOf6pw1Vp4iBdUa0bklQX-pO_iS2BKjOyA69SNVeW7wNM-UpdkWPeBffnJcuMcYxCTY_Ix-RbKdaKJTgYsKGna7QH598PGj0a0tqB0n5ePSWYQuMw_3CySFJqpJS5CBIptMzNSPj9bUmgWP_dkKHtch8wWCc-HmDrcU&amp;__tn__=R]-R\"><span class=\"pq6dq46d\"><span class=\"d2edcug0 hpfvmrgz qv66sw1b c1et5uql lr9zc1uh a8c37x1j fe6kdd0r mau55g9w c8b282yb keod5gw0 nxhoafnm aigsh9s9 d9wwppkn mdeji52x e9vueds3 j5wam9gi lrazzd5p oo9gr5id\" dir=\"auto\">Toni Sirena<\/span><\/span><\/a> <\/span><\/span>Alessandra Fontana, spero ti faccia piacere: Tina Merlin intervista Armando da Roit al Vazzoler.<\/p><\/blockquote>\n<div dir=\"auto\"><em>&#8220;Guida cordate come un capitano la nave&#8221;. Un ritratto speciale del nonno che, come guida alpina, regalava a donne, vecchi, bambini, preti, onorevoli e regnanti (cit.) l&#8217;emozione unica di raggiungere una cima. Lo custodiamo gelosamente&#8221;. (Alessandra)\u00a0\u00a0<\/em><\/div>\n<p><a class=\"dt-pswp-item\" href=\"https:\/\/www.radiopiu.net\/wordpress\/wp-content\/uploads\/2022\/07\/291673470_5109693452417398_9045115408962988116_n.jpg\" data-dt-img-description=\"\" data-large_image_width=\"261\" data-large_image_height=\"169\"><img loading=\"lazy\" decoding=\"async\" class=\"alignnone wp-image-284792 size-full\" src=\"https:\/\/www.radiopiu.net\/wordpress\/wp-content\/uploads\/2022\/07\/291673470_5109693452417398_9045115408962988116_n.jpg\" alt=\"\" width=\"261\" height=\"169\" \/><\/a><\/p>\n<\/div>\n<\/div>\n","protected":false},"excerpt":{"rendered":"<p>Il 30 giugno di 24 anni fa, in una soleggiata giornata di inizio estate, ti abbiamo salutato per l\u2019ultima volta caro nonno. Il 27 ci hai lasciato, all\u2019improvviso, mentre la tua Agordo si vestiva a festa per onorare San Piero. Ricordo la chiesa stracolma di gente, il coro Agordo, il soccorso alpino, le Istituzioni, la&hellip;<\/p>\n","protected":false},"author":4,"featured_media":284790,"comment_status":"closed","ping_status":"closed","sticky":false,"template":"","format":"standard","meta":{"_monsterinsights_skip_tracking":false,"_monsterinsights_sitenote_active":false,"_monsterinsights_sitenote_note":"","_monsterinsights_sitenote_category":0,"footnotes":""},"categories":[104,49],"tags":[],"class_list":["post-284789","post","type-post","status-publish","format-standard","has-post-thumbnail","hentry","category-evidenza_3","category-news-18","category-104","category-49","description-off"],"img_url":"https:\/\/www.radiopiu.net\/wordpress\/wp-content\/uploads\/2022\/07\/291014261_578682206944245_8907093975667603384_n.jpg","_links":{"self":[{"href":"https:\/\/www.radiopiu.net\/wordpress\/wp-json\/wp\/v2\/posts\/284789","targetHints":{"allow":["GET"]}}],"collection":[{"href":"https:\/\/www.radiopiu.net\/wordpress\/wp-json\/wp\/v2\/posts"}],"about":[{"href":"https:\/\/www.radiopiu.net\/wordpress\/wp-json\/wp\/v2\/types\/post"}],"author":[{"embeddable":true,"href":"https:\/\/www.radiopiu.net\/wordpress\/wp-json\/wp\/v2\/users\/4"}],"replies":[{"embeddable":true,"href":"https:\/\/www.radiopiu.net\/wordpress\/wp-json\/wp\/v2\/comments?post=284789"}],"version-history":[{"count":0,"href":"https:\/\/www.radiopiu.net\/wordpress\/wp-json\/wp\/v2\/posts\/284789\/revisions"}],"wp:featuredmedia":[{"embeddable":true,"href":"https:\/\/www.radiopiu.net\/wordpress\/wp-json\/wp\/v2\/media\/284790"}],"wp:attachment":[{"href":"https:\/\/www.radiopiu.net\/wordpress\/wp-json\/wp\/v2\/media?parent=284789"}],"wp:term":[{"taxonomy":"category","embeddable":true,"href":"https:\/\/www.radiopiu.net\/wordpress\/wp-json\/wp\/v2\/categories?post=284789"},{"taxonomy":"post_tag","embeddable":true,"href":"https:\/\/www.radiopiu.net\/wordpress\/wp-json\/wp\/v2\/tags?post=284789"}],"curies":[{"name":"wp","href":"https:\/\/api.w.org\/{rel}","templated":true}]}}