{"id":284797,"date":"2025-06-02T11:58:49","date_gmt":"2025-06-02T09:58:49","guid":{"rendered":"https:\/\/www.radiopiu.net\/wordpress\/?p=284797"},"modified":"2025-06-27T13:46:25","modified_gmt":"2025-06-27T11:46:25","slug":"lora-del-ricordo-una-via-una-piazza-per-leonardo-del-vecchio","status":"publish","type":"post","link":"https:\/\/www.radiopiu.net\/wordpress\/lora-del-ricordo-una-via-una-piazza-per-leonardo-del-vecchio\/","title":{"rendered":"L&#8217;ORA DEL RICORDO.  UNA VIA, UNA PIAZZA PER LEONARDO DEL VECCHIO: 2 LUGLIO 2022"},"content":{"rendered":"<p><strong>AGORDO<\/strong> Prende sempre pi\u00f9 corpo l&#8217;idea di dedicare una piazza, una via, una strada importante al Cavalier Leonardo Del Vecchio, ad Agordo di sicuro, lo assicura il primo cittadino ricordando altres\u00ec che non sar\u00e0 cosa immediata . Nel resto della provincia, da Cencenighe a Sedico si vedr\u00e0. A parlarne per primo il sindaco di Agordo Roberto Chissal\u00e8 nel corso del consiglio comunale dell&#8217;altra sera (trasmesso in diretta e riascoltabile in podcast su questo sito). Nel giorno della scomparsa di Leonardo Del Vecchio da Quero Doriano Piazza aveva lanciato l&#8217;idea.<\/p>\n<p>dal corriere delle alpi, GIANNI SANTOMASO<\/p>\n<audio class=\"wp-audio-shortcode\" id=\"audio-284797-1\" preload=\"none\" style=\"width: 100%;\" controls=\"controls\"><source type=\"audio\/mpeg\" src=\"https:\/\/www.radiopiu.net\/wordpress\/wp-content\/uploads\/2022\/07\/GIANNI-AGORDO-IL-GIORNO-DOPO-I-FUNERALI-DI-DEL-VECCHIO.mp3?_=1\" \/><a href=\"https:\/\/www.radiopiu.net\/wordpress\/wp-content\/uploads\/2022\/07\/GIANNI-AGORDO-IL-GIORNO-DOPO-I-FUNERALI-DI-DEL-VECCHIO.mp3\">https:\/\/www.radiopiu.net\/wordpress\/wp-content\/uploads\/2022\/07\/GIANNI-AGORDO-IL-GIORNO-DOPO-I-FUNERALI-DI-DEL-VECCHIO.mp3<\/a><\/audio>\n<p>&nbsp;<\/p>\n<p>&nbsp;<\/p>\n<p><strong>DAL GIORNALE RADIOPIU DEL 29 GIUGNO 2022<\/strong><\/p>\n<blockquote>\n<h3>DILLO A RADIO PIU&#8217;&#8230;RICONOSCENZA NEL TEMPO<\/h3>\n<\/blockquote>\n<p><strong><a class=\"dt-pswp-item\" href=\"https:\/\/www.radiopiu.net\/wordpress\/wp-content\/uploads\/2022\/06\/LUXOTTICA-14.jpg\" data-dt-img-description=\"\" data-large_image_width=\"1122\" data-large_image_height=\"600\"><img loading=\"lazy\" decoding=\"async\" class=\" wp-image-284021 alignleft\" src=\"https:\/\/www.radiopiu.net\/wordpress\/wp-content\/uploads\/2022\/06\/LUXOTTICA-14-150x150.jpg\" alt=\"\" width=\"90\" height=\"90\" \/><\/a>QUERO <\/strong>Da Doriano Dalla Piazza riceviamo e volentieri pubblichiamo<\/p>\n<p><em>Abbiamo il dovere di rendere onore a Leonardo Del Vecchio. Che la riconoscenza non si esaurisca con le parole, ma rimanga duratura nel tempo. Dedichiamo a Leonardo Del Vecchio una piazza importante, una via importante, in ogni comune della provincia di Belluno. Tutta la provincia di Belluno unita con Leonardo Del Vecchio.<\/em><\/p>\n<p>&nbsp;<\/p>\n<p>&nbsp;<\/p>\n<hr \/>\n<p>&nbsp;<\/p>\n","protected":false},"excerpt":{"rendered":"<p>AGORDO Prende sempre pi\u00f9 corpo l&#8217;idea di dedicare una piazza, una via, una strada importante al Cavalier Leonardo Del Vecchio, ad Agordo di sicuro, lo assicura il primo cittadino ricordando altres\u00ec che non sar\u00e0 cosa immediata . Nel resto della provincia, da Cencenighe a Sedico si vedr\u00e0. A parlarne per primo il sindaco di Agordo&hellip;<\/p>\n","protected":false},"author":4,"featured_media":284791,"comment_status":"closed","ping_status":"closed","sticky":false,"template":"","format":"standard","meta":{"_monsterinsights_skip_tracking":false,"_monsterinsights_sitenote_active":false,"_monsterinsights_sitenote_note":"","_monsterinsights_sitenote_category":0,"footnotes":""},"categories":[104,49],"tags":[],"class_list":["post-284797","post","type-post","status-publish","format-standard","has-post-thumbnail","hentry","category-evidenza_3","category-news-18","category-104","category-49","description-off"],"img_url":"https:\/\/www.radiopiu.net\/wordpress\/wp-content\/uploads\/2022\/07\/291513159_578682430277556_1662829286174322041_n.jpg","_links":{"self":[{"href":"https:\/\/www.radiopiu.net\/wordpress\/wp-json\/wp\/v2\/posts\/284797","targetHints":{"allow":["GET"]}}],"collection":[{"href":"https:\/\/www.radiopiu.net\/wordpress\/wp-json\/wp\/v2\/posts"}],"about":[{"href":"https:\/\/www.radiopiu.net\/wordpress\/wp-json\/wp\/v2\/types\/post"}],"author":[{"embeddable":true,"href":"https:\/\/www.radiopiu.net\/wordpress\/wp-json\/wp\/v2\/users\/4"}],"replies":[{"embeddable":true,"href":"https:\/\/www.radiopiu.net\/wordpress\/wp-json\/wp\/v2\/comments?post=284797"}],"version-history":[{"count":1,"href":"https:\/\/www.radiopiu.net\/wordpress\/wp-json\/wp\/v2\/posts\/284797\/revisions"}],"predecessor-version":[{"id":456085,"href":"https:\/\/www.radiopiu.net\/wordpress\/wp-json\/wp\/v2\/posts\/284797\/revisions\/456085"}],"wp:featuredmedia":[{"embeddable":true,"href":"https:\/\/www.radiopiu.net\/wordpress\/wp-json\/wp\/v2\/media\/284791"}],"wp:attachment":[{"href":"https:\/\/www.radiopiu.net\/wordpress\/wp-json\/wp\/v2\/media?parent=284797"}],"wp:term":[{"taxonomy":"category","embeddable":true,"href":"https:\/\/www.radiopiu.net\/wordpress\/wp-json\/wp\/v2\/categories?post=284797"},{"taxonomy":"post_tag","embeddable":true,"href":"https:\/\/www.radiopiu.net\/wordpress\/wp-json\/wp\/v2\/tags?post=284797"}],"curies":[{"name":"wp","href":"https:\/\/api.w.org\/{rel}","templated":true}]}}