{"id":284974,"date":"2022-07-03T10:57:54","date_gmt":"2022-07-03T08:57:54","guid":{"rendered":"https:\/\/www.radiopiu.net\/wordpress\/?p=284974"},"modified":"2022-07-03T10:57:54","modified_gmt":"2022-07-03T08:57:54","slug":"recuperato-un-ciclista-straneiro-in-val-fogare-era-partito-da-cortina-con-la-sua-e-bike","status":"publish","type":"post","link":"https:\/\/www.radiopiu.net\/wordpress\/recuperato-un-ciclista-straneiro-in-val-fogare-era-partito-da-cortina-con-la-sua-e-bike\/","title":{"rendered":"RECUPERATO UN CICLISTA STRANEIRO IN VAL FOGARE&#8217;. ERA PARTITO DA CORTINA CON LA SUA E-BIKE"},"content":{"rendered":"<p><strong>SEDICO<\/strong> Escono per una semplice perdita di orientamento sopra la statale agordina e si trovano a dover affrontare tutt&#8217;altro intervento. Ieri verso le 19 il Soccorso alpino di Belluno \u00e8 stato attivato dalla Centrale del Suem, per un ciclista tedesco illeso, che non sapeva pi\u00f9 dove si trovava ed era bloccato con la sua mountain bike. Dalla posizione ricevuta e passata alla squadra in uscita, risultava essere una cinquantina di metri sopra le case della statale agordina, dopo la grande curva che esce da Peron di Sedico all&#8217;imbocco della valle. I soccorritori hanno quindi preso una vecchia strada romana pensando di incrociarlo dopo poco, ma, una volta sul punto, non lo hanno trovato. Tramite cellulare hanno tentato di capire dove fosse, dopo averlo chiamato a voce senza ricevere risposta. Tra i vari tentativi di risalire a una posizione pi\u00f9 precisa, tramite un messaggio Whatsapp \u00e8 poi risultato che in realt\u00e0 era pi\u00f9 a nord dalla parte opposta della vallata, di fronte alla Stanga, all&#8217;interno della Val Fogar\u00e8. Facendo arrivare altri soccorritori di rinforzo, il fuoristrada \u00e8 tornato indietro per avvicinarsi da San Gottardo sull&#8217;altro versante, trovando la sbarra chiusa sui prati di Salet. Nell&#8217;attesa che venisse aperta, ormai prossimo il buio, dopo aver ricevuto dall&#8217;uomo, un 53enne di Wallersdorf, alcune foto che confermavano la zona nei Monti del Sole, tre soccorritori si sono fatti accompagnare davanti alla Stanga, in un tratto dove le acque del Cordevole sono pi\u00f9 basse, e hanno guadato il torrente. Entrati poi nella Val Fogar\u00e8, la squadra ha salito 200 metri di dislivello lungo tracce incerte e scarsamente segnalate, finch\u00e9 lo ha trovato. A questo punto l&#8217;uomo ha chiesto ai soccorritori di aiutarlo a recuperare la bici e li ha quindi guidati fino in fondo alla valle, lungo una traccia esposta, ripida, in discesa verso il greto. Quando si sono trovati di fronte alla pesante bici elettrica, i soccorritori non hanno potuto far altro che smontare la batteria, caricarsi ognuno una parte e percorrere a ritroso il sentiero. Ritornati sul Cordevole all&#8217;altezza di Candaten, un soccorritore \u00e8 tornati verso Salet a recuperare la jeep, in tre hanno nuovamente attraversato il torrente assieme all&#8217;uomo e alla sua bicicletta. Tornati sulla statale, sono stati caricati a bordo e trasportati fino alla Stanga passate le 23. Ringraziamo i gestori del ristorante rimasto aperto appositamente, che hanno offerto ristoro ai soccorritori. L&#8217;uomo, dopo aver rifiutato di essere accompagnato in ospedale per accertamenti, si \u00e8 fermato alla Stanga. Partito al mattino in bicicletta con l&#8217;intenzione di raggiungere Feltre, dopo essere sceso da Alleghe e aver superato Agordo, aveva deciso di prendere la Strada degli ospizi, uno dei sentieri tematici del Parco, probabilmente pensando a una variante. Dal sentiero per\u00f2, forse seguendo dei segnali rossi e gialli pi\u00f9 evidenti che portano all&#8217;interno, si era perso dentro la Val Fogar\u00e8.<\/p>\n<p>&nbsp;<\/p>\n\n\t\t\t<style type='text\/css'>\n\t\t\t\t#gallery-1 {\n\t\t\t\t\tmargin: auto;\n\t\t\t\t}\n\t\t\t\t#gallery-1 .gallery-item {\n\t\t\t\t\tfloat: left;\n\t\t\t\t\tmargin-top: 10px;\n\t\t\t\t\ttext-align: center;\n\t\t\t\t\twidth: 50%;\n\t\t\t\t}\n\t\t\t\t#gallery-1 img {\n\t\t\t\t\tborder: 2px solid #cfcfcf;\n\t\t\t\t}\n\t\t\t\t#gallery-1 .gallery-caption {\n\t\t\t\t\tmargin-left: 0;\n\t\t\t\t}\n\t\t\t\t\/* see gallery_shortcode() in wp-includes\/media.php *\/\n\t\t\t<\/style>\n\t\t<div id='gallery-1' class='dt-gallery-container gallery galleryid-284974 gallery-columns-2 gallery-size-thumbnail'><dl class='gallery-item'>\n\t\t\t\t<dt class='gallery-icon landscape'>\n\t\t\t\t\t<a class=\"rollover rollover-zoom dt-pswp-item\" title=\"salt_20220703_104530_499\" data-dt-img-description=\"\" data-large_image_width=\"2364\" data-large_image_height=\"1773\"href='https:\/\/www.radiopiu.net\/wordpress\/wp-content\/uploads\/2022\/07\/salt_20220703_104530_499.jpg'><img loading=\"lazy\" decoding=\"async\" width=\"150\" height=\"150\" src=\"https:\/\/www.radiopiu.net\/wordpress\/wp-content\/uploads\/2022\/07\/salt_20220703_104530_499-150x150.jpg\" class=\"attachment-thumbnail size-thumbnail\" alt=\"\" \/><\/a>\n\t\t\t\t<\/dt><\/dl><dl class='gallery-item'>\n\t\t\t\t<dt class='gallery-icon landscape'>\n\t\t\t\t\t<a class=\"rollover rollover-zoom dt-pswp-item\" title=\"salt_20220703_104521_121\" data-dt-img-description=\"\" data-large_image_width=\"2364\" data-large_image_height=\"1773\"href='https:\/\/www.radiopiu.net\/wordpress\/wp-content\/uploads\/2022\/07\/salt_20220703_104521_121.jpg'><img loading=\"lazy\" decoding=\"async\" width=\"150\" height=\"150\" src=\"https:\/\/www.radiopiu.net\/wordpress\/wp-content\/uploads\/2022\/07\/salt_20220703_104521_121-150x150.jpg\" class=\"attachment-thumbnail size-thumbnail\" alt=\"\" \/><\/a>\n\t\t\t\t<\/dt><\/dl><br style=\"clear: both\" \/>\n\t\t\t<\/div>\n\n<p>&nbsp;<\/p>\n<p>&nbsp;<\/p>\n<p>*****<\/p>\n","protected":false},"excerpt":{"rendered":"<p>SEDICO Escono per una semplice perdita di orientamento sopra la statale agordina e si trovano a dover affrontare tutt&#8217;altro intervento. Ieri verso le 19 il Soccorso alpino di Belluno \u00e8 stato attivato dalla Centrale del Suem, per un ciclista tedesco illeso, che non sapeva pi\u00f9 dove si trovava ed era bloccato con la sua mountain&hellip;<\/p>\n","protected":false},"author":4,"featured_media":284981,"comment_status":"closed","ping_status":"closed","sticky":false,"template":"","format":"standard","meta":{"_monsterinsights_skip_tracking":false,"_monsterinsights_sitenote_active":false,"_monsterinsights_sitenote_note":"","_monsterinsights_sitenote_category":0,"footnotes":""},"categories":[51,49],"tags":[],"class_list":["post-284974","post","type-post","status-publish","format-standard","has-post-thumbnail","hentry","category-evidenza-top","category-news-18","category-51","category-49","description-off"],"img_url":"https:\/\/www.radiopiu.net\/wordpress\/wp-content\/uploads\/2022\/07\/salt_20220703_104530_499.jpg","_links":{"self":[{"href":"https:\/\/www.radiopiu.net\/wordpress\/wp-json\/wp\/v2\/posts\/284974","targetHints":{"allow":["GET"]}}],"collection":[{"href":"https:\/\/www.radiopiu.net\/wordpress\/wp-json\/wp\/v2\/posts"}],"about":[{"href":"https:\/\/www.radiopiu.net\/wordpress\/wp-json\/wp\/v2\/types\/post"}],"author":[{"embeddable":true,"href":"https:\/\/www.radiopiu.net\/wordpress\/wp-json\/wp\/v2\/users\/4"}],"replies":[{"embeddable":true,"href":"https:\/\/www.radiopiu.net\/wordpress\/wp-json\/wp\/v2\/comments?post=284974"}],"version-history":[{"count":0,"href":"https:\/\/www.radiopiu.net\/wordpress\/wp-json\/wp\/v2\/posts\/284974\/revisions"}],"wp:featuredmedia":[{"embeddable":true,"href":"https:\/\/www.radiopiu.net\/wordpress\/wp-json\/wp\/v2\/media\/284981"}],"wp:attachment":[{"href":"https:\/\/www.radiopiu.net\/wordpress\/wp-json\/wp\/v2\/media?parent=284974"}],"wp:term":[{"taxonomy":"category","embeddable":true,"href":"https:\/\/www.radiopiu.net\/wordpress\/wp-json\/wp\/v2\/categories?post=284974"},{"taxonomy":"post_tag","embeddable":true,"href":"https:\/\/www.radiopiu.net\/wordpress\/wp-json\/wp\/v2\/tags?post=284974"}],"curies":[{"name":"wp","href":"https:\/\/api.w.org\/{rel}","templated":true}]}}