{"id":285005,"date":"2022-07-03T13:45:35","date_gmt":"2022-07-03T11:45:35","guid":{"rendered":"https:\/\/www.radiopiu.net\/wordpress\/?p=285005"},"modified":"2022-07-03T13:45:35","modified_gmt":"2022-07-03T11:45:35","slug":"da-oggi-pomeriggio-temporali-in-montagna-da-domani-fino-a-martedi-oltre-che-sulle-zone-montane-e-pedemontane-anche-in-pianura-tempo-insabile","status":"publish","type":"post","link":"https:\/\/www.radiopiu.net\/wordpress\/da-oggi-pomeriggio-temporali-in-montagna-da-domani-fino-a-martedi-oltre-che-sulle-zone-montane-e-pedemontane-anche-in-pianura-tempo-insabile\/","title":{"rendered":"DA OGGI POMERIGGIO TEMPORALI IN MONTAGNA. DA DOMANI FINO A MARTEDI\u2019, OLTRE CHE SULLE ZONE MONTANE E PEDEMONTANE, ANCHE IN PIANURA TEMPO INSABILE"},"content":{"rendered":"<p><strong><a class=\"dt-pswp-item\" href=\"https:\/\/www.radiopiu.net\/wordpress\/wp-content\/uploads\/2020\/06\/FULMINE-METEO-MALTEMPO.jpg\" data-dt-img-description=\"\" data-large_image_width=\"1920\" data-large_image_height=\"1271\"><img loading=\"lazy\" decoding=\"async\" class=\"size-thumbnail wp-image-142852 alignleft\" src=\"https:\/\/www.radiopiu.net\/wordpress\/wp-content\/uploads\/2020\/06\/FULMINE-METEO-MALTEMPO-150x150.jpg\" alt=\"\" width=\"150\" height=\"150\" \/><\/a>VENEZIA <\/strong>Il Centro Funzionale Decentrato della Protezione Civile della Regione del Veneto ha emesso oggi un avviso in cui prevede, dal tardo pomeriggio di oggi alle prime ore di domani, luned\u00ec 4 luglio, che si potranno verificare locali temporali di calore sulle zone montane, favoriti dagli elevati valori di temperatura e umidit\u00e0, in particolare sulle Dolomiti dove non si esclude qualche isolato fenomeno intenso. In seguito, tra le ore centrali di domani e quelle di marted\u00ec 5 luglio, il transito da ovest a est di un impulso perturbato determiner\u00e0 una fase di instabilit\u00e0, dapprima sulle zone montane e pedemontane e poi anche sulla pianura. Sulle zone montane e pedemontane saranno probabili rovesci e temporali da locali a sparsi a partire dalle ore centrali di luned\u00ec; sulla pianura invece i fenomeni saranno pi\u00f9 probabili dal tardo pomeriggio\/sera e nella notte tra luned\u00ec e marted\u00ec. Non si escludono fenomeni localmente intensi (forti rovesci, grandinate, forti raffiche di vento). Si prevede criticit\u00e0 idrogeologica, con particolare riferimento alla rete idraulica secondaria, stabilendo dalle 16.00 di oggi fino alle 14.00 di marted\u00ec 5 luglio, lo stato di Attenzione (allerta gialla) per i bacini: Alto Piave (BL), Piave Pedemontano (BL-TV), Alto Brenta \u2013 Bacchiglione -Alpone (VI-BL-TV-VR), Adige- Garda e Monti Lessini (VR), Po, Fissero-Tartaro- CanalBianco e Basso Adige (RO-VR), Basso Brenta \u2013 Bacchiglione (PD-VI-VR-VE-TV), Basso Piave &#8211; Sile e Bacino scolante in laguna (VE-TV-PD), Livenza &#8211; Lemene e Tagliamento (VE-TV).<\/p>\n<p>&nbsp;<\/p>\n<p>&nbsp;<\/p>\n<p>*****<\/p>\n","protected":false},"excerpt":{"rendered":"<p>VENEZIA Il Centro Funzionale Decentrato della Protezione Civile della Regione del Veneto ha emesso oggi un avviso in cui prevede, dal tardo pomeriggio di oggi alle prime ore di domani, luned\u00ec 4 luglio, che si potranno verificare locali temporali di calore sulle zone montane, favoriti dagli elevati valori di temperatura e umidit\u00e0, in particolare sulle&hellip;<\/p>\n","protected":false},"author":4,"featured_media":142852,"comment_status":"closed","ping_status":"closed","sticky":false,"template":"","format":"standard","meta":{"_monsterinsights_skip_tracking":false,"_monsterinsights_sitenote_active":false,"_monsterinsights_sitenote_note":"","_monsterinsights_sitenote_category":0,"footnotes":""},"categories":[49],"tags":[],"class_list":["post-285005","post","type-post","status-publish","format-standard","has-post-thumbnail","hentry","category-news-18","category-49","description-off"],"img_url":"https:\/\/www.radiopiu.net\/wordpress\/wp-content\/uploads\/2020\/06\/FULMINE-METEO-MALTEMPO.jpg","_links":{"self":[{"href":"https:\/\/www.radiopiu.net\/wordpress\/wp-json\/wp\/v2\/posts\/285005","targetHints":{"allow":["GET"]}}],"collection":[{"href":"https:\/\/www.radiopiu.net\/wordpress\/wp-json\/wp\/v2\/posts"}],"about":[{"href":"https:\/\/www.radiopiu.net\/wordpress\/wp-json\/wp\/v2\/types\/post"}],"author":[{"embeddable":true,"href":"https:\/\/www.radiopiu.net\/wordpress\/wp-json\/wp\/v2\/users\/4"}],"replies":[{"embeddable":true,"href":"https:\/\/www.radiopiu.net\/wordpress\/wp-json\/wp\/v2\/comments?post=285005"}],"version-history":[{"count":0,"href":"https:\/\/www.radiopiu.net\/wordpress\/wp-json\/wp\/v2\/posts\/285005\/revisions"}],"wp:featuredmedia":[{"embeddable":true,"href":"https:\/\/www.radiopiu.net\/wordpress\/wp-json\/wp\/v2\/media\/142852"}],"wp:attachment":[{"href":"https:\/\/www.radiopiu.net\/wordpress\/wp-json\/wp\/v2\/media?parent=285005"}],"wp:term":[{"taxonomy":"category","embeddable":true,"href":"https:\/\/www.radiopiu.net\/wordpress\/wp-json\/wp\/v2\/categories?post=285005"},{"taxonomy":"post_tag","embeddable":true,"href":"https:\/\/www.radiopiu.net\/wordpress\/wp-json\/wp\/v2\/tags?post=285005"}],"curies":[{"name":"wp","href":"https:\/\/api.w.org\/{rel}","templated":true}]}}