{"id":285008,"date":"2022-07-03T14:21:53","date_gmt":"2022-07-03T12:21:53","guid":{"rendered":"https:\/\/www.radiopiu.net\/wordpress\/?p=285008"},"modified":"2022-07-03T16:02:03","modified_gmt":"2022-07-03T14:02:03","slug":"valamar","status":"publish","type":"post","link":"https:\/\/www.radiopiu.net\/wordpress\/valamar\/","title":{"rendered":"VALANGA SULLA MARMOLADA. SOCCORSI IN AZIONE"},"content":{"rendered":"<h2><span style=\"color: #ff0000;\"><strong>NOTIZIA IN AGGIORNAMENTO<\/strong><\/span><\/h2>\n<p><strong><a class=\"dt-pswp-item\" href=\"https:\/\/www.radiopiu.net\/wordpress\/wp-content\/uploads\/2022\/07\/d745f9e4-245d-4064-815a-d96915eee27c.jpg\" data-dt-img-description=\"\" data-large_image_width=\"1600\" data-large_image_height=\"1000\"><img loading=\"lazy\" decoding=\"async\" class=\"alignleft wp-image-285017 \" src=\"https:\/\/www.radiopiu.net\/wordpress\/wp-content\/uploads\/2022\/07\/d745f9e4-245d-4064-815a-d96915eee27c-300x188.jpg\" alt=\"\" width=\"196\" height=\"123\" srcset=\"https:\/\/www.radiopiu.net\/wordpress\/wp-content\/uploads\/2022\/07\/d745f9e4-245d-4064-815a-d96915eee27c-300x188.jpg 300w, https:\/\/www.radiopiu.net\/wordpress\/wp-content\/uploads\/2022\/07\/d745f9e4-245d-4064-815a-d96915eee27c-1024x640.jpg 1024w, https:\/\/www.radiopiu.net\/wordpress\/wp-content\/uploads\/2022\/07\/d745f9e4-245d-4064-815a-d96915eee27c-768x480.jpg 768w, https:\/\/www.radiopiu.net\/wordpress\/wp-content\/uploads\/2022\/07\/d745f9e4-245d-4064-815a-d96915eee27c-1536x960.jpg 1536w, https:\/\/www.radiopiu.net\/wordpress\/wp-content\/uploads\/2022\/07\/d745f9e4-245d-4064-815a-d96915eee27c.jpg 1600w\" sizes=\"auto, (max-width: 196px) 100vw, 196px\" \/><\/a>REDAZIONE<\/strong> Una valanga si \u00e8 staccata dalla Marmolada sul sentiero che porta a Punta Penia. In questi minuti ricognizione dell&#8217;elicottero. Il fronte del ghiaccio si \u00e8 staccato ad un&#8217;altezza di circa 3000 metri dalla calotta di Punta Rocca. Un serracco di ghiaccio \u00e8 crollato lungo lungo l&#8217;itinerario di salita della via normale per raggiungere la vetta. A dare l&#8217;allarme \u00e8 stata una guida alpina verso le 13:45. Si teme ci siano persone coinvolte. Al momento i tecnici del Soccorso Alpino stanno valutando la situazione. Sul posto gli elicotteri del SUEM di Belluno e Trento. L&#8217;elicottero Falco ha portato all&#8217;ospedale di Belluno due feriti. A disposizione anche gli elicotteri della protezione civile Veneto per la verifica di persone coinvolte. In arrivo anche l&#8217;elicottero dei Vigili del Fuoco da Venezia. &#8220;Sul posto stiamo portando anche le unit\u00e0 cinofile , pare ci siano persone coinvolte&#8221;\u00a0 ha detto l&#8217;assessore regionale Gianpaolo Bottacin. In questi minuti l&#8217;elicottero Delta si sta dirigendo all&#8217;ospedale di Treviso con a bordo un paziente in ipotermia.<\/p>\n<p><strong>GIANPAOLO BOTTACIN<\/strong><\/p>\n<p class=\"western\">\u201c<span style=\"font-size: large;\">Sono in contatto con il Capo del Dipartimento della Protezione Civile Fabrizio Curcio, per tenerlo informato, e con il Capo della Delegazione del Soccorso Alpino Alex Barattin. Per la parte veneta sono gi\u00e0 operativi i 2 elicotteri del Suem 118 della Ulss di Belluno. Operativo anche uno degli elicotteri della Protezione Civile della Regione del Veneto per trasportare squadre dei soccorritori alpini con unit\u00e0 cinofile sul posto. Tutte le squadre del soccorso alpino della zona sono state attivate. Gi\u00e0 recuperati i primi feriti\u201d.\u00a0 <\/span><span style=\"font-size: large;\">Sono le parole \u201ca caldo\u201d dell\u2019Assessore alla Protezione Civile della Regione del Veneto, Gianpaolo Bottacin, sullo sfortunato evento che ha coinvolto la Regina delle Dolomiti: \u00e8 infatti crollato un ampio seracco di ghiaccio sulla Marmolada nei pressi di Punta Rocca, lungo l&#8217;itinerario di salita della via normale per raggiungere la vetta.<\/span><\/p>\n<p>&nbsp;<\/p>\n<p>&nbsp;<\/p>\n<p><strong>IL VIDEO DAL RIFUGIO PADON<\/strong><\/p>\n<div style=\"width: 848px;\" class=\"wp-video\"><video class=\"wp-video-shortcode\" id=\"video-285008-1\" width=\"848\" height=\"480\" preload=\"metadata\" controls=\"controls\"><source type=\"video\/mp4\" src=\"https:\/\/www.radiopiu.net\/wordpress\/wp-content\/uploads\/2022\/07\/WhatsApp-Video-2022-07-03-at-15.14.55.mp4?_=1\" \/><a href=\"https:\/\/www.radiopiu.net\/wordpress\/wp-content\/uploads\/2022\/07\/WhatsApp-Video-2022-07-03-at-15.14.55.mp4\">https:\/\/www.radiopiu.net\/wordpress\/wp-content\/uploads\/2022\/07\/WhatsApp-Video-2022-07-03-at-15.14.55.mp4<\/a><\/video><\/div>\n<p>&nbsp;<\/p>\n<p><strong>IL VIDEO DI EUGENIO ED IVONNE, DOLOMITICI DEL K DOI<\/strong><\/p>\n<div style=\"width: 1200px;\" class=\"wp-video\"><video class=\"wp-video-shortcode\" id=\"video-285008-2\" width=\"1200\" height=\"675\" preload=\"metadata\" controls=\"controls\"><source type=\"video\/mp4\" src=\"https:\/\/www.radiopiu.net\/wordpress\/wp-content\/uploads\/2022\/07\/MARMOLADA.mp4?_=2\" \/><a href=\"https:\/\/www.radiopiu.net\/wordpress\/wp-content\/uploads\/2022\/07\/MARMOLADA.mp4\">https:\/\/www.radiopiu.net\/wordpress\/wp-content\/uploads\/2022\/07\/MARMOLADA.mp4<\/a><\/video><\/div>\n<p>&nbsp;<\/p>\n<p>&nbsp;<\/p>\n<p>****<\/p>\n","protected":false},"excerpt":{"rendered":"<p>NOTIZIA IN AGGIORNAMENTO REDAZIONE Una valanga si \u00e8 staccata dalla Marmolada sul sentiero che porta a Punta Penia. In questi minuti ricognizione dell&#8217;elicottero. Il fronte del ghiaccio si \u00e8 staccato ad un&#8217;altezza di circa 3000 metri dalla calotta di Punta Rocca. Un serracco di ghiaccio \u00e8 crollato lungo lungo l&#8217;itinerario di salita della via normale&hellip;<\/p>\n","protected":false},"author":4,"featured_media":285017,"comment_status":"closed","ping_status":"closed","sticky":false,"template":"","format":"standard","meta":{"_monsterinsights_skip_tracking":false,"_monsterinsights_sitenote_active":false,"_monsterinsights_sitenote_note":"","_monsterinsights_sitenote_category":0,"footnotes":""},"categories":[51,49],"tags":[],"class_list":["post-285008","post","type-post","status-publish","format-standard","has-post-thumbnail","hentry","category-evidenza-top","category-news-18","category-51","category-49","description-off"],"img_url":"https:\/\/www.radiopiu.net\/wordpress\/wp-content\/uploads\/2022\/07\/d745f9e4-245d-4064-815a-d96915eee27c.jpg","_links":{"self":[{"href":"https:\/\/www.radiopiu.net\/wordpress\/wp-json\/wp\/v2\/posts\/285008","targetHints":{"allow":["GET"]}}],"collection":[{"href":"https:\/\/www.radiopiu.net\/wordpress\/wp-json\/wp\/v2\/posts"}],"about":[{"href":"https:\/\/www.radiopiu.net\/wordpress\/wp-json\/wp\/v2\/types\/post"}],"author":[{"embeddable":true,"href":"https:\/\/www.radiopiu.net\/wordpress\/wp-json\/wp\/v2\/users\/4"}],"replies":[{"embeddable":true,"href":"https:\/\/www.radiopiu.net\/wordpress\/wp-json\/wp\/v2\/comments?post=285008"}],"version-history":[{"count":0,"href":"https:\/\/www.radiopiu.net\/wordpress\/wp-json\/wp\/v2\/posts\/285008\/revisions"}],"wp:featuredmedia":[{"embeddable":true,"href":"https:\/\/www.radiopiu.net\/wordpress\/wp-json\/wp\/v2\/media\/285017"}],"wp:attachment":[{"href":"https:\/\/www.radiopiu.net\/wordpress\/wp-json\/wp\/v2\/media?parent=285008"}],"wp:term":[{"taxonomy":"category","embeddable":true,"href":"https:\/\/www.radiopiu.net\/wordpress\/wp-json\/wp\/v2\/categories?post=285008"},{"taxonomy":"post_tag","embeddable":true,"href":"https:\/\/www.radiopiu.net\/wordpress\/wp-json\/wp\/v2\/tags?post=285008"}],"curies":[{"name":"wp","href":"https:\/\/api.w.org\/{rel}","templated":true}]}}