{"id":285126,"date":"2022-07-04T23:00:19","date_gmt":"2022-07-04T21:00:19","guid":{"rendered":"https:\/\/www.radiopiu.net\/wordpress\/?p=285126"},"modified":"2022-07-05T06:36:28","modified_gmt":"2022-07-05T04:36:28","slug":"duepuntate","status":"publish","type":"post","link":"https:\/\/www.radiopiu.net\/wordpress\/duepuntate\/","title":{"rendered":"PREZIOSA ESPLORAZIONE DELLA CONCA ALPAGOTA CON RIFERIMENTO ALLE NUMEROSE OPERE D\u2019ARTE"},"content":{"rendered":"<p>MAURO LUCCO NEL LIBRO \u201cALPAGO\u201d DI DON TRAME: UN CAPOLAVORO IN QUALCHE CHIESA SPERDUTA? Riprendiamo e concludiamo l\u2019\u201cescursione\u201d che, guidati dal pregevole saggio del prof. Mauro Lucco, parte importante del libro \u201cL\u2019Alpago raccontato da Umberto Trame\u201d (edito nel 1984 dalla Comunit\u00e0 montana con \u201cPanfilo Castaldi di Feltre) ci ha portati alla scoperta delle chiese nei paesi della conca alpagota e del patrimonio artistico che vi \u00e8 conservato (purtroppo in alcuni casi non proprio al meglio!\u2026). E non sar\u00e0 un caso se Lucco introducendo il suo servizio, scriveva: \u201cOccorre muoversi per conoscere finalmente le opere d\u2019arte di una delle zone pi\u00f9 sconosciute del Veneto, l\u2019Alpago, che sono molte di pi\u00f9 di quante non ne ricordi il benemerito libro di don Trame\u2026\u201d. Detto di Tambre dove l\u2019imponente parrocchiale con la lunga scalinata e il pronao, ben poco ha da offrire all\u2019amatore d\u2019arte, Lucco spiega che nella cappella di sinistra vi \u00e8 una mediocre paletta con la Madonna, Santi ed i Misteri del Rosario, probabilmente dei primi decenni del Settecento; nella cappella a destra, l\u2019uno di fronte all\u2019altro, due dipinti del bellunese Girolamo Moech, uno dei quali firmato e datato 1836. Si sofferma quindi sulla parrocchiale di Garna \u201cindubbiamente la pi\u00f9 bella di tutto l\u2019Alpago, col suo splendido soffitto a cassettoni di legno\u201d; a met\u00e0 della parete di destra vi \u00e8 un altare dipinto, recante la sigla LPF e la data 22 dicembre 1569, e dentro, una pi\u00f9 tarda paletta col \u2018Compianto di Cristo\u2019 di Francesco Frigimelica (circa 1630). L\u2019altar maggiore, con al centro un\u2019anonima pala settecentesca \u00e8 opera dell\u2019alpagoto Luigi Rossi, allievo del Besarel. Ancora in su, verso Chies dove sulla facciata della chiesa ricostruita nel 1904 spiccano due statue di marmo bianco di Carrara raffiguranti San Pietro e San Giovanni. Si prosegue per Funes dove la chiesa frazionale accoglie sull\u2019altar maggiore un bel \u201cSan Pietro\u201d dell\u2019alpagoto Paolo Fabris, fratello del pi\u00f9 famoso Placido. Avanti fino a Irrighe dove la chiesa frazionale eretta nel 1373 e restaurata nel 1767 ospita \u201cdue perle pittoriche le quali pur senza avere il fascino assoluto e smagliante dei capolavori, compensano un viaggio fin quass\u00f9\u201d. Si tratta di una \u201cNativit\u00e0 della Vergine\u201d e della paletta col \u201cCrocefisso tra i santi Osvaldo, Apollonia e Caterina e le anime purganti, opera di Francesco Maggiotto, eseguita nel 1792. Si sale quindi a Montan\u00e8s dove la chiesa di San Martino offre purtroppo solo \u201ctre mediocri telette ottocentesche\u201d. Allora meglio scendere verso Alpaos: sull\u2019altar maggiore una paletta con la \u201cMadonna col Bambino tra San Giorgio e San Giuseppe\u201d di Liberale Tona. Ancora discesa ed ecco Lamosano che ospita due statue lignee settecentesche ed un quadro di Francesco Frigimelica, l\u2019\u201cUltima cena\u201d, di inizio Seicento. E si giunge a Codenzano dove si pu\u00f2 ammirare la bella paletta della Madonna col Bambino tra i santi Tiziano, Tommaso, Lucia e Osvaldo. Ed eccoci a Pieve, il centro pi\u00f9 antico della zona, con la parrocchiale che fu matrice di tutte le chiese alpagote. Il presbiterio \u00e8 decorato ai lati da due lavori di Luigi Vardanega datati 1947. Sopra la porta laterale di destra \u00e8 appesa l\u2019opera d\u2019arte forse pi\u00f9 eminente dell\u2019Alpago: una pala della Madonna col Bambino tra i santi Domenico e Rosa da Lima che \u201ca dispetto delle condizioni di conservazione si rivela opera tipica di Gaspare Diziani\u201d. A questo punto si pu\u00f2 salire a Torres dove la chiesa frazionale presenta la paletta con San Michele arcangelo di Francesco Frigimelica. La chiesetta di Quers reca sopra la porta la data 1899 e due statuette dell\u2019alpagoto Luigi Rossi. Due sole statue lignee a Curago per la chiesa riedificata sul finire dell\u2019Ottocento: San Sebastiano e San Rocco, probabilmente secentesche. Si scende fino a Plois dove la frazionale di San Floriano, eretta nel 1607, ospita un crocefisso ligneo del Brustolon. Da visitare anche le cappelline di Villa e Torch prima di scendere verso Tignes per una visita alla parrocchiale, eretta nel 1601, che ha sull\u2019altar maggiore un tela con la Madonna col Bambino incoronata da angeli, San Tiziano e Sant\u2019 Antonio abate. Eccoci a Bastia, nell\u2019ex chiesa gentilizia dei Gera, con affreschi di Giovanni De Min; quindi a Sitran per vedere l\u2019altare ligneo del primo 600. Il percorso finisce a Santa Croce del Lago dove, sulla sinistra del portale vi \u00e8 \u2013 come afferma Lucco &#8211; uno dei pi\u00f9 eminenti pezzi di scultura del territorio bellunese: la lastra tombale che ricorda la morte del senatore di Norimberga Paulus Imhoff, qui deceduto il 7 luglio 1478 sulla via del ritorno in patria. Raffigura Cristo nell\u2019orto degli ulivi ed \u00e8 attribuibile alla bottega di Pietro Lombardo, il pi\u00f9 grande scultore veneziano del secondo Quattrocento\u201d. Cos\u00ec la conclusione del capitolo di Mauro Lucco (a titolo personale condividiamo totalmente &#8211; ndr.): \u201c\u2026 Non ci illudiamo certo di aver visto tutto, di conoscere tutto, di aver dato un catalogo completo delle sue opere d\u2019arte; in qualche chiesa sperduta forse ci sar\u00e0 ancora il capolavoro che attende di essere scoperto. Saremo lieti, se qualcuno di coloro che forse seguiranno questo itinerario, compiendo una breve deviazione, porter\u00e0 alla luce qualcosa di nuovo e di importante; a noi premeva dare l\u2019avvio a quel lavoro di ricerca e valorizzazione del proprio passato, a quella presa di coscienza, che significa soprattutto impegno di conservazione, indispensabile ai nostri giorni, per la sopravvivenza stessa della civilt\u00e0\u201d.<\/p>\n\n\t\t\t<style type='text\/css'>\n\t\t\t\t#gallery-1 {\n\t\t\t\t\tmargin: auto;\n\t\t\t\t}\n\t\t\t\t#gallery-1 .gallery-item {\n\t\t\t\t\tfloat: left;\n\t\t\t\t\tmargin-top: 10px;\n\t\t\t\t\ttext-align: center;\n\t\t\t\t\twidth: 16%;\n\t\t\t\t}\n\t\t\t\t#gallery-1 img {\n\t\t\t\t\tborder: 2px solid #cfcfcf;\n\t\t\t\t}\n\t\t\t\t#gallery-1 .gallery-caption {\n\t\t\t\t\tmargin-left: 0;\n\t\t\t\t}\n\t\t\t\t\/* see gallery_shortcode() in wp-includes\/media.php *\/\n\t\t\t<\/style>\n\t\t<div id='gallery-1' class='dt-gallery-container gallery galleryid-285126 gallery-columns-6 gallery-size-thumbnail'><dl class='gallery-item'>\n\t\t\t\t<dt class='gallery-icon portrait'>\n\t\t\t\t\t<a class=\"rollover rollover-zoom dt-pswp-item\" title=\"289941278_1367149437111994_7723961336819433139_n\" data-dt-img-description=\"\" data-large_image_width=\"191\" data-large_image_height=\"206\"href='https:\/\/www.radiopiu.net\/wordpress\/wp-content\/uploads\/2022\/07\/289941278_1367149437111994_7723961336819433139_n.jpg'><img loading=\"lazy\" decoding=\"async\" width=\"150\" height=\"150\" src=\"https:\/\/www.radiopiu.net\/wordpress\/wp-content\/uploads\/2022\/07\/289941278_1367149437111994_7723961336819433139_n-150x150.jpg\" class=\"attachment-thumbnail size-thumbnail\" alt=\"\" \/><\/a>\n\t\t\t\t<\/dt><\/dl><dl class='gallery-item'>\n\t\t\t\t<dt class='gallery-icon portrait'>\n\t\t\t\t\t<a class=\"rollover rollover-zoom dt-pswp-item\" title=\"291250874_1423411901416161_3092059098914845470_n\" data-dt-img-description=\"\" data-large_image_width=\"150\" data-large_image_height=\"296\"href='https:\/\/www.radiopiu.net\/wordpress\/wp-content\/uploads\/2022\/07\/291250874_1423411901416161_3092059098914845470_n.jpg'><img loading=\"lazy\" decoding=\"async\" width=\"150\" height=\"150\" src=\"https:\/\/www.radiopiu.net\/wordpress\/wp-content\/uploads\/2022\/07\/291250874_1423411901416161_3092059098914845470_n-150x150.jpg\" class=\"attachment-thumbnail size-thumbnail\" alt=\"\" \/><\/a>\n\t\t\t\t<\/dt><\/dl><dl class='gallery-item'>\n\t\t\t\t<dt class='gallery-icon portrait'>\n\t\t\t\t\t<a class=\"rollover rollover-zoom dt-pswp-item\" title=\"289671823_784572989210569_1795063836485232142_n\" data-dt-img-description=\"\" data-large_image_width=\"160\" data-large_image_height=\"206\"href='https:\/\/www.radiopiu.net\/wordpress\/wp-content\/uploads\/2022\/07\/289671823_784572989210569_1795063836485232142_n.jpg'><img loading=\"lazy\" decoding=\"async\" width=\"150\" height=\"150\" src=\"https:\/\/www.radiopiu.net\/wordpress\/wp-content\/uploads\/2022\/07\/289671823_784572989210569_1795063836485232142_n-150x150.jpg\" class=\"attachment-thumbnail size-thumbnail\" alt=\"\" \/><\/a>\n\t\t\t\t<\/dt><\/dl><dl class='gallery-item'>\n\t\t\t\t<dt class='gallery-icon landscape'>\n\t\t\t\t\t<a class=\"rollover rollover-zoom dt-pswp-item\" title=\"291968904_1084562022483885_4329407907228143893_n\" data-dt-img-description=\"\" data-large_image_width=\"417\" data-large_image_height=\"203\"href='https:\/\/www.radiopiu.net\/wordpress\/wp-content\/uploads\/2022\/07\/291968904_1084562022483885_4329407907228143893_n.jpg'><img loading=\"lazy\" decoding=\"async\" width=\"150\" height=\"150\" src=\"https:\/\/www.radiopiu.net\/wordpress\/wp-content\/uploads\/2022\/07\/291968904_1084562022483885_4329407907228143893_n-150x150.jpg\" class=\"attachment-thumbnail size-thumbnail\" alt=\"\" \/><\/a>\n\t\t\t\t<\/dt><\/dl><dl class='gallery-item'>\n\t\t\t\t<dt class='gallery-icon portrait'>\n\t\t\t\t\t<a class=\"rollover rollover-zoom dt-pswp-item\" title=\"289777975_360406496213361_1430613711069201886_n\" data-dt-img-description=\"\" data-large_image_width=\"156\" data-large_image_height=\"225\"href='https:\/\/www.radiopiu.net\/wordpress\/wp-content\/uploads\/2022\/07\/289777975_360406496213361_1430613711069201886_n.jpg'><img loading=\"lazy\" decoding=\"async\" width=\"150\" height=\"150\" src=\"https:\/\/www.radiopiu.net\/wordpress\/wp-content\/uploads\/2022\/07\/289777975_360406496213361_1430613711069201886_n-150x150.jpg\" class=\"attachment-thumbnail size-thumbnail\" alt=\"\" \/><\/a>\n\t\t\t\t<\/dt><\/dl><dl class='gallery-item'>\n\t\t\t\t<dt class='gallery-icon landscape'>\n\t\t\t\t\t<a class=\"rollover rollover-zoom dt-pswp-item\" title=\"290005810_544834960413479_5751969748105565314_n\" data-dt-img-description=\"\" data-large_image_width=\"279\" data-large_image_height=\"181\"href='https:\/\/www.radiopiu.net\/wordpress\/wp-content\/uploads\/2022\/07\/290005810_544834960413479_5751969748105565314_n.jpg'><img loading=\"lazy\" decoding=\"async\" width=\"150\" height=\"150\" src=\"https:\/\/www.radiopiu.net\/wordpress\/wp-content\/uploads\/2022\/07\/290005810_544834960413479_5751969748105565314_n-150x150.jpg\" class=\"attachment-thumbnail size-thumbnail\" alt=\"\" \/><\/a>\n\t\t\t\t<\/dt><\/dl><br style=\"clear: both\" \/><dl class='gallery-item'>\n\t\t\t\t<dt class='gallery-icon landscape'>\n\t\t\t\t\t<a class=\"rollover rollover-zoom dt-pswp-item\" title=\"291596201_1377884019363789_5657193988320837682_n\" data-dt-img-description=\"\" data-large_image_width=\"280\" data-large_image_height=\"203\"href='https:\/\/www.radiopiu.net\/wordpress\/wp-content\/uploads\/2022\/07\/291596201_1377884019363789_5657193988320837682_n.jpg'><img loading=\"lazy\" decoding=\"async\" width=\"150\" height=\"150\" src=\"https:\/\/www.radiopiu.net\/wordpress\/wp-content\/uploads\/2022\/07\/291596201_1377884019363789_5657193988320837682_n-150x150.jpg\" class=\"attachment-thumbnail size-thumbnail\" alt=\"\" \/><\/a>\n\t\t\t\t<\/dt><\/dl><dl class='gallery-item'>\n\t\t\t\t<dt class='gallery-icon portrait'>\n\t\t\t\t\t<a class=\"rollover rollover-zoom dt-pswp-item\" title=\"290810241_365044188902462_3890087865827149360_n\" data-dt-img-description=\"\" data-large_image_width=\"150\" data-large_image_height=\"260\"href='https:\/\/www.radiopiu.net\/wordpress\/wp-content\/uploads\/2022\/07\/290810241_365044188902462_3890087865827149360_n.jpg'><img loading=\"lazy\" decoding=\"async\" width=\"150\" height=\"150\" src=\"https:\/\/www.radiopiu.net\/wordpress\/wp-content\/uploads\/2022\/07\/290810241_365044188902462_3890087865827149360_n-150x150.jpg\" class=\"attachment-thumbnail size-thumbnail\" alt=\"\" \/><\/a>\n\t\t\t\t<\/dt><\/dl><dl class='gallery-item'>\n\t\t\t\t<dt class='gallery-icon landscape'>\n\t\t\t\t\t<a class=\"rollover rollover-zoom dt-pswp-item\" title=\"291540129_437191364700873_655460339265702090_n\" data-dt-img-description=\"\" data-large_image_width=\"225\" data-large_image_height=\"206\"href='https:\/\/www.radiopiu.net\/wordpress\/wp-content\/uploads\/2022\/07\/291540129_437191364700873_655460339265702090_n.jpg'><img loading=\"lazy\" decoding=\"async\" width=\"150\" height=\"150\" src=\"https:\/\/www.radiopiu.net\/wordpress\/wp-content\/uploads\/2022\/07\/291540129_437191364700873_655460339265702090_n-150x150.jpg\" class=\"attachment-thumbnail size-thumbnail\" alt=\"\" \/><\/a>\n\t\t\t\t<\/dt><\/dl><dl class='gallery-item'>\n\t\t\t\t<dt class='gallery-icon portrait'>\n\t\t\t\t\t<a class=\"rollover rollover-zoom dt-pswp-item\" title=\"290925920_365855422321172_1441277036952895236_n\" data-dt-img-description=\"\" data-large_image_width=\"168\" data-large_image_height=\"199\"href='https:\/\/www.radiopiu.net\/wordpress\/wp-content\/uploads\/2022\/07\/290925920_365855422321172_1441277036952895236_n.jpg'><img loading=\"lazy\" decoding=\"async\" width=\"150\" height=\"150\" src=\"https:\/\/www.radiopiu.net\/wordpress\/wp-content\/uploads\/2022\/07\/290925920_365855422321172_1441277036952895236_n-150x150.jpg\" class=\"attachment-thumbnail size-thumbnail\" alt=\"\" \/><\/a>\n\t\t\t\t<\/dt><\/dl><dl class='gallery-item'>\n\t\t\t\t<dt class='gallery-icon landscape'>\n\t\t\t\t\t<a class=\"rollover rollover-zoom dt-pswp-item\" title=\"289762883_486066533282316_7386285440460660709_n\" data-dt-img-description=\"\" data-large_image_width=\"308\" data-large_image_height=\"206\"href='https:\/\/www.radiopiu.net\/wordpress\/wp-content\/uploads\/2022\/07\/289762883_486066533282316_7386285440460660709_n.jpg'><img loading=\"lazy\" decoding=\"async\" width=\"150\" height=\"150\" src=\"https:\/\/www.radiopiu.net\/wordpress\/wp-content\/uploads\/2022\/07\/289762883_486066533282316_7386285440460660709_n-150x150.jpg\" class=\"attachment-thumbnail size-thumbnail\" alt=\"\" \/><\/a>\n\t\t\t\t<\/dt><\/dl><dl class='gallery-item'>\n\t\t\t\t<dt class='gallery-icon portrait'>\n\t\t\t\t\t<a class=\"rollover rollover-zoom dt-pswp-item\" title=\"291920238_1136119713969063_2698892902972369301_n\" data-dt-img-description=\"\" data-large_image_width=\"157\" data-large_image_height=\"260\"href='https:\/\/www.radiopiu.net\/wordpress\/wp-content\/uploads\/2022\/07\/291920238_1136119713969063_2698892902972369301_n.jpg'><img loading=\"lazy\" decoding=\"async\" width=\"150\" height=\"150\" src=\"https:\/\/www.radiopiu.net\/wordpress\/wp-content\/uploads\/2022\/07\/291920238_1136119713969063_2698892902972369301_n-150x150.jpg\" class=\"attachment-thumbnail size-thumbnail\" alt=\"\" \/><\/a>\n\t\t\t\t<\/dt><\/dl><br style=\"clear: both\" \/>\n\t\t\t<\/div>\n\n<p>NELLE FOTO (riproduzioni dal libro \u201cL\u2019Alpago raccontato da Umberto Trame\u201d, sito Tripadvisor, Ugo Chinol, Wikipedia, Gal Prealpi e Dolomiti bellunesi e feltrine, Facebook): interno della parrocchiale di Tambre; chiesa e campanile di Garna; la chiesetta di Funes; Lamosano, chiesa parrocchiale:\u201dUltima cena\u201d di Francesco Frigimelica; parrocchiale di Pieve: l\u2019opera di Nicol\u00f2 Cela; \u201cMadonna col Bambino tra i santi Domenico e Rosa da Lima\u201d del Diziani, nella parrocchiale a Pieve; chiesa di San Martino vescovo a Tignes; chiesa di San Floriano a Plois; immagine datata della chiesa di Curago; di Nicol\u00f2 De Stefani: Madonna con Bambino tra i santi Sebastiano e Rocco, con angelo musicante nella chiesa di Torch; la restaurata tela del Diziani nella chiesa di Irrighe; la lastra tombale che nella chiesa di Santa Croce raffigura Cristo nell\u2019orto degli ulivi, dedicata al ricordo del senatore di Norimberga Paulus Imhoff, qui deceduto il 7 luglio 1478; l\u2019opera \u00e8 attribuibile alla bottega del grande scultore veneziano Pietro Lombardo. (2 &#8211; fine)<\/p>\n<p>&nbsp;<\/p>\n<hr \/>\n<p>&nbsp;<\/p>\n<p>prima puntata<\/p>\n<p><strong>DI RENATO BONA<\/strong><\/p>\n<p>Un notevole contributo al libro \u201cL\u2019Alpago raccontato da Umberto Trame\u201d (edito nel maggio del 1984 dalla Comunit\u00e0 montana all\u2019epoca presieduta da Terzo Lorenzo Barattin, con lo stabilimento tipolitografico \u201cPanfilo Castaldi\u201d di Feltre, per raccontare di un popolo, una civilt\u00e0, un territorio) lo ha sicuramente garantito il prof. Mauro Lucco, autore del capitolo \u201cLe opere d\u2019arte dell\u2019Alpago\u201d (di cui ci occupiamo con questo primo servizio \u2013 ndr.) dopo una \u201cesplorazione della bellissima conca\u201d che nello specifico ha preso il via dal centro del Piano dove sorge il grande albergo San Marco. Lucco ricorda che, nelle vicinanze, fu eretta nel 1769 la chiesetta di Sant\u2019Osvaldo di Northumbria, demolita dopo la seconda guerra mondiale e ricostruita nel 1966 a cura dell\u2019Azienda di Stato per le foreste demaniali. E quanto all\u2019arte scrive: \u201cSi conserva, sulla sinistra guardando l\u2019altare, una bella paletta su tavola, raffigurante il santo titolare; si tratta di un\u2019opera pregevolissima di Giovanni De Min, databile al periodo tardo della sua attivit\u00e0\u2026\u201d. Si sposta quindi a Spert \u201cla cui parrocchiale \u00e8 desolatamente nuda di opere d\u2019arte\u201d e prosegue fino a Valdenogher dove pure la chiesa \u00e8 spoglia con l\u2019eccezione di un dipinto ottocentesco sulla parte sinistra, fatto eseguire da devoti del luogo emigrati a Venezia. Scende quindi a Farra, rilevando che nella parrocchiale \u201csul primo e sul secondo altare a destra, vi sono due dipinti moderni firmati \u2018Soldera\u2019 quindi una tela settecentesca che si dimostra palesemente della stessa mano che dipinse le migliori tra le figure dei dodici Apostoli sulle pareti laterali del Duomo di Belluno, vale a dire il pittore alpagoto (si ritiene nativo di Pieve) Flaminio Grapinelli\u201d. Sulla sinistra del presbiterio di fronte ad un altro dipinto del Soldera, \u00e8 appesa una teletta assai rovinata, raffigurante l\u2019Ultima Cena che risale al XVIII secolo. All\u2019ingresso due statue reggicero, in legno intagliato \u201cche si impongono stilisticamente per opere di Andrea Brustolon\u201d. Altre quattro sono vicine all\u2019altare di sinistra, su cui figura un gruppo ligneo con le tre statue del Crocefisso, della Madonna dolente e di San Giovanni Evangelista di straordinaria qualit\u00e0\u201d. Ancora per Farra, Lucco cita la chiesetta di San Vigilio, una delle pi\u00f9 antiche dell\u2019Alpago (una lastra di pietra nel ripostiglio, \u00e8 decorata a motivi che parrebbero risalire al X-XI secolo. Ancora l\u2019autore: \u201cIl bell\u2019altare, intagliato in legno, reca dietro al tabernacolo la data 1626; \u00e8 accostabile stilisticamente all\u2019altare di Sottoguda e a quello di Pecol di Zoldo ed \u00e8 perci\u00f2 da attribuire all\u2019intagliatore bellunese Giacomo Costantini\u201d. Al suo interno vi \u00e8 una paletta, un po\u2019 naif, del tardo Settecento e di una mano ignota, la stessa dell\u2019altra tela sulla parete sinistra. Sopra la porta di destra la pala con la \u201cMadonna col Bambino, Sant\u2019Antonio e Sant\u2019Osvaldo\u201d che \u201csembrerebbe rivelare i modi di Agostino Ridolfi anche se il giudizio \u00e8 ostacolato dalle vistose ridipinture\u201d. Trasferimento a Puos dove, nella parrocchiale, il primo altare a sinistra propone la figura di Sant\u2019Antonio da Padova del pittore bellunese Francesco Bettio, firmato e datato 1890; ancora: una \u201cMadonna col Bambino fra San Domenico e San Francesco, sul secondo altare di sinistra, pure di Bettio. L\u2019altare maggiore offre la visione di una bella pala di Francesco Frigimelica con la \u201cMadonna col Bambino, San Bartolomeo e San Nicola\u201d, del secondo decennio del Seicento. Assai pi\u00f9 modesto &#8211; per Lucco &#8211; il grado delle opere della chiesa: un Crocefisso intagliato ed una paletta pure del XVIII secolo. Ed eccoci a Cornei dove la chiesetta \u201cpiuttosto spoglia\u201doffre un \u201cCristo Redentore e Santi sull\u2019altare maggiore, opera forse di Antonio Gabrieli, bellunese. Si sale a Palughetto dove la piccolissima chiesa frazionale accoglie un bell\u2019altare in pietra, forse di fine Settecento. A Borsoi la pala dell\u2019altar maggiore reca una scritta: \u201cPaolo Fanello fece far del suo 1680\u201d che farebbe propendere per un lavoro di Agostino Ridolfi, il maggior artista bellunese del Seicento.<\/p>\n\n\t\t\t<style type='text\/css'>\n\t\t\t\t#gallery-2 {\n\t\t\t\t\tmargin: auto;\n\t\t\t\t}\n\t\t\t\t#gallery-2 .gallery-item {\n\t\t\t\t\tfloat: left;\n\t\t\t\t\tmargin-top: 10px;\n\t\t\t\t\ttext-align: center;\n\t\t\t\t\twidth: 25%;\n\t\t\t\t}\n\t\t\t\t#gallery-2 img {\n\t\t\t\t\tborder: 2px solid #cfcfcf;\n\t\t\t\t}\n\t\t\t\t#gallery-2 .gallery-caption {\n\t\t\t\t\tmargin-left: 0;\n\t\t\t\t}\n\t\t\t\t\/* see gallery_shortcode() in wp-includes\/media.php *\/\n\t\t\t<\/style>\n\t\t<div id='gallery-2' class='dt-gallery-container gallery galleryid-285126 gallery-columns-4 gallery-size-thumbnail'><dl class='gallery-item'>\n\t\t\t\t<dt class='gallery-icon portrait'>\n\t\t\t\t\t<a class=\"rollover rollover-zoom dt-pswp-item\" title=\"291607967_1088557522018540_1244099839975667279_n\" data-dt-img-description=\"\" data-large_image_width=\"158\" data-large_image_height=\"280\"href='https:\/\/www.radiopiu.net\/wordpress\/wp-content\/uploads\/2022\/07\/291607967_1088557522018540_1244099839975667279_n.jpg'><img loading=\"lazy\" decoding=\"async\" width=\"150\" height=\"150\" src=\"https:\/\/www.radiopiu.net\/wordpress\/wp-content\/uploads\/2022\/07\/291607967_1088557522018540_1244099839975667279_n-150x150.jpg\" class=\"attachment-thumbnail size-thumbnail\" alt=\"\" \/><\/a>\n\t\t\t\t<\/dt><\/dl><dl class='gallery-item'>\n\t\t\t\t<dt class='gallery-icon portrait'>\n\t\t\t\t\t<a class=\"rollover rollover-zoom dt-pswp-item\" title=\"291425552_396735519098678_5125756891786164360_n\" data-dt-img-description=\"\" data-large_image_width=\"114\" data-large_image_height=\"128\"href='https:\/\/www.radiopiu.net\/wordpress\/wp-content\/uploads\/2022\/07\/291425552_396735519098678_5125756891786164360_n.jpg'><img loading=\"lazy\" decoding=\"async\" width=\"114\" height=\"128\" src=\"https:\/\/www.radiopiu.net\/wordpress\/wp-content\/uploads\/2022\/07\/291425552_396735519098678_5125756891786164360_n.jpg\" class=\"attachment-thumbnail size-thumbnail\" alt=\"\" \/><\/a>\n\t\t\t\t<\/dt><\/dl><dl class='gallery-item'>\n\t\t\t\t<dt class='gallery-icon portrait'>\n\t\t\t\t\t<a class=\"rollover rollover-zoom dt-pswp-item\" title=\"289041192_1089947495209114_5512405073709335049_n\" data-dt-img-description=\"\" data-large_image_width=\"194\" data-large_image_height=\"206\"href='https:\/\/www.radiopiu.net\/wordpress\/wp-content\/uploads\/2022\/07\/289041192_1089947495209114_5512405073709335049_n.jpg'><img loading=\"lazy\" decoding=\"async\" width=\"150\" height=\"150\" src=\"https:\/\/www.radiopiu.net\/wordpress\/wp-content\/uploads\/2022\/07\/289041192_1089947495209114_5512405073709335049_n-150x150.jpg\" class=\"attachment-thumbnail size-thumbnail\" alt=\"\" \/><\/a>\n\t\t\t\t<\/dt><\/dl><dl class='gallery-item'>\n\t\t\t\t<dt class='gallery-icon portrait'>\n\t\t\t\t\t<a class=\"rollover rollover-zoom dt-pswp-item\" title=\"291016511_305539731712444_5106480795204542262_n\" data-dt-img-description=\"\" data-large_image_width=\"70\" data-large_image_height=\"137\"href='https:\/\/www.radiopiu.net\/wordpress\/wp-content\/uploads\/2022\/07\/291016511_305539731712444_5106480795204542262_n.jpg'><img loading=\"lazy\" decoding=\"async\" width=\"70\" height=\"137\" src=\"https:\/\/www.radiopiu.net\/wordpress\/wp-content\/uploads\/2022\/07\/291016511_305539731712444_5106480795204542262_n.jpg\" class=\"attachment-thumbnail size-thumbnail\" alt=\"\" \/><\/a>\n\t\t\t\t<\/dt><\/dl><br style=\"clear: both\" \/><dl class='gallery-item'>\n\t\t\t\t<dt class='gallery-icon portrait'>\n\t\t\t\t\t<a class=\"rollover rollover-zoom dt-pswp-item\" title=\"290801018_1190856385082649_3892928421072252279_n\" data-dt-img-description=\"\" data-large_image_width=\"155\" data-large_image_height=\"206\"href='https:\/\/www.radiopiu.net\/wordpress\/wp-content\/uploads\/2022\/07\/290801018_1190856385082649_3892928421072252279_n.jpg'><img loading=\"lazy\" decoding=\"async\" width=\"150\" height=\"150\" src=\"https:\/\/www.radiopiu.net\/wordpress\/wp-content\/uploads\/2022\/07\/290801018_1190856385082649_3892928421072252279_n-150x150.jpg\" class=\"attachment-thumbnail size-thumbnail\" alt=\"\" \/><\/a>\n\t\t\t\t<\/dt><\/dl><dl class='gallery-item'>\n\t\t\t\t<dt class='gallery-icon landscape'>\n\t\t\t\t\t<a class=\"rollover rollover-zoom dt-pswp-item\" title=\"289614959_597207555300922_1965346913446726655_n\" data-dt-img-description=\"\" data-large_image_width=\"259\" data-large_image_height=\"206\"href='https:\/\/www.radiopiu.net\/wordpress\/wp-content\/uploads\/2022\/07\/289614959_597207555300922_1965346913446726655_n.jpg'><img loading=\"lazy\" decoding=\"async\" width=\"150\" height=\"150\" src=\"https:\/\/www.radiopiu.net\/wordpress\/wp-content\/uploads\/2022\/07\/289614959_597207555300922_1965346913446726655_n-150x150.jpg\" class=\"attachment-thumbnail size-thumbnail\" alt=\"\" \/><\/a>\n\t\t\t\t<\/dt><\/dl><dl class='gallery-item'>\n\t\t\t\t<dt class='gallery-icon portrait'>\n\t\t\t\t\t<a class=\"rollover rollover-zoom dt-pswp-item\" title=\"290267568_3226966354245570_5184178980067069951_n\" data-dt-img-description=\"\" data-large_image_width=\"153\" data-large_image_height=\"260\"href='https:\/\/www.radiopiu.net\/wordpress\/wp-content\/uploads\/2022\/07\/290267568_3226966354245570_5184178980067069951_n.jpg'><img loading=\"lazy\" decoding=\"async\" width=\"150\" height=\"150\" src=\"https:\/\/www.radiopiu.net\/wordpress\/wp-content\/uploads\/2022\/07\/290267568_3226966354245570_5184178980067069951_n-150x150.jpg\" class=\"attachment-thumbnail size-thumbnail\" alt=\"\" \/><\/a>\n\t\t\t\t<\/dt><\/dl><dl class='gallery-item'>\n\t\t\t\t<dt class='gallery-icon landscape'>\n\t\t\t\t\t<a class=\"rollover rollover-zoom dt-pswp-item\" title=\"289086769_379499494068678_7071055982518053139_n\" data-dt-img-description=\"\" data-large_image_width=\"270\" data-large_image_height=\"187\"href='https:\/\/www.radiopiu.net\/wordpress\/wp-content\/uploads\/2022\/07\/289086769_379499494068678_7071055982518053139_n.jpg'><img loading=\"lazy\" decoding=\"async\" width=\"150\" height=\"150\" src=\"https:\/\/www.radiopiu.net\/wordpress\/wp-content\/uploads\/2022\/07\/289086769_379499494068678_7071055982518053139_n-150x150.jpg\" class=\"attachment-thumbnail size-thumbnail\" alt=\"\" \/><\/a>\n\t\t\t\t<\/dt><\/dl><br style=\"clear: both\" \/>\n\t\t\t<\/div>\n\n<p>&nbsp;<\/p>\n<p>NELLE FOTO (riproduzioni dal libro \u201cL\u2019Alpago raccontato da Umberto Trame\u201d e siti: Mapio, Pic.Click; Belluno Press; Wikipedia,): Piano del Cansiglio, chiesetta di Sant\u2019Osvaldo: di Giovanni De Min \u201cSant\u2019Osvaldo da Northumbria\u201d; il prof. Mauro Lucco; la chiesa di Spert; c\u2019\u00e8 un dipinto ottocentesco nella chiesa di Valdenogher, voluto dagli emigranti a Venezia; la parrocchiale di Farra d\u2019Alpago; la chiesetta di San Vigilio; parrocchiale di Puos; la piccola chiesa di Borsoi. (1 &#8211; continua)<\/p>\n","protected":false},"excerpt":{"rendered":"<p>MAURO LUCCO NEL LIBRO \u201cALPAGO\u201d DI DON TRAME: UN CAPOLAVORO IN QUALCHE CHIESA SPERDUTA? Riprendiamo e concludiamo l\u2019\u201cescursione\u201d che, guidati dal pregevole saggio del prof. Mauro Lucco, parte importante del libro \u201cL\u2019Alpago raccontato da Umberto Trame\u201d (edito nel 1984 dalla Comunit\u00e0 montana con \u201cPanfilo Castaldi di Feltre) ci ha portati alla scoperta delle chiese nei&hellip;<\/p>\n","protected":false},"author":4,"featured_media":285157,"comment_status":"closed","ping_status":"closed","sticky":false,"template":"","format":"standard","meta":{"_monsterinsights_skip_tracking":false,"_monsterinsights_sitenote_active":false,"_monsterinsights_sitenote_note":"","_monsterinsights_sitenote_category":0,"footnotes":""},"categories":[49],"tags":[],"class_list":["post-285126","post","type-post","status-publish","format-standard","has-post-thumbnail","hentry","category-news-18","category-49","description-off"],"img_url":"https:\/\/www.radiopiu.net\/wordpress\/wp-content\/uploads\/2022\/07\/289086769_379499494068678_7071055982518053139_n.jpg","_links":{"self":[{"href":"https:\/\/www.radiopiu.net\/wordpress\/wp-json\/wp\/v2\/posts\/285126","targetHints":{"allow":["GET"]}}],"collection":[{"href":"https:\/\/www.radiopiu.net\/wordpress\/wp-json\/wp\/v2\/posts"}],"about":[{"href":"https:\/\/www.radiopiu.net\/wordpress\/wp-json\/wp\/v2\/types\/post"}],"author":[{"embeddable":true,"href":"https:\/\/www.radiopiu.net\/wordpress\/wp-json\/wp\/v2\/users\/4"}],"replies":[{"embeddable":true,"href":"https:\/\/www.radiopiu.net\/wordpress\/wp-json\/wp\/v2\/comments?post=285126"}],"version-history":[{"count":0,"href":"https:\/\/www.radiopiu.net\/wordpress\/wp-json\/wp\/v2\/posts\/285126\/revisions"}],"wp:featuredmedia":[{"embeddable":true,"href":"https:\/\/www.radiopiu.net\/wordpress\/wp-json\/wp\/v2\/media\/285157"}],"wp:attachment":[{"href":"https:\/\/www.radiopiu.net\/wordpress\/wp-json\/wp\/v2\/media?parent=285126"}],"wp:term":[{"taxonomy":"category","embeddable":true,"href":"https:\/\/www.radiopiu.net\/wordpress\/wp-json\/wp\/v2\/categories?post=285126"},{"taxonomy":"post_tag","embeddable":true,"href":"https:\/\/www.radiopiu.net\/wordpress\/wp-json\/wp\/v2\/tags?post=285126"}],"curies":[{"name":"wp","href":"https:\/\/api.w.org\/{rel}","templated":true}]}}