{"id":285197,"date":"2022-07-04T06:36:38","date_gmt":"2022-07-04T04:36:38","guid":{"rendered":"https:\/\/www.radiopiu.net\/wordpress\/?p=285197"},"modified":"2022-07-04T13:15:00","modified_gmt":"2022-07-04T11:15:00","slug":"aggiornamento-intervento-in-marmolada","status":"publish","type":"post","link":"https:\/\/www.radiopiu.net\/wordpress\/aggiornamento-intervento-in-marmolada\/","title":{"rendered":"MARMOLADA, AGGIORNAMENTO LUNEDI MATTINA"},"content":{"rendered":"<h2><span style=\"color: #ff0000;\">\u00a0lunedi mattina ALEX BARATTIN<\/span><\/h2>\n<audio class=\"wp-audio-shortcode\" id=\"audio-285197-1\" preload=\"none\" style=\"width: 100%;\" controls=\"controls\"><source type=\"audio\/mpeg\" src=\"https:\/\/www.radiopiu.net\/wordpress\/wp-content\/uploads\/2022\/07\/barattin.mp3?_=1\" \/><a href=\"https:\/\/www.radiopiu.net\/wordpress\/wp-content\/uploads\/2022\/07\/barattin.mp3\">https:\/\/www.radiopiu.net\/wordpress\/wp-content\/uploads\/2022\/07\/barattin.mp3<\/a><\/audio>\n<p>&nbsp;<\/p>\n<h3><\/h3>\n<h3>IL SINDACO DI ROCCA PIETORE, ANDREA DE BERNARDIN<\/h3>\n<audio class=\"wp-audio-shortcode\" id=\"audio-285197-2\" preload=\"none\" style=\"width: 100%;\" controls=\"controls\"><source type=\"audio\/mpeg\" src=\"https:\/\/www.radiopiu.net\/wordpress\/wp-content\/uploads\/2022\/07\/ANDREA.mp3?_=2\" \/><a href=\"https:\/\/www.radiopiu.net\/wordpress\/wp-content\/uploads\/2022\/07\/ANDREA.mp3\">https:\/\/www.radiopiu.net\/wordpress\/wp-content\/uploads\/2022\/07\/ANDREA.mp3<\/a><\/audio>\n<h3><\/h3>\n<h3>L&#8217;ASSESSORE REGIONALE GIANPAOLO BOTTACIN<\/h3>\n<audio class=\"wp-audio-shortcode\" id=\"audio-285197-3\" preload=\"none\" style=\"width: 100%;\" controls=\"controls\"><source type=\"audio\/mpeg\" src=\"https:\/\/www.radiopiu.net\/wordpress\/wp-content\/uploads\/2022\/07\/BOTTACINI.mp3?_=3\" \/><a href=\"https:\/\/www.radiopiu.net\/wordpress\/wp-content\/uploads\/2022\/07\/BOTTACINI.mp3\">https:\/\/www.radiopiu.net\/wordpress\/wp-content\/uploads\/2022\/07\/BOTTACINI.mp3<\/a><\/audio>\n<p>&nbsp;<\/p>\n<p>&nbsp;<\/p>\n<p>&nbsp;<\/p>\n<h2><span style=\"color: #0000ff;\">Domenica 3 luglio 2022<\/span><\/h2>\n<p><strong>Attivato il numero 0461.495272 per segnalare eventuali mancati rientri. Le operazioni di ricerca da parte della Protezione civile proseguono nella notte<\/strong><\/p>\n<p><img loading=\"lazy\" decoding=\"async\" class=\"alignleft\" src=\"https:\/\/www.radiopiu.net\/wordpress\/wp-content\/uploads\/2022\/07\/23dd79d9-332d-4841-ae1d-88889b3865b6-300x300.jpg\" width=\"187\" height=\"187\" \/>Proseguite nella notte, con il supporto dei droni dei Vigili del fuoco e del Soccorso Alpino, i sopralluoghi della Protezione civile del Trentino sull\u2019area interessata dal distacco del seracco dalla calotta di Punta Rocca sulla Marmolada, ad una quota di 3.200 metri. Le vittime accertate finora sono 6. In corso le operazioni di riconoscimento. Per segnalazioni o richieste di informazioni \u2013 esclusivamente da parte di familiari di eventuali persone disperse \u2013 la Provincia autonoma di Trento ha attivato il numero di telefono 0461 495272 (gli operatori rispondono 24 ore su 24). \u201cQuesta \u00e8 una giornata di lutto per il Trentino. Oggi \u00e8 accaduta una tragedia che nessuno era in grado di prevedere. Ringraziamo gli uomini e le donne della Protezione civile, scesi in campo per le operazioni di ricerca e soccorso impegnati in queste difficile ore. Alla luce dei pericoli legati ad eventuali nuovi distacchi, la nostra priorit\u00e0 \u00e8 tutelare la loro incolumit\u00e0\u201d sono state le parole del presidente della Provincia autonoma di Trento, Maurizio Fugatti, affiancato dal dirigente generale del Dipartimento protezione civile Raffaele De Col, intervenuti in serata nel corso di un incontro con la stampa presso la sala operativa allestita a Canazei presso la caserma dei vigili del fuoco volontari, sede anche del Soccorso alpino.\u00a0 Il presidente Fugatti ha seguito la situazione sul posto sin dai primi momenti, nel primo pomeriggio di oggi, mantenendosi in contatto con il premier Mario Draghi e con il capo della Protezione civile nazionale, Fabrizio Curcio, oltre che con i presidenti della Provincia autonoma di Trento Arno Kompatscher e della Regione Veneto Luca Zaia. I feriti che attualmente sono ricoverati negli ospedali di Trento, Bolzano, Belluno e Treviso sono 8, di cui due versano in gravi condizioni. Sono in corso le verifiche per identificare i proprietari delle 16 auto che attualmente si trovano nei parcheggi situati nei pressi dei sentieri di accesso all\u2019area.<\/p>\n<p>&nbsp;<\/p>\n<hr \/>\n<p>&nbsp;<\/p>\n<blockquote>\n<h3>RIMANE NEL CUORE ANCHE QUEL SELFIE PRIMA DELLA TRAGEDIA<\/h3>\n<\/blockquote>\n<p><strong>GIORNALE RADIO EDIZIONE DELLE 13.00<\/strong><\/p>\n<p>Sale a 30 il numero dei dispersi. Il Soccorso Alpino lancia l&#8217;allarme &#8220;Sono possibili altri crolli&#8221;.<\/p>\n<audio class=\"wp-audio-shortcode\" id=\"audio-285197-4\" preload=\"none\" style=\"width: 100%;\" controls=\"controls\"><source type=\"audio\/mpeg\" src=\"https:\/\/www.radiopiu.net\/wordpress\/wp-content\/uploads\/2022\/07\/giornale-a-a.mp3?_=4\" \/><a href=\"https:\/\/www.radiopiu.net\/wordpress\/wp-content\/uploads\/2022\/07\/giornale-a-a.mp3\">https:\/\/www.radiopiu.net\/wordpress\/wp-content\/uploads\/2022\/07\/giornale-a-a.mp3<\/a><\/audio>\n<div class=\"col-xs-11\">\n<div class=\"body-text\">\n<div id=\"article_content\">\n<p>&nbsp;<\/p>\n<p>Al momento sarebbero 4 (su 6) le vittime identificate della valanga della Marmolada. Si tratta di 3 cittadini italiani e una persona originaria della Repubblica Ceca. Un uomo e una donna invece non sono ancora stati identificati.<\/p>\n<p>Il numero delle\u00a0vittime \u00e8\u00a0 destinato ad aumentare, una ventina i dispersi. La valanga ha investito due cordate, una vicentina e una trentina. Il Quirinale rende noto che il Presidente della Repubblica,\u00a0Sergio Mattarella, ha chiamato i presidenti delle due Province per esprimere solidariet\u00e0 ai familiari delle vittime <a class=\"dt-pswp-item\" href=\"https:\/\/www.radiopiu.net\/wordpress\/wp-content\/uploads\/2022\/07\/asdadasd.jpg\" data-dt-img-description=\"\" data-large_image_width=\"394\" data-large_image_height=\"403\"><img loading=\"lazy\" decoding=\"async\" class=\"size-thumbnail wp-image-285287 alignleft\" src=\"https:\/\/www.radiopiu.net\/wordpress\/wp-content\/uploads\/2022\/07\/asdadasd-150x150.jpg\" alt=\"\" width=\"150\" height=\"150\" \/><\/a>&#8220;La situazione \u00e8 drammatica, dei primi 6 decessi 3 sono veneti, siamo costretti alla conta delle auto nei parcheggi. Saranno gli esperti che diranno la loro, le temperature si sono innalzate, 10 gradi sta per scioglimento ma da qui a pensare che si stacchi un condominio di ghiaccio con detriti e massi ciclopici \u00e8 un&#8217;altra cosa&#8221; Lo ha detto Luca Zaia al suo arrivo a Canazei dove attende il Premier Draghi.<\/p>\n<p>Tra le vittime Filippo Bari, 27 anni di Malo, padre di una bambina (foto). Mancano all\u2019appello due guide alpine vicentine. Fra i dispersi, potrebbe esserci anche una comitiva che stava facendo un pic nic a valle. Qualcuno aveva visto anche una bambina. Tra gli scomparsi (ne da notizie Dolomiti.it)\u00a0 Liliana Bertoldi, residente nel comune di Levico Terme e Davide Carnielli di Fornace. Manca all\u2019appello\u00a0 un 50enne di Alba di Canazei.\u00a0 Non \u00e8 rientrata\u00a0<strong>una guida di Valdagno<\/strong>\u00a0ma non si hanno notizie\u00a0nemmeno di<strong>\u00a0 un&#8217;altra <\/strong>guida alpina di Tezze sul Brenta, che secondo le ricostruzioni si trovava assieme alla moglie.<\/p>\n<p>Quattro persone ricoverate al Santa Chiara di Trento, tra questi una donna di 29 anni e un uomo di Pergine Valsugana. In via di miglioramento una donna di 51 anni di Como ricoverata in reparto e un 27enne di Barbarano Mossano ( Vicenza). Negli ospedali dell\u2019Ulss Dolomiti sono attualmente ricoverati due pazienti soccorsi sulla Marmolada: un uomo di anni 67, tedesco, ricoverato in terapia intensiva, e una connazionale di 58 anni attualmente in osservazione intensiva. Entrambi sono in prognosi riservata e strettamente monitorati.<\/p>\n<\/div>\n<p>&nbsp;<\/p>\n<\/div>\n<\/div>\n<p>Intervento in Marmolada, le operazioni di ricerca da parte della Protezione civile proseguite nella notte. Attivato il numero 0461.495272 per\u00a0 segnalare eventuali mancati rientri.<\/p>\n<p><strong>LE FOTO DALLA PAGINA FACEBOOK PROVINCIA DI TRENTO UFFICIALE\u00a0<\/strong><\/p>\n\n\t\t\t<style type='text\/css'>\n\t\t\t\t#gallery-1 {\n\t\t\t\t\tmargin: auto;\n\t\t\t\t}\n\t\t\t\t#gallery-1 .gallery-item {\n\t\t\t\t\tfloat: left;\n\t\t\t\t\tmargin-top: 10px;\n\t\t\t\t\ttext-align: center;\n\t\t\t\t\twidth: 33%;\n\t\t\t\t}\n\t\t\t\t#gallery-1 img {\n\t\t\t\t\tborder: 2px solid #cfcfcf;\n\t\t\t\t}\n\t\t\t\t#gallery-1 .gallery-caption {\n\t\t\t\t\tmargin-left: 0;\n\t\t\t\t}\n\t\t\t\t\/* see gallery_shortcode() in wp-includes\/media.php *\/\n\t\t\t<\/style>\n\t\t<div id='gallery-1' class='dt-gallery-container gallery galleryid-285197 gallery-columns-3 gallery-size-thumbnail'><dl class='gallery-item'>\n\t\t\t\t<dt class='gallery-icon landscape'>\n\t\t\t\t\t<a class=\"rollover rollover-zoom dt-pswp-item\" title=\"289723213_403648615127468_504422592702749129_n\" data-dt-img-description=\"\" data-large_image_width=\"2000\" data-large_image_height=\"1500\"href='https:\/\/www.radiopiu.net\/wordpress\/wp-content\/uploads\/2022\/07\/289723213_403648615127468_504422592702749129_n.jpg'><img loading=\"lazy\" decoding=\"async\" width=\"150\" height=\"150\" src=\"https:\/\/www.radiopiu.net\/wordpress\/wp-content\/uploads\/2022\/07\/289723213_403648615127468_504422592702749129_n-150x150.jpg\" class=\"attachment-thumbnail size-thumbnail\" alt=\"\" \/><\/a>\n\t\t\t\t<\/dt><\/dl><dl class='gallery-item'>\n\t\t\t\t<dt class='gallery-icon landscape'>\n\t\t\t\t\t<a class=\"rollover rollover-zoom dt-pswp-item\" title=\"290573684_403648721794124_2699286307910315715_n\" data-dt-img-description=\"\" data-large_image_width=\"2048\" data-large_image_height=\"1536\"href='https:\/\/www.radiopiu.net\/wordpress\/wp-content\/uploads\/2022\/07\/290573684_403648721794124_2699286307910315715_n.jpg'><img loading=\"lazy\" decoding=\"async\" width=\"150\" height=\"150\" src=\"https:\/\/www.radiopiu.net\/wordpress\/wp-content\/uploads\/2022\/07\/290573684_403648721794124_2699286307910315715_n-150x150.jpg\" class=\"attachment-thumbnail size-thumbnail\" alt=\"\" \/><\/a>\n\t\t\t\t<\/dt><\/dl><dl class='gallery-item'>\n\t\t\t\t<dt class='gallery-icon portrait'>\n\t\t\t\t\t<a class=\"rollover rollover-zoom dt-pswp-item\" title=\"289950617_403648588460804_3610600374102198726_n\" data-dt-img-description=\"\" data-large_image_width=\"900\" data-large_image_height=\"2000\"href='https:\/\/www.radiopiu.net\/wordpress\/wp-content\/uploads\/2022\/07\/289950617_403648588460804_3610600374102198726_n.jpg'><img loading=\"lazy\" decoding=\"async\" width=\"150\" height=\"150\" src=\"https:\/\/www.radiopiu.net\/wordpress\/wp-content\/uploads\/2022\/07\/289950617_403648588460804_3610600374102198726_n-150x150.jpg\" class=\"attachment-thumbnail size-thumbnail\" alt=\"\" \/><\/a>\n\t\t\t\t<\/dt><\/dl><br style=\"clear: both\" \/>\n\t\t\t<\/div>\n\n<p>&nbsp;<\/p>\n<p>&nbsp;<\/p>\n<hr \/>\n<p>&nbsp;<\/p>\n","protected":false},"excerpt":{"rendered":"<p>\u00a0lunedi mattina ALEX BARATTIN &nbsp; IL SINDACO DI ROCCA PIETORE, ANDREA DE BERNARDIN L&#8217;ASSESSORE REGIONALE GIANPAOLO BOTTACIN &nbsp; &nbsp; &nbsp; Domenica 3 luglio 2022 Attivato il numero 0461.495272 per segnalare eventuali mancati rientri. Le operazioni di ricerca da parte della Protezione civile proseguono nella notte Proseguite nella notte, con il supporto dei droni dei Vigili&hellip;<\/p>\n","protected":false},"author":4,"featured_media":285178,"comment_status":"closed","ping_status":"closed","sticky":false,"template":"","format":"standard","meta":{"_monsterinsights_skip_tracking":false,"_monsterinsights_sitenote_active":false,"_monsterinsights_sitenote_note":"","_monsterinsights_sitenote_category":0,"footnotes":""},"categories":[51,49],"tags":[],"class_list":["post-285197","post","type-post","status-publish","format-standard","has-post-thumbnail","hentry","category-evidenza-top","category-news-18","category-51","category-49","description-off"],"img_url":"https:\/\/www.radiopiu.net\/wordpress\/wp-content\/uploads\/2022\/07\/23dd79d9-332d-4841-ae1d-88889b3865b6.jpg","_links":{"self":[{"href":"https:\/\/www.radiopiu.net\/wordpress\/wp-json\/wp\/v2\/posts\/285197","targetHints":{"allow":["GET"]}}],"collection":[{"href":"https:\/\/www.radiopiu.net\/wordpress\/wp-json\/wp\/v2\/posts"}],"about":[{"href":"https:\/\/www.radiopiu.net\/wordpress\/wp-json\/wp\/v2\/types\/post"}],"author":[{"embeddable":true,"href":"https:\/\/www.radiopiu.net\/wordpress\/wp-json\/wp\/v2\/users\/4"}],"replies":[{"embeddable":true,"href":"https:\/\/www.radiopiu.net\/wordpress\/wp-json\/wp\/v2\/comments?post=285197"}],"version-history":[{"count":0,"href":"https:\/\/www.radiopiu.net\/wordpress\/wp-json\/wp\/v2\/posts\/285197\/revisions"}],"wp:featuredmedia":[{"embeddable":true,"href":"https:\/\/www.radiopiu.net\/wordpress\/wp-json\/wp\/v2\/media\/285178"}],"wp:attachment":[{"href":"https:\/\/www.radiopiu.net\/wordpress\/wp-json\/wp\/v2\/media?parent=285197"}],"wp:term":[{"taxonomy":"category","embeddable":true,"href":"https:\/\/www.radiopiu.net\/wordpress\/wp-json\/wp\/v2\/categories?post=285197"},{"taxonomy":"post_tag","embeddable":true,"href":"https:\/\/www.radiopiu.net\/wordpress\/wp-json\/wp\/v2\/tags?post=285197"}],"curies":[{"name":"wp","href":"https:\/\/api.w.org\/{rel}","templated":true}]}}