{"id":285225,"date":"2022-07-04T09:55:03","date_gmt":"2022-07-04T07:55:03","guid":{"rendered":"https:\/\/www.radiopiu.net\/wordpress\/?p=285225"},"modified":"2022-07-04T09:55:03","modified_gmt":"2022-07-04T07:55:03","slug":"oggi-lultimo-saluto-ad-emilio-marmolada","status":"publish","type":"post","link":"https:\/\/www.radiopiu.net\/wordpress\/oggi-lultimo-saluto-ad-emilio-marmolada\/","title":{"rendered":"OGGI L&#8217;ULTIMO SALUTO AD EMILIO MARMOLADA"},"content":{"rendered":"<p><strong><a class=\"dt-pswp-item\" href=\"https:\/\/www.radiopiu.net\/wordpress\/wp-content\/uploads\/2022\/07\/asdasd.jpg\" data-dt-img-description=\"\" data-large_image_width=\"209\" data-large_image_height=\"254\"><img loading=\"lazy\" decoding=\"async\" class=\"size-thumbnail wp-image-285226 alignleft\" src=\"https:\/\/www.radiopiu.net\/wordpress\/wp-content\/uploads\/2022\/07\/asdasd-150x150.jpg\" alt=\"\" width=\"150\" height=\"150\" \/><\/a>FALCADE<\/strong> Emilio Marmolada si \u00e8 spento a 84 anni, ex maresciallo della Guardia di Finanza verr\u00e0 ricordato perch\u00e9 tra i promotori del Soccorso Alpino delle Fiamme Gialle. E&#8217; stato uno degli importanti istruttori di sci delle Fiamme Gialle. Oggi alle 14.30 a Caviola l&#8217;ultimo saluto e l&#8217;abbraccio alla moglie Maria Angela, ai figli Danilo con Marisa, Lorena con Marco, i nipoti Nicola, Silvia, Patrik, Zeno, Pietro, la sorella e le cognate.<\/p>\n<p><em><strong>Dalla Famiglia<\/strong> &#8220;En gran gramaze a tuti chi che vol cio part al funeral. Se vole fa n valch. enveze de fior, l&#8217;avaria volu na donazion a fin de ben&#8221;<\/em><\/p>\n<p>___<\/p>\n","protected":false},"excerpt":{"rendered":"<p>FALCADE Emilio Marmolada si \u00e8 spento a 84 anni, ex maresciallo della Guardia di Finanza verr\u00e0 ricordato perch\u00e9 tra i promotori del Soccorso Alpino delle Fiamme Gialle. E&#8217; stato uno degli importanti istruttori di sci delle Fiamme Gialle. Oggi alle 14.30 a Caviola l&#8217;ultimo saluto e l&#8217;abbraccio alla moglie Maria Angela, ai figli Danilo con&hellip;<\/p>\n","protected":false},"author":4,"featured_media":285226,"comment_status":"closed","ping_status":"closed","sticky":false,"template":"","format":"standard","meta":{"_monsterinsights_skip_tracking":false,"_monsterinsights_sitenote_active":false,"_monsterinsights_sitenote_note":"","_monsterinsights_sitenote_category":0,"footnotes":""},"categories":[104,49],"tags":[],"class_list":["post-285225","post","type-post","status-publish","format-standard","has-post-thumbnail","hentry","category-evidenza_3","category-news-18","category-104","category-49","description-off"],"img_url":"https:\/\/www.radiopiu.net\/wordpress\/wp-content\/uploads\/2022\/07\/asdasd.jpg","_links":{"self":[{"href":"https:\/\/www.radiopiu.net\/wordpress\/wp-json\/wp\/v2\/posts\/285225","targetHints":{"allow":["GET"]}}],"collection":[{"href":"https:\/\/www.radiopiu.net\/wordpress\/wp-json\/wp\/v2\/posts"}],"about":[{"href":"https:\/\/www.radiopiu.net\/wordpress\/wp-json\/wp\/v2\/types\/post"}],"author":[{"embeddable":true,"href":"https:\/\/www.radiopiu.net\/wordpress\/wp-json\/wp\/v2\/users\/4"}],"replies":[{"embeddable":true,"href":"https:\/\/www.radiopiu.net\/wordpress\/wp-json\/wp\/v2\/comments?post=285225"}],"version-history":[{"count":0,"href":"https:\/\/www.radiopiu.net\/wordpress\/wp-json\/wp\/v2\/posts\/285225\/revisions"}],"wp:featuredmedia":[{"embeddable":true,"href":"https:\/\/www.radiopiu.net\/wordpress\/wp-json\/wp\/v2\/media\/285226"}],"wp:attachment":[{"href":"https:\/\/www.radiopiu.net\/wordpress\/wp-json\/wp\/v2\/media?parent=285225"}],"wp:term":[{"taxonomy":"category","embeddable":true,"href":"https:\/\/www.radiopiu.net\/wordpress\/wp-json\/wp\/v2\/categories?post=285225"},{"taxonomy":"post_tag","embeddable":true,"href":"https:\/\/www.radiopiu.net\/wordpress\/wp-json\/wp\/v2\/tags?post=285225"}],"curies":[{"name":"wp","href":"https:\/\/api.w.org\/{rel}","templated":true}]}}