{"id":285263,"date":"2022-07-04T10:58:19","date_gmt":"2022-07-04T08:58:19","guid":{"rendered":"https:\/\/www.radiopiu.net\/wordpress\/?p=285263"},"modified":"2022-07-04T10:58:19","modified_gmt":"2022-07-04T08:58:19","slug":"lutto-nellassociazione-bellunesi-nel-mondo-e-morta-debora-geremia","status":"publish","type":"post","link":"https:\/\/www.radiopiu.net\/wordpress\/lutto-nellassociazione-bellunesi-nel-mondo-e-morta-debora-geremia\/","title":{"rendered":"LUTTO NELL&#8217;ASSOCIAZIONE BELLUNESI NEL MONDO. E&#8217; MORTA DEBORA GEREMIA"},"content":{"rendered":"<p><strong><a class=\"dt-pswp-item\" href=\"https:\/\/www.radiopiu.net\/wordpress\/wp-content\/uploads\/2022\/07\/debora_geremia.jpg\" data-dt-img-description=\"\" data-large_image_width=\"644\" data-large_image_height=\"663\"><img loading=\"lazy\" decoding=\"async\" class=\"size-thumbnail wp-image-285264 alignleft\" src=\"https:\/\/www.radiopiu.net\/wordpress\/wp-content\/uploads\/2022\/07\/debora_geremia-150x150.jpg\" alt=\"\" width=\"150\" height=\"150\" \/><\/a>BELLUNO<\/strong> L\u2019Associazione Bellunesi nel Mondo piange l\u2019improvvisa scomparsa, all\u2019et\u00e0 di 45 anni, di Debora Geremia, presidente della Famiglia Bellunese di Porto Alegre, Brasile. Una notizia che ha sconvolto il presidente Abm Oscar De Bona: \u00ab<em>Non ci sono parole per descrivere il dolore che stiamo provando. Debora era una persona di grandi capacit\u00e0 e, nel 2019,\u00a0 aveva preso a cuore la guida della Famiglia Bellunese di Porto Alegre con entusiasmo e capacit\u00e0<\/em>\u00bb. Avvocato di professione, Debora aveva aperto con il marito Mathias Hasbeart uno studio anche in Italia, a Santa Marinella (Roma). Le sue radici bellunesi erano di Taibon Agordino. Sua nonna, Maria Margherita Benvegn\u00f9 era partita da questo paese agordino per emigrare in Brasile assieme al marito, vicentino, Giuseppe Geremia. Aveva riscoperto le sue radici venete grazie a un progetto dell\u2019Associazione Vicentini nel Mondo e in quell\u2019occasione aveva potuto incontrare anche i suoi parenti, come Livio Benvegn\u00f9 &#8211; gi\u00e0 presidente della Famiglia Bellunese di Padova &#8211; cugino di terzo grado. Sempre presente ai raduni dei Benvegn\u00f9, Debora si trovava proprio a Taibon Agordino nel 2008 per il tradizionale incontro. Basti pensare che i Benvegn\u00f9 in Brasile sono oltre tremila. \u00ab<em>Ci mancher\u00e0 molto &#8211; conclude De Bona &#8211; e siamo vicini al marito e a suo figlio in questo momento di dolore e smarrimento\u00bb. <\/em>Di certo Debora sar\u00e0 ricordata in occasione del Premio internazionale \u201cBellunesi che onorano la provincia di Belluno in Italia e all\u2019estero\u201d in programma a fine novembre a Sedico.<\/p>\n<p>&nbsp;<\/p>\n<p>&nbsp;<\/p>\n<p>*****<\/p>\n","protected":false},"excerpt":{"rendered":"<p>BELLUNO L\u2019Associazione Bellunesi nel Mondo piange l\u2019improvvisa scomparsa, all\u2019et\u00e0 di 45 anni, di Debora Geremia, presidente della Famiglia Bellunese di Porto Alegre, Brasile. Una notizia che ha sconvolto il presidente Abm Oscar De Bona: \u00abNon ci sono parole per descrivere il dolore che stiamo provando. Debora era una persona di grandi capacit\u00e0 e, nel 2019,\u00a0&hellip;<\/p>\n","protected":false},"author":4,"featured_media":285264,"comment_status":"closed","ping_status":"closed","sticky":false,"template":"","format":"standard","meta":{"_monsterinsights_skip_tracking":false,"_monsterinsights_sitenote_active":false,"_monsterinsights_sitenote_note":"","_monsterinsights_sitenote_category":0,"footnotes":""},"categories":[49],"tags":[],"class_list":["post-285263","post","type-post","status-publish","format-standard","has-post-thumbnail","hentry","category-news-18","category-49","description-off"],"img_url":"https:\/\/www.radiopiu.net\/wordpress\/wp-content\/uploads\/2022\/07\/debora_geremia.jpg","_links":{"self":[{"href":"https:\/\/www.radiopiu.net\/wordpress\/wp-json\/wp\/v2\/posts\/285263","targetHints":{"allow":["GET"]}}],"collection":[{"href":"https:\/\/www.radiopiu.net\/wordpress\/wp-json\/wp\/v2\/posts"}],"about":[{"href":"https:\/\/www.radiopiu.net\/wordpress\/wp-json\/wp\/v2\/types\/post"}],"author":[{"embeddable":true,"href":"https:\/\/www.radiopiu.net\/wordpress\/wp-json\/wp\/v2\/users\/4"}],"replies":[{"embeddable":true,"href":"https:\/\/www.radiopiu.net\/wordpress\/wp-json\/wp\/v2\/comments?post=285263"}],"version-history":[{"count":0,"href":"https:\/\/www.radiopiu.net\/wordpress\/wp-json\/wp\/v2\/posts\/285263\/revisions"}],"wp:featuredmedia":[{"embeddable":true,"href":"https:\/\/www.radiopiu.net\/wordpress\/wp-json\/wp\/v2\/media\/285264"}],"wp:attachment":[{"href":"https:\/\/www.radiopiu.net\/wordpress\/wp-json\/wp\/v2\/media?parent=285263"}],"wp:term":[{"taxonomy":"category","embeddable":true,"href":"https:\/\/www.radiopiu.net\/wordpress\/wp-json\/wp\/v2\/categories?post=285263"},{"taxonomy":"post_tag","embeddable":true,"href":"https:\/\/www.radiopiu.net\/wordpress\/wp-json\/wp\/v2\/tags?post=285263"}],"curies":[{"name":"wp","href":"https:\/\/api.w.org\/{rel}","templated":true}]}}