{"id":285386,"date":"2022-07-06T05:30:18","date_gmt":"2022-07-06T03:30:18","guid":{"rendered":"https:\/\/www.radiopiu.net\/wordpress\/?p=285386"},"modified":"2022-07-06T05:42:09","modified_gmt":"2022-07-06T03:42:09","slug":"anche-javier-vittima-socc","status":"publish","type":"post","link":"https:\/\/www.radiopiu.net\/wordpress\/anche-javier-vittima-socc\/","title":{"rendered":"LA MONTAGNA SI PRENDE ANCHE JAVIER, L&#8217;ESCURSIONISTA RITROVATO IN COMUNE DI LA VALLE AGORDINA"},"content":{"rendered":"<p><strong>LA VALLE AGORDINA<\/strong> \u00c8 stato purtroppo ritrovato senza vita l&#8217;escursionista spagnolo, le cui ricerche erano state avviate ieri su richiesta del fratello, poich\u00e9 non si era presentato a lavoro a Londra dove risiede. Javier G.H., 30 anni, era al termine della traversata dell&#8217;Alta via numero 1, che stava percorrendo in solitaria e, dopo 8 giorni di cammino, il primo luglio aveva pernottato al Rifugio Pramperet, partendo la mattina del 2 luglio alle 7 in direzione di Belluno, atteso invano per la sera in un albergo cittadino che aveva prenotato. Questa mattina in base alle analisi fatte durante la prima giornata di ricerche, sono state individuate delle zone primarie &#8211; Schiara, Valclusa, Erbandoi, Vallon de le Masnade &#8211; in cui sono state sbarcate le squadre trasportate in quota dall&#8217;elicottero di Dolomiti Emergency. La seconda rotazione ha portato i soccorritori nella zona degli Erbandoi, zona di sovrapposizione delle celle dei due ripetitori e pi\u00f9 probabile direzione intrapresa dal ragazzo. L&#8217;elicottero della Protezione civile della Regione Veneto ha poi lasciato sulla Cima sud di Zit\u00e0 una squadra di soccorritori e Vigili del fuoco con un apparecchio Imsi Catcher portatile, per tentare l&#8217;individuazione del cellulare. L&#8217;elicottero ha poi proceduto a una ricognizione a tappeto lungo i canali verso la Valclusa, con a bordo un tecnico del Soccorso alpino di Belluno e uno del Soccorso alpino della Guardia di finanza. Ed \u00e8 stato scendendo da uno di questi che, alle 9.40, in contemporanea con una squadra di soccorritori a piedi \u00e8 stato individuato il corpo del ragazzo, mentre dalla Cima Sud di Zit\u00e0 veniva anche agganciato il segnale del cellulare. All&#8217;origine dell&#8217;incidente mortale il fatto che Javier non aveva imboccato il sentiero corretto verso la Forcella sud di Zit\u00e0, ma aveva preso sbagliando la Costa del Barancion. L\u00ec era scivolato ruzzolando per una cinquantina di metri. Ottenuto il nulla osta dalla magistratura per la rimozione, la salma \u00e8 stata imbarellata e recuperata dall&#8217;elicottero del Suem di Pieve di Cadore con un verricello di 10 metri, per essere trasportata al campo base alla Stanga e affidata al carro funebre, diretto alla Camera mortuaria de La Valle Agordina. Erano presenti oltre 30 persone e unit\u00e0 cinofile, del Soccorso alpino di Belluno, Agordo, Longarone e Feltre, del Soccorso alpino della Guardia di finanza di Auronzo e Cortina, dei Vigili del fuoco.<\/p>\n\n\t\t\t<style type='text\/css'>\n\t\t\t\t#gallery-1 {\n\t\t\t\t\tmargin: auto;\n\t\t\t\t}\n\t\t\t\t#gallery-1 .gallery-item {\n\t\t\t\t\tfloat: left;\n\t\t\t\t\tmargin-top: 10px;\n\t\t\t\t\ttext-align: center;\n\t\t\t\t\twidth: 50%;\n\t\t\t\t}\n\t\t\t\t#gallery-1 img {\n\t\t\t\t\tborder: 2px solid #cfcfcf;\n\t\t\t\t}\n\t\t\t\t#gallery-1 .gallery-caption {\n\t\t\t\t\tmargin-left: 0;\n\t\t\t\t}\n\t\t\t\t\/* see gallery_shortcode() in wp-includes\/media.php *\/\n\t\t\t<\/style>\n\t\t<div id='gallery-1' class='dt-gallery-container gallery galleryid-285386 gallery-columns-2 gallery-size-thumbnail'><dl class='gallery-item'>\n\t\t\t\t<dt class='gallery-icon landscape'>\n\t\t\t\t\t<a class=\"rollover rollover-zoom dt-pswp-item\" title=\"salt_20220705_122729_397\" data-dt-img-description=\"\" data-large_image_width=\"2364\" data-large_image_height=\"1773\"href='https:\/\/www.radiopiu.net\/wordpress\/wp-content\/uploads\/2022\/07\/salt_20220705_122729_397.jpg'><img loading=\"lazy\" decoding=\"async\" width=\"150\" height=\"150\" src=\"https:\/\/www.radiopiu.net\/wordpress\/wp-content\/uploads\/2022\/07\/salt_20220705_122729_397-150x150.jpg\" class=\"attachment-thumbnail size-thumbnail\" alt=\"\" \/><\/a>\n\t\t\t\t<\/dt><\/dl><dl class='gallery-item'>\n\t\t\t\t<dt class='gallery-icon portrait'>\n\t\t\t\t\t<a class=\"rollover rollover-zoom dt-pswp-item\" title=\"salt_20220705_122749_470\" data-dt-img-description=\"\" data-large_image_width=\"1773\" data-large_image_height=\"2364\"href='https:\/\/www.radiopiu.net\/wordpress\/wp-content\/uploads\/2022\/07\/salt_20220705_122749_470.jpg'><img loading=\"lazy\" decoding=\"async\" width=\"150\" height=\"150\" src=\"https:\/\/www.radiopiu.net\/wordpress\/wp-content\/uploads\/2022\/07\/salt_20220705_122749_470-150x150.jpg\" class=\"attachment-thumbnail size-thumbnail\" alt=\"\" \/><\/a>\n\t\t\t\t<\/dt><\/dl><br style=\"clear: both\" \/>\n\t\t\t<\/div>\n\n<p>&nbsp;<\/p>\n<p><strong>\u00a0<\/strong><\/p>\n<p><strong>\u00a0<\/strong><\/p>\n<p><strong>ARTICOLO PRECEDENTE, NOTIZIARIO DI IERI SERA ORE \u00a018 11<\/strong><\/p>\n<div dir=\"auto\"><strong>SEDICO\u00a0<\/strong> Sono in corso le ricerche di un escursionista spagnolo che stava percorrendo l&#8217;alta Via numero uno. Il trentenne, di nome Javier, arrivato da Londra, luogo in cui risiede, per la traversata dolomitica il primo luglio, al nono e ultimo giorno di camminata ha dormito al Rifugio Pramperet e da l\u00ec si \u00e8 allontanato il 2 mattina alle 7 diretto a Belluno, dove aveva prenotato una camera per la sera in un albergo, ma non si \u00e8 mai presentato. L&#8217;allarme \u00e8 scattato oggi, lanciato dal fratello quando non si \u00e8 presentato al lavoro.<\/div>\n<div dir=\"auto\">Al momento lo stanno cercando una ventina di soccorritori di Belluno, Agordo e Longarone lungo le diverse vie di uscita dall&#8217;Alta via: Valclusa, Moschesin, Forcella La Varetta, Costa dei Nas, Forcella Pongol, Creste Scalabras.<\/div>\n<div dir=\"auto\">Javier \u00e8 alto 1 metro e 85, indossa una giacca nera, porta una bandana e ha lo zaino. Chiunque lo avesse incrociato \u00e8 pregato di chiamare i Carabinieri.<\/div>\n<div dir=\"auto\"><img decoding=\"async\" src=\"https:\/\/www.radiopiu.net\/wordpress\/wp-content\/uploads\/2022\/07\/IMG-20220704-WA0030.jpg\" \/><\/div>\n<div dir=\"auto\">__<\/div>\n","protected":false},"excerpt":{"rendered":"<p>LA VALLE AGORDINA \u00c8 stato purtroppo ritrovato senza vita l&#8217;escursionista spagnolo, le cui ricerche erano state avviate ieri su richiesta del fratello, poich\u00e9 non si era presentato a lavoro a Londra dove risiede. Javier G.H., 30 anni, era al termine della traversata dell&#8217;Alta via numero 1, che stava percorrendo in solitaria e, dopo 8 giorni&hellip;<\/p>\n","protected":false},"author":4,"featured_media":285387,"comment_status":"closed","ping_status":"closed","sticky":false,"template":"","format":"standard","meta":{"_monsterinsights_skip_tracking":false,"_monsterinsights_sitenote_active":false,"_monsterinsights_sitenote_note":"","_monsterinsights_sitenote_category":0,"footnotes":""},"categories":[51,49],"tags":[],"class_list":["post-285386","post","type-post","status-publish","format-standard","has-post-thumbnail","hentry","category-evidenza-top","category-news-18","category-51","category-49","description-off"],"img_url":"https:\/\/www.radiopiu.net\/wordpress\/wp-content\/uploads\/2022\/07\/IMG-20220704-WA0030.jpg","_links":{"self":[{"href":"https:\/\/www.radiopiu.net\/wordpress\/wp-json\/wp\/v2\/posts\/285386","targetHints":{"allow":["GET"]}}],"collection":[{"href":"https:\/\/www.radiopiu.net\/wordpress\/wp-json\/wp\/v2\/posts"}],"about":[{"href":"https:\/\/www.radiopiu.net\/wordpress\/wp-json\/wp\/v2\/types\/post"}],"author":[{"embeddable":true,"href":"https:\/\/www.radiopiu.net\/wordpress\/wp-json\/wp\/v2\/users\/4"}],"replies":[{"embeddable":true,"href":"https:\/\/www.radiopiu.net\/wordpress\/wp-json\/wp\/v2\/comments?post=285386"}],"version-history":[{"count":0,"href":"https:\/\/www.radiopiu.net\/wordpress\/wp-json\/wp\/v2\/posts\/285386\/revisions"}],"wp:featuredmedia":[{"embeddable":true,"href":"https:\/\/www.radiopiu.net\/wordpress\/wp-json\/wp\/v2\/media\/285387"}],"wp:attachment":[{"href":"https:\/\/www.radiopiu.net\/wordpress\/wp-json\/wp\/v2\/media?parent=285386"}],"wp:term":[{"taxonomy":"category","embeddable":true,"href":"https:\/\/www.radiopiu.net\/wordpress\/wp-json\/wp\/v2\/categories?post=285386"},{"taxonomy":"post_tag","embeddable":true,"href":"https:\/\/www.radiopiu.net\/wordpress\/wp-json\/wp\/v2\/tags?post=285386"}],"curies":[{"name":"wp","href":"https:\/\/api.w.org\/{rel}","templated":true}]}}