{"id":285459,"date":"2022-07-05T06:44:49","date_gmt":"2022-07-05T04:44:49","guid":{"rendered":"https:\/\/www.radiopiu.net\/wordpress\/?p=285459"},"modified":"2022-07-05T06:52:01","modified_gmt":"2022-07-05T04:52:01","slug":"dillo-a-radiopiu-le-promesse-mancate-di-poste-italiane","status":"publish","type":"post","link":"https:\/\/www.radiopiu.net\/wordpress\/dillo-a-radiopiu-le-promesse-mancate-di-poste-italiane\/","title":{"rendered":"DILLO A RADIOPIU&#8217;, le promesse mancate di Poste Italiane"},"content":{"rendered":"<p><strong>REDAZIONE <\/strong>da Simone Ongaro di Canale d&#8217;Agordo riceviamo e volentieri pubblichiamo.<\/p>\n<p>&nbsp;<\/p>\n<blockquote>\n<h3><em>Chiss\u00e0 se mai &#8220;riceveremo&#8221; una risposta in tempi &#8220;celeri&#8221; o biblici.<\/em><\/h3>\n<\/blockquote>\n<p><img loading=\"lazy\" decoding=\"async\" class=\"alignleft\" src=\"https:\/\/www.radiopiu.net\/wordpress\/wp-content\/uploads\/2021\/11\/20211125_111618-1-scaled.jpg\" width=\"223\" height=\"106\" \/>Prima del lockdown anche l&#8217;ufficio postale di Canale d&#8217;Agordo era aperto tutti i giorni. Dopo invece a giorni alterni. Successivamente Poste Italiane aveva promesso che nei comuni di fascia turistica almeno durante il periodo di maggior afflusso come l&#8217;estate si sarebbe tornati alle aperture giornaliere. Invece c&#8217;\u00e8 stato un\u00a0 <em>dietro-front<\/em> totale. A Falcade e Cencenighe \u00e8 aperto tutti i giorni, perch\u00e9 li si e altrove no? Canale d&#8217;Agordo mi risulta essere pi\u00f9 turistico di Cencenighe (non me ne vogliano gli abitanti di Cencenighe) Purtroppo con il servizio dei giorni alterni ti ritrovi con file anche di 15 persone fuori dall&#8217;ufficio, poi la gente si stufa e se ne va ad altri uffici o rinuncia e il servizio viene meno. Perch\u00e9 non riaprirlo anche durante l&#8217;estate e poi successivamente riprovare? Non serve di certo avere il WI-FI Gratuito per chi \u00e8 li in attesa , piuttosto venga riaperto giornalmente. Poi gi\u00e0 da alcuni anni la posta viene consegnata a giorni alterni. Sempre pi\u00f9 disservizi ma le tasse vengono pagate ugualmente che uno stia in citt\u00e0 o che uno sia in montagna. Inoltre si potrebbe fare anche un&#8217;apertura pomeridiana per ciascun ufficio postale della valle del Biois e da estendere altrove:<\/p>\n<p>Pomeriggi: Lunedi a Falcade,\u00a0 Marted\u00ec a Caviola,\u00a0 Mercoled\u00ec a Canale d&#8217;Agordo,\u00a0 Gioved\u00ec a Vallada,\u00a0 Venerd\u00ec a San Tomaso Sabato a Cencenighe<\/p>\n<p>&nbsp;<\/p>\n<p>&nbsp;<\/p>\n<p>___<\/p>\n","protected":false},"excerpt":{"rendered":"<p>REDAZIONE da Simone Ongaro di Canale d&#8217;Agordo riceviamo e volentieri pubblichiamo. &nbsp; Chiss\u00e0 se mai &#8220;riceveremo&#8221; una risposta in tempi &#8220;celeri&#8221; o biblici. Prima del lockdown anche l&#8217;ufficio postale di Canale d&#8217;Agordo era aperto tutti i giorni. Dopo invece a giorni alterni. Successivamente Poste Italiane aveva promesso che nei comuni di fascia turistica almeno durante&hellip;<\/p>\n","protected":false},"author":4,"featured_media":245022,"comment_status":"closed","ping_status":"closed","sticky":false,"template":"","format":"standard","meta":{"_monsterinsights_skip_tracking":false,"_monsterinsights_sitenote_active":false,"_monsterinsights_sitenote_note":"","_monsterinsights_sitenote_category":0,"footnotes":""},"categories":[104,49],"tags":[],"class_list":["post-285459","post","type-post","status-publish","format-standard","has-post-thumbnail","hentry","category-evidenza_3","category-news-18","category-104","category-49","description-off"],"img_url":"https:\/\/www.radiopiu.net\/wordpress\/wp-content\/uploads\/2021\/11\/20211125_111618-1-scaled.jpg","_links":{"self":[{"href":"https:\/\/www.radiopiu.net\/wordpress\/wp-json\/wp\/v2\/posts\/285459","targetHints":{"allow":["GET"]}}],"collection":[{"href":"https:\/\/www.radiopiu.net\/wordpress\/wp-json\/wp\/v2\/posts"}],"about":[{"href":"https:\/\/www.radiopiu.net\/wordpress\/wp-json\/wp\/v2\/types\/post"}],"author":[{"embeddable":true,"href":"https:\/\/www.radiopiu.net\/wordpress\/wp-json\/wp\/v2\/users\/4"}],"replies":[{"embeddable":true,"href":"https:\/\/www.radiopiu.net\/wordpress\/wp-json\/wp\/v2\/comments?post=285459"}],"version-history":[{"count":0,"href":"https:\/\/www.radiopiu.net\/wordpress\/wp-json\/wp\/v2\/posts\/285459\/revisions"}],"wp:featuredmedia":[{"embeddable":true,"href":"https:\/\/www.radiopiu.net\/wordpress\/wp-json\/wp\/v2\/media\/245022"}],"wp:attachment":[{"href":"https:\/\/www.radiopiu.net\/wordpress\/wp-json\/wp\/v2\/media?parent=285459"}],"wp:term":[{"taxonomy":"category","embeddable":true,"href":"https:\/\/www.radiopiu.net\/wordpress\/wp-json\/wp\/v2\/categories?post=285459"},{"taxonomy":"post_tag","embeddable":true,"href":"https:\/\/www.radiopiu.net\/wordpress\/wp-json\/wp\/v2\/tags?post=285459"}],"curies":[{"name":"wp","href":"https:\/\/api.w.org\/{rel}","templated":true}]}}