{"id":285464,"date":"2022-07-05T07:29:47","date_gmt":"2022-07-05T05:29:47","guid":{"rendered":"https:\/\/www.radiopiu.net\/wordpress\/?p=285464"},"modified":"2022-07-05T07:29:47","modified_gmt":"2022-07-05T05:29:47","slug":"marmolada-uncem-pensiero-ai-morti-ma-ora-riflessione-sulla-montagna","status":"publish","type":"post","link":"https:\/\/www.radiopiu.net\/wordpress\/marmolada-uncem-pensiero-ai-morti-ma-ora-riflessione-sulla-montagna\/","title":{"rendered":"MARMOLADA, UNCEM: PENSIERO AI MORTI. MA ORA RIFLESSIONE SULLA MONTAGNA"},"content":{"rendered":"<blockquote>\n<h3><img loading=\"lazy\" decoding=\"async\" class=\"alignleft\" src=\"https:\/\/www.radiopiu.net\/wordpress\/wp-content\/uploads\/2020\/11\/logoUNCEM_no_scritta-wdtr-300x300.jpg\" width=\"135\" height=\"135\" \/>LIMITI PER ACCESSO E FRUIZIONE<\/h3>\n<\/blockquote>\n<p>di\u00a0 Marco Bussone Presidente Nazionale Uncem<\/p>\n<p>&#8220;La tragedia della Marmolada impone di ricordare i morti e unirci tutte alle famiglie di chi non c&#8217;\u00e8 pi\u00f9. Le montagne sono fragili e vi \u00e8 bisogno di una attenta riflessione sull&#8217;accesso e sulla fruizione al tempo del cambiamentoi climatico.\u00a0Con il permafrost che si scioglie e i distacchi di roccia che sono sempre pi\u00f9 frequenti, non basta raccomandare prudenza quando si fanno escursioni sotto i saracchi. Occorre ragionare sulle regole. Se le regole che ci sono, siano o meno adeguate. &#8216;Come si \u00e8 sempre fatto&#8217;, come si \u00e8 sempre andato in montagna, non funziona pi\u00f9. Vanno messi precisi limiti e anche restrizioni alla fruizione. In certe aree complesse, in certi periodi dell&#8217;anno, non si va. E non si pu\u00f2 andare. Se la montagna non \u00e8 un parco giochi, e Uncem da sempre crede non lo sia, mettiamo delle regole. E limiti chiari&#8221;.<\/p>\n<p>&nbsp;<\/p>\n<p>&nbsp;<\/p>\n<p>___<\/p>\n","protected":false},"excerpt":{"rendered":"<p>LIMITI PER ACCESSO E FRUIZIONE di\u00a0 Marco Bussone Presidente Nazionale Uncem &#8220;La tragedia della Marmolada impone di ricordare i morti e unirci tutte alle famiglie di chi non c&#8217;\u00e8 pi\u00f9. Le montagne sono fragili e vi \u00e8 bisogno di una attenta riflessione sull&#8217;accesso e sulla fruizione al tempo del cambiamentoi climatico.\u00a0Con il permafrost che si&hellip;<\/p>\n","protected":false},"author":4,"featured_media":170846,"comment_status":"closed","ping_status":"closed","sticky":false,"template":"","format":"standard","meta":{"_monsterinsights_skip_tracking":false,"_monsterinsights_sitenote_active":false,"_monsterinsights_sitenote_note":"","_monsterinsights_sitenote_category":0,"footnotes":""},"categories":[49],"tags":[],"class_list":["post-285464","post","type-post","status-publish","format-standard","has-post-thumbnail","hentry","category-news-18","category-49","description-off"],"img_url":"https:\/\/www.radiopiu.net\/wordpress\/wp-content\/uploads\/2020\/11\/logoUNCEM_no_scritta-wdtr.jpg","_links":{"self":[{"href":"https:\/\/www.radiopiu.net\/wordpress\/wp-json\/wp\/v2\/posts\/285464","targetHints":{"allow":["GET"]}}],"collection":[{"href":"https:\/\/www.radiopiu.net\/wordpress\/wp-json\/wp\/v2\/posts"}],"about":[{"href":"https:\/\/www.radiopiu.net\/wordpress\/wp-json\/wp\/v2\/types\/post"}],"author":[{"embeddable":true,"href":"https:\/\/www.radiopiu.net\/wordpress\/wp-json\/wp\/v2\/users\/4"}],"replies":[{"embeddable":true,"href":"https:\/\/www.radiopiu.net\/wordpress\/wp-json\/wp\/v2\/comments?post=285464"}],"version-history":[{"count":0,"href":"https:\/\/www.radiopiu.net\/wordpress\/wp-json\/wp\/v2\/posts\/285464\/revisions"}],"wp:featuredmedia":[{"embeddable":true,"href":"https:\/\/www.radiopiu.net\/wordpress\/wp-json\/wp\/v2\/media\/170846"}],"wp:attachment":[{"href":"https:\/\/www.radiopiu.net\/wordpress\/wp-json\/wp\/v2\/media?parent=285464"}],"wp:term":[{"taxonomy":"category","embeddable":true,"href":"https:\/\/www.radiopiu.net\/wordpress\/wp-json\/wp\/v2\/categories?post=285464"},{"taxonomy":"post_tag","embeddable":true,"href":"https:\/\/www.radiopiu.net\/wordpress\/wp-json\/wp\/v2\/tags?post=285464"}],"curies":[{"name":"wp","href":"https:\/\/api.w.org\/{rel}","templated":true}]}}