{"id":285492,"date":"2022-07-19T05:39:32","date_gmt":"2022-07-19T03:39:32","guid":{"rendered":"https:\/\/www.radiopiu.net\/wordpress\/?p=285492"},"modified":"2022-07-19T05:40:26","modified_gmt":"2022-07-19T03:40:26","slug":"ritorna-ad-agordo-artisti-in-vetrina","status":"publish","type":"post","link":"https:\/\/www.radiopiu.net\/wordpress\/ritorna-ad-agordo-artisti-in-vetrina\/","title":{"rendered":"RITORNA AD AGORDO &#8220;ARTISTI IN VETRINA&#8221;"},"content":{"rendered":"<p><strong>AGORDO <\/strong>Ritorna ad Agordo \u201cArtisti in vetrina\u201d, iniziativa promossa dal Comune di Agordo per abbellire e vivacizzare il cuore del paese, trasformandolo in una galleria d&#8217;arte visitabile tutto l&#8217;anno. La mostra infatti \u00e8 allestita nelle vetrine dei negozi sfitti del centro storico, l\u2019antica \u201cContrada dei Signori\u201d che rappresentava la zona vitale della citt\u00e0 con i suoi numerosi esercizi pubblici e luogo adibito ad incontri. Ora queste vie non sono pi\u00f9 ferventi come un tempo ma, oltre a mantenere un fascino autentico, accolgono ancora interessanti attivit\u00e0 commerciali ed artigianali che si possono scoprire passeggiando in questa caratteristica contada a due passi dalla piazza principale. Le opere esposte quest\u2019estate sono realizzate dal Laboratorio artistico &#8220;Frescanti Agordini&#8221; della docente Laura Ballis e sar\u00e0 possibile ammirarle liberamente fino a settembre. Ad Agosto, sempre con l\u2019intenzione di animare questo angolo suggestivo di Agordo, nelle serate di marted\u00ec 9, gioved\u00ec 11 e sabato 13\u00a0 sono state programmate tre serate di cinema all\u2019aperto che verranno presentate in piazzetta Vecchia. Si ringraziano tutti gli artisti che hanno messo a disposizione le loro opere e i proprietari delle vetrine per la concessione degli spazi.<\/p>\n<p><strong>CHIARA FONTANIVE, ASSESSORE DEL COMUNE DI AGORDO<\/strong><\/p>\n<audio class=\"wp-audio-shortcode\" id=\"audio-285492-1\" preload=\"none\" style=\"width: 100%;\" controls=\"controls\"><source type=\"audio\/mpeg\" src=\"https:\/\/www.radiopiu.net\/wordpress\/wp-content\/uploads\/2022\/07\/CHIARA-FONTA.mp3?_=1\" \/><a href=\"https:\/\/www.radiopiu.net\/wordpress\/wp-content\/uploads\/2022\/07\/CHIARA-FONTA.mp3\">https:\/\/www.radiopiu.net\/wordpress\/wp-content\/uploads\/2022\/07\/CHIARA-FONTA.mp3<\/a><\/audio>\n<p>&nbsp;<\/p>\n\n\t\t\t<style type='text\/css'>\n\t\t\t\t#gallery-1 {\n\t\t\t\t\tmargin: auto;\n\t\t\t\t}\n\t\t\t\t#gallery-1 .gallery-item {\n\t\t\t\t\tfloat: left;\n\t\t\t\t\tmargin-top: 10px;\n\t\t\t\t\ttext-align: center;\n\t\t\t\t\twidth: 50%;\n\t\t\t\t}\n\t\t\t\t#gallery-1 img {\n\t\t\t\t\tborder: 2px solid #cfcfcf;\n\t\t\t\t}\n\t\t\t\t#gallery-1 .gallery-caption {\n\t\t\t\t\tmargin-left: 0;\n\t\t\t\t}\n\t\t\t\t\/* see gallery_shortcode() in wp-includes\/media.php *\/\n\t\t\t<\/style>\n\t\t<div id='gallery-1' class='dt-gallery-container gallery galleryid-285492 gallery-columns-2 gallery-size-thumbnail'><dl class='gallery-item'>\n\t\t\t\t<dt class='gallery-icon landscape'>\n\t\t\t\t\t<a class=\"rollover rollover-zoom dt-pswp-item\" title=\"WhatsApp Image 2022-07-04 at 21.19.57\" data-dt-img-description=\"\" data-large_image_width=\"1600\" data-large_image_height=\"1131\"href='https:\/\/www.radiopiu.net\/wordpress\/wp-content\/uploads\/2022\/07\/WhatsApp-Image-2022-07-04-at-21.19.57.jpeg'><img loading=\"lazy\" decoding=\"async\" width=\"150\" height=\"150\" src=\"https:\/\/www.radiopiu.net\/wordpress\/wp-content\/uploads\/2022\/07\/WhatsApp-Image-2022-07-04-at-21.19.57-150x150.jpeg\" class=\"attachment-thumbnail size-thumbnail\" alt=\"\" \/><\/a>\n\t\t\t\t<\/dt><\/dl><dl class='gallery-item'>\n\t\t\t\t<dt class='gallery-icon landscape'>\n\t\t\t\t\t<a class=\"rollover rollover-zoom dt-pswp-item\" title=\"WhatsApp Image 2022-07-04 at 21.19.56\" data-dt-img-description=\"\" data-large_image_width=\"1600\" data-large_image_height=\"1131\"href='https:\/\/www.radiopiu.net\/wordpress\/wp-content\/uploads\/2022\/07\/WhatsApp-Image-2022-07-04-at-21.19.56.jpeg'><img loading=\"lazy\" decoding=\"async\" width=\"150\" height=\"150\" src=\"https:\/\/www.radiopiu.net\/wordpress\/wp-content\/uploads\/2022\/07\/WhatsApp-Image-2022-07-04-at-21.19.56-150x150.jpeg\" class=\"attachment-thumbnail size-thumbnail\" alt=\"\" \/><\/a>\n\t\t\t\t<\/dt><\/dl><br style=\"clear: both\" \/>\n\t\t\t<\/div>\n\n<p>&nbsp;<\/p>\n<p>&nbsp;<\/p>\n<p>*****<\/p>\n","protected":false},"excerpt":{"rendered":"<p>AGORDO Ritorna ad Agordo \u201cArtisti in vetrina\u201d, iniziativa promossa dal Comune di Agordo per abbellire e vivacizzare il cuore del paese, trasformandolo in una galleria d&#8217;arte visitabile tutto l&#8217;anno. La mostra infatti \u00e8 allestita nelle vetrine dei negozi sfitti del centro storico, l\u2019antica \u201cContrada dei Signori\u201d che rappresentava la zona vitale della citt\u00e0 con i&hellip;<\/p>\n","protected":false},"author":4,"featured_media":285495,"comment_status":"closed","ping_status":"closed","sticky":false,"template":"","format":"standard","meta":{"_monsterinsights_skip_tracking":false,"_monsterinsights_sitenote_active":false,"_monsterinsights_sitenote_note":"","_monsterinsights_sitenote_category":0,"footnotes":""},"categories":[104,49],"tags":[],"class_list":["post-285492","post","type-post","status-publish","format-standard","has-post-thumbnail","hentry","category-evidenza_3","category-news-18","category-104","category-49","description-off"],"img_url":"https:\/\/www.radiopiu.net\/wordpress\/wp-content\/uploads\/2022\/07\/WhatsApp-Image-2022-07-04-at-21.19.57.jpeg","_links":{"self":[{"href":"https:\/\/www.radiopiu.net\/wordpress\/wp-json\/wp\/v2\/posts\/285492","targetHints":{"allow":["GET"]}}],"collection":[{"href":"https:\/\/www.radiopiu.net\/wordpress\/wp-json\/wp\/v2\/posts"}],"about":[{"href":"https:\/\/www.radiopiu.net\/wordpress\/wp-json\/wp\/v2\/types\/post"}],"author":[{"embeddable":true,"href":"https:\/\/www.radiopiu.net\/wordpress\/wp-json\/wp\/v2\/users\/4"}],"replies":[{"embeddable":true,"href":"https:\/\/www.radiopiu.net\/wordpress\/wp-json\/wp\/v2\/comments?post=285492"}],"version-history":[{"count":0,"href":"https:\/\/www.radiopiu.net\/wordpress\/wp-json\/wp\/v2\/posts\/285492\/revisions"}],"wp:featuredmedia":[{"embeddable":true,"href":"https:\/\/www.radiopiu.net\/wordpress\/wp-json\/wp\/v2\/media\/285495"}],"wp:attachment":[{"href":"https:\/\/www.radiopiu.net\/wordpress\/wp-json\/wp\/v2\/media?parent=285492"}],"wp:term":[{"taxonomy":"category","embeddable":true,"href":"https:\/\/www.radiopiu.net\/wordpress\/wp-json\/wp\/v2\/categories?post=285492"},{"taxonomy":"post_tag","embeddable":true,"href":"https:\/\/www.radiopiu.net\/wordpress\/wp-json\/wp\/v2\/tags?post=285492"}],"curies":[{"name":"wp","href":"https:\/\/api.w.org\/{rel}","templated":true}]}}