{"id":285554,"date":"2022-07-06T05:26:06","date_gmt":"2022-07-06T03:26:06","guid":{"rendered":"https:\/\/www.radiopiu.net\/wordpress\/?p=285554"},"modified":"2022-07-06T05:39:07","modified_gmt":"2022-07-06T03:39:07","slug":"marmolada-identificato-il-paziente-ricoverato-a-treviso-i","status":"publish","type":"post","link":"https:\/\/www.radiopiu.net\/wordpress\/marmolada-identificato-il-paziente-ricoverato-a-treviso-i\/","title":{"rendered":"MARMOLADA. IDENTIFICATO IL PAZIENTE RICOVERATO A TREVISO"},"content":{"rendered":"<blockquote><p><strong>IERI I GENITORI DEL TRENTINO HANNO INCONTRATO IL PRESIDENTE ZAIA<\/strong><\/p><\/blockquote>\n<p><strong><img loading=\"lazy\" decoding=\"async\" class=\"alignleft\" src=\"https:\/\/www.radiopiu.net\/wordpress\/wp-content\/uploads\/2022\/07\/th-3.jpg\" width=\"190\" height=\"88\" \/>\u00a0<\/strong><strong>VENEZIA\u00a0<\/strong> \u201cPurtroppo abbiamo ancora parecchi dispersi ma nella tragedia della Marmolada che da domenica non d\u00e0 tregua a familiari e soccorritori c\u2019\u00e8 almeno una buona notizia: il paziente di Treviso non \u00e8 pi\u00f9 sconosciuto e ha ritrovato la mamma e il pap\u00e0\u201d. Cos\u00ec il Presidente della Regione del Veneto, Luca Zaia, annuncia l\u2019identificazione da parte dei familiari del paziente portato all\u2019Ospedale di Treviso, un trentino di Fornace,\u00a0 recuperato dal ghiacciaio della Marmolada, domenica scorsa. <em>\u201cHo deciso di far fare alcune foto al paziente ricoverato a Treviso, dopo aver parlato con due coppie di genitori ieri a Canazei nella sala dell\u2019accoglienza dei famigliari dei dispersi \u2013 spiega il Governatore -. Ho chiesto immagini di particolari anatomici utili a un riconoscimento sulla base di quanto emerso nel dialogo. Il paziente ricoverato a Treviso ora ha un nome e un cognome\u201d. \u201cCome ha informato la Ulss Marca trevigiana il paziente continua ad essere in prognosi riservata \u2013 conclude il Presidente -. Mi auguro per lui una pronta guarigione insieme al tutti gli altri feriti in questa tragedia\u201d.<\/em><\/p>\n<p>&nbsp;<\/p>\n<p>___<\/p>\n","protected":false},"excerpt":{"rendered":"<p>IERI I GENITORI DEL TRENTINO HANNO INCONTRATO IL PRESIDENTE ZAIA \u00a0VENEZIA\u00a0 \u201cPurtroppo abbiamo ancora parecchi dispersi ma nella tragedia della Marmolada che da domenica non d\u00e0 tregua a familiari e soccorritori c\u2019\u00e8 almeno una buona notizia: il paziente di Treviso non \u00e8 pi\u00f9 sconosciuto e ha ritrovato la mamma e il pap\u00e0\u201d. Cos\u00ec il Presidente&hellip;<\/p>\n","protected":false},"author":4,"featured_media":285555,"comment_status":"closed","ping_status":"closed","sticky":false,"template":"","format":"standard","meta":{"_monsterinsights_skip_tracking":false,"_monsterinsights_sitenote_active":false,"_monsterinsights_sitenote_note":"","_monsterinsights_sitenote_category":0,"footnotes":""},"categories":[51,49],"tags":[],"class_list":["post-285554","post","type-post","status-publish","format-standard","has-post-thumbnail","hentry","category-evidenza-top","category-news-18","category-51","category-49","description-off"],"img_url":"https:\/\/www.radiopiu.net\/wordpress\/wp-content\/uploads\/2022\/07\/th-3.jpg","_links":{"self":[{"href":"https:\/\/www.radiopiu.net\/wordpress\/wp-json\/wp\/v2\/posts\/285554","targetHints":{"allow":["GET"]}}],"collection":[{"href":"https:\/\/www.radiopiu.net\/wordpress\/wp-json\/wp\/v2\/posts"}],"about":[{"href":"https:\/\/www.radiopiu.net\/wordpress\/wp-json\/wp\/v2\/types\/post"}],"author":[{"embeddable":true,"href":"https:\/\/www.radiopiu.net\/wordpress\/wp-json\/wp\/v2\/users\/4"}],"replies":[{"embeddable":true,"href":"https:\/\/www.radiopiu.net\/wordpress\/wp-json\/wp\/v2\/comments?post=285554"}],"version-history":[{"count":0,"href":"https:\/\/www.radiopiu.net\/wordpress\/wp-json\/wp\/v2\/posts\/285554\/revisions"}],"wp:featuredmedia":[{"embeddable":true,"href":"https:\/\/www.radiopiu.net\/wordpress\/wp-json\/wp\/v2\/media\/285555"}],"wp:attachment":[{"href":"https:\/\/www.radiopiu.net\/wordpress\/wp-json\/wp\/v2\/media?parent=285554"}],"wp:term":[{"taxonomy":"category","embeddable":true,"href":"https:\/\/www.radiopiu.net\/wordpress\/wp-json\/wp\/v2\/categories?post=285554"},{"taxonomy":"post_tag","embeddable":true,"href":"https:\/\/www.radiopiu.net\/wordpress\/wp-json\/wp\/v2\/tags?post=285554"}],"curies":[{"name":"wp","href":"https:\/\/api.w.org\/{rel}","templated":true}]}}