{"id":285619,"date":"2022-07-07T05:40:03","date_gmt":"2022-07-07T03:40:03","guid":{"rendered":"https:\/\/www.radiopiu.net\/wordpress\/?p=285619"},"modified":"2022-07-07T09:26:58","modified_gmt":"2022-07-07T07:26:58","slug":"giornale-radiopiu-07-luglio-2022-direttore-mirko-mezzacasa","status":"publish","type":"post","link":"https:\/\/www.radiopiu.net\/wordpress\/giornale-radiopiu-07-luglio-2022-direttore-mirko-mezzacasa\/","title":{"rendered":"GIORNALE RADIOPIU 07 LUGLIO 2022 DIRETTORE MIRKO MEZZACASA"},"content":{"rendered":"<h3 class=\"kvgmc6g5 cxmmr5t8 oygrvhab hcukyx3x c1et5uql\"><span style=\"color: #0000ff;\"><strong>RADIO PIU INFORMAZIONE il canale su TELEGRAM informazione di prima\u00a0 <\/strong><\/span><span style=\"color: #0000ff;\"><strong>mano e in tempo reale. iscriviti ed aiutaci a farlo conoscere\u00a0<\/strong><\/span><\/h3>\n<p>&nbsp;<\/p>\n<p>&nbsp;<\/p>\n<p>&nbsp;<\/p>\n<hr \/>\n<p>&nbsp;<\/p>\n<blockquote>\n<h3>IL GHIACCIAIO RESTITUISCE ALTRI\u00a0 CORPI<\/h3>\n<p><em>Le brutali condizioni del ritrovamento hanno impedito per ora ai soccorritori di identificare e dare un nome ai corpi che il ghiacciaio della Marmolada ha restituito<\/em><\/p><\/blockquote>\n<p>I corpi ritrovati individuati dai droni.\u00a0 Oggi, i tecnici soccorritori di Soccorso alpino, Vigili del fuoco permanenti, Guardia di finanza, Arma dei Carabinieri e Polizia di Stato effettueranno le ricerche via terra, con il supporto di cani appositamente addestrati. Le operazioni avverranno garantendo le condizioni di sicurezza degli operatori attraverso speciali tecnologie per il monitoraggio dei movimenti del ghiacciaio.<\/p>\n<p><strong>I cinque dispersi sono tutti veneti: Davide Miotti di Cittadella, Erica Campagnaro di Cittadella, Gianmarco Gallina di Montebelluna, Emanuela Piran di Bassano, Nicol\u00f2 Zavatta di Vicenza<\/strong><\/p>\n<p>&nbsp;<\/p>\n<h3>NOVE VITTIME ACCERTATE, 4 RICONOSCIUTE DAI FAMILIARI, 5 NON IDENTIFICATE LA CONFERENZAZA STAMPA<\/h3>\n<p><img loading=\"lazy\" decoding=\"async\" class=\"alignleft\" src=\"https:\/\/www.radiopiu.net\/wordpress\/wp-content\/uploads\/2022\/07\/SSSSSSSSSSSSSSSSSSSSSSSSS.jpg\" width=\"173\" height=\"151\" \/>IL PRESIDENTE DELLA PROVINCIA DI TRENTO MAURIZIO FUGATTI sette\u00a0 i feriti, 3 in Veneto, 5 le persone reclamate. IL MARESCIALLO MANFREDI DELLA GUARDIA DI FINANZA (foto copertina) sono continuare le operazioni di ricerca con le stesse modalit\u00e0 dei giorni precedenti.\u00a0 MAURIZIO DELL&#8217;ANTONIO l&#8217;attivit\u00e0 per domani,\u00a0 prevista una ricerca a vista con squadre a terra COLONELLO DEI CARABINIERI DEI RIS DI PARMA siamo stati coinvolti perch\u00e9 con le modalit\u00e0 ordinarie il riconoscimento dei corpi non \u00e8 possibile GUARDIA FINANZA TRENTO domani contingente sul terreno comprese le unit\u00e0 cinofile da ricerca per persone disperse<\/p>\n<p><span style=\"color: #ff0000;\"><strong>\u00a0<\/strong><\/span><\/p>\n<p><span style=\"color: #ff0000;\"><strong>AUDIO CONFERENZA STAMPA<\/strong><\/span><\/p>\n<audio class=\"wp-audio-shortcode\" id=\"audio-285619-1\" preload=\"none\" style=\"width: 100%;\" controls=\"controls\"><source type=\"audio\/mpeg\" src=\"https:\/\/www.radiopiu.net\/wordpress\/wp-content\/uploads\/2022\/07\/CONFE-STA-1.mp3?_=1\" \/><a href=\"https:\/\/www.radiopiu.net\/wordpress\/wp-content\/uploads\/2022\/07\/CONFE-STA-1.mp3\">https:\/\/www.radiopiu.net\/wordpress\/wp-content\/uploads\/2022\/07\/CONFE-STA-1.mp3<\/a><\/audio>\n<p>&nbsp;<\/p>\n<p>&nbsp;<\/p>\n<div dir=\"auto\">Presenti il presidente della Provincia autonoma di Trento Maurizio Fugatti, il presidente del Corpo Nazionale Soccorso Alpino e Speleologico Maurizio Dellantonio, il comandante del RIS (Reparto Investigazioni Scientifiche) di Parma Giampietro Lago, il comandante del Gruppo della Guardia di Finanza Trento tenente colonnello Gianfranco Zarro, il comandante della stazione del Soccorso alpino della Guardia di finanza di Passo Rolle Riccardo Manfredi e il sindaco di Canazei Giovanni Bernard. <em>&#8220;L&#8217;attenzione di tutte le istituzioni italiane per cercare di risolvere il pi\u00f9 presto possibile questa gravissima tragedia \u00e8 massima, come testimonia la presenza di tutti i soggetti coinvolti nelle operazioni di ricerca e la sinergia fra i soccorritori &#8211; ha esordito il presidente Fugatti nell&#8217;aprire la breve conferenza stampa &#8211; Oggi le operazioni sono proseguite con l&#8217;utilizzo dei droni che hanno individuato nuove salme. Le vittime accertate sono salite e nove, due in pi\u00f9 rispetto a ieri, di cui quattro riconosciute dai familiari e cinque non ancora identificate. Non lasceremo nulla di intentato &#8211; ha concluso il presidente trentino &#8211; stiamo davvero facendo tutto il possibile per ritrovare i dispersi e per dare un nome alle persone travolte dalla valanga&#8221;.\u00a0 <\/em>Accanto al presidente vi era anche il comandante del Ris di Parma, Lago che ha spiegato come l&#8217;obiettivo sia appunto identificare i soggetti che, con le modalit\u00e0 ordinarie, non possono essere identificati, mentre il comandante della Guardia di Finanza di Passo Rolle Manfredi ha chiarito come oggi i droni abbiamo individuato i ritrovamenti grazie allo &#8220;scioglimento della superficie della frana di diversi centimetri&#8221; e che l&#8217;operazione di recupero \u00e8 stata effettuata da una squadra composta da persone dei diversi enti coinvolti, a dimostrazione della sinergia fra gli uomini e le donne coinvolti nel recupero.<\/div>\n<div dir=\"auto\">Quindi il presidente del Soccorso Alpino e Speleologico Dellantonio ha illustrato come avverr\u00e0 l&#8217;attivit\u00e0 di domani, con squadre di recupero sul terreno, supportate da un elicottero per &#8220;evacuare immediatamente le persone impegnate nella ricerca&#8221; in caso di pericolo o di movimento del ghiacciaio soprastante, che viene costantemente monitorato. Infine il sindaco di Canazei ha ricordato che sabato 9 luglio \u00e8 stata proclamata una giornata di lutto cittadino che coinvolger\u00e0 tutta la valle di Fassa e che vedr\u00e0 alle 18 una celebrazione presieduta dall&#8217;arcivescovo di Trento monsignor Lauro Tisi e dal vescovo di Vicenza monsignor Beniamino Pizziol. Anche il sindaco di Rocca Pietore ha proclamato per sabato il lutto cittadino.<\/div>\n<p>&nbsp;<\/p>\n<p>&nbsp;<\/p>\n<hr \/>\n<blockquote>\n<h2><\/h2>\n<h2><strong>Marmolada: aggiornamento sui feriti in Ulss Dolomiti<\/strong><\/h2>\n<\/blockquote>\n<p><strong>\u00a0BELLUNO <\/strong>Le condizioni dei due pazienti soccorsi il 3 luglio in Marmolada e attualmente ricoverati negli ospedali dell\u2019Ulss Dolomiti sono in miglioramento. L\u2019uomo, un tedesco di 67 anni, nel pomeriggio \u00e8 stato trasferito nell\u2019area di degenza di Ortopedia dove continua il monitoraggio post operatorio, non avendo pi\u00f9 la necessit\u00e0 di monitoraggio intensivo. La donna, una tedesca di 58 anni, continua gli accertamenti nell\u2019area di degenza di Neurologia, ma sono state superate in modo positivo le principali criticit\u00e0 legate ai traumi. E\u2019 stato attivato il supporto psicologico. Entrambi sono in contatto con i familiari.<\/p>\n<p>&nbsp;<\/p>\n<p>&nbsp;<\/p>\n<hr \/>\n<p>&nbsp;<\/p>\n<p align=\"JUSTIFY\"><span style=\"font-size: medium;\"><b>PRESIDENTE ZAIA \u201cTRISTE BILANCIO MA LE RICERCHE CONTINUANO\u201d<\/b><\/span><\/p>\n<p align=\"JUSTIFY\"><em>\u201c<span style=\"font-size: medium;\">Ora dopo ora si va consolidando un triste bilancio. In questi giorni avevo sempre cullato la speranza che qualcuno dei dispersi dopo la tragedia della Marmolada potesse essere ritrovato e curato. Non ci sono parole, se non lacrime. Tutto il Veneto piange. Siamo vicini ai famigliari delle vittime di una delle pi\u00f9 brutte pagine di storia delle nostre montagne\u201d. <\/span><\/em><span style=\"font-size: medium;\">Queste le parole del Presidente della Regione Luca Zaia relativamente alla notizia del ritrovamento dei resti di altri escursionisti coinvolti nel cedimento di un seracco della Marmolada domenica scorsa. Al momento risultano ancora persone disperse.<\/span><em>\u201c<\/em><span style=\"font-size: medium;\"><em>La macchina della Regione era intervenuta fin da subito con tutti i mezzi, gli operatori e i volontari per salvare pi\u00f9 vite possibili, dopo questo incidente che si fa fatica ad accettare e a comprendere. Le ricerche comunque continuano per dare una degna sepoltura a tutti\u201d<\/em>, conclude il Presidente Zaia.<\/span><\/p>\n<p>&nbsp;<\/p>\n<hr \/>\n<p>&nbsp;<\/p>\n<blockquote>\n<h3>MARMOLADA, CHI NON RISPETTA I DIVIETI SARA&#8217; DENUNCIATO<\/h3>\n<\/blockquote>\n<div dir=\"auto\"><strong><a class=\"dt-pswp-item\" href=\"https:\/\/www.radiopiu.net\/wordpress\/wp-content\/uploads\/2022\/07\/th-4.jpg\" data-dt-img-description=\"\" data-large_image_width=\"245\" data-large_image_height=\"183\"><img loading=\"lazy\" decoding=\"async\" class=\"size-thumbnail wp-image-285739 alignleft\" src=\"https:\/\/www.radiopiu.net\/wordpress\/wp-content\/uploads\/2022\/07\/th-4-150x150.jpg\" alt=\"\" width=\"150\" height=\"150\" \/><\/a>CANAZEI\u00a0<\/strong> Il sindaco di Canazei, Giovanni Bernard, ha firmato una nuova ordinanza attraverso la quale viene circoscritta l\u2019area di chiusura del massiccio della Marmolada. Il divieto di accesso \u00e8 limitato al versante nord con la forcella Marmolada (da Villetta Maria sentiero E618-E619, prossimit\u00e0 Rifugio Dolomia sentiero E618-Altavia n. 2-E606, piazzale Cima Undici sentiero E618-Altavia n. 2-E606, val Contrin 602-602A). Il divieto interessa anche gli alpinisti che risalgono la parete sud-ovest della Marmolada. I trasgressori saranno denunciati. La zona \u00e8 controllata dal personale di Corpo forestale del Trentino e Polizia locale della Val di Fassa.<\/div>\n<blockquote>\n<div dir=\"auto\"><\/div>\n<\/blockquote>\n<p>&nbsp;<\/p>\n<hr \/>\n<p>&nbsp;<\/p>\n<blockquote>\n<h3>UNA TRAGEDIA IMMANE, DE BERNARDIN &#8220;STA PERO&#8217; PASSANDO IL MESSAGGIO INQUIETANTE, CHE L&#8217;INTERA ZONA SIA CHIUSA&#8221;<\/h3>\n<\/blockquote>\n<p><strong><img loading=\"lazy\" decoding=\"async\" class=\"alignleft\" src=\"https:\/\/www.radiopiu.net\/wordpress\/wp-content\/uploads\/2020\/07\/malga-caleda.jpg\" width=\"121\" height=\"91\" \/>ROCCA PIETORE<\/strong><\/p>\n<p><strong>ANDREA DE BERNARDIN, IL SINDACO_ DAL GIORNALE RADIO PRINCIPALE\u00a0<\/strong><\/p>\n<audio class=\"wp-audio-shortcode\" id=\"audio-285619-2\" preload=\"none\" style=\"width: 100%;\" controls=\"controls\"><source type=\"audio\/mpeg\" src=\"https:\/\/www.radiopiu.net\/wordpress\/wp-content\/uploads\/2022\/07\/ANDREA-1.mp3?_=2\" \/><a href=\"https:\/\/www.radiopiu.net\/wordpress\/wp-content\/uploads\/2022\/07\/ANDREA-1.mp3\">https:\/\/www.radiopiu.net\/wordpress\/wp-content\/uploads\/2022\/07\/ANDREA-1.mp3<\/a><\/audio>\n<p>&nbsp;<\/p>\n<hr \/>\n<p>&nbsp;<\/p>\n<blockquote>\n<h3>CAMBIAMENTO CLIMATICO, DAI GIOVANI L&#8217;ESEMPIO. SABATO LA MANIFESTAZIONE AD ARABBA<\/h3>\n<\/blockquote>\n<p><strong><a class=\"dt-pswp-item\" href=\"https:\/\/www.radiopiu.net\/wordpress\/wp-content\/uploads\/2022\/07\/271170c0-145f-4ed6-aab6-1b43597fec5b-1.jpg\" data-dt-img-description=\"\" data-large_image_width=\"1500\" data-large_image_height=\"2000\"><img loading=\"lazy\" decoding=\"async\" class=\" wp-image-285763 alignleft\" src=\"https:\/\/www.radiopiu.net\/wordpress\/wp-content\/uploads\/2022\/07\/271170c0-145f-4ed6-aab6-1b43597fec5b-1-150x150.jpg\" alt=\"\" width=\"128\" height=\"128\" \/><\/a>LIVINALLONGO<\/strong> Gabriele Del Monego, poco pi\u00f9 che ventenne di Arabba ha le idee chiare <em>&#8220;Questo modo di vivere la montagna va cambiato&#8221;<\/em> La recente tragica vicenda della Marmolada \u00e8 un monito e dalle nuove generazioni l&#8217;idea di sensibilizzare la popolazione ad iniziare da una manifestazione prevista per sabato mattina ad Arabba. Inizialmente era prevista la &#8220;passeggiata&#8221; Arabba-Passo Pordoi, ma per ora \u00e8 stata posticipata coma racconta Gabriele ai microfoni di RADIO PIU<\/p>\n<p><strong>AUDIO<\/strong><\/p>\n<audio class=\"wp-audio-shortcode\" id=\"audio-285619-3\" preload=\"none\" style=\"width: 100%;\" controls=\"controls\"><source type=\"audio\/mpeg\" src=\"https:\/\/www.radiopiu.net\/wordpress\/wp-content\/uploads\/2022\/07\/GABRIELE-DEL-MONEGO.mp3?_=3\" \/><a href=\"https:\/\/www.radiopiu.net\/wordpress\/wp-content\/uploads\/2022\/07\/GABRIELE-DEL-MONEGO.mp3\">https:\/\/www.radiopiu.net\/wordpress\/wp-content\/uploads\/2022\/07\/GABRIELE-DEL-MONEGO.mp3<\/a><\/audio>\n<p>&nbsp;<\/p>\n<p><strong>IL VIDEO DELL&#8217;EVENTO<\/strong><\/p>\n<div style=\"width: 848px;\" class=\"wp-video\"><video class=\"wp-video-shortcode\" id=\"video-285619-1\" width=\"848\" height=\"480\" preload=\"metadata\" controls=\"controls\"><source type=\"video\/mp4\" src=\"https:\/\/www.radiopiu.net\/wordpress\/wp-content\/uploads\/2022\/07\/WhatsApp-Video-2022-07-06-at-15.40.30.mp4?_=1\" \/><a href=\"https:\/\/www.radiopiu.net\/wordpress\/wp-content\/uploads\/2022\/07\/WhatsApp-Video-2022-07-06-at-15.40.30.mp4\">https:\/\/www.radiopiu.net\/wordpress\/wp-content\/uploads\/2022\/07\/WhatsApp-Video-2022-07-06-at-15.40.30.mp4<\/a><\/video><\/div>\n<p>&nbsp;<\/p>\n<hr \/>\n<p>&nbsp;<\/p>\n<blockquote>\n<h3>I SAGGI DA TASTIERA NON SI FERMANO NEMMENO DAVANTI AL DOLORE DEGLI ALTRI<\/h3>\n<\/blockquote>\n<div class=\"kvgmc6g5 cxmmr5t8 oygrvhab hcukyx3x c1et5uql ii04i59q\">\n<div dir=\"auto\">\n<p><strong><img loading=\"lazy\" decoding=\"async\" class=\"alignleft\" src=\"https:\/\/www.radiopiu.net\/wordpress\/wp-content\/uploads\/2022\/07\/292380072_1894847557377502_4392125747914388651_n.jpg\" width=\"195\" height=\"146\" \/><\/strong><\/p>\n<div dir=\"auto\"><strong>REDAZIONE<\/strong> C&#8217;\u00e8 anche chi purtroppo il dolore non lo sente, spesso arriva a mancare di rispetto a chi ha perso un figlio, un fratello, un padre, un amico. I &#8220;saggi&#8221; da tastiera, gi\u00e0 noti come leoni e leonesse davanti al computer, non mancano di mettere in evidenza la loro insensibilit\u00e0 e spesso\u00a0 ignoranza da tuttologhi. Succede per una banale vicenda quotidiana, ma anche per le grandi tragedie come quella della Marmolada. Gli esperti dei ghiacciai dell&#8217;ultim&#8217;ora sono stati invitati dal Soccorso Alpino Nazionale ad avere RISPETTO<\/div>\n<div dir=\"auto\"><\/div>\n<\/div>\n<div dir=\"auto\"><\/div>\n<div dir=\"auto\"><strong>LA NOTA DEL CNSAS<\/strong><\/div>\n<\/div>\n<div class=\"cxmmr5t8 oygrvhab hcukyx3x c1et5uql o9v6fnle ii04i59q\">\n<blockquote>\n<div dir=\"auto\"><em>Ci sono feriti, vittime, dispersi. Soprattutto ci sono figli, genitori, parenti, amici. Le sentenze sui social, le sparate dei saggi di turno, i giudizi da tastiera, le critiche gratuite, la vita sbandierata, i dettagli macabri, a loro fanno male, senza motivo e senza alcuna utilit\u00e0. <\/em><em>Cerchiamo invece tutti di imparare da questo grande dolore e dalla sofferenza della montagna. In silenzio.<\/em><\/div>\n<\/blockquote>\n<\/div>\n<p>&nbsp;<\/p>\n<p>&nbsp;<\/p>\n<hr \/>\n<p>&nbsp;<\/p>\n<blockquote>\n<h3>METEO. TEMPO INSTABILE DA DOMANI A PARTIRE DALLE ZONE MONTANE<\/h3>\n<\/blockquote>\n<p><strong><img loading=\"lazy\" decoding=\"async\" class=\"alignleft\" src=\"https:\/\/www.radiopiu.net\/wordpress\/wp-content\/uploads\/2018\/08\/instabilita.jpg\" width=\"206\" height=\"124\" \/>VENEZIA <\/strong>Il Centro Funzionale Decentrato della Protezione Civile della Regione del Veneto ha emesso oggi un avviso in cui si prevede per oggi, una saccatura con aria fredda in quota, presente a nordest dell&#8217;Italia settentrionale, che interesser\u00e0 anche il Veneto determinando una fase di instabilit\u00e0 a partire dalle ore centrali. Sono previsti dei rovesci e temporali a partire dalle zone montane, in successiva estensione anche alla pianura pi\u00f9 probabilmente verso il tardo pomeriggio\/sera. Non si escludono fenomeni localmente intensi (forti rovesci, grandinate, forti raffiche di vento). Si prevede criticit\u00e0 idrogeologica, con particolare riferimento alla rete idraulica secondaria, stabilendo dalle 12 alla mezzanotte, lo stato di Attenzione (allerta gialla)<\/p>\n<blockquote><p><em>Il possibile verificarsi di rovesci o temporali localmente anche intensi, potrebbe creare disagi al sistema fognario e di drenaggio urbano e lungo la rete idrografica minore. Si segnala la possibilit\u00e0 d&#8217;innesco di fenomeni franosi superficiali sui versanti e la possibilit\u00e0 di innesco di colate rapide specie nelle zone di allertamento\u00a0<\/em><\/p><\/blockquote>\n<p>&nbsp;<\/p>\n<p>&nbsp;<\/p>\n<hr \/>\n<p>&nbsp;<\/p>\n<blockquote>\n<h3>FIENILE IN PEZZI PER L&#8217;URTO CON L&#8217;AUTOMEZZO<\/h3>\n<\/blockquote>\n<p><em>Nel sinistro nessuna persona \u00e8 rimasta ferita<\/em><\/p>\n<p><strong>FALCADE<\/strong>\u00a0 L&#8217;autista dell&#8217;autocarro ieri alle 14.38 tradito dal sole o dalle misure ha centrato una parte del fienile. I vigili del fuoco di Agordo sono intervenuti per rimuovere le parti pericolanti e mettere in sicurezza l&#8217;edificio. Sul posto anche i Carabinieri di Cencenighe.<\/p>\n<p>&nbsp;<\/p>\n<p>&nbsp;<\/p>\n<hr \/>\n<p>&nbsp;<\/p>\n<blockquote>\n<h3>CON LE RUOTE FUORI DALLA SEDE STRADALE, IN BILICO SULLA 48<\/h3>\n<\/blockquote>\n<p><strong>AURONZO <\/strong>I vigili del fuoco sono intervenuti lungo la SR 48 delle Dolomiti in Via Ansiei ad Auronzo di Cadore per recuperare un autoarticolato carico di asfalto, uscito con le ruote gemelle posteriore destre fuori dalla sede stradale: nessuna persona \u00e8 rimasta ferita. I pompieri accorsi da Santo Stefano di Cadore, Belluno e con i volontari di Pieve, hanno fatto scaricare il carico del mezzo su un altro camion per poi iniziare le manovre di recupero con due autogr\u00f9. Durante le operazioni di recupero del carico e del mezzo la strada \u00e8 rimasta chiusa alla circolazione per circa 4 ore. Presenti sul posto i carabinieri e personale di Veneto strade. Le operazioni dei vigili del fuoco sono terminate alle 18:00.<\/p>\n\n\t\t\t<style type='text\/css'>\n\t\t\t\t#gallery-1 {\n\t\t\t\t\tmargin: auto;\n\t\t\t\t}\n\t\t\t\t#gallery-1 .gallery-item {\n\t\t\t\t\tfloat: left;\n\t\t\t\t\tmargin-top: 10px;\n\t\t\t\t\ttext-align: center;\n\t\t\t\t\twidth: 33%;\n\t\t\t\t}\n\t\t\t\t#gallery-1 img {\n\t\t\t\t\tborder: 2px solid #cfcfcf;\n\t\t\t\t}\n\t\t\t\t#gallery-1 .gallery-caption {\n\t\t\t\t\tmargin-left: 0;\n\t\t\t\t}\n\t\t\t\t\/* see gallery_shortcode() in wp-includes\/media.php *\/\n\t\t\t<\/style>\n\t\t<div id='gallery-1' class='dt-gallery-container gallery galleryid-285619 gallery-columns-3 gallery-size-thumbnail'><dl class='gallery-item'>\n\t\t\t\t<dt class='gallery-icon portrait'>\n\t\t\t\t\t<a class=\"rollover rollover-zoom dt-pswp-item\" title=\"2af23b16-43a1-4bee-b452-49767c3fcab4\" data-dt-img-description=\"\" data-large_image_width=\"960\" data-large_image_height=\"1280\"href='https:\/\/www.radiopiu.net\/wordpress\/wp-content\/uploads\/2022\/07\/2af23b16-43a1-4bee-b452-49767c3fcab4.jpg'><img loading=\"lazy\" decoding=\"async\" width=\"150\" height=\"150\" src=\"https:\/\/www.radiopiu.net\/wordpress\/wp-content\/uploads\/2022\/07\/2af23b16-43a1-4bee-b452-49767c3fcab4-150x150.jpg\" class=\"attachment-thumbnail size-thumbnail\" alt=\"\" \/><\/a>\n\t\t\t\t<\/dt><\/dl><dl class='gallery-item'>\n\t\t\t\t<dt class='gallery-icon landscape'>\n\t\t\t\t\t<a class=\"rollover rollover-zoom dt-pswp-item\" title=\"3f9db964-3ee5-419f-a618-feaee6f9110b\" data-dt-img-description=\"\" data-large_image_width=\"1280\" data-large_image_height=\"960\"href='https:\/\/www.radiopiu.net\/wordpress\/wp-content\/uploads\/2022\/07\/3f9db964-3ee5-419f-a618-feaee6f9110b.jpg'><img loading=\"lazy\" decoding=\"async\" width=\"150\" height=\"150\" src=\"https:\/\/www.radiopiu.net\/wordpress\/wp-content\/uploads\/2022\/07\/3f9db964-3ee5-419f-a618-feaee6f9110b-150x150.jpg\" class=\"attachment-thumbnail size-thumbnail\" alt=\"\" \/><\/a>\n\t\t\t\t<\/dt><\/dl><dl class='gallery-item'>\n\t\t\t\t<dt class='gallery-icon landscape'>\n\t\t\t\t\t<a class=\"rollover rollover-zoom dt-pswp-item\" title=\"c4a1ba07-8e95-4270-b365-f62cd8be63ad\" data-dt-img-description=\"\" data-large_image_width=\"1280\" data-large_image_height=\"960\"href='https:\/\/www.radiopiu.net\/wordpress\/wp-content\/uploads\/2022\/07\/c4a1ba07-8e95-4270-b365-f62cd8be63ad.jpg'><img loading=\"lazy\" decoding=\"async\" width=\"150\" height=\"150\" src=\"https:\/\/www.radiopiu.net\/wordpress\/wp-content\/uploads\/2022\/07\/c4a1ba07-8e95-4270-b365-f62cd8be63ad-150x150.jpg\" class=\"attachment-thumbnail size-thumbnail\" alt=\"\" \/><\/a>\n\t\t\t\t<\/dt><\/dl><br style=\"clear: both\" \/>\n\t\t\t<\/div>\n\n<p>&nbsp;<\/p>\n<p>&nbsp;<\/p>\n<hr \/>\n<p>&nbsp;<\/p>\n<blockquote>\n<h3>AUTO IN FIAMME LUNGO LA FELTRINA<\/h3>\n<\/blockquote>\n<p><a class=\"dt-pswp-item\" href=\"https:\/\/www.radiopiu.net\/wordpress\/wp-content\/uploads\/2022\/07\/aasd.jpg\" data-dt-img-description=\"\" data-large_image_width=\"502\" data-large_image_height=\"293\"><img loading=\"lazy\" decoding=\"async\" class=\"alignnone wp-image-285844 size-full\" src=\"https:\/\/www.radiopiu.net\/wordpress\/wp-content\/uploads\/2022\/07\/aasd.jpg\" alt=\"\" width=\"502\" height=\"293\" srcset=\"https:\/\/www.radiopiu.net\/wordpress\/wp-content\/uploads\/2022\/07\/aasd.jpg 502w, https:\/\/www.radiopiu.net\/wordpress\/wp-content\/uploads\/2022\/07\/aasd-300x175.jpg 300w\" sizes=\"auto, (max-width: 502px) 100vw, 502px\" \/><\/a><\/p>\n<p><strong>FELTRE<\/strong> Soprattutto la paura, per\u00a0 un feltrino che ieri sera\u00a0 ha visto bruciare la sua Peugeot\u00a0 diesel, mentre stata tornando a casa. L&#8217;incendio si \u00e8 sviluppato poco prima del cavalcavia di Anz\u00f9. Auto distrutta.<\/p>\n<p>&nbsp;<\/p>\n<hr \/>\n<blockquote>\n<h3><a class=\"dt-pswp-item\" href=\"https:\/\/www.radiopiu.net\/wordpress\/wp-content\/uploads\/2022\/07\/23e2a746-30c7-4146-a14e-5a2605a6eaf6.jpg\" data-dt-img-description=\"\" data-large_image_width=\"720\" data-large_image_height=\"1280\"><img loading=\"lazy\" decoding=\"async\" class=\" wp-image-285688 alignleft\" src=\"https:\/\/www.radiopiu.net\/wordpress\/wp-content\/uploads\/2022\/07\/23e2a746-30c7-4146-a14e-5a2605a6eaf6-150x150.jpg\" alt=\"\" width=\"96\" height=\"96\" \/><\/a>LIEVE SCOSSA DI TERREMOTO<\/h3>\n<\/blockquote>\n<p><strong>SEDICO\u00a0<\/strong>Erano le 11:14 di ieri quando la terra ha tremato a Sedico. Una lieve scossa di magnitudo 1.6 con una profondit\u00e0 di 10,4 km.<\/p>\n<p>&nbsp;<\/p>\n<p>&nbsp;<\/p>\n<hr \/>\n<p>&nbsp;<\/p>\n<p>&nbsp;<\/p>\n<blockquote>\n<h3>LAVORI SUL PIAZZALE DELL&#8217;OSPEDALE DI AGORDO. STOP ALLA FERMATA DOLOMITIBUS<\/h3>\n<\/blockquote>\n<p><strong><a class=\"dt-pswp-item\" href=\"https:\/\/www.radiopiu.net\/wordpress\/wp-content\/uploads\/2021\/07\/gallery_H05050102.png\" data-dt-img-description=\"\" data-large_image_width=\"600\" data-large_image_height=\"600\"><img loading=\"lazy\" decoding=\"async\" class=\" wp-image-219312 alignleft\" src=\"https:\/\/www.radiopiu.net\/wordpress\/wp-content\/uploads\/2021\/07\/gallery_H05050102-150x150.png\" alt=\"\" width=\"83\" height=\"83\" srcset=\"https:\/\/www.radiopiu.net\/wordpress\/wp-content\/uploads\/2021\/07\/gallery_H05050102-150x150.png 150w, https:\/\/www.radiopiu.net\/wordpress\/wp-content\/uploads\/2021\/07\/gallery_H05050102-300x300.png 300w, https:\/\/www.radiopiu.net\/wordpress\/wp-content\/uploads\/2021\/07\/gallery_H05050102.png 600w\" sizes=\"auto, (max-width: 83px) 100vw, 83px\" \/><\/a> <\/strong><\/p>\n<p><strong>AGORDO<\/strong> Sul piazzale dell\u2019ospedale di Agordo, sono in corso lavori di manutenzione straordinaria. DolomitiBus comunica che l&#8217;autobus della linea extraurbana Villanova &#8211; Agordo Autostazione &#8211; La Valle \u00e8 impossibilitato ad effettuare la fermata all&#8217;Ospedale. Fino al termine dei lavori la fermata non sar\u00e0 effettuata.<\/p>\n<p>&nbsp;<\/p>\n<hr \/>\n<p>&nbsp;<\/p>\n<blockquote>\n<h3>FRANA IL SENTIERO AI PIANI ETERNI, I CONSIGLI DEL CAI DI FELTRE<\/h3>\n<p>&nbsp;<\/p><\/blockquote>\n\n\t\t\t<style type='text\/css'>\n\t\t\t\t#gallery-2 {\n\t\t\t\t\tmargin: auto;\n\t\t\t\t}\n\t\t\t\t#gallery-2 .gallery-item {\n\t\t\t\t\tfloat: left;\n\t\t\t\t\tmargin-top: 10px;\n\t\t\t\t\ttext-align: center;\n\t\t\t\t\twidth: 50%;\n\t\t\t\t}\n\t\t\t\t#gallery-2 img {\n\t\t\t\t\tborder: 2px solid #cfcfcf;\n\t\t\t\t}\n\t\t\t\t#gallery-2 .gallery-caption {\n\t\t\t\t\tmargin-left: 0;\n\t\t\t\t}\n\t\t\t\t\/* see gallery_shortcode() in wp-includes\/media.php *\/\n\t\t\t<\/style>\n\t\t<div id='gallery-2' class='dt-gallery-container gallery galleryid-285619 gallery-columns-2 gallery-size-thumbnail'><dl class='gallery-item'>\n\t\t\t\t<dt class='gallery-icon portrait'>\n\t\t\t\t\t<a class=\"rollover rollover-zoom dt-pswp-item\" title=\"5f15bb2d-c60f-489b-916a-45a1650d8f56\" data-dt-img-description=\"\" data-large_image_width=\"768\" data-large_image_height=\"1024\"href='https:\/\/www.radiopiu.net\/wordpress\/wp-content\/uploads\/2022\/07\/5f15bb2d-c60f-489b-916a-45a1650d8f56-1.jpg'><img loading=\"lazy\" decoding=\"async\" width=\"150\" height=\"150\" src=\"https:\/\/www.radiopiu.net\/wordpress\/wp-content\/uploads\/2022\/07\/5f15bb2d-c60f-489b-916a-45a1650d8f56-1-150x150.jpg\" class=\"attachment-thumbnail size-thumbnail\" alt=\"\" \/><\/a>\n\t\t\t\t<\/dt><\/dl><dl class='gallery-item'>\n\t\t\t\t<dt class='gallery-icon portrait'>\n\t\t\t\t\t<a class=\"rollover rollover-zoom dt-pswp-item\" title=\"3b72e2c4-67e1-4baf-a0df-887fcaecaa8d\" data-dt-img-description=\"\" data-large_image_width=\"768\" data-large_image_height=\"1024\"href='https:\/\/www.radiopiu.net\/wordpress\/wp-content\/uploads\/2022\/07\/3b72e2c4-67e1-4baf-a0df-887fcaecaa8d.jpg'><img loading=\"lazy\" decoding=\"async\" width=\"150\" height=\"150\" src=\"https:\/\/www.radiopiu.net\/wordpress\/wp-content\/uploads\/2022\/07\/3b72e2c4-67e1-4baf-a0df-887fcaecaa8d-150x150.jpg\" class=\"attachment-thumbnail size-thumbnail\" alt=\"\" \/><\/a>\n\t\t\t\t<\/dt><\/dl><br style=\"clear: both\" \/>\n\t\t\t<\/div>\n\n<p><strong><a class=\"dt-pswp-item\" href=\"https:\/\/www.radiopiu.net\/wordpress\/wp-content\/uploads\/2022\/07\/6a9ede37-38ba-48bf-b3d9-c29a5e18691a.jpg\" data-dt-img-description=\"\" data-large_image_width=\"1080\" data-large_image_height=\"1080\"><img loading=\"lazy\" decoding=\"async\" class=\" wp-image-285692 alignleft\" src=\"https:\/\/www.radiopiu.net\/wordpress\/wp-content\/uploads\/2022\/07\/6a9ede37-38ba-48bf-b3d9-c29a5e18691a-150x150.jpg\" alt=\"\" width=\"83\" height=\"83\" srcset=\"https:\/\/www.radiopiu.net\/wordpress\/wp-content\/uploads\/2022\/07\/6a9ede37-38ba-48bf-b3d9-c29a5e18691a-150x150.jpg 150w, https:\/\/www.radiopiu.net\/wordpress\/wp-content\/uploads\/2022\/07\/6a9ede37-38ba-48bf-b3d9-c29a5e18691a-300x300.jpg 300w, https:\/\/www.radiopiu.net\/wordpress\/wp-content\/uploads\/2022\/07\/6a9ede37-38ba-48bf-b3d9-c29a5e18691a-1024x1024.jpg 1024w, https:\/\/www.radiopiu.net\/wordpress\/wp-content\/uploads\/2022\/07\/6a9ede37-38ba-48bf-b3d9-c29a5e18691a-768x768.jpg 768w, https:\/\/www.radiopiu.net\/wordpress\/wp-content\/uploads\/2022\/07\/6a9ede37-38ba-48bf-b3d9-c29a5e18691a.jpg 1080w\" sizes=\"auto, (max-width: 83px) 100vw, 83px\" \/><\/a> <\/strong><\/p>\n<p><strong>\u00a0<\/strong><strong>FELTRE<\/strong> Una parte del sentiero che porta ai Piani Eterni dalla Val Canzoi, chiamata &#8220;Porzil&#8221;, \u00e8 chiusa da alcune settimane a causa di un distaccamento che ha interessato l&#8217;itinerario. In alternativa la Sezione CAI di Feltre consiglia di proseguire lungo la strada di Casera Pinea.<\/p>\n<p>&nbsp;<\/p>\n<p>&nbsp;<\/p>\n<p>&nbsp;<\/p>\n<p>&nbsp;<\/p>\n<p>&nbsp;<\/p>\n<hr \/>\n<p>&nbsp;<\/p>\n<blockquote>\n<h3>SOTTO LA GRANDINE IL 21 GIUGNO C&#8217;ERAVAMO ANCHE NOI<\/h3>\n<\/blockquote>\n<p><b><a class=\"dt-pswp-item\" href=\"https:\/\/www.radiopiu.net\/wordpress\/wp-content\/uploads\/2022\/07\/Richiesta_dello_stato_di_crisi.jpg\" data-dt-img-description=\"\" data-large_image_width=\"1317\" data-large_image_height=\"878\"><img loading=\"lazy\" decoding=\"async\" class=\"size-thumbnail wp-image-285749 alignleft\" src=\"https:\/\/www.radiopiu.net\/wordpress\/wp-content\/uploads\/2022\/07\/Richiesta_dello_stato_di_crisi-150x150.jpg\" alt=\"\" width=\"150\" height=\"150\" \/><\/a>PONTE NELLE ALPI\u00a0 Il Comune ha <\/b>chiesto alla Regione lo stato di crisi per la calamit\u00e0 del 21 giugno scorso.<span class=\"gmail-Apple-converted-space\"> \u00a0<\/span>Il nubifragio e la grandine, con i Coi de Pera coinvolti in maniera particolare, hanno provocato danni notevoli soprattutto alle aziende agricole, rovinando i raccolti e mettendo a repentaglio la stagione.<span class=\"gmail-Apple-converted-space\">\u00a0<\/span><\/p>\n<blockquote><p><em>\u00abNel corso della sera e della notte del 21 giugno &#8211; afferma il sindaco di Ponte nelle Alpi, Paolo Vendramini &#8211; ci siamo subito resi conto delle criticit\u00e0. La mattina, visitando diverse case private e aziende agricole, abbiamo provveduto a effettuare tutte le indagini del caso. Quindi si \u00e8 resa necessaria la richiesta di calamit\u00e0 per venire incontro alle richieste del territorio\u00bb.<\/em><\/p>\n<p>&nbsp;<\/p><\/blockquote>\n<h3>IL COMUNE CONCEDE A TITOLO GRATUITO UN APPARTAMENTO PER LA CONTINUITA&#8217; ASSISTENZIALE<\/h3>\n<blockquote><p><a class=\"dt-pswp-item\" href=\"https:\/\/www.radiopiu.net\/wordpress\/wp-content\/uploads\/2022\/07\/croce-bianca-cortina.png\" data-dt-img-description=\"\" data-large_image_width=\"1200\" data-large_image_height=\"800\"><img loading=\"lazy\" decoding=\"async\" class=\"size-thumbnail wp-image-285817 alignleft\" src=\"https:\/\/www.radiopiu.net\/wordpress\/wp-content\/uploads\/2022\/07\/croce-bianca-cortina-150x150.png\" alt=\"\" width=\"150\" height=\"150\" \/><\/a>Cortina: il Comune concede a titolo gratuito un appartamento per la Continuit\u00e0 assistenziale Il Comune di Cortina ha concesso all\u2019Ulss Dolomiti in comodato d\u2019uso gratuito un appartamento arredato nella sede della Croce Bianca in via Roma, che sar\u00e0 messo a disposizione del medico di continuit\u00e0 assistenziale (al posto dell\u2019attuale sede di via Alver\u00e0). Il medico avr\u00e0 a disposizione alcuni locali ad uso esclusivo, altre ad uso comune. \u00abRingrazio il Comune per la disponibilit\u00e0 e per aver prontamente individuato una struttura idonea ad ospitare il medico di continuit\u00e0 assistenziale durante il servizio di guardia medica\u00bb conclude il direttore Maria Grazia Carraro.<\/p><\/blockquote>\n<hr \/>\n<blockquote>\n<h2><strong>\u00a0<\/strong><\/h2>\n<h2><strong>Bilinguismo e neurosviluppo nei bambini: <\/strong><strong>un corso per i professionisti dell\u2019Ulss Dolomiti<\/strong><\/h2>\n<\/blockquote>\n<p><strong>BELLUNO\u00a0<\/strong>Si \u00e8 svolto nei giorni scorsi in Ulss Dolomiti un corso dedicato al bilinguismo, tenuto da Paola Bonifacci, professore associato della Facolt\u00e0 di Psicologia dell&#8217;Universit\u00e0 degli Studi di Bologna. Al Servizio Et\u00e0 Evolutiva, infatti, si rivolgono sempre pi\u00f9 utenti bilingue, per i quali, come dimostrato da ricerche scientifiche, non \u00e8 possibile utilizzare nella presa in carico gli stessi strumenti impiegati per il percorso clinico nei monolingue. Anche la relazione con questa tipologia di utenza e con le loro famiglie richiede competenze specifiche. In questo contesto, nasce l\u2019esigenza di una formazione ad hoc sul tema rivolta a psicologi, logopedisti, terapisti, educatori, assistenti sociali, neuropsichiatri infantili e OSS, con l\u2019obiettivo di approfondire le traiettorie di sviluppo nei bambini bilingue, con particolare riferimento ai bambini che afferiscono ai servizi di et\u00e0 evolutiva in presenza di disturbi del neurosviluppo. L\u2019obiettivo \u00e8 poter predisporre un intervento sempre pi\u00f9 efficace per la presa in carico di questi utenti, personalizzando i percorsi su misura del bambino e implementando strumenti che tengano conto del suo background. La lingua materna, infatti, rappresenta un elemento costitutivo della storia e dell&#8217;identit\u00e0 culturale di ciascun bambino.<\/p>\n<p>&nbsp;<\/p>\n<hr \/>\n<p>&nbsp;<\/p>\n<blockquote>\n<h3>FIPE E FEDERALBERGHI BELLUNO: ASSURDO LO STALLO SUI CONTRATTO DI LAVORO PER GLI EXTRACOMUNITARI<\/h3>\n<\/blockquote>\n<p><strong><a class=\"dt-pswp-item\" href=\"https:\/\/www.radiopiu.net\/wordpress\/wp-content\/uploads\/2020\/05\/ristorante.jpg\" data-dt-img-description=\"\" data-large_image_width=\"1920\" data-large_image_height=\"1280\"><img loading=\"lazy\" decoding=\"async\" class=\"size-thumbnail wp-image-137077 alignleft\" src=\"https:\/\/www.radiopiu.net\/wordpress\/wp-content\/uploads\/2020\/05\/ristorante-150x150.jpg\" alt=\"\" width=\"150\" height=\"150\" \/><\/a>BELLUNO<\/strong> Era meta\u0300 maggio, quindi con la prospettiva dell&#8217;avvio della stagione estiva, che Confcommercio Belluno lanciava l&#8217;allarme legato al reperimento di risorse umane per la stagione e denunciava lo stallo totale sul fronte del tanto atteso Decreto Flussi 2022 che aprirebbe alle assunzioni di lavoratori extracomunitari. \u00ab<em>In due mesi \u2013 afferma Walter De Cassan per Federalberghi Belluno \u2013 nulla si e\u0300 ancora mosso; avevamo scritto ai nostri parlamentari e denunciato la grande preoccupazione anche a livello mediatico&#8221; <\/em><\/p>\n<p>Il presidente di FIPE Belluno, Graziano Prest, rincara la dose. \u00ab<em>Servono soluzioni immediate\u00a0 ma sembra che nessuno se ne preoccupi! Non risultano utilizzabili neppure le quote residue del 2021 per complicanze burocratiche e perche\u0301 le stesse sono state ridotte rispetto a quanto previsto o revocate. Dagli uffici preposti riscontriamo difficolta\u0300 operative dovute ad esempio ad aggiornamenti informatici sui software effettuati in periodi del tutto inadeguati. La percezione e\u0300 che, oltre alle criticita\u0300 legislative ed ai ritardi nell&#8217;adozione di norme necessarie, l&#8217;apparato di supporto soffra condizioni di \u201csotto organico\u201d i cui effetti si ripercuotono poi sulle imprese&#8221;.<\/em><\/p>\n<p>&nbsp;<\/p>\n<hr \/>\n<p>&nbsp;<\/p>\n<blockquote>\n<h3>LA RUSPA ABBATTE IL DISTRIBUTORE PER FARE SPAZIO AD UN ALTRO SUPERMERCATO<\/h3>\n<\/blockquote>\n<p><img loading=\"lazy\" decoding=\"async\" class=\"aligncenter\" src=\"https:\/\/www.radiopiu.net\/wordpress\/wp-content\/uploads\/2022\/07\/5183cdd3-848e-43f8-af3a-d2e010de4aa1.jpg\" width=\"275\" height=\"206\" \/><\/p>\n<p><strong>BELLUNO<\/strong><\/p>\n<p><strong>DI MORENO GIOLI<\/strong><\/p>\n<audio class=\"wp-audio-shortcode\" id=\"audio-285619-4\" preload=\"none\" style=\"width: 100%;\" controls=\"controls\"><source type=\"audio\/mpeg\" src=\"https:\/\/www.radiopiu.net\/wordpress\/wp-content\/uploads\/2022\/07\/gioli-baldenich.mp3?_=4\" \/><a href=\"https:\/\/www.radiopiu.net\/wordpress\/wp-content\/uploads\/2022\/07\/gioli-baldenich.mp3\">https:\/\/www.radiopiu.net\/wordpress\/wp-content\/uploads\/2022\/07\/gioli-baldenich.mp3<\/a><\/audio>\n<p>FOTO Facebook\u00a0 Paolo Bello<\/p>\n<p>&nbsp;<\/p>\n<p>&nbsp;<\/p>\n<hr \/>\n<p>&nbsp;<\/p>\n<p>&nbsp;<\/p>\n<blockquote class=\"wp-embedded-content\" data-secret=\"pxRrs2QBaN\"><p><a href=\"https:\/\/www.radiopiu.net\/wordpress\/aggnazionaleluglio06\/\">CORONAVIRUS: AGGIORNAMENTO NAZIONALE 06 LUGLIO 2022<\/a><\/p><\/blockquote>\n<p><iframe loading=\"lazy\" class=\"wp-embedded-content\" sandbox=\"allow-scripts\" security=\"restricted\" style=\"position: absolute; clip: rect(1px, 1px, 1px, 1px);\" title=\"&#8220;CORONAVIRUS: AGGIORNAMENTO NAZIONALE 06 LUGLIO 2022&#8221; &#8212; Radio Pi\u00f9\" src=\"https:\/\/www.radiopiu.net\/wordpress\/aggnazionaleluglio06\/embed\/#?secret=WBFaPOtzvq#?secret=pxRrs2QBaN\" data-secret=\"pxRrs2QBaN\" width=\"600\" height=\"338\" frameborder=\"0\" marginwidth=\"0\" marginheight=\"0\" scrolling=\"no\"><\/iframe><\/p>\n<p>&nbsp;<\/p>\n<blockquote class=\"wp-embedded-content\" data-secret=\"oRc9dOEUux\"><p><a href=\"https:\/\/www.radiopiu.net\/wordpress\/aggazzeroluglio06ok\/\">CONTINUANO AD AUMENTARE I RICOVERI. IN 24 ORE 5 DECESSI E 10745 NUOVI POSITIVI IN VENETO<\/a><\/p><\/blockquote>\n<p><iframe loading=\"lazy\" class=\"wp-embedded-content\" sandbox=\"allow-scripts\" security=\"restricted\" style=\"position: absolute; clip: rect(1px, 1px, 1px, 1px);\" title=\"&#8220;CONTINUANO AD AUMENTARE I RICOVERI. IN 24 ORE 5 DECESSI E 10745 NUOVI POSITIVI IN VENETO&#8221; &#8212; Radio Pi\u00f9\" src=\"https:\/\/www.radiopiu.net\/wordpress\/aggazzeroluglio06ok\/embed\/#?secret=YYWdUPncoE#?secret=oRc9dOEUux\" data-secret=\"oRc9dOEUux\" width=\"600\" height=\"338\" frameborder=\"0\" marginwidth=\"0\" marginheight=\"0\" scrolling=\"no\"><\/iframe><\/p>\n<p>&nbsp;<\/p>\n<h2>I GRAFICI DI TIZIANO DE COL<\/h2>\n\n\t\t\t<style type='text\/css'>\n\t\t\t\t#gallery-3 {\n\t\t\t\t\tmargin: auto;\n\t\t\t\t}\n\t\t\t\t#gallery-3 .gallery-item {\n\t\t\t\t\tfloat: left;\n\t\t\t\t\tmargin-top: 10px;\n\t\t\t\t\ttext-align: center;\n\t\t\t\t\twidth: 33%;\n\t\t\t\t}\n\t\t\t\t#gallery-3 img {\n\t\t\t\t\tborder: 2px solid #cfcfcf;\n\t\t\t\t}\n\t\t\t\t#gallery-3 .gallery-caption {\n\t\t\t\t\tmargin-left: 0;\n\t\t\t\t}\n\t\t\t\t\/* see gallery_shortcode() in wp-includes\/media.php *\/\n\t\t\t<\/style>\n\t\t<div id='gallery-3' class='dt-gallery-container gallery galleryid-285619 gallery-columns-3 gallery-size-thumbnail'><dl class='gallery-item'>\n\t\t\t\t<dt class='gallery-icon landscape'>\n\t\t\t\t\t<a class=\"rollover rollover-zoom dt-pswp-item\" title=\"df4e4eab-ecd4-4ebf-a4fe-39fa0c770525\" data-dt-img-description=\"\" data-large_image_width=\"589\" data-large_image_height=\"361\"href='https:\/\/www.radiopiu.net\/wordpress\/wp-content\/uploads\/2022\/07\/df4e4eab-ecd4-4ebf-a4fe-39fa0c770525.jpg'><img loading=\"lazy\" decoding=\"async\" width=\"150\" height=\"150\" src=\"https:\/\/www.radiopiu.net\/wordpress\/wp-content\/uploads\/2022\/07\/df4e4eab-ecd4-4ebf-a4fe-39fa0c770525-150x150.jpg\" class=\"attachment-thumbnail size-thumbnail\" alt=\"\" \/><\/a>\n\t\t\t\t<\/dt><\/dl><dl class='gallery-item'>\n\t\t\t\t<dt class='gallery-icon landscape'>\n\t\t\t\t\t<a class=\"rollover rollover-zoom dt-pswp-item\" title=\"a3cb27fb-fb37-4a15-bfe6-ef6f41ed535c\" data-dt-img-description=\"\" data-large_image_width=\"590\" data-large_image_height=\"363\"href='https:\/\/www.radiopiu.net\/wordpress\/wp-content\/uploads\/2022\/07\/a3cb27fb-fb37-4a15-bfe6-ef6f41ed535c.jpg'><img loading=\"lazy\" decoding=\"async\" width=\"150\" height=\"150\" src=\"https:\/\/www.radiopiu.net\/wordpress\/wp-content\/uploads\/2022\/07\/a3cb27fb-fb37-4a15-bfe6-ef6f41ed535c-150x150.jpg\" class=\"attachment-thumbnail size-thumbnail\" alt=\"\" \/><\/a>\n\t\t\t\t<\/dt><\/dl><dl class='gallery-item'>\n\t\t\t\t<dt class='gallery-icon landscape'>\n\t\t\t\t\t<a class=\"rollover rollover-zoom dt-pswp-item\" title=\"4d314c81-c6bd-4408-88cf-8c84e7fecf82\" data-dt-img-description=\"\" data-large_image_width=\"618\" data-large_image_height=\"382\"href='https:\/\/www.radiopiu.net\/wordpress\/wp-content\/uploads\/2022\/07\/4d314c81-c6bd-4408-88cf-8c84e7fecf82.jpg'><img loading=\"lazy\" decoding=\"async\" width=\"150\" height=\"150\" src=\"https:\/\/www.radiopiu.net\/wordpress\/wp-content\/uploads\/2022\/07\/4d314c81-c6bd-4408-88cf-8c84e7fecf82-150x150.jpg\" class=\"attachment-thumbnail size-thumbnail\" alt=\"\" \/><\/a>\n\t\t\t\t<\/dt><\/dl><br style=\"clear: both\" \/><dl class='gallery-item'>\n\t\t\t\t<dt class='gallery-icon landscape'>\n\t\t\t\t\t<a class=\"rollover rollover-zoom dt-pswp-item\" title=\"62b1ed97-949e-435b-b6d4-fa5987863c44\" data-dt-img-description=\"\" data-large_image_width=\"608\" data-large_image_height=\"359\"href='https:\/\/www.radiopiu.net\/wordpress\/wp-content\/uploads\/2022\/07\/62b1ed97-949e-435b-b6d4-fa5987863c44.jpg'><img loading=\"lazy\" decoding=\"async\" width=\"150\" height=\"150\" src=\"https:\/\/www.radiopiu.net\/wordpress\/wp-content\/uploads\/2022\/07\/62b1ed97-949e-435b-b6d4-fa5987863c44-150x150.jpg\" class=\"attachment-thumbnail size-thumbnail\" alt=\"\" \/><\/a>\n\t\t\t\t<\/dt><\/dl><dl class='gallery-item'>\n\t\t\t\t<dt class='gallery-icon landscape'>\n\t\t\t\t\t<a class=\"rollover rollover-zoom dt-pswp-item\" title=\"e5e9cf99-74cb-4c23-b185-0de2cad1b03a\" data-dt-img-description=\"\" data-large_image_width=\"610\" data-large_image_height=\"362\"href='https:\/\/www.radiopiu.net\/wordpress\/wp-content\/uploads\/2022\/07\/e5e9cf99-74cb-4c23-b185-0de2cad1b03a.jpg'><img loading=\"lazy\" decoding=\"async\" width=\"150\" height=\"150\" src=\"https:\/\/www.radiopiu.net\/wordpress\/wp-content\/uploads\/2022\/07\/e5e9cf99-74cb-4c23-b185-0de2cad1b03a-150x150.jpg\" class=\"attachment-thumbnail size-thumbnail\" alt=\"\" \/><\/a>\n\t\t\t\t<\/dt><\/dl><dl class='gallery-item'>\n\t\t\t\t<dt class='gallery-icon landscape'>\n\t\t\t\t\t<a class=\"rollover rollover-zoom dt-pswp-item\" title=\"fb978115-30bd-4bf0-b72f-6303bdd2cd44\" data-dt-img-description=\"\" data-large_image_width=\"610\" data-large_image_height=\"375\"href='https:\/\/www.radiopiu.net\/wordpress\/wp-content\/uploads\/2022\/07\/fb978115-30bd-4bf0-b72f-6303bdd2cd44.jpg'><img loading=\"lazy\" decoding=\"async\" width=\"150\" height=\"150\" src=\"https:\/\/www.radiopiu.net\/wordpress\/wp-content\/uploads\/2022\/07\/fb978115-30bd-4bf0-b72f-6303bdd2cd44-150x150.jpg\" class=\"attachment-thumbnail size-thumbnail\" alt=\"\" \/><\/a>\n\t\t\t\t<\/dt><\/dl><br style=\"clear: both\" \/>\n\t\t\t<\/div>\n\n<p>&nbsp;<\/p>\n<hr \/>\n<p>&nbsp;<\/p>\n<blockquote>\n<h3>LA REGIONE DEL VENETO ATTIVA IL PORTALE CANTIERI<\/h3>\n<\/blockquote>\n<p><strong><a class=\"dt-pswp-item\" href=\"https:\/\/www.radiopiu.net\/wordpress\/wp-content\/uploads\/2021\/12\/cantiere_depuratore_sedico_2.jpg\" data-dt-img-description=\"\" data-large_image_width=\"1134\" data-large_image_height=\"850\"><img loading=\"lazy\" decoding=\"async\" class=\"size-thumbnail wp-image-248681 alignleft\" src=\"https:\/\/www.radiopiu.net\/wordpress\/wp-content\/uploads\/2021\/12\/cantiere_depuratore_sedico_2-150x150.jpg\" alt=\"\" width=\"150\" height=\"150\" \/><\/a>VENEZIA <\/strong>La Regione del Veneto ha attivato il Nuovo Portale Notifiche Cantieri, che consentir\u00e0 una comunicazione pi\u00f9 diretta e immediata tra imprese e Pubblica amministrazione, facilitando sia cittadini, professionisti ed imprese, sia gli enti preposti al controllo. In particolare, il nuovo portale consentir\u00e0 al committente o al responsabile dei lavori di assolvere in modalit\u00e0 telematica, prima dell&#8217;inizio dei lavori di apertura di un cantiere edile, all&#8217;obbligo di trasmissione della notifica preliminare all\u2019Azienda Unit\u00e0 Socio-Sanitaria Locale e all&#8217;Ispettorato Nazionale del Lavoro territorialmente competenti, nonch\u00e9, nel caso di lavori pubblici, alla Prefettura, secondo quanto previsto dallo specifico decreto legislativo. Il portale \u00e8 accessibile dal sito istituzionale della Regione del Veneto, all\u2019indirizzo: <a href=\"https:\/\/pnc.azero.veneto.it\/#\/login\">https:\/\/pnc.azero.veneto.it\/#\/login<\/a> ,\u00a0 attraverso l\u2019autenticazione con SPID o CIE (carta identit\u00e0 elettronica).<\/p>\n<p>&nbsp;<\/p>\n<hr \/>\n<p>&nbsp;<\/p>\n<blockquote>\n<h3>LA LEGGE CHE TUTELA IL GELATO, IL PLAUSO DI CONFARTIGIANATO<\/h3>\n<\/blockquote>\n<p><strong><a class=\"dt-pswp-item\" href=\"https:\/\/www.radiopiu.net\/wordpress\/wp-content\/uploads\/2018\/12\/Il-Gelato-Tiramis\u00f9-di-Thomas-Infanti.jpg\" data-dt-img-description=\"\" data-large_image_width=\"622\" data-large_image_height=\"467\"><img loading=\"lazy\" decoding=\"async\" class=\"size-thumbnail wp-image-70194 alignleft\" src=\"https:\/\/www.radiopiu.net\/wordpress\/wp-content\/uploads\/2018\/12\/Il-Gelato-Tiramis\u00f9-di-Thomas-Infanti-150x150.jpg\" alt=\"\" width=\"150\" height=\"150\" \/><\/a>BELLUNO\u00a0 <\/strong><em>\u00abIdentificare un territorio nei suoi prodotti \u00e8 sicuramente un\u2019occasione di promozione e un veicolo importante per le imprese\u00bb.<\/em> \u00c8 quanto afferma il presidente di mestiere prodotti dolciari di Confartigianato Belluno Cristiano Gaggion, commentando la nuova legge regionale di \u201cPromozione del gelato di qualit\u00e0 in Veneto\u201d, approvata dall\u2019intero consiglio di Palazzo Ferro Fini. <em>\u00abUna legge che mira a identificare il vero gelato artigiano e quindi deve seguire quelle linee guida a cui la nostra associazione intende contribuire in maniera attiva. Noi di Confartigianato saremo disponibili a dare il nostro contributo ai tavoli tecnici che auspichiamo siano aperti al pi\u00f9 presto. Abbiamo idee e suggerimenti che porteremo a patrimonio comune\u00bb. <\/em>La nuova legge riconosce e tutela l\u2019utilizzo delle materie prime di qualit\u00e0 e la storia del gelato, che ha in provincia di Belluno uno dei cuori pulsanti e pi\u00f9 tradizionali. <em>\u00abDa parte nostra &#8211; sottolinea il direttore di Confartigianato Belluno, Michele Basso &#8211; ci auguriamo che questa legge diventi occasione per fare del gelato l\u2019occasione di promozione del territorio e insieme di tutti i comparti, in una visione di sviluppo complessivo che ha nell\u2019artigianato uno dei motori fondamentali\u00bb.\u00a0<\/em><\/p>\n<p>&nbsp;<\/p>\n<p>&nbsp;<\/p>\n<hr \/>\n<p>&nbsp;<\/p>\n<blockquote>\n<h3><a class=\"dt-pswp-item\" href=\"https:\/\/www.radiopiu.net\/wordpress\/wp-content\/uploads\/2022\/07\/WhatsApp-Image-2022-07-04-at-21.19.57.jpeg\" data-dt-img-description=\"\" data-large_image_width=\"1600\" data-large_image_height=\"1131\"><img loading=\"lazy\" decoding=\"async\" class=\"wp-image-285495 alignleft\" src=\"https:\/\/www.radiopiu.net\/wordpress\/wp-content\/uploads\/2022\/07\/WhatsApp-Image-2022-07-04-at-21.19.57-150x150.jpeg\" alt=\"\" width=\"106\" height=\"106\" \/><\/a>RITORNA AD AGORDO &#8220;ARTISTI IN VETRINA&#8221;<\/h3>\n<\/blockquote>\n<p>&nbsp;<\/p>\n<p><strong>CHIARA FONTANIVE, ASSESSORE DEL COMUNE DI AGORDO<\/strong><\/p>\n<audio class=\"wp-audio-shortcode\" id=\"audio-285619-5\" preload=\"none\" style=\"width: 100%;\" controls=\"controls\"><source type=\"audio\/mpeg\" src=\"https:\/\/www.radiopiu.net\/wordpress\/wp-content\/uploads\/2022\/07\/CHIARA-FONTA.mp3?_=5\" \/><a href=\"https:\/\/www.radiopiu.net\/wordpress\/wp-content\/uploads\/2022\/07\/CHIARA-FONTA.mp3\">https:\/\/www.radiopiu.net\/wordpress\/wp-content\/uploads\/2022\/07\/CHIARA-FONTA.mp3<\/a><\/audio>\n<p>&nbsp;<\/p>\n<hr \/>\n<p>&nbsp;<\/p>\n<blockquote>\n<h3>PIERANGELO SPONGA ALLA PRESIDENZA DEL LIONS CLUB &#8220;CASTELLO DI ALBOINO&#8221;<\/h3>\n<\/blockquote>\n<p><span style=\"color: #000000;\"><span style=\"font-family: Helvetica;\"><span style=\"font-size: small;\"><strong><a class=\"dt-pswp-item\" href=\"https:\/\/www.radiopiu.net\/wordpress\/wp-content\/uploads\/2022\/07\/PIERANGELO-SPONGA-scaled.jpg\" data-dt-img-description=\"\" data-large_image_width=\"1244\" data-large_image_height=\"2560\"><img loading=\"lazy\" decoding=\"async\" class=\"alignleft wp-image-285836 \" src=\"https:\/\/www.radiopiu.net\/wordpress\/wp-content\/uploads\/2022\/07\/PIERANGELO-SPONGA-scaled.jpg\" alt=\"\" width=\"110\" height=\"227\" srcset=\"https:\/\/www.radiopiu.net\/wordpress\/wp-content\/uploads\/2022\/07\/PIERANGELO-SPONGA-scaled.jpg 1244w, https:\/\/www.radiopiu.net\/wordpress\/wp-content\/uploads\/2022\/07\/PIERANGELO-SPONGA-146x300.jpg 146w, https:\/\/www.radiopiu.net\/wordpress\/wp-content\/uploads\/2022\/07\/PIERANGELO-SPONGA-498x1024.jpg 498w, https:\/\/www.radiopiu.net\/wordpress\/wp-content\/uploads\/2022\/07\/PIERANGELO-SPONGA-768x1580.jpg 768w, https:\/\/www.radiopiu.net\/wordpress\/wp-content\/uploads\/2022\/07\/PIERANGELO-SPONGA-746x1536.jpg 746w, https:\/\/www.radiopiu.net\/wordpress\/wp-content\/uploads\/2022\/07\/PIERANGELO-SPONGA-995x2048.jpg 995w\" sizes=\"auto, (max-width: 110px) 100vw, 110px\" \/><\/a>FELTRE<\/strong> E\u2019 Pierangelo Sponga, residente a Trichiana di Borgo Valbelluna, ex dirigente del servizio veterinario dell\u2019ASL N 1, il nuovo presidente del Lions Club Feltre Castello di Alboino. <\/span><\/span><\/span><span style=\"color: #000000;\"><span style=\"font-family: Helvetica;\"><span style=\"font-size: small;\">La nomina \u00e8 avvenuta recentemente presso il ristorante al Moro di Mel, dove si \u00e8 tenuto lo scambio del martello, la cerimonia ufficiale del Lions nel corso della quale avviene il passaggio della guida del club tra il presidente uscente Maria Teresa Bighi che lo ha ricoperto per due anni ed il nuovo presidente entrante che ricoprir\u00e0 la carica per un anno. <\/span><\/span><\/span><span style=\"color: #000000;\"><span style=\"font-family: Helvetica;\"><span style=\"font-size: small;\">E\u2019 un previlegio per me far parte del Lions, la pi\u00f9 grande organizzazione di volontariato al mondo apolitica, ha dichiarato Pierangelo, ed operare al servizio delle comunit\u00e0. <\/span><\/span><\/span><span style=\"color: #000000;\"><span style=\"font-family: Helvetica;\"><span style=\"font-size: small;\">Il nostro \u00e8 un club piccolo nel quale c\u2019\u00e8 molto affiatamento e collaborazione tra i soci e questo \u00e8 un elemento importante e basilare per lo svolgimento delle attivit\u00e0 del nostro Club. Ho accettato con molto piacere di guidare il Club e lo far\u00f2 in continuit\u00e0 con quanto fatto dai miei predecessori. Numerose sono state le attivit\u00e0 che abbiamo portato avanti nonostante la complessit\u00e0 determinata dalla pandemia, in modo particolare portando una risposta concreta ai bisogni delle persone del nostro territorio. <\/span><\/span><\/span><span style=\"color: #000000;\"><span style=\"font-family: Helvetica;\"><span style=\"font-size: small;\">Il nostro obiettivo sar\u00e0 quello di far conoscere meglio il Lions e le sue finalit\u00e0, partendo dall\u2019osservazione dei bisogni del nostri territorio per poi promuovere dei Services concreti a favore della collettivit\u00e0.<\/span><\/span><\/span><\/p>\n<p>&nbsp;<\/p>\n<p>&nbsp;<\/p>\n<hr \/>\n<p>&nbsp;<\/p>\n<blockquote>\n<h3>TRE GIORNI DI INCONTRI IN VILLA SAN FRANCESCO CON L&#8217;AIA<\/h3>\n<\/blockquote>\n<p><strong>PEDAVENA<\/strong> I componenti del Comitato Nazionale dell\u2019AIA con il presidente Alfredo Trentalange ritornano in Comunit\u00e0 di Villa san Francesco nei giorni 8-9-10 luglio 2022. Sabato 9 luglio alle 18 presso la sala riunioni della Casa Emmaus in Facen di Pedavena vi sar\u00e0 la consegna da parte dell\u2019AIA di un sasso simbolo preso in Assisi per la costruzione del Ponte della Parola nato dal tema educativo annuale.\u00a0 Presenzieranno il designatore CAN Gianluca Rocchi e l\u2019arbitro internazionale Daniele Orsato che sar\u00e0 impegnato nel campionato del mondo FIFA in Qatar.<\/p>\n<p>&nbsp;<\/p>\n<p>&nbsp;<\/p>\n<hr \/>\n<p>&nbsp;<\/p>\n<blockquote>\n<h3>300 POSTI IN POLIZIA<\/h3>\n<\/blockquote>\n<p><strong>BELLUNO <\/strong>Nella Gazzetta Ufficiali sono stati pubblicati i bandi dei concorsi pubblici per la copertura di 192 posti di vice ispettore tecnico nel settore telematico e per 100 posti di vice ispettore tecnico nel settore accasermamento.<\/p>\n<p>&nbsp;<\/p>\n<hr \/>\n<p>&nbsp;<\/p>\n<blockquote>\n<h3>ACQUA INQUINATA<\/h3>\n<\/blockquote>\n<p><strong><a class=\"dt-pswp-item\" href=\"https:\/\/www.radiopiu.net\/wordpress\/wp-content\/uploads\/2018\/08\/ACQUA.jpeg\" data-dt-img-description=\"\" data-large_image_width=\"1280\" data-large_image_height=\"768\"><img loading=\"lazy\" decoding=\"async\" class=\"alignleft wp-image-57052 \" src=\"https:\/\/www.radiopiu.net\/wordpress\/wp-content\/uploads\/2018\/08\/ACQUA-300x180.jpeg\" alt=\"\" width=\"153\" height=\"92\" srcset=\"https:\/\/www.radiopiu.net\/wordpress\/wp-content\/uploads\/2018\/08\/ACQUA-300x180.jpeg 300w, https:\/\/www.radiopiu.net\/wordpress\/wp-content\/uploads\/2018\/08\/ACQUA-768x461.jpeg 768w, https:\/\/www.radiopiu.net\/wordpress\/wp-content\/uploads\/2018\/08\/ACQUA-1024x614.jpeg 1024w, https:\/\/www.radiopiu.net\/wordpress\/wp-content\/uploads\/2018\/08\/ACQUA.jpeg 1280w\" sizes=\"auto, (max-width: 153px) 100vw, 153px\" \/><\/a>SAN TOMASO<\/strong> Gestione Servizi Pubblici informa che a SAN TOMASO AGORDINO in localit\u00e0 PIANEZZE l&#8217;acqua \u00e8 di nuovo potabile. Ancora inquinata nelle altre frazioni: CELAT,CHIEA,TOCOL, FONTANELLE E COL ZARESE.<\/p>\n<p><strong>LIVINALLONGO<\/strong> Gestione Servizi Pubblici informa che a LIVINALLONGO DEL COL DI LANA nelle localit\u00e0 AL FAURO, CREPAZ, RENAZ, RUAZ, PEZZEI, S. GIOVANNI e FOSSAL l&#8217;acqua erogata dall&#8217;acquedotto non \u00e8 potabile e pu\u00f2 essere usata per scopi alimentari SOLO PREVIA bollitura. GSP ha, comunque, gi\u00e0 adottato le necessarie misure per la disinfezione dell&#8217;acqua presente nei serbatoi e nella rete idrica con l&#8217;aggiunta di cloro.<\/p>\n<p>&nbsp;<\/p>\n<p>&nbsp;<\/p>\n<hr \/>\n<p>&nbsp;<\/p>\n<blockquote>\n<h3>PROROGATA LA CHIUSURA DELLA STRADA TRA CROSTOLIN E LE RONCHE<\/h3>\n<\/blockquote>\n<p><strong>LA VALLE AGORDINA<\/strong>\u00a0 Sul Ponte \u201cDel Felice\u201d tra Crostolin e Le Ronche: chiusura della strada\u00a0 fino al 8 luglio per consentire alla ditta incaricata di effettuare le opere,\u00a0 interdizione totale al transito veicolare e pedonale. La Ditta che sta eseguendo i lavori ha comunicato che serve ancora un periodo di chiusura . Al riguardo \u00e8 stata prorogata fino all&#8217;8 luglio l&#8217;ordinanza che dispone la chiusura della strada.<\/p>\n<h3><\/h3>\n<hr \/>\n<p>&nbsp;<\/p>\n<p>&nbsp;<\/p>\n<blockquote>\n<h3>L&#8217;APPLICAZIONE DELL&#8217;AVANZO DI AMMINISTRAZIONE<\/h3>\n<\/blockquote>\n<p><strong>VOLTAGO<\/strong> Il sindaco di Voltago Giuseppe Schena ha convocato i consiglieri per domani alle 18 in Municipio. All&#8217;ordine del giorno l&#8217;interpellanza di Francesca Della Lucia in merito alla riunione sulle scuole del Poi. Dopo l&#8217;approvazione dello statuto dell&#8217;Azienda Speciale Consortile Agordina il voto sull&#8217;applicazione dell&#8217;avanzo di amministrazione e l&#8217;approvazione del rendiconto 2021.<\/p>\n<p>&nbsp;<\/p>\n<p>&nbsp;<\/p>\n<blockquote>\n<h3>I PUNTI ALL&#8217;ORDINE DEL GIORNO RADDOPPIANO CON LE TRE INTERROGAZIONI DELLA MINORANZA<\/h3>\n<\/blockquote>\n<p><strong>ROCCA PIETORE<\/strong> Martedi alle 19 consiglio comunale convocato dal sindaco Andrea De Bernardin che porta all&#8217;attenzione dei consiglieri il rendinconto 2021, la variazione al bilancio e lo statuto dell&#8217;azienda speciale consortile e la convenzione con il Comune di Livinallongo per le funzioni di segreteria comunale. La minoranza &#8220;Uniti per la montagna&#8221; interroga: 1) i lavori di sistemazione dei cimiteri sono stati appaltati? E quelli dei marciapiedi comunali? L&#8217;opposizione chiede lumi sulle transenne presenti tra Viale Dolomiti e la nuova strada di Boscoverde. La minoranza vuole conoscere la situazione dei confini della Marmolada e la situazione dell&#8217;uso civico, infine interrogazione sul ponte Ru de Forzelet per capire a chi spetti la pulizia della zona e a chi la ricostruzione dei marciapiedi.<\/p>\n<p>&nbsp;<\/p>\n<blockquote>\n<h3>IN CONSIGLIO COMUNALE LA CONCESSIONE DEI CONTRIBUTI STATALI<\/h3>\n<\/blockquote>\n<p><strong>\u00a0TAIBON<\/strong> Mercoledi 13 luglio alle 18.30 il consiglio comunale convocato dal sindaco Silvia Tormen prevede all&#8217;ordine del giorno le variazioni al bilancio,\u00a0 concessione del contributo statale e comunicazioni del primo cittadino<\/p>\n<p>&nbsp;<\/p>\n<p>&nbsp;<\/p>\n<p>&nbsp;<\/p>\n<hr \/>\n<h3><\/h3>\n<blockquote>\n<h3><strong>DA SABATO\u00a0 \u00a0DINOSAURI IN CARNE E OSSA<\/strong><\/h3>\n<\/blockquote>\n<p><strong><a class=\"dt-pswp-item\" href=\"https:\/\/www.radiopiu.net\/wordpress\/wp-content\/uploads\/2022\/07\/20220706_122111.jpg\" data-dt-img-description=\"\" data-large_image_width=\"1008\" data-large_image_height=\"756\"><img loading=\"lazy\" decoding=\"async\" class=\"size-thumbnail wp-image-285726 alignleft\" src=\"https:\/\/www.radiopiu.net\/wordpress\/wp-content\/uploads\/2022\/07\/20220706_122111-150x150.jpg\" alt=\"\" width=\"150\" height=\"150\" \/><\/a>SELVA DI CADORE\u00a0 <\/strong>Il Museo Vittorino Cazzetta quest\u2019estate offre l&#8217;occasione di incontrare le specie che oltre 200 milioni di anni fa abitavano le Dolomiti (che erano una barriera corallina), ricostruite con rigore scientifico a grandezza naturale. Proprio dalla Val Fiorentina giunse la conferma della presenza dei dinosauri sulle Dolomiti: 40 anni fa Vittorino Cazzetta, paleontologo autodidatta, scopriva le prime orme di dinosauro sul Monte Pelmetto (la scoperta venne ufficializzata nel 1984). Nella frazione di Santa Fosca, inoltre, \u00e8 allestita la sezione dedicata ai dinosauri testimoni della grande estinzione che ha segnato la fine dell\u2019Era Mesozoica e permette di far cenno anche alle altre estinzioni di massa, non ultima quella che si sta verificando oggi per mano dell\u2019uomo.<\/p>\n<p><strong>DI GIANNI SANTOMASO\u00a0<\/strong><\/p>\n<audio class=\"wp-audio-shortcode\" id=\"audio-285619-6\" preload=\"none\" style=\"width: 100%;\" controls=\"controls\"><source type=\"audio\/mpeg\" src=\"https:\/\/www.radiopiu.net\/wordpress\/wp-content\/uploads\/2022\/07\/SELVA-PEZZO-GIANNI.mp3?_=6\" \/><a href=\"https:\/\/www.radiopiu.net\/wordpress\/wp-content\/uploads\/2022\/07\/SELVA-PEZZO-GIANNI.mp3\">https:\/\/www.radiopiu.net\/wordpress\/wp-content\/uploads\/2022\/07\/SELVA-PEZZO-GIANNI.mp3<\/a><\/audio>\n<p>&nbsp;<\/p>\n\n\t\t\t<style type='text\/css'>\n\t\t\t\t#gallery-4 {\n\t\t\t\t\tmargin: auto;\n\t\t\t\t}\n\t\t\t\t#gallery-4 .gallery-item {\n\t\t\t\t\tfloat: left;\n\t\t\t\t\tmargin-top: 10px;\n\t\t\t\t\ttext-align: center;\n\t\t\t\t\twidth: 20%;\n\t\t\t\t}\n\t\t\t\t#gallery-4 img {\n\t\t\t\t\tborder: 2px solid #cfcfcf;\n\t\t\t\t}\n\t\t\t\t#gallery-4 .gallery-caption {\n\t\t\t\t\tmargin-left: 0;\n\t\t\t\t}\n\t\t\t\t\/* see gallery_shortcode() in wp-includes\/media.php *\/\n\t\t\t<\/style>\n\t\t<div id='gallery-4' class='dt-gallery-container gallery galleryid-285619 gallery-columns-5 gallery-size-thumbnail'><dl class='gallery-item'>\n\t\t\t\t<dt class='gallery-icon landscape'>\n\t\t\t\t\t<a class=\"rollover\" href='https:\/\/www.radiopiu.net\/wordpress\/giornale-radiopiu-07-luglio-2022-direttore-mirko-mezzacasa\/luca-lorenzini-sindaco_simone-maganuco-paleontologo_diego-battiston-responsabile-museo-cazzetta\/'><img loading=\"lazy\" decoding=\"async\" width=\"150\" height=\"150\" src=\"https:\/\/www.radiopiu.net\/wordpress\/wp-content\/uploads\/2022\/07\/Luca-Lorenzini-sindaco_Simone-Maganuco-paleontologo_Diego-Battiston-responsabile-Museo-Cazzetta-150x150.jpg\" class=\"attachment-thumbnail size-thumbnail\" alt=\"\" \/><\/a>\n\t\t\t\t<\/dt><\/dl><dl class='gallery-item'>\n\t\t\t\t<dt class='gallery-icon landscape'>\n\t\t\t\t\t<a class=\"rollover\" href='https:\/\/www.radiopiu.net\/wordpress\/giornale-radiopiu-07-luglio-2022-direttore-mirko-mezzacasa\/7bb0da21-a8bd-4d3c-bb95-9528cde72487\/'><img loading=\"lazy\" decoding=\"async\" width=\"150\" height=\"150\" src=\"https:\/\/www.radiopiu.net\/wordpress\/wp-content\/uploads\/2022\/07\/7bb0da21-a8bd-4d3c-bb95-9528cde72487-150x150.jpg\" class=\"attachment-thumbnail size-thumbnail\" alt=\"\" \/><\/a>\n\t\t\t\t<\/dt><\/dl><dl class='gallery-item'>\n\t\t\t\t<dt class='gallery-icon landscape'>\n\t\t\t\t\t<a class=\"rollover\" href='https:\/\/www.radiopiu.net\/wordpress\/giornale-radiopiu-07-luglio-2022-direttore-mirko-mezzacasa\/mostra-selva-2\/'><img loading=\"lazy\" decoding=\"async\" width=\"150\" height=\"150\" src=\"https:\/\/www.radiopiu.net\/wordpress\/wp-content\/uploads\/2022\/07\/Mostra-Selva-1-150x150.jpg\" class=\"attachment-thumbnail size-thumbnail\" alt=\"\" srcset=\"https:\/\/www.radiopiu.net\/wordpress\/wp-content\/uploads\/2022\/07\/Mostra-Selva-1-150x150.jpg 150w, https:\/\/www.radiopiu.net\/wordpress\/wp-content\/uploads\/2022\/07\/Mostra-Selva-1-300x300.jpg 300w, https:\/\/www.radiopiu.net\/wordpress\/wp-content\/uploads\/2022\/07\/Mostra-Selva-1-1024x1024.jpg 1024w, https:\/\/www.radiopiu.net\/wordpress\/wp-content\/uploads\/2022\/07\/Mostra-Selva-1-768x768.jpg 768w, https:\/\/www.radiopiu.net\/wordpress\/wp-content\/uploads\/2022\/07\/Mostra-Selva-1-1536x1536.jpg 1536w, https:\/\/www.radiopiu.net\/wordpress\/wp-content\/uploads\/2022\/07\/Mostra-Selva-1.jpg 1736w\" sizes=\"auto, (max-width: 150px) 100vw, 150px\" \/><\/a>\n\t\t\t\t<\/dt><\/dl><dl class='gallery-item'>\n\t\t\t\t<dt class='gallery-icon landscape'>\n\t\t\t\t\t<a class=\"rollover\" href='https:\/\/www.radiopiu.net\/wordpress\/giornale-radiopiu-07-luglio-2022-direttore-mirko-mezzacasa\/1881d38f-329f-40dd-bb3f-980475517072\/'><img loading=\"lazy\" decoding=\"async\" width=\"150\" height=\"150\" src=\"https:\/\/www.radiopiu.net\/wordpress\/wp-content\/uploads\/2022\/07\/1881d38f-329f-40dd-bb3f-980475517072-150x150.jpg\" class=\"attachment-thumbnail size-thumbnail\" alt=\"\" \/><\/a>\n\t\t\t\t<\/dt><\/dl><dl class='gallery-item'>\n\t\t\t\t<dt class='gallery-icon landscape'>\n\t\t\t\t\t<a class=\"rollover\" href='https:\/\/www.radiopiu.net\/wordpress\/giornale-radiopiu-07-luglio-2022-direttore-mirko-mezzacasa\/4d971c6e-4393-4347-a5bc-fd6683487a8a\/'><img loading=\"lazy\" decoding=\"async\" width=\"150\" height=\"150\" src=\"https:\/\/www.radiopiu.net\/wordpress\/wp-content\/uploads\/2022\/07\/4d971c6e-4393-4347-a5bc-fd6683487a8a-150x150.jpg\" class=\"attachment-thumbnail size-thumbnail\" alt=\"\" \/><\/a>\n\t\t\t\t<\/dt><\/dl><br style=\"clear: both\" \/><dl class='gallery-item'>\n\t\t\t\t<dt class='gallery-icon landscape'>\n\t\t\t\t\t<a class=\"rollover\" href='https:\/\/www.radiopiu.net\/wordpress\/giornale-radiopiu-07-luglio-2022-direttore-mirko-mezzacasa\/c76fc3e7-9771-47bf-a622-2c344afd5856\/'><img loading=\"lazy\" decoding=\"async\" width=\"150\" height=\"150\" src=\"https:\/\/www.radiopiu.net\/wordpress\/wp-content\/uploads\/2022\/07\/c76fc3e7-9771-47bf-a622-2c344afd5856-150x150.jpg\" class=\"attachment-thumbnail size-thumbnail\" alt=\"\" \/><\/a>\n\t\t\t\t<\/dt><\/dl><dl class='gallery-item'>\n\t\t\t\t<dt class='gallery-icon landscape'>\n\t\t\t\t\t<a class=\"rollover\" href='https:\/\/www.radiopiu.net\/wordpress\/giornale-radiopiu-07-luglio-2022-direttore-mirko-mezzacasa\/edc949e4-263d-438d-8946-df38affdf82d\/'><img loading=\"lazy\" decoding=\"async\" width=\"150\" height=\"150\" src=\"https:\/\/www.radiopiu.net\/wordpress\/wp-content\/uploads\/2022\/07\/edc949e4-263d-438d-8946-df38affdf82d-150x150.jpg\" class=\"attachment-thumbnail size-thumbnail\" alt=\"\" \/><\/a>\n\t\t\t\t<\/dt><\/dl><dl class='gallery-item'>\n\t\t\t\t<dt class='gallery-icon landscape'>\n\t\t\t\t\t<a class=\"rollover\" href='https:\/\/www.radiopiu.net\/wordpress\/giornale-radiopiu-07-luglio-2022-direttore-mirko-mezzacasa\/9d847371-3a5b-42aa-96b3-b5f3920d491b\/'><img loading=\"lazy\" decoding=\"async\" width=\"150\" height=\"150\" src=\"https:\/\/www.radiopiu.net\/wordpress\/wp-content\/uploads\/2022\/07\/9d847371-3a5b-42aa-96b3-b5f3920d491b-150x150.jpg\" class=\"attachment-thumbnail size-thumbnail\" alt=\"\" \/><\/a>\n\t\t\t\t<\/dt><\/dl><dl class='gallery-item'>\n\t\t\t\t<dt class='gallery-icon landscape'>\n\t\t\t\t\t<a class=\"rollover\" href='https:\/\/www.radiopiu.net\/wordpress\/giornale-radiopiu-07-luglio-2022-direttore-mirko-mezzacasa\/be4b6ea2-8ab9-4034-9793-deda1b50d07d\/'><img loading=\"lazy\" decoding=\"async\" width=\"150\" height=\"150\" src=\"https:\/\/www.radiopiu.net\/wordpress\/wp-content\/uploads\/2022\/07\/be4b6ea2-8ab9-4034-9793-deda1b50d07d-150x150.jpg\" class=\"attachment-thumbnail size-thumbnail\" alt=\"\" \/><\/a>\n\t\t\t\t<\/dt><\/dl><dl class='gallery-item'>\n\t\t\t\t<dt class='gallery-icon landscape'>\n\t\t\t\t\t<a class=\"rollover\" href='https:\/\/www.radiopiu.net\/wordpress\/giornale-radiopiu-07-luglio-2022-direttore-mirko-mezzacasa\/fafdf074-2983-4453-bf9f-bd3ed1ca5ed5\/'><img loading=\"lazy\" decoding=\"async\" width=\"150\" height=\"150\" src=\"https:\/\/www.radiopiu.net\/wordpress\/wp-content\/uploads\/2022\/07\/fafdf074-2983-4453-bf9f-bd3ed1ca5ed5-150x150.jpg\" class=\"attachment-thumbnail size-thumbnail\" alt=\"\" \/><\/a>\n\t\t\t\t<\/dt><\/dl><br style=\"clear: both\" \/>\n\t\t\t<\/div>\n\n<p>&nbsp;<\/p>\n<p>&nbsp;<\/p>\n<p>&nbsp;<\/p>\n<p>&nbsp;<\/p>\n<hr \/>\n<p>&nbsp;<\/p>\n<blockquote>\n<h3>RIECCO IL CIRCO PATUFF<\/h3>\n<\/blockquote>\n<p><strong>CESIOMAGGIORE<\/strong> La nuova stagione del Circo Patuft riparte da Cesiomaggiore via Pradenich (impianto sportivo). Dal 15 al 24 luglio sar\u00e0 presentato lo spettacolo\u00a0 SO\u00d1AMBULA. Unica tappa nel bellunese.<em> &#8220;Volevamo come ogni anno tornare ad Agordo \u00a0ma non siamo riusciti, purtroppo qualche giorno fa abbiamo scoperto il disguido con il Comune\u00a0 e dopo tante telefonate per trovare una soluzione siamo rimasti fuori di Agordo&#8221;\u00a0<\/em><\/p>\n\n\t\t\t<style type='text\/css'>\n\t\t\t\t#gallery-5 {\n\t\t\t\t\tmargin: auto;\n\t\t\t\t}\n\t\t\t\t#gallery-5 .gallery-item {\n\t\t\t\t\tfloat: left;\n\t\t\t\t\tmargin-top: 10px;\n\t\t\t\t\ttext-align: center;\n\t\t\t\t\twidth: 50%;\n\t\t\t\t}\n\t\t\t\t#gallery-5 img {\n\t\t\t\t\tborder: 2px solid #cfcfcf;\n\t\t\t\t}\n\t\t\t\t#gallery-5 .gallery-caption {\n\t\t\t\t\tmargin-left: 0;\n\t\t\t\t}\n\t\t\t\t\/* see gallery_shortcode() in wp-includes\/media.php *\/\n\t\t\t<\/style>\n\t\t<div id='gallery-5' class='dt-gallery-container gallery galleryid-285619 gallery-columns-2 gallery-size-medium'><dl class='gallery-item'>\n\t\t\t\t<dt class='gallery-icon landscape'>\n\t\t\t\t\t<a class=\"rollover rollover-zoom dt-pswp-item\" title=\"fdaba42c-ba86-42a5-9677-d342383955b9\" data-dt-img-description=\"\" data-large_image_width=\"2048\" data-large_image_height=\"1457\"href='https:\/\/www.radiopiu.net\/wordpress\/wp-content\/uploads\/2022\/07\/fdaba42c-ba86-42a5-9677-d342383955b9.jpg'><img loading=\"lazy\" decoding=\"async\" width=\"300\" height=\"213\" src=\"https:\/\/www.radiopiu.net\/wordpress\/wp-content\/uploads\/2022\/07\/fdaba42c-ba86-42a5-9677-d342383955b9-300x213.jpg\" class=\"attachment-medium size-medium\" alt=\"\" srcset=\"https:\/\/www.radiopiu.net\/wordpress\/wp-content\/uploads\/2022\/07\/fdaba42c-ba86-42a5-9677-d342383955b9-300x213.jpg 300w, https:\/\/www.radiopiu.net\/wordpress\/wp-content\/uploads\/2022\/07\/fdaba42c-ba86-42a5-9677-d342383955b9-1024x729.jpg 1024w, https:\/\/www.radiopiu.net\/wordpress\/wp-content\/uploads\/2022\/07\/fdaba42c-ba86-42a5-9677-d342383955b9-768x546.jpg 768w, https:\/\/www.radiopiu.net\/wordpress\/wp-content\/uploads\/2022\/07\/fdaba42c-ba86-42a5-9677-d342383955b9-1536x1093.jpg 1536w, https:\/\/www.radiopiu.net\/wordpress\/wp-content\/uploads\/2022\/07\/fdaba42c-ba86-42a5-9677-d342383955b9.jpg 2048w\" sizes=\"auto, (max-width: 300px) 100vw, 300px\" \/><\/a>\n\t\t\t\t<\/dt><\/dl><dl class='gallery-item'>\n\t\t\t\t<dt class='gallery-icon landscape'>\n\t\t\t\t\t<a class=\"rollover rollover-zoom dt-pswp-item\" title=\"a7e9afaa-9f08-4745-bfd4-4d1e25fd9a2f\" data-dt-img-description=\"\" data-large_image_width=\"1772\" data-large_image_height=\"1264\"href='https:\/\/www.radiopiu.net\/wordpress\/wp-content\/uploads\/2022\/07\/a7e9afaa-9f08-4745-bfd4-4d1e25fd9a2f.jpg'><img loading=\"lazy\" decoding=\"async\" width=\"300\" height=\"214\" src=\"https:\/\/www.radiopiu.net\/wordpress\/wp-content\/uploads\/2022\/07\/a7e9afaa-9f08-4745-bfd4-4d1e25fd9a2f-300x214.jpg\" class=\"attachment-medium size-medium\" alt=\"\" srcset=\"https:\/\/www.radiopiu.net\/wordpress\/wp-content\/uploads\/2022\/07\/a7e9afaa-9f08-4745-bfd4-4d1e25fd9a2f-300x214.jpg 300w, https:\/\/www.radiopiu.net\/wordpress\/wp-content\/uploads\/2022\/07\/a7e9afaa-9f08-4745-bfd4-4d1e25fd9a2f-1024x730.jpg 1024w, https:\/\/www.radiopiu.net\/wordpress\/wp-content\/uploads\/2022\/07\/a7e9afaa-9f08-4745-bfd4-4d1e25fd9a2f-768x548.jpg 768w, https:\/\/www.radiopiu.net\/wordpress\/wp-content\/uploads\/2022\/07\/a7e9afaa-9f08-4745-bfd4-4d1e25fd9a2f-1536x1096.jpg 1536w, https:\/\/www.radiopiu.net\/wordpress\/wp-content\/uploads\/2022\/07\/a7e9afaa-9f08-4745-bfd4-4d1e25fd9a2f.jpg 1772w\" sizes=\"auto, (max-width: 300px) 100vw, 300px\" \/><\/a>\n\t\t\t\t<\/dt><\/dl><br style=\"clear: both\" \/>\n\t\t\t<\/div>\n\n<p>&nbsp;<\/p>\n<p>&nbsp;<\/p>\n<p>&nbsp;<\/p>\n<hr \/>\n<p>&nbsp;<\/p>\n<blockquote>\n<h3>DIARIO DI BORDO, GIORNO 3&#8230;. di Claudia Soppelsa<\/h3>\n<\/blockquote>\n<p><strong>PUNTATA03<\/strong><\/p>\n<p><strong>AUDIO, CLAUDIA SOPPELSA, GIORNO 3<\/strong><\/p>\n<audio class=\"wp-audio-shortcode\" id=\"audio-285619-7\" preload=\"none\" style=\"width: 100%;\" controls=\"controls\"><source type=\"audio\/mpeg\" src=\"https:\/\/www.radiopiu.net\/wordpress\/wp-content\/uploads\/2022\/07\/CLAUDIA3-1.mp3?_=7\" \/><a href=\"https:\/\/www.radiopiu.net\/wordpress\/wp-content\/uploads\/2022\/07\/CLAUDIA3-1.mp3\">https:\/\/www.radiopiu.net\/wordpress\/wp-content\/uploads\/2022\/07\/CLAUDIA3-1.mp3<\/a><\/audio>\n<p>&nbsp;<\/p>\n<p>&#8221; Le sensazioni sono gi\u00e0 mezze verit\u00e0&#8221; diceva Audrey Hepburn. Sono passati solo due giorni e mezzo, ma qui sembra gi\u00e0 sia passate settimane per me (forse non solo per me). E di conseguenza le sensazioni e le emozioni cominciano ad uscire per quello che sono, a volte belle e a volte meno belle. Mi piace immaginare questo viaggio come uno spazio dove ognuno pu\u00f2 essere quello che \u00e8, dove sto ad assistere da fuori allo spettacolo che i ragazzi mettono in scena e io intervengo solo in caso di pericolo o bisogno. Anche se non \u00e8 facile trattenersi dalla tentazione di intervenire sempre! Noi in quanto montanari veniamo da una cultura che promuove il sacrificio, la resistenza, la resilienza, la responsabilit\u00e0. Dire a qualcuno &#8220;Quello l\u00ec \u00e8 un grande lavoratore!&#8221; \u00e8 un gran bel complimento. Mostrare le proprie debolezze in pubblico al contrario non \u00e8 ritenuta una cosa bella, perci\u00f2 si tende a trattenere. Il problema \u00e8 che a lungo andare il rischio \u00e8 quello di implodere. Ricordo in Spagna (ma in Sud Italia e nel sud del mondo in generale) invece era abbastanza comune vedere persone piangere per strada, non c&#8217;era nulla di cui vergognarsi. Auguro al nostro gruppo in questi giorni di lasciar fluire tutte le emozioni e le sensazioni a pieno per quello che sono: gioia, allegria, nostalgia, tristezza, rabbia, divertimento, paura, serenit\u00e0, sicurezza, frustrazione, noia saranno le nostre compagne e maestre di questa esperienza<\/p>\n\n\t\t\t<style type='text\/css'>\n\t\t\t\t#gallery-6 {\n\t\t\t\t\tmargin: auto;\n\t\t\t\t}\n\t\t\t\t#gallery-6 .gallery-item {\n\t\t\t\t\tfloat: left;\n\t\t\t\t\tmargin-top: 10px;\n\t\t\t\t\ttext-align: center;\n\t\t\t\t\twidth: 25%;\n\t\t\t\t}\n\t\t\t\t#gallery-6 img {\n\t\t\t\t\tborder: 2px solid #cfcfcf;\n\t\t\t\t}\n\t\t\t\t#gallery-6 .gallery-caption {\n\t\t\t\t\tmargin-left: 0;\n\t\t\t\t}\n\t\t\t\t\/* see gallery_shortcode() in wp-includes\/media.php *\/\n\t\t\t<\/style>\n\t\t<div id='gallery-6' class='dt-gallery-container gallery galleryid-285619 gallery-columns-4 gallery-size-thumbnail'><dl class='gallery-item'>\n\t\t\t\t<dt class='gallery-icon landscape'>\n\t\t\t\t\t<a class=\"rollover rollover-zoom dt-pswp-item\" title=\"21b7082b-dd5a-438f-a590-b50d933b1786\" data-dt-img-description=\"\" data-large_image_width=\"1600\" data-large_image_height=\"1200\"href='https:\/\/www.radiopiu.net\/wordpress\/wp-content\/uploads\/2022\/07\/21b7082b-dd5a-438f-a590-b50d933b1786-1.jpg'><img loading=\"lazy\" decoding=\"async\" width=\"150\" height=\"150\" src=\"https:\/\/www.radiopiu.net\/wordpress\/wp-content\/uploads\/2022\/07\/21b7082b-dd5a-438f-a590-b50d933b1786-1-150x150.jpg\" class=\"attachment-thumbnail size-thumbnail\" alt=\"\" \/><\/a>\n\t\t\t\t<\/dt><\/dl><dl class='gallery-item'>\n\t\t\t\t<dt class='gallery-icon landscape'>\n\t\t\t\t\t<a class=\"rollover rollover-zoom dt-pswp-item\" title=\"42a9cd8a-0cb5-45e7-82d4-885a216f5bfd\" data-dt-img-description=\"\" data-large_image_width=\"1600\" data-large_image_height=\"1200\"href='https:\/\/www.radiopiu.net\/wordpress\/wp-content\/uploads\/2022\/07\/42a9cd8a-0cb5-45e7-82d4-885a216f5bfd-1.jpg'><img loading=\"lazy\" decoding=\"async\" width=\"150\" height=\"150\" src=\"https:\/\/www.radiopiu.net\/wordpress\/wp-content\/uploads\/2022\/07\/42a9cd8a-0cb5-45e7-82d4-885a216f5bfd-1-150x150.jpg\" class=\"attachment-thumbnail size-thumbnail\" alt=\"\" \/><\/a>\n\t\t\t\t<\/dt><\/dl><dl class='gallery-item'>\n\t\t\t\t<dt class='gallery-icon landscape'>\n\t\t\t\t\t<a class=\"rollover rollover-zoom dt-pswp-item\" title=\"b421e7da-7c19-4a8a-8df1-efd61efe3fae\" data-dt-img-description=\"\" data-large_image_width=\"1600\" data-large_image_height=\"1200\"href='https:\/\/www.radiopiu.net\/wordpress\/wp-content\/uploads\/2022\/07\/b421e7da-7c19-4a8a-8df1-efd61efe3fae-1.jpg'><img loading=\"lazy\" decoding=\"async\" width=\"150\" height=\"150\" src=\"https:\/\/www.radiopiu.net\/wordpress\/wp-content\/uploads\/2022\/07\/b421e7da-7c19-4a8a-8df1-efd61efe3fae-1-150x150.jpg\" class=\"attachment-thumbnail size-thumbnail\" alt=\"\" \/><\/a>\n\t\t\t\t<\/dt><\/dl><dl class='gallery-item'>\n\t\t\t\t<dt class='gallery-icon landscape'>\n\t\t\t\t\t<a class=\"rollover rollover-zoom dt-pswp-item\" title=\"8ea665e7-e2f8-4dc7-8d2e-7b029f377047\" data-dt-img-description=\"\" data-large_image_width=\"1600\" data-large_image_height=\"1200\"href='https:\/\/www.radiopiu.net\/wordpress\/wp-content\/uploads\/2022\/07\/8ea665e7-e2f8-4dc7-8d2e-7b029f377047.jpg'><img loading=\"lazy\" decoding=\"async\" width=\"150\" height=\"150\" src=\"https:\/\/www.radiopiu.net\/wordpress\/wp-content\/uploads\/2022\/07\/8ea665e7-e2f8-4dc7-8d2e-7b029f377047-150x150.jpg\" class=\"attachment-thumbnail size-thumbnail\" alt=\"\" \/><\/a>\n\t\t\t\t<\/dt><\/dl><br style=\"clear: both\" \/>\n\t\t\t<\/div>\n\n<p><strong>LA RACCOLTA COMPLETA<\/strong><\/p>\n<p>&nbsp;<\/p>\n<blockquote class=\"wp-embedded-content\" data-secret=\"95a9038mW0\"><p><a href=\"https:\/\/www.radiopiu.net\/wordpress\/diario-di-bordo-giorno-2a\/\">DIARIO DI BORDO, GIORNO 3&#8230;. di Claudia Soppelsa<\/a><\/p><\/blockquote>\n<p><iframe loading=\"lazy\" class=\"wp-embedded-content\" sandbox=\"allow-scripts\" security=\"restricted\" style=\"position: absolute; clip: rect(1px, 1px, 1px, 1px);\" title=\"&#8220;DIARIO DI BORDO, GIORNO 3&#8230;. di Claudia Soppelsa&#8221; &#8212; Radio Pi\u00f9\" src=\"https:\/\/www.radiopiu.net\/wordpress\/diario-di-bordo-giorno-2a\/embed\/#?secret=PZC0RwV0RZ#?secret=95a9038mW0\" data-secret=\"95a9038mW0\" width=\"600\" height=\"338\" frameborder=\"0\" marginwidth=\"0\" marginheight=\"0\" scrolling=\"no\"><\/iframe><\/p>\n<p>&nbsp;<\/p>\n<p>&nbsp;<\/p>\n<hr \/>\n<p>&nbsp;<\/p>\n<blockquote>\n<h3>DUE GIORNI DI FESTA CON LA FESTA DI SAN LUCANO<\/h3>\n<\/blockquote>\n<p><strong>TAIBON<\/strong> Comune di Taibon, Pro Loco, Gruppo Sportivo, Donatori del sangue di Taibon e Radio Pi\u00f9 organizzano la Festa di San Lucano. Sabato 16 luglio dalle 15 alle 20 la pesca di beneficenza presso la Casa di San Lucano, alle 18 la partenza della Minicorrinvalle riservata ai ragazzi dai 6 ai 13 anni (gadget e buono pasto presso la sagra a tutti i partecipanti), alle 19 apertura dello stand gastronomico e musica con Cosmo, Roberto e Lucia. Domenica alle 11 la santa messa, dalle 10 alle 20 la pesca di beneficenza presso la Casa di San Lucano, alle 12 apertura dello stand gastronomico, alle 15 i giochi di una volta con i pompieri volontari di Agordo e alle 19 i piatti tipici. Dal pomeriggio musica con Eros. Per la corrinvalle versione adulti l&#8217;appuntamento \u00e8 posticipato al 2023.<\/p>\n<p>&nbsp;<\/p>\n<p>&nbsp;<\/p>\n<hr \/>\n<p>&nbsp;<\/p>\n<blockquote>\n<h3>DOMENICA 17 LUGLIO LE COMMEMORAZIONI DEL SACRIFICIO DEI PARTIGIANI<\/h3>\n<\/blockquote>\n<p><strong><a class=\"dt-pswp-item\" href=\"https:\/\/www.radiopiu.net\/wordpress\/wp-content\/uploads\/2022\/07\/partigiani-San-Felice.jpg\" data-dt-img-description=\"\" data-large_image_width=\"768\" data-large_image_height=\"375\"><img loading=\"lazy\" decoding=\"async\" class=\"size-thumbnail wp-image-284766 alignleft\" src=\"https:\/\/www.radiopiu.net\/wordpress\/wp-content\/uploads\/2022\/07\/partigiani-San-Felice-150x150.jpg\" alt=\"\" width=\"150\" height=\"150\" \/><\/a>SEDICO\/BORGO VALBELLUNA<\/strong><\/p>\n<p>di Roberto Bona<\/p>\n<audio class=\"wp-audio-shortcode\" id=\"audio-285619-8\" preload=\"none\" style=\"width: 100%;\" controls=\"controls\"><source type=\"audio\/mpeg\" src=\"https:\/\/www.radiopiu.net\/wordpress\/wp-content\/uploads\/2022\/07\/BONA-LE-COMMEMORAZIONE-DEL-SACRIFICIO-DEI-PARTIGIANI.mp3?_=8\" \/><a href=\"https:\/\/www.radiopiu.net\/wordpress\/wp-content\/uploads\/2022\/07\/BONA-LE-COMMEMORAZIONE-DEL-SACRIFICIO-DEI-PARTIGIANI.mp3\">https:\/\/www.radiopiu.net\/wordpress\/wp-content\/uploads\/2022\/07\/BONA-LE-COMMEMORAZIONE-DEL-SACRIFICIO-DEI-PARTIGIANI.mp3<\/a><\/audio>\n<p>&nbsp;<\/p>\n<hr \/>\n<p>&nbsp;<\/p>\n<h2><\/h2>\n<h2><strong><a class=\"dt-pswp-item\" href=\"https:\/\/www.radiopiu.net\/wordpress\/wp-content\/uploads\/2022\/07\/El_Canal_de_Agort.jpg\" data-dt-img-description=\"\" data-large_image_width=\"1600\" data-large_image_height=\"1200\"><img loading=\"lazy\" decoding=\"async\" class=\"alignleft wp-image-285516 \" src=\"https:\/\/www.radiopiu.net\/wordpress\/wp-content\/uploads\/2022\/07\/El_Canal_de_Agort-300x225.jpg\" alt=\"\" width=\"169\" height=\"127\" srcset=\"https:\/\/www.radiopiu.net\/wordpress\/wp-content\/uploads\/2022\/07\/El_Canal_de_Agort-300x225.jpg 300w, https:\/\/www.radiopiu.net\/wordpress\/wp-content\/uploads\/2022\/07\/El_Canal_de_Agort-1024x768.jpg 1024w, https:\/\/www.radiopiu.net\/wordpress\/wp-content\/uploads\/2022\/07\/El_Canal_de_Agort-768x576.jpg 768w, https:\/\/www.radiopiu.net\/wordpress\/wp-content\/uploads\/2022\/07\/El_Canal_de_Agort-1536x1152.jpg 1536w, https:\/\/www.radiopiu.net\/wordpress\/wp-content\/uploads\/2022\/07\/El_Canal_de_Agort.jpg 1600w\" sizes=\"auto, (max-width: 169px) 100vw, 169px\" \/><\/a><\/strong><span style=\"color: #666699;\">EL CANAL DE AGORT, LA MOSTRA<\/span><\/h2>\n<p><strong>DI CLAUDIO FONTANIVE<\/strong><\/p>\n<p>OSPITE: Gabriele Fogliata e Manuel Conodera<\/p>\n<audio class=\"wp-audio-shortcode\" id=\"audio-285619-9\" preload=\"none\" style=\"width: 100%;\" controls=\"controls\"><source type=\"audio\/mpeg\" src=\"https:\/\/www.radiopiu.net\/wordpress\/wp-content\/uploads\/2022\/07\/arca-fogliata-conedera-4-luglio.mp3?_=9\" \/><a href=\"https:\/\/www.radiopiu.net\/wordpress\/wp-content\/uploads\/2022\/07\/arca-fogliata-conedera-4-luglio.mp3\">https:\/\/www.radiopiu.net\/wordpress\/wp-content\/uploads\/2022\/07\/arca-fogliata-conedera-4-luglio.mp3<\/a><\/audio>\n<p>&nbsp;<\/p>\n<p>&nbsp;<\/p>\n<p>&nbsp;<\/p>\n<p>&nbsp;<\/p>\n<hr \/>\n<p>&nbsp;<\/p>\n<blockquote>\n<h3>GLI ALPINI DI CENCENIGHE IN TRASFERTA AD ASIAGO<\/h3>\n<\/blockquote>\n<p><strong>CENCENIGHE<\/strong> \u00c8 in programma per domenica 10 luglio una trasferta ad Asiago per gli alpini di Cencenighe per partecipare al Raduno Triveneto. Soci e simpatizzanti possono aderire alla trasferta scrivendo una mail a segreteria@anacencenighe.it o contattando il 349 9551910 o il 338 9871535. La quota di partecipazione \u00e8 di 30 euro. Il programma: ritrovo al Nof Fil\u00f2 alle 6:20 e partenza alle 6:30, arrivo verso le 9 ad Asiago e rientro in tarda serata.<\/p>\n<p>&nbsp;<\/p>\n<p>&nbsp;<\/p>\n<p>&nbsp;<\/p>\n<hr \/>\n<p>&nbsp;<\/p>\n<blockquote>\n<h3>GLI APPUNTAMENTI AL CASTELLO DI ANDRAZ<\/h3>\n<\/blockquote>\n<p><strong>LIVINALLONGO<\/strong> Questi gli appuntamenti al Castello di Andraz per i prossimi giorni. Domani alle ore 16:00 \u201cGli dei dell\u2019Olimpo\u201d, spettacolo itinerante con Ana-Thema Teatro (UD).<\/p>\n<p>&nbsp;<\/p>\n<p>&nbsp;<\/p>\n<hr \/>\n<p>&nbsp;<\/p>\n<blockquote>\n<h3>EL CANAL DE AGORT<\/h3>\n<\/blockquote>\n<p><strong>AGORDO<\/strong> Presso il museo in via 5 maggio ad Agordo si pu\u00f2 visitare la mostra &#8220;El Canal De Agort&#8221; storia ed archeologia da San Gottardo alla Conca Agordina. La mostra \u00e8 visitabile dal gioved\u00ec alla domenica dalle 9:30 alle 12:30 e dall 16 alle 19 fino al 4 settembre.<\/p>\n<p>&nbsp;<\/p>\n<p>&nbsp;<\/p>\n<hr \/>\n<p>&nbsp;<\/p>\n<blockquote>\n<h3>AD ALLEGHE LA PRESENTAZIONE DEL NUOVO LIBRO DI LAURA DALLA TORRE<\/h3>\n<\/blockquote>\n<p><strong>ALLEGHE<\/strong> Sabato 9 luglio a partire dalle 18 in sala Stoppani delle scuole elementari ad Alleghe verr\u00e0 presentato il nuovo libro di Laura Dalla Torre dal titolo &#8220;La vita con il pelmo &#8211; Agn pasai auna co l pelf&#8221;. Presenter\u00e0 la serata Celestino Vallazza<\/p>\n<p>&nbsp;<\/p>\n<p>&nbsp;<\/p>\n<hr \/>\n<p>&nbsp;<\/p>\n<blockquote>\n<h3>LUGLIO JAZZ A BELLUNO<\/h3>\n<\/blockquote>\n<p><strong><a class=\"dt-pswp-item\" href=\"https:\/\/www.radiopiu.net\/wordpress\/wp-content\/uploads\/2022\/07\/KAIMANI-DEL-PIAVE.jpg\" data-dt-img-description=\"\" data-large_image_width=\"1167\" data-large_image_height=\"842\"><img loading=\"lazy\" decoding=\"async\" class=\"alignleft wp-image-285675 \" src=\"https:\/\/www.radiopiu.net\/wordpress\/wp-content\/uploads\/2022\/07\/KAIMANI-DEL-PIAVE-300x216.jpg\" alt=\"\" width=\"143\" height=\"103\" srcset=\"https:\/\/www.radiopiu.net\/wordpress\/wp-content\/uploads\/2022\/07\/KAIMANI-DEL-PIAVE-300x216.jpg 300w, https:\/\/www.radiopiu.net\/wordpress\/wp-content\/uploads\/2022\/07\/KAIMANI-DEL-PIAVE-1024x739.jpg 1024w, https:\/\/www.radiopiu.net\/wordpress\/wp-content\/uploads\/2022\/07\/KAIMANI-DEL-PIAVE-768x554.jpg 768w, https:\/\/www.radiopiu.net\/wordpress\/wp-content\/uploads\/2022\/07\/KAIMANI-DEL-PIAVE.jpg 1167w\" sizes=\"auto, (max-width: 143px) 100vw, 143px\" \/><\/a>BELLUNO <\/strong>Ritorna a Belluno Luglio Jazz! la fortunata rassegna di musica jazz e dintorni del Circolo Culturale Bellunese, che questo luglio porta sul palco 4 concerti, il 10-17-24-31 luglio, in diverse <em>location<\/em> estive, sempre di domenica, 32\u00aa edizione dei Concerti in Villa e nelle Corti. Dopo l&#8217;unanime successo di critica e pubblico dell&#8217;edizione 2021, Stefano Battorti rilancia, a grande richiesta, con il luglio jazz bellunese. Ad aprire la rassegna \u00e8 proprio la sua formazione, i Kaimani del Piave Blues Band, che domenica 10 luglio, ore 17:30, suona all&#8217;Anfiteatro del Ristorante &#8220;Al Borgo&#8221;. Informazioni e biglietti: Agenzia Alpe Bellunese: tel. 0437 940407, E-mail: info@alpebellunese.it. \u00c8 gradita la prenotazione. Pagamento biglietto in agenzia o all\u2019ingresso del concerto.<\/p>\n<p>&nbsp;<\/p>\n<p>&nbsp;<\/p>\n<hr \/>\n<p>&nbsp;<\/p>\n<blockquote>\n<h3>INAUGURAZIONE DELLA MOSTRA &#8220;DALLA CURA DELLA TERRA&#8221;<\/h3>\n<\/blockquote>\n<p><strong>BELLUNO<\/strong> Elena Modena e Maurizio Tulliani inaugureranno e presenteranno la mostra \u201cDalla cura della Terra alla salute del Corpo e dell\u2019Anima\u201d, domenica 10 luglio, alle 18.30, nel chiostro della chiesa di S. Giovanni Battista a Serravalle di Vittorio Veneto. La mostra rester\u00e0 aperta fino al 31 luglio. Marted\u00ec 12 luglio, nella stessa sede alle 20.30, Tulliani approfondir\u00e0 il senso della mostra con un \u201cPercorso sulle tavole miniate del Tacuinum Sanitatis\u201d, con una specifica relazione sul prezioso e storico documento, da cui sono ricavate i giganti pannelli esposti nel chiostro.<\/p>\n<p>&nbsp;<\/p>\n<hr \/>\n<p>&nbsp;<\/p>\n<blockquote>\n<h3>LA SETTIMANA DEDICATA ALLA MADONNA DEL CARMINE SI APRE CON LA MUSICA<\/h3>\n<\/blockquote>\n<p><strong>BELLUNO<\/strong> Si avvia con un concerto, sabato sera alle ore 21, nella chiesa di S. Giovanni Battista di Serravalle, la tradizionale e solenne celebrazione della settimana dedicata alla Madonna del Carmine, la cui festa liturgica cade il 16, ma il culmine \u00e8 la domenica 17 luglio. Il concerto ha come protagonisti Isacco Cettolin all\u2019organo e Chiara Cardelli al violoncello.<\/p>\n<p>&nbsp;<\/p>\n<hr \/>\n<p>&nbsp;<\/p>\n<blockquote>\n<h3>ECHI DI CORI A MALGA CIAPELA<\/h3>\n<\/blockquote>\n<p><strong>ROCCA PIETORE<\/strong> Sabato 16 luglio a Malga Gran PIan in localit\u00e0 Malga Ciapela e a Sottoguda, il Coro Luned\u00ec di Roma sar\u00e0 in concerto per &#8220;Echi di Cori&#8221;. Alle 11 appuntamento a Malga Ciapela mentre alle 16 la location sar\u00e0 il Borgo di Sottoguda. Entrata a offerta libera.<\/p>\n<p>&nbsp;<\/p>\n<p>&nbsp;<\/p>\n<hr \/>\n<p>&nbsp;<\/p>\n<blockquote>\n<h3>LA MOSTRA DI ALBINO MEZZACASA A CENCENIGHE<\/h3>\n<\/blockquote>\n<p><strong>CENCENIGHE<\/strong> Sar\u00e0 visitabile dal 23 luglio e fino al 14 agosto la mostra di scultura di Albino Mezzacasa presso il Nof Fil\u00f2 di Cencenighe. Gli orari delle visite: nei giorni feriali dalle 17:30 alle 21, sabato e domenica dalle 10 alle 12 e dalle 17:30 alle 21.<\/p>\n<p>&nbsp;<\/p>\n<hr \/>\n<p>&nbsp;<\/p>\n<blockquote>\n<h3>ZANGRANDO E IL RICORDO DELLA VALLE DEL PIAVE DOVE MUOVEVANO LE ZATTERE<\/h3>\n<\/blockquote>\n<p><strong>di\u00a0 RENATO BONA<\/strong><\/p>\n<p>\u201cValle del Piave. L\u00e0 dove muovevano le zattere\u201d. E\u2019 il titolo del pregevole \u201ccontributo\u201d che il giornalista Fiorello Zangrando (mio primo capo redazione a Il Gazzettino \u2013 ndr.) ha dato al prezioso libro \u201cBelluno. Viaggio intorno a una provincia\u201d edito nel marzo 1989 (seconda edizione nell\u2019agosto dello stesso anno) per l\u2019Amministrazione provinciale bellunese con la Libreria Pilotto editrice di Feltre, fotolito Eurocrom di Villorba, composizione tipografia Piave di Belluno, stampato da Graphic Group di Feltre, fotografie di: Cadorin, Dalla Giustina, De Vido, Riva e Sovilla, per il coordinamento editoriale di Maurizio Busatta. Hanno collaborato con altri servizi: Giovan Battista Pellegrini, Dino Conti, Silvio Guarnieri, Adriano Sernagiotto, Giuseppe Sorge, Ulderico Bernardi, Gian Candido De Martin, Giancarlo Pagogna, Lucio Eicher Clere, Mario Ferruccio Belli. Zangrando parte dal Ponte Cadore, che definisce \u201cmanufatto arditissimo che come un aliante traghetta dal centro della piccola patria d\u2019un balzo alla vallata suggestiva di Caralte, antico borgo di pastori, sede di una delle pi\u00f9 autentiche Regole\u2026\u201d e del quale ricorda che \u201cil viadotto, sistema ad arco telaio, a quota 184, \u00e8 lungo 272 metri, fu progettato da Pietro e Giuseppe Matildi, ed inaugurato nel 1985 (consulente geologico il cadorino Gianangelo Cargnel, originario di Pozzale)\u201d.Si sofferma quindi a rievocare pagine di storia di Perarolo (suo paese natale) che \u201csulla fine del secolo scorso vantava la fama di centro industriale pi\u00f9 fiorente del Cadore e coi suoi palazzi e le sue famiglie borghesi divent\u00f2 anche localit\u00e0 turistica soprattutto ad opera della fama acquistata per i soggiorni a palazzo Lazzaris della Regina Margherita col Principe di Napoli, il futuro Vittorio Emanuele III, avvenuti nel 1881 e nel 1882\u201d. Tuttavia: i progressi tecnici tra il 1920 e il 1938 spostarono altrove il centro commerciale del legname e gettarono il paese sul piano d\u2019una economia senza vie d\u2019uscita. Quanto ai fatti d\u2019arme, Zangrando non trascura di dire che i pi\u00f9 importanti sono stati la battaglia di Perarolo, combattuta tra francesi ed austriaci il 10 maggio 1809 e le battaglie di Rucorvo dell\u20198 e 28 maggio 1848. Nel 1915 Perarolo offr\u00ec al reparto dei Volontari Alpini del Cadore il maggior contingente di uomini, esattamente 21. Alla causa della Resistenza il paese ha poi dato un elevato numero di partigiani e di caduti. Numerosi e tutti di qualit\u00e0 gli altri spunti proposti dal noto giornalista, purtroppo mancato. Uno per tutti il ricordo del fatto che intorno al Mille nacque il centro di Termine, la cui origine \u00e8 da ricercare nel posto di blocco, frontiere ed uffici daziari che l\u00e0 erano impiantati a seguito della divisione tra Cadore e Belluno operata per\u00f2 gi\u00e0 secoli prima. E siamo al 1824 quando Candido Coletti fondava a Sottospitale lo stabilimento per la segagione del legname, che da lui prese il nome di Candidopoli, primo stabilimento industriale del legname in tutta la provincia, \u201cche improvvida amministrazione distrusse brutalmente\u201d. E Ospitale, un tempo centro industriale e commerciale per la fluitazione e il taglio del legname, con l\u2019avvento del progresso tecnico \u00e8 andato ogni anno sempre pi\u00f9 spopolandosi e la sua gente si \u00e8 trasferita un po\u2019 dovunque nel mondo\u2026\u201d. Nel suo \u201cviaggio\u201d il collega ed amico Fiorello approda anche a Castellavazzo e quindi a Longarone, tristemente noto quest\u2019ultimo per la immane catastrofe del Vajont del 9 ottobre 1963 con devastazioni e quasi duemila vittime provocate dall\u201donda maledetta\u201d che a seguito di una frana dal monte Toc scavalc\u00f2 la diga e si abbatt\u00e9 a valle devastando il Longaronese e non solo. Non trascurando Codissago, dove nel 1948 fu scoperta una piccola necropoli romana, e neppure Soverzene che \u201cnel 1806 si emancip\u00f2 amministrativamente da Castellavazzo e il 1. luglio 1799 ebbe curazia dipendente dalla parrocchia di Longarone. Ricorda quindi che la centrale idroelettrica porta il nome di Achille Gaggia da Feltre il quale con Giuseppe Volpi e Vittorio Cini costitu\u00ec la \u201cTrinit\u00e0 della Sade\u201d che tanta parte ha avuto nello sfruttamento dei fiumi bellunesi a scopo idroelettrico. Conclusione in quel di Ponte nelle Alpi il cui territorio fino al 1807 si disse Pieve di Fr\u00f9sseda e quindi fino al 1867 Capodiponte. L\u2019autore del capitolo non trascura di dire dei cospicui ritrovamenti archeologici romani nel territorio: a Cugnan punte di selce che indicano la presenza di cacciatori e agricoltori intorno al 2000 avanti Cristo; a Casan oggetti di bronzo in forma di goccioline, cerchietti di ferro, perline di vetro, vasi e cocci, un vaso di bronzo nel 1932, una tomba con iscrizione. A Polpet nel 1878 una tomba con piccoli loculi contenenti vasi di metallo, vasi di Creta con ossa bruciate. Altre due tombe nel 1880; ritrovamenti anche a Soccher (caverna con attrezzi da officina), a Cadola e a Canevoi dove fu recuperata una situla con iscrizione paleoveneta.<\/p>\n\n\t\t\t<style type='text\/css'>\n\t\t\t\t#gallery-7 {\n\t\t\t\t\tmargin: auto;\n\t\t\t\t}\n\t\t\t\t#gallery-7 .gallery-item {\n\t\t\t\t\tfloat: left;\n\t\t\t\t\tmargin-top: 10px;\n\t\t\t\t\ttext-align: center;\n\t\t\t\t\twidth: 20%;\n\t\t\t\t}\n\t\t\t\t#gallery-7 img {\n\t\t\t\t\tborder: 2px solid #cfcfcf;\n\t\t\t\t}\n\t\t\t\t#gallery-7 .gallery-caption {\n\t\t\t\t\tmargin-left: 0;\n\t\t\t\t}\n\t\t\t\t\/* see gallery_shortcode() in wp-includes\/media.php *\/\n\t\t\t<\/style>\n\t\t<div id='gallery-7' class='dt-gallery-container gallery galleryid-285619 gallery-columns-5 gallery-size-thumbnail'><dl class='gallery-item'>\n\t\t\t\t<dt class='gallery-icon portrait'>\n\t\t\t\t\t<a class=\"rollover\" href='https:\/\/www.radiopiu.net\/wordpress\/giornale-radiopiu-07-luglio-2022-direttore-mirko-mezzacasa\/291705488_413802167428764_1044086142144772604_n\/'><img loading=\"lazy\" decoding=\"async\" width=\"150\" height=\"150\" src=\"https:\/\/www.radiopiu.net\/wordpress\/wp-content\/uploads\/2022\/07\/291705488_413802167428764_1044086142144772604_n-150x150.jpg\" class=\"attachment-thumbnail size-thumbnail\" alt=\"\" \/><\/a>\n\t\t\t\t<\/dt><\/dl><dl class='gallery-item'>\n\t\t\t\t<dt class='gallery-icon landscape'>\n\t\t\t\t\t<a class=\"rollover\" href='https:\/\/www.radiopiu.net\/wordpress\/giornale-radiopiu-07-luglio-2022-direttore-mirko-mezzacasa\/291836386_357415839803596_629465340611392052_n\/'><img loading=\"lazy\" decoding=\"async\" width=\"150\" height=\"150\" src=\"https:\/\/www.radiopiu.net\/wordpress\/wp-content\/uploads\/2022\/07\/291836386_357415839803596_629465340611392052_n-150x150.jpg\" class=\"attachment-thumbnail size-thumbnail\" alt=\"\" \/><\/a>\n\t\t\t\t<\/dt><\/dl><dl class='gallery-item'>\n\t\t\t\t<dt class='gallery-icon portrait'>\n\t\t\t\t\t<a class=\"rollover\" href='https:\/\/www.radiopiu.net\/wordpress\/giornale-radiopiu-07-luglio-2022-direttore-mirko-mezzacasa\/292156069_541788787735737_5612637539584589263_n\/'><img loading=\"lazy\" decoding=\"async\" width=\"150\" height=\"150\" src=\"https:\/\/www.radiopiu.net\/wordpress\/wp-content\/uploads\/2022\/07\/292156069_541788787735737_5612637539584589263_n-150x150.jpg\" class=\"attachment-thumbnail size-thumbnail\" alt=\"\" \/><\/a>\n\t\t\t\t<\/dt><\/dl><dl class='gallery-item'>\n\t\t\t\t<dt class='gallery-icon landscape'>\n\t\t\t\t\t<a class=\"rollover\" href='https:\/\/www.radiopiu.net\/wordpress\/giornale-radiopiu-07-luglio-2022-direttore-mirko-mezzacasa\/291772821_326104573051395_4395645231841227067_n\/'><img loading=\"lazy\" decoding=\"async\" width=\"150\" height=\"150\" src=\"https:\/\/www.radiopiu.net\/wordpress\/wp-content\/uploads\/2022\/07\/291772821_326104573051395_4395645231841227067_n-150x150.jpg\" class=\"attachment-thumbnail size-thumbnail\" alt=\"\" \/><\/a>\n\t\t\t\t<\/dt><\/dl><dl class='gallery-item'>\n\t\t\t\t<dt class='gallery-icon portrait'>\n\t\t\t\t\t<a class=\"rollover\" href='https:\/\/www.radiopiu.net\/wordpress\/giornale-radiopiu-07-luglio-2022-direttore-mirko-mezzacasa\/291699599_437192798310204_7022124871078259362_n\/'><img loading=\"lazy\" decoding=\"async\" width=\"150\" height=\"150\" src=\"https:\/\/www.radiopiu.net\/wordpress\/wp-content\/uploads\/2022\/07\/291699599_437192798310204_7022124871078259362_n-150x150.jpg\" class=\"attachment-thumbnail size-thumbnail\" alt=\"\" \/><\/a>\n\t\t\t\t<\/dt><\/dl><br style=\"clear: both\" \/><dl class='gallery-item'>\n\t\t\t\t<dt class='gallery-icon landscape'>\n\t\t\t\t\t<a class=\"rollover\" href='https:\/\/www.radiopiu.net\/wordpress\/giornale-radiopiu-07-luglio-2022-direttore-mirko-mezzacasa\/291673529_1273691796760520_1285540321244489957_n\/'><img loading=\"lazy\" decoding=\"async\" width=\"150\" height=\"150\" src=\"https:\/\/www.radiopiu.net\/wordpress\/wp-content\/uploads\/2022\/07\/291673529_1273691796760520_1285540321244489957_n-150x150.jpg\" class=\"attachment-thumbnail size-thumbnail\" alt=\"\" \/><\/a>\n\t\t\t\t<\/dt><\/dl><dl class='gallery-item'>\n\t\t\t\t<dt class='gallery-icon portrait'>\n\t\t\t\t\t<a class=\"rollover\" href='https:\/\/www.radiopiu.net\/wordpress\/giornale-radiopiu-07-luglio-2022-direttore-mirko-mezzacasa\/291589000_1136767067188588_6194444024124143245_n\/'><img loading=\"lazy\" decoding=\"async\" width=\"150\" height=\"150\" src=\"https:\/\/www.radiopiu.net\/wordpress\/wp-content\/uploads\/2022\/07\/291589000_1136767067188588_6194444024124143245_n-150x150.jpg\" class=\"attachment-thumbnail size-thumbnail\" alt=\"\" \/><\/a>\n\t\t\t\t<\/dt><\/dl><dl class='gallery-item'>\n\t\t\t\t<dt class='gallery-icon portrait'>\n\t\t\t\t\t<a class=\"rollover\" href='https:\/\/www.radiopiu.net\/wordpress\/giornale-radiopiu-07-luglio-2022-direttore-mirko-mezzacasa\/291632647_574772560907315_8436308076991243400_n\/'><img loading=\"lazy\" decoding=\"async\" width=\"150\" height=\"150\" src=\"https:\/\/www.radiopiu.net\/wordpress\/wp-content\/uploads\/2022\/07\/291632647_574772560907315_8436308076991243400_n-150x150.jpg\" class=\"attachment-thumbnail size-thumbnail\" alt=\"\" \/><\/a>\n\t\t\t\t<\/dt><\/dl><dl class='gallery-item'>\n\t\t\t\t<dt class='gallery-icon landscape'>\n\t\t\t\t\t<a class=\"rollover\" href='https:\/\/www.radiopiu.net\/wordpress\/giornale-radiopiu-07-luglio-2022-direttore-mirko-mezzacasa\/291846421_1239601353453577_6636906315676993155_n\/'><img loading=\"lazy\" decoding=\"async\" width=\"150\" height=\"150\" src=\"https:\/\/www.radiopiu.net\/wordpress\/wp-content\/uploads\/2022\/07\/291846421_1239601353453577_6636906315676993155_n-150x150.jpg\" class=\"attachment-thumbnail size-thumbnail\" alt=\"\" \/><\/a>\n\t\t\t\t<\/dt><\/dl><dl class='gallery-item'>\n\t\t\t\t<dt class='gallery-icon landscape'>\n\t\t\t\t\t<a class=\"rollover\" href='https:\/\/www.radiopiu.net\/wordpress\/giornale-radiopiu-07-luglio-2022-direttore-mirko-mezzacasa\/291753642_365489078864033_7392129948587325095_n\/'><img loading=\"lazy\" decoding=\"async\" width=\"150\" height=\"150\" src=\"https:\/\/www.radiopiu.net\/wordpress\/wp-content\/uploads\/2022\/07\/291753642_365489078864033_7392129948587325095_n-150x150.jpg\" class=\"attachment-thumbnail size-thumbnail\" alt=\"\" \/><\/a>\n\t\t\t\t<\/dt><\/dl><br style=\"clear: both\" \/>\n\t\t\t<\/div>\n\n<p>NELLE FOTO (riproduzioni dal libro \u201cBelluno. Viaggio intorno a una provincia\u201d): spettacolare immagine del Ponte Cadore; gli Zattieri del Piave; \u201cgrattacieli tutto muro di Termine di Cadore; con la famosa pietra di Castellavazzo si sono realizzati monumenti, fontane, fregi, palazzi di prim\u2019ordine; in gtutta la sua freddezza d\u2019oggi la tristemente nota diga del Vajont; sulla cornice dei \u201cmurazzi\u201d di Longarone di staglia un particolare della nuova chiesa; panoramica di Longarone ricostruita dopo il Vajont; il corso del Piave visto da Soverzene; alpini rocciatori in Val Gallina; la stazione ferroviaria di Polpet.<\/p>\n<p>&nbsp;<\/p>\n<p>&nbsp;<\/p>\n<hr \/>\n<p>&nbsp;<\/p>\n<h2><span style=\"color: #ff0000;\">IERI ALLA RADIO<\/span><\/h2>\n<h2><strong><a class=\"dt-pswp-item\" href=\"https:\/\/www.radiopiu.net\/wordpress\/wp-content\/uploads\/2022\/07\/Schermata-2022-07-06-alle-09.29.26.png\" data-dt-img-description=\"\" data-large_image_width=\"1160\" data-large_image_height=\"746\"><img loading=\"lazy\" decoding=\"async\" class=\"size-thumbnail wp-image-285662 alignleft\" src=\"https:\/\/www.radiopiu.net\/wordpress\/wp-content\/uploads\/2022\/07\/Schermata-2022-07-06-alle-09.29.26-150x150.png\" alt=\"\" width=\"150\" height=\"150\" \/><\/a><span style=\"color: #33cccc;\">SABATO MUSICA CON I SINFOBIA AL BARBANERA DI AGORDO<\/span><\/strong><\/h2>\n<p><strong>DI CLAUDIO FONTANIVE<\/strong><\/p>\n<p>OSPITI: I Sinfobia<\/p>\n<audio class=\"wp-audio-shortcode\" id=\"audio-285619-10\" preload=\"none\" style=\"width: 100%;\" controls=\"controls\"><source type=\"audio\/mpeg\" src=\"https:\/\/www.radiopiu.net\/wordpress\/wp-content\/uploads\/2022\/07\/CONCERTO-BARBANERA-mercoledi-6-luglio.mp3?_=10\" \/><a href=\"https:\/\/www.radiopiu.net\/wordpress\/wp-content\/uploads\/2022\/07\/CONCERTO-BARBANERA-mercoledi-6-luglio.mp3\">https:\/\/www.radiopiu.net\/wordpress\/wp-content\/uploads\/2022\/07\/CONCERTO-BARBANERA-mercoledi-6-luglio.mp3<\/a><\/audio>\n<p>&nbsp;<\/p>\n<p>&nbsp;<\/p>\n<hr \/>\n<p>&nbsp;<\/p>\n<h2><span style=\"color: #ff00ff;\">GIROVAGANDO IN E-BIKE &#8211; SECONDA STAGIONE<\/span><\/h2>\n<p><strong class=\"photoswipe-wrapper\"><a class=\"dt-pswp-item\" href=\"https:\/\/www.radiopiu.net\/wordpress\/wp-content\/uploads\/2022\/07\/d33f8419-a190-4807-9460-00f83a74e468.jpg\" data-dt-img-description=\"\" data-large_image_width=\"2048\" data-large_image_height=\"1536\"><img loading=\"lazy\" decoding=\"async\" class=\"size-thumbnail wp-image-285670 alignleft\" src=\"https:\/\/www.radiopiu.net\/wordpress\/wp-content\/uploads\/2022\/07\/d33f8419-a190-4807-9460-00f83a74e468-150x150.jpg\" alt=\"\" width=\"150\" height=\"150\" \/><\/a>REDAZIONE<\/strong>\u00a0Tornano gli amici di Girovagando in E-Bike delle Dolomiti. Con la collaborazione di Thomas Soppelsa<\/p>\n<p><strong>PUNTATA DEL 6 LUGLIO 2022\u00a0<\/strong><\/p>\n<p>&nbsp;<\/p>\n<p>&nbsp;<\/p>\n<p>&nbsp;<\/p>\n<p><strong>AUDIO\u00a0 Thomas Soppera<\/strong><\/p>\n<audio class=\"wp-audio-shortcode\" id=\"audio-285619-11\" preload=\"none\" style=\"width: 100%;\" controls=\"controls\"><source type=\"audio\/mpeg\" src=\"https:\/\/www.radiopiu.net\/wordpress\/wp-content\/uploads\/2022\/07\/GIROVAGANDO.mp3?_=11\" \/><a href=\"https:\/\/www.radiopiu.net\/wordpress\/wp-content\/uploads\/2022\/07\/GIROVAGANDO.mp3\">https:\/\/www.radiopiu.net\/wordpress\/wp-content\/uploads\/2022\/07\/GIROVAGANDO.mp3<\/a><\/audio>\n<p>&nbsp;<\/p>\n<p><strong>LA RACCOLTA COMPLETA<\/strong><\/p>\n<blockquote class=\"wp-embedded-content\" data-secret=\"ZstwcmX4Gx\"><p><a href=\"https:\/\/www.radiopiu.net\/wordpress\/girovagando-in-e-bike-tra-le-dolomiti\/\">GIROVAGANDO IN E BIKE TRA LE DOLOMITI<\/a><\/p><\/blockquote>\n<p><iframe loading=\"lazy\" class=\"wp-embedded-content\" sandbox=\"allow-scripts\" security=\"restricted\" style=\"position: absolute; clip: rect(1px, 1px, 1px, 1px);\" title=\"&#8220;GIROVAGANDO IN E BIKE TRA LE DOLOMITI&#8221; &#8212; Radio Pi\u00f9\" src=\"https:\/\/www.radiopiu.net\/wordpress\/girovagando-in-e-bike-tra-le-dolomiti\/embed\/#?secret=8U5RwwvPdD#?secret=ZstwcmX4Gx\" data-secret=\"ZstwcmX4Gx\" width=\"600\" height=\"338\" frameborder=\"0\" marginwidth=\"0\" marginheight=\"0\" scrolling=\"no\"><\/iframe><\/p>\n<p>&nbsp;<\/p>\n<hr \/>\n<p>&nbsp;<\/p>\n<p>&nbsp;<\/p>\n<h2><span style=\"color: #008080;\">&#8220;DINTORN E FORA VIA&#8221; A CURA DEL MUSLA, IL NUOVO PROGRAMMA\u00a0 \u00a0<\/span><\/h2>\n<p>&nbsp;<\/p>\n<p><strong><a class=\"dt-pswp-item\" href=\"https:\/\/www.radiopiu.net\/wordpress\/wp-content\/uploads\/2022\/07\/2a7a97b4-5969-49b1-a5dc-389bf365d924.jpg\" data-dt-img-description=\"\" data-large_image_width=\"1350\" data-large_image_height=\"421\"><img loading=\"lazy\" decoding=\"async\" class=\"wp-image-285381 alignleft\" src=\"https:\/\/www.radiopiu.net\/wordpress\/wp-content\/uploads\/2022\/07\/2a7a97b4-5969-49b1-a5dc-389bf365d924.jpg\" alt=\"\" width=\"205\" height=\"64\" srcset=\"https:\/\/www.radiopiu.net\/wordpress\/wp-content\/uploads\/2022\/07\/2a7a97b4-5969-49b1-a5dc-389bf365d924.jpg 1350w, https:\/\/www.radiopiu.net\/wordpress\/wp-content\/uploads\/2022\/07\/2a7a97b4-5969-49b1-a5dc-389bf365d924-300x94.jpg 300w, https:\/\/www.radiopiu.net\/wordpress\/wp-content\/uploads\/2022\/07\/2a7a97b4-5969-49b1-a5dc-389bf365d924-1024x319.jpg 1024w, https:\/\/www.radiopiu.net\/wordpress\/wp-content\/uploads\/2022\/07\/2a7a97b4-5969-49b1-a5dc-389bf365d924-768x240.jpg 768w\" sizes=\"auto, (max-width: 205px) 100vw, 205px\" \/><\/a>PUNTATA DEL 05 LUGLIO 2022-\u00a0 NICOLA CASSISI<\/strong><\/p>\n<audio class=\"wp-audio-shortcode\" id=\"audio-285619-12\" preload=\"none\" style=\"width: 100%;\" controls=\"controls\"><source type=\"audio\/mpeg\" src=\"https:\/\/www.radiopiu.net\/wordpress\/wp-content\/uploads\/2022\/07\/MUSLA.mp3?_=12\" \/><a href=\"https:\/\/www.radiopiu.net\/wordpress\/wp-content\/uploads\/2022\/07\/MUSLA.mp3\">https:\/\/www.radiopiu.net\/wordpress\/wp-content\/uploads\/2022\/07\/MUSLA.mp3<\/a><\/audio>\n<p><strong>LA RACCOLTA COMPLETA<\/strong><\/p>\n<blockquote class=\"wp-embedded-content\" data-secret=\"inkYzHeWwJ\"><p><a href=\"https:\/\/www.radiopiu.net\/wordpress\/musla\/\">MUSLA<\/a><\/p><\/blockquote>\n<p><iframe loading=\"lazy\" class=\"wp-embedded-content\" sandbox=\"allow-scripts\" security=\"restricted\" style=\"position: absolute; clip: rect(1px, 1px, 1px, 1px);\" title=\"&#8220;MUSLA&#8221; &#8212; Radio Pi\u00f9\" src=\"https:\/\/www.radiopiu.net\/wordpress\/musla\/embed\/#?secret=IvFvxMfIOM#?secret=inkYzHeWwJ\" data-secret=\"inkYzHeWwJ\" width=\"600\" height=\"338\" frameborder=\"0\" marginwidth=\"0\" marginheight=\"0\" scrolling=\"no\"><\/iframe><\/p>\n<h3><\/h3>\n<p>&nbsp;<\/p>\n<hr \/>\n<p>&nbsp;<\/p>\n<div>\n<div class=\"b654a4as d2edcug0\">\n<div class=\"rq0escxv hkbzh7o3 jwdofwj8 n8tt0mok r8blr3vg hyh9befq\">\n<p><a class=\"dt-pswp-item\" href=\"https:\/\/www.radiopiu.net\/wordpress\/wp-content\/uploads\/2020\/10\/pp.jpg\" data-dt-img-description=\"\" data-large_image_width=\"640\" data-large_image_height=\"640\"><img loading=\"lazy\" decoding=\"async\" class=\"wp-image-163678 alignleft\" src=\"https:\/\/www.radiopiu.net\/wordpress\/wp-content\/uploads\/2020\/10\/pp-300x300.jpg\" alt=\"\" width=\"106\" height=\"106\" srcset=\"https:\/\/www.radiopiu.net\/wordpress\/wp-content\/uploads\/2020\/10\/pp-300x300.jpg 300w, https:\/\/www.radiopiu.net\/wordpress\/wp-content\/uploads\/2020\/10\/pp-150x150.jpg 150w, https:\/\/www.radiopiu.net\/wordpress\/wp-content\/uploads\/2020\/10\/pp-125x125.jpg 125w, https:\/\/www.radiopiu.net\/wordpress\/wp-content\/uploads\/2020\/10\/pp-200x200.jpg 200w, https:\/\/www.radiopiu.net\/wordpress\/wp-content\/uploads\/2020\/10\/pp-80x80.jpg 80w, https:\/\/www.radiopiu.net\/wordpress\/wp-content\/uploads\/2020\/10\/pp-480x480.jpg 480w, https:\/\/www.radiopiu.net\/wordpress\/wp-content\/uploads\/2020\/10\/pp.jpg 640w\" sizes=\"auto, (max-width: 106px) 100vw, 106px\" \/><\/a><\/p>\n<\/div>\n<\/div>\n<\/div>\n<div>\n<div class=\"page-title-head hgroup\">\n<div class=\"page-title-head hgroup\">\n<div class=\"b654a4as d2edcug0\">\n<div class=\"j83agx80 btwxx1t3 lhclo0ds hop8lmos nkwizq5d scwd0bx6 roh60bw9\">\n<div class=\"rq0escxv hkbzh7o3 jwdofwj8 n8tt0mok r8blr3vg hyh9befq\">\n<div class=\"do00u71z l9j0dhe7 k4urcfbm\">\n<h2><span style=\"color: #000080;\">DON CESARE, IL PENSIERO DEL GIORNO. ALLA RADIO ALLE 7 DEL MATTINO E ALLE 19.30 DELLA SERA.\u00a0<\/span><\/h2>\n<\/div>\n<audio class=\"wp-audio-shortcode\" id=\"audio-285619-13\" preload=\"none\" style=\"width: 100%;\" controls=\"controls\"><source type=\"audio\/mpeg\" src=\"https:\/\/www.radiopiu.net\/wordpress\/wp-content\/uploads\/2022\/07\/CESARE-4.mp3?_=13\" \/><a href=\"https:\/\/www.radiopiu.net\/wordpress\/wp-content\/uploads\/2022\/07\/CESARE-4.mp3\">https:\/\/www.radiopiu.net\/wordpress\/wp-content\/uploads\/2022\/07\/CESARE-4.mp3<\/a><\/audio>\n<\/div>\n<\/div>\n<\/div>\n<\/div>\n<\/div>\n<\/div>\n<p>&nbsp;<\/p>\n<hr \/>\n<p>&nbsp;<\/p>\n<div class=\"do00u71z l9j0dhe7 k4urcfbm\">\n<div class=\"page-title-head hgroup\">\n<div class=\"page-title-head hgroup\">\n<div class=\"b654a4as d2edcug0\">\n<div class=\"j83agx80 btwxx1t3 lhclo0ds hop8lmos nkwizq5d scwd0bx6 roh60bw9\">\n<div class=\"rq0escxv hkbzh7o3 jwdofwj8 n8tt0mok r8blr3vg hyh9befq\">\n<div class=\"do00u71z l9j0dhe7 k4urcfbm\">\n<div class=\"page-title-head hgroup\">\n<div class=\"page-title-head hgroup\">\n<div class=\"b654a4as d2edcug0\">\n<div class=\"j83agx80 btwxx1t3 lhclo0ds hop8lmos nkwizq5d scwd0bx6 roh60bw9\">\n<div class=\"rq0escxv hkbzh7o3 jwdofwj8 n8tt0mok r8blr3vg hyh9befq\">\n<div class=\"do00u71z l9j0dhe7 k4urcfbm\">\n<div class=\"ecm0bbzt e5nlhep0 a8c37x1j\">\n<div class=\"kvgmc6g5 cxmmr5t8 oygrvhab hcukyx3x c1et5uql\">\n<div class=\"gmail-kvgmc6g5 gmail-cxmmr5t8 gmail-oygrvhab gmail-hcukyx3x gmail-c1et5uql gmail-ii04i59q\">\n<div class=\"page-title-head hgroup\">\n<div class=\"page-title-head hgroup\">\n<div class=\"b654a4as d2edcug0\">\n<div class=\"j83agx80 btwxx1t3 lhclo0ds hop8lmos nkwizq5d scwd0bx6 roh60bw9\">\n<div class=\"rq0escxv hkbzh7o3 jwdofwj8 n8tt0mok r8blr3vg hyh9befq\">\n<div class=\"do00u71z l9j0dhe7 k4urcfbm\">\n<div class=\"page-title-head hgroup\">\n<div class=\"page-title-head hgroup\">\n<div class=\"b654a4as d2edcug0\">\n<div class=\"j83agx80 btwxx1t3 lhclo0ds hop8lmos nkwizq5d scwd0bx6 roh60bw9\">\n<div class=\"rq0escxv hkbzh7o3 jwdofwj8 n8tt0mok r8blr3vg hyh9befq\">\n<div class=\"do00u71z l9j0dhe7 k4urcfbm\">\n<div class=\"page-title-head hgroup\">\n<div class=\"page-title-head hgroup\">\n<div class=\"b654a4as d2edcug0\">\n<div class=\"j83agx80 btwxx1t3 lhclo0ds hop8lmos nkwizq5d scwd0bx6 roh60bw9\">\n<div class=\"rq0escxv hkbzh7o3 jwdofwj8 n8tt0mok r8blr3vg hyh9befq\">\n<div class=\"do00u71z l9j0dhe7 k4urcfbm\">\n<div class=\"ecm0bbzt e5nlhep0 a8c37x1j\">\n<div class=\"kvgmc6g5 cxmmr5t8 oygrvhab hcukyx3x c1et5uql\">\n<div class=\"gmail-kvgmc6g5 gmail-cxmmr5t8 gmail-oygrvhab gmail-hcukyx3x gmail-c1et5uql gmail-ii04i59q\">\n<div class=\"page-title-head hgroup\">\n<div class=\"page-title-head hgroup\">\n<div class=\"b654a4as d2edcug0\">\n<div class=\"j83agx80 btwxx1t3 lhclo0ds hop8lmos nkwizq5d scwd0bx6 roh60bw9\">\n<div class=\"rq0escxv hkbzh7o3 jwdofwj8 n8tt0mok r8blr3vg hyh9befq\">\n<div class=\"do00u71z l9j0dhe7 k4urcfbm\">\n<blockquote>\n<h3><span style=\"color: #ff0000;\">IN VIVO VERSO,\u00a0 RIASCOLTIAMOLE DAL LUNEDI AL VENERDI ALLE 7.10, 10.10, 18 50<\/span><\/h3>\n<\/blockquote>\n<p><strong>LA RACCOLTA COMPLETA<\/strong><\/p>\n<blockquote>\n<h3>RIASCOLTIAMOLE, STAGIONE 2019_2020 LORENA BRANDOLESE &#8220;ME&#8221;<\/h3>\n<\/blockquote>\n<p><strong>AUDIO<\/strong><\/p>\n<audio class=\"wp-audio-shortcode\" id=\"audio-285619-14\" preload=\"none\" style=\"width: 100%;\" controls=\"controls\"><source type=\"audio\/mpeg\" src=\"https:\/\/www.radiopiu.net\/wordpress\/wp-content\/uploads\/2022\/07\/03-LORENDA-BRANDOLESE-ME.mp3?_=14\" \/><a href=\"https:\/\/www.radiopiu.net\/wordpress\/wp-content\/uploads\/2022\/07\/03-LORENDA-BRANDOLESE-ME.mp3\">https:\/\/www.radiopiu.net\/wordpress\/wp-content\/uploads\/2022\/07\/03-LORENDA-BRANDOLESE-ME.mp3<\/a><\/audio>\n<p><img loading=\"lazy\" decoding=\"async\" class=\"\" src=\"https:\/\/www.radiopiu.net\/wordpress\/wp-content\/uploads\/2021\/11\/LORENA-BRANDOLESE-FOTO.jpg\" width=\"147\" height=\"171\" \/><\/p>\n<p>&nbsp;<\/p>\n<p>&nbsp;<\/p>\n<blockquote class=\"wp-embedded-content\" data-secret=\"JF731pbWct\"><p><a href=\"https:\/\/www.radiopiu.net\/wordpress\/in-vivo-verso\/\">In Vivo Verso<\/a><\/p><\/blockquote>\n<p><iframe loading=\"lazy\" class=\"wp-embedded-content\" sandbox=\"allow-scripts\" security=\"restricted\" style=\"position: absolute; clip: rect(1px, 1px, 1px, 1px);\" title=\"&#8220;In Vivo Verso&#8221; &#8212; Radio Pi\u00f9\" src=\"https:\/\/www.radiopiu.net\/wordpress\/in-vivo-verso\/embed\/#?secret=lV50fzB8kc#?secret=JF731pbWct\" data-secret=\"JF731pbWct\" width=\"600\" height=\"338\" frameborder=\"0\" marginwidth=\"0\" marginheight=\"0\" scrolling=\"no\"><\/iframe><\/p>\n<p>&nbsp;<\/p>\n<hr \/>\n<p>&nbsp;<\/p>\n<p><span style=\"color: #0000ff;\">MUSICA PIU&#8217;\u00a0<\/span><\/p>\n<p><a href=\"https:\/\/www.radiopiu.net\/wordpress\/giornale-radiopiu-20-settembre-2021-direttore-mirko-mezzacasa\/pp-79\/\" rel=\"attachment wp-att-232921\"><img loading=\"lazy\" decoding=\"async\" class=\"wp-image-232921 alignleft\" src=\"https:\/\/www.radiopiu.net\/wordpress\/wp-content\/uploads\/2021\/09\/pp-1-300x300.jpg\" alt=\"\" width=\"135\" height=\"135\" srcset=\"https:\/\/www.radiopiu.net\/wordpress\/wp-content\/uploads\/2021\/09\/pp-1-300x300.jpg 300w, https:\/\/www.radiopiu.net\/wordpress\/wp-content\/uploads\/2021\/09\/pp-1-150x150.jpg 150w, https:\/\/www.radiopiu.net\/wordpress\/wp-content\/uploads\/2021\/09\/pp-1.jpg 640w\" sizes=\"auto, (max-width: 135px) 100vw, 135px\" \/><\/a><\/p>\n<div class=\"mkdf-post-text\">\n<div class=\"mkdf-post-text-inner\">\n<div class=\"mkdf-post-text-main\">\n<div class=\"mkdf-post-text\">\n<div class=\"mkdf-post-text-inner\">\n<div class=\"mkdf-post-text-main\">\n<div class=\"mkdf-post-text\">\n<div class=\"mkdf-post-text-inner\">\n<div class=\"mkdf-post-text-main\">\n<div class=\"page-title-head hgroup\">\n<div class=\"page-title-head hgroup\">\n<div class=\"mkdf-post-text\">\n<div class=\"mkdf-post-text-inner\">\n<div class=\"mkdf-post-text-main\">\n<div class=\"mkdf-post-text\">\n<div class=\"mkdf-post-text-inner\">\n<div class=\"mkdf-post-text-main\">\n<div class=\"page-title-head hgroup\">\n<div class=\"page-title-head hgroup\">\n<div class=\"page-title-head hgroup\">\n<div class=\"page-title-head hgroup\">\n<div class=\"b654a4as d2edcug0\">\n<div class=\"page-title-head hgroup\">\n<div class=\"page-title-head hgroup\">\n<div class=\"page-title-head hgroup\">\n<div class=\"page-title-head hgroup\">\n<div class=\"b654a4as d2edcug0\">\n<div class=\"page-title-head hgroup\">\n<div class=\"page-title-head hgroup\">\n<div class=\"page-title-head hgroup\">\n<div class=\"page-title-head hgroup\">\n<div class=\"b654a4as d2edcug0\">\n<div class=\"mkdf-post-text\">\n<div class=\"mkdf-post-text-inner\">\n<div class=\"mkdf-post-text-main\">\n<div class=\"mkdf-post-text\">\n<div class=\"mkdf-post-text-inner\">\n<div class=\"mkdf-post-text-main\">\n<div class=\"mkdf-post-text\">\n<div class=\"mkdf-post-text-inner\">\n<div class=\"mkdf-post-text-main\">\n<div class=\"page-title-head hgroup\">\n<div class=\"page-title-head hgroup\">\n<div class=\"mkdf-post-text\">\n<div class=\"mkdf-post-text-inner\">\n<div class=\"mkdf-post-text-main\">\n<div class=\"mkdf-post-text\">\n<div class=\"mkdf-post-text-inner\">\n<div class=\"mkdf-post-text-main\">\n<div class=\"page-title-head hgroup\">\n<div class=\"page-title-head hgroup\">\n<div class=\"page-title-head hgroup\">\n<div class=\"page-title-head hgroup\">\n<div class=\"b654a4as d2edcug0\">\n<div class=\"page-title-head hgroup\">\n<div class=\"page-title-head hgroup\">\n<div class=\"page-title-head hgroup\">\n<div class=\"page-title-head hgroup\">\n<div class=\"b654a4as d2edcug0\">\n<div class=\"page-title-head hgroup\">\n<div class=\"page-title-head hgroup\">\n<div class=\"page-title-head hgroup\">\n<div class=\"page-title-head hgroup\">\n<div class=\"b654a4as d2edcug0\">\n<div><\/div>\n<div><\/div>\n<div>\n<p><strong>MUSICA ALLA RADIO, IL PROGRAMMA DI LORIS SCUSSEL &#8220;COLLAGE OPERAZIONE NOSTALGIA&#8221; DAL LUNEDI AL VENERDI ALLE 16.00\u00a0 E ALLE 23\u00a0<\/strong><\/p>\n<\/div>\n<\/div>\n<p>&nbsp;<\/p>\n<p><strong>LE REPLICHE<\/strong><\/p>\n<p><strong>375<\/strong><\/p>\n<audio class=\"wp-audio-shortcode\" id=\"audio-285619-15\" preload=\"none\" style=\"width: 100%;\" controls=\"controls\"><source type=\"audio\/mpeg\" src=\"https:\/\/www.radiopiu.net\/wordpress\/wp-content\/uploads\/2022\/07\/Collage-375.mp3?_=15\" \/><a href=\"https:\/\/www.radiopiu.net\/wordpress\/wp-content\/uploads\/2022\/07\/Collage-375.mp3\">https:\/\/www.radiopiu.net\/wordpress\/wp-content\/uploads\/2022\/07\/Collage-375.mp3<\/a><\/audio>\n<p>&nbsp;<\/p>\n<p><strong>376<\/strong><\/p>\n<audio class=\"wp-audio-shortcode\" id=\"audio-285619-16\" preload=\"none\" style=\"width: 100%;\" controls=\"controls\"><source type=\"audio\/mpeg\" src=\"https:\/\/www.radiopiu.net\/wordpress\/wp-content\/uploads\/2022\/07\/Collage-376.mp3?_=16\" \/><a href=\"https:\/\/www.radiopiu.net\/wordpress\/wp-content\/uploads\/2022\/07\/Collage-376.mp3\">https:\/\/www.radiopiu.net\/wordpress\/wp-content\/uploads\/2022\/07\/Collage-376.mp3<\/a><\/audio>\n<p>&nbsp;<\/p>\n<p><strong><a class=\"dt-pswp-item\" href=\"https:\/\/www.radiopiu.net\/wordpress\/wp-content\/uploads\/2022\/07\/Nomadi.jpg\" data-dt-img-description=\"\" data-large_image_width=\"400\" data-large_image_height=\"254\"><img loading=\"lazy\" decoding=\"async\" class=\"alignleft wp-image-284969 \" src=\"https:\/\/www.radiopiu.net\/wordpress\/wp-content\/uploads\/2022\/07\/Nomadi-300x191.jpg\" alt=\"\" width=\"195\" height=\"124\" srcset=\"https:\/\/www.radiopiu.net\/wordpress\/wp-content\/uploads\/2022\/07\/Nomadi-300x191.jpg 300w, https:\/\/www.radiopiu.net\/wordpress\/wp-content\/uploads\/2022\/07\/Nomadi.jpg 400w\" sizes=\"auto, (max-width: 195px) 100vw, 195px\" \/><\/a>di Loris Scussel<\/strong><\/p>\n<p>Questa settimana grazie alla programmazione estiva di Collage che ogni giorno ripropone due diverse puntate ascolteremo molti brani di musica italiana in particolare due puntate dedicate ai cantautori, una al rock progressive di casa nostra, una al Juke Box , una ai complessi cosiddetti \u201cbeat\u201d ma non mancheranno gli artisti internazionali come David Bowie, Lou Reed, Genesis, King Krimson, Beatles, Rolling Stones e cos\u00ec via. Collage va in onda dal luned\u00ec al venerd\u00ec alle 16,00 e alle 23,00 naturalmente su Radio Pi\u00f9.<\/p>\n<p>&nbsp;<\/p>\n<p>&nbsp;<\/p>\n<div class=\"b654a4as d2edcug0\">\n<hr \/>\n<\/div>\n<\/div>\n<\/div>\n<\/div>\n<\/div>\n<\/div>\n<\/div>\n<\/div>\n<\/div>\n<\/div>\n<\/div>\n<\/div>\n<\/div>\n<\/div>\n<\/div>\n<\/div>\n<\/div>\n<\/div>\n<\/div>\n<\/div>\n<\/div>\n<\/div>\n<\/div>\n<\/div>\n<\/div>\n<\/div>\n<\/div>\n<\/div>\n<\/div>\n<\/div>\n<\/div>\n<\/div>\n<\/div>\n<\/div>\n<\/div>\n<\/div>\n<\/div>\n<\/div>\n<\/div>\n<\/div>\n<\/div>\n<\/div>\n<\/div>\n<\/div>\n<\/div>\n<\/div>\n<\/div>\n<\/div>\n<\/div>\n<\/div>\n<\/div>\n<\/div>\n<\/div>\n<\/div>\n<\/div>\n<\/div>\n<\/div>\n<\/div>\n<\/div>\n<\/div>\n<\/div>\n<\/div>\n<\/div>\n<\/div>\n<p>&nbsp;<\/p>\n<blockquote>\n<h3><span style=\"color: #0000ff;\">RADIO PIU INFORMAZIONE il canale su TELEGRAM informazione di prima mano e in tempo reale. iscriviti ed aiutaci a farlo conoscere\u00a0\u00a0<\/span><\/h3>\n<\/blockquote>\n<div>\n<div class=\"page-title-head hgroup\">\n<div class=\"page-title-head hgroup\">\n<div class=\"page-title-head hgroup\">\n<div class=\"page-title-head hgroup\">\n<div class=\"b654a4as d2edcug0\">\n<div class=\"page-title-head hgroup\">\n<div class=\"page-title-head hgroup\">\n<div class=\"page-title-head hgroup\">\n<div class=\"page-title-head hgroup\">\n<div class=\"b654a4as d2edcug0\">\n<div class=\"page-title-head hgroup\">\n<div class=\"page-title-head hgroup\">\n<div class=\"page-title-head hgroup\">\n<div class=\"page-title-head hgroup\">\n<div class=\"page-title-head hgroup\">\n<div class=\"page-title-head hgroup\">\n<div class=\"page-title-head hgroup\">\n<div class=\"page-title-head hgroup\">\n<div class=\"page-title-head hgroup\">\n<div class=\"b654a4as d2edcug0\">\n<div class=\"page-title-head hgroup\">\n<div class=\"page-title-head hgroup\">\n<div class=\"page-title-head hgroup\">\n<div class=\"page-title-head hgroup\">\n<div class=\"b654a4as d2edcug0\">\n<div><\/div>\n<div>\n<div class=\"page-title-head hgroup\">\n<div class=\"page-title-head hgroup\">\n<div class=\"page-title-head hgroup\">\n<div class=\"page-title-head hgroup\">\n<div class=\"page-title-head hgroup\">\n<div class=\"mkdf-post-text\">\n<div class=\"mkdf-post-text-inner\">\n<div class=\"mkdf-post-text-main\">\n<div class=\"mkdf-post-text\">\n<div class=\"mkdf-post-text-inner\">\n<div class=\"mkdf-post-text-main\">\n<div class=\"mkdf-post-text\">\n<div class=\"mkdf-post-text-inner\">\n<div class=\"mkdf-post-text-main\">\n<div class=\"page-title-head hgroup\">\n<div class=\"page-title-head hgroup\">\n<div class=\"mkdf-post-text\">\n<div class=\"mkdf-post-text-inner\">\n<div class=\"mkdf-post-text-main\">\n<div class=\"mkdf-post-text\">\n<div class=\"mkdf-post-text-inner\">\n<div class=\"mkdf-post-text-main\">\n<div class=\"page-title-head hgroup\">\n<div class=\"page-title-head hgroup\">\n<div class=\"page-title-head hgroup\">\n<div class=\"page-title-head hgroup\">\n<div class=\"b654a4as d2edcug0\">\n<div class=\"page-title-head hgroup\">\n<div class=\"page-title-head hgroup\">\n<div class=\"page-title-head hgroup\">\n<div class=\"page-title-head hgroup\">\n<div class=\"b654a4as d2edcug0\">\n<div class=\"page-title-head hgroup\">\n<div class=\"page-title-head hgroup\">\n<div class=\"page-title-head hgroup\">\n<p>&nbsp;<\/p>\n<div>\n<div class=\"page-title-head hgroup\">\n<div class=\"page-title-head hgroup\">\n<div class=\"b654a4as d2edcug0\">\n<div class=\"j83agx80 btwxx1t3 lhclo0ds hop8lmos nkwizq5d scwd0bx6 roh60bw9\">\n<div class=\"rq0escxv hkbzh7o3 jwdofwj8 n8tt0mok r8blr3vg hyh9befq\">\n<div class=\"do00u71z l9j0dhe7 k4urcfbm\">\n<div class=\"page-title-head hgroup\">\n<div class=\"page-title-head hgroup\">\n<div class=\"b654a4as d2edcug0\">\n<div class=\"j83agx80 btwxx1t3 lhclo0ds hop8lmos nkwizq5d scwd0bx6 roh60bw9\">\n<div class=\"rq0escxv hkbzh7o3 jwdofwj8 n8tt0mok r8blr3vg hyh9befq\">\n<div class=\"do00u71z l9j0dhe7 k4urcfbm\">\n<div class=\"ecm0bbzt e5nlhep0 a8c37x1j\">\n<div class=\"kvgmc6g5 cxmmr5t8 oygrvhab hcukyx3x c1et5uql\">\n<div class=\"gmail-kvgmc6g5 gmail-cxmmr5t8 gmail-oygrvhab gmail-hcukyx3x gmail-c1et5uql gmail-ii04i59q\">\n<div class=\"page-title-head hgroup\">\n<div class=\"page-title-head hgroup\">\n<div class=\"b654a4as d2edcug0\">\n<div class=\"j83agx80 btwxx1t3 lhclo0ds hop8lmos nkwizq5d scwd0bx6 roh60bw9\">\n<div class=\"rq0escxv hkbzh7o3 jwdofwj8 n8tt0mok r8blr3vg hyh9befq\">\n<div class=\"do00u71z l9j0dhe7 k4urcfbm\">\n<div class=\"page-title-head hgroup\">\n<div class=\"page-title-head hgroup\">\n<div class=\"b654a4as d2edcug0\">\n<div class=\"j83agx80 btwxx1t3 lhclo0ds hop8lmos nkwizq5d scwd0bx6 roh60bw9\">\n<div class=\"rq0escxv hkbzh7o3 jwdofwj8 n8tt0mok r8blr3vg hyh9befq\">\n<div class=\"do00u71z l9j0dhe7 k4urcfbm\">\n<div class=\"page-title-head hgroup\">\n<div class=\"page-title-head hgroup\">\n<div class=\"b654a4as d2edcug0\">\n<div class=\"j83agx80 btwxx1t3 lhclo0ds hop8lmos nkwizq5d scwd0bx6 roh60bw9\">\n<div class=\"rq0escxv hkbzh7o3 jwdofwj8 n8tt0mok r8blr3vg hyh9befq\">\n<div class=\"do00u71z l9j0dhe7 k4urcfbm\">\n<div class=\"ecm0bbzt e5nlhep0 a8c37x1j\">\n<div class=\"kvgmc6g5 cxmmr5t8 oygrvhab hcukyx3x c1et5uql\">\n<div class=\"gmail-kvgmc6g5 gmail-cxmmr5t8 gmail-oygrvhab gmail-hcukyx3x gmail-c1et5uql gmail-ii04i59q\">\n<div class=\"page-title-head hgroup\">\n<div class=\"page-title-head hgroup\">\n<div class=\"b654a4as d2edcug0\">\n<div class=\"j83agx80 btwxx1t3 lhclo0ds hop8lmos nkwizq5d scwd0bx6 roh60bw9\">\n<div class=\"rq0escxv hkbzh7o3 jwdofwj8 n8tt0mok r8blr3vg hyh9befq\">\n<div class=\"do00u71z l9j0dhe7 k4urcfbm\">\n<div class=\"page-title-head hgroup\">\n<div class=\"page-title-head hgroup\">\n<div class=\"page-title-head hgroup\">\n<div class=\"page-title-head hgroup\">\n<div class=\"b654a4as d2edcug0\">\n<div class=\"page-title-head hgroup\">\n<div class=\"page-title-head hgroup\">\n<div class=\"page-title-head hgroup\">\n<div class=\"page-title-head hgroup\">\n<div class=\"b654a4as d2edcug0\">\n<div class=\"page-title-head hgroup\">\n<div class=\"page-title-head hgroup\">\n<div class=\"page-title-head hgroup\">\n<div class=\"page-title-head hgroup\">\n<div class=\"page-title-head hgroup\">\n<div class=\"page-title-head hgroup\">\n<div class=\"page-title-head hgroup\">\n<div class=\"page-title-head hgroup\">\n<div class=\"page-title-head hgroup\">\n<div class=\"b654a4as d2edcug0\">\n<div class=\"page-title-head hgroup\">\n<div class=\"page-title-head hgroup\">\n<div class=\"page-title-head hgroup\">\n<div class=\"page-title-head hgroup\">\n<div class=\"b654a4as d2edcug0\">\n<div class=\"page-title-head hgroup\">\n<div class=\"page-title-head hgroup\">\n<div class=\"page-title-head hgroup\">\n<div class=\"page-title-head hgroup\">\n<div class=\"page-title-head hgroup\">\n<div class=\"mkdf-post-text\">\n<div class=\"mkdf-post-text-inner\">\n<div class=\"mkdf-post-text-main\">\n<div class=\"mkdf-post-text\">\n<div class=\"mkdf-post-text-inner\">\n<div class=\"mkdf-post-text-main\">\n<div class=\"mkdf-post-text\">\n<div class=\"mkdf-post-text-inner\">\n<div class=\"mkdf-post-text-main\">\n<div class=\"page-title-head hgroup\">\n<div class=\"page-title-head hgroup\">\n<div class=\"mkdf-post-text\">\n<div class=\"mkdf-post-text-inner\">\n<div class=\"mkdf-post-text-main\">\n<div class=\"mkdf-post-text\">\n<div class=\"mkdf-post-text-inner\">\n<div class=\"mkdf-post-text-main\">\n<div class=\"page-title-head hgroup\">\n<div class=\"page-title-head hgroup\">\n<div class=\"page-title-head hgroup\">\n<div class=\"page-title-head hgroup\">\n<div class=\"b654a4as d2edcug0\">\n<div class=\"page-title-head hgroup\">\n<div class=\"page-title-head hgroup\">\n<div class=\"page-title-head hgroup\">\n<div class=\"page-title-head hgroup\">\n<div class=\"b654a4as d2edcug0\">\n<div class=\"page-title-head hgroup\">\n<div class=\"page-title-head hgroup\">\n<div class=\"page-title-head hgroup\">\n<div class=\"page-title-head hgroup\">\n<div class=\"b654a4as d2edcug0\">\n<div class=\"ecm0bbzt e5nlhep0 a8c37x1j\">\n<div class=\"kvgmc6g5 cxmmr5t8 oygrvhab hcukyx3x c1et5uql\">\n<div class=\"gmail-kvgmc6g5 gmail-cxmmr5t8 gmail-oygrvhab gmail-hcukyx3x gmail-c1et5uql gmail-ii04i59q\">\n<div class=\"page-title-head hgroup\">\n<div class=\"page-title-head hgroup\">\n<div class=\"b654a4as d2edcug0\">\n<div class=\"j83agx80 btwxx1t3 lhclo0ds hop8lmos nkwizq5d scwd0bx6 roh60bw9\">\n<div class=\"rq0escxv hkbzh7o3 jwdofwj8 n8tt0mok r8blr3vg hyh9befq\">\n<div class=\"do00u71z l9j0dhe7 k4urcfbm\">\n<div class=\"page-title-head hgroup\">\n<div class=\"page-title-head hgroup\">\n<div class=\"page-title-head hgroup\">\n<div class=\"page-title-head hgroup\">\n<div class=\"b654a4as d2edcug0\">\n<div class=\"page-title-head hgroup\">\n<div class=\"page-title-head hgroup\">\n<div class=\"page-title-head hgroup\">\n<div class=\"page-title-head hgroup\">\n<div class=\"b654a4as d2edcug0\">\n<div class=\"page-title-head hgroup\">\n<div class=\"page-title-head hgroup\">\n<div class=\"page-title-head hgroup\">\n<div class=\"page-title-head hgroup\">\n<div class=\"page-title-head hgroup\">\n<div class=\"page-title-head hgroup\">\n<div class=\"page-title-head hgroup\">\n<div class=\"page-title-head hgroup\">\n<div class=\"page-title-head hgroup\">\n<div class=\"b654a4as d2edcug0\">\n<div class=\"page-title-head hgroup\">\n<div class=\"page-title-head hgroup\">\n<div class=\"page-title-head hgroup\">\n<div class=\"page-title-head hgroup\">\n<div class=\"b654a4as d2edcug0\">\n<div class=\"page-title-head hgroup\">\n<div class=\"page-title-head hgroup\">\n<div class=\"page-title-head hgroup\">\n<div class=\"page-title-head hgroup\">\n<div class=\"page-title-head hgroup\">\n<div class=\"mkdf-post-text\">\n<div class=\"mkdf-post-text-inner\">\n<div class=\"mkdf-post-text-main\">\n<div class=\"mkdf-post-text\">\n<div class=\"mkdf-post-text-inner\">\n<div class=\"mkdf-post-text-main\">\n<div class=\"mkdf-post-text\">\n<div class=\"mkdf-post-text-inner\">\n<div class=\"mkdf-post-text-main\">\n<div class=\"page-title-head hgroup\">\n<div class=\"page-title-head hgroup\">\n<div class=\"mkdf-post-text\">\n<div class=\"mkdf-post-text-inner\">\n<div class=\"mkdf-post-text-main\">\n<div class=\"mkdf-post-text\">\n<div class=\"mkdf-post-text-inner\">\n<div class=\"mkdf-post-text-main\">\n<div class=\"page-title-head hgroup\">\n<div class=\"page-title-head hgroup\">\n<div class=\"page-title-head hgroup\">\n<div class=\"page-title-head hgroup\">\n<div class=\"b654a4as d2edcug0\">\n<div class=\"page-title-head hgroup\">\n<div class=\"page-title-head hgroup\">\n<div class=\"page-title-head hgroup\">\n<div class=\"page-title-head hgroup\">\n<div class=\"b654a4as d2edcug0\">\n<div class=\"page-title-head hgroup\">\n<div class=\"page-title-head hgroup\">\n<div class=\"page-title-head hgroup\">\n<div class=\"page-title-head hgroup\">\n<div class=\"b654a4as d2edcug0\">\n<hr \/>\n<p>&nbsp;<\/p>\n<div>\n<p><strong>DUE MINUTI UN LIBRO, TUTTI I GIORNI ALLA RADIO ALLE 9.40 E ALLE 17.50\u00a0\u00a0<\/strong><\/p>\n<div>\n<div>\n<p><strong>LA RACCOLTA COMPLETA\u00a0\u00a0<\/strong><\/p>\n<\/div>\n<\/div>\n<\/div>\n<div class=\"mkdf-post-text\">\n<div class=\"mkdf-post-text-inner\">\n<div class=\"mkdf-post-text-main\">\n<div class=\"mkdf-post-text\">\n<div class=\"mkdf-post-text-inner\">\n<div class=\"mkdf-post-text-main\">\n<div class=\"mkdf-post-text\">\n<div class=\"mkdf-post-text-inner\">\n<div class=\"mkdf-post-text-main\">\n<div class=\"page-title-head hgroup\">\n<div class=\"page-title-head hgroup\">\n<div class=\"mkdf-post-text\">\n<div class=\"mkdf-post-text-inner\">\n<div class=\"mkdf-post-text-main\">\n<div class=\"mkdf-post-text\">\n<div class=\"mkdf-post-text-inner\">\n<div class=\"mkdf-post-text-main\">\n<div class=\"page-title-head hgroup\">\n<div class=\"page-title-head hgroup\">\n<div class=\"page-title-head hgroup\">\n<div class=\"page-title-head hgroup\">\n<div class=\"b654a4as d2edcug0\">\n<div class=\"page-title-head hgroup\">\n<div class=\"page-title-head hgroup\">\n<div class=\"page-title-head hgroup\">\n<div class=\"page-title-head hgroup\">\n<div class=\"b654a4as d2edcug0\">\n<div class=\"page-title-head hgroup\">\n<div class=\"page-title-head hgroup\">\n<div class=\"page-title-head hgroup\">\n<div class=\"page-title-head hgroup\">\n<div class=\"b654a4as d2edcug0\">\n<div>\n<blockquote class=\"wp-embedded-content\" data-secret=\"Bx7neZiwDl\"><p><a href=\"https:\/\/www.radiopiu.net\/wordpress\/due-minuti-un-libro\/\">Due minuti un libro<\/a><\/p><\/blockquote>\n<p><iframe loading=\"lazy\" class=\"wp-embedded-content\" sandbox=\"allow-scripts\" security=\"restricted\" style=\"position: absolute; clip: rect(1px, 1px, 1px, 1px);\" title=\"&#8220;Due minuti un libro&#8221; &#8212; Radio Pi\u00f9\" src=\"https:\/\/www.radiopiu.net\/wordpress\/due-minuti-un-libro\/embed\/#?secret=0hHFda6GaR#?secret=Bx7neZiwDl\" data-secret=\"Bx7neZiwDl\" width=\"600\" height=\"338\" frameborder=\"0\" marginwidth=\"0\" marginheight=\"0\" scrolling=\"no\"><\/iframe><\/p>\n<p>&nbsp;<\/p>\n<\/div>\n<div>\n<hr \/>\n<p>&nbsp;<\/p>\n<\/div>\n<h2><span style=\"color: #808000;\">L&#8217;ALMANACCO LADINO\u00a0<\/span><strong> \u00a0<\/strong><\/h2>\n<p><strong>LA PUNTATA DELLA SETTIMANA, 04 LUGLIO 2022<\/strong><\/p>\n<audio class=\"wp-audio-shortcode\" id=\"audio-285619-17\" preload=\"none\" style=\"width: 100%;\" controls=\"controls\"><source type=\"audio\/mpeg\" src=\"https:\/\/www.radiopiu.net\/wordpress\/wp-content\/uploads\/2022\/07\/ALMANACCO-LADINO-04-LUGLIO.mp3?_=17\" \/><a href=\"https:\/\/www.radiopiu.net\/wordpress\/wp-content\/uploads\/2022\/07\/ALMANACCO-LADINO-04-LUGLIO.mp3\">https:\/\/www.radiopiu.net\/wordpress\/wp-content\/uploads\/2022\/07\/ALMANACCO-LADINO-04-LUGLIO.mp3<\/a><\/audio>\n<p><strong>LA RACCOLTA<\/strong><\/p>\n<blockquote class=\"wp-embedded-content\" data-secret=\"rwjgHv6irn\"><p><a href=\"https:\/\/www.radiopiu.net\/wordpress\/almanacco-ladino\/\">Almanacco Ladino<\/a><\/p><\/blockquote>\n<p><iframe loading=\"lazy\" class=\"wp-embedded-content\" sandbox=\"allow-scripts\" security=\"restricted\" style=\"position: absolute; clip: rect(1px, 1px, 1px, 1px);\" title=\"&#8220;Almanacco Ladino&#8221; &#8212; Radio Pi\u00f9\" src=\"https:\/\/www.radiopiu.net\/wordpress\/almanacco-ladino\/embed\/#?secret=io1lksimBk#?secret=rwjgHv6irn\" data-secret=\"rwjgHv6irn\" width=\"600\" height=\"338\" frameborder=\"0\" marginwidth=\"0\" marginheight=\"0\" scrolling=\"no\"><\/iframe><\/p>\n<p>&nbsp;<\/p>\n<hr \/>\n<p>&nbsp;<\/p>\n<h2><span style=\"color: #33cccc;\">LA RASSEGNA STAMPA DA L&#8217;AMICO DEL POPOLO<\/span><\/h2>\n<p><strong><a class=\"dt-pswp-item\" href=\"https:\/\/www.radiopiu.net\/wordpress\/wp-content\/uploads\/2022\/07\/EDDY-GASPARI.png\" data-dt-img-description=\"\" data-large_image_width=\"1062\" data-large_image_height=\"868\"><img loading=\"lazy\" decoding=\"async\" class=\"size-thumbnail wp-image-284849 alignleft\" src=\"https:\/\/www.radiopiu.net\/wordpress\/wp-content\/uploads\/2022\/07\/EDDY-GASPARI-150x150.png\" alt=\"\" width=\"150\" height=\"150\" \/><\/a>di Gianni Santomaso<\/strong><\/p>\n<p>OSPITE: Eddy Gaspari, Presidente della Croce Verde Val Biois<\/p>\n<audio class=\"wp-audio-shortcode\" id=\"audio-285619-18\" preload=\"none\" style=\"width: 100%;\" controls=\"controls\"><source type=\"audio\/mpeg\" src=\"https:\/\/www.radiopiu.net\/wordpress\/wp-content\/uploads\/2022\/07\/RASSEGNA-GIANNI.mp3?_=18\" \/><a href=\"https:\/\/www.radiopiu.net\/wordpress\/wp-content\/uploads\/2022\/07\/RASSEGNA-GIANNI.mp3\">https:\/\/www.radiopiu.net\/wordpress\/wp-content\/uploads\/2022\/07\/RASSEGNA-GIANNI.mp3<\/a><\/audio>\n<p>&nbsp;<\/p>\n<p><strong>LA RACCOLTA COMPLETA<\/strong><\/p>\n<blockquote class=\"wp-embedded-content\" data-secret=\"U4viMLgoYr\"><p><a href=\"https:\/\/www.radiopiu.net\/wordpress\/rassegna-stampa-di-gianni-santomaso\/\">Rassegna stampa da l&#8217;amico del popolo &#8211; di Gianni Santomaso<\/a><\/p><\/blockquote>\n<p><iframe loading=\"lazy\" class=\"wp-embedded-content\" sandbox=\"allow-scripts\" security=\"restricted\" style=\"position: absolute; clip: rect(1px, 1px, 1px, 1px);\" title=\"&#8220;Rassegna stampa da l&#8217;amico del popolo &#8211; di Gianni Santomaso&#8221; &#8212; Radio Pi\u00f9\" src=\"https:\/\/www.radiopiu.net\/wordpress\/rassegna-stampa-di-gianni-santomaso\/embed\/#?secret=Rx6up9fIVC#?secret=U4viMLgoYr\" data-secret=\"U4viMLgoYr\" width=\"600\" height=\"338\" frameborder=\"0\" marginwidth=\"0\" marginheight=\"0\" scrolling=\"no\"><\/iframe><\/p>\n<p>&nbsp;<\/p>\n<hr \/>\n<p>&nbsp;<\/p>\n<div>\n<div class=\"page-title-head hgroup\">\n<div class=\"page-title-head hgroup\">\n<div class=\"b654a4as d2edcug0\">\n<div class=\"j83agx80 btwxx1t3 lhclo0ds hop8lmos nkwizq5d scwd0bx6 roh60bw9\">\n<div class=\"rq0escxv hkbzh7o3 jwdofwj8 n8tt0mok r8blr3vg hyh9befq\">\n<div class=\"do00u71z l9j0dhe7 k4urcfbm\">\n<div class=\"ecm0bbzt e5nlhep0 a8c37x1j\">\n<div class=\"kvgmc6g5 cxmmr5t8 oygrvhab hcukyx3x c1et5uql\">\n<div class=\"gmail-kvgmc6g5 gmail-cxmmr5t8 gmail-oygrvhab gmail-hcukyx3x gmail-c1et5uql gmail-ii04i59q\">\n<div class=\"page-title-head hgroup\">\n<div class=\"page-title-head hgroup\">\n<div class=\"b654a4as d2edcug0\">\n<div class=\"j83agx80 btwxx1t3 lhclo0ds hop8lmos nkwizq5d scwd0bx6 roh60bw9\">\n<div class=\"rq0escxv hkbzh7o3 jwdofwj8 n8tt0mok r8blr3vg hyh9befq\">\n<div class=\"do00u71z l9j0dhe7 k4urcfbm\">\n<div class=\"page-title-head hgroup\">\n<div class=\"page-title-head hgroup\">\n<div class=\"page-title-head hgroup\">\n<div class=\"page-title-head hgroup\">\n<div class=\"b654a4as d2edcug0\">\n<div class=\"page-title-head hgroup\">\n<div class=\"page-title-head hgroup\">\n<div class=\"page-title-head hgroup\">\n<div class=\"page-title-head hgroup\">\n<div class=\"b654a4as d2edcug0\">\n<div class=\"page-title-head hgroup\">\n<div class=\"page-title-head hgroup\">\n<div class=\"page-title-head hgroup\">\n<div class=\"page-title-head hgroup\">\n<div class=\"page-title-head hgroup\">\n<div class=\"page-title-head hgroup\">\n<div class=\"page-title-head hgroup\">\n<div class=\"page-title-head hgroup\">\n<div class=\"page-title-head hgroup\">\n<div class=\"b654a4as d2edcug0\">\n<div class=\"page-title-head hgroup\">\n<div class=\"page-title-head hgroup\">\n<div class=\"page-title-head hgroup\">\n<div class=\"page-title-head hgroup\">\n<div class=\"b654a4as d2edcug0\">\n<div class=\"page-title-head hgroup\">\n<div class=\"page-title-head hgroup\">\n<div class=\"page-title-head hgroup\">\n<div class=\"page-title-head hgroup\">\n<div class=\"page-title-head hgroup\">\n<div class=\"mkdf-post-text\">\n<div class=\"mkdf-post-text-inner\">\n<div class=\"mkdf-post-text-main\">\n<div class=\"mkdf-post-text\">\n<div class=\"mkdf-post-text-inner\">\n<div class=\"mkdf-post-text-main\">\n<div class=\"mkdf-post-text\">\n<div class=\"mkdf-post-text-inner\">\n<div class=\"mkdf-post-text-main\">\n<div class=\"page-title-head hgroup\">\n<div class=\"page-title-head hgroup\">\n<div class=\"mkdf-post-text\">\n<div class=\"mkdf-post-text-inner\">\n<div class=\"mkdf-post-text-main\">\n<div class=\"mkdf-post-text\">\n<div class=\"mkdf-post-text-inner\">\n<div class=\"mkdf-post-text-main\">\n<div class=\"page-title-head hgroup\">\n<div class=\"page-title-head hgroup\">\n<div class=\"page-title-head hgroup\">\n<div class=\"page-title-head hgroup\">\n<div class=\"b654a4as d2edcug0\">\n<div class=\"page-title-head hgroup\">\n<div class=\"page-title-head hgroup\">\n<div class=\"page-title-head hgroup\">\n<div class=\"page-title-head hgroup\">\n<div class=\"b654a4as d2edcug0\">\n<div class=\"page-title-head hgroup\">\n<div class=\"page-title-head hgroup\">\n<div class=\"page-title-head hgroup\">\n<div class=\"page-title-head hgroup\">\n<div class=\"b654a4as d2edcug0\">\n<h2><span style=\"color: #800080;\">I RACCONTI DI PAOLO SOPPELSA\u00a0<\/span><\/h2>\n<p><strong>LA RACCOLTA COMPLETA<\/strong><\/p>\n<blockquote class=\"wp-embedded-content\" data-secret=\"MErTDrGCfQ\"><p><a href=\"https:\/\/www.radiopiu.net\/wordpress\/i-racconti-di-paolo-soppelsa\/\">I racconti di Paolo Soppelsa<\/a><\/p><\/blockquote>\n<p><iframe loading=\"lazy\" class=\"wp-embedded-content\" sandbox=\"allow-scripts\" security=\"restricted\" style=\"position: absolute; clip: rect(1px, 1px, 1px, 1px);\" title=\"&#8220;I racconti di Paolo Soppelsa&#8221; &#8212; Radio Pi\u00f9\" src=\"https:\/\/www.radiopiu.net\/wordpress\/i-racconti-di-paolo-soppelsa\/embed\/#?secret=G2x5yyW6hT#?secret=MErTDrGCfQ\" data-secret=\"MErTDrGCfQ\" width=\"600\" height=\"338\" frameborder=\"0\" marginwidth=\"0\" marginheight=\"0\" scrolling=\"no\"><\/iframe><\/p>\n<p>&nbsp;<\/p>\n<hr \/>\n<p>&nbsp;<\/p>\n<\/div>\n<\/div>\n<\/div>\n<\/div>\n<\/div>\n<\/div>\n<\/div>\n<\/div>\n<\/div>\n<\/div>\n<\/div>\n<\/div>\n<\/div>\n<\/div>\n<\/div>\n<\/div>\n<\/div>\n<\/div>\n<\/div>\n<\/div>\n<\/div>\n<\/div>\n<\/div>\n<\/div>\n<\/div>\n<\/div>\n<\/div>\n<\/div>\n<\/div>\n<\/div>\n<\/div>\n<\/div>\n<\/div>\n<\/div>\n<\/div>\n<\/div>\n<\/div>\n<\/div>\n<\/div>\n<\/div>\n<\/div>\n<\/div>\n<\/div>\n<\/div>\n<\/div>\n<\/div>\n<\/div>\n<\/div>\n<\/div>\n<\/div>\n<\/div>\n<\/div>\n<\/div>\n<\/div>\n<\/div>\n<\/div>\n<\/div>\n<\/div>\n<\/div>\n<\/div>\n<\/div>\n<\/div>\n<\/div>\n<\/div>\n<\/div>\n<\/div>\n<\/div>\n<\/div>\n<\/div>\n<\/div>\n<\/div>\n<\/div>\n<\/div>\n<\/div>\n<\/div>\n<\/div>\n<\/div>\n<\/div>\n<\/div>\n<\/div>\n<\/div>\n<\/div>\n<\/div>\n<\/div>\n<\/div>\n<\/div>\n<\/div>\n<\/div>\n<\/div>\n<\/div>\n<\/div>\n<\/div>\n<\/div>\n<\/div>\n<\/div>\n<\/div>\n<\/div>\n<\/div>\n<\/div>\n<\/div>\n<\/div>\n<\/div>\n<\/div>\n<\/div>\n<\/div>\n<\/div>\n<\/div>\n<\/div>\n<\/div>\n<\/div>\n<\/div>\n<div class=\"b654a4as d2edcug0\">\n<div class=\"ecm0bbzt e5nlhep0 a8c37x1j\">\n<div class=\"kvgmc6g5 cxmmr5t8 oygrvhab hcukyx3x c1et5uql\">\n<div class=\"gmail-kvgmc6g5 gmail-cxmmr5t8 gmail-oygrvhab gmail-hcukyx3x gmail-c1et5uql gmail-ii04i59q\">\n<div>\n<div class=\"page-title-head hgroup\">\n<div class=\"page-title-head hgroup\">\n<div class=\"b654a4as d2edcug0\">\n<div class=\"j83agx80 btwxx1t3 lhclo0ds hop8lmos nkwizq5d scwd0bx6 roh60bw9\">\n<div class=\"rq0escxv hkbzh7o3 jwdofwj8 n8tt0mok r8blr3vg hyh9befq\">\n<div class=\"do00u71z l9j0dhe7 k4urcfbm\">\n<div>\n<div class=\"page-title-head hgroup\">\n<div class=\"page-title-head hgroup\">\n<div class=\"page-title-head hgroup\">\n<div class=\"page-title-head hgroup\">\n<div class=\"b654a4as d2edcug0\">\n<div class=\"page-title-head hgroup\">\n<div class=\"page-title-head hgroup\">\n<div class=\"page-title-head hgroup\">\n<div class=\"page-title-head hgroup\">\n<div class=\"b654a4as d2edcug0\">\n<div class=\"page-title-head hgroup\">\n<div class=\"page-title-head hgroup\">\n<div class=\"page-title-head hgroup\">\n<div class=\"page-title-head hgroup\">\n<div class=\"page-title-head hgroup\">\n<div class=\"mkdf-post-text\">\n<div class=\"mkdf-post-text-inner\">\n<div class=\"mkdf-post-text-main\">\n<div class=\"mkdf-post-text\">\n<div class=\"mkdf-post-text-inner\">\n<div class=\"mkdf-post-text-main\">\n<div class=\"mkdf-post-text\">\n<div class=\"mkdf-post-text-inner\">\n<div class=\"mkdf-post-text-main\">\n<div class=\"page-title-head hgroup\">\n<div class=\"page-title-head hgroup\">\n<div class=\"mkdf-post-text\">\n<div class=\"mkdf-post-text-inner\">\n<div class=\"mkdf-post-text-main\">\n<div class=\"mkdf-post-text\">\n<div class=\"mkdf-post-text-inner\">\n<div class=\"mkdf-post-text-main\">\n<div>\n<div class=\"page-title-head hgroup\">\n<div class=\"page-title-head hgroup\">\n<div>\n<div class=\"page-title-head hgroup\">\n<div class=\"page-title-head hgroup\">\n<div class=\"b654a4as d2edcug0\">\n<div>\n<div class=\"page-title-head hgroup\" style=\"text-align: left;\">\n<div class=\"page-title-head hgroup\">\n<div dir=\"auto\">\n<p><a class=\"dt-pswp-item pspw-wrap-ready\" href=\"https:\/\/i0.wp.com\/www.radiopiu.net\/wordpress\/wp-content\/uploads\/2018\/09\/WhatsApp-Image-2018-09-20-at-16.04.06.jpeg?ssl=1\" data-dt-img-description=\"\" data-large_image_width=\"800\" data-large_image_height=\"100\"><img loading=\"lazy\" decoding=\"async\" class=\"aligncenter wp-image-61378 size-full jetpack-lazy-image jetpack-lazy-image--handled\" src=\"https:\/\/i0.wp.com\/www.radiopiu.net\/wordpress\/wp-content\/uploads\/2018\/09\/WhatsApp-Image-2018-09-20-at-16.04.06.jpeg?resize=800%2C100&amp;ssl=1\" sizes=\"auto, (max-width: 800px) 100vw, 800px\" srcset=\"https:\/\/i0.wp.com\/www.radiopiu.net\/wordpress\/wp-content\/uploads\/2018\/09\/WhatsApp-Image-2018-09-20-at-16.04.06.jpeg?w=800&amp;ssl=1 800w, https:\/\/i0.wp.com\/www.radiopiu.net\/wordpress\/wp-content\/uploads\/2018\/09\/WhatsApp-Image-2018-09-20-at-16.04.06.jpeg?resize=300%2C38&amp;ssl=1 300w, https:\/\/i0.wp.com\/www.radiopiu.net\/wordpress\/wp-content\/uploads\/2018\/09\/WhatsApp-Image-2018-09-20-at-16.04.06.jpeg?resize=768%2C96&amp;ssl=1 768w\" alt=\"\" width=\"800\" height=\"100\" data-lazy-loaded=\"1\" \/><\/a><\/p>\n<\/div>\n<\/div>\n<\/div>\n<\/div>\n<\/div>\n<\/div>\n<\/div>\n<\/div>\n<\/div>\n<\/div>\n<\/div>\n<\/div>\n<\/div>\n<\/div>\n<\/div>\n<\/div>\n<\/div>\n<\/div>\n<\/div>\n<\/div>\n<\/div>\n<\/div>\n<\/div>\n<\/div>\n<\/div>\n<\/div>\n<\/div>\n<\/div>\n<\/div>\n<\/div>\n<\/div>\n<\/div>\n<\/div>\n<\/div>\n<\/div>\n<\/div>\n<\/div>\n<\/div>\n<\/div>\n<\/div>\n<\/div>\n<\/div>\n<\/div>\n<\/div>\n<\/div>\n<\/div>\n<\/div>\n<\/div>\n<\/div>\n<\/div>\n<\/div>\n<\/div>\n<\/div>\n<\/div>\n<\/div>\n<\/div>\n<\/div>\n<\/div>\n<\/div>\n<\/div>\n<\/div>\n<\/div>\n<\/div>\n<\/div>\n<\/div>\n<\/div>\n<\/div>\n<\/div>\n<\/div>\n<\/div>\n<\/div>\n<\/div>\n<\/div>\n<\/div>\n<\/div>\n<\/div>\n<\/div>\n<\/div>\n<\/div>\n<\/div>\n<\/div>\n<\/div>\n<\/div>\n<\/div>\n<\/div>\n<\/div>\n<\/div>\n<\/div>\n<\/div>\n<\/div>\n<\/div>\n<\/div>\n<\/div>\n<\/div>\n<\/div>\n<\/div>\n<\/div>\n<\/div>\n<\/div>\n<\/div>\n<\/div>\n<\/div>\n<\/div>\n<\/div>\n<\/div>\n<\/div>\n<\/div>\n<\/div>\n<\/div>\n<\/div>\n<\/div>\n<\/div>\n<\/div>\n<\/div>\n<\/div>\n<\/div>\n<\/div>\n<\/div>\n<\/div>\n<\/div>\n<\/div>\n<\/div>\n<\/div>\n<\/div>\n<\/div>\n<\/div>\n<\/div>\n<\/div>\n<\/div>\n<\/div>\n<\/div>\n<\/div>\n<\/div>\n<\/div>\n<\/div>\n<\/div>\n<\/div>\n<\/div>\n<\/div>\n<\/div>\n<\/div>\n<\/div>\n<\/div>\n<\/div>\n<\/div>\n<\/div>\n<\/div>\n<\/div>\n<\/div>\n<\/div>\n<\/div>\n<\/div>\n<\/div>\n<\/div>\n<\/div>\n<\/div>\n<\/div>\n<\/div>\n<\/div>\n<\/div>\n<\/div>\n<\/div>\n<\/div>\n<\/div>\n<\/div>\n<\/div>\n<\/div>\n<\/div>\n<\/div>\n<\/div>\n<\/div>\n<\/div>\n<\/div>\n<\/div>\n<\/div>\n<\/div>\n<\/div>\n<\/div>\n<\/div>\n<\/div>\n<\/div>\n<\/div>\n<\/div>\n<\/div>\n<\/div>\n<\/div>\n<\/div>\n<\/div>\n<\/div>\n<\/div>\n<\/div>\n<\/div>\n<\/div>\n<\/div>\n<\/div>\n<\/div>\n<\/div>\n<\/div>\n<\/div>\n<\/div>\n<\/div>\n<\/div>\n<\/div>\n<\/div>\n<\/div>\n<\/div>\n<\/div>\n<\/div>\n<\/div>\n<\/div>\n<\/div>\n<\/div>\n<\/div>\n<\/div>\n<\/div>\n<\/div>\n<\/div>\n<\/div>\n<\/div>\n<\/div>\n<\/div>\n<\/div>\n<\/div>\n<\/div>\n<\/div>\n<\/div>\n<\/div>\n<\/div>\n<\/div>\n<\/div>\n<div style=\"text-align: left;\">\n<p><strong>\u00a0\u00a0<\/strong><\/p>\n<p>&nbsp;<\/p>\n<p>&nbsp;<\/p>\n<\/div>\n<hr \/>\n<p>&nbsp;<\/p>\n<p>&nbsp;<\/p>\n<p><a href=\"https:\/\/www.radiopiu.net\/wordpress\/giornale-radiopiu-26-settembre-2018-direttore-mirko-mezzacasa\/viabilita-2\/\" rel=\"attachment wp-att-61954\"><img loading=\"lazy\" decoding=\"async\" class=\"aligncenter wp-image-61954 size-full\" src=\"https:\/\/www.radiopiu.net\/wordpress\/wp-content\/uploads\/2018\/09\/viabilita.jpeg\" sizes=\"auto, (max-width: 800px) 100vw, 800px\" srcset=\"https:\/\/www.radiopiu.net\/wordpress\/wp-content\/uploads\/2018\/09\/viabilita.jpeg 800w, https:\/\/www.radiopiu.net\/wordpress\/wp-content\/uploads\/2018\/09\/viabilita-300x38.jpeg 300w, https:\/\/www.radiopiu.net\/wordpress\/wp-content\/uploads\/2018\/09\/viabilita-768x96.jpeg 768w\" alt=\"\" width=\"800\" height=\"100\" \/><\/a><\/p>\n<p>&nbsp;<\/p>\n<blockquote class=\"wp-embedded-content\" data-secret=\"5hijF92qk7\"><p><a href=\"https:\/\/www.radiopiu.net\/wordpress\/viabilita\/\">viabilita<\/a><\/p><\/blockquote>\n<p><iframe loading=\"lazy\" class=\"wp-embedded-content\" sandbox=\"allow-scripts\" security=\"restricted\" style=\"position: absolute; clip: rect(1px, 1px, 1px, 1px);\" title=\"&#8220;viabilita&#8221; &#8212; Radio Pi\u00f9\" src=\"https:\/\/www.radiopiu.net\/wordpress\/viabilita\/embed\/#?secret=0XLukK0ujs#?secret=5hijF92qk7\" data-secret=\"5hijF92qk7\" width=\"600\" height=\"338\" frameborder=\"0\" marginwidth=\"0\" marginheight=\"0\" scrolling=\"no\"><\/iframe><\/p>\n<p>&nbsp;<\/p>\n<hr \/>\n<p>&nbsp;<\/p>\n<p>&nbsp;<\/p>\n<p><img loading=\"lazy\" decoding=\"async\" class=\"wp-image-60761 size-full aligncenter\" src=\"https:\/\/www.radiopiu.net\/wordpress\/wp-content\/uploads\/2018\/09\/sport.jpg\" alt=\"\" width=\"800\" height=\"100\" srcset=\"https:\/\/www.radiopiu.net\/wordpress\/wp-content\/uploads\/2018\/09\/sport.jpg 800w, https:\/\/www.radiopiu.net\/wordpress\/wp-content\/uploads\/2018\/09\/sport-300x38.jpg 300w, https:\/\/www.radiopiu.net\/wordpress\/wp-content\/uploads\/2018\/09\/sport-768x96.jpg 768w\" sizes=\"auto, (max-width: 800px) 100vw, 800px\" \/><\/p>\n<p>&nbsp;<\/p>\n<p><span style=\"color: #0000ff;\"><strong>CALCIO<\/strong><\/span><\/p>\n<blockquote>\n<h3>IL RIVAMONTE RISCHIA L&#8217;ESCLUSIONE DAI QUARTI DI FINALE<\/h3>\n<\/blockquote>\n<p><strong><a class=\"dt-pswp-item\" href=\"https:\/\/www.radiopiu.net\/wordpress\/wp-content\/uploads\/2022\/05\/RIVAMONTE.png\" data-dt-img-description=\"\" data-large_image_width=\"600\" data-large_image_height=\"733\"><img loading=\"lazy\" decoding=\"async\" class=\"alignleft wp-image-273517 \" src=\"https:\/\/www.radiopiu.net\/wordpress\/wp-content\/uploads\/2022\/05\/RIVAMONTE-246x300.png\" alt=\"\" width=\"93\" height=\"113\" srcset=\"https:\/\/www.radiopiu.net\/wordpress\/wp-content\/uploads\/2022\/05\/RIVAMONTE-246x300.png 246w, https:\/\/www.radiopiu.net\/wordpress\/wp-content\/uploads\/2022\/05\/RIVAMONTE.png 600w\" sizes=\"auto, (max-width: 93px) 100vw, 93px\" \/><\/a>REDAZIONE<\/strong> Una delle squadre in difficolt\u00e0 nel girone B sicuramente \u00e8 il Rivamonte. La compagine del Poi, dopo il pareggio nella prima giornata con il Caprile, non \u00e8 pi\u00f9 riuscita a racimolare punti. Un ruolino di marcia negativo caratterizzato anche dalle tante assenze per infortunio. Ora mancano due sfide e per essere sicuri di passare il turno i rivamontini devono incamerare due vittorie contro Alleghe e Cencenighe. Non sar\u00e0 facile vista anche l&#8217;infermeria piena.<\/p>\n<p><strong>ALEX PIAIA, PRESIDENTE E GIOCATORE DEL RIVAMONTE<\/strong><\/p>\n<audio class=\"wp-audio-shortcode\" id=\"audio-285619-19\" preload=\"none\" style=\"width: 100%;\" controls=\"controls\"><source type=\"audio\/mpeg\" src=\"https:\/\/www.radiopiu.net\/wordpress\/wp-content\/uploads\/2022\/07\/ALEX-PIAIA.mp3?_=19\" \/><a href=\"https:\/\/www.radiopiu.net\/wordpress\/wp-content\/uploads\/2022\/07\/ALEX-PIAIA.mp3\">https:\/\/www.radiopiu.net\/wordpress\/wp-content\/uploads\/2022\/07\/ALEX-PIAIA.mp3<\/a><\/audio>\n<p>&nbsp;<\/p>\n<h2><span style=\"color: #008000;\"><a class=\"dt-pswp-item\" href=\"https:\/\/www.radiopiu.net\/wordpress\/wp-content\/uploads\/2019\/01\/CALCIO-FALLO.jpeg\" data-dt-img-description=\"\" data-large_image_width=\"1600\" data-large_image_height=\"848\"><img loading=\"lazy\" decoding=\"async\" class=\" wp-image-71538 alignleft\" src=\"https:\/\/www.radiopiu.net\/wordpress\/wp-content\/uploads\/2019\/01\/CALCIO-FALLO-150x150.jpeg\" alt=\"\" width=\"74\" height=\"74\" \/><\/a>SPECIALE CAMPIONATO AGORDINO<\/span><\/h2>\n<p><strong>\u00a0<\/strong><\/p>\n<p><strong>\u00a0<\/strong><\/p>\n<p><strong>RIASCOLTA OTTANTESIMO MINUTO &#8211; QUARTA PUNTATA<\/strong><\/p>\n<audio class=\"wp-audio-shortcode\" id=\"audio-285619-20\" preload=\"none\" style=\"width: 100%;\" controls=\"controls\"><source type=\"audio\/mpeg\" src=\"https:\/\/www.radiopiu.net\/wordpress\/wp-content\/uploads\/2022\/07\/80MIN.mp3?_=20\" \/><a href=\"https:\/\/www.radiopiu.net\/wordpress\/wp-content\/uploads\/2022\/07\/80MIN.mp3\">https:\/\/www.radiopiu.net\/wordpress\/wp-content\/uploads\/2022\/07\/80MIN.mp3<\/a><\/audio>\n<p>&nbsp;<\/p>\n<p><strong>RIASCOLTA CAMPIONATO AGORDINO SHOW &#8211; QUARTA PUNTATA (LA SINTESI)<\/strong><\/p>\n<audio class=\"wp-audio-shortcode\" id=\"audio-285619-21\" preload=\"none\" style=\"width: 100%;\" controls=\"controls\"><source type=\"audio\/mpeg\" src=\"https:\/\/www.radiopiu.net\/wordpress\/wp-content\/uploads\/2022\/07\/AGOS.mp3?_=21\" \/><a href=\"https:\/\/www.radiopiu.net\/wordpress\/wp-content\/uploads\/2022\/07\/AGOS.mp3\">https:\/\/www.radiopiu.net\/wordpress\/wp-content\/uploads\/2022\/07\/AGOS.mp3<\/a><\/audio>\n<p>&nbsp;<\/p>\n<blockquote>\n<h3>VERSO L&#8217;ALPE DEL NEVEGAL, GRAZIE A CHI E&#8217; MOSSO DA &#8220;PASSIONE INFINITA&#8221;<\/h3>\n<\/blockquote>\n<p><img loading=\"lazy\" decoding=\"async\" class=\"aligncenter\" src=\"https:\/\/www.radiopiu.net\/wordpress\/wp-content\/uploads\/2022\/07\/561b66cc-53fe-43ca-a373-52a994d95f89.jpg\" width=\"173\" height=\"115\" \/><\/p>\n<p><strong>BELLUNO<\/strong><\/p>\n<p><strong>ROBERTO BONA<\/strong><\/p>\n<audio class=\"wp-audio-shortcode\" id=\"audio-285619-22\" preload=\"none\" style=\"width: 100%;\" controls=\"controls\"><source type=\"audio\/mpeg\" src=\"https:\/\/www.radiopiu.net\/wordpress\/wp-content\/uploads\/2022\/07\/ALPE-ROBERTO.mp3?_=22\" \/><a href=\"https:\/\/www.radiopiu.net\/wordpress\/wp-content\/uploads\/2022\/07\/ALPE-ROBERTO.mp3\">https:\/\/www.radiopiu.net\/wordpress\/wp-content\/uploads\/2022\/07\/ALPE-ROBERTO.mp3<\/a><\/audio>\n<p>&nbsp;<\/p>\n<\/div>\n<\/div>\n<\/div>\n<\/div>\n<\/div>\n<\/div>\n<\/div>\n<\/div>\n<\/div>\n<\/div>\n<\/div>\n<\/div>\n<\/div>\n<\/div>\n<\/div>\n<\/div>\n<\/div>\n<\/div>\n<\/div>\n<\/div>\n<\/div>\n<\/div>\n<\/div>\n<\/div>\n<\/div>\n<\/div>\n<\/div>\n<\/div>\n<\/div>\n<\/div>\n<\/div>\n<\/div>\n<\/div>\n<\/div>\n<\/div>\n<\/div>\n<\/div>\n<\/div>\n<\/div>\n<\/div>\n<\/div>\n<\/div>\n<\/div>\n<\/div>\n<\/div>\n<\/div>\n<\/div>\n<\/div>\n<\/div>\n<\/div>\n<\/div>\n<\/div>\n<\/div>\n<\/div>\n<\/div>\n<\/div>\n<\/div>\n<\/div>\n<\/div>\n<\/div>\n<\/div>\n<\/div>\n<\/div>\n<\/div>\n<\/div>\n<\/div>\n<\/div>\n<\/div>\n<\/div>\n<\/div>\n<\/div>\n<\/div>\n<\/div>\n<\/div>\n<\/div>\n<\/div>\n<\/div>\n<\/div>\n<\/div>\n<\/div>\n<\/div>\n<\/div>\n<\/div>\n<\/div>\n<\/div>\n<\/div>\n<\/div>\n<\/div>\n<\/div>\n<\/div>\n<\/div>\n<\/div>\n<\/div>\n<\/div>\n<\/div>\n<\/div>\n<\/div>\n<\/div>\n<\/div>\n<\/div>\n<\/div>\n<\/div>\n<\/div>\n<\/div>\n<\/div>\n","protected":false},"excerpt":{"rendered":"<p>RADIO PIU INFORMAZIONE il canale su TELEGRAM informazione di prima\u00a0 mano e in tempo reale. iscriviti ed aiutaci a farlo conoscere\u00a0 &nbsp; &nbsp; &nbsp; &nbsp; IL GHIACCIAIO RESTITUISCE ALTRI\u00a0 CORPI Le brutali condizioni del ritrovamento hanno impedito per ora ai soccorritori di identificare e dare un nome ai corpi che il ghiacciaio della Marmolada ha&hellip;<\/p>\n","protected":false},"author":4,"featured_media":285844,"comment_status":"closed","ping_status":"closed","sticky":false,"template":"","format":"standard","meta":{"_monsterinsights_skip_tracking":false,"_monsterinsights_sitenote_active":false,"_monsterinsights_sitenote_note":"","_monsterinsights_sitenote_category":0,"footnotes":""},"categories":[104,86,49],"tags":[],"class_list":["post-285619","post","type-post","status-publish","format-standard","has-post-thumbnail","hentry","category-evidenza_3","category-gr","category-news-18","category-104","category-86","category-49","description-off"],"img_url":"https:\/\/www.radiopiu.net\/wordpress\/wp-content\/uploads\/2022\/07\/aasd.jpg","_links":{"self":[{"href":"https:\/\/www.radiopiu.net\/wordpress\/wp-json\/wp\/v2\/posts\/285619","targetHints":{"allow":["GET"]}}],"collection":[{"href":"https:\/\/www.radiopiu.net\/wordpress\/wp-json\/wp\/v2\/posts"}],"about":[{"href":"https:\/\/www.radiopiu.net\/wordpress\/wp-json\/wp\/v2\/types\/post"}],"author":[{"embeddable":true,"href":"https:\/\/www.radiopiu.net\/wordpress\/wp-json\/wp\/v2\/users\/4"}],"replies":[{"embeddable":true,"href":"https:\/\/www.radiopiu.net\/wordpress\/wp-json\/wp\/v2\/comments?post=285619"}],"version-history":[{"count":0,"href":"https:\/\/www.radiopiu.net\/wordpress\/wp-json\/wp\/v2\/posts\/285619\/revisions"}],"wp:featuredmedia":[{"embeddable":true,"href":"https:\/\/www.radiopiu.net\/wordpress\/wp-json\/wp\/v2\/media\/285844"}],"wp:attachment":[{"href":"https:\/\/www.radiopiu.net\/wordpress\/wp-json\/wp\/v2\/media?parent=285619"}],"wp:term":[{"taxonomy":"category","embeddable":true,"href":"https:\/\/www.radiopiu.net\/wordpress\/wp-json\/wp\/v2\/categories?post=285619"},{"taxonomy":"post_tag","embeddable":true,"href":"https:\/\/www.radiopiu.net\/wordpress\/wp-json\/wp\/v2\/tags?post=285619"}],"curies":[{"name":"wp","href":"https:\/\/api.w.org\/{rel}","templated":true}]}}