{"id":285626,"date":"2022-07-06T05:28:08","date_gmt":"2022-07-06T03:28:08","guid":{"rendered":"https:\/\/www.radiopiu.net\/wordpress\/?p=285626"},"modified":"2022-07-06T05:40:23","modified_gmt":"2022-07-06T03:40:23","slug":"bellunese-accoltellato-a-jesolo-la-polizia-a-caccia-degli-aggressori","status":"publish","type":"post","link":"https:\/\/www.radiopiu.net\/wordpress\/bellunese-accoltellato-a-jesolo-la-polizia-a-caccia-degli-aggressori\/","title":{"rendered":"BELLUNESE ACCOLTELLATO A JESOLO, LA POLIZIA A CACCIA DEGLI AGGRESSORI"},"content":{"rendered":"<p><strong><a class=\"dt-pswp-item\" href=\"https:\/\/www.radiopiu.net\/wordpress\/wp-content\/uploads\/2022\/07\/polizia.jpg\" data-dt-img-description=\"\" data-large_image_width=\"367\" data-large_image_height=\"286\"><img loading=\"lazy\" decoding=\"async\" class=\"size-thumbnail wp-image-285627 alignleft\" src=\"https:\/\/www.radiopiu.net\/wordpress\/wp-content\/uploads\/2022\/07\/polizia-150x150.jpg\" alt=\"\" width=\"150\" height=\"150\" \/><\/a>JESOLO<\/strong> Potrebbe essere una lite per la zona di spaccio della droga il motivo dell&#8217;accoltellamento di un minorenne bellunese a Jesolo. Ne da notizia il Corriere delle Alpi riportando la notizia della violenta aggressione\u00a0 verificata si\u00a0 sabato notte.Il giovane si \u00e8 ritrovato con un polmone perforato ed \u00e8 stato ricoverato d&#8217;urgenza a Mestre dove \u00e8 finito in Rianimazione, prima di essere dichiarato fuori pericolo. \u00c8 tuttora ricoverato nell&#8217;ospedale mestrino. Si tratta di un giovane ragazzo bellunese: un nordafricano residente in provincia. Secondo le ricostruzioni della polizia sarebbe rimasto vittima di un regolamento di conti sempre nella zona di piazza Mazzini, tra l&#8217;accesso al mare e la spiaggia. La lite con altre persone potrebbe essere scoppiata per motivi legati allo spaccio di sostanze stupefacenti. Un giovane avrebbe estratto il coltello e sferrato non un solo fendente al torace del minore. Il ragazzo \u00e8 stato colpito almeno tre tre volte al petto, poi un colpo diretto gli ha forato un polmone. Nella collutazione sono rimasti coinvolti anche altri giovani, tre o quattro coetanei che poi sono fuggiti; nel gruppo si trovava anche un altro nordafricano bellunese che non sarebbe rimasto ferito.<\/p>\n<p>&nbsp;<\/p>\n<hr \/>\n<p>&nbsp;<\/p>\n","protected":false},"excerpt":{"rendered":"<p>JESOLO Potrebbe essere una lite per la zona di spaccio della droga il motivo dell&#8217;accoltellamento di un minorenne bellunese a Jesolo. Ne da notizia il Corriere delle Alpi riportando la notizia della violenta aggressione\u00a0 verificata si\u00a0 sabato notte.Il giovane si \u00e8 ritrovato con un polmone perforato ed \u00e8 stato ricoverato d&#8217;urgenza a Mestre dove \u00e8&hellip;<\/p>\n","protected":false},"author":4,"featured_media":285627,"comment_status":"closed","ping_status":"closed","sticky":false,"template":"","format":"standard","meta":{"_monsterinsights_skip_tracking":false,"_monsterinsights_sitenote_active":false,"_monsterinsights_sitenote_note":"","_monsterinsights_sitenote_category":0,"footnotes":""},"categories":[51,49],"tags":[],"class_list":["post-285626","post","type-post","status-publish","format-standard","has-post-thumbnail","hentry","category-evidenza-top","category-news-18","category-51","category-49","description-off"],"img_url":"https:\/\/www.radiopiu.net\/wordpress\/wp-content\/uploads\/2022\/07\/polizia.jpg","_links":{"self":[{"href":"https:\/\/www.radiopiu.net\/wordpress\/wp-json\/wp\/v2\/posts\/285626","targetHints":{"allow":["GET"]}}],"collection":[{"href":"https:\/\/www.radiopiu.net\/wordpress\/wp-json\/wp\/v2\/posts"}],"about":[{"href":"https:\/\/www.radiopiu.net\/wordpress\/wp-json\/wp\/v2\/types\/post"}],"author":[{"embeddable":true,"href":"https:\/\/www.radiopiu.net\/wordpress\/wp-json\/wp\/v2\/users\/4"}],"replies":[{"embeddable":true,"href":"https:\/\/www.radiopiu.net\/wordpress\/wp-json\/wp\/v2\/comments?post=285626"}],"version-history":[{"count":0,"href":"https:\/\/www.radiopiu.net\/wordpress\/wp-json\/wp\/v2\/posts\/285626\/revisions"}],"wp:featuredmedia":[{"embeddable":true,"href":"https:\/\/www.radiopiu.net\/wordpress\/wp-json\/wp\/v2\/media\/285627"}],"wp:attachment":[{"href":"https:\/\/www.radiopiu.net\/wordpress\/wp-json\/wp\/v2\/media?parent=285626"}],"wp:term":[{"taxonomy":"category","embeddable":true,"href":"https:\/\/www.radiopiu.net\/wordpress\/wp-json\/wp\/v2\/categories?post=285626"},{"taxonomy":"post_tag","embeddable":true,"href":"https:\/\/www.radiopiu.net\/wordpress\/wp-json\/wp\/v2\/tags?post=285626"}],"curies":[{"name":"wp","href":"https:\/\/api.w.org\/{rel}","templated":true}]}}