{"id":285629,"date":"2022-07-06T05:29:43","date_gmt":"2022-07-06T03:29:43","guid":{"rendered":"https:\/\/www.radiopiu.net\/wordpress\/?p=285629"},"modified":"2022-07-06T05:40:17","modified_gmt":"2022-07-06T03:40:17","slug":"l-addio-a-ivan-tegner-domani-i-funerali","status":"publish","type":"post","link":"https:\/\/www.radiopiu.net\/wordpress\/l-addio-a-ivan-tegner-domani-i-funerali\/","title":{"rendered":"L&#8217; ADDIO A IVAN TEGNER, DOMANI I FUNERALI"},"content":{"rendered":"<p><strong><img loading=\"lazy\" decoding=\"async\" class=\"alignleft\" src=\"https:\/\/www.radiopiu.net\/wordpress\/wp-content\/uploads\/2022\/07\/Senza-nome-1.jpg\" width=\"199\" height=\"166\" \/>SOSPIROLO<\/strong> E&#8217; mancato nella sua abitazione, Ivan Tegner, molto noto in provincia per la sua attivit\u00e0 politica. Aveva 70 anni. Insegnante all&#8217;alberghiero di Falcade, aveva ricoperto il ruolo di segretario alle scuole medie di Sedico.\u00a0 Iscritto al Partito Comunista dal 1987 \u00e8 stato consigliere comunale a Sospirolo, capogruppo di maggioranza e consigliere nell&#8217;allora Comunit\u00e0 montana. Nella seconda legislatura, con il sindaco Renzo Poloni\u00a0 era stato assessore alla cultura e alla pubblica istruzione. Si era candidato anche alle elezioni europee nel 1999 nel Collegio Nord est del Triveneto ed Emilia Romagna. Era membro dell&#8217;Anpi e di Emergency.<\/p>\n<blockquote><p><em> Ivan Tegner lascia la moglie Tiziana, le figlie Simonetta e Irene, i nipoti e fratelli.La cerimonia funebre civile si svolger\u00e0 domani alle 14.30 a Pr\u00e0 della Melia. Poi la salma sar\u00e0 cremata e sepolta al cimitero di Sospirolo.\u00a0<\/em><\/p><\/blockquote>\n","protected":false},"excerpt":{"rendered":"<p>SOSPIROLO E&#8217; mancato nella sua abitazione, Ivan Tegner, molto noto in provincia per la sua attivit\u00e0 politica. Aveva 70 anni. Insegnante all&#8217;alberghiero di Falcade, aveva ricoperto il ruolo di segretario alle scuole medie di Sedico.\u00a0 Iscritto al Partito Comunista dal 1987 \u00e8 stato consigliere comunale a Sospirolo, capogruppo di maggioranza e consigliere nell&#8217;allora Comunit\u00e0 montana.&hellip;<\/p>\n","protected":false},"author":4,"featured_media":285630,"comment_status":"closed","ping_status":"closed","sticky":false,"template":"","format":"standard","meta":{"_monsterinsights_skip_tracking":false,"_monsterinsights_sitenote_active":false,"_monsterinsights_sitenote_note":"","_monsterinsights_sitenote_category":0,"footnotes":""},"categories":[51,49],"tags":[],"class_list":["post-285629","post","type-post","status-publish","format-standard","has-post-thumbnail","hentry","category-evidenza-top","category-news-18","category-51","category-49","description-off"],"img_url":"https:\/\/www.radiopiu.net\/wordpress\/wp-content\/uploads\/2022\/07\/Senza-nome-1.jpg","_links":{"self":[{"href":"https:\/\/www.radiopiu.net\/wordpress\/wp-json\/wp\/v2\/posts\/285629","targetHints":{"allow":["GET"]}}],"collection":[{"href":"https:\/\/www.radiopiu.net\/wordpress\/wp-json\/wp\/v2\/posts"}],"about":[{"href":"https:\/\/www.radiopiu.net\/wordpress\/wp-json\/wp\/v2\/types\/post"}],"author":[{"embeddable":true,"href":"https:\/\/www.radiopiu.net\/wordpress\/wp-json\/wp\/v2\/users\/4"}],"replies":[{"embeddable":true,"href":"https:\/\/www.radiopiu.net\/wordpress\/wp-json\/wp\/v2\/comments?post=285629"}],"version-history":[{"count":0,"href":"https:\/\/www.radiopiu.net\/wordpress\/wp-json\/wp\/v2\/posts\/285629\/revisions"}],"wp:featuredmedia":[{"embeddable":true,"href":"https:\/\/www.radiopiu.net\/wordpress\/wp-json\/wp\/v2\/media\/285630"}],"wp:attachment":[{"href":"https:\/\/www.radiopiu.net\/wordpress\/wp-json\/wp\/v2\/media?parent=285629"}],"wp:term":[{"taxonomy":"category","embeddable":true,"href":"https:\/\/www.radiopiu.net\/wordpress\/wp-json\/wp\/v2\/categories?post=285629"},{"taxonomy":"post_tag","embeddable":true,"href":"https:\/\/www.radiopiu.net\/wordpress\/wp-json\/wp\/v2\/tags?post=285629"}],"curies":[{"name":"wp","href":"https:\/\/api.w.org\/{rel}","templated":true}]}}