{"id":285636,"date":"2022-07-05T23:03:37","date_gmt":"2022-07-05T21:03:37","guid":{"rendered":"https:\/\/www.radiopiu.net\/wordpress\/?p=285636"},"modified":"2022-07-06T06:06:50","modified_gmt":"2022-07-06T04:06:50","slug":"belluno-seconda-in-veneto-per-miti-misteri-e-leggende-nel-libro-di-alessandra-artale","status":"publish","type":"post","link":"https:\/\/www.radiopiu.net\/wordpress\/belluno-seconda-in-veneto-per-miti-misteri-e-leggende-nel-libro-di-alessandra-artale\/","title":{"rendered":"BELLUNO SECONDA IN VENETO PER MITI, MISTERI E LEGGENDE, NEL LIBRO DI ALESSANDRA ARTALE"},"content":{"rendered":"<p><strong>di\u00a0 RENATO BONA<\/strong><\/p>\n<p>\u201cMiti, misteri e leggende del Veneto\u201d \u00e8 il titolo di un libro di oltre 120 pagine che Alessandra Artale ha realizzato (stampa Media Key Editoriale) nel marzo di tre anni fa (per il coordinamento editoriale di Angelo Pastorello, grafica e impaginazione di Marilena Ferrara) con la Editoriale Programma di Treviso che lo aveva messo in vendita anche nelle edicole, dove ha ottenuto il meritato successo. La prolifica quanto brava scrittrice (nativa di Sanremo, classe 1958, laureata all\u2019Universit\u00e0 di Genova in Storia dell\u2019arte, lavora per la Soprintendenza della Liguria e si occupa fra l\u2019altro di antiquariato; la sua apprezzata produzione letteraria per Editoriale Programma spazia dagli Itinerari palladiani al Tiepolo, dai personaggi illustri dell\u2019Emilia Romagna a forti e torri della Liguria e alla storia delle \u201ccase chiuse\u201d in Italia e in Toscana&#8230;) ha ovviamente dato spazio anche a situazioni riguardanti la provincia di Belluno (numericamente seconda dopo Venezia!) Eccole in sintesi: Il latte di San Mamante\u201d: da Belluno salendo verso il Nevegal, a San Mamante, vi \u00e8 la chiesetta a lui intitolata, eretta nel XII secolo ed ampliata nel XVI. Poco pi\u00f9 in l\u00e0, una fontana che si dice sia miracolosa: secondo la tradizione infatti il Santo avrebbe fatto \u201cscaturire dalla roccia un flebile rivolo d\u2019acqua che aveva il potere di stimolare la montata lattea alle neo-mamme e anche agli animali, oltre che di curare le infiammazioni del seno e far tornare l\u2019appetito ai neonati che poca voglia avevano di mangiare\u201d. Ancora: Mamante \u201cfece s\u00ec che a un uomo molto scettico sulle dicerie di questa fonte miracolosa, sgorgasse il latte dalle mammelle dopo che si era fermato a bere quell\u2019acqua\u201d. Fatto sta che ancora oggi le mamme della zona vanno a bere da quella fonte per essere sicure di avere il latte. \u201cIl Mazar\u00f3l\u201d: Anche nei boschi di Belluno &#8211; scrive Artale &#8211; \u00e8 presente il celebre gnometto chiamato \u201cMazar\u00f3l\u201d o \u201cMathar\u00f3l\u201d che si presenta come un vecchietto molto piccolo, vestito di rosso, con le scarpe dalla punta girata all\u2019ins\u00f9 e un berretto con un campanello sulla punta. Vive in montagna tra gli alberi e anche in mezzo alle rocce\u2026 Pu\u00f2 trasformare chiunque in legno o pietra, alcune volte persino in un animale\u2026 Se si calpestano le sue impronte si va incontro a esperienze davvero spiacevoli\u2026 \u201cLa Gusela del Vescov\u00e0\u201d: l\u2019\u201cago del vescovo\u201d \u00e8 un particolarissimo sperone di roccia che dal massiccio della Schiara si staglia verso il cielo. Per la sua forma particolare si dice che No\u00e8 \u201cscelse proprio questa roccia puntuta per ormeggiare la sua Arca, con buona pace di chi pensa si trattasse invece del monte Ararat\u201d. Un\u2019altra storia &#8211; rammenta Artale &#8211; vuole che lo spiazzo in cima alla Gusela fosse il luogo dove le streghe si davano appuntamento per danzare, trascinando con s\u00e9 le anime dei dannati, puniti per aver cacciato nei giorni di festa. \u201cVittore e Corona, patroni di Feltre\u201d: \u201cI Crociati che ritornarono dalla Siria portarono le reliquie dei due Santi ora conservate in un\u2019arca marmorea all\u2019interno della chiesa, che ha le pareti affrescate da artisti di scuola giottesca\u201d. Ai piedi del monte i cavalli che trainavano il carro si fermarono e non ci fu verso di farli continuare\u2026 Giunse un\u2019anziana con due vacche vecchie e magrissime e sostenendo che le era apparso San Vittore disse che lei stessa avrebbe portato i Santi in cima al monte. E cos\u00ec fu. \u201cOm salv\u00e0rech\u201d: l\u2019uomo selvatico viveva completamente rivestito di licopodio, una felce diffusa nei boschi e nelle zone umide. Leggenda vuole che una notte in cui pioveva moltissimo, anche se aveva un aspetto spaventoso fu benevolmente accolto da una famiglia e lui, che era bravissimo a produrre formaggi e burro, ricambi\u00f2 la gentilezza e insegn\u00f2 a filtrare il latte con le foglie che lo ricoprivano. \u201cCastelli, gemelli e fantasmi\u201d: Il Castello di Zumelle, eretto in posizione dominante sull\u2019intera Val Belluna, pare sia stato edificato nel primo secolo. Secondo leggenda, sarebbe stato distrutto con le invasioni dei Barbari e ricostruito da Genserico, uomo i fiducia della regina Amalasunta (che aveva per ancella Eudosia), figlia di Teodorico re dei Goti, uccisa dal marito Teodato che poi si rifugi\u00f2 proprio nel castello. \u201cEl Bus dele Anguane\u201d: Artale scrive che \u00e8 \u201cuno dei luoghi perfetti per parlare di esseri stravaganti: una voragine molto stretta e assai profonda che parte dal bosco vicino a Dubiei per arrivare, attraversando la montagna, fino al paese di Perarolo di Cadore. Da questa cavit\u00e0 fuoriesce un\u2019aria gelida, tanto che gli abitanti la utilizzano come \u2018freezer\u2019\u201d. L\u00ec abitavano le anguane, streghe, fate, sirene o ninfe, esseri mostruosi dalle forme vagamente femminili. che in alcuni giorni della settimana si trasformavano in capre\u2026 \u201cLa leggenda delle mele di Faller\u201d: la leggenda delle mele di variet\u00e0 prussiana del paese di Sovramonte, portate a fine Ottocento da minatori prussiani \u00e8 legata al loro colore: met\u00e0 giallo e met\u00e0 rosso \u201cdovuta ad un atto d\u2019amore di una fanciulla\u201d che si avvalse di un incantesimo per soddisfare il desiderio di un ragazzo che voleva che la mela \u201cavesse una gota rossa come i faggi di Gaz e l\u2019altra gialla come i larici di Col Falcon\u201d. \u201cL\u2019Apostolo delle Dolomiti\u201d: una delle tante leggende sostiene che San Lucano, che ha dato il nome alla valle di Taibon Agordino, avrebbe affrontato il viaggio fino a Roma per incontrare papa Celestino; partito in groppa ad un asinello sarebbe arrivato in groppa all\u2019orso che gli aveva sbranato l\u2019asino. Quando don\u00f2 al pontefice alcune pernici che riposavano sulle sue spalle il Papa, ammalato, gli disse: \u201cVai, Lucano, tu sei pi\u00f9 santo di me\u201d. \u201cIl Bus de la Lum\u201d: E\u2019 la profonda e spettacolare voragine che in territorio di Tambre si trova nel bosco del Cansiglio. Il \u201cbuco della luce\u201d sarebbe stato dimora di anguane con chiodi arrugginiti al posto dei capelli. Come che sia, l\u2019autrice spiega che:\u201dfin dai tempi remoti questo luogo \u00e8 sempre stato considerato magico\u2026 e i reperti archeologici trovati nei dintorni a qualcosa fanno pensare\u2026\u201d. Conclusione con \u201cI fantasmi della Val Scura\u201d: valle tenebrosa del Parco nazionale Dolomiti Bellunesi, la leggenda vuole che c\u2018era forte timore per fantasmi che circolavano indisturbati di notte attorno alle case di Campel; si sentivano rumori che facevano rabbrividire le persone del luogo. Poi si scopr\u00ec che i rumori erano delle anime dei dannati, travestite da vecchi, che scorrazzavano per la valle\u201d.<\/p>\n<p>&nbsp;<\/p>\n\n\t\t\t<style type='text\/css'>\n\t\t\t\t#gallery-1 {\n\t\t\t\t\tmargin: auto;\n\t\t\t\t}\n\t\t\t\t#gallery-1 .gallery-item {\n\t\t\t\t\tfloat: left;\n\t\t\t\t\tmargin-top: 10px;\n\t\t\t\t\ttext-align: center;\n\t\t\t\t\twidth: 14%;\n\t\t\t\t}\n\t\t\t\t#gallery-1 img {\n\t\t\t\t\tborder: 2px solid #cfcfcf;\n\t\t\t\t}\n\t\t\t\t#gallery-1 .gallery-caption {\n\t\t\t\t\tmargin-left: 0;\n\t\t\t\t}\n\t\t\t\t\/* see gallery_shortcode() in wp-includes\/media.php *\/\n\t\t\t<\/style>\n\t\t<div id='gallery-1' class='dt-gallery-container gallery galleryid-285636 gallery-columns-7 gallery-size-thumbnail'><dl class='gallery-item'>\n\t\t\t\t<dt class='gallery-icon portrait'>\n\t\t\t\t\t<a class=\"rollover rollover-zoom dt-pswp-item\" title=\"291770709_1660065497698771_3498330215786590962_n\" data-dt-img-description=\"\" data-large_image_width=\"154\" data-large_image_height=\"206\"href='https:\/\/www.radiopiu.net\/wordpress\/wp-content\/uploads\/2022\/07\/291770709_1660065497698771_3498330215786590962_n.jpg'><img loading=\"lazy\" decoding=\"async\" width=\"150\" height=\"150\" src=\"https:\/\/www.radiopiu.net\/wordpress\/wp-content\/uploads\/2022\/07\/291770709_1660065497698771_3498330215786590962_n-150x150.jpg\" class=\"attachment-thumbnail size-thumbnail\" alt=\"\" \/><\/a>\n\t\t\t\t<\/dt><\/dl><dl class='gallery-item'>\n\t\t\t\t<dt class='gallery-icon landscape'>\n\t\t\t\t\t<a class=\"rollover rollover-zoom dt-pswp-item\" title=\"291718668_1101942077197979_3968908625609072243_n\" data-dt-img-description=\"\" data-large_image_width=\"206\" data-large_image_height=\"206\"href='https:\/\/www.radiopiu.net\/wordpress\/wp-content\/uploads\/2022\/07\/291718668_1101942077197979_3968908625609072243_n.jpg'><img loading=\"lazy\" decoding=\"async\" width=\"150\" height=\"150\" src=\"https:\/\/www.radiopiu.net\/wordpress\/wp-content\/uploads\/2022\/07\/291718668_1101942077197979_3968908625609072243_n-150x150.jpg\" class=\"attachment-thumbnail size-thumbnail\" alt=\"\" srcset=\"https:\/\/www.radiopiu.net\/wordpress\/wp-content\/uploads\/2022\/07\/291718668_1101942077197979_3968908625609072243_n-150x150.jpg 150w, https:\/\/www.radiopiu.net\/wordpress\/wp-content\/uploads\/2022\/07\/291718668_1101942077197979_3968908625609072243_n.jpg 206w\" sizes=\"auto, (max-width: 150px) 100vw, 150px\" \/><\/a>\n\t\t\t\t<\/dt><\/dl><dl class='gallery-item'>\n\t\t\t\t<dt class='gallery-icon portrait'>\n\t\t\t\t\t<a class=\"rollover rollover-zoom dt-pswp-item\" title=\"291364001_729132408291444_6649679154059153234_n\" data-dt-img-description=\"\" data-large_image_width=\"173\" data-large_image_height=\"204\"href='https:\/\/www.radiopiu.net\/wordpress\/wp-content\/uploads\/2022\/07\/291364001_729132408291444_6649679154059153234_n.jpg'><img loading=\"lazy\" decoding=\"async\" width=\"150\" height=\"150\" src=\"https:\/\/www.radiopiu.net\/wordpress\/wp-content\/uploads\/2022\/07\/291364001_729132408291444_6649679154059153234_n-150x150.jpg\" class=\"attachment-thumbnail size-thumbnail\" alt=\"\" \/><\/a>\n\t\t\t\t<\/dt><\/dl><dl class='gallery-item'>\n\t\t\t\t<dt class='gallery-icon landscape'>\n\t\t\t\t\t<a class=\"rollover rollover-zoom dt-pswp-item\" title=\"291427433_426382372710125_8059491102907082205_n\" data-dt-img-description=\"\" data-large_image_width=\"228\" data-large_image_height=\"204\"href='https:\/\/www.radiopiu.net\/wordpress\/wp-content\/uploads\/2022\/07\/291427433_426382372710125_8059491102907082205_n.jpg'><img loading=\"lazy\" decoding=\"async\" width=\"150\" height=\"150\" src=\"https:\/\/www.radiopiu.net\/wordpress\/wp-content\/uploads\/2022\/07\/291427433_426382372710125_8059491102907082205_n-150x150.jpg\" class=\"attachment-thumbnail size-thumbnail\" alt=\"\" \/><\/a>\n\t\t\t\t<\/dt><\/dl><dl class='gallery-item'>\n\t\t\t\t<dt class='gallery-icon portrait'>\n\t\t\t\t\t<a class=\"rollover rollover-zoom dt-pswp-item\" title=\"292354287_7668567116547146_52921619060843761_n\" data-dt-img-description=\"\" data-large_image_width=\"154\" data-large_image_height=\"240\"href='https:\/\/www.radiopiu.net\/wordpress\/wp-content\/uploads\/2022\/07\/292354287_7668567116547146_52921619060843761_n.jpg'><img loading=\"lazy\" decoding=\"async\" width=\"150\" height=\"150\" src=\"https:\/\/www.radiopiu.net\/wordpress\/wp-content\/uploads\/2022\/07\/292354287_7668567116547146_52921619060843761_n-150x150.jpg\" class=\"attachment-thumbnail size-thumbnail\" alt=\"\" \/><\/a>\n\t\t\t\t<\/dt><\/dl><dl class='gallery-item'>\n\t\t\t\t<dt class='gallery-icon landscape'>\n\t\t\t\t\t<a class=\"rollover rollover-zoom dt-pswp-item\" title=\"291668277_405132758250712_1684277291152257706_n\" data-dt-img-description=\"\" data-large_image_width=\"308\" data-large_image_height=\"206\"href='https:\/\/www.radiopiu.net\/wordpress\/wp-content\/uploads\/2022\/07\/291668277_405132758250712_1684277291152257706_n.jpg'><img loading=\"lazy\" decoding=\"async\" width=\"150\" height=\"150\" src=\"https:\/\/www.radiopiu.net\/wordpress\/wp-content\/uploads\/2022\/07\/291668277_405132758250712_1684277291152257706_n-150x150.jpg\" class=\"attachment-thumbnail size-thumbnail\" alt=\"\" \/><\/a>\n\t\t\t\t<\/dt><\/dl><dl class='gallery-item'>\n\t\t\t\t<dt class='gallery-icon portrait'>\n\t\t\t\t\t<a class=\"rollover rollover-zoom dt-pswp-item\" title=\"291869640_769328317574870_1737830746250779537_n\" data-dt-img-description=\"\" data-large_image_width=\"159\" data-large_image_height=\"206\"href='https:\/\/www.radiopiu.net\/wordpress\/wp-content\/uploads\/2022\/07\/291869640_769328317574870_1737830746250779537_n.jpg'><img loading=\"lazy\" decoding=\"async\" width=\"150\" height=\"150\" src=\"https:\/\/www.radiopiu.net\/wordpress\/wp-content\/uploads\/2022\/07\/291869640_769328317574870_1737830746250779537_n-150x150.jpg\" class=\"attachment-thumbnail size-thumbnail\" alt=\"\" \/><\/a>\n\t\t\t\t<\/dt><\/dl><br style=\"clear: both\" \/><dl class='gallery-item'>\n\t\t\t\t<dt class='gallery-icon landscape'>\n\t\t\t\t\t<a class=\"rollover rollover-zoom dt-pswp-item\" title=\"291362101_775571593813004_6089910258960522529_n\" data-dt-img-description=\"\" data-large_image_width=\"276\" data-large_image_height=\"183\"href='https:\/\/www.radiopiu.net\/wordpress\/wp-content\/uploads\/2022\/07\/291362101_775571593813004_6089910258960522529_n.jpg'><img loading=\"lazy\" decoding=\"async\" width=\"150\" height=\"150\" src=\"https:\/\/www.radiopiu.net\/wordpress\/wp-content\/uploads\/2022\/07\/291362101_775571593813004_6089910258960522529_n-150x150.jpg\" class=\"attachment-thumbnail size-thumbnail\" alt=\"\" \/><\/a>\n\t\t\t\t<\/dt><\/dl><dl class='gallery-item'>\n\t\t\t\t<dt class='gallery-icon portrait'>\n\t\t\t\t\t<a class=\"rollover rollover-zoom dt-pswp-item\" title=\"291769562_591572489015927_6438242982732823598_n\" data-dt-img-description=\"\" data-large_image_width=\"156\" data-large_image_height=\"240\"href='https:\/\/www.radiopiu.net\/wordpress\/wp-content\/uploads\/2022\/07\/291769562_591572489015927_6438242982732823598_n.jpg'><img loading=\"lazy\" decoding=\"async\" width=\"150\" height=\"150\" src=\"https:\/\/www.radiopiu.net\/wordpress\/wp-content\/uploads\/2022\/07\/291769562_591572489015927_6438242982732823598_n-150x150.jpg\" class=\"attachment-thumbnail size-thumbnail\" alt=\"\" \/><\/a>\n\t\t\t\t<\/dt><\/dl><dl class='gallery-item'>\n\t\t\t\t<dt class='gallery-icon portrait'>\n\t\t\t\t\t<a class=\"rollover rollover-zoom dt-pswp-item\" title=\"292130944_623899795338912_8179283859699232467_n\" data-dt-img-description=\"\" data-large_image_width=\"152\" data-large_image_height=\"225\"href='https:\/\/www.radiopiu.net\/wordpress\/wp-content\/uploads\/2022\/07\/292130944_623899795338912_8179283859699232467_n.jpg'><img loading=\"lazy\" decoding=\"async\" width=\"150\" height=\"150\" src=\"https:\/\/www.radiopiu.net\/wordpress\/wp-content\/uploads\/2022\/07\/292130944_623899795338912_8179283859699232467_n-150x150.jpg\" class=\"attachment-thumbnail size-thumbnail\" alt=\"\" \/><\/a>\n\t\t\t\t<\/dt><\/dl><dl class='gallery-item'>\n\t\t\t\t<dt class='gallery-icon portrait'>\n\t\t\t\t\t<a class=\"rollover rollover-zoom dt-pswp-item\" title=\"292080829_563826331899126_2011441504623274405_n\" data-dt-img-description=\"\" data-large_image_width=\"201\" data-large_image_height=\"206\"href='https:\/\/www.radiopiu.net\/wordpress\/wp-content\/uploads\/2022\/07\/292080829_563826331899126_2011441504623274405_n.jpg'><img loading=\"lazy\" decoding=\"async\" width=\"150\" height=\"150\" src=\"https:\/\/www.radiopiu.net\/wordpress\/wp-content\/uploads\/2022\/07\/292080829_563826331899126_2011441504623274405_n-150x150.jpg\" class=\"attachment-thumbnail size-thumbnail\" alt=\"\" \/><\/a>\n\t\t\t\t<\/dt><\/dl><dl class='gallery-item'>\n\t\t\t\t<dt class='gallery-icon landscape'>\n\t\t\t\t\t<a class=\"rollover rollover-zoom dt-pswp-item\" title=\"291623765_725116085432976_8546925652252381256_n\" data-dt-img-description=\"\" data-large_image_width=\"275\" data-large_image_height=\"183\"href='https:\/\/www.radiopiu.net\/wordpress\/wp-content\/uploads\/2022\/07\/291623765_725116085432976_8546925652252381256_n.jpg'><img loading=\"lazy\" decoding=\"async\" width=\"150\" height=\"150\" src=\"https:\/\/www.radiopiu.net\/wordpress\/wp-content\/uploads\/2022\/07\/291623765_725116085432976_8546925652252381256_n-150x150.jpg\" class=\"attachment-thumbnail size-thumbnail\" alt=\"\" \/><\/a>\n\t\t\t\t<\/dt><\/dl><dl class='gallery-item'>\n\t\t\t\t<dt class='gallery-icon landscape'>\n\t\t\t\t\t<a class=\"rollover rollover-zoom dt-pswp-item\" title=\"291060020_441978607497045_3304167502226272440_n\" data-dt-img-description=\"\" data-large_image_width=\"300\" data-large_image_height=\"168\"href='https:\/\/www.radiopiu.net\/wordpress\/wp-content\/uploads\/2022\/07\/291060020_441978607497045_3304167502226272440_n.jpg'><img loading=\"lazy\" decoding=\"async\" width=\"150\" height=\"150\" src=\"https:\/\/www.radiopiu.net\/wordpress\/wp-content\/uploads\/2022\/07\/291060020_441978607497045_3304167502226272440_n-150x150.jpg\" class=\"attachment-thumbnail size-thumbnail\" alt=\"\" \/><\/a>\n\t\t\t\t<\/dt><\/dl>\n\t\t\t\t<br style='clear: both' \/>\n\t\t\t<\/div>\n\n<p>NELLE FOTO (riproduzioni dal libro \u201cMiti, misteri e leggende del Veneto\u201d; siti: Wikipedia, Corriere delle Alpi, Book Way): la copertina del volume; l\u2019autr ice, Alessandra Artale; il santuario bellunese di San Mamante; un bosco dove secondo leggenda si aggirava il Mazar\u00f3l; insolita immagine della Gusela del Vescov\u00e0; Anz\u00f9 di Feltre: il santuario dei patroni Vittore e Corona; il Castello di Zumelle; una delle Anguane; una mela di Faller; Valle di San Lucano; Bus de la Lum in Cansiglio; scorcio di Val Scura.<\/p>\n","protected":false},"excerpt":{"rendered":"<p>di\u00a0 RENATO BONA \u201cMiti, misteri e leggende del Veneto\u201d \u00e8 il titolo di un libro di oltre 120 pagine che Alessandra Artale ha realizzato (stampa Media Key Editoriale) nel marzo di tre anni fa (per il coordinamento editoriale di Angelo Pastorello, grafica e impaginazione di Marilena Ferrara) con la Editoriale Programma di Treviso che lo&hellip;<\/p>\n","protected":false},"author":4,"featured_media":285647,"comment_status":"closed","ping_status":"closed","sticky":false,"template":"","format":"standard","meta":{"_monsterinsights_skip_tracking":false,"_monsterinsights_sitenote_active":false,"_monsterinsights_sitenote_note":"","_monsterinsights_sitenote_category":0,"footnotes":""},"categories":[49],"tags":[],"class_list":["post-285636","post","type-post","status-publish","format-standard","has-post-thumbnail","hentry","category-news-18","category-49","description-off"],"img_url":"https:\/\/www.radiopiu.net\/wordpress\/wp-content\/uploads\/2022\/07\/291718668_1101942077197979_3968908625609072243_n.jpg","_links":{"self":[{"href":"https:\/\/www.radiopiu.net\/wordpress\/wp-json\/wp\/v2\/posts\/285636","targetHints":{"allow":["GET"]}}],"collection":[{"href":"https:\/\/www.radiopiu.net\/wordpress\/wp-json\/wp\/v2\/posts"}],"about":[{"href":"https:\/\/www.radiopiu.net\/wordpress\/wp-json\/wp\/v2\/types\/post"}],"author":[{"embeddable":true,"href":"https:\/\/www.radiopiu.net\/wordpress\/wp-json\/wp\/v2\/users\/4"}],"replies":[{"embeddable":true,"href":"https:\/\/www.radiopiu.net\/wordpress\/wp-json\/wp\/v2\/comments?post=285636"}],"version-history":[{"count":0,"href":"https:\/\/www.radiopiu.net\/wordpress\/wp-json\/wp\/v2\/posts\/285636\/revisions"}],"wp:featuredmedia":[{"embeddable":true,"href":"https:\/\/www.radiopiu.net\/wordpress\/wp-json\/wp\/v2\/media\/285647"}],"wp:attachment":[{"href":"https:\/\/www.radiopiu.net\/wordpress\/wp-json\/wp\/v2\/media?parent=285636"}],"wp:term":[{"taxonomy":"category","embeddable":true,"href":"https:\/\/www.radiopiu.net\/wordpress\/wp-json\/wp\/v2\/categories?post=285636"},{"taxonomy":"post_tag","embeddable":true,"href":"https:\/\/www.radiopiu.net\/wordpress\/wp-json\/wp\/v2\/tags?post=285636"}],"curies":[{"name":"wp","href":"https:\/\/api.w.org\/{rel}","templated":true}]}}