{"id":285786,"date":"2022-07-07T05:39:09","date_gmt":"2022-07-07T03:39:09","guid":{"rendered":"https:\/\/www.radiopiu.net\/wordpress\/?p=285786"},"modified":"2022-07-07T05:45:09","modified_gmt":"2022-07-07T03:45:09","slug":"nove-vittime-accertate-4-riconosciute-dai-familiari-la-conferenzaza-stampa","status":"publish","type":"post","link":"https:\/\/www.radiopiu.net\/wordpress\/nove-vittime-accertate-4-riconosciute-dai-familiari-la-conferenzaza-stampa\/","title":{"rendered":"NOVE VITTIME ACCERTATE, 4 RICONOSCIUTE DAI FAMILIARI, 5 NON IDENTIFICATE LA CONFERENZA STAMPA"},"content":{"rendered":"<p>&nbsp;<\/p>\n<blockquote>\n<h3><img loading=\"lazy\" decoding=\"async\" class=\"alignleft\" src=\"https:\/\/www.radiopiu.net\/wordpress\/wp-content\/uploads\/2022\/07\/SSSSSSSSSSSSSSSSSSSSSSSSS.jpg\" width=\"173\" height=\"151\" \/>IL PRESIDENTE DELLA PROVINCIA DI TRENTO MAURIZIO FUGATTI sette\u00a0 i feriti, 3 in Veneto, 5 le persone reclamate. IL MARESCIALLO MANFREDI DELLA GUARDIA DI FINANZA (foto copertina) sono continuare le operazioni di ricerca con le stesse modalit\u00e0 dei giorni precedenti.\u00a0 MAURIZIO DELL&#8217;ANTONIO l&#8217;attivit\u00e0 per domani,\u00a0 prevista una ricerca a vista con squadre a terra COLONELLO DEI CARABINIERI DEI RIS DI PARMA siamo stati coinvolti perch\u00e9 con le modalit\u00e0 ordinarie il riconoscimento dei corpi non \u00e8 possibile GUARDIA FINANZA TRENTO domani contingente sul terreno comprese le unit\u00e0 cinofile da ricerca per persone disperse<\/h3>\n<\/blockquote>\n<p><span style=\"color: #ff0000;\"><strong>AUDIO CONFERENZA STAMPA<\/strong><\/span><\/p>\n<audio class=\"wp-audio-shortcode\" id=\"audio-285786-1\" preload=\"none\" style=\"width: 100%;\" controls=\"controls\"><source type=\"audio\/mpeg\" src=\"https:\/\/www.radiopiu.net\/wordpress\/wp-content\/uploads\/2022\/07\/CONFE-STA-1.mp3?_=1\" \/><a href=\"https:\/\/www.radiopiu.net\/wordpress\/wp-content\/uploads\/2022\/07\/CONFE-STA-1.mp3\">https:\/\/www.radiopiu.net\/wordpress\/wp-content\/uploads\/2022\/07\/CONFE-STA-1.mp3<\/a><\/audio>\n<p>&nbsp;<\/p>\n<div dir=\"auto\">Presenti il presidente della Provincia autonoma di Trento Maurizio Fugatti, il presidente del Corpo Nazionale Soccorso Alpino e Speleologico Maurizio Dellantonio, il comandante del RIS (Reparto Investigazioni Scientifiche) di Parma Giampietro Lago, il comandante del Gruppo della Guardia di Finanza Trento tenente colonnello Gianfranco Zarro, il comandante della stazione del Soccorso alpino della Guardia di finanza di Passo Rolle Riccardo Manfredi e il sindaco di Canazei Giovanni Bernard. <em>&#8220;L&#8217;attenzione di tutte le istituzioni italiane per cercare di risolvere il pi\u00f9 presto possibile questa gravissima tragedia \u00e8 massima, come testimonia la presenza di tutti i soggetti coinvolti nelle operazioni di ricerca e la sinergia fra i soccorritori &#8211; ha esordito il presidente Fugatti nell&#8217;aprire la breve conferenza stampa &#8211; Oggi le operazioni sono proseguite con l&#8217;utilizzo dei droni che hanno individuato nuove salme. Le vittime accertate sono salite e nove, due in pi\u00f9 rispetto a ieri, di cui quattro riconosciute dai familiari e cinque non ancora identificate. Non lasceremo nulla di intentato &#8211; ha concluso il presidente trentino &#8211; stiamo davvero facendo tutto il possibile per ritrovare i dispersi e per dare un nome alle persone travolte dalla valanga&#8221;.\u00a0 <\/em>Accanto al presidente vi era anche il comandante del Ris di Parma, Lago che ha spiegato come l&#8217;obiettivo sia appunto identificare i soggetti che, con le modalit\u00e0 ordinarie, non possono essere identificati, mentre il comandante della Guardia di Finanza di Passo Rolle Manfredi ha chiarito come oggi i droni abbiamo individuato i ritrovamenti grazie allo &#8220;scioglimento della superficie della frana di diversi centimetri&#8221; e che l&#8217;operazione di recupero \u00e8 stata effettuata da una squadra composta da persone dei diversi enti coinvolti, a dimostrazione della sinergia fra gli uomini e le donne coinvolti nel recupero.<\/div>\n<div dir=\"auto\">Quindi il presidente del Soccorso Alpino e Speleologico Dellantonio ha illustrato come avverr\u00e0 l&#8217;attivit\u00e0 di domani, con squadre di recupero sul terreno, supportate da un elicottero per &#8220;evacuare immediatamente le persone impegnate nella ricerca&#8221; in caso di pericolo o di movimento del ghiacciaio soprastante, che viene costantemente monitorato. Infine il sindaco di Canazei ha ricordato che sabato 9 luglio \u00e8 stata proclamata una giornata di lutto cittadino che coinvolger\u00e0 tutta la valle di Fassa e che vedr\u00e0 alle 18 una celebrazione presieduta dall&#8217;arcivescovo di Trento monsignor Lauro Tisi e dal vescovo di Vicenza monsignor Beniamino Pizziol.<\/div>\n<p>&nbsp;<\/p>\n<hr \/>\n<p>&nbsp;<\/p>\n<p>&nbsp;<\/p>\n<p align=\"JUSTIFY\"><span style=\"font-size: medium;\"><b>PRESIDENTE ZAIA \u201cTRISTE BILANCIO MA LE RICERCHE CONTINUANO\u201d<\/b><\/span><\/p>\n<p align=\"JUSTIFY\"><em>\u201c<span style=\"font-size: medium;\">Ora dopo ora si va consolidando un triste bilancio. In questi giorni avevo sempre cullato la speranza che qualcuno dei dispersi dopo la tragedia della Marmolada potesse essere ritrovato e curato. Non ci sono parole, se non lacrime. Tutto il Veneto piange. Siamo vicini ai famigliari delle vittime di una delle pi\u00f9 brutte pagine di storia delle nostre montagne\u201d. <\/span><\/em><span style=\"font-size: medium;\">Queste le parole del Presidente della Regione Luca Zaia relativamente alla notizia del ritrovamento dei resti di altri escursionisti coinvolti nel cedimento di un seracco della Marmolada domenica scorsa. Al momento risultano ancora persone disperse.<\/span><em>\u201c<\/em><span style=\"font-size: medium;\"><em>La macchina della Regione era intervenuta fin da subito con tutti i mezzi, gli operatori e i volontari per salvare pi\u00f9 vite possibili, dopo questo incidente che si fa fatica ad accettare e a comprendere. Le ricerche comunque continuano per dare una degna sepoltura a tutti\u201d<\/em>, conclude il Presidente Zaia.<\/span><\/p>\n<hr \/>\n<p>&nbsp;<\/p>\n<p>&nbsp;<\/p>\n","protected":false},"excerpt":{"rendered":"<p>&nbsp; IL PRESIDENTE DELLA PROVINCIA DI TRENTO MAURIZIO FUGATTI sette\u00a0 i feriti, 3 in Veneto, 5 le persone reclamate. IL MARESCIALLO MANFREDI DELLA GUARDIA DI FINANZA (foto copertina) sono continuare le operazioni di ricerca con le stesse modalit\u00e0 dei giorni precedenti.\u00a0 MAURIZIO DELL&#8217;ANTONIO l&#8217;attivit\u00e0 per domani,\u00a0 prevista una ricerca a vista con squadre a terra&hellip;<\/p>\n","protected":false},"author":4,"featured_media":285787,"comment_status":"closed","ping_status":"closed","sticky":false,"template":"","format":"standard","meta":{"_monsterinsights_skip_tracking":false,"_monsterinsights_sitenote_active":false,"_monsterinsights_sitenote_note":"","_monsterinsights_sitenote_category":0,"footnotes":""},"categories":[51,49],"tags":[],"class_list":["post-285786","post","type-post","status-publish","format-standard","has-post-thumbnail","hentry","category-evidenza-top","category-news-18","category-51","category-49","description-off"],"img_url":"https:\/\/www.radiopiu.net\/wordpress\/wp-content\/uploads\/2022\/07\/SSSSSSSSSSSSSSSSSSSSSSSSS.jpg","_links":{"self":[{"href":"https:\/\/www.radiopiu.net\/wordpress\/wp-json\/wp\/v2\/posts\/285786","targetHints":{"allow":["GET"]}}],"collection":[{"href":"https:\/\/www.radiopiu.net\/wordpress\/wp-json\/wp\/v2\/posts"}],"about":[{"href":"https:\/\/www.radiopiu.net\/wordpress\/wp-json\/wp\/v2\/types\/post"}],"author":[{"embeddable":true,"href":"https:\/\/www.radiopiu.net\/wordpress\/wp-json\/wp\/v2\/users\/4"}],"replies":[{"embeddable":true,"href":"https:\/\/www.radiopiu.net\/wordpress\/wp-json\/wp\/v2\/comments?post=285786"}],"version-history":[{"count":0,"href":"https:\/\/www.radiopiu.net\/wordpress\/wp-json\/wp\/v2\/posts\/285786\/revisions"}],"wp:featuredmedia":[{"embeddable":true,"href":"https:\/\/www.radiopiu.net\/wordpress\/wp-json\/wp\/v2\/media\/285787"}],"wp:attachment":[{"href":"https:\/\/www.radiopiu.net\/wordpress\/wp-json\/wp\/v2\/media?parent=285786"}],"wp:term":[{"taxonomy":"category","embeddable":true,"href":"https:\/\/www.radiopiu.net\/wordpress\/wp-json\/wp\/v2\/categories?post=285786"},{"taxonomy":"post_tag","embeddable":true,"href":"https:\/\/www.radiopiu.net\/wordpress\/wp-json\/wp\/v2\/tags?post=285786"}],"curies":[{"name":"wp","href":"https:\/\/api.w.org\/{rel}","templated":true}]}}