{"id":285804,"date":"2022-07-06T23:59:18","date_gmt":"2022-07-06T21:59:18","guid":{"rendered":"https:\/\/www.radiopiu.net\/wordpress\/?p=285804"},"modified":"2022-07-06T18:38:02","modified_gmt":"2022-07-06T16:38:02","slug":"zangrando-e-il-ricordo-della-valle-del-piave-dove-muovevano-le-zattere","status":"publish","type":"post","link":"https:\/\/www.radiopiu.net\/wordpress\/zangrando-e-il-ricordo-della-valle-del-piave-dove-muovevano-le-zattere\/","title":{"rendered":"ZANGRANDO E IL RICORDO DELLA VALLE DEL PIAVE DOVE MUOVEVANO LE ZATTERE"},"content":{"rendered":"<p><strong>di\u00a0 RENATO BONA<\/strong><\/p>\n<p>\u201cValle del Piave. L\u00e0 dove muovevano le zattere\u201d. E\u2019 il titolo del pregevole \u201ccontributo\u201d che il giornalista Fiorello Zangrando (mio primo capo redazione a Il Gazzettino \u2013 ndr.) ha dato al prezioso libro \u201cBelluno. Viaggio intorno a una provincia\u201d edito nel marzo 1989 (seconda edizione nell\u2019agosto dello stesso anno) per l\u2019Amministrazione provinciale bellunese con la Libreria Pilotto editrice di Feltre, fotolito Eurocrom di Villorba, composizione tipografia Piave di Belluno, stampato da Graphic Group di Feltre, fotografie di: Cadorin, Dalla Giustina, De Vido, Riva e Sovilla, per il coordinamento editoriale di Maurizio Busatta. Hanno collaborato con altri servizi: Giovan Battista Pellegrini, Dino Conti, Silvio Guarnieri, Adriano Sernagiotto, Giuseppe Sorge, Ulderico Bernardi, Gian Candido De Martin, Giancarlo Pagogna, Lucio Eicher Clere, Mario Ferruccio Belli. Zangrando parte dal Ponte Cadore, che definisce \u201cmanufatto arditissimo che come un aliante traghetta dal centro della piccola patria d\u2019un balzo alla vallata suggestiva di Caralte, antico borgo di pastori, sede di una delle pi\u00f9 autentiche Regole\u2026\u201d e del quale ricorda che \u201cil viadotto, sistema ad arco telaio, a quota 184, \u00e8 lungo 272 metri, fu progettato da Pietro e Giuseppe Matildi, ed inaugurato nel 1985 (consulente geologico il cadorino Gianangelo Cargnel, originario di Pozzale)\u201d.Si sofferma quindi a rievocare pagine di storia di Perarolo (suo paese natale) che \u201csulla fine del secolo scorso vantava la fama di centro industriale pi\u00f9 fiorente del Cadore e coi suoi palazzi e le sue famiglie borghesi divent\u00f2 anche localit\u00e0 turistica soprattutto ad opera della fama acquistata per i soggiorni a palazzo Lazzaris della Regina Margherita col Principe di Napoli, il futuro Vittorio Emanuele III, avvenuti nel 1881 e nel 1882\u201d. Tuttavia: i progressi tecnici tra il 1920 e il 1938 spostarono altrove il centro commerciale del legname e gettarono il paese sul piano d\u2019una economia senza vie d\u2019uscita. Quanto ai fatti d\u2019arme, Zangrando non trascura di dire che i pi\u00f9 importanti sono stati la battaglia di Perarolo, combattuta tra francesi ed austriaci il 10 maggio 1809 e le battaglie di Rucorvo dell\u20198 e 28 maggio 1848. Nel 1915 Perarolo offr\u00ec al reparto dei Volontari Alpini del Cadore il maggior contingente di uomini, esattamente 21. Alla causa della Resistenza il paese ha poi dato un elevato numero di partigiani e di caduti. Numerosi e tutti di qualit\u00e0 gli altri spunti proposti dal noto giornalista, purtroppo mancato. Uno per tutti il ricordo del fatto che intorno al Mille nacque il centro di Termine, la cui origine \u00e8 da ricercare nel posto di blocco, frontiere ed uffici daziari che l\u00e0 erano impiantati a seguito della divisione tra Cadore e Belluno operata per\u00f2 gi\u00e0 secoli prima. E siamo al 1824 quando Candido Coletti fondava a Sottospitale lo stabilimento per la segagione del legname, che da lui prese il nome di Candidopoli, primo stabilimento industriale del legname in tutta la provincia, \u201cche improvvida amministrazione distrusse brutalmente\u201d. E Ospitale, un tempo centro industriale e commerciale per la fluitazione e il taglio del legname, con l\u2019avvento del progresso tecnico \u00e8 andato ogni anno sempre pi\u00f9 spopolandosi e la sua gente si \u00e8 trasferita un po\u2019 dovunque nel mondo\u2026\u201d. Nel suo \u201cviaggio\u201d il collega ed amico Fiorello approda anche a Castellavazzo e quindi a Longarone, tristemente noto quest\u2019ultimo per la immane catastrofe del Vajont del 9 ottobre 1963 con devastazioni e quasi duemila vittime provocate dall\u201donda maledetta\u201d che a seguito di una frana dal monte Toc scavalc\u00f2 la diga e si abbatt\u00e9 a valle devastando il Longaronese e non solo. Non trascurando Codissago, dove nel 1948 fu scoperta una piccola necropoli romana, e neppure Soverzene che \u201cnel 1806 si emancip\u00f2 amministrativamente da Castellavazzo e il 1. luglio 1799 ebbe curazia dipendente dalla parrocchia di Longarone. Ricorda quindi che la centrale idroelettrica porta il nome di Achille Gaggia da Feltre il quale con Giuseppe Volpi e Vittorio Cini costitu\u00ec la \u201cTrinit\u00e0 della Sade\u201d che tanta parte ha avuto nello sfruttamento dei fiumi bellunesi a scopo idroelettrico. Conclusione in quel di Ponte nelle Alpi il cui territorio fino al 1807 si disse Pieve di Fr\u00f9sseda e quindi fino al 1867 Capodiponte. L\u2019autore del capitolo non trascura di dire dei cospicui ritrovamenti archeologici romani nel territorio: a Cugnan punte di selce che indicano la presenza di cacciatori e agricoltori intorno al 2000 avanti Cristo; a Casan oggetti di bronzo in forma di goccioline, cerchietti di ferro, perline di vetro, vasi e cocci, un vaso di bronzo nel 1932, una tomba con iscrizione. A Polpet nel 1878 una tomba con piccoli loculi contenenti vasi di metallo, vasi di Creta con ossa bruciate. Altre due tombe nel 1880; ritrovamenti anche a Soccher (caverna con attrezzi da officina), a Cadola e a Canevoi dove fu recuperata una situla con iscrizione paleoveneta.<\/p>\n\n\t\t\t<style type='text\/css'>\n\t\t\t\t#gallery-1 {\n\t\t\t\t\tmargin: auto;\n\t\t\t\t}\n\t\t\t\t#gallery-1 .gallery-item {\n\t\t\t\t\tfloat: left;\n\t\t\t\t\tmargin-top: 10px;\n\t\t\t\t\ttext-align: center;\n\t\t\t\t\twidth: 20%;\n\t\t\t\t}\n\t\t\t\t#gallery-1 img {\n\t\t\t\t\tborder: 2px solid #cfcfcf;\n\t\t\t\t}\n\t\t\t\t#gallery-1 .gallery-caption {\n\t\t\t\t\tmargin-left: 0;\n\t\t\t\t}\n\t\t\t\t\/* see gallery_shortcode() in wp-includes\/media.php *\/\n\t\t\t<\/style>\n\t\t<div id='gallery-1' class='dt-gallery-container gallery galleryid-285804 gallery-columns-5 gallery-size-thumbnail'><dl class='gallery-item'>\n\t\t\t\t<dt class='gallery-icon portrait'>\n\t\t\t\t\t<a class=\"rollover\" href='https:\/\/www.radiopiu.net\/wordpress\/giornale-radiopiu-07-luglio-2022-direttore-mirko-mezzacasa\/291705488_413802167428764_1044086142144772604_n\/'><img loading=\"lazy\" decoding=\"async\" width=\"150\" height=\"150\" src=\"https:\/\/www.radiopiu.net\/wordpress\/wp-content\/uploads\/2022\/07\/291705488_413802167428764_1044086142144772604_n-150x150.jpg\" class=\"attachment-thumbnail size-thumbnail\" alt=\"\" \/><\/a>\n\t\t\t\t<\/dt><\/dl><dl class='gallery-item'>\n\t\t\t\t<dt class='gallery-icon landscape'>\n\t\t\t\t\t<a class=\"rollover\" href='https:\/\/www.radiopiu.net\/wordpress\/giornale-radiopiu-07-luglio-2022-direttore-mirko-mezzacasa\/291836386_357415839803596_629465340611392052_n\/'><img loading=\"lazy\" decoding=\"async\" width=\"150\" height=\"150\" src=\"https:\/\/www.radiopiu.net\/wordpress\/wp-content\/uploads\/2022\/07\/291836386_357415839803596_629465340611392052_n-150x150.jpg\" class=\"attachment-thumbnail size-thumbnail\" alt=\"\" \/><\/a>\n\t\t\t\t<\/dt><\/dl><dl class='gallery-item'>\n\t\t\t\t<dt class='gallery-icon portrait'>\n\t\t\t\t\t<a class=\"rollover\" href='https:\/\/www.radiopiu.net\/wordpress\/giornale-radiopiu-07-luglio-2022-direttore-mirko-mezzacasa\/292156069_541788787735737_5612637539584589263_n\/'><img loading=\"lazy\" decoding=\"async\" width=\"150\" height=\"150\" src=\"https:\/\/www.radiopiu.net\/wordpress\/wp-content\/uploads\/2022\/07\/292156069_541788787735737_5612637539584589263_n-150x150.jpg\" class=\"attachment-thumbnail size-thumbnail\" alt=\"\" \/><\/a>\n\t\t\t\t<\/dt><\/dl><dl class='gallery-item'>\n\t\t\t\t<dt class='gallery-icon landscape'>\n\t\t\t\t\t<a class=\"rollover\" href='https:\/\/www.radiopiu.net\/wordpress\/giornale-radiopiu-07-luglio-2022-direttore-mirko-mezzacasa\/291772821_326104573051395_4395645231841227067_n\/'><img loading=\"lazy\" decoding=\"async\" width=\"150\" height=\"150\" src=\"https:\/\/www.radiopiu.net\/wordpress\/wp-content\/uploads\/2022\/07\/291772821_326104573051395_4395645231841227067_n-150x150.jpg\" class=\"attachment-thumbnail size-thumbnail\" alt=\"\" \/><\/a>\n\t\t\t\t<\/dt><\/dl><dl class='gallery-item'>\n\t\t\t\t<dt class='gallery-icon portrait'>\n\t\t\t\t\t<a class=\"rollover\" href='https:\/\/www.radiopiu.net\/wordpress\/giornale-radiopiu-07-luglio-2022-direttore-mirko-mezzacasa\/291699599_437192798310204_7022124871078259362_n\/'><img loading=\"lazy\" decoding=\"async\" width=\"150\" height=\"150\" src=\"https:\/\/www.radiopiu.net\/wordpress\/wp-content\/uploads\/2022\/07\/291699599_437192798310204_7022124871078259362_n-150x150.jpg\" class=\"attachment-thumbnail size-thumbnail\" alt=\"\" \/><\/a>\n\t\t\t\t<\/dt><\/dl><br style=\"clear: both\" \/><dl class='gallery-item'>\n\t\t\t\t<dt class='gallery-icon landscape'>\n\t\t\t\t\t<a class=\"rollover\" href='https:\/\/www.radiopiu.net\/wordpress\/giornale-radiopiu-07-luglio-2022-direttore-mirko-mezzacasa\/291673529_1273691796760520_1285540321244489957_n\/'><img loading=\"lazy\" decoding=\"async\" width=\"150\" height=\"150\" src=\"https:\/\/www.radiopiu.net\/wordpress\/wp-content\/uploads\/2022\/07\/291673529_1273691796760520_1285540321244489957_n-150x150.jpg\" class=\"attachment-thumbnail size-thumbnail\" alt=\"\" \/><\/a>\n\t\t\t\t<\/dt><\/dl><dl class='gallery-item'>\n\t\t\t\t<dt class='gallery-icon portrait'>\n\t\t\t\t\t<a class=\"rollover\" href='https:\/\/www.radiopiu.net\/wordpress\/giornale-radiopiu-07-luglio-2022-direttore-mirko-mezzacasa\/291589000_1136767067188588_6194444024124143245_n\/'><img loading=\"lazy\" decoding=\"async\" width=\"150\" height=\"150\" src=\"https:\/\/www.radiopiu.net\/wordpress\/wp-content\/uploads\/2022\/07\/291589000_1136767067188588_6194444024124143245_n-150x150.jpg\" class=\"attachment-thumbnail size-thumbnail\" alt=\"\" \/><\/a>\n\t\t\t\t<\/dt><\/dl><dl class='gallery-item'>\n\t\t\t\t<dt class='gallery-icon portrait'>\n\t\t\t\t\t<a class=\"rollover\" href='https:\/\/www.radiopiu.net\/wordpress\/giornale-radiopiu-07-luglio-2022-direttore-mirko-mezzacasa\/291632647_574772560907315_8436308076991243400_n\/'><img loading=\"lazy\" decoding=\"async\" width=\"150\" height=\"150\" src=\"https:\/\/www.radiopiu.net\/wordpress\/wp-content\/uploads\/2022\/07\/291632647_574772560907315_8436308076991243400_n-150x150.jpg\" class=\"attachment-thumbnail size-thumbnail\" alt=\"\" \/><\/a>\n\t\t\t\t<\/dt><\/dl><dl class='gallery-item'>\n\t\t\t\t<dt class='gallery-icon landscape'>\n\t\t\t\t\t<a class=\"rollover\" href='https:\/\/www.radiopiu.net\/wordpress\/giornale-radiopiu-07-luglio-2022-direttore-mirko-mezzacasa\/291846421_1239601353453577_6636906315676993155_n\/'><img loading=\"lazy\" decoding=\"async\" width=\"150\" height=\"150\" src=\"https:\/\/www.radiopiu.net\/wordpress\/wp-content\/uploads\/2022\/07\/291846421_1239601353453577_6636906315676993155_n-150x150.jpg\" class=\"attachment-thumbnail size-thumbnail\" alt=\"\" \/><\/a>\n\t\t\t\t<\/dt><\/dl><dl class='gallery-item'>\n\t\t\t\t<dt class='gallery-icon landscape'>\n\t\t\t\t\t<a class=\"rollover\" href='https:\/\/www.radiopiu.net\/wordpress\/giornale-radiopiu-07-luglio-2022-direttore-mirko-mezzacasa\/291753642_365489078864033_7392129948587325095_n\/'><img loading=\"lazy\" decoding=\"async\" width=\"150\" height=\"150\" src=\"https:\/\/www.radiopiu.net\/wordpress\/wp-content\/uploads\/2022\/07\/291753642_365489078864033_7392129948587325095_n-150x150.jpg\" class=\"attachment-thumbnail size-thumbnail\" alt=\"\" \/><\/a>\n\t\t\t\t<\/dt><\/dl><br style=\"clear: both\" \/>\n\t\t\t<\/div>\n\n<p>NELLE FOTO (riproduzioni dal libro \u201cBelluno. Viaggio intorno a una provincia\u201d): spettacolare immagine del Ponte Cadore; gli Zattieri del Piave; \u201cgrattacieli tutto muro di Termine di Cadore; con la famosa pietra di Castellavazzo si sono realizzati monumenti, fontane, fregi, palazzi di prim\u2019ordine; in gtutta la sua freddezza d\u2019oggi la tristemente nota diga del Vajont; sulla cornice dei \u201cmurazzi\u201d di Longarone di staglia un particolare della nuova chiesa; panoramica di Longarone ricostruita dopo il Vajont; il corso del Piave visto da Soverzene; alpini rocciatori in Val Gallina; la stazione ferroviaria di Polpet.<\/p>\n","protected":false},"excerpt":{"rendered":"<p>di\u00a0 RENATO BONA \u201cValle del Piave. L\u00e0 dove muovevano le zattere\u201d. E\u2019 il titolo del pregevole \u201ccontributo\u201d che il giornalista Fiorello Zangrando (mio primo capo redazione a Il Gazzettino \u2013 ndr.) ha dato al prezioso libro \u201cBelluno. Viaggio intorno a una provincia\u201d edito nel marzo 1989 (seconda edizione nell\u2019agosto dello stesso anno) per l\u2019Amministrazione provinciale&hellip;<\/p>\n","protected":false},"author":4,"featured_media":285805,"comment_status":"closed","ping_status":"closed","sticky":false,"template":"","format":"standard","meta":{"_monsterinsights_skip_tracking":false,"_monsterinsights_sitenote_active":false,"_monsterinsights_sitenote_note":"","_monsterinsights_sitenote_category":0,"footnotes":""},"categories":[104,49],"tags":[],"class_list":["post-285804","post","type-post","status-publish","format-standard","has-post-thumbnail","hentry","category-evidenza_3","category-news-18","category-104","category-49","description-off"],"img_url":"https:\/\/www.radiopiu.net\/wordpress\/wp-content\/uploads\/2022\/07\/291632647_574772560907315_8436308076991243400_n.jpg","_links":{"self":[{"href":"https:\/\/www.radiopiu.net\/wordpress\/wp-json\/wp\/v2\/posts\/285804","targetHints":{"allow":["GET"]}}],"collection":[{"href":"https:\/\/www.radiopiu.net\/wordpress\/wp-json\/wp\/v2\/posts"}],"about":[{"href":"https:\/\/www.radiopiu.net\/wordpress\/wp-json\/wp\/v2\/types\/post"}],"author":[{"embeddable":true,"href":"https:\/\/www.radiopiu.net\/wordpress\/wp-json\/wp\/v2\/users\/4"}],"replies":[{"embeddable":true,"href":"https:\/\/www.radiopiu.net\/wordpress\/wp-json\/wp\/v2\/comments?post=285804"}],"version-history":[{"count":0,"href":"https:\/\/www.radiopiu.net\/wordpress\/wp-json\/wp\/v2\/posts\/285804\/revisions"}],"wp:featuredmedia":[{"embeddable":true,"href":"https:\/\/www.radiopiu.net\/wordpress\/wp-json\/wp\/v2\/media\/285805"}],"wp:attachment":[{"href":"https:\/\/www.radiopiu.net\/wordpress\/wp-json\/wp\/v2\/media?parent=285804"}],"wp:term":[{"taxonomy":"category","embeddable":true,"href":"https:\/\/www.radiopiu.net\/wordpress\/wp-json\/wp\/v2\/categories?post=285804"},{"taxonomy":"post_tag","embeddable":true,"href":"https:\/\/www.radiopiu.net\/wordpress\/wp-json\/wp\/v2\/tags?post=285804"}],"curies":[{"name":"wp","href":"https:\/\/api.w.org\/{rel}","templated":true}]}}