{"id":285833,"date":"2022-07-08T05:51:12","date_gmt":"2022-07-08T03:51:12","guid":{"rendered":"https:\/\/www.radiopiu.net\/wordpress\/?p=285833"},"modified":"2022-07-08T08:43:05","modified_gmt":"2022-07-08T06:43:05","slug":"giornale-radiopiu-08-luglio-2022-direttore-mirko-mezzacasa","status":"publish","type":"post","link":"https:\/\/www.radiopiu.net\/wordpress\/giornale-radiopiu-08-luglio-2022-direttore-mirko-mezzacasa\/","title":{"rendered":"GIORNALE RADIOPIU 08 LUGLIO 2022 DIRETTORE MIRKO MEZZACASA"},"content":{"rendered":"<h3 class=\"kvgmc6g5 cxmmr5t8 oygrvhab hcukyx3x c1et5uql\"><span style=\"color: #0000ff;\"><strong>RADIO PIU INFORMAZIONE il canale su TELEGRAM informazione di prima\u00a0 <\/strong><\/span><span style=\"color: #0000ff;\"><strong>mano e in tempo reale. iscriviti ed aiutaci a farlo conoscere\u00a0\u00a0<\/strong><\/span><\/h3>\n<blockquote><p><span style=\"color: #ff0000;\"><strong>UNA FINESTRA SUL VOLONTARIATO DA OGGI IL NUOVO PROGRAMMA ALLA RADIO ospite GIANLUCA CORSETTI e SISTO DA ROIT di Claudio Fontanive alle 10.30 e alle 19&#8230; su radiopiu<\/strong><\/span><\/p><\/blockquote>\n<p>&nbsp;<\/p>\n<hr \/>\n<p>&nbsp;<\/p>\n<blockquote>\n<h1 class=\"entry-title\">DEGLI ALPINISTI CEKI I RESTI RITROVATI SUL GHIACCIAIO DELLA MARMOLADA<\/h1>\n<h3 class=\"entry-title\"><\/h3>\n<h3 class=\"entry-title\"><em>Trovato il corpo della decima vittima, manca all&#8217;appello il ventiduenne Nicolo&#8217; Zavatta. Attesi per oggi gli accertamenti sulle due coppie. Ieri a Canazei la Presidente del Senato Maria Elisabetta Casellati &#8220;Dobbiamo investire di pi\u00f9 sulla prevenzione, il nostro Paese ha bisogno di un casco protettivo. Le Istituzioni sono con voi e non vi lasceremo soli, \u00e8 una ferita non solo per il territorio ma per l&#8217;Italia intera&#8221;.<\/em><\/h3>\n<\/blockquote>\n<p><img loading=\"lazy\" decoding=\"async\" class=\"alignleft\" src=\"https:\/\/www.radiopiu.net\/wordpress\/wp-content\/uploads\/2022\/07\/291660510_2298078747021100_8091929642636929754_n.jpg\" width=\"145\" height=\"109\" \/><\/p>\n<p>Sono sei le vittime identificate dai familiari, tra i nove corpi recuperati dopo il crollo del seracco in Marmolada. Due nuovi riconoscimenti sono stati, infatti, effettuati ieri mattina a Canazei.\u00a0 Si tratta di cittadini di nazionalit\u00e0 ceca. Le persone &#8211; tutte di nazionalit\u00e0 italiana &#8211; reclamate dai familiari che risultano ancora disperse sono attualmente cinque, in attesa dei riscontri scientifici del Reparto investigativo speciale dell\u2019Arma dei carabinieri. Ad oggi sono sette i feriti coinvolti nel tragico evento di domenica scorsa che si trovano ricoverati in strutture ospedaliere, dei 3 in Veneto e 4 in Trentino. Gli aggiornamenti sono stati comunicati dai Presidenti della Regione del Veneto, Luca Zaia, e della Provincia autonoma di Trento, Maurizio Fugatti, al termine della riunione di coordinamento che si \u00e8 svolta presso il centro di Protezione Civile a Canazei. I parenti delle vittime ceche sono stati accolti in Val di Fassa dal console ceco a Milano Jiri Kudela e dai Presidenti Zaia e Fugatti, che hanno espresso loro il cordoglio delle comunit\u00e0 locali. Per quanto riguarda le ricerche, proseguiranno ad oltranza in quota per non lasciare nulla di intentato. Dopo le verifiche via terra con i cani da ricerca, stanno proseguendo i sorvoli dell\u2019area del distacco con i droni per individuare eventuali nuovi reperti, che vengono puntualmente georeferenziati anche al fine di chiarire la dinamica del distacco e il movimento della massa di ghiaccio e roccia precipitato per oltre 2 chilometri lungo la parete nord della Marmolada. Sabato lutto cittadino a Canazei, in tutta la Val di Fassa e nel Comune di Rocca Pietore.<\/p>\n<p>&nbsp;<\/p>\n<p><strong>AUDIO CONFERENZA STAMPA DELLA MATTINA<\/strong><\/p>\n<audio class=\"wp-audio-shortcode\" id=\"audio-285833-1\" preload=\"none\" style=\"width: 100%;\" controls=\"controls\"><source type=\"audio\/mpeg\" src=\"https:\/\/www.radiopiu.net\/wordpress\/wp-content\/uploads\/2022\/07\/CONF-STAMPA-1.mp3?_=1\" \/><a href=\"https:\/\/www.radiopiu.net\/wordpress\/wp-content\/uploads\/2022\/07\/CONF-STAMPA-1.mp3\">https:\/\/www.radiopiu.net\/wordpress\/wp-content\/uploads\/2022\/07\/CONF-STAMPA-1.mp3<\/a><\/audio>\n<p><strong>\u00a0<\/strong><\/p>\n<p>&nbsp;<\/p>\n<hr \/>\n<p>&nbsp;<\/p>\n<blockquote>\n<h3>SU DOLOMITICI IL RICORDO DI NICO<\/h3>\n<\/blockquote>\n<div dir=\"auto\"><a class=\"dt-pswp-item\" href=\"https:\/\/www.radiopiu.net\/wordpress\/wp-content\/uploads\/2022\/07\/ssssssssss.jpg\" data-dt-img-description=\"\" data-large_image_width=\"417\" data-large_image_height=\"312\"><img loading=\"lazy\" decoding=\"async\" class=\"size-thumbnail wp-image-285957 alignleft\" src=\"https:\/\/www.radiopiu.net\/wordpress\/wp-content\/uploads\/2022\/07\/ssssssssss-150x150.jpg\" alt=\"\" width=\"150\" height=\"150\" \/><\/a>Michele, il pap\u00e0 di <a class=\"oajrlxb2 g5ia77u1 qu0x051f esr5mh6w e9989ue4 r7d6kgcz rq0escxv nhd2j8a9 nc684nl6 p7hjln8o kvgmc6g5 cxmmr5t8 oygrvhab hcukyx3x jb3vyjys rz4wbd8a qt6c0cv9 a8nywdso i1ao9s8h esuyzwwr f1sip0of lzcic4wl gpro0wi8 q66pz984 b1v8xokw\" tabindex=\"0\" role=\"link\" href=\"https:\/\/www.facebook.com\/groups\/42492853273\/user\/100004539250039\/?__cft__[0]=AZV1WfuyOBXI1mdusn6rdKAXrO7305dJhRfJWXQpkAWiHgf6BghR71qM_Ww6rqGSk8s_mp7kjPSP8p-oI59a04lmdLZ8BiVIiURKixOGMbVHqwTbZzpBM3wkeuF86cMN9nlDH_fe5e7s4FsQFYxoAWfmlvD3nO6OpSC9eK-at2rs-OeC07p9p845HFihsrZZejE&amp;__tn__=-]K-R\"><span class=\"nc684nl6\">Nicol\u00f2 Zavatta <\/span><\/a>vittima della tragedia in Marmolada, ha voluto regalare un ritratto d&#8217;onore nel gruppo facebook Dolomitici di cui faceva parte con orgoglio.<\/div>\n<blockquote>\n<div dir=\"auto\"><em>&#8220;22 anni ed il sogno di un vero alpinismo, ti hanno portato sui fianchi della Regina. Non era la vetta la tua destinazione, ma qualcosa di pi\u00f9 grande: un corso di sicurezza e salvamento in crepaccio, insieme a Paolo Dani. Ti dobbiamo un favore, quello di ricordarti cos\u00ec, risoluto nella tua vocazione tra queste rocce, ora felice per sempre. Un abbraccio immenso alla tua famiglia da tutti gli admin <a class=\"oajrlxb2 g5ia77u1 qu0x051f esr5mh6w e9989ue4 r7d6kgcz rq0escxv nhd2j8a9 nc684nl6 p7hjln8o kvgmc6g5 cxmmr5t8 oygrvhab hcukyx3x jb3vyjys rz4wbd8a qt6c0cv9 a8nywdso i1ao9s8h esuyzwwr f1sip0of lzcic4wl gpro0wi8 q66pz984 b1v8xokw\" tabindex=\"0\" role=\"link\" href=\"https:\/\/www.facebook.com\/groups\/DoloMiticiOfficial\/?__cft__[0]=AZV1WfuyOBXI1mdusn6rdKAXrO7305dJhRfJWXQpkAWiHgf6BghR71qM_Ww6rqGSk8s_mp7kjPSP8p-oI59a04lmdLZ8BiVIiURKixOGMbVHqwTbZzpBM3wkeuF86cMN9nlDH_fe5e7s4FsQFYxoAWfmlvD3nO6OpSC9eK-at2rs-OeC07p9p845HFihsrZZejE&amp;__tn__=-UK-R\"><span class=\"nc684nl6\">DoloMitici!<\/span><\/a> e da tutti i componenti del gruppo. A tutte le famiglie addolorate. E al Dio del cielo e Signore delle cime, una preghiera&#8221;.<\/em><\/div>\n<\/blockquote>\n<p>&nbsp;<\/p>\n<hr \/>\n<blockquote><p>&nbsp;<\/p>\n<h3>MARMOLADA, GUARDARE IL PRIMA PER COMPRENDERE GLI EFFETTI DEL DOPO<\/h3>\n<\/blockquote>\n<p>DALLA PAGINA FACEBOOK DI <span style=\"color: #0000ff;\"><a style=\"color: #0000ff;\" href=\"https:\/\/www.facebook.com\/corrado.cattadori\">CORRADO CATTADORI<\/a>\u00a0<\/span><\/p>\n<p><strong>MARMOLADA<\/strong><\/p>\n<div dir=\"auto\"><a class=\"dt-pswp-item\" href=\"https:\/\/www.radiopiu.net\/wordpress\/wp-content\/uploads\/2022\/07\/292238166_7749305998475265_5682163865636165666_n.jpg\" data-dt-img-description=\"\" data-large_image_width=\"2048\" data-large_image_height=\"1420\"><img loading=\"lazy\" decoding=\"async\" class=\"size-thumbnail wp-image-285938 alignleft\" src=\"https:\/\/www.radiopiu.net\/wordpress\/wp-content\/uploads\/2022\/07\/292238166_7749305998475265_5682163865636165666_n-150x150.jpg\" alt=\"\" width=\"150\" height=\"150\" \/><\/a>La ferita inferta in questi giorni non solo alle famiglie delle vittime ma anche al nostro territorio fa riflettere.<\/div>\n<div dir=\"auto\">Temo che quando si spegneranno i riflettori sul triste evento, tutto torner\u00e0 come prima. Credo che poche persone di quel 10% della popolazione mondiale che consuma il 90% delle risorse naturali, accetter\u00e0 di modificare il proprio stile di vita, la speranza \u00e8 riposta nelle nuove generazioni. La Montagna ha sempre avuto quel forte richiamo e fin dal 1800 le nostre vette sono state oggetto di escursioni. Anche la Marmolada ha avuto un ruolo importante, non ultimo durante il periodo bellico della prima guerra Mondiale. Famosa la valanga del 1916 che si abbatt\u00e9 sulle posizioni austriache causando oltre 200 morti (forse 300!) e che spinse l\u2019Austria a creare la famosa \u201ccitt\u00e0 di ghiaccio\u201d proprio sotto il ghiacciaio. Ma l\u2019andare sulla Marmolada era un invito forte che attirava gli appassionati e lo testimoniano\u00a0 le\u00a0 foto. Una in particolare ci fa comprendere l\u2019effetto del cambiamento climatico quella relativa al rifugio CAI pi\u00f9 vecchio della Marmolada scavato nella roccia. Guardare il prima (1922) e il dopo (ai nostri giorni) \u00e8 di per s\u00e9 una risposta!<\/div>\n<p>&nbsp;<\/p>\n\n\t\t\t<style type='text\/css'>\n\t\t\t\t#gallery-1 {\n\t\t\t\t\tmargin: auto;\n\t\t\t\t}\n\t\t\t\t#gallery-1 .gallery-item {\n\t\t\t\t\tfloat: left;\n\t\t\t\t\tmargin-top: 10px;\n\t\t\t\t\ttext-align: center;\n\t\t\t\t\twidth: 50%;\n\t\t\t\t}\n\t\t\t\t#gallery-1 img {\n\t\t\t\t\tborder: 2px solid #cfcfcf;\n\t\t\t\t}\n\t\t\t\t#gallery-1 .gallery-caption {\n\t\t\t\t\tmargin-left: 0;\n\t\t\t\t}\n\t\t\t\t\/* see gallery_shortcode() in wp-includes\/media.php *\/\n\t\t\t<\/style>\n\t\t<div id='gallery-1' class='dt-gallery-container gallery galleryid-285833 gallery-columns-2 gallery-size-thumbnail'><dl class='gallery-item'>\n\t\t\t\t<dt class='gallery-icon landscape'>\n\t\t\t\t\t<a class=\"rollover rollover-zoom dt-pswp-item\" title=\"0a738e64-e028-4e19-b516-60495e421769\" data-dt-img-description=\"\" data-large_image_width=\"511\" data-large_image_height=\"385\"href='https:\/\/www.radiopiu.net\/wordpress\/wp-content\/uploads\/2022\/07\/0a738e64-e028-4e19-b516-60495e421769.jpg'><img loading=\"lazy\" decoding=\"async\" width=\"150\" height=\"150\" src=\"https:\/\/www.radiopiu.net\/wordpress\/wp-content\/uploads\/2022\/07\/0a738e64-e028-4e19-b516-60495e421769-150x150.jpg\" class=\"attachment-thumbnail size-thumbnail\" alt=\"\" \/><\/a>\n\t\t\t\t<\/dt><\/dl><dl class='gallery-item'>\n\t\t\t\t<dt class='gallery-icon landscape'>\n\t\t\t\t\t<a class=\"rollover rollover-zoom dt-pswp-item\" title=\"4ce7123a-b8a9-4836-910a-7bfc70e0b847\" data-dt-img-description=\"\" data-large_image_width=\"720\" data-large_image_height=\"424\"href='https:\/\/www.radiopiu.net\/wordpress\/wp-content\/uploads\/2022\/07\/4ce7123a-b8a9-4836-910a-7bfc70e0b847.jpg'><img loading=\"lazy\" decoding=\"async\" width=\"150\" height=\"150\" src=\"https:\/\/www.radiopiu.net\/wordpress\/wp-content\/uploads\/2022\/07\/4ce7123a-b8a9-4836-910a-7bfc70e0b847-150x150.jpg\" class=\"attachment-thumbnail size-thumbnail\" alt=\"\" \/><\/a>\n\t\t\t\t<\/dt><\/dl><br style=\"clear: both\" \/>\n\t\t\t<\/div>\n\n<p><strong>Oggi e Ieri 1922: in alto al centro sopra il ghiacciaio, il primo rifugio CAI in Marmolada scavato nella roccia<\/strong><\/p>\n<p>foto a colori del rifugio tratta dal sito&#8230; https:\/\/www.fassa.com\/IT\/News-Val-di-Fassa&#8211;Il-Rifugio-piu-antico-delle-Dolomiti-e-in-Fassa<\/p>\n<p>&nbsp;<\/p>\n<hr \/>\n<p>&nbsp;<\/p>\n<blockquote>\n<blockquote>\n<h3>CAMBIAMENTO CLIMATICO, DAI GIOVANI L&#8217;ESEMPIO. SABATO LA MANIFESTAZIONE AD ARABBA<\/h3>\n<\/blockquote>\n<p><strong><a class=\"dt-pswp-item\" href=\"https:\/\/www.radiopiu.net\/wordpress\/wp-content\/uploads\/2022\/07\/271170c0-145f-4ed6-aab6-1b43597fec5b-1.jpg\" data-dt-img-description=\"\" data-large_image_width=\"1500\" data-large_image_height=\"2000\"><img loading=\"lazy\" decoding=\"async\" class=\" wp-image-285763 alignleft\" src=\"https:\/\/www.radiopiu.net\/wordpress\/wp-content\/uploads\/2022\/07\/271170c0-145f-4ed6-aab6-1b43597fec5b-1-150x150.jpg\" alt=\"\" width=\"128\" height=\"128\" \/><\/a>LIVINALLONGO<\/strong> Gabriele Del Monego, poco pi\u00f9 che ventenne di Arabba ha le idee chiare <em>&#8220;Questo modo di vivere la montagna va cambiato&#8221;<\/em> La recente tragica vicenda della Marmolada \u00e8 un monito e dalle nuove generazioni l&#8217;idea di sensibilizzare la popolazione ad iniziare da una manifestazione prevista per sabato mattina ad Arabba. Inizialmente era prevista la &#8220;passeggiata&#8221; Arabba-Passo Pordoi, ma per ora \u00e8 stata posticipata<\/p>\n<p>audio, Gabriele Del Monego<\/p><\/blockquote>\n<audio class=\"wp-audio-shortcode\" id=\"audio-285833-2\" preload=\"none\" style=\"width: 100%;\" controls=\"controls\"><source type=\"audio\/mpeg\" src=\"https:\/\/www.radiopiu.net\/wordpress\/wp-content\/uploads\/2022\/07\/GABRIELE-DEL-MONEGO.mp3?_=2\" \/><a href=\"https:\/\/www.radiopiu.net\/wordpress\/wp-content\/uploads\/2022\/07\/GABRIELE-DEL-MONEGO.mp3\">https:\/\/www.radiopiu.net\/wordpress\/wp-content\/uploads\/2022\/07\/GABRIELE-DEL-MONEGO.mp3<\/a><\/audio>\n<p>&nbsp;<\/p>\n<p>&nbsp;<\/p>\n<hr \/>\n<p>&nbsp;<\/p>\n<blockquote>\n<h3><a class=\"dt-pswp-item\" href=\"https:\/\/www.radiopiu.net\/wordpress\/wp-content\/uploads\/2022\/07\/Senza-nome-3.jpg\" data-dt-img-description=\"\" data-large_image_width=\"267\" data-large_image_height=\"320\"><img loading=\"lazy\" decoding=\"async\" class=\"size-thumbnail wp-image-286048 alignleft\" src=\"https:\/\/www.radiopiu.net\/wordpress\/wp-content\/uploads\/2022\/07\/Senza-nome-3-150x150.jpg\" alt=\"\" width=\"150\" height=\"150\" \/><\/a>A RIVAI GIORNI DI DOLORE PER LA SCOMPARSA DI ALBERTO CESCATO<\/h3>\n<\/blockquote>\n<p><strong>ARSIE&#8217;<\/strong> Si sono svolti i funerali di Alberto Cescato di Rivai, pensionato dopo una vita lavorativa a Milano, volontario in tante iniziative locali e\u00a0 assessore del sindaco Mario De Nale.<\/p>\n<p>&nbsp;<\/p>\n<p>&nbsp;<\/p>\n<p>&nbsp;<\/p>\n<p>&nbsp;<\/p>\n<hr \/>\n<p>&nbsp;<\/p>\n<p><a class=\"dt-pswp-item\" href=\"https:\/\/www.radiopiu.net\/wordpress\/wp-content\/uploads\/2022\/07\/2917226_339.jpg\" data-dt-img-description=\"\" data-large_image_width=\"508\" data-large_image_height=\"488\"><img loading=\"lazy\" decoding=\"async\" class=\"size-thumbnail wp-image-286049 alignleft\" src=\"https:\/\/www.radiopiu.net\/wordpress\/wp-content\/uploads\/2022\/07\/2917226_339-150x150.jpg\" alt=\"\" width=\"150\" height=\"150\" \/><\/a><strong>L&#8217;ULTIMO SALUTO AD ANDREA MARCON\u00a0<\/strong><\/p>\n<p><strong>BELLUNO<\/strong> Si svolgeranno oggi alle 15 a Sargnano i funerali di Andrea Marcon, 43 anni, agordino di origine e residente in via Safforze. Lascia la mamma\u00a0 \u00a0Severina, le sorelle Sabrina con Giuseppe e Arianna con Mirco,<br \/>\ni nipoti Stefania, Federico e Giulia, gli zii, le zie<\/p>\n<p>&nbsp;<\/p>\n<p>&nbsp;<\/p>\n<p>&nbsp;<\/p>\n<p>&nbsp;<\/p>\n<hr \/>\n<p>&nbsp;<\/p>\n<blockquote>\n<h3>IL PONTE RIMANE CHIUSO FINO AD OTTOBRE<\/h3>\n<\/blockquote>\n<p><strong><a class=\"dt-pswp-item\" href=\"https:\/\/www.radiopiu.net\/wordpress\/wp-content\/uploads\/2022\/07\/8c532fa9-2ded-488d-8dae-71e0820eb924.jpg\" data-dt-img-description=\"\" data-large_image_width=\"1920\" data-large_image_height=\"1080\"><img loading=\"lazy\" decoding=\"async\" class=\"size-thumbnail wp-image-285933 alignleft\" src=\"https:\/\/www.radiopiu.net\/wordpress\/wp-content\/uploads\/2022\/07\/8c532fa9-2ded-488d-8dae-71e0820eb924-150x150.jpg\" alt=\"\" width=\"150\" height=\"150\" \/><\/a>LA VALLE<\/strong> Infelici sono gli abitanti delle Ronche, frazione nell&#8217;immediata periferia del Comune, perch\u00e9 ogni giorno per raggiungere Agordo sono costretti al giro per Noach, fino alla regionale 203 agordina. Infatti il ponte del Felice, soggetto a lavori da inizio giugno non riaprir\u00e0 domani, \u00e8 stata emessa una nuova ordinanza che proroga la chiusura veicolare e pedonale del ponte sul torrente Missiaga fino all&#8217;8 ottobre, in maniera continuativa per tutte le 24 ore. La ditta Sevis, che sta eseguendo i lavori, ha comunicato la necessaria proroga per consentire il proseguimento dei lavori che prevedono la demolizione e ricostruzione del ponte al confine tra i Comuni di Agordo e La Valle.<\/p>\n<blockquote><p>IERI abbiamo ricevuto un messaggio, verificato confermiamo ieri auto e pedone passavano tranquillamente sul ponte con le transenne spostate e i nastri di protezione a terra.<\/p>\n<p><em>&#8220;Sono una signora che abita a Crostolin scrivo riguardo al ponte non riesco a capire se il ponte sia veramente chiuso o sia una bufala visto che transitano indisturbate sia macchine biciclette e pedoni&#8221;<\/em><\/p><\/blockquote>\n<hr \/>\n<p>&nbsp;<\/p>\n<blockquote>\n<h3>RSU LUXOTTICA. AD AGORDO PRIMA LA CISL<\/h3>\n<\/blockquote>\n<p>&nbsp;<\/p>\n<p><strong><img loading=\"lazy\" decoding=\"async\" class=\"alignleft\" src=\"https:\/\/www.radiopiu.net\/wordpress\/wp-content\/uploads\/2022\/06\/luxottica-dallalto-1.jpg\" width=\"284\" height=\"213\" \/>AGORDO<\/strong> Con 701 la Cisl \u00e8 il primo sindacato in Luxottica ad Agordo nella Rsu, 555 voti per la Cgil e 205 per la Uil, 54 le schede nulle, 1515 gli aventi diritto al voto.<\/p>\n<p><span style=\"color: #ff0000;\">Delegati eletti: Cisl 20 &#8211; Cgil 16 &#8211; Uil 6<\/span><\/p>\n<p><strong>PREFERENZE<\/strong>; <span style=\"color: #0000ff;\">Luigi Dell&#8217;Atti (cgil) 197<\/span>,<strong> Mara Pagnussat (cisl) 91, Antonio Caputo (cisl) 76. Fabio Geremetta (cisl) <\/strong><span style=\"color: #0000ff;\">58, Gianpietro Da Ronch (cgil) <\/span><strong>54<\/strong>,<span style=\"color: #ff00ff;\"> Emilio Bez (Uil) 44,<\/span> <span style=\"color: #ff00ff;\">Viviana De Rocco (uil)38,<\/span> <strong>Diego Palmeri (cisl) 37<\/strong>, <span style=\"color: #0000ff;\">Paolo Tramontin (cgil) 33<\/span>.<strong> Samantha Mengardi (cisl) 32, Ana Maria Ceuca (cisl) 29, Luana Costantini (cisl) 28, Ivano Canali (cisl) 28, <span style=\"color: #ff00ff;\">Marina Don\u00e0 (uil)<\/span> 28<\/strong>, <span style=\"color: #0000ff;\">Claudia Cemin (cgil) 25, Pamela Maschio (cgil) 19, Mihaita Rinja<\/span> <span style=\"color: #0000ff;\">Ciprian (cisl)<\/span><strong> 19, Diego Chissal\u00e8 (cisl) 18,<\/strong> <span style=\"color: #0000ff;\">Valentina Da Rold (cgil) 18<\/span>, <span style=\"color: #ff00ff;\">Barbara De Mario (uil) 17<\/span>,<span style=\"color: #0000ff;\">\u00a0 Sabrina Sito (cgil) 17<\/span>, <strong>Marina De Riva (cisl) 16, Laura Vettorel (cisl) 16, Rosanna Avoscan (cisl) 13, Dario Cassol (cisl)<\/strong> <strong>13<\/strong><span style=\"color: #0000ff;\">, Ana Cernei (cgil) 13<\/span>, <strong>Orietta Chiea (cisl) 13, Alessandro Dal Molin (cisl) 13, Kevin Attai (cisl) 12, Maria Bernard Del Vecchio (cisl) 12,<\/strong> <span style=\"color: #0000ff;\">Marius Puiu (cgil) 11, Francesca De Biasio (cgil) 10, Mohamed Diani (cgil) 10<\/span> Biliana Ilin (cisl) 10, Qazim Isufaj (cisl) 10,<span style=\"color: #0000ff;\"> Lidia Kowalska Ratazzina (cgil) 10<\/span>, <span style=\"color: #ff00ff;\">Elisa Casiana Lapaglia (uil)10,<\/span> <span style=\"color: #0000ff;\">Gianluca Allia (cgil) 9<\/span>, <strong><span style=\"color: #000000;\">Carmen Andrea Necuali (cisl)<\/span> <span style=\"color: #000000;\">9, Mikaela Seferi (cisl) 9, Alice Vettorel (cisl) 9, Annamaria Ben (cisl) 8.<\/span><\/strong><\/p>\n<p>&nbsp;<\/p>\n<p>&#8212;&#8212;&#8212;&#8212;&#8212;&#8212;&#8212;&#8212;&#8212;&#8212;<\/p>\n<p>&nbsp;<\/p>\n<blockquote>\n<h3>ONDA CISL ALLA LUXOTTICA DI CENCENIGHE, LA FORZA DELLE DONNE<\/h3>\n<\/blockquote>\n<p><img loading=\"lazy\" decoding=\"async\" class=\"alignleft\" src=\"https:\/\/www.radiopiu.net\/wordpress\/wp-content\/uploads\/2018\/02\/LUX-CENCENGIHE.jpg\" width=\"279\" height=\"131\" \/><\/p>\n<p><strong>CENCENIGHE<\/strong> Si sono conclusi gli spogli delle elezioni per il rinnovo delle RSU nello stabilimento Luxottica di Cencenighe. Una RSU tutta al femminile per Cencenighe che ha visto vincere la CISL. Su 266 aventi diritto hanno votato 142 operai pari al 53% del personale. Alessandra Polesel ha avuto 46 preferenze e Victoria Reznic 11. Dopo due anni anche la CGIL ha partecipato alle elezioni con Monica Leita (26 voti) e Alessia Pesci (31 voti). Allo scrutinio finale la CISL ha vinto con 73 preferenze, 59 per la CGIL. Dieci le schede nulle.<\/p>\n<p>&nbsp;<\/p>\n<p>&nbsp;<\/p>\n<hr \/>\n<p>&nbsp;<\/p>\n<div class=\"page-title-head hgroup\">\n<h2 class=\"entry-title\"><a class=\"dt-pswp-item\" href=\"https:\/\/www.radiopiu.net\/wordpress\/wp-content\/uploads\/2022\/03\/FOLLADOR-AGORDO-1.jpg\" data-dt-img-description=\"\" data-large_image_width=\"1280\" data-large_image_height=\"720\"><img loading=\"lazy\" decoding=\"async\" class=\"size-thumbnail wp-image-267095 alignleft\" src=\"https:\/\/www.radiopiu.net\/wordpress\/wp-content\/uploads\/2022\/03\/FOLLADOR-AGORDO-1-150x150.jpg\" alt=\"\" width=\"150\" height=\"150\" \/><\/a>QUATTRO LODI AL FOLLADOR DE ROSSI, NOVE I CENTINI<\/h2>\n<\/div>\n<div class=\"page-title-breadcrumbs\">\n<div><strong>AGORDO<\/strong> Anche al Follador-De Rossi \u00e8 arrivato il gran giorno, quello dei risultati degli esami con i complimenti ai centini\u00a0 \u00a0<strong>Alice Bellenzier<\/strong>, 5^ Enogastronomia e ospitalit\u00e0 alberghiera, 100 <strong>Anna Roilo<\/strong>, 5^ Liceo scientifico, 100 e lode <strong>Arianna Giacomini,<\/strong> 5^ Liceo scientifico, 100 e lode <strong>Aurora Zavatarelli,<\/strong> 5^ Turismo, 100 <strong>Daniel Daur\u00f9,<\/strong> 5^ Chimica e materiali, 100 <strong>Luca Darman<\/strong>, 5^ Chimica e materiali, 100 e lode <strong>Martina\u00a0Delfauro,<\/strong> 5^ Liceo scientifico, 100 <strong>Samuel Da Campo<\/strong>, 5^ Manutenzione e assistenza tecnica, 100 <strong>Sara Candian<\/strong>i, 5^ Liceo scientifico, 100 e lode<\/div>\n<div><\/div>\n<div><\/div>\n<div><\/div>\n<div><\/div>\n<div>\n\n\t\t\t<style type='text\/css'>\n\t\t\t\t#gallery-2 {\n\t\t\t\t\tmargin: auto;\n\t\t\t\t}\n\t\t\t\t#gallery-2 .gallery-item {\n\t\t\t\t\tfloat: left;\n\t\t\t\t\tmargin-top: 10px;\n\t\t\t\t\ttext-align: center;\n\t\t\t\t\twidth: 20%;\n\t\t\t\t}\n\t\t\t\t#gallery-2 img {\n\t\t\t\t\tborder: 2px solid #cfcfcf;\n\t\t\t\t}\n\t\t\t\t#gallery-2 .gallery-caption {\n\t\t\t\t\tmargin-left: 0;\n\t\t\t\t}\n\t\t\t\t\/* see gallery_shortcode() in wp-includes\/media.php *\/\n\t\t\t<\/style>\n\t\t<div id='gallery-2' class='dt-gallery-container gallery galleryid-285833 gallery-columns-5 gallery-size-thumbnail'><dl class='gallery-item'>\n\t\t\t\t<dt class='gallery-icon portrait'>\n\t\t\t\t\t<a class=\"rollover rollover-zoom dt-pswp-item\" title=\"Alice Bellenzier\" data-dt-img-description=\"\" data-large_image_width=\"1536\" data-large_image_height=\"2048\"href='https:\/\/www.radiopiu.net\/wordpress\/wp-content\/uploads\/2022\/07\/Alice-Bellenzier.jpg'><img loading=\"lazy\" decoding=\"async\" width=\"150\" height=\"150\" src=\"https:\/\/www.radiopiu.net\/wordpress\/wp-content\/uploads\/2022\/07\/Alice-Bellenzier-150x150.jpg\" class=\"attachment-thumbnail size-thumbnail\" alt=\"\" aria-describedby=\"gallery-2-285978\" \/><\/a>\n\t\t\t\t<\/dt>\n\t\t\t\t\t<dd class='wp-caption-text gallery-caption' id='gallery-2-285978'>\n\t\t\t\t\tAlice Bellenzier\n\t\t\t\t\t<\/dd><\/dl><dl class='gallery-item'>\n\t\t\t\t<dt class='gallery-icon portrait'>\n\t\t\t\t\t<a class=\"rollover rollover-zoom dt-pswp-item\" title=\"Anna Roilo 2\" data-dt-img-description=\"\" data-large_image_width=\"1707\" data-large_image_height=\"2560\"href='https:\/\/www.radiopiu.net\/wordpress\/wp-content\/uploads\/2022\/07\/Anna-Roilo-2-scaled.jpg'><img loading=\"lazy\" decoding=\"async\" width=\"150\" height=\"150\" src=\"https:\/\/www.radiopiu.net\/wordpress\/wp-content\/uploads\/2022\/07\/Anna-Roilo-2-150x150.jpg\" class=\"attachment-thumbnail size-thumbnail\" alt=\"\" aria-describedby=\"gallery-2-285987\" \/><\/a>\n\t\t\t\t<\/dt>\n\t\t\t\t\t<dd class='wp-caption-text gallery-caption' id='gallery-2-285987'>\n\t\t\t\t\tAnna Roilo\n\t\t\t\t\t<\/dd><\/dl><dl class='gallery-item'>\n\t\t\t\t<dt class='gallery-icon portrait'>\n\t\t\t\t\t<a class=\"rollover rollover-zoom dt-pswp-item\" title=\"Arianna Giacomini\" data-dt-img-description=\"\" data-large_image_width=\"2077\" data-large_image_height=\"2560\"href='https:\/\/www.radiopiu.net\/wordpress\/wp-content\/uploads\/2022\/07\/Arianna-Giacomini-scaled.jpg'><img loading=\"lazy\" decoding=\"async\" width=\"150\" height=\"150\" src=\"https:\/\/www.radiopiu.net\/wordpress\/wp-content\/uploads\/2022\/07\/Arianna-Giacomini-150x150.jpg\" class=\"attachment-thumbnail size-thumbnail\" alt=\"\" aria-describedby=\"gallery-2-285986\" \/><\/a>\n\t\t\t\t<\/dt>\n\t\t\t\t\t<dd class='wp-caption-text gallery-caption' id='gallery-2-285986'>\n\t\t\t\t\tArianna Giacomini\n\t\t\t\t\t<\/dd><\/dl><dl class='gallery-item'>\n\t\t\t\t<dt class='gallery-icon portrait'>\n\t\t\t\t\t<a class=\"rollover rollover-zoom dt-pswp-item\" title=\"Aurora Zavatarelli\" data-dt-img-description=\"\" data-large_image_width=\"1061\" data-large_image_height=\"1067\"href='https:\/\/www.radiopiu.net\/wordpress\/wp-content\/uploads\/2022\/07\/Aurora-Zavatarelli.jpg'><img loading=\"lazy\" decoding=\"async\" width=\"150\" height=\"150\" src=\"https:\/\/www.radiopiu.net\/wordpress\/wp-content\/uploads\/2022\/07\/Aurora-Zavatarelli-150x150.jpg\" class=\"attachment-thumbnail size-thumbnail\" alt=\"\" aria-describedby=\"gallery-2-285977\" srcset=\"https:\/\/www.radiopiu.net\/wordpress\/wp-content\/uploads\/2022\/07\/Aurora-Zavatarelli-150x150.jpg 150w, https:\/\/www.radiopiu.net\/wordpress\/wp-content\/uploads\/2022\/07\/Aurora-Zavatarelli-298x300.jpg 298w, https:\/\/www.radiopiu.net\/wordpress\/wp-content\/uploads\/2022\/07\/Aurora-Zavatarelli-1018x1024.jpg 1018w, https:\/\/www.radiopiu.net\/wordpress\/wp-content\/uploads\/2022\/07\/Aurora-Zavatarelli-768x772.jpg 768w, https:\/\/www.radiopiu.net\/wordpress\/wp-content\/uploads\/2022\/07\/Aurora-Zavatarelli.jpg 1061w\" sizes=\"auto, (max-width: 150px) 100vw, 150px\" \/><\/a>\n\t\t\t\t<\/dt>\n\t\t\t\t\t<dd class='wp-caption-text gallery-caption' id='gallery-2-285977'>\n\t\t\t\t\tAurora Zavatarelli\n\t\t\t\t\t<\/dd><\/dl><dl class='gallery-item'>\n\t\t\t\t<dt class='gallery-icon portrait'>\n\t\t\t\t\t<a class=\"rollover rollover-zoom dt-pswp-item\" title=\"Daniel Daur\u00f9\" data-dt-img-description=\"\" data-large_image_width=\"720\" data-large_image_height=\"1480\"href='https:\/\/www.radiopiu.net\/wordpress\/wp-content\/uploads\/2022\/07\/Daniel-Dauru.jpg'><img loading=\"lazy\" decoding=\"async\" width=\"150\" height=\"150\" src=\"https:\/\/www.radiopiu.net\/wordpress\/wp-content\/uploads\/2022\/07\/Daniel-Dauru-150x150.jpg\" class=\"attachment-thumbnail size-thumbnail\" alt=\"\" aria-describedby=\"gallery-2-285980\" \/><\/a>\n\t\t\t\t<\/dt>\n\t\t\t\t\t<dd class='wp-caption-text gallery-caption' id='gallery-2-285980'>\n\t\t\t\t\tDaniel Daur\u00f9\n\t\t\t\t\t<\/dd><\/dl><br style=\"clear: both\" \/><dl class='gallery-item'>\n\t\t\t\t<dt class='gallery-icon portrait'>\n\t\t\t\t\t<a class=\"rollover rollover-zoom dt-pswp-item\" title=\"Luca Darman\" data-dt-img-description=\"\" data-large_image_width=\"555\" data-large_image_height=\"1274\"href='https:\/\/www.radiopiu.net\/wordpress\/wp-content\/uploads\/2022\/07\/Luca-Darman.jpg'><img loading=\"lazy\" decoding=\"async\" width=\"150\" height=\"150\" src=\"https:\/\/www.radiopiu.net\/wordpress\/wp-content\/uploads\/2022\/07\/Luca-Darman-150x150.jpg\" class=\"attachment-thumbnail size-thumbnail\" alt=\"\" aria-describedby=\"gallery-2-285979\" \/><\/a>\n\t\t\t\t<\/dt>\n\t\t\t\t\t<dd class='wp-caption-text gallery-caption' id='gallery-2-285979'>\n\t\t\t\t\tLuca Darman\n\t\t\t\t\t<\/dd><\/dl><dl class='gallery-item'>\n\t\t\t\t<dt class='gallery-icon portrait'>\n\t\t\t\t\t<a class=\"rollover rollover-zoom dt-pswp-item\" title=\"Sara Candiani\" data-dt-img-description=\"\" data-large_image_width=\"900\" data-large_image_height=\"1600\"href='https:\/\/www.radiopiu.net\/wordpress\/wp-content\/uploads\/2022\/07\/Martina-Delfauro.jpg'><img loading=\"lazy\" decoding=\"async\" width=\"150\" height=\"150\" src=\"https:\/\/www.radiopiu.net\/wordpress\/wp-content\/uploads\/2022\/07\/Martina-Delfauro-150x150.jpg\" class=\"attachment-thumbnail size-thumbnail\" alt=\"\" aria-describedby=\"gallery-2-285981\" \/><\/a>\n\t\t\t\t<\/dt>\n\t\t\t\t\t<dd class='wp-caption-text gallery-caption' id='gallery-2-285981'>\n\t\t\t\t\tMartina Del Fauro\n\t\t\t\t\t<\/dd><\/dl><dl class='gallery-item'>\n\t\t\t\t<dt class='gallery-icon portrait'>\n\t\t\t\t\t<a class=\"rollover rollover-zoom dt-pswp-item\" title=\"Samuel Da Campo\" data-dt-img-description=\"\" data-large_image_width=\"831\" data-large_image_height=\"955\"href='https:\/\/www.radiopiu.net\/wordpress\/wp-content\/uploads\/2022\/07\/Samuel-Da-Campo.jpg'><img loading=\"lazy\" decoding=\"async\" width=\"150\" height=\"150\" src=\"https:\/\/www.radiopiu.net\/wordpress\/wp-content\/uploads\/2022\/07\/Samuel-Da-Campo-150x150.jpg\" class=\"attachment-thumbnail size-thumbnail\" alt=\"\" aria-describedby=\"gallery-2-285983\" \/><\/a>\n\t\t\t\t<\/dt>\n\t\t\t\t\t<dd class='wp-caption-text gallery-caption' id='gallery-2-285983'>\n\t\t\t\t\tSamuel Da Campo\n\t\t\t\t\t<\/dd><\/dl><dl class='gallery-item'>\n\t\t\t\t<dt class='gallery-icon portrait'>\n\t\t\t\t\t<a class=\"rollover rollover-zoom dt-pswp-item\" title=\"Sara Candiani\" data-dt-img-description=\"\" data-large_image_width=\"1039\" data-large_image_height=\"1355\"href='https:\/\/www.radiopiu.net\/wordpress\/wp-content\/uploads\/2022\/07\/Sara-Candiani.jpg'><img loading=\"lazy\" decoding=\"async\" width=\"150\" height=\"150\" src=\"https:\/\/www.radiopiu.net\/wordpress\/wp-content\/uploads\/2022\/07\/Sara-Candiani-150x150.jpg\" class=\"attachment-thumbnail size-thumbnail\" alt=\"\" aria-describedby=\"gallery-2-285982\" \/><\/a>\n\t\t\t\t<\/dt>\n\t\t\t\t\t<dd class='wp-caption-text gallery-caption' id='gallery-2-285982'>\n\t\t\t\t\tSara Candiani\n\t\t\t\t\t<\/dd><\/dl>\n\t\t\t\t<br style='clear: both' \/>\n\t\t\t<\/div>\n\n<p>&nbsp;<\/p>\n<hr \/>\n<p>&nbsp;<\/p>\n<blockquote>\n<h3>IERI MATTINA L&#8217;INCONTRO DELLA GIUNTA CON IL PREFETTO<\/h3>\n<\/blockquote>\n<p><strong>BELLUNO\u00a0<\/strong> Ieri<span dir=\"ltr\" role=\"presentation\"> nella Sala consiliare di Palazzo Rosso, la Giunta <\/span><span dir=\"ltr\" role=\"presentation\">comunale ha ricevuto il Prefetto Mariano Savastano. <\/span><span dir=\"ltr\" role=\"presentation\">La<\/span> <span dir=\"ltr\" role=\"presentation\">Giunta<\/span> <span dir=\"ltr\" role=\"presentation\">ha<\/span> <span dir=\"ltr\" role=\"presentation\">espresso<\/span> <span dir=\"ltr\" role=\"presentation\">il<\/span> <span dir=\"ltr\" role=\"presentation\">proprio<\/span> <span dir=\"ltr\" role=\"presentation\">apprezzamento<\/span> <span dir=\"ltr\" role=\"presentation\">per<\/span> <span dir=\"ltr\" role=\"presentation\">questa<\/span> <span dir=\"ltr\" role=\"presentation\">visita<\/span> <span dir=\"ltr\" role=\"presentation\">di <\/span><span dir=\"ltr\" role=\"presentation\">conoscenza reciproca, aperta a una futura collaborazione. <\/span><span dir=\"ltr\" role=\"presentation\">La<\/span> <span dir=\"ltr\" role=\"presentation\">circostanza<\/span> <span dir=\"ltr\" role=\"presentation\">del<\/span> <span dir=\"ltr\" role=\"presentation\">saluto<\/span> <span dir=\"ltr\" role=\"presentation\">alla<\/span> <span dir=\"ltr\" role=\"presentation\">nuova<\/span> <span dir=\"ltr\" role=\"presentation\">amministrazione<\/span> <span dir=\"ltr\" role=\"presentation\">comunale,<\/span><br role=\"presentation\" \/><span dir=\"ltr\" role=\"presentation\">recentemente insediatasi, \u00e8 stata occasione, infatti, per confermare da <\/span><span dir=\"ltr\" role=\"presentation\">entrambe le parti la massima disponibilit\u00e0 a una proficua cooperazione in <\/span><span dir=\"ltr\" role=\"presentation\">molti ambiti, non ultimi il benessere e la sicurezza del territorio.<\/span><\/p>\n<p><a class=\"dt-pswp-item\" href=\"https:\/\/www.radiopiu.net\/wordpress\/wp-content\/uploads\/2022\/07\/Giunta-incontro-con-Prefetto-luglio-2022.jpeg\" data-dt-img-description=\"\" data-large_image_width=\"2048\" data-large_image_height=\"1536\"><img loading=\"lazy\" decoding=\"async\" class=\"alignnone wp-image-285996 size-large\" src=\"https:\/\/www.radiopiu.net\/wordpress\/wp-content\/uploads\/2022\/07\/Giunta-incontro-con-Prefetto-luglio-2022-1024x768.jpeg\" alt=\"\" width=\"1024\" height=\"768\" srcset=\"https:\/\/www.radiopiu.net\/wordpress\/wp-content\/uploads\/2022\/07\/Giunta-incontro-con-Prefetto-luglio-2022-1024x768.jpeg 1024w, https:\/\/www.radiopiu.net\/wordpress\/wp-content\/uploads\/2022\/07\/Giunta-incontro-con-Prefetto-luglio-2022-300x225.jpeg 300w, https:\/\/www.radiopiu.net\/wordpress\/wp-content\/uploads\/2022\/07\/Giunta-incontro-con-Prefetto-luglio-2022-768x576.jpeg 768w, https:\/\/www.radiopiu.net\/wordpress\/wp-content\/uploads\/2022\/07\/Giunta-incontro-con-Prefetto-luglio-2022-1536x1152.jpeg 1536w, https:\/\/www.radiopiu.net\/wordpress\/wp-content\/uploads\/2022\/07\/Giunta-incontro-con-Prefetto-luglio-2022.jpeg 2048w\" sizes=\"auto, (max-width: 1024px) 100vw, 1024px\" \/><\/a><\/p>\n<\/div>\n<\/div>\n<p>&nbsp;<\/p>\n<hr \/>\n<p>&nbsp;<\/p>\n<p>&nbsp;<\/p>\n<blockquote>\n<h3><a class=\"dt-pswp-item\" href=\"https:\/\/www.radiopiu.net\/wordpress\/wp-content\/uploads\/2022\/01\/BOSTRICO.jpg\" data-dt-img-description=\"\" data-large_image_width=\"2048\" data-large_image_height=\"1536\"><img loading=\"lazy\" decoding=\"async\" class=\"size-thumbnail wp-image-254880 alignleft\" src=\"https:\/\/www.radiopiu.net\/wordpress\/wp-content\/uploads\/2022\/01\/BOSTRICO-150x150.jpg\" alt=\"\" width=\"150\" height=\"150\" \/><\/a>DILLO A RADIO PIU&#8230;. NON SI STA FACENDO NULLA PER IL BOSTRICO<\/h3>\n<p><strong>CANALE D&#8217;AGORDO<\/strong> Riceviamo e volentieri pubblichiamo la nota di Loris Valt.<\/p>\n<p><em>Vorrei dire la mia sul discorso bostrico nel comune di Canale d&#8217; Agordo, nel senso che non si \u00e8 fatto nulla e adesso le nuove larve sono in piena attivit\u00e0, a settembre gli abeti saranno tutti secchi, ma nessuno fa nulla.<\/em><\/p><\/blockquote>\n<p>&nbsp;<\/p>\n<p>&nbsp;<\/p>\n<hr \/>\n<p>&nbsp;<\/p>\n<blockquote>\n<h3>GRAZIE DON LINO!<\/h3>\n<\/blockquote>\n<p><em>Don Lino Mottes ha rinunciato all&#8217;incarico di parroco per raggiunti limiti di et\u00e0, festeggiando il 69\u00b0 anno di sacerdozio<\/em><\/p>\n<p><strong><a class=\"dt-pswp-item\" href=\"https:\/\/www.radiopiu.net\/wordpress\/wp-content\/uploads\/2022\/07\/Don_LINO_MOTTES_e_RENZO-GAVAZ.jpg\" data-dt-img-description=\"KONICA MINOLTA DIGITAL CAMERA\" data-large_image_width=\"1600\" data-large_image_height=\"1200\"><img loading=\"lazy\" decoding=\"async\" class=\"size-thumbnail wp-image-286040 alignleft\" src=\"https:\/\/www.radiopiu.net\/wordpress\/wp-content\/uploads\/2022\/07\/Don_LINO_MOTTES_e_RENZO-GAVAZ-150x150.jpg\" alt=\"\" width=\"150\" height=\"150\" \/><\/a>fonte facebook pagina chiesa di belluno feltre<\/strong><\/p>\n<p>&nbsp;<\/p>\n<p><strong>BELLUNO<\/strong> In occasione del suo 69\u00b0 anniversario di sacerdozio, don Lino Mottes ha rimesso nelle mani del vescovo Renato Marangoni l\u2019incarico di amministratore parrocchiale di san Dionisio di Zermen. Lo ha reso noto lui stesso mercoled\u00ec 5 luglio, durante la solenne santa messa celebrata dal vescovo Renato. Al termine della santa Messa, don Lino,\u00a0commosso, ha ringraziato tutti. Il suo primo ringraziamento lo ha rivolto al Signore che gli ha concesso una vita speciale e lo ha sempre accompagnato nella sua missione sacerdotale iniziata 69 anni fa. \u00ab<em>Domani \u2013 ha detto con un sorriso bonario \u2013 comincer\u00e0 il mio 70\u00b0 anno di vita sacerdotale\u00bb<\/em>.\u00a0 Poche parole lette per non lasciarsi travolgere dall\u2019emozione pi\u00f9 che comprensiva, e da una infinit\u00e0 di ricordi accumulati i 92 anni di vita.<\/p>\n<blockquote><p>\u00c8 stato segretario del vescovo Muccin e di vescovi, nella sua lunga missione, ne ha conosciuti 8. \u00c8 stato arciprete della cattedrale di Belluno e arcidiacono per 30 anni della chiesa di Agordo. Sono solo due le cittadinanze onorarie attribuite dal comune di Agordo: una a Leonardo Del Vecchio, l&#8217;altra a don Lino. Dal 2009 \u00e8 stato vicedirettore del museo diocesano di Feltre. Lui, originario di Rivamonte, proprio a Feltre aveva iniziato la missione sacerdotale. Ed era al santuario di San Vittore con don Giulio Gaio quando arrivarono le Ss in cerca dell&#8217;ebreo nascosto nella stiva<\/p><\/blockquote>\n<p>&nbsp;<\/p>\n<hr \/>\n<p>&nbsp;<\/p>\n<blockquote>\n<h3>IL DIPINTO DI DUNIO PER RICORDARE VALERIO DA POS<\/h3>\n<\/blockquote>\n<p><strong>CANALE D&#8217;AGORDO<\/strong><\/p>\n<p><strong>DI GIANNI SANTOMASO<\/strong><\/p>\n<audio class=\"wp-audio-shortcode\" id=\"audio-285833-3\" preload=\"none\" style=\"width: 100%;\" controls=\"controls\"><source type=\"audio\/mpeg\" src=\"https:\/\/www.radiopiu.net\/wordpress\/wp-content\/uploads\/2022\/07\/da-pos-gianni.mp3?_=3\" \/><a href=\"https:\/\/www.radiopiu.net\/wordpress\/wp-content\/uploads\/2022\/07\/da-pos-gianni.mp3\">https:\/\/www.radiopiu.net\/wordpress\/wp-content\/uploads\/2022\/07\/da-pos-gianni.mp3<\/a><\/audio>\n<p>&nbsp;<\/p>\n<p><img loading=\"lazy\" decoding=\"async\" class=\"\" src=\"https:\/\/www.radiopiu.net\/wordpress\/wp-content\/uploads\/2022\/07\/SSSSS-1.jpg\" width=\"276\" height=\"196\" \/><\/p>\n<p>&nbsp;<\/p>\n<p>&nbsp;<\/p>\n<p>&nbsp;<\/p>\n<hr \/>\n<p>&nbsp;<\/p>\n<p>&nbsp;<\/p>\n<blockquote class=\"wp-embedded-content\" data-secret=\"3QciGjzyC4\"><p><a href=\"https:\/\/www.radiopiu.net\/wordpress\/aggnazionaleluglio07\/\">CORONAVIRUS: AGGIORNAMENTO NAZIONALE 07 LUGLIO 2022<\/a><\/p><\/blockquote>\n<p><iframe loading=\"lazy\" class=\"wp-embedded-content\" sandbox=\"allow-scripts\" security=\"restricted\" style=\"position: absolute; clip: rect(1px, 1px, 1px, 1px);\" title=\"&#8220;CORONAVIRUS: AGGIORNAMENTO NAZIONALE 07 LUGLIO 2022&#8221; &#8212; Radio Pi\u00f9\" src=\"https:\/\/www.radiopiu.net\/wordpress\/aggnazionaleluglio07\/embed\/#?secret=dCULqlPPDQ#?secret=3QciGjzyC4\" data-secret=\"3QciGjzyC4\" width=\"600\" height=\"338\" frameborder=\"0\" marginwidth=\"0\" marginheight=\"0\" scrolling=\"no\"><\/iframe><\/p>\n<p>&nbsp;<\/p>\n<p>&nbsp;<\/p>\n<blockquote class=\"wp-embedded-content\" data-secret=\"zdy9IPEjKG\"><p><a href=\"https:\/\/www.radiopiu.net\/wordpress\/aggazzeroluglio07\/\">OLTRE 10 MILA NUOVE POSITIVITA&#8217; E 8 DECESSI IN VENETO NELLE ULTIME 24 ORE. CONTINUANO AD AUMENTARE I RICOVERI<\/a><\/p><\/blockquote>\n<p><iframe loading=\"lazy\" class=\"wp-embedded-content\" sandbox=\"allow-scripts\" security=\"restricted\" style=\"position: absolute; clip: rect(1px, 1px, 1px, 1px);\" title=\"&#8220;OLTRE 10 MILA NUOVE POSITIVITA&#8217; E 8 DECESSI IN VENETO NELLE ULTIME 24 ORE. CONTINUANO AD AUMENTARE I RICOVERI&#8221; &#8212; Radio Pi\u00f9\" src=\"https:\/\/www.radiopiu.net\/wordpress\/aggazzeroluglio07\/embed\/#?secret=lXp1kiWQos#?secret=zdy9IPEjKG\" data-secret=\"zdy9IPEjKG\" width=\"600\" height=\"338\" frameborder=\"0\" marginwidth=\"0\" marginheight=\"0\" scrolling=\"no\"><\/iframe><\/p>\n<p>&nbsp;<\/p>\n<h2>I GRAFICI DI TIZIANO DE COL<\/h2>\n\n\t\t\t<style type='text\/css'>\n\t\t\t\t#gallery-3 {\n\t\t\t\t\tmargin: auto;\n\t\t\t\t}\n\t\t\t\t#gallery-3 .gallery-item {\n\t\t\t\t\tfloat: left;\n\t\t\t\t\tmargin-top: 10px;\n\t\t\t\t\ttext-align: center;\n\t\t\t\t\twidth: 33%;\n\t\t\t\t}\n\t\t\t\t#gallery-3 img {\n\t\t\t\t\tborder: 2px solid #cfcfcf;\n\t\t\t\t}\n\t\t\t\t#gallery-3 .gallery-caption {\n\t\t\t\t\tmargin-left: 0;\n\t\t\t\t}\n\t\t\t\t\/* see gallery_shortcode() in wp-includes\/media.php *\/\n\t\t\t<\/style>\n\t\t<div id='gallery-3' class='dt-gallery-container gallery galleryid-285833 gallery-columns-3 gallery-size-thumbnail'><dl class='gallery-item'>\n\t\t\t\t<dt class='gallery-icon landscape'>\n\t\t\t\t\t<a class=\"rollover rollover-zoom dt-pswp-item\" title=\"0f61ed0c-9f21-4c7d-8cbd-93c1a0051027\" data-dt-img-description=\"\" data-large_image_width=\"589\" data-large_image_height=\"356\"href='https:\/\/www.radiopiu.net\/wordpress\/wp-content\/uploads\/2022\/07\/0f61ed0c-9f21-4c7d-8cbd-93c1a0051027.jpg'><img loading=\"lazy\" decoding=\"async\" width=\"150\" height=\"150\" src=\"https:\/\/www.radiopiu.net\/wordpress\/wp-content\/uploads\/2022\/07\/0f61ed0c-9f21-4c7d-8cbd-93c1a0051027-150x150.jpg\" class=\"attachment-thumbnail size-thumbnail\" alt=\"\" \/><\/a>\n\t\t\t\t<\/dt><\/dl><dl class='gallery-item'>\n\t\t\t\t<dt class='gallery-icon landscape'>\n\t\t\t\t\t<a class=\"rollover rollover-zoom dt-pswp-item\" title=\"9ac50830-de59-4d46-afeb-3bc4cce0181c\" data-dt-img-description=\"\" data-large_image_width=\"600\" data-large_image_height=\"369\"href='https:\/\/www.radiopiu.net\/wordpress\/wp-content\/uploads\/2022\/07\/9ac50830-de59-4d46-afeb-3bc4cce0181c.jpg'><img loading=\"lazy\" decoding=\"async\" width=\"150\" height=\"150\" src=\"https:\/\/www.radiopiu.net\/wordpress\/wp-content\/uploads\/2022\/07\/9ac50830-de59-4d46-afeb-3bc4cce0181c-150x150.jpg\" class=\"attachment-thumbnail size-thumbnail\" alt=\"\" \/><\/a>\n\t\t\t\t<\/dt><\/dl><dl class='gallery-item'>\n\t\t\t\t<dt class='gallery-icon landscape'>\n\t\t\t\t\t<a class=\"rollover rollover-zoom dt-pswp-item\" title=\"aa23a482-b0c3-4dd0-ae6a-b2acca12eab9\" data-dt-img-description=\"\" data-large_image_width=\"604\" data-large_image_height=\"367\"href='https:\/\/www.radiopiu.net\/wordpress\/wp-content\/uploads\/2022\/07\/aa23a482-b0c3-4dd0-ae6a-b2acca12eab9.jpg'><img loading=\"lazy\" decoding=\"async\" width=\"150\" height=\"150\" src=\"https:\/\/www.radiopiu.net\/wordpress\/wp-content\/uploads\/2022\/07\/aa23a482-b0c3-4dd0-ae6a-b2acca12eab9-150x150.jpg\" class=\"attachment-thumbnail size-thumbnail\" alt=\"\" \/><\/a>\n\t\t\t\t<\/dt><\/dl><br style=\"clear: both\" \/><dl class='gallery-item'>\n\t\t\t\t<dt class='gallery-icon landscape'>\n\t\t\t\t\t<a class=\"rollover rollover-zoom dt-pswp-item\" title=\"68015998-8385-4427-96d0-2bcdc4e06a92\" data-dt-img-description=\"\" data-large_image_width=\"604\" data-large_image_height=\"375\"href='https:\/\/www.radiopiu.net\/wordpress\/wp-content\/uploads\/2022\/07\/68015998-8385-4427-96d0-2bcdc4e06a92.jpg'><img loading=\"lazy\" decoding=\"async\" width=\"150\" height=\"150\" src=\"https:\/\/www.radiopiu.net\/wordpress\/wp-content\/uploads\/2022\/07\/68015998-8385-4427-96d0-2bcdc4e06a92-150x150.jpg\" class=\"attachment-thumbnail size-thumbnail\" alt=\"\" \/><\/a>\n\t\t\t\t<\/dt><\/dl><dl class='gallery-item'>\n\t\t\t\t<dt class='gallery-icon landscape'>\n\t\t\t\t\t<a class=\"rollover rollover-zoom dt-pswp-item\" title=\"fac974d6-a42c-43ca-b0cb-953e25ac391f\" data-dt-img-description=\"\" data-large_image_width=\"614\" data-large_image_height=\"358\"href='https:\/\/www.radiopiu.net\/wordpress\/wp-content\/uploads\/2022\/07\/fac974d6-a42c-43ca-b0cb-953e25ac391f.jpg'><img loading=\"lazy\" decoding=\"async\" width=\"150\" height=\"150\" src=\"https:\/\/www.radiopiu.net\/wordpress\/wp-content\/uploads\/2022\/07\/fac974d6-a42c-43ca-b0cb-953e25ac391f-150x150.jpg\" class=\"attachment-thumbnail size-thumbnail\" alt=\"\" \/><\/a>\n\t\t\t\t<\/dt><\/dl><dl class='gallery-item'>\n\t\t\t\t<dt class='gallery-icon landscape'>\n\t\t\t\t\t<a class=\"rollover rollover-zoom dt-pswp-item\" title=\"0b01b93b-8023-43e2-9108-ab1d6bbdaf37\" data-dt-img-description=\"\" data-large_image_width=\"610\" data-large_image_height=\"363\"href='https:\/\/www.radiopiu.net\/wordpress\/wp-content\/uploads\/2022\/07\/0b01b93b-8023-43e2-9108-ab1d6bbdaf37.jpg'><img loading=\"lazy\" decoding=\"async\" width=\"150\" height=\"150\" src=\"https:\/\/www.radiopiu.net\/wordpress\/wp-content\/uploads\/2022\/07\/0b01b93b-8023-43e2-9108-ab1d6bbdaf37-150x150.jpg\" class=\"attachment-thumbnail size-thumbnail\" alt=\"\" \/><\/a>\n\t\t\t\t<\/dt><\/dl><br style=\"clear: both\" \/>\n\t\t\t<\/div>\n\n<p>&nbsp;<\/p>\n<hr \/>\n<p>&nbsp;<\/p>\n<blockquote>\n<h3>ELETTROCARDIOGRAMMI: REFERTAZIONE RAPIDA E FULL TIME IN OGNI SEDE GRAZIE ALLA TECNOLOGIA<\/h3>\n<\/blockquote>\n<p><strong><a class=\"dt-pswp-item\" href=\"https:\/\/www.radiopiu.net\/wordpress\/wp-content\/uploads\/2022\/07\/ELETTROCARDIOGRAMMA.png\" data-dt-img-description=\"\" data-large_image_width=\"1722\" data-large_image_height=\"1090\"><img loading=\"lazy\" decoding=\"async\" class=\"size-thumbnail wp-image-285903 alignleft\" src=\"https:\/\/www.radiopiu.net\/wordpress\/wp-content\/uploads\/2022\/07\/ELETTROCARDIOGRAMMA-150x150.png\" alt=\"\" width=\"150\" height=\"150\" \/><\/a>BELLUNO <\/strong>Grazie al sistema di refertazione che consente la trasmissione in rete degli elettrocardiogrammi, sono oltre 2.500 \u00a0gli esami refertati in remoto nei primi sei mesi del 2022, indipendentemente dalla sede di esecuzione dell\u2019esame, per una diagnosi pi\u00f9 rapida 24 ore su 24, 7 giorni su 7.\u00a0 In Ulss Dolomiti \u00e8 attiva anche la refertazione urgente dell\u2019ECG eseguito in ambulanza o a domicilio del paziente e trasmesso via rete GSM in all\u2019Unit\u00e0 Coronarica.\u00a0 Nel frattempo, i professionisti predispongono la sala di emodinamica per l\u2019intervento. Questo garantisce una significativa riduzione dei tempi di intervento, soprattutto per le persone residenti nei territori pi\u00f9 distanti. Il numero mensile degli ECG teletrasmessi dalle ambulanze \u00e8 in costante aumento: dai 20 ECG al mese inviati a gennaio 2022, ai circa 35 registrati a maggio e a giugno 2022.<\/p>\n<p>&nbsp;<\/p>\n<hr \/>\n<p>&nbsp;<\/p>\n<blockquote>\n<h3>DUE DONNE BELLUNESI AL COMANDO DELLA FEDERAZIONE BANCARI DELLA CISL<\/h3>\n<\/blockquote>\n<p><strong><a class=\"dt-pswp-item\" href=\"https:\/\/www.radiopiu.net\/wordpress\/wp-content\/uploads\/2022\/07\/nuova-segreteria-FIRST-scaled.jpg\" data-dt-img-description=\"\" data-large_image_width=\"2560\" data-large_image_height=\"1920\"><img loading=\"lazy\" decoding=\"async\" class=\"wp-image-285945 alignleft\" src=\"https:\/\/www.radiopiu.net\/wordpress\/wp-content\/uploads\/2022\/07\/nuova-segreteria-FIRST-150x150.jpg\" alt=\"\" width=\"179\" height=\"179\" \/><\/a>BELLUNO_TREVISO<\/strong> Antonella Primizia, 42 anni si Sedico, dipendente di Banca Monte dei Paschi di Siena della filiale di Belluno \u00e8 la nuova segretaria generale della First Belluno Treviso, la federazione della Cisl che rappresenta e tutela i lavoratori delle banche. Insieme a lei \u00e8 stata eletta Lucia Gris, 48 anni, gestore Aziende Retail alla filiale di Feltre di Intesa San Paolo, attivista sindacale aziendale e territoriale dal 2009. Confermato infine il trevigiano Renzo Pastrello.\u00a0 Valeriana Pistore, componente della segreteria First del Veneto ha ringraziato il segretario uscente Giancarlo Cadamuro. \u00a0Massimiliano Paglini, il segretario generale della Cisl Belluno Treviso ha rimarcato l\u2019importanza e l\u2019orgoglio di avere una segreteria con maggioranza femminile.<\/p>\n<p>AI MICROFONI DI RADIOPIU ANTONELLA PRIMIZIA\u00a0nuova segretaria generale della First Cisl Belluno Treviso<\/p>\n<audio class=\"wp-audio-shortcode\" id=\"audio-285833-4\" preload=\"none\" style=\"width: 100%;\" controls=\"controls\"><source type=\"audio\/mpeg\" src=\"https:\/\/www.radiopiu.net\/wordpress\/wp-content\/uploads\/2022\/07\/PATRIZIA-CISL.mp3?_=4\" \/><a href=\"https:\/\/www.radiopiu.net\/wordpress\/wp-content\/uploads\/2022\/07\/PATRIZIA-CISL.mp3\">https:\/\/www.radiopiu.net\/wordpress\/wp-content\/uploads\/2022\/07\/PATRIZIA-CISL.mp3<\/a><\/audio>\n<p>&nbsp;<\/p>\n<hr \/>\n<p>&nbsp;<\/p>\n<blockquote>\n<h3>OSCAR TISON TRA I VINCITORI DEL PREMIO LETTERARIO &#8220;RACCONTI NELLA RETE&#8221;<\/h3>\n<p><em>Tra i 25 vincitori del premio letterario Racconti nella rete c&#8217;\u00e8 un autore bellunese. La porta in fondo al corridoio \u00e8 il titolo dello scritto di Oscar Tison (nella foto), selezionato dalla giuria tecnica dell&#8217;edizione numero 21 della rassegna: il racconto sar\u00e0 quindi inserito nella nuova antologia del Premio edita da Castelvecchi. I vincitori saranno premiati a Lucca<\/em><\/p><\/blockquote>\n<p><span style=\"font-size: medium;\"><a class=\"dt-pswp-item\" href=\"https:\/\/www.radiopiu.net\/wordpress\/wp-content\/uploads\/2022\/07\/sssss.jpg\" data-dt-img-description=\"\" data-large_image_width=\"557\" data-large_image_height=\"400\"><img loading=\"lazy\" decoding=\"async\" class=\"size-thumbnail wp-image-286003 alignleft\" src=\"https:\/\/www.radiopiu.net\/wordpress\/wp-content\/uploads\/2022\/07\/sssss-150x150.jpg\" alt=\"\" width=\"150\" height=\"150\" \/><\/a>La giuria tecnica della 21^ edizione del premio letterario \u201cRacconti nella Rete\u201d ha selezionato i venticinque racconti che saranno inseriti nella nuova antologia del Premio edita da Castelvecchi.\u00a0<\/span>\u201cComplimenti ai vincitori\u201d \u2013\u00a0<em>dal presidente Demetrio Brandi<\/em> \u2013 \u201ce un sincero ringraziamento a tutti gli autori che hanno partecipato con entusiasmo a questa ventunesima edizione, contribuendo con la qualit\u00e0 delle loro opere a far crescere ulteriormente il nostro concorso\u201d.\u00a0\u00a0I vincitori saranno premiati a Lucca in occasione della 28^ edizione del festival LuccAutori, in programma dal 17 settembre al 2 ottobre 2022 alla Biblioteca Agor\u00e0, Palazzo Bernardini, Isi Barga e Villa Bottini.\u00a0 Nelle giornate di sabato 1 e domenica 2 ottobre, in programma a Villa Bottini, alla presenza degli autori vincitori del premio, sar\u00e0 presentata in anteprima la nuova antologia contenente i racconti selezionati.\u00a0 \u00a0Il disegno di copertina \u00e8 stato realizzato dal\u00a0disegnatore umoristico\u00a0Milko Dalla Battista.\u00a0Il\u00a0premio Budu\u00e0r\u00a0per il miglior racconto umoristico \u00e8 stato assegnato a Chiara Pardini per il racconto \u201cFesta di compleanno\u201d, mentre il\u00a0premio AIDR (Associazione Italiana Digital Revolution) al vincitore pi\u00f9 giovane, Alessio Manfredi Selvaggi, per il racconto \u201cDiverso da chi?\u201d.<\/p>\n<div>\n<blockquote>\n<p align=\"JUSTIFY\"><i><span style=\"font-family: Liberation Serif, Times New Roman, serif;\"><span style=\"font-size: medium;\">Oscar Tison v<\/span><\/span><\/i><span style=\"font-family: Liberation Serif, Times New Roman, serif;\"><span style=\"font-size: medium;\"><i><span style=\"font-family: Liberation Serif, Times New Roman, serif;\">ive in un paesino immerso nel silenzio delle Dolomiti<\/span><\/i><i>. Ama due cose: scrivere e viaggiare. Scrive racconti e poesie fin da giovanissimo e, aiutato e stimolato da scrittori e poeti che ha avuto la fortuna di poter frequentare, quali Ugo Fasolo e Milena Milani, non ha mai smesso.<\/i><\/span><\/span><\/p>\n<\/blockquote>\n<p>&nbsp;<\/p>\n<\/div>\n<p>&nbsp;<\/p>\n<hr \/>\n<p>&nbsp;<\/p>\n<blockquote>\n<h3><strong>APERTURA SENTIERI 2022, A LIMANA PARTECIPANO OLTRE 60 VOLONTARI<\/strong><\/h3>\n<\/blockquote>\n<p><strong><a class=\"dt-pswp-item\" href=\"https:\/\/www.radiopiu.net\/wordpress\/wp-content\/uploads\/2022\/07\/casermetta-3.jpg\" data-dt-img-description=\"\" data-large_image_width=\"1380\" data-large_image_height=\"1035\"><img loading=\"lazy\" decoding=\"async\" class=\"size-thumbnail wp-image-285910 alignleft\" src=\"https:\/\/www.radiopiu.net\/wordpress\/wp-content\/uploads\/2022\/07\/casermetta-3-150x150.jpg\" alt=\"\" width=\"150\" height=\"150\" \/><\/a>LIMANA <\/strong>\u201cUn grande grazie, di cuore, a tutti\u201d. \u00c8 questo il pensiero che il Sindaco di Limana, Milena de Zanet, rivolge alle decine di volontari accorsi alla consueta giornata dedicata all\u2019apertura, alla pulizia ed alla sistemazione dei sentieri del Comune di Limana. A coordinare uomini, mezzi ed interventi, Ivo Gasperin e Valentino Lunardi per i gruppi di Protezione Civile ed Alpini; Manolo Cibien per la Riserva Alpina di Caccia. Hanno inoltre preso parte ai lavori volontari dell\u2019associazione Pro Loco e di vari gruppi Frazionali, di societ\u00e0 sportive e liberi cittadini persino da altri comuni: tutti accorsi, come ogni anno, per prendersi cura del territorio, in particolare per la sua fruizione turistica e ricreativa. &#8220;<em>L\u2019appuntamento di domenica \u00e8 stato particolarmente partecipato e, soprattutto, molto proficuo dal punto di vista dei lavori effettuati.\u201d, commenta Alex Segat, Assessore all\u2019Ambiente e al Patrimonio Forestale.\u00a0<\/em><\/p>\n\n\t\t\t<style type='text\/css'>\n\t\t\t\t#gallery-4 {\n\t\t\t\t\tmargin: auto;\n\t\t\t\t}\n\t\t\t\t#gallery-4 .gallery-item {\n\t\t\t\t\tfloat: left;\n\t\t\t\t\tmargin-top: 10px;\n\t\t\t\t\ttext-align: center;\n\t\t\t\t\twidth: 33%;\n\t\t\t\t}\n\t\t\t\t#gallery-4 img {\n\t\t\t\t\tborder: 2px solid #cfcfcf;\n\t\t\t\t}\n\t\t\t\t#gallery-4 .gallery-caption {\n\t\t\t\t\tmargin-left: 0;\n\t\t\t\t}\n\t\t\t\t\/* see gallery_shortcode() in wp-includes\/media.php *\/\n\t\t\t<\/style>\n\t\t<div id='gallery-4' class='dt-gallery-container gallery galleryid-285833 gallery-columns-3 gallery-size-thumbnail'><dl class='gallery-item'>\n\t\t\t\t<dt class='gallery-icon portrait'>\n\t\t\t\t\t<a class=\"rollover rollover-zoom dt-pswp-item\" title=\"WhatsApp Image 2022-07-06 at 09.58.22\" data-dt-img-description=\"\" data-large_image_width=\"899\" data-large_image_height=\"1599\"href='https:\/\/www.radiopiu.net\/wordpress\/wp-content\/uploads\/2022\/07\/WhatsApp-Image-2022-07-06-at-09.58.22.jpeg'><img loading=\"lazy\" decoding=\"async\" width=\"150\" height=\"150\" src=\"https:\/\/www.radiopiu.net\/wordpress\/wp-content\/uploads\/2022\/07\/WhatsApp-Image-2022-07-06-at-09.58.22-150x150.jpeg\" class=\"attachment-thumbnail size-thumbnail\" alt=\"\" \/><\/a>\n\t\t\t\t<\/dt><\/dl><dl class='gallery-item'>\n\t\t\t\t<dt class='gallery-icon portrait'>\n\t\t\t\t\t<a class=\"rollover rollover-zoom dt-pswp-item\" title=\"WhatsApp Image 2022-07-06 at 09.58.31\" data-dt-img-description=\"\" data-large_image_width=\"1152\" data-large_image_height=\"2048\"href='https:\/\/www.radiopiu.net\/wordpress\/wp-content\/uploads\/2022\/07\/WhatsApp-Image-2022-07-06-at-09.58.31.jpeg'><img loading=\"lazy\" decoding=\"async\" width=\"150\" height=\"150\" src=\"https:\/\/www.radiopiu.net\/wordpress\/wp-content\/uploads\/2022\/07\/WhatsApp-Image-2022-07-06-at-09.58.31-150x150.jpeg\" class=\"attachment-thumbnail size-thumbnail\" alt=\"\" \/><\/a>\n\t\t\t\t<\/dt><\/dl><dl class='gallery-item'>\n\t\t\t\t<dt class='gallery-icon landscape'>\n\t\t\t\t\t<a class=\"rollover rollover-zoom dt-pswp-item\" title=\"casermetta 5\" data-dt-img-description=\"\" data-large_image_width=\"1380\" data-large_image_height=\"1035\"href='https:\/\/www.radiopiu.net\/wordpress\/wp-content\/uploads\/2022\/07\/casermetta-5.jpg'><img loading=\"lazy\" decoding=\"async\" width=\"150\" height=\"150\" src=\"https:\/\/www.radiopiu.net\/wordpress\/wp-content\/uploads\/2022\/07\/casermetta-5-150x150.jpg\" class=\"attachment-thumbnail size-thumbnail\" alt=\"\" \/><\/a>\n\t\t\t\t<\/dt><\/dl><br style=\"clear: both\" \/>\n\t\t\t<\/div>\n\n<p>&nbsp;<\/p>\n<p>&nbsp;<\/p>\n<hr \/>\n<p>&nbsp;<\/p>\n<p>&nbsp;<\/p>\n<blockquote>\n<h3>DUE METRI DI TORTA PER I VOLONTARI DEI GIORNI DI VAIA<\/h3>\n<\/blockquote>\n<p><strong>PERAROLO<\/strong> La festa di oggi\u00a0 e stata organizzata dal Maestro pasticcere Beduschi e dall&#8217;Unione Montana Centro Cadore per ringraziare quanti si sono prodigati per risolvere i danni causati da Vaia a Caralte di Perarolo con la partecipazione delle Istituzioni e le Associazioni di volontariato di Protezione Civile. Per loro il maestro Beduschi ha preparato una torta alta pi\u00f9 di 2 metri.<\/p>\n<p><strong>DALLA REDAZIONE DI RADIO CLUB 103 BARBARA PAOLAZZI<\/strong><\/p>\n<audio class=\"wp-audio-shortcode\" id=\"audio-285833-5\" preload=\"none\" style=\"width: 100%;\" controls=\"controls\"><source type=\"audio\/mpeg\" src=\"https:\/\/www.radiopiu.net\/wordpress\/wp-content\/uploads\/2022\/07\/WhatsApp-Audio-2022-07-07-at-17.43.03.mp3?_=5\" \/><a href=\"https:\/\/www.radiopiu.net\/wordpress\/wp-content\/uploads\/2022\/07\/WhatsApp-Audio-2022-07-07-at-17.43.03.mp3\">https:\/\/www.radiopiu.net\/wordpress\/wp-content\/uploads\/2022\/07\/WhatsApp-Audio-2022-07-07-at-17.43.03.mp3<\/a><\/audio>\n<p>&nbsp;<\/p>\n\n\t\t\t<style type='text\/css'>\n\t\t\t\t#gallery-5 {\n\t\t\t\t\tmargin: auto;\n\t\t\t\t}\n\t\t\t\t#gallery-5 .gallery-item {\n\t\t\t\t\tfloat: left;\n\t\t\t\t\tmargin-top: 10px;\n\t\t\t\t\ttext-align: center;\n\t\t\t\t\twidth: 25%;\n\t\t\t\t}\n\t\t\t\t#gallery-5 img {\n\t\t\t\t\tborder: 2px solid #cfcfcf;\n\t\t\t\t}\n\t\t\t\t#gallery-5 .gallery-caption {\n\t\t\t\t\tmargin-left: 0;\n\t\t\t\t}\n\t\t\t\t\/* see gallery_shortcode() in wp-includes\/media.php *\/\n\t\t\t<\/style>\n\t\t<div id='gallery-5' class='dt-gallery-container gallery galleryid-285833 gallery-columns-4 gallery-size-thumbnail'><dl class='gallery-item'>\n\t\t\t\t<dt class='gallery-icon landscape'>\n\t\t\t\t\t<a class=\"rollover rollover-zoom dt-pswp-item\" title=\"6863631b-0c4f-485a-a03e-276b8cf090b5\" data-dt-img-description=\"\" data-large_image_width=\"2000\" data-large_image_height=\"1125\"href='https:\/\/www.radiopiu.net\/wordpress\/wp-content\/uploads\/2022\/07\/6863631b-0c4f-485a-a03e-276b8cf090b5.jpg'><img loading=\"lazy\" decoding=\"async\" width=\"150\" height=\"150\" src=\"https:\/\/www.radiopiu.net\/wordpress\/wp-content\/uploads\/2022\/07\/6863631b-0c4f-485a-a03e-276b8cf090b5-150x150.jpg\" class=\"attachment-thumbnail size-thumbnail\" alt=\"\" \/><\/a>\n\t\t\t\t<\/dt><\/dl><dl class='gallery-item'>\n\t\t\t\t<dt class='gallery-icon portrait'>\n\t\t\t\t\t<a class=\"rollover rollover-zoom dt-pswp-item\" title=\"a15498bd-9207-4bc4-a67c-b607c8c146e2\" data-dt-img-description=\"\" data-large_image_width=\"1125\" data-large_image_height=\"2000\"href='https:\/\/www.radiopiu.net\/wordpress\/wp-content\/uploads\/2022\/07\/a15498bd-9207-4bc4-a67c-b607c8c146e2.jpg'><img loading=\"lazy\" decoding=\"async\" width=\"150\" height=\"150\" src=\"https:\/\/www.radiopiu.net\/wordpress\/wp-content\/uploads\/2022\/07\/a15498bd-9207-4bc4-a67c-b607c8c146e2-150x150.jpg\" class=\"attachment-thumbnail size-thumbnail\" alt=\"\" \/><\/a>\n\t\t\t\t<\/dt><\/dl><dl class='gallery-item'>\n\t\t\t\t<dt class='gallery-icon portrait'>\n\t\t\t\t\t<a class=\"rollover rollover-zoom dt-pswp-item\" title=\"2815af24-7f8d-4d0b-9096-928750f429c3\" data-dt-img-description=\"\" data-large_image_width=\"1125\" data-large_image_height=\"2000\"href='https:\/\/www.radiopiu.net\/wordpress\/wp-content\/uploads\/2022\/07\/2815af24-7f8d-4d0b-9096-928750f429c3.jpg'><img loading=\"lazy\" decoding=\"async\" width=\"150\" height=\"150\" src=\"https:\/\/www.radiopiu.net\/wordpress\/wp-content\/uploads\/2022\/07\/2815af24-7f8d-4d0b-9096-928750f429c3-150x150.jpg\" class=\"attachment-thumbnail size-thumbnail\" alt=\"\" \/><\/a>\n\t\t\t\t<\/dt><\/dl><dl class='gallery-item'>\n\t\t\t\t<dt class='gallery-icon landscape'>\n\t\t\t\t\t<a class=\"rollover rollover-zoom dt-pswp-item\" title=\"b0ecf1a3-8906-4efc-bc7c-fbe03294e2a9\" data-dt-img-description=\"\" data-large_image_width=\"2000\" data-large_image_height=\"1125\"href='https:\/\/www.radiopiu.net\/wordpress\/wp-content\/uploads\/2022\/07\/b0ecf1a3-8906-4efc-bc7c-fbe03294e2a9.jpg'><img loading=\"lazy\" decoding=\"async\" width=\"150\" height=\"150\" src=\"https:\/\/www.radiopiu.net\/wordpress\/wp-content\/uploads\/2022\/07\/b0ecf1a3-8906-4efc-bc7c-fbe03294e2a9-150x150.jpg\" class=\"attachment-thumbnail size-thumbnail\" alt=\"\" \/><\/a>\n\t\t\t\t<\/dt><\/dl><br style=\"clear: both\" \/>\n\t\t\t<\/div>\n\n<p>&nbsp;<\/p>\n<p>&nbsp;<\/p>\n<p>&nbsp;<\/p>\n<p>&nbsp;<\/p>\n<hr \/>\n<p>&nbsp;<\/p>\n<blockquote>\n<h3><a class=\"dt-pswp-item\" href=\"https:\/\/www.radiopiu.net\/wordpress\/wp-content\/uploads\/2022\/07\/WhatsApp-Image-2022-07-04-at-21.19.57.jpeg\" data-dt-img-description=\"\" data-large_image_width=\"1600\" data-large_image_height=\"1131\"><img loading=\"lazy\" decoding=\"async\" class=\"wp-image-285495 alignleft\" src=\"https:\/\/www.radiopiu.net\/wordpress\/wp-content\/uploads\/2022\/07\/WhatsApp-Image-2022-07-04-at-21.19.57-150x150.jpeg\" alt=\"\" width=\"106\" height=\"106\" \/><\/a>RITORNA AD AGORDO &#8220;ARTISTI IN VETRINA&#8221;<\/h3>\n<\/blockquote>\n<p>&nbsp;<\/p>\n<p><strong>CHIARA FONTANIVE, ASSESSORE DEL COMUNE DI AGORDO<\/strong><\/p>\n<audio class=\"wp-audio-shortcode\" id=\"audio-285833-6\" preload=\"none\" style=\"width: 100%;\" controls=\"controls\"><source type=\"audio\/mpeg\" src=\"https:\/\/www.radiopiu.net\/wordpress\/wp-content\/uploads\/2022\/07\/CHIARA-FONTA.mp3?_=6\" \/><a href=\"https:\/\/www.radiopiu.net\/wordpress\/wp-content\/uploads\/2022\/07\/CHIARA-FONTA.mp3\">https:\/\/www.radiopiu.net\/wordpress\/wp-content\/uploads\/2022\/07\/CHIARA-FONTA.mp3<\/a><\/audio>\n<p>&nbsp;<\/p>\n<p>&nbsp;<\/p>\n<p>&nbsp;<\/p>\n<hr \/>\n<p>&nbsp;<\/p>\n<blockquote>\n<h3>TRE GIORNI DI INCONTRI IN VILLA SAN FRANCESCO CON L&#8217;AIA<\/h3>\n<\/blockquote>\n<p><strong>PEDAVENA<\/strong> I componenti del Comitato Nazionale dell\u2019AIA con il presidente Alfredo Trentalange ritornano in Comunit\u00e0 di Villa san Francesco nei giorni 8-9-10 luglio 2022. Domani alle 18 presso la sala riunioni della Casa Emmaus in Facen di Pedavena vi sar\u00e0 la consegna da parte dell\u2019AIA di un sasso simbolo preso in Assisi per la costruzione del Ponte della Parola nato dal tema educativo annuale.\u00a0 Presenzieranno il designatore CAN Gianluca Rocchi e l\u2019arbitro internazionale Daniele Orsato che sar\u00e0 impegnato nel campionato del mondo FIFA in Qatar.<\/p>\n<p>&nbsp;<\/p>\n<p>&nbsp;<\/p>\n<hr \/>\n<p>&nbsp;<\/p>\n<blockquote>\n<h3>300 POSTI IN POLIZIA<\/h3>\n<\/blockquote>\n<p><strong>BELLUNO <\/strong>Nella Gazzetta Ufficiali sono stati pubblicati i bandi dei concorsi pubblici per la copertura di 192 posti di vice ispettore tecnico nel settore telematico e per 100 posti di vice ispettore tecnico nel settore accasermamento.<\/p>\n<p>&nbsp;<\/p>\n<hr \/>\n<p>&nbsp;<\/p>\n<blockquote>\n<h3>TORNA POTABILE L&#8217;ACQUA A SAN TOMASO E LIVINALLONGO<\/h3>\n<\/blockquote>\n<p><a class=\"dt-pswp-item\" href=\"https:\/\/www.radiopiu.net\/wordpress\/wp-content\/uploads\/2021\/09\/BICCHIERE-ACQUA.jpg\" data-dt-img-description=\"\" data-large_image_width=\"1920\" data-large_image_height=\"1280\"><img loading=\"lazy\" decoding=\"async\" class=\" wp-image-234651 alignleft\" src=\"https:\/\/www.radiopiu.net\/wordpress\/wp-content\/uploads\/2021\/09\/BICCHIERE-ACQUA-150x150.jpg\" alt=\"\" width=\"67\" height=\"67\" \/><\/a>Gestione Servizi Pubblici informa che a SAN TOMASO AGORDINO nelle localit\u00e0 CELAT,CHIEA,TOCOL, FONTANELLE e COL ZARESE l&#8217;acqua erogata dall&#8217;acquedotto \u00e8 di nuovo potabile e pu\u00f2 essere usata, quindi, per scopi alimentari. Stesso discorso anche a LIVINALLONGO DEL COL DI LANA nelle localit\u00e0 AL FAURO, CREPAZ, RENAZ, RUAZ, PEZZEI, S. GIOVANNI e FOSSAL.<\/p>\n<p>&nbsp;<\/p>\n<p>&nbsp;<\/p>\n<hr \/>\n<p>&nbsp;<\/p>\n<blockquote>\n<h3>DILLO A RADIO PIU&#8230; CHI ARRIVA A CAVIOLA DIMENTICA IL SIGNIFICATO DELLO STOP<\/h3>\n<\/blockquote>\n<p><strong>FALCADE<\/strong> Da Rodolfo Pellegrinon riceviamo e volentieri pubblichiamo una segnalazione da Caviola<\/p>\n<p>&nbsp;<\/p>\n<div><span style=\"font-size: x-large;\"><em><span style=\"font-size: medium;\"><a class=\"dt-pswp-item\" href=\"https:\/\/www.radiopiu.net\/wordpress\/wp-content\/uploads\/2022\/07\/f93eb21a-f8b8-4b7c-b3d9-cf44a8b90be9.jpg\" data-dt-img-description=\"\" data-large_image_width=\"2016\" data-large_image_height=\"1512\"><img loading=\"lazy\" decoding=\"async\" class=\"wp-image-286009 size-medium alignleft\" src=\"https:\/\/www.radiopiu.net\/wordpress\/wp-content\/uploads\/2022\/07\/f93eb21a-f8b8-4b7c-b3d9-cf44a8b90be9-300x225.jpg\" alt=\"\" width=\"300\" height=\"225\" srcset=\"https:\/\/www.radiopiu.net\/wordpress\/wp-content\/uploads\/2022\/07\/f93eb21a-f8b8-4b7c-b3d9-cf44a8b90be9-300x225.jpg 300w, https:\/\/www.radiopiu.net\/wordpress\/wp-content\/uploads\/2022\/07\/f93eb21a-f8b8-4b7c-b3d9-cf44a8b90be9-1024x768.jpg 1024w, https:\/\/www.radiopiu.net\/wordpress\/wp-content\/uploads\/2022\/07\/f93eb21a-f8b8-4b7c-b3d9-cf44a8b90be9-768x576.jpg 768w, https:\/\/www.radiopiu.net\/wordpress\/wp-content\/uploads\/2022\/07\/f93eb21a-f8b8-4b7c-b3d9-cf44a8b90be9-1536x1152.jpg 1536w, https:\/\/www.radiopiu.net\/wordpress\/wp-content\/uploads\/2022\/07\/f93eb21a-f8b8-4b7c-b3d9-cf44a8b90be9.jpg 2016w\" sizes=\"auto, (max-width: 300px) 100vw, 300px\" \/><\/a>Abito a Falcade, esattamente sull\u2019incrocio della Comunale proveniente da Caviola che si innesta sulla regionale. Naturalmente gli automobilisti che provengono da Caviola devono rispettare lo STOP che \u00e8 segnalato sia in maniera orizzontale che verticale. Numerosi automobilisti non rispettano il segnale di STOP e molte volte evitano per un caso dei paurosi incidenti. Ieri ho voluto, dal mio balcone, verificare tale inadempienza. In due ore sono transitati 112 autoveicoli dei quali: 76 si sono regolarmente fermati e gli altri 36 hanno proseguito come avessero loro la precedenza ( tra questi pure degli autobus). L\u2019artico 145 del Codice della Strada parla chiaro: se l\u2019infrazione \u00e8 commessa tra le ore 07,00 e le ore 22,00 la sanzione va da \u20ac 163 a \u20ac 651, se invece viene commessa tra le 22,00 e le 07,00 va da \u20ac 217,00 a \u20ac 868,00. Naturalmente in ambi i casi come penalit\u00e0 accessoria c\u2019\u00e8 pure la decurtazione di 6 punti della patente. Sono convinto che molti automobilisti non conoscano il significato della parola \u201cSTOP\u201d o lo confondano con il segnale di \u201cdare la precedenza\u201d ( che non prevede la fermata obbligatoria). Penso che le Forze dell\u2019Ordine operanti sul territorio dovrebbero indirizzare i loro servizi di prevenzione e, se nel caso,di repressione anche per questi casi\u00a0 di violazione al Codice della Strada.<\/span><\/em><\/span><\/div>\n<div><span style=\"font-size: x-large;\"><em><span style=\"font-size: medium;\">Rodolfo Pellegrinon<\/span><\/em><\/span><\/div>\n<p>&nbsp;<\/p>\n<p>&nbsp;<\/p>\n<hr \/>\n<p>&nbsp;<\/p>\n<blockquote>\n<h3>L\u2019APPLICAZIONE DELL\u2019AVANZO DI AMMINISTRAZIONE<\/h3>\n<\/blockquote>\n<p><strong>DI GIANNI SANTOMASO<\/strong><\/p>\n<audio class=\"wp-audio-shortcode\" id=\"audio-285833-7\" preload=\"none\" style=\"width: 100%;\" controls=\"controls\"><source type=\"audio\/mpeg\" src=\"https:\/\/www.radiopiu.net\/wordpress\/wp-content\/uploads\/2022\/07\/comune-voltago-gianni.mp3?_=7\" \/><a href=\"https:\/\/www.radiopiu.net\/wordpress\/wp-content\/uploads\/2022\/07\/comune-voltago-gianni.mp3\">https:\/\/www.radiopiu.net\/wordpress\/wp-content\/uploads\/2022\/07\/comune-voltago-gianni.mp3<\/a><\/audio>\n<p><strong>VOLTAGO<\/strong> Il sindaco di Voltago Giuseppe Schena ha convocato i consiglieri per oggi alle 18 in Municipio. All\u2019ordine del giorno l\u2019interpellanza di Francesca Della Lucia in merito alla riunione sulle scuole del Poi. Dopo l\u2019approvazione dello statuto dell\u2019Azienda Speciale Consortile Agordina il voto sull\u2019applicazione dell\u2019avanzo di amministrazione e l\u2019approvazione del rendiconto 2021.<\/p>\n<p>&nbsp;<\/p>\n<hr \/>\n<blockquote>\n<h3><\/h3>\n<h3>I PUNTI ALL&#8217;ORDINE DEL GIORNO RADDOPPIANO CON LE TRE INTERROGAZIONI DELLA MINORANZA<\/h3>\n<\/blockquote>\n<p><strong>ROCCA PIETORE<\/strong> Martedi alle 19 consiglio comunale convocato dal sindaco Andrea De Bernardin che porta all&#8217;attenzione dei consiglieri il rendinconto 2021, la variazione al bilancio e lo statuto dell&#8217;azienda speciale consortile e la convenzione con il Comune di Livinallongo per le funzioni di segreteria comunale. La minoranza &#8220;Uniti per la montagna&#8221; interroga: 1) i lavori di sistemazione dei cimiteri sono stati appaltati? E quelli dei marciapiedi comunali? L&#8217;opposizione chiede lumi sulle transenne presenti tra Viale Dolomiti e la nuova strada di Boscoverde. La minoranza vuole conoscere la situazione dei confini della Marmolada e la situazione dell&#8217;uso civico, infine interrogazione sul ponte Ru de Forzelet per capire a chi spetti la pulizia della zona e a chi la ricostruzione dei marciapiedi.<\/p>\n<p>&nbsp;<\/p>\n<hr \/>\n<blockquote>\n<h3><\/h3>\n<h3>IN CONSIGLIO COMUNALE LA CONCESSIONE DEI CONTRIBUTI STATALI<\/h3>\n<\/blockquote>\n<p><strong>\u00a0TAIBON<\/strong> Mercoledi 13 luglio alle 18.30 il consiglio comunale convocato dal sindaco Silvia Tormen prevede all&#8217;ordine del giorno le variazioni al bilancio,\u00a0 concessione del contributo statale e comunicazioni del primo cittadino<\/p>\n<p>&nbsp;<\/p>\n<p>&nbsp;<\/p>\n<hr \/>\n<p>&nbsp;<\/p>\n<blockquote>\n<h3>GALLERIA DI SEGUSINO CHIUSA PER 4 MESI<\/h3>\n<\/blockquote>\n<p><strong><a class=\"dt-pswp-item\" href=\"https:\/\/www.radiopiu.net\/wordpress\/wp-content\/uploads\/2020\/05\/VENETO-STRADE.png\" data-dt-img-description=\"\" data-large_image_width=\"400\" data-large_image_height=\"400\"><img loading=\"lazy\" decoding=\"async\" class=\" wp-image-135574 alignleft\" src=\"https:\/\/www.radiopiu.net\/wordpress\/wp-content\/uploads\/2020\/05\/VENETO-STRADE-150x150.png\" alt=\"\" width=\"102\" height=\"102\" srcset=\"https:\/\/www.radiopiu.net\/wordpress\/wp-content\/uploads\/2020\/05\/VENETO-STRADE-150x150.png 150w, https:\/\/www.radiopiu.net\/wordpress\/wp-content\/uploads\/2020\/05\/VENETO-STRADE-300x300.png 300w, https:\/\/www.radiopiu.net\/wordpress\/wp-content\/uploads\/2020\/05\/VENETO-STRADE.png 400w\" sizes=\"auto, (max-width: 102px) 100vw, 102px\" \/><\/a> <\/strong><\/p>\n<p><strong>\u00a0<\/strong><\/p>\n<p><strong>SEDICO<\/strong> Veneto Strade comunica che sulla SP 1 Bis &#8220;Madonna del Piave&#8221;, dal 12 luglio e fino al 4 novembre, compresi sabati domeniche e festivi infrasettimanali, un&#8217;interdizione totale al transito per l&#8217;intera tratta della galleria di Segusino in seguito a dei lavori per messa in sicurezza della condotta acquedottistica<\/p>\n<p>&nbsp;<\/p>\n<hr \/>\n<p>&nbsp;<\/p>\n<blockquote>\n<h3>MAPPATI E PUBBLICATI 14 NUOVI PERCORSI ACCESSIBILI<\/h3>\n<\/blockquote>\n<p><strong><a class=\"dt-pswp-item\" href=\"https:\/\/www.radiopiu.net\/wordpress\/wp-content\/uploads\/2022\/07\/IMG20210809114933-scaled.jpg\" data-dt-img-description=\"\" data-large_image_width=\"1920\" data-large_image_height=\"2560\"><img loading=\"lazy\" decoding=\"async\" class=\"size-thumbnail wp-image-285954 alignleft\" src=\"https:\/\/www.radiopiu.net\/wordpress\/wp-content\/uploads\/2022\/07\/IMG20210809114933-150x150.jpg\" alt=\"\" width=\"150\" height=\"150\" \/><\/a>BELLUNO\u00a0<\/strong><span id=\"page3R_mcid5\" class=\"markedContent\"><span dir=\"ltr\" role=\"presentation\"> Il progetto \u201cLa montagna per tutti<\/span><span dir=\"ltr\" role=\"presentation\">.<\/span> <span dir=\"ltr\" role=\"presentation\">Accessibilit\u00e0 <\/span><span dir=\"ltr\" role=\"presentation\">e inclusione sui sentieri della Valbell<\/span><span dir=\"ltr\" role=\"presentation\">una e nei fondivalle dolomitici.\u201d nasce dalle esperienze dell\u2019ASD Sport <\/span><span dir=\"ltr\" role=\"presentation\">ASSI di Davide Giozet e dall\u2019ASS<\/span><span dir=\"ltr\" role=\"presentation\">I<\/span> <span dir=\"ltr\" role=\"presentation\">Associazione Sociale Sportiva Invalidi APS Onlus di Oscar De Pellegrin. Per <\/span><span dir=\"ltr\" role=\"presentation\">due anni i<\/span> <span dir=\"ltr\" role=\"presentation\">volontari<\/span><span dir=\"ltr\" role=\"presentation\">, con e senza disabilit\u00e0,<\/span> <span dir=\"ltr\" role=\"presentation\">hanno esplorato ogni angolo della Provincia di Belluno fino ad <\/span><span dir=\"ltr\" role=\"presentation\">individuare 14 percorsi accessibili, per tutti<\/span><span dir=\"ltr\" role=\"presentation\">, suddivisi per grado d<\/span><span dir=\"ltr\" role=\"presentation\">i difficolt\u00e0<\/span><span dir=\"ltr\" role=\"presentation\">.<\/span> <span dir=\"ltr\" role=\"presentation\">Dal Feltrino, alla Val Visdende, <\/span><span dir=\"ltr\" role=\"presentation\">dall\u2019Alpago all\u2019Agordino, dalla Valbelluna al Cadore.<\/span> <span dir=\"ltr\" role=\"presentation\">In questa iniziativa ha creduto Cortina Banca,<\/span> <span dir=\"ltr\" role=\"presentation\">sostenendo <\/span><span dir=\"ltr\" role=\"presentation\">la pubblicazione di una brochure che raccoglie le descrizioni degli itinerari mappati e tutte le<\/span> <span dir=\"ltr\" role=\"presentation\">informazioni <\/span><span dir=\"ltr\" role=\"presentation\">utili per percorrerli, \u00e8 in distribuzione negli uffici turistici. <\/span><\/span><span id=\"page3R_mcid6\" class=\"markedContent\"><em><span dir=\"ltr\" role=\"presentation\">\u201cSiamo convinti\u201d, afferma Davide Giozet che \u201cm<\/span><span dir=\"ltr\" role=\"presentation\">appare percorsi accessibili e garantire una corret<\/span><span dir=\"ltr\" role=\"presentation\">ta <\/span><\/em><em><span dir=\"ltr\" role=\"presentation\">inform<\/span><span dir=\"ltr\" role=\"presentation\">azione e promozione consenta<\/span> <span dir=\"ltr\" role=\"presentation\">da un lato di permettere a sempre pi\u00f9 persone con disabilit\u00e0, anche <\/span><\/em><em><span dir=\"ltr\" role=\"presentation\">gravi, di beneficiare di esperienze significative nel tempo libero e a contatto con la natura e dall\u2019altro di<\/span><\/em><br role=\"presentation\" \/><em><span dir=\"ltr\" role=\"presentation\">valorizzare una parte significativa del<\/span> <span dir=\"ltr\" role=\"presentation\">territorio provinciale, portando maggior<\/span><span dir=\"ltr\" role=\"presentation\">e afflusso turistico.\u201d<\/span><\/em><\/span><span id=\"page3R_mcid7\" class=\"markedContent\"><br role=\"presentation\" \/><\/span><\/p>\n<p>&nbsp;<\/p>\n<hr \/>\n<p>&nbsp;<\/p>\n<blockquote>\n<h3>TURISMO SOCIALE E INCLUSIVO, AL VIA IL PROGETTO REGIONALE CON LA ULSS1<\/h3>\n<\/blockquote>\n<p><a class=\"dt-pswp-item\" href=\"https:\/\/www.radiopiu.net\/wordpress\/wp-content\/uploads\/2022\/07\/WhatsApp-Image-2022-07-07-at-15.40.00.jpeg\" data-dt-img-description=\"\" data-large_image_width=\"2048\" data-large_image_height=\"1536\"><img loading=\"lazy\" decoding=\"async\" class=\"size-thumbnail wp-image-285970 alignleft\" src=\"https:\/\/www.radiopiu.net\/wordpress\/wp-content\/uploads\/2022\/07\/WhatsApp-Image-2022-07-07-at-15.40.00-150x150.jpeg\" alt=\"\" width=\"150\" height=\"150\" \/><\/a><strong>BELLUNO<\/strong>\u00a0 Anche l\u2019Ulss Dolomiti ha partecipato all\u2019avvio ufficiale del progetto regionale \u201cTurismo inclusivo\u201d che si \u00e8 tenuto ieri al Villaggio San Paolo a Cavallino Treporti. Grazie al progetto, ragazzi disabili di tutta la regione potranno provare per la prima volta esperienze lavorative seguiti dal personale delle aziende sanitarie. Per alcuni di loro si concretizzer\u00e0 anche l\u2019opportunit\u00e0 di poter vivere un\u2019autonomia abitativa e, in alcuni casi, potrebbe profilarsi l\u2019assunzione a tempo indeterminato. Sindaci, datori di lavoro, imprenditori del turismo, inoltre, attiveranno iniziative di inclusivit\u00e0 ed accessibilit\u00e0 anche in ambito sportivo e nelle varie eccellenze turistiche del Veneto. Per il primo anno, il progetto coinvolger\u00e0 anche il territorio delle Dolomiti, dove \u00e8 stato individuato come partner il Comune di Cortina, che ha accettato di condividere questa progettualit\u00e0.<\/p>\n<p>&nbsp;<\/p>\n<hr \/>\n<p>&nbsp;<\/p>\n<blockquote>\n<h3>RIECCO IL CIRCO PATUFF<\/h3>\n<\/blockquote>\n<p><strong>CESIOMAGGIORE<\/strong> La nuova stagione del Circo Patuft riparte da Cesiomaggiore via Pradenich (impianto sportivo). Dal 15 al 24 luglio sar\u00e0 presentato lo spettacolo\u00a0 SO\u00d1AMBULA. Unica tappa nel bellunese.<\/p>\n\n\t\t\t<style type='text\/css'>\n\t\t\t\t#gallery-6 {\n\t\t\t\t\tmargin: auto;\n\t\t\t\t}\n\t\t\t\t#gallery-6 .gallery-item {\n\t\t\t\t\tfloat: left;\n\t\t\t\t\tmargin-top: 10px;\n\t\t\t\t\ttext-align: center;\n\t\t\t\t\twidth: 50%;\n\t\t\t\t}\n\t\t\t\t#gallery-6 img {\n\t\t\t\t\tborder: 2px solid #cfcfcf;\n\t\t\t\t}\n\t\t\t\t#gallery-6 .gallery-caption {\n\t\t\t\t\tmargin-left: 0;\n\t\t\t\t}\n\t\t\t\t\/* see gallery_shortcode() in wp-includes\/media.php *\/\n\t\t\t<\/style>\n\t\t<div id='gallery-6' class='dt-gallery-container gallery galleryid-285833 gallery-columns-2 gallery-size-medium'><dl class='gallery-item'>\n\t\t\t\t<dt class='gallery-icon landscape'>\n\t\t\t\t\t<a class=\"rollover rollover-zoom dt-pswp-item\" title=\"fdaba42c-ba86-42a5-9677-d342383955b9\" data-dt-img-description=\"\" data-large_image_width=\"2048\" data-large_image_height=\"1457\"href='https:\/\/www.radiopiu.net\/wordpress\/wp-content\/uploads\/2022\/07\/fdaba42c-ba86-42a5-9677-d342383955b9.jpg'><img loading=\"lazy\" decoding=\"async\" width=\"300\" height=\"213\" src=\"https:\/\/www.radiopiu.net\/wordpress\/wp-content\/uploads\/2022\/07\/fdaba42c-ba86-42a5-9677-d342383955b9-300x213.jpg\" class=\"attachment-medium size-medium\" alt=\"\" srcset=\"https:\/\/www.radiopiu.net\/wordpress\/wp-content\/uploads\/2022\/07\/fdaba42c-ba86-42a5-9677-d342383955b9-300x213.jpg 300w, https:\/\/www.radiopiu.net\/wordpress\/wp-content\/uploads\/2022\/07\/fdaba42c-ba86-42a5-9677-d342383955b9-1024x729.jpg 1024w, https:\/\/www.radiopiu.net\/wordpress\/wp-content\/uploads\/2022\/07\/fdaba42c-ba86-42a5-9677-d342383955b9-768x546.jpg 768w, https:\/\/www.radiopiu.net\/wordpress\/wp-content\/uploads\/2022\/07\/fdaba42c-ba86-42a5-9677-d342383955b9-1536x1093.jpg 1536w, https:\/\/www.radiopiu.net\/wordpress\/wp-content\/uploads\/2022\/07\/fdaba42c-ba86-42a5-9677-d342383955b9.jpg 2048w\" sizes=\"auto, (max-width: 300px) 100vw, 300px\" \/><\/a>\n\t\t\t\t<\/dt><\/dl><dl class='gallery-item'>\n\t\t\t\t<dt class='gallery-icon landscape'>\n\t\t\t\t\t<a class=\"rollover rollover-zoom dt-pswp-item\" title=\"a7e9afaa-9f08-4745-bfd4-4d1e25fd9a2f\" data-dt-img-description=\"\" data-large_image_width=\"1772\" data-large_image_height=\"1264\"href='https:\/\/www.radiopiu.net\/wordpress\/wp-content\/uploads\/2022\/07\/a7e9afaa-9f08-4745-bfd4-4d1e25fd9a2f.jpg'><img loading=\"lazy\" decoding=\"async\" width=\"300\" height=\"214\" src=\"https:\/\/www.radiopiu.net\/wordpress\/wp-content\/uploads\/2022\/07\/a7e9afaa-9f08-4745-bfd4-4d1e25fd9a2f-300x214.jpg\" class=\"attachment-medium size-medium\" alt=\"\" srcset=\"https:\/\/www.radiopiu.net\/wordpress\/wp-content\/uploads\/2022\/07\/a7e9afaa-9f08-4745-bfd4-4d1e25fd9a2f-300x214.jpg 300w, https:\/\/www.radiopiu.net\/wordpress\/wp-content\/uploads\/2022\/07\/a7e9afaa-9f08-4745-bfd4-4d1e25fd9a2f-1024x730.jpg 1024w, https:\/\/www.radiopiu.net\/wordpress\/wp-content\/uploads\/2022\/07\/a7e9afaa-9f08-4745-bfd4-4d1e25fd9a2f-768x548.jpg 768w, https:\/\/www.radiopiu.net\/wordpress\/wp-content\/uploads\/2022\/07\/a7e9afaa-9f08-4745-bfd4-4d1e25fd9a2f-1536x1096.jpg 1536w, https:\/\/www.radiopiu.net\/wordpress\/wp-content\/uploads\/2022\/07\/a7e9afaa-9f08-4745-bfd4-4d1e25fd9a2f.jpg 1772w\" sizes=\"auto, (max-width: 300px) 100vw, 300px\" \/><\/a>\n\t\t\t\t<\/dt><\/dl><br style=\"clear: both\" \/>\n\t\t\t<\/div>\n\n<hr \/>\n<p>&nbsp;<\/p>\n<blockquote>\n<h3>DUE GIORNI DI FESTA CON LA FESTA DI SAN LUCANO<\/h3>\n<\/blockquote>\n<p><strong>TAIBON<\/strong> Comune di Taibon, Pro Loco, Gruppo Sportivo, Donatori del sangue di Taibon e Radio Pi\u00f9 organizzano la Festa di San Lucano. Sabato 16 luglio dalle 15 alle 20 la pesca di beneficenza presso la Casa di San Lucano, alle 18 la partenza della Minicorrinvalle riservata ai ragazzi dai 6 ai 13 anni (gadget e buono pasto presso la sagra a tutti i partecipanti), alle 19 apertura dello stand gastronomico e musica con Cosmo, Roberto e Lucia. Domenica alle 11 la santa messa, dalle 10 alle 20 la pesca di beneficenza presso la Casa di San Lucano, alle 12 apertura dello stand gastronomico, alle 15 i giochi di una volta con i pompieri volontari di Agordo e alle 19 i piatti tipici. Dal pomeriggio musica con Eros. Per la corrinvalle versione adulti l&#8217;appuntamento \u00e8 posticipato al 2023.<\/p>\n<p>&nbsp;<\/p>\n<p>&nbsp;<\/p>\n<hr \/>\n<p>&nbsp;<\/p>\n<blockquote>\n<h3>DOMENICA 17 LUGLIO LE COMMEMORAZIONI DEL SACRIFICIO DEI PARTIGIANI<\/h3>\n<\/blockquote>\n<p><strong><a class=\"dt-pswp-item\" href=\"https:\/\/www.radiopiu.net\/wordpress\/wp-content\/uploads\/2022\/07\/partigiani-San-Felice.jpg\" data-dt-img-description=\"\" data-large_image_width=\"768\" data-large_image_height=\"375\"><img loading=\"lazy\" decoding=\"async\" class=\"size-thumbnail wp-image-284766 alignleft\" src=\"https:\/\/www.radiopiu.net\/wordpress\/wp-content\/uploads\/2022\/07\/partigiani-San-Felice-150x150.jpg\" alt=\"\" width=\"150\" height=\"150\" \/><\/a>SEDICO\/BORGO VALBELLUNA<\/strong><\/p>\n<p>di Roberto Bona<\/p>\n<audio class=\"wp-audio-shortcode\" id=\"audio-285833-8\" preload=\"none\" style=\"width: 100%;\" controls=\"controls\"><source type=\"audio\/mpeg\" src=\"https:\/\/www.radiopiu.net\/wordpress\/wp-content\/uploads\/2022\/07\/BONA-LE-COMMEMORAZIONE-DEL-SACRIFICIO-DEI-PARTIGIANI.mp3?_=8\" \/><a href=\"https:\/\/www.radiopiu.net\/wordpress\/wp-content\/uploads\/2022\/07\/BONA-LE-COMMEMORAZIONE-DEL-SACRIFICIO-DEI-PARTIGIANI.mp3\">https:\/\/www.radiopiu.net\/wordpress\/wp-content\/uploads\/2022\/07\/BONA-LE-COMMEMORAZIONE-DEL-SACRIFICIO-DEI-PARTIGIANI.mp3<\/a><\/audio>\n<p>&nbsp;<\/p>\n<hr \/>\n<p>&nbsp;<\/p>\n<h2><\/h2>\n<h2><strong><a class=\"dt-pswp-item\" href=\"https:\/\/www.radiopiu.net\/wordpress\/wp-content\/uploads\/2022\/07\/El_Canal_de_Agort.jpg\" data-dt-img-description=\"\" data-large_image_width=\"1600\" data-large_image_height=\"1200\"><img loading=\"lazy\" decoding=\"async\" class=\"alignleft wp-image-285516 \" src=\"https:\/\/www.radiopiu.net\/wordpress\/wp-content\/uploads\/2022\/07\/El_Canal_de_Agort-300x225.jpg\" alt=\"\" width=\"169\" height=\"127\" srcset=\"https:\/\/www.radiopiu.net\/wordpress\/wp-content\/uploads\/2022\/07\/El_Canal_de_Agort-300x225.jpg 300w, https:\/\/www.radiopiu.net\/wordpress\/wp-content\/uploads\/2022\/07\/El_Canal_de_Agort-1024x768.jpg 1024w, https:\/\/www.radiopiu.net\/wordpress\/wp-content\/uploads\/2022\/07\/El_Canal_de_Agort-768x576.jpg 768w, https:\/\/www.radiopiu.net\/wordpress\/wp-content\/uploads\/2022\/07\/El_Canal_de_Agort-1536x1152.jpg 1536w, https:\/\/www.radiopiu.net\/wordpress\/wp-content\/uploads\/2022\/07\/El_Canal_de_Agort.jpg 1600w\" sizes=\"auto, (max-width: 169px) 100vw, 169px\" \/><\/a><\/strong><span style=\"color: #666699;\">EL CANAL DE AGORT, LA MOSTRA<\/span><\/h2>\n<p><strong>DI CLAUDIO FONTANIVE<\/strong><\/p>\n<p>OSPITE: Gabriele Fogliata e Manuel Conodera<\/p>\n<audio class=\"wp-audio-shortcode\" id=\"audio-285833-9\" preload=\"none\" style=\"width: 100%;\" controls=\"controls\"><source type=\"audio\/mpeg\" src=\"https:\/\/www.radiopiu.net\/wordpress\/wp-content\/uploads\/2022\/07\/arca-fogliata-conedera-4-luglio.mp3?_=9\" \/><a href=\"https:\/\/www.radiopiu.net\/wordpress\/wp-content\/uploads\/2022\/07\/arca-fogliata-conedera-4-luglio.mp3\">https:\/\/www.radiopiu.net\/wordpress\/wp-content\/uploads\/2022\/07\/arca-fogliata-conedera-4-luglio.mp3<\/a><\/audio>\n<p>&nbsp;<\/p>\n<hr \/>\n<p>&nbsp;<\/p>\n<p>&nbsp;<\/p>\n<blockquote>\n<h3 style=\"text-align: left;\">DIARIO DI BORDO, GIORNO 4&#8230;. di Claudia Soppelsa<\/h3>\n<\/blockquote>\n<p><strong>PUNTATA 04<\/strong><\/p>\n<p><strong>AUDIO, CLAUDIA SOPPELSA GIORNO 4<\/strong><\/p>\n<audio class=\"wp-audio-shortcode\" id=\"audio-285833-10\" preload=\"none\" style=\"width: 100%;\" controls=\"controls\"><source type=\"audio\/mpeg\" src=\"https:\/\/www.radiopiu.net\/wordpress\/wp-content\/uploads\/2022\/07\/claudia-4.mp3?_=10\" \/><a href=\"https:\/\/www.radiopiu.net\/wordpress\/wp-content\/uploads\/2022\/07\/claudia-4.mp3\">https:\/\/www.radiopiu.net\/wordpress\/wp-content\/uploads\/2022\/07\/claudia-4.mp3<\/a><\/audio>\n<p>&nbsp;<\/p>\n<p>Oggi giornata tennis+bowling+partitone a UNO Nel pomeriggio invece, mentre i ragazzi erano a lezione, il direttore della scuola ha portato noi insegnanti in un antico villaggio di streghe non per bruciarci ma per discutere del programma didattico e per farci provare gli scones con il black tea Lovely Questo mi ha fatto ricordare che con il nostro gruppo dobbiamo ancora andare in una vera tea room e andare provare il fish and chips&#8230;Occorre rimediare!!\u00a0Le altre insegnanti, che viaggiano da tanti anni, hanno fatto presente quanto buona sia la qualit\u00e0 della scuola dove ci troviamo, sia per accoglienza che per organizzazione. Ed effettivamente Paul, il direttore, alle 10 di sera era ancora attivo per accompagnare personalmente a casa in macchina gli studenti dal bowling. \u00c8 una di quelle piccole eccellenze a conduzione familiare che puntano a farti sentire 100% a casa e coccolato. Mentre eravamo nella tea room sia Paul che la cameriera ci fanno presente che c&#8217;\u00e8 un&#8217;importante diatriba tra Cornovaglia e Dorset su come mangiare gli scones (tipo la diatriba italiana tra &#8220;arancini\/arancine&#8221; o &#8220;pastin\/pastim&#8221;): nel Dorset va rigorosamente PRIMA la panna e POI la marmellata e in Cornovaglia viceversa. A ribadire qual&#8217;\u00e8 la scuola di pensiero del Dorset, dove ci troviamo, c&#8217;\u00e8 anche un&#8217;anziana signora che si avvicina al nostro tavolo per spiegarcelo una TERZA VOLTA.Al di l\u00e0 dell&#8217;esempio sciocco, mi ha fatto sorridere perch\u00e9 mi \u00e8 sembrata una buona metafora che riassume bene il tipo di mentalit\u00e0 inglese: c&#8217;\u00e8 una procedura giusta (la loro) per fare le cose con un certo ordine e va seguita quella, punto.Anyway, ieri primo tentativo di fuga messo a segno (e subito sgamato) dei ragazzi&#8230; Meno male, stavo iniziando a preoccuparmi! Bravi!<\/p>\n\n\t\t\t<style type='text\/css'>\n\t\t\t\t#gallery-7 {\n\t\t\t\t\tmargin: auto;\n\t\t\t\t}\n\t\t\t\t#gallery-7 .gallery-item {\n\t\t\t\t\tfloat: left;\n\t\t\t\t\tmargin-top: 10px;\n\t\t\t\t\ttext-align: center;\n\t\t\t\t\twidth: 25%;\n\t\t\t\t}\n\t\t\t\t#gallery-7 img {\n\t\t\t\t\tborder: 2px solid #cfcfcf;\n\t\t\t\t}\n\t\t\t\t#gallery-7 .gallery-caption {\n\t\t\t\t\tmargin-left: 0;\n\t\t\t\t}\n\t\t\t\t\/* see gallery_shortcode() in wp-includes\/media.php *\/\n\t\t\t<\/style>\n\t\t<div id='gallery-7' class='dt-gallery-container gallery galleryid-285833 gallery-columns-4 gallery-size-thumbnail'><dl class='gallery-item'>\n\t\t\t\t<dt class='gallery-icon landscape'>\n\t\t\t\t\t<a class=\"rollover rollover-zoom dt-pswp-item\" title=\"a649f41d-c8ea-43b5-bb71-170c1f2f3dcc\" data-dt-img-description=\"\" data-large_image_width=\"1600\" data-large_image_height=\"1200\"href='https:\/\/www.radiopiu.net\/wordpress\/wp-content\/uploads\/2022\/07\/a649f41d-c8ea-43b5-bb71-170c1f2f3dcc.jpg'><img loading=\"lazy\" decoding=\"async\" width=\"150\" height=\"150\" src=\"https:\/\/www.radiopiu.net\/wordpress\/wp-content\/uploads\/2022\/07\/a649f41d-c8ea-43b5-bb71-170c1f2f3dcc-150x150.jpg\" class=\"attachment-thumbnail size-thumbnail\" alt=\"\" \/><\/a>\n\t\t\t\t<\/dt><\/dl><dl class='gallery-item'>\n\t\t\t\t<dt class='gallery-icon landscape'>\n\t\t\t\t\t<a class=\"rollover rollover-zoom dt-pswp-item\" title=\"78999614-6934-4611-a926-e016fefee769\" data-dt-img-description=\"\" data-large_image_width=\"1600\" data-large_image_height=\"1200\"href='https:\/\/www.radiopiu.net\/wordpress\/wp-content\/uploads\/2022\/07\/78999614-6934-4611-a926-e016fefee769.jpg'><img loading=\"lazy\" decoding=\"async\" width=\"150\" height=\"150\" src=\"https:\/\/www.radiopiu.net\/wordpress\/wp-content\/uploads\/2022\/07\/78999614-6934-4611-a926-e016fefee769-150x150.jpg\" class=\"attachment-thumbnail size-thumbnail\" alt=\"\" \/><\/a>\n\t\t\t\t<\/dt><\/dl><dl class='gallery-item'>\n\t\t\t\t<dt class='gallery-icon landscape'>\n\t\t\t\t\t<a class=\"rollover rollover-zoom dt-pswp-item\" title=\"2f618cc7-0182-441b-af3c-bb2207628046\" data-dt-img-description=\"\" data-large_image_width=\"1600\" data-large_image_height=\"1200\"href='https:\/\/www.radiopiu.net\/wordpress\/wp-content\/uploads\/2022\/07\/2f618cc7-0182-441b-af3c-bb2207628046.jpg'><img loading=\"lazy\" decoding=\"async\" width=\"150\" height=\"150\" src=\"https:\/\/www.radiopiu.net\/wordpress\/wp-content\/uploads\/2022\/07\/2f618cc7-0182-441b-af3c-bb2207628046-150x150.jpg\" class=\"attachment-thumbnail size-thumbnail\" alt=\"\" \/><\/a>\n\t\t\t\t<\/dt><\/dl><dl class='gallery-item'>\n\t\t\t\t<dt class='gallery-icon portrait'>\n\t\t\t\t\t<a class=\"rollover rollover-zoom dt-pswp-item\" title=\"eb95c193-c6a9-494e-8691-f7f8d2245013\" data-dt-img-description=\"\" data-large_image_width=\"1200\" data-large_image_height=\"1600\"href='https:\/\/www.radiopiu.net\/wordpress\/wp-content\/uploads\/2022\/07\/eb95c193-c6a9-494e-8691-f7f8d2245013.jpg'><img loading=\"lazy\" decoding=\"async\" width=\"150\" height=\"150\" src=\"https:\/\/www.radiopiu.net\/wordpress\/wp-content\/uploads\/2022\/07\/eb95c193-c6a9-494e-8691-f7f8d2245013-150x150.jpg\" class=\"attachment-thumbnail size-thumbnail\" alt=\"\" \/><\/a>\n\t\t\t\t<\/dt><\/dl><br style=\"clear: both\" \/>\n\t\t\t<\/div>\n\n<p>TUTTE LE PUNTATE<\/p>\n<blockquote class=\"wp-embedded-content\" data-secret=\"eoLcI3CSpo\"><p><a href=\"https:\/\/www.radiopiu.net\/wordpress\/diario-di-bordo-giorno-4\/\">DIARIO DI BORDO, GIORNO 4&#8230;. di Claudia Soppelsa<\/a><\/p><\/blockquote>\n<p><iframe loading=\"lazy\" class=\"wp-embedded-content\" sandbox=\"allow-scripts\" security=\"restricted\" style=\"position: absolute; clip: rect(1px, 1px, 1px, 1px);\" title=\"&#8220;DIARIO DI BORDO, GIORNO 4&#8230;. di Claudia Soppelsa&#8221; &#8212; Radio Pi\u00f9\" src=\"https:\/\/www.radiopiu.net\/wordpress\/diario-di-bordo-giorno-4\/embed\/#?secret=dnvYb6WUSM#?secret=eoLcI3CSpo\" data-secret=\"eoLcI3CSpo\" width=\"600\" height=\"338\" frameborder=\"0\" marginwidth=\"0\" marginheight=\"0\" scrolling=\"no\"><\/iframe><\/p>\n<p>&nbsp;<\/p>\n<p>&nbsp;<\/p>\n<hr \/>\n<p>&nbsp;<\/p>\n<blockquote>\n<h3>GLI ALPINI DI CENCENIGHE IN TRASFERTA AD ASIAGO<\/h3>\n<\/blockquote>\n<p><strong>CENCENIGHE<\/strong> \u00c8 in programma per domenica 10 luglio una trasferta ad Asiago per gli alpini di Cencenighe per partecipare al Raduno Triveneto. Soci e simpatizzanti possono aderire alla trasferta scrivendo una mail a segreteria@anacencenighe.it o contattando il 349 9551910 o il 338 9871535. La quota di partecipazione \u00e8 di 30 euro. Il programma: ritrovo al Nof Fil\u00f2 alle 6:20 e partenza alle 6:30, arrivo verso le 9 ad Asiago e rientro in tarda serata.<\/p>\n<p>&nbsp;<\/p>\n<p>&nbsp;<\/p>\n<p>&nbsp;<\/p>\n<hr \/>\n<p>&nbsp;<\/p>\n<blockquote>\n<h3>GLI APPUNTAMENTI AL CASTELLO DI ANDRAZ<\/h3>\n<\/blockquote>\n<p><strong>LIVINALLONGO<\/strong> Questi gli appuntamenti al Castello di Andraz per i prossimi giorni. Oggi alle ore 16:00 \u201cGli dei dell\u2019Olimpo\u201d, spettacolo itinerante con Ana-Thema Teatro (UD).<\/p>\n<p>&nbsp;<\/p>\n<p>&nbsp;<\/p>\n<hr \/>\n<p>&nbsp;<\/p>\n<blockquote>\n<h3>EL CANAL DE AGORT<\/h3>\n<\/blockquote>\n<p><strong>AGORDO<\/strong> Presso il museo in via 5 maggio ad Agordo si pu\u00f2 visitare la mostra &#8220;El Canal De Agort&#8221; storia ed archeologia da San Gottardo alla Conca Agordina. La mostra \u00e8 visitabile dal gioved\u00ec alla domenica dalle 9:30 alle 12:30 e dall 16 alle 19 fino al 4 settembre.<\/p>\n<p>&nbsp;<\/p>\n<p>&nbsp;<\/p>\n<hr \/>\n<p>&nbsp;<\/p>\n<blockquote>\n<h3>IL LIBRO DI DON DELLA LUCIA<\/h3>\n<\/blockquote>\n<p><strong>VOLTAGO<\/strong> <span style=\"font-family: Arial, sans-serif;\"><span style=\"font-size: small;\">Domani<\/span><\/span><span style=\"font-family: Arial, sans-serif;\"><span style=\"font-size: small;\">, alle <\/span><\/span><span style=\"font-family: Arial, sans-serif;\"><span style=\"font-size: small;\">20.30<\/span><\/span><span style=\"font-family: Arial, sans-serif;\"><span style=\"font-size: small;\">, presso l&#8217;antica <\/span><\/span><span style=\"font-family: Arial, sans-serif;\"><span style=\"font-size: small;\">chiesa di San Nicol\u00f2 a Frassen\u00e8 Agordino <\/span><\/span><span style=\"font-family: Arial, sans-serif;\"><span style=\"font-size: small;\">(Belluno) si terr\u00e0 la <\/span><\/span><span style=\"font-family: Arial, sans-serif;\"><span style=\"font-size: small;\">presentazione della biografia di don Antonio Della Lucia <\/span><\/span><span style=\"font-family: Arial, sans-serif;\"><span style=\"font-size: small;\">scritta dal direttore del Musal, <\/span><\/span><span style=\"font-family: Arial, sans-serif;\"><span style=\"font-size: small;\">Loris Serafini<\/span><\/span><span style=\"font-family: Arial, sans-serif;\"><span style=\"font-size: small;\">, a ricordo del 150\u00b0 di fondazione della prima latteria cooperativa a sistema svedese d\u2019Italia. Il libro, edito dall&#8217;Associazione Bellunesi nel mondo, si intitola \u201cIl Cavalier don Antonio Della Lucia. Biografia di un pastore rivoluzionario, filantropo e profeta\u201d e l&#8217;autore spiega la ragione per la quale ha deciso di occuparsi della vita di questo sacerdote.\u00a0<\/span><\/span><\/p>\n<p>&nbsp;<\/p>\n<p>&nbsp;<\/p>\n<hr \/>\n<p>&nbsp;<\/p>\n<blockquote>\n<h3>AD ALLEGHE LA PRESENTAZIONE DEL NUOVO LIBRO DI LAURA DALLA TORRE<\/h3>\n<\/blockquote>\n<p><strong>ALLEGHE<\/strong> Domani a partire dalle 18 in sala Stoppani delle scuole elementari ad Alleghe verr\u00e0 presentato il nuovo libro di Laura Dalla Torre dal titolo &#8220;La vita con il pelmo &#8211; Agn pasai auna co l pelf&#8221;. Presenter\u00e0 la serata Celestino Vallazza<\/p>\n<p>&nbsp;<\/p>\n<p>&nbsp;<\/p>\n<hr \/>\n<p>&nbsp;<\/p>\n<blockquote>\n<h3>LUGLIO JAZZ A BELLUNO<\/h3>\n<\/blockquote>\n<p><strong><a class=\"dt-pswp-item\" href=\"https:\/\/www.radiopiu.net\/wordpress\/wp-content\/uploads\/2022\/07\/KAIMANI-DEL-PIAVE.jpg\" data-dt-img-description=\"\" data-large_image_width=\"1167\" data-large_image_height=\"842\"><img loading=\"lazy\" decoding=\"async\" class=\"alignleft wp-image-285675 \" src=\"https:\/\/www.radiopiu.net\/wordpress\/wp-content\/uploads\/2022\/07\/KAIMANI-DEL-PIAVE-300x216.jpg\" alt=\"\" width=\"143\" height=\"103\" srcset=\"https:\/\/www.radiopiu.net\/wordpress\/wp-content\/uploads\/2022\/07\/KAIMANI-DEL-PIAVE-300x216.jpg 300w, https:\/\/www.radiopiu.net\/wordpress\/wp-content\/uploads\/2022\/07\/KAIMANI-DEL-PIAVE-1024x739.jpg 1024w, https:\/\/www.radiopiu.net\/wordpress\/wp-content\/uploads\/2022\/07\/KAIMANI-DEL-PIAVE-768x554.jpg 768w, https:\/\/www.radiopiu.net\/wordpress\/wp-content\/uploads\/2022\/07\/KAIMANI-DEL-PIAVE.jpg 1167w\" sizes=\"auto, (max-width: 143px) 100vw, 143px\" \/><\/a>BELLUNO <\/strong>Ritorna a Belluno Luglio Jazz! la fortunata rassegna di musica jazz e dintorni del Circolo Culturale Bellunese, che questo luglio porta sul palco 4 concerti, il 10-17-24-31 luglio, in diverse <em>location<\/em> estive, sempre di domenica, 32\u00aa edizione dei Concerti in Villa e nelle Corti. Dopo l&#8217;unanime successo di critica e pubblico dell&#8217;edizione 2021, Stefano Battorti rilancia, a grande richiesta, con il luglio jazz bellunese. Ad aprire la rassegna \u00e8 proprio la sua formazione, i Kaimani del Piave Blues Band, che domenica 10 luglio, ore 17:30, suona all&#8217;Anfiteatro del Ristorante &#8220;Al Borgo&#8221;. Informazioni e biglietti: Agenzia Alpe Bellunese: tel. 0437 940407, E-mail: info@alpebellunese.it. \u00c8 gradita la prenotazione. Pagamento biglietto in agenzia o all\u2019ingresso del concerto.<\/p>\n<p>&nbsp;<\/p>\n<p>&nbsp;<\/p>\n<hr \/>\n<p>&nbsp;<\/p>\n<blockquote>\n<h3>INAUGURAZIONE DELLA MOSTRA &#8220;DALLA CURA DELLA TERRA&#8221;<\/h3>\n<\/blockquote>\n<p><strong>BELLUNO<\/strong> Elena Modena e Maurizio Tulliani inaugureranno e presenteranno la mostra \u201cDalla cura della Terra alla salute del Corpo e dell\u2019Anima\u201d, domenica 10 luglio, alle 18.30, nel chiostro della chiesa di S. Giovanni Battista a Serravalle di Vittorio Veneto. La mostra rester\u00e0 aperta fino al 31 luglio. Marted\u00ec 12 luglio, nella stessa sede alle 20.30, Tulliani approfondir\u00e0 il senso della mostra con un \u201cPercorso sulle tavole miniate del Tacuinum Sanitatis\u201d, con una specifica relazione sul prezioso e storico documento, da cui sono ricavate i giganti pannelli esposti nel chiostro.<\/p>\n<p>&nbsp;<\/p>\n<hr \/>\n<p>&nbsp;<\/p>\n<blockquote>\n<h3>LA SETTIMANA DEDICATA ALLA MADONNA DEL CARMINE SI APRE CON LA MUSICA<\/h3>\n<\/blockquote>\n<p><strong>BELLUNO<\/strong> Si avvia con un concerto, domani sera alle ore 21, nella chiesa di S. Giovanni Battista di Serravalle, la tradizionale e solenne celebrazione della settimana dedicata alla Madonna del Carmine, la cui festa liturgica cade il 16, ma il culmine \u00e8 la domenica 17 luglio. Il concerto ha come protagonisti Isacco Cettolin all\u2019organo e Chiara Cardelli al violoncello.<\/p>\n<p>&nbsp;<\/p>\n<hr \/>\n<p>&nbsp;<\/p>\n<blockquote>\n<h3>ECHI DI CORI A MALGA CIAPELA<\/h3>\n<\/blockquote>\n<p><strong>ROCCA PIETORE<\/strong> Sabato 16 luglio a Malga Gran PIan in localit\u00e0 Malga Ciapela e a Sottoguda, il Coro Luned\u00ec di Roma sar\u00e0 in concerto per &#8220;Echi di Cori&#8221;. Alle 11 appuntamento a Malga Ciapela mentre alle 16 la location sar\u00e0 il Borgo di Sottoguda. Entrata a offerta libera.<\/p>\n<p>&nbsp;<\/p>\n<p>&nbsp;<\/p>\n<hr \/>\n<p>&nbsp;<\/p>\n<blockquote>\n<h3>LA MOSTRA DI ALBINO MEZZACASA A CENCENIGHE<\/h3>\n<\/blockquote>\n<p><strong>CENCENIGHE<\/strong> Sar\u00e0 visitabile dal 23 luglio e fino al 14 agosto la mostra di scultura di Albino Mezzacasa presso il Nof Fil\u00f2 di Cencenighe. Gli orari delle visite: nei giorni feriali dalle 17:30 alle 21, sabato e domenica dalle 10 alle 12 e dalle 17:30 alle 21.<\/p>\n<p>&nbsp;<\/p>\n<p>&nbsp;<\/p>\n<hr \/>\n<p>&nbsp;<\/p>\n<blockquote>\n<h3>L&#8217;ESCURSIONE COL CAI DI AGORDO<\/h3>\n<\/blockquote>\n<p><strong>AGORDO\u00a0<\/strong> Domenica il Cai di Agordo organizza un&#8217;escursione a Piz di Peres sulle Dolomiti di Braies. M\u00e8ta quasi sconosciuta ai pi\u00f9, in questa ultima propaggine delle Dolomiti che declinano a nord verso la Val Pusteria. Montagne secondarie a detta di molti, affascinanti invece per la spettacolarit\u00e0 delle loro vedute inusuali, richiamano l\u2019attenzione dell\u2019escursionista curioso e attento che sa apprezzare questi ultimi angoli semi nascosti ove ritrovare serenit\u00e0 e dove far scorrere lo sguardo su monti pi\u00f9 blasonati che uno ad uno spiccano verso sud, ma che non propongono sicuramente la stessa tranquillit\u00e0. Escursione \u00a0classificata<strong> EE.\u00a0<\/strong>Informazioni ed iscrizioni al 380 6983040<\/p>\n<p>&nbsp;<\/p>\n<p>&nbsp;<\/p>\n<hr \/>\n<p>&nbsp;<\/p>\n<h2><span style=\"color: #ff0000;\">IERI ALLA RADIO<\/span><\/h2>\n<h2><strong><a class=\"dt-pswp-item\" href=\"https:\/\/www.radiopiu.net\/wordpress\/wp-content\/uploads\/2022\/07\/Schermata-2022-07-07-alle-09.42.10.png\" data-dt-img-description=\"\" data-large_image_width=\"850\" data-large_image_height=\"436\"><img loading=\"lazy\" decoding=\"async\" class=\"alignleft wp-image-285891 \" src=\"https:\/\/www.radiopiu.net\/wordpress\/wp-content\/uploads\/2022\/07\/Schermata-2022-07-07-alle-09.42.10-300x154.png\" alt=\"\" width=\"214\" height=\"110\" srcset=\"https:\/\/www.radiopiu.net\/wordpress\/wp-content\/uploads\/2022\/07\/Schermata-2022-07-07-alle-09.42.10-300x154.png 300w, https:\/\/www.radiopiu.net\/wordpress\/wp-content\/uploads\/2022\/07\/Schermata-2022-07-07-alle-09.42.10-768x394.png 768w, https:\/\/www.radiopiu.net\/wordpress\/wp-content\/uploads\/2022\/07\/Schermata-2022-07-07-alle-09.42.10.png 850w\" sizes=\"auto, (max-width: 214px) 100vw, 214px\" \/><\/a><span style=\"color: #808000;\">ALBINO MEZZACASA E LA MOSTRA AL NOF FILO&#8217; DI CENCENIGHE<\/span><\/strong><\/h2>\n<p><strong>DI MIRKO MEZZACASA<\/strong><\/p>\n<p>OSPITE: Albino Mezzacasa<\/p>\n<audio class=\"wp-audio-shortcode\" id=\"audio-285833-11\" preload=\"none\" style=\"width: 100%;\" controls=\"controls\"><source type=\"audio\/mpeg\" src=\"https:\/\/www.radiopiu.net\/wordpress\/wp-content\/uploads\/2022\/07\/albino-mezzacasa-8-LUGLIO.mp3?_=11\" \/><a href=\"https:\/\/www.radiopiu.net\/wordpress\/wp-content\/uploads\/2022\/07\/albino-mezzacasa-8-LUGLIO.mp3\">https:\/\/www.radiopiu.net\/wordpress\/wp-content\/uploads\/2022\/07\/albino-mezzacasa-8-LUGLIO.mp3<\/a><\/audio>\n<p>&nbsp;<\/p>\n<hr \/>\n<p>&nbsp;<\/p>\n<h2><span style=\"color: #ff00ff;\">GIROVAGANDO IN E-BIKE &#8211; SECONDA STAGIONE<\/span><\/h2>\n<p><strong class=\"photoswipe-wrapper\"><a class=\"dt-pswp-item\" href=\"https:\/\/www.radiopiu.net\/wordpress\/wp-content\/uploads\/2022\/07\/d33f8419-a190-4807-9460-00f83a74e468.jpg\" data-dt-img-description=\"\" data-large_image_width=\"2048\" data-large_image_height=\"1536\"><img loading=\"lazy\" decoding=\"async\" class=\"size-thumbnail wp-image-285670 alignleft\" src=\"https:\/\/www.radiopiu.net\/wordpress\/wp-content\/uploads\/2022\/07\/d33f8419-a190-4807-9460-00f83a74e468-150x150.jpg\" alt=\"\" width=\"150\" height=\"150\" \/><\/a>REDAZIONE<\/strong>\u00a0Tornano gli amici di Girovagando in E-Bike delle Dolomiti. Con la collaborazione di Thomas Soppelsa<\/p>\n<p><strong>PUNTATA DEL 6 LUGLIO 2022\u00a0<\/strong><\/p>\n<p>&nbsp;<\/p>\n<p>&nbsp;<\/p>\n<p>&nbsp;<\/p>\n<p><strong>AUDIO\u00a0 Thomas Soppera<\/strong><\/p>\n<audio class=\"wp-audio-shortcode\" id=\"audio-285833-12\" preload=\"none\" style=\"width: 100%;\" controls=\"controls\"><source type=\"audio\/mpeg\" src=\"https:\/\/www.radiopiu.net\/wordpress\/wp-content\/uploads\/2022\/07\/GIROVAGANDO.mp3?_=12\" \/><a href=\"https:\/\/www.radiopiu.net\/wordpress\/wp-content\/uploads\/2022\/07\/GIROVAGANDO.mp3\">https:\/\/www.radiopiu.net\/wordpress\/wp-content\/uploads\/2022\/07\/GIROVAGANDO.mp3<\/a><\/audio>\n<p>&nbsp;<\/p>\n<p><strong>LA RACCOLTA COMPLETA<\/strong><\/p>\n<blockquote class=\"wp-embedded-content\" data-secret=\"cMuFgGwLIL\"><p><a href=\"https:\/\/www.radiopiu.net\/wordpress\/girovagando-in-e-bike-tra-le-dolomiti\/\">GIROVAGANDO IN E BIKE TRA LE DOLOMITI<\/a><\/p><\/blockquote>\n<p><iframe loading=\"lazy\" class=\"wp-embedded-content\" sandbox=\"allow-scripts\" security=\"restricted\" style=\"position: absolute; clip: rect(1px, 1px, 1px, 1px);\" title=\"&#8220;GIROVAGANDO IN E BIKE TRA LE DOLOMITI&#8221; &#8212; Radio Pi\u00f9\" src=\"https:\/\/www.radiopiu.net\/wordpress\/girovagando-in-e-bike-tra-le-dolomiti\/embed\/#?secret=eWUuK8lGFq#?secret=cMuFgGwLIL\" data-secret=\"cMuFgGwLIL\" width=\"600\" height=\"338\" frameborder=\"0\" marginwidth=\"0\" marginheight=\"0\" scrolling=\"no\"><\/iframe><\/p>\n<p>&nbsp;<\/p>\n<hr \/>\n<p>&nbsp;<\/p>\n<p>&nbsp;<\/p>\n<h2><span style=\"color: #008080;\">&#8220;DINTORN E FORA VIA&#8221; A CURA DEL MUSLA, IL NUOVO PROGRAMMA\u00a0 \u00a0<\/span><\/h2>\n<p>&nbsp;<\/p>\n<p><strong><a class=\"dt-pswp-item\" href=\"https:\/\/www.radiopiu.net\/wordpress\/wp-content\/uploads\/2022\/07\/2a7a97b4-5969-49b1-a5dc-389bf365d924.jpg\" data-dt-img-description=\"\" data-large_image_width=\"1350\" data-large_image_height=\"421\"><img loading=\"lazy\" decoding=\"async\" class=\"wp-image-285381 alignleft\" src=\"https:\/\/www.radiopiu.net\/wordpress\/wp-content\/uploads\/2022\/07\/2a7a97b4-5969-49b1-a5dc-389bf365d924.jpg\" alt=\"\" width=\"205\" height=\"64\" srcset=\"https:\/\/www.radiopiu.net\/wordpress\/wp-content\/uploads\/2022\/07\/2a7a97b4-5969-49b1-a5dc-389bf365d924.jpg 1350w, https:\/\/www.radiopiu.net\/wordpress\/wp-content\/uploads\/2022\/07\/2a7a97b4-5969-49b1-a5dc-389bf365d924-300x94.jpg 300w, https:\/\/www.radiopiu.net\/wordpress\/wp-content\/uploads\/2022\/07\/2a7a97b4-5969-49b1-a5dc-389bf365d924-1024x319.jpg 1024w, https:\/\/www.radiopiu.net\/wordpress\/wp-content\/uploads\/2022\/07\/2a7a97b4-5969-49b1-a5dc-389bf365d924-768x240.jpg 768w\" sizes=\"auto, (max-width: 205px) 100vw, 205px\" \/><\/a>PUNTATA DEL 05 LUGLIO 2022-\u00a0 NICOLA CASSISI<\/strong><\/p>\n<audio class=\"wp-audio-shortcode\" id=\"audio-285833-13\" preload=\"none\" style=\"width: 100%;\" controls=\"controls\"><source type=\"audio\/mpeg\" src=\"https:\/\/www.radiopiu.net\/wordpress\/wp-content\/uploads\/2022\/07\/MUSLA.mp3?_=13\" \/><a href=\"https:\/\/www.radiopiu.net\/wordpress\/wp-content\/uploads\/2022\/07\/MUSLA.mp3\">https:\/\/www.radiopiu.net\/wordpress\/wp-content\/uploads\/2022\/07\/MUSLA.mp3<\/a><\/audio>\n<p><strong>LA RACCOLTA COMPLETA<\/strong><\/p>\n<blockquote class=\"wp-embedded-content\" data-secret=\"FA8Z3HK1LL\"><p><a href=\"https:\/\/www.radiopiu.net\/wordpress\/musla\/\">MUSLA<\/a><\/p><\/blockquote>\n<p><iframe loading=\"lazy\" class=\"wp-embedded-content\" sandbox=\"allow-scripts\" security=\"restricted\" style=\"position: absolute; clip: rect(1px, 1px, 1px, 1px);\" title=\"&#8220;MUSLA&#8221; &#8212; Radio Pi\u00f9\" src=\"https:\/\/www.radiopiu.net\/wordpress\/musla\/embed\/#?secret=8rP4lBdlvs#?secret=FA8Z3HK1LL\" data-secret=\"FA8Z3HK1LL\" width=\"600\" height=\"338\" frameborder=\"0\" marginwidth=\"0\" marginheight=\"0\" scrolling=\"no\"><\/iframe><\/p>\n<h3><\/h3>\n<p>&nbsp;<\/p>\n<hr \/>\n<p>&nbsp;<\/p>\n<div>\n<div class=\"b654a4as d2edcug0\">\n<div class=\"rq0escxv hkbzh7o3 jwdofwj8 n8tt0mok r8blr3vg hyh9befq\">\n<p><a class=\"dt-pswp-item\" href=\"https:\/\/www.radiopiu.net\/wordpress\/wp-content\/uploads\/2020\/10\/pp.jpg\" data-dt-img-description=\"\" data-large_image_width=\"640\" data-large_image_height=\"640\"><img loading=\"lazy\" decoding=\"async\" class=\"wp-image-163678 alignleft\" src=\"https:\/\/www.radiopiu.net\/wordpress\/wp-content\/uploads\/2020\/10\/pp-300x300.jpg\" alt=\"\" width=\"106\" height=\"106\" srcset=\"https:\/\/www.radiopiu.net\/wordpress\/wp-content\/uploads\/2020\/10\/pp-300x300.jpg 300w, https:\/\/www.radiopiu.net\/wordpress\/wp-content\/uploads\/2020\/10\/pp-150x150.jpg 150w, https:\/\/www.radiopiu.net\/wordpress\/wp-content\/uploads\/2020\/10\/pp-125x125.jpg 125w, https:\/\/www.radiopiu.net\/wordpress\/wp-content\/uploads\/2020\/10\/pp-200x200.jpg 200w, https:\/\/www.radiopiu.net\/wordpress\/wp-content\/uploads\/2020\/10\/pp-80x80.jpg 80w, https:\/\/www.radiopiu.net\/wordpress\/wp-content\/uploads\/2020\/10\/pp-480x480.jpg 480w, https:\/\/www.radiopiu.net\/wordpress\/wp-content\/uploads\/2020\/10\/pp.jpg 640w\" sizes=\"auto, (max-width: 106px) 100vw, 106px\" \/><\/a><\/p>\n<\/div>\n<\/div>\n<\/div>\n<div>\n<div class=\"page-title-head hgroup\">\n<div class=\"page-title-head hgroup\">\n<div class=\"b654a4as d2edcug0\">\n<div class=\"j83agx80 btwxx1t3 lhclo0ds hop8lmos nkwizq5d scwd0bx6 roh60bw9\">\n<div class=\"rq0escxv hkbzh7o3 jwdofwj8 n8tt0mok r8blr3vg hyh9befq\">\n<div class=\"do00u71z l9j0dhe7 k4urcfbm\">\n<h2><span style=\"color: #000080;\">DON CESARE, IL PENSIERO DEL GIORNO. ALLA RADIO ALLE 7 DEL MATTINO E ALLE 19.30 DELLA SERA.\u00a0<\/span><\/h2>\n<\/div>\n<audio class=\"wp-audio-shortcode\" id=\"audio-285833-14\" preload=\"none\" style=\"width: 100%;\" controls=\"controls\"><source type=\"audio\/mpeg\" src=\"https:\/\/www.radiopiu.net\/wordpress\/wp-content\/uploads\/2022\/07\/cesare-1.mp3?_=14\" \/><a href=\"https:\/\/www.radiopiu.net\/wordpress\/wp-content\/uploads\/2022\/07\/cesare-1.mp3\">https:\/\/www.radiopiu.net\/wordpress\/wp-content\/uploads\/2022\/07\/cesare-1.mp3<\/a><\/audio>\n<\/div>\n<\/div>\n<\/div>\n<\/div>\n<\/div>\n<\/div>\n<p>&nbsp;<\/p>\n<hr \/>\n<p>&nbsp;<\/p>\n<div class=\"do00u71z l9j0dhe7 k4urcfbm\">\n<div class=\"page-title-head hgroup\">\n<div class=\"page-title-head hgroup\">\n<div class=\"b654a4as d2edcug0\">\n<div class=\"j83agx80 btwxx1t3 lhclo0ds hop8lmos nkwizq5d scwd0bx6 roh60bw9\">\n<div class=\"rq0escxv hkbzh7o3 jwdofwj8 n8tt0mok r8blr3vg hyh9befq\">\n<div class=\"do00u71z l9j0dhe7 k4urcfbm\">\n<div class=\"page-title-head hgroup\">\n<div class=\"page-title-head hgroup\">\n<div class=\"b654a4as d2edcug0\">\n<div class=\"j83agx80 btwxx1t3 lhclo0ds hop8lmos nkwizq5d scwd0bx6 roh60bw9\">\n<div class=\"rq0escxv hkbzh7o3 jwdofwj8 n8tt0mok r8blr3vg hyh9befq\">\n<div class=\"do00u71z l9j0dhe7 k4urcfbm\">\n<div class=\"ecm0bbzt e5nlhep0 a8c37x1j\">\n<div class=\"kvgmc6g5 cxmmr5t8 oygrvhab hcukyx3x c1et5uql\">\n<div class=\"gmail-kvgmc6g5 gmail-cxmmr5t8 gmail-oygrvhab gmail-hcukyx3x gmail-c1et5uql gmail-ii04i59q\">\n<div class=\"page-title-head hgroup\">\n<div class=\"page-title-head hgroup\">\n<div class=\"b654a4as d2edcug0\">\n<div class=\"j83agx80 btwxx1t3 lhclo0ds hop8lmos nkwizq5d scwd0bx6 roh60bw9\">\n<div class=\"rq0escxv hkbzh7o3 jwdofwj8 n8tt0mok r8blr3vg hyh9befq\">\n<div class=\"do00u71z l9j0dhe7 k4urcfbm\">\n<div class=\"page-title-head hgroup\">\n<div class=\"page-title-head hgroup\">\n<div class=\"b654a4as d2edcug0\">\n<div class=\"j83agx80 btwxx1t3 lhclo0ds hop8lmos nkwizq5d scwd0bx6 roh60bw9\">\n<div class=\"rq0escxv hkbzh7o3 jwdofwj8 n8tt0mok r8blr3vg hyh9befq\">\n<div class=\"do00u71z l9j0dhe7 k4urcfbm\">\n<div class=\"page-title-head hgroup\">\n<div class=\"page-title-head hgroup\">\n<div class=\"b654a4as d2edcug0\">\n<div class=\"j83agx80 btwxx1t3 lhclo0ds hop8lmos nkwizq5d scwd0bx6 roh60bw9\">\n<div class=\"rq0escxv hkbzh7o3 jwdofwj8 n8tt0mok r8blr3vg hyh9befq\">\n<div class=\"do00u71z l9j0dhe7 k4urcfbm\">\n<div class=\"ecm0bbzt e5nlhep0 a8c37x1j\">\n<div class=\"kvgmc6g5 cxmmr5t8 oygrvhab hcukyx3x c1et5uql\">\n<div class=\"gmail-kvgmc6g5 gmail-cxmmr5t8 gmail-oygrvhab gmail-hcukyx3x gmail-c1et5uql gmail-ii04i59q\">\n<div class=\"page-title-head hgroup\">\n<div class=\"page-title-head hgroup\">\n<div class=\"b654a4as d2edcug0\">\n<div class=\"j83agx80 btwxx1t3 lhclo0ds hop8lmos nkwizq5d scwd0bx6 roh60bw9\">\n<div class=\"rq0escxv hkbzh7o3 jwdofwj8 n8tt0mok r8blr3vg hyh9befq\">\n<div class=\"do00u71z l9j0dhe7 k4urcfbm\">\n<blockquote>\n<h3><span style=\"color: #ff0000;\">IN VIVO VERSO,\u00a0 RIASCOLTIAMOLE DAL LUNEDI AL VENERDI ALLE 7.10, 10.10, 18 50<\/span><\/h3>\n<\/blockquote>\n<p><strong>LA RACCOLTA COMPLETA<\/strong><\/p>\n<blockquote>\n<h3>RIASCOLTIAMOLE, STAGIONE 2019_2020 SONIA BIESUZ &#8220;EL MAZAROL&#8221;<\/h3>\n<\/blockquote>\n<p>AUDIO<\/p>\n<audio class=\"wp-audio-shortcode\" id=\"audio-285833-15\" preload=\"none\" style=\"width: 100%;\" controls=\"controls\"><source type=\"audio\/mpeg\" src=\"https:\/\/www.radiopiu.net\/wordpress\/wp-content\/uploads\/2022\/07\/04-SONIA-BIEUSUZ-EL-MAZAROL.mp3?_=15\" \/><a href=\"https:\/\/www.radiopiu.net\/wordpress\/wp-content\/uploads\/2022\/07\/04-SONIA-BIEUSUZ-EL-MAZAROL.mp3\">https:\/\/www.radiopiu.net\/wordpress\/wp-content\/uploads\/2022\/07\/04-SONIA-BIEUSUZ-EL-MAZAROL.mp3<\/a><\/audio>\n<p><img loading=\"lazy\" decoding=\"async\" class=\"\" src=\"https:\/\/www.radiopiu.net\/wordpress\/wp-content\/uploads\/2019\/12\/SONIA-BIESUZ-FOTO-300x300.jpg\" width=\"165\" height=\"165\" \/><\/p>\n<p>&nbsp;<\/p>\n<p>&nbsp;<\/p>\n<blockquote class=\"wp-embedded-content\" data-secret=\"X8MEtNrqX9\"><p><a href=\"https:\/\/www.radiopiu.net\/wordpress\/in-vivo-verso\/\">In Vivo Verso<\/a><\/p><\/blockquote>\n<p><iframe loading=\"lazy\" class=\"wp-embedded-content\" sandbox=\"allow-scripts\" security=\"restricted\" style=\"position: absolute; clip: rect(1px, 1px, 1px, 1px);\" title=\"&#8220;In Vivo Verso&#8221; &#8212; Radio Pi\u00f9\" src=\"https:\/\/www.radiopiu.net\/wordpress\/in-vivo-verso\/embed\/#?secret=pK0alzVhvR#?secret=X8MEtNrqX9\" data-secret=\"X8MEtNrqX9\" width=\"600\" height=\"338\" frameborder=\"0\" marginwidth=\"0\" marginheight=\"0\" scrolling=\"no\"><\/iframe><\/p>\n<p>&nbsp;<\/p>\n<hr \/>\n<p>&nbsp;<\/p>\n<p><span style=\"color: #0000ff;\">MUSICA PIU&#8217;\u00a0<\/span><\/p>\n<p><a href=\"https:\/\/www.radiopiu.net\/wordpress\/giornale-radiopiu-20-settembre-2021-direttore-mirko-mezzacasa\/pp-79\/\" rel=\"attachment wp-att-232921\"><img loading=\"lazy\" decoding=\"async\" class=\"wp-image-232921 alignleft\" src=\"https:\/\/www.radiopiu.net\/wordpress\/wp-content\/uploads\/2021\/09\/pp-1-300x300.jpg\" alt=\"\" width=\"135\" height=\"135\" srcset=\"https:\/\/www.radiopiu.net\/wordpress\/wp-content\/uploads\/2021\/09\/pp-1-300x300.jpg 300w, https:\/\/www.radiopiu.net\/wordpress\/wp-content\/uploads\/2021\/09\/pp-1-150x150.jpg 150w, https:\/\/www.radiopiu.net\/wordpress\/wp-content\/uploads\/2021\/09\/pp-1.jpg 640w\" sizes=\"auto, (max-width: 135px) 100vw, 135px\" \/><\/a><\/p>\n<div class=\"mkdf-post-text\">\n<div class=\"mkdf-post-text-inner\">\n<div class=\"mkdf-post-text-main\">\n<div class=\"mkdf-post-text\">\n<div class=\"mkdf-post-text-inner\">\n<div class=\"mkdf-post-text-main\">\n<div class=\"mkdf-post-text\">\n<div class=\"mkdf-post-text-inner\">\n<div class=\"mkdf-post-text-main\">\n<div class=\"page-title-head hgroup\">\n<div class=\"page-title-head hgroup\">\n<div class=\"mkdf-post-text\">\n<div class=\"mkdf-post-text-inner\">\n<div class=\"mkdf-post-text-main\">\n<div class=\"mkdf-post-text\">\n<div class=\"mkdf-post-text-inner\">\n<div class=\"mkdf-post-text-main\">\n<div class=\"page-title-head hgroup\">\n<div class=\"page-title-head hgroup\">\n<div class=\"page-title-head hgroup\">\n<div class=\"page-title-head hgroup\">\n<div class=\"b654a4as d2edcug0\">\n<div class=\"page-title-head hgroup\">\n<div class=\"page-title-head hgroup\">\n<div class=\"page-title-head hgroup\">\n<div class=\"page-title-head hgroup\">\n<div class=\"b654a4as d2edcug0\">\n<div class=\"page-title-head hgroup\">\n<div class=\"page-title-head hgroup\">\n<div class=\"page-title-head hgroup\">\n<div class=\"page-title-head hgroup\">\n<div class=\"b654a4as d2edcug0\">\n<div class=\"mkdf-post-text\">\n<div class=\"mkdf-post-text-inner\">\n<div class=\"mkdf-post-text-main\">\n<div class=\"mkdf-post-text\">\n<div class=\"mkdf-post-text-inner\">\n<div class=\"mkdf-post-text-main\">\n<div class=\"mkdf-post-text\">\n<div class=\"mkdf-post-text-inner\">\n<div class=\"mkdf-post-text-main\">\n<div class=\"page-title-head hgroup\">\n<div class=\"page-title-head hgroup\">\n<div class=\"mkdf-post-text\">\n<div class=\"mkdf-post-text-inner\">\n<div class=\"mkdf-post-text-main\">\n<div class=\"mkdf-post-text\">\n<div class=\"mkdf-post-text-inner\">\n<div class=\"mkdf-post-text-main\">\n<div class=\"page-title-head hgroup\">\n<div class=\"page-title-head hgroup\">\n<div class=\"page-title-head hgroup\">\n<div class=\"page-title-head hgroup\">\n<div class=\"b654a4as d2edcug0\">\n<div class=\"page-title-head hgroup\">\n<div class=\"page-title-head hgroup\">\n<div class=\"page-title-head hgroup\">\n<div class=\"page-title-head hgroup\">\n<div class=\"b654a4as d2edcug0\">\n<div class=\"page-title-head hgroup\">\n<div class=\"page-title-head hgroup\">\n<div class=\"page-title-head hgroup\">\n<div class=\"page-title-head hgroup\">\n<div class=\"b654a4as d2edcug0\">\n<div><\/div>\n<div><\/div>\n<div>\n<p><strong>MUSICA ALLA RADIO, IL PROGRAMMA DI LORIS SCUSSEL &#8220;COLLAGE OPERAZIONE NOSTALGIA&#8221; DAL LUNEDI AL VENERDI ALLE 16.00\u00a0 E ALLE 23\u00a0<\/strong><\/p>\n<\/div>\n<\/div>\n<p>&nbsp;<\/p>\n<p><strong>LE REPLICHE<\/strong><\/p>\n<p><strong>377<\/strong><\/p>\n<audio class=\"wp-audio-shortcode\" id=\"audio-285833-16\" preload=\"none\" style=\"width: 100%;\" controls=\"controls\"><source type=\"audio\/mpeg\" src=\"https:\/\/www.radiopiu.net\/wordpress\/wp-content\/uploads\/2022\/07\/Collage-377.mp3?_=16\" \/><a href=\"https:\/\/www.radiopiu.net\/wordpress\/wp-content\/uploads\/2022\/07\/Collage-377.mp3\">https:\/\/www.radiopiu.net\/wordpress\/wp-content\/uploads\/2022\/07\/Collage-377.mp3<\/a><\/audio>\n<p>&nbsp;<\/p>\n<p><strong>378<\/strong><\/p>\n<audio class=\"wp-audio-shortcode\" id=\"audio-285833-17\" preload=\"none\" style=\"width: 100%;\" controls=\"controls\"><source type=\"audio\/mpeg\" src=\"https:\/\/www.radiopiu.net\/wordpress\/wp-content\/uploads\/2022\/07\/Collage-378.mp3?_=17\" \/><a href=\"https:\/\/www.radiopiu.net\/wordpress\/wp-content\/uploads\/2022\/07\/Collage-378.mp3\">https:\/\/www.radiopiu.net\/wordpress\/wp-content\/uploads\/2022\/07\/Collage-378.mp3<\/a><\/audio>\n<p>&nbsp;<\/p>\n<p><strong><a class=\"dt-pswp-item\" href=\"https:\/\/www.radiopiu.net\/wordpress\/wp-content\/uploads\/2022\/07\/Nomadi.jpg\" data-dt-img-description=\"\" data-large_image_width=\"400\" data-large_image_height=\"254\"><img loading=\"lazy\" decoding=\"async\" class=\"alignleft wp-image-284969 \" src=\"https:\/\/www.radiopiu.net\/wordpress\/wp-content\/uploads\/2022\/07\/Nomadi-300x191.jpg\" alt=\"\" width=\"195\" height=\"124\" srcset=\"https:\/\/www.radiopiu.net\/wordpress\/wp-content\/uploads\/2022\/07\/Nomadi-300x191.jpg 300w, https:\/\/www.radiopiu.net\/wordpress\/wp-content\/uploads\/2022\/07\/Nomadi.jpg 400w\" sizes=\"auto, (max-width: 195px) 100vw, 195px\" \/><\/a>di Loris Scussel<\/strong><\/p>\n<p>Questa settimana grazie alla programmazione estiva di Collage che ogni giorno ripropone due diverse puntate ascolteremo molti brani di musica italiana in particolare due puntate dedicate ai cantautori, una al rock progressive di casa nostra, una al Juke Box , una ai complessi cosiddetti \u201cbeat\u201d ma non mancheranno gli artisti internazionali come David Bowie, Lou Reed, Genesis, King Krimson, Beatles, Rolling Stones e cos\u00ec via. Collage va in onda dal luned\u00ec al venerd\u00ec alle 16,00 e alle 23,00 naturalmente su Radio Pi\u00f9.<\/p>\n<p>&nbsp;<\/p>\n<p>&nbsp;<\/p>\n<div class=\"b654a4as d2edcug0\">\n<hr \/>\n<\/div>\n<\/div>\n<\/div>\n<\/div>\n<\/div>\n<\/div>\n<\/div>\n<\/div>\n<\/div>\n<\/div>\n<\/div>\n<\/div>\n<\/div>\n<\/div>\n<\/div>\n<\/div>\n<\/div>\n<\/div>\n<\/div>\n<\/div>\n<\/div>\n<\/div>\n<\/div>\n<\/div>\n<\/div>\n<\/div>\n<\/div>\n<\/div>\n<\/div>\n<\/div>\n<\/div>\n<\/div>\n<\/div>\n<\/div>\n<\/div>\n<\/div>\n<\/div>\n<\/div>\n<\/div>\n<\/div>\n<\/div>\n<\/div>\n<\/div>\n<\/div>\n<\/div>\n<\/div>\n<\/div>\n<\/div>\n<\/div>\n<\/div>\n<\/div>\n<\/div>\n<\/div>\n<\/div>\n<\/div>\n<\/div>\n<\/div>\n<\/div>\n<\/div>\n<\/div>\n<\/div>\n<\/div>\n<\/div>\n<\/div>\n<p>&nbsp;<\/p>\n<blockquote>\n<h3><span style=\"color: #0000ff;\">RADIO PIU INFORMAZIONE il canale su TELEGRAM informazione di prima mano e in tempo reale. iscriviti ed aiutaci a farlo conoscere\u00a0\u00a0<\/span><\/h3>\n<\/blockquote>\n<div>\n<div class=\"page-title-head hgroup\">\n<div class=\"page-title-head hgroup\">\n<div class=\"page-title-head hgroup\">\n<div class=\"page-title-head hgroup\">\n<div class=\"b654a4as d2edcug0\">\n<div class=\"page-title-head hgroup\">\n<div class=\"page-title-head hgroup\">\n<div class=\"page-title-head hgroup\">\n<div class=\"page-title-head hgroup\">\n<div class=\"b654a4as d2edcug0\">\n<div class=\"page-title-head hgroup\">\n<div class=\"page-title-head hgroup\">\n<div class=\"page-title-head hgroup\">\n<div class=\"page-title-head hgroup\">\n<div class=\"page-title-head hgroup\">\n<div class=\"page-title-head hgroup\">\n<div class=\"page-title-head hgroup\">\n<div class=\"page-title-head hgroup\">\n<div class=\"page-title-head hgroup\">\n<div class=\"b654a4as d2edcug0\">\n<div class=\"page-title-head hgroup\">\n<div class=\"page-title-head hgroup\">\n<div class=\"page-title-head hgroup\">\n<div class=\"page-title-head hgroup\">\n<div class=\"b654a4as d2edcug0\">\n<div><\/div>\n<div>\n<div class=\"page-title-head hgroup\">\n<div class=\"page-title-head hgroup\">\n<div class=\"page-title-head hgroup\">\n<div class=\"page-title-head hgroup\">\n<div class=\"page-title-head hgroup\">\n<div class=\"mkdf-post-text\">\n<div class=\"mkdf-post-text-inner\">\n<div class=\"mkdf-post-text-main\">\n<div class=\"mkdf-post-text\">\n<div class=\"mkdf-post-text-inner\">\n<div class=\"mkdf-post-text-main\">\n<div class=\"mkdf-post-text\">\n<div class=\"mkdf-post-text-inner\">\n<div class=\"mkdf-post-text-main\">\n<div class=\"page-title-head hgroup\">\n<div class=\"page-title-head hgroup\">\n<div class=\"mkdf-post-text\">\n<div class=\"mkdf-post-text-inner\">\n<div class=\"mkdf-post-text-main\">\n<div class=\"mkdf-post-text\">\n<div class=\"mkdf-post-text-inner\">\n<div class=\"mkdf-post-text-main\">\n<div class=\"page-title-head hgroup\">\n<div class=\"page-title-head hgroup\">\n<div class=\"page-title-head hgroup\">\n<div class=\"page-title-head hgroup\">\n<div class=\"b654a4as d2edcug0\">\n<div class=\"page-title-head hgroup\">\n<div class=\"page-title-head hgroup\">\n<div class=\"page-title-head hgroup\">\n<div class=\"page-title-head hgroup\">\n<div class=\"b654a4as d2edcug0\">\n<div class=\"page-title-head hgroup\">\n<div class=\"page-title-head hgroup\">\n<div class=\"page-title-head hgroup\">\n<p>&nbsp;<\/p>\n<div>\n<div class=\"page-title-head hgroup\">\n<div class=\"page-title-head hgroup\">\n<div class=\"b654a4as d2edcug0\">\n<div class=\"j83agx80 btwxx1t3 lhclo0ds hop8lmos nkwizq5d scwd0bx6 roh60bw9\">\n<div class=\"rq0escxv hkbzh7o3 jwdofwj8 n8tt0mok r8blr3vg hyh9befq\">\n<div class=\"do00u71z l9j0dhe7 k4urcfbm\">\n<div class=\"page-title-head hgroup\">\n<div class=\"page-title-head hgroup\">\n<div class=\"b654a4as d2edcug0\">\n<div class=\"j83agx80 btwxx1t3 lhclo0ds hop8lmos nkwizq5d scwd0bx6 roh60bw9\">\n<div class=\"rq0escxv hkbzh7o3 jwdofwj8 n8tt0mok r8blr3vg hyh9befq\">\n<div class=\"do00u71z l9j0dhe7 k4urcfbm\">\n<div class=\"ecm0bbzt e5nlhep0 a8c37x1j\">\n<div class=\"kvgmc6g5 cxmmr5t8 oygrvhab hcukyx3x c1et5uql\">\n<div class=\"gmail-kvgmc6g5 gmail-cxmmr5t8 gmail-oygrvhab gmail-hcukyx3x gmail-c1et5uql gmail-ii04i59q\">\n<div class=\"page-title-head hgroup\">\n<div class=\"page-title-head hgroup\">\n<div class=\"b654a4as d2edcug0\">\n<div class=\"j83agx80 btwxx1t3 lhclo0ds hop8lmos nkwizq5d scwd0bx6 roh60bw9\">\n<div class=\"rq0escxv hkbzh7o3 jwdofwj8 n8tt0mok r8blr3vg hyh9befq\">\n<div class=\"do00u71z l9j0dhe7 k4urcfbm\">\n<div class=\"page-title-head hgroup\">\n<div class=\"page-title-head hgroup\">\n<div class=\"b654a4as d2edcug0\">\n<div class=\"j83agx80 btwxx1t3 lhclo0ds hop8lmos nkwizq5d scwd0bx6 roh60bw9\">\n<div class=\"rq0escxv hkbzh7o3 jwdofwj8 n8tt0mok r8blr3vg hyh9befq\">\n<div class=\"do00u71z l9j0dhe7 k4urcfbm\">\n<div class=\"page-title-head hgroup\">\n<div class=\"page-title-head hgroup\">\n<div class=\"b654a4as d2edcug0\">\n<div class=\"j83agx80 btwxx1t3 lhclo0ds hop8lmos nkwizq5d scwd0bx6 roh60bw9\">\n<div class=\"rq0escxv hkbzh7o3 jwdofwj8 n8tt0mok r8blr3vg hyh9befq\">\n<div class=\"do00u71z l9j0dhe7 k4urcfbm\">\n<div class=\"ecm0bbzt e5nlhep0 a8c37x1j\">\n<div class=\"kvgmc6g5 cxmmr5t8 oygrvhab hcukyx3x c1et5uql\">\n<div class=\"gmail-kvgmc6g5 gmail-cxmmr5t8 gmail-oygrvhab gmail-hcukyx3x gmail-c1et5uql gmail-ii04i59q\">\n<div class=\"page-title-head hgroup\">\n<div class=\"page-title-head hgroup\">\n<div class=\"b654a4as d2edcug0\">\n<div class=\"j83agx80 btwxx1t3 lhclo0ds hop8lmos nkwizq5d scwd0bx6 roh60bw9\">\n<div class=\"rq0escxv hkbzh7o3 jwdofwj8 n8tt0mok r8blr3vg hyh9befq\">\n<div class=\"do00u71z l9j0dhe7 k4urcfbm\">\n<div class=\"page-title-head hgroup\">\n<div class=\"page-title-head hgroup\">\n<div class=\"page-title-head hgroup\">\n<div class=\"page-title-head hgroup\">\n<div class=\"b654a4as d2edcug0\">\n<div class=\"page-title-head hgroup\">\n<div class=\"page-title-head hgroup\">\n<div class=\"page-title-head hgroup\">\n<div class=\"page-title-head hgroup\">\n<div class=\"b654a4as d2edcug0\">\n<div class=\"page-title-head hgroup\">\n<div class=\"page-title-head hgroup\">\n<div class=\"page-title-head hgroup\">\n<div class=\"page-title-head hgroup\">\n<div class=\"page-title-head hgroup\">\n<div class=\"page-title-head hgroup\">\n<div class=\"page-title-head hgroup\">\n<div class=\"page-title-head hgroup\">\n<div class=\"page-title-head hgroup\">\n<div class=\"b654a4as d2edcug0\">\n<div class=\"page-title-head hgroup\">\n<div class=\"page-title-head hgroup\">\n<div class=\"page-title-head hgroup\">\n<div class=\"page-title-head hgroup\">\n<div class=\"b654a4as d2edcug0\">\n<div class=\"page-title-head hgroup\">\n<div class=\"page-title-head hgroup\">\n<div class=\"page-title-head hgroup\">\n<div class=\"page-title-head hgroup\">\n<div class=\"page-title-head hgroup\">\n<div class=\"mkdf-post-text\">\n<div class=\"mkdf-post-text-inner\">\n<div class=\"mkdf-post-text-main\">\n<div class=\"mkdf-post-text\">\n<div class=\"mkdf-post-text-inner\">\n<div class=\"mkdf-post-text-main\">\n<div class=\"mkdf-post-text\">\n<div class=\"mkdf-post-text-inner\">\n<div class=\"mkdf-post-text-main\">\n<div class=\"page-title-head hgroup\">\n<div class=\"page-title-head hgroup\">\n<div class=\"mkdf-post-text\">\n<div class=\"mkdf-post-text-inner\">\n<div class=\"mkdf-post-text-main\">\n<div class=\"mkdf-post-text\">\n<div class=\"mkdf-post-text-inner\">\n<div class=\"mkdf-post-text-main\">\n<div class=\"page-title-head hgroup\">\n<div class=\"page-title-head hgroup\">\n<div class=\"page-title-head hgroup\">\n<div class=\"page-title-head hgroup\">\n<div class=\"b654a4as d2edcug0\">\n<div class=\"page-title-head hgroup\">\n<div class=\"page-title-head hgroup\">\n<div class=\"page-title-head hgroup\">\n<div class=\"page-title-head hgroup\">\n<div class=\"b654a4as d2edcug0\">\n<div class=\"page-title-head hgroup\">\n<div class=\"page-title-head hgroup\">\n<div class=\"page-title-head hgroup\">\n<div class=\"page-title-head hgroup\">\n<div class=\"b654a4as d2edcug0\">\n<div class=\"ecm0bbzt e5nlhep0 a8c37x1j\">\n<div class=\"kvgmc6g5 cxmmr5t8 oygrvhab hcukyx3x c1et5uql\">\n<div class=\"gmail-kvgmc6g5 gmail-cxmmr5t8 gmail-oygrvhab gmail-hcukyx3x gmail-c1et5uql gmail-ii04i59q\">\n<div class=\"page-title-head hgroup\">\n<div class=\"page-title-head hgroup\">\n<div class=\"b654a4as d2edcug0\">\n<div class=\"j83agx80 btwxx1t3 lhclo0ds hop8lmos nkwizq5d scwd0bx6 roh60bw9\">\n<div class=\"rq0escxv hkbzh7o3 jwdofwj8 n8tt0mok r8blr3vg hyh9befq\">\n<div class=\"do00u71z l9j0dhe7 k4urcfbm\">\n<div class=\"page-title-head hgroup\">\n<div class=\"page-title-head hgroup\">\n<div class=\"page-title-head hgroup\">\n<div class=\"page-title-head hgroup\">\n<div class=\"b654a4as d2edcug0\">\n<div class=\"page-title-head hgroup\">\n<div class=\"page-title-head hgroup\">\n<div class=\"page-title-head hgroup\">\n<div class=\"page-title-head hgroup\">\n<div class=\"b654a4as d2edcug0\">\n<div class=\"page-title-head hgroup\">\n<div class=\"page-title-head hgroup\">\n<div class=\"page-title-head hgroup\">\n<div class=\"page-title-head hgroup\">\n<div class=\"page-title-head hgroup\">\n<div class=\"page-title-head hgroup\">\n<div class=\"page-title-head hgroup\">\n<div class=\"page-title-head hgroup\">\n<div class=\"page-title-head hgroup\">\n<div class=\"b654a4as d2edcug0\">\n<div class=\"page-title-head hgroup\">\n<div class=\"page-title-head hgroup\">\n<div class=\"page-title-head hgroup\">\n<div class=\"page-title-head hgroup\">\n<div class=\"b654a4as d2edcug0\">\n<div class=\"page-title-head hgroup\">\n<div class=\"page-title-head hgroup\">\n<div class=\"page-title-head hgroup\">\n<div class=\"page-title-head hgroup\">\n<div class=\"page-title-head hgroup\">\n<div class=\"mkdf-post-text\">\n<div class=\"mkdf-post-text-inner\">\n<div class=\"mkdf-post-text-main\">\n<div class=\"mkdf-post-text\">\n<div class=\"mkdf-post-text-inner\">\n<div class=\"mkdf-post-text-main\">\n<div class=\"mkdf-post-text\">\n<div class=\"mkdf-post-text-inner\">\n<div class=\"mkdf-post-text-main\">\n<div class=\"page-title-head hgroup\">\n<div class=\"page-title-head hgroup\">\n<div class=\"mkdf-post-text\">\n<div class=\"mkdf-post-text-inner\">\n<div class=\"mkdf-post-text-main\">\n<div class=\"mkdf-post-text\">\n<div class=\"mkdf-post-text-inner\">\n<div class=\"mkdf-post-text-main\">\n<div class=\"page-title-head hgroup\">\n<div class=\"page-title-head hgroup\">\n<div class=\"page-title-head hgroup\">\n<div class=\"page-title-head hgroup\">\n<div class=\"b654a4as d2edcug0\">\n<div class=\"page-title-head hgroup\">\n<div class=\"page-title-head hgroup\">\n<div class=\"page-title-head hgroup\">\n<div class=\"page-title-head hgroup\">\n<div class=\"b654a4as d2edcug0\">\n<div class=\"page-title-head hgroup\">\n<div class=\"page-title-head hgroup\">\n<div class=\"page-title-head hgroup\">\n<div class=\"page-title-head hgroup\">\n<div class=\"b654a4as d2edcug0\">\n<hr \/>\n<p>&nbsp;<\/p>\n<div>\n<p><strong>DUE MINUTI UN LIBRO, TUTTI I GIORNI ALLA RADIO ALLE 9.40 E ALLE 17.50\u00a0\u00a0<\/strong><\/p>\n<div>\n<div>\n<p><strong>LA RACCOLTA COMPLETA\u00a0\u00a0<\/strong><\/p>\n<\/div>\n<\/div>\n<\/div>\n<div class=\"mkdf-post-text\">\n<div class=\"mkdf-post-text-inner\">\n<div class=\"mkdf-post-text-main\">\n<div class=\"mkdf-post-text\">\n<div class=\"mkdf-post-text-inner\">\n<div class=\"mkdf-post-text-main\">\n<div class=\"mkdf-post-text\">\n<div class=\"mkdf-post-text-inner\">\n<div class=\"mkdf-post-text-main\">\n<div class=\"page-title-head hgroup\">\n<div class=\"page-title-head hgroup\">\n<div class=\"mkdf-post-text\">\n<div class=\"mkdf-post-text-inner\">\n<div class=\"mkdf-post-text-main\">\n<div class=\"mkdf-post-text\">\n<div class=\"mkdf-post-text-inner\">\n<div class=\"mkdf-post-text-main\">\n<div class=\"page-title-head hgroup\">\n<div class=\"page-title-head hgroup\">\n<div class=\"page-title-head hgroup\">\n<div class=\"page-title-head hgroup\">\n<div class=\"b654a4as d2edcug0\">\n<div class=\"page-title-head hgroup\">\n<div class=\"page-title-head hgroup\">\n<div class=\"page-title-head hgroup\">\n<div class=\"page-title-head hgroup\">\n<div class=\"b654a4as d2edcug0\">\n<div class=\"page-title-head hgroup\">\n<div class=\"page-title-head hgroup\">\n<div class=\"page-title-head hgroup\">\n<div class=\"page-title-head hgroup\">\n<div class=\"b654a4as d2edcug0\">\n<div>\n<blockquote class=\"wp-embedded-content\" data-secret=\"ir2cEf88gI\"><p><a href=\"https:\/\/www.radiopiu.net\/wordpress\/due-minuti-un-libro\/\">Due minuti un libro<\/a><\/p><\/blockquote>\n<p><iframe loading=\"lazy\" class=\"wp-embedded-content\" sandbox=\"allow-scripts\" security=\"restricted\" style=\"position: absolute; clip: rect(1px, 1px, 1px, 1px);\" title=\"&#8220;Due minuti un libro&#8221; &#8212; Radio Pi\u00f9\" src=\"https:\/\/www.radiopiu.net\/wordpress\/due-minuti-un-libro\/embed\/#?secret=qp22J2Kjpn#?secret=ir2cEf88gI\" data-secret=\"ir2cEf88gI\" width=\"600\" height=\"338\" frameborder=\"0\" marginwidth=\"0\" marginheight=\"0\" scrolling=\"no\"><\/iframe><\/p>\n<p>&nbsp;<\/p>\n<\/div>\n<div>\n<hr \/>\n<p>&nbsp;<\/p>\n<\/div>\n<h2><span style=\"color: #808000;\">L&#8217;ALMANACCO LADINO\u00a0<\/span><strong> \u00a0<\/strong><\/h2>\n<p><strong>LA PUNTATA DELLA SETTIMANA, 04 LUGLIO 2022<\/strong><\/p>\n<audio class=\"wp-audio-shortcode\" id=\"audio-285833-18\" preload=\"none\" style=\"width: 100%;\" controls=\"controls\"><source type=\"audio\/mpeg\" src=\"https:\/\/www.radiopiu.net\/wordpress\/wp-content\/uploads\/2022\/07\/ALMANACCO-LADINO-04-LUGLIO.mp3?_=18\" \/><a href=\"https:\/\/www.radiopiu.net\/wordpress\/wp-content\/uploads\/2022\/07\/ALMANACCO-LADINO-04-LUGLIO.mp3\">https:\/\/www.radiopiu.net\/wordpress\/wp-content\/uploads\/2022\/07\/ALMANACCO-LADINO-04-LUGLIO.mp3<\/a><\/audio>\n<p><strong>LA RACCOLTA<\/strong><\/p>\n<blockquote class=\"wp-embedded-content\" data-secret=\"YtYevP0Nvp\"><p><a href=\"https:\/\/www.radiopiu.net\/wordpress\/almanacco-ladino\/\">Almanacco Ladino<\/a><\/p><\/blockquote>\n<p><iframe loading=\"lazy\" class=\"wp-embedded-content\" sandbox=\"allow-scripts\" security=\"restricted\" style=\"position: absolute; clip: rect(1px, 1px, 1px, 1px);\" title=\"&#8220;Almanacco Ladino&#8221; &#8212; Radio Pi\u00f9\" src=\"https:\/\/www.radiopiu.net\/wordpress\/almanacco-ladino\/embed\/#?secret=im1qKaTczb#?secret=YtYevP0Nvp\" data-secret=\"YtYevP0Nvp\" width=\"600\" height=\"338\" frameborder=\"0\" marginwidth=\"0\" marginheight=\"0\" scrolling=\"no\"><\/iframe><\/p>\n<p>&nbsp;<\/p>\n<hr \/>\n<p>&nbsp;<\/p>\n<h2><span style=\"color: #33cccc;\">LA RASSEGNA STAMPA DA L&#8217;AMICO DEL POPOLO<\/span><\/h2>\n<p><strong><a class=\"dt-pswp-item\" href=\"https:\/\/www.radiopiu.net\/wordpress\/wp-content\/uploads\/2022\/07\/EDDY-GASPARI.png\" data-dt-img-description=\"\" data-large_image_width=\"1062\" data-large_image_height=\"868\"><img loading=\"lazy\" decoding=\"async\" class=\"size-thumbnail wp-image-284849 alignleft\" src=\"https:\/\/www.radiopiu.net\/wordpress\/wp-content\/uploads\/2022\/07\/EDDY-GASPARI-150x150.png\" alt=\"\" width=\"150\" height=\"150\" \/><\/a>di Gianni Santomaso<\/strong><\/p>\n<p>OSPITE: Eddy Gaspari, Presidente della Croce Verde Val Biois<\/p>\n<audio class=\"wp-audio-shortcode\" id=\"audio-285833-19\" preload=\"none\" style=\"width: 100%;\" controls=\"controls\"><source type=\"audio\/mpeg\" src=\"https:\/\/www.radiopiu.net\/wordpress\/wp-content\/uploads\/2022\/07\/RASSEGNA-GIANNI.mp3?_=19\" \/><a href=\"https:\/\/www.radiopiu.net\/wordpress\/wp-content\/uploads\/2022\/07\/RASSEGNA-GIANNI.mp3\">https:\/\/www.radiopiu.net\/wordpress\/wp-content\/uploads\/2022\/07\/RASSEGNA-GIANNI.mp3<\/a><\/audio>\n<p>&nbsp;<\/p>\n<p><strong>LA RACCOLTA COMPLETA<\/strong><\/p>\n<blockquote class=\"wp-embedded-content\" data-secret=\"Ga16dXfb9m\"><p><a href=\"https:\/\/www.radiopiu.net\/wordpress\/rassegna-stampa-di-gianni-santomaso\/\">Rassegna stampa da l&#8217;amico del popolo &#8211; di Gianni Santomaso<\/a><\/p><\/blockquote>\n<p><iframe loading=\"lazy\" class=\"wp-embedded-content\" sandbox=\"allow-scripts\" security=\"restricted\" style=\"position: absolute; clip: rect(1px, 1px, 1px, 1px);\" title=\"&#8220;Rassegna stampa da l&#8217;amico del popolo &#8211; di Gianni Santomaso&#8221; &#8212; Radio Pi\u00f9\" src=\"https:\/\/www.radiopiu.net\/wordpress\/rassegna-stampa-di-gianni-santomaso\/embed\/#?secret=sp6csj6c0O#?secret=Ga16dXfb9m\" data-secret=\"Ga16dXfb9m\" width=\"600\" height=\"338\" frameborder=\"0\" marginwidth=\"0\" marginheight=\"0\" scrolling=\"no\"><\/iframe><\/p>\n<p>&nbsp;<\/p>\n<hr \/>\n<p>&nbsp;<\/p>\n<div>\n<div class=\"page-title-head hgroup\">\n<div class=\"page-title-head hgroup\">\n<div class=\"b654a4as d2edcug0\">\n<div class=\"j83agx80 btwxx1t3 lhclo0ds hop8lmos nkwizq5d scwd0bx6 roh60bw9\">\n<div class=\"rq0escxv hkbzh7o3 jwdofwj8 n8tt0mok r8blr3vg hyh9befq\">\n<div class=\"do00u71z l9j0dhe7 k4urcfbm\">\n<div class=\"ecm0bbzt e5nlhep0 a8c37x1j\">\n<div class=\"kvgmc6g5 cxmmr5t8 oygrvhab hcukyx3x c1et5uql\">\n<div class=\"gmail-kvgmc6g5 gmail-cxmmr5t8 gmail-oygrvhab gmail-hcukyx3x gmail-c1et5uql gmail-ii04i59q\">\n<div class=\"page-title-head hgroup\">\n<div class=\"page-title-head hgroup\">\n<div class=\"b654a4as d2edcug0\">\n<div class=\"j83agx80 btwxx1t3 lhclo0ds hop8lmos nkwizq5d scwd0bx6 roh60bw9\">\n<div class=\"rq0escxv hkbzh7o3 jwdofwj8 n8tt0mok r8blr3vg hyh9befq\">\n<div class=\"do00u71z l9j0dhe7 k4urcfbm\">\n<div class=\"page-title-head hgroup\">\n<div class=\"page-title-head hgroup\">\n<div class=\"page-title-head hgroup\">\n<div class=\"page-title-head hgroup\">\n<div class=\"b654a4as d2edcug0\">\n<div class=\"page-title-head hgroup\">\n<div class=\"page-title-head hgroup\">\n<div class=\"page-title-head hgroup\">\n<div class=\"page-title-head hgroup\">\n<div class=\"b654a4as d2edcug0\">\n<div class=\"page-title-head hgroup\">\n<div class=\"page-title-head hgroup\">\n<div class=\"page-title-head hgroup\">\n<div class=\"page-title-head hgroup\">\n<div class=\"page-title-head hgroup\">\n<div class=\"page-title-head hgroup\">\n<div class=\"page-title-head hgroup\">\n<div class=\"page-title-head hgroup\">\n<div class=\"page-title-head hgroup\">\n<div class=\"b654a4as d2edcug0\">\n<div class=\"page-title-head hgroup\">\n<div class=\"page-title-head hgroup\">\n<div class=\"page-title-head hgroup\">\n<div class=\"page-title-head hgroup\">\n<div class=\"b654a4as d2edcug0\">\n<div class=\"page-title-head hgroup\">\n<div class=\"page-title-head hgroup\">\n<div class=\"page-title-head hgroup\">\n<div class=\"page-title-head hgroup\">\n<div class=\"page-title-head hgroup\">\n<div class=\"mkdf-post-text\">\n<div class=\"mkdf-post-text-inner\">\n<div class=\"mkdf-post-text-main\">\n<div class=\"mkdf-post-text\">\n<div class=\"mkdf-post-text-inner\">\n<div class=\"mkdf-post-text-main\">\n<div class=\"mkdf-post-text\">\n<div class=\"mkdf-post-text-inner\">\n<div class=\"mkdf-post-text-main\">\n<div class=\"page-title-head hgroup\">\n<div class=\"page-title-head hgroup\">\n<div class=\"mkdf-post-text\">\n<div class=\"mkdf-post-text-inner\">\n<div class=\"mkdf-post-text-main\">\n<div class=\"mkdf-post-text\">\n<div class=\"mkdf-post-text-inner\">\n<div class=\"mkdf-post-text-main\">\n<div class=\"page-title-head hgroup\">\n<div class=\"page-title-head hgroup\">\n<div class=\"page-title-head hgroup\">\n<div class=\"page-title-head hgroup\">\n<div class=\"b654a4as d2edcug0\">\n<div class=\"page-title-head hgroup\">\n<div class=\"page-title-head hgroup\">\n<div class=\"page-title-head hgroup\">\n<div class=\"page-title-head hgroup\">\n<div class=\"b654a4as d2edcug0\">\n<div class=\"page-title-head hgroup\">\n<div class=\"page-title-head hgroup\">\n<div class=\"page-title-head hgroup\">\n<div class=\"page-title-head hgroup\">\n<div class=\"b654a4as d2edcug0\">\n<h2><span style=\"color: #800080;\">I RACCONTI DI PAOLO SOPPELSA\u00a0<\/span><\/h2>\n<p><strong>LA RACCOLTA COMPLETA<\/strong><\/p>\n<blockquote class=\"wp-embedded-content\" data-secret=\"cygDK0yTHT\"><p><a href=\"https:\/\/www.radiopiu.net\/wordpress\/i-racconti-di-paolo-soppelsa\/\">I racconti di Paolo Soppelsa<\/a><\/p><\/blockquote>\n<p><iframe loading=\"lazy\" class=\"wp-embedded-content\" sandbox=\"allow-scripts\" security=\"restricted\" style=\"position: absolute; clip: rect(1px, 1px, 1px, 1px);\" title=\"&#8220;I racconti di Paolo Soppelsa&#8221; &#8212; Radio Pi\u00f9\" src=\"https:\/\/www.radiopiu.net\/wordpress\/i-racconti-di-paolo-soppelsa\/embed\/#?secret=qZJIqcdIYg#?secret=cygDK0yTHT\" data-secret=\"cygDK0yTHT\" width=\"600\" height=\"338\" frameborder=\"0\" marginwidth=\"0\" marginheight=\"0\" scrolling=\"no\"><\/iframe><\/p>\n<p>&nbsp;<\/p>\n<hr \/>\n<p>&nbsp;<\/p>\n<\/div>\n<\/div>\n<\/div>\n<\/div>\n<\/div>\n<\/div>\n<\/div>\n<\/div>\n<\/div>\n<\/div>\n<\/div>\n<\/div>\n<\/div>\n<\/div>\n<\/div>\n<\/div>\n<\/div>\n<\/div>\n<\/div>\n<\/div>\n<\/div>\n<\/div>\n<\/div>\n<\/div>\n<\/div>\n<\/div>\n<\/div>\n<\/div>\n<\/div>\n<\/div>\n<\/div>\n<\/div>\n<\/div>\n<\/div>\n<\/div>\n<\/div>\n<\/div>\n<\/div>\n<\/div>\n<\/div>\n<\/div>\n<\/div>\n<\/div>\n<\/div>\n<\/div>\n<\/div>\n<\/div>\n<\/div>\n<\/div>\n<\/div>\n<\/div>\n<\/div>\n<\/div>\n<\/div>\n<\/div>\n<\/div>\n<\/div>\n<\/div>\n<\/div>\n<\/div>\n<\/div>\n<\/div>\n<\/div>\n<\/div>\n<\/div>\n<\/div>\n<\/div>\n<\/div>\n<\/div>\n<\/div>\n<\/div>\n<\/div>\n<\/div>\n<\/div>\n<\/div>\n<\/div>\n<\/div>\n<\/div>\n<\/div>\n<\/div>\n<\/div>\n<\/div>\n<\/div>\n<\/div>\n<\/div>\n<\/div>\n<\/div>\n<\/div>\n<\/div>\n<\/div>\n<\/div>\n<\/div>\n<\/div>\n<\/div>\n<\/div>\n<\/div>\n<\/div>\n<\/div>\n<\/div>\n<\/div>\n<\/div>\n<\/div>\n<\/div>\n<\/div>\n<\/div>\n<\/div>\n<\/div>\n<\/div>\n<\/div>\n<\/div>\n<\/div>\n<div class=\"b654a4as d2edcug0\">\n<div class=\"ecm0bbzt e5nlhep0 a8c37x1j\">\n<div class=\"kvgmc6g5 cxmmr5t8 oygrvhab hcukyx3x c1et5uql\">\n<div class=\"gmail-kvgmc6g5 gmail-cxmmr5t8 gmail-oygrvhab gmail-hcukyx3x gmail-c1et5uql gmail-ii04i59q\">\n<div>\n<div class=\"page-title-head hgroup\">\n<div class=\"page-title-head hgroup\">\n<div class=\"b654a4as d2edcug0\">\n<div class=\"j83agx80 btwxx1t3 lhclo0ds hop8lmos nkwizq5d scwd0bx6 roh60bw9\">\n<div class=\"rq0escxv hkbzh7o3 jwdofwj8 n8tt0mok r8blr3vg hyh9befq\">\n<div class=\"do00u71z l9j0dhe7 k4urcfbm\">\n<div>\n<div class=\"page-title-head hgroup\">\n<div class=\"page-title-head hgroup\">\n<div class=\"page-title-head hgroup\">\n<div class=\"page-title-head hgroup\">\n<div class=\"b654a4as d2edcug0\">\n<div class=\"page-title-head hgroup\">\n<div class=\"page-title-head hgroup\">\n<div class=\"page-title-head hgroup\">\n<div class=\"page-title-head hgroup\">\n<div class=\"b654a4as d2edcug0\">\n<div class=\"page-title-head hgroup\">\n<div class=\"page-title-head hgroup\">\n<div class=\"page-title-head hgroup\">\n<div class=\"page-title-head hgroup\">\n<div class=\"page-title-head hgroup\">\n<div class=\"mkdf-post-text\">\n<div class=\"mkdf-post-text-inner\">\n<div class=\"mkdf-post-text-main\">\n<div class=\"mkdf-post-text\">\n<div class=\"mkdf-post-text-inner\">\n<div class=\"mkdf-post-text-main\">\n<div class=\"mkdf-post-text\">\n<div class=\"mkdf-post-text-inner\">\n<div class=\"mkdf-post-text-main\">\n<div class=\"page-title-head hgroup\">\n<div class=\"page-title-head hgroup\">\n<div class=\"mkdf-post-text\">\n<div class=\"mkdf-post-text-inner\">\n<div class=\"mkdf-post-text-main\">\n<div class=\"mkdf-post-text\">\n<div class=\"mkdf-post-text-inner\">\n<div class=\"mkdf-post-text-main\">\n<div>\n<div class=\"page-title-head hgroup\">\n<div class=\"page-title-head hgroup\">\n<div>\n<div class=\"page-title-head hgroup\">\n<div class=\"page-title-head hgroup\">\n<div class=\"b654a4as d2edcug0\">\n<div>\n<div class=\"page-title-head hgroup\" style=\"text-align: left;\">\n<div class=\"page-title-head hgroup\">\n<div dir=\"auto\">\n<p><a class=\"dt-pswp-item pspw-wrap-ready\" href=\"https:\/\/i0.wp.com\/www.radiopiu.net\/wordpress\/wp-content\/uploads\/2018\/09\/WhatsApp-Image-2018-09-20-at-16.04.06.jpeg?ssl=1\" data-dt-img-description=\"\" data-large_image_width=\"800\" data-large_image_height=\"100\"><img loading=\"lazy\" decoding=\"async\" class=\"aligncenter wp-image-61378 size-full jetpack-lazy-image jetpack-lazy-image--handled\" src=\"https:\/\/i0.wp.com\/www.radiopiu.net\/wordpress\/wp-content\/uploads\/2018\/09\/WhatsApp-Image-2018-09-20-at-16.04.06.jpeg?resize=800%2C100&amp;ssl=1\" sizes=\"auto, (max-width: 800px) 100vw, 800px\" srcset=\"https:\/\/i0.wp.com\/www.radiopiu.net\/wordpress\/wp-content\/uploads\/2018\/09\/WhatsApp-Image-2018-09-20-at-16.04.06.jpeg?w=800&amp;ssl=1 800w, https:\/\/i0.wp.com\/www.radiopiu.net\/wordpress\/wp-content\/uploads\/2018\/09\/WhatsApp-Image-2018-09-20-at-16.04.06.jpeg?resize=300%2C38&amp;ssl=1 300w, https:\/\/i0.wp.com\/www.radiopiu.net\/wordpress\/wp-content\/uploads\/2018\/09\/WhatsApp-Image-2018-09-20-at-16.04.06.jpeg?resize=768%2C96&amp;ssl=1 768w\" alt=\"\" width=\"800\" height=\"100\" data-lazy-loaded=\"1\" \/><\/a><\/p>\n<\/div>\n<\/div>\n<\/div>\n<\/div>\n<\/div>\n<\/div>\n<\/div>\n<\/div>\n<\/div>\n<\/div>\n<\/div>\n<\/div>\n<\/div>\n<\/div>\n<\/div>\n<\/div>\n<\/div>\n<\/div>\n<\/div>\n<\/div>\n<\/div>\n<\/div>\n<\/div>\n<\/div>\n<\/div>\n<\/div>\n<\/div>\n<\/div>\n<\/div>\n<\/div>\n<\/div>\n<\/div>\n<\/div>\n<\/div>\n<\/div>\n<\/div>\n<\/div>\n<\/div>\n<\/div>\n<\/div>\n<\/div>\n<\/div>\n<\/div>\n<\/div>\n<\/div>\n<\/div>\n<\/div>\n<\/div>\n<\/div>\n<\/div>\n<\/div>\n<\/div>\n<\/div>\n<\/div>\n<\/div>\n<\/div>\n<\/div>\n<\/div>\n<\/div>\n<\/div>\n<\/div>\n<\/div>\n<\/div>\n<\/div>\n<\/div>\n<\/div>\n<\/div>\n<\/div>\n<\/div>\n<\/div>\n<\/div>\n<\/div>\n<\/div>\n<\/div>\n<\/div>\n<\/div>\n<\/div>\n<\/div>\n<\/div>\n<\/div>\n<\/div>\n<\/div>\n<\/div>\n<\/div>\n<\/div>\n<\/div>\n<\/div>\n<\/div>\n<\/div>\n<\/div>\n<\/div>\n<\/div>\n<\/div>\n<\/div>\n<\/div>\n<\/div>\n<\/div>\n<\/div>\n<\/div>\n<\/div>\n<\/div>\n<\/div>\n<\/div>\n<\/div>\n<\/div>\n<\/div>\n<\/div>\n<\/div>\n<\/div>\n<\/div>\n<\/div>\n<\/div>\n<\/div>\n<\/div>\n<\/div>\n<\/div>\n<\/div>\n<\/div>\n<\/div>\n<\/div>\n<\/div>\n<\/div>\n<\/div>\n<\/div>\n<\/div>\n<\/div>\n<\/div>\n<\/div>\n<\/div>\n<\/div>\n<\/div>\n<\/div>\n<\/div>\n<\/div>\n<\/div>\n<\/div>\n<\/div>\n<\/div>\n<\/div>\n<\/div>\n<\/div>\n<\/div>\n<\/div>\n<\/div>\n<\/div>\n<\/div>\n<\/div>\n<\/div>\n<\/div>\n<\/div>\n<\/div>\n<\/div>\n<\/div>\n<\/div>\n<\/div>\n<\/div>\n<\/div>\n<\/div>\n<\/div>\n<\/div>\n<\/div>\n<\/div>\n<\/div>\n<\/div>\n<\/div>\n<\/div>\n<\/div>\n<\/div>\n<\/div>\n<\/div>\n<\/div>\n<\/div>\n<\/div>\n<\/div>\n<\/div>\n<\/div>\n<\/div>\n<\/div>\n<\/div>\n<\/div>\n<\/div>\n<\/div>\n<\/div>\n<\/div>\n<\/div>\n<\/div>\n<\/div>\n<\/div>\n<\/div>\n<\/div>\n<\/div>\n<\/div>\n<\/div>\n<\/div>\n<\/div>\n<\/div>\n<\/div>\n<\/div>\n<\/div>\n<\/div>\n<\/div>\n<\/div>\n<\/div>\n<\/div>\n<\/div>\n<\/div>\n<\/div>\n<\/div>\n<\/div>\n<\/div>\n<\/div>\n<\/div>\n<\/div>\n<\/div>\n<\/div>\n<\/div>\n<\/div>\n<\/div>\n<\/div>\n<\/div>\n<\/div>\n<\/div>\n<\/div>\n<\/div>\n<\/div>\n<\/div>\n<\/div>\n<\/div>\n<\/div>\n<\/div>\n<div style=\"text-align: left;\">\n<p><strong>\u00a0\u00a0<\/strong><\/p>\n<p><center><b>Venerdi 8<\/b><\/center><b>Tempo atteso: <\/b>Al mattino, nelle prime ore, residua nuvolosit\u00e0; tuttavia, la mattinata trascorrer\u00e0 in prevalenza con tempo stabile e ben soleggiato, aria tersa e ottima visibilit\u00e0 a tutte le quote, salvo qualche modesto e innocuo annuvolamento pomeridiano, specie in prossimit\u00e0 delle cime. Nelle ore pi\u00f9 fredde possibili nubi basse in alcune valli, in rapido dissolvimento dopo l&#8217;alba.<br \/>\n<b>Precipitazioni: <\/b>Assenti (0%).<br \/>\n<b>Temperature: <\/b>Minime in ulteriore lieve o contenuto calo, massime in lieve o contenuto aumento nelle valli, stazionarie o in lieve calo in alta montagna. Su Prealpi a 1500 m min 9\u00b0, max 16\u00b0; a 2000 m min 6\u00b0, max 12\u00b0. Su Dolomiti a 2000 m min 4\u00b0, max 12\u00b0, a 3000 m min -2\u00b0, max 3\u00b0C.<br \/>\n<b>Venti: <\/b>Nelle valli in genere moderati di direzione variabile con raffiche di Foehn in alcune valli; in quota moderati sulle vette prealpine, tesi o forti sulle cime dolomitiche, da nord, nord ovest, a 5-20 km\/h a 2000 m e a 35-60 km\/h a 3000 m.<\/p>\n<hr \/>\n<p><center><b>Sabato 9<\/b><\/center><b>Tempo atteso: <\/b>Ancora una giornata stabile e ben soleggiata specie al mattino con aria asciutta e ottima visibilit\u00e0; possibile qualche modesto annuvolamento pomeridiano in prossimit\u00e0 delle cime per modesta attivit\u00e0 cumuliforme e per qualche sottile velatura poco significativa.<br \/>\n<b>Precipitazioni: <\/b>Assenti (0%).<br \/>\n<b>Temperature: <\/b>Minime in ulteriore diminuzione, specie nelle valli, massime in contenuto aumento soprattutto in alta montagna. Clima di stampo estivo, con temperature diurne nelle valli piuttosto gradevoli e prossime ai valori normali, mentre al mattino, intorno all&#8217;alba, far\u00e0 ancora piuttosto fresco per il periodo. Su Prealpi a 1500 m min 9\u00b0, max 17\u00b0; a 2000 m min 5\u00b0, max 13\u00b0. Su Dolomiti a 2000 m min 4\u00b0, max 14\u00b0; a 3000 m min 0\u00b0, max 5\u00b0C.<br \/>\n<b>Venti: <\/b>Nelle valli in prevalenza moderati soprattutto dalle ore centrali a regime di brezza; in quota moderati o tesi da nord, nord ovest a 10-20 km\/h a 2000 m e a 25-35 km\/h a 3000 m.<\/p>\n<hr \/>\n<p><center><b>Domenica 10<\/b><\/center>Cielo sereno o poco nuvoloso su tutte le zone montane, con moderato aumento della nuvolosit\u00e0 soprattutto dalle ore centrali, per formazioni di innocui addensamenti, specie lungo i pendii in prossimit\u00e0 delle cime. Precipitazioni assenti. Temperature minime in lieve o contenuto aumento, massime nelle valli stazionarie o in lieve aumento, in alta montagna in lieve o contenuta diminuzione. Venti in quota moderati o tesi da nord ovest.<\/p>\n<hr \/>\n<p><center><b>Lunedi 11<\/b><\/center>Al mattino tempo soleggiato e stabile con cielo sereno o poco nuvoloso. Graduale aumento delle nuvolosit\u00e0 nel corso della mattinata specie nelle ore pi\u00f9 calde con possibili precipitazioni sparse nel pomeriggio anche con qualche rovescio o temporale; schiarite nella notte- Temperature minime senza notevoli variazioni, massime in lieve calo con clima di stampo estivo e valori termici prossimi alla norma. Venti in quota moderati settentrionali. Previsore: M.Padoan<\/p>\n<p>&nbsp;<\/p>\n<\/div>\n<hr \/>\n<p>&nbsp;<\/p>\n<p>&nbsp;<\/p>\n<p><a href=\"https:\/\/www.radiopiu.net\/wordpress\/giornale-radiopiu-26-settembre-2018-direttore-mirko-mezzacasa\/viabilita-2\/\" rel=\"attachment wp-att-61954\"><img loading=\"lazy\" decoding=\"async\" class=\"aligncenter wp-image-61954 size-full\" src=\"https:\/\/www.radiopiu.net\/wordpress\/wp-content\/uploads\/2018\/09\/viabilita.jpeg\" sizes=\"auto, (max-width: 800px) 100vw, 800px\" srcset=\"https:\/\/www.radiopiu.net\/wordpress\/wp-content\/uploads\/2018\/09\/viabilita.jpeg 800w, https:\/\/www.radiopiu.net\/wordpress\/wp-content\/uploads\/2018\/09\/viabilita-300x38.jpeg 300w, https:\/\/www.radiopiu.net\/wordpress\/wp-content\/uploads\/2018\/09\/viabilita-768x96.jpeg 768w\" alt=\"\" width=\"800\" height=\"100\" \/><\/a><\/p>\n<p>&nbsp;<\/p>\n<blockquote class=\"wp-embedded-content\" data-secret=\"bK056ASD8U\"><p><a href=\"https:\/\/www.radiopiu.net\/wordpress\/viabilita\/\">viabilita<\/a><\/p><\/blockquote>\n<p><iframe loading=\"lazy\" class=\"wp-embedded-content\" sandbox=\"allow-scripts\" security=\"restricted\" style=\"position: absolute; clip: rect(1px, 1px, 1px, 1px);\" title=\"&#8220;viabilita&#8221; &#8212; Radio Pi\u00f9\" src=\"https:\/\/www.radiopiu.net\/wordpress\/viabilita\/embed\/#?secret=HecyxI2CEr#?secret=bK056ASD8U\" data-secret=\"bK056ASD8U\" width=\"600\" height=\"338\" frameborder=\"0\" marginwidth=\"0\" marginheight=\"0\" scrolling=\"no\"><\/iframe><\/p>\n<p>&nbsp;<\/p>\n<hr \/>\n<p>&nbsp;<\/p>\n<p>&nbsp;<\/p>\n<p><img loading=\"lazy\" decoding=\"async\" class=\"wp-image-60761 size-full aligncenter\" src=\"https:\/\/www.radiopiu.net\/wordpress\/wp-content\/uploads\/2018\/09\/sport.jpg\" alt=\"\" width=\"800\" height=\"100\" srcset=\"https:\/\/www.radiopiu.net\/wordpress\/wp-content\/uploads\/2018\/09\/sport.jpg 800w, https:\/\/www.radiopiu.net\/wordpress\/wp-content\/uploads\/2018\/09\/sport-300x38.jpg 300w, https:\/\/www.radiopiu.net\/wordpress\/wp-content\/uploads\/2018\/09\/sport-768x96.jpg 768w\" sizes=\"auto, (max-width: 800px) 100vw, 800px\" \/><\/p>\n<p>&nbsp;<\/p>\n<p><span style=\"color: #0000ff;\"><strong>CALCIO<\/strong><\/span><\/p>\n<blockquote>\n<h3>IL CANALE COMANDA LA CLASSIFICA DEL CAMPIONATO AGORDINO GIOVANILE<\/h3>\n<\/blockquote>\n<p><strong><a class=\"dt-pswp-item\" href=\"https:\/\/www.radiopiu.net\/wordpress\/wp-content\/uploads\/2018\/12\/CALCIO-VINTAGE.jpg\" data-dt-img-description=\"\" data-large_image_width=\"800\" data-large_image_height=\"500\"><img loading=\"lazy\" decoding=\"async\" class=\"size-thumbnail wp-image-69635 alignleft\" src=\"https:\/\/www.radiopiu.net\/wordpress\/wp-content\/uploads\/2018\/12\/CALCIO-VINTAGE-150x150.jpg\" alt=\"\" width=\"150\" height=\"150\" \/><\/a>REDAZIONE\u00a0<\/strong>Nel turno infrasettimanale del Campionato Agordino under 14, Il Canale, battendo il La Vallle, incamera la terza vittoria stagionale e si candida come squadra da battere di questa edizione 2022. Il Taibon sotterra di gol il Le Ville mentre il Fodom vince di misura con il Cencenighe. Sagra del gol a Voltago con il Taibon di Broglio che, senza piet\u00e0, rifila 11 reti al Le Ville. Taiboner che vincono grazie alle doppiette di Domenico Ferrara e Thomas Zasso, la tripletta di Denis Vintila e i gol di Noah Fusina, Daniel Mezzacasa, Patrick Murer e Nicol\u00f2 Porta. Le Ville che si deve accontentare dei gol di Bryan Gjinaj e la doppietta di Sara Chierchia. A Cencenighe i padroni di casa si devono arrendere al Fodom dopo una partita combattuta. Orsetti che vincono grazie ai gol di Luca Foppa e Alberto Davare. Per il Cencenighe un&#8217;autogol. Il big match di giornata si \u00e8 giocato al Conaggia di La Valle. Lavallesi che non sono riusciti a fermare il Canale di Cristian De Luca che con un gol di scarto riesce a vincere la terza partita consecutiva. Doppietta di Alex Rossi per i canalini, La Valle a segno con Cristian Roni.<\/p>\n<p><strong>I RISULTATI\u00a0<\/strong>Cencenighe &#8211; Fodom 1-2, Le Ville &#8211; Taibon 3-11, La Valle &#8211; Canale 1-2. Ha riposato il Caprile<\/p>\n<p><strong>CLASSIFICA\u00a0<\/strong>Canale 9, La Valle e Taibon 6, Fodom 4, Caprile e Cencenighe 3, Le Ville 0<\/p>\n<p><strong>PROSSIMO TURNO<\/strong>\u00a0 domani alle 16 Le Ville &#8211; Cencenighe, Caprile &#8211; La Valle e Taibon &#8211; Canale. Riposa il Fodom<\/p>\n<p>&nbsp;<\/p>\n<h2><span style=\"color: #008000;\"><a class=\"dt-pswp-item\" href=\"https:\/\/www.radiopiu.net\/wordpress\/wp-content\/uploads\/2019\/01\/CALCIO-FALLO.jpeg\" data-dt-img-description=\"\" data-large_image_width=\"1600\" data-large_image_height=\"848\"><img loading=\"lazy\" decoding=\"async\" class=\" wp-image-71538 alignleft\" src=\"https:\/\/www.radiopiu.net\/wordpress\/wp-content\/uploads\/2019\/01\/CALCIO-FALLO-150x150.jpeg\" alt=\"\" width=\"74\" height=\"74\" \/><\/a>SPECIALE CAMPIONATO AGORDINO<\/span><\/h2>\n<p><strong>\u00a0<\/strong><\/p>\n<p><strong>\u00a0<\/strong><\/p>\n<p><strong>RIASCOLTA OTTANTESIMO MINUTO &#8211; QUARTA PUNTATA<\/strong><\/p>\n<audio class=\"wp-audio-shortcode\" id=\"audio-285833-20\" preload=\"none\" style=\"width: 100%;\" controls=\"controls\"><source type=\"audio\/mpeg\" src=\"https:\/\/www.radiopiu.net\/wordpress\/wp-content\/uploads\/2022\/07\/80MIN.mp3?_=20\" \/><a href=\"https:\/\/www.radiopiu.net\/wordpress\/wp-content\/uploads\/2022\/07\/80MIN.mp3\">https:\/\/www.radiopiu.net\/wordpress\/wp-content\/uploads\/2022\/07\/80MIN.mp3<\/a><\/audio>\n<p>&nbsp;<\/p>\n<p><strong>RIASCOLTA CAMPIONATO AGORDINO SHOW &#8211; QUARTA PUNTATA (LA SINTESI)<\/strong><\/p>\n<audio class=\"wp-audio-shortcode\" id=\"audio-285833-21\" preload=\"none\" style=\"width: 100%;\" controls=\"controls\"><source type=\"audio\/mpeg\" src=\"https:\/\/www.radiopiu.net\/wordpress\/wp-content\/uploads\/2022\/07\/AGOS.mp3?_=21\" \/><a href=\"https:\/\/www.radiopiu.net\/wordpress\/wp-content\/uploads\/2022\/07\/AGOS.mp3\">https:\/\/www.radiopiu.net\/wordpress\/wp-content\/uploads\/2022\/07\/AGOS.mp3<\/a><\/audio>\n<p>&nbsp;<\/p>\n<hr \/>\n<p>&nbsp;<\/p>\n<p><span style=\"color: #0000ff;\"><strong>TENNIS<\/strong><\/span><\/p>\n<blockquote>\n<h3><a class=\"dt-pswp-item\" href=\"https:\/\/www.radiopiu.net\/wordpress\/wp-content\/uploads\/2022\/07\/f720092a-7e89-4c86-9915-2733399d634e.jpg\" data-dt-img-description=\"\" data-large_image_width=\"1130\" data-large_image_height=\"1600\"><img loading=\"lazy\" decoding=\"async\" class=\" wp-image-285927 alignleft\" src=\"https:\/\/www.radiopiu.net\/wordpress\/wp-content\/uploads\/2022\/07\/f720092a-7e89-4c86-9915-2733399d634e-150x150.jpg\" alt=\"\" width=\"90\" height=\"90\" \/><\/a>DA DOMANI IL TORNEO CITTA&#8217; DI AGORDO<\/h3>\n<\/blockquote>\n<p><strong>AGORDO<\/strong> Parte ufficialmente domani al Tennis Club Agordo il &#8220;Torneo Citt\u00e0 di Agordo&#8221; dedicato ai singolari maschili e femminili di terza categoria. Il Torneo si concluder\u00e0 il 24 luglio con le finali. Per informazioni 340 81 34 441<\/p>\n<p>&nbsp;<\/p>\n<p>&nbsp;<\/p>\n<hr \/>\n<p>&nbsp;<\/p>\n<p><span style=\"color: #0000ff;\"><strong>PALLAVOLO<\/strong><\/span><\/p>\n<blockquote>\n<h3>GONZALO MARTINEZ RESTA A BELLUNO<\/h3>\n<\/blockquote>\n<p><strong><a class=\"dt-pswp-item\" href=\"https:\/\/www.radiopiu.net\/wordpress\/wp-content\/uploads\/2022\/07\/Gonzalo_Martinez_libero.jpg\" data-dt-img-description=\"\" data-large_image_width=\"1558\" data-large_image_height=\"1043\"><img loading=\"lazy\" decoding=\"async\" class=\"size-thumbnail wp-image-285897 alignleft\" src=\"https:\/\/www.radiopiu.net\/wordpress\/wp-content\/uploads\/2022\/07\/Gonzalo_Martinez_libero-150x150.jpg\" alt=\"\" width=\"150\" height=\"150\" \/><\/a>BELLUNO <\/strong>\u201cLibero\u201d di restare.<span class=\"gmail-Apple-converted-space\"> \u00a0<\/span>Di rispedire al mittente diverse proposte di altri club.<span class=\"gmail-Apple-converted-space\"> \u00a0<\/span>Di diventare un punto fermo della Da Rold Logistics Belluno. Come lo era nella passata stagione. E come sar\u00e0 &#8211; a maggior ragione &#8211; nella prossima: Gonzalo Martinez rimane il libero dei rinoceronti.<span class=\"gmail-Apple-converted-space\"> \u00ab<em>Quello di Gonzalo &#8211; afferma il direttore generale della DRL, Franco Da Re &#8211; \u00e8 un ruolo complicato. Ma Martinez, a dispetto della giovane et\u00e0, ha saputo interpretarlo al meglio. Dopo aver preso le misure al nuovo campionato, si \u00e8 reso protagonista di un finale di stagione importante<\/em>\u00bb. Vent\u2019anni da compiere il prossimo settembre e una sola stagione di A3 alle spalle. Ma \u201cGonzo\u201d, il giovane-veterano, \u00e8 una garanzia nello scacchiere della Pallavolo Belluno.<\/span><\/p>\n<p>&nbsp;<\/p>\n<p>&nbsp;<\/p>\n<p>&nbsp;<\/p>\n<\/div>\n<\/div>\n<\/div>\n<\/div>\n<\/div>\n<\/div>\n<\/div>\n<\/div>\n<\/div>\n<\/div>\n<\/div>\n<\/div>\n<\/div>\n<\/div>\n<\/div>\n<\/div>\n<\/div>\n<\/div>\n<\/div>\n<\/div>\n<\/div>\n<\/div>\n<\/div>\n<\/div>\n<\/div>\n<\/div>\n<\/div>\n<\/div>\n<\/div>\n<\/div>\n<\/div>\n<\/div>\n<\/div>\n<\/div>\n<\/div>\n<\/div>\n<\/div>\n<\/div>\n<\/div>\n<\/div>\n<\/div>\n<\/div>\n<\/div>\n<\/div>\n<\/div>\n<\/div>\n<\/div>\n<\/div>\n<\/div>\n<\/div>\n<\/div>\n<\/div>\n<\/div>\n<\/div>\n<\/div>\n<\/div>\n<\/div>\n<\/div>\n<\/div>\n<\/div>\n<\/div>\n<\/div>\n<\/div>\n<\/div>\n<\/div>\n<\/div>\n<\/div>\n<\/div>\n<\/div>\n<\/div>\n<\/div>\n<\/div>\n<\/div>\n<\/div>\n<\/div>\n<\/div>\n<\/div>\n<\/div>\n<\/div>\n<\/div>\n<\/div>\n<\/div>\n<\/div>\n<\/div>\n<\/div>\n<\/div>\n<\/div>\n<\/div>\n<\/div>\n<\/div>\n<\/div>\n<\/div>\n<\/div>\n<\/div>\n<\/div>\n<\/div>\n<\/div>\n<\/div>\n<\/div>\n<\/div>\n<\/div>\n<\/div>\n<\/div>\n<\/div>\n<\/div>\n","protected":false},"excerpt":{"rendered":"<p>RADIO PIU INFORMAZIONE il canale su TELEGRAM informazione di prima\u00a0 mano e in tempo reale. iscriviti ed aiutaci a farlo conoscere\u00a0\u00a0 UNA FINESTRA SUL VOLONTARIATO DA OGGI IL NUOVO PROGRAMMA ALLA RADIO ospite GIANLUCA CORSETTI e SISTO DA ROIT di Claudio Fontanive alle 10.30 e alle 19&#8230; su radiopiu &nbsp; &nbsp; DEGLI ALPINISTI CEKI I&hellip;<\/p>\n","protected":false},"author":4,"featured_media":285930,"comment_status":"closed","ping_status":"closed","sticky":false,"template":"","format":"standard","meta":{"_monsterinsights_skip_tracking":false,"_monsterinsights_sitenote_active":false,"_monsterinsights_sitenote_note":"","_monsterinsights_sitenote_category":0,"footnotes":""},"categories":[51,86,49],"tags":[],"class_list":["post-285833","post","type-post","status-publish","format-standard","has-post-thumbnail","hentry","category-evidenza-top","category-gr","category-news-18","category-51","category-86","category-49","description-off"],"img_url":"https:\/\/www.radiopiu.net\/wordpress\/wp-content\/uploads\/2022\/07\/291660510_2298078747021100_8091929642636929754_n.jpg","_links":{"self":[{"href":"https:\/\/www.radiopiu.net\/wordpress\/wp-json\/wp\/v2\/posts\/285833","targetHints":{"allow":["GET"]}}],"collection":[{"href":"https:\/\/www.radiopiu.net\/wordpress\/wp-json\/wp\/v2\/posts"}],"about":[{"href":"https:\/\/www.radiopiu.net\/wordpress\/wp-json\/wp\/v2\/types\/post"}],"author":[{"embeddable":true,"href":"https:\/\/www.radiopiu.net\/wordpress\/wp-json\/wp\/v2\/users\/4"}],"replies":[{"embeddable":true,"href":"https:\/\/www.radiopiu.net\/wordpress\/wp-json\/wp\/v2\/comments?post=285833"}],"version-history":[{"count":0,"href":"https:\/\/www.radiopiu.net\/wordpress\/wp-json\/wp\/v2\/posts\/285833\/revisions"}],"wp:featuredmedia":[{"embeddable":true,"href":"https:\/\/www.radiopiu.net\/wordpress\/wp-json\/wp\/v2\/media\/285930"}],"wp:attachment":[{"href":"https:\/\/www.radiopiu.net\/wordpress\/wp-json\/wp\/v2\/media?parent=285833"}],"wp:term":[{"taxonomy":"category","embeddable":true,"href":"https:\/\/www.radiopiu.net\/wordpress\/wp-json\/wp\/v2\/categories?post=285833"},{"taxonomy":"post_tag","embeddable":true,"href":"https:\/\/www.radiopiu.net\/wordpress\/wp-json\/wp\/v2\/tags?post=285833"}],"curies":[{"name":"wp","href":"https:\/\/api.w.org\/{rel}","templated":true}]}}