{"id":285837,"date":"2022-07-07T04:54:39","date_gmt":"2022-07-07T02:54:39","guid":{"rendered":"https:\/\/www.radiopiu.net\/wordpress\/?p=285837"},"modified":"2022-07-07T05:50:36","modified_gmt":"2022-07-07T03:50:36","slug":"pierangelo-sponga-alla-presidenzadel-lions-club-castello-di-alboino","status":"publish","type":"post","link":"https:\/\/www.radiopiu.net\/wordpress\/pierangelo-sponga-alla-presidenzadel-lions-club-castello-di-alboino\/","title":{"rendered":"PIERANGELO SPONGA ALLA PRESIDENZA DEL LIONS CLUB &#8220;CASTELLO DI ALBOINO&#8221;"},"content":{"rendered":"<p align=\"left\"><span style=\"color: #000000;\"><span style=\"font-family: Helvetica;\"><span style=\"font-size: small;\"><strong><a class=\"dt-pswp-item\" href=\"https:\/\/www.radiopiu.net\/wordpress\/wp-content\/uploads\/2022\/07\/PIERANGELO-SPONGA-scaled.jpg\" data-dt-img-description=\"\" data-large_image_width=\"1244\" data-large_image_height=\"2560\"><img loading=\"lazy\" decoding=\"async\" class=\"alignleft wp-image-285836 \" src=\"https:\/\/www.radiopiu.net\/wordpress\/wp-content\/uploads\/2022\/07\/PIERANGELO-SPONGA-scaled.jpg\" alt=\"\" width=\"110\" height=\"227\" srcset=\"https:\/\/www.radiopiu.net\/wordpress\/wp-content\/uploads\/2022\/07\/PIERANGELO-SPONGA-scaled.jpg 1244w, https:\/\/www.radiopiu.net\/wordpress\/wp-content\/uploads\/2022\/07\/PIERANGELO-SPONGA-146x300.jpg 146w, https:\/\/www.radiopiu.net\/wordpress\/wp-content\/uploads\/2022\/07\/PIERANGELO-SPONGA-498x1024.jpg 498w, https:\/\/www.radiopiu.net\/wordpress\/wp-content\/uploads\/2022\/07\/PIERANGELO-SPONGA-768x1580.jpg 768w, https:\/\/www.radiopiu.net\/wordpress\/wp-content\/uploads\/2022\/07\/PIERANGELO-SPONGA-746x1536.jpg 746w, https:\/\/www.radiopiu.net\/wordpress\/wp-content\/uploads\/2022\/07\/PIERANGELO-SPONGA-995x2048.jpg 995w\" sizes=\"auto, (max-width: 110px) 100vw, 110px\" \/><\/a>FELTRE<\/strong> E\u2019 Pierangelo Sponga, residente a Trichiana di Borgo Valbelluna, ex dirigente del servizio veterinario dell\u2019ASL N 1, il nuovo presidente del Lions Club Feltre Castello di Alboino. <\/span><\/span><\/span><span style=\"color: #000000;\"><span style=\"font-family: Helvetica;\"><span style=\"font-size: small;\">La nomina \u00e8 avvenuta recentemente presso il ristorante al Moro di Mel, dove si \u00e8 tenuto lo scambio del martello, la cerimonia ufficiale del Lions nel corso della quale avviene il passaggio della guida del club tra il presidente uscente Maria Teresa Bighi che lo ha ricoperto per due anni ed il nuovo presidente entrante che ricoprir\u00e0 la carica per un anno. <\/span><\/span><\/span><span style=\"color: #000000;\"><span style=\"font-family: Helvetica;\"><span style=\"font-size: small;\">E\u2019 un previlegio per me far parte del Lions, la pi\u00f9 grande organizzazione di volontariato al mondo apolitica, ha dichiarato Pierangelo, ed operare al servizio delle comunit\u00e0. <\/span><\/span><\/span><span style=\"color: #000000;\"><span style=\"font-family: Helvetica;\"><span style=\"font-size: small;\">Il nostro \u00e8 un club piccolo nel quale c\u2019\u00e8 molto affiatamento e collaborazione tra i soci e questo \u00e8 un elemento importante e basilare per lo svolgimento delle attivit\u00e0 del nostro Club. Ho accettato con molto piacere di guidare il Club e lo far\u00f2 in continuit\u00e0 con quanto fatto dai miei predecessori. Numerose sono state le attivit\u00e0 che abbiamo portato avanti nonostante la complessit\u00e0 determinata dalla pandemia, in modo particolare portando una risposta concreta ai bisogni delle persone del nostro territorio. <\/span><\/span><\/span><span style=\"color: #000000;\"><span style=\"font-family: Helvetica;\"><span style=\"font-size: small;\">Il nostro obiettivo sar\u00e0 quello di far conoscere meglio il Lions e le sue finalit\u00e0, partendo dall\u2019osservazione dei bisogni del nostri territorio per poi promuovere dei Services concreti a favore della collettivit\u00e0.<\/span><\/span><\/span><\/p>\n<p align=\"left\">___<\/p>\n","protected":false},"excerpt":{"rendered":"<p>FELTRE E\u2019 Pierangelo Sponga, residente a Trichiana di Borgo Valbelluna, ex dirigente del servizio veterinario dell\u2019ASL N 1, il nuovo presidente del Lions Club Feltre Castello di Alboino. La nomina \u00e8 avvenuta recentemente presso il ristorante al Moro di Mel, dove si \u00e8 tenuto lo scambio del martello, la cerimonia ufficiale del Lions nel corso&hellip;<\/p>\n","protected":false},"author":4,"featured_media":285838,"comment_status":"closed","ping_status":"closed","sticky":false,"template":"","format":"standard","meta":{"_monsterinsights_skip_tracking":false,"_monsterinsights_sitenote_active":false,"_monsterinsights_sitenote_note":"","_monsterinsights_sitenote_category":0,"footnotes":""},"categories":[104,49],"tags":[],"class_list":["post-285837","post","type-post","status-publish","format-standard","has-post-thumbnail","hentry","category-evidenza_3","category-news-18","category-104","category-49","description-off"],"img_url":"https:\/\/www.radiopiu.net\/wordpress\/wp-content\/uploads\/2022\/07\/SSSS.jpg","_links":{"self":[{"href":"https:\/\/www.radiopiu.net\/wordpress\/wp-json\/wp\/v2\/posts\/285837","targetHints":{"allow":["GET"]}}],"collection":[{"href":"https:\/\/www.radiopiu.net\/wordpress\/wp-json\/wp\/v2\/posts"}],"about":[{"href":"https:\/\/www.radiopiu.net\/wordpress\/wp-json\/wp\/v2\/types\/post"}],"author":[{"embeddable":true,"href":"https:\/\/www.radiopiu.net\/wordpress\/wp-json\/wp\/v2\/users\/4"}],"replies":[{"embeddable":true,"href":"https:\/\/www.radiopiu.net\/wordpress\/wp-json\/wp\/v2\/comments?post=285837"}],"version-history":[{"count":0,"href":"https:\/\/www.radiopiu.net\/wordpress\/wp-json\/wp\/v2\/posts\/285837\/revisions"}],"wp:featuredmedia":[{"embeddable":true,"href":"https:\/\/www.radiopiu.net\/wordpress\/wp-json\/wp\/v2\/media\/285838"}],"wp:attachment":[{"href":"https:\/\/www.radiopiu.net\/wordpress\/wp-json\/wp\/v2\/media?parent=285837"}],"wp:term":[{"taxonomy":"category","embeddable":true,"href":"https:\/\/www.radiopiu.net\/wordpress\/wp-json\/wp\/v2\/categories?post=285837"},{"taxonomy":"post_tag","embeddable":true,"href":"https:\/\/www.radiopiu.net\/wordpress\/wp-json\/wp\/v2\/tags?post=285837"}],"curies":[{"name":"wp","href":"https:\/\/api.w.org\/{rel}","templated":true}]}}