{"id":285920,"date":"2022-07-08T05:43:34","date_gmt":"2022-07-08T03:43:34","guid":{"rendered":"https:\/\/www.radiopiu.net\/wordpress\/?p=285920"},"modified":"2022-07-08T05:56:57","modified_gmt":"2022-07-08T03:56:57","slug":"torna-potabile-lacqua-a-san-tomaso-e-livinallongo","status":"publish","type":"post","link":"https:\/\/www.radiopiu.net\/wordpress\/torna-potabile-lacqua-a-san-tomaso-e-livinallongo\/","title":{"rendered":"TORNA POTABILE L&#8217;ACQUA A SAN TOMASO E LIVINALLONGO"},"content":{"rendered":"<p><a class=\"dt-pswp-item\" href=\"https:\/\/www.radiopiu.net\/wordpress\/wp-content\/uploads\/2021\/09\/BICCHIERE-ACQUA.jpg\" data-dt-img-description=\"\" data-large_image_width=\"1920\" data-large_image_height=\"1280\"><img loading=\"lazy\" decoding=\"async\" class=\" wp-image-234651 alignleft\" src=\"https:\/\/www.radiopiu.net\/wordpress\/wp-content\/uploads\/2021\/09\/BICCHIERE-ACQUA-150x150.jpg\" alt=\"\" width=\"67\" height=\"67\" \/><\/a>Gestione Servizi Pubblici informa che a SAN TOMASO AGORDINO nelle localit\u00e0 CELAT,CHIEA,TOCOL, FONTANELLE e COL ZARESE l&#8217;acqua erogata dall&#8217;acquedotto \u00e8 di nuovo potabile e pu\u00f2 essere usata, quindi, per scopi alimentari. Stesso discorso anche a LIVINALLONGO DEL COL DI LANA nelle localit\u00e0 AL FAURO, CREPAZ, RENAZ, RUAZ, PEZZEI, S. GIOVANNI e FOSSAL.<\/p>\n<p>&nbsp;<\/p>\n<p>&nbsp;<\/p>\n<p>****<\/p>\n","protected":false},"excerpt":{"rendered":"<p>Gestione Servizi Pubblici informa che a SAN TOMASO AGORDINO nelle localit\u00e0 CELAT,CHIEA,TOCOL, FONTANELLE e COL ZARESE l&#8217;acqua erogata dall&#8217;acquedotto \u00e8 di nuovo potabile e pu\u00f2 essere usata, quindi, per scopi alimentari. Stesso discorso anche a LIVINALLONGO DEL COL DI LANA nelle localit\u00e0 AL FAURO, CREPAZ, RENAZ, RUAZ, PEZZEI, S. GIOVANNI e FOSSAL. &nbsp; &nbsp; ****<\/p>\n","protected":false},"author":4,"featured_media":234651,"comment_status":"closed","ping_status":"closed","sticky":false,"template":"","format":"standard","meta":{"_monsterinsights_skip_tracking":false,"_monsterinsights_sitenote_active":false,"_monsterinsights_sitenote_note":"","_monsterinsights_sitenote_category":0,"footnotes":""},"categories":[51,49],"tags":[],"class_list":["post-285920","post","type-post","status-publish","format-standard","has-post-thumbnail","hentry","category-evidenza-top","category-news-18","category-51","category-49","description-off"],"img_url":"https:\/\/www.radiopiu.net\/wordpress\/wp-content\/uploads\/2021\/09\/BICCHIERE-ACQUA.jpg","_links":{"self":[{"href":"https:\/\/www.radiopiu.net\/wordpress\/wp-json\/wp\/v2\/posts\/285920","targetHints":{"allow":["GET"]}}],"collection":[{"href":"https:\/\/www.radiopiu.net\/wordpress\/wp-json\/wp\/v2\/posts"}],"about":[{"href":"https:\/\/www.radiopiu.net\/wordpress\/wp-json\/wp\/v2\/types\/post"}],"author":[{"embeddable":true,"href":"https:\/\/www.radiopiu.net\/wordpress\/wp-json\/wp\/v2\/users\/4"}],"replies":[{"embeddable":true,"href":"https:\/\/www.radiopiu.net\/wordpress\/wp-json\/wp\/v2\/comments?post=285920"}],"version-history":[{"count":0,"href":"https:\/\/www.radiopiu.net\/wordpress\/wp-json\/wp\/v2\/posts\/285920\/revisions"}],"wp:featuredmedia":[{"embeddable":true,"href":"https:\/\/www.radiopiu.net\/wordpress\/wp-json\/wp\/v2\/media\/234651"}],"wp:attachment":[{"href":"https:\/\/www.radiopiu.net\/wordpress\/wp-json\/wp\/v2\/media?parent=285920"}],"wp:term":[{"taxonomy":"category","embeddable":true,"href":"https:\/\/www.radiopiu.net\/wordpress\/wp-json\/wp\/v2\/categories?post=285920"},{"taxonomy":"post_tag","embeddable":true,"href":"https:\/\/www.radiopiu.net\/wordpress\/wp-json\/wp\/v2\/tags?post=285920"}],"curies":[{"name":"wp","href":"https:\/\/api.w.org\/{rel}","templated":true}]}}