{"id":285936,"date":"2022-07-08T05:45:51","date_gmt":"2022-07-08T03:45:51","guid":{"rendered":"https:\/\/www.radiopiu.net\/wordpress\/?p=285936"},"modified":"2022-07-08T05:56:22","modified_gmt":"2022-07-08T03:56:22","slug":"marmolada-guardare-il-prima-per-comprendere-gli-effetti-del-dopo","status":"publish","type":"post","link":"https:\/\/www.radiopiu.net\/wordpress\/marmolada-guardare-il-prima-per-comprendere-gli-effetti-del-dopo\/","title":{"rendered":"MARMOLADA, GUARDARE IL PRIMA PER COMPRENDERE GLI EFFETTI DEL DOPO"},"content":{"rendered":"<p>DALLA PAGINA FACEBOOK DI <span style=\"color: #0000ff;\"><a style=\"color: #0000ff;\" href=\"https:\/\/www.facebook.com\/corrado.cattadori\">CORRADO CATTADORI<\/a>\u00a0<\/span><\/p>\n<p>&nbsp;<\/p>\n<p><strong>MARMOLADA<\/strong><\/p>\n<div dir=\"auto\"><a class=\"dt-pswp-item\" href=\"https:\/\/www.radiopiu.net\/wordpress\/wp-content\/uploads\/2022\/07\/292238166_7749305998475265_5682163865636165666_n.jpg\" data-dt-img-description=\"\" data-large_image_width=\"2048\" data-large_image_height=\"1420\"><img loading=\"lazy\" decoding=\"async\" class=\"size-thumbnail wp-image-285938 alignleft\" src=\"https:\/\/www.radiopiu.net\/wordpress\/wp-content\/uploads\/2022\/07\/292238166_7749305998475265_5682163865636165666_n-150x150.jpg\" alt=\"\" width=\"150\" height=\"150\" \/><\/a>La ferita inferta in questi giorni non solo alle famiglie delle vittime ma anche al nostro territorio fa riflettere.<\/div>\n<div dir=\"auto\">Temo che quando si spegneranno i riflettori sul triste evento, tutto torner\u00e0 come prima. Credo che poche persone di quel 10% della popolazione mondiale che consuma il 90% delle risorse naturali, accetter\u00e0 di modificare il proprio stile di vita, la speranza \u00e8 riposta nelle nuove generazioni. La Montagna ha sempre avuto quel forte richiamo e fin dal 1800 le nostre vette sono state oggetto di escursioni. Anche la Marmolada ha avuto un ruolo importante, non ultimo durante il periodo bellico della prima guerra Mondiale. Famosa la valanga del 1916 che si abbatt\u00e9 sulle posizioni austriache causando oltre 200 morti (forse 300!) e che spinse l\u2019Austria a creare la famosa \u201ccitt\u00e0 di ghiaccio\u201d proprio sotto il ghiacciaio. Ma l\u2019andare sulla Marmolada era un invito forte che attirava gli appassionati e lo testimoniano\u00a0 le\u00a0 foto. Una in particolare ci fa comprendere l\u2019effetto del cambiamento climatico quella relativa al rifugio CAI pi\u00f9 vecchio della Marmolada scavato nella roccia. Guardare il prima (1922) e il dopo (ai nostri giorni) \u00e8 di per s\u00e9 una risposta!<\/div>\n<p>&nbsp;<\/p>\n\n\t\t\t<style type='text\/css'>\n\t\t\t\t#gallery-1 {\n\t\t\t\t\tmargin: auto;\n\t\t\t\t}\n\t\t\t\t#gallery-1 .gallery-item {\n\t\t\t\t\tfloat: left;\n\t\t\t\t\tmargin-top: 10px;\n\t\t\t\t\ttext-align: center;\n\t\t\t\t\twidth: 50%;\n\t\t\t\t}\n\t\t\t\t#gallery-1 img {\n\t\t\t\t\tborder: 2px solid #cfcfcf;\n\t\t\t\t}\n\t\t\t\t#gallery-1 .gallery-caption {\n\t\t\t\t\tmargin-left: 0;\n\t\t\t\t}\n\t\t\t\t\/* see gallery_shortcode() in wp-includes\/media.php *\/\n\t\t\t<\/style>\n\t\t<div id='gallery-1' class='dt-gallery-container gallery galleryid-285936 gallery-columns-2 gallery-size-full'><dl class='gallery-item'>\n\t\t\t\t<dt class='gallery-icon landscape'>\n\t\t\t\t\t<a class=\"rollover rollover-zoom dt-pswp-item\" title=\"0a738e64-e028-4e19-b516-60495e421769\" data-dt-img-description=\"\" data-large_image_width=\"511\" data-large_image_height=\"385\"href='https:\/\/www.radiopiu.net\/wordpress\/wp-content\/uploads\/2022\/07\/0a738e64-e028-4e19-b516-60495e421769.jpg'><img loading=\"lazy\" decoding=\"async\" width=\"511\" height=\"385\" src=\"https:\/\/www.radiopiu.net\/wordpress\/wp-content\/uploads\/2022\/07\/0a738e64-e028-4e19-b516-60495e421769.jpg\" class=\"attachment-full size-full\" alt=\"\" srcset=\"https:\/\/www.radiopiu.net\/wordpress\/wp-content\/uploads\/2022\/07\/0a738e64-e028-4e19-b516-60495e421769.jpg 511w, https:\/\/www.radiopiu.net\/wordpress\/wp-content\/uploads\/2022\/07\/0a738e64-e028-4e19-b516-60495e421769-300x226.jpg 300w\" sizes=\"auto, (max-width: 511px) 100vw, 511px\" \/><\/a>\n\t\t\t\t<\/dt><\/dl><dl class='gallery-item'>\n\t\t\t\t<dt class='gallery-icon landscape'>\n\t\t\t\t\t<a class=\"rollover rollover-zoom dt-pswp-item\" title=\"4ce7123a-b8a9-4836-910a-7bfc70e0b847\" data-dt-img-description=\"\" data-large_image_width=\"720\" data-large_image_height=\"424\"href='https:\/\/www.radiopiu.net\/wordpress\/wp-content\/uploads\/2022\/07\/4ce7123a-b8a9-4836-910a-7bfc70e0b847.jpg'><img loading=\"lazy\" decoding=\"async\" width=\"720\" height=\"424\" src=\"https:\/\/www.radiopiu.net\/wordpress\/wp-content\/uploads\/2022\/07\/4ce7123a-b8a9-4836-910a-7bfc70e0b847.jpg\" class=\"attachment-full size-full\" alt=\"\" srcset=\"https:\/\/www.radiopiu.net\/wordpress\/wp-content\/uploads\/2022\/07\/4ce7123a-b8a9-4836-910a-7bfc70e0b847.jpg 720w, https:\/\/www.radiopiu.net\/wordpress\/wp-content\/uploads\/2022\/07\/4ce7123a-b8a9-4836-910a-7bfc70e0b847-300x177.jpg 300w\" sizes=\"auto, (max-width: 720px) 100vw, 720px\" \/><\/a>\n\t\t\t\t<\/dt><\/dl><br style=\"clear: both\" \/>\n\t\t\t<\/div>\n\n<p><strong>Oggi e Ieri 1922: in alto al centro sopra il ghiacciaio, il primo rifugio CAI in Marmolada scavato nella roccia<\/strong><\/p>\n<p>foto a colori del rifugio tratta dal sito&#8230; https:\/\/www.fassa.com\/IT\/News-Val-di-Fassa&#8211;Il-Rifugio-piu-antico-delle-Dolomiti-e-in-Fassa<\/p>\n<p>&nbsp;<\/p>\n<hr \/>\n<p>&nbsp;<\/p>\n","protected":false},"excerpt":{"rendered":"<p>DALLA PAGINA FACEBOOK DI CORRADO CATTADORI\u00a0 &nbsp; MARMOLADA La ferita inferta in questi giorni non solo alle famiglie delle vittime ma anche al nostro territorio fa riflettere. Temo che quando si spegneranno i riflettori sul triste evento, tutto torner\u00e0 come prima. Credo che poche persone di quel 10% della popolazione mondiale che consuma il 90%&hellip;<\/p>\n","protected":false},"author":4,"featured_media":285939,"comment_status":"closed","ping_status":"closed","sticky":false,"template":"","format":"standard","meta":{"_monsterinsights_skip_tracking":false,"_monsterinsights_sitenote_active":false,"_monsterinsights_sitenote_note":"","_monsterinsights_sitenote_category":0,"footnotes":""},"categories":[51,49],"tags":[],"class_list":["post-285936","post","type-post","status-publish","format-standard","has-post-thumbnail","hentry","category-evidenza-top","category-news-18","category-51","category-49","description-off"],"img_url":"https:\/\/www.radiopiu.net\/wordpress\/wp-content\/uploads\/2022\/07\/292419225_7749305955141936_8455933487424196930_n.jpg","_links":{"self":[{"href":"https:\/\/www.radiopiu.net\/wordpress\/wp-json\/wp\/v2\/posts\/285936","targetHints":{"allow":["GET"]}}],"collection":[{"href":"https:\/\/www.radiopiu.net\/wordpress\/wp-json\/wp\/v2\/posts"}],"about":[{"href":"https:\/\/www.radiopiu.net\/wordpress\/wp-json\/wp\/v2\/types\/post"}],"author":[{"embeddable":true,"href":"https:\/\/www.radiopiu.net\/wordpress\/wp-json\/wp\/v2\/users\/4"}],"replies":[{"embeddable":true,"href":"https:\/\/www.radiopiu.net\/wordpress\/wp-json\/wp\/v2\/comments?post=285936"}],"version-history":[{"count":0,"href":"https:\/\/www.radiopiu.net\/wordpress\/wp-json\/wp\/v2\/posts\/285936\/revisions"}],"wp:featuredmedia":[{"embeddable":true,"href":"https:\/\/www.radiopiu.net\/wordpress\/wp-json\/wp\/v2\/media\/285939"}],"wp:attachment":[{"href":"https:\/\/www.radiopiu.net\/wordpress\/wp-json\/wp\/v2\/media?parent=285936"}],"wp:term":[{"taxonomy":"category","embeddable":true,"href":"https:\/\/www.radiopiu.net\/wordpress\/wp-json\/wp\/v2\/categories?post=285936"},{"taxonomy":"post_tag","embeddable":true,"href":"https:\/\/www.radiopiu.net\/wordpress\/wp-json\/wp\/v2\/tags?post=285936"}],"curies":[{"name":"wp","href":"https:\/\/api.w.org\/{rel}","templated":true}]}}