{"id":286078,"date":"2022-07-08T09:55:52","date_gmt":"2022-07-08T07:55:52","guid":{"rendered":"https:\/\/www.radiopiu.net\/wordpress\/?p=286078"},"modified":"2022-07-08T14:50:31","modified_gmt":"2022-07-08T12:50:31","slug":"nuova-stagione-vecchi-problemi-di-comunicazione-de-zordo-dove-la-prevenzione","status":"publish","type":"post","link":"https:\/\/www.radiopiu.net\/wordpress\/nuova-stagione-vecchi-problemi-di-comunicazione-de-zordo-dove-la-prevenzione\/","title":{"rendered":"NUOVA STAGIONE&#8230;VECCHI PROBLEMI DI COMUNICAZIONE. DE ZORDO &#8220;DOV&#8217;E&#8217; LA PREVENZIONE?&#8221;"},"content":{"rendered":"<p><strong><img loading=\"lazy\" decoding=\"async\" class=\" wp-image-51330 alignleft\" src=\"http:\/\/www.radiopiu.net\/wordpress\/wp-content\/uploads\/2018\/06\/P1080080-1-300x225.jpg\" alt=\"\" width=\"215\" height=\"161\" srcset=\"https:\/\/www.radiopiu.net\/wordpress\/wp-content\/uploads\/2018\/06\/P1080080-1-300x225.jpg 300w, https:\/\/www.radiopiu.net\/wordpress\/wp-content\/uploads\/2018\/06\/P1080080-1.jpg 700w\" sizes=\"auto, (max-width: 215px) 100vw, 215px\" \/>VAL DI ZOLDO<\/strong> Ci risiamo, come prima, come negli anni scorsi, come dal 2018 dopo Vaia e fino ad oggi. Al Rifugio Coldai il telefono pubblico non funziona, o funziona a strappi. E&#8217; sufficiente un minimo acquazzone, una ventata un po&#8217; pi\u00f9 vigorosa per rendere l&#8217;apparecchio muto. Luca De Zordo, il gestore, non ne pu\u00f2 pi\u00f9 \u00e8 gi\u00e0 stato messo troppe volte a dura prova, pur provandole tutte la situazione non \u00e8 cambiata.<em> &#8220;Ho telefonato pi\u00f9 volte ai call center, ho segnalato il disservizio al Prefetto. Quando i tecnici decidono di intervenire rattoppano il guasto e dopo due giorni il problema si ripete. Ora dopo il tragico evento della Marmolada tutti parlano di sicurezza , ma se dovesse succedere un incidente in Civetta ed io non fossi in grado di allertare i soccorsi ( visto che la telefonia mobile risulta inaffidabile in zona ) chi ne risponder\u00e0?&#8221;.<\/em> Se al Coldai il telefono non funziona o funziona a strappi al rifugio Vazzoler, sopra la Val Corpassa l&#8217;apparecchio telefonico \u00e8 &#8220;muto&#8221; da giorni.<\/p>\n<blockquote><p><em>telefono muto nell&#8217;era della digitalizzazione, nell&#8217;ottica Olimpiadi 2026<\/em><\/p><\/blockquote>\n<p>&nbsp;<\/p>\n<hr \/>\n<p>&nbsp;<\/p>\n<p>&nbsp;<\/p>\n<p>&nbsp;<\/p>\n<p><strong>ARCHIVIO RADIO PIU, NOTIZIARIO OTTOBRE 2018<\/strong><\/p>\n<p>SERVIZI \u2013 DARIO BOND: \u201cIMPEGNO DEL GOVERNO PER RETE TELEFONICA AL COLDAI. ORA, TAVOLO PERMANENTE PER LE AREE SCOPERTE\u201d<\/p>\n<p>\u00c8 stata discussa questa mattina alla Camera l\u2019interrogazione presentata dal deputato di Forza Italia, Dario Bond, relativa ai disservizi della rete telefonica al Rifugio Sonnino, al Coldai, segnalati questa estate. \u201cIl Governo\u201d spiega Bond \u201cha annunciato che cercher\u00e0 soluzioni con Telecom e TIM affinch\u00e9 queste situazioni non si ripetano. Da parte mia, ho rimarcato la necessit\u00e0 di un tavolo permanente che veda partecipare Governo e Telecom: \u00e8 fondamentale, tanto per l\u2019alta montagna quanto per le isole e per le zone marginali, avere una copertura telefonica adeguata. Si tratta di interventi che aiutano il turismo, i servizi, l\u2019economia, ma anche la sicurezza dei turisti e dei cittadini, e serve quindi un impegno concreto e costante\u201d.<\/p>\n","protected":false},"excerpt":{"rendered":"<p>VAL DI ZOLDO Ci risiamo, come prima, come negli anni scorsi, come dal 2018 dopo Vaia e fino ad oggi. Al Rifugio Coldai il telefono pubblico non funziona, o funziona a strappi. E&#8217; sufficiente un minimo acquazzone, una ventata un po&#8217; pi\u00f9 vigorosa per rendere l&#8217;apparecchio muto. Luca De Zordo, il gestore, non ne pu\u00f2&hellip;<\/p>\n","protected":false},"author":4,"featured_media":286083,"comment_status":"closed","ping_status":"closed","sticky":false,"template":"","format":"standard","meta":{"_monsterinsights_skip_tracking":false,"_monsterinsights_sitenote_active":false,"_monsterinsights_sitenote_note":"","_monsterinsights_sitenote_category":0,"footnotes":""},"categories":[51,49],"tags":[],"class_list":["post-286078","post","type-post","status-publish","format-standard","has-post-thumbnail","hentry","category-evidenza-top","category-news-18","category-51","category-49","description-off"],"img_url":"https:\/\/www.radiopiu.net\/wordpress\/wp-content\/uploads\/2022\/07\/P1080080-1-300x225-1.jpg","_links":{"self":[{"href":"https:\/\/www.radiopiu.net\/wordpress\/wp-json\/wp\/v2\/posts\/286078","targetHints":{"allow":["GET"]}}],"collection":[{"href":"https:\/\/www.radiopiu.net\/wordpress\/wp-json\/wp\/v2\/posts"}],"about":[{"href":"https:\/\/www.radiopiu.net\/wordpress\/wp-json\/wp\/v2\/types\/post"}],"author":[{"embeddable":true,"href":"https:\/\/www.radiopiu.net\/wordpress\/wp-json\/wp\/v2\/users\/4"}],"replies":[{"embeddable":true,"href":"https:\/\/www.radiopiu.net\/wordpress\/wp-json\/wp\/v2\/comments?post=286078"}],"version-history":[{"count":0,"href":"https:\/\/www.radiopiu.net\/wordpress\/wp-json\/wp\/v2\/posts\/286078\/revisions"}],"wp:featuredmedia":[{"embeddable":true,"href":"https:\/\/www.radiopiu.net\/wordpress\/wp-json\/wp\/v2\/media\/286083"}],"wp:attachment":[{"href":"https:\/\/www.radiopiu.net\/wordpress\/wp-json\/wp\/v2\/media?parent=286078"}],"wp:term":[{"taxonomy":"category","embeddable":true,"href":"https:\/\/www.radiopiu.net\/wordpress\/wp-json\/wp\/v2\/categories?post=286078"},{"taxonomy":"post_tag","embeddable":true,"href":"https:\/\/www.radiopiu.net\/wordpress\/wp-json\/wp\/v2\/tags?post=286078"}],"curies":[{"name":"wp","href":"https:\/\/api.w.org\/{rel}","templated":true}]}}