{"id":286097,"date":"2022-07-09T05:26:43","date_gmt":"2022-07-09T03:26:43","guid":{"rendered":"https:\/\/www.radiopiu.net\/wordpress\/?p=286097"},"modified":"2022-07-09T05:48:49","modified_gmt":"2022-07-09T03:48:49","slug":"al-via-la-campagna-di-anas-la-strada-non-e-un-posacenere","status":"publish","type":"post","link":"https:\/\/www.radiopiu.net\/wordpress\/al-via-la-campagna-di-anas-la-strada-non-e-un-posacenere\/","title":{"rendered":"AL VIA LA CAMPAGNA DI ANAS  &#8220;LA STRADA NON \u00c8 UN POSACENERE&#8221;"},"content":{"rendered":"<p><strong><a class=\"dt-pswp-item\" href=\"https:\/\/www.radiopiu.net\/wordpress\/wp-content\/uploads\/2022\/07\/ANAS_la-strada-non-posacenere-1920x1080-1.jpg\" data-dt-img-description=\"\" data-large_image_width=\"1920\" data-large_image_height=\"1080\"><img loading=\"lazy\" decoding=\"async\" class=\"alignleft wp-image-286105 \" src=\"https:\/\/www.radiopiu.net\/wordpress\/wp-content\/uploads\/2022\/07\/ANAS_la-strada-non-posacenere-1920x1080-1-300x169.jpg\" alt=\"\" width=\"192\" height=\"108\" srcset=\"https:\/\/www.radiopiu.net\/wordpress\/wp-content\/uploads\/2022\/07\/ANAS_la-strada-non-posacenere-1920x1080-1-300x169.jpg 300w, https:\/\/www.radiopiu.net\/wordpress\/wp-content\/uploads\/2022\/07\/ANAS_la-strada-non-posacenere-1920x1080-1-1024x576.jpg 1024w, https:\/\/www.radiopiu.net\/wordpress\/wp-content\/uploads\/2022\/07\/ANAS_la-strada-non-posacenere-1920x1080-1-768x432.jpg 768w, https:\/\/www.radiopiu.net\/wordpress\/wp-content\/uploads\/2022\/07\/ANAS_la-strada-non-posacenere-1920x1080-1-1536x864.jpg 1536w, https:\/\/www.radiopiu.net\/wordpress\/wp-content\/uploads\/2022\/07\/ANAS_la-strada-non-posacenere-1920x1080-1.jpg 1920w\" sizes=\"auto, (max-width: 192px) 100vw, 192px\" \/><\/a>ROMA <\/strong>Al via la campagna di Anas (Gruppo FS Italiane) contro gli incendi in prossimit\u00e0 dei tracciati stradali e autostradali causati da sigarette accese rilasciate dai veicoli. Molti incendi recenti, complice la siccit\u00e0 e le alte temperature del periodo, si sono verificati a margine delle strade e delle autostrade a causa di questo fenomeno, nonostante sia espressamente vietato e sanzionato dal Codice della Strada e dal Codice Penale (art. 674, \u201cgetto pericoloso di cose\u201d). L\u2019iniziativa, promossa con il claim \u201cLa strada non \u00e8 un posacenere. Rispetta l\u2019ambiente, salva il tuo viaggio\u201d, ha l\u2019obiettivo di sensibilizzare i cittadini, sul fatto che una sigaretta accesa gettata dal veicolo pu\u00f2 mettere a rischio l\u2019incolumit\u00e0 fisica delle persone e degli animali, causando la distruzione dell\u2019ambiente vegetale, dei beni immobili e interruzioni alla viabilit\u00e0. Con l\u2019obiettivo di raggiungere gli utenti in viaggio sulle strade Anas, la campagna prevede che il messaggio \u201cPericolo Incendi. Non gettare sigarette\u201d venga ripetuto sui Pannelli a Messaggio Variabile presenti sulla rete. In particolare, Anas richiama le raccomandazione indicate dalla Protezione Civile su tutte le iniziative possibili per fronteggiare questo fenomeno: non gettare mozziconi di sigaretta o fiammiferi ancora accesi; non abbandonare rifiuti: sono un pericoloso combustibile; non parcheggiare sull&#8217;erba secca: la marmitta calda pu\u00f2 provocare un incendio; non accendere fuochi dove non \u00e8 permesso e usare solo le aree attrezzate; se si \u00e8 acceso un fuoco non allontanarsi finch\u00e9 non \u00e8 completamente spento; non bruciare stoppie o residui agricoli; rispettare le ordinanze comunali. In linea con le raccomandazione della Protezione Civile, \u00e8 altres\u00ec importante, se si avvista un incendio, chiamare il 115\u00a0(Corpo Nazionale dei Vigili del Fuoco) o il\u00a0numero di emergenza\u00a0112 o il 1515. Lungo le strade statali e le autostrade di competenza Anas \u00e8 inoltre possibile chiamare il numero verde \u201cPronto Anas\u201d 800.841.148. Spegnere gli incendi \u00e8 un lavoro pericoloso ed \u00e8 importante segnalarli e al contempo tenersi lontani per facilitare le operazioni e non correre rischi.<\/p>\n<p>&nbsp;<\/p>\n<p>&nbsp;<\/p>\n<p>*****<\/p>\n","protected":false},"excerpt":{"rendered":"<p>ROMA Al via la campagna di Anas (Gruppo FS Italiane) contro gli incendi in prossimit\u00e0 dei tracciati stradali e autostradali causati da sigarette accese rilasciate dai veicoli. Molti incendi recenti, complice la siccit\u00e0 e le alte temperature del periodo, si sono verificati a margine delle strade e delle autostrade a causa di questo fenomeno, nonostante&hellip;<\/p>\n","protected":false},"author":4,"featured_media":286105,"comment_status":"closed","ping_status":"closed","sticky":false,"template":"","format":"standard","meta":{"_monsterinsights_skip_tracking":false,"_monsterinsights_sitenote_active":false,"_monsterinsights_sitenote_note":"","_monsterinsights_sitenote_category":0,"footnotes":""},"categories":[51,49],"tags":[],"class_list":["post-286097","post","type-post","status-publish","format-standard","has-post-thumbnail","hentry","category-evidenza-top","category-news-18","category-51","category-49","description-off"],"img_url":"https:\/\/www.radiopiu.net\/wordpress\/wp-content\/uploads\/2022\/07\/ANAS_la-strada-non-posacenere-1920x1080-1.jpg","_links":{"self":[{"href":"https:\/\/www.radiopiu.net\/wordpress\/wp-json\/wp\/v2\/posts\/286097","targetHints":{"allow":["GET"]}}],"collection":[{"href":"https:\/\/www.radiopiu.net\/wordpress\/wp-json\/wp\/v2\/posts"}],"about":[{"href":"https:\/\/www.radiopiu.net\/wordpress\/wp-json\/wp\/v2\/types\/post"}],"author":[{"embeddable":true,"href":"https:\/\/www.radiopiu.net\/wordpress\/wp-json\/wp\/v2\/users\/4"}],"replies":[{"embeddable":true,"href":"https:\/\/www.radiopiu.net\/wordpress\/wp-json\/wp\/v2\/comments?post=286097"}],"version-history":[{"count":0,"href":"https:\/\/www.radiopiu.net\/wordpress\/wp-json\/wp\/v2\/posts\/286097\/revisions"}],"wp:featuredmedia":[{"embeddable":true,"href":"https:\/\/www.radiopiu.net\/wordpress\/wp-json\/wp\/v2\/media\/286105"}],"wp:attachment":[{"href":"https:\/\/www.radiopiu.net\/wordpress\/wp-json\/wp\/v2\/media?parent=286097"}],"wp:term":[{"taxonomy":"category","embeddable":true,"href":"https:\/\/www.radiopiu.net\/wordpress\/wp-json\/wp\/v2\/categories?post=286097"},{"taxonomy":"post_tag","embeddable":true,"href":"https:\/\/www.radiopiu.net\/wordpress\/wp-json\/wp\/v2\/tags?post=286097"}],"curies":[{"name":"wp","href":"https:\/\/api.w.org\/{rel}","templated":true}]}}