{"id":286100,"date":"2022-07-08T10:35:25","date_gmt":"2022-07-08T08:35:25","guid":{"rendered":"https:\/\/www.radiopiu.net\/wordpress\/?p=286100"},"modified":"2022-07-09T05:51:08","modified_gmt":"2022-07-09T03:51:08","slug":"non-si-dimentichi-la-storia-non-si-dimentichi-il-generale","status":"publish","type":"post","link":"https:\/\/www.radiopiu.net\/wordpress\/non-si-dimentichi-la-storia-non-si-dimentichi-il-generale\/","title":{"rendered":"NON SI DIMENTICHI LA STORIA, NON SI DIMENTICHI IL GENERALE"},"content":{"rendered":"<p>&nbsp;<\/p>\n<p><strong>REDAZIONE<\/strong> Siamo stati giustamente richiamati stamane da Tiziano De Col che ci ha invitato a togliere la polvere dal libro di storia. Commentando i 69 anni di sacerdozio del 92enne Monsignor Lino Mottes, abbiamo anche ricordato che il parroco \u00e8 uno dei cittadini onorari di Agordo, cos\u00ec come il Cavalier Leonardo Del Vecchio e per entrambi l&#8217;encomio \u00e8 stato voluto dall&#8217;ex sindaco Renzo Gavaz.<em>&#8220;Le cittadinanze onorarie attribuite dal Comune di Agordo sono\u00a0 quattro &#8211; ricorda De Col &#8211;\u00a0 La prima , infatti, \u00e8 stata attribuita al Generale Dal Fabbro, artefice della ricostruzione post bellica dopo la Grande Guerra, l&#8217;ultima al Cavalier Luigi Francavilla voluta dal sindaco Roberto Chissal\u00e8&#8221;<\/em>. Come minimo non potevamo che chiedere un &#8220;pezzo&#8221; d&#8217;archivio pregiato come la copia della pergamena della cittadinanza onoraria<\/p>\n<p><a class=\"dt-pswp-item\" href=\"https:\/\/www.radiopiu.net\/wordpress\/wp-content\/uploads\/2022\/07\/Gen_Dal-Fabbro.jpg\" data-dt-img-description=\"\" data-large_image_width=\"1092\" data-large_image_height=\"1956\"><img loading=\"lazy\" decoding=\"async\" class=\"wp-image-286110 aligncenter\" src=\"https:\/\/www.radiopiu.net\/wordpress\/wp-content\/uploads\/2022\/07\/Gen_Dal-Fabbro.jpg\" alt=\"\" width=\"218\" height=\"391\" srcset=\"https:\/\/www.radiopiu.net\/wordpress\/wp-content\/uploads\/2022\/07\/Gen_Dal-Fabbro.jpg 1092w, https:\/\/www.radiopiu.net\/wordpress\/wp-content\/uploads\/2022\/07\/Gen_Dal-Fabbro-167x300.jpg 167w, https:\/\/www.radiopiu.net\/wordpress\/wp-content\/uploads\/2022\/07\/Gen_Dal-Fabbro-572x1024.jpg 572w, https:\/\/www.radiopiu.net\/wordpress\/wp-content\/uploads\/2022\/07\/Gen_Dal-Fabbro-768x1376.jpg 768w, https:\/\/www.radiopiu.net\/wordpress\/wp-content\/uploads\/2022\/07\/Gen_Dal-Fabbro-858x1536.jpg 858w\" sizes=\"auto, (max-width: 218px) 100vw, 218px\" \/><\/a><\/p>\n<p>&nbsp;<\/p>\n<p><a class=\"dt-pswp-item\" href=\"https:\/\/www.radiopiu.net\/wordpress\/wp-content\/uploads\/2022\/07\/Diploma-cittadino-onorario-Agordo-scaled.jpg\" data-dt-img-description=\"\" data-large_image_width=\"2560\" data-large_image_height=\"1909\"><img loading=\"lazy\" decoding=\"async\" class=\"alignnone wp-image-286101 size-full\" src=\"https:\/\/www.radiopiu.net\/wordpress\/wp-content\/uploads\/2022\/07\/Diploma-cittadino-onorario-Agordo-scaled.jpg\" alt=\"\" width=\"2560\" height=\"1909\" srcset=\"https:\/\/www.radiopiu.net\/wordpress\/wp-content\/uploads\/2022\/07\/Diploma-cittadino-onorario-Agordo-scaled.jpg 2560w, https:\/\/www.radiopiu.net\/wordpress\/wp-content\/uploads\/2022\/07\/Diploma-cittadino-onorario-Agordo-300x224.jpg 300w, https:\/\/www.radiopiu.net\/wordpress\/wp-content\/uploads\/2022\/07\/Diploma-cittadino-onorario-Agordo-1024x763.jpg 1024w, https:\/\/www.radiopiu.net\/wordpress\/wp-content\/uploads\/2022\/07\/Diploma-cittadino-onorario-Agordo-768x573.jpg 768w, https:\/\/www.radiopiu.net\/wordpress\/wp-content\/uploads\/2022\/07\/Diploma-cittadino-onorario-Agordo-1536x1145.jpg 1536w, https:\/\/www.radiopiu.net\/wordpress\/wp-content\/uploads\/2022\/07\/Diploma-cittadino-onorario-Agordo-2048x1527.jpg 2048w\" sizes=\"auto, (max-width: 2560px) 100vw, 2560px\" \/><\/a><\/p>\n","protected":false},"excerpt":{"rendered":"<p>&nbsp; REDAZIONE Siamo stati giustamente richiamati stamane da Tiziano De Col che ci ha invitato a togliere la polvere dal libro di storia. Commentando i 69 anni di sacerdozio del 92enne Monsignor Lino Mottes, abbiamo anche ricordato che il parroco \u00e8 uno dei cittadini onorari di Agordo, cos\u00ec come il Cavalier Leonardo Del Vecchio e&hellip;<\/p>\n","protected":false},"author":4,"featured_media":286101,"comment_status":"closed","ping_status":"closed","sticky":false,"template":"","format":"standard","meta":{"_monsterinsights_skip_tracking":false,"_monsterinsights_sitenote_active":false,"_monsterinsights_sitenote_note":"","_monsterinsights_sitenote_category":0,"footnotes":""},"categories":[49],"tags":[],"class_list":["post-286100","post","type-post","status-publish","format-standard","has-post-thumbnail","hentry","category-news-18","category-49","description-off"],"img_url":"https:\/\/www.radiopiu.net\/wordpress\/wp-content\/uploads\/2022\/07\/Diploma-cittadino-onorario-Agordo-scaled.jpg","_links":{"self":[{"href":"https:\/\/www.radiopiu.net\/wordpress\/wp-json\/wp\/v2\/posts\/286100","targetHints":{"allow":["GET"]}}],"collection":[{"href":"https:\/\/www.radiopiu.net\/wordpress\/wp-json\/wp\/v2\/posts"}],"about":[{"href":"https:\/\/www.radiopiu.net\/wordpress\/wp-json\/wp\/v2\/types\/post"}],"author":[{"embeddable":true,"href":"https:\/\/www.radiopiu.net\/wordpress\/wp-json\/wp\/v2\/users\/4"}],"replies":[{"embeddable":true,"href":"https:\/\/www.radiopiu.net\/wordpress\/wp-json\/wp\/v2\/comments?post=286100"}],"version-history":[{"count":0,"href":"https:\/\/www.radiopiu.net\/wordpress\/wp-json\/wp\/v2\/posts\/286100\/revisions"}],"wp:featuredmedia":[{"embeddable":true,"href":"https:\/\/www.radiopiu.net\/wordpress\/wp-json\/wp\/v2\/media\/286101"}],"wp:attachment":[{"href":"https:\/\/www.radiopiu.net\/wordpress\/wp-json\/wp\/v2\/media?parent=286100"}],"wp:term":[{"taxonomy":"category","embeddable":true,"href":"https:\/\/www.radiopiu.net\/wordpress\/wp-json\/wp\/v2\/categories?post=286100"},{"taxonomy":"post_tag","embeddable":true,"href":"https:\/\/www.radiopiu.net\/wordpress\/wp-json\/wp\/v2\/tags?post=286100"}],"curies":[{"name":"wp","href":"https:\/\/api.w.org\/{rel}","templated":true}]}}