{"id":286121,"date":"2023-06-16T05:43:22","date_gmt":"2023-06-16T03:43:22","guid":{"rendered":"https:\/\/www.radiopiu.net\/wordpress\/?p=286121"},"modified":"2023-06-17T06:03:34","modified_gmt":"2023-06-17T04:03:34","slug":"puntata09giugno","status":"publish","type":"post","link":"https:\/\/www.radiopiu.net\/wordpress\/puntata09giugno\/","title":{"rendered":"UNA FINESTRA SUL VOLONTARIATO DEL COMITATO D&#8217;INTESA"},"content":{"rendered":"<h3><\/h3>\n<h3><\/h3>\n<h3><img loading=\"lazy\" decoding=\"async\" class=\"aligncenter\" src=\"https:\/\/www.radiopiu.net\/wordpress\/wp-content\/uploads\/2023\/01\/COMITATO-INTESA-BELLUNO.png\" width=\"265\" height=\"169\" \/><\/h3>\n<h3><\/h3>\n<h3>Il\u00a0 programma radiofonico sul volontariato bellunese<\/h3>\n<p>il <strong>Comitato d\u2019Intesa<\/strong>\u00a0si lancia in un nuovo progetto.\u00a0<strong>\u201cUna Finestra sul Volontariato\u201d<\/strong> \u00e8 il programma radiofonico\u00a0 che ha l\u2019obiettivo di raccontare il mondo del volontariato nella provincia di Belluno, con le sue sfaccettature e la sua ricchezza. L\u2019iniziativa \u00e8 rivolta alla cittadinanza interessata a conoscere qualcosa di pi\u00f9 sul Terzo Settore, e alle associazioni che vogliono restare aggiornate e scoprire nuove opportunit\u00e0. Potete ascoltarci ogni <strong>secondo venerd\u00ec del mese<\/strong>\u00a0alle\u00a0<strong>ore 10.30<\/strong>\u00a0e alle\u00a0<strong>ore 19.00<\/strong> sulle frequenze di Radio Pi\u00f9<\/p>\n<p>&nbsp;<\/p>\n<h2><span style=\"color: #339966;\"><a class=\"dt-pswp-item\" href=\"https:\/\/www.radiopiu.net\/wordpress\/wp-content\/uploads\/2023\/06\/4ded334d-3385-4b9e-b53e-bf444e814627.jpg\" data-dt-img-description=\"\" data-large_image_width=\"2048\" data-large_image_height=\"1152\"><img loading=\"lazy\" decoding=\"async\" class=\"size-medium wp-image-340536 alignleft\" src=\"https:\/\/www.radiopiu.net\/wordpress\/wp-content\/uploads\/2023\/06\/4ded334d-3385-4b9e-b53e-bf444e814627-300x169.jpg\" alt=\"\" width=\"300\" height=\"169\" srcset=\"https:\/\/www.radiopiu.net\/wordpress\/wp-content\/uploads\/2023\/06\/4ded334d-3385-4b9e-b53e-bf444e814627-300x169.jpg 300w, https:\/\/www.radiopiu.net\/wordpress\/wp-content\/uploads\/2023\/06\/4ded334d-3385-4b9e-b53e-bf444e814627-1024x576.jpg 1024w, https:\/\/www.radiopiu.net\/wordpress\/wp-content\/uploads\/2023\/06\/4ded334d-3385-4b9e-b53e-bf444e814627-768x432.jpg 768w, https:\/\/www.radiopiu.net\/wordpress\/wp-content\/uploads\/2023\/06\/4ded334d-3385-4b9e-b53e-bf444e814627-1536x864.jpg 1536w, https:\/\/www.radiopiu.net\/wordpress\/wp-content\/uploads\/2023\/06\/4ded334d-3385-4b9e-b53e-bf444e814627.jpg 2048w\" sizes=\"auto, (max-width: 300px) 100vw, 300px\" \/><\/a>PUNTATA DEL 16 GIUGNO 2023<\/span><\/h2>\n<p>OSPITE Elisa Roldo<\/p>\n<p>di Mirko Mezzacasa<\/p>\n<audio class=\"wp-audio-shortcode\" id=\"audio-286121-1\" preload=\"none\" style=\"width: 100%;\" controls=\"controls\"><source type=\"audio\/mpeg\" src=\"https:\/\/www.radiopiu.net\/wordpress\/wp-content\/uploads\/2023\/06\/elisa-roldo.mp3?_=1\" \/><a href=\"https:\/\/www.radiopiu.net\/wordpress\/wp-content\/uploads\/2023\/06\/elisa-roldo.mp3\">https:\/\/www.radiopiu.net\/wordpress\/wp-content\/uploads\/2023\/06\/elisa-roldo.mp3<\/a><\/audio>\n<p>&nbsp;<\/p>\n<h2><span style=\"color: #339966;\"><a class=\"dt-pswp-item\" href=\"https:\/\/www.radiopiu.net\/wordpress\/wp-content\/uploads\/2023\/05\/229b81ed-4f56-40dc-9866-4a4146ca687f.jpg\" data-dt-img-description=\"\" data-large_image_width=\"2048\" data-large_image_height=\"1152\"><img loading=\"lazy\" decoding=\"async\" class=\"size-medium wp-image-339504 alignleft\" src=\"https:\/\/www.radiopiu.net\/wordpress\/wp-content\/uploads\/2023\/05\/229b81ed-4f56-40dc-9866-4a4146ca687f-300x169.jpg\" alt=\"\" width=\"300\" height=\"169\" srcset=\"https:\/\/www.radiopiu.net\/wordpress\/wp-content\/uploads\/2023\/05\/229b81ed-4f56-40dc-9866-4a4146ca687f-300x169.jpg 300w, https:\/\/www.radiopiu.net\/wordpress\/wp-content\/uploads\/2023\/05\/229b81ed-4f56-40dc-9866-4a4146ca687f-1024x576.jpg 1024w, https:\/\/www.radiopiu.net\/wordpress\/wp-content\/uploads\/2023\/05\/229b81ed-4f56-40dc-9866-4a4146ca687f-768x432.jpg 768w, https:\/\/www.radiopiu.net\/wordpress\/wp-content\/uploads\/2023\/05\/229b81ed-4f56-40dc-9866-4a4146ca687f-1536x864.jpg 1536w, https:\/\/www.radiopiu.net\/wordpress\/wp-content\/uploads\/2023\/05\/229b81ed-4f56-40dc-9866-4a4146ca687f.jpg 2048w\" sizes=\"auto, (max-width: 300px) 100vw, 300px\" \/><\/a>PUNTATA DEL 09 GIUGNO 2023<\/span><\/h2>\n<p>OSPITI con Sisto Da Roit,\u00a0 Anna Maria Reato e Maurizio Vecchio<\/p>\n<p>di mirko mezzacasa<\/p>\n<audio class=\"wp-audio-shortcode\" id=\"audio-286121-2\" preload=\"none\" style=\"width: 100%;\" controls=\"controls\"><source type=\"audio\/mpeg\" src=\"https:\/\/www.radiopiu.net\/wordpress\/wp-content\/uploads\/2023\/05\/comitato-dintesa-venerdi-giugno.mp3?_=2\" \/><a href=\"https:\/\/www.radiopiu.net\/wordpress\/wp-content\/uploads\/2023\/05\/comitato-dintesa-venerdi-giugno.mp3\">https:\/\/www.radiopiu.net\/wordpress\/wp-content\/uploads\/2023\/05\/comitato-dintesa-venerdi-giugno.mp3<\/a><\/audio>\n<p>&nbsp;<\/p>\n<p>&nbsp;<\/p>\n<p>&nbsp;<\/p>\n<h2><span style=\"color: #339966;\"><a class=\"dt-pswp-item\" href=\"https:\/\/www.radiopiu.net\/wordpress\/wp-content\/uploads\/2023\/04\/e43e7d9d-7dbc-4ba9-b46e-7f6373a88505.jpg\" data-dt-img-description=\"\" data-large_image_width=\"2048\" data-large_image_height=\"1152\"><img loading=\"lazy\" decoding=\"async\" class=\"size-medium wp-image-335545 alignleft\" src=\"https:\/\/www.radiopiu.net\/wordpress\/wp-content\/uploads\/2023\/04\/e43e7d9d-7dbc-4ba9-b46e-7f6373a88505-300x169.jpg\" alt=\"\" width=\"300\" height=\"169\" srcset=\"https:\/\/www.radiopiu.net\/wordpress\/wp-content\/uploads\/2023\/04\/e43e7d9d-7dbc-4ba9-b46e-7f6373a88505-300x169.jpg 300w, https:\/\/www.radiopiu.net\/wordpress\/wp-content\/uploads\/2023\/04\/e43e7d9d-7dbc-4ba9-b46e-7f6373a88505-1024x576.jpg 1024w, https:\/\/www.radiopiu.net\/wordpress\/wp-content\/uploads\/2023\/04\/e43e7d9d-7dbc-4ba9-b46e-7f6373a88505-768x432.jpg 768w, https:\/\/www.radiopiu.net\/wordpress\/wp-content\/uploads\/2023\/04\/e43e7d9d-7dbc-4ba9-b46e-7f6373a88505-1536x864.jpg 1536w, https:\/\/www.radiopiu.net\/wordpress\/wp-content\/uploads\/2023\/04\/e43e7d9d-7dbc-4ba9-b46e-7f6373a88505.jpg 2048w\" sizes=\"auto, (max-width: 300px) 100vw, 300px\" \/><\/a>PUNTATA DEL 12 MAGGIO 2023\u00a0<\/span><\/h2>\n<p>Ospite Renzo Andrich<\/p>\n<audio class=\"wp-audio-shortcode\" id=\"audio-286121-3\" preload=\"none\" style=\"width: 100%;\" controls=\"controls\"><source type=\"audio\/mpeg\" src=\"https:\/\/www.radiopiu.net\/wordpress\/wp-content\/uploads\/2023\/04\/COMITATO-DINTESA-RENZO-E-SISTO.mp3?_=3\" \/><a href=\"https:\/\/www.radiopiu.net\/wordpress\/wp-content\/uploads\/2023\/04\/COMITATO-DINTESA-RENZO-E-SISTO.mp3\">https:\/\/www.radiopiu.net\/wordpress\/wp-content\/uploads\/2023\/04\/COMITATO-DINTESA-RENZO-E-SISTO.mp3<\/a><\/audio>\n<p>&nbsp;<\/p>\n<p>&nbsp;<\/p>\n<h2><span style=\"color: #339966;\"><a class=\"dt-pswp-item\" href=\"https:\/\/www.radiopiu.net\/wordpress\/wp-content\/uploads\/2023\/04\/luggage-3167359__340.jpg\" data-dt-img-description=\"\" data-large_image_width=\"496\" data-large_image_height=\"340\"><img loading=\"lazy\" decoding=\"async\" class=\" wp-image-331318 alignleft\" src=\"https:\/\/www.radiopiu.net\/wordpress\/wp-content\/uploads\/2023\/04\/luggage-3167359__340-300x206.jpg\" alt=\"\" width=\"165\" height=\"113\" srcset=\"https:\/\/www.radiopiu.net\/wordpress\/wp-content\/uploads\/2023\/04\/luggage-3167359__340-300x206.jpg 300w, https:\/\/www.radiopiu.net\/wordpress\/wp-content\/uploads\/2023\/04\/luggage-3167359__340.jpg 496w\" sizes=\"auto, (max-width: 165px) 100vw, 165px\" \/><\/a>PUNTATA DEL 14 APRILE 2023\u00a0<\/span><\/h2>\n<p>Ospiti Veronica Da Canal e Laura De Riz con l&#8217;esperienza dell&#8217;Erasmus<\/p>\n<audio class=\"wp-audio-shortcode\" id=\"audio-286121-4\" preload=\"none\" style=\"width: 100%;\" controls=\"controls\"><source type=\"audio\/mpeg\" src=\"https:\/\/www.radiopiu.net\/wordpress\/wp-content\/uploads\/2023\/04\/comitato-dintesa.mp3?_=4\" \/><a href=\"https:\/\/www.radiopiu.net\/wordpress\/wp-content\/uploads\/2023\/04\/comitato-dintesa.mp3\">https:\/\/www.radiopiu.net\/wordpress\/wp-content\/uploads\/2023\/04\/comitato-dintesa.mp3<\/a><\/audio>\n<p>&nbsp;<\/p>\n<p>&nbsp;<\/p>\n<h2><span style=\"color: #339966;\"><a class=\"dt-pswp-item\" href=\"https:\/\/www.radiopiu.net\/wordpress\/wp-content\/uploads\/2021\/12\/ambulanze-4.jpeg\" data-dt-img-description=\"\" data-large_image_width=\"1600\" data-large_image_height=\"1200\"><img loading=\"lazy\" decoding=\"async\" class=\"wp-image-250919 alignleft\" src=\"https:\/\/www.radiopiu.net\/wordpress\/wp-content\/uploads\/2021\/12\/ambulanze-4-300x225.jpeg\" alt=\"\" width=\"201\" height=\"151\" srcset=\"https:\/\/www.radiopiu.net\/wordpress\/wp-content\/uploads\/2021\/12\/ambulanze-4-300x225.jpeg 300w, https:\/\/www.radiopiu.net\/wordpress\/wp-content\/uploads\/2021\/12\/ambulanze-4-1024x768.jpeg 1024w, https:\/\/www.radiopiu.net\/wordpress\/wp-content\/uploads\/2021\/12\/ambulanze-4-768x576.jpeg 768w, https:\/\/www.radiopiu.net\/wordpress\/wp-content\/uploads\/2021\/12\/ambulanze-4-1536x1152.jpeg 1536w, https:\/\/www.radiopiu.net\/wordpress\/wp-content\/uploads\/2021\/12\/ambulanze-4.jpeg 1600w\" sizes=\"auto, (max-width: 201px) 100vw, 201px\" \/><\/a><\/span><\/h2>\n<h2><span style=\"color: #339966;\">PUNTATA DEL 10 MARZO 2023\u00a0<\/span><\/h2>\n<p>Ospiti Felice Gaiardo, volontari ambulanze Agordino-Zoldano e Carlo Scussel, associazione volontari agordino San Martino<\/p>\n<audio class=\"wp-audio-shortcode\" id=\"audio-286121-5\" preload=\"none\" style=\"width: 100%;\" controls=\"controls\"><source type=\"audio\/mpeg\" src=\"https:\/\/www.radiopiu.net\/wordpress\/wp-content\/uploads\/2022\/02\/UNA-FINESTRA-VENERDI-MARZO.mp3?_=5\" \/><a href=\"https:\/\/www.radiopiu.net\/wordpress\/wp-content\/uploads\/2022\/02\/UNA-FINESTRA-VENERDI-MARZO.mp3\">https:\/\/www.radiopiu.net\/wordpress\/wp-content\/uploads\/2022\/02\/UNA-FINESTRA-VENERDI-MARZO.mp3<\/a><\/audio>\n<p>&nbsp;<\/p>\n<p>&nbsp;<\/p>\n<h2><span style=\"color: #339966;\"><a class=\"dt-pswp-item\" href=\"https:\/\/www.radiopiu.net\/wordpress\/wp-content\/uploads\/2022\/01\/4ded5022-1ab1-4d61-a0ab-fac18a5dac4a.jpg\" data-dt-img-description=\"\" data-large_image_width=\"2048\" data-large_image_height=\"1152\"><img loading=\"lazy\" decoding=\"async\" class=\" wp-image-321360 alignleft\" src=\"https:\/\/www.radiopiu.net\/wordpress\/wp-content\/uploads\/2022\/01\/4ded5022-1ab1-4d61-a0ab-fac18a5dac4a-300x169.jpg\" alt=\"\" width=\"181\" height=\"102\" srcset=\"https:\/\/www.radiopiu.net\/wordpress\/wp-content\/uploads\/2022\/01\/4ded5022-1ab1-4d61-a0ab-fac18a5dac4a-300x169.jpg 300w, https:\/\/www.radiopiu.net\/wordpress\/wp-content\/uploads\/2022\/01\/4ded5022-1ab1-4d61-a0ab-fac18a5dac4a-1024x576.jpg 1024w, https:\/\/www.radiopiu.net\/wordpress\/wp-content\/uploads\/2022\/01\/4ded5022-1ab1-4d61-a0ab-fac18a5dac4a-768x432.jpg 768w, https:\/\/www.radiopiu.net\/wordpress\/wp-content\/uploads\/2022\/01\/4ded5022-1ab1-4d61-a0ab-fac18a5dac4a-1536x864.jpg 1536w, https:\/\/www.radiopiu.net\/wordpress\/wp-content\/uploads\/2022\/01\/4ded5022-1ab1-4d61-a0ab-fac18a5dac4a.jpg 2048w\" sizes=\"auto, (max-width: 181px) 100vw, 181px\" \/><\/a>PUNTATA DEL 10 FEBBRAIO 2023<\/span><\/h2>\n<p>Ospiti Sonia d&#8217;Agostini e Fabrizio Campedel con Sisto Da Roit.<br \/>\nPETTIROSSO-CASSA SOLIDARIETA&#8217; AZIENDALE LAVORATORI LUXOTTICA<\/p>\n<audio class=\"wp-audio-shortcode\" id=\"audio-286121-6\" preload=\"none\" style=\"width: 100%;\" controls=\"controls\"><source type=\"audio\/mpeg\" src=\"https:\/\/www.radiopiu.net\/wordpress\/wp-content\/uploads\/2022\/01\/UNA-FINESTRA-FABRIZIO-SONIA-SISTO.mp3?_=6\" \/><a href=\"https:\/\/www.radiopiu.net\/wordpress\/wp-content\/uploads\/2022\/01\/UNA-FINESTRA-FABRIZIO-SONIA-SISTO.mp3\">https:\/\/www.radiopiu.net\/wordpress\/wp-content\/uploads\/2022\/01\/UNA-FINESTRA-FABRIZIO-SONIA-SISTO.mp3<\/a><\/audio>\n<p>&nbsp;<\/p>\n<p>&nbsp;<\/p>\n<h2><span style=\"color: #339966;\">PUNTATA DEL 13 GENNAIO 2023<\/span><\/h2>\n<h2><strong><a class=\"dt-pswp-item\" href=\"https:\/\/www.radiopiu.net\/wordpress\/wp-content\/uploads\/2022\/07\/logo.gif\" data-dt-img-description=\"\" data-large_image_width=\"350\" data-large_image_height=\"350\"><img loading=\"lazy\" decoding=\"async\" class=\" wp-image-286120 alignleft\" src=\"https:\/\/www.radiopiu.net\/wordpress\/wp-content\/uploads\/2022\/07\/logo-150x150.gif\" alt=\"\" width=\"95\" height=\"95\" srcset=\"https:\/\/www.radiopiu.net\/wordpress\/wp-content\/uploads\/2022\/07\/logo-150x150.gif 150w, https:\/\/www.radiopiu.net\/wordpress\/wp-content\/uploads\/2022\/07\/logo-300x300.gif 300w\" sizes=\"auto, (max-width: 95px) 100vw, 95px\" \/><\/a><\/strong><\/h2>\n<p>Ospiti\u00a0 Gianluca Corsetti, presidente Comitato d&#8217;Intesa e il consigliere Sisto Da Roit.<\/p>\n<audio class=\"wp-audio-shortcode\" id=\"audio-286121-7\" preload=\"none\" style=\"width: 100%;\" controls=\"controls\"><source type=\"audio\/mpeg\" src=\"https:\/\/www.radiopiu.net\/wordpress\/wp-content\/uploads\/2023\/01\/FINESTRA-VOLONTARIATO.mp3?_=7\" \/><a href=\"https:\/\/www.radiopiu.net\/wordpress\/wp-content\/uploads\/2023\/01\/FINESTRA-VOLONTARIATO.mp3\">https:\/\/www.radiopiu.net\/wordpress\/wp-content\/uploads\/2023\/01\/FINESTRA-VOLONTARIATO.mp3<\/a><\/audio>\n<p>&nbsp;<\/p>\n<p>&nbsp;<\/p>\n<h2><span style=\"color: #339966;\"><a class=\"dt-pswp-item\" href=\"https:\/\/www.radiopiu.net\/wordpress\/wp-content\/uploads\/2022\/12\/1f4f3835-9d62-4ccc-9a5b-cb4b9c6d489b.jpg\" data-dt-img-description=\"\" data-large_image_width=\"2048\" data-large_image_height=\"1490\"><img loading=\"lazy\" decoding=\"async\" class=\"wp-image-310426 alignleft\" src=\"https:\/\/www.radiopiu.net\/wordpress\/wp-content\/uploads\/2022\/12\/1f4f3835-9d62-4ccc-9a5b-cb4b9c6d489b-300x218.jpg\" alt=\"\" width=\"211\" height=\"153\" srcset=\"https:\/\/www.radiopiu.net\/wordpress\/wp-content\/uploads\/2022\/12\/1f4f3835-9d62-4ccc-9a5b-cb4b9c6d489b-300x218.jpg 300w, https:\/\/www.radiopiu.net\/wordpress\/wp-content\/uploads\/2022\/12\/1f4f3835-9d62-4ccc-9a5b-cb4b9c6d489b-1024x745.jpg 1024w, https:\/\/www.radiopiu.net\/wordpress\/wp-content\/uploads\/2022\/12\/1f4f3835-9d62-4ccc-9a5b-cb4b9c6d489b-768x559.jpg 768w, https:\/\/www.radiopiu.net\/wordpress\/wp-content\/uploads\/2022\/12\/1f4f3835-9d62-4ccc-9a5b-cb4b9c6d489b-1536x1118.jpg 1536w, https:\/\/www.radiopiu.net\/wordpress\/wp-content\/uploads\/2022\/12\/1f4f3835-9d62-4ccc-9a5b-cb4b9c6d489b.jpg 2048w\" sizes=\"auto, (max-width: 211px) 100vw, 211px\" \/><\/a><\/span><\/h2>\n<h2><\/h2>\n<h2><span style=\"color: #339966;\">PUNTATA DEL 09 DICEMBRE 2022<\/span><\/h2>\n<p>Ospiti Renzo Andrich, Elisa Roldo Sisto Da Roit.<\/p>\n<p>Diventa volontario anche tu<\/p>\n<audio class=\"wp-audio-shortcode\" id=\"audio-286121-8\" preload=\"none\" style=\"width: 100%;\" controls=\"controls\"><source type=\"audio\/mpeg\" src=\"https:\/\/www.radiopiu.net\/wordpress\/wp-content\/uploads\/2022\/12\/UNA-FINESTRA-SUL-VOLONTARIATO-DICEMBRE.mp3?_=8\" \/><a href=\"https:\/\/www.radiopiu.net\/wordpress\/wp-content\/uploads\/2022\/12\/UNA-FINESTRA-SUL-VOLONTARIATO-DICEMBRE.mp3\">https:\/\/www.radiopiu.net\/wordpress\/wp-content\/uploads\/2022\/12\/UNA-FINESTRA-SUL-VOLONTARIATO-DICEMBRE.mp3<\/a><\/audio>\n<p>&nbsp;<\/p>\n<p>&nbsp;<\/p>\n<p><strong>SERVIZIO DA BELLUNO DI DANIELE DALVIT dicembre 2023<\/strong><\/p>\n<audio class=\"wp-audio-shortcode\" id=\"audio-286121-9\" preload=\"none\" style=\"width: 100%;\" controls=\"controls\"><source type=\"audio\/mpeg\" src=\"https:\/\/www.radiopiu.net\/wordpress\/wp-content\/uploads\/2022\/12\/DANIELE-DIVENTA-RICCO.mp3?_=9\" \/><a href=\"https:\/\/www.radiopiu.net\/wordpress\/wp-content\/uploads\/2022\/12\/DANIELE-DIVENTA-RICCO.mp3\">https:\/\/www.radiopiu.net\/wordpress\/wp-content\/uploads\/2022\/12\/DANIELE-DIVENTA-RICCO.mp3<\/a><\/audio>\n<p>&nbsp;<\/p>\n<p><strong>SERVIZIO DA BELLUNO DI DANIELE DALVIT gennaio 2023<\/strong><\/p>\n<audio class=\"wp-audio-shortcode\" id=\"audio-286121-10\" preload=\"none\" style=\"width: 100%;\" controls=\"controls\"><source type=\"audio\/mpeg\" src=\"https:\/\/www.radiopiu.net\/wordpress\/wp-content\/uploads\/2023\/01\/DALVIT-COMITATO-DINTESA.mp3?_=10\" \/><a href=\"https:\/\/www.radiopiu.net\/wordpress\/wp-content\/uploads\/2023\/01\/DALVIT-COMITATO-DINTESA.mp3\">https:\/\/www.radiopiu.net\/wordpress\/wp-content\/uploads\/2023\/01\/DALVIT-COMITATO-DINTESA.mp3<\/a><\/audio>\n<p>&nbsp;<\/p>\n<h2><strong><span style=\"color: #339966;\">PUNTATA DEL 11 NOVEMBRE 2022<\/span><\/strong><\/h2>\n<p><a class=\"dt-pswp-item\" href=\"https:\/\/www.radiopiu.net\/wordpress\/wp-content\/uploads\/2022\/09\/a925788b-d498-4229-a19b-99db06a1db0c.jpg\" data-dt-img-description=\"\" data-large_image_width=\"1600\" data-large_image_height=\"1196\"><img loading=\"lazy\" decoding=\"async\" class=\"wp-image-305875 alignleft\" src=\"https:\/\/www.radiopiu.net\/wordpress\/wp-content\/uploads\/2022\/09\/a925788b-d498-4229-a19b-99db06a1db0c-300x224.jpg\" alt=\"\" width=\"185\" height=\"138\" srcset=\"https:\/\/www.radiopiu.net\/wordpress\/wp-content\/uploads\/2022\/09\/a925788b-d498-4229-a19b-99db06a1db0c-300x224.jpg 300w, https:\/\/www.radiopiu.net\/wordpress\/wp-content\/uploads\/2022\/09\/a925788b-d498-4229-a19b-99db06a1db0c-1024x765.jpg 1024w, https:\/\/www.radiopiu.net\/wordpress\/wp-content\/uploads\/2022\/09\/a925788b-d498-4229-a19b-99db06a1db0c-768x574.jpg 768w, https:\/\/www.radiopiu.net\/wordpress\/wp-content\/uploads\/2022\/09\/a925788b-d498-4229-a19b-99db06a1db0c-1536x1148.jpg 1536w, https:\/\/www.radiopiu.net\/wordpress\/wp-content\/uploads\/2022\/09\/a925788b-d498-4229-a19b-99db06a1db0c.jpg 1600w\" sizes=\"auto, (max-width: 185px) 100vw, 185px\" \/><\/a>Ospiti Sisto Da Roit, Laura De Riz, Chiara D&#8217;Incau, l&#8217;esperienza del volontariato all&#8217;estero, o dall&#8217;estero a Belluno.<\/p>\n<p>&nbsp;<\/p>\n<p>di Mirko Mezzacasa<\/p>\n<audio class=\"wp-audio-shortcode\" id=\"audio-286121-11\" preload=\"none\" style=\"width: 100%;\" controls=\"controls\"><source type=\"audio\/mpeg\" src=\"https:\/\/www.radiopiu.net\/wordpress\/wp-content\/uploads\/2022\/09\/UNA-FINESTRA-SUL-VOLONTARIATO-NOVEMBRE.mp3?_=11\" \/><a href=\"https:\/\/www.radiopiu.net\/wordpress\/wp-content\/uploads\/2022\/09\/UNA-FINESTRA-SUL-VOLONTARIATO-NOVEMBRE.mp3\">https:\/\/www.radiopiu.net\/wordpress\/wp-content\/uploads\/2022\/09\/UNA-FINESTRA-SUL-VOLONTARIATO-NOVEMBRE.mp3<\/a><\/audio>\n<p>&nbsp;<\/p>\n<p>&nbsp;<\/p>\n<h2><span style=\"color: #008000;\">PUNTATA DEL 14 OTTOBRE 2022<\/span><\/h2>\n<h2><strong><a class=\"dt-pswp-item\" href=\"https:\/\/www.radiopiu.net\/wordpress\/wp-content\/uploads\/2022\/07\/logo.gif\" data-dt-img-description=\"\" data-large_image_width=\"350\" data-large_image_height=\"350\"><img loading=\"lazy\" decoding=\"async\" class=\" wp-image-286120 alignleft\" src=\"https:\/\/www.radiopiu.net\/wordpress\/wp-content\/uploads\/2022\/07\/logo-150x150.gif\" alt=\"\" width=\"85\" height=\"85\" srcset=\"https:\/\/www.radiopiu.net\/wordpress\/wp-content\/uploads\/2022\/07\/logo-150x150.gif 150w, https:\/\/www.radiopiu.net\/wordpress\/wp-content\/uploads\/2022\/07\/logo-300x300.gif 300w\" sizes=\"auto, (max-width: 85px) 100vw, 85px\" \/><\/a><\/strong><\/h2>\n<p>Ospiti:\u00a0 Sisto Da Roit del direttivo, Paola Benvegn\u00f9 del comitato d&#8217;intesa e Alvio Peratoner (Auser Agordo)<\/p>\n<audio class=\"wp-audio-shortcode\" id=\"audio-286121-12\" preload=\"none\" style=\"width: 100%;\" controls=\"controls\"><source type=\"audio\/mpeg\" src=\"https:\/\/www.radiopiu.net\/wordpress\/wp-content\/uploads\/2022\/09\/finestra-sul-volontariato-ottobre.mp3?_=12\" \/><a href=\"https:\/\/www.radiopiu.net\/wordpress\/wp-content\/uploads\/2022\/09\/finestra-sul-volontariato-ottobre.mp3\">https:\/\/www.radiopiu.net\/wordpress\/wp-content\/uploads\/2022\/09\/finestra-sul-volontariato-ottobre.mp3<\/a><\/audio>\n<p>&nbsp;<\/p>\n<p>&nbsp;<\/p>\n<h2><strong><span style=\"color: #008080;\">PUNTATA DEL 09 SETTEMBRE 2022 <span style=\"color: #000000;\">servizio civile\u00a0<\/span><\/span><\/strong><\/h2>\n<blockquote>\n<h2><strong><a class=\"dt-pswp-item\" href=\"https:\/\/www.radiopiu.net\/wordpress\/wp-content\/uploads\/2022\/07\/logo.gif\" data-dt-img-description=\"\" data-large_image_width=\"350\" data-large_image_height=\"350\"><img loading=\"lazy\" decoding=\"async\" class=\" wp-image-286120 alignleft\" src=\"https:\/\/www.radiopiu.net\/wordpress\/wp-content\/uploads\/2022\/07\/logo-150x150.gif\" alt=\"\" width=\"85\" height=\"85\" srcset=\"https:\/\/www.radiopiu.net\/wordpress\/wp-content\/uploads\/2022\/07\/logo-150x150.gif 150w, https:\/\/www.radiopiu.net\/wordpress\/wp-content\/uploads\/2022\/07\/logo-300x300.gif 300w\" sizes=\"auto, (max-width: 85px) 100vw, 85px\" \/><\/a><\/strong><\/h2>\n<h2><strong>IL NUOVO PROGRAMMA ALLA RADIO<\/strong><br \/>\nil secondo venerdi del mese alle 10.30 e 1900<\/h2>\n<\/blockquote>\n<p>Ospiti:\u00a0 Sisto Da Roit del direttivo, Paola Benvegn\u00f9 del comitato d&#8217;intesa e Claudia Scussel (dal servizio civile al Musal)<\/p>\n<audio class=\"wp-audio-shortcode\" id=\"audio-286121-13\" preload=\"none\" style=\"width: 100%;\" controls=\"controls\"><source type=\"audio\/mpeg\" src=\"https:\/\/www.radiopiu.net\/wordpress\/wp-content\/uploads\/2021\/07\/una-finestra-sul-volontariato-9-settembre.mp3?_=13\" \/><a href=\"https:\/\/www.radiopiu.net\/wordpress\/wp-content\/uploads\/2021\/07\/una-finestra-sul-volontariato-9-settembre.mp3\">https:\/\/www.radiopiu.net\/wordpress\/wp-content\/uploads\/2021\/07\/una-finestra-sul-volontariato-9-settembre.mp3<\/a><\/audio>\n<p>&nbsp;<\/p>\n<p>&nbsp;<\/p>\n<hr \/>\n<p>&nbsp;<\/p>\n<blockquote>\n<h2><strong><a class=\"dt-pswp-item\" href=\"https:\/\/www.radiopiu.net\/wordpress\/wp-content\/uploads\/2022\/07\/logo.gif\" data-dt-img-description=\"\" data-large_image_width=\"350\" data-large_image_height=\"350\"><img loading=\"lazy\" decoding=\"async\" class=\" wp-image-286120 alignleft\" src=\"https:\/\/www.radiopiu.net\/wordpress\/wp-content\/uploads\/2022\/07\/logo-150x150.gif\" alt=\"\" width=\"95\" height=\"95\" srcset=\"https:\/\/www.radiopiu.net\/wordpress\/wp-content\/uploads\/2022\/07\/logo-150x150.gif 150w, https:\/\/www.radiopiu.net\/wordpress\/wp-content\/uploads\/2022\/07\/logo-300x300.gif 300w\" sizes=\"auto, (max-width: 95px) 100vw, 95px\" \/><\/a><span style=\"color: #008080;\">PUNTATA DEL 12 AGOSTO 2022<span style=\"color: #000000;\"> amministratore di sostegno<\/span><\/span><\/strong><\/h2>\n<p>Cos\u2019\u00e8 la figura volontaria dell\u2019Amministratore di Sostegno e quali sono le sue funzioni? Come diventare Amministratore di Sostegno?<\/p>\n<h2><strong>IL NUOVO PROGRAMMA ALLA RADIO<\/strong><br \/>\nil secondo venerdi del mese alle 10.30 e 1900<\/h2>\n<\/blockquote>\n<p>Ospiti: Gianluca Corsetti presidente Comitato d&#8217;Intesa, Sisto Da Roit del direttivo e l&#8217;avvocato Alessia Munaro<br \/>\ndi Mirko Mezzacasa<\/p>\n<audio class=\"wp-audio-shortcode\" id=\"audio-286121-14\" preload=\"none\" style=\"width: 100%;\" controls=\"controls\"><source type=\"audio\/mpeg\" src=\"https:\/\/www.radiopiu.net\/wordpress\/wp-content\/uploads\/2022\/08\/COMITATO-DINTESA-12-AGOSTO.mp3?_=14\" \/><a href=\"https:\/\/www.radiopiu.net\/wordpress\/wp-content\/uploads\/2022\/08\/COMITATO-DINTESA-12-AGOSTO.mp3\">https:\/\/www.radiopiu.net\/wordpress\/wp-content\/uploads\/2022\/08\/COMITATO-DINTESA-12-AGOSTO.mp3<\/a><\/audio>\n<p>&nbsp;<\/p>\n<p>&nbsp;<\/p>\n<p>&nbsp;<\/p>\n<hr \/>\n<p>&nbsp;<\/p>\n<blockquote>\n<h2><strong><a class=\"dt-pswp-item\" href=\"https:\/\/www.radiopiu.net\/wordpress\/wp-content\/uploads\/2022\/07\/logo.gif\" data-dt-img-description=\"\" data-large_image_width=\"350\" data-large_image_height=\"350\"><img loading=\"lazy\" decoding=\"async\" class=\" wp-image-286120 alignleft\" src=\"https:\/\/www.radiopiu.net\/wordpress\/wp-content\/uploads\/2022\/07\/logo-150x150.gif\" alt=\"\" width=\"96\" height=\"96\" srcset=\"https:\/\/www.radiopiu.net\/wordpress\/wp-content\/uploads\/2022\/07\/logo-150x150.gif 150w, https:\/\/www.radiopiu.net\/wordpress\/wp-content\/uploads\/2022\/07\/logo-300x300.gif 300w\" sizes=\"auto, (max-width: 96px) 100vw, 96px\" \/><\/a><\/strong><\/h2>\n<h2><strong><span style=\"color: #008080;\">PUNTATA DEL 8 LUGLIO 2022 <span style=\"color: #000000;\">la presentazione dal mondo del volontariato<\/span><\/span><\/strong><\/h2>\n<p>Cos\u2019\u00e8 il Comitato d\u2019Intesa? In cosa \u00e8 diverso dal CSV \u2013 Centro di Servizio per il Volontariato? Cosa sta cambiando con la Riforma del Terzo Settore?<\/p>\n<h2><strong>IL NUOVO PROGRAMMA ALLA RADIO<\/strong><br \/>\nil secondo venerdi del mese alle 10.30 e 1900<\/h2>\n<\/blockquote>\n<p>Ospiti Gianluca Corsetti Presidente Comitato d&#8217;Intesa e Sisto Da Roit<\/p>\n<audio class=\"wp-audio-shortcode\" id=\"audio-286121-15\" preload=\"none\" style=\"width: 100%;\" controls=\"controls\"><source type=\"audio\/mpeg\" src=\"https:\/\/www.radiopiu.net\/wordpress\/wp-content\/uploads\/2022\/07\/una-finestra-sul-volontariato-8-luglio.mp3?_=15\" \/><a href=\"https:\/\/www.radiopiu.net\/wordpress\/wp-content\/uploads\/2022\/07\/una-finestra-sul-volontariato-8-luglio.mp3\">https:\/\/www.radiopiu.net\/wordpress\/wp-content\/uploads\/2022\/07\/una-finestra-sul-volontariato-8-luglio.mp3<\/a><\/audio>\n<p>&nbsp;<\/p>\n<p>&nbsp;<\/p>\n<hr \/>\n<p>&nbsp;<\/p>\n","protected":false},"excerpt":{"rendered":"<p>Il\u00a0 programma radiofonico sul volontariato bellunese il Comitato d\u2019Intesa\u00a0si lancia in un nuovo progetto.\u00a0\u201cUna Finestra sul Volontariato\u201d \u00e8 il programma radiofonico\u00a0 che ha l\u2019obiettivo di raccontare il mondo del volontariato nella provincia di Belluno, con le sue sfaccettature e la sua ricchezza. L\u2019iniziativa \u00e8 rivolta alla cittadinanza interessata a conoscere qualcosa di pi\u00f9 sul Terzo&hellip;<\/p>\n","protected":false},"author":4,"featured_media":316402,"comment_status":"closed","ping_status":"closed","sticky":false,"template":"","format":"standard","meta":{"_monsterinsights_skip_tracking":false,"_monsterinsights_sitenote_active":false,"_monsterinsights_sitenote_note":"","_monsterinsights_sitenote_category":0,"footnotes":""},"categories":[104,49],"tags":[],"class_list":["post-286121","post","type-post","status-publish","format-standard","has-post-thumbnail","hentry","category-evidenza_3","category-news-18","category-104","category-49","description-off"],"img_url":"https:\/\/www.radiopiu.net\/wordpress\/wp-content\/uploads\/2023\/01\/COMITATO-INTESA-BELLUNO.png","_links":{"self":[{"href":"https:\/\/www.radiopiu.net\/wordpress\/wp-json\/wp\/v2\/posts\/286121","targetHints":{"allow":["GET"]}}],"collection":[{"href":"https:\/\/www.radiopiu.net\/wordpress\/wp-json\/wp\/v2\/posts"}],"about":[{"href":"https:\/\/www.radiopiu.net\/wordpress\/wp-json\/wp\/v2\/types\/post"}],"author":[{"embeddable":true,"href":"https:\/\/www.radiopiu.net\/wordpress\/wp-json\/wp\/v2\/users\/4"}],"replies":[{"embeddable":true,"href":"https:\/\/www.radiopiu.net\/wordpress\/wp-json\/wp\/v2\/comments?post=286121"}],"version-history":[{"count":0,"href":"https:\/\/www.radiopiu.net\/wordpress\/wp-json\/wp\/v2\/posts\/286121\/revisions"}],"wp:featuredmedia":[{"embeddable":true,"href":"https:\/\/www.radiopiu.net\/wordpress\/wp-json\/wp\/v2\/media\/316402"}],"wp:attachment":[{"href":"https:\/\/www.radiopiu.net\/wordpress\/wp-json\/wp\/v2\/media?parent=286121"}],"wp:term":[{"taxonomy":"category","embeddable":true,"href":"https:\/\/www.radiopiu.net\/wordpress\/wp-json\/wp\/v2\/categories?post=286121"},{"taxonomy":"post_tag","embeddable":true,"href":"https:\/\/www.radiopiu.net\/wordpress\/wp-json\/wp\/v2\/tags?post=286121"}],"curies":[{"name":"wp","href":"https:\/\/api.w.org\/{rel}","templated":true}]}}