{"id":286148,"date":"2022-07-17T19:00:18","date_gmt":"2022-07-17T17:00:18","guid":{"rendered":"https:\/\/www.radiopiu.net\/wordpress\/?p=286148"},"modified":"2022-07-18T08:44:39","modified_gmt":"2022-07-18T06:44:39","slug":"dillo-a-radio-piu-disagi-dal-medico-di-base-tutto-previsto","status":"publish","type":"post","link":"https:\/\/www.radiopiu.net\/wordpress\/dillo-a-radio-piu-disagi-dal-medico-di-base-tutto-previsto\/","title":{"rendered":"DILLO A RADIO PIU&#8230; DISAGI DAL MEDICO DI BASE,  TUTTO PREVISTO"},"content":{"rendered":"<p><strong>REDAZIONALE<\/strong> Parafrasando Riccardo Cocciante &#8220;Era gi\u00e0 tutto previsto&#8221;\u00a0 fin da quando la Ulss1 ha comunicato la notizia dell&#8217;unico medico ad Alleghe per mezzo Agordino.\u00a0 I problemi sono quotidiani e c&#8217;\u00e8 chi ce lo ricorda puntualmente.<br \/>\nRiceviamo da Caterina D.B. e pubblichiamo<\/p>\n<p><strong>CENCENIGHE<\/strong> Un paese senza medico, o meglio il medico c&#8217;\u00e8 ma lassu&#8217; ad Alleghe e bene che vada si pu\u00f2 scegliere l&#8217;alternativa nei Comuni vicni. Non ho parole,\u00a0 ma le tasse le paghiamo o no? Dove sono i Sindaci, spero che qualcuno si attivi perch\u00e9 non \u00e8 accettabile una situazione del genere, piuttosto \u00e8 insostenibile mentre nessuno si muove.\u00a0 Chi ha provato ad andare ad ad Alleghe questi giorni,\u00a0 dal medico di base, ha trovato non poche difficolt\u00e0 anche a trovare parcheggio, ovviamente a pagamento. Ho anche chiesto il\u00a0 cambio medico ma non ho avuto alcuna\u00a0 risposta.<\/p>\n<p><span style=\"color: #ff0000;\"><strong>ULTIM&#8217;ORA<\/strong><\/span><\/p>\n<div class=\"bi6gxh9e\"><span class=\"d2edcug0 hpfvmrgz qv66sw1b c1et5uql lr9zc1uh jq4qci2q a3bd9o3v b1v8xokw oo9gr5id\">La Dottoressa Arcangioli, far\u00e0 ambulatorio nella sede ex Bisatti\/ Tomaselli a <b>Cencenighe <\/b>con i seguenti orari:\u00a0 m<\/span><span class=\"d2edcug0 hpfvmrgz qv66sw1b c1et5uql lr9zc1uh jq4qci2q a3bd9o3v b1v8xokw oo9gr5id\">arted\u00ec dalle 16 alle 19 <\/span><span class=\"d2edcug0 hpfvmrgz qv66sw1b c1et5uql lr9zc1uh jq4qci2q a3bd9o3v b1v8xokw oo9gr5id\">Venerd\u00ec dalle 8,30 alle 11,30\u00a0 <\/span><span class=\"d2edcug0 hpfvmrgz qv66sw1b c1et5uql lr9zc1uh jq4qci2q a3bd9o3v b1v8xokw oo9gr5id\">Ad <strong>Alleghe<\/strong>: <\/span><span class=\"d2edcug0 hpfvmrgz qv66sw1b c1et5uql lr9zc1uh jq4qci2q a3bd9o3v b1v8xokw oo9gr5id\">Luned\u00ec dalle 8,30 alle 11,30 <\/span><span class=\"d2edcug0 hpfvmrgz qv66sw1b c1et5uql lr9zc1uh jq4qci2q a3bd9o3v b1v8xokw oo9gr5id\">Gioved\u00ec dalle 8,30 alle 11,30\u00a0 <\/span><span class=\"d2edcug0 hpfvmrgz qv66sw1b c1et5uql lr9zc1uh jq4qci2q a3bd9o3v b1v8xokw oo9gr5id\">A <strong>Caprile<\/strong>: <\/span><span class=\"d2edcug0 hpfvmrgz qv66sw1b c1et5uql lr9zc1uh jq4qci2q a3bd9o3v b1v8xokw oo9gr5id\">Mercoled\u00ec dalle 15 alle 18. <\/span><span class=\"d2edcug0 hpfvmrgz qv66sw1b c1et5uql lr9zc1uh jq4qci2q a3bd9o3v b1v8xokw oo9gr5id\"><b>La Dottoressa risponde al cell.3519357162<\/b><\/span><\/div>\n<p>&nbsp;<\/p>\n<p>&nbsp;<\/p>\n<p>&nbsp;<\/p>\n<p><strong>DAI NOTIZIARI DI RADIO PIU 09 luglio<\/strong><\/p>\n<p>&nbsp;<\/p>\n<blockquote>\n<h3>UN AMBULATORIO AD ALLEGHE PER TUTTI<\/h3>\n<\/blockquote>\n<p><strong>REDAZIONE<\/strong>\u00a0 La Direzione Amministrativa Territoriale della Ulss ha informato gli agordini che il 1 luglio ha cessato l&#8217;attivit\u00e0 del dottor Luca Favero, presso l&#8217;ambito territoriale dei Comuni di Alleghe, Colle Santa Lucia, Livinallongo Del Col di Lana, Rocca Pietore, Selva di Cadore, Canale d&#8217;Agordo, Cencenighe, Falcade, San Tomaso e Vallada.<\/p>\n<blockquote><p><em>In sostituzione<strong><img loading=\"lazy\" decoding=\"async\" class=\"alignleft\" src=\"https:\/\/www.radiopiu.net\/wordpress\/wp-content\/uploads\/2020\/06\/medico-che-prepara-un-iniezione-le-mani-in-guanti-tengono-la-siringa-per-iniezione-e-la-fiala-di-medicina_210733-101.jpg\" width=\"177\" height=\"142\" \/><\/strong> del dottor Favero, dal 15 luglio, verr\u00e0 inserita nell&#8217;ambito territoriale la dottoressa Letizia Arcangioli a cui saranno assegnati d&#8217;ufficio gli assistiti; non sar\u00e0 pertanto necessario che gli stessi si rechino presso gli sportelli anagrafe della Ulss per effettuare la scelta del nuovo medico. E&#8217; fatta salva la possibilit\u00e0 di effettuare una diversa scelta tra i medici con disponibilit\u00e0 di posti nell&#8217;ambito territoriale di residenza.<br \/>\nLa dottoressa Arcangioli svolger\u00e0 servizio dal 15 luglio con incarico provvisorio presso l&#8217;ambulatorio di Alleghe (Municipio).\u00a0<\/em><\/p>\n<p>&nbsp;<\/p>\n<div class=\"bi6gxh9e\"><\/div>\n<\/blockquote>\n<p>&nbsp;<\/p>\n<hr \/>\n<p>&nbsp;<\/p>\n","protected":false},"excerpt":{"rendered":"<p>REDAZIONALE Parafrasando Riccardo Cocciante &#8220;Era gi\u00e0 tutto previsto&#8221;\u00a0 fin da quando la Ulss1 ha comunicato la notizia dell&#8217;unico medico ad Alleghe per mezzo Agordino.\u00a0 I problemi sono quotidiani e c&#8217;\u00e8 chi ce lo ricorda puntualmente. Riceviamo da Caterina D.B. e pubblichiamo CENCENIGHE Un paese senza medico, o meglio il medico c&#8217;\u00e8 ma lassu&#8217; ad Alleghe&hellip;<\/p>\n","protected":false},"author":4,"featured_media":143113,"comment_status":"closed","ping_status":"closed","sticky":false,"template":"","format":"standard","meta":{"_monsterinsights_skip_tracking":false,"_monsterinsights_sitenote_active":false,"_monsterinsights_sitenote_note":"","_monsterinsights_sitenote_category":0,"footnotes":""},"categories":[51,49],"tags":[],"class_list":["post-286148","post","type-post","status-publish","format-standard","has-post-thumbnail","hentry","category-evidenza-top","category-news-18","category-51","category-49","description-off"],"img_url":"https:\/\/www.radiopiu.net\/wordpress\/wp-content\/uploads\/2020\/06\/medico-che-prepara-un-iniezione-le-mani-in-guanti-tengono-la-siringa-per-iniezione-e-la-fiala-di-medicina_210733-101.jpg","_links":{"self":[{"href":"https:\/\/www.radiopiu.net\/wordpress\/wp-json\/wp\/v2\/posts\/286148","targetHints":{"allow":["GET"]}}],"collection":[{"href":"https:\/\/www.radiopiu.net\/wordpress\/wp-json\/wp\/v2\/posts"}],"about":[{"href":"https:\/\/www.radiopiu.net\/wordpress\/wp-json\/wp\/v2\/types\/post"}],"author":[{"embeddable":true,"href":"https:\/\/www.radiopiu.net\/wordpress\/wp-json\/wp\/v2\/users\/4"}],"replies":[{"embeddable":true,"href":"https:\/\/www.radiopiu.net\/wordpress\/wp-json\/wp\/v2\/comments?post=286148"}],"version-history":[{"count":0,"href":"https:\/\/www.radiopiu.net\/wordpress\/wp-json\/wp\/v2\/posts\/286148\/revisions"}],"wp:featuredmedia":[{"embeddable":true,"href":"https:\/\/www.radiopiu.net\/wordpress\/wp-json\/wp\/v2\/media\/143113"}],"wp:attachment":[{"href":"https:\/\/www.radiopiu.net\/wordpress\/wp-json\/wp\/v2\/media?parent=286148"}],"wp:term":[{"taxonomy":"category","embeddable":true,"href":"https:\/\/www.radiopiu.net\/wordpress\/wp-json\/wp\/v2\/categories?post=286148"},{"taxonomy":"post_tag","embeddable":true,"href":"https:\/\/www.radiopiu.net\/wordpress\/wp-json\/wp\/v2\/tags?post=286148"}],"curies":[{"name":"wp","href":"https:\/\/api.w.org\/{rel}","templated":true}]}}