{"id":286201,"date":"2022-07-11T06:03:50","date_gmt":"2022-07-11T04:03:50","guid":{"rendered":"https:\/\/www.radiopiu.net\/wordpress\/?p=286201"},"modified":"2022-07-11T06:31:28","modified_gmt":"2022-07-11T04:31:28","slug":"giornale-radiopiu-11-luglio-2022-direttore-mirko-mezzacasa","status":"publish","type":"post","link":"https:\/\/www.radiopiu.net\/wordpress\/giornale-radiopiu-11-luglio-2022-direttore-mirko-mezzacasa\/","title":{"rendered":"GIORNALE RADIOPIU 11 LUGLIO 2022 DIRETTORE MIRKO MEZZACASA"},"content":{"rendered":"<h3 class=\"kvgmc6g5 cxmmr5t8 oygrvhab hcukyx3x c1et5uql\"><span style=\"color: #0000ff;\"><strong>RADIO PIU INFORMAZIONE il canale su TELEGRAM informazione di prima\u00a0 <\/strong><\/span><span style=\"color: #0000ff;\"><strong>mano e in tempo reale. iscriviti ed aiutaci a farlo conoscere\u00a0<\/strong><\/span><\/h3>\n<p>&nbsp;<\/p>\n<blockquote>\n<h3>POTABILE L&#8217;ACQUA A SAN TOMASO E LIVINALLONGO<\/h3>\n<\/blockquote>\n<p><a class=\"dt-pswp-item\" href=\"https:\/\/www.radiopiu.net\/wordpress\/wp-content\/uploads\/2021\/09\/BICCHIERE-ACQUA.jpg\" data-dt-img-description=\"\" data-large_image_width=\"1920\" data-large_image_height=\"1280\"><img loading=\"lazy\" decoding=\"async\" class=\" wp-image-234651 alignleft\" src=\"https:\/\/www.radiopiu.net\/wordpress\/wp-content\/uploads\/2021\/09\/BICCHIERE-ACQUA-150x150.jpg\" alt=\"\" width=\"67\" height=\"67\" \/><\/a>Gestione Servizi Pubblici informa che a SAN TOMASO AGORDINO nelle localit\u00e0 CELAT,CHIEA,TOCOL, FONTANELLE e COL ZARESE l&#8217;acqua erogata dall&#8217;acquedotto \u00e8 di nuovo potabile e pu\u00f2 essere usata, quindi, per scopi alimentari. Stesso discorso anche a LIVINALLONGO DEL COL DI LANA nelle localit\u00e0 AL FAURO, CREPAZ, RENAZ, RUAZ, PEZZEI, S. GIOVANNI e FOSSAL.<\/p>\n<p>&nbsp;<\/p>\n<p>&nbsp;<\/p>\n<hr \/>\n<p>&nbsp;<\/p>\n<blockquote>\n<h3>GALLERIA DI SEGUSINO CHIUSA PER 4 MESI<\/h3>\n<\/blockquote>\n<p><strong><a class=\"dt-pswp-item\" href=\"https:\/\/www.radiopiu.net\/wordpress\/wp-content\/uploads\/2020\/05\/VENETO-STRADE.png\" data-dt-img-description=\"\" data-large_image_width=\"400\" data-large_image_height=\"400\"><img loading=\"lazy\" decoding=\"async\" class=\" wp-image-135574 alignleft\" src=\"https:\/\/www.radiopiu.net\/wordpress\/wp-content\/uploads\/2020\/05\/VENETO-STRADE-150x150.png\" alt=\"\" width=\"102\" height=\"102\" srcset=\"https:\/\/www.radiopiu.net\/wordpress\/wp-content\/uploads\/2020\/05\/VENETO-STRADE-150x150.png 150w, https:\/\/www.radiopiu.net\/wordpress\/wp-content\/uploads\/2020\/05\/VENETO-STRADE-300x300.png 300w, https:\/\/www.radiopiu.net\/wordpress\/wp-content\/uploads\/2020\/05\/VENETO-STRADE.png 400w\" sizes=\"auto, (max-width: 102px) 100vw, 102px\" \/><\/a> <\/strong><\/p>\n<p><strong>\u00a0<\/strong><\/p>\n<p><strong>SEDICO<\/strong> Veneto Strade comunica che sulla SP 1 Bis &#8220;Madonna del Piave&#8221;, dal 12 luglio e fino al 4 novembre, compresi sabati domeniche e festivi infrasettimanali, un&#8217;interdizione totale al transito per l&#8217;intera tratta della galleria di Segusino in seguito a dei lavori per messa in sicurezza della condotta acquedottistica<\/p>\n<p>&nbsp;<\/p>\n<p>&nbsp;<\/p>\n<hr \/>\n<p>&nbsp;<\/p>\n<blockquote>\n<h3>ACCERTATE LE 11 VITTIME IN MARMOLADA. ZAIA, \u201cFINITA NEL PEGGIORE DEI MODI, ESPRIMO IL MIO CORDOGLIO AI FAMILIARI DELLE PERSONE SCOMPARSE&#8221;<\/h3>\n<\/blockquote>\n<p><strong><a class=\"dt-pswp-item\" href=\"https:\/\/www.radiopiu.net\/wordpress\/wp-content\/uploads\/2022\/07\/Foto-Soccorso-Alpino-Marmolada-4.png\" data-dt-img-description=\"\" data-large_image_width=\"1600\" data-large_image_height=\"1200\"><img loading=\"lazy\" decoding=\"async\" class=\"size-thumbnail wp-image-285054 alignleft\" src=\"https:\/\/www.radiopiu.net\/wordpress\/wp-content\/uploads\/2022\/07\/Foto-Soccorso-Alpino-Marmolada-4-150x150.png\" alt=\"\" width=\"150\" height=\"150\" \/><\/a>VENEZIA <\/strong>\u201c<em>Purtroppo \u00e8 finita nel peggiore dei modi. Non c\u2019\u00e8 pi\u00f9 nessuna speranza. Con le analisi dei Ris, gli 11 dispersi iniziali della tragedia sulla Marmolada sono diventate 11 vittime ufficiali. Siamo vicini ai familiari delle persone che hanno vissuto una delle pi\u00f9 brutte pagine di storia delle nostre montagne, un episodio che si fa fatica ancora ad accettare e a comprendere. Otto di queste vittime sono venete, la nostra Regione paga un tributo pesantissimo. Ringrazio i soccorritori, le forze dell\u2019ordine, i volontari e il personale sanitario che subito dopo il tremendo boato di domenica scorsa hanno dato tutto. Ricordo che abbiamo anche 8 feriti, tre dei quali sono stati ospitati negli ospedali veneti. E ringrazio tutti gli operatori che nel corso di tutta questa settimana hanno in qualche caso addirittura rischiato la loro stessa vita durante le ricerche, nella speranza di trarre in salvo eventuali superstiti<\/em>\u201d. Questo il commento del Presidente della Regione Luca Zaia nell\u2019apprendere la notizia del bilancio definitivo delle vittime travolte dalla valanga di ghiaccio e rocce sulla Marmolada. \u201c<em>Le ricerche tuttavia non si fermano e proseguiranno nei prossimi giorni: lo si deve per rispetto verso chi non potr\u00e0 pi\u00f9 riabbracciare i propri cari. Ai familiari delle vittime va il mio pi\u00f9 sincero e totale cordoglio<\/em>\u201d.<\/p>\n<p>&nbsp;<\/p>\n<blockquote>\n<h3>DIMESSO UNO DEI FERITI DELLA MARMOLADA RICOVERATI IN VENETO<\/h3>\n<\/blockquote>\n<p><strong><a class=\"dt-pswp-item\" href=\"https:\/\/www.radiopiu.net\/wordpress\/wp-content\/uploads\/2022\/07\/Schermata-2022-07-09-alle-15.49.43.png\" data-dt-img-description=\"\" data-large_image_width=\"1096\" data-large_image_height=\"932\"><img loading=\"lazy\" decoding=\"async\" class=\"size-thumbnail wp-image-286316 alignleft\" src=\"https:\/\/www.radiopiu.net\/wordpress\/wp-content\/uploads\/2022\/07\/Schermata-2022-07-09-alle-15.49.43-150x150.png\" alt=\"\" width=\"150\" height=\"150\" \/><\/a>VENEZIA <\/strong>Aggiornamento sui feriti della Marmolada ospitati nelle strutture ospedaliere venete. S.G., il paziente tedesco soccorso e curato dall\u2019Ulss 1 Dolomiti a Feltre sta bene ed \u00e8 stato dimesso questa mattina. Accompagnato dai familiari, concluder\u00e0 la convalescenza in una struttura vicino casa. Prima di lasciare l\u2019ospedale feltrino, ha riservato parole di gratitudine e apprezzamento per i soccorsi e le cure ricevute. Per quanto riguarda gli altri feriti, le condizioni della signora ricoverata a Belluno, M.C., sono in via di miglioramento. Rimane in prognosi riservata invece Davide, il giovane trentino in cura all\u2019ospedale di Treviso.<\/p>\n<p><strong>BELLUNO <\/strong>G. ha gli occhi che brillano, colmi di gratitudine. Ha avuto parole di apprezzamento per le cure prestate, l&#8217;attenzione e l&#8217;affetto che gli sono stati assicurati in questa faticosa settimana, ricca di emozioni contrastanti. A fine mattinata di sabato ha lasciato il Santa Maria del Prato di Feltre, accompagnato dai suoi familiari, per raggiungere una struttura vicino casa dove completer\u00e0 la convalescenza.\u00a0 Ha avvisato l&#8217;Ulss che \u00e8 arrivato a destinazione, ringraziando ancora una volta tutti i soccorritori e le \u00e8quipe sanitarie che gli hanno salvato la vita in quella montagna che tanto ama.<\/p>\n<p><strong>\u00a0 \u00a0<\/strong><\/p>\n<blockquote>\n<h3>MARMOLADA. DIMESSA ANCHE LA PAZIENTE TEDESCA RICOVERATA IN VENETO<\/h3>\n<\/blockquote>\n<p><strong>VENEZIA <\/strong>Dopo il paziente tedesco, dimesso sabato dall\u2019ospedale di Feltre, anche la paziente tedesca soccorsa e curata dall\u2019Ulss 1 Dolomiti a Belluno sta bene ed \u00e8 stata dimessa ieri mattina. M.C. , queste le iniziali della paziente, ha salutato e ringraziato il personale sanitario con una lettera nella quale ha scritto, pi\u00f9 o meno, letteralmente: \u201c<em>Non so nulla dell\u2019accaduto, mi sono svegliata in ospedale. I medici, il personale di neurologia, si sono molto adoperati per me. Le vertigini, la mia stabilit\u00e0 sono lentamente ma costantemente migliorate. Mi infondono ottimismo! Perci\u00f2 devo essere anche io ottimista, cos\u00ec tutto andr\u00e0 bene. Anche oggi mi sono sentita molto meglio. Grazie a tutti quelli che si sono impegnati per me. Lo apprezzo molto<\/em>\u201d. Rimane ancora in prognosi riservata invece Davide Carnielli, il giovane trentino ferito sulla Marmolada e in cura all\u2019ospedale di Treviso.<\/p>\n\n\t\t\t<style type='text\/css'>\n\t\t\t\t#gallery-1 {\n\t\t\t\t\tmargin: auto;\n\t\t\t\t}\n\t\t\t\t#gallery-1 .gallery-item {\n\t\t\t\t\tfloat: left;\n\t\t\t\t\tmargin-top: 10px;\n\t\t\t\t\ttext-align: center;\n\t\t\t\t\twidth: 50%;\n\t\t\t\t}\n\t\t\t\t#gallery-1 img {\n\t\t\t\t\tborder: 2px solid #cfcfcf;\n\t\t\t\t}\n\t\t\t\t#gallery-1 .gallery-caption {\n\t\t\t\t\tmargin-left: 0;\n\t\t\t\t}\n\t\t\t\t\/* see gallery_shortcode() in wp-includes\/media.php *\/\n\t\t\t<\/style>\n\t\t<div id='gallery-1' class='dt-gallery-container gallery galleryid-286201 gallery-columns-2 gallery-size-thumbnail'><dl class='gallery-item'>\n\t\t\t\t<dt class='gallery-icon landscape'>\n\t\t\t\t\t<a class=\"rollover rollover-zoom dt-pswp-item\" title=\"1472-2022 (1)\" data-dt-img-description=\"\" data-large_image_width=\"946\" data-large_image_height=\"684\"href='https:\/\/www.radiopiu.net\/wordpress\/wp-content\/uploads\/2022\/07\/1472-2022-1.jpeg'><img loading=\"lazy\" decoding=\"async\" width=\"150\" height=\"150\" src=\"https:\/\/www.radiopiu.net\/wordpress\/wp-content\/uploads\/2022\/07\/1472-2022-1-150x150.jpeg\" class=\"attachment-thumbnail size-thumbnail\" alt=\"\" \/><\/a>\n\t\t\t\t<\/dt><\/dl><dl class='gallery-item'>\n\t\t\t\t<dt class='gallery-icon portrait'>\n\t\t\t\t\t<a class=\"rollover rollover-zoom dt-pswp-item\" title=\"1472-2022 (2)\" data-dt-img-description=\"\" data-large_image_width=\"1471\" data-large_image_height=\"1825\"href='https:\/\/www.radiopiu.net\/wordpress\/wp-content\/uploads\/2022\/07\/1472-2022-2.jpeg'><img loading=\"lazy\" decoding=\"async\" width=\"150\" height=\"150\" src=\"https:\/\/www.radiopiu.net\/wordpress\/wp-content\/uploads\/2022\/07\/1472-2022-2-150x150.jpeg\" class=\"attachment-thumbnail size-thumbnail\" alt=\"\" \/><\/a>\n\t\t\t\t<\/dt><\/dl><br style=\"clear: both\" \/>\n\t\t\t<\/div>\n\n<p>&nbsp;<\/p>\n<blockquote>\n<h3>DE BERNARDIN: &#8220;ROCCA E&#8217; STATA BATTUTA A SUFFICIENZA, SPERO CHE BASTI&#8221;<\/h3>\n<\/blockquote>\n<p><strong><a class=\"dt-pswp-item\" href=\"https:\/\/www.radiopiu.net\/wordpress\/wp-content\/uploads\/2021\/03\/ANDREA-DE-BERNARDIN.jpg\" data-dt-img-description=\"\" data-large_image_width=\"960\" data-large_image_height=\"540\"><img loading=\"lazy\" decoding=\"async\" class=\"size-thumbnail wp-image-195558 alignleft\" src=\"https:\/\/www.radiopiu.net\/wordpress\/wp-content\/uploads\/2021\/03\/ANDREA-DE-BERNARDIN-150x150.jpg\" alt=\"\" width=\"150\" height=\"150\" \/><\/a>ROCCA PIETORE<\/strong><\/p>\n<p>di Gianni Santomaso<\/p>\n<audio class=\"wp-audio-shortcode\" id=\"audio-286201-1\" preload=\"none\" style=\"width: 100%;\" controls=\"controls\"><source type=\"audio\/mpeg\" src=\"https:\/\/www.radiopiu.net\/wordpress\/wp-content\/uploads\/2022\/07\/GIANNI-DE-BERNARDIN-MARMOLADA.mp3?_=1\" \/><a href=\"https:\/\/www.radiopiu.net\/wordpress\/wp-content\/uploads\/2022\/07\/GIANNI-DE-BERNARDIN-MARMOLADA.mp3\">https:\/\/www.radiopiu.net\/wordpress\/wp-content\/uploads\/2022\/07\/GIANNI-DE-BERNARDIN-MARMOLADA.mp3<\/a><\/audio>\n<p>&nbsp;<\/p>\n<blockquote>\n<h3 class=\"entry-title\">ALLE FAMIGLIE DELLE VITTIME DELLA MARMOLADA, IL CORDOGLIO DELLA COMUNITA\u2019 DI ROCCA PIETORE<\/h3>\n<\/blockquote>\n<p><strong class=\"photoswipe-wrapper\"><a class=\"dt-pswp-item pspw-wrap-ready\" href=\"https:\/\/www.radiopiu.net\/wordpress\/wp-content\/uploads\/2022\/07\/Foto-Soccorso-Alpino-Marmolada-4.png\" data-dt-img-description=\"\" data-large_image_width=\"1600\" data-large_image_height=\"1200\"><img loading=\"lazy\" decoding=\"async\" class=\"size-thumbnail wp-image-285054 alignleft\" src=\"https:\/\/www.radiopiu.net\/wordpress\/wp-content\/uploads\/2022\/07\/Foto-Soccorso-Alpino-Marmolada-4-150x150.png\" alt=\"\" width=\"150\" height=\"150\" \/><\/a>ROCCA PIETORE<\/strong>\u00a0Questo il messaggio del sindaco Andrea De Bernardin inviato alle famiglie delle vittime della Marmolada.<\/p>\n<blockquote><p><em>\u00c8 passata gia una settimana da quella disgraziata domenica scorsa. Era una splendida giornata di sole e purtroppo per molte persone \u00e8 divenuta tragica a causa di quel maledetto crollo della parete di ghiaccio. La Marmolada \u00e8 una montagna che conosco bene in quanto sin da bambino ci vivo per molti mesi all\u2019anno. Ero al mio posto di lavoro qui al lago di Fedaia domenica ma dall\u2019interno della casa con il vociare della gente nessuno ha sentito il rumore del terribile crollo. Ho saputo pochissimi minuti dopo dall\u2019 emittente radio agordina quanto era successo, assistendo ai primi numerosi voli di elicottero sopra le nostre teste. Ho cercato un modo semplice per riuscire ad arrivare alle famiglie delle vittime e per farlo ho scelto i Media che cos\u00ec attivamente in questi giorni hanno documentato le operazioni di soccorso, sempre cosi encomiabili. A nome mio personale e dell\u2019intera comunit\u00e0 di Rocca Pietore, desidero portare ai familiari e ai superstiti le pi\u00f9 sentite condoglianze in ricordo dei loro cari e amici. Vorrei anche dire loro una cosa che ritengo importantissima e cio\u00e8 che, sono assolutamente certo che questa tragedia non avrebbe potuto essere evitata. Il maledetto crollo avvenuto in giornata festiva, nell\u2019orario in cui gli alpinisti percorrono maggiormente il ghiacciaio e con il meteo cos\u00ec favorevole non era prevedibile. Negli anni ho sempre attentamente osservato questo colosso di roccia e ghiaccio, ammirandolo e amandolo, ho scritto molto su di lui e ritengo di conoscerlo bene.<\/em><br \/>\n<em>Se quegli sfortunati alpinisti prima di affrontare la salita mi avessero chiesto un parere sull\u2019ascensione, avrei risposto che opportunamente attrezzati, prestando attenzione a rimanere sul sentiero, stando attenti a non avvicinarsi ai crepacci e usando tutte le accortezze dovute per una ascensione alpinistica su roccia e ghiaccio, la cosa era assolutamente fattibile, anzi, li avrei persino incentivati ad approfittare di una cos\u00ec splendida giornata.<\/em><br \/>\n<em>Credo che nessuna critica possa essere addebitata a loro in quanto hanno solo avuto la sfortuna di essere li nel momento sbagliato. Dal canto mio, senza ricerca di frasi retoriche, posso solo dire che questa vicenda mi ha profondamente scosso e che durante queste notti sulla montagna, quando tutti i rumori svaniscono e rimane il grande silenzio, ho pensato molto a quelle persone che erano sepolte sotto il ghiaccio, cos\u00ec vicino a me. Non posso fare altro che mandare un grande abbraccio ai loro cari e ai loro amici.<\/em><\/p>\n<p><em>Andrea De Bernardin<\/em><br \/>\n<em>Sindaco di Rocca Pietore (BL)<\/em><\/p><\/blockquote>\n<p>&nbsp;<\/p>\n<hr \/>\n<p>&nbsp;<\/p>\n<h1 style=\"text-align: center;\"><span style=\"color: #ff0000;\">IL FINE SETTIMANA DEL SOCCORSO ALPINO<\/span><\/h1>\n<blockquote>\n<h3>RECUPERATO IL CORPO SENZA VITA DI UN ESCURSIONISTA PRECIPITATO IN CIVETTA<\/h3>\n<\/blockquote>\n<p><strong><a class=\"dt-pswp-item\" href=\"https:\/\/www.radiopiu.net\/wordpress\/wp-content\/uploads\/2021\/12\/salt-suem.jpg\" data-dt-img-description=\"\" data-large_image_width=\"1440\" data-large_image_height=\"1080\"><img loading=\"lazy\" decoding=\"async\" class=\" wp-image-247613 alignleft\" src=\"https:\/\/www.radiopiu.net\/wordpress\/wp-content\/uploads\/2021\/12\/salt-suem-150x150.jpg\" alt=\"\" width=\"112\" height=\"112\" \/><\/a>VAL DI ZOLDO<\/strong> Ieri attorno alle 13.45 la Centrale del Suem \u00e8 stata contattata dal gestore del Rifugio Torrani, allertato da un escursionista di passaggio che aveva visto precipitare una persona dalla Ferrata Alleghesi. Sul posto si \u00e8 portato l&#8217;elicottero dell&#8217;Aiut Alpin Dolomites di Bolzano e dopo un sorvolo ha individuato il corpo senza vita, provvedendo al suo recupero e trasportandolo a valle. La salma, Marco Clerico della provincia di Cuneo e vicepresidente del CAI di Peveragno, \u00e8 stata quindi affidata al carro funebre e accompagnata nella camera mortuaria di Forno di Zoldo. Sul posto Carabinieri e Soccorso alpino della Val di Zoldo.<\/p>\n<p>&nbsp;<\/p>\n<blockquote>\n<h3>SOSPESO NEL VUOTO SULLA CIMA GRANDE DI LAVAREDO<\/h3>\n<\/blockquote>\n<p><strong><a class=\"dt-pswp-item\" href=\"https:\/\/www.radiopiu.net\/wordpress\/wp-content\/uploads\/2022\/07\/salt_20220709_093203_767.jpg\" data-dt-img-description=\"\" data-large_image_width=\"1773\" data-large_image_height=\"2364\"><img loading=\"lazy\" decoding=\"async\" class=\"size-thumbnail wp-image-286283 alignleft\" src=\"https:\/\/www.radiopiu.net\/wordpress\/wp-content\/uploads\/2022\/07\/salt_20220709_093203_767-150x150.jpg\" alt=\"\" width=\"150\" height=\"150\" \/><\/a>AURONZO DI CADORE<\/strong> Venerd\u00ec sera verso le 20.15 la Centrale del 118 \u00e8 stata allertata per un alpinista austriaco che, calandosi in corda doppia dalla vetta della Cima Grande di Lavaredo, era rimasto sospeso nel vuoto. Dopo aver scalato una via, anzich\u00e9 scendere lungo la normale, E.W., 65 anni, \u00e8 la compagna di cordata avevano subito iniziato la prima doppia verso la Cima Ovest, dopo aver trovato il tracciato a spit della Via Zambelli e in un punto dove poi la parete in rientranza diventa strapiombante l&#8217;uomo era rimasto presto staccato di un decina di metri. L&#8217;elicottero del Suem di Pieve di Cadore \u00e8 volato alle Tre Cime, ha effettuato un sorvolo individuando la coppia ed \u00e8 sceso al Rifugio Auronzo a lasciare l&#8217;equipe medica. Tornata a circa 2.700 metri di quota, con parecchio vento, l&#8217;eliambulanza ha calato il tecnico di elisoccorso per una sessantina di metri con il verricello. Il soccorritore ha agganciato le corde e raggiunto l&#8217;alpinista, per poi recuperarlo. In una seconda rotazione ha poi imbarcato anche la compagna ferma in sosta pi\u00f9 sopra. Entrambi sono stati trasportati al Rifugio Auronzo.<\/p>\n<p>&nbsp;<\/p>\n<blockquote>\n<h3>BLOCCATA DAL FREDDO E DALLA STANCHEZZA RECUPERATA SOTTO LE TRE DITA<\/h3>\n<\/blockquote>\n<p><strong>CORTINA<\/strong> L&#8217;elicottero dell&#8217;Aiut Alpin Dolomites di Bolzano, dopo aver imbarcato un tecnico del Soccorso alpino di Cortina, \u00e8 intervenuto venerd\u00ec sulla Ferrata Lipella, poich\u00e9 un&#8217;escursionista di Mira (VE), era bloccata dalla stanchezza e dal freddo sotto le Tre Dita. La donna e l&#8217;altro escursionista che si trovava con lei sono stati recuperati e trasportati a valle. Pronta a intervenire in supporto alle operazioni una squadra del Soccorso alpino della Guardia di finanza<\/p>\n<p>&nbsp;<\/p>\n<blockquote>\n<h3>TOCCA IL RECINTO ELETTRICO E SCAPPA. CANE SI PERDE, RITROVATO A CAVERSON<\/h3>\n<\/blockquote>\n<p><strong>FALCADE<\/strong> Il Soccorso Alpino della Val Biois si \u00e8 attivato alle 14.20 di venerd\u00ec per aiutare una coppia nella ricerca del loro cane a Falcade. Tena, una femmina di cane corso, mercoled\u00ec dopo aver toccato con il muso un recinto elettrificato, aveva iniziato a tirare il guinzaglio riuscendo a togliersi la pettorina e scappando nel bosco nella zona di Malga Le Buse. Tena \u00e8 stata ritrovata sabato mattina a Caverson da un gruppo di passanti e i proprietari del cane sono andati a recuperarlo.<\/p>\n<p>&nbsp;<\/p>\n<blockquote>\n<h3>SCIVOLA E SBATTE IL VOLTO, ELITRASPORTATA A BELLUNO<\/h3>\n<\/blockquote>\n<p><strong>CORTINA<\/strong> Sabato alle 11.40 l&#8217;elicottero di Dolomiti Emergency \u00e8 stato inviato dalla Centrale del 118 lungo il sentiero 215 che sale al Rifugio Vandelli, per un&#8217;escursionista che era scivolata sbattendo il volto. Sbarcati con un verricello nelle vicinanze, equipe medica e tecnico di elisoccorso hanno prestato le prime cure a G.B., 60 anni, di Godega di Sant&#8217;Urbano (TV), a seguito del possibile trauma cranico riportato. Imbarellata, la donna \u00e8 stata issata a bordo e trasportata all&#8217;ospedale di Belluno.<\/p>\n<p>&nbsp;<\/p>\n<blockquote>\n<h3>INCIAMPA E PRECIPITA DAL LAGAZUOI. PERDE LA VITA UN SESSANTOTTENNE<\/h3>\n<\/blockquote>\n<p><strong><a class=\"dt-pswp-item\" href=\"https:\/\/www.radiopiu.net\/wordpress\/wp-content\/uploads\/2022\/07\/salt_20220709_161533_786.jpg\" data-dt-img-description=\"\" data-large_image_width=\"1773\" data-large_image_height=\"2364\"><img loading=\"lazy\" decoding=\"async\" class=\"size-thumbnail wp-image-286353 alignleft\" src=\"https:\/\/www.radiopiu.net\/wordpress\/wp-content\/uploads\/2022\/07\/salt_20220709_161533_786-150x150.jpg\" alt=\"\" width=\"150\" height=\"150\" \/><\/a>CORTINA<\/strong> Sabato attorno alle 12.30 la Centrale del Suem \u00e8 stata allertata per un escursionista precipitato sul Lagazuoi. L&#8217;uomo, che si trovava con la moglie e un&#8217;altra persona, si stava dirigendo all&#8217;ingresso a monte delle Gallerie, quando \u00e8 inciampato cadendo a lato del sentiero e precipitando nel vuoto. Dopo aver imbarcato un tecnico del Soccorso alpino di Cortina che si trovava casualmente sul posto, il Pelikan ha effettuato la ricognizione della parete, individuando il corpo senza vita un centinaio di metri pi\u00f9 in basso. Sbarcati soccorritore ed equipe medica con il verricello, non si \u00e8 potuto fare altro che constatare il decesso dell&#8217;uomo, E.G., 68 anni, di Roma. L&#8217;elicottero \u00e8 quindi volato a imbarcare una squadra del Soccorso alpino della Guardia di finanza di Cortina per procedere ai dovuti rilievi. Una seconda squadra del Soccorso alpino di Cortina \u00e8 stata poi portata in quota in supporto alle operazioni di recupero della salma che, ottenuto il nulla osta dalla magistratura per la rimozione, \u00e8 stata trasportata al Col Gallina, per essere affidata al carro funebre.<\/p>\n<p>&nbsp;<\/p>\n<blockquote>\n<h3>CORDATA IN DIFFICOLTA&#8217; SULLE TRE CIME DI LAVAREDO<\/h3>\n<\/blockquote>\n<p><strong><a class=\"dt-pswp-item\" href=\"https:\/\/www.radiopiu.net\/wordpress\/wp-content\/uploads\/2021\/08\/salt_20210824_122827_438.jpg\" data-dt-img-description=\"\" data-large_image_width=\"2364\" data-large_image_height=\"1773\"><img loading=\"lazy\" decoding=\"async\" class=\"size-thumbnail wp-image-229324 alignleft\" src=\"https:\/\/www.radiopiu.net\/wordpress\/wp-content\/uploads\/2021\/08\/salt_20210824_122827_438-150x150.jpg\" alt=\"\" width=\"150\" height=\"150\" \/><\/a>CORTINA<\/strong> Sabato alle 12.30 circa la Centrale del Suem \u00e8 stata allertata da una cordata di alpinisti, dei quali uno volato sulle Tre Cime di Lavaredo. Al cellulare il chiamante straniero diceva che l&#8217;incidente era avvenuto sui primi tiri dello Spigolo Dibona sulla Grande e che il compagno si era fatto male a una gamba. L&#8217;elicottero del Suem di Pieve di Cadore \u00e8 quindi volato ad Auronzo di Cadore e si \u00e8 avvicinato in ricognizione alla parete, verificando la presenza unicamente di cordate in normale progressione. Dopo aver controllato due volte fino alla Croce di vetta, l&#8217;equipaggio ha poi notato una persona che si sbracciava sul ghiaione alla base della montagna, dando indicazioni verso la Cima Ovest. La cordata in difficolt\u00e0, che si era calata, si trovava in realt\u00e0 ai piedi della Cima Ovest, su cui aveva attaccato lo spigolo Demuth. L&#8217;alpinista infortunato a una caviglia, un 56enne polacco, \u00e8 stato recuperato e trasportato all&#8217;ospedale di Belluno.<\/p>\n<p>&nbsp;<\/p>\n<blockquote>\n<h3>CADE DALLA MOUNTAIN BIKE E PERDE CONOSCENZA DOPO UN COLPO ALLA TESTA<\/h3>\n<\/blockquote>\n<p><strong><a class=\"dt-pswp-item\" href=\"https:\/\/www.radiopiu.net\/wordpress\/wp-content\/uploads\/2021\/08\/salt-1.jpg\" data-dt-img-description=\"\" data-large_image_width=\"768\" data-large_image_height=\"960\"><img loading=\"lazy\" decoding=\"async\" class=\"size-thumbnail wp-image-228372 alignleft\" src=\"https:\/\/www.radiopiu.net\/wordpress\/wp-content\/uploads\/2021\/08\/salt-1-150x150.jpg\" alt=\"\" width=\"150\" height=\"150\" \/><\/a>BORCA DI CADORE<\/strong> Poco prima delle 13 di sabato l&#8217;eliambulanza di Cortina \u00e8 stata inviata a Forcella Forada, per un incidente ciclistico su una strada forestale dove passa il sentiero 468. F.B., 71 anni, di Follonica (GR), che si trovava con altre persone, era infatti caduto dalla mountain bike e aveva perso coscienza per un colpo alla testa. Raggiunto da una squadra del Soccorso alpino di San Vito di Cadore arrivata in fuoristrada e dall&#8217;equipe medica e dal tecnico di elisoccorso calati nel bosco con il verricello, all&#8217;uomo, che si era nel frattempo ripreso, \u00e8 stata subito prestata assistenza sanitaria. Caricato in barella, \u00e8 stato poi spostato in jeep di 500 metri fino allo spiazzo dove era atterrato l&#8217;elicottero. Trasferito a bordo, l&#8217;infortunato \u00e8 stato accompagnato all&#8217;ospedale di Belluno.<\/p>\n<p>&nbsp;<\/p>\n<blockquote>\n<h3>PRECIPITA CON IL PARAPENDIO E RESTA SOSPESO SUI RAMI DI UN ALBERO<\/h3>\n<\/blockquote>\n<p><strong>SOVRAMONTE<\/strong> Poco prima delle 14 di sabato il Soccorso alpino di Feltre \u00e8 stato attivato per un parapendio precipitato a Croce d&#8217;Aune, nel comune di Sovramonte, il cui pilota non aveva riportato conseguenze, ma era rimasto sospeso tra i rami di un faggio a una quindicina di metri da terra. Una squadra ha raggiunto il punto, a 1.024 metri di quota, sulla strada che va verso Campo, \u00e8 con tecniche di tree climbing ha raggiunto, assicurato e calato a terra G.D.L., 50 anni, di Desio (MB). I soccorritori hanno poi aiutato l&#8217;uomo a recuperare anche la vela rimasta sull&#8217;albero.<\/p>\n<p>&nbsp;<\/p>\n<p>&nbsp;<\/p>\n<blockquote>\n<h3>FREECLIMBER SI INFORTUNA NELLA FALESIA DI PODENZOI<\/h3>\n<\/blockquote>\n<p><strong><a class=\"dt-pswp-item\" href=\"https:\/\/www.radiopiu.net\/wordpress\/wp-content\/uploads\/2022\/07\/FREECLIMBER.png\" data-dt-img-description=\"\" data-large_image_width=\"868\" data-large_image_height=\"528\"><img loading=\"lazy\" decoding=\"async\" class=\"size-thumbnail wp-image-286359 alignleft\" src=\"https:\/\/www.radiopiu.net\/wordpress\/wp-content\/uploads\/2022\/07\/FREECLIMBER-150x150.png\" alt=\"\" width=\"150\" height=\"150\" \/><\/a>LONGARONE<\/strong> Alle 16.20 circa il 118 \u00e8 stato attivato per un freeclimber caduto nella falesia di Podenzoi. Y.D.M., 32 anni, di Gorizia, perso l&#8217;appiglio era volato, finendo a testa in gi\u00f9 contro la parete. La compagna che gli faceva sicurezza lo aveva quindi calato per alcuni metri fino a terra. Sul posto sono arrivati una squadra del Soccorso alpino di Longarone e L&#8217;elicottero del Suem di Pieve di Cadore, che ha sbarcato con un verricello di 40 metri equipe medica e tecnico di elisoccorso. Prestate le prime cure per le escoriazioni e il probabile trauma cranico riportato, l&#8217;infortunato \u00e8 stato imbarellato, spostato dai soccorritori in un punto agevole per il recupero, issato a bordo e accompagnato all&#8217;ospedale di Belluno.<\/p>\n<p>&nbsp;<\/p>\n<p>&nbsp;<\/p>\n<blockquote>\n<h3>RECUPERATO UN TURISTA SPAGNOLO CON TRAUMA AL GINOCCHIO<\/h3>\n<\/blockquote>\n<p><strong>BELLUNO<\/strong> Passate le 19 di sabato l&#8217;elicottero del Suem di Pieve di Cadore \u00e8 volato al Rifugio 7\u00b0 Alpini, dove un escursionista di passaggio, che si era imbattuto in lui lungo il sentiero, aveva accompagnato un turista spagnolo in difficolt\u00e0, a seguito di un probabile trauma al ginocchio. Dopo essere stato controllato, l&#8217;uomo \u00e8 stato caricato a bordo e trasportato all&#8217;ospedale di Belluno per le opportune verifiche<\/p>\n<p>&nbsp;<\/p>\n<blockquote>\n<h3 class=\"entry-title\">VOLA IN PARETE DALLA CRODA NEGRA<\/h3>\n<\/blockquote>\n<p><strong>LIVINALLONGO<\/strong> Attorno alle 11 di ieri\u00a0 l\u2019elicottero di Dolomiti Emergency \u00e8 stato inviato dalla Centrale del Suem nella zona di Passo Giau, dove un\u2019alpinista era caduta dalla parete della Croda Negra che stava scalando. Prima di cordata, sul tiro iniziale, L.B., 31 anni, di Venezia, \u00e8 volata, le protezioni che aveva inserito nella roccia sono uscite e lei \u00e8 arrivata a terra, una quindicina di metri pi\u00f9 in basso, riportando un possibile grave trauma al piede. Sbarcati con un verricello di 20 metri, equipe medica e tecnico di elisoccorso hanno prestato le cure urgenti alla ragazza e, dopo averla stabilizzata, la hanno caricata in barella. Issata a bordo, l\u2019infortunata \u00e8 stata trasportata all\u2019ospedale di Treviso.<\/p>\n<p>&nbsp;<\/p>\n<blockquote>\n<h3 class=\"entry-title\">CADE CON LA MOUNTAIN BIKE SUL COL VISENTIN<\/h3>\n<\/blockquote>\n<p><strong>VITTORIO VENETO<\/strong> Ieri a mezzogiorno il Soccorso alpino delle Prealpi Trevigiane \u00e8 stato attivato per una ciclista caduta in discesa dal Col Visentin. E.M., 54 anni, di Casier (TV), che si trovava in compagnia, perso il controllo della propria mountain bike, era finita a terra all\u2019altezza del primo tornante dopo Forcella Zoppei. La donna \u00e8 stata raggiunta da una squadra che le ha prestato le prime cure assieme al personale sanitario dell\u2019ambulanza, sopraggiunta nel frattempo. L\u2019infortunata, con sospetti traumi allo sterno e a una mano, \u00e8 stata assistita poi dall\u2019equipe medica dell\u2019elicottero di Dolomiti Emergency, atterrato nelle vicinanze. Una volta imbarellata, \u00e8 stata caricata a bordo e trasportata all\u2019ospedale di Belluno.<\/p>\n<p>&nbsp;<\/p>\n<blockquote>\n<h3 class=\"entry-title\">CRISI DI PANICO SULLE MARMAROLE<\/h3>\n<\/blockquote>\n<p><strong>AURONZO DI CADORE<\/strong> Ieri alle 12.40 circa la Centrale del 118 \u00e8 stata allertata da un\u2019escursionista bloccata da una crisi di panico, non distante da Forcella San Lorenzo, sulle Marmarole. M.P., 51 anni, di Vigo di Cadore (BL), stava percorrendo da sola la Ferrata Amalio Da Pra, quando, in un tratto in cui il cavo si interrompe e bisogna attraversare un canale per poi riprendere la ferrata, aveva iniziato a risalire qualche metro una traccia che aveva trovato, sbagliando itinerario, e si era fermata poco dopo. Una squadra del Soccorso alpino del Centro Cadore \u00e8 partita per andare in suo aiuto, ha raggiunto Forcella San Lorenzo per poi attaccare la Ferrata e individuarla a breve. Dopo averla assicurata i soccorritori sono quindi tornati sui loro passi assieme alla donna, per arrivare al sentiero e scendere con lei fino al Rifugio Ciareido, da dove la hanno accompagnata in jeep alla macchina al Pian dei Buoi.<\/p>\n<p>&nbsp;<\/p>\n<blockquote>\n<h3 class=\"entry-title\">CICLISTA COLTO DA MALORE A TAMBRE<\/h3>\n<\/blockquote>\n<p><strong>TAMBRE<\/strong> Verso le 13 di ieri \u00e8 scattato l\u2019allarme per un ciclista colto da malore in localit\u00e0 Valmenera a Tambre. Le condizioni dell\u2019uomo, che era sdraiato a terra assistito da due persone, sono subito state valutate dall\u2019equipe medica dell\u2019elicottero del Suem di Pieve di Cadore, sbarcata nelle vicinanze assieme al tecnico di elisoccorso. Imbarcato, R.D.P., 63 anni, di Santa Giustina (BL), \u00e8 stato trasportato all\u2019ospedale di Belluno per le verifiche del caso.<\/p>\n<p>&nbsp;<\/p>\n<blockquote>\n<h3 class=\"entry-title\">RAGAZZA PUNTA DALLE VESPE A CORTINA, MALORE PER UN GIOVANE AD AURONZO<\/h3>\n<\/blockquote>\n<p><strong>CORTINA\u00a0<\/strong>Una squadra del Soccorso alpino della Guardia di finanza ha raggiunto L.Z., una venticinquenne di Auronzo di Cadore (BL), che era stata punta dalle vespe, mentre si trovava nei pressi del Ponte Outo, alle Cascate di Fanes. La ragazza \u00e8 stata accompagnata al Codivilla dai soccorritori per i dovuti accertamenti.<\/p>\n<p dir=\"auto\"><strong>AURONZO DI CADORE\u00a0<\/strong>Una squadra del Soccorso alpino della Guardia di finanza \u00e8 stata inviata sul Monte Agudo, poich\u00e9, a seguito di un probabile malore, un diciassettenne di Ala (TN), aveva perso i sensi, era caduto a terra e aveva sbattuto il volto. I soccorritori hanno preso in carico il ragazzo, per poi accompagnato direttamente al pronto soccorso.<\/p>\n<blockquote>\n<h3 class=\"entry-title\">VOLA SULLA MOIAZZA, CORDATA RECUPERATA DAL SOCCORSO ALPINO<\/h3>\n<\/blockquote>\n<p><strong>AGORDO<\/strong> Ieri, poco prima delle 14, l\u2019elicottero del Suem di Pieve di Cadore \u00e8 volato nel Gruppo della Moiazza, sulla Torre del Camp, comune di Agordo, per un incidente in parete lungo la Via Bien. Primo di una cordata di tre, un alpinista era infatti volato qualche metro sopra i compagni fermi in sosta, una protezione non aveva retto l\u2019urto e lo scalatore aveva sbattuto sulla roccia una quindicina di metri pi\u00f9 sotto. Lanciato l\u2019allarme, uno dei compagni si era calato da lui. Individuato il punto, l\u2019eliambulanza ha sbarcato il tecnico di elisoccorso con 35 metri di verricello. L\u2019infortunato, G.O., 27 anni, di San Don\u00e0 di Piave (VE), \u00e8 stato recuperato e trasportato al campo base al Rifugio Carestiato, dove attendevano medico e infermiera dell\u2019equipaggio e dove ha dato il proprio supporto anche il gestore, componente del Soccorso alpino di Agordo. Mentre venivano prestate le prime cure per un sospetto politrauma, l\u2019eliambulanza \u00e8 tornata in parete a prendere anche i due compagni. Il ferito \u00e8 stato trasportato all\u2019ospedale di Belluno.<\/p>\n<p>&nbsp;<\/p>\n<blockquote>\n<h3>ALTRI DUE INTERVENTI IN MONTAGNA PER IL SOCCORSO ALPINO<\/h3>\n<\/blockquote>\n<p><strong>CORTINA <\/strong>Una squadra del Soccorso alpino di Cortina \u00e8 stata inviata attorno alle 13 al Rifugio Sennes, dove si trovava una ciclista che si era fatta male cadendo dalla mountain bike. I soccorritori hanno raggiunto C.B., 66 anni, di Cassola (VI), e le hanno prestato le prime cure. Dopo avere caricato anche la sua bici sul fuoristrada, hanno quindi accompagnato la donna fino all&#8217;ospedale di Cortina. Verso le 16 un altro allarme, lanciato da una coppia di turisti tedeschi &#8211; lui 61 anni, lei 44 anni &#8211; che, arrivati nella parte finale della Ferrata della Cengia Gabriella nel Gruppo del Popera, non erano pi\u00f9 in grado di proseguire per la stanchezza. L&#8217;elicottero di Dolomiti Emergency, una volta sul posto, ha sbarcato l&#8217;equipe medica al Rifugio Carducci, per poi volare nel punto in cui si trovavano i due. Recuperati uno alla volta dal tecnico di elisoccorso con un verricello di 30 metri, gli escursionisti sono stati poi lasciati al Carducci.<\/p>\n<p>&nbsp;<\/p>\n<p>&nbsp;<\/p>\n<hr \/>\n<p>&nbsp;<\/p>\n<blockquote>\n<h3>POCA PARTECIPAZIONE ALLA MANIFESTAZIONE CONTRO IL CAMBIAMENTO CLIMATICO AD ARABBA<\/h3>\n<\/blockquote>\n<p><strong>LIVINALLONGO<\/strong> Si \u00e8 svolta sabato ad Arabba la manifestazione sul cambiamento climatico organizzata in primis da Gabriele Del Monego. Purtoppo la partecipazione non \u00e8 stata molto esaustiva per gli organizzatori che comunque non si danno per vinti e annunciano novit\u00e0 nel prossimo futuro.<\/p>\n<p><strong>\u00a0<\/strong><\/p>\n\n\t\t\t<style type='text\/css'>\n\t\t\t\t#gallery-2 {\n\t\t\t\t\tmargin: auto;\n\t\t\t\t}\n\t\t\t\t#gallery-2 .gallery-item {\n\t\t\t\t\tfloat: left;\n\t\t\t\t\tmargin-top: 10px;\n\t\t\t\t\ttext-align: center;\n\t\t\t\t\twidth: 50%;\n\t\t\t\t}\n\t\t\t\t#gallery-2 img {\n\t\t\t\t\tborder: 2px solid #cfcfcf;\n\t\t\t\t}\n\t\t\t\t#gallery-2 .gallery-caption {\n\t\t\t\t\tmargin-left: 0;\n\t\t\t\t}\n\t\t\t\t\/* see gallery_shortcode() in wp-includes\/media.php *\/\n\t\t\t<\/style>\n\t\t<div id='gallery-2' class='dt-gallery-container gallery galleryid-286201 gallery-columns-2 gallery-size-thumbnail'><dl class='gallery-item'>\n\t\t\t\t<dt class='gallery-icon landscape'>\n\t\t\t\t\t<a class=\"rollover rollover-zoom dt-pswp-item\" title=\"05ac3306-8b95-4be3-9e44-68501c3e25d0\" data-dt-img-description=\"\" data-large_image_width=\"1600\" data-large_image_height=\"1200\"href='https:\/\/www.radiopiu.net\/wordpress\/wp-content\/uploads\/2022\/07\/05ac3306-8b95-4be3-9e44-68501c3e25d0.jpg'><img loading=\"lazy\" decoding=\"async\" width=\"150\" height=\"150\" src=\"https:\/\/www.radiopiu.net\/wordpress\/wp-content\/uploads\/2022\/07\/05ac3306-8b95-4be3-9e44-68501c3e25d0-150x150.jpg\" class=\"attachment-thumbnail size-thumbnail\" alt=\"\" \/><\/a>\n\t\t\t\t<\/dt><\/dl><dl class='gallery-item'>\n\t\t\t\t<dt class='gallery-icon portrait'>\n\t\t\t\t\t<a class=\"rollover rollover-zoom dt-pswp-item\" title=\"697b2ecb-f7da-48ce-b7fd-a907c8201ed6\" data-dt-img-description=\"\" data-large_image_width=\"1200\" data-large_image_height=\"1600\"href='https:\/\/www.radiopiu.net\/wordpress\/wp-content\/uploads\/2022\/07\/697b2ecb-f7da-48ce-b7fd-a907c8201ed6.jpg'><img loading=\"lazy\" decoding=\"async\" width=\"150\" height=\"150\" src=\"https:\/\/www.radiopiu.net\/wordpress\/wp-content\/uploads\/2022\/07\/697b2ecb-f7da-48ce-b7fd-a907c8201ed6-150x150.jpg\" class=\"attachment-thumbnail size-thumbnail\" alt=\"\" \/><\/a>\n\t\t\t\t<\/dt><\/dl><br style=\"clear: both\" \/>\n\t\t\t<\/div>\n\n<p><strong>\u00a0<\/strong><\/p>\n<p><strong>GABRIELE DEL MONEGO<\/strong><\/p>\n<audio class=\"wp-audio-shortcode\" id=\"audio-286201-2\" preload=\"none\" style=\"width: 100%;\" controls=\"controls\"><source type=\"audio\/mpeg\" src=\"https:\/\/www.radiopiu.net\/wordpress\/wp-content\/uploads\/2022\/07\/GABRIELE-DEL-MONEGO-1.mp3?_=2\" \/><a href=\"https:\/\/www.radiopiu.net\/wordpress\/wp-content\/uploads\/2022\/07\/GABRIELE-DEL-MONEGO-1.mp3\">https:\/\/www.radiopiu.net\/wordpress\/wp-content\/uploads\/2022\/07\/GABRIELE-DEL-MONEGO-1.mp3<\/a><\/audio>\n<p>&nbsp;<\/p>\n<p><strong>IL VIDEO<\/strong><\/p>\n<div style=\"width: 848px;\" class=\"wp-video\"><video class=\"wp-video-shortcode\" id=\"video-286201-1\" width=\"848\" height=\"480\" preload=\"metadata\" controls=\"controls\"><source type=\"video\/mp4\" src=\"https:\/\/www.radiopiu.net\/wordpress\/wp-content\/uploads\/2022\/07\/WhatsApp-Video-2022-07-09-at-12.52.34.mp4?_=1\" \/><a href=\"https:\/\/www.radiopiu.net\/wordpress\/wp-content\/uploads\/2022\/07\/WhatsApp-Video-2022-07-09-at-12.52.34.mp4\">https:\/\/www.radiopiu.net\/wordpress\/wp-content\/uploads\/2022\/07\/WhatsApp-Video-2022-07-09-at-12.52.34.mp4<\/a><\/video><\/div>\n<p>&nbsp;<\/p>\n<hr \/>\n<p>&nbsp;<\/p>\n<blockquote>\n<h3>PNRR: OLTRE UN MILIONE DI EURO PER L&#8217;AMPLIAMENTO DEL PALASPORT DE MAS<\/h3>\n<\/blockquote>\n<p><strong><a class=\"dt-pswp-item\" href=\"https:\/\/www.radiopiu.net\/wordpress\/wp-content\/uploads\/2022\/07\/PALASPORT-DE-MAS.png\" data-dt-img-description=\"\" data-large_image_width=\"2008\" data-large_image_height=\"1336\"><img loading=\"lazy\" decoding=\"async\" class=\"size-thumbnail wp-image-286368 alignleft\" src=\"https:\/\/www.radiopiu.net\/wordpress\/wp-content\/uploads\/2022\/07\/PALASPORT-DE-MAS-150x150.png\" alt=\"\" width=\"150\" height=\"150\" \/><\/a>BELLUNO<\/strong><\/p>\n<p>di Moreno Gioli<\/p>\n<audio class=\"wp-audio-shortcode\" id=\"audio-286201-3\" preload=\"none\" style=\"width: 100%;\" controls=\"controls\"><source type=\"audio\/mpeg\" src=\"https:\/\/www.radiopiu.net\/wordpress\/wp-content\/uploads\/2022\/07\/GIOLI-AMPLIAMENTO-PALASPORT-PNRR.mp3?_=3\" \/><a href=\"https:\/\/www.radiopiu.net\/wordpress\/wp-content\/uploads\/2022\/07\/GIOLI-AMPLIAMENTO-PALASPORT-PNRR.mp3\">https:\/\/www.radiopiu.net\/wordpress\/wp-content\/uploads\/2022\/07\/GIOLI-AMPLIAMENTO-PALASPORT-PNRR.mp3<\/a><\/audio>\n<p>&nbsp;<\/p>\n<hr \/>\n<p>&nbsp;<\/p>\n<blockquote class=\"wp-embedded-content\" data-secret=\"DCTSf3iZI0\"><p><a href=\"https:\/\/www.radiopiu.net\/wordpress\/aggnazionaleluglio10\/\">CORONAVIRUS: AGGIORNAMENTO NAZIONALE 09 LUGLIO 2022<\/a><\/p><\/blockquote>\n<p><iframe loading=\"lazy\" class=\"wp-embedded-content\" sandbox=\"allow-scripts\" security=\"restricted\" style=\"position: absolute; clip: rect(1px, 1px, 1px, 1px);\" title=\"&#8220;CORONAVIRUS: AGGIORNAMENTO NAZIONALE 09 LUGLIO 2022&#8221; &#8212; Radio Pi\u00f9\" src=\"https:\/\/www.radiopiu.net\/wordpress\/aggnazionaleluglio10\/embed\/#?secret=S7AD4C8MuN#?secret=DCTSf3iZI0\" data-secret=\"DCTSf3iZI0\" width=\"600\" height=\"338\" frameborder=\"0\" marginwidth=\"0\" marginheight=\"0\" scrolling=\"no\"><\/iframe><\/p>\n<p>&nbsp;<\/p>\n<blockquote class=\"wp-embedded-content\" data-secret=\"Yk9FgkjeX9\"><p><a href=\"https:\/\/www.radiopiu.net\/wordpress\/aggazzeroluglio10\/\">QUASI 7 MILA NUOVI POSITIVI IN 24 ORE IN VENETO, 18 DECESSI, RICOVERI STABILI<\/a><\/p><\/blockquote>\n<p><iframe loading=\"lazy\" class=\"wp-embedded-content\" sandbox=\"allow-scripts\" security=\"restricted\" style=\"position: absolute; clip: rect(1px, 1px, 1px, 1px);\" title=\"&#8220;QUASI 7 MILA NUOVI POSITIVI IN 24 ORE IN VENETO, 18 DECESSI, RICOVERI STABILI&#8221; &#8212; Radio Pi\u00f9\" src=\"https:\/\/www.radiopiu.net\/wordpress\/aggazzeroluglio10\/embed\/#?secret=CetG9KgNyM#?secret=Yk9FgkjeX9\" data-secret=\"Yk9FgkjeX9\" width=\"600\" height=\"338\" frameborder=\"0\" marginwidth=\"0\" marginheight=\"0\" scrolling=\"no\"><\/iframe><\/p>\n<p>&nbsp;<\/p>\n<h2>I GRAFICI DI TIZIANO DE COL<\/h2>\n\n\t\t\t<style type='text\/css'>\n\t\t\t\t#gallery-3 {\n\t\t\t\t\tmargin: auto;\n\t\t\t\t}\n\t\t\t\t#gallery-3 .gallery-item {\n\t\t\t\t\tfloat: left;\n\t\t\t\t\tmargin-top: 10px;\n\t\t\t\t\ttext-align: center;\n\t\t\t\t\twidth: 33%;\n\t\t\t\t}\n\t\t\t\t#gallery-3 img {\n\t\t\t\t\tborder: 2px solid #cfcfcf;\n\t\t\t\t}\n\t\t\t\t#gallery-3 .gallery-caption {\n\t\t\t\t\tmargin-left: 0;\n\t\t\t\t}\n\t\t\t\t\/* see gallery_shortcode() in wp-includes\/media.php *\/\n\t\t\t<\/style>\n\t\t<div id='gallery-3' class='dt-gallery-container gallery galleryid-286201 gallery-columns-3 gallery-size-thumbnail'><dl class='gallery-item'>\n\t\t\t\t<dt class='gallery-icon landscape'>\n\t\t\t\t\t<a class=\"rollover rollover-zoom dt-pswp-item\" title=\"bdf97431-9b6b-4352-be4a-953937e471ff\" data-dt-img-description=\"\" data-large_image_width=\"608\" data-large_image_height=\"356\"href='https:\/\/www.radiopiu.net\/wordpress\/wp-content\/uploads\/2022\/07\/bdf97431-9b6b-4352-be4a-953937e471ff.jpg'><img loading=\"lazy\" decoding=\"async\" width=\"150\" height=\"150\" src=\"https:\/\/www.radiopiu.net\/wordpress\/wp-content\/uploads\/2022\/07\/bdf97431-9b6b-4352-be4a-953937e471ff-150x150.jpg\" class=\"attachment-thumbnail size-thumbnail\" alt=\"\" \/><\/a>\n\t\t\t\t<\/dt><\/dl><dl class='gallery-item'>\n\t\t\t\t<dt class='gallery-icon landscape'>\n\t\t\t\t\t<a class=\"rollover rollover-zoom dt-pswp-item\" title=\"bf6b1f83-30fd-4563-819c-a42f44792624\" data-dt-img-description=\"\" data-large_image_width=\"608\" data-large_image_height=\"405\"href='https:\/\/www.radiopiu.net\/wordpress\/wp-content\/uploads\/2022\/07\/bf6b1f83-30fd-4563-819c-a42f44792624.jpg'><img loading=\"lazy\" decoding=\"async\" width=\"150\" height=\"150\" src=\"https:\/\/www.radiopiu.net\/wordpress\/wp-content\/uploads\/2022\/07\/bf6b1f83-30fd-4563-819c-a42f44792624-150x150.jpg\" class=\"attachment-thumbnail size-thumbnail\" alt=\"\" \/><\/a>\n\t\t\t\t<\/dt><\/dl><dl class='gallery-item'>\n\t\t\t\t<dt class='gallery-icon landscape'>\n\t\t\t\t\t<a class=\"rollover rollover-zoom dt-pswp-item\" title=\"cdf98d11-9620-4faa-90dd-e3496e4a368d\" data-dt-img-description=\"\" data-large_image_width=\"588\" data-large_image_height=\"365\"href='https:\/\/www.radiopiu.net\/wordpress\/wp-content\/uploads\/2022\/07\/cdf98d11-9620-4faa-90dd-e3496e4a368d.jpg'><img loading=\"lazy\" decoding=\"async\" width=\"150\" height=\"150\" src=\"https:\/\/www.radiopiu.net\/wordpress\/wp-content\/uploads\/2022\/07\/cdf98d11-9620-4faa-90dd-e3496e4a368d-150x150.jpg\" class=\"attachment-thumbnail size-thumbnail\" alt=\"\" \/><\/a>\n\t\t\t\t<\/dt><\/dl><br style=\"clear: both\" \/><dl class='gallery-item'>\n\t\t\t\t<dt class='gallery-icon landscape'>\n\t\t\t\t\t<a class=\"rollover rollover-zoom dt-pswp-item\" title=\"6ebb53cc-f29a-46e1-8098-dd159c177869\" data-dt-img-description=\"\" data-large_image_width=\"620\" data-large_image_height=\"375\"href='https:\/\/www.radiopiu.net\/wordpress\/wp-content\/uploads\/2022\/07\/6ebb53cc-f29a-46e1-8098-dd159c177869.jpg'><img loading=\"lazy\" decoding=\"async\" width=\"150\" height=\"150\" src=\"https:\/\/www.radiopiu.net\/wordpress\/wp-content\/uploads\/2022\/07\/6ebb53cc-f29a-46e1-8098-dd159c177869-150x150.jpg\" class=\"attachment-thumbnail size-thumbnail\" alt=\"\" \/><\/a>\n\t\t\t\t<\/dt><\/dl><dl class='gallery-item'>\n\t\t\t\t<dt class='gallery-icon landscape'>\n\t\t\t\t\t<a class=\"rollover rollover-zoom dt-pswp-item\" title=\"cf7787cf-4181-43a3-9fc1-1130f35eda9d\" data-dt-img-description=\"\" data-large_image_width=\"612\" data-large_image_height=\"373\"href='https:\/\/www.radiopiu.net\/wordpress\/wp-content\/uploads\/2022\/07\/cf7787cf-4181-43a3-9fc1-1130f35eda9d.jpg'><img loading=\"lazy\" decoding=\"async\" width=\"150\" height=\"150\" src=\"https:\/\/www.radiopiu.net\/wordpress\/wp-content\/uploads\/2022\/07\/cf7787cf-4181-43a3-9fc1-1130f35eda9d-150x150.jpg\" class=\"attachment-thumbnail size-thumbnail\" alt=\"\" \/><\/a>\n\t\t\t\t<\/dt><\/dl><dl class='gallery-item'>\n\t\t\t\t<dt class='gallery-icon landscape'>\n\t\t\t\t\t<a class=\"rollover rollover-zoom dt-pswp-item\" title=\"e712c71a-ce74-434d-84ae-65524cf31068\" data-dt-img-description=\"\" data-large_image_width=\"606\" data-large_image_height=\"356\"href='https:\/\/www.radiopiu.net\/wordpress\/wp-content\/uploads\/2022\/07\/e712c71a-ce74-434d-84ae-65524cf31068.jpg'><img loading=\"lazy\" decoding=\"async\" width=\"150\" height=\"150\" src=\"https:\/\/www.radiopiu.net\/wordpress\/wp-content\/uploads\/2022\/07\/e712c71a-ce74-434d-84ae-65524cf31068-150x150.jpg\" class=\"attachment-thumbnail size-thumbnail\" alt=\"\" \/><\/a>\n\t\t\t\t<\/dt><\/dl><br style=\"clear: both\" \/>\n\t\t\t<\/div>\n\n<p>&nbsp;<\/p>\n<hr \/>\n<p>&nbsp;<\/p>\n<blockquote>\n<h3>RETINOGRAFI A PIEVE E AGORDO: OLTRE 36 MILA CHILOMETRI RISPARMIATI<\/h3>\n<\/blockquote>\n<p><strong><a class=\"dt-pswp-item\" href=\"https:\/\/www.radiopiu.net\/wordpress\/wp-content\/uploads\/2022\/07\/Schermata-2022-07-10-alle-10.15.15.png\" data-dt-img-description=\"\" data-large_image_width=\"1184\" data-large_image_height=\"938\"><img loading=\"lazy\" decoding=\"async\" class=\"size-thumbnail wp-image-286405 alignleft\" src=\"https:\/\/www.radiopiu.net\/wordpress\/wp-content\/uploads\/2022\/07\/Schermata-2022-07-10-alle-10.15.15-150x150.png\" alt=\"\" width=\"150\" height=\"150\" \/><\/a>BELLUNO <\/strong>Da Belluno a Sidney, andata e ritorno: 36 mila chilometri risparmiati in dieci mesi. Questa la distanza complessiva dei viaggi che, grazie alla tecnologia, sono stati risparmiati grazie all\u2019applicazione della telemedicina all\u2019oculistica. Dall\u2019attivazione a novembre 2021 ad oggi, sono stati eseguiti 290 esami del Fundus oculi per una diagnosi precoce della retinopatia diabetica, eseguiti dagli infermieri dei Centro anti diabetico di Pieve di Cadore e di Agordo e refertati in remoto dall\u2019oculistica di Belluno, senza far spostare il paziente e con l\u2019unico accesso all\u2019ospedale per la visita diabetologica. La Retinopatia diabetica, infatti, \u00e8 una complicazione del diabete che colpisce gli occhi. \u00c8 causata da un danno ai vasi sanguigni del tessuto della parte fotosensibile dell&#8217;occhio, la retina. Se non diagnosticata e trattata precocemente pu\u00f2 portare alla cecit\u00e0. Di norma, le persone con diabete eseguivano lo screening del fundus ogni 2 anni attraverso una visita oculistica nelle unit\u00e0 operative di Belluno o Feltre. Grazie al sistema di telemedicina avviato a Pieve di Cadore e Agordo e finanziato attraverso i Fondi Comuni Confinanti, la persona con diabete, contestualmente al controllo diabetologico, con un solo accesso al Centro Anti Diabete vicino a casa, esegue anche l&#8217;acquisizioni delle immagini per lo screening attraverso i retinografi acquistati nell\u2019ambito del progetto. Il personale del CAD, infatti, \u00e8 stato formato dai medici oculisti per la raccolta e la trasmissione delle immagini alle unit\u00e0 operative di oculistica dove vengono refertate. Nella maggioranza dei casi lo screening si conclude cosi. Nel caso venga rilevata la patologia, il paziente viene preso in carico per gli approfondimenti necessari. In otto mesi sono stati eseguiti oltre 290 esami, con conseguenti 290 viaggi a Belluno risparmiati per i pazienti, spesso anziani, e per i loro accompagnatori. \u00ab<em>Questa \u00e8 stata la prima applicazione della Telemedicina in azienda ed \u00e8 il simbolo del lavoro di rete che azzera le distanze: si muovono le immagini e non le persone \u00bb, ha commentato il direttore generale Maria Grazia Carraro, \u00abhanno fatto rete i nostri professionisti per la formazione e la costruzione del percorso, ha fatto rete il territorio che ha investito in questo progetto i Fondi dei Comuni di Confine. Con grande vantaggio per molti cittadini, prevalentemente anziani, e per i loro familiari, in termini di tempo e spostamenti<\/em>\u00bb<\/p>\n<p>&nbsp;<\/p>\n<p>&nbsp;<\/p>\n<hr \/>\n<p>&nbsp;<\/p>\n<blockquote>\n<h3>DOLOMITIBUS: OGGI E DOMANI VARIAZIONE DEL SERVIZIO URBANO A BELLUNO PER LAVORI<\/h3>\n<\/blockquote>\n<p><strong><a class=\"dt-pswp-item\" href=\"https:\/\/www.radiopiu.net\/wordpress\/wp-content\/uploads\/2020\/06\/f662441c-c6a1-40df-8978-3ff5202173f9.jpg\" data-dt-img-description=\"\" data-large_image_width=\"1280\" data-large_image_height=\"960\"><img loading=\"lazy\" decoding=\"async\" class=\"size-thumbnail wp-image-145519 alignleft\" src=\"https:\/\/www.radiopiu.net\/wordpress\/wp-content\/uploads\/2020\/06\/f662441c-c6a1-40df-8978-3ff5202173f9-150x150.jpg\" alt=\"\" width=\"150\" height=\"150\" \/><\/a>BELLUNO <\/strong>Dolomitibus informa che il Comune di Belluno con propria ordinanza n. 229 del 8 luglio 2022, per lavori di riparazione di un tratto di condotta delle acque meteoriche, ha disposto il divieto di transito agli autobus di categoria M3 in Via Bolzano nei pressi dell\u2019intersezione con via Vezzano oggi e domani dalle ore 8.30 alle ore 17.30. Per quanto sopra il servizio della\u00a0 <strong>LINEA L Lilla \u201cGIAZZOI-OSPEDALE-PIAZZA VITTORIO EMANUELE-L&#8217;ANTA\u201d <\/strong>nei giorni 11 e 12 luglio 2022 dalle ore 8.30 alle ore 17.30 di ciascuna giornata e comunque fino al termine dei lavori previsti effettuer\u00e0 il seguente percorso alternativo: ANDATA: Giazzoi &#8211; Bolago \u2013 Casoni \u2013 Mussoi \u2013 Ospedale \u2013 Via Dante \u2013 Piazza Vittorio Emanuele \u2013 L\u2019Anta. RITORNO: L\u2019Anta &#8211; Piazza Vittorio Emanuele &#8211; Via Dante \u2013 Ospedale \u2013 Mussoi \u2013 Casoni \u2013 Bolago \u2013 Giazzoi. Fermate soppresse tutte quelle sulla tratta Mussoi \u2013 Giazzoi di seguito elencate: Travazzoi ex fornaci, San Sebastiano, Travazzoi case popolari, Vezzano, Vezzano da Tugna, Bolzano case popolari, Bolzano Bellunese basso, Bolzano Bellunese, Bolzano Bellunese Frigimelica, Tisoi scuole, Tisoi, Tisoi al capitello.<\/p>\n<p>&nbsp;<\/p>\n<p>&nbsp;<\/p>\n<hr \/>\n<p>&nbsp;<\/p>\n<h2><span style=\"color: #ff0000;\"><a class=\"dt-pswp-item\" href=\"https:\/\/www.radiopiu.net\/wordpress\/wp-content\/uploads\/2022\/07\/0-1.png\" data-dt-img-description=\"\" data-large_image_width=\"1718\" data-large_image_height=\"1812\"><img loading=\"lazy\" decoding=\"async\" class=\"size-thumbnail wp-image-286399 alignleft\" src=\"https:\/\/www.radiopiu.net\/wordpress\/wp-content\/uploads\/2022\/07\/0-1-150x150.png\" alt=\"\" width=\"150\" height=\"150\" \/><\/a>DAL CORRIERE DELLE ALPI<\/span><\/h2>\n<h3>DALLA CAOTICA MILANO ALLA TRANQUILLA SAN TOMASO PER GESTIRE UNA PIZZERIA<\/h3>\n<p><strong>SAN TOMASO<\/strong> Come ogni lunedi Gianni Santomaso dalle pagine del Corriere delle Alpi racconta una storia, un personaggio, un pezzo di vita dell\u2019Agordino \u201cVivere l\u2019Agordino\u201d una raccolta spaccato di vita agordina con le immancabili vignette di Erica Andrich<\/p>\n<p><strong>di Gianni Santomaso<\/strong><\/p>\n<p>&nbsp;<\/p>\n<p>&nbsp;<\/p>\n<hr \/>\n<p>&nbsp;<\/p>\n<blockquote>\n<h3>TORNANO GLI EVENTI AL PARCO CICLAMINO DI MEANO<\/h3>\n<\/blockquote>\n<p><strong><a class=\"dt-pswp-item\" href=\"https:\/\/www.radiopiu.net\/wordpress\/wp-content\/uploads\/2022\/07\/Parco-1.jpeg\" data-dt-img-description=\"\" data-large_image_width=\"1600\" data-large_image_height=\"1200\"><img loading=\"lazy\" decoding=\"async\" class=\"size-thumbnail wp-image-286255 alignleft\" src=\"https:\/\/www.radiopiu.net\/wordpress\/wp-content\/uploads\/2022\/07\/Parco-1-150x150.jpeg\" alt=\"\" width=\"150\" height=\"150\" \/><\/a>SANTA GIUSTINA<\/strong> Il Parco Ciclamino di meano torna a vivere. Ad aprire la stagione quest&#8217;anno sara\u0300 la seconda edizione del Ladies &amp; Gentlemen, in programma per sabato 16 e domenica 17 luglio. Dopo la prima edizione del 2019 la voglia di rilanciare questo format era davvero tanta: un torneo di calcio a 5 dove ogni squadra deve sempre schierare una donna. L\u2019evento ha preso vita da un gruppo di ragazzi e ragazze santagiustinesi e non, grazie alla stretta collaborazione con il Comitato Festeggiamenti Meano e, da questa edizione, anche col patrocinio della Propoco Santagiustinese. Le squadre a battersi per il titolo quest&#8217;anno sono ben 24 e lo faranno nel rinnovato campo da calcio dopo i lavori svolti dalla sinergia Comune di Santa Giustina e lo storico comitato frazionale.<\/p>\n<p>&nbsp;<\/p>\n<p>&nbsp;<\/p>\n<hr \/>\n<p>&nbsp;<\/p>\n<blockquote>\n<h3>DOMANI LA GIORNATA ECOLOGICA IN NEVEGAL<\/h3>\n<\/blockquote>\n<p><strong>BELLUNO\u00a0<\/strong> Domani<span dir=\"ltr\" role=\"presentation\">\u00a0 giornata ecologica per la pulizia di <\/span><span dir=\"ltr\" role=\"presentation\">alcuni<\/span> <span dir=\"ltr\" role=\"presentation\">sentieri<\/span> <span dir=\"ltr\" role=\"presentation\">sul<\/span> <span dir=\"ltr\" role=\"presentation\">Colle<\/span> <span dir=\"ltr\" role=\"presentation\">del<\/span> <span dir=\"ltr\" role=\"presentation\">Neveg\u00e0l,<\/span> <span dir=\"ltr\" role=\"presentation\">promossa <\/span><span dir=\"ltr\" role=\"presentation\">dall&#8217;amministrazione <\/span><span dir=\"ltr\" role=\"presentation\">comunale. <\/span><span dir=\"ltr\" role=\"presentation\">L&#8217;appuntamento \u00e8 alle 7.30, nel piazzale del Neveg\u00e0l<\/span><span dir=\"ltr\" role=\"presentation\">. <\/span><span dir=\"ltr\" role=\"presentation\">Chi volesse unirsi all&#8217;evento, pu\u00f2 ancora comunicare la propria adesione <\/span><span dir=\"ltr\" role=\"presentation\">all&#8217;ufficio<\/span> <span dir=\"ltr\" role=\"presentation\">comunale<\/span> <span dir=\"ltr\" role=\"presentation\">di<\/span> <span dir=\"ltr\" role=\"presentation\">Protezione<\/span> <span dir=\"ltr\" role=\"presentation\">civile,<\/span> <span dir=\"ltr\" role=\"presentation\">scrivendo<\/span> <span dir=\"ltr\" role=\"presentation\">un&#8217;email<\/span> <span dir=\"ltr\" role=\"presentation\">all&#8217;indirizzo <\/span><span dir=\"ltr\" role=\"presentation\">protezionevicile@comune.belluno.it,<\/span> <span dir=\"ltr\" role=\"presentation\">oppure<\/span> <span dir=\"ltr\" role=\"presentation\">chiamando<\/span> <span dir=\"ltr\" role=\"presentation\">il<\/span> <span dir=\"ltr\" role=\"presentation\">numero<\/span> <span dir=\"ltr\" role=\"presentation\">di <\/span><span dir=\"ltr\" role=\"presentation\">telefono 0437 913617\u00a0<\/span><\/p>\n<p>&nbsp;<\/p>\n<p>&nbsp;<\/p>\n<hr \/>\n<p>&nbsp;<\/p>\n<blockquote>\n<h3>300 POSTI IN POLIZIA<\/h3>\n<\/blockquote>\n<p><strong>BELLUNO <\/strong>Nella Gazzetta Ufficiali sono stati pubblicati i bandi dei concorsi pubblici per la copertura di 192 posti di vice ispettore tecnico nel settore telematico e per 100 posti di vice ispettore tecnico nel settore accasermamento.<\/p>\n<p>&nbsp;<\/p>\n<p>&nbsp;<\/p>\n<hr \/>\n<p>&nbsp;<\/p>\n<blockquote>\n<h3>I PUNTI ALL&#8217;ORDINE DEL GIORNO RADDOPPIANO CON LE TRE INTERROGAZIONI DELLA MINORANZA<\/h3>\n<\/blockquote>\n<p><strong>ROCCA PIETORE<\/strong> Domani alle 19 consiglio comunale convocato dal sindaco Andrea De Bernardin che porta all&#8217;attenzione dei consiglieri il rendinconto 2021, la variazione al bilancio e lo statuto dell&#8217;azienda speciale consortile e la convenzione con il Comune di Livinallongo per le funzioni di segreteria comunale. La minoranza &#8220;Uniti per la montagna&#8221; interroga: 1) i lavori di sistemazione dei cimiteri sono stati appaltati? E quelli dei marciapiedi comunali? L&#8217;opposizione chiede lumi sulle transenne presenti tra Viale Dolomiti e la nuova strada di Boscoverde. La minoranza vuole conoscere la situazione dei confini della Marmolada e la situazione dell&#8217;uso civico, infine interrogazione sul ponte Ru de Forzelet per capire a chi spetti la pulizia della zona e a chi la ricostruzione dei marciapiedi.<\/p>\n<p>&nbsp;<\/p>\n<hr \/>\n<blockquote>\n<h3><\/h3>\n<h3>IN CONSIGLIO COMUNALE LA CONCESSIONE DEI CONTRIBUTI STATALI<\/h3>\n<\/blockquote>\n<p><strong>\u00a0TAIBON<\/strong> Mercoledi 13 luglio alle 18.30 il consiglio comunale convocato dal sindaco Silvia Tormen prevede all&#8217;ordine del giorno le variazioni al bilancio,\u00a0 concessione del contributo statale e comunicazioni del primo cittadino<\/p>\n<p>&nbsp;<\/p>\n<p>&nbsp;<\/p>\n<hr \/>\n<p>&nbsp;<\/p>\n<blockquote>\n<h3 class=\"entry-title\">INFLAZIONE, E\u2019 UNA PATRIMONIALE DA 8,3 MILIARDI SUI CONTI CORRENTI DEI VENETI<\/h3>\n<\/blockquote>\n<p class=\"photoswipe-wrapper\"><a class=\"dt-pswp-item pspw-wrap-ready\" href=\"https:\/\/www.radiopiu.net\/wordpress\/wp-content\/uploads\/2022\/07\/Schermata-2022-07-09-alle-09.06.03.png\" data-dt-img-description=\"\" data-large_image_width=\"950\" data-large_image_height=\"1516\"><img loading=\"lazy\" decoding=\"async\" class=\"alignleft size-medium wp-image-286246\" src=\"https:\/\/www.radiopiu.net\/wordpress\/wp-content\/uploads\/2022\/07\/Schermata-2022-07-09-alle-09.06.03-188x300.png\" sizes=\"auto, (max-width: 188px) 100vw, 188px\" srcset=\"https:\/\/www.radiopiu.net\/wordpress\/wp-content\/uploads\/2022\/07\/Schermata-2022-07-09-alle-09.06.03-188x300.png 188w, https:\/\/www.radiopiu.net\/wordpress\/wp-content\/uploads\/2022\/07\/Schermata-2022-07-09-alle-09.06.03-642x1024.png 642w, https:\/\/www.radiopiu.net\/wordpress\/wp-content\/uploads\/2022\/07\/Schermata-2022-07-09-alle-09.06.03-768x1226.png 768w, https:\/\/www.radiopiu.net\/wordpress\/wp-content\/uploads\/2022\/07\/Schermata-2022-07-09-alle-09.06.03.png 950w\" alt=\"\" width=\"188\" height=\"300\" \/><\/a>L\u2019inflazione \u00e8 una tassa della peggior specie, perch\u00e9 colpisce soprattutto chi ha meno. In talune condizioni gli effetti che sprigiona sono ancor pi\u00f9 preoccupanti; in particolar modo, quando si \u201cabbatte\u201d come una patrimoniale sui conti correnti. In un momento di difficolt\u00e0 come questo, le famiglie pensano di avere il proprio \u201cgruzzoletto\u201d al sicuro; in realt\u00e0 \u00e8 un illusione monetaria, poich\u00e9 una parte dei risparmi \u00e8 destinata a \u201cevaporare\u201d. Di quanto? A fare i conti ci ha pensato l\u2019Ufficio studi della CGIA. In termini puramente teorici, infatti, in questo ultimo anno l\u2019aumento dell\u2019inflazione \u00e8 costato ai veneti 8,3 miliardi di euro. Come \u00e8 giunto a questo risultato? Tenendo conto che in questi ultimi 12 mesi il tasso di interesse applicato dagli istituti di credito sui depositi bancari si \u00e8 aggirato attorno allo zero e l\u2019inflazione, invece, \u00e8 cresciuta dell\u20198 per cento, a risparmi invariati, che al 31 dicembre scorso in Veneto ammontavano complessivamente a 103,8 miliardi, il caro vita ha eroso questi ultimi di 8,3 miliardi di euro.<\/p>\n<p><strong>Lombardia, Lazio e Veneto le regioni pi\u00f9 penalizzate<\/strong><br \/>\nCome era prevedibile, a livello territoriale il costo pi\u00f9 salato l\u2019hanno pagato i risparmiatori delle regioni pi\u00f9 ricche: in Lombardia la perdita di potere di acquisto \u00e8 stata di 19,4 miliardi, nel Lazio di 9,3, in Veneto di 8,3 e in Emilia Romagna di 8,1. Desta sicuramente molta sorpresa il risultato emerso dal confronto tra le macro aree geografiche del Paese. Se a Nordovest il \u201cprelievo\u201d \u00e8 stato di ben 29,8 miliardi, nel Mezzogiorno invece ha raggiunto quota 22,8 miliardi; un dato, quest\u2019ultimo, nettamente superiore ai 20,7 miliardi registrati nel Nordest e ai 18,8 miliardi riconducibili al Centro (vedi Tab. 1).<\/p>\n<p><strong>Il 6 per mille imposto da Amato ci cost\u00f2 18 volte di meno<\/strong><br \/>\nL\u2019aspetto per certi versi singolare di tutta questa vicenda \u00e8 che le persone faticano a cogliere e quantificare gli effetti negativi dell\u2019inflazione sui risparmi. A distanza di 30 anni, ad esempio, tutti ricordano ancora con grande rabbia il prelievo straordinario del 6 per mille imposto dall\u2019allora Governo Amato sui conti correnti degli italiani. Nell\u2019estate del 1992, infatti, quella misura cost\u00f2 alle famiglie italiane 5.250 miliardi di lire, ovvero 2,7 miliardi di euro. Rivalutando questo importo a maggio 2022, il prelievo si attesta a 5 miliardi di euro; praticamente un \u201csacrificio\u201d economico 18 volte inferiore ai 92 miliardi stimati, in quest\u2019ultimo anno, dall\u2019Ufficio studi della CGIA.<\/p>\n<p><strong>Stiamo scivolando verso la stagflazione<\/strong><br \/>\nIl pericolo che la nostra economia stia scivolando lentamente verso la stagflazione \u00e8 molto elevato. Quest\u2019ultimo \u00e8 un termine ai pi\u00f9 sconosciuto, anche perch\u00e9 si manifesta raramente, ovvero quando ad una crescita economica molto bassa (se non addirittura negativa) si affianca un\u2019inflazione molto elevata che provoca un aumento del tasso di disoccupazione. Un quadro economico che in tempi relativamente brevi potrebbe verificarsi anche in Italia. Con le difficolt\u00e0 legate alla pandemia, agli effetti della guerra in Ucraina, all\u2019aumento dei prezzi delle materie prime e dei prodotti energetici rischiamo, nel medio periodo, di veder scivolare la crescita economica verso lo zero, con una inflazione che, invece, potrebbe raggiungere a breve le due cifre.<\/p>\n<p><strong>Le contro misure da prendere<\/strong><br \/>\nContrastare la stagflazione, segnala l\u2019Ufficio studi della CGIA, \u00e8 un\u2019operazione molto complessa. Per attenuare la spinta inflazionistica, gli esperti sostengono che le\u00a0 banche centrali\u00a0dovrebbero contenere le misure espansive e aumentare i tassi di interesse, operazione che consentirebbe di diminuire la massa monetaria in circolazione. E\u2019 evidente che avendo un rapporto debito\/Pil tra i pi\u00f9 elevati al mondo, con l\u2019aumento dei tassi di interesse l\u2019Italia registrerebbe un deciso incremento del costo del debito pubblico. Un problema che potrebbe minare la nostra stabilit\u00e0 finanziaria. Bisognerebbe, infine, intervenire simultaneamente almeno su altri tre versanti: in primo luogo, attraverso la drastica riduzione della spesa corrente e, in secondo luogo, con il taglio della pressione fiscale, unici strumenti efficaci in grado di stimolare i consumi e per questa via alimentare anche la domanda aggregata di beni e servizi. Operazioni, queste ultime, non facili da applicare in misura importante, almeno fino a quando non verr\u00e0 \u201crivisto\u201d il Patto di Stabilit\u00e0 a livello europeo. Infine, dovremmo assolutamente introdurre un tetto al prezzo del gas e del carburante. Due voci che in questi ultimi 12 mesi hanno contribuito in misura determinante ad innalzare pericolosamente il nostro livello di inflazione.<\/p>\n<p>&nbsp;<\/p>\n<p>&nbsp;<\/p>\n<hr \/>\n<p>&nbsp;<\/p>\n<blockquote>\n<h3>RIECCO IL CIRCO PATUFF<\/h3>\n<\/blockquote>\n<p><strong>CESIOMAGGIORE<\/strong> La nuova stagione del Circo Patuft riparte da Cesiomaggiore via Pradenich (impianto sportivo). Dal 15 al 24 luglio sar\u00e0 presentato lo spettacolo\u00a0 SO\u00d1AMBULA. Unica tappa nel bellunese.<\/p>\n\n\t\t\t<style type='text\/css'>\n\t\t\t\t#gallery-4 {\n\t\t\t\t\tmargin: auto;\n\t\t\t\t}\n\t\t\t\t#gallery-4 .gallery-item {\n\t\t\t\t\tfloat: left;\n\t\t\t\t\tmargin-top: 10px;\n\t\t\t\t\ttext-align: center;\n\t\t\t\t\twidth: 50%;\n\t\t\t\t}\n\t\t\t\t#gallery-4 img {\n\t\t\t\t\tborder: 2px solid #cfcfcf;\n\t\t\t\t}\n\t\t\t\t#gallery-4 .gallery-caption {\n\t\t\t\t\tmargin-left: 0;\n\t\t\t\t}\n\t\t\t\t\/* see gallery_shortcode() in wp-includes\/media.php *\/\n\t\t\t<\/style>\n\t\t<div id='gallery-4' class='dt-gallery-container gallery galleryid-286201 gallery-columns-2 gallery-size-medium'><dl class='gallery-item'>\n\t\t\t\t<dt class='gallery-icon landscape'>\n\t\t\t\t\t<a class=\"rollover rollover-zoom dt-pswp-item\" title=\"fdaba42c-ba86-42a5-9677-d342383955b9\" data-dt-img-description=\"\" data-large_image_width=\"2048\" data-large_image_height=\"1457\"href='https:\/\/www.radiopiu.net\/wordpress\/wp-content\/uploads\/2022\/07\/fdaba42c-ba86-42a5-9677-d342383955b9.jpg'><img loading=\"lazy\" decoding=\"async\" width=\"300\" height=\"213\" src=\"https:\/\/www.radiopiu.net\/wordpress\/wp-content\/uploads\/2022\/07\/fdaba42c-ba86-42a5-9677-d342383955b9-300x213.jpg\" class=\"attachment-medium size-medium\" alt=\"\" srcset=\"https:\/\/www.radiopiu.net\/wordpress\/wp-content\/uploads\/2022\/07\/fdaba42c-ba86-42a5-9677-d342383955b9-300x213.jpg 300w, https:\/\/www.radiopiu.net\/wordpress\/wp-content\/uploads\/2022\/07\/fdaba42c-ba86-42a5-9677-d342383955b9-1024x729.jpg 1024w, https:\/\/www.radiopiu.net\/wordpress\/wp-content\/uploads\/2022\/07\/fdaba42c-ba86-42a5-9677-d342383955b9-768x546.jpg 768w, https:\/\/www.radiopiu.net\/wordpress\/wp-content\/uploads\/2022\/07\/fdaba42c-ba86-42a5-9677-d342383955b9-1536x1093.jpg 1536w, https:\/\/www.radiopiu.net\/wordpress\/wp-content\/uploads\/2022\/07\/fdaba42c-ba86-42a5-9677-d342383955b9.jpg 2048w\" sizes=\"auto, (max-width: 300px) 100vw, 300px\" \/><\/a>\n\t\t\t\t<\/dt><\/dl><dl class='gallery-item'>\n\t\t\t\t<dt class='gallery-icon landscape'>\n\t\t\t\t\t<a class=\"rollover rollover-zoom dt-pswp-item\" title=\"a7e9afaa-9f08-4745-bfd4-4d1e25fd9a2f\" data-dt-img-description=\"\" data-large_image_width=\"1772\" data-large_image_height=\"1264\"href='https:\/\/www.radiopiu.net\/wordpress\/wp-content\/uploads\/2022\/07\/a7e9afaa-9f08-4745-bfd4-4d1e25fd9a2f.jpg'><img loading=\"lazy\" decoding=\"async\" width=\"300\" height=\"214\" src=\"https:\/\/www.radiopiu.net\/wordpress\/wp-content\/uploads\/2022\/07\/a7e9afaa-9f08-4745-bfd4-4d1e25fd9a2f-300x214.jpg\" class=\"attachment-medium size-medium\" alt=\"\" srcset=\"https:\/\/www.radiopiu.net\/wordpress\/wp-content\/uploads\/2022\/07\/a7e9afaa-9f08-4745-bfd4-4d1e25fd9a2f-300x214.jpg 300w, https:\/\/www.radiopiu.net\/wordpress\/wp-content\/uploads\/2022\/07\/a7e9afaa-9f08-4745-bfd4-4d1e25fd9a2f-1024x730.jpg 1024w, https:\/\/www.radiopiu.net\/wordpress\/wp-content\/uploads\/2022\/07\/a7e9afaa-9f08-4745-bfd4-4d1e25fd9a2f-768x548.jpg 768w, https:\/\/www.radiopiu.net\/wordpress\/wp-content\/uploads\/2022\/07\/a7e9afaa-9f08-4745-bfd4-4d1e25fd9a2f-1536x1096.jpg 1536w, https:\/\/www.radiopiu.net\/wordpress\/wp-content\/uploads\/2022\/07\/a7e9afaa-9f08-4745-bfd4-4d1e25fd9a2f.jpg 1772w\" sizes=\"auto, (max-width: 300px) 100vw, 300px\" \/><\/a>\n\t\t\t\t<\/dt><\/dl><br style=\"clear: both\" \/>\n\t\t\t<\/div>\n\n<hr \/>\n<p>&nbsp;<\/p>\n<blockquote>\n<h3>DUE GIORNI DI FESTA CON LA FESTA DI SAN LUCANO<\/h3>\n<\/blockquote>\n<p><strong>TAIBON<\/strong> Comune di Taibon, Pro Loco, Gruppo Sportivo, Donatori del sangue di Taibon e Radio Pi\u00f9 organizzano la Festa di San Lucano. Sabato 16 luglio dalle 15 alle 20 la pesca di beneficenza presso la Casa di San Lucano, alle 18 la partenza della Minicorrinvalle riservata ai ragazzi dai 6 ai 13 anni (gadget e buono pasto presso la sagra a tutti i partecipanti), alle 19 apertura dello stand gastronomico e musica con Cosmo, Roberto e Lucia. Domenica alle 11 la santa messa, dalle 10 alle 20 la pesca di beneficenza presso la Casa di San Lucano, alle 12 apertura dello stand gastronomico, alle 15 i giochi di una volta con i pompieri volontari di Agordo e alle 19 i piatti tipici. Dal pomeriggio musica con Eros. Per la corrinvalle versione adulti l&#8217;appuntamento \u00e8 posticipato al 2023.<\/p>\n<p>&nbsp;<\/p>\n<p>&nbsp;<\/p>\n<hr \/>\n<p>&nbsp;<\/p>\n<blockquote>\n<h3>DOMENICA 17 LUGLIO LE COMMEMORAZIONI DEL SACRIFICIO DEI PARTIGIANI<\/h3>\n<\/blockquote>\n<p><strong><a class=\"dt-pswp-item\" href=\"https:\/\/www.radiopiu.net\/wordpress\/wp-content\/uploads\/2022\/07\/partigiani-San-Felice.jpg\" data-dt-img-description=\"\" data-large_image_width=\"768\" data-large_image_height=\"375\"><img loading=\"lazy\" decoding=\"async\" class=\"size-thumbnail wp-image-284766 alignleft\" src=\"https:\/\/www.radiopiu.net\/wordpress\/wp-content\/uploads\/2022\/07\/partigiani-San-Felice-150x150.jpg\" alt=\"\" width=\"150\" height=\"150\" \/><\/a>SEDICO\/BORGO VALBELLUNA<\/strong><\/p>\n<p>di Roberto Bona<\/p>\n<audio class=\"wp-audio-shortcode\" id=\"audio-286201-4\" preload=\"none\" style=\"width: 100%;\" controls=\"controls\"><source type=\"audio\/mpeg\" src=\"https:\/\/www.radiopiu.net\/wordpress\/wp-content\/uploads\/2022\/07\/BONA-LE-COMMEMORAZIONE-DEL-SACRIFICIO-DEI-PARTIGIANI.mp3?_=4\" \/><a href=\"https:\/\/www.radiopiu.net\/wordpress\/wp-content\/uploads\/2022\/07\/BONA-LE-COMMEMORAZIONE-DEL-SACRIFICIO-DEI-PARTIGIANI.mp3\">https:\/\/www.radiopiu.net\/wordpress\/wp-content\/uploads\/2022\/07\/BONA-LE-COMMEMORAZIONE-DEL-SACRIFICIO-DEI-PARTIGIANI.mp3<\/a><\/audio>\n<p>&nbsp;<\/p>\n<hr \/>\n<p>&nbsp;<\/p>\n<h2><\/h2>\n<h2><strong><a class=\"dt-pswp-item\" href=\"https:\/\/www.radiopiu.net\/wordpress\/wp-content\/uploads\/2022\/07\/El_Canal_de_Agort.jpg\" data-dt-img-description=\"\" data-large_image_width=\"1600\" data-large_image_height=\"1200\"><img loading=\"lazy\" decoding=\"async\" class=\"alignleft wp-image-285516 \" src=\"https:\/\/www.radiopiu.net\/wordpress\/wp-content\/uploads\/2022\/07\/El_Canal_de_Agort-300x225.jpg\" alt=\"\" width=\"169\" height=\"127\" srcset=\"https:\/\/www.radiopiu.net\/wordpress\/wp-content\/uploads\/2022\/07\/El_Canal_de_Agort-300x225.jpg 300w, https:\/\/www.radiopiu.net\/wordpress\/wp-content\/uploads\/2022\/07\/El_Canal_de_Agort-1024x768.jpg 1024w, https:\/\/www.radiopiu.net\/wordpress\/wp-content\/uploads\/2022\/07\/El_Canal_de_Agort-768x576.jpg 768w, https:\/\/www.radiopiu.net\/wordpress\/wp-content\/uploads\/2022\/07\/El_Canal_de_Agort-1536x1152.jpg 1536w, https:\/\/www.radiopiu.net\/wordpress\/wp-content\/uploads\/2022\/07\/El_Canal_de_Agort.jpg 1600w\" sizes=\"auto, (max-width: 169px) 100vw, 169px\" \/><\/a><\/strong><span style=\"color: #666699;\">EL CANAL DE AGORT, LA MOSTRA<\/span><\/h2>\n<p><strong>DI CLAUDIO FONTANIVE<\/strong><\/p>\n<p>OSPITE: Gabriele Fogliata e Manuel Conodera<\/p>\n<audio class=\"wp-audio-shortcode\" id=\"audio-286201-5\" preload=\"none\" style=\"width: 100%;\" controls=\"controls\"><source type=\"audio\/mpeg\" src=\"https:\/\/www.radiopiu.net\/wordpress\/wp-content\/uploads\/2022\/07\/arca-fogliata-conedera-4-luglio.mp3?_=5\" \/><a href=\"https:\/\/www.radiopiu.net\/wordpress\/wp-content\/uploads\/2022\/07\/arca-fogliata-conedera-4-luglio.mp3\">https:\/\/www.radiopiu.net\/wordpress\/wp-content\/uploads\/2022\/07\/arca-fogliata-conedera-4-luglio.mp3<\/a><\/audio>\n<p>&nbsp;<\/p>\n<hr \/>\n<p>&nbsp;<\/p>\n<blockquote>\n<h3>EL CANAL DE AGORT<\/h3>\n<\/blockquote>\n<p><strong>AGORDO<\/strong> Presso il museo in via 5 maggio ad Agordo si pu\u00f2 visitare la mostra &#8220;El Canal De Agort&#8221; storia ed archeologia da San Gottardo alla Conca Agordina. La mostra \u00e8 visitabile dal gioved\u00ec alla domenica dalle 9:30 alle 12:30 e dall 16 alle 19 fino al 4 settembre.<\/p>\n<p>&nbsp;<\/p>\n<hr \/>\n<p>&nbsp;<\/p>\n<blockquote>\n<h3>ECHI DI CORI A MALGA CIAPELA<\/h3>\n<\/blockquote>\n<p><strong>ROCCA PIETORE<\/strong> Sabato 16 luglio a Malga Gran PIan in localit\u00e0 Malga Ciapela e a Sottoguda, il Coro Luned\u00ec di Roma sar\u00e0 in concerto per &#8220;Echi di Cori&#8221;. Alle 11 appuntamento a Malga Ciapela mentre alle 16 la location sar\u00e0 il Borgo di Sottoguda. Entrata a offerta libera.<\/p>\n<p>&nbsp;<\/p>\n<p>&nbsp;<\/p>\n<hr \/>\n<p>&nbsp;<\/p>\n<blockquote>\n<h3>LA MOSTRA DI ALBINO MEZZACASA A CENCENIGHE<\/h3>\n<\/blockquote>\n<p><strong>CENCENIGHE<\/strong> Sar\u00e0 visitabile dal 23 luglio e fino al 14 agosto la mostra di scultura di Albino Mezzacasa presso il Nof Fil\u00f2 di Cencenighe. Gli orari delle visite: nei giorni feriali dalle 17:30 alle 21, sabato e domenica dalle 10 alle 12 e dalle 17:30 alle 21.<\/p>\n<p>&nbsp;<\/p>\n<p>&nbsp;<\/p>\n<hr \/>\n<p>&nbsp;<\/p>\n<blockquote>\n<h3>IL TRAMONTO A PASSO DURAN<\/h3>\n<\/blockquote>\n<p><strong>LA VALLE<\/strong> Riceviamo e pubblichiamo una foto di Tiziano De Col scattata nella serata di venerd\u00ec al Passo Duran. Erano circa le 19:30 quando \u00e8 stata scattata l&#8217;immagine in localit\u00e0 Piar. &#8220;<em>In controluce usando il tronco di un larice come punto d&#8217;ombra<\/em>&#8221;<\/p>\n<p><a class=\"dt-pswp-item\" href=\"https:\/\/www.radiopiu.net\/wordpress\/wp-content\/uploads\/2022\/07\/27d4f6d4-767a-4f82-aeec-c42943bc402f.jpg\" data-dt-img-description=\"\" data-large_image_width=\"2048\" data-large_image_height=\"1536\"><img loading=\"lazy\" decoding=\"async\" class=\"alignnone wp-image-286339 size-large\" src=\"https:\/\/www.radiopiu.net\/wordpress\/wp-content\/uploads\/2022\/07\/27d4f6d4-767a-4f82-aeec-c42943bc402f-1024x768.jpg\" alt=\"\" width=\"1024\" height=\"768\" srcset=\"https:\/\/www.radiopiu.net\/wordpress\/wp-content\/uploads\/2022\/07\/27d4f6d4-767a-4f82-aeec-c42943bc402f-1024x768.jpg 1024w, https:\/\/www.radiopiu.net\/wordpress\/wp-content\/uploads\/2022\/07\/27d4f6d4-767a-4f82-aeec-c42943bc402f-300x225.jpg 300w, https:\/\/www.radiopiu.net\/wordpress\/wp-content\/uploads\/2022\/07\/27d4f6d4-767a-4f82-aeec-c42943bc402f-768x576.jpg 768w, https:\/\/www.radiopiu.net\/wordpress\/wp-content\/uploads\/2022\/07\/27d4f6d4-767a-4f82-aeec-c42943bc402f-1536x1152.jpg 1536w, https:\/\/www.radiopiu.net\/wordpress\/wp-content\/uploads\/2022\/07\/27d4f6d4-767a-4f82-aeec-c42943bc402f.jpg 2048w\" sizes=\"auto, (max-width: 1024px) 100vw, 1024px\" \/><\/a><\/p>\n<p>&nbsp;<\/p>\n<hr \/>\n<p>&nbsp;<\/p>\n<blockquote>\n<h3>DIARIO DI BORDO, GIORNO 7&#8230; di Claudia Soppelsa<\/h3>\n<\/blockquote>\n<p><strong>PUNTATA 07<\/strong><\/p>\n<p><strong>AUDIO CLAUDIA SOPPELSA GIORNO 7<\/strong><\/p>\n<audio class=\"wp-audio-shortcode\" id=\"audio-286201-6\" preload=\"none\" style=\"width: 100%;\" controls=\"controls\"><source type=\"audio\/mpeg\" src=\"https:\/\/www.radiopiu.net\/wordpress\/wp-content\/uploads\/2022\/07\/DIARI-DI-BORDO-07.mp3?_=6\" \/><a href=\"https:\/\/www.radiopiu.net\/wordpress\/wp-content\/uploads\/2022\/07\/DIARI-DI-BORDO-07.mp3\">https:\/\/www.radiopiu.net\/wordpress\/wp-content\/uploads\/2022\/07\/DIARI-DI-BORDO-07.mp3<\/a><\/audio>\n<p>&nbsp;<\/p>\n<p>Oggi \u00e8 stata una di quelle giornate talmente frenetiche da non avere nemmeno il tempo per fermarsi a pensare cosa stesse succedendo. Una di quelle giornate in cui l&#8217;unica cosa che riesci a mangiare \u00e8 un panino camminando. Sveglia alle 6:30 per Londra, abbiamo scarpinato tutto il giorno e siamo riusciti a vedere tutto l&#8217;essenziale: Buckingham Palace, House of Parliament, Downing Street, the Big Ben, Trafalgar Square, Wendsminster Abbey, Piccadilly Circus, the London Eye&#8230; E siamo arrivati giusto in tempo per il cambio della guardia Devo dire che come al solito i ragazzi sono stati BRAVISSIMI a tenere il ritmo e a restare ordinati per non perdersi.Verso mezzogiorno mi si avvicina Manuel con gli occhi pieni di fame e timidamente mi fa: &#8221; Ma quand&#8217;\u00e8 che si mangia?&#8221; In effetti camminavano da ore e qualcuno non aveva neanche fatto colazione. Abbiamo quindi approfittato per un picnic veloce veloce a St. James&#8217;s Park, di fronte al Buckingham Palace.Ripensandoci bene in effetti uno dei ricordi pi\u00f9 nitidi che ho dell&#8217;adolescenza \u00e8 che avevo SEMPRE, COSTANTEMENTE fame (un po&#8217; anche adesso in realt\u00e0).Nel pomeriggio siamo riusciti a infilare persino Madame Tussauds Museum. Come altro descriverlo se non come una FIGATA GALATTICA??Abbiamo anche fatto la foto con la Royal Family, dalla quale per\u00f2 hanno tagliato fuori William&amp;Megan, che erano in un&#8217;altra sala a parte\u00a0In autobus ero seduta vicino ad un altro Teacher britannico, che rispetto alle dimissioni di Johnson mi ha detto l&#8217;esatto opposto del tizio di ieri: &#8221; Speriamo che ora venga eletto qualcuno pi\u00f9 vicino all&#8217;Unione Europa. Questa trovata della Brexit sta portando solo guai. La Scozia ha chiesto un referendum per l&#8217;indipendenza perch\u00e9 loro vogliono tornare in Europa. Per me la situazione post-Brexit \u00e8 talmente triste che da qualche anno mi sono trasferito a Roma&#8221;. Solo per dare un&#8217;idea di quanto sia diviso il Paese sull&#8217;argomento. Domani si dorme meritatamente un po&#8217; di pi\u00f9, ritrovo alle 11:00 per la gita sulla magnifica Jurassic Coast<\/p>\n\n\t\t\t<style type='text\/css'>\n\t\t\t\t#gallery-5 {\n\t\t\t\t\tmargin: auto;\n\t\t\t\t}\n\t\t\t\t#gallery-5 .gallery-item {\n\t\t\t\t\tfloat: left;\n\t\t\t\t\tmargin-top: 10px;\n\t\t\t\t\ttext-align: center;\n\t\t\t\t\twidth: 25%;\n\t\t\t\t}\n\t\t\t\t#gallery-5 img {\n\t\t\t\t\tborder: 2px solid #cfcfcf;\n\t\t\t\t}\n\t\t\t\t#gallery-5 .gallery-caption {\n\t\t\t\t\tmargin-left: 0;\n\t\t\t\t}\n\t\t\t\t\/* see gallery_shortcode() in wp-includes\/media.php *\/\n\t\t\t<\/style>\n\t\t<div id='gallery-5' class='dt-gallery-container gallery galleryid-286201 gallery-columns-4 gallery-size-thumbnail'><dl class='gallery-item'>\n\t\t\t\t<dt class='gallery-icon portrait'>\n\t\t\t\t\t<a class=\"rollover\" href='https:\/\/www.radiopiu.net\/wordpress\/diario-di-bordo-puntata-14qa\/c137275f-4c19-412a-844e-8d21fc2d7372\/'><img loading=\"lazy\" decoding=\"async\" width=\"150\" height=\"150\" src=\"https:\/\/www.radiopiu.net\/wordpress\/wp-content\/uploads\/2022\/07\/c137275f-4c19-412a-844e-8d21fc2d7372-150x150.jpg\" class=\"attachment-thumbnail size-thumbnail\" alt=\"\" \/><\/a>\n\t\t\t\t<\/dt><\/dl><dl class='gallery-item'>\n\t\t\t\t<dt class='gallery-icon landscape'>\n\t\t\t\t\t<a class=\"rollover\" href='https:\/\/www.radiopiu.net\/wordpress\/diario-di-bordo-puntata-14qa\/6d133cef-5421-4de4-90a9-4f1a1f46220e\/'><img loading=\"lazy\" decoding=\"async\" width=\"150\" height=\"150\" src=\"https:\/\/www.radiopiu.net\/wordpress\/wp-content\/uploads\/2022\/07\/6d133cef-5421-4de4-90a9-4f1a1f46220e-150x150.jpg\" class=\"attachment-thumbnail size-thumbnail\" alt=\"\" \/><\/a>\n\t\t\t\t<\/dt><\/dl><dl class='gallery-item'>\n\t\t\t\t<dt class='gallery-icon landscape'>\n\t\t\t\t\t<a class=\"rollover\" href='https:\/\/www.radiopiu.net\/wordpress\/diario-di-bordo-puntata-14qa\/ddb3ad89-69e0-4ac0-8975-dce4011c57aa\/'><img loading=\"lazy\" decoding=\"async\" width=\"150\" height=\"150\" src=\"https:\/\/www.radiopiu.net\/wordpress\/wp-content\/uploads\/2022\/07\/ddb3ad89-69e0-4ac0-8975-dce4011c57aa-150x150.jpg\" class=\"attachment-thumbnail size-thumbnail\" alt=\"\" \/><\/a>\n\t\t\t\t<\/dt><\/dl><dl class='gallery-item'>\n\t\t\t\t<dt class='gallery-icon portrait'>\n\t\t\t\t\t<a class=\"rollover\" href='https:\/\/www.radiopiu.net\/wordpress\/diario-di-bordo-puntata-14qa\/8ace6631-7c6b-4eef-9daa-bb88672592c1\/'><img loading=\"lazy\" decoding=\"async\" width=\"150\" height=\"150\" src=\"https:\/\/www.radiopiu.net\/wordpress\/wp-content\/uploads\/2022\/07\/8ace6631-7c6b-4eef-9daa-bb88672592c1-150x150.jpg\" class=\"attachment-thumbnail size-thumbnail\" alt=\"\" \/><\/a>\n\t\t\t\t<\/dt><\/dl><br style=\"clear: both\" \/>\n\t\t\t<\/div>\n\n<hr \/>\n<p>&nbsp;<\/p>\n<h2><span style=\"color: #ff0000;\">IERI ALLA RADIO<\/span><\/h2>\n<h2><strong><a class=\"dt-pswp-item\" href=\"https:\/\/www.radiopiu.net\/wordpress\/wp-content\/uploads\/2020\/12\/DON-GIORGIO-LISE.jpg\" data-dt-img-description=\"\" data-large_image_width=\"1600\" data-large_image_height=\"901\"><img loading=\"lazy\" decoding=\"async\" class=\"size-thumbnail wp-image-177420 alignleft\" src=\"https:\/\/www.radiopiu.net\/wordpress\/wp-content\/uploads\/2020\/12\/DON-GIORGIO-LISE-150x150.jpg\" alt=\"\" width=\"150\" height=\"150\" \/><\/a><\/strong><span style=\"color: #993300;\">DUE MINUTI PER TE<\/span><\/h2>\n<p><strong>APPUNTAMENTO DELLA DOMENICA CON MONSIGNOR GIORGIO LISE<\/strong><\/p>\n<audio class=\"wp-audio-shortcode\" id=\"audio-286201-7\" preload=\"none\" style=\"width: 100%;\" controls=\"controls\"><source type=\"audio\/mpeg\" src=\"https:\/\/www.radiopiu.net\/wordpress\/wp-content\/uploads\/2022\/07\/DON-GIORGIO-1.mp3?_=7\" \/><a href=\"https:\/\/www.radiopiu.net\/wordpress\/wp-content\/uploads\/2022\/07\/DON-GIORGIO-1.mp3\">https:\/\/www.radiopiu.net\/wordpress\/wp-content\/uploads\/2022\/07\/DON-GIORGIO-1.mp3<\/a><\/audio>\n<p>&nbsp;<\/p>\n<p>&nbsp;<\/p>\n<hr \/>\n<p>&nbsp;<\/p>\n<h2><span style=\"color: #ff00ff;\">GIROVAGANDO IN E-BIKE &#8211; SECONDA STAGIONE<\/span><\/h2>\n<p><strong class=\"photoswipe-wrapper\"><a class=\"dt-pswp-item\" href=\"https:\/\/www.radiopiu.net\/wordpress\/wp-content\/uploads\/2022\/07\/d33f8419-a190-4807-9460-00f83a74e468.jpg\" data-dt-img-description=\"\" data-large_image_width=\"2048\" data-large_image_height=\"1536\"><img loading=\"lazy\" decoding=\"async\" class=\"size-thumbnail wp-image-285670 alignleft\" src=\"https:\/\/www.radiopiu.net\/wordpress\/wp-content\/uploads\/2022\/07\/d33f8419-a190-4807-9460-00f83a74e468-150x150.jpg\" alt=\"\" width=\"150\" height=\"150\" \/><\/a>REDAZIONE<\/strong>\u00a0Tornano gli amici di Girovagando in E-Bike delle Dolomiti. Con la collaborazione di Thomas Soppelsa<\/p>\n<p><strong>PUNTATA DEL 6 LUGLIO 2022\u00a0<\/strong><\/p>\n<p>&nbsp;<\/p>\n<p>&nbsp;<\/p>\n<p>&nbsp;<\/p>\n<p><strong>AUDIO\u00a0 Thomas Soppera<\/strong><\/p>\n<audio class=\"wp-audio-shortcode\" id=\"audio-286201-8\" preload=\"none\" style=\"width: 100%;\" controls=\"controls\"><source type=\"audio\/mpeg\" src=\"https:\/\/www.radiopiu.net\/wordpress\/wp-content\/uploads\/2022\/07\/GIROVAGANDO.mp3?_=8\" \/><a href=\"https:\/\/www.radiopiu.net\/wordpress\/wp-content\/uploads\/2022\/07\/GIROVAGANDO.mp3\">https:\/\/www.radiopiu.net\/wordpress\/wp-content\/uploads\/2022\/07\/GIROVAGANDO.mp3<\/a><\/audio>\n<p>&nbsp;<\/p>\n<p><strong>LA RACCOLTA COMPLETA<\/strong><\/p>\n<blockquote class=\"wp-embedded-content\" data-secret=\"I2I8d0orYt\"><p><a href=\"https:\/\/www.radiopiu.net\/wordpress\/girovagando-in-e-bike-tra-le-dolomiti\/\">GIROVAGANDO IN E BIKE TRA LE DOLOMITI<\/a><\/p><\/blockquote>\n<p><iframe loading=\"lazy\" class=\"wp-embedded-content\" sandbox=\"allow-scripts\" security=\"restricted\" style=\"position: absolute; clip: rect(1px, 1px, 1px, 1px);\" title=\"&#8220;GIROVAGANDO IN E BIKE TRA LE DOLOMITI&#8221; &#8212; Radio Pi\u00f9\" src=\"https:\/\/www.radiopiu.net\/wordpress\/girovagando-in-e-bike-tra-le-dolomiti\/embed\/#?secret=QbRvI0ioLh#?secret=I2I8d0orYt\" data-secret=\"I2I8d0orYt\" width=\"600\" height=\"338\" frameborder=\"0\" marginwidth=\"0\" marginheight=\"0\" scrolling=\"no\"><\/iframe><\/p>\n<p>&nbsp;<\/p>\n<hr \/>\n<p>&nbsp;<\/p>\n<p>&nbsp;<\/p>\n<h2><span style=\"color: #008080;\">&#8220;DINTORN E FORA VIA&#8221; A CURA DEL MUSLA, IL NUOVO PROGRAMMA\u00a0 \u00a0<\/span><\/h2>\n<p>&nbsp;<\/p>\n<p><strong><a class=\"dt-pswp-item\" href=\"https:\/\/www.radiopiu.net\/wordpress\/wp-content\/uploads\/2022\/07\/2a7a97b4-5969-49b1-a5dc-389bf365d924.jpg\" data-dt-img-description=\"\" data-large_image_width=\"1350\" data-large_image_height=\"421\"><img loading=\"lazy\" decoding=\"async\" class=\"wp-image-285381 alignleft\" src=\"https:\/\/www.radiopiu.net\/wordpress\/wp-content\/uploads\/2022\/07\/2a7a97b4-5969-49b1-a5dc-389bf365d924.jpg\" alt=\"\" width=\"205\" height=\"64\" srcset=\"https:\/\/www.radiopiu.net\/wordpress\/wp-content\/uploads\/2022\/07\/2a7a97b4-5969-49b1-a5dc-389bf365d924.jpg 1350w, https:\/\/www.radiopiu.net\/wordpress\/wp-content\/uploads\/2022\/07\/2a7a97b4-5969-49b1-a5dc-389bf365d924-300x94.jpg 300w, https:\/\/www.radiopiu.net\/wordpress\/wp-content\/uploads\/2022\/07\/2a7a97b4-5969-49b1-a5dc-389bf365d924-1024x319.jpg 1024w, https:\/\/www.radiopiu.net\/wordpress\/wp-content\/uploads\/2022\/07\/2a7a97b4-5969-49b1-a5dc-389bf365d924-768x240.jpg 768w\" sizes=\"auto, (max-width: 205px) 100vw, 205px\" \/><\/a>PUNTATA DEL 05 LUGLIO 2022-\u00a0 NICOLA CASSISI<\/strong><\/p>\n<audio class=\"wp-audio-shortcode\" id=\"audio-286201-9\" preload=\"none\" style=\"width: 100%;\" controls=\"controls\"><source type=\"audio\/mpeg\" src=\"https:\/\/www.radiopiu.net\/wordpress\/wp-content\/uploads\/2022\/07\/MUSLA.mp3?_=9\" \/><a href=\"https:\/\/www.radiopiu.net\/wordpress\/wp-content\/uploads\/2022\/07\/MUSLA.mp3\">https:\/\/www.radiopiu.net\/wordpress\/wp-content\/uploads\/2022\/07\/MUSLA.mp3<\/a><\/audio>\n<p><strong>LA RACCOLTA COMPLETA<\/strong><\/p>\n<blockquote class=\"wp-embedded-content\" data-secret=\"ZUTtOwZIG3\"><p><a href=\"https:\/\/www.radiopiu.net\/wordpress\/musla\/\">MUSLA<\/a><\/p><\/blockquote>\n<p><iframe loading=\"lazy\" class=\"wp-embedded-content\" sandbox=\"allow-scripts\" security=\"restricted\" style=\"position: absolute; clip: rect(1px, 1px, 1px, 1px);\" title=\"&#8220;MUSLA&#8221; &#8212; Radio Pi\u00f9\" src=\"https:\/\/www.radiopiu.net\/wordpress\/musla\/embed\/#?secret=bM45ss35UB#?secret=ZUTtOwZIG3\" data-secret=\"ZUTtOwZIG3\" width=\"600\" height=\"338\" frameborder=\"0\" marginwidth=\"0\" marginheight=\"0\" scrolling=\"no\"><\/iframe><\/p>\n<h3><\/h3>\n<p>&nbsp;<\/p>\n<hr \/>\n<p>&nbsp;<\/p>\n<div>\n<div class=\"b654a4as d2edcug0\">\n<div class=\"rq0escxv hkbzh7o3 jwdofwj8 n8tt0mok r8blr3vg hyh9befq\">\n<p><a class=\"dt-pswp-item\" href=\"https:\/\/www.radiopiu.net\/wordpress\/wp-content\/uploads\/2020\/10\/pp.jpg\" data-dt-img-description=\"\" data-large_image_width=\"640\" data-large_image_height=\"640\"><img loading=\"lazy\" decoding=\"async\" class=\"wp-image-163678 alignleft\" src=\"https:\/\/www.radiopiu.net\/wordpress\/wp-content\/uploads\/2020\/10\/pp-300x300.jpg\" alt=\"\" width=\"106\" height=\"106\" srcset=\"https:\/\/www.radiopiu.net\/wordpress\/wp-content\/uploads\/2020\/10\/pp-300x300.jpg 300w, https:\/\/www.radiopiu.net\/wordpress\/wp-content\/uploads\/2020\/10\/pp-150x150.jpg 150w, https:\/\/www.radiopiu.net\/wordpress\/wp-content\/uploads\/2020\/10\/pp-125x125.jpg 125w, https:\/\/www.radiopiu.net\/wordpress\/wp-content\/uploads\/2020\/10\/pp-200x200.jpg 200w, https:\/\/www.radiopiu.net\/wordpress\/wp-content\/uploads\/2020\/10\/pp-80x80.jpg 80w, https:\/\/www.radiopiu.net\/wordpress\/wp-content\/uploads\/2020\/10\/pp-480x480.jpg 480w, https:\/\/www.radiopiu.net\/wordpress\/wp-content\/uploads\/2020\/10\/pp.jpg 640w\" sizes=\"auto, (max-width: 106px) 100vw, 106px\" \/><\/a><\/p>\n<\/div>\n<\/div>\n<\/div>\n<div>\n<div class=\"page-title-head hgroup\">\n<div class=\"page-title-head hgroup\">\n<div class=\"b654a4as d2edcug0\">\n<div class=\"j83agx80 btwxx1t3 lhclo0ds hop8lmos nkwizq5d scwd0bx6 roh60bw9\">\n<div class=\"rq0escxv hkbzh7o3 jwdofwj8 n8tt0mok r8blr3vg hyh9befq\">\n<div class=\"do00u71z l9j0dhe7 k4urcfbm\">\n<h2><span style=\"color: #000080;\">DON CESARE, IL PENSIERO DEL GIORNO. ALLA RADIO ALLE 7 DEL MATTINO E ALLE 19.30 DELLA SERA.\u00a0<\/span><\/h2>\n<p>&nbsp;<\/p>\n<\/div>\n<\/div>\n<\/div>\n<\/div>\n<\/div>\n<\/div>\n<\/div>\n<audio class=\"wp-audio-shortcode\" id=\"audio-286201-10\" preload=\"none\" style=\"width: 100%;\" controls=\"controls\"><source type=\"audio\/mpeg\" src=\"https:\/\/www.radiopiu.net\/wordpress\/wp-content\/uploads\/2022\/07\/CESARE-5.mp3?_=10\" \/><a href=\"https:\/\/www.radiopiu.net\/wordpress\/wp-content\/uploads\/2022\/07\/CESARE-5.mp3\">https:\/\/www.radiopiu.net\/wordpress\/wp-content\/uploads\/2022\/07\/CESARE-5.mp3<\/a><\/audio>\n<p>&nbsp;<\/p>\n<hr \/>\n<p>&nbsp;<\/p>\n<div class=\"do00u71z l9j0dhe7 k4urcfbm\">\n<div class=\"page-title-head hgroup\">\n<div class=\"page-title-head hgroup\">\n<div class=\"b654a4as d2edcug0\">\n<div class=\"j83agx80 btwxx1t3 lhclo0ds hop8lmos nkwizq5d scwd0bx6 roh60bw9\">\n<div class=\"rq0escxv hkbzh7o3 jwdofwj8 n8tt0mok r8blr3vg hyh9befq\">\n<div class=\"do00u71z l9j0dhe7 k4urcfbm\">\n<div class=\"page-title-head hgroup\">\n<div class=\"page-title-head hgroup\">\n<div class=\"b654a4as d2edcug0\">\n<div class=\"j83agx80 btwxx1t3 lhclo0ds hop8lmos nkwizq5d scwd0bx6 roh60bw9\">\n<div class=\"rq0escxv hkbzh7o3 jwdofwj8 n8tt0mok r8blr3vg hyh9befq\">\n<div class=\"do00u71z l9j0dhe7 k4urcfbm\">\n<div class=\"ecm0bbzt e5nlhep0 a8c37x1j\">\n<div class=\"kvgmc6g5 cxmmr5t8 oygrvhab hcukyx3x c1et5uql\">\n<div class=\"gmail-kvgmc6g5 gmail-cxmmr5t8 gmail-oygrvhab gmail-hcukyx3x gmail-c1et5uql gmail-ii04i59q\">\n<div class=\"page-title-head hgroup\">\n<div class=\"page-title-head hgroup\">\n<div class=\"b654a4as d2edcug0\">\n<div class=\"j83agx80 btwxx1t3 lhclo0ds hop8lmos nkwizq5d scwd0bx6 roh60bw9\">\n<div class=\"rq0escxv hkbzh7o3 jwdofwj8 n8tt0mok r8blr3vg hyh9befq\">\n<div class=\"do00u71z l9j0dhe7 k4urcfbm\">\n<div class=\"page-title-head hgroup\">\n<div class=\"page-title-head hgroup\">\n<div class=\"b654a4as d2edcug0\">\n<div class=\"j83agx80 btwxx1t3 lhclo0ds hop8lmos nkwizq5d scwd0bx6 roh60bw9\">\n<div class=\"rq0escxv hkbzh7o3 jwdofwj8 n8tt0mok r8blr3vg hyh9befq\">\n<div class=\"do00u71z l9j0dhe7 k4urcfbm\">\n<div class=\"page-title-head hgroup\">\n<div class=\"page-title-head hgroup\">\n<div class=\"b654a4as d2edcug0\">\n<div class=\"j83agx80 btwxx1t3 lhclo0ds hop8lmos nkwizq5d scwd0bx6 roh60bw9\">\n<div class=\"rq0escxv hkbzh7o3 jwdofwj8 n8tt0mok r8blr3vg hyh9befq\">\n<div class=\"do00u71z l9j0dhe7 k4urcfbm\">\n<div class=\"ecm0bbzt e5nlhep0 a8c37x1j\">\n<div class=\"kvgmc6g5 cxmmr5t8 oygrvhab hcukyx3x c1et5uql\">\n<div class=\"gmail-kvgmc6g5 gmail-cxmmr5t8 gmail-oygrvhab gmail-hcukyx3x gmail-c1et5uql gmail-ii04i59q\">\n<div class=\"page-title-head hgroup\">\n<div class=\"page-title-head hgroup\">\n<div class=\"b654a4as d2edcug0\">\n<div class=\"j83agx80 btwxx1t3 lhclo0ds hop8lmos nkwizq5d scwd0bx6 roh60bw9\">\n<div class=\"rq0escxv hkbzh7o3 jwdofwj8 n8tt0mok r8blr3vg hyh9befq\">\n<div class=\"do00u71z l9j0dhe7 k4urcfbm\">\n<blockquote>\n<h3><span style=\"color: #ff0000;\">IN VIVO VERSO,\u00a0 RIASCOLTIAMOLE DAL LUNEDI AL VENERDI ALLE 7.10, 10.10, 18 50<\/span><\/h3>\n<\/blockquote>\n<p><strong>LA RACCOLTA COMPLETA<\/strong><\/p>\n<p>&nbsp;<\/p>\n<p>&nbsp;<\/p>\n<blockquote class=\"wp-embedded-content\" data-secret=\"Q1FjXu9nLS\"><p><a href=\"https:\/\/www.radiopiu.net\/wordpress\/in-vivo-verso\/\">In Vivo Verso<\/a><\/p><\/blockquote>\n<p><iframe loading=\"lazy\" class=\"wp-embedded-content\" sandbox=\"allow-scripts\" security=\"restricted\" style=\"position: absolute; clip: rect(1px, 1px, 1px, 1px);\" title=\"&#8220;In Vivo Verso&#8221; &#8212; Radio Pi\u00f9\" src=\"https:\/\/www.radiopiu.net\/wordpress\/in-vivo-verso\/embed\/#?secret=B6K6obGTTN#?secret=Q1FjXu9nLS\" data-secret=\"Q1FjXu9nLS\" width=\"600\" height=\"338\" frameborder=\"0\" marginwidth=\"0\" marginheight=\"0\" scrolling=\"no\"><\/iframe><\/p>\n<p>&nbsp;<\/p>\n<hr \/>\n<p>&nbsp;<\/p>\n<p><span style=\"color: #0000ff;\">MUSICA PIU&#8217;\u00a0<\/span><\/p>\n<p><a href=\"https:\/\/www.radiopiu.net\/wordpress\/giornale-radiopiu-20-settembre-2021-direttore-mirko-mezzacasa\/pp-79\/\" rel=\"attachment wp-att-232921\"><img loading=\"lazy\" decoding=\"async\" class=\"wp-image-232921 alignleft\" src=\"https:\/\/www.radiopiu.net\/wordpress\/wp-content\/uploads\/2021\/09\/pp-1-300x300.jpg\" alt=\"\" width=\"135\" height=\"135\" srcset=\"https:\/\/www.radiopiu.net\/wordpress\/wp-content\/uploads\/2021\/09\/pp-1-300x300.jpg 300w, https:\/\/www.radiopiu.net\/wordpress\/wp-content\/uploads\/2021\/09\/pp-1-150x150.jpg 150w, https:\/\/www.radiopiu.net\/wordpress\/wp-content\/uploads\/2021\/09\/pp-1.jpg 640w\" sizes=\"auto, (max-width: 135px) 100vw, 135px\" \/><\/a><\/p>\n<div class=\"mkdf-post-text\">\n<div class=\"mkdf-post-text-inner\">\n<div class=\"mkdf-post-text-main\">\n<div class=\"mkdf-post-text\">\n<div class=\"mkdf-post-text-inner\">\n<div class=\"mkdf-post-text-main\">\n<div class=\"mkdf-post-text\">\n<div class=\"mkdf-post-text-inner\">\n<div class=\"mkdf-post-text-main\">\n<div class=\"page-title-head hgroup\">\n<div class=\"page-title-head hgroup\">\n<div class=\"mkdf-post-text\">\n<div class=\"mkdf-post-text-inner\">\n<div class=\"mkdf-post-text-main\">\n<div class=\"mkdf-post-text\">\n<div class=\"mkdf-post-text-inner\">\n<div class=\"mkdf-post-text-main\">\n<div class=\"page-title-head hgroup\">\n<div class=\"page-title-head hgroup\">\n<div class=\"page-title-head hgroup\">\n<div class=\"page-title-head hgroup\">\n<div class=\"b654a4as d2edcug0\">\n<div class=\"page-title-head hgroup\">\n<div class=\"page-title-head hgroup\">\n<div class=\"page-title-head hgroup\">\n<div class=\"page-title-head hgroup\">\n<div class=\"b654a4as d2edcug0\">\n<div class=\"page-title-head hgroup\">\n<div class=\"page-title-head hgroup\">\n<div class=\"page-title-head hgroup\">\n<div class=\"page-title-head hgroup\">\n<div class=\"b654a4as d2edcug0\">\n<div class=\"mkdf-post-text\">\n<div class=\"mkdf-post-text-inner\">\n<div class=\"mkdf-post-text-main\">\n<div class=\"mkdf-post-text\">\n<div class=\"mkdf-post-text-inner\">\n<div class=\"mkdf-post-text-main\">\n<div class=\"mkdf-post-text\">\n<div class=\"mkdf-post-text-inner\">\n<div class=\"mkdf-post-text-main\">\n<div class=\"page-title-head hgroup\">\n<div class=\"page-title-head hgroup\">\n<div class=\"mkdf-post-text\">\n<div class=\"mkdf-post-text-inner\">\n<div class=\"mkdf-post-text-main\">\n<div class=\"mkdf-post-text\">\n<div class=\"mkdf-post-text-inner\">\n<div class=\"mkdf-post-text-main\">\n<div class=\"page-title-head hgroup\">\n<div class=\"page-title-head hgroup\">\n<div class=\"page-title-head hgroup\">\n<div class=\"page-title-head hgroup\">\n<div class=\"b654a4as d2edcug0\">\n<div class=\"page-title-head hgroup\">\n<div class=\"page-title-head hgroup\">\n<div class=\"page-title-head hgroup\">\n<div class=\"page-title-head hgroup\">\n<div class=\"b654a4as d2edcug0\">\n<div class=\"page-title-head hgroup\">\n<div class=\"page-title-head hgroup\">\n<div class=\"page-title-head hgroup\">\n<div class=\"page-title-head hgroup\">\n<div class=\"b654a4as d2edcug0\">\n<div><\/div>\n<div><\/div>\n<div>\n<p><strong>MUSICA ALLA RADIO, IL PROGRAMMA DI LORIS SCUSSEL &#8220;COLLAGE OPERAZIONE NOSTALGIA&#8221; DAL LUNEDI AL VENERDI ALLE 16.00\u00a0 E ALLE 23\u00a0<\/strong><\/p>\n<\/div>\n<\/div>\n<p>&nbsp;<\/p>\n<p>&nbsp;<\/p>\n<p><strong><a class=\"dt-pswp-item\" href=\"https:\/\/www.radiopiu.net\/wordpress\/wp-content\/uploads\/2022\/07\/Juke-Box.jpg\" data-dt-img-description=\"\" data-large_image_width=\"345\" data-large_image_height=\"480\"><img loading=\"lazy\" decoding=\"async\" class=\" wp-image-286395 alignleft\" src=\"https:\/\/www.radiopiu.net\/wordpress\/wp-content\/uploads\/2022\/07\/Juke-Box-150x150.jpg\" alt=\"\" width=\"130\" height=\"130\" \/><\/a>di Loris Scussel<\/strong><\/p>\n<p>Anche questa settimana Collage riproporr\u00e0 dieci trasmissioni, partiremo con i successi dei nostri cantautori interpretati da voci di primo piano della scena musicale italiana poi, tra un brano e l\u2019altro, troveremo le canzoni in versione originale diventate poi cover di successo, le sigle delle trasmissioni Rai in bianco e nero, il Juke Box per chiudere la programmazione in bellezza con gli artisti di oltre oceano. Collage va in onda dal luned\u00ec al venerd\u00ec alle 16,00 e alle 23,00 naturalmente su Radio Pi\u00f9.<\/p>\n<p>&nbsp;<\/p>\n<div class=\"b654a4as d2edcug0\">\n<hr \/>\n<\/div>\n<\/div>\n<\/div>\n<\/div>\n<\/div>\n<\/div>\n<\/div>\n<\/div>\n<\/div>\n<\/div>\n<\/div>\n<\/div>\n<\/div>\n<\/div>\n<\/div>\n<\/div>\n<\/div>\n<\/div>\n<\/div>\n<\/div>\n<\/div>\n<\/div>\n<\/div>\n<\/div>\n<\/div>\n<\/div>\n<\/div>\n<\/div>\n<\/div>\n<\/div>\n<\/div>\n<\/div>\n<\/div>\n<\/div>\n<\/div>\n<\/div>\n<\/div>\n<\/div>\n<\/div>\n<\/div>\n<\/div>\n<\/div>\n<\/div>\n<\/div>\n<\/div>\n<\/div>\n<\/div>\n<\/div>\n<\/div>\n<\/div>\n<\/div>\n<\/div>\n<\/div>\n<\/div>\n<\/div>\n<\/div>\n<\/div>\n<\/div>\n<\/div>\n<\/div>\n<\/div>\n<\/div>\n<\/div>\n<\/div>\n<p>&nbsp;<\/p>\n<blockquote>\n<h3><span style=\"color: #0000ff;\">RADIO PIU INFORMAZIONE il canale su TELEGRAM informazione di prima mano e in tempo reale. iscriviti ed aiutaci a farlo conoscere\u00a0\u00a0<\/span><\/h3>\n<\/blockquote>\n<div>\n<div class=\"page-title-head hgroup\">\n<div class=\"page-title-head hgroup\">\n<div class=\"page-title-head hgroup\">\n<div class=\"page-title-head hgroup\">\n<div class=\"b654a4as d2edcug0\">\n<div class=\"page-title-head hgroup\">\n<div class=\"page-title-head hgroup\">\n<div class=\"page-title-head hgroup\">\n<div class=\"page-title-head hgroup\">\n<div class=\"b654a4as d2edcug0\">\n<div class=\"page-title-head hgroup\">\n<div class=\"page-title-head hgroup\">\n<div class=\"page-title-head hgroup\">\n<div class=\"page-title-head hgroup\">\n<div class=\"page-title-head hgroup\">\n<div class=\"page-title-head hgroup\">\n<div class=\"page-title-head hgroup\">\n<div class=\"page-title-head hgroup\">\n<div class=\"page-title-head hgroup\">\n<div class=\"b654a4as d2edcug0\">\n<div class=\"page-title-head hgroup\">\n<div class=\"page-title-head hgroup\">\n<div class=\"page-title-head hgroup\">\n<div class=\"page-title-head hgroup\">\n<div class=\"b654a4as d2edcug0\">\n<div><\/div>\n<div>\n<div class=\"page-title-head hgroup\">\n<div class=\"page-title-head hgroup\">\n<div class=\"page-title-head hgroup\">\n<div class=\"page-title-head hgroup\">\n<div class=\"page-title-head hgroup\">\n<div class=\"mkdf-post-text\">\n<div class=\"mkdf-post-text-inner\">\n<div class=\"mkdf-post-text-main\">\n<div class=\"mkdf-post-text\">\n<div class=\"mkdf-post-text-inner\">\n<div class=\"mkdf-post-text-main\">\n<div class=\"mkdf-post-text\">\n<div class=\"mkdf-post-text-inner\">\n<div class=\"mkdf-post-text-main\">\n<div class=\"page-title-head hgroup\">\n<div class=\"page-title-head hgroup\">\n<div class=\"mkdf-post-text\">\n<div class=\"mkdf-post-text-inner\">\n<div class=\"mkdf-post-text-main\">\n<div class=\"mkdf-post-text\">\n<div class=\"mkdf-post-text-inner\">\n<div class=\"mkdf-post-text-main\">\n<div class=\"page-title-head hgroup\">\n<div class=\"page-title-head hgroup\">\n<div class=\"page-title-head hgroup\">\n<div class=\"page-title-head hgroup\">\n<div class=\"b654a4as d2edcug0\">\n<div class=\"page-title-head hgroup\">\n<div class=\"page-title-head hgroup\">\n<div class=\"page-title-head hgroup\">\n<div class=\"page-title-head hgroup\">\n<div class=\"b654a4as d2edcug0\">\n<div class=\"page-title-head hgroup\">\n<div class=\"page-title-head hgroup\">\n<div class=\"page-title-head hgroup\">\n<p>&nbsp;<\/p>\n<div>\n<div class=\"page-title-head hgroup\">\n<div class=\"page-title-head hgroup\">\n<div class=\"b654a4as d2edcug0\">\n<div class=\"j83agx80 btwxx1t3 lhclo0ds hop8lmos nkwizq5d scwd0bx6 roh60bw9\">\n<div class=\"rq0escxv hkbzh7o3 jwdofwj8 n8tt0mok r8blr3vg hyh9befq\">\n<div class=\"do00u71z l9j0dhe7 k4urcfbm\">\n<div class=\"page-title-head hgroup\">\n<div class=\"page-title-head hgroup\">\n<div class=\"b654a4as d2edcug0\">\n<div class=\"j83agx80 btwxx1t3 lhclo0ds hop8lmos nkwizq5d scwd0bx6 roh60bw9\">\n<div class=\"rq0escxv hkbzh7o3 jwdofwj8 n8tt0mok r8blr3vg hyh9befq\">\n<div class=\"do00u71z l9j0dhe7 k4urcfbm\">\n<div class=\"ecm0bbzt e5nlhep0 a8c37x1j\">\n<div class=\"kvgmc6g5 cxmmr5t8 oygrvhab hcukyx3x c1et5uql\">\n<div class=\"gmail-kvgmc6g5 gmail-cxmmr5t8 gmail-oygrvhab gmail-hcukyx3x gmail-c1et5uql gmail-ii04i59q\">\n<div class=\"page-title-head hgroup\">\n<div class=\"page-title-head hgroup\">\n<div class=\"b654a4as d2edcug0\">\n<div class=\"j83agx80 btwxx1t3 lhclo0ds hop8lmos nkwizq5d scwd0bx6 roh60bw9\">\n<div class=\"rq0escxv hkbzh7o3 jwdofwj8 n8tt0mok r8blr3vg hyh9befq\">\n<div class=\"do00u71z l9j0dhe7 k4urcfbm\">\n<div class=\"page-title-head hgroup\">\n<div class=\"page-title-head hgroup\">\n<div class=\"b654a4as d2edcug0\">\n<div class=\"j83agx80 btwxx1t3 lhclo0ds hop8lmos nkwizq5d scwd0bx6 roh60bw9\">\n<div class=\"rq0escxv hkbzh7o3 jwdofwj8 n8tt0mok r8blr3vg hyh9befq\">\n<div class=\"do00u71z l9j0dhe7 k4urcfbm\">\n<div class=\"page-title-head hgroup\">\n<div class=\"page-title-head hgroup\">\n<div class=\"b654a4as d2edcug0\">\n<div class=\"j83agx80 btwxx1t3 lhclo0ds hop8lmos nkwizq5d scwd0bx6 roh60bw9\">\n<div class=\"rq0escxv hkbzh7o3 jwdofwj8 n8tt0mok r8blr3vg hyh9befq\">\n<div class=\"do00u71z l9j0dhe7 k4urcfbm\">\n<div class=\"ecm0bbzt e5nlhep0 a8c37x1j\">\n<div class=\"kvgmc6g5 cxmmr5t8 oygrvhab hcukyx3x c1et5uql\">\n<div class=\"gmail-kvgmc6g5 gmail-cxmmr5t8 gmail-oygrvhab gmail-hcukyx3x gmail-c1et5uql gmail-ii04i59q\">\n<div class=\"page-title-head hgroup\">\n<div class=\"page-title-head hgroup\">\n<div class=\"b654a4as d2edcug0\">\n<div class=\"j83agx80 btwxx1t3 lhclo0ds hop8lmos nkwizq5d scwd0bx6 roh60bw9\">\n<div class=\"rq0escxv hkbzh7o3 jwdofwj8 n8tt0mok r8blr3vg hyh9befq\">\n<div class=\"do00u71z l9j0dhe7 k4urcfbm\">\n<div class=\"page-title-head hgroup\">\n<div class=\"page-title-head hgroup\">\n<div class=\"page-title-head hgroup\">\n<div class=\"page-title-head hgroup\">\n<div class=\"b654a4as d2edcug0\">\n<div class=\"page-title-head hgroup\">\n<div class=\"page-title-head hgroup\">\n<div class=\"page-title-head hgroup\">\n<div class=\"page-title-head hgroup\">\n<div class=\"b654a4as d2edcug0\">\n<div class=\"page-title-head hgroup\">\n<div class=\"page-title-head hgroup\">\n<div class=\"page-title-head hgroup\">\n<div class=\"page-title-head hgroup\">\n<div class=\"page-title-head hgroup\">\n<div class=\"page-title-head hgroup\">\n<div class=\"page-title-head hgroup\">\n<div class=\"page-title-head hgroup\">\n<div class=\"page-title-head hgroup\">\n<div class=\"b654a4as d2edcug0\">\n<div class=\"page-title-head hgroup\">\n<div class=\"page-title-head hgroup\">\n<div class=\"page-title-head hgroup\">\n<div class=\"page-title-head hgroup\">\n<div class=\"b654a4as d2edcug0\">\n<div class=\"page-title-head hgroup\">\n<div class=\"page-title-head hgroup\">\n<div class=\"page-title-head hgroup\">\n<div class=\"page-title-head hgroup\">\n<div class=\"page-title-head hgroup\">\n<div class=\"mkdf-post-text\">\n<div class=\"mkdf-post-text-inner\">\n<div class=\"mkdf-post-text-main\">\n<div class=\"mkdf-post-text\">\n<div class=\"mkdf-post-text-inner\">\n<div class=\"mkdf-post-text-main\">\n<div class=\"mkdf-post-text\">\n<div class=\"mkdf-post-text-inner\">\n<div class=\"mkdf-post-text-main\">\n<div class=\"page-title-head hgroup\">\n<div class=\"page-title-head hgroup\">\n<div class=\"mkdf-post-text\">\n<div class=\"mkdf-post-text-inner\">\n<div class=\"mkdf-post-text-main\">\n<div class=\"mkdf-post-text\">\n<div class=\"mkdf-post-text-inner\">\n<div class=\"mkdf-post-text-main\">\n<div class=\"page-title-head hgroup\">\n<div class=\"page-title-head hgroup\">\n<div class=\"page-title-head hgroup\">\n<div class=\"page-title-head hgroup\">\n<div class=\"b654a4as d2edcug0\">\n<div class=\"page-title-head hgroup\">\n<div class=\"page-title-head hgroup\">\n<div class=\"page-title-head hgroup\">\n<div class=\"page-title-head hgroup\">\n<div class=\"b654a4as d2edcug0\">\n<div class=\"page-title-head hgroup\">\n<div class=\"page-title-head hgroup\">\n<div class=\"page-title-head hgroup\">\n<div class=\"page-title-head hgroup\">\n<div class=\"b654a4as d2edcug0\">\n<div class=\"ecm0bbzt e5nlhep0 a8c37x1j\">\n<div class=\"kvgmc6g5 cxmmr5t8 oygrvhab hcukyx3x c1et5uql\">\n<div class=\"gmail-kvgmc6g5 gmail-cxmmr5t8 gmail-oygrvhab gmail-hcukyx3x gmail-c1et5uql gmail-ii04i59q\">\n<div class=\"page-title-head hgroup\">\n<div class=\"page-title-head hgroup\">\n<div class=\"b654a4as d2edcug0\">\n<div class=\"j83agx80 btwxx1t3 lhclo0ds hop8lmos nkwizq5d scwd0bx6 roh60bw9\">\n<div class=\"rq0escxv hkbzh7o3 jwdofwj8 n8tt0mok r8blr3vg hyh9befq\">\n<div class=\"do00u71z l9j0dhe7 k4urcfbm\">\n<div class=\"page-title-head hgroup\">\n<div class=\"page-title-head hgroup\">\n<div class=\"page-title-head hgroup\">\n<div class=\"page-title-head hgroup\">\n<div class=\"b654a4as d2edcug0\">\n<div class=\"page-title-head hgroup\">\n<div class=\"page-title-head hgroup\">\n<div class=\"page-title-head hgroup\">\n<div class=\"page-title-head hgroup\">\n<div class=\"b654a4as d2edcug0\">\n<div class=\"page-title-head hgroup\">\n<div class=\"page-title-head hgroup\">\n<div class=\"page-title-head hgroup\">\n<div class=\"page-title-head hgroup\">\n<div class=\"page-title-head hgroup\">\n<div class=\"page-title-head hgroup\">\n<div class=\"page-title-head hgroup\">\n<div class=\"page-title-head hgroup\">\n<div class=\"page-title-head hgroup\">\n<div class=\"b654a4as d2edcug0\">\n<div class=\"page-title-head hgroup\">\n<div class=\"page-title-head hgroup\">\n<div class=\"page-title-head hgroup\">\n<div class=\"page-title-head hgroup\">\n<div class=\"b654a4as d2edcug0\">\n<div class=\"page-title-head hgroup\">\n<div class=\"page-title-head hgroup\">\n<div class=\"page-title-head hgroup\">\n<div class=\"page-title-head hgroup\">\n<div class=\"page-title-head hgroup\">\n<div class=\"mkdf-post-text\">\n<div class=\"mkdf-post-text-inner\">\n<div class=\"mkdf-post-text-main\">\n<div class=\"mkdf-post-text\">\n<div class=\"mkdf-post-text-inner\">\n<div class=\"mkdf-post-text-main\">\n<div class=\"mkdf-post-text\">\n<div class=\"mkdf-post-text-inner\">\n<div class=\"mkdf-post-text-main\">\n<div class=\"page-title-head hgroup\">\n<div class=\"page-title-head hgroup\">\n<div class=\"mkdf-post-text\">\n<div class=\"mkdf-post-text-inner\">\n<div class=\"mkdf-post-text-main\">\n<div class=\"mkdf-post-text\">\n<div class=\"mkdf-post-text-inner\">\n<div class=\"mkdf-post-text-main\">\n<div class=\"page-title-head hgroup\">\n<div class=\"page-title-head hgroup\">\n<div class=\"page-title-head hgroup\">\n<div class=\"page-title-head hgroup\">\n<div class=\"b654a4as d2edcug0\">\n<div class=\"page-title-head hgroup\">\n<div class=\"page-title-head hgroup\">\n<div class=\"page-title-head hgroup\">\n<div class=\"page-title-head hgroup\">\n<div class=\"b654a4as d2edcug0\">\n<div class=\"page-title-head hgroup\">\n<div class=\"page-title-head hgroup\">\n<div class=\"page-title-head hgroup\">\n<div class=\"page-title-head hgroup\">\n<div class=\"b654a4as d2edcug0\">\n<hr \/>\n<p>&nbsp;<\/p>\n<div>\n<p><strong>DUE MINUTI UN LIBRO, TUTTI I GIORNI ALLA RADIO ALLE 9.40 E ALLE 17.50\u00a0\u00a0<\/strong><\/p>\n<div>\n<div>\n<p><strong>LA RACCOLTA COMPLETA\u00a0\u00a0<\/strong><\/p>\n<\/div>\n<\/div>\n<\/div>\n<div class=\"mkdf-post-text\">\n<div class=\"mkdf-post-text-inner\">\n<div class=\"mkdf-post-text-main\">\n<div class=\"mkdf-post-text\">\n<div class=\"mkdf-post-text-inner\">\n<div class=\"mkdf-post-text-main\">\n<div class=\"mkdf-post-text\">\n<div class=\"mkdf-post-text-inner\">\n<div class=\"mkdf-post-text-main\">\n<div class=\"page-title-head hgroup\">\n<div class=\"page-title-head hgroup\">\n<div class=\"mkdf-post-text\">\n<div class=\"mkdf-post-text-inner\">\n<div class=\"mkdf-post-text-main\">\n<div class=\"mkdf-post-text\">\n<div class=\"mkdf-post-text-inner\">\n<div class=\"mkdf-post-text-main\">\n<div class=\"page-title-head hgroup\">\n<div class=\"page-title-head hgroup\">\n<div class=\"page-title-head hgroup\">\n<div class=\"page-title-head hgroup\">\n<div class=\"b654a4as d2edcug0\">\n<div class=\"page-title-head hgroup\">\n<div class=\"page-title-head hgroup\">\n<div class=\"page-title-head hgroup\">\n<div class=\"page-title-head hgroup\">\n<div class=\"b654a4as d2edcug0\">\n<div class=\"page-title-head hgroup\">\n<div class=\"page-title-head hgroup\">\n<div class=\"page-title-head hgroup\">\n<div class=\"page-title-head hgroup\">\n<div class=\"b654a4as d2edcug0\">\n<div>\n<blockquote class=\"wp-embedded-content\" data-secret=\"ZBgDYEsuYx\"><p><a href=\"https:\/\/www.radiopiu.net\/wordpress\/due-minuti-un-libro\/\">Due minuti un libro<\/a><\/p><\/blockquote>\n<p><iframe loading=\"lazy\" class=\"wp-embedded-content\" sandbox=\"allow-scripts\" security=\"restricted\" style=\"position: absolute; clip: rect(1px, 1px, 1px, 1px);\" title=\"&#8220;Due minuti un libro&#8221; &#8212; Radio Pi\u00f9\" src=\"https:\/\/www.radiopiu.net\/wordpress\/due-minuti-un-libro\/embed\/#?secret=zdhsziD2Zw#?secret=ZBgDYEsuYx\" data-secret=\"ZBgDYEsuYx\" width=\"600\" height=\"338\" frameborder=\"0\" marginwidth=\"0\" marginheight=\"0\" scrolling=\"no\"><\/iframe><\/p>\n<p>&nbsp;<\/p>\n<\/div>\n<div>\n<hr \/>\n<p>&nbsp;<\/p>\n<\/div>\n<h2><span style=\"color: #808000;\">L&#8217;ALMANACCO LADINO\u00a0<\/span><strong> \u00a0<\/strong><\/h2>\n<p><strong>LA RACCOLTA<\/strong><\/p>\n<blockquote class=\"wp-embedded-content\" data-secret=\"0uAsSC4pPo\"><p><a href=\"https:\/\/www.radiopiu.net\/wordpress\/almanacco-ladino\/\">Almanacco Ladino<\/a><\/p><\/blockquote>\n<p><iframe loading=\"lazy\" class=\"wp-embedded-content\" sandbox=\"allow-scripts\" security=\"restricted\" style=\"position: absolute; clip: rect(1px, 1px, 1px, 1px);\" title=\"&#8220;Almanacco Ladino&#8221; &#8212; Radio Pi\u00f9\" src=\"https:\/\/www.radiopiu.net\/wordpress\/almanacco-ladino\/embed\/#?secret=bRDseECMIa#?secret=0uAsSC4pPo\" data-secret=\"0uAsSC4pPo\" width=\"600\" height=\"338\" frameborder=\"0\" marginwidth=\"0\" marginheight=\"0\" scrolling=\"no\"><\/iframe><\/p>\n<p>&nbsp;<\/p>\n<hr \/>\n<p>&nbsp;<\/p>\n<h2><span style=\"color: #33cccc;\">LA RASSEGNA STAMPA DA L&#8217;AMICO DEL POPOLO<\/span><\/h2>\n<p>&nbsp;<\/p>\n<p><strong>LA RACCOLTA COMPLETA<\/strong><\/p>\n<blockquote class=\"wp-embedded-content\" data-secret=\"DTcpufH7Zb\"><p><a href=\"https:\/\/www.radiopiu.net\/wordpress\/rassegna-stampa-di-gianni-santomaso\/\">Rassegna stampa da l&#8217;amico del popolo &#8211; di Gianni Santomaso<\/a><\/p><\/blockquote>\n<p><iframe loading=\"lazy\" class=\"wp-embedded-content\" sandbox=\"allow-scripts\" security=\"restricted\" style=\"position: absolute; clip: rect(1px, 1px, 1px, 1px);\" title=\"&#8220;Rassegna stampa da l&#8217;amico del popolo &#8211; di Gianni Santomaso&#8221; &#8212; Radio Pi\u00f9\" src=\"https:\/\/www.radiopiu.net\/wordpress\/rassegna-stampa-di-gianni-santomaso\/embed\/#?secret=YshERtO70s#?secret=DTcpufH7Zb\" data-secret=\"DTcpufH7Zb\" width=\"600\" height=\"338\" frameborder=\"0\" marginwidth=\"0\" marginheight=\"0\" scrolling=\"no\"><\/iframe><\/p>\n<p>&nbsp;<\/p>\n<hr \/>\n<p>&nbsp;<\/p>\n<div>\n<div class=\"page-title-head hgroup\">\n<div class=\"page-title-head hgroup\">\n<div class=\"b654a4as d2edcug0\">\n<div class=\"j83agx80 btwxx1t3 lhclo0ds hop8lmos nkwizq5d scwd0bx6 roh60bw9\">\n<div class=\"rq0escxv hkbzh7o3 jwdofwj8 n8tt0mok r8blr3vg hyh9befq\">\n<div class=\"do00u71z l9j0dhe7 k4urcfbm\">\n<div class=\"ecm0bbzt e5nlhep0 a8c37x1j\">\n<div class=\"kvgmc6g5 cxmmr5t8 oygrvhab hcukyx3x c1et5uql\">\n<div class=\"gmail-kvgmc6g5 gmail-cxmmr5t8 gmail-oygrvhab gmail-hcukyx3x gmail-c1et5uql gmail-ii04i59q\">\n<div class=\"page-title-head hgroup\">\n<div class=\"page-title-head hgroup\">\n<div class=\"b654a4as d2edcug0\">\n<div class=\"j83agx80 btwxx1t3 lhclo0ds hop8lmos nkwizq5d scwd0bx6 roh60bw9\">\n<div class=\"rq0escxv hkbzh7o3 jwdofwj8 n8tt0mok r8blr3vg hyh9befq\">\n<div class=\"do00u71z l9j0dhe7 k4urcfbm\">\n<div class=\"page-title-head hgroup\">\n<div class=\"page-title-head hgroup\">\n<div class=\"page-title-head hgroup\">\n<div class=\"page-title-head hgroup\">\n<div class=\"b654a4as d2edcug0\">\n<div class=\"page-title-head hgroup\">\n<div class=\"page-title-head hgroup\">\n<div class=\"page-title-head hgroup\">\n<div class=\"page-title-head hgroup\">\n<div class=\"b654a4as d2edcug0\">\n<div class=\"page-title-head hgroup\">\n<div class=\"page-title-head hgroup\">\n<div class=\"page-title-head hgroup\">\n<div class=\"page-title-head hgroup\">\n<div class=\"page-title-head hgroup\">\n<div class=\"page-title-head hgroup\">\n<div class=\"page-title-head hgroup\">\n<div class=\"page-title-head hgroup\">\n<div class=\"page-title-head hgroup\">\n<div class=\"b654a4as d2edcug0\">\n<div class=\"page-title-head hgroup\">\n<div class=\"page-title-head hgroup\">\n<div class=\"page-title-head hgroup\">\n<div class=\"page-title-head hgroup\">\n<div class=\"b654a4as d2edcug0\">\n<div class=\"page-title-head hgroup\">\n<div class=\"page-title-head hgroup\">\n<div class=\"page-title-head hgroup\">\n<div class=\"page-title-head hgroup\">\n<div class=\"page-title-head hgroup\">\n<div class=\"mkdf-post-text\">\n<div class=\"mkdf-post-text-inner\">\n<div class=\"mkdf-post-text-main\">\n<div class=\"mkdf-post-text\">\n<div class=\"mkdf-post-text-inner\">\n<div class=\"mkdf-post-text-main\">\n<div class=\"mkdf-post-text\">\n<div class=\"mkdf-post-text-inner\">\n<div class=\"mkdf-post-text-main\">\n<div class=\"page-title-head hgroup\">\n<div class=\"page-title-head hgroup\">\n<div class=\"mkdf-post-text\">\n<div class=\"mkdf-post-text-inner\">\n<div class=\"mkdf-post-text-main\">\n<div class=\"mkdf-post-text\">\n<div class=\"mkdf-post-text-inner\">\n<div class=\"mkdf-post-text-main\">\n<div class=\"page-title-head hgroup\">\n<div class=\"page-title-head hgroup\">\n<div class=\"page-title-head hgroup\">\n<div class=\"page-title-head hgroup\">\n<div class=\"b654a4as d2edcug0\">\n<div class=\"page-title-head hgroup\">\n<div class=\"page-title-head hgroup\">\n<div class=\"page-title-head hgroup\">\n<div class=\"page-title-head hgroup\">\n<div class=\"b654a4as d2edcug0\">\n<div class=\"page-title-head hgroup\">\n<div class=\"page-title-head hgroup\">\n<div class=\"page-title-head hgroup\">\n<div class=\"page-title-head hgroup\">\n<div class=\"b654a4as d2edcug0\">\n<h2><span style=\"color: #800080;\">I RACCONTI DI PAOLO SOPPELSA\u00a0<\/span><\/h2>\n<p><strong>LA RACCOLTA COMPLETA<\/strong><\/p>\n<blockquote class=\"wp-embedded-content\" data-secret=\"34W05Ilh7U\"><p><a href=\"https:\/\/www.radiopiu.net\/wordpress\/i-racconti-di-paolo-soppelsa\/\">I racconti di Paolo Soppelsa<\/a><\/p><\/blockquote>\n<p><iframe loading=\"lazy\" class=\"wp-embedded-content\" sandbox=\"allow-scripts\" security=\"restricted\" style=\"position: absolute; clip: rect(1px, 1px, 1px, 1px);\" title=\"&#8220;I racconti di Paolo Soppelsa&#8221; &#8212; Radio Pi\u00f9\" src=\"https:\/\/www.radiopiu.net\/wordpress\/i-racconti-di-paolo-soppelsa\/embed\/#?secret=jVFjVxcac5#?secret=34W05Ilh7U\" data-secret=\"34W05Ilh7U\" width=\"600\" height=\"338\" frameborder=\"0\" marginwidth=\"0\" marginheight=\"0\" scrolling=\"no\"><\/iframe><\/p>\n<p>&nbsp;<\/p>\n<hr \/>\n<p>&nbsp;<\/p>\n<\/div>\n<\/div>\n<\/div>\n<\/div>\n<\/div>\n<\/div>\n<\/div>\n<\/div>\n<\/div>\n<\/div>\n<\/div>\n<\/div>\n<\/div>\n<\/div>\n<\/div>\n<\/div>\n<\/div>\n<\/div>\n<\/div>\n<\/div>\n<\/div>\n<\/div>\n<\/div>\n<\/div>\n<\/div>\n<\/div>\n<\/div>\n<\/div>\n<\/div>\n<\/div>\n<\/div>\n<\/div>\n<\/div>\n<\/div>\n<\/div>\n<\/div>\n<\/div>\n<\/div>\n<\/div>\n<\/div>\n<\/div>\n<\/div>\n<\/div>\n<\/div>\n<\/div>\n<\/div>\n<\/div>\n<\/div>\n<\/div>\n<\/div>\n<\/div>\n<\/div>\n<\/div>\n<\/div>\n<\/div>\n<\/div>\n<\/div>\n<\/div>\n<\/div>\n<\/div>\n<\/div>\n<\/div>\n<\/div>\n<\/div>\n<\/div>\n<\/div>\n<\/div>\n<\/div>\n<\/div>\n<\/div>\n<\/div>\n<\/div>\n<\/div>\n<\/div>\n<\/div>\n<\/div>\n<\/div>\n<\/div>\n<\/div>\n<\/div>\n<\/div>\n<\/div>\n<\/div>\n<\/div>\n<\/div>\n<\/div>\n<\/div>\n<\/div>\n<\/div>\n<\/div>\n<\/div>\n<\/div>\n<\/div>\n<\/div>\n<\/div>\n<\/div>\n<\/div>\n<\/div>\n<\/div>\n<\/div>\n<\/div>\n<\/div>\n<\/div>\n<\/div>\n<\/div>\n<\/div>\n<\/div>\n<\/div>\n<\/div>\n<\/div>\n<\/div>\n<div class=\"b654a4as d2edcug0\">\n<div class=\"ecm0bbzt e5nlhep0 a8c37x1j\">\n<div class=\"kvgmc6g5 cxmmr5t8 oygrvhab hcukyx3x c1et5uql\">\n<div class=\"gmail-kvgmc6g5 gmail-cxmmr5t8 gmail-oygrvhab gmail-hcukyx3x gmail-c1et5uql gmail-ii04i59q\">\n<div>\n<div class=\"page-title-head hgroup\">\n<div class=\"page-title-head hgroup\">\n<div class=\"b654a4as d2edcug0\">\n<div class=\"j83agx80 btwxx1t3 lhclo0ds hop8lmos nkwizq5d scwd0bx6 roh60bw9\">\n<div class=\"rq0escxv hkbzh7o3 jwdofwj8 n8tt0mok r8blr3vg hyh9befq\">\n<div class=\"do00u71z l9j0dhe7 k4urcfbm\">\n<div>\n<div class=\"page-title-head hgroup\">\n<div class=\"page-title-head hgroup\">\n<div class=\"page-title-head hgroup\">\n<div class=\"page-title-head hgroup\">\n<div class=\"b654a4as d2edcug0\">\n<div class=\"page-title-head hgroup\">\n<div class=\"page-title-head hgroup\">\n<div class=\"page-title-head hgroup\">\n<div class=\"page-title-head hgroup\">\n<div class=\"b654a4as d2edcug0\">\n<div class=\"page-title-head hgroup\">\n<div class=\"page-title-head hgroup\">\n<div class=\"page-title-head hgroup\">\n<div class=\"page-title-head hgroup\">\n<div class=\"page-title-head hgroup\">\n<div class=\"mkdf-post-text\">\n<div class=\"mkdf-post-text-inner\">\n<div class=\"mkdf-post-text-main\">\n<div class=\"mkdf-post-text\">\n<div class=\"mkdf-post-text-inner\">\n<div class=\"mkdf-post-text-main\">\n<div class=\"mkdf-post-text\">\n<div class=\"mkdf-post-text-inner\">\n<div class=\"mkdf-post-text-main\">\n<div class=\"page-title-head hgroup\">\n<div class=\"page-title-head hgroup\">\n<div class=\"mkdf-post-text\">\n<div class=\"mkdf-post-text-inner\">\n<div class=\"mkdf-post-text-main\">\n<div class=\"mkdf-post-text\">\n<div class=\"mkdf-post-text-inner\">\n<div class=\"mkdf-post-text-main\">\n<div>\n<div class=\"page-title-head hgroup\">\n<div class=\"page-title-head hgroup\">\n<div>\n<div class=\"page-title-head hgroup\">\n<div class=\"page-title-head hgroup\">\n<div class=\"b654a4as d2edcug0\">\n<div>\n<div class=\"page-title-head hgroup\" style=\"text-align: left;\">\n<div class=\"page-title-head hgroup\">\n<div dir=\"auto\">\n<p><a class=\"dt-pswp-item pspw-wrap-ready\" href=\"https:\/\/i0.wp.com\/www.radiopiu.net\/wordpress\/wp-content\/uploads\/2018\/09\/WhatsApp-Image-2018-09-20-at-16.04.06.jpeg?ssl=1\" data-dt-img-description=\"\" data-large_image_width=\"800\" data-large_image_height=\"100\"><img loading=\"lazy\" decoding=\"async\" class=\"aligncenter wp-image-61378 size-full jetpack-lazy-image jetpack-lazy-image--handled\" src=\"https:\/\/i0.wp.com\/www.radiopiu.net\/wordpress\/wp-content\/uploads\/2018\/09\/WhatsApp-Image-2018-09-20-at-16.04.06.jpeg?resize=800%2C100&amp;ssl=1\" sizes=\"auto, (max-width: 800px) 100vw, 800px\" srcset=\"https:\/\/i0.wp.com\/www.radiopiu.net\/wordpress\/wp-content\/uploads\/2018\/09\/WhatsApp-Image-2018-09-20-at-16.04.06.jpeg?w=800&amp;ssl=1 800w, https:\/\/i0.wp.com\/www.radiopiu.net\/wordpress\/wp-content\/uploads\/2018\/09\/WhatsApp-Image-2018-09-20-at-16.04.06.jpeg?resize=300%2C38&amp;ssl=1 300w, https:\/\/i0.wp.com\/www.radiopiu.net\/wordpress\/wp-content\/uploads\/2018\/09\/WhatsApp-Image-2018-09-20-at-16.04.06.jpeg?resize=768%2C96&amp;ssl=1 768w\" alt=\"\" width=\"800\" height=\"100\" data-lazy-loaded=\"1\" \/><\/a><\/p>\n<\/div>\n<\/div>\n<\/div>\n<\/div>\n<\/div>\n<\/div>\n<\/div>\n<\/div>\n<\/div>\n<\/div>\n<\/div>\n<\/div>\n<\/div>\n<\/div>\n<\/div>\n<\/div>\n<\/div>\n<\/div>\n<\/div>\n<\/div>\n<\/div>\n<\/div>\n<\/div>\n<\/div>\n<\/div>\n<\/div>\n<\/div>\n<\/div>\n<\/div>\n<\/div>\n<\/div>\n<\/div>\n<\/div>\n<\/div>\n<\/div>\n<\/div>\n<\/div>\n<\/div>\n<\/div>\n<\/div>\n<\/div>\n<\/div>\n<\/div>\n<\/div>\n<\/div>\n<\/div>\n<\/div>\n<\/div>\n<\/div>\n<\/div>\n<\/div>\n<\/div>\n<\/div>\n<\/div>\n<\/div>\n<\/div>\n<\/div>\n<\/div>\n<\/div>\n<\/div>\n<\/div>\n<\/div>\n<\/div>\n<\/div>\n<\/div>\n<\/div>\n<\/div>\n<\/div>\n<\/div>\n<\/div>\n<\/div>\n<\/div>\n<\/div>\n<\/div>\n<\/div>\n<\/div>\n<\/div>\n<\/div>\n<\/div>\n<\/div>\n<\/div>\n<\/div>\n<\/div>\n<\/div>\n<\/div>\n<\/div>\n<\/div>\n<\/div>\n<\/div>\n<\/div>\n<\/div>\n<\/div>\n<\/div>\n<\/div>\n<\/div>\n<\/div>\n<\/div>\n<\/div>\n<\/div>\n<\/div>\n<\/div>\n<\/div>\n<\/div>\n<\/div>\n<\/div>\n<\/div>\n<\/div>\n<\/div>\n<\/div>\n<\/div>\n<\/div>\n<\/div>\n<\/div>\n<\/div>\n<\/div>\n<\/div>\n<\/div>\n<\/div>\n<\/div>\n<\/div>\n<\/div>\n<\/div>\n<\/div>\n<\/div>\n<\/div>\n<\/div>\n<\/div>\n<\/div>\n<\/div>\n<\/div>\n<\/div>\n<\/div>\n<\/div>\n<\/div>\n<\/div>\n<\/div>\n<\/div>\n<\/div>\n<\/div>\n<\/div>\n<\/div>\n<\/div>\n<\/div>\n<\/div>\n<\/div>\n<\/div>\n<\/div>\n<\/div>\n<\/div>\n<\/div>\n<\/div>\n<\/div>\n<\/div>\n<\/div>\n<\/div>\n<\/div>\n<\/div>\n<\/div>\n<\/div>\n<\/div>\n<\/div>\n<\/div>\n<\/div>\n<\/div>\n<\/div>\n<\/div>\n<\/div>\n<\/div>\n<\/div>\n<\/div>\n<\/div>\n<\/div>\n<\/div>\n<\/div>\n<\/div>\n<\/div>\n<\/div>\n<\/div>\n<\/div>\n<\/div>\n<\/div>\n<\/div>\n<\/div>\n<\/div>\n<\/div>\n<\/div>\n<\/div>\n<\/div>\n<\/div>\n<\/div>\n<\/div>\n<\/div>\n<\/div>\n<\/div>\n<\/div>\n<\/div>\n<\/div>\n<\/div>\n<\/div>\n<\/div>\n<\/div>\n<\/div>\n<\/div>\n<\/div>\n<\/div>\n<\/div>\n<\/div>\n<\/div>\n<\/div>\n<\/div>\n<\/div>\n<\/div>\n<\/div>\n<\/div>\n<\/div>\n<\/div>\n<\/div>\n<\/div>\n<\/div>\n<\/div>\n<\/div>\n<\/div>\n<\/div>\n<\/div>\n<\/div>\n<\/div>\n<\/div>\n<\/div>\n<\/div>\n<\/div>\n<div style=\"text-align: left;\">\n<p><strong>\u00a0\u00a0<\/strong><\/p>\n<p><center><b>Lunedi 11<\/b><\/center><b>Tempo atteso: <\/b>Al mattino tempo soleggiato e stabile con cielo in prevalenza poco nuvoloso. Graduale aumento delle nuvolosit\u00e0 nel corso della mattinata specie nelle ore pi\u00f9 calde non escluso qualche breve e locale fenomeno nel pomeriggio; schiarite nella notte.<br \/>\n<b>Precipitazioni: <\/b>Al mattino assenti (0%); nel pomeriggio non \u00e8 del tutto esclusa (10-25%) qualche precipitazione anche con qualche rovescio o temporale.<br \/>\n<b>Temperature: <\/b>Minime nelle valli senza notevoli variazioni, in lieve o contenuto calo in alta montagna, massime in lieve calo nelle valli, variazioni locali in alta montagna con clima di stampo estivo e valori termici prossimi alla norma. Su Prealpi a 1500 m min 9\u00b0, max 16\u00b0; a 2000 m min 6\u00b0, max 13\u00b0. Su Dolomiti a 2000 m min 1\u00b0, max 6\u00b0; a 3000 m min 0\u00b0, max 6\u00b0C.<br \/>\n<b>Venti: <\/b>Nelle valli deboli al mattino in moderato rinforzo per brezze dalle ore centrali; in quota ancora da nord ovest, moderati o tesi anche forti sulle cime dolomitiche, a 10-25 km\/h a 2000 m e a 25-35 km\/h a 3000 m.<\/p>\n<hr \/>\n<p><center><b>Martedi 12<\/b><\/center><b>Tempo atteso: <\/b>Tempo estivo, al mattino stabile e soleggiato sulle Dolomiti parzialmente soleggiato in alcune valli prealpine per nubi basse. Nelle ore pi\u00f9 calde probabili addensamenti cumuliformi, specie lungo i pendii dei rilievi, ma con precipitazioni generalmente assenti, salvo modesti, sporadici e brevi fenomeni.<br \/>\n<b>Precipitazioni: <\/b>Assenti (0%) al mattino; probabilit\u00e0 molto bassa (0-5%) di occasionali e locali precipitazioni, perlopi\u00f9 piovaschi lungo qualche pendio.<br \/>\n<b>Temperature: <\/b>In lieve o contenuto aumento le minime, specie in quota, massime perlopi\u00f9 stazionarie e ancora prossime alla norma. Su Prealpi a 1500 m min 11\u00b0, max 16\u00b0; a 2000 m min 8\u00b0, max 14\u00b0. Su Dolomiti a 2000 m min 7\u00b0, max 16\u00b0; a 3000 m min 0\u00b0, max 6\u00b0C.<br \/>\n<b>Venti: <\/b>Nelle valli deboli al mattino in moderato rinforzo per brezze dalle ore centrali, in alta montagna in prevalenza moderati, tesi anche forti sulle vette dolomitiche ancora da nord-ovest, a 5-15 km\/h a 2000 m e a 25-40 km\/h a 3000 m.<\/p>\n<hr \/>\n<p><center><b>Mercoledi 13<\/b><\/center>Giornata tipicamente estiva e un po&#8217; pi\u00f9 calda rispetto ai giorni precedenti specie nelle ore diurne e in quota; soleggiato al mattino pi\u00f9 variabile con schiarite e annuvolamenti specie dalle ore centrali. Temperature minime ancora senza variazioni di rilievo, massime in aumento anche sensibile, soprattutto in alta montagna. Venti in quota moderati da nord.<\/p>\n<hr \/>\n<p><center><b>Giovedi 14<\/b><\/center>Giornata soleggiata, specie al mattino, e pi\u00f9 calda dei giorni precedenti; nel pomeriggio pi\u00f9 nuvolosa e non si esclude qualche precipitazione perlopi\u00f9 locale, anche a carattere di rovescio o temporale. Temperature in aumento con valori superiori alla norma. Venti in quota deboli o moderati, temporaneamente dai quadranti occidentali. Previsore: M.Padoan<\/p>\n<p>&nbsp;<\/p>\n<\/div>\n<hr \/>\n<p>&nbsp;<\/p>\n<p>&nbsp;<\/p>\n<p><a href=\"https:\/\/www.radiopiu.net\/wordpress\/giornale-radiopiu-26-settembre-2018-direttore-mirko-mezzacasa\/viabilita-2\/\" rel=\"attachment wp-att-61954\"><img loading=\"lazy\" decoding=\"async\" class=\"aligncenter wp-image-61954 size-full\" src=\"https:\/\/www.radiopiu.net\/wordpress\/wp-content\/uploads\/2018\/09\/viabilita.jpeg\" sizes=\"auto, (max-width: 800px) 100vw, 800px\" srcset=\"https:\/\/www.radiopiu.net\/wordpress\/wp-content\/uploads\/2018\/09\/viabilita.jpeg 800w, https:\/\/www.radiopiu.net\/wordpress\/wp-content\/uploads\/2018\/09\/viabilita-300x38.jpeg 300w, https:\/\/www.radiopiu.net\/wordpress\/wp-content\/uploads\/2018\/09\/viabilita-768x96.jpeg 768w\" alt=\"\" width=\"800\" height=\"100\" \/><\/a><\/p>\n<p>&nbsp;<\/p>\n<blockquote class=\"wp-embedded-content\" data-secret=\"bdUDBhwElL\"><p><a href=\"https:\/\/www.radiopiu.net\/wordpress\/viabilita\/\">viabilita<\/a><\/p><\/blockquote>\n<p><iframe loading=\"lazy\" class=\"wp-embedded-content\" sandbox=\"allow-scripts\" security=\"restricted\" style=\"position: absolute; clip: rect(1px, 1px, 1px, 1px);\" title=\"&#8220;viabilita&#8221; &#8212; Radio Pi\u00f9\" src=\"https:\/\/www.radiopiu.net\/wordpress\/viabilita\/embed\/#?secret=Z2jEu2rWOB#?secret=bdUDBhwElL\" data-secret=\"bdUDBhwElL\" width=\"600\" height=\"338\" frameborder=\"0\" marginwidth=\"0\" marginheight=\"0\" scrolling=\"no\"><\/iframe><\/p>\n<p>&nbsp;<\/p>\n<hr \/>\n<p>&nbsp;<\/p>\n<p>&nbsp;<\/p>\n<p><img loading=\"lazy\" decoding=\"async\" class=\"wp-image-60761 size-full aligncenter\" src=\"https:\/\/www.radiopiu.net\/wordpress\/wp-content\/uploads\/2018\/09\/sport.jpg\" alt=\"\" width=\"800\" height=\"100\" srcset=\"https:\/\/www.radiopiu.net\/wordpress\/wp-content\/uploads\/2018\/09\/sport.jpg 800w, https:\/\/www.radiopiu.net\/wordpress\/wp-content\/uploads\/2018\/09\/sport-300x38.jpg 300w, https:\/\/www.radiopiu.net\/wordpress\/wp-content\/uploads\/2018\/09\/sport-768x96.jpg 768w\" sizes=\"auto, (max-width: 800px) 100vw, 800px\" \/><\/p>\n<p>&nbsp;<\/p>\n<p><span style=\"color: #0000ff;\"><strong>CALCIO<\/strong><\/span><\/p>\n<blockquote>\n<h3>IL CANALE RAGGIUNGE IL VOLTAGO AI QUARTI, LOTTA APERTA PER LE ALTRE SQUADRE. ALLEGHE FUORI DAI GIOCHI<\/h3>\n<\/blockquote>\n<p><strong><a class=\"dt-pswp-item\" href=\"https:\/\/www.radiopiu.net\/wordpress\/wp-content\/uploads\/2019\/01\/CALCIO-GOL.jpg\" data-dt-img-description=\"\" data-large_image_width=\"800\" data-large_image_height=\"400\"><img loading=\"lazy\" decoding=\"async\" class=\"size-thumbnail wp-image-73083 alignleft\" src=\"https:\/\/www.radiopiu.net\/wordpress\/wp-content\/uploads\/2019\/01\/CALCIO-GOL-150x150.jpg\" alt=\"\" width=\"150\" height=\"150\" \/><\/a>REDAZIONE <\/strong>Primi verdetti per il Memorial Denis Tonin. Dopo la matematica qualificazione del Voltago nel girone A, anche il Canale si aggiudica matematicamente la fase finale del torneo. Tutte le altre compagini si giocheranno la qualificazione nel prossimo turno del Campionato Agordino. Il Taibon cala il poker con il La Valle, lavallesi che per non rimanere fuori dai giochi devono vincere le prossime due partite e sperare in un passo falso del Le Ville che per\u00f2 a Gosaldo ha incamerato 3 punti contro una formazione che aveva vinto le prime 3 partite. Intanto torna in gioco il Vallada che, dopo aver battuto l\u2019Agordo 2009, ha ancora qualche speranza di accedere ai quarti. Nel girone B pari e patta tra Canale e Cencenighe. Colpaccio del Caprile che vince a Cernadoi contro il Fodom. A Boscoverde il Rivamonte vince la prima partita della stagione e lascia l\u2019Alleghe fuori dai giochi con una giornata di anticipo.<\/p>\n<p>&nbsp;<\/p>\n<p><strong>I RISULTATI.<\/strong> Girone A: Taibon \u2013 La Valle 4-1, Vallada \u2013 Agordo 2009 3-0, Gosaldo \u2013 Le Ville 0-1. Ha riposato il Voltago.<\/p>\n<p>Girone B: Alleghe \u2013 Rivamonte 0-3, Fodom \u2013 Caprile 1-2, Canale \u2013 Cencenighe 2-2.<\/p>\n<p>&nbsp;<\/p>\n<p><strong>LA CLASSIFICA:<\/strong> Girone A: Voltago 10, Gosaldo e Taibon 9, Le Ville 6, Agordo 2009 e Vallada 4,La Valle 1.<\/p>\n<p>Girone B: Canale 8, Fodom Caprile e Cencenighe 7, Rivamonte 4, Alleghe 0<\/p>\n<p><strong>LE PROSSIME PARTITE.<\/strong> Girone A: mercoled\u00ec il recupero della quarta giornata, alle 19 a Taibon Agordo 2009 \u2013 Le Ville, alle 19:30 Voltago \u2013 Taibon, alle 20 La Valle \u2013 Gosaldo. Riposa il Vallada. Domenica alle 16 La Valle \u2013 Agordo 2009, Vallada \u2013 Le Ville e Voltago \u2013 Gosaldo. Riposa il Taibon Girone B: domenica alle 16 Canale \u2013 Caprile, Fodom \u2013 Alleghe e Cencenighe \u2013 Rivamonte.<\/p>\n<p>&nbsp;<\/p>\n<p><strong>LA QUINTA GIORNATA CAMPIONATO AGORDINO GIOVANILE<\/strong><\/p>\n<p><strong>REDAZIONE <\/strong>Dopo il turno infrasettimanale dove Fodom, Taibon e Canale hanno incamerato 3 punti, sabato pomeriggio \u00e8 andata in scena la quinta giornata del Campionato Agordino under 14. Un turno carico di gol e che regala al Canale la matematica qualificazione alla fase finale, fuori dai giochi il Le Ville con due giornate di anticipo. Al \u201cCesare Scatena\u201c di Taibon il Canale esce vincente rifilando 6 gol ai padroni di casa. Tripletta di Alex Rossi e gol di Stefano Polato, Efrem Valt e Giacomo Xaiz. Il La Valle, dopo la sconfitta in casa con i canalini di mercoled\u00ec, torna dalla trasferta di Boscoverde con tre punti importanti. Lavallesi che calano il poker contro il Caprile grazie ai gol di Gioele Rossi, Leonardo Favero, Christian Rosson e Patrick Lena. Ennesima sconfitta per il Le Ville, contro il Cencenighe la squadra di Agordo crolla e lascia una parteria agli avversari che vanno a segno 7 volte con la tripletta di Ilario Farenzena e le doppiette di Marek Chenet e Lorenzo Soppelsa.<\/p>\n<p><strong>RISULTATI<\/strong> Le Ville \u2013 Cencenighe 0-7, Caprile \u2013 La Valle 0-4, Taibon \u2013 Canale 0-6. Ha riposato il Fodom<\/p>\n<p><strong>CLASSIFICA<\/strong> Canale 12, La Valle 9, Cencenighe e Taibon 6, Fodom 4, Caprile 3, Le Ville 0<\/p>\n<p><strong>PROSSIMO TURNO<\/strong> sabato alle 16 Taibon \u2013 Caprile, Fodom \u2013 Le Ville e Canale \u2013 Cencenighe. Riposa il La Valle.<\/p>\n<p>&nbsp;<\/p>\n<h2><span style=\"color: #008000;\"><a class=\"dt-pswp-item\" href=\"https:\/\/www.radiopiu.net\/wordpress\/wp-content\/uploads\/2019\/01\/CALCIO-FALLO.jpeg\" data-dt-img-description=\"\" data-large_image_width=\"1600\" data-large_image_height=\"848\"><img loading=\"lazy\" decoding=\"async\" class=\" wp-image-71538 alignleft\" src=\"https:\/\/www.radiopiu.net\/wordpress\/wp-content\/uploads\/2019\/01\/CALCIO-FALLO-150x150.jpeg\" alt=\"\" width=\"74\" height=\"74\" \/><\/a>SPECIALE CAMPIONATO AGORDINO<\/span><\/h2>\n<p><strong>\u00a0<\/strong><\/p>\n<p><strong>\u00a0<\/strong><\/p>\n<p><strong>RIASCOLTA OTTANTESIMO MINUTO &#8211; QUINTA PUNTATA<\/strong><\/p>\n<audio class=\"wp-audio-shortcode\" id=\"audio-286201-11\" preload=\"none\" style=\"width: 100%;\" controls=\"controls\"><source type=\"audio\/mpeg\" src=\"https:\/\/www.radiopiu.net\/wordpress\/wp-content\/uploads\/2022\/07\/80MIN.mp3?_=11\" \/><a href=\"https:\/\/www.radiopiu.net\/wordpress\/wp-content\/uploads\/2022\/07\/80MIN.mp3\">https:\/\/www.radiopiu.net\/wordpress\/wp-content\/uploads\/2022\/07\/80MIN.mp3<\/a><\/audio>\n<p>&nbsp;<\/p>\n<p><strong>RIASCOLTA CAMPIONATO AGORDINO SHOW &#8211; QUARTA PUNTATA (LA SINTESI)<\/strong><\/p>\n<audio class=\"wp-audio-shortcode\" id=\"audio-286201-12\" preload=\"none\" style=\"width: 100%;\" controls=\"controls\"><source type=\"audio\/mpeg\" src=\"https:\/\/www.radiopiu.net\/wordpress\/wp-content\/uploads\/2022\/07\/AGOS.mp3?_=12\" \/><a href=\"https:\/\/www.radiopiu.net\/wordpress\/wp-content\/uploads\/2022\/07\/AGOS.mp3\">https:\/\/www.radiopiu.net\/wordpress\/wp-content\/uploads\/2022\/07\/AGOS.mp3<\/a><\/audio>\n<p>&nbsp;<\/p>\n<hr \/>\n<p>&nbsp;<\/p>\n<p><span style=\"color: #0000ff;\"><strong>PALLAVOLO<\/strong><\/span><\/p>\n<blockquote>\n<h3>PUBBLICATI I GIRONI DELLA SERIE A3, AL VIA IL VOLLEY MERCATO<\/h3>\n<\/blockquote>\n<p><strong><a class=\"dt-pswp-item\" href=\"https:\/\/www.radiopiu.net\/wordpress\/wp-content\/uploads\/2022\/07\/Spes_Arena_durante_un_match.jpg\" data-dt-img-description=\"\" data-large_image_width=\"1440\" data-large_image_height=\"960\"><img loading=\"lazy\" decoding=\"async\" class=\" wp-image-286253 alignleft\" src=\"https:\/\/www.radiopiu.net\/wordpress\/wp-content\/uploads\/2022\/07\/Spes_Arena_durante_un_match-150x150.jpg\" alt=\"\" width=\"113\" height=\"113\" \/><\/a>BELLUNO <\/strong>Sono stati pubblicati i due gironi di Serie A3 Credem Banca, in vista della prossima e ormai imminente stagione. La Da Rold Logistics Belluno rimane nel raggruppamento associato al colore bianco. Rispetto alla scorsa annata, le novit\u00e0 in termini di squadre sono quattro: Stadium Pallavolo Mirandola, TMB Monselice, WiMORE Parma ed ErmGroup San Giustino.<span class=\"gmail-Apple-converted-space\"> Nel frattempo, torna il Volley Mercato: da marted\u00ec 19 a gioved\u00ec 21 luglio, verr\u00e0 riproposto il classico appuntamento estivo della Serie A Credem Banca, fermato dal Covid nelle ultime edizioni. A fare da teatro alle trattative sar\u00e0 lo Zanhotel &amp; Meeting Centergross a Bentivoglio, alle porte di Bologna.\u00a0\u00a0<\/span><\/p>\n<\/div>\n<\/div>\n<\/div>\n<\/div>\n<\/div>\n<\/div>\n<\/div>\n<\/div>\n<\/div>\n<\/div>\n<\/div>\n<\/div>\n<\/div>\n<\/div>\n<\/div>\n<\/div>\n<\/div>\n<\/div>\n<\/div>\n<\/div>\n<\/div>\n<\/div>\n<\/div>\n<\/div>\n<\/div>\n<\/div>\n<\/div>\n<\/div>\n<\/div>\n<\/div>\n<\/div>\n<\/div>\n<\/div>\n<\/div>\n<\/div>\n<\/div>\n<\/div>\n<\/div>\n<\/div>\n<\/div>\n<\/div>\n<\/div>\n<\/div>\n<\/div>\n<\/div>\n<\/div>\n<\/div>\n<\/div>\n<\/div>\n<\/div>\n<\/div>\n<\/div>\n<\/div>\n<\/div>\n<\/div>\n<\/div>\n<\/div>\n<\/div>\n<\/div>\n<\/div>\n<\/div>\n<\/div>\n<\/div>\n<\/div>\n<\/div>\n<\/div>\n<\/div>\n<\/div>\n<\/div>\n<\/div>\n<\/div>\n<\/div>\n<\/div>\n<\/div>\n<\/div>\n<\/div>\n<\/div>\n<\/div>\n<\/div>\n<\/div>\n<\/div>\n<\/div>\n<\/div>\n<\/div>\n<\/div>\n<\/div>\n<\/div>\n<\/div>\n<\/div>\n<\/div>\n<\/div>\n<\/div>\n<\/div>\n<\/div>\n<\/div>\n<\/div>\n<\/div>\n<\/div>\n<\/div>\n<\/div>\n<\/div>\n<\/div>\n<\/div>\n<\/div>\n<\/div>\n","protected":false},"excerpt":{"rendered":"<p>RADIO PIU INFORMAZIONE il canale su TELEGRAM informazione di prima\u00a0 mano e in tempo reale. iscriviti ed aiutaci a farlo conoscere\u00a0 &nbsp; POTABILE L&#8217;ACQUA A SAN TOMASO E LIVINALLONGO Gestione Servizi Pubblici informa che a SAN TOMASO AGORDINO nelle localit\u00e0 CELAT,CHIEA,TOCOL, FONTANELLE e COL ZARESE l&#8217;acqua erogata dall&#8217;acquedotto \u00e8 di nuovo potabile e pu\u00f2 essere&hellip;<\/p>\n","protected":false},"author":4,"featured_media":286292,"comment_status":"closed","ping_status":"closed","sticky":false,"template":"","format":"standard","meta":{"_monsterinsights_skip_tracking":false,"_monsterinsights_sitenote_active":false,"_monsterinsights_sitenote_note":"","_monsterinsights_sitenote_category":0,"footnotes":""},"categories":[51,86,49],"tags":[],"class_list":["post-286201","post","type-post","status-publish","format-standard","has-post-thumbnail","hentry","category-evidenza-top","category-gr","category-news-18","category-51","category-86","category-49","description-off"],"img_url":"https:\/\/www.radiopiu.net\/wordpress\/wp-content\/uploads\/2022\/07\/05ac3306-8b95-4be3-9e44-68501c3e25d0.jpg","_links":{"self":[{"href":"https:\/\/www.radiopiu.net\/wordpress\/wp-json\/wp\/v2\/posts\/286201","targetHints":{"allow":["GET"]}}],"collection":[{"href":"https:\/\/www.radiopiu.net\/wordpress\/wp-json\/wp\/v2\/posts"}],"about":[{"href":"https:\/\/www.radiopiu.net\/wordpress\/wp-json\/wp\/v2\/types\/post"}],"author":[{"embeddable":true,"href":"https:\/\/www.radiopiu.net\/wordpress\/wp-json\/wp\/v2\/users\/4"}],"replies":[{"embeddable":true,"href":"https:\/\/www.radiopiu.net\/wordpress\/wp-json\/wp\/v2\/comments?post=286201"}],"version-history":[{"count":0,"href":"https:\/\/www.radiopiu.net\/wordpress\/wp-json\/wp\/v2\/posts\/286201\/revisions"}],"wp:featuredmedia":[{"embeddable":true,"href":"https:\/\/www.radiopiu.net\/wordpress\/wp-json\/wp\/v2\/media\/286292"}],"wp:attachment":[{"href":"https:\/\/www.radiopiu.net\/wordpress\/wp-json\/wp\/v2\/media?parent=286201"}],"wp:term":[{"taxonomy":"category","embeddable":true,"href":"https:\/\/www.radiopiu.net\/wordpress\/wp-json\/wp\/v2\/categories?post=286201"},{"taxonomy":"post_tag","embeddable":true,"href":"https:\/\/www.radiopiu.net\/wordpress\/wp-json\/wp\/v2\/tags?post=286201"}],"curies":[{"name":"wp","href":"https:\/\/api.w.org\/{rel}","templated":true}]}}