{"id":286338,"date":"2022-07-09T17:10:10","date_gmt":"2022-07-09T15:10:10","guid":{"rendered":"https:\/\/www.radiopiu.net\/wordpress\/?p=286338"},"modified":"2022-07-09T17:10:10","modified_gmt":"2022-07-09T15:10:10","slug":"il-tramonto-a-passo-duran","status":"publish","type":"post","link":"https:\/\/www.radiopiu.net\/wordpress\/il-tramonto-a-passo-duran\/","title":{"rendered":"IL TRAMONTO A PASSO DURAN"},"content":{"rendered":"<p><strong>LA VALLE<\/strong> Riceviamo e pubblichiamo una foto di Tiziano De Col scattata nella serata di venerd\u00ec al Passo Duran. Erano circa le 19:30 quando \u00e8 stata scattata l&#8217;immagine in localit\u00e0 Piar. &#8220;<em>In controluce usando il tronco di un larice come punto d&#8217;ombra<\/em>&#8221;<\/p>\n<p><a class=\"dt-pswp-item\" href=\"https:\/\/www.radiopiu.net\/wordpress\/wp-content\/uploads\/2022\/07\/27d4f6d4-767a-4f82-aeec-c42943bc402f.jpg\" data-dt-img-description=\"\" data-large_image_width=\"2048\" data-large_image_height=\"1536\"><img loading=\"lazy\" decoding=\"async\" class=\"alignnone wp-image-286339 size-large\" src=\"https:\/\/www.radiopiu.net\/wordpress\/wp-content\/uploads\/2022\/07\/27d4f6d4-767a-4f82-aeec-c42943bc402f-1024x768.jpg\" alt=\"\" width=\"1024\" height=\"768\" srcset=\"https:\/\/www.radiopiu.net\/wordpress\/wp-content\/uploads\/2022\/07\/27d4f6d4-767a-4f82-aeec-c42943bc402f-1024x768.jpg 1024w, https:\/\/www.radiopiu.net\/wordpress\/wp-content\/uploads\/2022\/07\/27d4f6d4-767a-4f82-aeec-c42943bc402f-300x225.jpg 300w, https:\/\/www.radiopiu.net\/wordpress\/wp-content\/uploads\/2022\/07\/27d4f6d4-767a-4f82-aeec-c42943bc402f-768x576.jpg 768w, https:\/\/www.radiopiu.net\/wordpress\/wp-content\/uploads\/2022\/07\/27d4f6d4-767a-4f82-aeec-c42943bc402f-1536x1152.jpg 1536w, https:\/\/www.radiopiu.net\/wordpress\/wp-content\/uploads\/2022\/07\/27d4f6d4-767a-4f82-aeec-c42943bc402f.jpg 2048w\" sizes=\"auto, (max-width: 1024px) 100vw, 1024px\" \/><\/a><\/p>\n<p>&nbsp;<\/p>\n<p>&nbsp;<\/p>\n<p>*****<\/p>\n","protected":false},"excerpt":{"rendered":"<p>LA VALLE Riceviamo e pubblichiamo una foto di Tiziano De Col scattata nella serata di venerd\u00ec al Passo Duran. Erano circa le 19:30 quando \u00e8 stata scattata l&#8217;immagine in localit\u00e0 Piar. &#8220;In controluce usando il tronco di un larice come punto d&#8217;ombra&#8221; &nbsp; &nbsp; *****<\/p>\n","protected":false},"author":4,"featured_media":286339,"comment_status":"closed","ping_status":"closed","sticky":false,"template":"","format":"standard","meta":{"_monsterinsights_skip_tracking":false,"_monsterinsights_sitenote_active":false,"_monsterinsights_sitenote_note":"","_monsterinsights_sitenote_category":0,"footnotes":""},"categories":[49],"tags":[],"class_list":["post-286338","post","type-post","status-publish","format-standard","has-post-thumbnail","hentry","category-news-18","category-49","description-off"],"img_url":"https:\/\/www.radiopiu.net\/wordpress\/wp-content\/uploads\/2022\/07\/27d4f6d4-767a-4f82-aeec-c42943bc402f.jpg","_links":{"self":[{"href":"https:\/\/www.radiopiu.net\/wordpress\/wp-json\/wp\/v2\/posts\/286338","targetHints":{"allow":["GET"]}}],"collection":[{"href":"https:\/\/www.radiopiu.net\/wordpress\/wp-json\/wp\/v2\/posts"}],"about":[{"href":"https:\/\/www.radiopiu.net\/wordpress\/wp-json\/wp\/v2\/types\/post"}],"author":[{"embeddable":true,"href":"https:\/\/www.radiopiu.net\/wordpress\/wp-json\/wp\/v2\/users\/4"}],"replies":[{"embeddable":true,"href":"https:\/\/www.radiopiu.net\/wordpress\/wp-json\/wp\/v2\/comments?post=286338"}],"version-history":[{"count":0,"href":"https:\/\/www.radiopiu.net\/wordpress\/wp-json\/wp\/v2\/posts\/286338\/revisions"}],"wp:featuredmedia":[{"embeddable":true,"href":"https:\/\/www.radiopiu.net\/wordpress\/wp-json\/wp\/v2\/media\/286339"}],"wp:attachment":[{"href":"https:\/\/www.radiopiu.net\/wordpress\/wp-json\/wp\/v2\/media?parent=286338"}],"wp:term":[{"taxonomy":"category","embeddable":true,"href":"https:\/\/www.radiopiu.net\/wordpress\/wp-json\/wp\/v2\/categories?post=286338"},{"taxonomy":"post_tag","embeddable":true,"href":"https:\/\/www.radiopiu.net\/wordpress\/wp-json\/wp\/v2\/tags?post=286338"}],"curies":[{"name":"wp","href":"https:\/\/api.w.org\/{rel}","templated":true}]}}