{"id":286407,"date":"2022-07-10T11:49:03","date_gmt":"2022-07-10T09:49:03","guid":{"rendered":"https:\/\/www.radiopiu.net\/wordpress\/?p=286407"},"modified":"2022-07-10T11:49:03","modified_gmt":"2022-07-10T09:49:03","slug":"marmolada-dimessa-anche-la-paziente-tedesca-ricoverata-in-veneto","status":"publish","type":"post","link":"https:\/\/www.radiopiu.net\/wordpress\/marmolada-dimessa-anche-la-paziente-tedesca-ricoverata-in-veneto\/","title":{"rendered":"MARMOLADA. DIMESSA ANCHE LA PAZIENTE TEDESCA RICOVERATA IN VENETO"},"content":{"rendered":"<p><strong>VENEZIA <\/strong>Dopo il paziente tedesco, dimesso ieri dall\u2019ospedale di Feltre, anche la paziente tedesca soccorsa e curata dall\u2019Ulss 1 Dolomiti a Belluno sta bene ed \u00e8 stata dimessa questa mattina. M.C. , queste le iniziali della paziente, ha salutato e ringraziato il personale sanitario con una lettera nella quale ha scritto, pi\u00f9 o meno, letteralmente: \u201c<em>Non so nulla dell\u2019accaduto, mi sono svegliata in ospedale. I medici, il personale di neurologia, si sono molto adoperati per me. Le vertigini, la mia stabilit\u00e0 sono lentamente ma costantemente migliorate. Mi infondono ottimismo! Perci\u00f2 devo essere anche io ottimista, cos\u00ec tutto andr\u00e0 bene. Anche oggi mi sono sentita molto meglio. Grazie a tutti quelli che si sono impegnati per me. Lo apprezzo molto<\/em>\u201d. Rimane ancora in prognosi riservata invece Davide Carnielli, il giovane trentino ferito sulla Marmolada e in cura all\u2019ospedale di Treviso.<\/p>\n\n\t\t\t<style type='text\/css'>\n\t\t\t\t#gallery-1 {\n\t\t\t\t\tmargin: auto;\n\t\t\t\t}\n\t\t\t\t#gallery-1 .gallery-item {\n\t\t\t\t\tfloat: left;\n\t\t\t\t\tmargin-top: 10px;\n\t\t\t\t\ttext-align: center;\n\t\t\t\t\twidth: 50%;\n\t\t\t\t}\n\t\t\t\t#gallery-1 img {\n\t\t\t\t\tborder: 2px solid #cfcfcf;\n\t\t\t\t}\n\t\t\t\t#gallery-1 .gallery-caption {\n\t\t\t\t\tmargin-left: 0;\n\t\t\t\t}\n\t\t\t\t\/* see gallery_shortcode() in wp-includes\/media.php *\/\n\t\t\t<\/style>\n\t\t<div id='gallery-1' class='dt-gallery-container gallery galleryid-286407 gallery-columns-2 gallery-size-thumbnail'><dl class='gallery-item'>\n\t\t\t\t<dt class='gallery-icon landscape'>\n\t\t\t\t\t<a class=\"rollover rollover-zoom dt-pswp-item\" title=\"1472-2022 (1)\" data-dt-img-description=\"\" data-large_image_width=\"946\" data-large_image_height=\"684\"href='https:\/\/www.radiopiu.net\/wordpress\/wp-content\/uploads\/2022\/07\/1472-2022-1.jpeg'><img loading=\"lazy\" decoding=\"async\" width=\"150\" height=\"150\" src=\"https:\/\/www.radiopiu.net\/wordpress\/wp-content\/uploads\/2022\/07\/1472-2022-1-150x150.jpeg\" class=\"attachment-thumbnail size-thumbnail\" alt=\"\" \/><\/a>\n\t\t\t\t<\/dt><\/dl><dl class='gallery-item'>\n\t\t\t\t<dt class='gallery-icon portrait'>\n\t\t\t\t\t<a class=\"rollover rollover-zoom dt-pswp-item\" title=\"1472-2022 (2)\" data-dt-img-description=\"\" data-large_image_width=\"1471\" data-large_image_height=\"1825\"href='https:\/\/www.radiopiu.net\/wordpress\/wp-content\/uploads\/2022\/07\/1472-2022-2.jpeg'><img loading=\"lazy\" decoding=\"async\" width=\"150\" height=\"150\" src=\"https:\/\/www.radiopiu.net\/wordpress\/wp-content\/uploads\/2022\/07\/1472-2022-2-150x150.jpeg\" class=\"attachment-thumbnail size-thumbnail\" alt=\"\" \/><\/a>\n\t\t\t\t<\/dt><\/dl><br style=\"clear: both\" \/>\n\t\t\t<\/div>\n\n<p>&nbsp;<\/p>\n<p>&nbsp;<\/p>\n<p>*****<\/p>\n","protected":false},"excerpt":{"rendered":"<p>VENEZIA Dopo il paziente tedesco, dimesso ieri dall\u2019ospedale di Feltre, anche la paziente tedesca soccorsa e curata dall\u2019Ulss 1 Dolomiti a Belluno sta bene ed \u00e8 stata dimessa questa mattina. M.C. , queste le iniziali della paziente, ha salutato e ringraziato il personale sanitario con una lettera nella quale ha scritto, pi\u00f9 o meno, letteralmente:&hellip;<\/p>\n","protected":false},"author":4,"featured_media":286411,"comment_status":"closed","ping_status":"closed","sticky":false,"template":"","format":"standard","meta":{"_monsterinsights_skip_tracking":false,"_monsterinsights_sitenote_active":false,"_monsterinsights_sitenote_note":"","_monsterinsights_sitenote_category":0,"footnotes":""},"categories":[51,49],"tags":[],"class_list":["post-286407","post","type-post","status-publish","format-standard","has-post-thumbnail","hentry","category-evidenza-top","category-news-18","category-51","category-49","description-off"],"img_url":"https:\/\/www.radiopiu.net\/wordpress\/wp-content\/uploads\/2022\/07\/1472-2022-2.jpeg","_links":{"self":[{"href":"https:\/\/www.radiopiu.net\/wordpress\/wp-json\/wp\/v2\/posts\/286407","targetHints":{"allow":["GET"]}}],"collection":[{"href":"https:\/\/www.radiopiu.net\/wordpress\/wp-json\/wp\/v2\/posts"}],"about":[{"href":"https:\/\/www.radiopiu.net\/wordpress\/wp-json\/wp\/v2\/types\/post"}],"author":[{"embeddable":true,"href":"https:\/\/www.radiopiu.net\/wordpress\/wp-json\/wp\/v2\/users\/4"}],"replies":[{"embeddable":true,"href":"https:\/\/www.radiopiu.net\/wordpress\/wp-json\/wp\/v2\/comments?post=286407"}],"version-history":[{"count":0,"href":"https:\/\/www.radiopiu.net\/wordpress\/wp-json\/wp\/v2\/posts\/286407\/revisions"}],"wp:featuredmedia":[{"embeddable":true,"href":"https:\/\/www.radiopiu.net\/wordpress\/wp-json\/wp\/v2\/media\/286411"}],"wp:attachment":[{"href":"https:\/\/www.radiopiu.net\/wordpress\/wp-json\/wp\/v2\/media?parent=286407"}],"wp:term":[{"taxonomy":"category","embeddable":true,"href":"https:\/\/www.radiopiu.net\/wordpress\/wp-json\/wp\/v2\/categories?post=286407"},{"taxonomy":"post_tag","embeddable":true,"href":"https:\/\/www.radiopiu.net\/wordpress\/wp-json\/wp\/v2\/tags?post=286407"}],"curies":[{"name":"wp","href":"https:\/\/api.w.org\/{rel}","templated":true}]}}