{"id":286420,"date":"2022-07-10T15:02:11","date_gmt":"2022-07-10T13:02:11","guid":{"rendered":"https:\/\/www.radiopiu.net\/wordpress\/?p=286420"},"modified":"2022-07-10T15:02:11","modified_gmt":"2022-07-10T13:02:11","slug":"vola-in-parete-dalla-croda-negra","status":"publish","type":"post","link":"https:\/\/www.radiopiu.net\/wordpress\/vola-in-parete-dalla-croda-negra\/","title":{"rendered":"VOLA IN PARETE DALLA CRODA NEGRA"},"content":{"rendered":"<p><strong>LIVINALLONGO<\/strong> Attorno alle 11 l&#8217;elicottero di Dolomiti Emergency \u00e8 stato inviato dalla Centrale del Suem nella zona di Passo Giau, dove un&#8217;alpinista era caduta dalla parete della Croda Negra che stava scalando. Prima di cordata, sul tiro iniziale, L.B., 31 anni, di Venezia, \u00e8 volata, le protezioni che aveva inserito nella roccia sono uscite e lei \u00e8 arrivata a terra, una quindicina di metri pi\u00f9 in basso, riportando un possibile grave trauma al piede. Sbarcati con un verricello di 20 metri, equipe medica e tecnico di elisoccorso hanno prestato le cure urgenti alla ragazza e, dopo averla stabilizzata, la hanno caricata in barella. Issata a bordo, l&#8217;infortunata \u00e8 stata trasportata all&#8217;ospedale di Treviso.<\/p>\n<p>&nbsp;<\/p>\n<p>&nbsp;<\/p>\n<p>****<\/p>\n","protected":false},"excerpt":{"rendered":"<p>LIVINALLONGO Attorno alle 11 l&#8217;elicottero di Dolomiti Emergency \u00e8 stato inviato dalla Centrale del Suem nella zona di Passo Giau, dove un&#8217;alpinista era caduta dalla parete della Croda Negra che stava scalando. Prima di cordata, sul tiro iniziale, L.B., 31 anni, di Venezia, \u00e8 volata, le protezioni che aveva inserito nella roccia sono uscite e&hellip;<\/p>\n","protected":false},"author":4,"featured_media":284853,"comment_status":"closed","ping_status":"closed","sticky":false,"template":"","format":"standard","meta":{"_monsterinsights_skip_tracking":false,"_monsterinsights_sitenote_active":false,"_monsterinsights_sitenote_note":"","_monsterinsights_sitenote_category":0,"footnotes":""},"categories":[51,49],"tags":[],"class_list":["post-286420","post","type-post","status-publish","format-standard","has-post-thumbnail","hentry","category-evidenza-top","category-news-18","category-51","category-49","description-off"],"img_url":"https:\/\/www.radiopiu.net\/wordpress\/wp-content\/uploads\/2022\/07\/SALT.png","_links":{"self":[{"href":"https:\/\/www.radiopiu.net\/wordpress\/wp-json\/wp\/v2\/posts\/286420","targetHints":{"allow":["GET"]}}],"collection":[{"href":"https:\/\/www.radiopiu.net\/wordpress\/wp-json\/wp\/v2\/posts"}],"about":[{"href":"https:\/\/www.radiopiu.net\/wordpress\/wp-json\/wp\/v2\/types\/post"}],"author":[{"embeddable":true,"href":"https:\/\/www.radiopiu.net\/wordpress\/wp-json\/wp\/v2\/users\/4"}],"replies":[{"embeddable":true,"href":"https:\/\/www.radiopiu.net\/wordpress\/wp-json\/wp\/v2\/comments?post=286420"}],"version-history":[{"count":0,"href":"https:\/\/www.radiopiu.net\/wordpress\/wp-json\/wp\/v2\/posts\/286420\/revisions"}],"wp:featuredmedia":[{"embeddable":true,"href":"https:\/\/www.radiopiu.net\/wordpress\/wp-json\/wp\/v2\/media\/284853"}],"wp:attachment":[{"href":"https:\/\/www.radiopiu.net\/wordpress\/wp-json\/wp\/v2\/media?parent=286420"}],"wp:term":[{"taxonomy":"category","embeddable":true,"href":"https:\/\/www.radiopiu.net\/wordpress\/wp-json\/wp\/v2\/categories?post=286420"},{"taxonomy":"post_tag","embeddable":true,"href":"https:\/\/www.radiopiu.net\/wordpress\/wp-json\/wp\/v2\/tags?post=286420"}],"curies":[{"name":"wp","href":"https:\/\/api.w.org\/{rel}","templated":true}]}}