{"id":286459,"date":"2022-07-12T05:27:02","date_gmt":"2022-07-12T03:27:02","guid":{"rendered":"https:\/\/www.radiopiu.net\/wordpress\/?p=286459"},"modified":"2022-07-12T09:54:26","modified_gmt":"2022-07-12T07:54:26","slug":"giornale-radiopiu-12-luglio-2022-direttore-mirko-mezzacasa","status":"publish","type":"post","link":"https:\/\/www.radiopiu.net\/wordpress\/giornale-radiopiu-12-luglio-2022-direttore-mirko-mezzacasa\/","title":{"rendered":"GIORNALE RADIOPIU 12 LUGLIO 2022 DIRETTORE MIRKO MEZZACASA"},"content":{"rendered":"<h3 class=\"kvgmc6g5 cxmmr5t8 oygrvhab hcukyx3x c1et5uql\"><span style=\"color: #0000ff;\"><strong>RADIO PIU INFORMAZIONE il canale su TELEGRAM informazione di prima\u00a0 <\/strong><\/span><span style=\"color: #0000ff;\"><strong>mano e in tempo reale. iscriviti ed aiutaci a farlo conoscere\u00a0<\/strong><\/span><\/h3>\n<p>&nbsp;<\/p>\n<p>&nbsp;<\/p>\n<hr \/>\n<p>&nbsp;<\/p>\n<blockquote>\n<h3>GALLERIA DI SEGUSINO CHIUSA PER 4 MESI<\/h3>\n<\/blockquote>\n<p><strong><a class=\"dt-pswp-item\" href=\"https:\/\/www.radiopiu.net\/wordpress\/wp-content\/uploads\/2020\/05\/VENETO-STRADE.png\" data-dt-img-description=\"\" data-large_image_width=\"400\" data-large_image_height=\"400\"><img loading=\"lazy\" decoding=\"async\" class=\" wp-image-135574 alignleft\" src=\"https:\/\/www.radiopiu.net\/wordpress\/wp-content\/uploads\/2020\/05\/VENETO-STRADE-150x150.png\" alt=\"\" width=\"102\" height=\"102\" srcset=\"https:\/\/www.radiopiu.net\/wordpress\/wp-content\/uploads\/2020\/05\/VENETO-STRADE-150x150.png 150w, https:\/\/www.radiopiu.net\/wordpress\/wp-content\/uploads\/2020\/05\/VENETO-STRADE-300x300.png 300w, https:\/\/www.radiopiu.net\/wordpress\/wp-content\/uploads\/2020\/05\/VENETO-STRADE.png 400w\" sizes=\"auto, (max-width: 102px) 100vw, 102px\" \/><\/a> <\/strong><\/p>\n<p><strong>\u00a0<\/strong><\/p>\n<p><strong>SEDICO<\/strong> Veneto Strade comunica che sulla SP 1 Bis &#8220;Madonna del Piave&#8221;, dal 12 luglio e fino al 4 novembre, compresi sabati domeniche e festivi infrasettimanali, un&#8217;interdizione totale al transito per l&#8217;intera tratta della galleria di Segusino in seguito a dei lavori per messa in sicurezza della condotta acquedottistica<\/p>\n<p>&nbsp;<\/p>\n<hr \/>\n<p>&nbsp;<\/p>\n<blockquote>\n<h3>MARMOLADA, PIOGGIA DI DISDETTE<\/h3>\n<\/blockquote>\n<p><strong><a class=\"dt-pswp-item\" href=\"https:\/\/www.radiopiu.net\/wordpress\/wp-content\/uploads\/2022\/07\/marmolada.jpg\" data-dt-img-description=\"\" data-large_image_width=\"1280\" data-large_image_height=\"960\"><img loading=\"lazy\" decoding=\"async\" class=\"size-thumbnail wp-image-285964 alignleft\" src=\"https:\/\/www.radiopiu.net\/wordpress\/wp-content\/uploads\/2022\/07\/marmolada-150x150.jpg\" alt=\"\" width=\"150\" height=\"150\" \/><\/a>ROCCA PIETORE<\/strong> Piovono le disdette dopo la tragedia della Marmolada. I messaggi sui social hanno portato a conseguenze preoccupanti per il turismo della Val Pettorina. Gli effetti del post-dramma sono evidenti. Ai turisti\u00a0 dell&#8217;orrore che salgono in Marmolada solo per curiosit\u00e0 dopo la tragedia si sommano anche quelli che a causa di quanto accaduto in quella domenica di sangue hanno deciso di trascorrere le ferie altrove.<\/p>\n<p><strong>L&#8217;albergatore Maurizio De Cassan<\/strong> (Hotel Tyrolia, Malga Ciapela): &#8220;Il messaggio che \u00e8 stato e che viene ancora proposto della Marmolada\u00a0 \u00e8 scellerato e del tutto sbagliato. Non \u00e8 assolutamente vero che la Marmolada \u00e8 chiusa, chiusa \u00e8 solo quella parte di ghiacciaio in territorio di Canazei in versante agordino o bellunese della Marmolada \u00e8 aperto e sicuro. Stiamo rischiando un&#8217;altra volta la stagione turistica estiva. Una cosa che non ha logica tanto che rischiamo veramente di fare la figura dei becchi e bastonati considerato che prima abbiamo perso il ghiacciaio a favore degli amici di Canazei e ora per una sciagura che \u00e8 successa sul loro territorio di loro giurisdizione e che a noi non ci riguarda stiamo purtroppo pagando un prezzo alto in quanto nel bel pieno della stagione&#8221;<\/p>\n<p><strong>AUDIO DAL GIORNALE RADIO DELLE 9.30<\/strong><\/p>\n<audio class=\"wp-audio-shortcode\" id=\"audio-286459-1\" preload=\"none\" style=\"width: 100%;\" controls=\"controls\"><source type=\"audio\/mpeg\" src=\"https:\/\/www.radiopiu.net\/wordpress\/wp-content\/uploads\/2022\/07\/MAURIZIO-DE-CASSN.mp3?_=1\" \/><a href=\"https:\/\/www.radiopiu.net\/wordpress\/wp-content\/uploads\/2022\/07\/MAURIZIO-DE-CASSN.mp3\">https:\/\/www.radiopiu.net\/wordpress\/wp-content\/uploads\/2022\/07\/MAURIZIO-DE-CASSN.mp3<\/a><\/audio>\n<p>&nbsp;<\/p>\n<p><strong>Il sindaco Andrea De Bernardin:<\/strong> <em>&#8220;Quando si parla di Marmolada bisogna stare molto attenti al messaggio che si vuole far passare perch\u00e9 se passa in maniera distorta pu\u00f2 veramente creare molti guai alla nostra economia turistica.\u00a0 Purtroppo le informazioni e i molti messaggi che sono passati in questi giorni sulla tragedia hanno avuto risvolti negativi\u00bb.<\/em><\/p>\n<p>&nbsp;<\/p>\n<hr \/>\n<p>&nbsp;<\/p>\n<blockquote>\n<h3>INCIDENTE AL SAGITTARIO, BIMBO AL PRONTO SOCCORSO<\/h3>\n<\/blockquote>\n<p><a class=\"dt-pswp-item\" href=\"https:\/\/www.radiopiu.net\/wordpress\/wp-content\/uploads\/2022\/07\/aaa-1.jpg\" data-dt-img-description=\"\" data-large_image_width=\"484\" data-large_image_height=\"257\"><img loading=\"lazy\" decoding=\"async\" class=\"size-thumbnail wp-image-286626 alignleft\" src=\"https:\/\/www.radiopiu.net\/wordpress\/wp-content\/uploads\/2022\/07\/aaa-1-150x150.jpg\" alt=\"\" width=\"150\" height=\"150\" \/><\/a><strong>FELTRE<\/strong> Alla curva del Sagittario scontro tra due auto,\u00a0 una donna e il figlio di pochi anni sono stati portati per precauzione al pronto soccorso del Santa Maria del Prato. La feltrina F.R., 39 anni, e il bimbo viaggiavano a bordo di una Peugeot 208 entrata in collisione per cause che stanno accertando i carabinieri con luna Punto di una coppia di turisti francesi. Il conducente della Punto, G.L., di 38 anni e la compagna sono rimasti incolumi. L&#8217;incidente ha provocato incolonnamenti e disagi alla circolazione, con un secondo incidente, un tamponamento, avvenuto verso Busche. In questo caso di sono registrati solo danni ai mezzi.<\/p>\n<p>&nbsp;<\/p>\n<p>&nbsp;<\/p>\n<p>&nbsp;<\/p>\n<p>&nbsp;<\/p>\n<hr \/>\n<p>&nbsp;<\/p>\n<blockquote>\n<h3>ESCURSIONISTA INFORTUNATO LUNGO LA FERRATA AGLIO AL BUS DE TOFANA<\/h3>\n<\/blockquote>\n<p><strong><a class=\"dt-pswp-item\" href=\"https:\/\/www.radiopiu.net\/wordpress\/wp-content\/uploads\/2022\/07\/salt_20220711_160201_437-scaled.jpg\" data-dt-img-description=\"\" data-large_image_width=\"2560\" data-large_image_height=\"1347\"><img loading=\"lazy\" decoding=\"async\" class=\"size-thumbnail wp-image-286550 alignleft\" src=\"https:\/\/www.radiopiu.net\/wordpress\/wp-content\/uploads\/2022\/07\/salt_20220711_160201_437-150x150.jpg\" alt=\"\" width=\"150\" height=\"150\" \/><\/a>CORTINA<\/strong> Ieri verso mezzogiorno l&#8217;elicottero di Dolomiti Emergency \u00e8 intervenuto lungo la Ferrata Aglio al Bus de Tofana, per un escursionista che si era fatto male a una gamba. Il 40enne polacco, che si trovava con un amico, era scivolato per alcuni metri, riportando un taglio al polpaccio. Con il compagno aveva quindi raggiunto la grande cengia un centinaio di metri sopra il Bus de Tofana, a quota 2.850 metri, dove, a poca distanza \u00e8 stato poi sbarcato in hovering il tecnico di elisoccorso. Dopo aver verificato le sue condizioni, l&#8217;uomo \u00e8 stato caricato a bordo per essere trasportato all&#8217;ospedale di Cortina. In una seconda rotazione, con la stessa modalit\u00e0, sono stati presi a bordo il soccorritore e il secondo escursionista illeso, lasciato in seguito al Rifugio Dibona.<\/p>\n<p>&nbsp;<\/p>\n<p>&nbsp;<\/p>\n<blockquote>\n<h3>SI INFORTUNA PASSEGGIANDO SULLA MULATTIERA POCO DISTANTE DAL LAGO DI LIMIDES<\/h3>\n<\/blockquote>\n<p><strong>CORTINA<\/strong> Poco prima delle 14 di ieri una squadra del Soccorso alpino della Guardia di Finanza di Cortina \u00e8 stata attivata per un infortunio non distante il Lago di Limides. Passeggiando con il marito lungo la mulattiera, a una cinquantina di metri di distanza dal lago, un&#8217;escursionista si era infatti procurata un sospetto trauma alla caviglia. Raggiunta dai soccorritori in fuoristrada, P.R., 54 anni, di Varedo (MB), \u00e8 stata accompagnata sul Falzarego da dove si \u00e8 allontanata con i propri mezzi.<\/p>\n<p>&nbsp;<\/p>\n<p>&nbsp;<\/p>\n<blockquote>\n<h3>ESCURSIONISTA BLOCCATA DALLA PAURA SU UN GHIAIONE IN VAL ORITA<\/h3>\n<\/blockquote>\n<p><strong>CORTINA<\/strong> Ieri poco prima delle 16 il Soccorso alpino della Guardia di finanza di Cortina ha effettuato un secondo intervento, in aiuto di una turista finlandese 53enne. La donna stava percorrendo da sola il sentiero 214 della Val Orita quando, giunta in un tratto ghiaioso, si \u00e8 impaurita e non \u00e8 pi\u00f9 stata in grado di proseguire. Una volta da lei, ormai quasi alla fine del percorso, la squadra la ha accompagnata a valle e poi alla residenza di villeggiatura.<\/p>\n<p>&nbsp;<\/p>\n<p>&nbsp;<\/p>\n<blockquote>\n<h3>SI SLOGA LA CAVIGLIA SCENDENDO DAL RIFUGIO BOTTARI<\/h3>\n<\/blockquote>\n<p><strong>FALCADE<\/strong> Attorno alle 15 di ieri la Centrale del Suem ha allertato il Soccorso alpino della Val Biois, poich\u00e9, mentre scendeva con il marito dal Rifugio Bottari, un&#8217;escursionista di Ferrara, M.Z., 62 anni, si era slogata la caviglia sui ciottoli della strada. Tre soccorritori sono arrivati in fuoristrada da lei, la hanno caricata a bordo e trasportata assieme al marito alla loro auto. La coppia si \u00e8 poi recata da sola in pronto soccorso.<\/p>\n<p>&nbsp;<\/p>\n<p>&nbsp;<\/p>\n<blockquote>\n<h3 class=\"entry-title\">SOCCORSA ESCURSIONISTA IN VALCLUSA<\/h3>\n<\/blockquote>\n<p><strong>LA VALLE<\/strong> Ieri attorno alle 16.20 il Soccorso alpino di Agordo \u00e8 stato allertato per un\u2019escursionista, che si era fatta male a seguito di una scivolata sul sentiero della Valclusa. Una squadra \u00e8 partita da localit\u00e0 La Muda e ha risalito il sentiero per 300 metri di dislivello, finch\u00e9 non ha incontrato la donna, una 63enne tedesca, partita assieme a tre compagni, dopo aver pernottato al Rifugio Pramperet. L\u2019infortunata, con un probabile trauma al polso, \u00e8 stata assistita dai tre soccorritori nel rientro a valle e accompagnata poi fino in pronto soccorso<\/p>\n<p>&nbsp;<\/p>\n<p>&nbsp;<\/p>\n<hr \/>\n<p>&nbsp;<\/p>\n<blockquote>\n<h3 class=\"entry-title\">SEQUESTRATE OLTRE 5 MILA TONNELLATE DI PELLET DA RISCALDAMENTO<\/h3>\n<\/blockquote>\n<p><strong class=\"photoswipe-wrapper\"><a class=\"dt-pswp-item pspw-wrap-ready\" href=\"https:\/\/www.radiopiu.net\/wordpress\/wp-content\/uploads\/2021\/07\/9dab3da2-5b99-4e4c-9808-d95d42ff43b5.jpg\" data-dt-img-description=\"\" data-large_image_width=\"1067\" data-large_image_height=\"1067\"><img loading=\"lazy\" decoding=\"async\" class=\"size-thumbnail wp-image-222502 alignleft\" src=\"https:\/\/www.radiopiu.net\/wordpress\/wp-content\/uploads\/2021\/07\/9dab3da2-5b99-4e4c-9808-d95d42ff43b5-150x150.jpg\" sizes=\"auto, (max-width: 150px) 100vw, 150px\" srcset=\"https:\/\/www.radiopiu.net\/wordpress\/wp-content\/uploads\/2021\/07\/9dab3da2-5b99-4e4c-9808-d95d42ff43b5-150x150.jpg 150w, https:\/\/www.radiopiu.net\/wordpress\/wp-content\/uploads\/2021\/07\/9dab3da2-5b99-4e4c-9808-d95d42ff43b5-300x300.jpg 300w, https:\/\/www.radiopiu.net\/wordpress\/wp-content\/uploads\/2021\/07\/9dab3da2-5b99-4e4c-9808-d95d42ff43b5-1024x1024.jpg 1024w, https:\/\/www.radiopiu.net\/wordpress\/wp-content\/uploads\/2021\/07\/9dab3da2-5b99-4e4c-9808-d95d42ff43b5-768x768.jpg 768w, https:\/\/www.radiopiu.net\/wordpress\/wp-content\/uploads\/2021\/07\/9dab3da2-5b99-4e4c-9808-d95d42ff43b5.jpg 1067w\" alt=\"\" width=\"150\" height=\"150\" \/><\/a>ROMA<\/strong>\u00a0Sono oltre 5 mila le tonnellate di pellet da riscaldamento contraffatto e commercializzato in frode sequestrate dalla Guardia di Finanza in un\u2019operazione a largo raggio che ha interessato tutto il territorio nazionale. 52 titolari di azienda, rivenditori, produttori, importatori e grossisti del settore sono stati denunciati per i reati di contraffazione e frode in commercio. Nel corso dell\u2019operazione sono stati sequestrati anche 47 macchinari ed impianti industriali destinati alla produzione del pellet illegale nonch\u00e9 oltre 1 milione e mezzo di sacchi vuoti destinati ad essere riempiti ed immessi sul mercato con indicazioni mendaci e marchi di certificazione contraffatti relativamente a qualit\u00e0 e conformit\u00e0 ambientale. L\u2019operazione \u00e8 nata in seguito ad un\u2019attivit\u00e0 di approfondimento ed analisi di rischio elaborata dai finanzieri del Nucleo Speciale Beni e Servizi di Roma che, incrociando i dati relativi alle importazioni, alla produzione nazionale, alle vendite ed ai titolari di certificazione, hanno rilevato profili di anomalia meritevoli di approfondimento attraverso l\u2019esecuzione di interventi ispettivi mirati sul territorio. Gli interventi, coordinati dal Gruppo Anticontraffazione e Sicurezza prodotti del Nucleo Speciale Beni e Servizi, sono stati eseguiti dai reparti territoriali del Corpo in 40 province italiane. Nel corso dei controlli, eseguiti con il supporto della Associazione Italiana energie Agroforestali, i finanzieri hanno rilevato sia violazioni in materia di certificazione della qualit\u00e0 che veri e propri impianti di produzione irregolari, in quanto il pellet prodotto veniva dichiarato con caratteristiche chimico \u2013 fisiche non rispondenti al vero. Sono state sequestrate anche diverse tonnellate di pellet provenienti da Russia e Bielorussia in quanto importate in violazione delle regole comunitarie. La posizione dei 52 titolari di impianti di produzione, importatori, distributori e rivenditori denunciati \u00e8 ora al dell\u2019Autorit\u00e0 Giudiziaria nel rispetto della presunzione d\u2019innocenza. Le energie da biomassa rappresentano la prima alternativa tra le rinnovabili e la seconda fonte di riscaldamento per le famiglie, in un momento in cui il prezzo del gas e dei combustibili fossili risulta particolarmente instabile.<\/p>\n<p>&nbsp;<\/p>\n<hr \/>\n<p>&nbsp;<\/p>\n<div class=\"page-title-head hgroup\">\n<blockquote>\n<h3 class=\"entry-title\">PERIZIA PSICHIATRICA PER L\u201983ENNE, RIGATORE SERIALE D\u2019AUTO<\/h3>\n<\/blockquote>\n<\/div>\n<div class=\"page-title-breadcrumbs\">\n<p><strong><img loading=\"lazy\" decoding=\"async\" class=\"alignleft\" src=\"https:\/\/www.radiopiu.net\/wordpress\/wp-content\/uploads\/2022\/07\/auto_rigata-2-2.jpg\" width=\"266\" height=\"150\" \/>OGGI SUL CORRIERE DELLE ALPI<\/strong><\/p>\n<p><strong>DI GIGI SOSSO<\/strong><\/p>\n<p><strong>SEDICO<\/strong> Tredici auto rigate in un mese. A Peron, erano comprensibilmente preoccupati, prima che i carabinieri della stazione di Sedico individuassero il presunto colpevole dei danneggiamenti in serie. Sarebbe l&#8217;83enne del posto che \u00e8 stato portato in tribunale davanti al giudice Angela Feletto e al pubblico ministero Sandra Rossi. Tra i mesi di novembre e dicembre del 2019 l&#8217;anziano avrebbe provocato danni molto pesanti sulle carrozzerie di tutti questi paesani. Il suo difensore di fiducia Jenny Fioraso ha tentato la carta della perizia psichiatrica, sulla base del fatto che sarebbe uscito particolarmente provato da una precedente vicenda, che per\u00f2 riguarda una questione di vicinato e non di danneggiamenti.Il giudice Angela Feletto ha incaricato lo psichiatra dell&#8217;ospedale di Feltre, Alberto Cestaro di periziare l&#8217;imputato, per cercare di capire se fosse capace o meno d&#8217;intendere e volere al momento dei fatti. E stabilire se \u00e8 punibile o meno&#8230;.<\/p>\n<p>&nbsp;<\/p>\n<\/div>\n<p>&nbsp;<\/p>\n<p>&nbsp;<\/p>\n<hr \/>\n<p>&nbsp;<\/p>\n<blockquote>\n<h3>CONFERMATO IL CALENDARIO PER LA BEATIFICAZIONE DI PAPA LUCIANI. A CANALE D&#8217;AGORDO LA MESSA DI RINGRAZIAMENTO L&#8217;11 SETTEMBRE<\/h3>\n<\/blockquote>\n<p><strong><a class=\"dt-pswp-item\" href=\"https:\/\/www.radiopiu.net\/wordpress\/wp-content\/uploads\/2021\/08\/papa-luciani-e1634094614164.jpg\" data-dt-img-description=\"\" data-large_image_width=\"1396\" data-large_image_height=\"931\"><img loading=\"lazy\" decoding=\"async\" class=\"size-thumbnail wp-image-229319 alignleft\" src=\"https:\/\/www.radiopiu.net\/wordpress\/wp-content\/uploads\/2021\/08\/papa-luciani-e1634094614164-150x150.jpg\" alt=\"\" width=\"150\" height=\"150\" \/><\/a>CITTA&#8217; DEL VATICANO <\/strong>In occasione della beatificazione del Sommo Pontefice Albino Luciani- Giovanni Paolo I (1912-1978) questi i tre principali appuntamenti in programma. La celebrazione liturgica con il rito della Beatificazione si svolgera\u0300 domenica 4 settembre 2022 in Piazza San Pietro alle 10.30 e sara\u0300 presieduta da Sua Santita\u0300 Papa Francesco. La petizione per la Beatificazione verra\u0300 letta dal vescovo della diocesi di Belluno-Feltre, S.E. Mons. Renato Marangoni, in quanto eccezionalmente sede della Causa di canonizzazione del venerabile Giovanni Paolo I, insieme al Postulatore della Causa S.Em Cardinale Beniamino Stella e alla Vicepostulatrice, dott.ssa Stefania Falasca. Nel corso della beatificazione, la Postulazione fara\u0300 dono al Sommo Pontefice di un reliquiario con una reliquia del nuovo beato. Per partecipare alla celebrazione i biglietti gratuiti dovranno essere richiesti alla Prefettura della Casa Pontificia, mentre tutti i vescovi e i sacerdoti che desiderano concelebrare e i diaconi che desiderano assistere, dovranno registrarsi direttamente al sito: <a href=\"http:\/\/biglietti.liturgiepontificie.va\">biglietti.liturgiepontificie.va<\/a> La sera precedente, sabato 3 settembre 2022, alle 18.30, presso la Basilica di San Giovanni in Laterano si terra\u0300 la Veglia di Preghiera presieduta da S.Em Cardinale Angelo De Donatis, Vicario generale di Sua Santita\u0300 per la diocesi di Roma. La Veglia in preparazione della beatificazione si svolgera\u0300 nella Basilica che custodisce la Cattedra del Vescovo di Roma, della quale Giovanni Paolo I prese possesso il 23 settembre 1978. Il momento di preghiera sara\u0300 animato da canti e letture di brani del magistero di Giovanni Paolo I. Per la partecipazione non occorreranno biglietti; l\u2019ingresso sara\u0300 libero. La Messa di Ringraziamento per la beatificazione di Giovanni Paolo I si svolgera\u0300 invece domenica 11 settembre 2022 nella diocesi di Belluno-Feltre. La celebrazione avra\u0300 luogo alle ore 16 nella piazza di Canale d\u2019Agordo, paese natale del nuovo beato, con la partecipazione dei vescovi e delle rispettive comunita\u0300 delle tre sedi episcopali nelle quali il nuovo beato aveva svolto il suo ministero sacerdotale ed episcopale: patriarcato di Venezia, guidato da S.E. Mons. Francesco Moraglia; diocesi di Belluno-Feltre, guidata da S.E. Mons. Renato Marangoni; diocesi di Vittorio Veneto, guidata da S.E. Mons. Corrado Pizziolo. A presiedere la Santa Messa sara\u0300 S.E. Mons. Francesco Moraglia, metropolita della provincia ecclesiastica di Venezia.<\/p>\n<p>&nbsp;<\/p>\n<p>&nbsp;<\/p>\n<hr \/>\n<p>&nbsp;<\/p>\n<blockquote>\n<h3 class=\"entry-title\">DILLO A RADIO PIU\u2019\u2026TROPPO LUNGA LA STRADA PER LA PIAZZA, UN SUGGERIMENTO PER IL SINDACO<\/h3>\n<\/blockquote>\n<p>Riceviamo a volenteri pubblichiamo una proposta di un cittadinO sull\u2019esempio di quanto fatto al Senato (una stanza in ricordo di Paolo Saviane), oppure a Canale d\u2019Agordo (sala consiliare dedicata a Lina Zand\u00f2),\u00a0 o ad Alleghe (sala dello stadio dedicata ad Antonio e Claudio Franceschini)<\/p>\n<blockquote><p><img loading=\"lazy\" decoding=\"async\" class=\"alignleft\" src=\"https:\/\/www.radiopiu.net\/wordpress\/wp-content\/uploads\/2022\/07\/60719935_993623_51173000.jpg\" width=\"177\" height=\"133\" \/>Cara Radio Pi\u00f9 son passati quasi 15 giorni dalla scomparsa del Cav. Del Vecchio e mi sembra che un certo velo di silenzio stia cadendo su tutti i progetti di dedicargli strade, piazze o di erigergli monumenti. Progetti che comunque non sembrano di facile realizzazione per le relative pastoie burocratiche. Non vorrei che queste diventassero il pretesto per un riconoscimento tardivo e quasi imposto. Mi permetto quindi di lanciare una proposta sperando che tu possa fartene portavoce: perch\u00e9 non intitolare al Cavalier Del Vecchio la sala consiliare del Comune di Agordo, cuore della vita politico-amministrativa della nostra citt\u00e0? L\u2019iter burocratico dovrebbe essere molto pi\u00f9 snello e veloce e, a mio avviso, tale scelta indicherebbe in modo significativo il legame e il sentimento di riconoscenza verso chi ha reso Agordo famosa e conosciuta in tutto il mondo. Un semplice cittadino di Agordo<\/p><\/blockquote>\n<p>&nbsp;<\/p>\n<p>&nbsp;<\/p>\n<hr \/>\n<p>&nbsp;<\/p>\n<blockquote>\n<h3>ELEZIONI RSU LUXOTTICA: LE CONSIDERAZIONI DI EMILIO BEZ (UIL)<\/h3>\n<\/blockquote>\n<p><strong><a class=\"dt-pswp-item\" href=\"https:\/\/www.radiopiu.net\/wordpress\/wp-content\/uploads\/2018\/09\/BEZ-UIL.jpg\" data-dt-img-description=\"\" data-large_image_width=\"168\" data-large_image_height=\"300\"><img loading=\"lazy\" decoding=\"async\" class=\"size-thumbnail wp-image-60016 alignleft\" src=\"https:\/\/www.radiopiu.net\/wordpress\/wp-content\/uploads\/2018\/09\/BEZ-UIL-150x150.jpg\" alt=\"\" width=\"150\" height=\"150\" \/><\/a>AGORDO <\/strong>Si sono concluse la scorsa settimana le elezioni per il rinnovo della nuova RSU allo stabilimento Luxottica di Agordo. Emilio Bez, coordinatore UILTEC ad Agordo, dice la sua su questa ultima tornata elettorale.<\/p>\n<blockquote><p><em>Ora che si \u00e8 finalmente concluso il capitolo elezioni, intendo ringraziare tutti quanti hanno contribuito. <\/em><em>Parto dalla commissione elettorale che, impegnandosi per diversi giorni, ha garantito il regolare svolgimento delle votazioni su tutti i turni. Quindi un grande ringraziamento alle colleghe (e all&#8217;unico collega) che formavano la commissione. <\/em><em>Ringrazio tutti coloro che hanno votato i nostri candidati, dando fiducia anche a persone nuove. Ringrazio anche i candidati e le candidate che non ce l&#8217;hanno fatta ma che comunque hanno voluto provare, so bene che non \u00e8 stato facile. <\/em><em>In quanto agli esiti delle votazioni, faccio un paio di considerazioni. <\/em><em>Il risultato delle elezioni, contro molte previsioni, ricalca quello di 4 anni fa nel numero dei voti, leggermente ridotto ma con la stessa ripartizione tra sigle, e di conseguenza nell&#8217;assegnazione dei seggi, rimasta invariata. Un caso insolito ma a volte pu\u00f2 succedere. <\/em><em>Molto significativo per\u00f2 il dato dell&#8217;affluenza alle urne. Un numero effettivo di votanti leggermente inferiore a quello delle scorse elezioni, nonostante i dipendenti dell&#8217;azienda siano nettamente aumentati in questi 4 anni, tant&#8217;\u00e8 che la percentuale di votanti sul totale degli aventi diritto \u00e8 la pi\u00f9 bassa registrata da molti anni. Un dato che fa riflettere e sul quale sar\u00e0 opportuno farsi delle domande.<\/em><\/p>\n<p><em>Emilio Bez (UILTEC)<\/em><\/p><\/blockquote>\n<p>&nbsp;<\/p>\n<p>&nbsp;<\/p>\n<hr \/>\n<p>&nbsp;<\/p>\n<blockquote>\n<h3>LE DOLOMITI IN MINIATURA A SAN TOMASO, 16 CAPOLAVORI SCOLPITI NELLA DOLOMIA<\/h3>\n<\/blockquote>\n<p><strong><a class=\"dt-pswp-item\" href=\"https:\/\/www.radiopiu.net\/wordpress\/wp-content\/uploads\/2022\/07\/245672046_4415646918488430_4885258135470625922_n.jpg\" data-dt-img-description=\"\" data-large_image_width=\"600\" data-large_image_height=\"450\"><img loading=\"lazy\" decoding=\"async\" class=\"alignleft wp-image-286586 \" src=\"https:\/\/www.radiopiu.net\/wordpress\/wp-content\/uploads\/2022\/07\/245672046_4415646918488430_4885258135470625922_n-300x225.jpg\" alt=\"\" width=\"243\" height=\"182\" srcset=\"https:\/\/www.radiopiu.net\/wordpress\/wp-content\/uploads\/2022\/07\/245672046_4415646918488430_4885258135470625922_n-300x225.jpg 300w, https:\/\/www.radiopiu.net\/wordpress\/wp-content\/uploads\/2022\/07\/245672046_4415646918488430_4885258135470625922_n.jpg 600w\" sizes=\"auto, (max-width: 243px) 100vw, 243px\" \/><\/a>SAN TOMASO<\/strong> Ritorna nella settimana dall\u201911 al 17 luglio 2022 \u201cDolomites Rock Miniatures\u201d,\u00a0 verranno realizzate altre tre opere de Il Sentiero delle Dolomiti in miniatura. Il progetto nato nel 2017, giunto quest\u2019anno alla quinta edizione, promosso dall\u2019Amministrazione comunale, patrocinato dalla Fondazione Dolomiti Unesco,\u00a0 sezione\u00a0 Cai di Agordo e proloco di San Tomaso. Obiettivo:\u00a0 ricreare in miniatura alcune delle pi\u00f9 rappresentative cime dolomitiche riconosciute Patrimonio Naturale dell\u2019Umanit\u00e0 ed esporle lungo la strada silvo-pastorale che collega il Comune di San Tomaso Agordino con quello di Vallada Agordina.<br \/>\nNel corso di questa settimana <strong>Claudia Zanaga<\/strong> (Italia), <strong>Abdulkadir Hocaoglu<\/strong> (Turchia) e<strong> Shekine Naidi<\/strong> (Grecia) scolpiranno rispettivamente la Croda dei Toni, il Sassolungo e la Gusela di Val Vescov\u00e0, aggiungendo cos\u00ec altre tre piccoli capolavori alle restanti tredici opere create nel corso dei precedenti simposi.<br \/>\nDall\u201911 al 17 luglio presso gli impianti sportivi in localit\u00e0 &#8220;Al Pian&#8221; di San Tomaso Agordino sar\u00e0 possibile vedere all&#8217;opera gli artisti. Per permettere loro di illustrare le loro opere in divenire sono stati organizzati due appuntamenti: gioved\u00ec 14 e sabato 16 luglio. Nel corso della mattinata del gioved\u00ec \u00e8 stata infatti promossa un\u2019escursione guidata, aperta a tutti, lungo il sentiero delle dolomiti in miniatura con la collaborazione della guida alpina Valerio Scarpa; sabato 16 saranno i ragazzi dell\u2019AIPD di Belluno che con le loro famiglie percorreranno l\u2019interessante cammino. Prima di intraprendere la camminata sar\u00e0 possibile confrontarsi con gli artisti e vederli all\u2019opera. Per informazioni in merito all\u2019escursione di gioved\u00ec 14 luglio chiamare il numero 379 2899511 (Vertik Area<br \/>\nDolomiti) dalle 9:00 alle 21:00 info pagina faceboo<a href=\"https:\/\/www.facebook.com\/DolomitesRockMiniatures\">\u00a0 Dolomites Rock Miniatures<\/a><\/p>\n<p>&nbsp;<\/p>\n\n\t\t\t<style type='text\/css'>\n\t\t\t\t#gallery-1 {\n\t\t\t\t\tmargin: auto;\n\t\t\t\t}\n\t\t\t\t#gallery-1 .gallery-item {\n\t\t\t\t\tfloat: left;\n\t\t\t\t\tmargin-top: 10px;\n\t\t\t\t\ttext-align: center;\n\t\t\t\t\twidth: 33%;\n\t\t\t\t}\n\t\t\t\t#gallery-1 img {\n\t\t\t\t\tborder: 2px solid #cfcfcf;\n\t\t\t\t}\n\t\t\t\t#gallery-1 .gallery-caption {\n\t\t\t\t\tmargin-left: 0;\n\t\t\t\t}\n\t\t\t\t\/* see gallery_shortcode() in wp-includes\/media.php *\/\n\t\t\t<\/style>\n\t\t<div id='gallery-1' class='dt-gallery-container gallery galleryid-286459 gallery-columns-3 gallery-size-thumbnail'><dl class='gallery-item'>\n\t\t\t\t<dt class='gallery-icon portrait'>\n\t\t\t\t\t<a class=\"rollover rollover-zoom dt-pswp-item\" title=\"290688032_5202012786518502_3440697100193424902_n\" data-dt-img-description=\"\" data-large_image_width=\"526\" data-large_image_height=\"701\"href='https:\/\/www.radiopiu.net\/wordpress\/wp-content\/uploads\/2022\/07\/290688032_5202012786518502_3440697100193424902_n.jpg'><img loading=\"lazy\" decoding=\"async\" width=\"150\" height=\"150\" src=\"https:\/\/www.radiopiu.net\/wordpress\/wp-content\/uploads\/2022\/07\/290688032_5202012786518502_3440697100193424902_n-150x150.jpg\" class=\"attachment-thumbnail size-thumbnail\" alt=\"\" aria-describedby=\"gallery-1-286585\" \/><\/a>\n\t\t\t\t<\/dt>\n\t\t\t\t\t<dd class='wp-caption-text gallery-caption' id='gallery-1-286585'>\n\t\t\t\t\tShekine Naidi  Grecia \nNuova esperienza anche per lei nel \u201cDomare \u201c la Dolomia\n\t\t\t\t\t<\/dd><\/dl><dl class='gallery-item'>\n\t\t\t\t<dt class='gallery-icon landscape'>\n\t\t\t\t\t<a class=\"rollover rollover-zoom dt-pswp-item\" title=\"291729552_5213287428724371_1833319693297728600_n\" data-dt-img-description=\"\" data-large_image_width=\"526\" data-large_image_height=\"526\"href='https:\/\/www.radiopiu.net\/wordpress\/wp-content\/uploads\/2022\/07\/291729552_5213287428724371_1833319693297728600_n.jpg'><img loading=\"lazy\" decoding=\"async\" width=\"150\" height=\"150\" src=\"https:\/\/www.radiopiu.net\/wordpress\/wp-content\/uploads\/2022\/07\/291729552_5213287428724371_1833319693297728600_n-150x150.jpg\" class=\"attachment-thumbnail size-thumbnail\" alt=\"\" aria-describedby=\"gallery-1-286584\" srcset=\"https:\/\/www.radiopiu.net\/wordpress\/wp-content\/uploads\/2022\/07\/291729552_5213287428724371_1833319693297728600_n-150x150.jpg 150w, https:\/\/www.radiopiu.net\/wordpress\/wp-content\/uploads\/2022\/07\/291729552_5213287428724371_1833319693297728600_n-300x300.jpg 300w, https:\/\/www.radiopiu.net\/wordpress\/wp-content\/uploads\/2022\/07\/291729552_5213287428724371_1833319693297728600_n.jpg 526w\" sizes=\"auto, (max-width: 150px) 100vw, 150px\" \/><\/a>\n\t\t\t\t<\/dt>\n\t\t\t\t\t<dd class='wp-caption-text gallery-caption' id='gallery-1-286584'>\n\t\t\t\t\tAbdulkadir hocaoglu  Istanbul \nTurchia  \nPorter\u00e0 la sua manualit\u00e0 sulla Dolomia \n\t\t\t\t\t<\/dd><\/dl><dl class='gallery-item'>\n\t\t\t\t<dt class='gallery-icon portrait'>\n\t\t\t\t\t<a class=\"rollover rollover-zoom dt-pswp-item\" title=\"291667119_5215541655165615_7748128755760722210_n\" data-dt-img-description=\"\" data-large_image_width=\"526\" data-large_image_height=\"936\"href='https:\/\/www.radiopiu.net\/wordpress\/wp-content\/uploads\/2022\/07\/291667119_5215541655165615_7748128755760722210_n.jpg'><img loading=\"lazy\" decoding=\"async\" width=\"150\" height=\"150\" src=\"https:\/\/www.radiopiu.net\/wordpress\/wp-content\/uploads\/2022\/07\/291667119_5215541655165615_7748128755760722210_n-150x150.jpg\" class=\"attachment-thumbnail size-thumbnail\" alt=\"\" aria-describedby=\"gallery-1-286583\" \/><\/a>\n\t\t\t\t<\/dt>\n\t\t\t\t\t<dd class='wp-caption-text gallery-caption' id='gallery-1-286583'>\n\t\t\t\t\tClaudia Zanaga da Padova IT. \nLa terza artista  con lei la squadra \u00e8 completa buon simposio 2022\n\t\t\t\t\t<\/dd><\/dl><br style=\"clear: both\" \/>\n\t\t\t<\/div>\n\n<p>&nbsp;<\/p>\n<hr \/>\n<p>&nbsp;<\/p>\n<blockquote>\n<h3>COVID IN PROVINCIA: AUMENTA IL TASSO DI POSITIVITA&#8217;, 43 PERSONE RICOVERATE E UN DECESSO NEGLI ULTIMI 7 GIORNI<\/h3>\n<\/blockquote>\n<p><strong>BELLUNO<\/strong> Aggiornamento sulla situazione epidemiologica a cura dell&#8217;ULSS 1 Dolomiti. Le persone attualmente positive sono 3644. Anche nella settimana qui analizzata si continua a registrare un aumento dei nuovi casi rispetto al precedente periodo di osservazione. Nel dettaglio, i nuovi casi rilevati nell\u2019ultima settimana sono 1.788 (+167 rispetto alla scorsa settimana), con un conseguente tasso di incidenza settimanale di 896 casi su 100 mila abitanti,\u00a0\u00a0\u00a0 significativamente inferiore all&#8217;incidenza nazionale (1.117 su 100 mila abitanti). Nella settimana scorsa sono stati eseguiti dai team dell\u2019Ulss Dolomiti 6.852 tamponi (di cui 2.674 molecolari e 4.178 antigenici). A questi si aggiungono 3.526 tamponi antigenici eseguiti dalle Farmacie del territorio, 90 tamponi eseguiti dai Pediatri di Libera scelta e 234 tamponi eseguiti dai Medici di Medicina Generale. In media, ogni giorno vengono eseguiti circa 770 tamponi ogni 100 mila abitanti. Sul sito <a href=\"http:\/\/www.aulss1.veneto.it\/\">www.aulss1.veneto.it<\/a> sono disponibili gli orari dei Covid Point. Si ricorda che il Covid Point di Paludi \u00e8 attivo tutti i giorni, festivi inclusi, dalle 8.30 alle 12.30. Sono stati somministrati 8 trattamenti con anticorpi monoclonali dall\u2019Unit\u00e0 Operativa di Malattie Infettive di Belluno, per un totale di 428 dosi complessive; Sono stati prescritti 32 trattamenti con farmaco antivirale orale per un totale di 341 trattamenti complessivi. Sono attuamente ricoverati 42 pazienti in area non critica (21 non covid) e uno negli ospedali di comunit\u00e0. <span class=\"Carpredefinitoparagrafo1\">In settimana \u00e8 stata attivata un\u2019ulteriore area di degenza per pazienti covid positivi all\u2019ospedale di Feltre, che si aggiunge a quella attiva all\u2019ospedale di Belluno. <\/span><span class=\"Carpredefinitoparagrafo1\">Nella settimana qui analizzata si \u00e8 registrato un decesso di pazienti covid positivi: <\/span><span class=\"Carpredefinitoparagrafo1\">un uomo di 91 anni ricoverato in Geriatria covid a Belluno.\u00a0<\/span><\/p>\n\n\t\t\t<style type='text\/css'>\n\t\t\t\t#gallery-2 {\n\t\t\t\t\tmargin: auto;\n\t\t\t\t}\n\t\t\t\t#gallery-2 .gallery-item {\n\t\t\t\t\tfloat: left;\n\t\t\t\t\tmargin-top: 10px;\n\t\t\t\t\ttext-align: center;\n\t\t\t\t\twidth: 33%;\n\t\t\t\t}\n\t\t\t\t#gallery-2 img {\n\t\t\t\t\tborder: 2px solid #cfcfcf;\n\t\t\t\t}\n\t\t\t\t#gallery-2 .gallery-caption {\n\t\t\t\t\tmargin-left: 0;\n\t\t\t\t}\n\t\t\t\t\/* see gallery_shortcode() in wp-includes\/media.php *\/\n\t\t\t<\/style>\n\t\t<div id='gallery-2' class='dt-gallery-container gallery galleryid-286459 gallery-columns-3 gallery-size-thumbnail'><dl class='gallery-item'>\n\t\t\t\t<dt class='gallery-icon landscape'>\n\t\t\t\t\t<a class=\"rollover rollover-zoom dt-pswp-item\" title=\"1\" data-dt-img-description=\"\" data-large_image_width=\"964\" data-large_image_height=\"600\"href='https:\/\/www.radiopiu.net\/wordpress\/wp-content\/uploads\/2022\/07\/1.png'><img loading=\"lazy\" decoding=\"async\" width=\"150\" height=\"150\" src=\"https:\/\/www.radiopiu.net\/wordpress\/wp-content\/uploads\/2022\/07\/1-150x150.png\" class=\"attachment-thumbnail size-thumbnail\" alt=\"\" aria-describedby=\"gallery-2-286528\" \/><\/a>\n\t\t\t\t<\/dt>\n\t\t\t\t\t<dd class='wp-caption-text gallery-caption' id='gallery-2-286528'>\n\t\t\t\t\tANDAMENTO EPIDEMICO COVID DAI PRIMI DI MARZO 2020 AD OGGI\n\t\t\t\t\t<\/dd><\/dl><dl class='gallery-item'>\n\t\t\t\t<dt class='gallery-icon portrait'>\n\t\t\t\t\t<a class=\"rollover rollover-zoom dt-pswp-item\" title=\"2\" data-dt-img-description=\"\" data-large_image_width=\"964\" data-large_image_height=\"996\"href='https:\/\/www.radiopiu.net\/wordpress\/wp-content\/uploads\/2022\/07\/2.jpg'><img loading=\"lazy\" decoding=\"async\" width=\"150\" height=\"150\" src=\"https:\/\/www.radiopiu.net\/wordpress\/wp-content\/uploads\/2022\/07\/2-150x150.jpg\" class=\"attachment-thumbnail size-thumbnail\" alt=\"\" aria-describedby=\"gallery-2-286529\" \/><\/a>\n\t\t\t\t<\/dt>\n\t\t\t\t\t<dd class='wp-caption-text gallery-caption' id='gallery-2-286529'>\n\t\t\t\t\tL\u2019INCIDENZA SETTIMANALE PER SINGOLO COMUNE\n\t\t\t\t\t<\/dd><\/dl><dl class='gallery-item'>\n\t\t\t\t<dt class='gallery-icon landscape'>\n\t\t\t\t\t<a class=\"rollover rollover-zoom dt-pswp-item\" title=\"3\" data-dt-img-description=\"\" data-large_image_width=\"964\" data-large_image_height=\"628\"href='https:\/\/www.radiopiu.net\/wordpress\/wp-content\/uploads\/2022\/07\/3.png'><img loading=\"lazy\" decoding=\"async\" width=\"150\" height=\"150\" src=\"https:\/\/www.radiopiu.net\/wordpress\/wp-content\/uploads\/2022\/07\/3-150x150.png\" class=\"attachment-thumbnail size-thumbnail\" alt=\"\" aria-describedby=\"gallery-2-286530\" \/><\/a>\n\t\t\t\t<\/dt>\n\t\t\t\t\t<dd class='wp-caption-text gallery-caption' id='gallery-2-286530'>\n\t\t\t\t\tCASI PER FASCIA D&#8217;ETA&#8217;\n\t\t\t\t\t<\/dd><\/dl><br style=\"clear: both\" \/>\n\t\t\t<\/div>\n\n<p>&nbsp;<\/p>\n<hr \/>\n<p>&nbsp;<\/p>\n<blockquote>\n<h3>LUCIANO BASSI, IL NUOVO PRESIDENTE DEL CONSIGLIO COMUNALE DI BELLUNO<\/h3>\n<\/blockquote>\n<p><a class=\"dt-pswp-item\" href=\"https:\/\/www.radiopiu.net\/wordpress\/wp-content\/uploads\/2022\/07\/f568fac1-5942-4acd-800f-8f7e3e0d14bd.jpg\" data-dt-img-description=\"\" data-large_image_width=\"1600\" data-large_image_height=\"902\"><img loading=\"lazy\" decoding=\"async\" class=\"alignnone size-thumbnail wp-image-286634\" src=\"https:\/\/www.radiopiu.net\/wordpress\/wp-content\/uploads\/2022\/07\/f568fac1-5942-4acd-800f-8f7e3e0d14bd-150x150.jpg\" alt=\"\" width=\"150\" height=\"150\" \/><\/a><br \/>\n<strong>BELLUNO\u00a0<\/strong><\/p>\n<p><strong>MORENO GIOLI<\/strong><\/p>\n<audio class=\"wp-audio-shortcode\" id=\"audio-286459-2\" preload=\"none\" style=\"width: 100%;\" controls=\"controls\"><source type=\"audio\/mpeg\" src=\"https:\/\/www.radiopiu.net\/wordpress\/wp-content\/uploads\/2022\/07\/MORENOGIOLI.mp3?_=2\" \/><a href=\"https:\/\/www.radiopiu.net\/wordpress\/wp-content\/uploads\/2022\/07\/MORENOGIOLI.mp3\">https:\/\/www.radiopiu.net\/wordpress\/wp-content\/uploads\/2022\/07\/MORENOGIOLI.mp3<\/a><\/audio>\n<p>&nbsp;<\/p>\n<p>&nbsp;<\/p>\n<p>&nbsp;<\/p>\n<hr \/>\n<p>&nbsp;<\/p>\n<blockquote class=\"wp-embedded-content\" data-secret=\"TTkxb98qVw\"><p><a href=\"https:\/\/www.radiopiu.net\/wordpress\/aggnazionaleluglio11\/\">CORONAVIRUS: AGGIORNAMENTO NAZIONALE 11 LUGLIO 2022<\/a><\/p><\/blockquote>\n<p><iframe loading=\"lazy\" class=\"wp-embedded-content\" sandbox=\"allow-scripts\" security=\"restricted\" style=\"position: absolute; clip: rect(1px, 1px, 1px, 1px);\" title=\"&#8220;CORONAVIRUS: AGGIORNAMENTO NAZIONALE 11 LUGLIO 2022&#8221; &#8212; Radio Pi\u00f9\" src=\"https:\/\/www.radiopiu.net\/wordpress\/aggnazionaleluglio11\/embed\/#?secret=rxVl0KgddH#?secret=TTkxb98qVw\" data-secret=\"TTkxb98qVw\" width=\"600\" height=\"338\" frameborder=\"0\" marginwidth=\"0\" marginheight=\"0\" scrolling=\"no\"><\/iframe><\/p>\n<p>&nbsp;<\/p>\n<blockquote class=\"wp-embedded-content\" data-secret=\"zEdQ7N7nR6\"><p><a href=\"https:\/\/www.radiopiu.net\/wordpress\/aggazzeroluglio11\/\">UNDICI DECESSI E 2317 NUOVE POSITIVITA&#8217; NELLE ULTIME 24 ORE IN VENETO. AUMENTANO I RICOVERI<\/a><\/p><\/blockquote>\n<p><iframe loading=\"lazy\" class=\"wp-embedded-content\" sandbox=\"allow-scripts\" security=\"restricted\" style=\"position: absolute; clip: rect(1px, 1px, 1px, 1px);\" title=\"&#8220;UNDICI DECESSI E 2317 NUOVE POSITIVITA&#8217; NELLE ULTIME 24 ORE IN VENETO. AUMENTANO I RICOVERI&#8221; &#8212; Radio Pi\u00f9\" src=\"https:\/\/www.radiopiu.net\/wordpress\/aggazzeroluglio11\/embed\/#?secret=3ElkcexjhN#?secret=zEdQ7N7nR6\" data-secret=\"zEdQ7N7nR6\" width=\"600\" height=\"338\" frameborder=\"0\" marginwidth=\"0\" marginheight=\"0\" scrolling=\"no\"><\/iframe><\/p>\n<p>&nbsp;<\/p>\n<h2>I GRAFICI DI TIZIANO DE COL<\/h2>\n\n\t\t\t<style type='text\/css'>\n\t\t\t\t#gallery-3 {\n\t\t\t\t\tmargin: auto;\n\t\t\t\t}\n\t\t\t\t#gallery-3 .gallery-item {\n\t\t\t\t\tfloat: left;\n\t\t\t\t\tmargin-top: 10px;\n\t\t\t\t\ttext-align: center;\n\t\t\t\t\twidth: 33%;\n\t\t\t\t}\n\t\t\t\t#gallery-3 img {\n\t\t\t\t\tborder: 2px solid #cfcfcf;\n\t\t\t\t}\n\t\t\t\t#gallery-3 .gallery-caption {\n\t\t\t\t\tmargin-left: 0;\n\t\t\t\t}\n\t\t\t\t\/* see gallery_shortcode() in wp-includes\/media.php *\/\n\t\t\t<\/style>\n\t\t<div id='gallery-3' class='dt-gallery-container gallery galleryid-286459 gallery-columns-3 gallery-size-thumbnail'><dl class='gallery-item'>\n\t\t\t\t<dt class='gallery-icon landscape'>\n\t\t\t\t\t<a class=\"rollover rollover-zoom dt-pswp-item\" title=\"6df530fd-e38f-42c6-8004-c75cc24a65b3\" data-dt-img-description=\"\" data-large_image_width=\"588\" data-large_image_height=\"362\"href='https:\/\/www.radiopiu.net\/wordpress\/wp-content\/uploads\/2022\/07\/6df530fd-e38f-42c6-8004-c75cc24a65b3.jpg'><img loading=\"lazy\" decoding=\"async\" width=\"150\" height=\"150\" src=\"https:\/\/www.radiopiu.net\/wordpress\/wp-content\/uploads\/2022\/07\/6df530fd-e38f-42c6-8004-c75cc24a65b3-150x150.jpg\" class=\"attachment-thumbnail size-thumbnail\" alt=\"\" \/><\/a>\n\t\t\t\t<\/dt><\/dl><dl class='gallery-item'>\n\t\t\t\t<dt class='gallery-icon landscape'>\n\t\t\t\t\t<a class=\"rollover rollover-zoom dt-pswp-item\" title=\"b17110e7-7b3f-4176-ad22-b815061eecd9\" data-dt-img-description=\"\" data-large_image_width=\"596\" data-large_image_height=\"362\"href='https:\/\/www.radiopiu.net\/wordpress\/wp-content\/uploads\/2022\/07\/b17110e7-7b3f-4176-ad22-b815061eecd9.jpg'><img loading=\"lazy\" decoding=\"async\" width=\"150\" height=\"150\" src=\"https:\/\/www.radiopiu.net\/wordpress\/wp-content\/uploads\/2022\/07\/b17110e7-7b3f-4176-ad22-b815061eecd9-150x150.jpg\" class=\"attachment-thumbnail size-thumbnail\" alt=\"\" \/><\/a>\n\t\t\t\t<\/dt><\/dl><dl class='gallery-item'>\n\t\t\t\t<dt class='gallery-icon landscape'>\n\t\t\t\t\t<a class=\"rollover rollover-zoom dt-pswp-item\" title=\"e9bff1ac-b178-4754-84eb-0a3dea282803\" data-dt-img-description=\"\" data-large_image_width=\"604\" data-large_image_height=\"365\"href='https:\/\/www.radiopiu.net\/wordpress\/wp-content\/uploads\/2022\/07\/e9bff1ac-b178-4754-84eb-0a3dea282803.jpg'><img loading=\"lazy\" decoding=\"async\" width=\"150\" height=\"150\" src=\"https:\/\/www.radiopiu.net\/wordpress\/wp-content\/uploads\/2022\/07\/e9bff1ac-b178-4754-84eb-0a3dea282803-150x150.jpg\" class=\"attachment-thumbnail size-thumbnail\" alt=\"\" \/><\/a>\n\t\t\t\t<\/dt><\/dl><br style=\"clear: both\" \/><dl class='gallery-item'>\n\t\t\t\t<dt class='gallery-icon landscape'>\n\t\t\t\t\t<a class=\"rollover rollover-zoom dt-pswp-item\" title=\"2a16b1db-4284-417a-aac6-975d99485bbc\" data-dt-img-description=\"\" data-large_image_width=\"612\" data-large_image_height=\"369\"href='https:\/\/www.radiopiu.net\/wordpress\/wp-content\/uploads\/2022\/07\/2a16b1db-4284-417a-aac6-975d99485bbc.jpg'><img loading=\"lazy\" decoding=\"async\" width=\"150\" height=\"150\" src=\"https:\/\/www.radiopiu.net\/wordpress\/wp-content\/uploads\/2022\/07\/2a16b1db-4284-417a-aac6-975d99485bbc-150x150.jpg\" class=\"attachment-thumbnail size-thumbnail\" alt=\"\" \/><\/a>\n\t\t\t\t<\/dt><\/dl><dl class='gallery-item'>\n\t\t\t\t<dt class='gallery-icon landscape'>\n\t\t\t\t\t<a class=\"rollover rollover-zoom dt-pswp-item\" title=\"390f7b64-d1aa-4218-ad89-c5cb80a01404\" data-dt-img-description=\"\" data-large_image_width=\"612\" data-large_image_height=\"363\"href='https:\/\/www.radiopiu.net\/wordpress\/wp-content\/uploads\/2022\/07\/390f7b64-d1aa-4218-ad89-c5cb80a01404.jpg'><img loading=\"lazy\" decoding=\"async\" width=\"150\" height=\"150\" src=\"https:\/\/www.radiopiu.net\/wordpress\/wp-content\/uploads\/2022\/07\/390f7b64-d1aa-4218-ad89-c5cb80a01404-150x150.jpg\" class=\"attachment-thumbnail size-thumbnail\" alt=\"\" \/><\/a>\n\t\t\t\t<\/dt><\/dl><dl class='gallery-item'>\n\t\t\t\t<dt class='gallery-icon landscape'>\n\t\t\t\t\t<a class=\"rollover rollover-zoom dt-pswp-item\" title=\"899458a3-c3c5-449e-a57a-0a74ad392a56\" data-dt-img-description=\"\" data-large_image_width=\"616\" data-large_image_height=\"364\"href='https:\/\/www.radiopiu.net\/wordpress\/wp-content\/uploads\/2022\/07\/899458a3-c3c5-449e-a57a-0a74ad392a56.jpg'><img loading=\"lazy\" decoding=\"async\" width=\"150\" height=\"150\" src=\"https:\/\/www.radiopiu.net\/wordpress\/wp-content\/uploads\/2022\/07\/899458a3-c3c5-449e-a57a-0a74ad392a56-150x150.jpg\" class=\"attachment-thumbnail size-thumbnail\" alt=\"\" \/><\/a>\n\t\t\t\t<\/dt><\/dl><br style=\"clear: both\" \/>\n\t\t\t<\/div>\n\n<p>&nbsp;<\/p>\n<hr \/>\n<p>&nbsp;<\/p>\n<blockquote>\n<h3>TAMPONI NEI COVID POINT: NECESSARIA LA PRENOTAZIONE<\/h3>\n<\/blockquote>\n<p><strong>BELLUNO <\/strong>La forte ripresa epidemica attiva in questi giorni comporta una grande richiesta di tamponi rapidi e molecolari. Si ricorda che i tamponi possono essere eseguiti: Nei covid point aziendali (Paludi, Feltre, Agordo e Tai di Cadore) \u2013 su prenotazione dal sito <a href=\"http:\/\/www.aulss1.veneto.it\">www.aulss1.veneto.it<\/a>, assolutamente necessaria per evitare attese. Presso i Medici di Medicina Generale e Pediatri di Libera Scelta (solo tamponi antigenici). Presso le Farmacie del territorio (solo tamponi antigenici) \u2013 vedi elenco nel sito <a href=\"http:\/\/www.aulss1.veneto.it\">www.aulss1.veneto.it<\/a><\/p>\n<p>&nbsp;<\/p>\n<p>&nbsp;<\/p>\n<hr \/>\n<p>&nbsp;<\/p>\n<blockquote>\n<h3>QUARTE DOSI: SEDUTA DI RECUPERO A TAI PRENOTABILE DAL SITO<\/h3>\n<\/blockquote>\n<p><strong><a class=\"dt-pswp-item\" href=\"https:\/\/www.radiopiu.net\/wordpress\/wp-content\/uploads\/2022\/01\/VACCINO.jpg\" data-dt-img-description=\"\" data-large_image_width=\"1920\" data-large_image_height=\"1281\"><img loading=\"lazy\" decoding=\"async\" class=\"size-thumbnail wp-image-256141 alignleft\" src=\"https:\/\/www.radiopiu.net\/wordpress\/wp-content\/uploads\/2022\/01\/VACCINO-150x150.jpg\" alt=\"\" width=\"150\" height=\"150\" \/><\/a>BELLUNO <\/strong>L&#8217;Ulss Dolomiti ha organizzato l&#8217;offerta vaccinale quarta dose covid per over 80 invitando gli stessi mediante lettera in cinque Centri vaccinali dal 30 giugno al 15 luglio. Le lettere sono state spedite circa un mese fa per evitare rischi di mancato recapito: si era in fase di bassa circolazione virale con basse prenotazioni ordinarie di vaccinazione. Sulla base di ci\u00f2 era stata prevista un\u2019adesione del 20-25%. La forte ripresa epidemica di questi giorni ha determinato un\u2019aumentata attenzione nei nostri anziani alla necessit\u00e0 di eseguire la quarta dose con tassi di adesione del 40-45%. Questo ha comportato alcune difficolt\u00e0 la scorsa settimana, in particolare a Agordo e Feltre con comunque regolare conclusione della seduta vaccinale. La seduta odierna di Tai di Cadore, nonostante il potenziamento dell\u2019organico dedicato, ha registrato difficolt\u00e0 e rallentamenti. Pur avendo eseguito oltre 500 dosi di vaccino, alcune persone, per eccessiva attesa, non hanno potuto eseguire la vaccinazione programmata.\u00a0L\u2019ulss Dolomiti attiver\u00e0 quindi una seduta vaccinale di recupero su prenotazione attiva da domani sul sito www.aulss1.veneto.it<\/p>\n<p>&nbsp;<\/p>\n<p>&nbsp;<\/p>\n<hr \/>\n<p>&nbsp;<\/p>\n<blockquote>\n<h3>L&#8217;OPINIONE&#8230;di Franco Piacentini _ Feltre<\/h3>\n<p><a class=\"dt-pswp-item\" href=\"https:\/\/www.radiopiu.net\/wordpress\/wp-content\/uploads\/2018\/06\/sanita.jpg\" data-dt-img-description=\"\" data-large_image_width=\"1280\" data-large_image_height=\"803\"><img loading=\"lazy\" decoding=\"async\" class=\"size-thumbnail wp-image-51292 alignleft\" src=\"https:\/\/www.radiopiu.net\/wordpress\/wp-content\/uploads\/2018\/06\/sanita-150x150.jpg\" alt=\"\" width=\"150\" height=\"150\" \/><\/a><em>In questi giorni, anche sui mass-media, sono emerse delle prese di posizione, da parte di alcune persone, dalle quali si rilevano delle preoccupanti criticit\u00e0 nel sistema sociosanitario veneto. Avendo, negli anni scorsi, svolto attivit\u00e0 sindacale nel dipartimento Welfare della CGIL, confrontandomi in varie sedi associative ed istituzionali (anche) su come ampliare qualitativamente le prestazioni sanitarie, oggi pi\u00f9 di ieri, anche per effetto della drammatica pandemia\u00a0Covid\u00a019, sono maggiormente convinto che la sanit\u00e0 veneta (nella sua integrazione con i servizi socio-assistenziali) pu\u00f2 ritornare ai precedenti livelli di efficienza, riconosciuti ed apprezzati in tutta Italia, se saranno realizzate le strutture sanitarie territoriali di base H24 Case di Comunit\u00e0, aperte 24 ore al giorno, 7 giorni su 7, con dotazione organica di tutte le principali professionalit\u00e0 sociosanitarie. Su questo versante sar\u00e0 bene ed opportuno che la Regione Veneto acceleri la realizzazione di questa &#8220;nuova sanit\u00e0 territoriale&#8221; .<\/em><\/p>\n<p><em>Franco Piacentini<\/em><\/p><\/blockquote>\n<p>&nbsp;<\/p>\n<p>&nbsp;<\/p>\n<hr \/>\n<p>&nbsp;<\/p>\n<blockquote>\n<h3>DALLA CAOTICA MILANO ALLA TRANQUILLA SAN TOMASO PER GESTIRE UNA PIZZERIA<\/h3>\n<\/blockquote>\n<p><strong>SAN TOMASO<\/strong> Come ogni lunedi Gianni Santomaso dalle pagine del Corriere delle Alpi racconta una storia, un personaggio, un pezzo di vita dell\u2019Agordino \u201cVivere l\u2019Agordino\u201d una raccolta spaccato di vita agordina con le immancabili vignette di Erica Andrich<\/p>\n<p><strong>di Gianni Santomaso<\/strong><\/p>\n<audio class=\"wp-audio-shortcode\" id=\"audio-286459-3\" preload=\"none\" style=\"width: 100%;\" controls=\"controls\"><source type=\"audio\/mpeg\" src=\"https:\/\/www.radiopiu.net\/wordpress\/wp-content\/uploads\/2022\/07\/GIANNI-SPECIALE-AGORDINO-GASPARDO-PAMPURI.mp3?_=3\" \/><a href=\"https:\/\/www.radiopiu.net\/wordpress\/wp-content\/uploads\/2022\/07\/GIANNI-SPECIALE-AGORDINO-GASPARDO-PAMPURI.mp3\">https:\/\/www.radiopiu.net\/wordpress\/wp-content\/uploads\/2022\/07\/GIANNI-SPECIALE-AGORDINO-GASPARDO-PAMPURI.mp3<\/a><\/audio>\n<p>&nbsp;<\/p>\n\n\t\t\t<style type='text\/css'>\n\t\t\t\t#gallery-4 {\n\t\t\t\t\tmargin: auto;\n\t\t\t\t}\n\t\t\t\t#gallery-4 .gallery-item {\n\t\t\t\t\tfloat: left;\n\t\t\t\t\tmargin-top: 10px;\n\t\t\t\t\ttext-align: center;\n\t\t\t\t\twidth: 50%;\n\t\t\t\t}\n\t\t\t\t#gallery-4 img {\n\t\t\t\t\tborder: 2px solid #cfcfcf;\n\t\t\t\t}\n\t\t\t\t#gallery-4 .gallery-caption {\n\t\t\t\t\tmargin-left: 0;\n\t\t\t\t}\n\t\t\t\t\/* see gallery_shortcode() in wp-includes\/media.php *\/\n\t\t\t<\/style>\n\t\t<div id='gallery-4' class='dt-gallery-container gallery galleryid-286459 gallery-columns-2 gallery-size-thumbnail'><dl class='gallery-item'>\n\t\t\t\t<dt class='gallery-icon landscape'>\n\t\t\t\t\t<a class=\"rollover rollover-zoom dt-pswp-item\" title=\"7e06c4ec-8dff-4f58-b9ff-89a5b32943b3\" data-dt-img-description=\"\" data-large_image_width=\"1600\" data-large_image_height=\"901\"href='https:\/\/www.radiopiu.net\/wordpress\/wp-content\/uploads\/2022\/07\/7e06c4ec-8dff-4f58-b9ff-89a5b32943b3.jpg'><img loading=\"lazy\" decoding=\"async\" width=\"150\" height=\"150\" src=\"https:\/\/www.radiopiu.net\/wordpress\/wp-content\/uploads\/2022\/07\/7e06c4ec-8dff-4f58-b9ff-89a5b32943b3-150x150.jpg\" class=\"attachment-thumbnail size-thumbnail\" alt=\"\" \/><\/a>\n\t\t\t\t<\/dt><\/dl><dl class='gallery-item'>\n\t\t\t\t<dt class='gallery-icon portrait'>\n\t\t\t\t\t<a class=\"rollover rollover-zoom dt-pswp-item\" title=\"0\" data-dt-img-description=\"\" data-large_image_width=\"1718\" data-large_image_height=\"1812\"href='https:\/\/www.radiopiu.net\/wordpress\/wp-content\/uploads\/2022\/07\/0-1.png'><img loading=\"lazy\" decoding=\"async\" width=\"150\" height=\"150\" src=\"https:\/\/www.radiopiu.net\/wordpress\/wp-content\/uploads\/2022\/07\/0-1-150x150.png\" class=\"attachment-thumbnail size-thumbnail\" alt=\"\" \/><\/a>\n\t\t\t\t<\/dt><\/dl><br style=\"clear: both\" \/>\n\t\t\t<\/div>\n\n<p>&nbsp;<\/p>\n<hr \/>\n<p>&nbsp;<\/p>\n<blockquote>\n<h3>ALICE, MEDICO CON LODE<\/h3>\n<\/blockquote>\n<p><strong>LENTIAI<\/strong> Congratulazioni ad Alice Sbardella, si \u00e8 laureata in Medicina e Chirurgia in lingua inglese all&#8217;International Medical School di Roma &#8220;Tor Vergata&#8221; con 110 e Lode.<\/p>\n<p><a class=\"dt-pswp-item\" href=\"https:\/\/www.radiopiu.net\/wordpress\/wp-content\/uploads\/2022\/07\/ALICE.jpg\" data-dt-img-description=\"\" data-large_image_width=\"566\" data-large_image_height=\"398\"><img loading=\"lazy\" decoding=\"async\" class=\"alignnone size-thumbnail wp-image-286627\" src=\"https:\/\/www.radiopiu.net\/wordpress\/wp-content\/uploads\/2022\/07\/ALICE-150x150.jpg\" alt=\"\" width=\"150\" height=\"150\" \/><\/a><\/p>\n<p>&nbsp;<\/p>\n<p>&nbsp;<\/p>\n<hr \/>\n<p>&nbsp;<\/p>\n<blockquote>\n<h3>DA VALLADA A QUITO, CAPITALE DELL&#8217;ECUADOR, PER AIUTARE I BAMBINI BISOGNOSI<\/h3>\n<\/blockquote>\n<p><strong><a class=\"dt-pswp-item\" href=\"https:\/\/www.radiopiu.net\/wordpress\/wp-content\/uploads\/2022\/07\/Sonia-con-i-bambini-del-CENIT-di-Quito-durante-unuscita.jpeg\" data-dt-img-description=\"\" data-large_image_width=\"1280\" data-large_image_height=\"959\"><img loading=\"lazy\" decoding=\"async\" class=\"size-thumbnail wp-image-286484 alignleft\" src=\"https:\/\/www.radiopiu.net\/wordpress\/wp-content\/uploads\/2022\/07\/Sonia-con-i-bambini-del-CENIT-di-Quito-durante-unuscita-150x150.jpeg\" alt=\"\" width=\"150\" height=\"150\" \/><\/a>di Luisa Manfroi<\/strong><\/p>\n<p>Diecimila chilometri di distanza separano Vallada Agordina da Quito, capitale dell\u2019Ecuador dove da\u00a0 un mese, e per tutta l\u2019estate, presta il suo lavoro di volontariato Sonia Andrich. Ventisei anni, di Vallada, una laurea in Lingue per la Comunicazione Turistica e Commerciale, Sonia conosce molto bene lo spagnolo e ha deciso di fare questa esperienza di volontariato tramite il Centro Missionario di Belluno\u00a0 in contatto con il CENIT (Centro Integral de la Ni\u00f1ez y de la Adolescencia), una struttura riservata a bambini e ragazzi di diverse et\u00e0 fondata una trentina di anni fa dalla Congregazione delle Suore del Buon Pastore per contrastare l\u2019aumento del lavoro minorile, promuovere i diritti dell\u2019infanzia e l\u2019uguaglianza di genere, creare programmi educativi e dare la possibilit\u00e0 ai bambini di ricevere un\u2019istruzione scolastica adeguata senza dover andare a lavorare precocemente. Quito, a 2800 metri sul livello del mare, \u00e8 la seconda tra le capitali pi\u00f9 alte al mondo. Vive le contraddizioni di\u00a0 tutte le grandi citt\u00e0 e la sua popolazione di oltre due milioni di abitanti, vede la convivenza di etnie diverse. Sono soprattutto i quartieri a sud, quelli popolari, in condizioni disagiate e richiedono l\u2019aiuto dei volontari. In cosa consiste il tuo lavoro?\u00a0 \u00abNel CEA (Centro de Apoyo Escolar), un dopo-scuola dove mi occupo di affiancare i bambini di diverse et\u00e0 nel fare i compiti. Non tutti sanno parlare bene lo spagnolo. Una volta finiti quelli si passa al momento della ricreazione, quindi al gioco e al pranzo che quasi sempre \u00e8 l\u2019unico pasto che i ricevono durante tutta la giornata, a causa della povert\u00e0 della famiglia impossibilitata ad acquistare alimenti per tutti. Il pomeriggio arriva un altro gruppo\u00a0 e si procede con la stessa routine. Ora che le scuole sono finite, si organizzano dei campi estivi\u00a0 perch\u00e9 possano continuare a venire a CENIT e non debbano andare a lavorare.\u00bb Dal racconto di Sonia risulta che\u00a0 tanti\u00a0 sono gli ambulanti a recarsi nei vari mercati per vendere i propri prodotti (frutta, verdura, carne, pesce, abbigliamento\u2026). <a class=\"dt-pswp-item\" href=\"https:\/\/www.radiopiu.net\/wordpress\/wp-content\/uploads\/2022\/07\/Disegni-dei-bambini-del-CENIT-di-Quito.jpeg\" data-dt-img-description=\"\" data-large_image_width=\"1600\" data-large_image_height=\"1200\"><img loading=\"lazy\" decoding=\"async\" class=\"size-thumbnail wp-image-286486 alignright\" src=\"https:\/\/www.radiopiu.net\/wordpress\/wp-content\/uploads\/2022\/07\/Disegni-dei-bambini-del-CENIT-di-Quito-150x150.jpeg\" alt=\"\" width=\"150\" height=\"150\" \/><\/a>Alcuni di loro appartengono alle comunit\u00e0 indigene dell\u2019Amazzonia, della minoranza linguistica Kichwa. \u00abAl sud la gente vive con poco. Le case sono semplici, molte sono diroccate, le strade a tratti non sono ben asfaltate e abbastanza sporche. Spostandosi verso nord la situazione sociale ed economica migliora nettamente, maggiori sono i servizi e le opportunit\u00e0 lavorative e Quito sembra quasi una citt\u00e0 europea\u00bb. Quali sono le criticit\u00e0\u00a0 sociali ed economiche? \u00abCe ne sono molte. La discriminazione da parte della gente e del Governo verso la popolazione, le difficolt\u00e0 legate alle differenze linguistiche ed etniche, la violenza che sta aumentando in tutti i quartieri. Per di pi\u00f9 ci sono problemi di alimentazione, di educazione, di lavoro minorile, di sfruttamento del territorio. Alla sanit\u00e0 mancano i fondi e spesso sono gli stessi pazienti a dover comprare gli strumenti per essere curati negli ospedali. Da poco si \u00e8 concluso uno sciopero nazionale,\u00a0 durato diciotto giorni e voluto dalle comunit\u00e0 indigene, che ha completamente paralizzato il Paese con strade e scuole chiuse. Chiedono al Governo la diminuzione del costo dei carburanti, una regolazione dei prezzi delle materie prime, un miglioramento dei servizi quali educazione, sanit\u00e0, sicurezza, impedire che si estendano i territori da destinare all\u2019estrazione del petrolio e dei minerali, tra cui l\u2019oro, promuovere un\u2019educazione interculturale bilingue.\u00bb Come sempre esiste il lato buono della medaglia. Quali sono gli aspetti positivi che ritieni di evidenziare? \u00abLa disponibilit\u00e0 e l\u2019accoglienza delle persone, pronte ad aiutare e a raccontare la propria storia. Amano il proprio Paese anche se sono consapevoli dell\u2019esistenza di problemi e\u00a0 vogliono cambiare in meglio.\u00a0 Qui al CEA alcune si dedicano con cura ai bambini\u00a0 con l\u2019apporto di psicologi, insegnanti, assistenti sociali, medici che si impegnano\u00a0 per migliorare le\u00a0 condizioni di vita dei bambini e ragazzi e far rispettare i loro diritti. Tra questi\u00a0 artisti come Luis Lopez Luzuriaga che manifesta in modo artistico la sua lotta sociale e culturale\u00a0 trasformando alcuni oggetti della citt\u00e0 in cieli azzurri e nuvole.\u00bb\u00a0 Al momento, Sonia \u00e8 l\u2019unica volontaria straniera. In altri periodi collaborano altri volontari soprattutto dagli Stati Uniti e dall\u2019Europa. <a class=\"dt-pswp-item\" href=\"https:\/\/www.radiopiu.net\/wordpress\/wp-content\/uploads\/2022\/07\/bambini-del-centro-scolastico-CENIT-in-Ecuador.jpg\" data-dt-img-description=\"\" data-large_image_width=\"1032\" data-large_image_height=\"581\"><img loading=\"lazy\" decoding=\"async\" class=\"size-thumbnail wp-image-286485 alignleft\" src=\"https:\/\/www.radiopiu.net\/wordpress\/wp-content\/uploads\/2022\/07\/bambini-del-centro-scolastico-CENIT-in-Ecuador-150x150.jpg\" alt=\"\" width=\"150\" height=\"150\" \/><\/a>Ma fino a poche settimane fa, a Quito, c\u2019era pure un altro agordino, Davide Cassisi, impegnato da ottobre a giugno in un progetto con la Caritas (seguir\u00e0\u00a0 nei prossimi giorni il racconto della sua esperienza). Viene spontaneo chiedere se si pu\u00f2 sostenere economicamente questa struttura. \u00abSi possono fare\u00a0 donazioni a distanza al CENIT per permettere la realizzazione dei progetti promossi dal centro e far fronte alle spese quotidiane. \u00c8 possibile, inoltre, fare una mano alle famiglie a pagare gli studi ai propri figli, come se fosse una sorta di adozione a distanza. Ci si pu\u00f2 rivolgere direttamente all\u2019Associazione Insieme si pu\u00f2 (www.365giorni.org)\u00a0 che da anni \u00e8 in contatto con il CENIT o farlo dalla pagina web del centro \u201cwww.cenitecuador.org\u201d. Altre informazioni sono presenti sulla\u00a0 pagina Facebook \u201cfacebook.com\/cenitecuador\u201d.\u00bb<\/p>\n<p>&nbsp;<\/p>\n<p>&nbsp;<\/p>\n<hr \/>\n<p>&nbsp;<\/p>\n<blockquote class=\"wp-embedded-content\" data-secret=\"cmnmPf8zOi\"><p><a href=\"https:\/\/www.radiopiu.net\/wordpress\/la-visita-del-cardinale-parolin\/\">LA VISITA DEL  CARDINALE PAROLIN<\/a><\/p><\/blockquote>\n<p><iframe loading=\"lazy\" class=\"wp-embedded-content\" sandbox=\"allow-scripts\" security=\"restricted\" style=\"position: absolute; clip: rect(1px, 1px, 1px, 1px);\" title=\"&#8220;LA VISITA DEL  CARDINALE PAROLIN&#8221; &#8212; Radio Pi\u00f9\" src=\"https:\/\/www.radiopiu.net\/wordpress\/la-visita-del-cardinale-parolin\/embed\/#?secret=4dqcCpqnm7#?secret=cmnmPf8zOi\" data-secret=\"cmnmPf8zOi\" width=\"600\" height=\"338\" frameborder=\"0\" marginwidth=\"0\" marginheight=\"0\" scrolling=\"no\"><\/iframe><\/p>\n<p>&nbsp;<\/p>\n<p>&nbsp;<\/p>\n<hr \/>\n<p>&nbsp;<\/p>\n<blockquote>\n<h3>RESTAURATA LA COPERTURA DELL\u2019ALTARE DEL SANTUARIO ALL\u2019APERTO DEDICATO A SAN GIOVANNI PAOLO II IN LOCALITA\u2019 MIRABELLO A LORENZAGO<\/h3>\n<\/blockquote>\n<p><strong><a class=\"dt-pswp-item\" href=\"https:\/\/www.radiopiu.net\/wordpress\/wp-content\/uploads\/2022\/07\/santuario2-scaled.jpg\" data-dt-img-description=\"\" data-large_image_width=\"2560\" data-large_image_height=\"1920\"><img loading=\"lazy\" decoding=\"async\" class=\"size-thumbnail wp-image-286495 alignleft\" src=\"https:\/\/www.radiopiu.net\/wordpress\/wp-content\/uploads\/2022\/07\/santuario2-150x150.jpg\" alt=\"\" width=\"150\" height=\"150\" \/><\/a>LORENZAGO<\/strong> Sara\u0300 il Cardinale Pietro Parolin a celebrare la Santa Messa per la benedizione dei lavori di restauro eseguiti al Santuario all\u2019aperto dedicato a Giovanni Paolo II. La cerimonia si terra\u0300 mercoledi\u0300 20 luglio alle ore 18 in localita\u0300 Mirabello a Lorenzago, alle spalle della villa dove i Papi hanno soggiornato per ben 7 volte. Il santuario, inaugurato nel 2014 proprio alla presenza del Segretario di Stato Vaticano, e\u0300 immerso nel bosco circondato da alti alberi di abete bianco che rendono l\u2019atmosfera suggestiva ed adatta per la preghiera e la meditazione. Gli eventi atmosferici degli ultimi anni hanno pero\u0300 pesantemente condizionato lo stato delle opere in legno costruite ed in particolare la struttura che ospitava l\u2019altare. Grazie ad una donazione privata della ditta Ivecos di Colle Umberto (TV) e\u0300 stato possibile nelle ultime settimane eseguire un corposo intervento di smantellamento della vecchia struttura e di costruzione di una nuova copertura.<\/p>\n<p>&nbsp;<\/p>\n<p>&nbsp;<\/p>\n<hr \/>\n<p>&nbsp;<\/p>\n<blockquote>\n<h3>IL CONCERTO DI GIORGIO FORNASIER AL NOF FILO&#8217;<\/h3>\n<\/blockquote>\n<p><strong><a class=\"dt-pswp-item\" href=\"https:\/\/www.radiopiu.net\/wordpress\/wp-content\/uploads\/2022\/07\/concerto-Giorgio-Fornasier-al-Nof-Filo\u0300-foto-Luisa-Manfroi-scaled.jpg\" data-dt-img-description=\"\" data-large_image_width=\"2560\" data-large_image_height=\"1440\"><img loading=\"lazy\" decoding=\"async\" class=\"size-thumbnail wp-image-286480 alignleft\" src=\"https:\/\/www.radiopiu.net\/wordpress\/wp-content\/uploads\/2022\/07\/concerto-Giorgio-Fornasier-al-Nof-Filo\u0300-foto-Luisa-Manfroi-150x150.jpg\" alt=\"\" width=\"150\" height=\"150\" \/><\/a>di Luisa Manfroi<\/strong><\/p>\n<p><strong>CENCENIGHE <\/strong>Sempre inarrestabile l\u2019estro creativo e l\u2019energia di Giorgio Fornasier ospite ancora una volta della Pro loco e Biblioteca di Cencenighe\u00a0 che venerd\u00ec sera, al Nof Fil\u00f2, ha intrattenuto il pubblico con il concerto \u201cQuando il canto canta e le canzoni canzonano\u201d. Una serata che ha ripercorso in musica la storia dei\u00a0 cinquant\u2019anni del duo \u201cI Belumat\u201d ma\u00a0 ha voluto anche essere un ricordo di Gianluigi (Gianni) Secco, scomparso nella primavera di due anni fa\u00a0 che con Fornasier ha formato una coppia\u00a0 affiatata. Significative\u00a0 le tourn\u00e9e in Italia e all\u2019estero dove i due si sono fatti apprezzare per la musicalit\u00e0 e la ricerca dei testi che scavano nella storia e nella tradizione locale. Lo dimostra pure il loro repertorio\u00a0 dai primi anni del Settanta costituito da un numero significativo di canti, una selezione\u00a0 dei quali \u00e8 stata proposta da Fornasier con l\u2019accompagnamento della sua immancabile chitarra.<\/p>\n<p>&nbsp;<\/p>\n<p>&nbsp;<\/p>\n<hr \/>\n<p>&nbsp;<\/p>\n<blockquote>\n<h3>DOMANI LA COMMEMORAZIONE DEI 200 ANNI DALLA MORTE DI VALERIO DA POS<\/h3>\n<\/blockquote>\n<p><strong><a class=\"dt-pswp-item\" href=\"https:\/\/www.radiopiu.net\/wordpress\/wp-content\/uploads\/2022\/07\/Valerio-Da-Pos-13_08_2022.jpg\" data-dt-img-description=\"\" data-large_image_width=\"1200\" data-large_image_height=\"1600\"><img loading=\"lazy\" decoding=\"async\" class=\"size-thumbnail wp-image-286490 alignleft\" src=\"https:\/\/www.radiopiu.net\/wordpress\/wp-content\/uploads\/2022\/07\/Valerio-Da-Pos-13_08_2022-150x150.jpg\" alt=\"\" width=\"150\" height=\"150\" \/><\/a>CANALE D&#8217;AGORDO<\/strong> Domani, alle 20.30, a Carfon di Canale d&#8217;Agordo, in piazza Valerio Da Pos, si terra\u0300 la commemorazione dei 200 anni della morte del poeta Valerio Da Pos. Nell&#8217;occasione il prof. Francesco Piero Franchi leggera\u0300 alcuni componimenti del poeta e si terra\u0300 l&#8217;inaugurazione del nuovo graffito dell&#8217;artista Dunio Piccolin. L&#8217;evento si terra\u0300 proprio nel piccolo paesino della Valle del Biois dove il poeta nacque nel 1740 e dove visse fino alla sua morte, avvenuta 200 anni fa, nel 1822. Agricoltore e pastore per necessita\u0300, Da Pos non smise di coltivare la sua grande passione per la poesia. Lettore vorace (secondo Da Pos i libri vanno comprati, letti e subito rivenduti per recuperare piu\u0300 denaro possibile, cosi\u0300 da potersi permettere un nuovo libro il giorno successivo), divenne mastellaio a Venezia dedicandosi alla scrittura nel tempo libero che gli restava. Tra coloro che ne lessero e lodarono i versi, vi furono Vincenzo Monti e Giosue\u0300 Carducci. Mori\u0300 nel 1822 e fu sepolto nella chiesa di San Simon di Vallada Agordina, dove una lapide lo ricorda ai posteri. Rare sono state le pubblicazioni stampate in vita. L&#8217;opera piu\u0300 importante venne pubblicata nel 1898 dal prof. Vittorio Fontana e riporta un&#8217;autobiografia dettata dal poeta all&#8217;amico dott. Paolo Zannini (medico originario di Canale d&#8217;Agordo che effettuo\u0300 l&#8217;autopsia ad Antonio Canova e che mori\u0300 nel 1843). Questo il programma: Alle 19 lo scoprimento dell&#8217;opera di Dunio Piccolin, Alle 19:30 apertura della Mostra presso la latteria e alle 20:30 la presentazione del libro &#8220;Canale Convertito&#8221;<\/p>\n<p><strong>DUE POESIE DI VALERIO DA POS<\/strong><\/p>\n<a href=\"https:\/\/www.radiopiu.net\/wordpress\/wp-content\/uploads\/2022\/07\/Poesie-Valerio-Da-Pos.pdf\" class=\"pdfemb-viewer\" style=\"\" data-width=\"max\" data-height=\"max\" data-toolbar=\"top\" data-toolbar-fixed=\"on\">Poesie Valerio Da Pos<\/a>\n<p>&nbsp;<\/p>\n<hr \/>\n<p>&nbsp;<\/p>\n<blockquote>\n<h3>SABATO L&#8217;INAUGURAZIONE DEL DIPINTO MURALE A LA VIGNA DI SOSPIROLO<\/h3>\n<\/blockquote>\n<p><strong>SOSPIROLO<\/strong><\/p>\n<p>di Roberto Bona<\/p>\n<audio class=\"wp-audio-shortcode\" id=\"audio-286459-4\" preload=\"none\" style=\"width: 100%;\" controls=\"controls\"><source type=\"audio\/mpeg\" src=\"https:\/\/www.radiopiu.net\/wordpress\/wp-content\/uploads\/2022\/07\/BONA-INAUGURAZIONE-DIPINTO-MURALE-SOSPIROLO.mp3?_=4\" \/><a href=\"https:\/\/www.radiopiu.net\/wordpress\/wp-content\/uploads\/2022\/07\/BONA-INAUGURAZIONE-DIPINTO-MURALE-SOSPIROLO.mp3\">https:\/\/www.radiopiu.net\/wordpress\/wp-content\/uploads\/2022\/07\/BONA-INAUGURAZIONE-DIPINTO-MURALE-SOSPIROLO.mp3<\/a><\/audio>\n<p>&nbsp;<\/p>\n\n\t\t\t<style type='text\/css'>\n\t\t\t\t#gallery-5 {\n\t\t\t\t\tmargin: auto;\n\t\t\t\t}\n\t\t\t\t#gallery-5 .gallery-item {\n\t\t\t\t\tfloat: left;\n\t\t\t\t\tmargin-top: 10px;\n\t\t\t\t\ttext-align: center;\n\t\t\t\t\twidth: 33%;\n\t\t\t\t}\n\t\t\t\t#gallery-5 img {\n\t\t\t\t\tborder: 2px solid #cfcfcf;\n\t\t\t\t}\n\t\t\t\t#gallery-5 .gallery-caption {\n\t\t\t\t\tmargin-left: 0;\n\t\t\t\t}\n\t\t\t\t\/* see gallery_shortcode() in wp-includes\/media.php *\/\n\t\t\t<\/style>\n\t\t<div id='gallery-5' class='dt-gallery-container gallery galleryid-286459 gallery-columns-3 gallery-size-thumbnail'><dl class='gallery-item'>\n\t\t\t\t<dt class='gallery-icon landscape'>\n\t\t\t\t\t<a class=\"rollover rollover-zoom dt-pswp-item\" title=\"6409241b-8b17-46cd-b835-71116859cb78\" data-dt-img-description=\"\" data-large_image_width=\"583\" data-large_image_height=\"411\"href='https:\/\/www.radiopiu.net\/wordpress\/wp-content\/uploads\/2022\/07\/6409241b-8b17-46cd-b835-71116859cb78.jpg'><img loading=\"lazy\" decoding=\"async\" width=\"150\" height=\"150\" src=\"https:\/\/www.radiopiu.net\/wordpress\/wp-content\/uploads\/2022\/07\/6409241b-8b17-46cd-b835-71116859cb78-150x150.jpg\" class=\"attachment-thumbnail size-thumbnail\" alt=\"\" \/><\/a>\n\t\t\t\t<\/dt><\/dl><dl class='gallery-item'>\n\t\t\t\t<dt class='gallery-icon landscape'>\n\t\t\t\t\t<a class=\"rollover rollover-zoom dt-pswp-item\" title=\"227ff7cf-ce8b-458a-b7a5-d316ac19bbce\" data-dt-img-description=\"\" data-large_image_width=\"590\" data-large_image_height=\"337\"href='https:\/\/www.radiopiu.net\/wordpress\/wp-content\/uploads\/2022\/07\/227ff7cf-ce8b-458a-b7a5-d316ac19bbce.jpg'><img loading=\"lazy\" decoding=\"async\" width=\"150\" height=\"150\" src=\"https:\/\/www.radiopiu.net\/wordpress\/wp-content\/uploads\/2022\/07\/227ff7cf-ce8b-458a-b7a5-d316ac19bbce-150x150.jpg\" class=\"attachment-thumbnail size-thumbnail\" alt=\"\" \/><\/a>\n\t\t\t\t<\/dt><\/dl><dl class='gallery-item'>\n\t\t\t\t<dt class='gallery-icon landscape'>\n\t\t\t\t\t<a class=\"rollover rollover-zoom dt-pswp-item\" title=\"937feaa9-0d8c-4d9d-8b7f-d5fd776ae453\" data-dt-img-description=\"\" data-large_image_width=\"602\" data-large_image_height=\"278\"href='https:\/\/www.radiopiu.net\/wordpress\/wp-content\/uploads\/2022\/07\/937feaa9-0d8c-4d9d-8b7f-d5fd776ae453.jpg'><img loading=\"lazy\" decoding=\"async\" width=\"150\" height=\"150\" src=\"https:\/\/www.radiopiu.net\/wordpress\/wp-content\/uploads\/2022\/07\/937feaa9-0d8c-4d9d-8b7f-d5fd776ae453-150x150.jpg\" class=\"attachment-thumbnail size-thumbnail\" alt=\"\" \/><\/a>\n\t\t\t\t<\/dt><\/dl><br style=\"clear: both\" \/>\n\t\t\t<\/div>\n\n<p>&nbsp;<\/p>\n<hr \/>\n<p>&nbsp;<\/p>\n<blockquote>\n<h3>INTERVENTI ALLA RETE IDRICA IN CENTRO STORICO A BELLUNO<\/h3>\n<\/blockquote>\n<p><a class=\"dt-pswp-item\" href=\"https:\/\/www.radiopiu.net\/wordpress\/wp-content\/uploads\/2022\/06\/oscar-de-pellegrin.png\" data-dt-img-description=\"OSCAR DE PELLEGRIN\" data-large_image_width=\"2000\" data-large_image_height=\"1804\"><img loading=\"lazy\" decoding=\"async\" class=\"alignleft wp-image-281257 size-thumbnail\" src=\"https:\/\/www.radiopiu.net\/wordpress\/wp-content\/uploads\/2022\/06\/oscar-de-pellegrin-150x150.png\" alt=\"\" width=\"150\" height=\"150\" \/><\/a><\/p>\n<p><strong>BELLUNO<\/strong> Entro la fine di agosto il centro storico di Belluno sara\u0300 interessato da un importante sezionamento della rete idrica con l&#8217;installazione di adeguate saracinesche e pozzi di chiusura, un intervento necessario e finalizzato ad evitare la chiusura di tutta la rete della zona in caso di perdite o sostituzioni di vecchie tubature ammalorate. I cantieri saranno l\u2019occasione, anche, per sostituire fin da ora parti di condotta vecchie e consumate. Inoltre, nel cortile delle Gabelli e\u0300 gia\u0300 partito il cantiere per il rinnovo di circa 50 metri di rete. Il piano di Bim Gsp per migliorare e ridurre la dispersione del servizio idrico integrato ha preso il via, in collaborazione con il Comune di Belluno. \u201c<em>L\u2019acqua e\u0300 un bene prezioso e di tutti \u2013 commenta il sindaco, Oscar De Pellegrin -, che apprezziamo ancora di piu\u0300 in momenti di siccita\u0300 come questo. Abbiamo avviato il dialogo con Gsp e con il Consiglio di Bacino per alcuni lavori previsti tra luglio e agosto: gia\u0300 con questo primo stralcio si andra\u0300 a ridurre la dispersione idrica e si otterranno i primi risultati<\/em>\u201d. Secondo i dati ufficiali comunicati da Bim Gsp ad Arera, la percentuale di perdita idrica nel 2021 si attestava attorno al 68,3%, nel 2020 era del 76,1%,nel 2019 del 78,0% e nel 2018 del 77,8%. All\u2019interno di questi numeri ricadono tutti gli utilizzi non misurati, sono infatti considerate perdite non solo le fuoriuscite dalla rete per guasto o rotture, ma anche tutti i consumi delle utenze abusive o senza contatore, tutti gli sfiori di serbatoi non misurati e tutte le erogazioni delle fontane pubbliche senza contatore.<\/p>\n<p>&nbsp;<\/p>\n<p>&nbsp;<\/p>\n<hr \/>\n<p>&nbsp;<\/p>\n<blockquote>\n<h3>MODIFICHE ALLA VIABILITA&#8217; A BELLUNO<\/h3>\n<\/blockquote>\n<p><strong><a class=\"dt-pswp-item\" href=\"https:\/\/www.radiopiu.net\/wordpress\/wp-content\/uploads\/2021\/06\/LAVORI-1-1.jpg\" data-dt-img-description=\"\" data-large_image_width=\"300\" data-large_image_height=\"300\"><img loading=\"lazy\" decoding=\"async\" class=\"size-thumbnail wp-image-216175 alignleft\" src=\"https:\/\/www.radiopiu.net\/wordpress\/wp-content\/uploads\/2021\/06\/LAVORI-1-1-150x150.jpg\" alt=\"\" width=\"150\" height=\"150\" srcset=\"https:\/\/www.radiopiu.net\/wordpress\/wp-content\/uploads\/2021\/06\/LAVORI-1-1-150x150.jpg 150w, https:\/\/www.radiopiu.net\/wordpress\/wp-content\/uploads\/2021\/06\/LAVORI-1-1.jpg 300w\" sizes=\"auto, (max-width: 150px) 100vw, 150px\" \/><\/a>BELLUNO<\/strong> Per consentire l&#8217;esecuzione dei lavori necessari all\u2019allacciamento alla fognatura pubblica di un fabbricato, si rende necessaria l&#8217;istituzione del divieto di circolazione veicolare e pedonale nella via Brigata Garibaldi, presso il civico 9 \u2013 lato ovest, nel periodo compreso tra le ore 6.00 del 14 e le ore 20.00 del 15 luglio. Per consentire l\u2019esecuzione di scavi con posa di pozzetti e armadi necessari alla nuova infrastruttura per conto di FiberCop S.p.A., si rendono necessarie le seguenti modifiche alla viabilita\u0300, nel periodo dall&#8217;11 luglio al 20 settembre, dalle ore 8.00 alle ore 18.00 di ciascuna giornata: istituzione del senso unico alternato di circolazione veicolare, regolato da impianto semaforico e, in caso di traffico particolarmente, intenso da idoneo personale, nei seguenti tratti di strada: dal civico 41 di via Sargnano al civico 96 di via Cusighe, \u25e6 &#8211; dal civico 14 di via Dassi all\u2019intersezione con via Cusighe, \u25e6 &#8211; dal civico 84 di via Cusighe al civico 6 di via Sala, dal civico 1 al civico 16 di via Sala, dal civico 15 di via Cusighe al civico 1 di via Sala; istituzione del limite di velocita\u0300 di 30 km\/h, nonche\u0301 del divieto di sorpasso, in corrispondenza delle aree di cantiere.<\/p>\n<p>&nbsp;<\/p>\n<p>&nbsp;<\/p>\n<hr \/>\n<p>&nbsp;<\/p>\n<p>&nbsp;<\/p>\n<blockquote>\n<h3>CICLINVALLE 2022, DA AGORDO ALLA VALLE DI SAN LUCANO: IL RITORNO DOMENICA 24 LUGLIO<\/h3>\n<\/blockquote>\n<p class=\"Nessunaspaziatura\" style=\"text-align: justify; line-height: 115%;\"><span lang=\"IT\" style=\"font-size: 12.0pt; line-height: 115%;\"><strong>AGORDO<\/strong> Anticipata di un mese rispetto alla data tradizionale ritorna la 28\u00b0 corsa ciclistica non competitiva di 10 km denominata \u201cCiclinvalle\u201d. <\/span><span style=\"font-size: 12pt;\">Appuntamento domenica 24 luglio 2022 con raduno dei partecipanti alle 9.45 presso il piazzale Peppino Impastato (Parcheggio Tamonich) e successiva sfilata fino alla sede di partenza ufficiale delle ore 10.00 in localit\u00e0 Valcozzena. <\/span><span lang=\"IT\" style=\"font-size: 12.0pt; line-height: 115%;\">La pedalata non competitiva si svilupper\u00e0 dal comune di Agordo raggiungendo la localit\u00e0 Col di Pr\u00e0 in comune di Taibon Agordino percorrendo la spettacolare Valle di San Lucano. <\/span><span lang=\"IT\" style=\"font-size: 12.0pt; line-height: 115%;\">Dalle 12.00 la Pro Loco di Taibon Agordino organizzer\u00e0 un pasta party presso la Chiesetta di San Lucano, sulla strada di ritorno verso Agordo. <\/span><span lang=\"IT\" style=\"font-size: 12.0pt; line-height: 115%;\">Alle 14.00, nella stessa localit\u00e0, ci sar\u00e0 la consegna dei riconoscimenti e l\u2019estrazione dei premi della lotteria. <\/span><span lang=\"IT\" style=\"font-size: 12.0pt; line-height: 115%;\">La manifestazione \u00e8 organizzata dalla ASD Attivamente Scuola e Sport per sostenere Unicef, fondazione Onlus che si occupa di assistenza umanitaria per i bambini e le loro madri in tutto il mondo.\u00a0<\/span><span lang=\"IT\" style=\"font-size: 12.0pt; line-height: 115%;\">Le iscrizioni si possono perfezionare sabato 23 luglio presso la Piscina Comprensoriale di Agordo dalle 16.00 alle 19.00 e domenica 24 luglio presso la Scuola Primaria di Agordo dalle 8.30 alle 9.30.<\/span><\/p>\n<p>&nbsp;<\/p>\n<p>&nbsp;<\/p>\n<hr \/>\n<p>&nbsp;<\/p>\n<blockquote>\n<h3>AL VIA IL CONCORSO DEL CSV SU DINO BUZZATI<\/h3>\n<\/blockquote>\n<p><strong><a class=\"dt-pswp-item\" href=\"https:\/\/www.radiopiu.net\/wordpress\/wp-content\/uploads\/2022\/07\/BUZZATI-Locandina-scaled.jpg\" data-dt-img-description=\"\" data-large_image_width=\"1810\" data-large_image_height=\"2560\"><img loading=\"lazy\" decoding=\"async\" class=\"size-thumbnail wp-image-286546 alignleft\" src=\"https:\/\/www.radiopiu.net\/wordpress\/wp-content\/uploads\/2022\/07\/BUZZATI-Locandina-150x150.jpg\" alt=\"\" width=\"150\" height=\"150\" \/><\/a>BELLUNO <\/strong>Il CSV (Centro Servizi per il Volontariato) Belluno &#8211; Treviso, per valorizzarne il ricordo, nella sua straordinaria personalit\u00e0 dai &#8220;quattro artistici volti&#8221;: giornalista -scrittore-pittore-alpinista, nel cinquantesimo della morte, promuove un concorso letterario (con borse di studio) su DINO BUZZATI. L&#8217; invito alla partecipazione concorsuale \u00e8 rivolto alle studentesse e agli studenti universitari residenti nei comuni delle regioni: Veneto e Lombardia. Regioni nelle quali Dino Buzzati \u00e8 stato protagonista di altissimo valore culturale. Gli elaborati (come da regolamento) dovranno pervenire alla sede legale CSV BL TV entro il 31 dicembre 2022. Questo concorso, come gli altri due precedenti su Mario Rigoni Stern e Andrea Zanzotto, si colloca nei programmi di attivit\u00e0 promozionali del CSV BL TV rivolti ai giovani per far conoscere, anche attraverso percorsi culturali, le varie dinamiche costituzionali della solidariet\u00e0, dell&#8217;altruismo e della sussidiariet\u00e0.<\/p>\n<p>&nbsp;<\/p>\n<p>&nbsp;<\/p>\n<hr \/>\n<p>&nbsp;<\/p>\n<blockquote>\n<h3>DOLOMITIBUS: OGGI VARIAZIONE DEL SERVIZIO URBANO A BELLUNO PER LAVORI<\/h3>\n<\/blockquote>\n<p><strong><a class=\"dt-pswp-item\" href=\"https:\/\/www.radiopiu.net\/wordpress\/wp-content\/uploads\/2020\/06\/f662441c-c6a1-40df-8978-3ff5202173f9.jpg\" data-dt-img-description=\"\" data-large_image_width=\"1280\" data-large_image_height=\"960\"><img loading=\"lazy\" decoding=\"async\" class=\"size-thumbnail wp-image-145519 alignleft\" src=\"https:\/\/www.radiopiu.net\/wordpress\/wp-content\/uploads\/2020\/06\/f662441c-c6a1-40df-8978-3ff5202173f9-150x150.jpg\" alt=\"\" width=\"150\" height=\"150\" \/><\/a>BELLUNO <\/strong>Dolomitibus informa che il Comune di Belluno con propria ordinanza n. 229 del 8 luglio 2022, per lavori di riparazione di un tratto di condotta delle acque meteoriche, ha disposto il divieto di transito agli autobus di categoria M3 in Via Bolzano nei pressi dell\u2019intersezione con via Vezzano oggi dalle ore 8.30 alle ore 17.30. Per quanto sopra il servizio della\u00a0 <strong>LINEA L Lilla \u201cGIAZZOI-OSPEDALE-PIAZZA VITTORIO EMANUELE-L&#8217;ANTA\u201d <\/strong>nei giorni 11 e 12 luglio 2022 dalle ore 8.30 alle ore 17.30 di ciascuna giornata e comunque fino al termine dei lavori previsti effettuer\u00e0 il seguente percorso alternativo: ANDATA: Giazzoi &#8211; Bolago \u2013 Casoni \u2013 Mussoi \u2013 Ospedale \u2013 Via Dante \u2013 Piazza Vittorio Emanuele \u2013 L\u2019Anta. RITORNO: L\u2019Anta &#8211; Piazza Vittorio Emanuele &#8211; Via Dante \u2013 Ospedale \u2013 Mussoi \u2013 Casoni \u2013 Bolago \u2013 Giazzoi. Fermate soppresse tutte quelle sulla tratta Mussoi \u2013 Giazzoi di seguito elencate: Travazzoi ex fornaci, San Sebastiano, Travazzoi case popolari, Vezzano, Vezzano da Tugna, Bolzano case popolari, Bolzano Bellunese basso, Bolzano Bellunese, Bolzano Bellunese Frigimelica, Tisoi scuole, Tisoi, Tisoi al capitello.<\/p>\n<p>&nbsp;<\/p>\n<p>&nbsp;<\/p>\n<hr \/>\n<p>&nbsp;<\/p>\n<blockquote>\n<h3>OGGI LA GIORNATA ECOLOGICA IN NEVEGAL<\/h3>\n<\/blockquote>\n<p><strong>BELLUNO\u00a0<\/strong> Oggi<span dir=\"ltr\" role=\"presentation\">\u00a0 giornata ecologica per la pulizia di <\/span><span dir=\"ltr\" role=\"presentation\">alcuni<\/span> <span dir=\"ltr\" role=\"presentation\">sentieri<\/span> <span dir=\"ltr\" role=\"presentation\">sul<\/span> <span dir=\"ltr\" role=\"presentation\">Colle<\/span> <span dir=\"ltr\" role=\"presentation\">del<\/span> <span dir=\"ltr\" role=\"presentation\">Neveg\u00e0l,<\/span> <span dir=\"ltr\" role=\"presentation\">promossa <\/span><span dir=\"ltr\" role=\"presentation\">dall&#8217;amministrazione <\/span><span dir=\"ltr\" role=\"presentation\">comunale. <\/span><span dir=\"ltr\" role=\"presentation\">L&#8217;appuntamento \u00e8 alle 7.30, nel piazzale del Neveg\u00e0l<\/span><span dir=\"ltr\" role=\"presentation\">. <\/span><span dir=\"ltr\" role=\"presentation\">Chi volesse unirsi all&#8217;evento, pu\u00f2 ancora comunicare la propria adesione <\/span><span dir=\"ltr\" role=\"presentation\">all&#8217;ufficio<\/span> <span dir=\"ltr\" role=\"presentation\">comunale<\/span> <span dir=\"ltr\" role=\"presentation\">di<\/span> <span dir=\"ltr\" role=\"presentation\">Protezione<\/span> <span dir=\"ltr\" role=\"presentation\">civile,<\/span> <span dir=\"ltr\" role=\"presentation\">scrivendo<\/span> <span dir=\"ltr\" role=\"presentation\">un&#8217;email<\/span> <span dir=\"ltr\" role=\"presentation\">all&#8217;indirizzo <\/span><span dir=\"ltr\" role=\"presentation\">protezionevicile@comune.belluno.it,<\/span> <span dir=\"ltr\" role=\"presentation\">oppure<\/span> <span dir=\"ltr\" role=\"presentation\">chiamando<\/span> <span dir=\"ltr\" role=\"presentation\">il<\/span> <span dir=\"ltr\" role=\"presentation\">numero<\/span> <span dir=\"ltr\" role=\"presentation\">di <\/span><span dir=\"ltr\" role=\"presentation\">telefono 0437 913617\u00a0<\/span><\/p>\n<p>&nbsp;<\/p>\n<p>&nbsp;<\/p>\n<hr \/>\n<p>&nbsp;<\/p>\n<blockquote>\n<h3>300 POSTI IN POLIZIA<\/h3>\n<\/blockquote>\n<p><strong>BELLUNO <\/strong>Nella Gazzetta Ufficiali sono stati pubblicati i bandi dei concorsi pubblici per la copertura di 192 posti di vice ispettore tecnico nel settore telematico e per 100 posti di vice ispettore tecnico nel settore accasermamento.<\/p>\n<p>&nbsp;<\/p>\n<p>&nbsp;<\/p>\n<hr \/>\n<p>&nbsp;<\/p>\n<blockquote>\n<h3>I PUNTI ALL&#8217;ORDINE DEL GIORNO RADDOPPIANO CON LE TRE INTERROGAZIONI DELLA MINORANZA<\/h3>\n<\/blockquote>\n<p><strong>ROCCA PIETORE<\/strong> Oggi alle 19 consiglio comunale convocato dal sindaco Andrea De Bernardin che porta all&#8217;attenzione dei consiglieri il rendinconto 2021, la variazione al bilancio e lo statuto dell&#8217;azienda speciale consortile e la convenzione con il Comune di Livinallongo per le funzioni di segreteria comunale. La minoranza &#8220;Uniti per la montagna&#8221; interroga: 1) i lavori di sistemazione dei cimiteri sono stati appaltati? E quelli dei marciapiedi comunali? L&#8217;opposizione chiede lumi sulle transenne presenti tra Viale Dolomiti e la nuova strada di Boscoverde. La minoranza vuole conoscere la situazione dei confini della Marmolada e la situazione dell&#8217;uso civico, infine interrogazione sul ponte Ru de Forzelet per capire a chi spetti la pulizia della zona e a chi la ricostruzione dei marciapiedi.<\/p>\n<p>&nbsp;<\/p>\n<hr \/>\n<blockquote>\n<h3><\/h3>\n<h3>IN CONSIGLIO COMUNALE LA CONCESSIONE DEI CONTRIBUTI STATALI<\/h3>\n<\/blockquote>\n<p><strong>\u00a0TAIBON<\/strong> Domani alle 18.30 il consiglio comunale convocato dal sindaco Silvia Tormen prevede all&#8217;ordine del giorno le variazioni al bilancio,\u00a0 concessione del contributo statale e comunicazioni del primo cittadino<\/p>\n<p>&nbsp;<\/p>\n<p>&nbsp;<\/p>\n<hr \/>\n<p>&nbsp;<\/p>\n<blockquote>\n<h3>GLI APPUNTAMENTI CON AGORDO MUSICA<\/h3>\n<\/blockquote>\n<p><strong>AGORDO <\/strong>Musica nell&#8217;Agordino riprende vita in tutte le sue tre diverse forme: la storica Settimana Organistica, i Concerti in&#8230;, e la giornata di Agordo ETNO Musica. Un programma che in questo 2022 vede una partecipazione internazionale ospitando artisti da Belgio e Australia; un programma che permetter\u00e0 il confronto fra diversi stili, repertori ed organici.<\/p>\n<p><strong>IL PROGRAMMA ESTIVO<\/strong><\/p>\n<a href=\"https:\/\/www.radiopiu.net\/wordpress\/wp-content\/uploads\/2022\/07\/Locandina_MUSICA_AGORDINO_2022.pdf\" class=\"pdfemb-viewer\" style=\"\" data-width=\"max\" data-height=\"max\" data-toolbar=\"top\" data-toolbar-fixed=\"on\">Locandina_MUSICA_AGORDINO_2022<\/a>\n<p>&nbsp;<\/p>\n<hr \/>\n<p>&nbsp;<\/p>\n<blockquote>\n<h3>RIECCO IL CIRCO PATUFF<\/h3>\n<\/blockquote>\n<p><strong>CESIOMAGGIORE<\/strong> La nuova stagione del Circo Patuft riparte da Cesiomaggiore via Pradenich (impianto sportivo). Dal 15 al 24 luglio sar\u00e0 presentato lo spettacolo\u00a0 SO\u00d1AMBULA. Unica tappa nel bellunese.<\/p>\n\n\t\t\t<style type='text\/css'>\n\t\t\t\t#gallery-6 {\n\t\t\t\t\tmargin: auto;\n\t\t\t\t}\n\t\t\t\t#gallery-6 .gallery-item {\n\t\t\t\t\tfloat: left;\n\t\t\t\t\tmargin-top: 10px;\n\t\t\t\t\ttext-align: center;\n\t\t\t\t\twidth: 50%;\n\t\t\t\t}\n\t\t\t\t#gallery-6 img {\n\t\t\t\t\tborder: 2px solid #cfcfcf;\n\t\t\t\t}\n\t\t\t\t#gallery-6 .gallery-caption {\n\t\t\t\t\tmargin-left: 0;\n\t\t\t\t}\n\t\t\t\t\/* see gallery_shortcode() in wp-includes\/media.php *\/\n\t\t\t<\/style>\n\t\t<div id='gallery-6' class='dt-gallery-container gallery galleryid-286459 gallery-columns-2 gallery-size-medium'><dl class='gallery-item'>\n\t\t\t\t<dt class='gallery-icon landscape'>\n\t\t\t\t\t<a class=\"rollover rollover-zoom dt-pswp-item\" title=\"fdaba42c-ba86-42a5-9677-d342383955b9\" data-dt-img-description=\"\" data-large_image_width=\"2048\" data-large_image_height=\"1457\"href='https:\/\/www.radiopiu.net\/wordpress\/wp-content\/uploads\/2022\/07\/fdaba42c-ba86-42a5-9677-d342383955b9.jpg'><img loading=\"lazy\" decoding=\"async\" width=\"300\" height=\"213\" src=\"https:\/\/www.radiopiu.net\/wordpress\/wp-content\/uploads\/2022\/07\/fdaba42c-ba86-42a5-9677-d342383955b9-300x213.jpg\" class=\"attachment-medium size-medium\" alt=\"\" srcset=\"https:\/\/www.radiopiu.net\/wordpress\/wp-content\/uploads\/2022\/07\/fdaba42c-ba86-42a5-9677-d342383955b9-300x213.jpg 300w, https:\/\/www.radiopiu.net\/wordpress\/wp-content\/uploads\/2022\/07\/fdaba42c-ba86-42a5-9677-d342383955b9-1024x729.jpg 1024w, https:\/\/www.radiopiu.net\/wordpress\/wp-content\/uploads\/2022\/07\/fdaba42c-ba86-42a5-9677-d342383955b9-768x546.jpg 768w, https:\/\/www.radiopiu.net\/wordpress\/wp-content\/uploads\/2022\/07\/fdaba42c-ba86-42a5-9677-d342383955b9-1536x1093.jpg 1536w, https:\/\/www.radiopiu.net\/wordpress\/wp-content\/uploads\/2022\/07\/fdaba42c-ba86-42a5-9677-d342383955b9.jpg 2048w\" sizes=\"auto, (max-width: 300px) 100vw, 300px\" \/><\/a>\n\t\t\t\t<\/dt><\/dl><dl class='gallery-item'>\n\t\t\t\t<dt class='gallery-icon landscape'>\n\t\t\t\t\t<a class=\"rollover rollover-zoom dt-pswp-item\" title=\"a7e9afaa-9f08-4745-bfd4-4d1e25fd9a2f\" data-dt-img-description=\"\" data-large_image_width=\"1772\" data-large_image_height=\"1264\"href='https:\/\/www.radiopiu.net\/wordpress\/wp-content\/uploads\/2022\/07\/a7e9afaa-9f08-4745-bfd4-4d1e25fd9a2f.jpg'><img loading=\"lazy\" decoding=\"async\" width=\"300\" height=\"214\" src=\"https:\/\/www.radiopiu.net\/wordpress\/wp-content\/uploads\/2022\/07\/a7e9afaa-9f08-4745-bfd4-4d1e25fd9a2f-300x214.jpg\" class=\"attachment-medium size-medium\" alt=\"\" srcset=\"https:\/\/www.radiopiu.net\/wordpress\/wp-content\/uploads\/2022\/07\/a7e9afaa-9f08-4745-bfd4-4d1e25fd9a2f-300x214.jpg 300w, https:\/\/www.radiopiu.net\/wordpress\/wp-content\/uploads\/2022\/07\/a7e9afaa-9f08-4745-bfd4-4d1e25fd9a2f-1024x730.jpg 1024w, https:\/\/www.radiopiu.net\/wordpress\/wp-content\/uploads\/2022\/07\/a7e9afaa-9f08-4745-bfd4-4d1e25fd9a2f-768x548.jpg 768w, https:\/\/www.radiopiu.net\/wordpress\/wp-content\/uploads\/2022\/07\/a7e9afaa-9f08-4745-bfd4-4d1e25fd9a2f-1536x1096.jpg 1536w, https:\/\/www.radiopiu.net\/wordpress\/wp-content\/uploads\/2022\/07\/a7e9afaa-9f08-4745-bfd4-4d1e25fd9a2f.jpg 1772w\" sizes=\"auto, (max-width: 300px) 100vw, 300px\" \/><\/a>\n\t\t\t\t<\/dt><\/dl><br style=\"clear: both\" \/>\n\t\t\t<\/div>\n\n<hr \/>\n<p>&nbsp;<\/p>\n<blockquote>\n<h3>DUE GIORNI DI FESTA CON LA FESTA DI SAN LUCANO<\/h3>\n<\/blockquote>\n<p><strong>TAIBON<\/strong> Comune di Taibon, Pro Loco, Gruppo Sportivo, Donatori del sangue di Taibon e Radio Pi\u00f9 organizzano la Festa di San Lucano. Sabato 16 luglio dalle 15 alle 20 la pesca di beneficenza presso la Casa di San Lucano, alle 18 la partenza della Minicorrinvalle riservata ai ragazzi dai 6 ai 13 anni (gadget e buono pasto presso la sagra a tutti i partecipanti), alle 19 apertura dello stand gastronomico e musica con Cosmo, Roberto e Lucia. Domenica alle 11 la santa messa, dalle 10 alle 20 la pesca di beneficenza presso la Casa di San Lucano, alle 12 apertura dello stand gastronomico, alle 15 i giochi di una volta con i pompieri volontari di Agordo e alle 19 i piatti tipici. Dal pomeriggio musica con Eros. Per la corrinvalle versione adulti l&#8217;appuntamento \u00e8 posticipato al 2023.<\/p>\n<p>&nbsp;<\/p>\n<p>&nbsp;<\/p>\n<hr \/>\n<p>&nbsp;<\/p>\n<blockquote>\n<h3>DOMENICA 17 LUGLIO LE COMMEMORAZIONI DEL SACRIFICIO DEI PARTIGIANI<\/h3>\n<\/blockquote>\n<p><strong><a class=\"dt-pswp-item\" href=\"https:\/\/www.radiopiu.net\/wordpress\/wp-content\/uploads\/2022\/07\/partigiani-San-Felice.jpg\" data-dt-img-description=\"\" data-large_image_width=\"768\" data-large_image_height=\"375\"><img loading=\"lazy\" decoding=\"async\" class=\"size-thumbnail wp-image-284766 alignleft\" src=\"https:\/\/www.radiopiu.net\/wordpress\/wp-content\/uploads\/2022\/07\/partigiani-San-Felice-150x150.jpg\" alt=\"\" width=\"150\" height=\"150\" \/><\/a>SEDICO\/BORGO VALBELLUNA<\/strong><\/p>\n<p>di Roberto Bona<\/p>\n<audio class=\"wp-audio-shortcode\" id=\"audio-286459-5\" preload=\"none\" style=\"width: 100%;\" controls=\"controls\"><source type=\"audio\/mpeg\" src=\"https:\/\/www.radiopiu.net\/wordpress\/wp-content\/uploads\/2022\/07\/BONA-LE-COMMEMORAZIONE-DEL-SACRIFICIO-DEI-PARTIGIANI.mp3?_=5\" \/><a href=\"https:\/\/www.radiopiu.net\/wordpress\/wp-content\/uploads\/2022\/07\/BONA-LE-COMMEMORAZIONE-DEL-SACRIFICIO-DEI-PARTIGIANI.mp3\">https:\/\/www.radiopiu.net\/wordpress\/wp-content\/uploads\/2022\/07\/BONA-LE-COMMEMORAZIONE-DEL-SACRIFICIO-DEI-PARTIGIANI.mp3<\/a><\/audio>\n<p>&nbsp;<\/p>\n<p>&nbsp;<\/p>\n<hr \/>\n<p>&nbsp;<\/p>\n<blockquote>\n<h3>EL CANAL DE AGORT<\/h3>\n<\/blockquote>\n<p><strong>AGORDO<\/strong> Presso il museo in via 5 maggio ad Agordo si pu\u00f2 visitare la mostra &#8220;El Canal De Agort&#8221; storia ed archeologia da San Gottardo alla Conca Agordina. La mostra \u00e8 visitabile dal gioved\u00ec alla domenica dalle 9:30 alle 12:30 e dall 16 alle 19 fino al 4 settembre.<\/p>\n<p>&nbsp;<\/p>\n<hr \/>\n<p>&nbsp;<\/p>\n<blockquote>\n<h3>ECHI DI CORI A MALGA CIAPELA<\/h3>\n<\/blockquote>\n<p><strong>ROCCA PIETORE<\/strong> Sabato 16 luglio a Malga Gran PIan in localit\u00e0 Malga Ciapela e a Sottoguda, il Coro Luned\u00ec di Roma sar\u00e0 in concerto per &#8220;Echi di Cori&#8221;. Alle 11 appuntamento a Malga Ciapela mentre alle 16 la location sar\u00e0 il Borgo di Sottoguda. Entrata a offerta libera.<\/p>\n<p>&nbsp;<\/p>\n<p>&nbsp;<\/p>\n<hr \/>\n<p>&nbsp;<\/p>\n<blockquote>\n<h3>LA MOSTRA DI ALBINO MEZZACASA A CENCENIGHE<\/h3>\n<\/blockquote>\n<p><strong>CENCENIGHE<\/strong> Sar\u00e0 visitabile dal 23 luglio e fino al 14 agosto la mostra di scultura di Albino Mezzacasa presso il Nof Fil\u00f2 di Cencenighe. Gli orari delle visite: nei giorni feriali dalle 17:30 alle 21, sabato e domenica dalle 10 alle 12 e dalle 17:30 alle 21.<\/p>\n<p>&nbsp;<\/p>\n<p>&nbsp;<\/p>\n<hr \/>\n<p>&nbsp;<\/p>\n<blockquote>\n<h3>I NOS CROT, LE ESCURSIONI CON IL GAMP<\/h3>\n<\/blockquote>\n<p><strong>AGORDO<\/strong> Saranno 3 le escursioni con il GAMP in programma per il mese di Agosto. Mercoled\u00ec 10 alle cascate di Barezze, marted\u00ec 16 Agosto alla cascata di Masar\u00e8 e venerd\u00ec 19 agosto in Val Ombretta e Rifugio Falier. Per partecipare bisogna essere iscritti al GAMP e la quota d&#8217;iscrizione \u00e8 di 15 euro per gli adulti e 10 per i minorenni. In caso di maltempo l&#8217;escirsione verr\u00e0 annullata. Info ed iscrizioni Ufficio Turistico di Agordo 0437 62105 oppure 388 4955756 \/ 340 0890160. Per il giorno 7 agosto il GAMP mette in piedi anche la 31\u00b0 rassegna di minerali e fossili visitabile al palazzetto dello sport in Via Lungorova dalle 8 alle 18 con ingresso libero.<\/p>\n<p>&nbsp;<\/p>\n<p>&nbsp;<\/p>\n<hr \/>\n<p>&nbsp;<\/p>\n<blockquote>\n<h3>QUARANT&#8217;ANNI FA L&#8217;ITALIA VINCEVA IL SUO TERZO MONDIALE&#8230;IL RICORDO DI CLAUDIO PRA<\/h3>\n<\/blockquote>\n<p><strong><a class=\"dt-pswp-item\" href=\"https:\/\/www.radiopiu.net\/wordpress\/wp-content\/uploads\/2022\/07\/c28a9293-7537-410b-9db8-1a954e461abf.jpg\" data-dt-img-description=\"\" data-large_image_width=\"920\" data-large_image_height=\"1258\"><img loading=\"lazy\" decoding=\"async\" class=\"size-thumbnail wp-image-286521 alignleft\" src=\"https:\/\/www.radiopiu.net\/wordpress\/wp-content\/uploads\/2022\/07\/c28a9293-7537-410b-9db8-1a954e461abf-150x150.jpg\" alt=\"\" width=\"150\" height=\"150\" \/><\/a>di Claudio Pra<\/strong><\/p>\n<p>Avevo quasi 17 anni quell&#8217;11 luglio del 1982. Dopo una pessima fase a gironi e le seguenti esaltanti partite eravamo in finale dove sconfiggemmo la Germania 3 a 1. Vidi la partita con degli amici ed alla fine festeggiammo salendo sul cassone di un trattore strapieno che fece il giro di Cencenighe spingendosi poi fino a Canale. N\u00e9 il mondiale del 2006 n\u00e9 l&#8217;europeo del 2021 mi hanno fatto rivivere le sensazioni di quell&#8217;epoca, dove eccezionalmente solo al mondiale e all&#8217;europeo la numerazione andava dal numero 1 al 22 mentre in tutti gli altri casi, chi giovava dall&#8217;inizio, aveva un numero che andava dall&#8217;1 all&#8217;11 e ad ogni numero corrispondeva quasi sempre un ruolo (il 3 era il terzino sinistro, il 6 il libero, il 9 era il centravanti, il 10 la mezzana creativa&#8230;). Dopo un gol i calciatori esultavano alzando semplicemente le braccia, al limite correndo in curva (a Roma ci si metteva un quarto d&#8217;ora a riprendere il gioco&#8230;). L&#8217;attuale Champion League si chiamava Coppa dei Campioni e vi partecipavano le sole squadre vincitrici dei campionati nazionali europei. C&#8217;era pure la Coppa delle Coppe, riservata alle vincitrici delle coppe nazionali ed infine la Coppa UEFA, difficilissima, dove potevi trovare pi\u00f9 squadre inglesi, tedesche, spagnole&#8230;Le trasmissioni mostravano immagini anzich\u00e9 perdersi in sterili dibattiti, le rose comprendevano si \u00e8 no 20 giocatori quasi tutti italiani, le maglie delle squadre erano quelle storicamente tradizionali. Nel campionato di serie A c&#8217;erano 16 squadre e le coppe internazionali prevedevano meno partite, cosi c&#8217;era il tempo di allenarsi e di rifiatare. In campionato trovavi l&#8217;Ascoli, l&#8217;Avellino il Catanzaro ed il Pisa e giocarci contro in trasferta non era affatto semplice. Gli arbitri avevano la storica divisa nera. L&#8217;ltalia era l&#8217;Eldorado del calcio, come adesso lo \u00e8 l&#8217;Inghilterra.<\/p>\n<p><iframe loading=\"lazy\" title=\"Italy 3 x 1 Germany \u25cf 1982 World Cup Final Extended Goals &amp; Highlights HD\" width=\"1200\" height=\"675\" src=\"https:\/\/www.youtube.com\/embed\/vIqhb-JZdR8?feature=oembed\" frameborder=\"0\" allow=\"accelerometer; autoplay; clipboard-write; encrypted-media; gyroscope; picture-in-picture\" allowfullscreen><\/iframe><\/p>\n<p>&nbsp;<\/p>\n<hr \/>\n<p>&nbsp;<\/p>\n<h2><span style=\"color: #ff0000;\">IERI ALLA RADIO<\/span><\/h2>\n<h2><span style=\"color: #666699;\">DIARIO DI BORDO, GIORNO 8&#8230; di Claudia Soppelsa<\/span><\/h2>\n<p><strong>PUNTATA 08<\/strong><\/p>\n<p><strong>AUDIO CLAUDIA SOPPELSA GIORNO 8<\/strong><\/p>\n<audio class=\"wp-audio-shortcode\" id=\"audio-286459-6\" preload=\"none\" style=\"width: 100%;\" controls=\"controls\"><source type=\"audio\/mpeg\" src=\"https:\/\/www.radiopiu.net\/wordpress\/wp-content\/uploads\/2022\/07\/claudia8.mp3?_=6\" \/><a href=\"https:\/\/www.radiopiu.net\/wordpress\/wp-content\/uploads\/2022\/07\/claudia8.mp3\">https:\/\/www.radiopiu.net\/wordpress\/wp-content\/uploads\/2022\/07\/claudia8.mp3<\/a><\/audio>\n<p>&nbsp;<\/p>\n<p>Oggi giornata nella bellissima Liguria&#8230;Ah no fermi tutti, dall&#8217;Inghilterra!\u00a0 Ma il paesaggio oggi con il sole e il caldo sembrava uguale\u00a0 Abbiamo costeggiato l&#8217;affascinante Jurassic Coast attraverso il sentiero sterrato che collega Durdle Door con l&#8217;antico villaggio di pescatori di Lulworth e abbiamo avuto pure avuto modo di farci il bagno. Non sembrava affatto di stare nel Mare del Nord! Purtroppo come sempre \u00e8 stata un po&#8217; una corsa, ma siamo riusciti ad infilare anche il picnic in riva al mare con il fish&amp;chips, il tipo street food britannico. Per chi non lo sapesse, le patatine vanno bagnate nell&#8217;aceto. Gusti son gusti, ma non \u00e8 cos\u00ec male come sembra\u00a0Pensandoci bene forse sarebbe stato pi\u00f9 saggio sfruttare quel tempo per il picnic per fare invece un&#8217;altro bagno o stare semplicemente in spiaggia a godersi il momento, ma ho sempre mille idee che vorrei riuscire a fare in questa corsa contro il tempo. Mi devo rassegnare al fatto che i giorni a disposizione sono quelli che sono. Nel frattempo, nessuno vuole pensarci, ma siamo gi\u00e0 a met\u00e0 e non ce ne siamo neanche accorti.C&#8217;\u00e8 una ragazza francese sempre di 13 anni che mi incuriosisce molto nella nostra scuola. \u00c8 stata mandata probabilmente da sola e non credo ci siano altri francesi tra i Juniors. Si avvicina spesso al nostro gruppo, ma non parla, anche se sembra chiaramente interessata. Si siede di fianco senza alzare lo sguardo dal telefono, ci resta per un po&#8217; e poi se ne va annoiata. \u00c8 un comportamento per me veramente incomprensibile, perch\u00e9 alla sua et\u00e0 il fare amicizia era una cosa che ricordo come facile e quasi inevitabile.Penso sarebbe riduttivo fare i soliti discorsi sulle nuove generazioni dipendenti dalla tecnologia perch\u00e9 tutti lo siamo, il problema \u00e8 quando la quest&#8217;ultima viene preferita rispetto al contatto umano. La domanda che mi sorge spontanea \u00e8: che effetto hanno avuto due anni di isolamento sulla nostra socialit\u00e0 come persone? Che conseguenze ci sono state in particolare su questi bambini e adolescenti? Forse stiamo solo raccogliendo i frutti di due anni di clausura, che dato soprattutto ai pi\u00f9 timidi e introversi la scusa per poter interagire con uno schermo (pi\u00f9 facile), piuttosto che con gli altri esseri umani (pi\u00f9 difficile). Lo schermo non \u00e8 imprevedibile, non pu\u00f2 rifiutarti, non pu\u00f2 metterti a disagio o abbandonarti. Le persone ovviamente s\u00ec. Chiss\u00e0 se questa settimana la nostra amica francese far\u00e0 una mossa<\/p>\n<p>&nbsp;<\/p>\n\n\t\t\t<style type='text\/css'>\n\t\t\t\t#gallery-7 {\n\t\t\t\t\tmargin: auto;\n\t\t\t\t}\n\t\t\t\t#gallery-7 .gallery-item {\n\t\t\t\t\tfloat: left;\n\t\t\t\t\tmargin-top: 10px;\n\t\t\t\t\ttext-align: center;\n\t\t\t\t\twidth: 20%;\n\t\t\t\t}\n\t\t\t\t#gallery-7 img {\n\t\t\t\t\tborder: 2px solid #cfcfcf;\n\t\t\t\t}\n\t\t\t\t#gallery-7 .gallery-caption {\n\t\t\t\t\tmargin-left: 0;\n\t\t\t\t}\n\t\t\t\t\/* see gallery_shortcode() in wp-includes\/media.php *\/\n\t\t\t<\/style>\n\t\t<div id='gallery-7' class='dt-gallery-container gallery galleryid-286459 gallery-columns-5 gallery-size-thumbnail'><dl class='gallery-item'>\n\t\t\t\t<dt class='gallery-icon landscape'>\n\t\t\t\t\t<a class=\"rollover rollover-zoom dt-pswp-item\" title=\"78342c31-623d-4fd6-b9bf-114b2cb72ffb\" data-dt-img-description=\"\" data-large_image_width=\"1600\" data-large_image_height=\"1200\"href='https:\/\/www.radiopiu.net\/wordpress\/wp-content\/uploads\/2022\/07\/78342c31-623d-4fd6-b9bf-114b2cb72ffb.jpg'><img loading=\"lazy\" decoding=\"async\" width=\"150\" height=\"150\" src=\"https:\/\/www.radiopiu.net\/wordpress\/wp-content\/uploads\/2022\/07\/78342c31-623d-4fd6-b9bf-114b2cb72ffb-150x150.jpg\" class=\"attachment-thumbnail size-thumbnail\" alt=\"\" \/><\/a>\n\t\t\t\t<\/dt><\/dl><dl class='gallery-item'>\n\t\t\t\t<dt class='gallery-icon landscape'>\n\t\t\t\t\t<a class=\"rollover rollover-zoom dt-pswp-item\" title=\"b879e322-7723-46a4-9b2e-62ecf53386df\" data-dt-img-description=\"\" data-large_image_width=\"1600\" data-large_image_height=\"1200\"href='https:\/\/www.radiopiu.net\/wordpress\/wp-content\/uploads\/2022\/07\/b879e322-7723-46a4-9b2e-62ecf53386df.jpg'><img loading=\"lazy\" decoding=\"async\" width=\"150\" height=\"150\" src=\"https:\/\/www.radiopiu.net\/wordpress\/wp-content\/uploads\/2022\/07\/b879e322-7723-46a4-9b2e-62ecf53386df-150x150.jpg\" class=\"attachment-thumbnail size-thumbnail\" alt=\"\" \/><\/a>\n\t\t\t\t<\/dt><\/dl><dl class='gallery-item'>\n\t\t\t\t<dt class='gallery-icon landscape'>\n\t\t\t\t\t<a class=\"rollover rollover-zoom dt-pswp-item\" title=\"d7085df1-bd88-4323-8b18-e9081268c05b\" data-dt-img-description=\"\" data-large_image_width=\"1600\" data-large_image_height=\"1200\"href='https:\/\/www.radiopiu.net\/wordpress\/wp-content\/uploads\/2022\/07\/d7085df1-bd88-4323-8b18-e9081268c05b.jpg'><img loading=\"lazy\" decoding=\"async\" width=\"150\" height=\"150\" src=\"https:\/\/www.radiopiu.net\/wordpress\/wp-content\/uploads\/2022\/07\/d7085df1-bd88-4323-8b18-e9081268c05b-150x150.jpg\" class=\"attachment-thumbnail size-thumbnail\" alt=\"\" \/><\/a>\n\t\t\t\t<\/dt><\/dl><dl class='gallery-item'>\n\t\t\t\t<dt class='gallery-icon portrait'>\n\t\t\t\t\t<a class=\"rollover rollover-zoom dt-pswp-item\" title=\"30a9484a-60e9-4ec9-a856-eb71fb0c13e3\" data-dt-img-description=\"\" data-large_image_width=\"1200\" data-large_image_height=\"1600\"href='https:\/\/www.radiopiu.net\/wordpress\/wp-content\/uploads\/2022\/07\/30a9484a-60e9-4ec9-a856-eb71fb0c13e3.jpg'><img loading=\"lazy\" decoding=\"async\" width=\"150\" height=\"150\" src=\"https:\/\/www.radiopiu.net\/wordpress\/wp-content\/uploads\/2022\/07\/30a9484a-60e9-4ec9-a856-eb71fb0c13e3-150x150.jpg\" class=\"attachment-thumbnail size-thumbnail\" alt=\"\" \/><\/a>\n\t\t\t\t<\/dt><\/dl><dl class='gallery-item'>\n\t\t\t\t<dt class='gallery-icon landscape'>\n\t\t\t\t\t<a class=\"rollover rollover-zoom dt-pswp-item\" title=\"185e07ae-657c-47d3-ac5e-30b68ec0942c\" data-dt-img-description=\"\" data-large_image_width=\"1600\" data-large_image_height=\"1200\"href='https:\/\/www.radiopiu.net\/wordpress\/wp-content\/uploads\/2022\/07\/185e07ae-657c-47d3-ac5e-30b68ec0942c.jpg'><img loading=\"lazy\" decoding=\"async\" width=\"150\" height=\"150\" src=\"https:\/\/www.radiopiu.net\/wordpress\/wp-content\/uploads\/2022\/07\/185e07ae-657c-47d3-ac5e-30b68ec0942c-150x150.jpg\" class=\"attachment-thumbnail size-thumbnail\" alt=\"\" \/><\/a>\n\t\t\t\t<\/dt><\/dl><br style=\"clear: both\" \/>\n\t\t\t<\/div>\n\n<p>LA RACCOLTA COMPLETA<\/p>\n<blockquote class=\"wp-embedded-content\" data-secret=\"1xFcL5QgxQ\"><p><a href=\"https:\/\/www.radiopiu.net\/wordpress\/diario-di-bordo-giorno8\/\">DIARIO DI BORDO, GIORNO 8&#8230; di Claudia Soppelsa<\/a><\/p><\/blockquote>\n<p><iframe loading=\"lazy\" class=\"wp-embedded-content\" sandbox=\"allow-scripts\" security=\"restricted\" style=\"position: absolute; clip: rect(1px, 1px, 1px, 1px);\" title=\"&#8220;DIARIO DI BORDO, GIORNO 8&#8230; di Claudia Soppelsa&#8221; &#8212; Radio Pi\u00f9\" src=\"https:\/\/www.radiopiu.net\/wordpress\/diario-di-bordo-giorno8\/embed\/#?secret=M9fykJBv4v#?secret=1xFcL5QgxQ\" data-secret=\"1xFcL5QgxQ\" width=\"600\" height=\"338\" frameborder=\"0\" marginwidth=\"0\" marginheight=\"0\" scrolling=\"no\"><\/iframe><\/p>\n<p>&nbsp;<\/p>\n<p>&nbsp;<\/p>\n<hr \/>\n<p>&nbsp;<\/p>\n<p>&nbsp;<\/p>\n<h2><span style=\"color: #008080;\">&#8220;DINTORN E FORA VIA&#8221; A CURA DEL MUSLA, IL NUOVO PROGRAMMA\u00a0 \u00a0<\/span><\/h2>\n<p><strong>LA RACCOLTA COMPLETA<\/strong><\/p>\n<blockquote class=\"wp-embedded-content\" data-secret=\"DI6YZ5v5nc\"><p><a href=\"https:\/\/www.radiopiu.net\/wordpress\/musla\/\">MUSLA<\/a><\/p><\/blockquote>\n<p><iframe loading=\"lazy\" class=\"wp-embedded-content\" sandbox=\"allow-scripts\" security=\"restricted\" style=\"position: absolute; clip: rect(1px, 1px, 1px, 1px);\" title=\"&#8220;MUSLA&#8221; &#8212; Radio Pi\u00f9\" src=\"https:\/\/www.radiopiu.net\/wordpress\/musla\/embed\/#?secret=quozW9SiZx#?secret=DI6YZ5v5nc\" data-secret=\"DI6YZ5v5nc\" width=\"600\" height=\"338\" frameborder=\"0\" marginwidth=\"0\" marginheight=\"0\" scrolling=\"no\"><\/iframe><\/p>\n<h3><\/h3>\n<p>&nbsp;<\/p>\n<hr \/>\n<p>&nbsp;<\/p>\n<div>\n<div class=\"b654a4as d2edcug0\">\n<div class=\"rq0escxv hkbzh7o3 jwdofwj8 n8tt0mok r8blr3vg hyh9befq\">\n<p><a class=\"dt-pswp-item\" href=\"https:\/\/www.radiopiu.net\/wordpress\/wp-content\/uploads\/2020\/10\/pp.jpg\" data-dt-img-description=\"\" data-large_image_width=\"640\" data-large_image_height=\"640\"><img loading=\"lazy\" decoding=\"async\" class=\"wp-image-163678 alignleft\" src=\"https:\/\/www.radiopiu.net\/wordpress\/wp-content\/uploads\/2020\/10\/pp-300x300.jpg\" alt=\"\" width=\"106\" height=\"106\" srcset=\"https:\/\/www.radiopiu.net\/wordpress\/wp-content\/uploads\/2020\/10\/pp-300x300.jpg 300w, https:\/\/www.radiopiu.net\/wordpress\/wp-content\/uploads\/2020\/10\/pp-150x150.jpg 150w, https:\/\/www.radiopiu.net\/wordpress\/wp-content\/uploads\/2020\/10\/pp-125x125.jpg 125w, https:\/\/www.radiopiu.net\/wordpress\/wp-content\/uploads\/2020\/10\/pp-200x200.jpg 200w, https:\/\/www.radiopiu.net\/wordpress\/wp-content\/uploads\/2020\/10\/pp-80x80.jpg 80w, https:\/\/www.radiopiu.net\/wordpress\/wp-content\/uploads\/2020\/10\/pp-480x480.jpg 480w, https:\/\/www.radiopiu.net\/wordpress\/wp-content\/uploads\/2020\/10\/pp.jpg 640w\" sizes=\"auto, (max-width: 106px) 100vw, 106px\" \/><\/a><\/p>\n<\/div>\n<\/div>\n<\/div>\n<div>\n<div class=\"page-title-head hgroup\">\n<div class=\"page-title-head hgroup\">\n<div class=\"b654a4as d2edcug0\">\n<div class=\"j83agx80 btwxx1t3 lhclo0ds hop8lmos nkwizq5d scwd0bx6 roh60bw9\">\n<div class=\"rq0escxv hkbzh7o3 jwdofwj8 n8tt0mok r8blr3vg hyh9befq\">\n<div class=\"do00u71z l9j0dhe7 k4urcfbm\">\n<h2><span style=\"color: #000080;\">DON CESARE, IL PENSIERO DEL GIORNO. ALLA RADIO ALLE 7 DEL MATTINO E ALLE 19.30 DELLA SERA.\u00a0<\/span><\/h2>\n<p>&nbsp;<\/p>\n<\/div>\n<\/div>\n<\/div>\n<\/div>\n<\/div>\n<\/div>\n<\/div>\n<audio class=\"wp-audio-shortcode\" id=\"audio-286459-7\" preload=\"none\" style=\"width: 100%;\" controls=\"controls\"><source type=\"audio\/mpeg\" src=\"https:\/\/www.radiopiu.net\/wordpress\/wp-content\/uploads\/2022\/07\/CESARE-6.mp3?_=7\" \/><a href=\"https:\/\/www.radiopiu.net\/wordpress\/wp-content\/uploads\/2022\/07\/CESARE-6.mp3\">https:\/\/www.radiopiu.net\/wordpress\/wp-content\/uploads\/2022\/07\/CESARE-6.mp3<\/a><\/audio>\n<p>&nbsp;<\/p>\n<hr \/>\n<p>&nbsp;<\/p>\n<div class=\"do00u71z l9j0dhe7 k4urcfbm\">\n<div class=\"page-title-head hgroup\">\n<div class=\"page-title-head hgroup\">\n<div class=\"b654a4as d2edcug0\">\n<div class=\"j83agx80 btwxx1t3 lhclo0ds hop8lmos nkwizq5d scwd0bx6 roh60bw9\">\n<div class=\"rq0escxv hkbzh7o3 jwdofwj8 n8tt0mok r8blr3vg hyh9befq\">\n<div class=\"do00u71z l9j0dhe7 k4urcfbm\">\n<div class=\"page-title-head hgroup\">\n<div class=\"page-title-head hgroup\">\n<div class=\"b654a4as d2edcug0\">\n<div class=\"j83agx80 btwxx1t3 lhclo0ds hop8lmos nkwizq5d scwd0bx6 roh60bw9\">\n<div class=\"rq0escxv hkbzh7o3 jwdofwj8 n8tt0mok r8blr3vg hyh9befq\">\n<div class=\"do00u71z l9j0dhe7 k4urcfbm\">\n<div class=\"ecm0bbzt e5nlhep0 a8c37x1j\">\n<div class=\"kvgmc6g5 cxmmr5t8 oygrvhab hcukyx3x c1et5uql\">\n<div class=\"gmail-kvgmc6g5 gmail-cxmmr5t8 gmail-oygrvhab gmail-hcukyx3x gmail-c1et5uql gmail-ii04i59q\">\n<div class=\"page-title-head hgroup\">\n<div class=\"page-title-head hgroup\">\n<div class=\"b654a4as d2edcug0\">\n<div class=\"j83agx80 btwxx1t3 lhclo0ds hop8lmos nkwizq5d scwd0bx6 roh60bw9\">\n<div class=\"rq0escxv hkbzh7o3 jwdofwj8 n8tt0mok r8blr3vg hyh9befq\">\n<div class=\"do00u71z l9j0dhe7 k4urcfbm\">\n<div class=\"page-title-head hgroup\">\n<div class=\"page-title-head hgroup\">\n<div class=\"b654a4as d2edcug0\">\n<div class=\"j83agx80 btwxx1t3 lhclo0ds hop8lmos nkwizq5d scwd0bx6 roh60bw9\">\n<div class=\"rq0escxv hkbzh7o3 jwdofwj8 n8tt0mok r8blr3vg hyh9befq\">\n<div class=\"do00u71z l9j0dhe7 k4urcfbm\">\n<div class=\"page-title-head hgroup\">\n<div class=\"page-title-head hgroup\">\n<div class=\"b654a4as d2edcug0\">\n<div class=\"j83agx80 btwxx1t3 lhclo0ds hop8lmos nkwizq5d scwd0bx6 roh60bw9\">\n<div class=\"rq0escxv hkbzh7o3 jwdofwj8 n8tt0mok r8blr3vg hyh9befq\">\n<div class=\"do00u71z l9j0dhe7 k4urcfbm\">\n<div class=\"ecm0bbzt e5nlhep0 a8c37x1j\">\n<div class=\"kvgmc6g5 cxmmr5t8 oygrvhab hcukyx3x c1et5uql\">\n<div class=\"gmail-kvgmc6g5 gmail-cxmmr5t8 gmail-oygrvhab gmail-hcukyx3x gmail-c1et5uql gmail-ii04i59q\">\n<div class=\"page-title-head hgroup\">\n<div class=\"page-title-head hgroup\">\n<div class=\"b654a4as d2edcug0\">\n<div class=\"j83agx80 btwxx1t3 lhclo0ds hop8lmos nkwizq5d scwd0bx6 roh60bw9\">\n<div class=\"rq0escxv hkbzh7o3 jwdofwj8 n8tt0mok r8blr3vg hyh9befq\">\n<div class=\"do00u71z l9j0dhe7 k4urcfbm\">\n<blockquote>\n<h3><span style=\"color: #ff0000;\">IN VIVO VERSO,\u00a0 RIASCOLTIAMOLE DAL LUNEDI AL VENERDI ALLE 7.10, 10.10, 18 50<\/span><\/h3>\n<h3>RIASCOLTIAMOLE, STAGIONE 2019_2020 GIANGARLO DAL PRA &#8220;OGNI NOT&#8221;<\/h3>\n<\/blockquote>\n<p><strong>AUDIO<\/strong><\/p>\n<audio class=\"wp-audio-shortcode\" id=\"audio-286459-8\" preload=\"none\" style=\"width: 100%;\" controls=\"controls\"><source type=\"audio\/mpeg\" src=\"https:\/\/www.radiopiu.net\/wordpress\/wp-content\/uploads\/2022\/07\/01-GIANCARLO-DAL-PRA-OGNI-NOT.mp3?_=8\" \/><a href=\"https:\/\/www.radiopiu.net\/wordpress\/wp-content\/uploads\/2022\/07\/01-GIANCARLO-DAL-PRA-OGNI-NOT.mp3\">https:\/\/www.radiopiu.net\/wordpress\/wp-content\/uploads\/2022\/07\/01-GIANCARLO-DAL-PRA-OGNI-NOT.mp3<\/a><\/audio>\n<p>&nbsp;<\/p>\n<p>&nbsp;<\/p>\n<p><img loading=\"lazy\" decoding=\"async\" class=\"\" src=\"https:\/\/www.radiopiu.net\/wordpress\/wp-content\/uploads\/2021\/01\/GIANCARLO-DAL-PRA-FOTO.jpg\" width=\"202\" height=\"141\" \/><\/p>\n<p><strong>LA RACCOLTA COMPLETA<\/strong><\/p>\n<p>&nbsp;<\/p>\n<blockquote class=\"wp-embedded-content\" data-secret=\"24cXDamYnX\"><p><a href=\"https:\/\/www.radiopiu.net\/wordpress\/in-vivo-verso\/\">In Vivo Verso<\/a><\/p><\/blockquote>\n<p><iframe loading=\"lazy\" class=\"wp-embedded-content\" sandbox=\"allow-scripts\" security=\"restricted\" style=\"position: absolute; clip: rect(1px, 1px, 1px, 1px);\" title=\"&#8220;In Vivo Verso&#8221; &#8212; Radio Pi\u00f9\" src=\"https:\/\/www.radiopiu.net\/wordpress\/in-vivo-verso\/embed\/#?secret=rFIXJ71FVI#?secret=24cXDamYnX\" data-secret=\"24cXDamYnX\" width=\"600\" height=\"338\" frameborder=\"0\" marginwidth=\"0\" marginheight=\"0\" scrolling=\"no\"><\/iframe><\/p>\n<p>&nbsp;<\/p>\n<hr \/>\n<p>&nbsp;<\/p>\n<p><span style=\"color: #0000ff;\">MUSICA PIU&#8217;\u00a0<\/span><\/p>\n<p><a href=\"https:\/\/www.radiopiu.net\/wordpress\/giornale-radiopiu-20-settembre-2021-direttore-mirko-mezzacasa\/pp-79\/\" rel=\"attachment wp-att-232921\"><img loading=\"lazy\" decoding=\"async\" class=\"wp-image-232921 alignleft\" src=\"https:\/\/www.radiopiu.net\/wordpress\/wp-content\/uploads\/2021\/09\/pp-1-300x300.jpg\" alt=\"\" width=\"135\" height=\"135\" srcset=\"https:\/\/www.radiopiu.net\/wordpress\/wp-content\/uploads\/2021\/09\/pp-1-300x300.jpg 300w, https:\/\/www.radiopiu.net\/wordpress\/wp-content\/uploads\/2021\/09\/pp-1-150x150.jpg 150w, https:\/\/www.radiopiu.net\/wordpress\/wp-content\/uploads\/2021\/09\/pp-1.jpg 640w\" sizes=\"auto, (max-width: 135px) 100vw, 135px\" \/><\/a><\/p>\n<div class=\"mkdf-post-text\">\n<div class=\"mkdf-post-text-inner\">\n<div class=\"mkdf-post-text-main\">\n<div class=\"mkdf-post-text\">\n<div class=\"mkdf-post-text-inner\">\n<div class=\"mkdf-post-text-main\">\n<div class=\"mkdf-post-text\">\n<div class=\"mkdf-post-text-inner\">\n<div class=\"mkdf-post-text-main\">\n<div class=\"page-title-head hgroup\">\n<div class=\"page-title-head hgroup\">\n<div class=\"mkdf-post-text\">\n<div class=\"mkdf-post-text-inner\">\n<div class=\"mkdf-post-text-main\">\n<div class=\"mkdf-post-text\">\n<div class=\"mkdf-post-text-inner\">\n<div class=\"mkdf-post-text-main\">\n<div class=\"page-title-head hgroup\">\n<div class=\"page-title-head hgroup\">\n<div class=\"page-title-head hgroup\">\n<div class=\"page-title-head hgroup\">\n<div class=\"b654a4as d2edcug0\">\n<div class=\"page-title-head hgroup\">\n<div class=\"page-title-head hgroup\">\n<div class=\"page-title-head hgroup\">\n<div class=\"page-title-head hgroup\">\n<div class=\"b654a4as d2edcug0\">\n<div class=\"page-title-head hgroup\">\n<div class=\"page-title-head hgroup\">\n<div class=\"page-title-head hgroup\">\n<div class=\"page-title-head hgroup\">\n<div class=\"b654a4as d2edcug0\">\n<div class=\"mkdf-post-text\">\n<div class=\"mkdf-post-text-inner\">\n<div class=\"mkdf-post-text-main\">\n<div class=\"mkdf-post-text\">\n<div class=\"mkdf-post-text-inner\">\n<div class=\"mkdf-post-text-main\">\n<div class=\"mkdf-post-text\">\n<div class=\"mkdf-post-text-inner\">\n<div class=\"mkdf-post-text-main\">\n<div class=\"page-title-head hgroup\">\n<div class=\"page-title-head hgroup\">\n<div class=\"mkdf-post-text\">\n<div class=\"mkdf-post-text-inner\">\n<div class=\"mkdf-post-text-main\">\n<div class=\"mkdf-post-text\">\n<div class=\"mkdf-post-text-inner\">\n<div class=\"mkdf-post-text-main\">\n<div class=\"page-title-head hgroup\">\n<div class=\"page-title-head hgroup\">\n<div class=\"page-title-head hgroup\">\n<div class=\"page-title-head hgroup\">\n<div class=\"b654a4as d2edcug0\">\n<div class=\"page-title-head hgroup\">\n<div class=\"page-title-head hgroup\">\n<div class=\"page-title-head hgroup\">\n<div class=\"page-title-head hgroup\">\n<div class=\"b654a4as d2edcug0\">\n<div class=\"page-title-head hgroup\">\n<div class=\"page-title-head hgroup\">\n<div class=\"page-title-head hgroup\">\n<div class=\"page-title-head hgroup\">\n<div class=\"b654a4as d2edcug0\">\n<div><\/div>\n<div><\/div>\n<div>\n<p><strong>MUSICA ALLA RADIO, IL PROGRAMMA DI LORIS SCUSSEL &#8220;COLLAGE OPERAZIONE NOSTALGIA&#8221; DAL LUNEDI AL VENERDI ALLE 16.00\u00a0 E ALLE 23\u00a0<\/strong><\/p>\n<\/div>\n<\/div>\n<p>&nbsp;<\/p>\n<p><strong>REPLICHE<\/strong><\/p>\n<p><strong>381<\/strong><\/p>\n<audio class=\"wp-audio-shortcode\" id=\"audio-286459-9\" preload=\"none\" style=\"width: 100%;\" controls=\"controls\"><source type=\"audio\/mpeg\" src=\"https:\/\/www.radiopiu.net\/wordpress\/wp-content\/uploads\/2022\/07\/Collage-381.mp3?_=9\" \/><a href=\"https:\/\/www.radiopiu.net\/wordpress\/wp-content\/uploads\/2022\/07\/Collage-381.mp3\">https:\/\/www.radiopiu.net\/wordpress\/wp-content\/uploads\/2022\/07\/Collage-381.mp3<\/a><\/audio>\n<p>&nbsp;<\/p>\n<p><strong>382<\/strong><\/p>\n<audio class=\"wp-audio-shortcode\" id=\"audio-286459-10\" preload=\"none\" style=\"width: 100%;\" controls=\"controls\"><source type=\"audio\/mpeg\" src=\"https:\/\/www.radiopiu.net\/wordpress\/wp-content\/uploads\/2022\/07\/Collage-382.mp3?_=10\" \/><a href=\"https:\/\/www.radiopiu.net\/wordpress\/wp-content\/uploads\/2022\/07\/Collage-382.mp3\">https:\/\/www.radiopiu.net\/wordpress\/wp-content\/uploads\/2022\/07\/Collage-382.mp3<\/a><\/audio>\n<p>&nbsp;<\/p>\n<p><strong><a class=\"dt-pswp-item\" href=\"https:\/\/www.radiopiu.net\/wordpress\/wp-content\/uploads\/2022\/07\/Juke-Box.jpg\" data-dt-img-description=\"\" data-large_image_width=\"345\" data-large_image_height=\"480\"><img loading=\"lazy\" decoding=\"async\" class=\" wp-image-286395 alignleft\" src=\"https:\/\/www.radiopiu.net\/wordpress\/wp-content\/uploads\/2022\/07\/Juke-Box-150x150.jpg\" alt=\"\" width=\"130\" height=\"130\" \/><\/a>di Loris Scussel<\/strong><\/p>\n<p>Anche questa settimana Collage riproporr\u00e0 dieci trasmissioni, partiremo con i successi dei nostri cantautori interpretati da voci di primo piano della scena musicale italiana poi, tra un brano e l\u2019altro, troveremo le canzoni in versione originale diventate poi cover di successo, le sigle delle trasmissioni Rai in bianco e nero, il Juke Box per chiudere la programmazione in bellezza con gli artisti di oltre oceano. Collage va in onda dal luned\u00ec al venerd\u00ec alle 16,00 e alle 23,00 naturalmente su Radio Pi\u00f9.<\/p>\n<p>&nbsp;<\/p>\n<div class=\"b654a4as d2edcug0\">\n<hr \/>\n<\/div>\n<\/div>\n<\/div>\n<\/div>\n<\/div>\n<\/div>\n<\/div>\n<\/div>\n<\/div>\n<\/div>\n<\/div>\n<\/div>\n<\/div>\n<\/div>\n<\/div>\n<\/div>\n<\/div>\n<\/div>\n<\/div>\n<\/div>\n<\/div>\n<\/div>\n<\/div>\n<\/div>\n<\/div>\n<\/div>\n<\/div>\n<\/div>\n<\/div>\n<\/div>\n<\/div>\n<\/div>\n<\/div>\n<\/div>\n<\/div>\n<\/div>\n<\/div>\n<\/div>\n<\/div>\n<\/div>\n<\/div>\n<\/div>\n<\/div>\n<\/div>\n<\/div>\n<\/div>\n<\/div>\n<\/div>\n<\/div>\n<\/div>\n<\/div>\n<\/div>\n<\/div>\n<\/div>\n<\/div>\n<\/div>\n<\/div>\n<\/div>\n<\/div>\n<\/div>\n<\/div>\n<\/div>\n<\/div>\n<\/div>\n<p>&nbsp;<\/p>\n<blockquote>\n<h3><span style=\"color: #0000ff;\">RADIO PIU INFORMAZIONE il canale su TELEGRAM informazione di prima mano e in tempo reale. iscriviti ed aiutaci a farlo conoscere\u00a0\u00a0<\/span><\/h3>\n<\/blockquote>\n<div>\n<div class=\"page-title-head hgroup\">\n<div class=\"page-title-head hgroup\">\n<div class=\"page-title-head hgroup\">\n<div class=\"page-title-head hgroup\">\n<div class=\"b654a4as d2edcug0\">\n<div class=\"page-title-head hgroup\">\n<div class=\"page-title-head hgroup\">\n<div class=\"page-title-head hgroup\">\n<div class=\"page-title-head hgroup\">\n<div class=\"b654a4as d2edcug0\">\n<div class=\"page-title-head hgroup\">\n<div class=\"page-title-head hgroup\">\n<div class=\"page-title-head hgroup\">\n<div class=\"page-title-head hgroup\">\n<div class=\"page-title-head hgroup\">\n<div class=\"page-title-head hgroup\">\n<div class=\"page-title-head hgroup\">\n<div class=\"page-title-head hgroup\">\n<div class=\"page-title-head hgroup\">\n<div class=\"b654a4as d2edcug0\">\n<div class=\"page-title-head hgroup\">\n<div class=\"page-title-head hgroup\">\n<div class=\"page-title-head hgroup\">\n<div class=\"page-title-head hgroup\">\n<div class=\"b654a4as d2edcug0\">\n<div><\/div>\n<div>\n<div class=\"page-title-head hgroup\">\n<div class=\"page-title-head hgroup\">\n<div class=\"page-title-head hgroup\">\n<div class=\"page-title-head hgroup\">\n<div class=\"page-title-head hgroup\">\n<div class=\"mkdf-post-text\">\n<div class=\"mkdf-post-text-inner\">\n<div class=\"mkdf-post-text-main\">\n<div class=\"mkdf-post-text\">\n<div class=\"mkdf-post-text-inner\">\n<div class=\"mkdf-post-text-main\">\n<div class=\"mkdf-post-text\">\n<div class=\"mkdf-post-text-inner\">\n<div class=\"mkdf-post-text-main\">\n<div class=\"page-title-head hgroup\">\n<div class=\"page-title-head hgroup\">\n<div class=\"mkdf-post-text\">\n<div class=\"mkdf-post-text-inner\">\n<div class=\"mkdf-post-text-main\">\n<div class=\"mkdf-post-text\">\n<div class=\"mkdf-post-text-inner\">\n<div class=\"mkdf-post-text-main\">\n<div class=\"page-title-head hgroup\">\n<div class=\"page-title-head hgroup\">\n<div class=\"page-title-head hgroup\">\n<div class=\"page-title-head hgroup\">\n<div class=\"b654a4as d2edcug0\">\n<div class=\"page-title-head hgroup\">\n<div class=\"page-title-head hgroup\">\n<div class=\"page-title-head hgroup\">\n<div class=\"page-title-head hgroup\">\n<div class=\"b654a4as d2edcug0\">\n<div class=\"page-title-head hgroup\">\n<div class=\"page-title-head hgroup\">\n<div class=\"page-title-head hgroup\">\n<p>&nbsp;<\/p>\n<div>\n<div class=\"page-title-head hgroup\">\n<div class=\"page-title-head hgroup\">\n<div class=\"b654a4as d2edcug0\">\n<div class=\"j83agx80 btwxx1t3 lhclo0ds hop8lmos nkwizq5d scwd0bx6 roh60bw9\">\n<div class=\"rq0escxv hkbzh7o3 jwdofwj8 n8tt0mok r8blr3vg hyh9befq\">\n<div class=\"do00u71z l9j0dhe7 k4urcfbm\">\n<div class=\"page-title-head hgroup\">\n<div class=\"page-title-head hgroup\">\n<div class=\"b654a4as d2edcug0\">\n<div class=\"j83agx80 btwxx1t3 lhclo0ds hop8lmos nkwizq5d scwd0bx6 roh60bw9\">\n<div class=\"rq0escxv hkbzh7o3 jwdofwj8 n8tt0mok r8blr3vg hyh9befq\">\n<div class=\"do00u71z l9j0dhe7 k4urcfbm\">\n<div class=\"ecm0bbzt e5nlhep0 a8c37x1j\">\n<div class=\"kvgmc6g5 cxmmr5t8 oygrvhab hcukyx3x c1et5uql\">\n<div class=\"gmail-kvgmc6g5 gmail-cxmmr5t8 gmail-oygrvhab gmail-hcukyx3x gmail-c1et5uql gmail-ii04i59q\">\n<div class=\"page-title-head hgroup\">\n<div class=\"page-title-head hgroup\">\n<div class=\"b654a4as d2edcug0\">\n<div class=\"j83agx80 btwxx1t3 lhclo0ds hop8lmos nkwizq5d scwd0bx6 roh60bw9\">\n<div class=\"rq0escxv hkbzh7o3 jwdofwj8 n8tt0mok r8blr3vg hyh9befq\">\n<div class=\"do00u71z l9j0dhe7 k4urcfbm\">\n<div class=\"page-title-head hgroup\">\n<div class=\"page-title-head hgroup\">\n<div class=\"b654a4as d2edcug0\">\n<div class=\"j83agx80 btwxx1t3 lhclo0ds hop8lmos nkwizq5d scwd0bx6 roh60bw9\">\n<div class=\"rq0escxv hkbzh7o3 jwdofwj8 n8tt0mok r8blr3vg hyh9befq\">\n<div class=\"do00u71z l9j0dhe7 k4urcfbm\">\n<div class=\"page-title-head hgroup\">\n<div class=\"page-title-head hgroup\">\n<div class=\"b654a4as d2edcug0\">\n<div class=\"j83agx80 btwxx1t3 lhclo0ds hop8lmos nkwizq5d scwd0bx6 roh60bw9\">\n<div class=\"rq0escxv hkbzh7o3 jwdofwj8 n8tt0mok r8blr3vg hyh9befq\">\n<div class=\"do00u71z l9j0dhe7 k4urcfbm\">\n<div class=\"ecm0bbzt e5nlhep0 a8c37x1j\">\n<div class=\"kvgmc6g5 cxmmr5t8 oygrvhab hcukyx3x c1et5uql\">\n<div class=\"gmail-kvgmc6g5 gmail-cxmmr5t8 gmail-oygrvhab gmail-hcukyx3x gmail-c1et5uql gmail-ii04i59q\">\n<div class=\"page-title-head hgroup\">\n<div class=\"page-title-head hgroup\">\n<div class=\"b654a4as d2edcug0\">\n<div class=\"j83agx80 btwxx1t3 lhclo0ds hop8lmos nkwizq5d scwd0bx6 roh60bw9\">\n<div class=\"rq0escxv hkbzh7o3 jwdofwj8 n8tt0mok r8blr3vg hyh9befq\">\n<div class=\"do00u71z l9j0dhe7 k4urcfbm\">\n<div class=\"page-title-head hgroup\">\n<div class=\"page-title-head hgroup\">\n<div class=\"page-title-head hgroup\">\n<div class=\"page-title-head hgroup\">\n<div class=\"b654a4as d2edcug0\">\n<div class=\"page-title-head hgroup\">\n<div class=\"page-title-head hgroup\">\n<div class=\"page-title-head hgroup\">\n<div class=\"page-title-head hgroup\">\n<div class=\"b654a4as d2edcug0\">\n<div class=\"page-title-head hgroup\">\n<div class=\"page-title-head hgroup\">\n<div class=\"page-title-head hgroup\">\n<div class=\"page-title-head hgroup\">\n<div class=\"page-title-head hgroup\">\n<div class=\"page-title-head hgroup\">\n<div class=\"page-title-head hgroup\">\n<div class=\"page-title-head hgroup\">\n<div class=\"page-title-head hgroup\">\n<div class=\"b654a4as d2edcug0\">\n<div class=\"page-title-head hgroup\">\n<div class=\"page-title-head hgroup\">\n<div class=\"page-title-head hgroup\">\n<div class=\"page-title-head hgroup\">\n<div class=\"b654a4as d2edcug0\">\n<div class=\"page-title-head hgroup\">\n<div class=\"page-title-head hgroup\">\n<div class=\"page-title-head hgroup\">\n<div class=\"page-title-head hgroup\">\n<div class=\"page-title-head hgroup\">\n<div class=\"mkdf-post-text\">\n<div class=\"mkdf-post-text-inner\">\n<div class=\"mkdf-post-text-main\">\n<div class=\"mkdf-post-text\">\n<div class=\"mkdf-post-text-inner\">\n<div class=\"mkdf-post-text-main\">\n<div class=\"mkdf-post-text\">\n<div class=\"mkdf-post-text-inner\">\n<div class=\"mkdf-post-text-main\">\n<div class=\"page-title-head hgroup\">\n<div class=\"page-title-head hgroup\">\n<div class=\"mkdf-post-text\">\n<div class=\"mkdf-post-text-inner\">\n<div class=\"mkdf-post-text-main\">\n<div class=\"mkdf-post-text\">\n<div class=\"mkdf-post-text-inner\">\n<div class=\"mkdf-post-text-main\">\n<div class=\"page-title-head hgroup\">\n<div class=\"page-title-head hgroup\">\n<div class=\"page-title-head hgroup\">\n<div class=\"page-title-head hgroup\">\n<div class=\"b654a4as d2edcug0\">\n<div class=\"page-title-head hgroup\">\n<div class=\"page-title-head hgroup\">\n<div class=\"page-title-head hgroup\">\n<div class=\"page-title-head hgroup\">\n<div class=\"b654a4as d2edcug0\">\n<div class=\"page-title-head hgroup\">\n<div class=\"page-title-head hgroup\">\n<div class=\"page-title-head hgroup\">\n<div class=\"page-title-head hgroup\">\n<div class=\"b654a4as d2edcug0\">\n<div class=\"ecm0bbzt e5nlhep0 a8c37x1j\">\n<div class=\"kvgmc6g5 cxmmr5t8 oygrvhab hcukyx3x c1et5uql\">\n<div class=\"gmail-kvgmc6g5 gmail-cxmmr5t8 gmail-oygrvhab gmail-hcukyx3x gmail-c1et5uql gmail-ii04i59q\">\n<div class=\"page-title-head hgroup\">\n<div class=\"page-title-head hgroup\">\n<div class=\"b654a4as d2edcug0\">\n<div class=\"j83agx80 btwxx1t3 lhclo0ds hop8lmos nkwizq5d scwd0bx6 roh60bw9\">\n<div class=\"rq0escxv hkbzh7o3 jwdofwj8 n8tt0mok r8blr3vg hyh9befq\">\n<div class=\"do00u71z l9j0dhe7 k4urcfbm\">\n<div class=\"page-title-head hgroup\">\n<div class=\"page-title-head hgroup\">\n<div class=\"page-title-head hgroup\">\n<div class=\"page-title-head hgroup\">\n<div class=\"b654a4as d2edcug0\">\n<div class=\"page-title-head hgroup\">\n<div class=\"page-title-head hgroup\">\n<div class=\"page-title-head hgroup\">\n<div class=\"page-title-head hgroup\">\n<div class=\"b654a4as d2edcug0\">\n<div class=\"page-title-head hgroup\">\n<div class=\"page-title-head hgroup\">\n<div class=\"page-title-head hgroup\">\n<div class=\"page-title-head hgroup\">\n<div class=\"page-title-head hgroup\">\n<div class=\"page-title-head hgroup\">\n<div class=\"page-title-head hgroup\">\n<div class=\"page-title-head hgroup\">\n<div class=\"page-title-head hgroup\">\n<div class=\"b654a4as d2edcug0\">\n<div class=\"page-title-head hgroup\">\n<div class=\"page-title-head hgroup\">\n<div class=\"page-title-head hgroup\">\n<div class=\"page-title-head hgroup\">\n<div class=\"b654a4as d2edcug0\">\n<div class=\"page-title-head hgroup\">\n<div class=\"page-title-head hgroup\">\n<div class=\"page-title-head hgroup\">\n<div class=\"page-title-head hgroup\">\n<div class=\"page-title-head hgroup\">\n<div class=\"mkdf-post-text\">\n<div class=\"mkdf-post-text-inner\">\n<div class=\"mkdf-post-text-main\">\n<div class=\"mkdf-post-text\">\n<div class=\"mkdf-post-text-inner\">\n<div class=\"mkdf-post-text-main\">\n<div class=\"mkdf-post-text\">\n<div class=\"mkdf-post-text-inner\">\n<div class=\"mkdf-post-text-main\">\n<div class=\"page-title-head hgroup\">\n<div class=\"page-title-head hgroup\">\n<div class=\"mkdf-post-text\">\n<div class=\"mkdf-post-text-inner\">\n<div class=\"mkdf-post-text-main\">\n<div class=\"mkdf-post-text\">\n<div class=\"mkdf-post-text-inner\">\n<div class=\"mkdf-post-text-main\">\n<div class=\"page-title-head hgroup\">\n<div class=\"page-title-head hgroup\">\n<div class=\"page-title-head hgroup\">\n<div class=\"page-title-head hgroup\">\n<div class=\"b654a4as d2edcug0\">\n<div class=\"page-title-head hgroup\">\n<div class=\"page-title-head hgroup\">\n<div class=\"page-title-head hgroup\">\n<div class=\"page-title-head hgroup\">\n<div class=\"b654a4as d2edcug0\">\n<div class=\"page-title-head hgroup\">\n<div class=\"page-title-head hgroup\">\n<div class=\"page-title-head hgroup\">\n<div class=\"page-title-head hgroup\">\n<div class=\"b654a4as d2edcug0\">\n<hr \/>\n<p>&nbsp;<\/p>\n<div>\n<p><strong>DUE MINUTI UN LIBRO, TUTTI I GIORNI ALLA RADIO ALLE 9.40 E ALLE 17.50\u00a0\u00a0<\/strong><\/p>\n<div>\n<div>\n<p><strong>LA RACCOLTA COMPLETA\u00a0\u00a0<\/strong><\/p>\n<\/div>\n<\/div>\n<\/div>\n<div class=\"mkdf-post-text\">\n<div class=\"mkdf-post-text-inner\">\n<div class=\"mkdf-post-text-main\">\n<div class=\"mkdf-post-text\">\n<div class=\"mkdf-post-text-inner\">\n<div class=\"mkdf-post-text-main\">\n<div class=\"mkdf-post-text\">\n<div class=\"mkdf-post-text-inner\">\n<div class=\"mkdf-post-text-main\">\n<div class=\"page-title-head hgroup\">\n<div class=\"page-title-head hgroup\">\n<div class=\"mkdf-post-text\">\n<div class=\"mkdf-post-text-inner\">\n<div class=\"mkdf-post-text-main\">\n<div class=\"mkdf-post-text\">\n<div class=\"mkdf-post-text-inner\">\n<div class=\"mkdf-post-text-main\">\n<div class=\"page-title-head hgroup\">\n<div class=\"page-title-head hgroup\">\n<div class=\"page-title-head hgroup\">\n<div class=\"page-title-head hgroup\">\n<div class=\"b654a4as d2edcug0\">\n<div class=\"page-title-head hgroup\">\n<div class=\"page-title-head hgroup\">\n<div class=\"page-title-head hgroup\">\n<div class=\"page-title-head hgroup\">\n<div class=\"b654a4as d2edcug0\">\n<div class=\"page-title-head hgroup\">\n<div class=\"page-title-head hgroup\">\n<div class=\"page-title-head hgroup\">\n<div class=\"page-title-head hgroup\">\n<div class=\"b654a4as d2edcug0\">\n<div>\n<blockquote class=\"wp-embedded-content\" data-secret=\"ivPpdlqHQd\"><p><a href=\"https:\/\/www.radiopiu.net\/wordpress\/due-minuti-un-libro\/\">Due minuti un libro<\/a><\/p><\/blockquote>\n<p><iframe loading=\"lazy\" class=\"wp-embedded-content\" sandbox=\"allow-scripts\" security=\"restricted\" style=\"position: absolute; clip: rect(1px, 1px, 1px, 1px);\" title=\"&#8220;Due minuti un libro&#8221; &#8212; Radio Pi\u00f9\" src=\"https:\/\/www.radiopiu.net\/wordpress\/due-minuti-un-libro\/embed\/#?secret=X6oXnJvYok#?secret=ivPpdlqHQd\" data-secret=\"ivPpdlqHQd\" width=\"600\" height=\"338\" frameborder=\"0\" marginwidth=\"0\" marginheight=\"0\" scrolling=\"no\"><\/iframe><\/p>\n<p>&nbsp;<\/p>\n<\/div>\n<div>\n<hr \/>\n<p>&nbsp;<\/p>\n<\/div>\n<h2><span style=\"color: #808000;\">L&#8217;ALMANACCO LADINO\u00a0<\/span><strong> \u00a0<\/strong><\/h2>\n<p><strong>LA RACCOLTA<\/strong><\/p>\n<blockquote class=\"wp-embedded-content\" data-secret=\"FFGz9PCStx\"><p><a href=\"https:\/\/www.radiopiu.net\/wordpress\/almanacco-ladino\/\">Almanacco Ladino<\/a><\/p><\/blockquote>\n<p><iframe loading=\"lazy\" class=\"wp-embedded-content\" sandbox=\"allow-scripts\" security=\"restricted\" style=\"position: absolute; clip: rect(1px, 1px, 1px, 1px);\" title=\"&#8220;Almanacco Ladino&#8221; &#8212; Radio Pi\u00f9\" src=\"https:\/\/www.radiopiu.net\/wordpress\/almanacco-ladino\/embed\/#?secret=wiPdQfDOmD#?secret=FFGz9PCStx\" data-secret=\"FFGz9PCStx\" width=\"600\" height=\"338\" frameborder=\"0\" marginwidth=\"0\" marginheight=\"0\" scrolling=\"no\"><\/iframe><\/p>\n<p>&nbsp;<\/p>\n<hr \/>\n<p>&nbsp;<\/p>\n<h2><span style=\"color: #33cccc;\">LA RASSEGNA STAMPA DA L&#8217;AMICO DEL POPOLO<\/span><\/h2>\n<p><strong>LA RACCOLTA COMPLETA<\/strong><\/p>\n<blockquote class=\"wp-embedded-content\" data-secret=\"LzuuT5rWvP\"><p><a href=\"https:\/\/www.radiopiu.net\/wordpress\/rassegna-stampa-di-gianni-santomaso\/\">Rassegna stampa da l&#8217;amico del popolo &#8211; di Gianni Santomaso<\/a><\/p><\/blockquote>\n<p><iframe loading=\"lazy\" class=\"wp-embedded-content\" sandbox=\"allow-scripts\" security=\"restricted\" style=\"position: absolute; clip: rect(1px, 1px, 1px, 1px);\" title=\"&#8220;Rassegna stampa da l&#8217;amico del popolo &#8211; di Gianni Santomaso&#8221; &#8212; Radio Pi\u00f9\" src=\"https:\/\/www.radiopiu.net\/wordpress\/rassegna-stampa-di-gianni-santomaso\/embed\/#?secret=5bxQBqrxSc#?secret=LzuuT5rWvP\" data-secret=\"LzuuT5rWvP\" width=\"600\" height=\"338\" frameborder=\"0\" marginwidth=\"0\" marginheight=\"0\" scrolling=\"no\"><\/iframe><\/p>\n<p>&nbsp;<\/p>\n<hr \/>\n<p>&nbsp;<\/p>\n<div>\n<div class=\"page-title-head hgroup\">\n<div class=\"page-title-head hgroup\">\n<div class=\"b654a4as d2edcug0\">\n<div class=\"j83agx80 btwxx1t3 lhclo0ds hop8lmos nkwizq5d scwd0bx6 roh60bw9\">\n<div class=\"rq0escxv hkbzh7o3 jwdofwj8 n8tt0mok r8blr3vg hyh9befq\">\n<div class=\"do00u71z l9j0dhe7 k4urcfbm\">\n<div class=\"ecm0bbzt e5nlhep0 a8c37x1j\">\n<div class=\"kvgmc6g5 cxmmr5t8 oygrvhab hcukyx3x c1et5uql\">\n<div class=\"gmail-kvgmc6g5 gmail-cxmmr5t8 gmail-oygrvhab gmail-hcukyx3x gmail-c1et5uql gmail-ii04i59q\">\n<div class=\"page-title-head hgroup\">\n<div class=\"page-title-head hgroup\">\n<div class=\"b654a4as d2edcug0\">\n<div class=\"j83agx80 btwxx1t3 lhclo0ds hop8lmos nkwizq5d scwd0bx6 roh60bw9\">\n<div class=\"rq0escxv hkbzh7o3 jwdofwj8 n8tt0mok r8blr3vg hyh9befq\">\n<div class=\"do00u71z l9j0dhe7 k4urcfbm\">\n<div class=\"page-title-head hgroup\">\n<div class=\"page-title-head hgroup\">\n<div class=\"page-title-head hgroup\">\n<div class=\"page-title-head hgroup\">\n<div class=\"b654a4as d2edcug0\">\n<div class=\"page-title-head hgroup\">\n<div class=\"page-title-head hgroup\">\n<div class=\"page-title-head hgroup\">\n<div class=\"page-title-head hgroup\">\n<div class=\"b654a4as d2edcug0\">\n<div class=\"page-title-head hgroup\">\n<div class=\"page-title-head hgroup\">\n<div class=\"page-title-head hgroup\">\n<div class=\"page-title-head hgroup\">\n<div class=\"page-title-head hgroup\">\n<div class=\"page-title-head hgroup\">\n<div class=\"page-title-head hgroup\">\n<div class=\"page-title-head hgroup\">\n<div class=\"page-title-head hgroup\">\n<div class=\"b654a4as d2edcug0\">\n<div class=\"page-title-head hgroup\">\n<div class=\"page-title-head hgroup\">\n<div class=\"page-title-head hgroup\">\n<div class=\"page-title-head hgroup\">\n<div class=\"b654a4as d2edcug0\">\n<div class=\"page-title-head hgroup\">\n<div class=\"page-title-head hgroup\">\n<div class=\"page-title-head hgroup\">\n<div class=\"page-title-head hgroup\">\n<div class=\"page-title-head hgroup\">\n<div class=\"mkdf-post-text\">\n<div class=\"mkdf-post-text-inner\">\n<div class=\"mkdf-post-text-main\">\n<div class=\"mkdf-post-text\">\n<div class=\"mkdf-post-text-inner\">\n<div class=\"mkdf-post-text-main\">\n<div class=\"mkdf-post-text\">\n<div class=\"mkdf-post-text-inner\">\n<div class=\"mkdf-post-text-main\">\n<div class=\"page-title-head hgroup\">\n<div class=\"page-title-head hgroup\">\n<div class=\"mkdf-post-text\">\n<div class=\"mkdf-post-text-inner\">\n<div class=\"mkdf-post-text-main\">\n<div class=\"mkdf-post-text\">\n<div class=\"mkdf-post-text-inner\">\n<div class=\"mkdf-post-text-main\">\n<div class=\"page-title-head hgroup\">\n<div class=\"page-title-head hgroup\">\n<div class=\"page-title-head hgroup\">\n<div class=\"page-title-head hgroup\">\n<div class=\"b654a4as d2edcug0\">\n<div class=\"page-title-head hgroup\">\n<div class=\"page-title-head hgroup\">\n<div class=\"page-title-head hgroup\">\n<div class=\"page-title-head hgroup\">\n<div class=\"b654a4as d2edcug0\">\n<div class=\"page-title-head hgroup\">\n<div class=\"page-title-head hgroup\">\n<div class=\"page-title-head hgroup\">\n<div class=\"page-title-head hgroup\">\n<div class=\"b654a4as d2edcug0\">\n<h2><span style=\"color: #800080;\">I RACCONTI DI PAOLO SOPPELSA\u00a0<\/span><\/h2>\n<p><strong>AL CENTRO COMMERCIALE<\/strong><\/p>\n<p><em><strong>AUDIO<\/strong><\/em><\/p>\n<audio class=\"wp-audio-shortcode\" id=\"audio-286459-11\" preload=\"none\" style=\"width: 100%;\" controls=\"controls\"><source type=\"audio\/mpeg\" src=\"https:\/\/www.radiopiu.net\/wordpress\/wp-content\/uploads\/2022\/07\/PAOLO-SOPPELSA-AL-CENTRO-COMMERCIALE.mp3?_=11\" \/><a href=\"https:\/\/www.radiopiu.net\/wordpress\/wp-content\/uploads\/2022\/07\/PAOLO-SOPPELSA-AL-CENTRO-COMMERCIALE.mp3\">https:\/\/www.radiopiu.net\/wordpress\/wp-content\/uploads\/2022\/07\/PAOLO-SOPPELSA-AL-CENTRO-COMMERCIALE.mp3<\/a><\/audio>\n<p>&nbsp;<\/p>\n<p><a class=\"dt-pswp-item\" href=\"https:\/\/www.radiopiu.net\/wordpress\/wp-content\/uploads\/2022\/07\/fd778a4b-ab05-4553-9b42-b3cae1385e7c.jpg\" data-dt-img-description=\"\" data-large_image_width=\"1080\" data-large_image_height=\"810\"><img loading=\"lazy\" decoding=\"async\" class=\"size-thumbnail wp-image-286350 alignleft\" src=\"https:\/\/www.radiopiu.net\/wordpress\/wp-content\/uploads\/2022\/07\/fd778a4b-ab05-4553-9b42-b3cae1385e7c-150x150.jpg\" alt=\"\" width=\"150\" height=\"150\" \/><\/a>Ai primi di luglio \u00e8 tempo della buca delle lettere ricolma di volantini che annunciano l&#8217;inizio dei saldi estivi; ed allora ecco il palesarsi della pressoch\u00e9 inevitabile gita annuale nella &#8220;bassa&#8221;, ovvero in quella Terra di Mezzo del Veneto che \u00e8 la Marca Trevigiana. Si alza puntuale la sbarra del casello dell&#8217;autostrada, il Telepass ha funzionato regolarmente ed ora l&#8217;auto corre veloce lasciandosi alle spalle il lago di Santa Croce. All&#8217;uscita della lunga galleria trovo un&#8217;estate che \u00e8 ancora pi\u00f9 estate. Poco pi\u00f9 di mezz&#8217;ora di strada, in compagnia dell&#8217;orizzonte coperto di foschia e dell&#8217;asfalto tremolante della A27. Poi il casello e una serie di rotonde tutte uguali. Rettilinei e rotatorie, capannoni e insegne giganti che sono preludio all&#8217;imminente arrivo al centro commerciale. Centinaia, forse migliaia di auto e mega parcheggi, anche sotterranei, perch\u00e9 il terreno non basta e, soprattutto, perch\u00e8 d\u2019estate il caldo morde di brutto in queste zone. Asfalto nero decorato con le strisce bianche dei parcheggi e macchine che si trasformano in forni crematori mobili. Ha piovuto da poco, un acquazzone estivo e poi il sole di luglio e l&#8217;afa opprimente. L&#8217;acqua delle pozzanghere che si tramuta in vapore e che sale verso il cielo; i vestiti si appiccicano alla pelle e le mani sudano copiosamente mentre tento di trovare un posto libero in quel mare d&#8217;auto roventi. Niente, nemmeno un posto libero, e allora la vettura infuocata \u00e8 costretta a trovare alloggio nel parcheggio sotterraneo, e oggi non \u00e8 un male, penso; si brucia, ma chiss\u00e0, potrebbe pure grandinare. Stridore di gomme sul pavimento in cemento e odore di seminterrato, poi l&#8217;ascensore che mi deposita nuovamente al bordo del parcheggio. Ultima vampata di calore, poi, la porta automatica si apre ed entro in una nuova stagione. All&#8217;interno del paradiso dell&#8217;outdoor sembra di essere ai primi di marzo. L&#8217;aria condizionata, gelida, esce sibilando dalle griglie delle tubazioni poste sotto il soffitto, e mi sembra di essere in fabbrica. Afferro il carrello mentre mi viene la pelle d&#8217;oca e sento qualche brivido di freddo; spero niente bronchite domani. Lungo le corsie uomini tirano il carrello mentre le donne infilano le mani negli scaffali e poi spariscono nei camerini. I bambini osservano i palloni buttati alla rinfusa nei grandi cesti di ferro, qualcuno pi\u00f9 coraggioso ne prende uno e inizia a giocare mentre i commessi alzano gli occhi al cielo. La ragazza della security ha lo sguardo severo e pure la pistola, e si aggira guardinga fra gli scaffali. Mi guarda, ed io penso &#8220;tranquilla, non rubo niente, il mio obiettivo \u00e8 comprare quelle tre cose che mi servono per poi ritornare subito ai monti&#8221;. Riempio in fretta il mio carrello e mi avvio velocemente verso la cassa. Le cassiere sono svelte, abituate ai ritmi frenetici di questi mega negozi; pochi attimi dopo mi ritrovo aldil\u00e0 della porta automatica, dove ritrovo l&#8217;estate. Il sole picchia e rende rovente l&#8217;asfalto ormai perfettamente asciutto. Niente Prealpi all\u2019orizzonte, niente Col Visentin. Un\u2019atmosfera lattiginosa ingloba questo mondo di capannoni insegne e parcheggi. Vicino ad una nuova torre in costruzione, una vecchia casa colonica ben restaurata \u00e8 testimone di ci\u00f2 che \u00e8 stata questa terra a met\u00e0 fra le Dolomiti e l\u2019Adriatico. La osservo per un po\u2019; appare rassegnata, sembra terminato per lei quel tempo dell\u2019incredulit\u00e0, di quando osservava stupita il rapido sorgere di supermercati fabbriche e discount. E nulla potevano le fioche lampadine che un tempo illuminavano le sue stanze contro le super insegne luminose dei centri commerciali che, negli affollati pomeriggi\/sera d\u2019inverno, illuminano a giorno i piazzali del centro commerciale. Gente che entra, gente che esce carica di borse. Niente Nevegal all\u2019orizzonte, niente Pian delle Femene. Poi l\u2019auto risale dagli inferi in cemento armato del parcheggio interrato e, come in un tempo che fu, imbocca la S.S.51 d\u2019Alemagna. Pompe bianche, rivendite di batterie per auto e ancora lavorazioni marmi ed autofficine mi accompagnano lungo la strada del ritorno. All\u2019entrata di Serravalle si inizia a respirare aria di casa. La foschia non riesce pi\u00f9 a nascondere il profilo del Nevegal. Le ruote corrono sull\u2019asfalto bagnato ed in breve siamo aldil\u00e0 delle prealpi. Dove fa un po\u2019 pi\u00f9 fresco e quasi non c\u2019\u00e8 afa. Sono a casa, finalmente. Arrivederci centro commerciale, ci rivedremo fra un anno, quando sar\u00e0 nuovamente tempo di afa e calzini e magliette da acquistare.<\/p>\n<p><strong>LA RACCOLTA COMPLETA<\/strong><\/p>\n<blockquote class=\"wp-embedded-content\" data-secret=\"DqJ8lziupu\"><p><a href=\"https:\/\/www.radiopiu.net\/wordpress\/i-racconti-di-paolo-soppelsa\/\">I racconti di Paolo Soppelsa<\/a><\/p><\/blockquote>\n<p><iframe loading=\"lazy\" class=\"wp-embedded-content\" sandbox=\"allow-scripts\" security=\"restricted\" style=\"position: absolute; clip: rect(1px, 1px, 1px, 1px);\" title=\"&#8220;I racconti di Paolo Soppelsa&#8221; &#8212; Radio Pi\u00f9\" src=\"https:\/\/www.radiopiu.net\/wordpress\/i-racconti-di-paolo-soppelsa\/embed\/#?secret=DtcEhg1Mpp#?secret=DqJ8lziupu\" data-secret=\"DqJ8lziupu\" width=\"600\" height=\"338\" frameborder=\"0\" marginwidth=\"0\" marginheight=\"0\" scrolling=\"no\"><\/iframe><\/p>\n<p>&nbsp;<\/p>\n<hr \/>\n<p>&nbsp;<\/p>\n<\/div>\n<\/div>\n<\/div>\n<\/div>\n<\/div>\n<\/div>\n<\/div>\n<\/div>\n<\/div>\n<\/div>\n<\/div>\n<\/div>\n<\/div>\n<\/div>\n<\/div>\n<\/div>\n<\/div>\n<\/div>\n<\/div>\n<\/div>\n<\/div>\n<\/div>\n<\/div>\n<\/div>\n<\/div>\n<\/div>\n<\/div>\n<\/div>\n<\/div>\n<\/div>\n<\/div>\n<\/div>\n<\/div>\n<\/div>\n<\/div>\n<\/div>\n<\/div>\n<\/div>\n<\/div>\n<\/div>\n<\/div>\n<\/div>\n<\/div>\n<\/div>\n<\/div>\n<\/div>\n<\/div>\n<\/div>\n<\/div>\n<\/div>\n<\/div>\n<\/div>\n<\/div>\n<\/div>\n<\/div>\n<\/div>\n<\/div>\n<\/div>\n<\/div>\n<\/div>\n<\/div>\n<\/div>\n<\/div>\n<\/div>\n<\/div>\n<\/div>\n<\/div>\n<\/div>\n<\/div>\n<\/div>\n<\/div>\n<\/div>\n<\/div>\n<\/div>\n<\/div>\n<\/div>\n<\/div>\n<\/div>\n<\/div>\n<\/div>\n<\/div>\n<\/div>\n<\/div>\n<\/div>\n<\/div>\n<\/div>\n<\/div>\n<\/div>\n<\/div>\n<\/div>\n<\/div>\n<\/div>\n<\/div>\n<\/div>\n<\/div>\n<\/div>\n<\/div>\n<\/div>\n<\/div>\n<\/div>\n<\/div>\n<\/div>\n<\/div>\n<\/div>\n<\/div>\n<\/div>\n<\/div>\n<\/div>\n<\/div>\n<\/div>\n<\/div>\n<div class=\"b654a4as d2edcug0\">\n<div class=\"ecm0bbzt e5nlhep0 a8c37x1j\">\n<div class=\"kvgmc6g5 cxmmr5t8 oygrvhab hcukyx3x c1et5uql\">\n<div class=\"gmail-kvgmc6g5 gmail-cxmmr5t8 gmail-oygrvhab gmail-hcukyx3x gmail-c1et5uql gmail-ii04i59q\">\n<div>\n<div class=\"page-title-head hgroup\">\n<div class=\"page-title-head hgroup\">\n<div class=\"b654a4as d2edcug0\">\n<div class=\"j83agx80 btwxx1t3 lhclo0ds hop8lmos nkwizq5d scwd0bx6 roh60bw9\">\n<div class=\"rq0escxv hkbzh7o3 jwdofwj8 n8tt0mok r8blr3vg hyh9befq\">\n<div class=\"do00u71z l9j0dhe7 k4urcfbm\">\n<div>\n<div class=\"page-title-head hgroup\">\n<div class=\"page-title-head hgroup\">\n<div class=\"page-title-head hgroup\">\n<div class=\"page-title-head hgroup\">\n<div class=\"b654a4as d2edcug0\">\n<div class=\"page-title-head hgroup\">\n<div class=\"page-title-head hgroup\">\n<div class=\"page-title-head hgroup\">\n<div class=\"page-title-head hgroup\">\n<div class=\"b654a4as d2edcug0\">\n<div class=\"page-title-head hgroup\">\n<div class=\"page-title-head hgroup\">\n<div class=\"page-title-head hgroup\">\n<div class=\"page-title-head hgroup\">\n<div class=\"page-title-head hgroup\">\n<div class=\"mkdf-post-text\">\n<div class=\"mkdf-post-text-inner\">\n<div class=\"mkdf-post-text-main\">\n<div class=\"mkdf-post-text\">\n<div class=\"mkdf-post-text-inner\">\n<div class=\"mkdf-post-text-main\">\n<div class=\"mkdf-post-text\">\n<div class=\"mkdf-post-text-inner\">\n<div class=\"mkdf-post-text-main\">\n<div class=\"page-title-head hgroup\">\n<div class=\"page-title-head hgroup\">\n<div class=\"mkdf-post-text\">\n<div class=\"mkdf-post-text-inner\">\n<div class=\"mkdf-post-text-main\">\n<div class=\"mkdf-post-text\">\n<div class=\"mkdf-post-text-inner\">\n<div class=\"mkdf-post-text-main\">\n<div>\n<div class=\"page-title-head hgroup\">\n<div class=\"page-title-head hgroup\">\n<div>\n<div class=\"page-title-head hgroup\">\n<div class=\"page-title-head hgroup\">\n<div class=\"b654a4as d2edcug0\">\n<div>\n<div class=\"page-title-head hgroup\" style=\"text-align: left;\">\n<div class=\"page-title-head hgroup\">\n<div dir=\"auto\">\n<p><a class=\"dt-pswp-item pspw-wrap-ready\" href=\"https:\/\/i0.wp.com\/www.radiopiu.net\/wordpress\/wp-content\/uploads\/2018\/09\/WhatsApp-Image-2018-09-20-at-16.04.06.jpeg?ssl=1\" data-dt-img-description=\"\" data-large_image_width=\"800\" data-large_image_height=\"100\"><img loading=\"lazy\" decoding=\"async\" class=\"aligncenter wp-image-61378 size-full jetpack-lazy-image jetpack-lazy-image--handled\" src=\"https:\/\/i0.wp.com\/www.radiopiu.net\/wordpress\/wp-content\/uploads\/2018\/09\/WhatsApp-Image-2018-09-20-at-16.04.06.jpeg?resize=800%2C100&amp;ssl=1\" sizes=\"auto, (max-width: 800px) 100vw, 800px\" srcset=\"https:\/\/i0.wp.com\/www.radiopiu.net\/wordpress\/wp-content\/uploads\/2018\/09\/WhatsApp-Image-2018-09-20-at-16.04.06.jpeg?w=800&amp;ssl=1 800w, https:\/\/i0.wp.com\/www.radiopiu.net\/wordpress\/wp-content\/uploads\/2018\/09\/WhatsApp-Image-2018-09-20-at-16.04.06.jpeg?resize=300%2C38&amp;ssl=1 300w, https:\/\/i0.wp.com\/www.radiopiu.net\/wordpress\/wp-content\/uploads\/2018\/09\/WhatsApp-Image-2018-09-20-at-16.04.06.jpeg?resize=768%2C96&amp;ssl=1 768w\" alt=\"\" width=\"800\" height=\"100\" data-lazy-loaded=\"1\" \/><\/a><\/p>\n<\/div>\n<\/div>\n<\/div>\n<\/div>\n<\/div>\n<\/div>\n<\/div>\n<\/div>\n<\/div>\n<\/div>\n<\/div>\n<\/div>\n<\/div>\n<\/div>\n<\/div>\n<\/div>\n<\/div>\n<\/div>\n<\/div>\n<\/div>\n<\/div>\n<\/div>\n<\/div>\n<\/div>\n<\/div>\n<\/div>\n<\/div>\n<\/div>\n<\/div>\n<\/div>\n<\/div>\n<\/div>\n<\/div>\n<\/div>\n<\/div>\n<\/div>\n<\/div>\n<\/div>\n<\/div>\n<\/div>\n<\/div>\n<\/div>\n<\/div>\n<\/div>\n<\/div>\n<\/div>\n<\/div>\n<\/div>\n<\/div>\n<\/div>\n<\/div>\n<\/div>\n<\/div>\n<\/div>\n<\/div>\n<\/div>\n<\/div>\n<\/div>\n<\/div>\n<\/div>\n<\/div>\n<\/div>\n<\/div>\n<\/div>\n<\/div>\n<\/div>\n<\/div>\n<\/div>\n<\/div>\n<\/div>\n<\/div>\n<\/div>\n<\/div>\n<\/div>\n<\/div>\n<\/div>\n<\/div>\n<\/div>\n<\/div>\n<\/div>\n<\/div>\n<\/div>\n<\/div>\n<\/div>\n<\/div>\n<\/div>\n<\/div>\n<\/div>\n<\/div>\n<\/div>\n<\/div>\n<\/div>\n<\/div>\n<\/div>\n<\/div>\n<\/div>\n<\/div>\n<\/div>\n<\/div>\n<\/div>\n<\/div>\n<\/div>\n<\/div>\n<\/div>\n<\/div>\n<\/div>\n<\/div>\n<\/div>\n<\/div>\n<\/div>\n<\/div>\n<\/div>\n<\/div>\n<\/div>\n<\/div>\n<\/div>\n<\/div>\n<\/div>\n<\/div>\n<\/div>\n<\/div>\n<\/div>\n<\/div>\n<\/div>\n<\/div>\n<\/div>\n<\/div>\n<\/div>\n<\/div>\n<\/div>\n<\/div>\n<\/div>\n<\/div>\n<\/div>\n<\/div>\n<\/div>\n<\/div>\n<\/div>\n<\/div>\n<\/div>\n<\/div>\n<\/div>\n<\/div>\n<\/div>\n<\/div>\n<\/div>\n<\/div>\n<\/div>\n<\/div>\n<\/div>\n<\/div>\n<\/div>\n<\/div>\n<\/div>\n<\/div>\n<\/div>\n<\/div>\n<\/div>\n<\/div>\n<\/div>\n<\/div>\n<\/div>\n<\/div>\n<\/div>\n<\/div>\n<\/div>\n<\/div>\n<\/div>\n<\/div>\n<\/div>\n<\/div>\n<\/div>\n<\/div>\n<\/div>\n<\/div>\n<\/div>\n<\/div>\n<\/div>\n<\/div>\n<\/div>\n<\/div>\n<\/div>\n<\/div>\n<\/div>\n<\/div>\n<\/div>\n<\/div>\n<\/div>\n<\/div>\n<\/div>\n<\/div>\n<\/div>\n<\/div>\n<\/div>\n<\/div>\n<\/div>\n<\/div>\n<\/div>\n<\/div>\n<\/div>\n<\/div>\n<\/div>\n<\/div>\n<\/div>\n<\/div>\n<\/div>\n<\/div>\n<\/div>\n<\/div>\n<\/div>\n<\/div>\n<\/div>\n<\/div>\n<\/div>\n<\/div>\n<\/div>\n<\/div>\n<\/div>\n<\/div>\n<\/div>\n<\/div>\n<\/div>\n<\/div>\n<\/div>\n<\/div>\n<\/div>\n<\/div>\n<\/div>\n<\/div>\n<\/div>\n<div style=\"text-align: left;\">\n<p><strong>\u00a0\u00a0<\/strong><\/p>\n<p><center><b>Martedi 12<\/b><\/center><b>Tempo atteso: <\/b>Tempo estivo, al mattino stabile e soleggiato soprattutto sulle Dolomiti con cielo generalmente poco nuvoloso, in alcune valli prealpine momentaneamente parzialmente soleggiato per nubi basse nelle ore pi\u00f9 fredde. Nelle ore pi\u00f9 calde probabili addensamenti cumuliformi, specie lungo i pendii dei rilievi, ma con scarsi fenomeni, che saranno perlopi\u00f9 brevi e sporadici.<br \/>\n<b>Precipitazioni: <\/b>Assenti (0%) al mattino; probabilit\u00e0 bassa (5-25%) di qualche rovescio o temporale nel pomeriggio\/sera.<br \/>\n<b>Temperature: <\/b>Perlopi\u00f9 stazionarie o in lieve calo e ancora prossime alla norma. Su Prealpi a 1500 m min 10\u00b0, max 16\u00b0; a 2000 m min 8\u00b0, max 14\u00b0. Su Dolomiti a 2000 m min 7\u00b0, max 16\u00b0; a 3000 m min 1\u00b0, max 5\u00b0C.<br \/>\n<b>Venti: <\/b>Nelle valli deboli al mattino in moderato rinforzo per brezze dalle ore centrali, in alta montagna in genere deboli o moderati, anche tesi sulle vette dolomitiche ancora da nord-ovest, a 5-15 km\/h a 2000 m e a 25-35 km\/h a 3000 m.<\/p>\n<hr \/>\n<p><center><b>Mercoledi 13<\/b><\/center><b>Tempo atteso: <\/b>Giornata tipicamente estiva e un po&#8217; pi\u00f9 calda rispetto ai giorni precedenti specie nelle ore diurne e in quota; soleggiato al mattino pi\u00f9 variabile con schiarite e annuvolamenti specie dalle ore centrali.<br \/>\n<b>Precipitazioni: <\/b>Assenti (0%).<br \/>\n<b>Temperature: <\/b>Minime ancora senza variazioni di rilievo, massime in aumento anche sensibile, soprattutto in alta montagna, con elevata escursione termica giornaliera e valori che inizieranno a portarsi al di sopra della norma; previste punte massime tra i 30\u00b0 e i 33\u00b0 nelle basse conche prealpine e tra i 26\u00b0 e i 29\u00b0C a quote comprese tra gli 800 e i 1200 m slm. Su Prealpi a 1500 m min 11\u00b0, max 20\u00b0; a 2000 m min 8\u00b0, max 17\u00b0. Su Dolomiti a 2000 m min 7\u00b0, max 19\u00b0; a 3000 m min 2\u00b0, max 9\u00b0C.<br \/>\n<b>Venti: <\/b>Nelle valli deboli al mattino in moderato rinforzo per brezze dalle ore centrali, in quota deboli o moderati da nord, nord ovest, a 10-20 km\/h a 2000 m e a 20-25 km\/h a 3000 m.<\/p>\n<hr \/>\n<p><center><b>Giovedi 14<\/b><\/center>Giornata soleggiata, specie al mattino, e pi\u00f9 calda dei giorni precedenti; nel pomeriggio pi\u00f9 nuvolosa e non si esclude qualche precipitazione da locale a sparsa, anche a carattere di rovescio o temporale. Temperature in aumento specie le minime con valori superiori alla norma. Venti in quota deboli o moderati dai quadranti occidentali.<\/p>\n<hr \/>\n<p><center><b>Venerdi 15<\/b><\/center>Giornata variabile e piuttosto calda rispetto alla norma, con tempo soleggiato e stabile al mattino, variabile nelle ore pi\u00f9 calde con addensamenti anche consistenti nel corso del pomeriggio, associati a possibili precipitazioni sparse anche a carattere di rovescio o di temporale nel corso del pomeriggio\/sera. Schiarite nella notte. Temperature in ulteriore lieve aumento. Venti in quota in prevalenza moderati ancora occidentali. Previsore: M.Padoan<\/p>\n<p>&nbsp;<\/p>\n<\/div>\n<hr \/>\n<p>&nbsp;<\/p>\n<p>&nbsp;<\/p>\n<p><a href=\"https:\/\/www.radiopiu.net\/wordpress\/giornale-radiopiu-26-settembre-2018-direttore-mirko-mezzacasa\/viabilita-2\/\" rel=\"attachment wp-att-61954\"><img loading=\"lazy\" decoding=\"async\" class=\"aligncenter wp-image-61954 size-full\" src=\"https:\/\/www.radiopiu.net\/wordpress\/wp-content\/uploads\/2018\/09\/viabilita.jpeg\" sizes=\"auto, (max-width: 800px) 100vw, 800px\" srcset=\"https:\/\/www.radiopiu.net\/wordpress\/wp-content\/uploads\/2018\/09\/viabilita.jpeg 800w, https:\/\/www.radiopiu.net\/wordpress\/wp-content\/uploads\/2018\/09\/viabilita-300x38.jpeg 300w, https:\/\/www.radiopiu.net\/wordpress\/wp-content\/uploads\/2018\/09\/viabilita-768x96.jpeg 768w\" alt=\"\" width=\"800\" height=\"100\" \/><\/a><\/p>\n<p>&nbsp;<\/p>\n<blockquote class=\"wp-embedded-content\" data-secret=\"UKqhFSgfd4\"><p><a href=\"https:\/\/www.radiopiu.net\/wordpress\/viabilita\/\">viabilita<\/a><\/p><\/blockquote>\n<p><iframe loading=\"lazy\" class=\"wp-embedded-content\" sandbox=\"allow-scripts\" security=\"restricted\" style=\"position: absolute; clip: rect(1px, 1px, 1px, 1px);\" title=\"&#8220;viabilita&#8221; &#8212; Radio Pi\u00f9\" src=\"https:\/\/www.radiopiu.net\/wordpress\/viabilita\/embed\/#?secret=xDjGjcupBt#?secret=UKqhFSgfd4\" data-secret=\"UKqhFSgfd4\" width=\"600\" height=\"338\" frameborder=\"0\" marginwidth=\"0\" marginheight=\"0\" scrolling=\"no\"><\/iframe><\/p>\n<p>&nbsp;<\/p>\n<hr \/>\n<p>&nbsp;<\/p>\n<p>&nbsp;<\/p>\n<p><img loading=\"lazy\" decoding=\"async\" class=\"wp-image-60761 size-full aligncenter\" src=\"https:\/\/www.radiopiu.net\/wordpress\/wp-content\/uploads\/2018\/09\/sport.jpg\" alt=\"\" width=\"800\" height=\"100\" srcset=\"https:\/\/www.radiopiu.net\/wordpress\/wp-content\/uploads\/2018\/09\/sport.jpg 800w, https:\/\/www.radiopiu.net\/wordpress\/wp-content\/uploads\/2018\/09\/sport-300x38.jpg 300w, https:\/\/www.radiopiu.net\/wordpress\/wp-content\/uploads\/2018\/09\/sport-768x96.jpg 768w\" sizes=\"auto, (max-width: 800px) 100vw, 800px\" \/><\/p>\n<p>&nbsp;<\/p>\n<p><span style=\"color: #0000ff;\"><strong>CALCIO<\/strong><\/span><\/p>\n<blockquote>\n<h3>IL CAMPIONATO AGORDINO DI CALCIO ESPRIME I PRIMI VERDETTI<\/h3>\n<\/blockquote>\n<p><strong><a class=\"dt-pswp-item\" href=\"https:\/\/www.radiopiu.net\/wordpress\/wp-content\/uploads\/2022\/03\/CALCIO-2022.jpg\" data-dt-img-description=\"\" data-large_image_width=\"1920\" data-large_image_height=\"1281\"><img loading=\"lazy\" decoding=\"async\" class=\"size-thumbnail wp-image-265514 alignleft\" src=\"https:\/\/www.radiopiu.net\/wordpress\/wp-content\/uploads\/2022\/03\/CALCIO-2022-150x150.jpg\" alt=\"\" width=\"150\" height=\"150\" \/><\/a>REDAZIONE<\/strong> Si \u00e8 concluso domenica sera il quinto fine settimana calcistico dedicato al Memorial Denis Tonin. Con le partite giocate nel weekend si hanno gi\u00e0 i primi verdetti del campionato. Il Voltago, matematicamente ai quarti dalla scorsa settimana, \u00e8 in buona compagnia, infatti il Canale con i suoi 7 punti in classifica si \u00e8 aggiudicato la fase finale del torneo con una settimana d&#8217;anticipo. Nel girone A \u00e8 lotta aperta per la qualificazione tra Taibon, Gosaldo, Le Ville, Vallada, Agordo 2009 e La Valle. I lavallesi sono costretti a vincere le prossime due partite per sperare in una qualificazione ma l&#8217;obbiettivo \u00e8 lontanissimo. Solo qualche passo falso delle dirette avversarie consentirebbe a Dedo e compagni di accedere alla fase finale del torneo. Nel girone B l&#8217;Alleghe ha perso le speranze di qualificarsi dopo la sconfitta con il Rivamonte ed \u00e8 l&#8217;unica squadra ad abbandonare anzitempo il torneo. Caprile, Fodom, Cencenighe e Rivamonte si giocheranno la stagione nell&#8217;ultima giornata in programma domenica prossima.<\/p>\n<p>&nbsp;<\/p>\n<h2><span style=\"color: #008000;\"><a class=\"dt-pswp-item\" href=\"https:\/\/www.radiopiu.net\/wordpress\/wp-content\/uploads\/2019\/01\/CALCIO-FALLO.jpeg\" data-dt-img-description=\"\" data-large_image_width=\"1600\" data-large_image_height=\"848\"><img loading=\"lazy\" decoding=\"async\" class=\" wp-image-71538 alignleft\" src=\"https:\/\/www.radiopiu.net\/wordpress\/wp-content\/uploads\/2019\/01\/CALCIO-FALLO-150x150.jpeg\" alt=\"\" width=\"74\" height=\"74\" \/><\/a>SPECIALE CAMPIONATO AGORDINO<\/span><\/h2>\n<p><strong>\u00a0<\/strong><\/p>\n<p><strong>\u00a0<\/strong><\/p>\n<p><strong>RIASCOLTA OTTANTESIMO MINUTO &#8211; QUINTA PUNTATA<\/strong><\/p>\n<audio class=\"wp-audio-shortcode\" id=\"audio-286459-12\" preload=\"none\" style=\"width: 100%;\" controls=\"controls\"><source type=\"audio\/mpeg\" src=\"https:\/\/www.radiopiu.net\/wordpress\/wp-content\/uploads\/2022\/07\/80MIN.mp3?_=12\" \/><a href=\"https:\/\/www.radiopiu.net\/wordpress\/wp-content\/uploads\/2022\/07\/80MIN.mp3\">https:\/\/www.radiopiu.net\/wordpress\/wp-content\/uploads\/2022\/07\/80MIN.mp3<\/a><\/audio>\n<p>&nbsp;<\/p>\n<p><strong>RIASCOLTA CAMPIONATO AGORDINO SHOW &#8211; QUINTA PUNTATA (LA SINTESI)<\/strong><\/p>\n<audio class=\"wp-audio-shortcode\" id=\"audio-286459-13\" preload=\"none\" style=\"width: 100%;\" controls=\"controls\"><source type=\"audio\/mpeg\" src=\"https:\/\/www.radiopiu.net\/wordpress\/wp-content\/uploads\/2022\/07\/AGOS-1.mp3?_=13\" \/><a href=\"https:\/\/www.radiopiu.net\/wordpress\/wp-content\/uploads\/2022\/07\/AGOS-1.mp3\">https:\/\/www.radiopiu.net\/wordpress\/wp-content\/uploads\/2022\/07\/AGOS-1.mp3<\/a><\/audio>\n<p>&nbsp;<\/p>\n<hr \/>\n<p>&nbsp;<\/p>\n<p><span style=\"color: #0000ff;\"><strong>NUOTO<\/strong><\/span><\/p>\n<blockquote>\n<h3 class=\"entry-title\">ELEONORA DAL PAOS TERZA AI CAMPIONATI ITALIANI FINP<\/h3>\n<\/blockquote>\n<p><strong class=\"photoswipe-wrapper\"><a class=\"dt-pswp-item pspw-wrap-ready\" href=\"https:\/\/www.radiopiu.net\/wordpress\/wp-content\/uploads\/2022\/07\/Silvia_Casagrande_ed_Eleonora_Dal_Paos_2.jpg\" data-dt-img-description=\"\" data-large_image_width=\"1743\" data-large_image_height=\"946\"><img loading=\"lazy\" decoding=\"async\" class=\"size-thumbnail wp-image-286469 alignleft\" src=\"https:\/\/www.radiopiu.net\/wordpress\/wp-content\/uploads\/2022\/07\/Silvia_Casagrande_ed_Eleonora_Dal_Paos_2-150x150.jpg\" alt=\"\" width=\"150\" height=\"150\" \/><\/a>BELLUNO<\/strong>\u00a0Eleonora Dal Paos nuota in un\u2019acqua dipinta di tricolore. O meglio, a dipingerla \u00e8 stata lei. A suon di bracciate, di sacrifici, di impegno. Perch\u00e9 l\u2019atleta della Sportivamente Belluno si \u00e8 classificata al terzo posto, nei 100 stile libero (categoria S4), in quella che \u00e8 la massima competizione a livello nazionale per il nuoto paralimpico: i Campionati italiani assoluti estivi, andati in scena lo scorso fine settimana a Napoli, sotto l\u2019egida della Finp. In un contesto arricchito da 241 atleti (19 dei quali legati alla Nazionale azzurra) e in rappresentanza di 68 societ\u00e0 provenienti da ogni angolo del Paese, Dal Paos ha avuto il merito di ritagliarsi un ruolo da protagonista e, nella sua specialit\u00e0, \u00e8 riuscita a fermare il cronometro sul tempo di 3\u201903\u201d09 (sensibile il miglioramento rispetto agli Italiani invernali di Lignano). Per la soddisfazione del tecnico Silvia Casagrande: \u00abEleonora ha conquistato un ottimo risultato, sono orgogliosa di lei e del suo costante impegno\u00bb. Era l\u2019ultima gara stagionale: \u00abS\u00ec, di un\u2019annata iniziata con grande entusiasmo e convinzione e che ha permesso di raccogliere frutti importanti\u00bb. Il terzo posto tricolore di Eleonora Dal Paos riempie d\u2019orgoglio tutta la Sportivamente Belluno: \u00abQuando siamo partite un po\u2019 ci speravo \u2013 sorride Casagrande \u2013 e, alla fine, vedere il risultato \u00e8 stato davvero emozionante\u00bb. Rimanendo in ambito paralimpico, Nicol\u00f2 Pierni ha partecipato alla manifestazione \u201cNuotiamo insieme\u201d di Caorle, sulla distanza del miglio. Era la sua prima gara in acque libere e Nicol\u00f2 l\u2019ha interpretata in maniera pi\u00f9 che egregia: un significativo punto d\u2019arrivo? No, semmai di partenza.<\/p>\n<\/div>\n<\/div>\n<\/div>\n<\/div>\n<\/div>\n<\/div>\n<\/div>\n<\/div>\n<\/div>\n<\/div>\n<\/div>\n<\/div>\n<\/div>\n<\/div>\n<\/div>\n<\/div>\n<\/div>\n<\/div>\n<\/div>\n<\/div>\n<\/div>\n<\/div>\n<\/div>\n<\/div>\n<\/div>\n<\/div>\n<\/div>\n<\/div>\n<\/div>\n<\/div>\n<\/div>\n<\/div>\n<\/div>\n<\/div>\n<\/div>\n<\/div>\n<\/div>\n<\/div>\n<\/div>\n<\/div>\n<\/div>\n<\/div>\n<\/div>\n<\/div>\n<\/div>\n<\/div>\n<\/div>\n<\/div>\n<\/div>\n<\/div>\n<\/div>\n<\/div>\n<\/div>\n<\/div>\n<\/div>\n<\/div>\n<\/div>\n<\/div>\n<\/div>\n<\/div>\n<\/div>\n<\/div>\n<\/div>\n<\/div>\n<\/div>\n<\/div>\n<\/div>\n<\/div>\n<\/div>\n<\/div>\n<\/div>\n<\/div>\n<\/div>\n<\/div>\n<\/div>\n<\/div>\n<\/div>\n<\/div>\n<\/div>\n<\/div>\n<\/div>\n<\/div>\n<\/div>\n<\/div>\n<\/div>\n<\/div>\n<\/div>\n<\/div>\n<\/div>\n<\/div>\n<\/div>\n<\/div>\n<\/div>\n<\/div>\n<\/div>\n<\/div>\n<\/div>\n<\/div>\n<\/div>\n<\/div>\n<\/div>\n<\/div>\n<\/div>\n<\/div>\n<\/div>\n","protected":false},"excerpt":{"rendered":"<p>RADIO PIU INFORMAZIONE il canale su TELEGRAM informazione di prima\u00a0 mano e in tempo reale. iscriviti ed aiutaci a farlo conoscere\u00a0 &nbsp; &nbsp; &nbsp; GALLERIA DI SEGUSINO CHIUSA PER 4 MESI \u00a0 SEDICO Veneto Strade comunica che sulla SP 1 Bis &#8220;Madonna del Piave&#8221;, dal 12 luglio e fino al 4 novembre, compresi sabati domeniche&hellip;<\/p>\n","protected":false},"author":4,"featured_media":286626,"comment_status":"closed","ping_status":"closed","sticky":false,"template":"","format":"standard","meta":{"_monsterinsights_skip_tracking":false,"_monsterinsights_sitenote_active":false,"_monsterinsights_sitenote_note":"","_monsterinsights_sitenote_category":0,"footnotes":""},"categories":[104,86,49],"tags":[],"class_list":["post-286459","post","type-post","status-publish","format-standard","has-post-thumbnail","hentry","category-evidenza_3","category-gr","category-news-18","category-104","category-86","category-49","description-off"],"img_url":"https:\/\/www.radiopiu.net\/wordpress\/wp-content\/uploads\/2022\/07\/aaa-1.jpg","_links":{"self":[{"href":"https:\/\/www.radiopiu.net\/wordpress\/wp-json\/wp\/v2\/posts\/286459","targetHints":{"allow":["GET"]}}],"collection":[{"href":"https:\/\/www.radiopiu.net\/wordpress\/wp-json\/wp\/v2\/posts"}],"about":[{"href":"https:\/\/www.radiopiu.net\/wordpress\/wp-json\/wp\/v2\/types\/post"}],"author":[{"embeddable":true,"href":"https:\/\/www.radiopiu.net\/wordpress\/wp-json\/wp\/v2\/users\/4"}],"replies":[{"embeddable":true,"href":"https:\/\/www.radiopiu.net\/wordpress\/wp-json\/wp\/v2\/comments?post=286459"}],"version-history":[{"count":0,"href":"https:\/\/www.radiopiu.net\/wordpress\/wp-json\/wp\/v2\/posts\/286459\/revisions"}],"wp:featuredmedia":[{"embeddable":true,"href":"https:\/\/www.radiopiu.net\/wordpress\/wp-json\/wp\/v2\/media\/286626"}],"wp:attachment":[{"href":"https:\/\/www.radiopiu.net\/wordpress\/wp-json\/wp\/v2\/media?parent=286459"}],"wp:term":[{"taxonomy":"category","embeddable":true,"href":"https:\/\/www.radiopiu.net\/wordpress\/wp-json\/wp\/v2\/categories?post=286459"},{"taxonomy":"post_tag","embeddable":true,"href":"https:\/\/www.radiopiu.net\/wordpress\/wp-json\/wp\/v2\/tags?post=286459"}],"curies":[{"name":"wp","href":"https:\/\/api.w.org\/{rel}","templated":true}]}}