{"id":286518,"date":"2022-07-11T13:09:49","date_gmt":"2022-07-11T11:09:49","guid":{"rendered":"https:\/\/www.radiopiu.net\/wordpress\/?p=286518"},"modified":"2022-07-11T13:09:49","modified_gmt":"2022-07-11T11:09:49","slug":"quarantanni-fa-litalia-vinceva-il-suo-terzo-mondiale-il-ricordo-di-claudio-pra","status":"publish","type":"post","link":"https:\/\/www.radiopiu.net\/wordpress\/quarantanni-fa-litalia-vinceva-il-suo-terzo-mondiale-il-ricordo-di-claudio-pra\/","title":{"rendered":"QUARANT&#8217;ANNI FA L&#8217;ITALIA VINCEVA IL SUO TERZO MONDIALE&#8230;IL RICORDO DI CLAUDIO PRA"},"content":{"rendered":"<p><strong><a class=\"dt-pswp-item\" href=\"https:\/\/www.radiopiu.net\/wordpress\/wp-content\/uploads\/2022\/07\/c28a9293-7537-410b-9db8-1a954e461abf.jpg\" data-dt-img-description=\"\" data-large_image_width=\"920\" data-large_image_height=\"1258\"><img loading=\"lazy\" decoding=\"async\" class=\"size-thumbnail wp-image-286521 alignleft\" src=\"https:\/\/www.radiopiu.net\/wordpress\/wp-content\/uploads\/2022\/07\/c28a9293-7537-410b-9db8-1a954e461abf-150x150.jpg\" alt=\"\" width=\"150\" height=\"150\" \/><\/a>di Claudio Pra<\/strong><\/p>\n<p>Avevo quasi 17 anni quell&#8217;11 luglio del 1982. Dopo una pessima fase a gironi e le seguenti esaltanti partite eravamo in finale dove sconfiggemmo la Germania 3 a 1. Vidi la partita con degli amici ed alla fine festeggiammo salendo sul cassone di un trattore strapieno che fece il giro di Cencenighe spingendosi poi fino a Canale. N\u00e9 il mondiale del 2006 n\u00e9 l&#8217;europeo del 2021 mi hanno fatto rivivere le sensazioni di quell&#8217;epoca, dove eccezionalmente solo al mondiale e all&#8217;europeo la numerazione andava dal numero 1 al 22 mentre in tutti gli altri casi, chi giovava dall&#8217;inizio, aveva un numero che andava dall&#8217;1 all&#8217;11 e ad ogni numero corrispondeva quasi sempre un ruolo (il 3 era il terzino sinistro, il 6 il libero, il 9 era il centravanti, il 10 la mezzana creativa&#8230;). Dopo un gol i calciatori esultavano alzando semplicemente le braccia, al limite correndo in curva (a Roma ci si metteva un quarto d&#8217;ora a riprendere il gioco&#8230;). L&#8217;attuale Champion League si chiamava Coppa dei Campioni e vi partecipavano le sole squadre vincitrici dei campionati nazionali europei. C&#8217;era pure la Coppa delle Coppe, riservata alle vincitrici delle coppe nazionali ed infine la Coppa UEFA, difficilissima, dove potevi trovare pi\u00f9 squadre inglesi, tedesche, spagnole&#8230;Le trasmissioni mostravano immagini anzich\u00e9 perdersi in sterili dibattiti, le rose comprendevano si \u00e8 no 20 giocatori quasi tutti italiani, le maglie delle squadre erano quelle storicamente tradizionali. Nel campionato di serie A c&#8217;erano 16 squadre e le coppe internazionali prevedevano meno partite, cosi c&#8217;era il tempo di allenarsi e di rifiatare. In campionato trovavi l&#8217;Ascoli, l&#8217;Avellino il Catanzaro ed il Pisa e giocarci contro in trasferta non era affatto semplice. Gli arbitri avevano la storica divisa nera. L&#8217;ltalia era l&#8217;Eldorado del calcio, come adesso lo \u00e8 l&#8217;Inghilterra.<\/p>\n<p><iframe loading=\"lazy\" title=\"Italy 3 x 1 Germany \u25cf 1982 World Cup Final Extended Goals &amp; Highlights HD\" width=\"1200\" height=\"675\" src=\"https:\/\/www.youtube.com\/embed\/vIqhb-JZdR8?feature=oembed\" frameborder=\"0\" allow=\"accelerometer; autoplay; clipboard-write; encrypted-media; gyroscope; picture-in-picture\" allowfullscreen><\/iframe><\/p>\n<p>&nbsp;<\/p>\n<p>&nbsp;<\/p>\n<p>*****<\/p>\n","protected":false},"excerpt":{"rendered":"<p>di Claudio Pra Avevo quasi 17 anni quell&#8217;11 luglio del 1982. Dopo una pessima fase a gironi e le seguenti esaltanti partite eravamo in finale dove sconfiggemmo la Germania 3 a 1. Vidi la partita con degli amici ed alla fine festeggiammo salendo sul cassone di un trattore strapieno che fece il giro di Cencenighe&hellip;<\/p>\n","protected":false},"author":4,"featured_media":286522,"comment_status":"closed","ping_status":"closed","sticky":false,"template":"","format":"standard","meta":{"_monsterinsights_skip_tracking":false,"_monsterinsights_sitenote_active":false,"_monsterinsights_sitenote_note":"","_monsterinsights_sitenote_category":0,"footnotes":""},"categories":[49],"tags":[],"class_list":["post-286518","post","type-post","status-publish","format-standard","has-post-thumbnail","hentry","category-news-18","category-49","description-off"],"img_url":"https:\/\/www.radiopiu.net\/wordpress\/wp-content\/uploads\/2022\/07\/Schermata-2022-07-11-alle-13.05.05.png","_links":{"self":[{"href":"https:\/\/www.radiopiu.net\/wordpress\/wp-json\/wp\/v2\/posts\/286518","targetHints":{"allow":["GET"]}}],"collection":[{"href":"https:\/\/www.radiopiu.net\/wordpress\/wp-json\/wp\/v2\/posts"}],"about":[{"href":"https:\/\/www.radiopiu.net\/wordpress\/wp-json\/wp\/v2\/types\/post"}],"author":[{"embeddable":true,"href":"https:\/\/www.radiopiu.net\/wordpress\/wp-json\/wp\/v2\/users\/4"}],"replies":[{"embeddable":true,"href":"https:\/\/www.radiopiu.net\/wordpress\/wp-json\/wp\/v2\/comments?post=286518"}],"version-history":[{"count":0,"href":"https:\/\/www.radiopiu.net\/wordpress\/wp-json\/wp\/v2\/posts\/286518\/revisions"}],"wp:featuredmedia":[{"embeddable":true,"href":"https:\/\/www.radiopiu.net\/wordpress\/wp-json\/wp\/v2\/media\/286522"}],"wp:attachment":[{"href":"https:\/\/www.radiopiu.net\/wordpress\/wp-json\/wp\/v2\/media?parent=286518"}],"wp:term":[{"taxonomy":"category","embeddable":true,"href":"https:\/\/www.radiopiu.net\/wordpress\/wp-json\/wp\/v2\/categories?post=286518"},{"taxonomy":"post_tag","embeddable":true,"href":"https:\/\/www.radiopiu.net\/wordpress\/wp-json\/wp\/v2\/tags?post=286518"}],"curies":[{"name":"wp","href":"https:\/\/api.w.org\/{rel}","templated":true}]}}